{"id":29654,"date":"2014-04-28T03:00:32","date_gmt":"2014-04-28T08:00:32","guid":{"rendered":"http:\/\/akunq.net\/tr\/?p=29654"},"modified":"2014-04-28T03:00:32","modified_gmt":"2014-04-28T08:00:32","slug":"avrupa-irkcilik-karsitlari-hareketi-egam-bugun-hangi-ermeni-soykirimi-inkar-eden-bir-ulkenin-yurttasligini-kabul-eder","status":"publish","type":"post","link":"https:\/\/akunq.net\/turkish\/2014\/04\/28\/avrupa-irkcilik-karsitlari-hareketi-egam-bugun-hangi-ermeni-soykirimi-inkar-eden-bir-ulkenin-yurttasligini-kabul-eder\/","title":{"rendered":"Avrupa Irk\u00e7\u0131l\u0131k Kar\u015f\u0131tlar\u0131 Hareketi EGAM: Bug\u00fcn hangi Ermeni, Soyk\u0131r\u0131m\u0131 inkar eden bir \u00fclkenin yurtta\u015fl\u0131\u011f\u0131n\u0131 kabul eder?"},"content":{"rendered":"<p style=\"text-align: justify\"><b><i><a href=\"http:\/\/akunq.net\/tr\/?attachment_id=29655\" rel=\"attachment wp-att-29655\"><img loading=\"lazy\" decoding=\"async\" class=\"alignright size-medium wp-image-29655\" alt=\"Benjamin Abtan\" src=\"http:\/\/akunq.net\/tr\/wp-content\/uploads\/2014\/04\/Benjamin-Abtan-300x224.jpg\" width=\"300\" height=\"224\" \/><\/a>Soyk\u0131r\u0131m\u0131 resmen inkar eden bir \u00fclkede Ermenilere yutta\u015fl\u0131k \u00f6nermenin ne anlam ifade etti\u011fini anlamak g\u00fc\u00e7. A\u00e7\u0131klama 26 Nisan\u2019da d\u00fczenlenen bas\u0131n toplant\u0131s\u0131nda, Soyk\u0131r\u0131m kurbalar\u0131 varislerine T\u00fcrkiye\u2019nin yurtta\u015fl\u0131k vermeye haz\u0131r oldu\u011fu konusuna de\u011finen,\u00a0Avrupa Irk\u00e7\u0131l\u0131k Kar\u015f\u0131tlar\u0131 Taban \u00d6rg\u00fctleri Hareketi Ba\u015fkan\u0131 (EGAM) Benjamin Abtan\u2019dan geldi. <\/i><\/b><\/p>\n<p style=\"text-align: justify\">Benjamin Abtan, bug\u00fcn hangi Ermeninin yakla\u015f\u0131k 100 y\u0131l Soyk\u0131r\u0131m ger\u00e7e\u011fini inkar eden bir \u00fclkenin yurtta\u015fl\u0131\u011f\u0131n\u0131 kabul edece\u011fi y\u00f6n\u00fcnde sorun oldu\u011funu ifade etti.\u00a0<\/p>\n<p style=\"text-align: justify\">T\u00fcrkiye ba\u015fbakan\u0131 Recep T. Erdo\u011fan gibi bu \u00fclkenin D\u0131\u015fi\u015fleri bakan\u0131n\u0131n a\u00e7\u0131klamalar\u0131n\u0131n, sadece\u00a0bunlar\u0131n mant\u0131ki devam\u0131 durumunda anlam kazanabilece\u011fini kaydeden Abtan \u2033Biz bu devam\u0131 bekliyoruz\u2033 dedi.<\/p>\n<p style=\"text-align: justify\"><b><i>http:\/\/news.am\/tur\/news\/206432.html<\/i><\/b><\/p>\n","protected":false},"excerpt":{"rendered":"<p>Soyk\u0131r\u0131m\u0131 resmen inkar eden bir \u00fclkede Ermenilere yutta\u015fl\u0131k \u00f6nermenin ne anlam ifade etti\u011fini anlamak g\u00fc\u00e7. A\u00e7\u0131klama 26 Nisan\u2019da d\u00fczenlenen bas\u0131n toplant\u0131s\u0131nda, Soyk\u0131r\u0131m kurbalar\u0131 varislerine T\u00fcrkiye\u2019nin yurtta\u015fl\u0131k vermeye haz\u0131r oldu\u011fu konusuna de\u011finen,\u00a0Avrupa Irk\u00e7\u0131l\u0131k Kar\u015f\u0131tlar\u0131 Taban \u00d6rg\u00fctleri Hareketi Ba\u015fkan\u0131 (EGAM) Benjamin Abtan\u2019dan geldi. Benjamin Abtan, bug\u00fcn hangi Ermeninin yakla\u015f\u0131k 100 y\u0131l Soyk\u0131r\u0131m ger\u00e7e\u011fini inkar eden bir \u00fclkenin [&hellip;]<\/p>\n","protected":false},"author":3,"featured_media":0,"comment_status":"open","ping_status":"open","sticky":false,"template":"","format":"standard","meta":{"footnotes":""},"categories":[6,14],"tags":[],"class_list":["post-29654","post","type-post","status-publish","format-standard","hentry","category-ermeni-soykirimi","category-haberler"],"yoast_head":"<!-- This site is optimized with the Yoast SEO plugin v27.4 - https:\/\/yoast.com\/product\/yoast-seo-wordpress\/ -->\n<title>Avrupa Irk\u00e7\u0131l\u0131k Kar\u015f\u0131tlar\u0131 Hareketi EGAM: Bug\u00fcn hangi Ermeni, Soyk\u0131r\u0131m\u0131 inkar eden bir \u00fclkenin yurtta\u015fl\u0131\u011f\u0131n\u0131 kabul eder? - Bati Ermenistan Ve Bati Ermenileri Sorunlari Ara\u015ftirmalar Merkezi<\/title>\n<meta name=\"robots\" content=\"index, follow, max-snippet:-1, max-image-preview:large, max-video-preview:-1\" \/>\n<link rel=\"canonical\" href=\"https:\/\/akunq.net\/turkish\/2014\/04\/28\/avrupa-irkcilik-karsitlari-hareketi-egam-bugun-hangi-ermeni-soykirimi-inkar-eden-bir-ulkenin-yurttasligini-kabul-eder\/\" \/>\n<meta property=\"og:locale\" content=\"en_US\" \/>\n<meta property=\"og:type\" content=\"article\" \/>\n<meta property=\"og:title\" content=\"Avrupa Irk\u00e7\u0131l\u0131k Kar\u015f\u0131tlar\u0131 Hareketi EGAM: Bug\u00fcn hangi Ermeni, Soyk\u0131r\u0131m\u0131 inkar eden bir \u00fclkenin yurtta\u015fl\u0131\u011f\u0131n\u0131 kabul eder? - Bati Ermenistan Ve Bati Ermenileri Sorunlari Ara\u015ftirmalar Merkezi\" \/>\n<meta property=\"og:description\" content=\"Soyk\u0131r\u0131m\u0131 resmen inkar eden bir \u00fclkede Ermenilere yutta\u015fl\u0131k \u00f6nermenin ne anlam ifade etti\u011fini anlamak g\u00fc\u00e7. A\u00e7\u0131klama 26 Nisan\u2019da d\u00fczenlenen bas\u0131n toplant\u0131s\u0131nda, Soyk\u0131r\u0131m kurbalar\u0131 varislerine T\u00fcrkiye\u2019nin yurtta\u015fl\u0131k vermeye haz\u0131r oldu\u011fu konusuna de\u011finen,\u00a0Avrupa Irk\u00e7\u0131l\u0131k Kar\u015f\u0131tlar\u0131 Taban \u00d6rg\u00fctleri Hareketi Ba\u015fkan\u0131 (EGAM) Benjamin Abtan\u2019dan geldi. Benjamin Abtan, bug\u00fcn hangi Ermeninin yakla\u015f\u0131k 100 y\u0131l Soyk\u0131r\u0131m ger\u00e7e\u011fini inkar eden bir \u00fclkenin [&hellip;]\" \/>\n<meta property=\"og:url\" content=\"https:\/\/akunq.net\/turkish\/2014\/04\/28\/avrupa-irkcilik-karsitlari-hareketi-egam-bugun-hangi-ermeni-soykirimi-inkar-eden-bir-ulkenin-yurttasligini-kabul-eder\/\" \/>\n<meta property=\"og:site_name\" content=\"Bati Ermenistan Ve Bati Ermenileri Sorunlari Ara\u015ftirmalar Merkezi\" \/>\n<meta property=\"article:published_time\" content=\"2014-04-28T08:00:32+00:00\" \/>\n<meta property=\"og:image\" content=\"https:\/\/akunq.net\/turkish\/wp-content\/uploads\/sites\/5\/2014\/04\/Benjamin-Abtan.jpg\" \/>\n\t<meta property=\"og:image:width\" content=\"314\" \/>\n\t<meta property=\"og:image:height\" content=\"235\" \/>\n\t<meta property=\"og:image:type\" content=\"image\/jpeg\" \/>\n<meta name=\"author\" content=\"kalem\" \/>\n<meta name=\"twitter:card\" content=\"summary_large_image\" \/>\n<meta name=\"twitter:label1\" content=\"Written by\" \/>\n\t<meta name=\"twitter:data1\" content=\"kalem\" \/>\n\t<meta name=\"twitter:label2\" content=\"Est. reading time\" \/>\n\t<meta name=\"twitter:data2\" content=\"1 minute\" \/>\n<script type=\"application\/ld+json\" class=\"yoast-schema-graph\">{\"@context\":\"https:\\\/\\\/schema.org\",\"@graph\":[{\"@type\":\"Article\",\"@id\":\"https:\\\/\\\/akunq.net\\\/turkish\\\/2014\\\/04\\\/28\\\/avrupa-irkcilik-karsitlari-hareketi-egam-bugun-hangi-ermeni-soykirimi-inkar-eden-bir-ulkenin-yurttasligini-kabul-eder\\\/#article\",\"isPartOf\":{\"@id\":\"https:\\\/\\\/akunq.net\\\/turkish\\\/2014\\\/04\\\/28\\\/avrupa-irkcilik-karsitlari-hareketi-egam-bugun-hangi-ermeni-soykirimi-inkar-eden-bir-ulkenin-yurttasligini-kabul-eder\\\/\"},\"author\":{\"name\":\"kalem\",\"@id\":\"https:\\\/\\\/akunq.net\\\/turkish\\\/#\\\/schema\\\/person\\\/135e7923d1aeb8887890799619969a6c\"},\"headline\":\"Avrupa Irk\u00e7\u0131l\u0131k Kar\u015f\u0131tlar\u0131 Hareketi EGAM: Bug\u00fcn hangi Ermeni, Soyk\u0131r\u0131m\u0131 inkar eden bir \u00fclkenin yurtta\u015fl\u0131\u011f\u0131n\u0131 kabul eder?\",\"datePublished\":\"2014-04-28T08:00:32+00:00\",\"mainEntityOfPage\":{\"@id\":\"https:\\\/\\\/akunq.net\\\/turkish\\\/2014\\\/04\\\/28\\\/avrupa-irkcilik-karsitlari-hareketi-egam-bugun-hangi-ermeni-soykirimi-inkar-eden-bir-ulkenin-yurttasligini-kabul-eder\\\/\"},\"wordCount\":169,\"commentCount\":0,\"image\":{\"@id\":\"https:\\\/\\\/akunq.net\\\/turkish\\\/2014\\\/04\\\/28\\\/avrupa-irkcilik-karsitlari-hareketi-egam-bugun-hangi-ermeni-soykirimi-inkar-eden-bir-ulkenin-yurttasligini-kabul-eder\\\/#primaryimage\"},\"thumbnailUrl\":\"http:\\\/\\\/akunq.net\\\/tr\\\/wp-content\\\/uploads\\\/2014\\\/04\\\/Benjamin-Abtan-300x224.jpg\",\"articleSection\":[\"Ermeni Soyk\u0131r\u0131m\u0131\",\"Haberler\"],\"inLanguage\":\"en-US\",\"potentialAction\":[{\"@type\":\"CommentAction\",\"name\":\"Comment\",\"target\":[\"https:\\\/\\\/akunq.net\\\/turkish\\\/2014\\\/04\\\/28\\\/avrupa-irkcilik-karsitlari-hareketi-egam-bugun-hangi-ermeni-soykirimi-inkar-eden-bir-ulkenin-yurttasligini-kabul-eder\\\/#respond\"]}]},{\"@type\":\"WebPage\",\"@id\":\"https:\\\/\\\/akunq.net\\\/turkish\\\/2014\\\/04\\\/28\\\/avrupa-irkcilik-karsitlari-hareketi-egam-bugun-hangi-ermeni-soykirimi-inkar-eden-bir-ulkenin-yurttasligini-kabul-eder\\\/\",\"url\":\"https:\\\/\\\/akunq.net\\\/turkish\\\/2014\\\/04\\\/28\\\/avrupa-irkcilik-karsitlari-hareketi-egam-bugun-hangi-ermeni-soykirimi-inkar-eden-bir-ulkenin-yurttasligini-kabul-eder\\\/\",\"name\":\"Avrupa Irk\u00e7\u0131l\u0131k Kar\u015f\u0131tlar\u0131 Hareketi EGAM: Bug\u00fcn hangi Ermeni, Soyk\u0131r\u0131m\u0131 inkar eden bir \u00fclkenin yurtta\u015fl\u0131\u011f\u0131n\u0131 kabul eder? - Bati Ermenistan Ve Bati Ermenileri Sorunlari Ara\u015ftirmalar Merkezi\",\"isPartOf\":{\"@id\":\"https:\\\/\\\/akunq.net\\\/turkish\\\/#website\"},\"primaryImageOfPage\":{\"@id\":\"https:\\\/\\\/akunq.net\\\/turkish\\\/2014\\\/04\\\/28\\\/avrupa-irkcilik-karsitlari-hareketi-egam-bugun-hangi-ermeni-soykirimi-inkar-eden-bir-ulkenin-yurttasligini-kabul-eder\\\/#primaryimage\"},\"image\":{\"@id\":\"https:\\\/\\\/akunq.net\\\/turkish\\\/2014\\\/04\\\/28\\\/avrupa-irkcilik-karsitlari-hareketi-egam-bugun-hangi-ermeni-soykirimi-inkar-eden-bir-ulkenin-yurttasligini-kabul-eder\\\/#primaryimage\"},\"thumbnailUrl\":\"http:\\\/\\\/akunq.net\\\/tr\\\/wp-content\\\/uploads\\\/2014\\\/04\\\/Benjamin-Abtan-300x224.jpg\",\"datePublished\":\"2014-04-28T08:00:32+00:00\",\"author\":{\"@id\":\"https:\\\/\\\/akunq.net\\\/turkish\\\/#\\\/schema\\\/person\\\/135e7923d1aeb8887890799619969a6c\"},\"breadcrumb\":{\"@id\":\"https:\\\/\\\/akunq.net\\\/turkish\\\/2014\\\/04\\\/28\\\/avrupa-irkcilik-karsitlari-hareketi-egam-bugun-hangi-ermeni-soykirimi-inkar-eden-bir-ulkenin-yurttasligini-kabul-eder\\\/#breadcrumb\"},\"inLanguage\":\"en-US\",\"potentialAction\":[{\"@type\":\"ReadAction\",\"target\":[\"https:\\\/\\\/akunq.net\\\/turkish\\\/2014\\\/04\\\/28\\\/avrupa-irkcilik-karsitlari-hareketi-egam-bugun-hangi-ermeni-soykirimi-inkar-eden-bir-ulkenin-yurttasligini-kabul-eder\\\/\"]}]},{\"@type\":\"ImageObject\",\"inLanguage\":\"en-US\",\"@id\":\"https:\\\/\\\/akunq.net\\\/turkish\\\/2014\\\/04\\\/28\\\/avrupa-irkcilik-karsitlari-hareketi-egam-bugun-hangi-ermeni-soykirimi-inkar-eden-bir-ulkenin-yurttasligini-kabul-eder\\\/#primaryimage\",\"url\":\"http:\\\/\\\/akunq.net\\\/tr\\\/wp-content\\\/uploads\\\/2014\\\/04\\\/Benjamin-Abtan-300x224.jpg\",\"contentUrl\":\"http:\\\/\\\/akunq.net\\\/tr\\\/wp-content\\\/uploads\\\/2014\\\/04\\\/Benjamin-Abtan-300x224.jpg\"},{\"@type\":\"BreadcrumbList\",\"@id\":\"https:\\\/\\\/akunq.net\\\/turkish\\\/2014\\\/04\\\/28\\\/avrupa-irkcilik-karsitlari-hareketi-egam-bugun-hangi-ermeni-soykirimi-inkar-eden-bir-ulkenin-yurttasligini-kabul-eder\\\/#breadcrumb\",\"itemListElement\":[{\"@type\":\"ListItem\",\"position\":1,\"name\":\"Home\",\"item\":\"https:\\\/\\\/akunq.net\\\/turkish\\\/\"},{\"@type\":\"ListItem\",\"position\":2,\"name\":\"Avrupa Irk\u00e7\u0131l\u0131k Kar\u015f\u0131tlar\u0131 Hareketi EGAM: Bug\u00fcn hangi Ermeni, Soyk\u0131r\u0131m\u0131 inkar eden bir \u00fclkenin yurtta\u015fl\u0131\u011f\u0131n\u0131 kabul eder?\"}]},{\"@type\":\"WebSite\",\"@id\":\"https:\\\/\\\/akunq.net\\\/turkish\\\/#website\",\"url\":\"https:\\\/\\\/akunq.net\\\/turkish\\\/\",\"name\":\"Bati Ermenistan Ve Bati Ermenileri Sorunlari Ara\u015ftirmalar Merkezi\",\"description\":\"\",\"potentialAction\":[{\"@type\":\"SearchAction\",\"target\":{\"@type\":\"EntryPoint\",\"urlTemplate\":\"https:\\\/\\\/akunq.net\\\/turkish\\\/?s={search_term_string}\"},\"query-input\":{\"@type\":\"PropertyValueSpecification\",\"valueRequired\":true,\"valueName\":\"search_term_string\"}}],\"inLanguage\":\"en-US\"},{\"@type\":\"Person\",\"@id\":\"https:\\\/\\\/akunq.net\\\/turkish\\\/#\\\/schema\\\/person\\\/135e7923d1aeb8887890799619969a6c\",\"name\":\"kalem\",\"image\":{\"@type\":\"ImageObject\",\"inLanguage\":\"en-US\",\"@id\":\"https:\\\/\\\/secure.gravatar.com\\\/avatar\\\/a06875e4b25feb5674296adf8e8a7ae1e587cebce2493fe63c456109967e27d3?s=96&d=mm&r=g\",\"url\":\"https:\\\/\\\/secure.gravatar.com\\\/avatar\\\/a06875e4b25feb5674296adf8e8a7ae1e587cebce2493fe63c456109967e27d3?s=96&d=mm&r=g\",\"contentUrl\":\"https:\\\/\\\/secure.gravatar.com\\\/avatar\\\/a06875e4b25feb5674296adf8e8a7ae1e587cebce2493fe63c456109967e27d3?s=96&d=mm&r=g\",\"caption\":\"kalem\"},\"url\":\"https:\\\/\\\/akunq.net\\\/turkish\\\/author\\\/kalem\\\/\"}]}<\/script>\n<!-- \/ Yoast SEO plugin. -->","yoast_head_json":{"title":"Avrupa Irk\u00e7\u0131l\u0131k Kar\u015f\u0131tlar\u0131 Hareketi EGAM: Bug\u00fcn hangi Ermeni, Soyk\u0131r\u0131m\u0131 inkar eden bir \u00fclkenin yurtta\u015fl\u0131\u011f\u0131n\u0131 kabul eder? - Bati Ermenistan Ve Bati Ermenileri Sorunlari Ara\u015ftirmalar Merkezi","robots":{"index":"index","follow":"follow","max-snippet":"max-snippet:-1","max-image-preview":"max-image-preview:large","max-video-preview":"max-video-preview:-1"},"canonical":"https:\/\/akunq.net\/turkish\/2014\/04\/28\/avrupa-irkcilik-karsitlari-hareketi-egam-bugun-hangi-ermeni-soykirimi-inkar-eden-bir-ulkenin-yurttasligini-kabul-eder\/","og_locale":"en_US","og_type":"article","og_title":"Avrupa Irk\u00e7\u0131l\u0131k Kar\u015f\u0131tlar\u0131 Hareketi EGAM: Bug\u00fcn hangi Ermeni, Soyk\u0131r\u0131m\u0131 inkar eden bir \u00fclkenin yurtta\u015fl\u0131\u011f\u0131n\u0131 kabul eder? - Bati Ermenistan Ve Bati Ermenileri Sorunlari Ara\u015ftirmalar Merkezi","og_description":"Soyk\u0131r\u0131m\u0131 resmen inkar eden bir \u00fclkede Ermenilere yutta\u015fl\u0131k \u00f6nermenin ne anlam ifade etti\u011fini anlamak g\u00fc\u00e7. A\u00e7\u0131klama 26 Nisan\u2019da d\u00fczenlenen bas\u0131n toplant\u0131s\u0131nda, Soyk\u0131r\u0131m kurbalar\u0131 varislerine T\u00fcrkiye\u2019nin yurtta\u015fl\u0131k vermeye haz\u0131r oldu\u011fu konusuna de\u011finen,\u00a0Avrupa Irk\u00e7\u0131l\u0131k Kar\u015f\u0131tlar\u0131 Taban \u00d6rg\u00fctleri Hareketi Ba\u015fkan\u0131 (EGAM) Benjamin Abtan\u2019dan geldi. Benjamin Abtan, bug\u00fcn hangi Ermeninin yakla\u015f\u0131k 100 y\u0131l Soyk\u0131r\u0131m ger\u00e7e\u011fini inkar eden bir \u00fclkenin [&hellip;]","og_url":"https:\/\/akunq.net\/turkish\/2014\/04\/28\/avrupa-irkcilik-karsitlari-hareketi-egam-bugun-hangi-ermeni-soykirimi-inkar-eden-bir-ulkenin-yurttasligini-kabul-eder\/","og_site_name":"Bati Ermenistan Ve Bati Ermenileri Sorunlari Ara\u015ftirmalar Merkezi","article_published_time":"2014-04-28T08:00:32+00:00","og_image":[{"width":314,"height":235,"url":"https:\/\/akunq.net\/turkish\/wp-content\/uploads\/sites\/5\/2014\/04\/Benjamin-Abtan.jpg","type":"image\/jpeg"}],"author":"kalem","twitter_card":"summary_large_image","twitter_misc":{"Written by":"kalem","Est. reading time":"1 minute"},"schema":{"@context":"https:\/\/schema.org","@graph":[{"@type":"Article","@id":"https:\/\/akunq.net\/turkish\/2014\/04\/28\/avrupa-irkcilik-karsitlari-hareketi-egam-bugun-hangi-ermeni-soykirimi-inkar-eden-bir-ulkenin-yurttasligini-kabul-eder\/#article","isPartOf":{"@id":"https:\/\/akunq.net\/turkish\/2014\/04\/28\/avrupa-irkcilik-karsitlari-hareketi-egam-bugun-hangi-ermeni-soykirimi-inkar-eden-bir-ulkenin-yurttasligini-kabul-eder\/"},"author":{"name":"kalem","@id":"https:\/\/akunq.net\/turkish\/#\/schema\/person\/135e7923d1aeb8887890799619969a6c"},"headline":"Avrupa Irk\u00e7\u0131l\u0131k Kar\u015f\u0131tlar\u0131 Hareketi EGAM: Bug\u00fcn hangi Ermeni, Soyk\u0131r\u0131m\u0131 inkar eden bir \u00fclkenin yurtta\u015fl\u0131\u011f\u0131n\u0131 kabul eder?","datePublished":"2014-04-28T08:00:32+00:00","mainEntityOfPage":{"@id":"https:\/\/akunq.net\/turkish\/2014\/04\/28\/avrupa-irkcilik-karsitlari-hareketi-egam-bugun-hangi-ermeni-soykirimi-inkar-eden-bir-ulkenin-yurttasligini-kabul-eder\/"},"wordCount":169,"commentCount":0,"image":{"@id":"https:\/\/akunq.net\/turkish\/2014\/04\/28\/avrupa-irkcilik-karsitlari-hareketi-egam-bugun-hangi-ermeni-soykirimi-inkar-eden-bir-ulkenin-yurttasligini-kabul-eder\/#primaryimage"},"thumbnailUrl":"http:\/\/akunq.net\/tr\/wp-content\/uploads\/2014\/04\/Benjamin-Abtan-300x224.jpg","articleSection":["Ermeni Soyk\u0131r\u0131m\u0131","Haberler"],"inLanguage":"en-US","potentialAction":[{"@type":"CommentAction","name":"Comment","target":["https:\/\/akunq.net\/turkish\/2014\/04\/28\/avrupa-irkcilik-karsitlari-hareketi-egam-bugun-hangi-ermeni-soykirimi-inkar-eden-bir-ulkenin-yurttasligini-kabul-eder\/#respond"]}]},{"@type":"WebPage","@id":"https:\/\/akunq.net\/turkish\/2014\/04\/28\/avrupa-irkcilik-karsitlari-hareketi-egam-bugun-hangi-ermeni-soykirimi-inkar-eden-bir-ulkenin-yurttasligini-kabul-eder\/","url":"https:\/\/akunq.net\/turkish\/2014\/04\/28\/avrupa-irkcilik-karsitlari-hareketi-egam-bugun-hangi-ermeni-soykirimi-inkar-eden-bir-ulkenin-yurttasligini-kabul-eder\/","name":"Avrupa Irk\u00e7\u0131l\u0131k Kar\u015f\u0131tlar\u0131 Hareketi EGAM: Bug\u00fcn hangi Ermeni, Soyk\u0131r\u0131m\u0131 inkar eden bir \u00fclkenin yurtta\u015fl\u0131\u011f\u0131n\u0131 kabul eder? - Bati Ermenistan Ve Bati Ermenileri Sorunlari Ara\u015ftirmalar Merkezi","isPartOf":{"@id":"https:\/\/akunq.net\/turkish\/#website"},"primaryImageOfPage":{"@id":"https:\/\/akunq.net\/turkish\/2014\/04\/28\/avrupa-irkcilik-karsitlari-hareketi-egam-bugun-hangi-ermeni-soykirimi-inkar-eden-bir-ulkenin-yurttasligini-kabul-eder\/#primaryimage"},"image":{"@id":"https:\/\/akunq.net\/turkish\/2014\/04\/28\/avrupa-irkcilik-karsitlari-hareketi-egam-bugun-hangi-ermeni-soykirimi-inkar-eden-bir-ulkenin-yurttasligini-kabul-eder\/#primaryimage"},"thumbnailUrl":"http:\/\/akunq.net\/tr\/wp-content\/uploads\/2014\/04\/Benjamin-Abtan-300x224.jpg","datePublished":"2014-04-28T08:00:32+00:00","author":{"@id":"https:\/\/akunq.net\/turkish\/#\/schema\/person\/135e7923d1aeb8887890799619969a6c"},"breadcrumb":{"@id":"https:\/\/akunq.net\/turkish\/2014\/04\/28\/avrupa-irkcilik-karsitlari-hareketi-egam-bugun-hangi-ermeni-soykirimi-inkar-eden-bir-ulkenin-yurttasligini-kabul-eder\/#breadcrumb"},"inLanguage":"en-US","potentialAction":[{"@type":"ReadAction","target":["https:\/\/akunq.net\/turkish\/2014\/04\/28\/avrupa-irkcilik-karsitlari-hareketi-egam-bugun-hangi-ermeni-soykirimi-inkar-eden-bir-ulkenin-yurttasligini-kabul-eder\/"]}]},{"@type":"ImageObject","inLanguage":"en-US","@id":"https:\/\/akunq.net\/turkish\/2014\/04\/28\/avrupa-irkcilik-karsitlari-hareketi-egam-bugun-hangi-ermeni-soykirimi-inkar-eden-bir-ulkenin-yurttasligini-kabul-eder\/#primaryimage","url":"http:\/\/akunq.net\/tr\/wp-content\/uploads\/2014\/04\/Benjamin-Abtan-300x224.jpg","contentUrl":"http:\/\/akunq.net\/tr\/wp-content\/uploads\/2014\/04\/Benjamin-Abtan-300x224.jpg"},{"@type":"BreadcrumbList","@id":"https:\/\/akunq.net\/turkish\/2014\/04\/28\/avrupa-irkcilik-karsitlari-hareketi-egam-bugun-hangi-ermeni-soykirimi-inkar-eden-bir-ulkenin-yurttasligini-kabul-eder\/#breadcrumb","itemListElement":[{"@type":"ListItem","position":1,"name":"Home","item":"https:\/\/akunq.net\/turkish\/"},{"@type":"ListItem","position":2,"name":"Avrupa Irk\u00e7\u0131l\u0131k Kar\u015f\u0131tlar\u0131 Hareketi EGAM: Bug\u00fcn hangi Ermeni, Soyk\u0131r\u0131m\u0131 inkar eden bir \u00fclkenin yurtta\u015fl\u0131\u011f\u0131n\u0131 kabul eder?"}]},{"@type":"WebSite","@id":"https:\/\/akunq.net\/turkish\/#website","url":"https:\/\/akunq.net\/turkish\/","name":"Bati Ermenistan Ve Bati Ermenileri Sorunlari Ara\u015ftirmalar Merkezi","description":"","potentialAction":[{"@type":"SearchAction","target":{"@type":"EntryPoint","urlTemplate":"https:\/\/akunq.net\/turkish\/?s={search_term_string}"},"query-input":{"@type":"PropertyValueSpecification","valueRequired":true,"valueName":"search_term_string"}}],"inLanguage":"en-US"},{"@type":"Person","@id":"https:\/\/akunq.net\/turkish\/#\/schema\/person\/135e7923d1aeb8887890799619969a6c","name":"kalem","image":{"@type":"ImageObject","inLanguage":"en-US","@id":"https:\/\/secure.gravatar.com\/avatar\/a06875e4b25feb5674296adf8e8a7ae1e587cebce2493fe63c456109967e27d3?s=96&d=mm&r=g","url":"https:\/\/secure.gravatar.com\/avatar\/a06875e4b25feb5674296adf8e8a7ae1e587cebce2493fe63c456109967e27d3?s=96&d=mm&r=g","contentUrl":"https:\/\/secure.gravatar.com\/avatar\/a06875e4b25feb5674296adf8e8a7ae1e587cebce2493fe63c456109967e27d3?s=96&d=mm&r=g","caption":"kalem"},"url":"https:\/\/akunq.net\/turkish\/author\/kalem\/"}]}},"_links":{"self":[{"href":"https:\/\/akunq.net\/turkish\/wp-json\/wp\/v2\/posts\/29654","targetHints":{"allow":["GET"]}}],"collection":[{"href":"https:\/\/akunq.net\/turkish\/wp-json\/wp\/v2\/posts"}],"about":[{"href":"https:\/\/akunq.net\/turkish\/wp-json\/wp\/v2\/types\/post"}],"author":[{"embeddable":true,"href":"https:\/\/akunq.net\/turkish\/wp-json\/wp\/v2\/users\/3"}],"replies":[{"embeddable":true,"href":"https:\/\/akunq.net\/turkish\/wp-json\/wp\/v2\/comments?post=29654"}],"version-history":[{"count":0,"href":"https:\/\/akunq.net\/turkish\/wp-json\/wp\/v2\/posts\/29654\/revisions"}],"wp:attachment":[{"href":"https:\/\/akunq.net\/turkish\/wp-json\/wp\/v2\/media?parent=29654"}],"wp:term":[{"taxonomy":"category","embeddable":true,"href":"https:\/\/akunq.net\/turkish\/wp-json\/wp\/v2\/categories?post=29654"},{"taxonomy":"post_tag","embeddable":true,"href":"https:\/\/akunq.net\/turkish\/wp-json\/wp\/v2\/tags?post=29654"}],"curies":[{"name":"wp","href":"https:\/\/api.w.org\/{rel}","templated":true}]}}