{"id":29651,"date":"2014-04-28T02:39:10","date_gmt":"2014-04-28T07:39:10","guid":{"rendered":"http:\/\/akunq.net\/tr\/?p=29651"},"modified":"2014-04-28T02:39:10","modified_gmt":"2014-04-28T07:39:10","slug":"24-nisan-ermeni-soykiriminin-kurbanlarini-binlerce-kisi-andi","status":"publish","type":"post","link":"https:\/\/akunq.net\/turkish\/2014\/04\/28\/24-nisan-ermeni-soykiriminin-kurbanlarini-binlerce-kisi-andi\/","title":{"rendered":"24 Nisan: Ermeni Soyk\u0131r\u0131m\u0131&#8217;n\u0131n kurbanlar\u0131n\u0131 binlerce ki\u015fi and\u0131"},"content":{"rendered":"<p style=\"text-align: justify\"><strong><i><a href=\"http:\/\/akunq.net\/tr\/?attachment_id=29652\" rel=\"attachment wp-att-29652\"><img loading=\"lazy\" decoding=\"async\" class=\"alignright size-medium wp-image-29652\" alt=\"\u0531\u0576\u056f\u0561\u0580\u0561\" src=\"http:\/\/akunq.net\/tr\/wp-content\/uploads\/2014\/04\/\u0531\u0576\u056f\u0561\u0580\u0561-300x206.jpg\" width=\"300\" height=\"206\" srcset=\"https:\/\/akunq.net\/turkish\/wp-content\/uploads\/sites\/5\/2014\/04\/\u0531\u0576\u056f\u0561\u0580\u0561-300x206.jpg 300w, https:\/\/akunq.net\/turkish\/wp-content\/uploads\/sites\/5\/2014\/04\/\u0531\u0576\u056f\u0561\u0580\u0561.jpg 307w\" sizes=\"auto, (max-width: 300px) 100vw, 300px\" \/><\/a>1915&#8217;te ger\u00e7ekle\u015ftirilen Ermeni Soyk\u0131r\u0131m\u0131&#8217;n\u0131n ba\u015flang\u0131c\u0131 kabul edilen 24 Nisan&#8217;\u0131n 99. y\u0131l d\u00f6n\u00fcm\u00fcnde, bug\u00fcn \u0130stanbul ba\u015fta olmak \u00fczere bir\u00e7ok yerde yap\u0131lan anmalarla, soyk\u0131r\u0131m kurbanlar\u0131 an\u0131ld\u0131. \u0130stanbul&#8217;daki anmalar\u0131n ilki sabah saat 10:00&#8217;da Haydarpa\u015fa Gar\u0131&#8217;nda, 1915&#8217;te s\u00fcrg\u00fcne g\u00f6nderilen Ermeni ayd\u0131nlar\u0131 i\u00e7in yap\u0131ld\u0131. 13:00&#8217;te ise Sevag \u015eahin Bal\u0131k\u00e7\u0131&#8217;n\u0131n mezar\u0131 ba\u015f\u0131nda bir anma ger\u00e7ekle\u015ftirildi. \u0130stanbul&#8217;da Taksim, Ankara&#8217;da Y\u00fcksel Caddesi ve \u0130zmir&#8217;de Basmane Meydan\u0131 ba\u015fta olmak \u00fczere bir\u00e7ok \u015fehirde bulu\u015fanlar, soyk\u0131r\u0131m ink\u00e2r\u0131n\u0131n sona ermesini talep etti.<\/i><\/strong><\/p>\n<p style=\"text-align: justify\">\u0130stanbul&#8217;da g\u00fcn\u00fcn program\u0131 \u015f\u00f6yleydi:<\/p>\n<p style=\"text-align: justify\"><strong>Saat 10.00:<\/strong> Bas\u0131n A\u00e7\u0131klamas\u0131. Haydarpa\u015fa&#8217;dan \u00f6l\u00fcme g\u00f6nderilen Ermeni ayd\u0131nlar\u0131n\u0131 anma<br \/>\n<strong>Saat 13.00:<\/strong> Mezarl\u0131k ziyareti. 24 Nisan 2011\u2032de \u00f6ld\u00fcr\u00fclen Sevag \u015eahin Bal\u0131k\u00e7\u0131&#8217;y\u0131 anma<br \/>\n<strong>Saat 19.15:<\/strong> Taksim Meydan\u0131&#8217;nda soyk\u0131r\u0131m kurbanlar\u0131n\u0131 anma.<\/p>\n<p style=\"text-align: justify\">\u0130stanbul&#8217;daki anma program\u0131, \u0130nsan Haklar\u0131 Derne\u011fi ve Irk\u00e7\u0131l\u0131\u011fa ve Milliyet\u00e7ili\u011fe DurDe Giri\u015fimi&#8217;nin destekledi\u011fi 24 Nisan Ermeni Soyk\u0131r\u0131m\u0131n\u0131 Anma Platformu taraf\u0131ndan d\u00fczenlendi.<\/p>\n<p style=\"text-align: justify\">Ankara&#8217;daki 24 Nisan anmas\u0131, saat 18:00&#8217;de Y\u00fcksel Caddesi&#8217;ndeki \u0130nsan Haklar\u0131 An\u0131t\u0131 \u00f6n\u00fcnde yap\u0131ld\u0131.<\/p>\n<p style=\"text-align: justify\">\u0130zmir&#8217;de ise 18:30&#8217;da Fuar Basmane Kap\u0131s\u0131 \u00f6n\u00fcnde anma ger\u00e7ekle\u015ftirildi.<\/p>\n<p style=\"text-align: justify\"><strong>G\u00fcncellemeler:<\/strong><\/p>\n<p style=\"text-align: justify\"><strong>19:53\u00a0<\/strong>\u0130zmir ve Ankara&#8217;dan sonra \u0130stanbul&#8217;daki anma program\u0131 sona eriyor&#8230;<\/p>\n<p style=\"text-align: justify\"><strong>19:37<\/strong> \u0130stanbul&#8217;daki anmada, \u00f6nceden Ermenilerin ya\u015fad\u0131\u011f\u0131 ve ismi de\u011fi\u015ftirilen yerler say\u0131ld\u0131.<\/p>\n<p style=\"text-align: justify\"><strong>19:34 <\/strong>24 Nisan 1915&#8217;te evlerinden al\u0131nan Ermeni ayd\u0131nlar\u0131n isimleri okunuyor&#8230;<\/p>\n<p style=\"text-align: justify\"><strong>19:13\u00a0<\/strong>\u0130stanbul&#8217;daki 24 Nisan anmas\u0131nda mumlar yak\u0131ld\u0131. \u00c7ok say\u0131da diaspora temsilcisi, ayd\u0131n ve akademisyen, Sevag \u015eahin Bal\u0131k\u00e7\u0131&#8217;n\u0131n ailesi, Rakel Dink ve T\u00fcrkiye&#8217;de Ermeni Soyk\u0131r\u0131m\u0131&#8217;n\u0131n tan\u0131nmas\u0131 i\u00e7in m\u00fccadele eden binlerce ki\u015fi \u0130stiklal Caddesi giri\u015finde bulu\u015ftu. Eren Keskin bir konu\u015fma yapt\u0131.<\/p>\n<p style=\"text-align: justify\"><strong>19:05\u00a0<\/strong>\u0130zmir&#8217;deki anmadan kareler:<\/p>\n<p style=\"text-align: justify\"><strong>18:57\u00a0<\/strong>\u0130stanbul&#8217;da anma i\u00e7in \u0130stiklal Caddesi giri\u015findeki Frans\u0131z K\u00fclt\u00fcr Merkezi \u00f6n\u00fcnde toplan\u0131l\u0131yor.<\/p>\n<p style=\"text-align: justify\"><strong>18:51 <\/strong>Ankara Y\u00fcksel Caddedi&#8217;ndeki soyk\u0131r\u0131m anmas\u0131nda Ermenice bas\u0131n a\u00e7\u0131klamas\u0131 okunuyor.<\/p>\n<p style=\"text-align: justify\"><strong>18:40 <\/strong>\u0130zmir&#8217;deki 24 Nisan anmas\u0131 i\u00e7in 300&#8217;\u00fc a\u015fk\u0131n ki\u015fi topland\u0131. Basmane Meydan\u0131&#8217;nda toplanan aktivistler, &#8220;Bu ac\u0131, bu utan\u00e7 hepimizin&#8221; pankart\u0131n\u0131n arkas\u0131nda oturma eylemi yap\u0131yor.<\/p>\n<p style=\"text-align: justify\"><strong>18:36\u00a0<\/strong>Ankara&#8217;da d\u00fczenlenen anmada, 1915 \u00f6ncesi burada ya\u015fayan Ermeniler aras\u0131nda dedesinin ismi okunan Elizabeth Sarafyan\u00a0da yer al\u0131yor. Ana pankartta ise T\u00fcrk\u00e7e ve Ermenice &#8220;Ermeni soyk\u0131r\u0131m\u0131 tan\u0131ns\u0131n&#8221; yaz\u0131yor&#8230;<\/p>\n<p style=\"text-align: justify\"><strong>18:25 <\/strong>Ankara&#8217;daki anmada, 1915&#8217;ten \u00f6nce Ankara&#8217;da ya\u015fam\u0131\u015f olan baz\u0131 Ermenilerin isimleri okunuyor. \u0130smail Be\u015fik\u00e7i ve Bask\u0131n Oran da anmada yer al\u0131yorlar.<\/p>\n<p style=\"text-align: justify\">Ankara&#8217;da Ermeni Soyk\u0131r\u0131m\u0131&#8217;n\u0131n kurbanlar\u0131n\u0131 anmak i\u00e7in yakla\u015f\u0131k 250 ki\u015fi topland\u0131.<\/p>\n<p style=\"text-align: justify\"><strong>18:12\u00a0<\/strong>Ankara&#8217;da yap\u0131lan 24 Nisan anmas\u0131n\u0131 Ankara D\u00fc\u015f\u00fcnceye \u00d6zg\u00fcrl\u00fck giri\u015fimi, \u0130HD, Irk\u00e7\u0131l\u0131\u011fa ve Milliyet\u00e7ili\u011fe Dur De giri\u015fimi, \u00c7HD Ankara \u015eube, HDP, BDP ve \u00d6SP d\u00fczenliyor. HKP adl\u0131 \u0131rk\u00e7\u0131 bir grup ise soyk\u0131r\u0131m\u0131 savunmak i\u00e7in topland\u0131.<\/p>\n<p style=\"text-align: justify\"><strong>17:56\u00a0<\/strong>Ankara&#8217;daki anma i\u00e7in aktivistler Y\u00fcksel Caddesi&#8217;ndeki \u0130nsan Haklar\u0131 An\u0131t\u0131 \u00f6n\u00fcnde toplanmaya ba\u015flad\u0131.<\/p>\n<p style=\"text-align: justify\"><strong>17:50\u00a0<\/strong>\u00c7anakkale&#8217;de de bug\u00fcn Ermeni Soyk\u0131r\u0131m\u0131&#8217;nda katledilenler an\u0131ld\u0131. &#8220;Yeter! \u0130nk\u00e2ra son&#8221; pankart\u0131n\u0131n \u00fczerine karanfiller b\u0131rak\u0131ld\u0131.<\/p>\n<p style=\"text-align: justify\"><strong>16:30\u00a0<\/strong>HDP\/HDK, Ermeni Soyk\u0131r\u0131m\u0131&#8217;nda \u00f6ld\u00fcr\u00fclenleri anmak i\u00e7in Dersim&#8217;de Sanat Soka\u011f\u0131&#8217;nda bir eylem yapt\u0131.<\/p>\n<p style=\"text-align: justify\"><strong>16:17\u00a0<\/strong>HDK Be\u015fikta\u015f, &#8220;Ermeni Soyk\u0131r\u0131m\u0131&#8217;n\u0131 unutma&#8221; ba\u015fl\u0131kl\u0131 bildiriler da\u011f\u0131tt\u0131.<\/p>\n<p style=\"text-align: justify\"><strong>14:30 <\/strong>Amed&#8217;de \u0130HD ve Baro \u00f6nc\u00fcl\u00fc\u011f\u00fcnde bir araya gelen sivil toplum \u00f6rg\u00fctleri, 1915 y\u0131l\u0131nda ya\u015fanan Ermeni soyk\u0131r\u0131m\u0131na ili\u015fkin bas\u0131n a\u00e7\u0131klamas\u0131 yapt\u0131.<\/p>\n<p style=\"text-align: justify\">Haz\u0131rlanan bas\u0131n metnini okuyan Baro Ba\u015fkan\u0131 Tahir El\u00e7i, 24 Nisan&#8217;\u0131n Ermeni halk\u0131n\u0131n \u00e7ok ac\u0131 bir g\u00fcn\u00fc oldu\u011funu belirterek, &#8220;Anadolu ve Mezopotamya&#8217;n\u0131n en kadim halklar\u0131ndan biri olan Ermeni toplumu, 24 Nisan 1915&#8217;te tarihin o g\u00fcne kadar tan\u0131k oldu\u011fu en b\u00fcy\u00fck felaketlerden birine maruz kalmaya ba\u015flad\u0131. Ermeniler 1915 y\u0131l\u0131nda ya\u015fananlar\u0131 B\u00fcy\u00fck felaket olarak ifade emektedir. K\u00fcrt toplumu olarak karde\u015f Ermeni halk\u0131n\u0131n bu b\u00fcy\u00fck ac\u0131s\u0131n\u0131 payla\u015f\u0131yoruz. Soyk\u0131r\u0131mda ya\u015fam\u0131n\u0131 yitiren bir milyonu a\u015fk\u0131n sivil-masum Ermeni&#8217;yi bu g\u00fcn Diyarbak\u0131r&#8217;da sayg\u0131yla an\u0131yoruz. Ayn\u0131 tarihlerde Mezopotamya&#8217;n\u0131n di\u011fer bir kadim halk\u0131 olan S\u00fcryaniler de benzer bir uygulamaya maruz kalm\u0131\u015f, bu vesileyle Ermeni halk\u0131yla birlikte S\u00fcryani halk\u0131n\u0131n da ac\u0131s\u0131n\u0131 payla\u015f\u0131yoruz. Ermeni halk\u0131n\u0131n ya\u015fad\u0131\u011f\u0131 hakikatin ortaya \u00e7\u0131kmas\u0131n\u0131 ve bu halk i\u00e7inde adaletin ger\u00e7eklemesini diliyoruz. Bir kez daha mazlum Ermeni halk\u0131n\u0131n ac\u0131s\u0131n\u0131 payla\u015f\u0131yor, soyk\u0131r\u0131m kurbanlar\u0131n\u0131 sayg\u0131yla an\u0131yoruz&#8221; dedi. (ANF)<\/p>\n<p style=\"text-align: justify\"><strong>14:02 <\/strong>T\u00fcrkiye Ermenileri Patrikhanesi, 24 Nisan&#8217;da hayat\u0131n\u0131 yitirenler icin ayin d\u00fczenledi. Patrikhane&#8217;de daha \u00f6nce b\u00f6yle bir ayin d\u00fczenlenmemi\u015fti. (Al Jazeera)<\/p>\n<p style=\"text-align: justify\"><strong>13:34\u00a0<\/strong>Sevag \u015eahin Bal\u0131k\u00e7\u0131, mezar\u0131n\u0131n ba\u015f\u0131nda an\u0131ld\u0131. Anmada HDP MYK \u00fcyesi Garo Paylan k\u0131sa bir konu\u015fma yapt\u0131. Ard\u0131ndan, Bal\u0131k\u00e7\u0131 ailesi taziyeleri kabul etmeye ba\u015flad\u0131.<\/p>\n<p style=\"text-align: justify\"><em>Agos<\/em>&#8216;un haberine g\u00f6re, anmada konu\u015fan anne Ani Bal\u0131k\u00e7\u0131, Ba\u015fbakan Erdo\u011fan\u2019\u0131n a\u00e7\u0131klamas\u0131n\u0131n sevin\u00e7 yaratt\u0131\u011f\u0131n\u0131 ancak cinayetlerin de ayd\u0131nlat\u0131lmas\u0131 gerekti\u011fini s\u00f6yledi. Bal\u0131k\u00e7\u0131, \u201cBu umar\u0131m a\u011fz\u0131m\u0131za bal \u00e7almak de\u011fildir. Y\u00fczy\u0131l \u00f6nce bir soyk\u0131r\u0131m ya\u015fand\u0131. Ben de bir k\u0131l\u0131\u00e7 art\u0131\u011f\u0131y\u0131m. Biz eskiden bunu konu\u015famazd\u0131k ama art\u0131k konu\u015fabiliyoruz. Bu soyk\u0131r\u0131m\u0131 bilmeyen gen\u00e7ler var onlar da art\u0131k bunu bilsinler\u201d diye konu\u015ftu.\u00a0Baba Garabet Bal\u0131k\u00e7\u0131 ise \u201cBa\u015fbakan Erdo\u011fan\u2019\u0131n Sevag Bal\u0131k\u00e7\u0131\u2019y\u0131 da anmas\u0131n\u0131 beklerdim\u201d dedi.<\/p>\n<p style=\"text-align: justify\"><strong>13:15\u00a0<\/strong>Haydarpa\u015fa&#8217;daki anmaya kat\u0131lan aktivistlerin konu\u015fmalar\u0131:<\/p>\n<p style=\"text-align: justify\"><strong>13:05\u00a0<\/strong>Devrimci Sosyalist \u0130\u015f\u00e7i Partisi, 24 Nisan sebebiyle yay\u0131mlad\u0131\u011f\u0131 yaz\u0131l\u0131 a\u00e7\u0131klamada \u015fu ifadeleri kulland\u0131:<\/p>\n<p style=\"text-align: justify\"><em>&#8220;Ermeni Soyk\u0131r\u0131m\u0131 T\u00fcrk devleti taraf\u0131ndan kabul edilene, Ermeni halk\u0131ndan devlet ad\u0131na \u00f6z\u00fcr dilenene, gasbedilen Ermeni k\u00f6yleri, okullar\u0131 ve kiliseleri sahiplerine iade edilene, resmi ideoloji \u00e7\u00f6pe at\u0131lana, Hrant&#8217;\u0131n ve Sevag&#8217;\u0131n katilleri yarg\u0131lan\u0131p cezaland\u0131r\u0131lana kadar m\u00fccadeleye devam!<\/em><\/p>\n<p style=\"text-align: justify\"><em>\u00d6zg\u00fcr bir gelecekten yana olan herkesi, bug\u00fcn \u0130stanbul, Ankara ve \u0130zmir&#8217;de yap\u0131lacak anmalara kat\u0131lmaya davet ediyoruz.<\/em><\/p>\n<p style=\"text-align: justify\"><em>100 y\u0131ll\u0131k ink\u00e2r bitsin, Ermeni soyk\u0131r\u0131m\u0131 tan\u0131ns\u0131n!<\/em><\/p>\n<p style=\"text-align: justify\"><em>Hepimiz Hrant&#8217;\u0131z, hepimiz Sevag&#8217;\u0131z hepimiz Ermeniyiz!&#8221;<\/em><\/p>\n<p style=\"text-align: justify\">A\u00e7\u0131klaman\u0131n tamam\u0131 i\u00e7in <a href=\"http:\/\/marksist.org\/haberler\/14588-dsip-adalet-icin-mucadele-edenler-mutlaka-kazanacak-ermeni-soykirimi-taninmali\" target=\"_blank\">t\u0131klay\u0131n<\/a>.<\/p>\n<p style=\"text-align: justify\"><strong>12:59\u00a0<\/strong>Marksist.org,\u00a024 Nisan anmalar\u0131 i\u00e7in T\u00fcrkiye&#8217;de bulunan Ermenistan&#8217;\u0131n ilk D\u0131\u015fi\u015fleri Bakan\u0131 ve muhalefet lideri Raffi Hovhannisyan ile k\u0131sa bir r\u00f6portaj yapt\u0131. Hovhannisyan, 1915&#8217;te soyk\u0131r\u0131mdan kurtulan bir aileden geliyor.<\/p>\n<p style=\"text-align: justify\">R\u00f6portajda, Hovhannisyan \u015funlar\u0131 s\u00f6yledi:<\/p>\n<p style=\"text-align: justify\"><em>&#8220;Erdo\u011fan&#8217;\u0131n a\u00e7\u0131klamas\u0131, ink\u00e2r politikalar\u0131n\u0131n ince ayarlanm\u0131\u015f bir devam\u0131. Ermeni halk\u0131na ba\u015fsa\u011fl\u0131\u011f\u0131 diliyor. Ama bizim ba\u015fsa\u011fl\u0131\u011f\u0131na ihtiyac\u0131m\u0131z yok. Biz T\u00fcrk h\u00fck\u00fcmeti taraf\u0131ndan soyk\u0131r\u0131m\u0131n tan\u0131nmas\u0131n\u0131 ve bunun getirdi\u011fi sorumluluklar\u0131n \u00fcstlenilmesini istiyoruz.<\/em><\/p>\n<p style=\"text-align: justify\"><em>Bence resmi politikada bir de\u011fi\u015fiklik yok. \u0130yi bir PR denemesi. Ermeni Soyk\u0131r\u0131m\u0131&#8217;n\u0131n 100. y\u0131l\u0131na girilirken, bir \u00e7e\u015fit hasar kontrol\u00fc. Tek umudumuz, T\u00fcrkiye&#8217;deki sivil toplumun sesinin y\u00fckselip, m\u00fccadeleyle resmi politikay\u0131 etkilemeleri. T\u00fcrk h\u00fck\u00fcmetinde \u00f6nemli bir de\u011fi\u015fiklik g\u00f6rm\u00fcyoruz, h\u00e2l\u00e2 soyk\u0131r\u0131m inkar ediliyor. Soyk\u0131r\u0131m politikalar\u0131, Hrant Dink&#8217;in, Sevag \u015eahin Bal\u0131k\u00e7\u0131&#8217;n\u0131n \u00f6ld\u00fcr\u00fclmesiyle ve \u015fimdi Kesab&#8217;da ya\u015fananlarla devam ediyor.&#8221;<\/em><\/p>\n<p style=\"text-align: justify\"><strong>12:44\u00a0<\/strong>Anma program\u0131, 24 Nisan 2011&#8217;de, Ermeni Soyk\u0131r\u0131m\u0131&#8217;n\u0131n y\u0131l d\u00f6n\u00fcm\u00fcnde zorunlu askerlik yaparken, daha sonradan BBP \u00fcyesi oldu\u011fu ortaya \u00e7\u0131kan\u00a0K\u0131van\u00e7 A\u011fao\u011flu taraf\u0131ndan \u00f6ld\u00fcr\u00fclen Sevag \u015eahin Bal\u0131k\u00e7\u0131&#8217;n\u0131n mezar\u0131 ba\u015f\u0131nda devam edecek.<\/p>\n<p style=\"text-align: justify\"><strong>12:10\u00a0<\/strong>Haydarpa\u015fa&#8217;daki bas\u0131n a\u00e7\u0131klamas\u0131n\u0131n videosu:<\/p>\n<p style=\"text-align: justify\"><strong>11:35<\/strong> 24 Nisan 1915&#8217;te 220 Ermeni ayd\u0131n\u0131n s\u00fcrg\u00fcne yolland\u0131\u011f\u0131 Haydarpa\u015fa&#8217;da saat 10:00&#8217;da bulu\u015fuldu.<\/p>\n<p style=\"text-align: justify\">Etkinlikte konu\u015fan Ermeni Genel Hay\u0131rseverler Birli\u011fi (Armenian General Benevolent Union\/AGBU) Avrupa S\u00f6zc\u00fcs\u00fc Nicholas Tavitian, ya\u015fananlar\u0131n \u00fczerinden 99 y\u0131l ge\u00e7ti\u011fini belirterek, \u00f6zellikle \u0130stanbul&#8217;daki t\u00f6renlere, diasporadan giderek \u00e7ok daha fazla ki\u015finin kat\u0131lmaya ba\u015flad\u0131\u011f\u0131n\u0131 s\u00f6yledi. Tavitian, &#8220;M\u00fccadelemize destek veren t\u00fcm T\u00fcrklere te\u015fekk\u00fcr etmek, istiyoruz&#8221; dedi. Tavitian, Erdo\u011fan&#8217;\u0131n a\u00e7\u0131klamalar\u0131n\u0131 ise yetersiz buldu\u011funu s\u00f6yledi.<\/p>\n<p style=\"text-align: justify\">Aktivistler, s\u00fcrg\u00fcne yollanan ayd\u0131nlar\u0131n foto\u011fraflar\u0131n\u0131 ellerinde ta\u015f\u0131d\u0131lar. Ana pankartta ise \u0130ngilizce, Ermenice ve T\u00fcrk\u00e7e &#8220;Ermeni soyk\u0131r\u0131m\u0131n\u0131n kurbanlar\u0131n\u0131 an\u0131yoruz&#8221; yaz\u0131yordu.<\/p>\n<p style=\"text-align: justify\">Platform ad\u0131na bas\u0131n a\u00e7\u0131klamas\u0131n\u0131 okuyan DS\u0130P MK \u00fcyesi Y\u0131ld\u0131z \u00d6nen, \u015funlar\u0131 s\u00f6yledi:<\/p>\n<p style=\"text-align: justify\"><em>&#8220;B\u00fcy\u00fck bir tarihi miras, izi bile kalmayacak \u015fekilde yok edildi. \u0130stanbul&#8217;un en g\u00fczel camilerini yapan mimarlar\u0131n \u00e7ocuklar\u0131, Anadolu&#8217;nun muhte\u015fem ta\u015f ustalar\u0131, terziler, di\u015f\u00e7iler, yoksul Ermeni k\u00f6yl\u00fcleri ve b\u00fcy\u00fck \u00f6l\u00e7\u00fcde Osmanl\u0131 toplumunun beynini olu\u015fturan Ermeni bilim insanlar\u0131, yazarlar, gazeteciler, yay\u0131nc\u0131lar, milletvekilleri katledildi. Bug\u00fcn bize ac\u0131 veren T\u00fcrkiye&#8217;deki d\u00fc\u015f\u00fcnsel \u00e7orakl\u0131kta, bunun b\u00fcy\u00fck rol\u00fc vard\u0131r. Ama ayn\u0131 zamanda bu s\u00fcre\u00e7te Ermenilerin sadece ta\u015f\u0131nmaz mal varl\u0131klar\u0131na de\u011fil, bankalardaki paralar\u0131na el konuldu. Soyk\u0131r\u0131m ayn\u0131 zamanda b\u00fcy\u00fck bir soygundu. Devlet eliyle yap\u0131lan, akl\u0131n alamayaca\u011f\u0131 kadar b\u00fcy\u00fck bir h\u0131rs\u0131zl\u0131kt\u0131. G\u00fcn\u00fcm\u00fczdeki yolsuzluklar\u0131n k\u00f6keninde bu b\u00fcy\u00fck talan yat\u0131yor. 1915 soyk\u0131r\u0131m\u0131yla ba\u015flayan, Anadolu&#8217;yu \u00f6nce Hristiyanlardan ar\u0131nd\u0131rarak M\u00fcsl\u00fcmanla\u015ft\u0131rma, ard\u0131ndan K\u00fcrtleri hedef alarak T\u00fcrkle\u015ftirme s\u00fcrecinde, Anadolu&#8217;nun \u00e7ok dilli \u00e7ok k\u00fclt\u00fcrl\u00fc \u00e7ok kimlikli dokusunun tek tip, tek dilli, tek k\u00fclt\u00fcrl\u00fc, tek kimlikli bir yap\u0131ya d\u00f6n\u00fc\u015ft\u00fcr\u00fclmesi hedeflendi. 99 y\u0131ld\u0131r ink\u00e2r edilen soyk\u0131r\u0131m, kanayan bir yara olarak duruyor. Biz 99 y\u0131ll\u0131k ink\u00e2ra &#8220;art\u0131k yeter&#8221; diyoruz. Soyk\u0131r\u0131m\u0131n hukuki gerekleriyle birlikte tan\u0131nmas\u0131n\u0131, hesaplanamayacak kadar b\u00fcy\u00fck derin kay\u0131plar\u0131n\u0131n telafi edilmesine y\u00f6nelik d\u00fcnyan\u0131n d\u00f6rt bir yan\u0131ndaki Ermenilerin \u00e7e\u015fitli \u00f6nerilerine T\u00fcrkiye Cumhuriyeti devletinin kulak vermesini, dinlemesini, adaleti yerine getirecek ad\u0131mlar\u0131 atmas\u0131n\u0131 talep ediyoruz.&#8221;<\/em><\/p>\n<p style=\"text-align: justify\">Bas\u0131n a\u00e7\u0131klamas\u0131ndan sonra, anmaya kat\u0131lan aktivistler ellerindeki karanfilleri denize f\u0131rlatt\u0131lar.<\/p>\n<p style=\"text-align: justify\"><b><i>http:\/\/marksist.org\/haberler\/14590-24-nisan-ermeni-soykiriminin-kurbanlarini-binlerce-kisi-andi<\/i><\/b><\/p>\n","protected":false},"excerpt":{"rendered":"<p>1915&#8217;te ger\u00e7ekle\u015ftirilen Ermeni Soyk\u0131r\u0131m\u0131&#8217;n\u0131n ba\u015flang\u0131c\u0131 kabul edilen 24 Nisan&#8217;\u0131n 99. y\u0131l d\u00f6n\u00fcm\u00fcnde, bug\u00fcn \u0130stanbul ba\u015fta olmak \u00fczere bir\u00e7ok yerde yap\u0131lan anmalarla, soyk\u0131r\u0131m kurbanlar\u0131 an\u0131ld\u0131. \u0130stanbul&#8217;daki anmalar\u0131n ilki sabah saat 10:00&#8217;da Haydarpa\u015fa Gar\u0131&#8217;nda, 1915&#8217;te s\u00fcrg\u00fcne g\u00f6nderilen Ermeni ayd\u0131nlar\u0131 i\u00e7in yap\u0131ld\u0131. 13:00&#8217;te ise Sevag \u015eahin Bal\u0131k\u00e7\u0131&#8217;n\u0131n mezar\u0131 ba\u015f\u0131nda bir anma ger\u00e7ekle\u015ftirildi. \u0130stanbul&#8217;da Taksim, Ankara&#8217;da Y\u00fcksel Caddesi ve [&hellip;]<\/p>\n","protected":false},"author":3,"featured_media":0,"comment_status":"open","ping_status":"open","sticky":false,"template":"","format":"standard","meta":{"footnotes":""},"categories":[6,14],"tags":[],"class_list":["post-29651","post","type-post","status-publish","format-standard","hentry","category-ermeni-soykirimi","category-haberler"],"yoast_head":"<!-- This site is optimized with the Yoast SEO plugin v27.4 - https:\/\/yoast.com\/product\/yoast-seo-wordpress\/ -->\n<title>24 Nisan: Ermeni Soyk\u0131r\u0131m\u0131&#039;n\u0131n kurbanlar\u0131n\u0131 binlerce ki\u015fi and\u0131 - Bati Ermenistan Ve Bati Ermenileri Sorunlari Ara\u015ftirmalar Merkezi<\/title>\n<meta name=\"robots\" content=\"index, follow, max-snippet:-1, max-image-preview:large, max-video-preview:-1\" \/>\n<link rel=\"canonical\" href=\"https:\/\/akunq.net\/turkish\/2014\/04\/28\/24-nisan-ermeni-soykiriminin-kurbanlarini-binlerce-kisi-andi\/\" \/>\n<meta property=\"og:locale\" content=\"en_US\" \/>\n<meta property=\"og:type\" content=\"article\" \/>\n<meta property=\"og:title\" content=\"24 Nisan: Ermeni Soyk\u0131r\u0131m\u0131&#039;n\u0131n kurbanlar\u0131n\u0131 binlerce ki\u015fi and\u0131 - Bati Ermenistan Ve Bati Ermenileri Sorunlari Ara\u015ftirmalar Merkezi\" \/>\n<meta property=\"og:description\" content=\"1915&#8217;te ger\u00e7ekle\u015ftirilen Ermeni Soyk\u0131r\u0131m\u0131&#8217;n\u0131n ba\u015flang\u0131c\u0131 kabul edilen 24 Nisan&#8217;\u0131n 99. y\u0131l d\u00f6n\u00fcm\u00fcnde, bug\u00fcn \u0130stanbul ba\u015fta olmak \u00fczere bir\u00e7ok yerde yap\u0131lan anmalarla, soyk\u0131r\u0131m kurbanlar\u0131 an\u0131ld\u0131. \u0130stanbul&#8217;daki anmalar\u0131n ilki sabah saat 10:00&#8217;da Haydarpa\u015fa Gar\u0131&#8217;nda, 1915&#8217;te s\u00fcrg\u00fcne g\u00f6nderilen Ermeni ayd\u0131nlar\u0131 i\u00e7in yap\u0131ld\u0131. 13:00&#8217;te ise Sevag \u015eahin Bal\u0131k\u00e7\u0131&#8217;n\u0131n mezar\u0131 ba\u015f\u0131nda bir anma ger\u00e7ekle\u015ftirildi. \u0130stanbul&#8217;da Taksim, Ankara&#8217;da Y\u00fcksel Caddesi ve [&hellip;]\" \/>\n<meta property=\"og:url\" content=\"https:\/\/akunq.net\/turkish\/2014\/04\/28\/24-nisan-ermeni-soykiriminin-kurbanlarini-binlerce-kisi-andi\/\" \/>\n<meta property=\"og:site_name\" content=\"Bati Ermenistan Ve Bati Ermenileri Sorunlari Ara\u015ftirmalar Merkezi\" \/>\n<meta property=\"article:published_time\" content=\"2014-04-28T07:39:10+00:00\" \/>\n<meta name=\"author\" content=\"kalem\" \/>\n<meta name=\"twitter:card\" content=\"summary_large_image\" \/>\n<meta name=\"twitter:label1\" content=\"Written by\" \/>\n\t<meta name=\"twitter:data1\" content=\"kalem\" \/>\n\t<meta name=\"twitter:label2\" content=\"Est. reading time\" \/>\n\t<meta name=\"twitter:data2\" content=\"9 minutes\" \/>\n<script type=\"application\/ld+json\" class=\"yoast-schema-graph\">{\"@context\":\"https:\\\/\\\/schema.org\",\"@graph\":[{\"@type\":\"Article\",\"@id\":\"https:\\\/\\\/akunq.net\\\/turkish\\\/2014\\\/04\\\/28\\\/24-nisan-ermeni-soykiriminin-kurbanlarini-binlerce-kisi-andi\\\/#article\",\"isPartOf\":{\"@id\":\"https:\\\/\\\/akunq.net\\\/turkish\\\/2014\\\/04\\\/28\\\/24-nisan-ermeni-soykiriminin-kurbanlarini-binlerce-kisi-andi\\\/\"},\"author\":{\"name\":\"kalem\",\"@id\":\"https:\\\/\\\/akunq.net\\\/turkish\\\/#\\\/schema\\\/person\\\/135e7923d1aeb8887890799619969a6c\"},\"headline\":\"24 Nisan: Ermeni Soyk\u0131r\u0131m\u0131&#8217;n\u0131n kurbanlar\u0131n\u0131 binlerce ki\u015fi and\u0131\",\"datePublished\":\"2014-04-28T07:39:10+00:00\",\"mainEntityOfPage\":{\"@id\":\"https:\\\/\\\/akunq.net\\\/turkish\\\/2014\\\/04\\\/28\\\/24-nisan-ermeni-soykiriminin-kurbanlarini-binlerce-kisi-andi\\\/\"},\"wordCount\":1786,\"commentCount\":0,\"articleSection\":[\"Ermeni Soyk\u0131r\u0131m\u0131\",\"Haberler\"],\"inLanguage\":\"en-US\",\"potentialAction\":[{\"@type\":\"CommentAction\",\"name\":\"Comment\",\"target\":[\"https:\\\/\\\/akunq.net\\\/turkish\\\/2014\\\/04\\\/28\\\/24-nisan-ermeni-soykiriminin-kurbanlarini-binlerce-kisi-andi\\\/#respond\"]}]},{\"@type\":\"WebPage\",\"@id\":\"https:\\\/\\\/akunq.net\\\/turkish\\\/2014\\\/04\\\/28\\\/24-nisan-ermeni-soykiriminin-kurbanlarini-binlerce-kisi-andi\\\/\",\"url\":\"https:\\\/\\\/akunq.net\\\/turkish\\\/2014\\\/04\\\/28\\\/24-nisan-ermeni-soykiriminin-kurbanlarini-binlerce-kisi-andi\\\/\",\"name\":\"24 Nisan: Ermeni Soyk\u0131r\u0131m\u0131'n\u0131n kurbanlar\u0131n\u0131 binlerce ki\u015fi and\u0131 - Bati Ermenistan Ve Bati Ermenileri Sorunlari Ara\u015ftirmalar Merkezi\",\"isPartOf\":{\"@id\":\"https:\\\/\\\/akunq.net\\\/turkish\\\/#website\"},\"datePublished\":\"2014-04-28T07:39:10+00:00\",\"author\":{\"@id\":\"https:\\\/\\\/akunq.net\\\/turkish\\\/#\\\/schema\\\/person\\\/135e7923d1aeb8887890799619969a6c\"},\"breadcrumb\":{\"@id\":\"https:\\\/\\\/akunq.net\\\/turkish\\\/2014\\\/04\\\/28\\\/24-nisan-ermeni-soykiriminin-kurbanlarini-binlerce-kisi-andi\\\/#breadcrumb\"},\"inLanguage\":\"en-US\",\"potentialAction\":[{\"@type\":\"ReadAction\",\"target\":[\"https:\\\/\\\/akunq.net\\\/turkish\\\/2014\\\/04\\\/28\\\/24-nisan-ermeni-soykiriminin-kurbanlarini-binlerce-kisi-andi\\\/\"]}]},{\"@type\":\"BreadcrumbList\",\"@id\":\"https:\\\/\\\/akunq.net\\\/turkish\\\/2014\\\/04\\\/28\\\/24-nisan-ermeni-soykiriminin-kurbanlarini-binlerce-kisi-andi\\\/#breadcrumb\",\"itemListElement\":[{\"@type\":\"ListItem\",\"position\":1,\"name\":\"Home\",\"item\":\"https:\\\/\\\/akunq.net\\\/turkish\\\/\"},{\"@type\":\"ListItem\",\"position\":2,\"name\":\"24 Nisan: Ermeni Soyk\u0131r\u0131m\u0131&#8217;n\u0131n kurbanlar\u0131n\u0131 binlerce ki\u015fi and\u0131\"}]},{\"@type\":\"WebSite\",\"@id\":\"https:\\\/\\\/akunq.net\\\/turkish\\\/#website\",\"url\":\"https:\\\/\\\/akunq.net\\\/turkish\\\/\",\"name\":\"Bati Ermenistan Ve Bati Ermenileri Sorunlari Ara\u015ftirmalar Merkezi\",\"description\":\"\",\"potentialAction\":[{\"@type\":\"SearchAction\",\"target\":{\"@type\":\"EntryPoint\",\"urlTemplate\":\"https:\\\/\\\/akunq.net\\\/turkish\\\/?s={search_term_string}\"},\"query-input\":{\"@type\":\"PropertyValueSpecification\",\"valueRequired\":true,\"valueName\":\"search_term_string\"}}],\"inLanguage\":\"en-US\"},{\"@type\":\"Person\",\"@id\":\"https:\\\/\\\/akunq.net\\\/turkish\\\/#\\\/schema\\\/person\\\/135e7923d1aeb8887890799619969a6c\",\"name\":\"kalem\",\"image\":{\"@type\":\"ImageObject\",\"inLanguage\":\"en-US\",\"@id\":\"https:\\\/\\\/secure.gravatar.com\\\/avatar\\\/a06875e4b25feb5674296adf8e8a7ae1e587cebce2493fe63c456109967e27d3?s=96&d=mm&r=g\",\"url\":\"https:\\\/\\\/secure.gravatar.com\\\/avatar\\\/a06875e4b25feb5674296adf8e8a7ae1e587cebce2493fe63c456109967e27d3?s=96&d=mm&r=g\",\"contentUrl\":\"https:\\\/\\\/secure.gravatar.com\\\/avatar\\\/a06875e4b25feb5674296adf8e8a7ae1e587cebce2493fe63c456109967e27d3?s=96&d=mm&r=g\",\"caption\":\"kalem\"},\"url\":\"https:\\\/\\\/akunq.net\\\/turkish\\\/author\\\/kalem\\\/\"}]}<\/script>\n<!-- \/ Yoast SEO plugin. -->","yoast_head_json":{"title":"24 Nisan: Ermeni Soyk\u0131r\u0131m\u0131'n\u0131n kurbanlar\u0131n\u0131 binlerce ki\u015fi and\u0131 - Bati Ermenistan Ve Bati Ermenileri Sorunlari Ara\u015ftirmalar Merkezi","robots":{"index":"index","follow":"follow","max-snippet":"max-snippet:-1","max-image-preview":"max-image-preview:large","max-video-preview":"max-video-preview:-1"},"canonical":"https:\/\/akunq.net\/turkish\/2014\/04\/28\/24-nisan-ermeni-soykiriminin-kurbanlarini-binlerce-kisi-andi\/","og_locale":"en_US","og_type":"article","og_title":"24 Nisan: Ermeni Soyk\u0131r\u0131m\u0131'n\u0131n kurbanlar\u0131n\u0131 binlerce ki\u015fi and\u0131 - Bati Ermenistan Ve Bati Ermenileri Sorunlari Ara\u015ftirmalar Merkezi","og_description":"1915&#8217;te ger\u00e7ekle\u015ftirilen Ermeni Soyk\u0131r\u0131m\u0131&#8217;n\u0131n ba\u015flang\u0131c\u0131 kabul edilen 24 Nisan&#8217;\u0131n 99. y\u0131l d\u00f6n\u00fcm\u00fcnde, bug\u00fcn \u0130stanbul ba\u015fta olmak \u00fczere bir\u00e7ok yerde yap\u0131lan anmalarla, soyk\u0131r\u0131m kurbanlar\u0131 an\u0131ld\u0131. \u0130stanbul&#8217;daki anmalar\u0131n ilki sabah saat 10:00&#8217;da Haydarpa\u015fa Gar\u0131&#8217;nda, 1915&#8217;te s\u00fcrg\u00fcne g\u00f6nderilen Ermeni ayd\u0131nlar\u0131 i\u00e7in yap\u0131ld\u0131. 13:00&#8217;te ise Sevag \u015eahin Bal\u0131k\u00e7\u0131&#8217;n\u0131n mezar\u0131 ba\u015f\u0131nda bir anma ger\u00e7ekle\u015ftirildi. \u0130stanbul&#8217;da Taksim, Ankara&#8217;da Y\u00fcksel Caddesi ve [&hellip;]","og_url":"https:\/\/akunq.net\/turkish\/2014\/04\/28\/24-nisan-ermeni-soykiriminin-kurbanlarini-binlerce-kisi-andi\/","og_site_name":"Bati Ermenistan Ve Bati Ermenileri Sorunlari Ara\u015ftirmalar Merkezi","article_published_time":"2014-04-28T07:39:10+00:00","author":"kalem","twitter_card":"summary_large_image","twitter_misc":{"Written by":"kalem","Est. reading time":"9 minutes"},"schema":{"@context":"https:\/\/schema.org","@graph":[{"@type":"Article","@id":"https:\/\/akunq.net\/turkish\/2014\/04\/28\/24-nisan-ermeni-soykiriminin-kurbanlarini-binlerce-kisi-andi\/#article","isPartOf":{"@id":"https:\/\/akunq.net\/turkish\/2014\/04\/28\/24-nisan-ermeni-soykiriminin-kurbanlarini-binlerce-kisi-andi\/"},"author":{"name":"kalem","@id":"https:\/\/akunq.net\/turkish\/#\/schema\/person\/135e7923d1aeb8887890799619969a6c"},"headline":"24 Nisan: Ermeni Soyk\u0131r\u0131m\u0131&#8217;n\u0131n kurbanlar\u0131n\u0131 binlerce ki\u015fi and\u0131","datePublished":"2014-04-28T07:39:10+00:00","mainEntityOfPage":{"@id":"https:\/\/akunq.net\/turkish\/2014\/04\/28\/24-nisan-ermeni-soykiriminin-kurbanlarini-binlerce-kisi-andi\/"},"wordCount":1786,"commentCount":0,"articleSection":["Ermeni Soyk\u0131r\u0131m\u0131","Haberler"],"inLanguage":"en-US","potentialAction":[{"@type":"CommentAction","name":"Comment","target":["https:\/\/akunq.net\/turkish\/2014\/04\/28\/24-nisan-ermeni-soykiriminin-kurbanlarini-binlerce-kisi-andi\/#respond"]}]},{"@type":"WebPage","@id":"https:\/\/akunq.net\/turkish\/2014\/04\/28\/24-nisan-ermeni-soykiriminin-kurbanlarini-binlerce-kisi-andi\/","url":"https:\/\/akunq.net\/turkish\/2014\/04\/28\/24-nisan-ermeni-soykiriminin-kurbanlarini-binlerce-kisi-andi\/","name":"24 Nisan: Ermeni Soyk\u0131r\u0131m\u0131'n\u0131n kurbanlar\u0131n\u0131 binlerce ki\u015fi and\u0131 - Bati Ermenistan Ve Bati Ermenileri Sorunlari Ara\u015ftirmalar Merkezi","isPartOf":{"@id":"https:\/\/akunq.net\/turkish\/#website"},"datePublished":"2014-04-28T07:39:10+00:00","author":{"@id":"https:\/\/akunq.net\/turkish\/#\/schema\/person\/135e7923d1aeb8887890799619969a6c"},"breadcrumb":{"@id":"https:\/\/akunq.net\/turkish\/2014\/04\/28\/24-nisan-ermeni-soykiriminin-kurbanlarini-binlerce-kisi-andi\/#breadcrumb"},"inLanguage":"en-US","potentialAction":[{"@type":"ReadAction","target":["https:\/\/akunq.net\/turkish\/2014\/04\/28\/24-nisan-ermeni-soykiriminin-kurbanlarini-binlerce-kisi-andi\/"]}]},{"@type":"BreadcrumbList","@id":"https:\/\/akunq.net\/turkish\/2014\/04\/28\/24-nisan-ermeni-soykiriminin-kurbanlarini-binlerce-kisi-andi\/#breadcrumb","itemListElement":[{"@type":"ListItem","position":1,"name":"Home","item":"https:\/\/akunq.net\/turkish\/"},{"@type":"ListItem","position":2,"name":"24 Nisan: Ermeni Soyk\u0131r\u0131m\u0131&#8217;n\u0131n kurbanlar\u0131n\u0131 binlerce ki\u015fi and\u0131"}]},{"@type":"WebSite","@id":"https:\/\/akunq.net\/turkish\/#website","url":"https:\/\/akunq.net\/turkish\/","name":"Bati Ermenistan Ve Bati Ermenileri Sorunlari Ara\u015ftirmalar Merkezi","description":"","potentialAction":[{"@type":"SearchAction","target":{"@type":"EntryPoint","urlTemplate":"https:\/\/akunq.net\/turkish\/?s={search_term_string}"},"query-input":{"@type":"PropertyValueSpecification","valueRequired":true,"valueName":"search_term_string"}}],"inLanguage":"en-US"},{"@type":"Person","@id":"https:\/\/akunq.net\/turkish\/#\/schema\/person\/135e7923d1aeb8887890799619969a6c","name":"kalem","image":{"@type":"ImageObject","inLanguage":"en-US","@id":"https:\/\/secure.gravatar.com\/avatar\/a06875e4b25feb5674296adf8e8a7ae1e587cebce2493fe63c456109967e27d3?s=96&d=mm&r=g","url":"https:\/\/secure.gravatar.com\/avatar\/a06875e4b25feb5674296adf8e8a7ae1e587cebce2493fe63c456109967e27d3?s=96&d=mm&r=g","contentUrl":"https:\/\/secure.gravatar.com\/avatar\/a06875e4b25feb5674296adf8e8a7ae1e587cebce2493fe63c456109967e27d3?s=96&d=mm&r=g","caption":"kalem"},"url":"https:\/\/akunq.net\/turkish\/author\/kalem\/"}]}},"_links":{"self":[{"href":"https:\/\/akunq.net\/turkish\/wp-json\/wp\/v2\/posts\/29651","targetHints":{"allow":["GET"]}}],"collection":[{"href":"https:\/\/akunq.net\/turkish\/wp-json\/wp\/v2\/posts"}],"about":[{"href":"https:\/\/akunq.net\/turkish\/wp-json\/wp\/v2\/types\/post"}],"author":[{"embeddable":true,"href":"https:\/\/akunq.net\/turkish\/wp-json\/wp\/v2\/users\/3"}],"replies":[{"embeddable":true,"href":"https:\/\/akunq.net\/turkish\/wp-json\/wp\/v2\/comments?post=29651"}],"version-history":[{"count":0,"href":"https:\/\/akunq.net\/turkish\/wp-json\/wp\/v2\/posts\/29651\/revisions"}],"wp:attachment":[{"href":"https:\/\/akunq.net\/turkish\/wp-json\/wp\/v2\/media?parent=29651"}],"wp:term":[{"taxonomy":"category","embeddable":true,"href":"https:\/\/akunq.net\/turkish\/wp-json\/wp\/v2\/categories?post=29651"},{"taxonomy":"post_tag","embeddable":true,"href":"https:\/\/akunq.net\/turkish\/wp-json\/wp\/v2\/tags?post=29651"}],"curies":[{"name":"wp","href":"https:\/\/api.w.org\/{rel}","templated":true}]}}