{"id":29637,"date":"2014-04-26T03:34:01","date_gmt":"2014-04-26T08:34:01","guid":{"rendered":"http:\/\/akunq.net\/tr\/?p=29637"},"modified":"2014-04-26T03:34:01","modified_gmt":"2014-04-26T08:34:01","slug":"diyarbakir-baro-baskani-ermeni-halkinin-yasadigi-soykirimdir","status":"publish","type":"post","link":"https:\/\/akunq.net\/turkish\/2014\/04\/26\/diyarbakir-baro-baskani-ermeni-halkinin-yasadigi-soykirimdir\/","title":{"rendered":"Diyarbak\u0131r Baro Ba\u015fkan\u0131: Ermeni Halk\u0131n\u0131n Ya\u015fad\u0131\u011f\u0131 Soyk\u0131r\u0131md\u0131r"},"content":{"rendered":"<p style=\"text-align: justify\"><b><i><a href=\"http:\/\/akunq.net\/tr\/?attachment_id=29638\" rel=\"attachment wp-att-29638\"><img loading=\"lazy\" decoding=\"async\" class=\"alignright size-medium wp-image-29638\" alt=\"Diyarbak\u0131r Baro Ba\u015fkan\u0131\" src=\"http:\/\/akunq.net\/tr\/wp-content\/uploads\/2014\/04\/Diyarbak\u0131r-Baro-Ba\u015fkan\u0131-300x176.jpg\" width=\"300\" height=\"176\" \/><\/a>Diyarbak\u0131r&#8217;da 1915deki olaylarda \u00f6len Ermenilerin anma t\u00f6renine kat\u0131lan Diyarbak\u0131r Barosu Ba\u015fkan\u0131 Tahir El\u00e7i, &#8220;Uluslararas\u0131 hukuka g\u00f6re Ermeni halk\u0131n\u0131n ya\u015fad\u0131\u011f\u0131 uygulama soyk\u0131r\u0131md\u0131r&#8221; dedi. Ba\u015fbakan Recep Tayyip Erdo\u011fan\u0131n a\u00e7\u0131klamas\u0131n\u0131 pozitif bir ad\u0131m olarak g\u00f6rd\u00fc\u011f\u00fcn\u00fc s\u00f6yleyen El\u00e7i, &#8220;Bizim talebimiz Ermeni halk\u0131n\u0131n ya\u015fad\u0131\u011f\u0131 hakikatin ortaya \u00e7\u0131kmas\u0131, soyk\u0131r\u0131m\u0131n tan\u0131nmas\u0131 ve bu soyk\u0131r\u0131ma u\u011frayan ma\u011fdur Ermeniler i\u00e7in adaletin ger\u00e7ekle\u015fmesidir&#8221; diye konu\u015ftu.<\/i><\/b><\/p>\n<p style=\"text-align: justify\">Diyarbak\u0131r\u0131n merkez Sur \u0130l\u00e7esindeki Anzele Park\u0131nda Ortak Vicdan An\u0131t\u0131 \u00f6n\u00fcnde, DTK Halklar ve \u0130nan\u00e7 Komisyonu \u00f6nc\u00fcl\u00fc\u011f\u00fcnde, aralar\u0131nda BDP Diyarbak\u0131r Milletvekili Altan Tan, Diyarbak\u0131r Barosu, \u0130HDnin de bulundu\u011fu sivil toplum \u00f6rg\u00fctleri, 1915 y\u0131l\u0131nda ya\u015fanan olaylarda ya\u015fam\u0131n\u0131 yitiren Ermenileri and\u0131.<\/p>\n<p style=\"text-align: justify\"><b>S\u00dcRYAN\u0130LER DE KATLED\u0130LD\u0130<\/b><\/p>\n<p style=\"text-align: justify\">Diyarbak\u0131r Barosu Ba\u015fkan\u0131 Tahir El\u00e7i, 24 Nisan 1915 tarihinde Ermeni halk\u0131n\u0131n en b\u00fcy\u00fck felaketlerden birini ya\u015fad\u0131\u011f\u0131n\u0131, K\u00fcrt toplumu olarak karde\u015f Ermeni halk\u0131n\u0131n bu ac\u0131s\u0131n\u0131 payla\u015ft\u0131klar\u0131n\u0131 belirterek, \u015f\u00f6yle konu\u015ftu:<\/p>\n<p style=\"text-align: justify\">&#8220;Soyk\u0131r\u0131mda, tehcirde ya\u015fam\u0131n\u0131 yitiren masum Ermenileri bug\u00fcn burada Diyarbak\u0131rda sayg\u0131yla an\u0131yoruz. Ayn\u0131 tarihte Ermeni halk\u0131n\u0131n yan\u0131 s\u0131ra, bu topraklar\u0131n en kadim halklar\u0131ndan biri olan S\u00fcryani halk\u0131 da benzer bir uygulamaya soyk\u0131r\u0131mla maruz kald\u0131. Bu karde\u015f halk\u0131n da ac\u0131s\u0131n\u0131 payla\u015f\u0131yoruz.&#8221;<\/p>\n<p style=\"text-align: justify\"><b>SOYKIRIM TANINSIN<\/b><\/p>\n<p style=\"text-align: justify\">Tahir El\u00e7i, Ba\u015fbakan Erdo\u011fan\u0131n Ermenilere d\u00f6n\u00fck taziye dileklerini i\u00e7eren a\u00e7\u0131klamas\u0131n\u0131 olumlu bulduklar\u0131n\u0131 da vurgulayarak \u015f\u00f6yle dedi:<\/p>\n<p style=\"text-align: justify\">&#8220;Ba\u015fbakan\u0131n a\u00e7\u0131klamas\u0131, genel itibariyle sorunu bundan b\u00f6yle daha rahat tart\u0131\u015fma f\u0131rsat\u0131 yaratm\u0131\u015ft\u0131r. Ba\u015fbakan\u0131n a\u00e7\u0131klamas\u0131n\u0131 pozitif bir ad\u0131m olarak g\u00f6r\u00fcyorum. Ancak \u015f\u00fcphesiz bu a\u00e7\u0131klama bu sorunun tam bir kar\u015f\u0131l\u0131\u011f\u0131 de\u011fildir. Bizim talebimiz Ermeni halk\u0131n\u0131n ya\u015fad\u0131\u011f\u0131 hakikatin ortaya \u00e7\u0131kmas\u0131, soyk\u0131r\u0131m\u0131n tan\u0131nmas\u0131 ve bu soyk\u0131r\u0131ma u\u011frayan ma\u011fdur Ermeniler i\u00e7in adaletin ger\u00e7ekle\u015fmesidir.&#8221;<\/p>\n<p style=\"text-align: justify\"><b>\u00a0<\/b><\/p>\n<p style=\"text-align: justify\"><b>BDPL\u0130 TAN: ZAL\u0130MLER\u0130 LANETL\u0130YORUZ<\/b><\/p>\n<p style=\"text-align: justify\">Merkezi Londrada bulunan Dominas Enstit\u00fcs\u00fcn\u00fcn direkt\u00f6r\u00fc tarih\u00e7i ve yazar Ara Sarafyan da, 1915 y\u0131l\u0131nda Ermeni ve S\u00fcryani y\u0131k\u0131m\u0131ndan sonra di\u011fer pek \u00e7ok dini ve sosyal gruplar\u0131n \u00f6zellikle de K\u00fcrtler, Yezidiler ve Alevilerin devletin zulm\u00fcne u\u011frad\u0131\u011f\u0131n\u0131 s\u00f6yledi.<\/p>\n<p style=\"text-align: justify\">BDP Diyarbak\u0131r Milletvekili Altan Tan ise ac\u0131lar\u0131n yar\u0131\u015ft\u0131r\u0131larak de\u011fil, ac\u0131lar payla\u015f\u0131larak zalimlerin lanetlenerek yeni bir d\u00fcnya kurulabilece\u011fini anlatt\u0131. Tan, &#8220;Bizim inanc\u0131m\u0131za g\u00f6re mazlumun dini, dili, rengi milleti sorulmaz. Mazlum her yerde mazlumdur. Bug\u00fcn 24 Nisan g\u00fcn\u00fcnde de Ermeni halk\u0131n\u0131n u\u011frad\u0131\u011f\u0131 b\u00fcy\u00fck felaketi, soyk\u0131r\u0131m\u0131 anarken b\u00fct\u00fcn zalimlere lanet okuyoruz. Mazlumlara ve ma\u011fdurlara Allahtan rahmet diliyoruz. Yeni bir d\u00fcnya kurulsun art\u0131k bunlar olmas\u0131n diyoruz&#8221; diye konu\u015ftu.<\/p>\n<p style=\"text-align: justify\"><b><i>Ramazan Yavuz- Serdar Sunar <\/i><\/b><\/p>\n<p style=\"text-align: justify\"><b><i>http:\/\/www.sanliurfa.com\/haber182479-Diyarbakir_Baro_Baskani_Ermeni_Halkinin_Yasadigi_Soykirimdir_.html<\/i><\/b><\/p>\n","protected":false},"excerpt":{"rendered":"<p>Diyarbak\u0131r&#8217;da 1915deki olaylarda \u00f6len Ermenilerin anma t\u00f6renine kat\u0131lan Diyarbak\u0131r Barosu Ba\u015fkan\u0131 Tahir El\u00e7i, &#8220;Uluslararas\u0131 hukuka g\u00f6re Ermeni halk\u0131n\u0131n ya\u015fad\u0131\u011f\u0131 uygulama soyk\u0131r\u0131md\u0131r&#8221; dedi. Ba\u015fbakan Recep Tayyip Erdo\u011fan\u0131n a\u00e7\u0131klamas\u0131n\u0131 pozitif bir ad\u0131m olarak g\u00f6rd\u00fc\u011f\u00fcn\u00fc s\u00f6yleyen El\u00e7i, &#8220;Bizim talebimiz Ermeni halk\u0131n\u0131n ya\u015fad\u0131\u011f\u0131 hakikatin ortaya \u00e7\u0131kmas\u0131, soyk\u0131r\u0131m\u0131n tan\u0131nmas\u0131 ve bu soyk\u0131r\u0131ma u\u011frayan ma\u011fdur Ermeniler i\u00e7in adaletin ger\u00e7ekle\u015fmesidir&#8221; diye konu\u015ftu. [&hellip;]<\/p>\n","protected":false},"author":3,"featured_media":0,"comment_status":"open","ping_status":"open","sticky":false,"template":"","format":"standard","meta":{"footnotes":""},"categories":[6,14],"tags":[],"class_list":["post-29637","post","type-post","status-publish","format-standard","hentry","category-ermeni-soykirimi","category-haberler"],"yoast_head":"<!-- This site is optimized with the Yoast SEO plugin v27.4 - https:\/\/yoast.com\/product\/yoast-seo-wordpress\/ -->\n<title>Diyarbak\u0131r Baro Ba\u015fkan\u0131: Ermeni Halk\u0131n\u0131n Ya\u015fad\u0131\u011f\u0131 Soyk\u0131r\u0131md\u0131r - Bati Ermenistan Ve Bati Ermenileri Sorunlari Ara\u015ftirmalar Merkezi<\/title>\n<meta name=\"robots\" content=\"index, follow, max-snippet:-1, max-image-preview:large, max-video-preview:-1\" \/>\n<link rel=\"canonical\" href=\"https:\/\/akunq.net\/turkish\/2014\/04\/26\/diyarbakir-baro-baskani-ermeni-halkinin-yasadigi-soykirimdir\/\" \/>\n<meta property=\"og:locale\" content=\"en_US\" \/>\n<meta property=\"og:type\" content=\"article\" \/>\n<meta property=\"og:title\" content=\"Diyarbak\u0131r Baro Ba\u015fkan\u0131: Ermeni Halk\u0131n\u0131n Ya\u015fad\u0131\u011f\u0131 Soyk\u0131r\u0131md\u0131r - Bati Ermenistan Ve Bati Ermenileri Sorunlari Ara\u015ftirmalar Merkezi\" \/>\n<meta property=\"og:description\" content=\"Diyarbak\u0131r&#8217;da 1915deki olaylarda \u00f6len Ermenilerin anma t\u00f6renine kat\u0131lan Diyarbak\u0131r Barosu Ba\u015fkan\u0131 Tahir El\u00e7i, &#8220;Uluslararas\u0131 hukuka g\u00f6re Ermeni halk\u0131n\u0131n ya\u015fad\u0131\u011f\u0131 uygulama soyk\u0131r\u0131md\u0131r&#8221; dedi. Ba\u015fbakan Recep Tayyip Erdo\u011fan\u0131n a\u00e7\u0131klamas\u0131n\u0131 pozitif bir ad\u0131m olarak g\u00f6rd\u00fc\u011f\u00fcn\u00fc s\u00f6yleyen El\u00e7i, &#8220;Bizim talebimiz Ermeni halk\u0131n\u0131n ya\u015fad\u0131\u011f\u0131 hakikatin ortaya \u00e7\u0131kmas\u0131, soyk\u0131r\u0131m\u0131n tan\u0131nmas\u0131 ve bu soyk\u0131r\u0131ma u\u011frayan ma\u011fdur Ermeniler i\u00e7in adaletin ger\u00e7ekle\u015fmesidir&#8221; diye konu\u015ftu. [&hellip;]\" \/>\n<meta property=\"og:url\" content=\"https:\/\/akunq.net\/turkish\/2014\/04\/26\/diyarbakir-baro-baskani-ermeni-halkinin-yasadigi-soykirimdir\/\" \/>\n<meta property=\"og:site_name\" content=\"Bati Ermenistan Ve Bati Ermenileri Sorunlari Ara\u015ftirmalar Merkezi\" \/>\n<meta property=\"article:published_time\" content=\"2014-04-26T08:34:01+00:00\" \/>\n<meta name=\"author\" content=\"kalem\" \/>\n<meta name=\"twitter:card\" content=\"summary_large_image\" \/>\n<meta name=\"twitter:label1\" content=\"Written by\" \/>\n\t<meta name=\"twitter:data1\" content=\"kalem\" \/>\n\t<meta name=\"twitter:label2\" content=\"Est. reading time\" \/>\n\t<meta name=\"twitter:data2\" content=\"3 minutes\" \/>\n<script type=\"application\/ld+json\" class=\"yoast-schema-graph\">{\"@context\":\"https:\\\/\\\/schema.org\",\"@graph\":[{\"@type\":\"Article\",\"@id\":\"https:\\\/\\\/akunq.net\\\/turkish\\\/2014\\\/04\\\/26\\\/diyarbakir-baro-baskani-ermeni-halkinin-yasadigi-soykirimdir\\\/#article\",\"isPartOf\":{\"@id\":\"https:\\\/\\\/akunq.net\\\/turkish\\\/2014\\\/04\\\/26\\\/diyarbakir-baro-baskani-ermeni-halkinin-yasadigi-soykirimdir\\\/\"},\"author\":{\"name\":\"kalem\",\"@id\":\"https:\\\/\\\/akunq.net\\\/turkish\\\/#\\\/schema\\\/person\\\/135e7923d1aeb8887890799619969a6c\"},\"headline\":\"Diyarbak\u0131r Baro Ba\u015fkan\u0131: Ermeni Halk\u0131n\u0131n Ya\u015fad\u0131\u011f\u0131 Soyk\u0131r\u0131md\u0131r\",\"datePublished\":\"2014-04-26T08:34:01+00:00\",\"mainEntityOfPage\":{\"@id\":\"https:\\\/\\\/akunq.net\\\/turkish\\\/2014\\\/04\\\/26\\\/diyarbakir-baro-baskani-ermeni-halkinin-yasadigi-soykirimdir\\\/\"},\"wordCount\":550,\"commentCount\":0,\"articleSection\":[\"Ermeni Soyk\u0131r\u0131m\u0131\",\"Haberler\"],\"inLanguage\":\"en-US\",\"potentialAction\":[{\"@type\":\"CommentAction\",\"name\":\"Comment\",\"target\":[\"https:\\\/\\\/akunq.net\\\/turkish\\\/2014\\\/04\\\/26\\\/diyarbakir-baro-baskani-ermeni-halkinin-yasadigi-soykirimdir\\\/#respond\"]}]},{\"@type\":\"WebPage\",\"@id\":\"https:\\\/\\\/akunq.net\\\/turkish\\\/2014\\\/04\\\/26\\\/diyarbakir-baro-baskani-ermeni-halkinin-yasadigi-soykirimdir\\\/\",\"url\":\"https:\\\/\\\/akunq.net\\\/turkish\\\/2014\\\/04\\\/26\\\/diyarbakir-baro-baskani-ermeni-halkinin-yasadigi-soykirimdir\\\/\",\"name\":\"Diyarbak\u0131r Baro Ba\u015fkan\u0131: Ermeni Halk\u0131n\u0131n Ya\u015fad\u0131\u011f\u0131 Soyk\u0131r\u0131md\u0131r - Bati Ermenistan Ve Bati Ermenileri Sorunlari Ara\u015ftirmalar Merkezi\",\"isPartOf\":{\"@id\":\"https:\\\/\\\/akunq.net\\\/turkish\\\/#website\"},\"datePublished\":\"2014-04-26T08:34:01+00:00\",\"author\":{\"@id\":\"https:\\\/\\\/akunq.net\\\/turkish\\\/#\\\/schema\\\/person\\\/135e7923d1aeb8887890799619969a6c\"},\"breadcrumb\":{\"@id\":\"https:\\\/\\\/akunq.net\\\/turkish\\\/2014\\\/04\\\/26\\\/diyarbakir-baro-baskani-ermeni-halkinin-yasadigi-soykirimdir\\\/#breadcrumb\"},\"inLanguage\":\"en-US\",\"potentialAction\":[{\"@type\":\"ReadAction\",\"target\":[\"https:\\\/\\\/akunq.net\\\/turkish\\\/2014\\\/04\\\/26\\\/diyarbakir-baro-baskani-ermeni-halkinin-yasadigi-soykirimdir\\\/\"]}]},{\"@type\":\"BreadcrumbList\",\"@id\":\"https:\\\/\\\/akunq.net\\\/turkish\\\/2014\\\/04\\\/26\\\/diyarbakir-baro-baskani-ermeni-halkinin-yasadigi-soykirimdir\\\/#breadcrumb\",\"itemListElement\":[{\"@type\":\"ListItem\",\"position\":1,\"name\":\"Home\",\"item\":\"https:\\\/\\\/akunq.net\\\/turkish\\\/\"},{\"@type\":\"ListItem\",\"position\":2,\"name\":\"Diyarbak\u0131r Baro Ba\u015fkan\u0131: Ermeni Halk\u0131n\u0131n Ya\u015fad\u0131\u011f\u0131 Soyk\u0131r\u0131md\u0131r\"}]},{\"@type\":\"WebSite\",\"@id\":\"https:\\\/\\\/akunq.net\\\/turkish\\\/#website\",\"url\":\"https:\\\/\\\/akunq.net\\\/turkish\\\/\",\"name\":\"Bati Ermenistan Ve Bati Ermenileri Sorunlari Ara\u015ftirmalar Merkezi\",\"description\":\"\",\"potentialAction\":[{\"@type\":\"SearchAction\",\"target\":{\"@type\":\"EntryPoint\",\"urlTemplate\":\"https:\\\/\\\/akunq.net\\\/turkish\\\/?s={search_term_string}\"},\"query-input\":{\"@type\":\"PropertyValueSpecification\",\"valueRequired\":true,\"valueName\":\"search_term_string\"}}],\"inLanguage\":\"en-US\"},{\"@type\":\"Person\",\"@id\":\"https:\\\/\\\/akunq.net\\\/turkish\\\/#\\\/schema\\\/person\\\/135e7923d1aeb8887890799619969a6c\",\"name\":\"kalem\",\"image\":{\"@type\":\"ImageObject\",\"inLanguage\":\"en-US\",\"@id\":\"https:\\\/\\\/secure.gravatar.com\\\/avatar\\\/a06875e4b25feb5674296adf8e8a7ae1e587cebce2493fe63c456109967e27d3?s=96&d=mm&r=g\",\"url\":\"https:\\\/\\\/secure.gravatar.com\\\/avatar\\\/a06875e4b25feb5674296adf8e8a7ae1e587cebce2493fe63c456109967e27d3?s=96&d=mm&r=g\",\"contentUrl\":\"https:\\\/\\\/secure.gravatar.com\\\/avatar\\\/a06875e4b25feb5674296adf8e8a7ae1e587cebce2493fe63c456109967e27d3?s=96&d=mm&r=g\",\"caption\":\"kalem\"},\"url\":\"https:\\\/\\\/akunq.net\\\/turkish\\\/author\\\/kalem\\\/\"}]}<\/script>\n<!-- \/ Yoast SEO plugin. -->","yoast_head_json":{"title":"Diyarbak\u0131r Baro Ba\u015fkan\u0131: Ermeni Halk\u0131n\u0131n Ya\u015fad\u0131\u011f\u0131 Soyk\u0131r\u0131md\u0131r - Bati Ermenistan Ve Bati Ermenileri Sorunlari Ara\u015ftirmalar Merkezi","robots":{"index":"index","follow":"follow","max-snippet":"max-snippet:-1","max-image-preview":"max-image-preview:large","max-video-preview":"max-video-preview:-1"},"canonical":"https:\/\/akunq.net\/turkish\/2014\/04\/26\/diyarbakir-baro-baskani-ermeni-halkinin-yasadigi-soykirimdir\/","og_locale":"en_US","og_type":"article","og_title":"Diyarbak\u0131r Baro Ba\u015fkan\u0131: Ermeni Halk\u0131n\u0131n Ya\u015fad\u0131\u011f\u0131 Soyk\u0131r\u0131md\u0131r - Bati Ermenistan Ve Bati Ermenileri Sorunlari Ara\u015ftirmalar Merkezi","og_description":"Diyarbak\u0131r&#8217;da 1915deki olaylarda \u00f6len Ermenilerin anma t\u00f6renine kat\u0131lan Diyarbak\u0131r Barosu Ba\u015fkan\u0131 Tahir El\u00e7i, &#8220;Uluslararas\u0131 hukuka g\u00f6re Ermeni halk\u0131n\u0131n ya\u015fad\u0131\u011f\u0131 uygulama soyk\u0131r\u0131md\u0131r&#8221; dedi. Ba\u015fbakan Recep Tayyip Erdo\u011fan\u0131n a\u00e7\u0131klamas\u0131n\u0131 pozitif bir ad\u0131m olarak g\u00f6rd\u00fc\u011f\u00fcn\u00fc s\u00f6yleyen El\u00e7i, &#8220;Bizim talebimiz Ermeni halk\u0131n\u0131n ya\u015fad\u0131\u011f\u0131 hakikatin ortaya \u00e7\u0131kmas\u0131, soyk\u0131r\u0131m\u0131n tan\u0131nmas\u0131 ve bu soyk\u0131r\u0131ma u\u011frayan ma\u011fdur Ermeniler i\u00e7in adaletin ger\u00e7ekle\u015fmesidir&#8221; diye konu\u015ftu. [&hellip;]","og_url":"https:\/\/akunq.net\/turkish\/2014\/04\/26\/diyarbakir-baro-baskani-ermeni-halkinin-yasadigi-soykirimdir\/","og_site_name":"Bati Ermenistan Ve Bati Ermenileri Sorunlari Ara\u015ftirmalar Merkezi","article_published_time":"2014-04-26T08:34:01+00:00","author":"kalem","twitter_card":"summary_large_image","twitter_misc":{"Written by":"kalem","Est. reading time":"3 minutes"},"schema":{"@context":"https:\/\/schema.org","@graph":[{"@type":"Article","@id":"https:\/\/akunq.net\/turkish\/2014\/04\/26\/diyarbakir-baro-baskani-ermeni-halkinin-yasadigi-soykirimdir\/#article","isPartOf":{"@id":"https:\/\/akunq.net\/turkish\/2014\/04\/26\/diyarbakir-baro-baskani-ermeni-halkinin-yasadigi-soykirimdir\/"},"author":{"name":"kalem","@id":"https:\/\/akunq.net\/turkish\/#\/schema\/person\/135e7923d1aeb8887890799619969a6c"},"headline":"Diyarbak\u0131r Baro Ba\u015fkan\u0131: Ermeni Halk\u0131n\u0131n Ya\u015fad\u0131\u011f\u0131 Soyk\u0131r\u0131md\u0131r","datePublished":"2014-04-26T08:34:01+00:00","mainEntityOfPage":{"@id":"https:\/\/akunq.net\/turkish\/2014\/04\/26\/diyarbakir-baro-baskani-ermeni-halkinin-yasadigi-soykirimdir\/"},"wordCount":550,"commentCount":0,"articleSection":["Ermeni Soyk\u0131r\u0131m\u0131","Haberler"],"inLanguage":"en-US","potentialAction":[{"@type":"CommentAction","name":"Comment","target":["https:\/\/akunq.net\/turkish\/2014\/04\/26\/diyarbakir-baro-baskani-ermeni-halkinin-yasadigi-soykirimdir\/#respond"]}]},{"@type":"WebPage","@id":"https:\/\/akunq.net\/turkish\/2014\/04\/26\/diyarbakir-baro-baskani-ermeni-halkinin-yasadigi-soykirimdir\/","url":"https:\/\/akunq.net\/turkish\/2014\/04\/26\/diyarbakir-baro-baskani-ermeni-halkinin-yasadigi-soykirimdir\/","name":"Diyarbak\u0131r Baro Ba\u015fkan\u0131: Ermeni Halk\u0131n\u0131n Ya\u015fad\u0131\u011f\u0131 Soyk\u0131r\u0131md\u0131r - Bati Ermenistan Ve Bati Ermenileri Sorunlari Ara\u015ftirmalar Merkezi","isPartOf":{"@id":"https:\/\/akunq.net\/turkish\/#website"},"datePublished":"2014-04-26T08:34:01+00:00","author":{"@id":"https:\/\/akunq.net\/turkish\/#\/schema\/person\/135e7923d1aeb8887890799619969a6c"},"breadcrumb":{"@id":"https:\/\/akunq.net\/turkish\/2014\/04\/26\/diyarbakir-baro-baskani-ermeni-halkinin-yasadigi-soykirimdir\/#breadcrumb"},"inLanguage":"en-US","potentialAction":[{"@type":"ReadAction","target":["https:\/\/akunq.net\/turkish\/2014\/04\/26\/diyarbakir-baro-baskani-ermeni-halkinin-yasadigi-soykirimdir\/"]}]},{"@type":"BreadcrumbList","@id":"https:\/\/akunq.net\/turkish\/2014\/04\/26\/diyarbakir-baro-baskani-ermeni-halkinin-yasadigi-soykirimdir\/#breadcrumb","itemListElement":[{"@type":"ListItem","position":1,"name":"Home","item":"https:\/\/akunq.net\/turkish\/"},{"@type":"ListItem","position":2,"name":"Diyarbak\u0131r Baro Ba\u015fkan\u0131: Ermeni Halk\u0131n\u0131n Ya\u015fad\u0131\u011f\u0131 Soyk\u0131r\u0131md\u0131r"}]},{"@type":"WebSite","@id":"https:\/\/akunq.net\/turkish\/#website","url":"https:\/\/akunq.net\/turkish\/","name":"Bati Ermenistan Ve Bati Ermenileri Sorunlari Ara\u015ftirmalar Merkezi","description":"","potentialAction":[{"@type":"SearchAction","target":{"@type":"EntryPoint","urlTemplate":"https:\/\/akunq.net\/turkish\/?s={search_term_string}"},"query-input":{"@type":"PropertyValueSpecification","valueRequired":true,"valueName":"search_term_string"}}],"inLanguage":"en-US"},{"@type":"Person","@id":"https:\/\/akunq.net\/turkish\/#\/schema\/person\/135e7923d1aeb8887890799619969a6c","name":"kalem","image":{"@type":"ImageObject","inLanguage":"en-US","@id":"https:\/\/secure.gravatar.com\/avatar\/a06875e4b25feb5674296adf8e8a7ae1e587cebce2493fe63c456109967e27d3?s=96&d=mm&r=g","url":"https:\/\/secure.gravatar.com\/avatar\/a06875e4b25feb5674296adf8e8a7ae1e587cebce2493fe63c456109967e27d3?s=96&d=mm&r=g","contentUrl":"https:\/\/secure.gravatar.com\/avatar\/a06875e4b25feb5674296adf8e8a7ae1e587cebce2493fe63c456109967e27d3?s=96&d=mm&r=g","caption":"kalem"},"url":"https:\/\/akunq.net\/turkish\/author\/kalem\/"}]}},"_links":{"self":[{"href":"https:\/\/akunq.net\/turkish\/wp-json\/wp\/v2\/posts\/29637","targetHints":{"allow":["GET"]}}],"collection":[{"href":"https:\/\/akunq.net\/turkish\/wp-json\/wp\/v2\/posts"}],"about":[{"href":"https:\/\/akunq.net\/turkish\/wp-json\/wp\/v2\/types\/post"}],"author":[{"embeddable":true,"href":"https:\/\/akunq.net\/turkish\/wp-json\/wp\/v2\/users\/3"}],"replies":[{"embeddable":true,"href":"https:\/\/akunq.net\/turkish\/wp-json\/wp\/v2\/comments?post=29637"}],"version-history":[{"count":0,"href":"https:\/\/akunq.net\/turkish\/wp-json\/wp\/v2\/posts\/29637\/revisions"}],"wp:attachment":[{"href":"https:\/\/akunq.net\/turkish\/wp-json\/wp\/v2\/media?parent=29637"}],"wp:term":[{"taxonomy":"category","embeddable":true,"href":"https:\/\/akunq.net\/turkish\/wp-json\/wp\/v2\/categories?post=29637"},{"taxonomy":"post_tag","embeddable":true,"href":"https:\/\/akunq.net\/turkish\/wp-json\/wp\/v2\/tags?post=29637"}],"curies":[{"name":"wp","href":"https:\/\/api.w.org\/{rel}","templated":true}]}}