{"id":29634,"date":"2014-04-26T03:25:56","date_gmt":"2014-04-26T08:25:56","guid":{"rendered":"http:\/\/akunq.net\/tr\/?p=29634"},"modified":"2014-04-26T03:25:56","modified_gmt":"2014-04-26T08:25:56","slug":"rusya-ermenileri-erdoganin-aciklamasi-samimi-degil-tazminat-istiyoruz","status":"publish","type":"post","link":"https:\/\/akunq.net\/turkish\/2014\/04\/26\/rusya-ermenileri-erdoganin-aciklamasi-samimi-degil-tazminat-istiyoruz\/","title":{"rendered":"Rusya Ermenileri: Erdo\u011fan&#8217;\u0131n a\u00e7\u0131klamas\u0131 samimi de\u011fil, tazminat istiyoruz"},"content":{"rendered":"<p style=\"text-align: justify\"><b><i><a href=\"http:\/\/akunq.net\/tr\/?attachment_id=29635\" rel=\"attachment wp-att-29635\"><img loading=\"lazy\" decoding=\"async\" class=\"alignright size-medium wp-image-29635\" alt=\"Erdogan\" src=\"http:\/\/akunq.net\/tr\/wp-content\/uploads\/2014\/04\/Erdogan-300x152.jpg\" width=\"300\" height=\"152\" \/><\/a>Ermeni soyk\u0131r\u0131m\u0131n\u0131n 99. y\u0131ld\u00f6n\u00fcm\u00fc vesilesiyle Rusya&#8217;n\u0131n ba\u015fkenti Moskova&#8217;da protesto g\u00f6sterisi yapan Ermeni diasporas\u0131, Ba\u015fbakan Recep Tayyip Erdo\u011fan&#8217;\u0131n 1915 olaylar\u0131yla (<\/i><\/b><b><i>Ermeni<\/i><\/b><b><i>Soyk<\/i><\/b><b><i>\u0131<\/i><\/b><b><i>r<\/i><\/b><b><i>\u0131<\/i><\/b><b><i>m<\/i><\/b><b><i>\u0131<\/i><\/b><b><i>yla<\/i><\/b><b><i>-\u2018<\/i><\/b><b><i>Akunq<\/i><\/b><b><i>\u2019 <\/i><\/b><b><i>web<\/i><\/b><b><i>sayfas<\/i><\/b><b><i>\u0131 <\/i><\/b><b><i>y<\/i><\/b><b><i>\u00f6<\/i><\/b><b><i>neticileri<\/i><\/b><b><i>) ilgili taziye a\u00e7\u0131klamas\u0131n\u0131 samimi ve yeterli bulmad\u0131klar\u0131n\u0131 s\u00f6yledi.<\/i><\/b><\/p>\n<p style=\"text-align: justify\">Ermeni soyk\u0131r\u0131m\u0131n\u0131n 99. y\u0131ld\u00f6n\u00fcm\u00fc vesilesiyle Rusya&#8217;n\u0131n ba\u015fkenti Moskova&#8217;da protesto g\u00f6sterisi yapan Ermeni diasporas\u0131, Ba\u015fbakan Recep Tayyip Erdo\u011fan&#8217;\u0131n 1915 olaylar\u0131yla ilgili taziye a\u00e7\u0131klamas\u0131n\u0131 samimi ve yeterli bulmad\u0131klar\u0131n\u0131 s\u00f6yledi. Ermeni diaspora liderleri, Ankara&#8217;dan soyk\u0131r\u0131m\u0131n tan\u0131nmas\u0131n\u0131 ve gerekli tazminat yasalar\u0131n\u0131n \u00e7\u0131kar\u0131lmas\u0131n\u0131 talep etti.<\/p>\n<p style=\"text-align: justify\">T\u00fcrkiye&#8217;nin Moskova B\u00fcy\u00fckel\u00e7ili\u011fi&#8217;nin 50 metre \u00f6tesinde d\u00fczenlenen protesto g\u00f6sterisine yakla\u015f\u0131k 30 Ermeni kat\u0131ld\u0131. Ellerinde, &#8220;Soyk\u0131r\u0131m\u0131 tan\u0131mamak yeni cinayetler do\u011furur&#8221;, &#8220;Dikkat! Pant\u00fcrkizm tehlikesi!&#8221;, &#8220;Soyk\u0131r\u0131m\u0131 tan\u0131mak b\u00f6lgede bar\u0131\u015f\u0131 sa\u011flar&#8221; ve di\u011fer T\u00fcrkiye kar\u015f\u0131t\u0131 pankartlar a\u00e7an g\u00f6stericiler Ankara&#8217;n\u0131n s\u00f6zde soyk\u0131r\u0131m\u0131 tan\u0131mas\u0131n\u0131 talep etti.<\/p>\n<p style=\"text-align: justify\">Rus g\u00fcvenlik g\u00f6revlilerinin, g\u00f6stericilerin el\u00e7ilik \u00f6n\u00fcne yakla\u015fmamas\u0131 i\u00e7in geni\u015f g\u00fcvenlik \u00f6nlemleri almas\u0131 dikkat \u00e7ekti.<\/p>\n<p style=\"text-align: justify\">\n<p style=\"text-align: justify\"><b>T\u00dcRK\u0130YE 99 YIL SONRA UYGAR OLMAYA BA\u015eLADI<\/b><\/p>\n<p style=\"text-align: justify\">Ba\u015fbakan Erdo\u011fan&#8217;\u0131n Ermeni halk\u0131ndan \u00f6z\u00fcr dilemesini olumlu kar\u015f\u0131lad\u0131klar\u0131n\u0131 ifade eden Rusya Ermenileri Birli\u011fi Ba\u015fkan Yard\u0131mc\u0131s\u0131 Levon Manukyan, &#8220;99 y\u0131l aradan sonra T\u00fcrkiye&#8217;den b\u00f6yle bir a\u00e7\u0131klama gelmesi anlaml\u0131. Bu uygarl\u0131k. Anla\u015f\u0131lan T\u00fcrkler 99 y\u0131l sonra uygar olmaya ba\u015flad\u0131. Ama biz \u00f6ncelikle T\u00fcrkiye&#8217;nin soyk\u0131r\u0131m\u0131 tan\u0131mas\u0131n\u0131 talep ediyoruz. Soyk\u0131r\u0131m\u0131 tan\u0131mayan Ankara&#8217;n\u0131n \u00f6zr\u00fc, ba\u015fsa\u011fl\u0131\u011f\u0131 samimi say\u0131lmaz. Say\u0131lmad\u0131\u011f\u0131 i\u00e7in Erdo\u011fan&#8217;\u0131n a\u00e7\u0131klamas\u0131 Ermeni halk\u0131nda g\u00fcven olu\u015fturmuyor. Zaten daha \u00f6nce de benzer a\u00e7\u0131klamalar oldu. T\u00fcrkiye ortak tarihi komisyonun olu\u015fturulmas\u0131ndan yana. T\u00fcrkler kendisi olu\u015ftursun. Kimler yapt\u0131 bu cinayeti ara\u015ft\u0131rs\u0131nlar. T\u00fcrk halk\u0131 ile d\u00fc\u015fmanl\u0131\u011f\u0131m\u0131z yok. Hatta \u00e7o\u011fu T\u00fcrk aile Ermeni halk\u0131na o s\u0131rada yard\u0131mc\u0131 oldu. Ama ortada bir cinayet var, bunun hukuki nitelendirilmesi yap\u0131lmas\u0131 laz\u0131m.&#8221; ele\u015ftirisinde bulundu.<\/p>\n<p style=\"text-align: justify\">Manukyan, T\u00fcrkiye&#8217;nin Suriye ve Rusya&#8217;n\u0131n Kuzey Kafkasya b\u00f6lgesinde ter\u00f6ristlere destek verdi\u011fini de iddia etti. Manukyan, &#8220;T\u00fcrkiye Ermeni halk\u0131n\u0131n rehabilitasyonu ve vurulan zarar\u0131n tazminat\u0131n \u00f6denmesi i\u00e7in yasalar \u00e7\u0131karmal\u0131. Bunu talep ediyoruz!&#8221; iddias\u0131nda bulundu.<\/p>\n<p style=\"text-align: justify\">\n<p style=\"text-align: justify\"><b>ERDO\u011eAN&#8217;IN A\u00c7IKLAMALARI SAM\u0130M\u0130 DE\u011e\u0130L <\/b><\/p>\n<p style=\"text-align: justify\">Cihan haber Ajans\u0131&#8217;na (Cihan) konu\u015fan Ermeni diaspora te\u015fkilat\u0131 Ba\u015fkan Yard\u0131mc\u0131s\u0131 Manukyan, &#8220;Erdo\u011fan&#8217;\u0131n a\u00e7\u0131klamas\u0131n\u0131 \u015f\u00f6yle de\u011ferlendiriyoruz: T\u00fcrk halk\u0131yla bir i\u015fimiz yok. Genelde k\u00f6t\u00fc halk yok. Bizim davam\u0131z T\u00fcrk y\u00f6netimi ve politikac\u0131lar\u0131yla. Uygar toplumlarda ba\u015fsa\u011fl\u0131\u011f\u0131 taziyesi normal. \u0130yi ki Erdo\u011fan 99 y\u0131l sonra bunu dile getirdi. Ama bunun bizler i\u00e7in kesinlikle bir anlam\u0131 yok. Somut i\u00e7erik yok. T\u00fcrkiye cesaretini ortaya koymal\u0131, soyk\u0131r\u0131m\u0131n\u0131 tan\u0131mal\u0131. Bu olursa o zaman yap\u0131c\u0131 diyalog ger\u00e7ekle\u015ftiririz. Ermeniler yap\u0131c\u0131 diyalog ve iyi kom\u015fuluk istiyor.&#8221; \u015feklinde konu\u015ftu.<\/p>\n<p style=\"text-align: justify\">Cihan&#8217;a konu\u015fan Vartan adl\u0131 Ermeni gen\u00e7, &#8220;Biz Ermeni gen\u00e7leri olarak 24 Nisan 1915&#8217;te ba\u015flayan ve T\u00fcrkiye&#8217;nin Do\u011fu b\u00f6lgesinde ger\u00e7ekle\u015fen soyk\u0131r\u0131m\u0131 ve s\u00fcrg\u00fcn\u00fc anmak i\u00e7in Moskova&#8217;da T\u00fcrkiye B\u00fcy\u00fckel\u00e7ili\u011fi yan\u0131nda topland\u0131k. Bizim iste\u011fimiz intikam de\u011fil adalettir. Erdo\u011fan&#8217;\u0131n d\u00fcn yapt\u0131\u011f\u0131 a\u00e7\u0131klamay\u0131 samimi bulmuyorum, samimiyetten uzak.&#8221; dedi.<\/p>\n<p style=\"text-align: justify\">Ermeni arkada\u015flar\u0131n\u0131 desteklemek i\u00e7in g\u00f6steriye kat\u0131ld\u0131\u011f\u0131n\u0131 anlatan Viktoriya Mezentseva adl\u0131 Rus bayan, &#8220;Ermeni halk\u0131n\u0131n ac\u0131s\u0131n\u0131 payla\u015f\u0131yoruz. Her 24 Nisan&#8217;da ben de biraz Ermeni oluyorum.&#8221; diyerek duygular\u0131n\u0131 aktard\u0131.<\/p>\n<p style=\"text-align: justify\"><b><i>http:\/\/www.haberaktuel.com\/rusya-ermenileri-erdogan-in-aciklamasi-samimi-degil-tazminat-istiyoruz-haberi-868513.html<\/i><\/b><\/p>\n","protected":false},"excerpt":{"rendered":"<p>Ermeni soyk\u0131r\u0131m\u0131n\u0131n 99. y\u0131ld\u00f6n\u00fcm\u00fc vesilesiyle Rusya&#8217;n\u0131n ba\u015fkenti Moskova&#8217;da protesto g\u00f6sterisi yapan Ermeni diasporas\u0131, Ba\u015fbakan Recep Tayyip Erdo\u011fan&#8217;\u0131n 1915 olaylar\u0131yla (ErmeniSoyk\u0131r\u0131m\u0131yla-\u2018Akunq\u2019 websayfas\u0131 y\u00f6neticileri) ilgili taziye a\u00e7\u0131klamas\u0131n\u0131 samimi ve yeterli bulmad\u0131klar\u0131n\u0131 s\u00f6yledi. Ermeni soyk\u0131r\u0131m\u0131n\u0131n 99. y\u0131ld\u00f6n\u00fcm\u00fc vesilesiyle Rusya&#8217;n\u0131n ba\u015fkenti Moskova&#8217;da protesto g\u00f6sterisi yapan Ermeni diasporas\u0131, Ba\u015fbakan Recep Tayyip Erdo\u011fan&#8217;\u0131n 1915 olaylar\u0131yla ilgili taziye a\u00e7\u0131klamas\u0131n\u0131 samimi ve yeterli [&hellip;]<\/p>\n","protected":false},"author":3,"featured_media":0,"comment_status":"open","ping_status":"open","sticky":false,"template":"","format":"standard","meta":{"footnotes":""},"categories":[6,14],"tags":[],"class_list":["post-29634","post","type-post","status-publish","format-standard","hentry","category-ermeni-soykirimi","category-haberler"],"yoast_head":"<!-- This site is optimized with the Yoast SEO plugin v27.4 - https:\/\/yoast.com\/product\/yoast-seo-wordpress\/ -->\n<title>Rusya Ermenileri: Erdo\u011fan&#039;\u0131n a\u00e7\u0131klamas\u0131 samimi de\u011fil, tazminat istiyoruz - Bati Ermenistan Ve Bati Ermenileri Sorunlari Ara\u015ftirmalar Merkezi<\/title>\n<meta name=\"robots\" content=\"index, follow, max-snippet:-1, max-image-preview:large, max-video-preview:-1\" \/>\n<link rel=\"canonical\" href=\"https:\/\/akunq.net\/turkish\/2014\/04\/26\/rusya-ermenileri-erdoganin-aciklamasi-samimi-degil-tazminat-istiyoruz\/\" \/>\n<meta property=\"og:locale\" content=\"en_US\" \/>\n<meta property=\"og:type\" content=\"article\" \/>\n<meta property=\"og:title\" content=\"Rusya Ermenileri: Erdo\u011fan&#039;\u0131n a\u00e7\u0131klamas\u0131 samimi de\u011fil, tazminat istiyoruz - Bati Ermenistan Ve Bati Ermenileri Sorunlari Ara\u015ftirmalar Merkezi\" \/>\n<meta property=\"og:description\" content=\"Ermeni soyk\u0131r\u0131m\u0131n\u0131n 99. y\u0131ld\u00f6n\u00fcm\u00fc vesilesiyle Rusya&#8217;n\u0131n ba\u015fkenti Moskova&#8217;da protesto g\u00f6sterisi yapan Ermeni diasporas\u0131, Ba\u015fbakan Recep Tayyip Erdo\u011fan&#8217;\u0131n 1915 olaylar\u0131yla (ErmeniSoyk\u0131r\u0131m\u0131yla-\u2018Akunq\u2019 websayfas\u0131 y\u00f6neticileri) ilgili taziye a\u00e7\u0131klamas\u0131n\u0131 samimi ve yeterli bulmad\u0131klar\u0131n\u0131 s\u00f6yledi. Ermeni soyk\u0131r\u0131m\u0131n\u0131n 99. y\u0131ld\u00f6n\u00fcm\u00fc vesilesiyle Rusya&#8217;n\u0131n ba\u015fkenti Moskova&#8217;da protesto g\u00f6sterisi yapan Ermeni diasporas\u0131, Ba\u015fbakan Recep Tayyip Erdo\u011fan&#8217;\u0131n 1915 olaylar\u0131yla ilgili taziye a\u00e7\u0131klamas\u0131n\u0131 samimi ve yeterli [&hellip;]\" \/>\n<meta property=\"og:url\" content=\"https:\/\/akunq.net\/turkish\/2014\/04\/26\/rusya-ermenileri-erdoganin-aciklamasi-samimi-degil-tazminat-istiyoruz\/\" \/>\n<meta property=\"og:site_name\" content=\"Bati Ermenistan Ve Bati Ermenileri Sorunlari Ara\u015ftirmalar Merkezi\" \/>\n<meta property=\"article:published_time\" content=\"2014-04-26T08:25:56+00:00\" \/>\n<meta property=\"og:image\" content=\"https:\/\/akunq.net\/turkish\/wp-content\/uploads\/sites\/5\/2014\/04\/Erdogan-1.jpg\" \/>\n\t<meta property=\"og:image:width\" content=\"640\" \/>\n\t<meta property=\"og:image:height\" content=\"325\" \/>\n\t<meta property=\"og:image:type\" content=\"image\/jpeg\" \/>\n<meta name=\"author\" content=\"kalem\" \/>\n<meta name=\"twitter:card\" content=\"summary_large_image\" \/>\n<meta name=\"twitter:label1\" content=\"Written by\" \/>\n\t<meta name=\"twitter:data1\" content=\"kalem\" \/>\n\t<meta name=\"twitter:label2\" content=\"Est. reading time\" \/>\n\t<meta name=\"twitter:data2\" content=\"3 minutes\" \/>\n<script type=\"application\/ld+json\" class=\"yoast-schema-graph\">{\"@context\":\"https:\\\/\\\/schema.org\",\"@graph\":[{\"@type\":\"Article\",\"@id\":\"https:\\\/\\\/akunq.net\\\/turkish\\\/2014\\\/04\\\/26\\\/rusya-ermenileri-erdoganin-aciklamasi-samimi-degil-tazminat-istiyoruz\\\/#article\",\"isPartOf\":{\"@id\":\"https:\\\/\\\/akunq.net\\\/turkish\\\/2014\\\/04\\\/26\\\/rusya-ermenileri-erdoganin-aciklamasi-samimi-degil-tazminat-istiyoruz\\\/\"},\"author\":{\"name\":\"kalem\",\"@id\":\"https:\\\/\\\/akunq.net\\\/turkish\\\/#\\\/schema\\\/person\\\/135e7923d1aeb8887890799619969a6c\"},\"headline\":\"Rusya Ermenileri: Erdo\u011fan&#8217;\u0131n a\u00e7\u0131klamas\u0131 samimi de\u011fil, tazminat istiyoruz\",\"datePublished\":\"2014-04-26T08:25:56+00:00\",\"mainEntityOfPage\":{\"@id\":\"https:\\\/\\\/akunq.net\\\/turkish\\\/2014\\\/04\\\/26\\\/rusya-ermenileri-erdoganin-aciklamasi-samimi-degil-tazminat-istiyoruz\\\/\"},\"wordCount\":677,\"commentCount\":0,\"image\":{\"@id\":\"https:\\\/\\\/akunq.net\\\/turkish\\\/2014\\\/04\\\/26\\\/rusya-ermenileri-erdoganin-aciklamasi-samimi-degil-tazminat-istiyoruz\\\/#primaryimage\"},\"thumbnailUrl\":\"http:\\\/\\\/akunq.net\\\/tr\\\/wp-content\\\/uploads\\\/2014\\\/04\\\/Erdogan-300x152.jpg\",\"articleSection\":[\"Ermeni Soyk\u0131r\u0131m\u0131\",\"Haberler\"],\"inLanguage\":\"en-US\",\"potentialAction\":[{\"@type\":\"CommentAction\",\"name\":\"Comment\",\"target\":[\"https:\\\/\\\/akunq.net\\\/turkish\\\/2014\\\/04\\\/26\\\/rusya-ermenileri-erdoganin-aciklamasi-samimi-degil-tazminat-istiyoruz\\\/#respond\"]}]},{\"@type\":\"WebPage\",\"@id\":\"https:\\\/\\\/akunq.net\\\/turkish\\\/2014\\\/04\\\/26\\\/rusya-ermenileri-erdoganin-aciklamasi-samimi-degil-tazminat-istiyoruz\\\/\",\"url\":\"https:\\\/\\\/akunq.net\\\/turkish\\\/2014\\\/04\\\/26\\\/rusya-ermenileri-erdoganin-aciklamasi-samimi-degil-tazminat-istiyoruz\\\/\",\"name\":\"Rusya Ermenileri: Erdo\u011fan'\u0131n a\u00e7\u0131klamas\u0131 samimi de\u011fil, tazminat istiyoruz - Bati Ermenistan Ve Bati Ermenileri Sorunlari Ara\u015ftirmalar Merkezi\",\"isPartOf\":{\"@id\":\"https:\\\/\\\/akunq.net\\\/turkish\\\/#website\"},\"primaryImageOfPage\":{\"@id\":\"https:\\\/\\\/akunq.net\\\/turkish\\\/2014\\\/04\\\/26\\\/rusya-ermenileri-erdoganin-aciklamasi-samimi-degil-tazminat-istiyoruz\\\/#primaryimage\"},\"image\":{\"@id\":\"https:\\\/\\\/akunq.net\\\/turkish\\\/2014\\\/04\\\/26\\\/rusya-ermenileri-erdoganin-aciklamasi-samimi-degil-tazminat-istiyoruz\\\/#primaryimage\"},\"thumbnailUrl\":\"http:\\\/\\\/akunq.net\\\/tr\\\/wp-content\\\/uploads\\\/2014\\\/04\\\/Erdogan-300x152.jpg\",\"datePublished\":\"2014-04-26T08:25:56+00:00\",\"author\":{\"@id\":\"https:\\\/\\\/akunq.net\\\/turkish\\\/#\\\/schema\\\/person\\\/135e7923d1aeb8887890799619969a6c\"},\"breadcrumb\":{\"@id\":\"https:\\\/\\\/akunq.net\\\/turkish\\\/2014\\\/04\\\/26\\\/rusya-ermenileri-erdoganin-aciklamasi-samimi-degil-tazminat-istiyoruz\\\/#breadcrumb\"},\"inLanguage\":\"en-US\",\"potentialAction\":[{\"@type\":\"ReadAction\",\"target\":[\"https:\\\/\\\/akunq.net\\\/turkish\\\/2014\\\/04\\\/26\\\/rusya-ermenileri-erdoganin-aciklamasi-samimi-degil-tazminat-istiyoruz\\\/\"]}]},{\"@type\":\"ImageObject\",\"inLanguage\":\"en-US\",\"@id\":\"https:\\\/\\\/akunq.net\\\/turkish\\\/2014\\\/04\\\/26\\\/rusya-ermenileri-erdoganin-aciklamasi-samimi-degil-tazminat-istiyoruz\\\/#primaryimage\",\"url\":\"http:\\\/\\\/akunq.net\\\/tr\\\/wp-content\\\/uploads\\\/2014\\\/04\\\/Erdogan-300x152.jpg\",\"contentUrl\":\"http:\\\/\\\/akunq.net\\\/tr\\\/wp-content\\\/uploads\\\/2014\\\/04\\\/Erdogan-300x152.jpg\"},{\"@type\":\"BreadcrumbList\",\"@id\":\"https:\\\/\\\/akunq.net\\\/turkish\\\/2014\\\/04\\\/26\\\/rusya-ermenileri-erdoganin-aciklamasi-samimi-degil-tazminat-istiyoruz\\\/#breadcrumb\",\"itemListElement\":[{\"@type\":\"ListItem\",\"position\":1,\"name\":\"Home\",\"item\":\"https:\\\/\\\/akunq.net\\\/turkish\\\/\"},{\"@type\":\"ListItem\",\"position\":2,\"name\":\"Rusya Ermenileri: Erdo\u011fan&#8217;\u0131n a\u00e7\u0131klamas\u0131 samimi de\u011fil, tazminat istiyoruz\"}]},{\"@type\":\"WebSite\",\"@id\":\"https:\\\/\\\/akunq.net\\\/turkish\\\/#website\",\"url\":\"https:\\\/\\\/akunq.net\\\/turkish\\\/\",\"name\":\"Bati Ermenistan Ve Bati Ermenileri Sorunlari Ara\u015ftirmalar Merkezi\",\"description\":\"\",\"potentialAction\":[{\"@type\":\"SearchAction\",\"target\":{\"@type\":\"EntryPoint\",\"urlTemplate\":\"https:\\\/\\\/akunq.net\\\/turkish\\\/?s={search_term_string}\"},\"query-input\":{\"@type\":\"PropertyValueSpecification\",\"valueRequired\":true,\"valueName\":\"search_term_string\"}}],\"inLanguage\":\"en-US\"},{\"@type\":\"Person\",\"@id\":\"https:\\\/\\\/akunq.net\\\/turkish\\\/#\\\/schema\\\/person\\\/135e7923d1aeb8887890799619969a6c\",\"name\":\"kalem\",\"image\":{\"@type\":\"ImageObject\",\"inLanguage\":\"en-US\",\"@id\":\"https:\\\/\\\/secure.gravatar.com\\\/avatar\\\/a06875e4b25feb5674296adf8e8a7ae1e587cebce2493fe63c456109967e27d3?s=96&d=mm&r=g\",\"url\":\"https:\\\/\\\/secure.gravatar.com\\\/avatar\\\/a06875e4b25feb5674296adf8e8a7ae1e587cebce2493fe63c456109967e27d3?s=96&d=mm&r=g\",\"contentUrl\":\"https:\\\/\\\/secure.gravatar.com\\\/avatar\\\/a06875e4b25feb5674296adf8e8a7ae1e587cebce2493fe63c456109967e27d3?s=96&d=mm&r=g\",\"caption\":\"kalem\"},\"url\":\"https:\\\/\\\/akunq.net\\\/turkish\\\/author\\\/kalem\\\/\"}]}<\/script>\n<!-- \/ Yoast SEO plugin. -->","yoast_head_json":{"title":"Rusya Ermenileri: Erdo\u011fan'\u0131n a\u00e7\u0131klamas\u0131 samimi de\u011fil, tazminat istiyoruz - Bati Ermenistan Ve Bati Ermenileri Sorunlari Ara\u015ftirmalar Merkezi","robots":{"index":"index","follow":"follow","max-snippet":"max-snippet:-1","max-image-preview":"max-image-preview:large","max-video-preview":"max-video-preview:-1"},"canonical":"https:\/\/akunq.net\/turkish\/2014\/04\/26\/rusya-ermenileri-erdoganin-aciklamasi-samimi-degil-tazminat-istiyoruz\/","og_locale":"en_US","og_type":"article","og_title":"Rusya Ermenileri: Erdo\u011fan'\u0131n a\u00e7\u0131klamas\u0131 samimi de\u011fil, tazminat istiyoruz - Bati Ermenistan Ve Bati Ermenileri Sorunlari Ara\u015ftirmalar Merkezi","og_description":"Ermeni soyk\u0131r\u0131m\u0131n\u0131n 99. y\u0131ld\u00f6n\u00fcm\u00fc vesilesiyle Rusya&#8217;n\u0131n ba\u015fkenti Moskova&#8217;da protesto g\u00f6sterisi yapan Ermeni diasporas\u0131, Ba\u015fbakan Recep Tayyip Erdo\u011fan&#8217;\u0131n 1915 olaylar\u0131yla (ErmeniSoyk\u0131r\u0131m\u0131yla-\u2018Akunq\u2019 websayfas\u0131 y\u00f6neticileri) ilgili taziye a\u00e7\u0131klamas\u0131n\u0131 samimi ve yeterli bulmad\u0131klar\u0131n\u0131 s\u00f6yledi. Ermeni soyk\u0131r\u0131m\u0131n\u0131n 99. y\u0131ld\u00f6n\u00fcm\u00fc vesilesiyle Rusya&#8217;n\u0131n ba\u015fkenti Moskova&#8217;da protesto g\u00f6sterisi yapan Ermeni diasporas\u0131, Ba\u015fbakan Recep Tayyip Erdo\u011fan&#8217;\u0131n 1915 olaylar\u0131yla ilgili taziye a\u00e7\u0131klamas\u0131n\u0131 samimi ve yeterli [&hellip;]","og_url":"https:\/\/akunq.net\/turkish\/2014\/04\/26\/rusya-ermenileri-erdoganin-aciklamasi-samimi-degil-tazminat-istiyoruz\/","og_site_name":"Bati Ermenistan Ve Bati Ermenileri Sorunlari Ara\u015ftirmalar Merkezi","article_published_time":"2014-04-26T08:25:56+00:00","og_image":[{"width":640,"height":325,"url":"https:\/\/akunq.net\/turkish\/wp-content\/uploads\/sites\/5\/2014\/04\/Erdogan-1.jpg","type":"image\/jpeg"}],"author":"kalem","twitter_card":"summary_large_image","twitter_misc":{"Written by":"kalem","Est. reading time":"3 minutes"},"schema":{"@context":"https:\/\/schema.org","@graph":[{"@type":"Article","@id":"https:\/\/akunq.net\/turkish\/2014\/04\/26\/rusya-ermenileri-erdoganin-aciklamasi-samimi-degil-tazminat-istiyoruz\/#article","isPartOf":{"@id":"https:\/\/akunq.net\/turkish\/2014\/04\/26\/rusya-ermenileri-erdoganin-aciklamasi-samimi-degil-tazminat-istiyoruz\/"},"author":{"name":"kalem","@id":"https:\/\/akunq.net\/turkish\/#\/schema\/person\/135e7923d1aeb8887890799619969a6c"},"headline":"Rusya Ermenileri: Erdo\u011fan&#8217;\u0131n a\u00e7\u0131klamas\u0131 samimi de\u011fil, tazminat istiyoruz","datePublished":"2014-04-26T08:25:56+00:00","mainEntityOfPage":{"@id":"https:\/\/akunq.net\/turkish\/2014\/04\/26\/rusya-ermenileri-erdoganin-aciklamasi-samimi-degil-tazminat-istiyoruz\/"},"wordCount":677,"commentCount":0,"image":{"@id":"https:\/\/akunq.net\/turkish\/2014\/04\/26\/rusya-ermenileri-erdoganin-aciklamasi-samimi-degil-tazminat-istiyoruz\/#primaryimage"},"thumbnailUrl":"http:\/\/akunq.net\/tr\/wp-content\/uploads\/2014\/04\/Erdogan-300x152.jpg","articleSection":["Ermeni Soyk\u0131r\u0131m\u0131","Haberler"],"inLanguage":"en-US","potentialAction":[{"@type":"CommentAction","name":"Comment","target":["https:\/\/akunq.net\/turkish\/2014\/04\/26\/rusya-ermenileri-erdoganin-aciklamasi-samimi-degil-tazminat-istiyoruz\/#respond"]}]},{"@type":"WebPage","@id":"https:\/\/akunq.net\/turkish\/2014\/04\/26\/rusya-ermenileri-erdoganin-aciklamasi-samimi-degil-tazminat-istiyoruz\/","url":"https:\/\/akunq.net\/turkish\/2014\/04\/26\/rusya-ermenileri-erdoganin-aciklamasi-samimi-degil-tazminat-istiyoruz\/","name":"Rusya Ermenileri: Erdo\u011fan'\u0131n a\u00e7\u0131klamas\u0131 samimi de\u011fil, tazminat istiyoruz - Bati Ermenistan Ve Bati Ermenileri Sorunlari Ara\u015ftirmalar Merkezi","isPartOf":{"@id":"https:\/\/akunq.net\/turkish\/#website"},"primaryImageOfPage":{"@id":"https:\/\/akunq.net\/turkish\/2014\/04\/26\/rusya-ermenileri-erdoganin-aciklamasi-samimi-degil-tazminat-istiyoruz\/#primaryimage"},"image":{"@id":"https:\/\/akunq.net\/turkish\/2014\/04\/26\/rusya-ermenileri-erdoganin-aciklamasi-samimi-degil-tazminat-istiyoruz\/#primaryimage"},"thumbnailUrl":"http:\/\/akunq.net\/tr\/wp-content\/uploads\/2014\/04\/Erdogan-300x152.jpg","datePublished":"2014-04-26T08:25:56+00:00","author":{"@id":"https:\/\/akunq.net\/turkish\/#\/schema\/person\/135e7923d1aeb8887890799619969a6c"},"breadcrumb":{"@id":"https:\/\/akunq.net\/turkish\/2014\/04\/26\/rusya-ermenileri-erdoganin-aciklamasi-samimi-degil-tazminat-istiyoruz\/#breadcrumb"},"inLanguage":"en-US","potentialAction":[{"@type":"ReadAction","target":["https:\/\/akunq.net\/turkish\/2014\/04\/26\/rusya-ermenileri-erdoganin-aciklamasi-samimi-degil-tazminat-istiyoruz\/"]}]},{"@type":"ImageObject","inLanguage":"en-US","@id":"https:\/\/akunq.net\/turkish\/2014\/04\/26\/rusya-ermenileri-erdoganin-aciklamasi-samimi-degil-tazminat-istiyoruz\/#primaryimage","url":"http:\/\/akunq.net\/tr\/wp-content\/uploads\/2014\/04\/Erdogan-300x152.jpg","contentUrl":"http:\/\/akunq.net\/tr\/wp-content\/uploads\/2014\/04\/Erdogan-300x152.jpg"},{"@type":"BreadcrumbList","@id":"https:\/\/akunq.net\/turkish\/2014\/04\/26\/rusya-ermenileri-erdoganin-aciklamasi-samimi-degil-tazminat-istiyoruz\/#breadcrumb","itemListElement":[{"@type":"ListItem","position":1,"name":"Home","item":"https:\/\/akunq.net\/turkish\/"},{"@type":"ListItem","position":2,"name":"Rusya Ermenileri: Erdo\u011fan&#8217;\u0131n a\u00e7\u0131klamas\u0131 samimi de\u011fil, tazminat istiyoruz"}]},{"@type":"WebSite","@id":"https:\/\/akunq.net\/turkish\/#website","url":"https:\/\/akunq.net\/turkish\/","name":"Bati Ermenistan Ve Bati Ermenileri Sorunlari Ara\u015ftirmalar Merkezi","description":"","potentialAction":[{"@type":"SearchAction","target":{"@type":"EntryPoint","urlTemplate":"https:\/\/akunq.net\/turkish\/?s={search_term_string}"},"query-input":{"@type":"PropertyValueSpecification","valueRequired":true,"valueName":"search_term_string"}}],"inLanguage":"en-US"},{"@type":"Person","@id":"https:\/\/akunq.net\/turkish\/#\/schema\/person\/135e7923d1aeb8887890799619969a6c","name":"kalem","image":{"@type":"ImageObject","inLanguage":"en-US","@id":"https:\/\/secure.gravatar.com\/avatar\/a06875e4b25feb5674296adf8e8a7ae1e587cebce2493fe63c456109967e27d3?s=96&d=mm&r=g","url":"https:\/\/secure.gravatar.com\/avatar\/a06875e4b25feb5674296adf8e8a7ae1e587cebce2493fe63c456109967e27d3?s=96&d=mm&r=g","contentUrl":"https:\/\/secure.gravatar.com\/avatar\/a06875e4b25feb5674296adf8e8a7ae1e587cebce2493fe63c456109967e27d3?s=96&d=mm&r=g","caption":"kalem"},"url":"https:\/\/akunq.net\/turkish\/author\/kalem\/"}]}},"_links":{"self":[{"href":"https:\/\/akunq.net\/turkish\/wp-json\/wp\/v2\/posts\/29634","targetHints":{"allow":["GET"]}}],"collection":[{"href":"https:\/\/akunq.net\/turkish\/wp-json\/wp\/v2\/posts"}],"about":[{"href":"https:\/\/akunq.net\/turkish\/wp-json\/wp\/v2\/types\/post"}],"author":[{"embeddable":true,"href":"https:\/\/akunq.net\/turkish\/wp-json\/wp\/v2\/users\/3"}],"replies":[{"embeddable":true,"href":"https:\/\/akunq.net\/turkish\/wp-json\/wp\/v2\/comments?post=29634"}],"version-history":[{"count":0,"href":"https:\/\/akunq.net\/turkish\/wp-json\/wp\/v2\/posts\/29634\/revisions"}],"wp:attachment":[{"href":"https:\/\/akunq.net\/turkish\/wp-json\/wp\/v2\/media?parent=29634"}],"wp:term":[{"taxonomy":"category","embeddable":true,"href":"https:\/\/akunq.net\/turkish\/wp-json\/wp\/v2\/categories?post=29634"},{"taxonomy":"post_tag","embeddable":true,"href":"https:\/\/akunq.net\/turkish\/wp-json\/wp\/v2\/tags?post=29634"}],"curies":[{"name":"wp","href":"https:\/\/api.w.org\/{rel}","templated":true}]}}