{"id":29624,"date":"2014-04-26T02:43:02","date_gmt":"2014-04-26T07:43:02","guid":{"rendered":"http:\/\/akunq.net\/tr\/?p=29624"},"modified":"2014-04-26T02:43:02","modified_gmt":"2014-04-26T07:43:02","slug":"erdoganin-manevrasi-inkarin-devami","status":"publish","type":"post","link":"https:\/\/akunq.net\/turkish\/2014\/04\/26\/erdoganin-manevrasi-inkarin-devami\/","title":{"rendered":"Erdo\u011fan\u2019\u0131n manevras\u0131 inkar\u0131n devam\u0131"},"content":{"rendered":"<p style=\"text-align: justify\"><b><i><a href=\"http:\/\/akunq.net\/tr\/?attachment_id=29625\" rel=\"attachment wp-att-29625\"><img loading=\"lazy\" decoding=\"async\" class=\"alignright size-medium wp-image-29625\" alt=\"\u0130sve\u00e7 Ermeni Federasyonu\" src=\"http:\/\/akunq.net\/tr\/wp-content\/uploads\/2014\/04\/\u0130sve\u00e7-Ermeni-Federasyonu-300x198.jpg\" width=\"300\" height=\"198\" \/><\/a>\u0130sve\u00e7 Ermeni Federasyonu, Seyfo Center ve ABD\u2019de konu ile ilgili ara\u015ft\u0131rmalar yapan uzmanlar T\u00fcrk Ba\u015fbakan Recep Tayyip Erdo\u011fan\u2019\u0131n 1915 Ermeni, Asuri soyk\u0131r\u0131m\u0131n\u0131n 99. y\u0131ld\u00f6n\u00fcm\u00fc dolay\u0131s\u0131yla yapt\u0131\u011f\u0131 a\u00e7\u0131klamay\u0131, soyk\u0131r\u0131m\u0131n\u0131n 100. y\u0131ld\u00f6n\u00fcm\u00fc dolay\u0131s\u0131yla yap\u0131lacak \u00e7al\u0131\u015fmalar\u0131 engellemeye y\u00f6nelik bir manavra oldu\u011fu de\u011ferlendirmesini yapt\u0131lar. Ger\u00e7ek ve kal\u0131c\u0131 bir uzla\u015fman\u0131n yolunun hi\u00e7 bir ka\u00e7ama\u011fa ba\u015fvurmadan soyk\u0131r\u0131m\u0131n\u0131n kabul\u00fc ve \u00f6z\u00fcr dilenmesinden ge\u00e7ti\u011fini belirttiler.<\/i><\/b><\/p>\n<p style=\"text-align: justify\">Yaz\u0131l\u0131 bir a\u00e7\u0131klama yapan \u0130sve\u00e7 Ermeni Federasyonu, Erdo\u011fan\u2019\u0131n a\u00e7\u0131klamalar\u0131n\u0131n uluslararas\u0131 medyada olumlu kar\u015f\u0131land\u0131\u011f\u0131, tepkilerin olumlu olmas\u0131n\u0131n Birinci D\u00fcnya Sava\u015f\u0131\u2019ndan bu yana ilk kez bir T\u00fcrk devlet g\u00f6revlisinin kulland\u0131\u011f\u0131 en uzla\u015fmac\u0131 bir usl\u00fcp olmas\u0131ndan ileri geldi\u011fi de\u011ferlendirmesini yap\u0131yor.<\/p>\n<p style=\"text-align: justify\">\n<p style=\"text-align: justify\"><b>ERDO\u011eAN \u0130NKAR POL\u0130T\u0130KASINI S\u00dcRD\u00dcR\u00dcYOR<\/b><\/p>\n<p style=\"text-align: justify\">Erdo\u011fan\u2019\u0131n a\u00e7\u0131klamas\u0131na temkinli bir iyiserlikle yakla\u015f\u0131lsa da, bir b\u00fct\u00fcn olarak mektubun T\u00fcrkiye\u2019nin soyk\u0131r\u0131ma ve uluslararas\u0131 tan\u0131nmas\u0131na y\u00f6nelik T\u00fcrkiye\u2019nin bug\u00fcne kadar s\u00fcrd\u00fcrd\u00fc\u011f\u00fc inkar politikas\u0131n\u0131 yans\u0131tt\u0131\u011f\u0131 ifade ediliyor.<\/p>\n<p style=\"text-align: justify\">Soyk\u0131r\u0131m\u0131n y\u0131ld\u00f6n\u00fcm\u00fc 24 Nisan\u2019da buna benzer ad\u0131mlar\u0131n at\u0131lmas\u0131n\u0131n ve a\u00e7\u0131klamalar yap\u0131lmas\u0131n\u0131n ola\u011fan d\u0131\u015f\u0131 olmad\u0131\u011f\u0131 belirtilen a\u00e7\u0131klamada bu g\u00fcne dek yap\u0131lan en uzla\u015f\u0131c\u0131 bir bir ton g\u00f6r\u00fcnt\u00fcs\u00fc veren bu t\u00fcr jestlerin yan\u0131lt\u0131c\u0131 bir manevra oldu\u011fu, ger\u00e7ek amac\u0131n soyk\u0131r\u0131m\u0131n\u0131n uluslararas\u0131 tan\u0131nmas\u0131n\u0131n engellenmesine y\u00f6nelik oldu\u011fu de\u011ferlendirmesi yap\u0131l\u0131yor.<\/p>\n<p style=\"text-align: justify\">Erdo\u011fan\u2019\u0131n beklenmedik mavenras\u0131n\u0131n \u00f6n\u00fcm\u00fczdeki y\u0131l 100. y\u0131l\u0131na girecek olan soyk\u0131r\u0131m\u0131n\u0131n tan\u0131nmas\u0131 i\u00e7in d\u00fcnya \u00e7ap\u0131nda s\u00fcren \u00e7al\u0131\u015fma ve etkinlikler \u0131\u015f\u0131\u011f\u0131nda de\u011ferlendirilmesi gerekti\u011fini belirten Ermeni Federasyonu, bundan k\u0131sa bir s\u00fcre \u00f6nce T\u00fcrk D\u0131\u015f\u0131\u015fleri Bakanl\u0131\u011f\u0131n\u0131n \u201cS\u00f6zde soyk\u0131r\u0131ma kar\u015f\u0131 kar\u015f\u0131 \u00f6nlemler al\u0131nmas\u0131 i\u00e7in\u201d a\u00e7\u0131klama yapt\u0131\u011f\u0131 hat\u0131rlat\u0131yor. Birbiriyle \u00e7eli\u015fen bu bile\u015fimden dolay\u0131 Erdo\u011fan\u2019\u0131n a\u00e7\u0131klamas\u0131na ihtiyatl\u0131 yakla\u015f\u0131lmas\u0131 gerekti\u011fine vurgu yap\u0131l\u0131yor.<\/p>\n<p style=\"text-align: justify\">Erdo\u011fan\u2019\u0131n taziye mektubunun bir b\u00fct\u00fcn olarak inceendi\u011finde resmi inkar politikas\u0131ndan farkl\u0131 olmad\u0131\u011f\u0131n\u0131n t\u00fcm a\u00e7\u0131kl\u0131\u011f\u0131yla ortaya \u00e7\u0131kt\u0131\u011f\u0131na, Ermenilerin yazg\u0131s\u0131ndan de\u011fil, sava\u015f y\u0131llar\u0131nda herkese zarar veren trajiden s\u00f6z edildi\u011fine ve konunun tarih\u00e7ilere havale edildi\u011fine dikkat \u00e7ekiliyor.<\/p>\n<p style=\"text-align: justify\">\n<p style=\"text-align: justify\"><b>T\u00dcRK\u0130YE\u2019N\u0130N MANEVRALARI G\u00dcVENS\u0130ZL\u0130\u011eE YOL A\u00c7IYOR<\/b><\/p>\n<p style=\"text-align: justify\">\u201cYap\u0131c\u0131 ad\u0131mlar g\u00f6rmezden gelinmemeli, uzla\u015fma i\u00e7in uzat\u0131lan ele hay\u0131r denmemeli. Ermeni Federasyonu \u015fefafl\u0131\u011fa yol a\u00e7acak her t\u00fcrl\u00fc ad\u0131ma, d\u00fcnya ve blilim d\u00fcnyas\u0131n\u0131n uzun y\u0131llardan beri kabullendi\u011fi ger\u00e7eklerin konu\u015fulma iste\u011fini sevin\u00e7le kar\u015f\u0131lar\u201d diyen Ermeni Federasyonu, T\u00fcrkiye\u2019nin daha \u00f6nceleri de uzla\u015fmak i\u00e7in giri\u015fimde bulundu\u011fu hat\u0131rlat\u0131yor, ancak bunun soyk\u0131r\u0131m\u0131n\u0131n uluslararas\u0131 camia taraf\u0131ndan kabul edilmesini engellemek amac\u0131yla yapt\u0131\u011f\u0131n\u0131n a\u00e7\u0131\u011fa \u00e7\u0131kmas\u0131n\u0131n g\u00fcvensizli\u011fe neden oldu\u011funu belirtiyor.<\/p>\n<p style=\"text-align: justify\">T\u00fcrkiye\u2019nin a\u00e7\u0131klamas\u0131nda samimi oldu\u011funu g\u00f6stermesi i\u00e7in inkar politikas\u0131ndan vazge\u00e7mesi, cesaret g\u00f6stererek soyk\u0131r\u0131m\u0131 kabul etmesi, Ermenistan\u2019a uygulad\u0131\u011f\u0131 ambargoyu kald\u0131rmas\u0131 ve s\u0131n\u0131rlar\u0131 a\u00e7mas\u0131 gerekti\u011fini belirten Ermeni Federasyonu ,\u201cHi\u00e7bir ka\u00e7ama\u011fa ba\u015fvurmadan \u00f6nce soyk\u0131r\u0131m\u0131n kabul\u00fc ve \u00f6z\u00fcr dilenmesiyle taraflar aras\u0131nda ger\u00e7ek ve kal\u0131c\u0131 bir uzla\u015fma sa\u011flanabilir\u201d diyor.<\/p>\n<p style=\"text-align: justify\">\n<p style=\"text-align: justify\"><b>ERDO\u011eAN\u2019IN MANEVRASI \u0130NKAR POL\u0130T\u0130KASINA Y\u00d6NEL\u0130K ELE\u015eT\u0130R\u0130LER\u0130 YUMU\u015eATMAYI AMA\u00c7LIYOR<\/b><\/p>\n<p style=\"text-align: justify\">\n<p style=\"text-align: justify\">Soyk\u0131r\u0131m konusunda yapt\u0131\u011f\u0131 \u00e7al\u0131\u015fmalarla tan\u0131nan Seyfo Center\u2019in Ba\u015fkan\u0131 Sabri Atman, Erdo\u011fan\u2019\u0131n taziye a\u00e7\u0131klamas\u0131n\u0131n tamamen politik bir manevra oldu\u011fu d\u00fc\u015f\u00fcncesinde. T\u00fcrkiye\u2019nin i\u00e7 ve d\u0131\u015f dinamiklerinin Erdo\u011fan\u2019\u0131 b\u00f6ylesi bir a\u00e7\u0131klama yapmak zorunda b\u0131rakt\u0131\u011f\u0131n\u0131. Soyk\u0131r\u0131m\u0131n 100. y\u0131ld\u00f6n\u00fcm\u00fcnde T\u00fcrk devletinin inkar politikas\u0131na kar\u015f\u0131 ele\u015ftiri ve tepkileri yumu\u015fatmay\u0131 ama\u00e7lad\u0131\u011f\u0131n\u0131 s\u00f6yl\u00fcyor.<\/p>\n<p style=\"text-align: justify\">Erdo\u011fan\u2019\u0131n \u201cTaziye\u201d a\u00e7\u0131klamas\u0131n\u0131n samimi olmad\u0131\u011f\u0131n\u0131 d\u00fc\u015f\u00fcnen Atman, \u201cT\u00fcrkiye Devleti ve Ba\u015fbakan\u0131 Tayyip Erdo\u011fan\u2019\u0131n yapt\u0131\u011f\u0131 a\u00e7\u0131klama, resmi inkar tezinin farkl\u0131 s\u00f6zc\u00fcklerle ifade edilmesinden ba\u015fka bir \u015fey de\u011fildir. \u2018Birinci D\u00fcnya Sava\u015f\u0131 s\u0131ras\u0131nda ya\u015fanan olaylar\u0131n hem T\u00fcrk halk\u0131 hem de Ermeni halk\u0131na ac\u0131 g\u00fcnler ya\u015fatt\u0131\u2019 \u015feklindeki ifadesi, eski bir ifadedir. Dahas\u0131 Recep Tayyip Erdo\u011fan, d\u00fcnyay\u0131 aldatmaya \u00e7al\u0131\u015fmaktad\u0131r. Ayn\u0131 soyk\u0131r\u0131mdan ge\u00e7irilen S\u00fcryanileri a\u011fz\u0131na almamaktad\u0131r. Fakat hat\u0131rlatmas\u0131 bizden olacakt\u0131r. Soyk\u0131r\u0131m insanl\u0131\u011fa kar\u015f\u0131 i\u015flenmi\u015f a\u011f\u0131r bir su\u00e7tur. Bunu politik manevralarla ge\u00e7i\u015ftirmek m\u00fcmk\u00fcn de\u011fildir. T\u00fcrk Devleti soyk\u0131r\u0131m gibi a\u011f\u0131r bir y\u00fck\u00fc omuzlar\u0131nda ta\u015f\u0131yarak gelece\u011fe do\u011fru ad\u0131mlar atmas\u0131 m\u00fcmk\u00fcn de\u011fildir\u201d diyor.<\/p>\n<p style=\"text-align: justify\">Osmanl\u0131 co\u011frafyas\u0131nda soyk\u0131r\u0131ma u\u011fram\u0131\u015f Ermeni, S\u00fcryani, Rum, Ezidi ve Araplar\u0131n torunlar\u0131n\u0131n politik manevralarla soyk\u0131r\u0131m\u0131n\u0131n inkar edilmesine izin vermeyeceklerini ifade ediyor.<\/p>\n<p style=\"text-align: justify\">\n<p style=\"text-align: justify\"><b>ERDO\u011eAN\u2019IN A\u00c7IKLAMASI SOYKIRIMIN KABUL ED\u0130LMES\u0130 Y\u00d6N\u00dcNDE ATILMI\u015e \u0130LER\u0130 B\u0130R ADIM DE\u011e\u0130L<\/b><\/p>\n<p style=\"text-align: justify\">ABD\u2019de Clark \u00dcniversitesi Tarih B\u00f6l\u00fcm\u00fc Holocaust and Genocide Studies Merkezi&#8217;nde doktora \u00f6\u011frencisi olan Asya Darbinyan, Erdo\u011fan\u2019\u0131n Ermenilerin soyk\u0131r\u0131m\u0131 kurbanlar\u0131n\u0131 anmalar\u0131ndan bir g\u00fcn \u00f6nce yapt\u0131\u011f\u0131 diplomatik \u00e7\u0131k\u0131\u015f\u0131n bir \u00e7ok a\u00e7\u0131dan d\u00fc\u015f\u00fcnd\u00fcr\u00fcc\u00fc oldu\u011funu s\u00f6yl\u00fcyor.<\/p>\n<p style=\"text-align: justify\">Erdo\u011fan\u2019\u0131n soyk\u0131r\u0131mdan \u201cTehcir\u201d, sok\u0131r\u0131m\u0131nda katledilenlerden \u201cBirinci D\u00fcnya \u015eava\u015f\u0131 olaylar\u0131nda hayatlar\u0131n\u0131 kaybedenler\u201d gibi deyimler kullanmas\u0131na ve ac\u0131lar\u0131n farkl\u0131 etnik k\u00f6ken ve dinden b\u00fct\u00fcn Osmanl\u0131 vatanda\u015flar\u0131n\u0131 kapsad\u0131\u011f\u0131n\u0131 s\u00f6ylemesine tepki g\u00f6steriyor.<\/p>\n<p style=\"text-align: justify\">Ermenilerin sistematik bir bi\u00e7imde i\u015fkence, tehcir ve tecav\u00fcze u\u011frayarak soyk\u0131r\u0131mdan ge\u00e7irildi\u011fini belirten Darbinyan, \u201cBirinci D\u00fcnya Sava\u015f\u0131nda B\u00fct\u00fcn Osmanl\u0131 vatanda\u015flar\u0131n\u0131n \u2018benzer ko\u015fullar alt\u0131nda\u2019 alt\u0131nda ac\u0131 ya\u015fad\u0131\u011f\u0131 vurgusu, soyk\u0131r\u0131m\u0131n ba\u015fka bir \u015fekilde inkar\u0131d\u0131r. Bu y\u00fczden Erdo\u011fan\u2019\u0131n \u00e7a\u011fr\u0131s\u0131n\u0131, Ermeni soyk\u0131r\u0131m\u0131n\u0131n kabul edilmesi y\u00f6n\u00fcnde at\u0131lm\u0131\u015f illeri bir ad\u0131m olarak, g\u00f6rm\u00fcyorum\u201d \u015feklinde konu\u015fuyor.<\/p>\n<p style=\"text-align: justify\">\n<p style=\"text-align: justify\"><b>ERDO\u011eAN\u2019IN DEMEC\u0130 T\u00dcRK\u0130YE\u2019N\u0130N \u0130NKAR POL\u0130T\u0130KASININ B PLANIDIR<\/b><\/p>\n<p style=\"text-align: justify\">Ayn\u0131 \u00fcniversitede ara\u015ft\u0131rmac\u0131 olarak g\u00f6rev yapan Mari Hovhannisyan, Erdo\u011fan\u2019\u0131n a\u00e7\u0131klamas\u0131yla 99 y\u0131ld\u0131r inkar edilen Ermeni soyk\u0131r\u0131m\u0131n\u0131n yeni ba\u015ftan sinsi ve tehlikeli bir d\u00f6nemece girdi\u011fini belirttikten sonra, \u201cErmeni Soyk\u0131r\u0131m\u0131\u2019n\u0131n 99. Y\u0131ld\u00f6n\u00fcm\u00fcnden bir g\u00fcn \u00f6nce, T\u00fcrkiye Ba\u015fbakan\u0131 Recep Tayyip Erdo\u011fan\u2019\u0131n 1915-1923 ile ilgili demeci soyk\u0131r\u0131m kurbanlar\u0131 ve torunlar\u0131yla alay etme ve uluslararas\u0131 toplumu kand\u0131rma giri\u015fimidir. Ba\u015fbakan Erdo\u011fan\u2019\u0131n demeci T\u00fcrkiye\u2019nin soyk\u0131r\u0131m\u0131n\u0131 inkar politikas\u0131ndaki B plan\u0131d\u0131r. Soyk\u0131r\u0131m\u0131n kabaca inkar politikas\u0131 olan A plan\u0131 suya d\u00fc\u015fm\u00fc\u015ft\u00fcr\u201d diyor ve bu y\u00fczden soyk\u0131r\u0131m\u0131 dolayl\u0131 inkar eden B plan\u0131n\u0131 devreye koyduklar\u0131n\u0131 s\u00f6yl\u00fcyor.<\/p>\n<p style=\"text-align: justify\"><b><i>Murat KUSEYR\u0130 \/ ANF<\/i><\/b><\/p>\n<p style=\"text-align: justify\"><b><i>Kaynak: ozgur-gundem.com<\/i><\/b><\/p>\n<p style=\"text-align: justify\"><b><i>http:\/\/www.seyfocenter.com\/index.php?sid=10&amp;aID=607<\/i><\/b><\/p>\n","protected":false},"excerpt":{"rendered":"<p>\u0130sve\u00e7 Ermeni Federasyonu, Seyfo Center ve ABD\u2019de konu ile ilgili ara\u015ft\u0131rmalar yapan uzmanlar T\u00fcrk Ba\u015fbakan Recep Tayyip Erdo\u011fan\u2019\u0131n 1915 Ermeni, Asuri soyk\u0131r\u0131m\u0131n\u0131n 99. y\u0131ld\u00f6n\u00fcm\u00fc dolay\u0131s\u0131yla yapt\u0131\u011f\u0131 a\u00e7\u0131klamay\u0131, soyk\u0131r\u0131m\u0131n\u0131n 100. y\u0131ld\u00f6n\u00fcm\u00fc dolay\u0131s\u0131yla yap\u0131lacak \u00e7al\u0131\u015fmalar\u0131 engellemeye y\u00f6nelik bir manavra oldu\u011fu de\u011ferlendirmesini yapt\u0131lar. Ger\u00e7ek ve kal\u0131c\u0131 bir uzla\u015fman\u0131n yolunun hi\u00e7 bir ka\u00e7ama\u011fa ba\u015fvurmadan soyk\u0131r\u0131m\u0131n\u0131n kabul\u00fc ve \u00f6z\u00fcr dilenmesinden [&hellip;]<\/p>\n","protected":false},"author":3,"featured_media":0,"comment_status":"open","ping_status":"open","sticky":false,"template":"","format":"standard","meta":{"footnotes":""},"categories":[6,14],"tags":[],"class_list":["post-29624","post","type-post","status-publish","format-standard","hentry","category-ermeni-soykirimi","category-haberler"],"yoast_head":"<!-- This site is optimized with the Yoast SEO plugin v27.4 - https:\/\/yoast.com\/product\/yoast-seo-wordpress\/ -->\n<title>Erdo\u011fan\u2019\u0131n manevras\u0131 inkar\u0131n devam\u0131 - Bati Ermenistan Ve Bati Ermenileri Sorunlari Ara\u015ftirmalar Merkezi<\/title>\n<meta name=\"robots\" content=\"index, follow, max-snippet:-1, max-image-preview:large, max-video-preview:-1\" \/>\n<link rel=\"canonical\" href=\"https:\/\/akunq.net\/turkish\/2014\/04\/26\/erdoganin-manevrasi-inkarin-devami\/\" \/>\n<meta property=\"og:locale\" content=\"en_US\" \/>\n<meta property=\"og:type\" content=\"article\" \/>\n<meta property=\"og:title\" content=\"Erdo\u011fan\u2019\u0131n manevras\u0131 inkar\u0131n devam\u0131 - Bati Ermenistan Ve Bati Ermenileri Sorunlari Ara\u015ftirmalar Merkezi\" \/>\n<meta property=\"og:description\" content=\"\u0130sve\u00e7 Ermeni Federasyonu, Seyfo Center ve ABD\u2019de konu ile ilgili ara\u015ft\u0131rmalar yapan uzmanlar T\u00fcrk Ba\u015fbakan Recep Tayyip Erdo\u011fan\u2019\u0131n 1915 Ermeni, Asuri soyk\u0131r\u0131m\u0131n\u0131n 99. y\u0131ld\u00f6n\u00fcm\u00fc dolay\u0131s\u0131yla yapt\u0131\u011f\u0131 a\u00e7\u0131klamay\u0131, soyk\u0131r\u0131m\u0131n\u0131n 100. y\u0131ld\u00f6n\u00fcm\u00fc dolay\u0131s\u0131yla yap\u0131lacak \u00e7al\u0131\u015fmalar\u0131 engellemeye y\u00f6nelik bir manavra oldu\u011fu de\u011ferlendirmesini yapt\u0131lar. Ger\u00e7ek ve kal\u0131c\u0131 bir uzla\u015fman\u0131n yolunun hi\u00e7 bir ka\u00e7ama\u011fa ba\u015fvurmadan soyk\u0131r\u0131m\u0131n\u0131n kabul\u00fc ve \u00f6z\u00fcr dilenmesinden [&hellip;]\" \/>\n<meta property=\"og:url\" content=\"https:\/\/akunq.net\/turkish\/2014\/04\/26\/erdoganin-manevrasi-inkarin-devami\/\" \/>\n<meta property=\"og:site_name\" content=\"Bati Ermenistan Ve Bati Ermenileri Sorunlari Ara\u015ftirmalar Merkezi\" \/>\n<meta property=\"article:published_time\" content=\"2014-04-26T07:43:02+00:00\" \/>\n<meta name=\"author\" content=\"kalem\" \/>\n<meta name=\"twitter:card\" content=\"summary_large_image\" \/>\n<meta name=\"twitter:label1\" content=\"Written by\" \/>\n\t<meta name=\"twitter:data1\" content=\"kalem\" \/>\n\t<meta name=\"twitter:label2\" content=\"Est. reading time\" \/>\n\t<meta name=\"twitter:data2\" content=\"7 minutes\" \/>\n<script type=\"application\/ld+json\" class=\"yoast-schema-graph\">{\"@context\":\"https:\\\/\\\/schema.org\",\"@graph\":[{\"@type\":\"Article\",\"@id\":\"https:\\\/\\\/akunq.net\\\/turkish\\\/2014\\\/04\\\/26\\\/erdoganin-manevrasi-inkarin-devami\\\/#article\",\"isPartOf\":{\"@id\":\"https:\\\/\\\/akunq.net\\\/turkish\\\/2014\\\/04\\\/26\\\/erdoganin-manevrasi-inkarin-devami\\\/\"},\"author\":{\"name\":\"kalem\",\"@id\":\"https:\\\/\\\/akunq.net\\\/turkish\\\/#\\\/schema\\\/person\\\/135e7923d1aeb8887890799619969a6c\"},\"headline\":\"Erdo\u011fan\u2019\u0131n manevras\u0131 inkar\u0131n devam\u0131\",\"datePublished\":\"2014-04-26T07:43:02+00:00\",\"mainEntityOfPage\":{\"@id\":\"https:\\\/\\\/akunq.net\\\/turkish\\\/2014\\\/04\\\/26\\\/erdoganin-manevrasi-inkarin-devami\\\/\"},\"wordCount\":1314,\"commentCount\":0,\"articleSection\":[\"Ermeni Soyk\u0131r\u0131m\u0131\",\"Haberler\"],\"inLanguage\":\"en-US\",\"potentialAction\":[{\"@type\":\"CommentAction\",\"name\":\"Comment\",\"target\":[\"https:\\\/\\\/akunq.net\\\/turkish\\\/2014\\\/04\\\/26\\\/erdoganin-manevrasi-inkarin-devami\\\/#respond\"]}]},{\"@type\":\"WebPage\",\"@id\":\"https:\\\/\\\/akunq.net\\\/turkish\\\/2014\\\/04\\\/26\\\/erdoganin-manevrasi-inkarin-devami\\\/\",\"url\":\"https:\\\/\\\/akunq.net\\\/turkish\\\/2014\\\/04\\\/26\\\/erdoganin-manevrasi-inkarin-devami\\\/\",\"name\":\"Erdo\u011fan\u2019\u0131n manevras\u0131 inkar\u0131n devam\u0131 - Bati Ermenistan Ve Bati Ermenileri Sorunlari Ara\u015ftirmalar Merkezi\",\"isPartOf\":{\"@id\":\"https:\\\/\\\/akunq.net\\\/turkish\\\/#website\"},\"datePublished\":\"2014-04-26T07:43:02+00:00\",\"author\":{\"@id\":\"https:\\\/\\\/akunq.net\\\/turkish\\\/#\\\/schema\\\/person\\\/135e7923d1aeb8887890799619969a6c\"},\"breadcrumb\":{\"@id\":\"https:\\\/\\\/akunq.net\\\/turkish\\\/2014\\\/04\\\/26\\\/erdoganin-manevrasi-inkarin-devami\\\/#breadcrumb\"},\"inLanguage\":\"en-US\",\"potentialAction\":[{\"@type\":\"ReadAction\",\"target\":[\"https:\\\/\\\/akunq.net\\\/turkish\\\/2014\\\/04\\\/26\\\/erdoganin-manevrasi-inkarin-devami\\\/\"]}]},{\"@type\":\"BreadcrumbList\",\"@id\":\"https:\\\/\\\/akunq.net\\\/turkish\\\/2014\\\/04\\\/26\\\/erdoganin-manevrasi-inkarin-devami\\\/#breadcrumb\",\"itemListElement\":[{\"@type\":\"ListItem\",\"position\":1,\"name\":\"Home\",\"item\":\"https:\\\/\\\/akunq.net\\\/turkish\\\/\"},{\"@type\":\"ListItem\",\"position\":2,\"name\":\"Erdo\u011fan\u2019\u0131n manevras\u0131 inkar\u0131n devam\u0131\"}]},{\"@type\":\"WebSite\",\"@id\":\"https:\\\/\\\/akunq.net\\\/turkish\\\/#website\",\"url\":\"https:\\\/\\\/akunq.net\\\/turkish\\\/\",\"name\":\"Bati Ermenistan Ve Bati Ermenileri Sorunlari Ara\u015ftirmalar Merkezi\",\"description\":\"\",\"potentialAction\":[{\"@type\":\"SearchAction\",\"target\":{\"@type\":\"EntryPoint\",\"urlTemplate\":\"https:\\\/\\\/akunq.net\\\/turkish\\\/?s={search_term_string}\"},\"query-input\":{\"@type\":\"PropertyValueSpecification\",\"valueRequired\":true,\"valueName\":\"search_term_string\"}}],\"inLanguage\":\"en-US\"},{\"@type\":\"Person\",\"@id\":\"https:\\\/\\\/akunq.net\\\/turkish\\\/#\\\/schema\\\/person\\\/135e7923d1aeb8887890799619969a6c\",\"name\":\"kalem\",\"image\":{\"@type\":\"ImageObject\",\"inLanguage\":\"en-US\",\"@id\":\"https:\\\/\\\/secure.gravatar.com\\\/avatar\\\/a06875e4b25feb5674296adf8e8a7ae1e587cebce2493fe63c456109967e27d3?s=96&d=mm&r=g\",\"url\":\"https:\\\/\\\/secure.gravatar.com\\\/avatar\\\/a06875e4b25feb5674296adf8e8a7ae1e587cebce2493fe63c456109967e27d3?s=96&d=mm&r=g\",\"contentUrl\":\"https:\\\/\\\/secure.gravatar.com\\\/avatar\\\/a06875e4b25feb5674296adf8e8a7ae1e587cebce2493fe63c456109967e27d3?s=96&d=mm&r=g\",\"caption\":\"kalem\"},\"url\":\"https:\\\/\\\/akunq.net\\\/turkish\\\/author\\\/kalem\\\/\"}]}<\/script>\n<!-- \/ Yoast SEO plugin. -->","yoast_head_json":{"title":"Erdo\u011fan\u2019\u0131n manevras\u0131 inkar\u0131n devam\u0131 - Bati Ermenistan Ve Bati Ermenileri Sorunlari Ara\u015ftirmalar Merkezi","robots":{"index":"index","follow":"follow","max-snippet":"max-snippet:-1","max-image-preview":"max-image-preview:large","max-video-preview":"max-video-preview:-1"},"canonical":"https:\/\/akunq.net\/turkish\/2014\/04\/26\/erdoganin-manevrasi-inkarin-devami\/","og_locale":"en_US","og_type":"article","og_title":"Erdo\u011fan\u2019\u0131n manevras\u0131 inkar\u0131n devam\u0131 - Bati Ermenistan Ve Bati Ermenileri Sorunlari Ara\u015ftirmalar Merkezi","og_description":"\u0130sve\u00e7 Ermeni Federasyonu, Seyfo Center ve ABD\u2019de konu ile ilgili ara\u015ft\u0131rmalar yapan uzmanlar T\u00fcrk Ba\u015fbakan Recep Tayyip Erdo\u011fan\u2019\u0131n 1915 Ermeni, Asuri soyk\u0131r\u0131m\u0131n\u0131n 99. y\u0131ld\u00f6n\u00fcm\u00fc dolay\u0131s\u0131yla yapt\u0131\u011f\u0131 a\u00e7\u0131klamay\u0131, soyk\u0131r\u0131m\u0131n\u0131n 100. y\u0131ld\u00f6n\u00fcm\u00fc dolay\u0131s\u0131yla yap\u0131lacak \u00e7al\u0131\u015fmalar\u0131 engellemeye y\u00f6nelik bir manavra oldu\u011fu de\u011ferlendirmesini yapt\u0131lar. Ger\u00e7ek ve kal\u0131c\u0131 bir uzla\u015fman\u0131n yolunun hi\u00e7 bir ka\u00e7ama\u011fa ba\u015fvurmadan soyk\u0131r\u0131m\u0131n\u0131n kabul\u00fc ve \u00f6z\u00fcr dilenmesinden [&hellip;]","og_url":"https:\/\/akunq.net\/turkish\/2014\/04\/26\/erdoganin-manevrasi-inkarin-devami\/","og_site_name":"Bati Ermenistan Ve Bati Ermenileri Sorunlari Ara\u015ftirmalar Merkezi","article_published_time":"2014-04-26T07:43:02+00:00","author":"kalem","twitter_card":"summary_large_image","twitter_misc":{"Written by":"kalem","Est. reading time":"7 minutes"},"schema":{"@context":"https:\/\/schema.org","@graph":[{"@type":"Article","@id":"https:\/\/akunq.net\/turkish\/2014\/04\/26\/erdoganin-manevrasi-inkarin-devami\/#article","isPartOf":{"@id":"https:\/\/akunq.net\/turkish\/2014\/04\/26\/erdoganin-manevrasi-inkarin-devami\/"},"author":{"name":"kalem","@id":"https:\/\/akunq.net\/turkish\/#\/schema\/person\/135e7923d1aeb8887890799619969a6c"},"headline":"Erdo\u011fan\u2019\u0131n manevras\u0131 inkar\u0131n devam\u0131","datePublished":"2014-04-26T07:43:02+00:00","mainEntityOfPage":{"@id":"https:\/\/akunq.net\/turkish\/2014\/04\/26\/erdoganin-manevrasi-inkarin-devami\/"},"wordCount":1314,"commentCount":0,"articleSection":["Ermeni Soyk\u0131r\u0131m\u0131","Haberler"],"inLanguage":"en-US","potentialAction":[{"@type":"CommentAction","name":"Comment","target":["https:\/\/akunq.net\/turkish\/2014\/04\/26\/erdoganin-manevrasi-inkarin-devami\/#respond"]}]},{"@type":"WebPage","@id":"https:\/\/akunq.net\/turkish\/2014\/04\/26\/erdoganin-manevrasi-inkarin-devami\/","url":"https:\/\/akunq.net\/turkish\/2014\/04\/26\/erdoganin-manevrasi-inkarin-devami\/","name":"Erdo\u011fan\u2019\u0131n manevras\u0131 inkar\u0131n devam\u0131 - Bati Ermenistan Ve Bati Ermenileri Sorunlari Ara\u015ftirmalar Merkezi","isPartOf":{"@id":"https:\/\/akunq.net\/turkish\/#website"},"datePublished":"2014-04-26T07:43:02+00:00","author":{"@id":"https:\/\/akunq.net\/turkish\/#\/schema\/person\/135e7923d1aeb8887890799619969a6c"},"breadcrumb":{"@id":"https:\/\/akunq.net\/turkish\/2014\/04\/26\/erdoganin-manevrasi-inkarin-devami\/#breadcrumb"},"inLanguage":"en-US","potentialAction":[{"@type":"ReadAction","target":["https:\/\/akunq.net\/turkish\/2014\/04\/26\/erdoganin-manevrasi-inkarin-devami\/"]}]},{"@type":"BreadcrumbList","@id":"https:\/\/akunq.net\/turkish\/2014\/04\/26\/erdoganin-manevrasi-inkarin-devami\/#breadcrumb","itemListElement":[{"@type":"ListItem","position":1,"name":"Home","item":"https:\/\/akunq.net\/turkish\/"},{"@type":"ListItem","position":2,"name":"Erdo\u011fan\u2019\u0131n manevras\u0131 inkar\u0131n devam\u0131"}]},{"@type":"WebSite","@id":"https:\/\/akunq.net\/turkish\/#website","url":"https:\/\/akunq.net\/turkish\/","name":"Bati Ermenistan Ve Bati Ermenileri Sorunlari Ara\u015ftirmalar Merkezi","description":"","potentialAction":[{"@type":"SearchAction","target":{"@type":"EntryPoint","urlTemplate":"https:\/\/akunq.net\/turkish\/?s={search_term_string}"},"query-input":{"@type":"PropertyValueSpecification","valueRequired":true,"valueName":"search_term_string"}}],"inLanguage":"en-US"},{"@type":"Person","@id":"https:\/\/akunq.net\/turkish\/#\/schema\/person\/135e7923d1aeb8887890799619969a6c","name":"kalem","image":{"@type":"ImageObject","inLanguage":"en-US","@id":"https:\/\/secure.gravatar.com\/avatar\/a06875e4b25feb5674296adf8e8a7ae1e587cebce2493fe63c456109967e27d3?s=96&d=mm&r=g","url":"https:\/\/secure.gravatar.com\/avatar\/a06875e4b25feb5674296adf8e8a7ae1e587cebce2493fe63c456109967e27d3?s=96&d=mm&r=g","contentUrl":"https:\/\/secure.gravatar.com\/avatar\/a06875e4b25feb5674296adf8e8a7ae1e587cebce2493fe63c456109967e27d3?s=96&d=mm&r=g","caption":"kalem"},"url":"https:\/\/akunq.net\/turkish\/author\/kalem\/"}]}},"_links":{"self":[{"href":"https:\/\/akunq.net\/turkish\/wp-json\/wp\/v2\/posts\/29624","targetHints":{"allow":["GET"]}}],"collection":[{"href":"https:\/\/akunq.net\/turkish\/wp-json\/wp\/v2\/posts"}],"about":[{"href":"https:\/\/akunq.net\/turkish\/wp-json\/wp\/v2\/types\/post"}],"author":[{"embeddable":true,"href":"https:\/\/akunq.net\/turkish\/wp-json\/wp\/v2\/users\/3"}],"replies":[{"embeddable":true,"href":"https:\/\/akunq.net\/turkish\/wp-json\/wp\/v2\/comments?post=29624"}],"version-history":[{"count":0,"href":"https:\/\/akunq.net\/turkish\/wp-json\/wp\/v2\/posts\/29624\/revisions"}],"wp:attachment":[{"href":"https:\/\/akunq.net\/turkish\/wp-json\/wp\/v2\/media?parent=29624"}],"wp:term":[{"taxonomy":"category","embeddable":true,"href":"https:\/\/akunq.net\/turkish\/wp-json\/wp\/v2\/categories?post=29624"},{"taxonomy":"post_tag","embeddable":true,"href":"https:\/\/akunq.net\/turkish\/wp-json\/wp\/v2\/tags?post=29624"}],"curies":[{"name":"wp","href":"https:\/\/api.w.org\/{rel}","templated":true}]}}