{"id":29608,"date":"2014-04-25T03:06:59","date_gmt":"2014-04-25T08:06:59","guid":{"rendered":"http:\/\/akunq.net\/tr\/?p=29608"},"modified":"2014-04-25T03:06:59","modified_gmt":"2014-04-25T08:06:59","slug":"hollande-basbakan-erdoganin-taziye-mesajini-elestirdi","status":"publish","type":"post","link":"https:\/\/akunq.net\/turkish\/2014\/04\/25\/hollande-basbakan-erdoganin-taziye-mesajini-elestirdi\/","title":{"rendered":"Hollande, Ba\u015fbakan Erdo\u011fan&#8217;\u0131n taziye mesaj\u0131n\u0131 ele\u015ftirdi"},"content":{"rendered":"<p style=\"text-align: justify\"><strong><i><a href=\"http:\/\/akunq.net\/tr\/?attachment_id=29609\" rel=\"attachment wp-att-29609\"><img loading=\"lazy\" decoding=\"async\" class=\"alignright size-medium wp-image-29609\" alt=\"\u0556\u0580\u0561\u0576\u057d\u0578\u0582\u0561 \u0555\u056c\u0561\u0576\u0564\" src=\"http:\/\/akunq.net\/tr\/wp-content\/uploads\/2014\/04\/\u0556\u0580\u0561\u0576\u057d\u0578\u0582\u0561-\u0555\u056c\u0561\u0576\u0564-300x206.jpg\" width=\"300\" height=\"206\" srcset=\"https:\/\/akunq.net\/turkish\/wp-content\/uploads\/sites\/5\/2014\/04\/\u0556\u0580\u0561\u0576\u057d\u0578\u0582\u0561-\u0555\u056c\u0561\u0576\u0564-300x206.jpg 300w, https:\/\/akunq.net\/turkish\/wp-content\/uploads\/sites\/5\/2014\/04\/\u0556\u0580\u0561\u0576\u057d\u0578\u0582\u0561-\u0555\u056c\u0561\u0576\u0564.jpg 307w\" sizes=\"auto, (max-width: 300px) 100vw, 300px\" \/><\/a>Fransa Cumhurba\u015fkan\u0131 Fran\u00e7ois Hollande, Ba\u015fbakan Recep Tayyip Erdo\u011fan&#8217;\u0131n Ermenilere y\u00f6nelik yay\u0131mlad\u0131\u011f\u0131 taziye mesaj\u0131n\u0131 yetersiz buldu\u011funu s\u00f6yledi.<\/i><\/strong><\/p>\n<p style=\"text-align: justify\">Fransa Cumhurba\u015fkan\u0131 <b>Hollande<\/b>, Paris\u2019te Ermeni Diasporas\u0131\u2019n\u0131n d\u00fczenledi\u011fi 1915 Ermeni soyk\u0131r\u0131m\u0131 anma t\u00f6renine kat\u0131ld\u0131. Seine Nehri kenar\u0131na 2003 y\u0131l\u0131nda dikilen Komitas An\u0131t\u0131 \u00f6n\u00fcndeki t\u00f6rende k\u0131sa bir konu\u015fma yapan <b>Hollande<\/b>, Ermeni soyk\u0131r\u0131m\u0131nda hayat\u0131n\u0131 kaybedenlerin akrabalar\u0131na ba\u015fsa\u011fl\u0131\u011f\u0131 dilerken, 100. y\u0131l anma t\u00f6renine kat\u0131lmak \u00fczere 24 Nisan 2015&#8217;te Ermenistan&#8217;\u0131n ba\u015fkenti Erivan\u2019a gidece\u011fini s\u00f6yledi.<br \/>\nKonu\u015fmas\u0131nda, Ba\u015fbakan Recep Tayyip Erdo\u011fan&#8217;\u0131n d\u00fcn 1915 olaylar\u0131yla ilgili yay\u0131mlad\u0131\u011f\u0131 taziye mesaj\u0131n\u0131 da ele\u015ftiren <b>Hollande<\/b>, bu mesaj\u0131 yetersiz buldu\u011funu dile getirdi.<br \/>\n\u00d6te yandan, Paris&#8217;te ya\u015fayan Ermeniler, Ermeni soyk\u0131r\u0131m\u0131n\u0131n 99. y\u0131l\u0131 vesilesiyle ba\u015fkentte bulunan Zafer An\u0131t\u0131&#8217;n\u0131n dibine \u00e7elenkler b\u0131rakt\u0131.<\/p>\n<p style=\"text-align: justify\"><b><i>\u00a0<\/i><\/b><\/p>\n<p style=\"text-align: justify\"><b><i>http:\/\/www.iha.com.tr\/hollande-basbakan-erdoganin-taziye-mesajini-elestirdi-dunya-350825<\/i><\/b><\/p>\n","protected":false},"excerpt":{"rendered":"<p>Fransa Cumhurba\u015fkan\u0131 Fran\u00e7ois Hollande, Ba\u015fbakan Recep Tayyip Erdo\u011fan&#8217;\u0131n Ermenilere y\u00f6nelik yay\u0131mlad\u0131\u011f\u0131 taziye mesaj\u0131n\u0131 yetersiz buldu\u011funu s\u00f6yledi. Fransa Cumhurba\u015fkan\u0131 Hollande, Paris\u2019te Ermeni Diasporas\u0131\u2019n\u0131n d\u00fczenledi\u011fi 1915 Ermeni soyk\u0131r\u0131m\u0131 anma t\u00f6renine kat\u0131ld\u0131. Seine Nehri kenar\u0131na 2003 y\u0131l\u0131nda dikilen Komitas An\u0131t\u0131 \u00f6n\u00fcndeki t\u00f6rende k\u0131sa bir konu\u015fma yapan Hollande, Ermeni soyk\u0131r\u0131m\u0131nda hayat\u0131n\u0131 kaybedenlerin akrabalar\u0131na ba\u015fsa\u011fl\u0131\u011f\u0131 dilerken, 100. y\u0131l anma t\u00f6renine [&hellip;]<\/p>\n","protected":false},"author":3,"featured_media":0,"comment_status":"open","ping_status":"open","sticky":false,"template":"","format":"standard","meta":{"footnotes":""},"categories":[6,14],"tags":[],"class_list":["post-29608","post","type-post","status-publish","format-standard","hentry","category-ermeni-soykirimi","category-haberler"],"yoast_head":"<!-- This site is optimized with the Yoast SEO plugin v27.4 - https:\/\/yoast.com\/product\/yoast-seo-wordpress\/ -->\n<title>Hollande, Ba\u015fbakan Erdo\u011fan&#039;\u0131n taziye mesaj\u0131n\u0131 ele\u015ftirdi - Bati Ermenistan Ve Bati Ermenileri Sorunlari Ara\u015ftirmalar Merkezi<\/title>\n<meta name=\"robots\" content=\"index, follow, max-snippet:-1, max-image-preview:large, max-video-preview:-1\" \/>\n<link rel=\"canonical\" href=\"https:\/\/akunq.net\/turkish\/2014\/04\/25\/hollande-basbakan-erdoganin-taziye-mesajini-elestirdi\/\" \/>\n<meta property=\"og:locale\" content=\"en_US\" \/>\n<meta property=\"og:type\" content=\"article\" \/>\n<meta property=\"og:title\" content=\"Hollande, Ba\u015fbakan Erdo\u011fan&#039;\u0131n taziye mesaj\u0131n\u0131 ele\u015ftirdi - Bati Ermenistan Ve Bati Ermenileri Sorunlari Ara\u015ftirmalar Merkezi\" \/>\n<meta property=\"og:description\" content=\"Fransa Cumhurba\u015fkan\u0131 Fran\u00e7ois Hollande, Ba\u015fbakan Recep Tayyip Erdo\u011fan&#8217;\u0131n Ermenilere y\u00f6nelik yay\u0131mlad\u0131\u011f\u0131 taziye mesaj\u0131n\u0131 yetersiz buldu\u011funu s\u00f6yledi. Fransa Cumhurba\u015fkan\u0131 Hollande, Paris\u2019te Ermeni Diasporas\u0131\u2019n\u0131n d\u00fczenledi\u011fi 1915 Ermeni soyk\u0131r\u0131m\u0131 anma t\u00f6renine kat\u0131ld\u0131. Seine Nehri kenar\u0131na 2003 y\u0131l\u0131nda dikilen Komitas An\u0131t\u0131 \u00f6n\u00fcndeki t\u00f6rende k\u0131sa bir konu\u015fma yapan Hollande, Ermeni soyk\u0131r\u0131m\u0131nda hayat\u0131n\u0131 kaybedenlerin akrabalar\u0131na ba\u015fsa\u011fl\u0131\u011f\u0131 dilerken, 100. y\u0131l anma t\u00f6renine [&hellip;]\" \/>\n<meta property=\"og:url\" content=\"https:\/\/akunq.net\/turkish\/2014\/04\/25\/hollande-basbakan-erdoganin-taziye-mesajini-elestirdi\/\" \/>\n<meta property=\"og:site_name\" content=\"Bati Ermenistan Ve Bati Ermenileri Sorunlari Ara\u015ftirmalar Merkezi\" \/>\n<meta property=\"article:published_time\" content=\"2014-04-25T08:06:59+00:00\" \/>\n<meta name=\"author\" content=\"kalem\" \/>\n<meta name=\"twitter:card\" content=\"summary_large_image\" \/>\n<meta name=\"twitter:label1\" content=\"Written by\" \/>\n\t<meta name=\"twitter:data1\" content=\"kalem\" \/>\n\t<meta name=\"twitter:label2\" content=\"Est. reading time\" \/>\n\t<meta name=\"twitter:data2\" content=\"1 minute\" \/>\n<script type=\"application\/ld+json\" class=\"yoast-schema-graph\">{\"@context\":\"https:\\\/\\\/schema.org\",\"@graph\":[{\"@type\":\"Article\",\"@id\":\"https:\\\/\\\/akunq.net\\\/turkish\\\/2014\\\/04\\\/25\\\/hollande-basbakan-erdoganin-taziye-mesajini-elestirdi\\\/#article\",\"isPartOf\":{\"@id\":\"https:\\\/\\\/akunq.net\\\/turkish\\\/2014\\\/04\\\/25\\\/hollande-basbakan-erdoganin-taziye-mesajini-elestirdi\\\/\"},\"author\":{\"name\":\"kalem\",\"@id\":\"https:\\\/\\\/akunq.net\\\/turkish\\\/#\\\/schema\\\/person\\\/135e7923d1aeb8887890799619969a6c\"},\"headline\":\"Hollande, Ba\u015fbakan Erdo\u011fan&#8217;\u0131n taziye mesaj\u0131n\u0131 ele\u015ftirdi\",\"datePublished\":\"2014-04-25T08:06:59+00:00\",\"mainEntityOfPage\":{\"@id\":\"https:\\\/\\\/akunq.net\\\/turkish\\\/2014\\\/04\\\/25\\\/hollande-basbakan-erdoganin-taziye-mesajini-elestirdi\\\/\"},\"wordCount\":179,\"commentCount\":0,\"articleSection\":[\"Ermeni Soyk\u0131r\u0131m\u0131\",\"Haberler\"],\"inLanguage\":\"en-US\",\"potentialAction\":[{\"@type\":\"CommentAction\",\"name\":\"Comment\",\"target\":[\"https:\\\/\\\/akunq.net\\\/turkish\\\/2014\\\/04\\\/25\\\/hollande-basbakan-erdoganin-taziye-mesajini-elestirdi\\\/#respond\"]}]},{\"@type\":\"WebPage\",\"@id\":\"https:\\\/\\\/akunq.net\\\/turkish\\\/2014\\\/04\\\/25\\\/hollande-basbakan-erdoganin-taziye-mesajini-elestirdi\\\/\",\"url\":\"https:\\\/\\\/akunq.net\\\/turkish\\\/2014\\\/04\\\/25\\\/hollande-basbakan-erdoganin-taziye-mesajini-elestirdi\\\/\",\"name\":\"Hollande, Ba\u015fbakan Erdo\u011fan'\u0131n taziye mesaj\u0131n\u0131 ele\u015ftirdi - Bati Ermenistan Ve Bati Ermenileri Sorunlari Ara\u015ftirmalar Merkezi\",\"isPartOf\":{\"@id\":\"https:\\\/\\\/akunq.net\\\/turkish\\\/#website\"},\"datePublished\":\"2014-04-25T08:06:59+00:00\",\"author\":{\"@id\":\"https:\\\/\\\/akunq.net\\\/turkish\\\/#\\\/schema\\\/person\\\/135e7923d1aeb8887890799619969a6c\"},\"breadcrumb\":{\"@id\":\"https:\\\/\\\/akunq.net\\\/turkish\\\/2014\\\/04\\\/25\\\/hollande-basbakan-erdoganin-taziye-mesajini-elestirdi\\\/#breadcrumb\"},\"inLanguage\":\"en-US\",\"potentialAction\":[{\"@type\":\"ReadAction\",\"target\":[\"https:\\\/\\\/akunq.net\\\/turkish\\\/2014\\\/04\\\/25\\\/hollande-basbakan-erdoganin-taziye-mesajini-elestirdi\\\/\"]}]},{\"@type\":\"BreadcrumbList\",\"@id\":\"https:\\\/\\\/akunq.net\\\/turkish\\\/2014\\\/04\\\/25\\\/hollande-basbakan-erdoganin-taziye-mesajini-elestirdi\\\/#breadcrumb\",\"itemListElement\":[{\"@type\":\"ListItem\",\"position\":1,\"name\":\"Home\",\"item\":\"https:\\\/\\\/akunq.net\\\/turkish\\\/\"},{\"@type\":\"ListItem\",\"position\":2,\"name\":\"Hollande, Ba\u015fbakan Erdo\u011fan&#8217;\u0131n taziye mesaj\u0131n\u0131 ele\u015ftirdi\"}]},{\"@type\":\"WebSite\",\"@id\":\"https:\\\/\\\/akunq.net\\\/turkish\\\/#website\",\"url\":\"https:\\\/\\\/akunq.net\\\/turkish\\\/\",\"name\":\"Bati Ermenistan Ve Bati Ermenileri Sorunlari Ara\u015ftirmalar Merkezi\",\"description\":\"\",\"potentialAction\":[{\"@type\":\"SearchAction\",\"target\":{\"@type\":\"EntryPoint\",\"urlTemplate\":\"https:\\\/\\\/akunq.net\\\/turkish\\\/?s={search_term_string}\"},\"query-input\":{\"@type\":\"PropertyValueSpecification\",\"valueRequired\":true,\"valueName\":\"search_term_string\"}}],\"inLanguage\":\"en-US\"},{\"@type\":\"Person\",\"@id\":\"https:\\\/\\\/akunq.net\\\/turkish\\\/#\\\/schema\\\/person\\\/135e7923d1aeb8887890799619969a6c\",\"name\":\"kalem\",\"image\":{\"@type\":\"ImageObject\",\"inLanguage\":\"en-US\",\"@id\":\"https:\\\/\\\/secure.gravatar.com\\\/avatar\\\/a06875e4b25feb5674296adf8e8a7ae1e587cebce2493fe63c456109967e27d3?s=96&d=mm&r=g\",\"url\":\"https:\\\/\\\/secure.gravatar.com\\\/avatar\\\/a06875e4b25feb5674296adf8e8a7ae1e587cebce2493fe63c456109967e27d3?s=96&d=mm&r=g\",\"contentUrl\":\"https:\\\/\\\/secure.gravatar.com\\\/avatar\\\/a06875e4b25feb5674296adf8e8a7ae1e587cebce2493fe63c456109967e27d3?s=96&d=mm&r=g\",\"caption\":\"kalem\"},\"url\":\"https:\\\/\\\/akunq.net\\\/turkish\\\/author\\\/kalem\\\/\"}]}<\/script>\n<!-- \/ Yoast SEO plugin. -->","yoast_head_json":{"title":"Hollande, Ba\u015fbakan Erdo\u011fan'\u0131n taziye mesaj\u0131n\u0131 ele\u015ftirdi - Bati Ermenistan Ve Bati Ermenileri Sorunlari Ara\u015ftirmalar Merkezi","robots":{"index":"index","follow":"follow","max-snippet":"max-snippet:-1","max-image-preview":"max-image-preview:large","max-video-preview":"max-video-preview:-1"},"canonical":"https:\/\/akunq.net\/turkish\/2014\/04\/25\/hollande-basbakan-erdoganin-taziye-mesajini-elestirdi\/","og_locale":"en_US","og_type":"article","og_title":"Hollande, Ba\u015fbakan Erdo\u011fan'\u0131n taziye mesaj\u0131n\u0131 ele\u015ftirdi - Bati Ermenistan Ve Bati Ermenileri Sorunlari Ara\u015ftirmalar Merkezi","og_description":"Fransa Cumhurba\u015fkan\u0131 Fran\u00e7ois Hollande, Ba\u015fbakan Recep Tayyip Erdo\u011fan&#8217;\u0131n Ermenilere y\u00f6nelik yay\u0131mlad\u0131\u011f\u0131 taziye mesaj\u0131n\u0131 yetersiz buldu\u011funu s\u00f6yledi. Fransa Cumhurba\u015fkan\u0131 Hollande, Paris\u2019te Ermeni Diasporas\u0131\u2019n\u0131n d\u00fczenledi\u011fi 1915 Ermeni soyk\u0131r\u0131m\u0131 anma t\u00f6renine kat\u0131ld\u0131. Seine Nehri kenar\u0131na 2003 y\u0131l\u0131nda dikilen Komitas An\u0131t\u0131 \u00f6n\u00fcndeki t\u00f6rende k\u0131sa bir konu\u015fma yapan Hollande, Ermeni soyk\u0131r\u0131m\u0131nda hayat\u0131n\u0131 kaybedenlerin akrabalar\u0131na ba\u015fsa\u011fl\u0131\u011f\u0131 dilerken, 100. y\u0131l anma t\u00f6renine [&hellip;]","og_url":"https:\/\/akunq.net\/turkish\/2014\/04\/25\/hollande-basbakan-erdoganin-taziye-mesajini-elestirdi\/","og_site_name":"Bati Ermenistan Ve Bati Ermenileri Sorunlari Ara\u015ftirmalar Merkezi","article_published_time":"2014-04-25T08:06:59+00:00","author":"kalem","twitter_card":"summary_large_image","twitter_misc":{"Written by":"kalem","Est. reading time":"1 minute"},"schema":{"@context":"https:\/\/schema.org","@graph":[{"@type":"Article","@id":"https:\/\/akunq.net\/turkish\/2014\/04\/25\/hollande-basbakan-erdoganin-taziye-mesajini-elestirdi\/#article","isPartOf":{"@id":"https:\/\/akunq.net\/turkish\/2014\/04\/25\/hollande-basbakan-erdoganin-taziye-mesajini-elestirdi\/"},"author":{"name":"kalem","@id":"https:\/\/akunq.net\/turkish\/#\/schema\/person\/135e7923d1aeb8887890799619969a6c"},"headline":"Hollande, Ba\u015fbakan Erdo\u011fan&#8217;\u0131n taziye mesaj\u0131n\u0131 ele\u015ftirdi","datePublished":"2014-04-25T08:06:59+00:00","mainEntityOfPage":{"@id":"https:\/\/akunq.net\/turkish\/2014\/04\/25\/hollande-basbakan-erdoganin-taziye-mesajini-elestirdi\/"},"wordCount":179,"commentCount":0,"articleSection":["Ermeni Soyk\u0131r\u0131m\u0131","Haberler"],"inLanguage":"en-US","potentialAction":[{"@type":"CommentAction","name":"Comment","target":["https:\/\/akunq.net\/turkish\/2014\/04\/25\/hollande-basbakan-erdoganin-taziye-mesajini-elestirdi\/#respond"]}]},{"@type":"WebPage","@id":"https:\/\/akunq.net\/turkish\/2014\/04\/25\/hollande-basbakan-erdoganin-taziye-mesajini-elestirdi\/","url":"https:\/\/akunq.net\/turkish\/2014\/04\/25\/hollande-basbakan-erdoganin-taziye-mesajini-elestirdi\/","name":"Hollande, Ba\u015fbakan Erdo\u011fan'\u0131n taziye mesaj\u0131n\u0131 ele\u015ftirdi - Bati Ermenistan Ve Bati Ermenileri Sorunlari Ara\u015ftirmalar Merkezi","isPartOf":{"@id":"https:\/\/akunq.net\/turkish\/#website"},"datePublished":"2014-04-25T08:06:59+00:00","author":{"@id":"https:\/\/akunq.net\/turkish\/#\/schema\/person\/135e7923d1aeb8887890799619969a6c"},"breadcrumb":{"@id":"https:\/\/akunq.net\/turkish\/2014\/04\/25\/hollande-basbakan-erdoganin-taziye-mesajini-elestirdi\/#breadcrumb"},"inLanguage":"en-US","potentialAction":[{"@type":"ReadAction","target":["https:\/\/akunq.net\/turkish\/2014\/04\/25\/hollande-basbakan-erdoganin-taziye-mesajini-elestirdi\/"]}]},{"@type":"BreadcrumbList","@id":"https:\/\/akunq.net\/turkish\/2014\/04\/25\/hollande-basbakan-erdoganin-taziye-mesajini-elestirdi\/#breadcrumb","itemListElement":[{"@type":"ListItem","position":1,"name":"Home","item":"https:\/\/akunq.net\/turkish\/"},{"@type":"ListItem","position":2,"name":"Hollande, Ba\u015fbakan Erdo\u011fan&#8217;\u0131n taziye mesaj\u0131n\u0131 ele\u015ftirdi"}]},{"@type":"WebSite","@id":"https:\/\/akunq.net\/turkish\/#website","url":"https:\/\/akunq.net\/turkish\/","name":"Bati Ermenistan Ve Bati Ermenileri Sorunlari Ara\u015ftirmalar Merkezi","description":"","potentialAction":[{"@type":"SearchAction","target":{"@type":"EntryPoint","urlTemplate":"https:\/\/akunq.net\/turkish\/?s={search_term_string}"},"query-input":{"@type":"PropertyValueSpecification","valueRequired":true,"valueName":"search_term_string"}}],"inLanguage":"en-US"},{"@type":"Person","@id":"https:\/\/akunq.net\/turkish\/#\/schema\/person\/135e7923d1aeb8887890799619969a6c","name":"kalem","image":{"@type":"ImageObject","inLanguage":"en-US","@id":"https:\/\/secure.gravatar.com\/avatar\/a06875e4b25feb5674296adf8e8a7ae1e587cebce2493fe63c456109967e27d3?s=96&d=mm&r=g","url":"https:\/\/secure.gravatar.com\/avatar\/a06875e4b25feb5674296adf8e8a7ae1e587cebce2493fe63c456109967e27d3?s=96&d=mm&r=g","contentUrl":"https:\/\/secure.gravatar.com\/avatar\/a06875e4b25feb5674296adf8e8a7ae1e587cebce2493fe63c456109967e27d3?s=96&d=mm&r=g","caption":"kalem"},"url":"https:\/\/akunq.net\/turkish\/author\/kalem\/"}]}},"_links":{"self":[{"href":"https:\/\/akunq.net\/turkish\/wp-json\/wp\/v2\/posts\/29608","targetHints":{"allow":["GET"]}}],"collection":[{"href":"https:\/\/akunq.net\/turkish\/wp-json\/wp\/v2\/posts"}],"about":[{"href":"https:\/\/akunq.net\/turkish\/wp-json\/wp\/v2\/types\/post"}],"author":[{"embeddable":true,"href":"https:\/\/akunq.net\/turkish\/wp-json\/wp\/v2\/users\/3"}],"replies":[{"embeddable":true,"href":"https:\/\/akunq.net\/turkish\/wp-json\/wp\/v2\/comments?post=29608"}],"version-history":[{"count":0,"href":"https:\/\/akunq.net\/turkish\/wp-json\/wp\/v2\/posts\/29608\/revisions"}],"wp:attachment":[{"href":"https:\/\/akunq.net\/turkish\/wp-json\/wp\/v2\/media?parent=29608"}],"wp:term":[{"taxonomy":"category","embeddable":true,"href":"https:\/\/akunq.net\/turkish\/wp-json\/wp\/v2\/categories?post=29608"},{"taxonomy":"post_tag","embeddable":true,"href":"https:\/\/akunq.net\/turkish\/wp-json\/wp\/v2\/tags?post=29608"}],"curies":[{"name":"wp","href":"https:\/\/api.w.org\/{rel}","templated":true}]}}