{"id":29602,"date":"2014-04-25T02:46:06","date_gmt":"2014-04-25T07:46:06","guid":{"rendered":"http:\/\/akunq.net\/tr\/?p=29602"},"modified":"2014-04-25T02:46:06","modified_gmt":"2014-04-25T07:46:06","slug":"soykirim-kurbanlari-icin-ilk-anma-surgunun-basladigi-haydarpasada","status":"publish","type":"post","link":"https:\/\/akunq.net\/turkish\/2014\/04\/25\/soykirim-kurbanlari-icin-ilk-anma-surgunun-basladigi-haydarpasada\/","title":{"rendered":"Soyk\u0131r\u0131m kurbanlar\u0131 i\u00e7in ilk anma s\u00fcrg\u00fcn\u00fcn ba\u015flad\u0131\u011f\u0131 Haydarpa\u015fa\u2019da"},"content":{"rendered":"<p style=\"text-align: justify\"><em><strong><a href=\"http:\/\/akunq.net\/tr\/?attachment_id=29603\" rel=\"attachment wp-att-29603\"><img loading=\"lazy\" decoding=\"async\" class=\"alignright size-medium wp-image-29603\" alt=\"Soyk\u0131r\u0131m kurbanlar\u0131\" src=\"http:\/\/akunq.net\/tr\/wp-content\/uploads\/2014\/04\/Soyk\u0131r\u0131m-kurbanlar\u0131-300x216.jpg\" width=\"300\" height=\"216\" \/><\/a>Ermeni Soyk\u0131r\u0131m\u0131\u2019n\u0131n y\u0131ld\u00f6n\u00fcm\u00fcnde \u0130stanbul\u2019daki ilk anma t\u00f6reni, 99 y\u0131l \u00f6nce Ermeni ayd\u0131nlar\u0131n\u0131n s\u00fcrg\u00fcne g\u00f6nderildi\u011fi Haydarpa\u015fa Tren Gar\u0131\u2019nda dzenlendi.<\/strong><\/em><\/p>\n<p style=\"text-align: justify\">Anma etkinli\u011fine yakla\u015f\u0131k 50 ki\u015fi kat\u0131ld\u0131. Diaspora temsilcileri, insan haklar\u0131 aktivistleri ve vatanda\u015flardan olu\u015fan grup ellerinde\u00a0s\u00fcrg\u00fcne g\u00f6nderilen Ermenilerin foto\u011fraflar\u0131n\u0131 ta\u015f\u0131d\u0131.<\/p>\n<p style=\"text-align: justify\">D\u00fcnyada Ermeni Soyk\u0131r\u0131m\u0131\u2019n\u0131n ba\u015flang\u0131\u00e7 tarihi olarak kabul g\u00f6re 24 Nisan 1915\u2032te\u00a0Haydarpa\u015fa Gar\u0131\u2019nda 220 Ermeni ayd\u0131n s\u00fcrg\u00fcne g\u00f6nderilmi\u015fti. \u00a0S\u00fcr\u00fclenlerin \u00e7o\u011fu s\u00fcrg\u00fcnde \u00f6ld\u00fc ya da \u00f6ld\u00fcr\u00fcld\u00fc.<\/p>\n<p style=\"text-align: justify\">24 Nisan 1915 de tutuklananlardan ve \u00f6ld\u00fcr\u00fclenlerden bir grup: Krikor Zohrab, Taniel \u00c7ubukk\u00e2ryan, Rupen Zartaryan, Arda\u015fes Harut\u00fcnyan, Adom Yercanyan, Rupen \u00c7ilingiryan, Dikran \u00c7\u00f6\u011f\u00fcryan, Diran Kelekyan, Tlgadintsi, Yervant S\u0131rmake\u015fhanl\u0131yan<\/p>\n<p style=\"text-align: justify\"><b>\u2018T\u00fcrkiye\u2019deki d\u00fc\u015f\u00fcnsel \u00e7orakl\u0131kta katliam\u0131n pay\u0131 var\u2019<\/b><\/p>\n<p style=\"text-align: justify\">\u201924 Nisan Ermeni Soyk\u0131r\u0131m\u0131n\u0131 Anma Platformu\u2019 ad\u0131na konu\u015fan<b>\u00a0Y\u0131ld\u0131z \u00d6nen<\/b>\u00a0ise \u015funlar\u0131 s\u00f6yledi:<\/p>\n<p style=\"text-align: justify\">\u201cB\u00fcy\u00fck bir tarihi miras izi bile kalmayacak \u015fekilde yok edildi. \u0130stanbul\u2019un en g\u00fczel camilerini yapan mimarlar\u0131n \u00e7ocuklar\u0131, Anadolu\u2019nun muhte\u015fem ta\u015f ustalar\u0131, terziler, di\u015f\u00e7iler, yoksul Ermeni k\u00f6yl\u00fcleri ve b\u00fcy\u00fck \u00f6l\u00e7\u00fcde Osmanl\u0131 toplumunun beynini olu\u015fturan Ermeni bilim insanlar\u0131, yazarlar, gazeteciler, yay\u0131nc\u0131lar, milletvekilleri katledildi. Bug\u00fcn bize ac\u0131 veren T\u00fcrkiye\u2019deki d\u00fc\u015f\u00fcnsel \u00e7orakl\u0131kta bun\u00fcn b\u00fcy\u00fck rol\u00fc vard\u0131r.<\/p>\n<p style=\"text-align: justify\">Ama ayn\u0131 zamanda bu s\u00fcre\u00e7te Ermenilerin sadece ta\u015f\u0131nmaz mal varl\u0131klar\u0131na de\u011fil bankalardaki paralar\u0131na el konuldu. Soyk\u0131r\u0131m ayn\u0131 zamanda b\u00fcy\u00fck bir soygundu. Devlet eliyle yap\u0131lan akl\u0131n alamayaca\u011f\u0131 kadarb\u00fcy\u00fck bir h\u0131rs\u0131zl\u0131kt\u0131. G\u00fcn\u00fcm\u00fczdeki yolsuzluklar\u0131n k\u00f6keninde bu b\u00fcy\u00fck talan yat\u0131yor. 1915 soyk\u0131r\u0131m\u0131yla ba\u015flayan Anadolu\u2019yu \u00f6nce hristiyanlardan ar\u0131nd\u0131rarak m\u00fcsl\u00fcmanla\u015ft\u0131rma ard\u0131ndan k\u00fcrtleri hedef alarak t\u00fcrkle\u015ftirme s\u00fcrecinde Anadolu\u2019nun \u00e7ok dilli \u00e7ok k\u00fclt\u00fcrl\u00fc \u00e7ok kimlikli dokusu tek tip, tek dilli, tek k\u00fclt\u00fcrl\u00fc, tek kimlikli bir yap\u0131ya d\u00f6n\u00fc\u015ft\u00fcr\u00fclmesi hedeflendi. 99 y\u0131ld\u0131r inkar edilen soyk\u0131r\u0131m kanayan bir yara olarak duruyor. Biz 99 y\u0131ll\u0131k inkara art\u0131k yeter, diyoruz. Soyk\u0131r\u0131m\u0131n hukuki gerekleriyle birlikte tan\u0131nmas\u0131n\u0131 hesaplanamayacak kadar b\u00fcy\u00fck derin kay\u0131plar\u0131n\u0131n telafi edilmesine y\u00f6nelik d\u00fcnyan\u0131n d\u00f6rt bir yan\u0131ndaki Ermenilerin \u00e7e\u015fitli \u00f6nerilerine T\u00fcrkiye Cumhuriyeti devletinin kulak vermesini, dinlemesini, adaleti yerine getirecek ad\u0131mlar\u0131 atmas\u0131n\u0131 talep ediyoruz\u201d dedi.<\/p>\n<p style=\"text-align: justify\"><b>Diaspora: Erdo\u011fan\u2019\u0131n a\u00e7\u0131klamas\u0131 yetersiz<\/b><\/p>\n<p style=\"text-align: justify\">Etkinlikte konu\u015fan Ermeni Genel Hay\u0131rseverler Birli\u011fi (Armenian General Benevolent Union\/AGBU) Avrupa S\u00f6zc\u00fcs\u00fc <b>Nicholas Tavitian<\/b>, ya\u015fananlar\u0131n \u00fczerinden 99 y\u0131l ge\u00e7ti\u011fini belirterek, \u00f6zellikle \u0130stanbul\u2019daki t\u00f6renlere, diasporadan giderek \u00e7ok daha fazla ki\u015finin kat\u0131lmaya ba\u015flad\u0131\u011f\u0131n\u0131 s\u00f6yledi. Tavitian, \u201cM\u00fccadelemize destek veren t\u00fcm T\u00fcrklere te\u015fekk\u00fcr etmek, istiyoruz\u201d dedi. Tavitian, Erdo\u011fan\u2019\u0131n a\u00e7\u0131klamalar\u0131n\u0131 ise yetersiz buldu\u011funu s\u00f6yledi.<\/p>\n<p style=\"text-align: justify\">Tavitian\u2019\u0131n ard\u0131ndan s\u00f6z alan, Ermenistan\u2019\u0131n ilk D\u0131\u015fi\u015fleri Bakan\u0131 ve muhalefet lideri <b>Raffi Hovhannisyan<\/b> da, Erdo\u011fan\u2019\u0131n a\u00e7\u0131klamalar\u0131n\u0131n s\u00f6z oyunundan ibaret oldu\u011funu s\u00f6yledi.\u00a0A\u00e7\u0131klamas\u0131n\u0131 Ermenice ve \u0130ngilizce yapan Hovhannisyan, \u201cBug\u00fcn ayd\u0131nlar\u0131m\u0131z\u0131n \u00f6l\u00fcm yolculu\u011funa \u00e7\u0131kar\u0131ld\u0131\u011f\u0131 yerde onlar\u0131 an\u0131yoruz\u201d diye konu\u015ftu.<\/p>\n<p style=\"text-align: justify\">Bug\u00fcn \u0130stanbul\u2019da iki anma etkinli\u011fi daha d\u00fczenlenecek.<\/p>\n<p style=\"text-align: justify\">Saat 13.00\u2032de, 24 Nisan 2011\u2032de askerli\u011fini yaparken \u00f6ld\u00fcr\u00fclen\u00a0Sevag \u015eahin Bal\u0131k\u00e7\u0131\u2019n\u0131n\u00a0\u015ei\u015fli Ermeni Mezarl\u0131\u011f\u0131\u2019ndaki mezar\u0131 ziyaret edilecek.<\/p>\n<p style=\"text-align: justify\">Ard\u0131ndan\u00a0\u00a0saat 19:15\u2032te Taksim Meydan\u0131\u2019nda her y\u0131l d\u00fczenlenen anma ger\u00e7ekle\u015fecek.\u00a0\u00a0<\/p>\n<p style=\"text-align: justify\"><b><i>http:\/\/yesilgazete.org\/blog\/2014\/04\/24\/soykirim-kurbanlari-icin-ilk-anma-surgunun-basladigi-haydarpasadaydi\/<\/i><\/b><\/p>\n","protected":false},"excerpt":{"rendered":"<p>Ermeni Soyk\u0131r\u0131m\u0131\u2019n\u0131n y\u0131ld\u00f6n\u00fcm\u00fcnde \u0130stanbul\u2019daki ilk anma t\u00f6reni, 99 y\u0131l \u00f6nce Ermeni ayd\u0131nlar\u0131n\u0131n s\u00fcrg\u00fcne g\u00f6nderildi\u011fi Haydarpa\u015fa Tren Gar\u0131\u2019nda dzenlendi. Anma etkinli\u011fine yakla\u015f\u0131k 50 ki\u015fi kat\u0131ld\u0131. Diaspora temsilcileri, insan haklar\u0131 aktivistleri ve vatanda\u015flardan olu\u015fan grup ellerinde\u00a0s\u00fcrg\u00fcne g\u00f6nderilen Ermenilerin foto\u011fraflar\u0131n\u0131 ta\u015f\u0131d\u0131. D\u00fcnyada Ermeni Soyk\u0131r\u0131m\u0131\u2019n\u0131n ba\u015flang\u0131\u00e7 tarihi olarak kabul g\u00f6re 24 Nisan 1915\u2032te\u00a0Haydarpa\u015fa Gar\u0131\u2019nda 220 Ermeni ayd\u0131n s\u00fcrg\u00fcne g\u00f6nderilmi\u015fti. [&hellip;]<\/p>\n","protected":false},"author":3,"featured_media":0,"comment_status":"open","ping_status":"open","sticky":false,"template":"","format":"standard","meta":{"footnotes":""},"categories":[6,14],"tags":[],"class_list":["post-29602","post","type-post","status-publish","format-standard","hentry","category-ermeni-soykirimi","category-haberler"],"yoast_head":"<!-- This site is optimized with the Yoast SEO plugin v27.4 - https:\/\/yoast.com\/product\/yoast-seo-wordpress\/ -->\n<title>Soyk\u0131r\u0131m kurbanlar\u0131 i\u00e7in ilk anma s\u00fcrg\u00fcn\u00fcn ba\u015flad\u0131\u011f\u0131 Haydarpa\u015fa\u2019da - Bati Ermenistan Ve Bati Ermenileri Sorunlari Ara\u015ftirmalar Merkezi<\/title>\n<meta name=\"robots\" content=\"index, follow, max-snippet:-1, max-image-preview:large, max-video-preview:-1\" \/>\n<link rel=\"canonical\" href=\"https:\/\/akunq.net\/turkish\/2014\/04\/25\/soykirim-kurbanlari-icin-ilk-anma-surgunun-basladigi-haydarpasada\/\" \/>\n<meta property=\"og:locale\" content=\"en_US\" \/>\n<meta property=\"og:type\" content=\"article\" \/>\n<meta property=\"og:title\" content=\"Soyk\u0131r\u0131m kurbanlar\u0131 i\u00e7in ilk anma s\u00fcrg\u00fcn\u00fcn ba\u015flad\u0131\u011f\u0131 Haydarpa\u015fa\u2019da - Bati Ermenistan Ve Bati Ermenileri Sorunlari Ara\u015ftirmalar Merkezi\" \/>\n<meta property=\"og:description\" content=\"Ermeni Soyk\u0131r\u0131m\u0131\u2019n\u0131n y\u0131ld\u00f6n\u00fcm\u00fcnde \u0130stanbul\u2019daki ilk anma t\u00f6reni, 99 y\u0131l \u00f6nce Ermeni ayd\u0131nlar\u0131n\u0131n s\u00fcrg\u00fcne g\u00f6nderildi\u011fi Haydarpa\u015fa Tren Gar\u0131\u2019nda dzenlendi. Anma etkinli\u011fine yakla\u015f\u0131k 50 ki\u015fi kat\u0131ld\u0131. Diaspora temsilcileri, insan haklar\u0131 aktivistleri ve vatanda\u015flardan olu\u015fan grup ellerinde\u00a0s\u00fcrg\u00fcne g\u00f6nderilen Ermenilerin foto\u011fraflar\u0131n\u0131 ta\u015f\u0131d\u0131. D\u00fcnyada Ermeni Soyk\u0131r\u0131m\u0131\u2019n\u0131n ba\u015flang\u0131\u00e7 tarihi olarak kabul g\u00f6re 24 Nisan 1915\u2032te\u00a0Haydarpa\u015fa Gar\u0131\u2019nda 220 Ermeni ayd\u0131n s\u00fcrg\u00fcne g\u00f6nderilmi\u015fti. [&hellip;]\" \/>\n<meta property=\"og:url\" content=\"https:\/\/akunq.net\/turkish\/2014\/04\/25\/soykirim-kurbanlari-icin-ilk-anma-surgunun-basladigi-haydarpasada\/\" \/>\n<meta property=\"og:site_name\" content=\"Bati Ermenistan Ve Bati Ermenileri Sorunlari Ara\u015ftirmalar Merkezi\" \/>\n<meta property=\"article:published_time\" content=\"2014-04-25T07:46:06+00:00\" \/>\n<meta name=\"author\" content=\"kalem\" \/>\n<meta name=\"twitter:card\" content=\"summary_large_image\" \/>\n<meta name=\"twitter:label1\" content=\"Written by\" \/>\n\t<meta name=\"twitter:data1\" content=\"kalem\" \/>\n\t<meta name=\"twitter:label2\" content=\"Est. reading time\" \/>\n\t<meta name=\"twitter:data2\" content=\"3 minutes\" \/>\n<script type=\"application\/ld+json\" class=\"yoast-schema-graph\">{\"@context\":\"https:\\\/\\\/schema.org\",\"@graph\":[{\"@type\":\"Article\",\"@id\":\"https:\\\/\\\/akunq.net\\\/turkish\\\/2014\\\/04\\\/25\\\/soykirim-kurbanlari-icin-ilk-anma-surgunun-basladigi-haydarpasada\\\/#article\",\"isPartOf\":{\"@id\":\"https:\\\/\\\/akunq.net\\\/turkish\\\/2014\\\/04\\\/25\\\/soykirim-kurbanlari-icin-ilk-anma-surgunun-basladigi-haydarpasada\\\/\"},\"author\":{\"name\":\"kalem\",\"@id\":\"https:\\\/\\\/akunq.net\\\/turkish\\\/#\\\/schema\\\/person\\\/135e7923d1aeb8887890799619969a6c\"},\"headline\":\"Soyk\u0131r\u0131m kurbanlar\u0131 i\u00e7in ilk anma s\u00fcrg\u00fcn\u00fcn ba\u015flad\u0131\u011f\u0131 Haydarpa\u015fa\u2019da\",\"datePublished\":\"2014-04-25T07:46:06+00:00\",\"mainEntityOfPage\":{\"@id\":\"https:\\\/\\\/akunq.net\\\/turkish\\\/2014\\\/04\\\/25\\\/soykirim-kurbanlari-icin-ilk-anma-surgunun-basladigi-haydarpasada\\\/\"},\"wordCount\":671,\"commentCount\":0,\"articleSection\":[\"Ermeni Soyk\u0131r\u0131m\u0131\",\"Haberler\"],\"inLanguage\":\"en-US\",\"potentialAction\":[{\"@type\":\"CommentAction\",\"name\":\"Comment\",\"target\":[\"https:\\\/\\\/akunq.net\\\/turkish\\\/2014\\\/04\\\/25\\\/soykirim-kurbanlari-icin-ilk-anma-surgunun-basladigi-haydarpasada\\\/#respond\"]}]},{\"@type\":\"WebPage\",\"@id\":\"https:\\\/\\\/akunq.net\\\/turkish\\\/2014\\\/04\\\/25\\\/soykirim-kurbanlari-icin-ilk-anma-surgunun-basladigi-haydarpasada\\\/\",\"url\":\"https:\\\/\\\/akunq.net\\\/turkish\\\/2014\\\/04\\\/25\\\/soykirim-kurbanlari-icin-ilk-anma-surgunun-basladigi-haydarpasada\\\/\",\"name\":\"Soyk\u0131r\u0131m kurbanlar\u0131 i\u00e7in ilk anma s\u00fcrg\u00fcn\u00fcn ba\u015flad\u0131\u011f\u0131 Haydarpa\u015fa\u2019da - Bati Ermenistan Ve Bati Ermenileri Sorunlari Ara\u015ftirmalar Merkezi\",\"isPartOf\":{\"@id\":\"https:\\\/\\\/akunq.net\\\/turkish\\\/#website\"},\"datePublished\":\"2014-04-25T07:46:06+00:00\",\"author\":{\"@id\":\"https:\\\/\\\/akunq.net\\\/turkish\\\/#\\\/schema\\\/person\\\/135e7923d1aeb8887890799619969a6c\"},\"breadcrumb\":{\"@id\":\"https:\\\/\\\/akunq.net\\\/turkish\\\/2014\\\/04\\\/25\\\/soykirim-kurbanlari-icin-ilk-anma-surgunun-basladigi-haydarpasada\\\/#breadcrumb\"},\"inLanguage\":\"en-US\",\"potentialAction\":[{\"@type\":\"ReadAction\",\"target\":[\"https:\\\/\\\/akunq.net\\\/turkish\\\/2014\\\/04\\\/25\\\/soykirim-kurbanlari-icin-ilk-anma-surgunun-basladigi-haydarpasada\\\/\"]}]},{\"@type\":\"BreadcrumbList\",\"@id\":\"https:\\\/\\\/akunq.net\\\/turkish\\\/2014\\\/04\\\/25\\\/soykirim-kurbanlari-icin-ilk-anma-surgunun-basladigi-haydarpasada\\\/#breadcrumb\",\"itemListElement\":[{\"@type\":\"ListItem\",\"position\":1,\"name\":\"Home\",\"item\":\"https:\\\/\\\/akunq.net\\\/turkish\\\/\"},{\"@type\":\"ListItem\",\"position\":2,\"name\":\"Soyk\u0131r\u0131m kurbanlar\u0131 i\u00e7in ilk anma s\u00fcrg\u00fcn\u00fcn ba\u015flad\u0131\u011f\u0131 Haydarpa\u015fa\u2019da\"}]},{\"@type\":\"WebSite\",\"@id\":\"https:\\\/\\\/akunq.net\\\/turkish\\\/#website\",\"url\":\"https:\\\/\\\/akunq.net\\\/turkish\\\/\",\"name\":\"Bati Ermenistan Ve Bati Ermenileri Sorunlari Ara\u015ftirmalar Merkezi\",\"description\":\"\",\"potentialAction\":[{\"@type\":\"SearchAction\",\"target\":{\"@type\":\"EntryPoint\",\"urlTemplate\":\"https:\\\/\\\/akunq.net\\\/turkish\\\/?s={search_term_string}\"},\"query-input\":{\"@type\":\"PropertyValueSpecification\",\"valueRequired\":true,\"valueName\":\"search_term_string\"}}],\"inLanguage\":\"en-US\"},{\"@type\":\"Person\",\"@id\":\"https:\\\/\\\/akunq.net\\\/turkish\\\/#\\\/schema\\\/person\\\/135e7923d1aeb8887890799619969a6c\",\"name\":\"kalem\",\"image\":{\"@type\":\"ImageObject\",\"inLanguage\":\"en-US\",\"@id\":\"https:\\\/\\\/secure.gravatar.com\\\/avatar\\\/a06875e4b25feb5674296adf8e8a7ae1e587cebce2493fe63c456109967e27d3?s=96&d=mm&r=g\",\"url\":\"https:\\\/\\\/secure.gravatar.com\\\/avatar\\\/a06875e4b25feb5674296adf8e8a7ae1e587cebce2493fe63c456109967e27d3?s=96&d=mm&r=g\",\"contentUrl\":\"https:\\\/\\\/secure.gravatar.com\\\/avatar\\\/a06875e4b25feb5674296adf8e8a7ae1e587cebce2493fe63c456109967e27d3?s=96&d=mm&r=g\",\"caption\":\"kalem\"},\"url\":\"https:\\\/\\\/akunq.net\\\/turkish\\\/author\\\/kalem\\\/\"}]}<\/script>\n<!-- \/ Yoast SEO plugin. -->","yoast_head_json":{"title":"Soyk\u0131r\u0131m kurbanlar\u0131 i\u00e7in ilk anma s\u00fcrg\u00fcn\u00fcn ba\u015flad\u0131\u011f\u0131 Haydarpa\u015fa\u2019da - Bati Ermenistan Ve Bati Ermenileri Sorunlari Ara\u015ftirmalar Merkezi","robots":{"index":"index","follow":"follow","max-snippet":"max-snippet:-1","max-image-preview":"max-image-preview:large","max-video-preview":"max-video-preview:-1"},"canonical":"https:\/\/akunq.net\/turkish\/2014\/04\/25\/soykirim-kurbanlari-icin-ilk-anma-surgunun-basladigi-haydarpasada\/","og_locale":"en_US","og_type":"article","og_title":"Soyk\u0131r\u0131m kurbanlar\u0131 i\u00e7in ilk anma s\u00fcrg\u00fcn\u00fcn ba\u015flad\u0131\u011f\u0131 Haydarpa\u015fa\u2019da - Bati Ermenistan Ve Bati Ermenileri Sorunlari Ara\u015ftirmalar Merkezi","og_description":"Ermeni Soyk\u0131r\u0131m\u0131\u2019n\u0131n y\u0131ld\u00f6n\u00fcm\u00fcnde \u0130stanbul\u2019daki ilk anma t\u00f6reni, 99 y\u0131l \u00f6nce Ermeni ayd\u0131nlar\u0131n\u0131n s\u00fcrg\u00fcne g\u00f6nderildi\u011fi Haydarpa\u015fa Tren Gar\u0131\u2019nda dzenlendi. Anma etkinli\u011fine yakla\u015f\u0131k 50 ki\u015fi kat\u0131ld\u0131. Diaspora temsilcileri, insan haklar\u0131 aktivistleri ve vatanda\u015flardan olu\u015fan grup ellerinde\u00a0s\u00fcrg\u00fcne g\u00f6nderilen Ermenilerin foto\u011fraflar\u0131n\u0131 ta\u015f\u0131d\u0131. D\u00fcnyada Ermeni Soyk\u0131r\u0131m\u0131\u2019n\u0131n ba\u015flang\u0131\u00e7 tarihi olarak kabul g\u00f6re 24 Nisan 1915\u2032te\u00a0Haydarpa\u015fa Gar\u0131\u2019nda 220 Ermeni ayd\u0131n s\u00fcrg\u00fcne g\u00f6nderilmi\u015fti. [&hellip;]","og_url":"https:\/\/akunq.net\/turkish\/2014\/04\/25\/soykirim-kurbanlari-icin-ilk-anma-surgunun-basladigi-haydarpasada\/","og_site_name":"Bati Ermenistan Ve Bati Ermenileri Sorunlari Ara\u015ftirmalar Merkezi","article_published_time":"2014-04-25T07:46:06+00:00","author":"kalem","twitter_card":"summary_large_image","twitter_misc":{"Written by":"kalem","Est. reading time":"3 minutes"},"schema":{"@context":"https:\/\/schema.org","@graph":[{"@type":"Article","@id":"https:\/\/akunq.net\/turkish\/2014\/04\/25\/soykirim-kurbanlari-icin-ilk-anma-surgunun-basladigi-haydarpasada\/#article","isPartOf":{"@id":"https:\/\/akunq.net\/turkish\/2014\/04\/25\/soykirim-kurbanlari-icin-ilk-anma-surgunun-basladigi-haydarpasada\/"},"author":{"name":"kalem","@id":"https:\/\/akunq.net\/turkish\/#\/schema\/person\/135e7923d1aeb8887890799619969a6c"},"headline":"Soyk\u0131r\u0131m kurbanlar\u0131 i\u00e7in ilk anma s\u00fcrg\u00fcn\u00fcn ba\u015flad\u0131\u011f\u0131 Haydarpa\u015fa\u2019da","datePublished":"2014-04-25T07:46:06+00:00","mainEntityOfPage":{"@id":"https:\/\/akunq.net\/turkish\/2014\/04\/25\/soykirim-kurbanlari-icin-ilk-anma-surgunun-basladigi-haydarpasada\/"},"wordCount":671,"commentCount":0,"articleSection":["Ermeni Soyk\u0131r\u0131m\u0131","Haberler"],"inLanguage":"en-US","potentialAction":[{"@type":"CommentAction","name":"Comment","target":["https:\/\/akunq.net\/turkish\/2014\/04\/25\/soykirim-kurbanlari-icin-ilk-anma-surgunun-basladigi-haydarpasada\/#respond"]}]},{"@type":"WebPage","@id":"https:\/\/akunq.net\/turkish\/2014\/04\/25\/soykirim-kurbanlari-icin-ilk-anma-surgunun-basladigi-haydarpasada\/","url":"https:\/\/akunq.net\/turkish\/2014\/04\/25\/soykirim-kurbanlari-icin-ilk-anma-surgunun-basladigi-haydarpasada\/","name":"Soyk\u0131r\u0131m kurbanlar\u0131 i\u00e7in ilk anma s\u00fcrg\u00fcn\u00fcn ba\u015flad\u0131\u011f\u0131 Haydarpa\u015fa\u2019da - Bati Ermenistan Ve Bati Ermenileri Sorunlari Ara\u015ftirmalar Merkezi","isPartOf":{"@id":"https:\/\/akunq.net\/turkish\/#website"},"datePublished":"2014-04-25T07:46:06+00:00","author":{"@id":"https:\/\/akunq.net\/turkish\/#\/schema\/person\/135e7923d1aeb8887890799619969a6c"},"breadcrumb":{"@id":"https:\/\/akunq.net\/turkish\/2014\/04\/25\/soykirim-kurbanlari-icin-ilk-anma-surgunun-basladigi-haydarpasada\/#breadcrumb"},"inLanguage":"en-US","potentialAction":[{"@type":"ReadAction","target":["https:\/\/akunq.net\/turkish\/2014\/04\/25\/soykirim-kurbanlari-icin-ilk-anma-surgunun-basladigi-haydarpasada\/"]}]},{"@type":"BreadcrumbList","@id":"https:\/\/akunq.net\/turkish\/2014\/04\/25\/soykirim-kurbanlari-icin-ilk-anma-surgunun-basladigi-haydarpasada\/#breadcrumb","itemListElement":[{"@type":"ListItem","position":1,"name":"Home","item":"https:\/\/akunq.net\/turkish\/"},{"@type":"ListItem","position":2,"name":"Soyk\u0131r\u0131m kurbanlar\u0131 i\u00e7in ilk anma s\u00fcrg\u00fcn\u00fcn ba\u015flad\u0131\u011f\u0131 Haydarpa\u015fa\u2019da"}]},{"@type":"WebSite","@id":"https:\/\/akunq.net\/turkish\/#website","url":"https:\/\/akunq.net\/turkish\/","name":"Bati Ermenistan Ve Bati Ermenileri Sorunlari Ara\u015ftirmalar Merkezi","description":"","potentialAction":[{"@type":"SearchAction","target":{"@type":"EntryPoint","urlTemplate":"https:\/\/akunq.net\/turkish\/?s={search_term_string}"},"query-input":{"@type":"PropertyValueSpecification","valueRequired":true,"valueName":"search_term_string"}}],"inLanguage":"en-US"},{"@type":"Person","@id":"https:\/\/akunq.net\/turkish\/#\/schema\/person\/135e7923d1aeb8887890799619969a6c","name":"kalem","image":{"@type":"ImageObject","inLanguage":"en-US","@id":"https:\/\/secure.gravatar.com\/avatar\/a06875e4b25feb5674296adf8e8a7ae1e587cebce2493fe63c456109967e27d3?s=96&d=mm&r=g","url":"https:\/\/secure.gravatar.com\/avatar\/a06875e4b25feb5674296adf8e8a7ae1e587cebce2493fe63c456109967e27d3?s=96&d=mm&r=g","contentUrl":"https:\/\/secure.gravatar.com\/avatar\/a06875e4b25feb5674296adf8e8a7ae1e587cebce2493fe63c456109967e27d3?s=96&d=mm&r=g","caption":"kalem"},"url":"https:\/\/akunq.net\/turkish\/author\/kalem\/"}]}},"_links":{"self":[{"href":"https:\/\/akunq.net\/turkish\/wp-json\/wp\/v2\/posts\/29602","targetHints":{"allow":["GET"]}}],"collection":[{"href":"https:\/\/akunq.net\/turkish\/wp-json\/wp\/v2\/posts"}],"about":[{"href":"https:\/\/akunq.net\/turkish\/wp-json\/wp\/v2\/types\/post"}],"author":[{"embeddable":true,"href":"https:\/\/akunq.net\/turkish\/wp-json\/wp\/v2\/users\/3"}],"replies":[{"embeddable":true,"href":"https:\/\/akunq.net\/turkish\/wp-json\/wp\/v2\/comments?post=29602"}],"version-history":[{"count":0,"href":"https:\/\/akunq.net\/turkish\/wp-json\/wp\/v2\/posts\/29602\/revisions"}],"wp:attachment":[{"href":"https:\/\/akunq.net\/turkish\/wp-json\/wp\/v2\/media?parent=29602"}],"wp:term":[{"taxonomy":"category","embeddable":true,"href":"https:\/\/akunq.net\/turkish\/wp-json\/wp\/v2\/categories?post=29602"},{"taxonomy":"post_tag","embeddable":true,"href":"https:\/\/akunq.net\/turkish\/wp-json\/wp\/v2\/tags?post=29602"}],"curies":[{"name":"wp","href":"https:\/\/api.w.org\/{rel}","templated":true}]}}