{"id":29593,"date":"2014-04-23T07:32:48","date_gmt":"2014-04-23T12:32:48","guid":{"rendered":"http:\/\/akunq.net\/tr\/?p=29593"},"modified":"2014-04-23T07:32:48","modified_gmt":"2014-04-23T12:32:48","slug":"erdogandan-24-nisan-mesajlari","status":"publish","type":"post","link":"https:\/\/akunq.net\/turkish\/2014\/04\/23\/erdogandan-24-nisan-mesajlari\/","title":{"rendered":"Erdo\u011fan&#8217;dan &#8217;24 Nisan&#8217; mesajlar\u0131"},"content":{"rendered":"<p style=\"text-align: justify\"><b><i><a href=\"http:\/\/akunq.net\/tr\/?attachment_id=29594\" rel=\"attachment wp-att-29594\"><img loading=\"lazy\" decoding=\"async\" class=\"alignright size-medium wp-image-29594\" alt=\"\u054c\u0565\u057b\u0565\u0583 \u0539\u0561\u0575\u056b\u0583 \u0537\u0580\u0564\u0578\u0572\u0561\u0576\" src=\"http:\/\/akunq.net\/tr\/wp-content\/uploads\/2014\/04\/\u054c\u0565\u057b\u0565\u0583-\u0539\u0561\u0575\u056b\u0583-\u0537\u0580\u0564\u0578\u0572\u0561\u05761-300x205.jpg\" width=\"300\" height=\"205\" srcset=\"https:\/\/akunq.net\/turkish\/wp-content\/uploads\/sites\/5\/2014\/04\/\u054c\u0565\u057b\u0565\u0583-\u0539\u0561\u0575\u056b\u0583-\u0537\u0580\u0564\u0578\u0572\u0561\u05761-300x205.jpg 300w, https:\/\/akunq.net\/turkish\/wp-content\/uploads\/sites\/5\/2014\/04\/\u054c\u0565\u057b\u0565\u0583-\u0539\u0561\u0575\u056b\u0583-\u0537\u0580\u0564\u0578\u0572\u0561\u05761.jpg 307w\" sizes=\"auto, (max-width: 300px) 100vw, 300px\" \/><\/a>Ba\u015fbakan Erdo\u011fan&#8217;\u0131n Ermeni sorununa ili\u015fkin a\u00e7\u0131klamas\u0131 Ba\u015fbakanl\u0131\u011f\u0131n internet sitesinde yay\u0131nland\u0131. \u0130lk kez bir T\u00fcrkiye Cumhuriyeti Ba\u015fbakan\u0131 24 Nisan \u00f6ncesi taziye mesaj\u0131nda bulundu.<\/i><\/b><\/p>\n<p style=\"text-align: justify\"><strong><i>\u0130\u015fte Ba\u015fbakanl\u0131\u011f\u0131n yay\u0131nlad\u0131\u011f\u0131 o mesaj:<\/i><\/strong><i><br \/>\n<\/i><br \/>\n\u201c<a href=\"http:\/\/www.posta.com.tr\/DetayliAra?q=Ermeni\" target=\"_blank\">Ermeni<\/a> vatanda\u015flar\u0131m\u0131z ve d\u00fcnyadaki t\u00fcm Ermeniler i\u00e7in \u00f6zel bir anlam ta\u015f\u0131yan <a href=\"http:\/\/www.posta.com.tr\/DetayliAra?q=24%20Nisan\" target=\"_blank\">24 Nisan<\/a>, tarihi bir meseleye ili\u015fkin d\u00fc\u015f\u00fcncelerin \u00f6zg\u00fcrce payla\u015f\u0131lmas\u0131 i\u00e7in\u00a0 de\u011ferli bir f\u0131rsat sunmaktad\u0131r. <a href=\"http:\/\/www.posta.com.tr\/DetayliAra?q=Osmanl\u0131\" target=\"_blank\">Osmanl\u0131<\/a> \u0130mparatorlu\u011fu\u2019nun son y\u0131llar\u0131n\u0131n hangi <a href=\"http:\/\/www.posta.com.tr\/DetayliAra?q=din\" target=\"_blank\">din<\/a> ve etnik k\u00f6kenden <a href=\"http:\/\/www.posta.com.tr\/DetayliAra?q=olursa\" target=\"_blank\">olursa<\/a> olsun, T\u00fcrk, K\u00fcrt, <a href=\"http:\/\/www.posta.com.tr\/DetayliAra?q=Arap\" target=\"_blank\">Arap<\/a>, Ermeni ve di\u011fer milyonlarca Osmanl\u0131 vatanda\u015f\u0131 i\u00e7in ac\u0131larla dolu zor bir d\u00f6nem oldu\u011fu yads\u0131namaz.<\/p>\n<p style=\"text-align: justify\"><strong>&#8220;ATE\u015e D\u00dc\u015eT\u00dc\u011e\u00dc YER\u0130 YAKAR&#8221;<\/strong><\/p>\n<p style=\"text-align: justify\">Adil bir insani ve vicdani duru\u015f, din ve <a href=\"http:\/\/www.posta.com.tr\/DetayliAra?q=etnik%20k\u00f6ken\" target=\"_blank\">etnik k\u00f6ken<\/a> g\u00f6zetmeden bu d\u00f6nemde ya\u015fanm\u0131\u015f t\u00fcm ac\u0131lar\u0131 anlamay\u0131 <a href=\"http:\/\/www.posta.com.tr\/DetayliAra?q=Gerekli\" target=\"_blank\">gerekli<\/a> k\u0131lar. Tabiat\u0131yla ne bir ac\u0131lar hiyerar\u015fisi kurulmas\u0131 ne de ac\u0131lar\u0131n birbiriyle mukayese edilmesi ve yar\u0131\u015ft\u0131r\u0131lmas\u0131\u00a0 ac\u0131n\u0131n \u00f6znesi i\u00e7in bir anlam ifade eder. Atalar\u0131m\u0131z\u0131n dedi\u011fi gibi \u2018ate\u015f d\u00fc\u015ft\u00fc\u011f\u00fc yeri yakar\u2019.<\/p>\n<p style=\"text-align: justify\">Osmanl\u0131 \u0130mparatorlu\u011fu vatanda\u015f\u0131 herkes gibi Ermenilerin de o d\u00f6nemde ya\u015fad\u0131klar\u0131 ac\u0131lar\u0131n hat\u0131ralar\u0131n\u0131 anmalar\u0131n\u0131 anlamak ve payla\u015fmak bir insanl\u0131k vazifesidir.<\/p>\n<p style=\"text-align: justify\">1915 olaylar\u0131na ili\u015fkin farkl\u0131 g\u00f6r\u00fc\u015f ve d\u00fc\u015f\u00fcncelerin serbest\u00e7e ifade edilmesi; \u00e7o\u011fulcu bir bak\u0131\u015f a\u00e7\u0131s\u0131n\u0131n, demokrasi k\u00fclt\u00fcr\u00fcn\u00fcn ve \u00e7a\u011fda\u015fl\u0131\u011f\u0131n gere\u011fidir. <a href=\"http:\/\/www.posta.com.tr\/DetayliAra?q=T\u00fcrkiye\" target=\"_blank\">T\u00fcrkiye<\/a>\u2019deki bu \u00f6zg\u00fcr ortam\u0131, su\u00e7lay\u0131c\u0131, incitici, hatta bazen k\u0131\u015fk\u0131rt\u0131c\u0131 s\u00f6ylem ve iddialar\u0131 seslendirmek i\u00e7in vesile olarak g\u00f6renler de bulunabilir.<\/p>\n<p style=\"text-align: justify\">Ne var ki, tarihi meseleleri hukuki boyutlar\u0131yla birlikte daha iyi anlamam\u0131z, k\u0131rg\u0131nl\u0131klar\u0131 yeniden dostluklara d\u00f6n\u00fc\u015ft\u00fcrmemiz m\u00fcmk\u00fcn <a href=\"http:\/\/www.posta.com.tr\/DetayliAra?q=olacaksa\" target=\"_blank\">olacaksa<\/a>, farkl\u0131 s\u00f6ylemlerin empati ve ho\u015fg\u00f6r\u00fcyle kar\u015f\u0131lanmas\u0131 ve b\u00fct\u00fcn taraflardan benzer bir anlay\u0131\u015f\u0131n beklenmesi tabiidir. T\u00fcrkiye <a href=\"http:\/\/www.posta.com.tr\/DetayliAra?q=Cumhuriyeti\" target=\"_blank\">Cumhuriyeti<\/a> hukukun evrensel de\u011ferleriyle uyumlu her d\u00fc\u015f\u00fcnceye olgunlukla yakla\u015fmaya devam edecektir.<br \/>\n<b><br \/>\n<strong>&#8220;<\/strong><\/b><a href=\"http:\/\/www.posta.com.tr\/DetayliAra?q=Hepimizin\" target=\"_blank\"><b>HEP\u0130M\u0130Z\u0130N<\/b><\/a><strong> ORTAK ACISI&#8221;<\/strong><\/p>\n<p style=\"text-align: justify\">Fakat 1915 olaylar\u0131n\u0131n T\u00fcrkiye kar\u015f\u0131tl\u0131\u011f\u0131 i\u00e7in bir <a href=\"http:\/\/www.posta.com.tr\/DetayliAra?q=bahane\" target=\"_blank\">bahane<\/a> olarak kullan\u0131lmas\u0131 ve siyasi <a href=\"http:\/\/www.posta.com.tr\/DetayliAra?q=\u00e7at\u0131\u015fma\" target=\"_blank\">\u00e7at\u0131\u015fma<\/a> konusu haline getirilmesi de kabul edilemez. Birinci D\u00fcnya Sava\u015f\u0131 esnas\u0131nda ya\u015fanan hadiseler, hepimizin ortak ac\u0131s\u0131d\u0131r. Bu ac\u0131l\u0131 tarihe adil haf\u0131za perspektifinden bak\u0131lmas\u0131, insani ve ilmi bir sorumluluktur.<\/p>\n<p style=\"text-align: justify\">Her din ve milletten milyonlarca insan\u0131n hayat\u0131n\u0131 kaybetti\u011fi I. D\u00fcnya Sava\u015f\u0131 esnas\u0131nda, tehcir gibi gayr-\u0131 insani sonu\u00e7lar do\u011furan hadiselerin ya\u015fanm\u0131\u015f olmas\u0131, T\u00fcrkler ile Ermeniler aras\u0131nda duyguda\u015fl\u0131k kurulmas\u0131na ve kar\u015f\u0131l\u0131kl\u0131 insani tutum ve davran\u0131\u015flar sergilenmesine engel olmamal\u0131d\u0131r.<\/p>\n<p style=\"text-align: justify\"><b><i>http:\/\/www.posta.com.tr\/siyaset\/HaberDetay\/Erdogan-dan&#8211;24-Nisan&#8211;mesajlari.htm?ArticleID=225296<\/i><\/b><\/p>\n","protected":false},"excerpt":{"rendered":"<p>Ba\u015fbakan Erdo\u011fan&#8217;\u0131n Ermeni sorununa ili\u015fkin a\u00e7\u0131klamas\u0131 Ba\u015fbakanl\u0131\u011f\u0131n internet sitesinde yay\u0131nland\u0131. \u0130lk kez bir T\u00fcrkiye Cumhuriyeti Ba\u015fbakan\u0131 24 Nisan \u00f6ncesi taziye mesaj\u0131nda bulundu. \u0130\u015fte Ba\u015fbakanl\u0131\u011f\u0131n yay\u0131nlad\u0131\u011f\u0131 o mesaj: \u201cErmeni vatanda\u015flar\u0131m\u0131z ve d\u00fcnyadaki t\u00fcm Ermeniler i\u00e7in \u00f6zel bir anlam ta\u015f\u0131yan 24 Nisan, tarihi bir meseleye ili\u015fkin d\u00fc\u015f\u00fcncelerin \u00f6zg\u00fcrce payla\u015f\u0131lmas\u0131 i\u00e7in\u00a0 de\u011ferli bir f\u0131rsat sunmaktad\u0131r. Osmanl\u0131 \u0130mparatorlu\u011fu\u2019nun son [&hellip;]<\/p>\n","protected":false},"author":3,"featured_media":0,"comment_status":"open","ping_status":"open","sticky":false,"template":"","format":"standard","meta":{"footnotes":""},"categories":[6,14],"tags":[],"class_list":["post-29593","post","type-post","status-publish","format-standard","hentry","category-ermeni-soykirimi","category-haberler"],"yoast_head":"<!-- This site is optimized with the Yoast SEO plugin v27.4 - https:\/\/yoast.com\/product\/yoast-seo-wordpress\/ -->\n<title>Erdo\u011fan&#039;dan &#039;24 Nisan&#039; mesajlar\u0131 - Bati Ermenistan Ve Bati Ermenileri Sorunlari Ara\u015ftirmalar Merkezi<\/title>\n<meta name=\"robots\" content=\"index, follow, max-snippet:-1, max-image-preview:large, max-video-preview:-1\" \/>\n<link rel=\"canonical\" href=\"https:\/\/akunq.net\/turkish\/2014\/04\/23\/erdogandan-24-nisan-mesajlari\/\" \/>\n<meta property=\"og:locale\" content=\"en_US\" \/>\n<meta property=\"og:type\" content=\"article\" \/>\n<meta property=\"og:title\" content=\"Erdo\u011fan&#039;dan &#039;24 Nisan&#039; mesajlar\u0131 - Bati Ermenistan Ve Bati Ermenileri Sorunlari Ara\u015ftirmalar Merkezi\" \/>\n<meta property=\"og:description\" content=\"Ba\u015fbakan Erdo\u011fan&#8217;\u0131n Ermeni sorununa ili\u015fkin a\u00e7\u0131klamas\u0131 Ba\u015fbakanl\u0131\u011f\u0131n internet sitesinde yay\u0131nland\u0131. \u0130lk kez bir T\u00fcrkiye Cumhuriyeti Ba\u015fbakan\u0131 24 Nisan \u00f6ncesi taziye mesaj\u0131nda bulundu. \u0130\u015fte Ba\u015fbakanl\u0131\u011f\u0131n yay\u0131nlad\u0131\u011f\u0131 o mesaj: \u201cErmeni vatanda\u015flar\u0131m\u0131z ve d\u00fcnyadaki t\u00fcm Ermeniler i\u00e7in \u00f6zel bir anlam ta\u015f\u0131yan 24 Nisan, tarihi bir meseleye ili\u015fkin d\u00fc\u015f\u00fcncelerin \u00f6zg\u00fcrce payla\u015f\u0131lmas\u0131 i\u00e7in\u00a0 de\u011ferli bir f\u0131rsat sunmaktad\u0131r. Osmanl\u0131 \u0130mparatorlu\u011fu\u2019nun son [&hellip;]\" \/>\n<meta property=\"og:url\" content=\"https:\/\/akunq.net\/turkish\/2014\/04\/23\/erdogandan-24-nisan-mesajlari\/\" \/>\n<meta property=\"og:site_name\" content=\"Bati Ermenistan Ve Bati Ermenileri Sorunlari Ara\u015ftirmalar Merkezi\" \/>\n<meta property=\"article:published_time\" content=\"2014-04-23T12:32:48+00:00\" \/>\n<meta name=\"author\" content=\"kalem\" \/>\n<meta name=\"twitter:card\" content=\"summary_large_image\" \/>\n<meta name=\"twitter:label1\" content=\"Written by\" \/>\n\t<meta name=\"twitter:data1\" content=\"kalem\" \/>\n\t<meta name=\"twitter:label2\" content=\"Est. reading time\" \/>\n\t<meta name=\"twitter:data2\" content=\"2 minutes\" \/>\n<script type=\"application\/ld+json\" class=\"yoast-schema-graph\">{\"@context\":\"https:\\\/\\\/schema.org\",\"@graph\":[{\"@type\":\"Article\",\"@id\":\"https:\\\/\\\/akunq.net\\\/turkish\\\/2014\\\/04\\\/23\\\/erdogandan-24-nisan-mesajlari\\\/#article\",\"isPartOf\":{\"@id\":\"https:\\\/\\\/akunq.net\\\/turkish\\\/2014\\\/04\\\/23\\\/erdogandan-24-nisan-mesajlari\\\/\"},\"author\":{\"name\":\"kalem\",\"@id\":\"https:\\\/\\\/akunq.net\\\/turkish\\\/#\\\/schema\\\/person\\\/135e7923d1aeb8887890799619969a6c\"},\"headline\":\"Erdo\u011fan&#8217;dan &#8217;24 Nisan&#8217; mesajlar\u0131\",\"datePublished\":\"2014-04-23T12:32:48+00:00\",\"mainEntityOfPage\":{\"@id\":\"https:\\\/\\\/akunq.net\\\/turkish\\\/2014\\\/04\\\/23\\\/erdogandan-24-nisan-mesajlari\\\/\"},\"wordCount\":487,\"commentCount\":0,\"articleSection\":[\"Ermeni Soyk\u0131r\u0131m\u0131\",\"Haberler\"],\"inLanguage\":\"en-US\",\"potentialAction\":[{\"@type\":\"CommentAction\",\"name\":\"Comment\",\"target\":[\"https:\\\/\\\/akunq.net\\\/turkish\\\/2014\\\/04\\\/23\\\/erdogandan-24-nisan-mesajlari\\\/#respond\"]}]},{\"@type\":\"WebPage\",\"@id\":\"https:\\\/\\\/akunq.net\\\/turkish\\\/2014\\\/04\\\/23\\\/erdogandan-24-nisan-mesajlari\\\/\",\"url\":\"https:\\\/\\\/akunq.net\\\/turkish\\\/2014\\\/04\\\/23\\\/erdogandan-24-nisan-mesajlari\\\/\",\"name\":\"Erdo\u011fan'dan '24 Nisan' mesajlar\u0131 - Bati Ermenistan Ve Bati Ermenileri Sorunlari Ara\u015ftirmalar Merkezi\",\"isPartOf\":{\"@id\":\"https:\\\/\\\/akunq.net\\\/turkish\\\/#website\"},\"datePublished\":\"2014-04-23T12:32:48+00:00\",\"author\":{\"@id\":\"https:\\\/\\\/akunq.net\\\/turkish\\\/#\\\/schema\\\/person\\\/135e7923d1aeb8887890799619969a6c\"},\"breadcrumb\":{\"@id\":\"https:\\\/\\\/akunq.net\\\/turkish\\\/2014\\\/04\\\/23\\\/erdogandan-24-nisan-mesajlari\\\/#breadcrumb\"},\"inLanguage\":\"en-US\",\"potentialAction\":[{\"@type\":\"ReadAction\",\"target\":[\"https:\\\/\\\/akunq.net\\\/turkish\\\/2014\\\/04\\\/23\\\/erdogandan-24-nisan-mesajlari\\\/\"]}]},{\"@type\":\"BreadcrumbList\",\"@id\":\"https:\\\/\\\/akunq.net\\\/turkish\\\/2014\\\/04\\\/23\\\/erdogandan-24-nisan-mesajlari\\\/#breadcrumb\",\"itemListElement\":[{\"@type\":\"ListItem\",\"position\":1,\"name\":\"Home\",\"item\":\"https:\\\/\\\/akunq.net\\\/turkish\\\/\"},{\"@type\":\"ListItem\",\"position\":2,\"name\":\"Erdo\u011fan&#8217;dan &#8217;24 Nisan&#8217; mesajlar\u0131\"}]},{\"@type\":\"WebSite\",\"@id\":\"https:\\\/\\\/akunq.net\\\/turkish\\\/#website\",\"url\":\"https:\\\/\\\/akunq.net\\\/turkish\\\/\",\"name\":\"Bati Ermenistan Ve Bati Ermenileri Sorunlari Ara\u015ftirmalar Merkezi\",\"description\":\"\",\"potentialAction\":[{\"@type\":\"SearchAction\",\"target\":{\"@type\":\"EntryPoint\",\"urlTemplate\":\"https:\\\/\\\/akunq.net\\\/turkish\\\/?s={search_term_string}\"},\"query-input\":{\"@type\":\"PropertyValueSpecification\",\"valueRequired\":true,\"valueName\":\"search_term_string\"}}],\"inLanguage\":\"en-US\"},{\"@type\":\"Person\",\"@id\":\"https:\\\/\\\/akunq.net\\\/turkish\\\/#\\\/schema\\\/person\\\/135e7923d1aeb8887890799619969a6c\",\"name\":\"kalem\",\"image\":{\"@type\":\"ImageObject\",\"inLanguage\":\"en-US\",\"@id\":\"https:\\\/\\\/secure.gravatar.com\\\/avatar\\\/a06875e4b25feb5674296adf8e8a7ae1e587cebce2493fe63c456109967e27d3?s=96&d=mm&r=g\",\"url\":\"https:\\\/\\\/secure.gravatar.com\\\/avatar\\\/a06875e4b25feb5674296adf8e8a7ae1e587cebce2493fe63c456109967e27d3?s=96&d=mm&r=g\",\"contentUrl\":\"https:\\\/\\\/secure.gravatar.com\\\/avatar\\\/a06875e4b25feb5674296adf8e8a7ae1e587cebce2493fe63c456109967e27d3?s=96&d=mm&r=g\",\"caption\":\"kalem\"},\"url\":\"https:\\\/\\\/akunq.net\\\/turkish\\\/author\\\/kalem\\\/\"}]}<\/script>\n<!-- \/ Yoast SEO plugin. -->","yoast_head_json":{"title":"Erdo\u011fan'dan '24 Nisan' mesajlar\u0131 - Bati Ermenistan Ve Bati Ermenileri Sorunlari Ara\u015ftirmalar Merkezi","robots":{"index":"index","follow":"follow","max-snippet":"max-snippet:-1","max-image-preview":"max-image-preview:large","max-video-preview":"max-video-preview:-1"},"canonical":"https:\/\/akunq.net\/turkish\/2014\/04\/23\/erdogandan-24-nisan-mesajlari\/","og_locale":"en_US","og_type":"article","og_title":"Erdo\u011fan'dan '24 Nisan' mesajlar\u0131 - Bati Ermenistan Ve Bati Ermenileri Sorunlari Ara\u015ftirmalar Merkezi","og_description":"Ba\u015fbakan Erdo\u011fan&#8217;\u0131n Ermeni sorununa ili\u015fkin a\u00e7\u0131klamas\u0131 Ba\u015fbakanl\u0131\u011f\u0131n internet sitesinde yay\u0131nland\u0131. \u0130lk kez bir T\u00fcrkiye Cumhuriyeti Ba\u015fbakan\u0131 24 Nisan \u00f6ncesi taziye mesaj\u0131nda bulundu. \u0130\u015fte Ba\u015fbakanl\u0131\u011f\u0131n yay\u0131nlad\u0131\u011f\u0131 o mesaj: \u201cErmeni vatanda\u015flar\u0131m\u0131z ve d\u00fcnyadaki t\u00fcm Ermeniler i\u00e7in \u00f6zel bir anlam ta\u015f\u0131yan 24 Nisan, tarihi bir meseleye ili\u015fkin d\u00fc\u015f\u00fcncelerin \u00f6zg\u00fcrce payla\u015f\u0131lmas\u0131 i\u00e7in\u00a0 de\u011ferli bir f\u0131rsat sunmaktad\u0131r. Osmanl\u0131 \u0130mparatorlu\u011fu\u2019nun son [&hellip;]","og_url":"https:\/\/akunq.net\/turkish\/2014\/04\/23\/erdogandan-24-nisan-mesajlari\/","og_site_name":"Bati Ermenistan Ve Bati Ermenileri Sorunlari Ara\u015ftirmalar Merkezi","article_published_time":"2014-04-23T12:32:48+00:00","author":"kalem","twitter_card":"summary_large_image","twitter_misc":{"Written by":"kalem","Est. reading time":"2 minutes"},"schema":{"@context":"https:\/\/schema.org","@graph":[{"@type":"Article","@id":"https:\/\/akunq.net\/turkish\/2014\/04\/23\/erdogandan-24-nisan-mesajlari\/#article","isPartOf":{"@id":"https:\/\/akunq.net\/turkish\/2014\/04\/23\/erdogandan-24-nisan-mesajlari\/"},"author":{"name":"kalem","@id":"https:\/\/akunq.net\/turkish\/#\/schema\/person\/135e7923d1aeb8887890799619969a6c"},"headline":"Erdo\u011fan&#8217;dan &#8217;24 Nisan&#8217; mesajlar\u0131","datePublished":"2014-04-23T12:32:48+00:00","mainEntityOfPage":{"@id":"https:\/\/akunq.net\/turkish\/2014\/04\/23\/erdogandan-24-nisan-mesajlari\/"},"wordCount":487,"commentCount":0,"articleSection":["Ermeni Soyk\u0131r\u0131m\u0131","Haberler"],"inLanguage":"en-US","potentialAction":[{"@type":"CommentAction","name":"Comment","target":["https:\/\/akunq.net\/turkish\/2014\/04\/23\/erdogandan-24-nisan-mesajlari\/#respond"]}]},{"@type":"WebPage","@id":"https:\/\/akunq.net\/turkish\/2014\/04\/23\/erdogandan-24-nisan-mesajlari\/","url":"https:\/\/akunq.net\/turkish\/2014\/04\/23\/erdogandan-24-nisan-mesajlari\/","name":"Erdo\u011fan'dan '24 Nisan' mesajlar\u0131 - Bati Ermenistan Ve Bati Ermenileri Sorunlari Ara\u015ftirmalar Merkezi","isPartOf":{"@id":"https:\/\/akunq.net\/turkish\/#website"},"datePublished":"2014-04-23T12:32:48+00:00","author":{"@id":"https:\/\/akunq.net\/turkish\/#\/schema\/person\/135e7923d1aeb8887890799619969a6c"},"breadcrumb":{"@id":"https:\/\/akunq.net\/turkish\/2014\/04\/23\/erdogandan-24-nisan-mesajlari\/#breadcrumb"},"inLanguage":"en-US","potentialAction":[{"@type":"ReadAction","target":["https:\/\/akunq.net\/turkish\/2014\/04\/23\/erdogandan-24-nisan-mesajlari\/"]}]},{"@type":"BreadcrumbList","@id":"https:\/\/akunq.net\/turkish\/2014\/04\/23\/erdogandan-24-nisan-mesajlari\/#breadcrumb","itemListElement":[{"@type":"ListItem","position":1,"name":"Home","item":"https:\/\/akunq.net\/turkish\/"},{"@type":"ListItem","position":2,"name":"Erdo\u011fan&#8217;dan &#8217;24 Nisan&#8217; mesajlar\u0131"}]},{"@type":"WebSite","@id":"https:\/\/akunq.net\/turkish\/#website","url":"https:\/\/akunq.net\/turkish\/","name":"Bati Ermenistan Ve Bati Ermenileri Sorunlari Ara\u015ftirmalar Merkezi","description":"","potentialAction":[{"@type":"SearchAction","target":{"@type":"EntryPoint","urlTemplate":"https:\/\/akunq.net\/turkish\/?s={search_term_string}"},"query-input":{"@type":"PropertyValueSpecification","valueRequired":true,"valueName":"search_term_string"}}],"inLanguage":"en-US"},{"@type":"Person","@id":"https:\/\/akunq.net\/turkish\/#\/schema\/person\/135e7923d1aeb8887890799619969a6c","name":"kalem","image":{"@type":"ImageObject","inLanguage":"en-US","@id":"https:\/\/secure.gravatar.com\/avatar\/a06875e4b25feb5674296adf8e8a7ae1e587cebce2493fe63c456109967e27d3?s=96&d=mm&r=g","url":"https:\/\/secure.gravatar.com\/avatar\/a06875e4b25feb5674296adf8e8a7ae1e587cebce2493fe63c456109967e27d3?s=96&d=mm&r=g","contentUrl":"https:\/\/secure.gravatar.com\/avatar\/a06875e4b25feb5674296adf8e8a7ae1e587cebce2493fe63c456109967e27d3?s=96&d=mm&r=g","caption":"kalem"},"url":"https:\/\/akunq.net\/turkish\/author\/kalem\/"}]}},"_links":{"self":[{"href":"https:\/\/akunq.net\/turkish\/wp-json\/wp\/v2\/posts\/29593","targetHints":{"allow":["GET"]}}],"collection":[{"href":"https:\/\/akunq.net\/turkish\/wp-json\/wp\/v2\/posts"}],"about":[{"href":"https:\/\/akunq.net\/turkish\/wp-json\/wp\/v2\/types\/post"}],"author":[{"embeddable":true,"href":"https:\/\/akunq.net\/turkish\/wp-json\/wp\/v2\/users\/3"}],"replies":[{"embeddable":true,"href":"https:\/\/akunq.net\/turkish\/wp-json\/wp\/v2\/comments?post=29593"}],"version-history":[{"count":0,"href":"https:\/\/akunq.net\/turkish\/wp-json\/wp\/v2\/posts\/29593\/revisions"}],"wp:attachment":[{"href":"https:\/\/akunq.net\/turkish\/wp-json\/wp\/v2\/media?parent=29593"}],"wp:term":[{"taxonomy":"category","embeddable":true,"href":"https:\/\/akunq.net\/turkish\/wp-json\/wp\/v2\/categories?post=29593"},{"taxonomy":"post_tag","embeddable":true,"href":"https:\/\/akunq.net\/turkish\/wp-json\/wp\/v2\/tags?post=29593"}],"curies":[{"name":"wp","href":"https:\/\/api.w.org\/{rel}","templated":true}]}}