{"id":29581,"date":"2014-04-23T04:58:52","date_gmt":"2014-04-23T09:58:52","guid":{"rendered":"http:\/\/akunq.net\/tr\/?p=29581"},"modified":"2014-04-23T04:58:52","modified_gmt":"2014-04-23T09:58:52","slug":"dr-avagyan-turkiyenin-bugunku-politikasi-ermeni-soykiriminin-inkarindan-taha-tehlikeli","status":"publish","type":"post","link":"https:\/\/akunq.net\/turkish\/2014\/04\/23\/dr-avagyan-turkiyenin-bugunku-politikasi-ermeni-soykiriminin-inkarindan-taha-tehlikeli\/","title":{"rendered":"Dr. Avagyan: T\u00fcrkiye\u2019nin bug\u00fcnk\u00fc politikas\u0131, Ermeni Soyk\u0131r\u0131m\u0131n\u0131n inkar\u0131ndan daha tehlikeli"},"content":{"rendered":"<p style=\"text-align: justify\"><b><i><a href=\"http:\/\/akunq.net\/tr\/?attachment_id=29582\" rel=\"attachment wp-att-29582\"><img loading=\"lazy\" decoding=\"async\" class=\"alignright size-medium wp-image-29582\" alt=\"Arsen Avagyan\" src=\"http:\/\/akunq.net\/tr\/wp-content\/uploads\/2014\/04\/Arsen-Avagyan-300x200.jpg\" width=\"300\" height=\"200\" srcset=\"https:\/\/akunq.net\/turkish\/wp-content\/uploads\/sites\/5\/2014\/04\/Arsen-Avagyan-300x200.jpg 300w, https:\/\/akunq.net\/turkish\/wp-content\/uploads\/sites\/5\/2014\/04\/Arsen-Avagyan-768x512.jpg 768w, https:\/\/akunq.net\/turkish\/wp-content\/uploads\/sites\/5\/2014\/04\/Arsen-Avagyan.jpg 960w\" sizes=\"auto, (max-width: 300px) 100vw, 300px\" \/><\/a>Ermeni Soyk\u0131r\u0131m\u0131n\u0131n tan\u0131nmas\u0131 y\u00f6n\u00fcnde T\u00fcrk siyasetinde kimi taktik de\u011fi\u015fliklikler ger\u00e7ekle\u015fti. T\u00fcrkiye uluslararas\u0131 toplumun g\u00f6z\u00fcne diyalo\u011fa haz\u0131r bir \u00fclke olarak g\u00f6r\u00fcnmeye, bu \u015fekilde Ermeni Soyk\u0131r\u0131m\u0131n\u0131n uluslararas\u0131 tan\u0131nmas\u0131 s\u00fcrecini engellemeye \u00e7al\u0131\u015f\u0131yor. <\/i><\/b><a href=\"http:\/\/news.am\/\"><b><i>NEWS.am<\/i><\/b><\/a><b><i> muhabirine a\u00e7\u0131klama tarih\u00e7i Dr. Arsen Avagyan\u2019dan geldi.<\/i><\/b><\/p>\n<p style=\"text-align: justify\">Uzmana g\u00f6re ge\u00e7ti\u011fimiz 20 y\u0131la k\u0131yasla T\u00fcrkiye\u2019deki durum de\u011fi\u015fti: Ermeni Soyk\u0131r\u0131m\u0131na ili\u015fkin daha s\u0131k ve daha a\u00e7\u0131k konu\u015fulmakta, bu konu art\u0131k tabu de\u011fil. \u2033Ancak T\u00fcrk toplumunun b\u00fcy\u00fck k\u0131sm\u0131n\u0131n muhafazakar ve milliyet\u00e7i oldu\u011funu unutmamak gerek. Dolay\u0131s\u0131yla Soyk\u0131r\u0131m\u0131n tan\u0131nmas\u0131 zor, zira Ermeni Soyk\u0131r\u0131m\u0131n\u0131n tan\u0131nmas\u0131 sadece Yunanl\u0131lar ve S\u00fcryanilerin katliamlar\u0131yla de\u011fil, ayn\u0131 zamanda T\u00fcrkiye\u2019nin kurulu\u015f ve bu \u00fclkedeki ulusal m\u00fccadeleyle ilintilidir\u2033 diyen Avagyan, bu a\u00e7\u0131dan \u2018bir ta\u015f\u0131n devrilmesi durumunda, di\u011ferlerinin de y\u0131k\u0131laca\u011f\u0131\u2019 y\u00f6n\u00fcnde yorum getirdi.<\/p>\n<p style=\"text-align: justify\">Tarih\u00e7i, T\u00fcrkiye D\u0131\u015fi\u015fler bakan\u0131 Ahmet Davuto\u011flu\u2019nun, Ermeni Soyk\u0131r\u0131m\u0131n\u0131 tan\u0131mad\u0131\u011f\u0131n\u0131 ilan etti\u011fini ifade ederek \u2033Ermeni Soyk\u0131r\u0131m\u0131n\u0131 sadece trajedi olarak adland\u0131r\u0131yor, bu tan\u0131ma de\u011fildir. Bence bu uluslararas\u0131 toplumu uzun vadeli sorundan sapt\u0131rma amac\u0131 da ta\u015f\u0131maktad\u0131r: Yani T\u00fcrkiye\u2019yi inkarc\u0131 politika y\u00fcr\u00fcten bir \u00fclke olarak de\u011fil, aksine kendi tarihiyle uzla\u015f\u0131 s\u00fcrecinde oldu\u011fu ve Ermeni Soyk\u0131r\u0131m\u0131n\u0131n uluslararas\u0131 tan\u0131nmas\u0131n\u0131n sadece bu s\u00fcrece mani olaca\u011f\u0131n\u0131 ilan etmektir\u2033 dedi. Avagyan, bunu Ermeni Soyk\u0131r\u0131m\u0131n\u0131n inkar\u0131ndan daha tehlikeli oldu\u011funa i\u015faret etti.<\/p>\n<p style=\"text-align: justify\"><b><i>http:\/\/news.am\/tur\/news\/205544.html<\/i><\/b><\/p>\n","protected":false},"excerpt":{"rendered":"<p>Ermeni Soyk\u0131r\u0131m\u0131n\u0131n tan\u0131nmas\u0131 y\u00f6n\u00fcnde T\u00fcrk siyasetinde kimi taktik de\u011fi\u015fliklikler ger\u00e7ekle\u015fti. T\u00fcrkiye uluslararas\u0131 toplumun g\u00f6z\u00fcne diyalo\u011fa haz\u0131r bir \u00fclke olarak g\u00f6r\u00fcnmeye, bu \u015fekilde Ermeni Soyk\u0131r\u0131m\u0131n\u0131n uluslararas\u0131 tan\u0131nmas\u0131 s\u00fcrecini engellemeye \u00e7al\u0131\u015f\u0131yor. NEWS.am muhabirine a\u00e7\u0131klama tarih\u00e7i Dr. Arsen Avagyan\u2019dan geldi. Uzmana g\u00f6re ge\u00e7ti\u011fimiz 20 y\u0131la k\u0131yasla T\u00fcrkiye\u2019deki durum de\u011fi\u015fti: Ermeni Soyk\u0131r\u0131m\u0131na ili\u015fkin daha s\u0131k ve daha a\u00e7\u0131k konu\u015fulmakta, [&hellip;]<\/p>\n","protected":false},"author":3,"featured_media":0,"comment_status":"open","ping_status":"open","sticky":false,"template":"","format":"standard","meta":{"footnotes":""},"categories":[6,14],"tags":[],"class_list":["post-29581","post","type-post","status-publish","format-standard","hentry","category-ermeni-soykirimi","category-haberler"],"yoast_head":"<!-- This site is optimized with the Yoast SEO plugin v27.4 - https:\/\/yoast.com\/product\/yoast-seo-wordpress\/ -->\n<title>Dr. Avagyan: T\u00fcrkiye\u2019nin bug\u00fcnk\u00fc politikas\u0131, Ermeni Soyk\u0131r\u0131m\u0131n\u0131n inkar\u0131ndan daha tehlikeli - Bati Ermenistan Ve Bati Ermenileri Sorunlari Ara\u015ftirmalar Merkezi<\/title>\n<meta name=\"robots\" content=\"index, follow, max-snippet:-1, max-image-preview:large, max-video-preview:-1\" \/>\n<link rel=\"canonical\" href=\"https:\/\/akunq.net\/turkish\/2014\/04\/23\/dr-avagyan-turkiyenin-bugunku-politikasi-ermeni-soykiriminin-inkarindan-taha-tehlikeli\/\" \/>\n<meta property=\"og:locale\" content=\"en_US\" \/>\n<meta property=\"og:type\" content=\"article\" \/>\n<meta property=\"og:title\" content=\"Dr. Avagyan: T\u00fcrkiye\u2019nin bug\u00fcnk\u00fc politikas\u0131, Ermeni Soyk\u0131r\u0131m\u0131n\u0131n inkar\u0131ndan daha tehlikeli - Bati Ermenistan Ve Bati Ermenileri Sorunlari Ara\u015ftirmalar Merkezi\" \/>\n<meta property=\"og:description\" content=\"Ermeni Soyk\u0131r\u0131m\u0131n\u0131n tan\u0131nmas\u0131 y\u00f6n\u00fcnde T\u00fcrk siyasetinde kimi taktik de\u011fi\u015fliklikler ger\u00e7ekle\u015fti. T\u00fcrkiye uluslararas\u0131 toplumun g\u00f6z\u00fcne diyalo\u011fa haz\u0131r bir \u00fclke olarak g\u00f6r\u00fcnmeye, bu \u015fekilde Ermeni Soyk\u0131r\u0131m\u0131n\u0131n uluslararas\u0131 tan\u0131nmas\u0131 s\u00fcrecini engellemeye \u00e7al\u0131\u015f\u0131yor. NEWS.am muhabirine a\u00e7\u0131klama tarih\u00e7i Dr. Arsen Avagyan\u2019dan geldi. Uzmana g\u00f6re ge\u00e7ti\u011fimiz 20 y\u0131la k\u0131yasla T\u00fcrkiye\u2019deki durum de\u011fi\u015fti: Ermeni Soyk\u0131r\u0131m\u0131na ili\u015fkin daha s\u0131k ve daha a\u00e7\u0131k konu\u015fulmakta, [&hellip;]\" \/>\n<meta property=\"og:url\" content=\"https:\/\/akunq.net\/turkish\/2014\/04\/23\/dr-avagyan-turkiyenin-bugunku-politikasi-ermeni-soykiriminin-inkarindan-taha-tehlikeli\/\" \/>\n<meta property=\"og:site_name\" content=\"Bati Ermenistan Ve Bati Ermenileri Sorunlari Ara\u015ftirmalar Merkezi\" \/>\n<meta property=\"article:published_time\" content=\"2014-04-23T09:58:52+00:00\" \/>\n<meta property=\"og:image\" content=\"https:\/\/akunq.net\/turkish\/wp-content\/uploads\/sites\/5\/2014\/04\/Arsen-Avagyan.jpg\" \/>\n\t<meta property=\"og:image:width\" content=\"960\" \/>\n\t<meta property=\"og:image:height\" content=\"640\" \/>\n\t<meta property=\"og:image:type\" content=\"image\/jpeg\" \/>\n<meta name=\"author\" content=\"kalem\" \/>\n<meta name=\"twitter:card\" content=\"summary_large_image\" \/>\n<meta name=\"twitter:label1\" content=\"Written by\" \/>\n\t<meta name=\"twitter:data1\" content=\"kalem\" \/>\n\t<meta name=\"twitter:label2\" content=\"Est. reading time\" \/>\n\t<meta name=\"twitter:data2\" content=\"2 minutes\" \/>\n<script type=\"application\/ld+json\" class=\"yoast-schema-graph\">{\"@context\":\"https:\\\/\\\/schema.org\",\"@graph\":[{\"@type\":\"Article\",\"@id\":\"https:\\\/\\\/akunq.net\\\/turkish\\\/2014\\\/04\\\/23\\\/dr-avagyan-turkiyenin-bugunku-politikasi-ermeni-soykiriminin-inkarindan-taha-tehlikeli\\\/#article\",\"isPartOf\":{\"@id\":\"https:\\\/\\\/akunq.net\\\/turkish\\\/2014\\\/04\\\/23\\\/dr-avagyan-turkiyenin-bugunku-politikasi-ermeni-soykiriminin-inkarindan-taha-tehlikeli\\\/\"},\"author\":{\"name\":\"kalem\",\"@id\":\"https:\\\/\\\/akunq.net\\\/turkish\\\/#\\\/schema\\\/person\\\/135e7923d1aeb8887890799619969a6c\"},\"headline\":\"Dr. Avagyan: T\u00fcrkiye\u2019nin bug\u00fcnk\u00fc politikas\u0131, Ermeni Soyk\u0131r\u0131m\u0131n\u0131n inkar\u0131ndan daha tehlikeli\",\"datePublished\":\"2014-04-23T09:58:52+00:00\",\"mainEntityOfPage\":{\"@id\":\"https:\\\/\\\/akunq.net\\\/turkish\\\/2014\\\/04\\\/23\\\/dr-avagyan-turkiyenin-bugunku-politikasi-ermeni-soykiriminin-inkarindan-taha-tehlikeli\\\/\"},\"wordCount\":329,\"commentCount\":0,\"image\":{\"@id\":\"https:\\\/\\\/akunq.net\\\/turkish\\\/2014\\\/04\\\/23\\\/dr-avagyan-turkiyenin-bugunku-politikasi-ermeni-soykiriminin-inkarindan-taha-tehlikeli\\\/#primaryimage\"},\"thumbnailUrl\":\"http:\\\/\\\/akunq.net\\\/tr\\\/wp-content\\\/uploads\\\/2014\\\/04\\\/Arsen-Avagyan-300x200.jpg\",\"articleSection\":[\"Ermeni Soyk\u0131r\u0131m\u0131\",\"Haberler\"],\"inLanguage\":\"en-US\",\"potentialAction\":[{\"@type\":\"CommentAction\",\"name\":\"Comment\",\"target\":[\"https:\\\/\\\/akunq.net\\\/turkish\\\/2014\\\/04\\\/23\\\/dr-avagyan-turkiyenin-bugunku-politikasi-ermeni-soykiriminin-inkarindan-taha-tehlikeli\\\/#respond\"]}]},{\"@type\":\"WebPage\",\"@id\":\"https:\\\/\\\/akunq.net\\\/turkish\\\/2014\\\/04\\\/23\\\/dr-avagyan-turkiyenin-bugunku-politikasi-ermeni-soykiriminin-inkarindan-taha-tehlikeli\\\/\",\"url\":\"https:\\\/\\\/akunq.net\\\/turkish\\\/2014\\\/04\\\/23\\\/dr-avagyan-turkiyenin-bugunku-politikasi-ermeni-soykiriminin-inkarindan-taha-tehlikeli\\\/\",\"name\":\"Dr. Avagyan: T\u00fcrkiye\u2019nin bug\u00fcnk\u00fc politikas\u0131, Ermeni Soyk\u0131r\u0131m\u0131n\u0131n inkar\u0131ndan daha tehlikeli - Bati Ermenistan Ve Bati Ermenileri Sorunlari Ara\u015ftirmalar Merkezi\",\"isPartOf\":{\"@id\":\"https:\\\/\\\/akunq.net\\\/turkish\\\/#website\"},\"primaryImageOfPage\":{\"@id\":\"https:\\\/\\\/akunq.net\\\/turkish\\\/2014\\\/04\\\/23\\\/dr-avagyan-turkiyenin-bugunku-politikasi-ermeni-soykiriminin-inkarindan-taha-tehlikeli\\\/#primaryimage\"},\"image\":{\"@id\":\"https:\\\/\\\/akunq.net\\\/turkish\\\/2014\\\/04\\\/23\\\/dr-avagyan-turkiyenin-bugunku-politikasi-ermeni-soykiriminin-inkarindan-taha-tehlikeli\\\/#primaryimage\"},\"thumbnailUrl\":\"http:\\\/\\\/akunq.net\\\/tr\\\/wp-content\\\/uploads\\\/2014\\\/04\\\/Arsen-Avagyan-300x200.jpg\",\"datePublished\":\"2014-04-23T09:58:52+00:00\",\"author\":{\"@id\":\"https:\\\/\\\/akunq.net\\\/turkish\\\/#\\\/schema\\\/person\\\/135e7923d1aeb8887890799619969a6c\"},\"breadcrumb\":{\"@id\":\"https:\\\/\\\/akunq.net\\\/turkish\\\/2014\\\/04\\\/23\\\/dr-avagyan-turkiyenin-bugunku-politikasi-ermeni-soykiriminin-inkarindan-taha-tehlikeli\\\/#breadcrumb\"},\"inLanguage\":\"en-US\",\"potentialAction\":[{\"@type\":\"ReadAction\",\"target\":[\"https:\\\/\\\/akunq.net\\\/turkish\\\/2014\\\/04\\\/23\\\/dr-avagyan-turkiyenin-bugunku-politikasi-ermeni-soykiriminin-inkarindan-taha-tehlikeli\\\/\"]}]},{\"@type\":\"ImageObject\",\"inLanguage\":\"en-US\",\"@id\":\"https:\\\/\\\/akunq.net\\\/turkish\\\/2014\\\/04\\\/23\\\/dr-avagyan-turkiyenin-bugunku-politikasi-ermeni-soykiriminin-inkarindan-taha-tehlikeli\\\/#primaryimage\",\"url\":\"http:\\\/\\\/akunq.net\\\/tr\\\/wp-content\\\/uploads\\\/2014\\\/04\\\/Arsen-Avagyan-300x200.jpg\",\"contentUrl\":\"http:\\\/\\\/akunq.net\\\/tr\\\/wp-content\\\/uploads\\\/2014\\\/04\\\/Arsen-Avagyan-300x200.jpg\"},{\"@type\":\"BreadcrumbList\",\"@id\":\"https:\\\/\\\/akunq.net\\\/turkish\\\/2014\\\/04\\\/23\\\/dr-avagyan-turkiyenin-bugunku-politikasi-ermeni-soykiriminin-inkarindan-taha-tehlikeli\\\/#breadcrumb\",\"itemListElement\":[{\"@type\":\"ListItem\",\"position\":1,\"name\":\"Home\",\"item\":\"https:\\\/\\\/akunq.net\\\/turkish\\\/\"},{\"@type\":\"ListItem\",\"position\":2,\"name\":\"Dr. Avagyan: T\u00fcrkiye\u2019nin bug\u00fcnk\u00fc politikas\u0131, Ermeni Soyk\u0131r\u0131m\u0131n\u0131n inkar\u0131ndan daha tehlikeli\"}]},{\"@type\":\"WebSite\",\"@id\":\"https:\\\/\\\/akunq.net\\\/turkish\\\/#website\",\"url\":\"https:\\\/\\\/akunq.net\\\/turkish\\\/\",\"name\":\"Bati Ermenistan Ve Bati Ermenileri Sorunlari Ara\u015ftirmalar Merkezi\",\"description\":\"\",\"potentialAction\":[{\"@type\":\"SearchAction\",\"target\":{\"@type\":\"EntryPoint\",\"urlTemplate\":\"https:\\\/\\\/akunq.net\\\/turkish\\\/?s={search_term_string}\"},\"query-input\":{\"@type\":\"PropertyValueSpecification\",\"valueRequired\":true,\"valueName\":\"search_term_string\"}}],\"inLanguage\":\"en-US\"},{\"@type\":\"Person\",\"@id\":\"https:\\\/\\\/akunq.net\\\/turkish\\\/#\\\/schema\\\/person\\\/135e7923d1aeb8887890799619969a6c\",\"name\":\"kalem\",\"image\":{\"@type\":\"ImageObject\",\"inLanguage\":\"en-US\",\"@id\":\"https:\\\/\\\/secure.gravatar.com\\\/avatar\\\/a06875e4b25feb5674296adf8e8a7ae1e587cebce2493fe63c456109967e27d3?s=96&d=mm&r=g\",\"url\":\"https:\\\/\\\/secure.gravatar.com\\\/avatar\\\/a06875e4b25feb5674296adf8e8a7ae1e587cebce2493fe63c456109967e27d3?s=96&d=mm&r=g\",\"contentUrl\":\"https:\\\/\\\/secure.gravatar.com\\\/avatar\\\/a06875e4b25feb5674296adf8e8a7ae1e587cebce2493fe63c456109967e27d3?s=96&d=mm&r=g\",\"caption\":\"kalem\"},\"url\":\"https:\\\/\\\/akunq.net\\\/turkish\\\/author\\\/kalem\\\/\"}]}<\/script>\n<!-- \/ Yoast SEO plugin. -->","yoast_head_json":{"title":"Dr. Avagyan: T\u00fcrkiye\u2019nin bug\u00fcnk\u00fc politikas\u0131, Ermeni Soyk\u0131r\u0131m\u0131n\u0131n inkar\u0131ndan daha tehlikeli - Bati Ermenistan Ve Bati Ermenileri Sorunlari Ara\u015ftirmalar Merkezi","robots":{"index":"index","follow":"follow","max-snippet":"max-snippet:-1","max-image-preview":"max-image-preview:large","max-video-preview":"max-video-preview:-1"},"canonical":"https:\/\/akunq.net\/turkish\/2014\/04\/23\/dr-avagyan-turkiyenin-bugunku-politikasi-ermeni-soykiriminin-inkarindan-taha-tehlikeli\/","og_locale":"en_US","og_type":"article","og_title":"Dr. Avagyan: T\u00fcrkiye\u2019nin bug\u00fcnk\u00fc politikas\u0131, Ermeni Soyk\u0131r\u0131m\u0131n\u0131n inkar\u0131ndan daha tehlikeli - Bati Ermenistan Ve Bati Ermenileri Sorunlari Ara\u015ftirmalar Merkezi","og_description":"Ermeni Soyk\u0131r\u0131m\u0131n\u0131n tan\u0131nmas\u0131 y\u00f6n\u00fcnde T\u00fcrk siyasetinde kimi taktik de\u011fi\u015fliklikler ger\u00e7ekle\u015fti. T\u00fcrkiye uluslararas\u0131 toplumun g\u00f6z\u00fcne diyalo\u011fa haz\u0131r bir \u00fclke olarak g\u00f6r\u00fcnmeye, bu \u015fekilde Ermeni Soyk\u0131r\u0131m\u0131n\u0131n uluslararas\u0131 tan\u0131nmas\u0131 s\u00fcrecini engellemeye \u00e7al\u0131\u015f\u0131yor. NEWS.am muhabirine a\u00e7\u0131klama tarih\u00e7i Dr. Arsen Avagyan\u2019dan geldi. Uzmana g\u00f6re ge\u00e7ti\u011fimiz 20 y\u0131la k\u0131yasla T\u00fcrkiye\u2019deki durum de\u011fi\u015fti: Ermeni Soyk\u0131r\u0131m\u0131na ili\u015fkin daha s\u0131k ve daha a\u00e7\u0131k konu\u015fulmakta, [&hellip;]","og_url":"https:\/\/akunq.net\/turkish\/2014\/04\/23\/dr-avagyan-turkiyenin-bugunku-politikasi-ermeni-soykiriminin-inkarindan-taha-tehlikeli\/","og_site_name":"Bati Ermenistan Ve Bati Ermenileri Sorunlari Ara\u015ftirmalar Merkezi","article_published_time":"2014-04-23T09:58:52+00:00","og_image":[{"width":960,"height":640,"url":"https:\/\/akunq.net\/turkish\/wp-content\/uploads\/sites\/5\/2014\/04\/Arsen-Avagyan.jpg","type":"image\/jpeg"}],"author":"kalem","twitter_card":"summary_large_image","twitter_misc":{"Written by":"kalem","Est. reading time":"2 minutes"},"schema":{"@context":"https:\/\/schema.org","@graph":[{"@type":"Article","@id":"https:\/\/akunq.net\/turkish\/2014\/04\/23\/dr-avagyan-turkiyenin-bugunku-politikasi-ermeni-soykiriminin-inkarindan-taha-tehlikeli\/#article","isPartOf":{"@id":"https:\/\/akunq.net\/turkish\/2014\/04\/23\/dr-avagyan-turkiyenin-bugunku-politikasi-ermeni-soykiriminin-inkarindan-taha-tehlikeli\/"},"author":{"name":"kalem","@id":"https:\/\/akunq.net\/turkish\/#\/schema\/person\/135e7923d1aeb8887890799619969a6c"},"headline":"Dr. Avagyan: T\u00fcrkiye\u2019nin bug\u00fcnk\u00fc politikas\u0131, Ermeni Soyk\u0131r\u0131m\u0131n\u0131n inkar\u0131ndan daha tehlikeli","datePublished":"2014-04-23T09:58:52+00:00","mainEntityOfPage":{"@id":"https:\/\/akunq.net\/turkish\/2014\/04\/23\/dr-avagyan-turkiyenin-bugunku-politikasi-ermeni-soykiriminin-inkarindan-taha-tehlikeli\/"},"wordCount":329,"commentCount":0,"image":{"@id":"https:\/\/akunq.net\/turkish\/2014\/04\/23\/dr-avagyan-turkiyenin-bugunku-politikasi-ermeni-soykiriminin-inkarindan-taha-tehlikeli\/#primaryimage"},"thumbnailUrl":"http:\/\/akunq.net\/tr\/wp-content\/uploads\/2014\/04\/Arsen-Avagyan-300x200.jpg","articleSection":["Ermeni Soyk\u0131r\u0131m\u0131","Haberler"],"inLanguage":"en-US","potentialAction":[{"@type":"CommentAction","name":"Comment","target":["https:\/\/akunq.net\/turkish\/2014\/04\/23\/dr-avagyan-turkiyenin-bugunku-politikasi-ermeni-soykiriminin-inkarindan-taha-tehlikeli\/#respond"]}]},{"@type":"WebPage","@id":"https:\/\/akunq.net\/turkish\/2014\/04\/23\/dr-avagyan-turkiyenin-bugunku-politikasi-ermeni-soykiriminin-inkarindan-taha-tehlikeli\/","url":"https:\/\/akunq.net\/turkish\/2014\/04\/23\/dr-avagyan-turkiyenin-bugunku-politikasi-ermeni-soykiriminin-inkarindan-taha-tehlikeli\/","name":"Dr. Avagyan: T\u00fcrkiye\u2019nin bug\u00fcnk\u00fc politikas\u0131, Ermeni Soyk\u0131r\u0131m\u0131n\u0131n inkar\u0131ndan daha tehlikeli - Bati Ermenistan Ve Bati Ermenileri Sorunlari Ara\u015ftirmalar Merkezi","isPartOf":{"@id":"https:\/\/akunq.net\/turkish\/#website"},"primaryImageOfPage":{"@id":"https:\/\/akunq.net\/turkish\/2014\/04\/23\/dr-avagyan-turkiyenin-bugunku-politikasi-ermeni-soykiriminin-inkarindan-taha-tehlikeli\/#primaryimage"},"image":{"@id":"https:\/\/akunq.net\/turkish\/2014\/04\/23\/dr-avagyan-turkiyenin-bugunku-politikasi-ermeni-soykiriminin-inkarindan-taha-tehlikeli\/#primaryimage"},"thumbnailUrl":"http:\/\/akunq.net\/tr\/wp-content\/uploads\/2014\/04\/Arsen-Avagyan-300x200.jpg","datePublished":"2014-04-23T09:58:52+00:00","author":{"@id":"https:\/\/akunq.net\/turkish\/#\/schema\/person\/135e7923d1aeb8887890799619969a6c"},"breadcrumb":{"@id":"https:\/\/akunq.net\/turkish\/2014\/04\/23\/dr-avagyan-turkiyenin-bugunku-politikasi-ermeni-soykiriminin-inkarindan-taha-tehlikeli\/#breadcrumb"},"inLanguage":"en-US","potentialAction":[{"@type":"ReadAction","target":["https:\/\/akunq.net\/turkish\/2014\/04\/23\/dr-avagyan-turkiyenin-bugunku-politikasi-ermeni-soykiriminin-inkarindan-taha-tehlikeli\/"]}]},{"@type":"ImageObject","inLanguage":"en-US","@id":"https:\/\/akunq.net\/turkish\/2014\/04\/23\/dr-avagyan-turkiyenin-bugunku-politikasi-ermeni-soykiriminin-inkarindan-taha-tehlikeli\/#primaryimage","url":"http:\/\/akunq.net\/tr\/wp-content\/uploads\/2014\/04\/Arsen-Avagyan-300x200.jpg","contentUrl":"http:\/\/akunq.net\/tr\/wp-content\/uploads\/2014\/04\/Arsen-Avagyan-300x200.jpg"},{"@type":"BreadcrumbList","@id":"https:\/\/akunq.net\/turkish\/2014\/04\/23\/dr-avagyan-turkiyenin-bugunku-politikasi-ermeni-soykiriminin-inkarindan-taha-tehlikeli\/#breadcrumb","itemListElement":[{"@type":"ListItem","position":1,"name":"Home","item":"https:\/\/akunq.net\/turkish\/"},{"@type":"ListItem","position":2,"name":"Dr. Avagyan: T\u00fcrkiye\u2019nin bug\u00fcnk\u00fc politikas\u0131, Ermeni Soyk\u0131r\u0131m\u0131n\u0131n inkar\u0131ndan daha tehlikeli"}]},{"@type":"WebSite","@id":"https:\/\/akunq.net\/turkish\/#website","url":"https:\/\/akunq.net\/turkish\/","name":"Bati Ermenistan Ve Bati Ermenileri Sorunlari Ara\u015ftirmalar Merkezi","description":"","potentialAction":[{"@type":"SearchAction","target":{"@type":"EntryPoint","urlTemplate":"https:\/\/akunq.net\/turkish\/?s={search_term_string}"},"query-input":{"@type":"PropertyValueSpecification","valueRequired":true,"valueName":"search_term_string"}}],"inLanguage":"en-US"},{"@type":"Person","@id":"https:\/\/akunq.net\/turkish\/#\/schema\/person\/135e7923d1aeb8887890799619969a6c","name":"kalem","image":{"@type":"ImageObject","inLanguage":"en-US","@id":"https:\/\/secure.gravatar.com\/avatar\/a06875e4b25feb5674296adf8e8a7ae1e587cebce2493fe63c456109967e27d3?s=96&d=mm&r=g","url":"https:\/\/secure.gravatar.com\/avatar\/a06875e4b25feb5674296adf8e8a7ae1e587cebce2493fe63c456109967e27d3?s=96&d=mm&r=g","contentUrl":"https:\/\/secure.gravatar.com\/avatar\/a06875e4b25feb5674296adf8e8a7ae1e587cebce2493fe63c456109967e27d3?s=96&d=mm&r=g","caption":"kalem"},"url":"https:\/\/akunq.net\/turkish\/author\/kalem\/"}]}},"_links":{"self":[{"href":"https:\/\/akunq.net\/turkish\/wp-json\/wp\/v2\/posts\/29581","targetHints":{"allow":["GET"]}}],"collection":[{"href":"https:\/\/akunq.net\/turkish\/wp-json\/wp\/v2\/posts"}],"about":[{"href":"https:\/\/akunq.net\/turkish\/wp-json\/wp\/v2\/types\/post"}],"author":[{"embeddable":true,"href":"https:\/\/akunq.net\/turkish\/wp-json\/wp\/v2\/users\/3"}],"replies":[{"embeddable":true,"href":"https:\/\/akunq.net\/turkish\/wp-json\/wp\/v2\/comments?post=29581"}],"version-history":[{"count":0,"href":"https:\/\/akunq.net\/turkish\/wp-json\/wp\/v2\/posts\/29581\/revisions"}],"wp:attachment":[{"href":"https:\/\/akunq.net\/turkish\/wp-json\/wp\/v2\/media?parent=29581"}],"wp:term":[{"taxonomy":"category","embeddable":true,"href":"https:\/\/akunq.net\/turkish\/wp-json\/wp\/v2\/categories?post=29581"},{"taxonomy":"post_tag","embeddable":true,"href":"https:\/\/akunq.net\/turkish\/wp-json\/wp\/v2\/tags?post=29581"}],"curies":[{"name":"wp","href":"https:\/\/api.w.org\/{rel}","templated":true}]}}