{"id":28890,"date":"2014-03-17T04:34:25","date_gmt":"2014-03-17T09:34:25","guid":{"rendered":"http:\/\/akunq.net\/tr\/?p=28890"},"modified":"2014-03-17T04:34:25","modified_gmt":"2014-03-17T09:34:25","slug":"1915-katliaminda-ermeni-soykiriminda-akunq-web-sayfasi-yoneticileri-oldurulen-ermenilerin-kemikleri-ihrac-mi-edildi","status":"publish","type":"post","link":"https:\/\/akunq.net\/turkish\/2014\/03\/17\/1915-katliaminda-ermeni-soykiriminda-akunq-web-sayfasi-yoneticileri-oldurulen-ermenilerin-kemikleri-ihrac-mi-edildi\/","title":{"rendered":"1915 katliam\u0131nda (Ermeni Soyk\u0131r\u0131m\u0131\u2019nda-\u2018Akunq\u2019 web sayfas\u0131 y\u00f6neticileri) \u00f6ld\u00fcr\u00fclen Ermenilerin kemikleri ihra\u00e7 m\u0131 edildi?"},"content":{"rendered":"<p style=\"text-align: justify\"><b><a href=\"http:\/\/akunq.net\/tr\/?attachment_id=28891\" rel=\"attachment wp-att-28891\"><img loading=\"lazy\" decoding=\"async\" class=\"alignright size-medium wp-image-28891\" alt=\"\u00f6ld\u00fcr\u00fclen Ermeniler\" src=\"http:\/\/akunq.net\/tr\/wp-content\/uploads\/2014\/03\/\u00f6ld\u00fcr\u00fclen-Ermeniler-300x150.jpg\" width=\"300\" height=\"150\" \/><\/a>Bask\u0131n Oran<\/b><\/p>\n<p style=\"text-align: justify\">\u015eu anda \u00fclke rezaletten ge\u00e7ilmezken, niye y\u00fcz y\u0131l \u00f6nceki rezaleti yazd\u0131m? Bug\u00fcnk\u00fc \u0131rk\u00e7\u0131l\u0131klar\u0131n k\u00f6k\u00fcn\u00fcn \u0130ttihat\u00e7\u0131lara nas\u0131l uzand\u0131\u011f\u0131n\u0131 hat\u0131rlatmak i\u00e7in yazd\u0131m. Sydney\u2019de 1997\u2019de \u00f6lmeden \u00f6nce an\u0131lar\u0131n\u0131 T\u00fcrk\u00e7e olarak teybe okuyan Adanal\u0131 Manuel K\u0131rkya\u015faryan Usta\u2019n\u0131n doldurdu\u011fu son bant, o\u011flu Stepan taraf\u0131ndan bulundu. \u201cM.K. Adl\u0131 \u00c7ocu\u011fun Tehcir An\u0131lar\u0131\u201dn\u0131n 5. bask\u0131s\u0131na \u015fimdi onu da ekliyoruz. Ekliyoruz da, 1924-25 y\u0131llar\u0131na ili\u015fkin bu eke s\u00fcr\u00fcyle a\u00e7\u0131klay\u0131c\u0131 dipnot koydu\u011fum halde, \u015fu \u00f6yk\u00fcy\u00fc anlamad\u0131\u011f\u0131m i\u00e7in es ge\u00e7mi\u015ftim; ustam\u0131z\u0131n a\u011fz\u0131ndan \u00e7\u0131kt\u0131\u011f\u0131 gibi veriyorum: \u201cVe dedik, buras\u0131 Derzor \u00e7\u00f6l\u00fcd\u00fcr, devam\u0131 var, \u015fimdik devam ediyoruz. 1925 senesiydi, vak\u0131tlar yaz, ben ise Halep&#8217;te Top\u00e7uyanlar\u0131n garac\u0131nda vor\u015fopta zanaat \u00f6\u011freniyordum. Yani orada \u00e7al\u0131\u015f\u0131yordum.<\/p>\n<p style=\"text-align: justify\">\u201cG\u00fcn\u00fcn birinde bakt\u0131m ki, bir b\u00f6y\u00fck otombil y\u00fckl\u00fc garaca geldi. \u00dcst\u00fc gayet y\u00fcksek \u00e7uvallar\u0131nan y\u00fcklenmi\u015f bi \u015feyler var\u0131d\u0131. Dedim, \u2018Ne gadar y\u00fcklemi\u015fler bunu, a\u011f\u0131r de\u011fil mi?\u2019. Ve bana dediler, \u2018Hay\u0131r, a\u011f\u0131r de\u011fildir, hafiftir. \u00d6yle \u00e7ok g\u00f6r\u00fck\u00fcyor fakat hafiftir.\u2019 \u2018Nedir,\u2019 dedim, \u2018\u00e7uvallar\u0131n i\u00e7indeki?\u2019 Bana dediler, \u2018Onun i\u00e7indekinler, vakt\u0131nda Ermeni muhacirleri ki, Derzor \u00e7\u00f6llerine gittiler ve yani g\u00f6t\u00fcrd\u00fcler ve orada \u00f6ld\u00fcrd\u00fcler, onlar\u0131n kemikleridir\u2019 dediler. \u2018Ne yapacaklar bunu?\u2019 dedim. Dediler bana, \u2018Bir \u015firket Evropa&#8217;dan gelmi\u015f bu kemikleri toplat\u0131b al\u0131b \u0130skenderun Liman\u0131&#8217;na g\u00f6t\u00fcrecek ve ordan vapura y\u00fckledip Evropa&#8217;ya yollayacaklar.\u2019 \u2018Ne yapacaklar?\u2019 dedim. \u2018Oras\u0131n\u0131 bilmeyiz\u2019 dediler.<\/p>\n<p style=\"text-align: justify\">\u201cHeralda bir \u015feye kullanacaklar\u0131d\u0131. \u0130ki defa b\u00f6yle rast geldim. B\u00f6y\u00fck otombil y\u00fckl\u00fcyd\u00fc. \u0130\u015fte, Evropal\u0131lar Ermenileri alet deyi gulland\u0131lar, canlar\u0131n\u0131 ve kemiklerini bile al\u0131p kendilerine menfaat i\u00e7\u00fcn gullan\u0131yorlar\u201d<\/p>\n<p style=\"text-align: justify\">O kadar i\u011fren\u00e7 bir olay ki, inanamad\u0131m. Acaba gen\u00e7 M.K.\u2019y\u0131 i\u015fletmi\u015f olabilirler mi, dedim. Ama, \u201ciki defa\u201d diyor. Ayr\u0131ca, kuru kemik de hakikaten hacimde b\u00fcy\u00fck, a\u011f\u0131rl\u0131kta k\u00fc\u00e7\u00fckt\u00fcr.<\/p>\n<p style=\"text-align: justify\"><b>\u0130skenderun ve Mudanya limanlar\u0131<\/b><\/p>\n<p style=\"text-align: justify\">Derken, Devrimcikaradeniz.com\u2019dan bu ay ba\u015f\u0131nda gelen bir iletiyle sersemledim. Ayn\u0131 olay\u0131n Mudanya kolunu yaz\u0131yordu. Tarih\u00e7i Vlassis Agtzidis\u2019in, Yunan kaynaklar\u0131n\u0131n yan\u0131 s\u0131ra Amerikan ve Frans\u0131z gazetelerine dayanarak yazd\u0131\u011f\u0131 kitaptan \u00f6zetliyordu:<\/p>\n<p style=\"text-align: justify\">Mudanya\u2019dan 13 Aral\u0131k 1924 tarihinde Marsilya\u2019ya hareket eden bir gemi Selanik\u2019e geliyor. Ama y\u00fck\u00fcne ili\u015fkin belge yok. Hamallar bu gizemli y\u00fck\u00fcn insan kemikleri oldu\u011funu fark ediyorlar. G\u00f6revliler duruma m\u00fcdahale ediyor, fakat yukar\u0131dan talimat gelince gemi denize a\u00e7\u0131l\u0131yor. Normal say\u0131lmal\u0131: 1924\u2019te \u201cK\u00fc\u00e7\u00fck Asya Felaketi\u201dnden yeni \u00e7\u0131km\u0131\u015f, bir de n\u00fcfusunun d\u00f6rtte biri kadar m\u00fclteci h\u00fccumuna u\u011fram\u0131\u015f Yunanistan\u2019da kim kime, dum duma. Y\u00fck\u00fc Marsilya\u2019dan \u0131smarlayanlar m\u00fcdahale etmi\u015f olmal\u0131.<\/p>\n<p style=\"text-align: justify\">Haber, N.Y. Times\u2019\u0131n 23.12.1924 tarihli say\u0131s\u0131nda Paris mahre\u00e7li olarak \u00e7\u0131k\u0131yor: \u201dMarsilya acayip bir hikayeyle \u00e7alkalanmaktad\u0131r. Limana Zan adl\u0131 \u0130ngiliz band\u0131ral\u0131 bir gemi gelmi\u015ftir ve ta\u015f\u0131d\u0131\u011f\u0131 y\u00fck 400 ton insan kemi\u011fidir. S\u00f6ylendi\u011fine g\u00f6re kargo Marmara Denizi k\u0131y\u0131s\u0131ndaki Mudanya\u2019dan y\u00fcklenmi\u015ftir ve K\u00fc\u00e7\u00fck Asya katliamlar\u0131nda \u00f6ld\u00fcr\u00fclenlerin kemikleridir. Yine dola\u015fan s\u00f6ylentilere g\u00f6re bir soru\u015fturman\u0131n ba\u015flat\u0131lmas\u0131 beklenmektedir.\u201d<\/p>\n<p style=\"text-align: justify\">Ayn\u0131 haber, bu sefer Marsilya mahre\u00e7li olarak, Midi gazetesinin 24.12.1924 n\u00fcshas\u0131nda \u00e7\u0131k\u0131yor: \u201cBu kemikler, T\u00fcrkiye\u2019de ve K\u00fc\u00e7\u00fck Asya\u2019da yap\u0131lan Ermeni katliam tarlalar\u0131ndan gelmektedir\u201d.<\/p>\n<p style=\"text-align: justify\">Bu haberler birinci sayfada verilmemi\u015f; bu a\u00e7\u0131dan ku\u015fku yarat\u0131yor. Ama 1) Zan adl\u0131 bir geminin o tarihte o limandan hareket edip etmedi\u011fini kontrol kolay; 2) D\u00fcnya sava\u015f\u0131ndan yeni \u00e7\u0131km\u0131\u015f olman\u0131n katliamlar a\u00e7\u0131s\u0131ndan yaratt\u0131\u011f\u0131 bir kan\u0131ksama var; 3) Her \u015fey, M.K.\u2019n\u0131n 1970\u2019lerde teybe okuduklar\u0131na tam oturmakta: Ayn\u0131 y\u0131llar, toplu mezarlardan geldi\u011fi ku\u015fkusuz tonlarca insan kemi\u011fi. Marmara\u2019da Rumlar\u0131n, Suriye\u2019de Ermenilerin. \u00c7\u00fcnk\u00fc her iki y\u00f6rede de M\u00fcsl\u00fcmanlar\u0131n \u201ctoplu\u201d mezar\u0131 olmaz.<\/p>\n<p style=\"text-align: justify\"><b>Kim ald\u0131, kim satt\u0131, ne i\u00e7in?<\/b><\/p>\n<p style=\"text-align: justify\">Bu \u201cmal\u201d\u0131 ithal eden \u0130ngiliz ve Frans\u0131z sanayiciler bunu ne yapacaklar? Profes\u00f6r bir hekim arkada\u015f\u0131ma sordum, o tarihlerde zamk, jelatin, g\u00f6zl\u00fck \u00e7er\u00e7evesi yap\u0131l\u0131rm\u0131\u015f. Bir de, \u00e7ok affedersiniz, hayvan yemi. (Hayvan yeminde kemik kullan\u0131m\u0131n\u0131 \u015fimdi AB yasaklam\u0131\u015f, deli dana hastal\u0131\u011f\u0131 y\u00fcz\u00fcnden). Avrupal\u0131 sanayici i\u00e7in maliyeti \u00e7ok d\u00fc\u015f\u00fck bir \u201chammadde\u201d.<\/p>\n<p style=\"text-align: justify\">\u201c\u0130hracat\u00e7\u0131\u201d kim, peki? Devrimcikaradeniz.com\u2019un man\u015feti (\u201cKemalistler 50 bin insan kemi\u011fini Frans\u0131zlara nas\u0131l satt\u0131?\u201d) bu soru a\u00e7\u0131s\u0131ndan problemli:<\/p>\n<p style=\"text-align: justify\">1) Bunu yapanlar, Kemalistler (\u0130ttihat\u00e7\u0131lar) olmasa gerek. Ger\u00e7i, al\u0131n\u0131p g\u00f6t\u00fcr\u00fclmesine \u201cg\u00f6z\u00fcm\u00fcz\u00fcn \u00f6n\u00fcnden gitsin\u201d diye kar\u015f\u0131 \u00e7\u0131kmamalar\u0131 m\u00fcmk\u00fcn \u00e7\u00fcnk\u00fc bu vicdanlar\u0131n\u0131 rahatlat\u0131r ama, Rum kemiklerini ihra\u00e7 demek 1913-16 katliamlar\u0131n\u0131 Bat\u0131\u2019ya daha beter duyurmak demek. \u00dcstelik, 1924\u2019te M\u00fcsl\u00fcman ihracat\u00e7\u0131 ne gezer.<\/p>\n<p style=\"text-align: justify\">2) Man\u015fet alt\u0131nda \u201cAl\u0131c\u0131: Frans\u0131z ve \u0130ngiliz\u00a0 Sabun Firmalar\u0131\u201d diye yorum yap\u0131yor. Oysa, bunlar\u0131 konu\u015fmak bile i\u011fren\u00e7 ama, doktor arkada\u015f\u0131m\u0131n verdi\u011fi bilgi: \u201cSabun imalat\u0131, topraktan \u00e7\u0131kar\u0131lan kuru kemiklerden de\u011fil, mezbahalardan filan at\u0131lan taze kemik ve eklerinden (et, ya\u011f, barsak gibi) yap\u0131labilir\u201d. Yahudi soyk\u0131r\u0131m\u0131na benzetece\u011fim diye zorlama yapmamak laz\u0131m. Dadrian da bir ara gaz odalar\u0131ndan bahsetmi\u015f, sonra vazge\u00e7mi\u015fti.<\/p>\n<p style=\"text-align: justify\"><b>Eski rezillikler ve yenileri<\/b><\/p>\n<p style=\"text-align: justify\">B\u00f6ylesine pis bir olay\u0131 biraz fazla so\u011fukkanl\u0131l\u0131kla tahlil ettik, affola. Bu kemiklerin \u201c\u00fcreticileri\u201d tabii ki \u0130ttihat\u00e7\u0131lar; ama bir de M.K\u2019n\u0131n bu i\u015fin \u201ct\u00fcccarlar\u0131\u201d i\u00e7in s\u00f6yledi\u011fi \u00e7ok \u00f6nemli bir \u015fey var: \u201c\u0130\u015fte, Evropal\u0131lar Ermenileri alet deyi gulland\u0131lar, canlar\u0131n\u0131 ve kemiklerini bile al\u0131p kendilerine menfaat i\u00e7\u00fcn gullan\u0131yorlar\u201d,<\/p>\n<p style=\"text-align: justify\">\u015eu anda \u00fclke rezaletten ge\u00e7ilmezken, niye y\u00fcz y\u0131l \u00f6nceki rezaleti yazd\u0131m? Basit: \u201cBunlar\u0131 bize bir Yahudi, bir ateist, bir Zerd\u00fc\u015ft yapsa anlar\u0131m\u201d gibi bir kalemde Gayrim\u00fcslimlere, gen\u00e7lere ve eski dinleri \u00fczerinden K\u00fcrtlere nefret kusan bir \u201cfikriyat\u201d var. Agos\u2019un \u00f6n\u00fcnde \u201cYa\u015fas\u0131n Og\u00fcn Samastlar, Kahrolsun Hrant Dinkler\u201d pankart\u0131 a\u00e7mak gibi veya Fethiye\u2019deki HDP tabelas\u0131n\u0131 belediye ba\u015fkan\u0131n\u0131n getirtti\u011fi itfaiye kep\u00e7esiyle kaymakam nezaretinde s\u00f6k\u00fcp atarak yerine T\u00fcrk Bayra\u011f\u0131 asmak gibi bir \u201cfiiliyat\u201d var. \u0130\u015fte, bu \u0131rk\u00e7\u0131l\u0131klar\u0131n k\u00f6k\u00fcn\u00fcn \u0130ttihat\u00e7\u0131lara nas\u0131l uzand\u0131\u011f\u0131n\u0131 hat\u0131rlatmak i\u00e7in yazd\u0131m. Hani, AKP\u2019nin nefret etti\u011fi \u0130ttihat\u00e7\u0131lar var ya, onlara.<\/p>\n<p style=\"text-align: justify\"><b><i>http:\/\/t24.com.tr\/haber\/baskin-oran-1915-katliaminda-oldurulen-ermenilerin-kemikleri-ihrac-mi-edildi\/2535 <\/i><\/b><\/p>\n","protected":false},"excerpt":{"rendered":"<p>Bask\u0131n Oran \u015eu anda \u00fclke rezaletten ge\u00e7ilmezken, niye y\u00fcz y\u0131l \u00f6nceki rezaleti yazd\u0131m? Bug\u00fcnk\u00fc \u0131rk\u00e7\u0131l\u0131klar\u0131n k\u00f6k\u00fcn\u00fcn \u0130ttihat\u00e7\u0131lara nas\u0131l uzand\u0131\u011f\u0131n\u0131 hat\u0131rlatmak i\u00e7in yazd\u0131m. Sydney\u2019de 1997\u2019de \u00f6lmeden \u00f6nce an\u0131lar\u0131n\u0131 T\u00fcrk\u00e7e olarak teybe okuyan Adanal\u0131 Manuel K\u0131rkya\u015faryan Usta\u2019n\u0131n doldurdu\u011fu son bant, o\u011flu Stepan taraf\u0131ndan bulundu. \u201cM.K. Adl\u0131 \u00c7ocu\u011fun Tehcir An\u0131lar\u0131\u201dn\u0131n 5. bask\u0131s\u0131na \u015fimdi onu da ekliyoruz. Ekliyoruz da, [&hellip;]<\/p>\n","protected":false},"author":3,"featured_media":0,"comment_status":"open","ping_status":"open","sticky":false,"template":"","format":"standard","meta":{"footnotes":""},"categories":[6,14,26],"tags":[],"class_list":["post-28890","post","type-post","status-publish","format-standard","hentry","category-ermeni-soykirimi","category-haberler","category-makaleler"],"yoast_head":"<!-- This site is optimized with the Yoast SEO plugin v27.4 - https:\/\/yoast.com\/product\/yoast-seo-wordpress\/ -->\n<title>1915 katliam\u0131nda (Ermeni Soyk\u0131r\u0131m\u0131\u2019nda-\u2018Akunq\u2019 web sayfas\u0131 y\u00f6neticileri) \u00f6ld\u00fcr\u00fclen Ermenilerin kemikleri ihra\u00e7 m\u0131 edildi? - Bati Ermenistan Ve Bati Ermenileri Sorunlari Ara\u015ftirmalar Merkezi<\/title>\n<meta name=\"robots\" content=\"index, follow, max-snippet:-1, max-image-preview:large, max-video-preview:-1\" \/>\n<link rel=\"canonical\" href=\"https:\/\/akunq.net\/turkish\/2014\/03\/17\/1915-katliaminda-ermeni-soykiriminda-akunq-web-sayfasi-yoneticileri-oldurulen-ermenilerin-kemikleri-ihrac-mi-edildi\/\" \/>\n<meta property=\"og:locale\" content=\"en_US\" \/>\n<meta property=\"og:type\" content=\"article\" \/>\n<meta property=\"og:title\" content=\"1915 katliam\u0131nda (Ermeni Soyk\u0131r\u0131m\u0131\u2019nda-\u2018Akunq\u2019 web sayfas\u0131 y\u00f6neticileri) \u00f6ld\u00fcr\u00fclen Ermenilerin kemikleri ihra\u00e7 m\u0131 edildi? - Bati Ermenistan Ve Bati Ermenileri Sorunlari Ara\u015ftirmalar Merkezi\" \/>\n<meta property=\"og:description\" content=\"Bask\u0131n Oran \u015eu anda \u00fclke rezaletten ge\u00e7ilmezken, niye y\u00fcz y\u0131l \u00f6nceki rezaleti yazd\u0131m? Bug\u00fcnk\u00fc \u0131rk\u00e7\u0131l\u0131klar\u0131n k\u00f6k\u00fcn\u00fcn \u0130ttihat\u00e7\u0131lara nas\u0131l uzand\u0131\u011f\u0131n\u0131 hat\u0131rlatmak i\u00e7in yazd\u0131m. Sydney\u2019de 1997\u2019de \u00f6lmeden \u00f6nce an\u0131lar\u0131n\u0131 T\u00fcrk\u00e7e olarak teybe okuyan Adanal\u0131 Manuel K\u0131rkya\u015faryan Usta\u2019n\u0131n doldurdu\u011fu son bant, o\u011flu Stepan taraf\u0131ndan bulundu. \u201cM.K. Adl\u0131 \u00c7ocu\u011fun Tehcir An\u0131lar\u0131\u201dn\u0131n 5. bask\u0131s\u0131na \u015fimdi onu da ekliyoruz. Ekliyoruz da, [&hellip;]\" \/>\n<meta property=\"og:url\" content=\"https:\/\/akunq.net\/turkish\/2014\/03\/17\/1915-katliaminda-ermeni-soykiriminda-akunq-web-sayfasi-yoneticileri-oldurulen-ermenilerin-kemikleri-ihrac-mi-edildi\/\" \/>\n<meta property=\"og:site_name\" content=\"Bati Ermenistan Ve Bati Ermenileri Sorunlari Ara\u015ftirmalar Merkezi\" \/>\n<meta property=\"article:published_time\" content=\"2014-03-17T09:34:25+00:00\" \/>\n<meta name=\"author\" content=\"kalem\" \/>\n<meta name=\"twitter:card\" content=\"summary_large_image\" \/>\n<meta name=\"twitter:label1\" content=\"Written by\" \/>\n\t<meta name=\"twitter:data1\" content=\"kalem\" \/>\n\t<meta name=\"twitter:label2\" content=\"Est. reading time\" \/>\n\t<meta name=\"twitter:data2\" content=\"6 minutes\" \/>\n<script type=\"application\/ld+json\" class=\"yoast-schema-graph\">{\"@context\":\"https:\\\/\\\/schema.org\",\"@graph\":[{\"@type\":\"Article\",\"@id\":\"https:\\\/\\\/akunq.net\\\/turkish\\\/2014\\\/03\\\/17\\\/1915-katliaminda-ermeni-soykiriminda-akunq-web-sayfasi-yoneticileri-oldurulen-ermenilerin-kemikleri-ihrac-mi-edildi\\\/#article\",\"isPartOf\":{\"@id\":\"https:\\\/\\\/akunq.net\\\/turkish\\\/2014\\\/03\\\/17\\\/1915-katliaminda-ermeni-soykiriminda-akunq-web-sayfasi-yoneticileri-oldurulen-ermenilerin-kemikleri-ihrac-mi-edildi\\\/\"},\"author\":{\"name\":\"kalem\",\"@id\":\"https:\\\/\\\/akunq.net\\\/turkish\\\/#\\\/schema\\\/person\\\/135e7923d1aeb8887890799619969a6c\"},\"headline\":\"1915 katliam\u0131nda (Ermeni Soyk\u0131r\u0131m\u0131\u2019nda-\u2018Akunq\u2019 web sayfas\u0131 y\u00f6neticileri) \u00f6ld\u00fcr\u00fclen Ermenilerin kemikleri ihra\u00e7 m\u0131 edildi?\",\"datePublished\":\"2014-03-17T09:34:25+00:00\",\"mainEntityOfPage\":{\"@id\":\"https:\\\/\\\/akunq.net\\\/turkish\\\/2014\\\/03\\\/17\\\/1915-katliaminda-ermeni-soykiriminda-akunq-web-sayfasi-yoneticileri-oldurulen-ermenilerin-kemikleri-ihrac-mi-edildi\\\/\"},\"wordCount\":1155,\"commentCount\":0,\"articleSection\":[\"Ermeni Soyk\u0131r\u0131m\u0131\",\"Haberler\",\"Makaleler\"],\"inLanguage\":\"en-US\",\"potentialAction\":[{\"@type\":\"CommentAction\",\"name\":\"Comment\",\"target\":[\"https:\\\/\\\/akunq.net\\\/turkish\\\/2014\\\/03\\\/17\\\/1915-katliaminda-ermeni-soykiriminda-akunq-web-sayfasi-yoneticileri-oldurulen-ermenilerin-kemikleri-ihrac-mi-edildi\\\/#respond\"]}]},{\"@type\":\"WebPage\",\"@id\":\"https:\\\/\\\/akunq.net\\\/turkish\\\/2014\\\/03\\\/17\\\/1915-katliaminda-ermeni-soykiriminda-akunq-web-sayfasi-yoneticileri-oldurulen-ermenilerin-kemikleri-ihrac-mi-edildi\\\/\",\"url\":\"https:\\\/\\\/akunq.net\\\/turkish\\\/2014\\\/03\\\/17\\\/1915-katliaminda-ermeni-soykiriminda-akunq-web-sayfasi-yoneticileri-oldurulen-ermenilerin-kemikleri-ihrac-mi-edildi\\\/\",\"name\":\"1915 katliam\u0131nda (Ermeni Soyk\u0131r\u0131m\u0131\u2019nda-\u2018Akunq\u2019 web sayfas\u0131 y\u00f6neticileri) \u00f6ld\u00fcr\u00fclen Ermenilerin kemikleri ihra\u00e7 m\u0131 edildi? - Bati Ermenistan Ve Bati Ermenileri Sorunlari Ara\u015ftirmalar Merkezi\",\"isPartOf\":{\"@id\":\"https:\\\/\\\/akunq.net\\\/turkish\\\/#website\"},\"datePublished\":\"2014-03-17T09:34:25+00:00\",\"author\":{\"@id\":\"https:\\\/\\\/akunq.net\\\/turkish\\\/#\\\/schema\\\/person\\\/135e7923d1aeb8887890799619969a6c\"},\"breadcrumb\":{\"@id\":\"https:\\\/\\\/akunq.net\\\/turkish\\\/2014\\\/03\\\/17\\\/1915-katliaminda-ermeni-soykiriminda-akunq-web-sayfasi-yoneticileri-oldurulen-ermenilerin-kemikleri-ihrac-mi-edildi\\\/#breadcrumb\"},\"inLanguage\":\"en-US\",\"potentialAction\":[{\"@type\":\"ReadAction\",\"target\":[\"https:\\\/\\\/akunq.net\\\/turkish\\\/2014\\\/03\\\/17\\\/1915-katliaminda-ermeni-soykiriminda-akunq-web-sayfasi-yoneticileri-oldurulen-ermenilerin-kemikleri-ihrac-mi-edildi\\\/\"]}]},{\"@type\":\"BreadcrumbList\",\"@id\":\"https:\\\/\\\/akunq.net\\\/turkish\\\/2014\\\/03\\\/17\\\/1915-katliaminda-ermeni-soykiriminda-akunq-web-sayfasi-yoneticileri-oldurulen-ermenilerin-kemikleri-ihrac-mi-edildi\\\/#breadcrumb\",\"itemListElement\":[{\"@type\":\"ListItem\",\"position\":1,\"name\":\"Home\",\"item\":\"https:\\\/\\\/akunq.net\\\/turkish\\\/\"},{\"@type\":\"ListItem\",\"position\":2,\"name\":\"1915 katliam\u0131nda (Ermeni Soyk\u0131r\u0131m\u0131\u2019nda-\u2018Akunq\u2019 web sayfas\u0131 y\u00f6neticileri) \u00f6ld\u00fcr\u00fclen Ermenilerin kemikleri ihra\u00e7 m\u0131 edildi?\"}]},{\"@type\":\"WebSite\",\"@id\":\"https:\\\/\\\/akunq.net\\\/turkish\\\/#website\",\"url\":\"https:\\\/\\\/akunq.net\\\/turkish\\\/\",\"name\":\"Bati Ermenistan Ve Bati Ermenileri Sorunlari Ara\u015ftirmalar Merkezi\",\"description\":\"\",\"potentialAction\":[{\"@type\":\"SearchAction\",\"target\":{\"@type\":\"EntryPoint\",\"urlTemplate\":\"https:\\\/\\\/akunq.net\\\/turkish\\\/?s={search_term_string}\"},\"query-input\":{\"@type\":\"PropertyValueSpecification\",\"valueRequired\":true,\"valueName\":\"search_term_string\"}}],\"inLanguage\":\"en-US\"},{\"@type\":\"Person\",\"@id\":\"https:\\\/\\\/akunq.net\\\/turkish\\\/#\\\/schema\\\/person\\\/135e7923d1aeb8887890799619969a6c\",\"name\":\"kalem\",\"image\":{\"@type\":\"ImageObject\",\"inLanguage\":\"en-US\",\"@id\":\"https:\\\/\\\/secure.gravatar.com\\\/avatar\\\/a06875e4b25feb5674296adf8e8a7ae1e587cebce2493fe63c456109967e27d3?s=96&d=mm&r=g\",\"url\":\"https:\\\/\\\/secure.gravatar.com\\\/avatar\\\/a06875e4b25feb5674296adf8e8a7ae1e587cebce2493fe63c456109967e27d3?s=96&d=mm&r=g\",\"contentUrl\":\"https:\\\/\\\/secure.gravatar.com\\\/avatar\\\/a06875e4b25feb5674296adf8e8a7ae1e587cebce2493fe63c456109967e27d3?s=96&d=mm&r=g\",\"caption\":\"kalem\"},\"url\":\"https:\\\/\\\/akunq.net\\\/turkish\\\/author\\\/kalem\\\/\"}]}<\/script>\n<!-- \/ Yoast SEO plugin. -->","yoast_head_json":{"title":"1915 katliam\u0131nda (Ermeni Soyk\u0131r\u0131m\u0131\u2019nda-\u2018Akunq\u2019 web sayfas\u0131 y\u00f6neticileri) \u00f6ld\u00fcr\u00fclen Ermenilerin kemikleri ihra\u00e7 m\u0131 edildi? - Bati Ermenistan Ve Bati Ermenileri Sorunlari Ara\u015ftirmalar Merkezi","robots":{"index":"index","follow":"follow","max-snippet":"max-snippet:-1","max-image-preview":"max-image-preview:large","max-video-preview":"max-video-preview:-1"},"canonical":"https:\/\/akunq.net\/turkish\/2014\/03\/17\/1915-katliaminda-ermeni-soykiriminda-akunq-web-sayfasi-yoneticileri-oldurulen-ermenilerin-kemikleri-ihrac-mi-edildi\/","og_locale":"en_US","og_type":"article","og_title":"1915 katliam\u0131nda (Ermeni Soyk\u0131r\u0131m\u0131\u2019nda-\u2018Akunq\u2019 web sayfas\u0131 y\u00f6neticileri) \u00f6ld\u00fcr\u00fclen Ermenilerin kemikleri ihra\u00e7 m\u0131 edildi? - Bati Ermenistan Ve Bati Ermenileri Sorunlari Ara\u015ftirmalar Merkezi","og_description":"Bask\u0131n Oran \u015eu anda \u00fclke rezaletten ge\u00e7ilmezken, niye y\u00fcz y\u0131l \u00f6nceki rezaleti yazd\u0131m? Bug\u00fcnk\u00fc \u0131rk\u00e7\u0131l\u0131klar\u0131n k\u00f6k\u00fcn\u00fcn \u0130ttihat\u00e7\u0131lara nas\u0131l uzand\u0131\u011f\u0131n\u0131 hat\u0131rlatmak i\u00e7in yazd\u0131m. Sydney\u2019de 1997\u2019de \u00f6lmeden \u00f6nce an\u0131lar\u0131n\u0131 T\u00fcrk\u00e7e olarak teybe okuyan Adanal\u0131 Manuel K\u0131rkya\u015faryan Usta\u2019n\u0131n doldurdu\u011fu son bant, o\u011flu Stepan taraf\u0131ndan bulundu. \u201cM.K. Adl\u0131 \u00c7ocu\u011fun Tehcir An\u0131lar\u0131\u201dn\u0131n 5. bask\u0131s\u0131na \u015fimdi onu da ekliyoruz. Ekliyoruz da, [&hellip;]","og_url":"https:\/\/akunq.net\/turkish\/2014\/03\/17\/1915-katliaminda-ermeni-soykiriminda-akunq-web-sayfasi-yoneticileri-oldurulen-ermenilerin-kemikleri-ihrac-mi-edildi\/","og_site_name":"Bati Ermenistan Ve Bati Ermenileri Sorunlari Ara\u015ftirmalar Merkezi","article_published_time":"2014-03-17T09:34:25+00:00","author":"kalem","twitter_card":"summary_large_image","twitter_misc":{"Written by":"kalem","Est. reading time":"6 minutes"},"schema":{"@context":"https:\/\/schema.org","@graph":[{"@type":"Article","@id":"https:\/\/akunq.net\/turkish\/2014\/03\/17\/1915-katliaminda-ermeni-soykiriminda-akunq-web-sayfasi-yoneticileri-oldurulen-ermenilerin-kemikleri-ihrac-mi-edildi\/#article","isPartOf":{"@id":"https:\/\/akunq.net\/turkish\/2014\/03\/17\/1915-katliaminda-ermeni-soykiriminda-akunq-web-sayfasi-yoneticileri-oldurulen-ermenilerin-kemikleri-ihrac-mi-edildi\/"},"author":{"name":"kalem","@id":"https:\/\/akunq.net\/turkish\/#\/schema\/person\/135e7923d1aeb8887890799619969a6c"},"headline":"1915 katliam\u0131nda (Ermeni Soyk\u0131r\u0131m\u0131\u2019nda-\u2018Akunq\u2019 web sayfas\u0131 y\u00f6neticileri) \u00f6ld\u00fcr\u00fclen Ermenilerin kemikleri ihra\u00e7 m\u0131 edildi?","datePublished":"2014-03-17T09:34:25+00:00","mainEntityOfPage":{"@id":"https:\/\/akunq.net\/turkish\/2014\/03\/17\/1915-katliaminda-ermeni-soykiriminda-akunq-web-sayfasi-yoneticileri-oldurulen-ermenilerin-kemikleri-ihrac-mi-edildi\/"},"wordCount":1155,"commentCount":0,"articleSection":["Ermeni Soyk\u0131r\u0131m\u0131","Haberler","Makaleler"],"inLanguage":"en-US","potentialAction":[{"@type":"CommentAction","name":"Comment","target":["https:\/\/akunq.net\/turkish\/2014\/03\/17\/1915-katliaminda-ermeni-soykiriminda-akunq-web-sayfasi-yoneticileri-oldurulen-ermenilerin-kemikleri-ihrac-mi-edildi\/#respond"]}]},{"@type":"WebPage","@id":"https:\/\/akunq.net\/turkish\/2014\/03\/17\/1915-katliaminda-ermeni-soykiriminda-akunq-web-sayfasi-yoneticileri-oldurulen-ermenilerin-kemikleri-ihrac-mi-edildi\/","url":"https:\/\/akunq.net\/turkish\/2014\/03\/17\/1915-katliaminda-ermeni-soykiriminda-akunq-web-sayfasi-yoneticileri-oldurulen-ermenilerin-kemikleri-ihrac-mi-edildi\/","name":"1915 katliam\u0131nda (Ermeni Soyk\u0131r\u0131m\u0131\u2019nda-\u2018Akunq\u2019 web sayfas\u0131 y\u00f6neticileri) \u00f6ld\u00fcr\u00fclen Ermenilerin kemikleri ihra\u00e7 m\u0131 edildi? - Bati Ermenistan Ve Bati Ermenileri Sorunlari Ara\u015ftirmalar Merkezi","isPartOf":{"@id":"https:\/\/akunq.net\/turkish\/#website"},"datePublished":"2014-03-17T09:34:25+00:00","author":{"@id":"https:\/\/akunq.net\/turkish\/#\/schema\/person\/135e7923d1aeb8887890799619969a6c"},"breadcrumb":{"@id":"https:\/\/akunq.net\/turkish\/2014\/03\/17\/1915-katliaminda-ermeni-soykiriminda-akunq-web-sayfasi-yoneticileri-oldurulen-ermenilerin-kemikleri-ihrac-mi-edildi\/#breadcrumb"},"inLanguage":"en-US","potentialAction":[{"@type":"ReadAction","target":["https:\/\/akunq.net\/turkish\/2014\/03\/17\/1915-katliaminda-ermeni-soykiriminda-akunq-web-sayfasi-yoneticileri-oldurulen-ermenilerin-kemikleri-ihrac-mi-edildi\/"]}]},{"@type":"BreadcrumbList","@id":"https:\/\/akunq.net\/turkish\/2014\/03\/17\/1915-katliaminda-ermeni-soykiriminda-akunq-web-sayfasi-yoneticileri-oldurulen-ermenilerin-kemikleri-ihrac-mi-edildi\/#breadcrumb","itemListElement":[{"@type":"ListItem","position":1,"name":"Home","item":"https:\/\/akunq.net\/turkish\/"},{"@type":"ListItem","position":2,"name":"1915 katliam\u0131nda (Ermeni Soyk\u0131r\u0131m\u0131\u2019nda-\u2018Akunq\u2019 web sayfas\u0131 y\u00f6neticileri) \u00f6ld\u00fcr\u00fclen Ermenilerin kemikleri ihra\u00e7 m\u0131 edildi?"}]},{"@type":"WebSite","@id":"https:\/\/akunq.net\/turkish\/#website","url":"https:\/\/akunq.net\/turkish\/","name":"Bati Ermenistan Ve Bati Ermenileri Sorunlari Ara\u015ftirmalar Merkezi","description":"","potentialAction":[{"@type":"SearchAction","target":{"@type":"EntryPoint","urlTemplate":"https:\/\/akunq.net\/turkish\/?s={search_term_string}"},"query-input":{"@type":"PropertyValueSpecification","valueRequired":true,"valueName":"search_term_string"}}],"inLanguage":"en-US"},{"@type":"Person","@id":"https:\/\/akunq.net\/turkish\/#\/schema\/person\/135e7923d1aeb8887890799619969a6c","name":"kalem","image":{"@type":"ImageObject","inLanguage":"en-US","@id":"https:\/\/secure.gravatar.com\/avatar\/a06875e4b25feb5674296adf8e8a7ae1e587cebce2493fe63c456109967e27d3?s=96&d=mm&r=g","url":"https:\/\/secure.gravatar.com\/avatar\/a06875e4b25feb5674296adf8e8a7ae1e587cebce2493fe63c456109967e27d3?s=96&d=mm&r=g","contentUrl":"https:\/\/secure.gravatar.com\/avatar\/a06875e4b25feb5674296adf8e8a7ae1e587cebce2493fe63c456109967e27d3?s=96&d=mm&r=g","caption":"kalem"},"url":"https:\/\/akunq.net\/turkish\/author\/kalem\/"}]}},"_links":{"self":[{"href":"https:\/\/akunq.net\/turkish\/wp-json\/wp\/v2\/posts\/28890","targetHints":{"allow":["GET"]}}],"collection":[{"href":"https:\/\/akunq.net\/turkish\/wp-json\/wp\/v2\/posts"}],"about":[{"href":"https:\/\/akunq.net\/turkish\/wp-json\/wp\/v2\/types\/post"}],"author":[{"embeddable":true,"href":"https:\/\/akunq.net\/turkish\/wp-json\/wp\/v2\/users\/3"}],"replies":[{"embeddable":true,"href":"https:\/\/akunq.net\/turkish\/wp-json\/wp\/v2\/comments?post=28890"}],"version-history":[{"count":0,"href":"https:\/\/akunq.net\/turkish\/wp-json\/wp\/v2\/posts\/28890\/revisions"}],"wp:attachment":[{"href":"https:\/\/akunq.net\/turkish\/wp-json\/wp\/v2\/media?parent=28890"}],"wp:term":[{"taxonomy":"category","embeddable":true,"href":"https:\/\/akunq.net\/turkish\/wp-json\/wp\/v2\/categories?post=28890"},{"taxonomy":"post_tag","embeddable":true,"href":"https:\/\/akunq.net\/turkish\/wp-json\/wp\/v2\/tags?post=28890"}],"curies":[{"name":"wp","href":"https:\/\/api.w.org\/{rel}","templated":true}]}}