{"id":28820,"date":"2014-03-13T04:09:27","date_gmt":"2014-03-13T09:09:27","guid":{"rendered":"http:\/\/akunq.net\/tr\/?p=28820"},"modified":"2014-03-13T04:09:27","modified_gmt":"2014-03-13T09:09:27","slug":"sevan-nisanyana-ozgurluk-3","status":"publish","type":"post","link":"https:\/\/akunq.net\/turkish\/2014\/03\/13\/sevan-nisanyana-ozgurluk-3\/","title":{"rendered":"Sevan Ni\u015fanyan\u2019a \u00f6zg\u00fcrl\u00fck!"},"content":{"rendered":"<p style=\"text-align: justify\"><b><a href=\"http:\/\/akunq.net\/tr\/?attachment_id=28821\" rel=\"attachment wp-att-28821\"><img loading=\"lazy\" decoding=\"async\" class=\"alignright size-medium wp-image-28821\" alt=\"\u054c\u0561\u0563\u0568\u0583 \u0536\u0561\u0580\u0561\u0584\u0585\u056c\u0578\u0582\" src=\"http:\/\/akunq.net\/tr\/wp-content\/uploads\/2014\/03\/\u054c\u0561\u0563\u0568\u0583-\u0536\u0561\u0580\u0561\u0584\u0585\u056c\u0578\u0582-300x199.jpg\" width=\"300\" height=\"199\" \/><\/a>Rag\u0131p Zarakolu<\/b><\/p>\n<p style=\"text-align: justify\">Sevan Ni\u015fanyan\u2019\u0131n nam\u0131n\u0131 ilk, lise talebesi iken duydum. Robert\u2019in harika \u00e7ocu\u011fu idi. Bu nedenle daha liseyi bitirmeden Birle\u015fik Devletler\u2019in en g\u00f6zde \u00fcniversiteleri taraf\u0131ndan, tam burs verilerek davet olunmu\u015ftu. Militer rejimlerin yap\u0131s\u0131 \u00fczerine ara\u015ft\u0131rmalar yapt\u0131 daha sonralar\u0131. Ve elbette, Karl Marx\u2019\u0131n Grundrisse\u2019sini onun d\u0131\u015f\u0131nda birinin \u00e7evirmesi d\u00fc\u015f\u00fcn\u00fclemezdi.<br \/>\nHrant gibi o da \u00fclkeyi terke zorland\u0131. Kim kimi kimin evinden kovuyor?<br \/>\nBeton kafa ise aynen devam diyor.<br \/>\nSiz, bizim \u201cMikroptan ar\u0131nd\u0131rd\u0131\u011f\u0131m\u0131z topraklara nas\u0131l d\u00f6nersiniz?\u201d denmek isteniyor.<br \/>\nSen nas\u0131l \u201c\u00c7irkince\u201dyi, \u201cG\u00fczelce\u201d yapars\u0131n deniyor. Onun hesab\u0131 soruluyor.<br \/>\n\u201cKa\u00e7ak in\u015faatm\u0131\u015f!\u201d G\u00fcld\u00fcrmeyin adam\u0131.<br \/>\nSen git Bo\u011faz\u2019\u0131 ka\u00e7ak villalarla \u201cucubeye\u201d \u00e7evir, bir de \u00c7aml\u0131ca\u2019ya zevksiz kitch bir cami dikmeye kalk, Firavunlar gibi tarihe iz b\u0131rakmak ad\u0131na; Urla\u2019n\u0131n tarihsel alanlar\u0131na sonradan g\u00f6rme yeni para babas\u0131 oligarklar i\u00e7in villalar yap ka\u00e7ak olarak. Ve se\u00e7kin entelekt\u00fcel Sevan Ni\u015fanyan\u2019\u0131 \u201cka\u00e7ak hapisten\u201d bilmem ka\u00e7\u0131nc\u0131 kez hapise koy.<br \/>\nS\u00fcreci ba\u015flatan o MHP sempatizan\u0131 Kaymakam, k\u00fc\u00e7\u00fck b\u00fcrokratlar ve jandarma \u00e7avu\u015flar\u0131 ne kadar keyiflenmi\u015ftir \u015fimdi.<br \/>\nBenim babam da kaymakamd\u0131 ve yapt\u0131lar\u0131 ile onur duydum hep. Kaymakaml\u0131k ne hallere d\u00fc\u015ft\u00fc, kimlerin elinde Yarabbi.<br \/>\n\u015eu M\u00fcteokrasi \u00fclkesinde, 1999 y\u0131l\u0131ndaki deprem bahane edilen, korkun\u00e7 k\u0131y\u0131mdan dolay\u0131, g\u00f6stermelik bir m\u00fcteahhiti, kurbanl\u0131k ke\u00e7i olarak yarg\u0131lamak d\u0131\u015f\u0131nda kimden hesap sordun, ey \u015fanl\u0131 T\u00fcrk adaleti, yarg\u0131s\u0131?<br \/>\n\u0130lk mahkum oldu\u011funda \u0130HD, Sevan Ni\u015fanyan\u2019a D\u00fc\u015f\u00fcnce \u00d6zg\u00fcrl\u00fc\u011f\u00fc \u00d6d\u00fcl\u00fc vermi\u015fti. Onunla eski lise y\u0131l\u0131 arkada\u015flar\u0131 yedi\u011fimiz ak\u015fam yeme\u011fini asla unutamam. Oradaki sohbetin derinli\u011fi, ya\u015fam dolulu\u011fu ve esprisini\u2026<br \/>\nBu \u00fclkeyi y\u00f6netenler hep bizi, yurtta\u015flar\u0131n\u0131 \u201cutand\u0131rmaktan\u201d ba\u015fka bir \u015fey yapmazlar m\u0131 Allah a\u015fk\u0131na?<br \/>\nSenin hapiste olmandan, orada kar\u015f\u0131la\u015ft\u0131\u011f\u0131n i\u011fren\u00e7liklerden dolay\u0131 utan\u00e7 duyuyorum bir T. C. yurtta\u015f\u0131 olarak Sevan. Ve lanet olsun bizi kendi \u00fclkemizden utanma durumu ile y\u00fcz y\u00fcze b\u0131rakanlara diyorum. Lanet okumaktan ba\u015fka bir \u015fey gelmiyor ne yaz\u0131k ki.<br \/>\n1998 y\u0131l\u0131nda Almanya\u2019da ya\u015fayan T. C. yurtta\u015flar\u0131ndan 10 bin imza toplayarak TBMM\u2019ye yollayan Soyk\u0131r\u0131m Kar\u015f\u0131tlar\u0131 Derne\u011fi Sevan Ni\u015fanyan\u2019\u0131n durumuna ili\u015fkin bir bildiri yay\u0131mlad\u0131. Ondan baz\u0131 al\u0131nt\u0131lar\u0131 sizlerle payla\u015fmak istiyorum:<br \/>\nG\u00f6r\u00fcnen odur ki, T\u00fcrkiye Cumhuriyeti devleti, \u201citaatsiz\u201d vatanda\u015f\u0131 Ermeni ayd\u0131n Sevan Ni\u015fanyan\u2019a,\u201cb\u00fcy\u00fckl\u00fc\u011f\u00fcn\u00fc\u201d kan\u0131tlamaya karar vermi\u015f durumdad\u0131r. Muhalif bir ayd\u0131n olarak Sevan Ni\u015fanyan, hayat felsefesi ve alternatif ya\u015fam tarz\u0131, farkl\u0131 konulara ili\u015fkin kitapla\u015ft\u0131r\u0131lm\u0131\u015f d\u00fc\u015f\u00fcnceleri, toplumsal hayata ili\u015fkin alternatif projeleriyle, vatanda\u015f\u0131 oldu\u011fu devletin resmi ideolojisi ve toplumsal ya\u015fam projesine ters d\u00fc\u015fmektedir. Zaten ger\u00e7ek muhalif bir kurumun ya da \u015fahsiyetin ba\u015fka t\u00fcrl\u00fc davranmas\u0131 da beklenemez.<br \/>\nSevan Ni\u015fanyan, soyk\u0131r\u0131mc\u0131 ge\u00e7mi\u015fi inkar eden, yalan ve efsaneler \u00fczerine kurulu resmi tarih anlay\u0131\u015f\u0131n\u0131n yan\u0131 s\u0131ra dini, devletin toplum \u00fczerine s\u0131n\u0131rs\u0131z h\u00e2kimiyetini tesis etmenin bir aleti olarak kullanma anlay\u0131\u015f\u0131n\u0131 da cesurca ele\u015ftirmesi, sadece devleti de\u011fil, ayn\u0131 zamanda g\u00fcc\u00fcn\u00fc devletten alan falanjist odaklar\u0131 da ciddi \u015fekilde rahats\u0131z etmektedir.<br \/>\nBuna kar\u015f\u0131l\u0131k Sevan Ni\u015fanyan\u2019\u0131n muhalif d\u00fc\u015f\u00fcnceleri, toplumun geli\u015fmeye a\u00e7\u0131k gen\u00e7 dinamik kesimlerinde \u00f6nemli bir yank\u0131 bulmaktad\u0131r. Bu nedenle derin ve s\u0131\u011f devlet, Sevan Ni\u015fanyan\u2019dan rahats\u0131zd\u0131r&#8230;<br \/>\nSevan Ni\u015fanyan\u2019\u0131n \u015eirince\u2019de do\u011fas\u0131yla bar\u0131\u015f\u0131k, tarihsel dokuya sayg\u0131l\u0131, alternatif bir turizm anlay\u0131\u015f\u0131n\u0131 yans\u0131tan e\u011fitsel-k\u00fclt\u00fcrel ya\u015fam projelerinin ger\u00e7ekle\u015ftirilmesi i\u00e7in ba\u015fvurmad\u0131\u011f\u0131 merci kalmam\u0131\u015ft\u0131r. \u0130stisnas\u0131z \u00e7ald\u0131\u011f\u0131 b\u00fct\u00fcn kap\u0131lar, hi\u00e7bir tutarl\u0131 gerek\u00e7e g\u00f6sterilmeksizin y\u00fcz\u00fcne kapanm\u0131\u015ft\u0131r. Ayn\u0131 zamanda Sevan Ni\u015fanyan\u2019\u0131n yard\u0131m\u0131 ile k\u00f6yl\u00fclerin tarihi evlerini restore etmelerine de izin verilmemi\u015ftir.<br \/>\nYaratm\u0131\u015f oldu\u011fu harika eserlerinin \u00f6d\u00fcllerle ta\u00e7land\u0131r\u0131lmas\u0131 yerine, Sevan Ni\u015fanyan\u2019\u0131n hem m\u00fclk\u00fcne hem de eserlerine emval-i metruke muamelesi yap\u0131lmaktad\u0131r. 1915 Soyk\u0131r\u0131m\u0131ndan beri Ermeni k\u00fclt\u00fcr varl\u0131klar\u0131n\u0131n y\u0131k\u0131larak yok edilmesi gibi, Sevan Ni\u015fanyan\u2019\u0131n eserleri de yok edilmek istenmektedir. Bu uygulama \u00e7er\u00e7evesinde Sevan Ni\u015fanyan\u2019\u0131n b\u00fct\u00fcn bu g\u00fczide eserleri i\u00e7in y\u0131k\u0131m kararlar\u0131 al\u0131nm\u0131\u015ft\u0131r.<br \/>\nAsl\u0131nda Sevan Ni\u015fanyan\u2019\u0131n \u201cka\u00e7ak in\u015faat\u201d bahanesiyle cezaland\u0131r\u0131lmas\u0131, 1915 Soyk\u0131r\u0131m\u0131 zihniyetinin bug\u00fcn de devam\u0131n\u0131n bir g\u00f6stergesidir.<br \/>\nSDK olarak Alman ve d\u00fcnya kamuoyunu bilgilendirmek amac\u0131yla Frankfurt\u2019ta bir bas\u0131n toplant\u0131s\u0131 d\u00fczenleyece\u011fiz. 2 Nisan \u00c7ar\u015famba ak\u015fam\u0131 ise \u201cSevan Ni\u015fanyan\u2019a \u00d6zg\u00fcrl\u00fck\u201d toplant\u0131s\u0131 yap\u0131lacakt\u0131r. Toplant\u0131da Sevan Ni\u015fanyan\u2019\u0131n yak\u0131n dostu ara\u015ft\u0131rmac\u0131 yazar Say\u0131n Sait \u00c7etino\u011flu da konu\u015facakt\u0131r. Ayr\u0131ca Sevan Ni\u015fanyan\u2019\u0131n \u015faheserlerinden bir de foto\u011fraf sergisi d\u00fczenlenecek ve onuruna bir dayan\u0131\u015fma konseri organize edecektir.<br \/>\nSEVAN N\u0130\u015eANYAN SU\u00c7SUZDUR, DERHAL SERBEST BIRAKILMALIDIR!<br \/>\nSEVAN\u2019A YA\u015eAM HAKKI; SINIRSIZ D\u00dc\u015e\u00dcNCE \u00d6ZG\u00dcRL\u00dc\u011e\u00dc!<\/p>\n<p style=\"text-align: justify\"><b><i>http:\/\/www.evrensel.net\/kose-yazisi\/70799\/sevan-nisanyana-ozgurluk.html<\/i><\/b><\/p>\n","protected":false},"excerpt":{"rendered":"<p>Rag\u0131p Zarakolu Sevan Ni\u015fanyan\u2019\u0131n nam\u0131n\u0131 ilk, lise talebesi iken duydum. Robert\u2019in harika \u00e7ocu\u011fu idi. Bu nedenle daha liseyi bitirmeden Birle\u015fik Devletler\u2019in en g\u00f6zde \u00fcniversiteleri taraf\u0131ndan, tam burs verilerek davet olunmu\u015ftu. Militer rejimlerin yap\u0131s\u0131 \u00fczerine ara\u015ft\u0131rmalar yapt\u0131 daha sonralar\u0131. Ve elbette, Karl Marx\u2019\u0131n Grundrisse\u2019sini onun d\u0131\u015f\u0131nda birinin \u00e7evirmesi d\u00fc\u015f\u00fcn\u00fclemezdi. Hrant gibi o da \u00fclkeyi terke zorland\u0131. [&hellip;]<\/p>\n","protected":false},"author":3,"featured_media":0,"comment_status":"open","ping_status":"open","sticky":false,"template":"","format":"standard","meta":{"footnotes":""},"categories":[14,26],"tags":[],"class_list":["post-28820","post","type-post","status-publish","format-standard","hentry","category-haberler","category-makaleler"],"yoast_head":"<!-- This site is optimized with the Yoast SEO plugin v27.4 - https:\/\/yoast.com\/product\/yoast-seo-wordpress\/ -->\n<title>Sevan Ni\u015fanyan\u2019a \u00f6zg\u00fcrl\u00fck! - Bati Ermenistan Ve Bati Ermenileri Sorunlari Ara\u015ftirmalar Merkezi<\/title>\n<meta name=\"robots\" content=\"index, follow, max-snippet:-1, max-image-preview:large, max-video-preview:-1\" \/>\n<link rel=\"canonical\" href=\"https:\/\/akunq.net\/turkish\/2014\/03\/13\/sevan-nisanyana-ozgurluk-3\/\" \/>\n<meta property=\"og:locale\" content=\"en_US\" \/>\n<meta property=\"og:type\" content=\"article\" \/>\n<meta property=\"og:title\" content=\"Sevan Ni\u015fanyan\u2019a \u00f6zg\u00fcrl\u00fck! - Bati Ermenistan Ve Bati Ermenileri Sorunlari Ara\u015ftirmalar Merkezi\" \/>\n<meta property=\"og:description\" content=\"Rag\u0131p Zarakolu Sevan Ni\u015fanyan\u2019\u0131n nam\u0131n\u0131 ilk, lise talebesi iken duydum. Robert\u2019in harika \u00e7ocu\u011fu idi. Bu nedenle daha liseyi bitirmeden Birle\u015fik Devletler\u2019in en g\u00f6zde \u00fcniversiteleri taraf\u0131ndan, tam burs verilerek davet olunmu\u015ftu. Militer rejimlerin yap\u0131s\u0131 \u00fczerine ara\u015ft\u0131rmalar yapt\u0131 daha sonralar\u0131. Ve elbette, Karl Marx\u2019\u0131n Grundrisse\u2019sini onun d\u0131\u015f\u0131nda birinin \u00e7evirmesi d\u00fc\u015f\u00fcn\u00fclemezdi. Hrant gibi o da \u00fclkeyi terke zorland\u0131. [&hellip;]\" \/>\n<meta property=\"og:url\" content=\"https:\/\/akunq.net\/turkish\/2014\/03\/13\/sevan-nisanyana-ozgurluk-3\/\" \/>\n<meta property=\"og:site_name\" content=\"Bati Ermenistan Ve Bati Ermenileri Sorunlari Ara\u015ftirmalar Merkezi\" \/>\n<meta property=\"article:published_time\" content=\"2014-03-13T09:09:27+00:00\" \/>\n<meta name=\"author\" content=\"kalem\" \/>\n<meta name=\"twitter:card\" content=\"summary_large_image\" \/>\n<meta name=\"twitter:label1\" content=\"Written by\" \/>\n\t<meta name=\"twitter:data1\" content=\"kalem\" \/>\n\t<meta name=\"twitter:label2\" content=\"Est. reading time\" \/>\n\t<meta name=\"twitter:data2\" content=\"5 minutes\" \/>\n<script type=\"application\/ld+json\" class=\"yoast-schema-graph\">{\"@context\":\"https:\\\/\\\/schema.org\",\"@graph\":[{\"@type\":\"Article\",\"@id\":\"https:\\\/\\\/akunq.net\\\/turkish\\\/2014\\\/03\\\/13\\\/sevan-nisanyana-ozgurluk-3\\\/#article\",\"isPartOf\":{\"@id\":\"https:\\\/\\\/akunq.net\\\/turkish\\\/2014\\\/03\\\/13\\\/sevan-nisanyana-ozgurluk-3\\\/\"},\"author\":{\"name\":\"kalem\",\"@id\":\"https:\\\/\\\/akunq.net\\\/turkish\\\/#\\\/schema\\\/person\\\/135e7923d1aeb8887890799619969a6c\"},\"headline\":\"Sevan Ni\u015fanyan\u2019a \u00f6zg\u00fcrl\u00fck!\",\"datePublished\":\"2014-03-13T09:09:27+00:00\",\"mainEntityOfPage\":{\"@id\":\"https:\\\/\\\/akunq.net\\\/turkish\\\/2014\\\/03\\\/13\\\/sevan-nisanyana-ozgurluk-3\\\/\"},\"wordCount\":916,\"commentCount\":0,\"articleSection\":[\"Haberler\",\"Makaleler\"],\"inLanguage\":\"en-US\",\"potentialAction\":[{\"@type\":\"CommentAction\",\"name\":\"Comment\",\"target\":[\"https:\\\/\\\/akunq.net\\\/turkish\\\/2014\\\/03\\\/13\\\/sevan-nisanyana-ozgurluk-3\\\/#respond\"]}]},{\"@type\":\"WebPage\",\"@id\":\"https:\\\/\\\/akunq.net\\\/turkish\\\/2014\\\/03\\\/13\\\/sevan-nisanyana-ozgurluk-3\\\/\",\"url\":\"https:\\\/\\\/akunq.net\\\/turkish\\\/2014\\\/03\\\/13\\\/sevan-nisanyana-ozgurluk-3\\\/\",\"name\":\"Sevan Ni\u015fanyan\u2019a \u00f6zg\u00fcrl\u00fck! - Bati Ermenistan Ve Bati Ermenileri Sorunlari Ara\u015ftirmalar Merkezi\",\"isPartOf\":{\"@id\":\"https:\\\/\\\/akunq.net\\\/turkish\\\/#website\"},\"datePublished\":\"2014-03-13T09:09:27+00:00\",\"author\":{\"@id\":\"https:\\\/\\\/akunq.net\\\/turkish\\\/#\\\/schema\\\/person\\\/135e7923d1aeb8887890799619969a6c\"},\"breadcrumb\":{\"@id\":\"https:\\\/\\\/akunq.net\\\/turkish\\\/2014\\\/03\\\/13\\\/sevan-nisanyana-ozgurluk-3\\\/#breadcrumb\"},\"inLanguage\":\"en-US\",\"potentialAction\":[{\"@type\":\"ReadAction\",\"target\":[\"https:\\\/\\\/akunq.net\\\/turkish\\\/2014\\\/03\\\/13\\\/sevan-nisanyana-ozgurluk-3\\\/\"]}]},{\"@type\":\"BreadcrumbList\",\"@id\":\"https:\\\/\\\/akunq.net\\\/turkish\\\/2014\\\/03\\\/13\\\/sevan-nisanyana-ozgurluk-3\\\/#breadcrumb\",\"itemListElement\":[{\"@type\":\"ListItem\",\"position\":1,\"name\":\"Home\",\"item\":\"https:\\\/\\\/akunq.net\\\/turkish\\\/\"},{\"@type\":\"ListItem\",\"position\":2,\"name\":\"Sevan Ni\u015fanyan\u2019a \u00f6zg\u00fcrl\u00fck!\"}]},{\"@type\":\"WebSite\",\"@id\":\"https:\\\/\\\/akunq.net\\\/turkish\\\/#website\",\"url\":\"https:\\\/\\\/akunq.net\\\/turkish\\\/\",\"name\":\"Bati Ermenistan Ve Bati Ermenileri Sorunlari Ara\u015ftirmalar Merkezi\",\"description\":\"\",\"potentialAction\":[{\"@type\":\"SearchAction\",\"target\":{\"@type\":\"EntryPoint\",\"urlTemplate\":\"https:\\\/\\\/akunq.net\\\/turkish\\\/?s={search_term_string}\"},\"query-input\":{\"@type\":\"PropertyValueSpecification\",\"valueRequired\":true,\"valueName\":\"search_term_string\"}}],\"inLanguage\":\"en-US\"},{\"@type\":\"Person\",\"@id\":\"https:\\\/\\\/akunq.net\\\/turkish\\\/#\\\/schema\\\/person\\\/135e7923d1aeb8887890799619969a6c\",\"name\":\"kalem\",\"image\":{\"@type\":\"ImageObject\",\"inLanguage\":\"en-US\",\"@id\":\"https:\\\/\\\/secure.gravatar.com\\\/avatar\\\/a06875e4b25feb5674296adf8e8a7ae1e587cebce2493fe63c456109967e27d3?s=96&d=mm&r=g\",\"url\":\"https:\\\/\\\/secure.gravatar.com\\\/avatar\\\/a06875e4b25feb5674296adf8e8a7ae1e587cebce2493fe63c456109967e27d3?s=96&d=mm&r=g\",\"contentUrl\":\"https:\\\/\\\/secure.gravatar.com\\\/avatar\\\/a06875e4b25feb5674296adf8e8a7ae1e587cebce2493fe63c456109967e27d3?s=96&d=mm&r=g\",\"caption\":\"kalem\"},\"url\":\"https:\\\/\\\/akunq.net\\\/turkish\\\/author\\\/kalem\\\/\"}]}<\/script>\n<!-- \/ Yoast SEO plugin. -->","yoast_head_json":{"title":"Sevan Ni\u015fanyan\u2019a \u00f6zg\u00fcrl\u00fck! - Bati Ermenistan Ve Bati Ermenileri Sorunlari Ara\u015ftirmalar Merkezi","robots":{"index":"index","follow":"follow","max-snippet":"max-snippet:-1","max-image-preview":"max-image-preview:large","max-video-preview":"max-video-preview:-1"},"canonical":"https:\/\/akunq.net\/turkish\/2014\/03\/13\/sevan-nisanyana-ozgurluk-3\/","og_locale":"en_US","og_type":"article","og_title":"Sevan Ni\u015fanyan\u2019a \u00f6zg\u00fcrl\u00fck! - Bati Ermenistan Ve Bati Ermenileri Sorunlari Ara\u015ftirmalar Merkezi","og_description":"Rag\u0131p Zarakolu Sevan Ni\u015fanyan\u2019\u0131n nam\u0131n\u0131 ilk, lise talebesi iken duydum. Robert\u2019in harika \u00e7ocu\u011fu idi. Bu nedenle daha liseyi bitirmeden Birle\u015fik Devletler\u2019in en g\u00f6zde \u00fcniversiteleri taraf\u0131ndan, tam burs verilerek davet olunmu\u015ftu. Militer rejimlerin yap\u0131s\u0131 \u00fczerine ara\u015ft\u0131rmalar yapt\u0131 daha sonralar\u0131. Ve elbette, Karl Marx\u2019\u0131n Grundrisse\u2019sini onun d\u0131\u015f\u0131nda birinin \u00e7evirmesi d\u00fc\u015f\u00fcn\u00fclemezdi. Hrant gibi o da \u00fclkeyi terke zorland\u0131. [&hellip;]","og_url":"https:\/\/akunq.net\/turkish\/2014\/03\/13\/sevan-nisanyana-ozgurluk-3\/","og_site_name":"Bati Ermenistan Ve Bati Ermenileri Sorunlari Ara\u015ftirmalar Merkezi","article_published_time":"2014-03-13T09:09:27+00:00","author":"kalem","twitter_card":"summary_large_image","twitter_misc":{"Written by":"kalem","Est. reading time":"5 minutes"},"schema":{"@context":"https:\/\/schema.org","@graph":[{"@type":"Article","@id":"https:\/\/akunq.net\/turkish\/2014\/03\/13\/sevan-nisanyana-ozgurluk-3\/#article","isPartOf":{"@id":"https:\/\/akunq.net\/turkish\/2014\/03\/13\/sevan-nisanyana-ozgurluk-3\/"},"author":{"name":"kalem","@id":"https:\/\/akunq.net\/turkish\/#\/schema\/person\/135e7923d1aeb8887890799619969a6c"},"headline":"Sevan Ni\u015fanyan\u2019a \u00f6zg\u00fcrl\u00fck!","datePublished":"2014-03-13T09:09:27+00:00","mainEntityOfPage":{"@id":"https:\/\/akunq.net\/turkish\/2014\/03\/13\/sevan-nisanyana-ozgurluk-3\/"},"wordCount":916,"commentCount":0,"articleSection":["Haberler","Makaleler"],"inLanguage":"en-US","potentialAction":[{"@type":"CommentAction","name":"Comment","target":["https:\/\/akunq.net\/turkish\/2014\/03\/13\/sevan-nisanyana-ozgurluk-3\/#respond"]}]},{"@type":"WebPage","@id":"https:\/\/akunq.net\/turkish\/2014\/03\/13\/sevan-nisanyana-ozgurluk-3\/","url":"https:\/\/akunq.net\/turkish\/2014\/03\/13\/sevan-nisanyana-ozgurluk-3\/","name":"Sevan Ni\u015fanyan\u2019a \u00f6zg\u00fcrl\u00fck! - Bati Ermenistan Ve Bati Ermenileri Sorunlari Ara\u015ftirmalar Merkezi","isPartOf":{"@id":"https:\/\/akunq.net\/turkish\/#website"},"datePublished":"2014-03-13T09:09:27+00:00","author":{"@id":"https:\/\/akunq.net\/turkish\/#\/schema\/person\/135e7923d1aeb8887890799619969a6c"},"breadcrumb":{"@id":"https:\/\/akunq.net\/turkish\/2014\/03\/13\/sevan-nisanyana-ozgurluk-3\/#breadcrumb"},"inLanguage":"en-US","potentialAction":[{"@type":"ReadAction","target":["https:\/\/akunq.net\/turkish\/2014\/03\/13\/sevan-nisanyana-ozgurluk-3\/"]}]},{"@type":"BreadcrumbList","@id":"https:\/\/akunq.net\/turkish\/2014\/03\/13\/sevan-nisanyana-ozgurluk-3\/#breadcrumb","itemListElement":[{"@type":"ListItem","position":1,"name":"Home","item":"https:\/\/akunq.net\/turkish\/"},{"@type":"ListItem","position":2,"name":"Sevan Ni\u015fanyan\u2019a \u00f6zg\u00fcrl\u00fck!"}]},{"@type":"WebSite","@id":"https:\/\/akunq.net\/turkish\/#website","url":"https:\/\/akunq.net\/turkish\/","name":"Bati Ermenistan Ve Bati Ermenileri Sorunlari Ara\u015ftirmalar Merkezi","description":"","potentialAction":[{"@type":"SearchAction","target":{"@type":"EntryPoint","urlTemplate":"https:\/\/akunq.net\/turkish\/?s={search_term_string}"},"query-input":{"@type":"PropertyValueSpecification","valueRequired":true,"valueName":"search_term_string"}}],"inLanguage":"en-US"},{"@type":"Person","@id":"https:\/\/akunq.net\/turkish\/#\/schema\/person\/135e7923d1aeb8887890799619969a6c","name":"kalem","image":{"@type":"ImageObject","inLanguage":"en-US","@id":"https:\/\/secure.gravatar.com\/avatar\/a06875e4b25feb5674296adf8e8a7ae1e587cebce2493fe63c456109967e27d3?s=96&d=mm&r=g","url":"https:\/\/secure.gravatar.com\/avatar\/a06875e4b25feb5674296adf8e8a7ae1e587cebce2493fe63c456109967e27d3?s=96&d=mm&r=g","contentUrl":"https:\/\/secure.gravatar.com\/avatar\/a06875e4b25feb5674296adf8e8a7ae1e587cebce2493fe63c456109967e27d3?s=96&d=mm&r=g","caption":"kalem"},"url":"https:\/\/akunq.net\/turkish\/author\/kalem\/"}]}},"_links":{"self":[{"href":"https:\/\/akunq.net\/turkish\/wp-json\/wp\/v2\/posts\/28820","targetHints":{"allow":["GET"]}}],"collection":[{"href":"https:\/\/akunq.net\/turkish\/wp-json\/wp\/v2\/posts"}],"about":[{"href":"https:\/\/akunq.net\/turkish\/wp-json\/wp\/v2\/types\/post"}],"author":[{"embeddable":true,"href":"https:\/\/akunq.net\/turkish\/wp-json\/wp\/v2\/users\/3"}],"replies":[{"embeddable":true,"href":"https:\/\/akunq.net\/turkish\/wp-json\/wp\/v2\/comments?post=28820"}],"version-history":[{"count":0,"href":"https:\/\/akunq.net\/turkish\/wp-json\/wp\/v2\/posts\/28820\/revisions"}],"wp:attachment":[{"href":"https:\/\/akunq.net\/turkish\/wp-json\/wp\/v2\/media?parent=28820"}],"wp:term":[{"taxonomy":"category","embeddable":true,"href":"https:\/\/akunq.net\/turkish\/wp-json\/wp\/v2\/categories?post=28820"},{"taxonomy":"post_tag","embeddable":true,"href":"https:\/\/akunq.net\/turkish\/wp-json\/wp\/v2\/tags?post=28820"}],"curies":[{"name":"wp","href":"https:\/\/api.w.org\/{rel}","templated":true}]}}