{"id":28782,"date":"2014-03-11T05:32:13","date_gmt":"2014-03-11T10:32:13","guid":{"rendered":"http:\/\/akunq.net\/tr\/?p=28782"},"modified":"2014-03-11T05:32:13","modified_gmt":"2014-03-11T10:32:13","slug":"nazi-avcisi-bellek-militani-adalet-aktivisti","status":"publish","type":"post","link":"https:\/\/akunq.net\/turkish\/2014\/03\/11\/nazi-avcisi-bellek-militani-adalet-aktivisti\/","title":{"rendered":"Nazi avc\u0131s\u0131, bellek militan\u0131, adalet aktivisti"},"content":{"rendered":"<p style=\"text-align: justify\"><b><a href=\"http:\/\/akunq.net\/tr\/?attachment_id=28783\" rel=\"attachment wp-att-28783\"><img loading=\"lazy\" decoding=\"async\" class=\"alignright size-full wp-image-28783\" alt=\"fft26_mf569936\" src=\"http:\/\/akunq.net\/tr\/wp-content\/uploads\/2014\/03\/fft26_mf569936.jpeg\" width=\"81\" height=\"100\" \/><\/a>PINAR\u00a0\u00d6\u011e\u00dcN\u00c7<\/b><\/p>\n<p style=\"text-align: justify\"><b><i>Dava nas\u0131l bir m\u00fccadele bi\u00e7imi olabilir? \u0130nsanl\u0131\u011fa kar\u015f\u0131 su\u00e7larla toplumlar nas\u0131l y\u00fczle\u015fir? Tarih\u00e7i, avukat Serge Klarsfeld \u0130stanbul&#8217;dayd\u0131, anlatt\u0131. <\/i><\/b><\/p>\n<p style=\"text-align: justify\">Adalet kendi ba\u015f\u0131na gelir mi? \u0130nsanl\u0131\u011fa kar\u015f\u0131 i\u015flenmi\u015f su\u00e7lar\u0131n cezas\u0131zl\u0131\u011f\u0131na nas\u0131l m\u00fcdahale edilebilir? S\u0131radan biri tarihin gidi\u015fat\u0131n\u0131 de\u011fi\u015ftirmeye ne kadar muktedirdir?<\/p>\n<p style=\"text-align: justify\">Bu uzunca m\u00fccadele \u00f6yk\u00fcs\u00fcn\u00fc politik-aksiyon t\u00fcr\u00fcnde pop\u00fcler bir senaryoya benzetmeye \u00e7al\u0131\u015fanlar daha ziyade \u2018Nazi avc\u0131s\u0131\u2019 diyor ona. Avlamak, biraz s\u0131\u011f bir fiil se\u00e7imi. 79 ya\u015f\u0131ndaki tarih\u00e7i, avukat Serge Klarsfeld ve hayat\u0131n\u0131n en az \u00fc\u00e7te ikisini birlikte, ayn\u0131 \u2018dava\u2019 i\u00e7in ge\u00e7irdi\u011fi e\u015fi Beate Klarsfeld kendilerine \u2018bellek militan\u0131\u2019 demeyi tercih ediyor. Serge Klarsfeld, ge\u00e7en hafta Paris 8 \u00dcniversitesi,<\/p>\n<p style=\"text-align: justify\">Shoah Memorial ve Anadolu K\u00fclt\u00fcr\u2019\u00fcn d\u00fczenledi\u011fi bir konferans i\u00e7in \u0130stanbul\u2019da, Frans\u0131z K\u00fclt\u00fcr Merkezi\u2019ndeydi.<\/p>\n<p style=\"text-align: justify\">Bu nas\u0131l bir militanl\u0131k, aktivizm peki? \u00d6rne\u011fin 1966\u2019da Bat\u0131 Almanya \u015eans\u00f6lyesi, Nazi ge\u00e7mi\u015fli Kurt Georg Kiesinger\u2019\u0131 siyaset sahnesinden silmek i\u00e7in kampanya ba\u015flatt\u0131lar. Klarsfeld\u2019in avukat ve tarih\u00e7i olarak \u2018militanl\u0131\u011f\u0131nda\u2019 alt\u0131n\u0131 s\u0131k \u00e7izdi\u011fi nokta iyi dosya haz\u0131rlamak. \u00c7ok kaynakl\u0131, bol belgeli, itiraz edilemeyecek netlikte dosyalar\u2026<\/p>\n<p style=\"text-align: justify\">M\u00fccadele edilen yap\u0131 d\u00fc\u015f\u00fcn\u00fcl\u00fcnce bunun da i\u015fe yarama garantisi yok. Bu kampanyada daha sembolik bir eyleme ihtiya\u00e7 duyarak Beate Klarsfeld\u2019in bir kongrede aniden f\u0131rlay\u0131p Kiesinger\u2019i tokatlamas\u0131n\u0131n seyri de\u011fi\u015ftirdi\u011fini anlat\u0131yor. Hatta 68 hareketinin ruhuyla birle\u015fti\u011finde, Willy Brandt\u2019\u0131n \u015fans\u00f6lyeli\u011fine, sonra Brandt\u2019\u0131n Var\u015fova Gettosu An\u0131t\u0131 \u00f6n\u00fcnde diz \u00e7\u00f6kerek Yahudilerden Holokost i\u00e7in \u00f6z\u00fcr dilemesine uzanan s\u00fcre\u00e7te etkisinden s\u00f6z ediyor. Basit bir vatanda\u015f\u0131n tarihe m\u00fcdahalesi bu ona g\u00f6re.<\/p>\n<p style=\"text-align: justify\">B\u00fckre\u015f do\u011fumlu Klarsfeld, kendi ailesi gibi Fransa\u2019da ya\u015fayan Yahudileri, Nazilere teslim eden \u00fcst d\u00fczey y\u00f6neticilerin adalet \u00f6n\u00fcne \u00e7\u0131kabilmesine de y\u0131llar\u0131n\u0131 verdi. Binlerce sayfal\u0131k dosyalar haz\u0131rlayarak dava a\u00e7\u0131lmas\u0131n\u0131 sa\u011flamak da var bunun i\u00e7inde, d\u00f6nemin Latin Amerika diktat\u00f6rl\u00fcklerine s\u0131\u011f\u0131nm\u0131\u015f olanlar\u0131 bizzat oralarda aramak da (hatta yakalamaya te\u015febb\u00fcs etmek de), 80 bin ki\u015filik ma\u011fdur listesi \u00e7\u0131karmak da. Fransa\u2019n\u0131n Vichy h\u00fck\u00fcmetiyle y\u00fczle\u015fmesi s\u00fcrecinde topluma verilen \u201cT\u00fcm Frans\u0131z halk\u0131 yarg\u0131lanm\u0131yor\u201d mesaj\u0131 da bir strateji. Fransa\u2019dan s\u00fcr\u00fclenler, Yahudilerin y\u00fczde 25\u2019iydi, y\u00fczde 75\u2019i kurtar\u0131lm\u0131\u015ft\u0131. Yarg\u0131lama 20 y\u0131l s\u00fcrd\u00fc ama bu yakla\u015f\u0131m toplumsal y\u00fczle\u015fmeyi h\u0131zland\u0131rd\u0131 ona g\u00f6re.<\/p>\n<p style=\"text-align: justify\"><b>1915\u2019in Hitler\u2019e yard\u0131m\u0131<\/b><\/p>\n<p style=\"text-align: justify\">Klarsfeldler, 1996\u2019da Bosna\u2019da Srebrenica katliam\u0131 sorumlular\u0131 Radovan Karadzic ve Ratko Mladic\u2019in yarg\u0131lanmas\u0131 i\u00e7in de kampanya y\u00fcr\u00fctt\u00fc. Konferansta da, sonra kat\u0131ld\u0131\u011f\u0131 yemekte de s\u00f6z Ermeni Soyk\u0131r\u0131m\u0131 ve y\u00fczle\u015fme meselesine geldi. Sorumlular\u0131n cezaland\u0131r\u0131lmamalar\u0131yla 1915\u2019in, Hitler\u2019e yard\u0131mc\u0131 oldu\u011funu s\u00f6yl\u00fcyor Klarsfeld. Bir \u2018bellek militan\u0131\u2019 olarak \u00f6nerisiyse bilimsel yakla\u015f\u0131mla tarihi bir belgeleme i\u015fine giri\u015fmek. \u0130\u00e7inde Ermeni ve T\u00fcrk tarih\u00e7ilerin bulunmad\u0131\u011f\u0131 ama iki taraf\u0131n da belge sunabilece\u011fi, belki AB destekli ba\u011f\u0131ms\u0131z bir komisyon \u00f6neriyor. 100 y\u0131l sonra, ard\u0131nda net bir siyasi irade ve toplumsal arzu olmadan bu bizi nereye g\u00f6t\u00fcr\u00fcr? \u0130ki toplumu da yak\u0131ndan tan\u0131mad\u0131\u011f\u0131 i\u00e7in daha toplumsal tesirli, sembolik eylem bi\u00e7imi \u00f6nermemeyi tercih ediyor.<\/p>\n<p style=\"text-align: justify\">Klarsfeldlerin aktvizminin \u00f6z\u00fcnde, insanl\u0131\u011fa kar\u015f\u0131 su\u00e7lar s\u00f6z konusu oldu\u011funda hukuka duyulan inan\u00e7s\u0131zl\u0131k ama m\u00fccadeleyle buradan adaletin do\u011fabilece\u011fine dair bir inan\u00e7 var. Bir \u00e7eli\u015fki, bir risk de var \u00e7ekirde\u011finde. Sordu\u011fumda Fransa yarg\u0131lamalar\u0131nda zorland\u0131klar\u0131n\u0131, mahkeme ba\u015fkanlar\u0131na de\u011fil ama j\u00fcriye g\u00fcvendiklerini s\u00f6yl\u00fcyor; \u201c\u00d6rne\u011fin Maurice Papon aklansayd\u0131, Fransa\u2019y\u0131 terk ederdim\u201d diyor.<\/p>\n<p style=\"text-align: justify\">Bu bile adil karar \u00e7\u0131kabilece\u011fine, ba\u011f\u0131ms\u0131z yarg\u0131ya inan\u00e7 bar\u0131nd\u0131r\u0131yor i\u00e7inde. Katilleri koruman\u0131n gelenek oldu\u011fu bu topraklarda bug\u00fcn\u00fcn yahut d\u00fcn\u00fcn meseleleri i\u00e7in mahkemelerde adalet bulaca\u011f\u0131na inanan var m\u0131? Cezas\u0131zl\u0131k \u00e7\u00f6z\u00fclmeden toplumsal y\u00fczle\u015fme m\u00fcmk\u00fcn m\u00fc? O zaman buralar\u0131n \u2018bellek militan\u0131n\u0131n\u2019 y\u00f6ntemleri ne olmal\u0131? Sesli d\u00fc\u015f\u00fcn\u00fcyormu\u015fum gibi varsay\u0131n.<\/p>\n<p style=\"text-align: justify\"><b><i>http:\/\/www.radikal.com.tr\/radikal.aspx?atype=haberyazdir&amp;articleid=1180372<\/i><\/b><\/p>\n","protected":false},"excerpt":{"rendered":"<p>PINAR\u00a0\u00d6\u011e\u00dcN\u00c7 Dava nas\u0131l bir m\u00fccadele bi\u00e7imi olabilir? \u0130nsanl\u0131\u011fa kar\u015f\u0131 su\u00e7larla toplumlar nas\u0131l y\u00fczle\u015fir? Tarih\u00e7i, avukat Serge Klarsfeld \u0130stanbul&#8217;dayd\u0131, anlatt\u0131. Adalet kendi ba\u015f\u0131na gelir mi? \u0130nsanl\u0131\u011fa kar\u015f\u0131 i\u015flenmi\u015f su\u00e7lar\u0131n cezas\u0131zl\u0131\u011f\u0131na nas\u0131l m\u00fcdahale edilebilir? S\u0131radan biri tarihin gidi\u015fat\u0131n\u0131 de\u011fi\u015ftirmeye ne kadar muktedirdir? Bu uzunca m\u00fccadele \u00f6yk\u00fcs\u00fcn\u00fc politik-aksiyon t\u00fcr\u00fcnde pop\u00fcler bir senaryoya benzetmeye \u00e7al\u0131\u015fanlar daha ziyade \u2018Nazi avc\u0131s\u0131\u2019 [&hellip;]<\/p>\n","protected":false},"author":3,"featured_media":0,"comment_status":"open","ping_status":"open","sticky":false,"template":"","format":"standard","meta":{"footnotes":""},"categories":[6,14,26],"tags":[],"class_list":["post-28782","post","type-post","status-publish","format-standard","hentry","category-ermeni-soykirimi","category-haberler","category-makaleler"],"yoast_head":"<!-- This site is optimized with the Yoast SEO plugin v27.4 - https:\/\/yoast.com\/product\/yoast-seo-wordpress\/ -->\n<title>Nazi avc\u0131s\u0131, bellek militan\u0131, adalet aktivisti - Bati Ermenistan Ve Bati Ermenileri Sorunlari Ara\u015ftirmalar Merkezi<\/title>\n<meta name=\"robots\" content=\"index, follow, max-snippet:-1, max-image-preview:large, max-video-preview:-1\" \/>\n<link rel=\"canonical\" href=\"https:\/\/akunq.net\/turkish\/2014\/03\/11\/nazi-avcisi-bellek-militani-adalet-aktivisti\/\" \/>\n<meta property=\"og:locale\" content=\"en_US\" \/>\n<meta property=\"og:type\" content=\"article\" \/>\n<meta property=\"og:title\" content=\"Nazi avc\u0131s\u0131, bellek militan\u0131, adalet aktivisti - Bati Ermenistan Ve Bati Ermenileri Sorunlari Ara\u015ftirmalar Merkezi\" \/>\n<meta property=\"og:description\" content=\"PINAR\u00a0\u00d6\u011e\u00dcN\u00c7 Dava nas\u0131l bir m\u00fccadele bi\u00e7imi olabilir? \u0130nsanl\u0131\u011fa kar\u015f\u0131 su\u00e7larla toplumlar nas\u0131l y\u00fczle\u015fir? Tarih\u00e7i, avukat Serge Klarsfeld \u0130stanbul&#8217;dayd\u0131, anlatt\u0131. Adalet kendi ba\u015f\u0131na gelir mi? \u0130nsanl\u0131\u011fa kar\u015f\u0131 i\u015flenmi\u015f su\u00e7lar\u0131n cezas\u0131zl\u0131\u011f\u0131na nas\u0131l m\u00fcdahale edilebilir? S\u0131radan biri tarihin gidi\u015fat\u0131n\u0131 de\u011fi\u015ftirmeye ne kadar muktedirdir? Bu uzunca m\u00fccadele \u00f6yk\u00fcs\u00fcn\u00fc politik-aksiyon t\u00fcr\u00fcnde pop\u00fcler bir senaryoya benzetmeye \u00e7al\u0131\u015fanlar daha ziyade \u2018Nazi avc\u0131s\u0131\u2019 [&hellip;]\" \/>\n<meta property=\"og:url\" content=\"https:\/\/akunq.net\/turkish\/2014\/03\/11\/nazi-avcisi-bellek-militani-adalet-aktivisti\/\" \/>\n<meta property=\"og:site_name\" content=\"Bati Ermenistan Ve Bati Ermenileri Sorunlari Ara\u015ftirmalar Merkezi\" \/>\n<meta property=\"article:published_time\" content=\"2014-03-11T10:32:13+00:00\" \/>\n<meta property=\"og:image\" content=\"https:\/\/akunq.net\/turkish\/wp-content\/uploads\/sites\/5\/2014\/03\/fft26_mf569936.jpeg\" \/>\n\t<meta property=\"og:image:width\" content=\"81\" \/>\n\t<meta property=\"og:image:height\" content=\"100\" \/>\n\t<meta property=\"og:image:type\" content=\"image\/jpeg\" \/>\n<meta name=\"author\" content=\"kalem\" \/>\n<meta name=\"twitter:card\" content=\"summary_large_image\" \/>\n<meta name=\"twitter:label1\" content=\"Written by\" \/>\n\t<meta name=\"twitter:data1\" content=\"kalem\" \/>\n\t<meta name=\"twitter:label2\" content=\"Est. reading time\" \/>\n\t<meta name=\"twitter:data2\" content=\"4 minutes\" \/>\n<script type=\"application\/ld+json\" class=\"yoast-schema-graph\">{\"@context\":\"https:\\\/\\\/schema.org\",\"@graph\":[{\"@type\":\"Article\",\"@id\":\"https:\\\/\\\/akunq.net\\\/turkish\\\/2014\\\/03\\\/11\\\/nazi-avcisi-bellek-militani-adalet-aktivisti\\\/#article\",\"isPartOf\":{\"@id\":\"https:\\\/\\\/akunq.net\\\/turkish\\\/2014\\\/03\\\/11\\\/nazi-avcisi-bellek-militani-adalet-aktivisti\\\/\"},\"author\":{\"name\":\"kalem\",\"@id\":\"https:\\\/\\\/akunq.net\\\/turkish\\\/#\\\/schema\\\/person\\\/135e7923d1aeb8887890799619969a6c\"},\"headline\":\"Nazi avc\u0131s\u0131, bellek militan\u0131, adalet aktivisti\",\"datePublished\":\"2014-03-11T10:32:13+00:00\",\"mainEntityOfPage\":{\"@id\":\"https:\\\/\\\/akunq.net\\\/turkish\\\/2014\\\/03\\\/11\\\/nazi-avcisi-bellek-militani-adalet-aktivisti\\\/\"},\"wordCount\":760,\"commentCount\":0,\"image\":{\"@id\":\"https:\\\/\\\/akunq.net\\\/turkish\\\/2014\\\/03\\\/11\\\/nazi-avcisi-bellek-militani-adalet-aktivisti\\\/#primaryimage\"},\"thumbnailUrl\":\"http:\\\/\\\/akunq.net\\\/tr\\\/wp-content\\\/uploads\\\/2014\\\/03\\\/fft26_mf569936.jpeg\",\"articleSection\":[\"Ermeni Soyk\u0131r\u0131m\u0131\",\"Haberler\",\"Makaleler\"],\"inLanguage\":\"en-US\",\"potentialAction\":[{\"@type\":\"CommentAction\",\"name\":\"Comment\",\"target\":[\"https:\\\/\\\/akunq.net\\\/turkish\\\/2014\\\/03\\\/11\\\/nazi-avcisi-bellek-militani-adalet-aktivisti\\\/#respond\"]}]},{\"@type\":\"WebPage\",\"@id\":\"https:\\\/\\\/akunq.net\\\/turkish\\\/2014\\\/03\\\/11\\\/nazi-avcisi-bellek-militani-adalet-aktivisti\\\/\",\"url\":\"https:\\\/\\\/akunq.net\\\/turkish\\\/2014\\\/03\\\/11\\\/nazi-avcisi-bellek-militani-adalet-aktivisti\\\/\",\"name\":\"Nazi avc\u0131s\u0131, bellek militan\u0131, adalet aktivisti - Bati Ermenistan Ve Bati Ermenileri Sorunlari Ara\u015ftirmalar Merkezi\",\"isPartOf\":{\"@id\":\"https:\\\/\\\/akunq.net\\\/turkish\\\/#website\"},\"primaryImageOfPage\":{\"@id\":\"https:\\\/\\\/akunq.net\\\/turkish\\\/2014\\\/03\\\/11\\\/nazi-avcisi-bellek-militani-adalet-aktivisti\\\/#primaryimage\"},\"image\":{\"@id\":\"https:\\\/\\\/akunq.net\\\/turkish\\\/2014\\\/03\\\/11\\\/nazi-avcisi-bellek-militani-adalet-aktivisti\\\/#primaryimage\"},\"thumbnailUrl\":\"http:\\\/\\\/akunq.net\\\/tr\\\/wp-content\\\/uploads\\\/2014\\\/03\\\/fft26_mf569936.jpeg\",\"datePublished\":\"2014-03-11T10:32:13+00:00\",\"author\":{\"@id\":\"https:\\\/\\\/akunq.net\\\/turkish\\\/#\\\/schema\\\/person\\\/135e7923d1aeb8887890799619969a6c\"},\"breadcrumb\":{\"@id\":\"https:\\\/\\\/akunq.net\\\/turkish\\\/2014\\\/03\\\/11\\\/nazi-avcisi-bellek-militani-adalet-aktivisti\\\/#breadcrumb\"},\"inLanguage\":\"en-US\",\"potentialAction\":[{\"@type\":\"ReadAction\",\"target\":[\"https:\\\/\\\/akunq.net\\\/turkish\\\/2014\\\/03\\\/11\\\/nazi-avcisi-bellek-militani-adalet-aktivisti\\\/\"]}]},{\"@type\":\"ImageObject\",\"inLanguage\":\"en-US\",\"@id\":\"https:\\\/\\\/akunq.net\\\/turkish\\\/2014\\\/03\\\/11\\\/nazi-avcisi-bellek-militani-adalet-aktivisti\\\/#primaryimage\",\"url\":\"http:\\\/\\\/akunq.net\\\/tr\\\/wp-content\\\/uploads\\\/2014\\\/03\\\/fft26_mf569936.jpeg\",\"contentUrl\":\"http:\\\/\\\/akunq.net\\\/tr\\\/wp-content\\\/uploads\\\/2014\\\/03\\\/fft26_mf569936.jpeg\"},{\"@type\":\"BreadcrumbList\",\"@id\":\"https:\\\/\\\/akunq.net\\\/turkish\\\/2014\\\/03\\\/11\\\/nazi-avcisi-bellek-militani-adalet-aktivisti\\\/#breadcrumb\",\"itemListElement\":[{\"@type\":\"ListItem\",\"position\":1,\"name\":\"Home\",\"item\":\"https:\\\/\\\/akunq.net\\\/turkish\\\/\"},{\"@type\":\"ListItem\",\"position\":2,\"name\":\"Nazi avc\u0131s\u0131, bellek militan\u0131, adalet aktivisti\"}]},{\"@type\":\"WebSite\",\"@id\":\"https:\\\/\\\/akunq.net\\\/turkish\\\/#website\",\"url\":\"https:\\\/\\\/akunq.net\\\/turkish\\\/\",\"name\":\"Bati Ermenistan Ve Bati Ermenileri Sorunlari Ara\u015ftirmalar Merkezi\",\"description\":\"\",\"potentialAction\":[{\"@type\":\"SearchAction\",\"target\":{\"@type\":\"EntryPoint\",\"urlTemplate\":\"https:\\\/\\\/akunq.net\\\/turkish\\\/?s={search_term_string}\"},\"query-input\":{\"@type\":\"PropertyValueSpecification\",\"valueRequired\":true,\"valueName\":\"search_term_string\"}}],\"inLanguage\":\"en-US\"},{\"@type\":\"Person\",\"@id\":\"https:\\\/\\\/akunq.net\\\/turkish\\\/#\\\/schema\\\/person\\\/135e7923d1aeb8887890799619969a6c\",\"name\":\"kalem\",\"image\":{\"@type\":\"ImageObject\",\"inLanguage\":\"en-US\",\"@id\":\"https:\\\/\\\/secure.gravatar.com\\\/avatar\\\/a06875e4b25feb5674296adf8e8a7ae1e587cebce2493fe63c456109967e27d3?s=96&d=mm&r=g\",\"url\":\"https:\\\/\\\/secure.gravatar.com\\\/avatar\\\/a06875e4b25feb5674296adf8e8a7ae1e587cebce2493fe63c456109967e27d3?s=96&d=mm&r=g\",\"contentUrl\":\"https:\\\/\\\/secure.gravatar.com\\\/avatar\\\/a06875e4b25feb5674296adf8e8a7ae1e587cebce2493fe63c456109967e27d3?s=96&d=mm&r=g\",\"caption\":\"kalem\"},\"url\":\"https:\\\/\\\/akunq.net\\\/turkish\\\/author\\\/kalem\\\/\"}]}<\/script>\n<!-- \/ Yoast SEO plugin. -->","yoast_head_json":{"title":"Nazi avc\u0131s\u0131, bellek militan\u0131, adalet aktivisti - Bati Ermenistan Ve Bati Ermenileri Sorunlari Ara\u015ftirmalar Merkezi","robots":{"index":"index","follow":"follow","max-snippet":"max-snippet:-1","max-image-preview":"max-image-preview:large","max-video-preview":"max-video-preview:-1"},"canonical":"https:\/\/akunq.net\/turkish\/2014\/03\/11\/nazi-avcisi-bellek-militani-adalet-aktivisti\/","og_locale":"en_US","og_type":"article","og_title":"Nazi avc\u0131s\u0131, bellek militan\u0131, adalet aktivisti - Bati Ermenistan Ve Bati Ermenileri Sorunlari Ara\u015ftirmalar Merkezi","og_description":"PINAR\u00a0\u00d6\u011e\u00dcN\u00c7 Dava nas\u0131l bir m\u00fccadele bi\u00e7imi olabilir? \u0130nsanl\u0131\u011fa kar\u015f\u0131 su\u00e7larla toplumlar nas\u0131l y\u00fczle\u015fir? Tarih\u00e7i, avukat Serge Klarsfeld \u0130stanbul&#8217;dayd\u0131, anlatt\u0131. Adalet kendi ba\u015f\u0131na gelir mi? \u0130nsanl\u0131\u011fa kar\u015f\u0131 i\u015flenmi\u015f su\u00e7lar\u0131n cezas\u0131zl\u0131\u011f\u0131na nas\u0131l m\u00fcdahale edilebilir? S\u0131radan biri tarihin gidi\u015fat\u0131n\u0131 de\u011fi\u015ftirmeye ne kadar muktedirdir? Bu uzunca m\u00fccadele \u00f6yk\u00fcs\u00fcn\u00fc politik-aksiyon t\u00fcr\u00fcnde pop\u00fcler bir senaryoya benzetmeye \u00e7al\u0131\u015fanlar daha ziyade \u2018Nazi avc\u0131s\u0131\u2019 [&hellip;]","og_url":"https:\/\/akunq.net\/turkish\/2014\/03\/11\/nazi-avcisi-bellek-militani-adalet-aktivisti\/","og_site_name":"Bati Ermenistan Ve Bati Ermenileri Sorunlari Ara\u015ftirmalar Merkezi","article_published_time":"2014-03-11T10:32:13+00:00","og_image":[{"width":81,"height":100,"url":"https:\/\/akunq.net\/turkish\/wp-content\/uploads\/sites\/5\/2014\/03\/fft26_mf569936.jpeg","type":"image\/jpeg"}],"author":"kalem","twitter_card":"summary_large_image","twitter_misc":{"Written by":"kalem","Est. reading time":"4 minutes"},"schema":{"@context":"https:\/\/schema.org","@graph":[{"@type":"Article","@id":"https:\/\/akunq.net\/turkish\/2014\/03\/11\/nazi-avcisi-bellek-militani-adalet-aktivisti\/#article","isPartOf":{"@id":"https:\/\/akunq.net\/turkish\/2014\/03\/11\/nazi-avcisi-bellek-militani-adalet-aktivisti\/"},"author":{"name":"kalem","@id":"https:\/\/akunq.net\/turkish\/#\/schema\/person\/135e7923d1aeb8887890799619969a6c"},"headline":"Nazi avc\u0131s\u0131, bellek militan\u0131, adalet aktivisti","datePublished":"2014-03-11T10:32:13+00:00","mainEntityOfPage":{"@id":"https:\/\/akunq.net\/turkish\/2014\/03\/11\/nazi-avcisi-bellek-militani-adalet-aktivisti\/"},"wordCount":760,"commentCount":0,"image":{"@id":"https:\/\/akunq.net\/turkish\/2014\/03\/11\/nazi-avcisi-bellek-militani-adalet-aktivisti\/#primaryimage"},"thumbnailUrl":"http:\/\/akunq.net\/tr\/wp-content\/uploads\/2014\/03\/fft26_mf569936.jpeg","articleSection":["Ermeni Soyk\u0131r\u0131m\u0131","Haberler","Makaleler"],"inLanguage":"en-US","potentialAction":[{"@type":"CommentAction","name":"Comment","target":["https:\/\/akunq.net\/turkish\/2014\/03\/11\/nazi-avcisi-bellek-militani-adalet-aktivisti\/#respond"]}]},{"@type":"WebPage","@id":"https:\/\/akunq.net\/turkish\/2014\/03\/11\/nazi-avcisi-bellek-militani-adalet-aktivisti\/","url":"https:\/\/akunq.net\/turkish\/2014\/03\/11\/nazi-avcisi-bellek-militani-adalet-aktivisti\/","name":"Nazi avc\u0131s\u0131, bellek militan\u0131, adalet aktivisti - Bati Ermenistan Ve Bati Ermenileri Sorunlari Ara\u015ftirmalar Merkezi","isPartOf":{"@id":"https:\/\/akunq.net\/turkish\/#website"},"primaryImageOfPage":{"@id":"https:\/\/akunq.net\/turkish\/2014\/03\/11\/nazi-avcisi-bellek-militani-adalet-aktivisti\/#primaryimage"},"image":{"@id":"https:\/\/akunq.net\/turkish\/2014\/03\/11\/nazi-avcisi-bellek-militani-adalet-aktivisti\/#primaryimage"},"thumbnailUrl":"http:\/\/akunq.net\/tr\/wp-content\/uploads\/2014\/03\/fft26_mf569936.jpeg","datePublished":"2014-03-11T10:32:13+00:00","author":{"@id":"https:\/\/akunq.net\/turkish\/#\/schema\/person\/135e7923d1aeb8887890799619969a6c"},"breadcrumb":{"@id":"https:\/\/akunq.net\/turkish\/2014\/03\/11\/nazi-avcisi-bellek-militani-adalet-aktivisti\/#breadcrumb"},"inLanguage":"en-US","potentialAction":[{"@type":"ReadAction","target":["https:\/\/akunq.net\/turkish\/2014\/03\/11\/nazi-avcisi-bellek-militani-adalet-aktivisti\/"]}]},{"@type":"ImageObject","inLanguage":"en-US","@id":"https:\/\/akunq.net\/turkish\/2014\/03\/11\/nazi-avcisi-bellek-militani-adalet-aktivisti\/#primaryimage","url":"http:\/\/akunq.net\/tr\/wp-content\/uploads\/2014\/03\/fft26_mf569936.jpeg","contentUrl":"http:\/\/akunq.net\/tr\/wp-content\/uploads\/2014\/03\/fft26_mf569936.jpeg"},{"@type":"BreadcrumbList","@id":"https:\/\/akunq.net\/turkish\/2014\/03\/11\/nazi-avcisi-bellek-militani-adalet-aktivisti\/#breadcrumb","itemListElement":[{"@type":"ListItem","position":1,"name":"Home","item":"https:\/\/akunq.net\/turkish\/"},{"@type":"ListItem","position":2,"name":"Nazi avc\u0131s\u0131, bellek militan\u0131, adalet aktivisti"}]},{"@type":"WebSite","@id":"https:\/\/akunq.net\/turkish\/#website","url":"https:\/\/akunq.net\/turkish\/","name":"Bati Ermenistan Ve Bati Ermenileri Sorunlari Ara\u015ftirmalar Merkezi","description":"","potentialAction":[{"@type":"SearchAction","target":{"@type":"EntryPoint","urlTemplate":"https:\/\/akunq.net\/turkish\/?s={search_term_string}"},"query-input":{"@type":"PropertyValueSpecification","valueRequired":true,"valueName":"search_term_string"}}],"inLanguage":"en-US"},{"@type":"Person","@id":"https:\/\/akunq.net\/turkish\/#\/schema\/person\/135e7923d1aeb8887890799619969a6c","name":"kalem","image":{"@type":"ImageObject","inLanguage":"en-US","@id":"https:\/\/secure.gravatar.com\/avatar\/a06875e4b25feb5674296adf8e8a7ae1e587cebce2493fe63c456109967e27d3?s=96&d=mm&r=g","url":"https:\/\/secure.gravatar.com\/avatar\/a06875e4b25feb5674296adf8e8a7ae1e587cebce2493fe63c456109967e27d3?s=96&d=mm&r=g","contentUrl":"https:\/\/secure.gravatar.com\/avatar\/a06875e4b25feb5674296adf8e8a7ae1e587cebce2493fe63c456109967e27d3?s=96&d=mm&r=g","caption":"kalem"},"url":"https:\/\/akunq.net\/turkish\/author\/kalem\/"}]}},"_links":{"self":[{"href":"https:\/\/akunq.net\/turkish\/wp-json\/wp\/v2\/posts\/28782","targetHints":{"allow":["GET"]}}],"collection":[{"href":"https:\/\/akunq.net\/turkish\/wp-json\/wp\/v2\/posts"}],"about":[{"href":"https:\/\/akunq.net\/turkish\/wp-json\/wp\/v2\/types\/post"}],"author":[{"embeddable":true,"href":"https:\/\/akunq.net\/turkish\/wp-json\/wp\/v2\/users\/3"}],"replies":[{"embeddable":true,"href":"https:\/\/akunq.net\/turkish\/wp-json\/wp\/v2\/comments?post=28782"}],"version-history":[{"count":0,"href":"https:\/\/akunq.net\/turkish\/wp-json\/wp\/v2\/posts\/28782\/revisions"}],"wp:attachment":[{"href":"https:\/\/akunq.net\/turkish\/wp-json\/wp\/v2\/media?parent=28782"}],"wp:term":[{"taxonomy":"category","embeddable":true,"href":"https:\/\/akunq.net\/turkish\/wp-json\/wp\/v2\/categories?post=28782"},{"taxonomy":"post_tag","embeddable":true,"href":"https:\/\/akunq.net\/turkish\/wp-json\/wp\/v2\/tags?post=28782"}],"curies":[{"name":"wp","href":"https:\/\/api.w.org\/{rel}","templated":true}]}}