{"id":28540,"date":"2014-02-20T03:12:11","date_gmt":"2014-02-20T08:12:11","guid":{"rendered":"http:\/\/akunq.net\/tr\/?p=28540"},"modified":"2014-02-20T03:12:11","modified_gmt":"2014-02-20T08:12:11","slug":"entelektuel-tavri","status":"publish","type":"post","link":"https:\/\/akunq.net\/turkish\/2014\/02\/20\/entelektuel-tavri\/","title":{"rendered":"Entelekt\u00fcel tavr\u0131&#8230;"},"content":{"rendered":"<p style=\"text-align: justify\"><b><a href=\"http:\/\/akunq.net\/tr\/?attachment_id=28541\" rel=\"attachment wp-att-28541\"><img loading=\"lazy\" decoding=\"async\" class=\"alignright size-full wp-image-28541\" alt=\"Eren Keskin\" src=\"http:\/\/akunq.net\/tr\/wp-content\/uploads\/2014\/02\/Eren-Keskin.jpg\" width=\"200\" height=\"200\" srcset=\"https:\/\/akunq.net\/turkish\/wp-content\/uploads\/sites\/5\/2014\/02\/Eren-Keskin.jpg 200w, https:\/\/akunq.net\/turkish\/wp-content\/uploads\/sites\/5\/2014\/02\/Eren-Keskin-150x150.jpg 150w\" sizes=\"auto, (max-width: 200px) 100vw, 200px\" \/><\/a>Av. Eren Keskin<\/b><\/p>\n<p style=\"text-align: justify\"><b><i>Ge\u00e7ti\u011fimiz hafta, Ayk\u0131r\u0131 Sorular program\u0131nda yazar Ay\u015fe Kulin&#8217;in, Ermeni soyk\u0131r\u0131m\u0131 hakk\u0131nda s\u00f6yledikleri, bir\u00e7ok ki\u015fi gibi beni de deh\u015fete d\u00fc\u015f\u00fcrd\u00fc.<\/i><\/b><\/p>\n<p style=\"text-align: justify\">Bu b\u00fcy\u00fck su\u00e7u, bu kadar &#8220;umars\u0131zca&#8221; sahiplenen bir dil, \u00e7ok \u00e7arp\u0131c\u0131yd\u0131.<\/p>\n<p style=\"text-align: justify\">Su\u00e7u, bu denli i\u00e7selle\u015ftirmi\u015f olmas\u0131, su\u00e7un toplumsal ortakl\u0131\u011f\u0131n\u0131n da bir g\u00f6stergesiydi ayn\u0131 zamanda&#8230;<\/p>\n<p style=\"text-align: justify\">Ay\u015fe Kulin, &#8216;&#8230;Ben Ermenileri \u00e7ok severim, ama o bir tehcir olay\u0131d\u0131r; sava\u015fta ya\u015fanm\u0131\u015f bir olayd\u0131r; sava\u015fta ya\u015fananlara soyk\u0131r\u0131m demek zor&#8230; Yahudilerinki gidip durup durup dururken, biz onlar\u0131 kesmeye ba\u015flamad\u0131k&#8230;&#8217;<\/p>\n<p style=\"text-align: justify\">&#8216;Kesmeye ba\u015flamak&#8217;, i\u00e7inde hem \u015fiddeti, hem de bu \u015fiddeti sahiplenmeyi ve ac\u0131s\u0131 hakl\u0131 bulmay\u0131 getiriyor.<\/p>\n<p style=\"text-align: justify\">Sonra kendime k\u0131zd\u0131m, neden \u015fa\u015f\u0131r\u0131yordum ki? Belki de, romantik yazar Ay\u015fe Kulin&#8217;in, b\u00f6yle bir ac\u0131mas\u0131zl\u0131\u011f\u0131 sahiplenece\u011fini beklemiyordum.<\/p>\n<p style=\"text-align: justify\">Co\u011frafyam\u0131z, &#8216;ayd\u0131n\u0131&#8217; bol, ancak &#8216;entelekt\u00fcelli&#8217; \u00e7ok az bir co\u011frafya&#8230;<\/p>\n<p style=\"text-align: justify\">Asl\u0131nda, ayd\u0131nla entelekt\u00fcel aras\u0131ndaki fark\u0131, bir c\u00fcmleyle anlatm\u0131\u015f Edward Said, demi\u015f ki; &#8216;Entelekt\u00fcel kriz \u00e7\u00f6zmez kriz \u00e7\u0131kar\u0131r.&#8217;<\/p>\n<p style=\"text-align: justify\">Bizim co\u011frafyam\u0131zda ise ayd\u0131nlar, sadece sistemin a\u00e7mazlar\u0131n\u0131n ve i\u015flenen su\u00e7lar\u0131n \u00fcst\u00fcn\u00fc \u00f6rtmeye \u00e7al\u0131\u015f\u0131yorlar; yok saymaya ve unutturmaya \u00e7al\u0131\u015f\u0131yorlar.<\/p>\n<p style=\"text-align: justify\">Ay\u015fe Kulin&#8217;in yapt\u0131\u011f\u0131 da bundan farkl\u0131 de\u011fil.<\/p>\n<p style=\"text-align: justify\">Demek istiyor ki; Evet bir \u015feyler olmu\u015f, ama o zaman sava\u015f varm\u0131\u015f, her iki tarafta birbirine kar\u015f\u0131 su\u00e7 i\u015flemi\u015f, \u00f6z\u00fc budur!<\/p>\n<p style=\"text-align: justify\">Ay\u015fe Kulin&#8217;in s\u00f6ylediklerinin ayn\u0131s\u0131n\u0131, T\u00fcrk Tarih Kurumu ba\u015fkan\u0131, ba\u015fbakan ve Cumhurba\u015fkan\u0131 da s\u00f6yl\u00fcyor.<\/p>\n<p style=\"text-align: justify\">Oysa ger\u00e7ekler, onlar\u0131n s\u00f6ylediklerinin tam tersi&#8230;<\/p>\n<p style=\"text-align: justify\">Uluslararas\u0131 Soyk\u0131r\u0131m\u0131 \u00d6nleme S\u00f6zle\u015fmesi, 1948 y\u0131l\u0131nda imzaland\u0131. T\u00fcrkiye bu s\u00f6zle\u015fmeyi 1950&#8217;de onaylad\u0131. S\u00f6z konusu s\u00f6zle\u015fmenin 2. maddesinde, 6 &#8216;\u015f\u0131k&#8217; halinde soyk\u0131r\u0131m su\u00e7u tan\u0131mlan\u0131yor. Ve bu &#8216;\u015f\u0131klardan&#8217; sadece bir tanesinin bile ger\u00e7ekle\u015fmesi, soyk\u0131r\u0131m su\u00e7unu olu\u015fturuyor.<\/p>\n<p style=\"text-align: justify\">Merak edenler, s\u00f6zle\u015fmeyi inceleyebilirler. \u0130ncelerlerse g\u00f6recekler ki, 1915&#8217;de meydana gelen olay, s\u00f6zle\u015fmede say\u0131lan t\u00fcm &#8216;\u015f\u0131klar\u0131&#8217; kaps\u0131yor.<\/p>\n<p style=\"text-align: justify\">Sadece uluslararas\u0131 hukuka dayanarak dahi, ve bilimi de arkam\u0131za alarak 1915&#8217;de Ermeni ve di\u011fer H\u0131ristiyan halklara kar\u015f\u0131 i\u015flenen su\u00e7un, soyk\u0131r\u0131m oldu\u011funu g\u00f6r\u00fcr\u00fcz.<\/p>\n<p style=\"text-align: justify\">Asl\u0131nda, 1915 soyk\u0131r\u0131m\u0131 ve ona kar\u015f\u0131 al\u0131nan tav\u0131r hepimizi kirletiyor. Ar\u0131nmak istiyorsak, \u00f6nce su\u00e7un ad\u0131n\u0131 koymam\u0131z gerekiyor.<\/p>\n<p style=\"text-align: justify\">Ancak T\u00fcrk ayd\u0131nlar\u0131 \u00f6yle g\u00f6r\u00fcn\u00fcyor ki, bundan rahats\u0131z oluyorlar.<\/p>\n<p style=\"text-align: justify\">Su\u00e7u, &#8216;hafifseyerek&#8217; \u00fcst\u00fcn\u00fc \u00f6rtmeye ve ortak olmaya devam ediyorlar.<\/p>\n<p style=\"text-align: justify\">Edward Said&#8217;in de yaz\u0131lar\u0131nda dayanak yapt\u0131\u011f\u0131 Benda&#8217;dan bir tan\u0131mla bitirmek istiyorum.<\/p>\n<p style=\"text-align: justify\">\u015e\u00f6yle diyor Benda; &#8216;Ger\u00e7ek entelekt\u00fceller kaz\u0131\u011fa ba\u011flan\u0131p yak\u0131lma, s\u00fcrg\u00fcne g\u00f6nderilme, \u00e7arm\u0131ha gerilme riskine girmek durumundad\u0131rlar. Ba\u015fat \u00f6zellikleri d\u00fcnyevi kayg\u0131larla aralar\u0131ndaki, gev\u015femez mesafe olan simgesel \u015fahsiyetlerdir onlar. Bu y\u00fczden de say\u0131lar\u0131 \u00e7ok olamaz, g\u00fc\u00e7l\u00fc ki\u015filiklere sahip, su kat\u0131lmad\u0131k bireyler olmak zorundad\u0131rlar; her \u015feyden \u00f6nce de stat\u00fcko kar\u015f\u0131s\u0131nda daimi bir muhalefet durumunda olmalar\u0131 gerekir.&#8221;<\/p>\n<p style=\"text-align: justify\">Benda&#8217;n\u0131n entelekt\u00fcel tan\u0131m\u0131 ile, Ay\u015fe Kulin ve benzerlerinin aras\u0131ndaki fark ne kadar belirgin de\u011fil mi?<\/p>\n<p style=\"text-align: justify\"><b><i>http:\/\/www.marksist.org\/yazarlar\/eren-keskin\/14048-entelektuel-tavri<\/i><\/b><\/p>\n","protected":false},"excerpt":{"rendered":"<p>Av. Eren Keskin Ge\u00e7ti\u011fimiz hafta, Ayk\u0131r\u0131 Sorular program\u0131nda yazar Ay\u015fe Kulin&#8217;in, Ermeni soyk\u0131r\u0131m\u0131 hakk\u0131nda s\u00f6yledikleri, bir\u00e7ok ki\u015fi gibi beni de deh\u015fete d\u00fc\u015f\u00fcrd\u00fc. Bu b\u00fcy\u00fck su\u00e7u, bu kadar &#8220;umars\u0131zca&#8221; sahiplenen bir dil, \u00e7ok \u00e7arp\u0131c\u0131yd\u0131. Su\u00e7u, bu denli i\u00e7selle\u015ftirmi\u015f olmas\u0131, su\u00e7un toplumsal ortakl\u0131\u011f\u0131n\u0131n da bir g\u00f6stergesiydi ayn\u0131 zamanda&#8230; Ay\u015fe Kulin, &#8216;&#8230;Ben Ermenileri \u00e7ok severim, ama o bir [&hellip;]<\/p>\n","protected":false},"author":3,"featured_media":0,"comment_status":"open","ping_status":"open","sticky":false,"template":"","format":"standard","meta":{"footnotes":""},"categories":[6,14,26],"tags":[],"class_list":["post-28540","post","type-post","status-publish","format-standard","hentry","category-ermeni-soykirimi","category-haberler","category-makaleler"],"yoast_head":"<!-- This site is optimized with the Yoast SEO plugin v27.4 - https:\/\/yoast.com\/product\/yoast-seo-wordpress\/ -->\n<title>Entelekt\u00fcel tavr\u0131... - Bati Ermenistan Ve Bati Ermenileri Sorunlari Ara\u015ftirmalar Merkezi<\/title>\n<meta name=\"robots\" content=\"index, follow, max-snippet:-1, max-image-preview:large, max-video-preview:-1\" \/>\n<link rel=\"canonical\" href=\"https:\/\/akunq.net\/turkish\/2014\/02\/20\/entelektuel-tavri\/\" \/>\n<meta property=\"og:locale\" content=\"en_US\" \/>\n<meta property=\"og:type\" content=\"article\" \/>\n<meta property=\"og:title\" content=\"Entelekt\u00fcel tavr\u0131... - Bati Ermenistan Ve Bati Ermenileri Sorunlari Ara\u015ftirmalar Merkezi\" \/>\n<meta property=\"og:description\" content=\"Av. Eren Keskin Ge\u00e7ti\u011fimiz hafta, Ayk\u0131r\u0131 Sorular program\u0131nda yazar Ay\u015fe Kulin&#8217;in, Ermeni soyk\u0131r\u0131m\u0131 hakk\u0131nda s\u00f6yledikleri, bir\u00e7ok ki\u015fi gibi beni de deh\u015fete d\u00fc\u015f\u00fcrd\u00fc. Bu b\u00fcy\u00fck su\u00e7u, bu kadar &#8220;umars\u0131zca&#8221; sahiplenen bir dil, \u00e7ok \u00e7arp\u0131c\u0131yd\u0131. Su\u00e7u, bu denli i\u00e7selle\u015ftirmi\u015f olmas\u0131, su\u00e7un toplumsal ortakl\u0131\u011f\u0131n\u0131n da bir g\u00f6stergesiydi ayn\u0131 zamanda&#8230; Ay\u015fe Kulin, &#8216;&#8230;Ben Ermenileri \u00e7ok severim, ama o bir [&hellip;]\" \/>\n<meta property=\"og:url\" content=\"https:\/\/akunq.net\/turkish\/2014\/02\/20\/entelektuel-tavri\/\" \/>\n<meta property=\"og:site_name\" content=\"Bati Ermenistan Ve Bati Ermenileri Sorunlari Ara\u015ftirmalar Merkezi\" \/>\n<meta property=\"article:published_time\" content=\"2014-02-20T08:12:11+00:00\" \/>\n<meta property=\"og:image\" content=\"https:\/\/akunq.net\/turkish\/wp-content\/uploads\/sites\/5\/2014\/02\/Eren-Keskin.jpg\" \/>\n\t<meta property=\"og:image:width\" content=\"200\" \/>\n\t<meta property=\"og:image:height\" content=\"200\" \/>\n\t<meta property=\"og:image:type\" content=\"image\/jpeg\" \/>\n<meta name=\"author\" content=\"kalem\" \/>\n<meta name=\"twitter:card\" content=\"summary_large_image\" \/>\n<meta name=\"twitter:label1\" content=\"Written by\" \/>\n\t<meta name=\"twitter:data1\" content=\"kalem\" \/>\n\t<meta name=\"twitter:label2\" content=\"Est. reading time\" \/>\n\t<meta name=\"twitter:data2\" content=\"3 minutes\" \/>\n<script type=\"application\/ld+json\" class=\"yoast-schema-graph\">{\"@context\":\"https:\\\/\\\/schema.org\",\"@graph\":[{\"@type\":\"Article\",\"@id\":\"https:\\\/\\\/akunq.net\\\/turkish\\\/2014\\\/02\\\/20\\\/entelektuel-tavri\\\/#article\",\"isPartOf\":{\"@id\":\"https:\\\/\\\/akunq.net\\\/turkish\\\/2014\\\/02\\\/20\\\/entelektuel-tavri\\\/\"},\"author\":{\"name\":\"kalem\",\"@id\":\"https:\\\/\\\/akunq.net\\\/turkish\\\/#\\\/schema\\\/person\\\/135e7923d1aeb8887890799619969a6c\"},\"headline\":\"Entelekt\u00fcel tavr\u0131&#8230;\",\"datePublished\":\"2014-02-20T08:12:11+00:00\",\"mainEntityOfPage\":{\"@id\":\"https:\\\/\\\/akunq.net\\\/turkish\\\/2014\\\/02\\\/20\\\/entelektuel-tavri\\\/\"},\"wordCount\":581,\"commentCount\":0,\"image\":{\"@id\":\"https:\\\/\\\/akunq.net\\\/turkish\\\/2014\\\/02\\\/20\\\/entelektuel-tavri\\\/#primaryimage\"},\"thumbnailUrl\":\"http:\\\/\\\/akunq.net\\\/tr\\\/wp-content\\\/uploads\\\/2014\\\/02\\\/Eren-Keskin.jpg\",\"articleSection\":[\"Ermeni Soyk\u0131r\u0131m\u0131\",\"Haberler\",\"Makaleler\"],\"inLanguage\":\"en-US\",\"potentialAction\":[{\"@type\":\"CommentAction\",\"name\":\"Comment\",\"target\":[\"https:\\\/\\\/akunq.net\\\/turkish\\\/2014\\\/02\\\/20\\\/entelektuel-tavri\\\/#respond\"]}]},{\"@type\":\"WebPage\",\"@id\":\"https:\\\/\\\/akunq.net\\\/turkish\\\/2014\\\/02\\\/20\\\/entelektuel-tavri\\\/\",\"url\":\"https:\\\/\\\/akunq.net\\\/turkish\\\/2014\\\/02\\\/20\\\/entelektuel-tavri\\\/\",\"name\":\"Entelekt\u00fcel tavr\u0131... - Bati Ermenistan Ve Bati Ermenileri Sorunlari Ara\u015ftirmalar Merkezi\",\"isPartOf\":{\"@id\":\"https:\\\/\\\/akunq.net\\\/turkish\\\/#website\"},\"primaryImageOfPage\":{\"@id\":\"https:\\\/\\\/akunq.net\\\/turkish\\\/2014\\\/02\\\/20\\\/entelektuel-tavri\\\/#primaryimage\"},\"image\":{\"@id\":\"https:\\\/\\\/akunq.net\\\/turkish\\\/2014\\\/02\\\/20\\\/entelektuel-tavri\\\/#primaryimage\"},\"thumbnailUrl\":\"http:\\\/\\\/akunq.net\\\/tr\\\/wp-content\\\/uploads\\\/2014\\\/02\\\/Eren-Keskin.jpg\",\"datePublished\":\"2014-02-20T08:12:11+00:00\",\"author\":{\"@id\":\"https:\\\/\\\/akunq.net\\\/turkish\\\/#\\\/schema\\\/person\\\/135e7923d1aeb8887890799619969a6c\"},\"breadcrumb\":{\"@id\":\"https:\\\/\\\/akunq.net\\\/turkish\\\/2014\\\/02\\\/20\\\/entelektuel-tavri\\\/#breadcrumb\"},\"inLanguage\":\"en-US\",\"potentialAction\":[{\"@type\":\"ReadAction\",\"target\":[\"https:\\\/\\\/akunq.net\\\/turkish\\\/2014\\\/02\\\/20\\\/entelektuel-tavri\\\/\"]}]},{\"@type\":\"ImageObject\",\"inLanguage\":\"en-US\",\"@id\":\"https:\\\/\\\/akunq.net\\\/turkish\\\/2014\\\/02\\\/20\\\/entelektuel-tavri\\\/#primaryimage\",\"url\":\"http:\\\/\\\/akunq.net\\\/tr\\\/wp-content\\\/uploads\\\/2014\\\/02\\\/Eren-Keskin.jpg\",\"contentUrl\":\"http:\\\/\\\/akunq.net\\\/tr\\\/wp-content\\\/uploads\\\/2014\\\/02\\\/Eren-Keskin.jpg\"},{\"@type\":\"BreadcrumbList\",\"@id\":\"https:\\\/\\\/akunq.net\\\/turkish\\\/2014\\\/02\\\/20\\\/entelektuel-tavri\\\/#breadcrumb\",\"itemListElement\":[{\"@type\":\"ListItem\",\"position\":1,\"name\":\"Home\",\"item\":\"https:\\\/\\\/akunq.net\\\/turkish\\\/\"},{\"@type\":\"ListItem\",\"position\":2,\"name\":\"Entelekt\u00fcel tavr\u0131&#8230;\"}]},{\"@type\":\"WebSite\",\"@id\":\"https:\\\/\\\/akunq.net\\\/turkish\\\/#website\",\"url\":\"https:\\\/\\\/akunq.net\\\/turkish\\\/\",\"name\":\"Bati Ermenistan Ve Bati Ermenileri Sorunlari Ara\u015ftirmalar Merkezi\",\"description\":\"\",\"potentialAction\":[{\"@type\":\"SearchAction\",\"target\":{\"@type\":\"EntryPoint\",\"urlTemplate\":\"https:\\\/\\\/akunq.net\\\/turkish\\\/?s={search_term_string}\"},\"query-input\":{\"@type\":\"PropertyValueSpecification\",\"valueRequired\":true,\"valueName\":\"search_term_string\"}}],\"inLanguage\":\"en-US\"},{\"@type\":\"Person\",\"@id\":\"https:\\\/\\\/akunq.net\\\/turkish\\\/#\\\/schema\\\/person\\\/135e7923d1aeb8887890799619969a6c\",\"name\":\"kalem\",\"image\":{\"@type\":\"ImageObject\",\"inLanguage\":\"en-US\",\"@id\":\"https:\\\/\\\/secure.gravatar.com\\\/avatar\\\/a06875e4b25feb5674296adf8e8a7ae1e587cebce2493fe63c456109967e27d3?s=96&d=mm&r=g\",\"url\":\"https:\\\/\\\/secure.gravatar.com\\\/avatar\\\/a06875e4b25feb5674296adf8e8a7ae1e587cebce2493fe63c456109967e27d3?s=96&d=mm&r=g\",\"contentUrl\":\"https:\\\/\\\/secure.gravatar.com\\\/avatar\\\/a06875e4b25feb5674296adf8e8a7ae1e587cebce2493fe63c456109967e27d3?s=96&d=mm&r=g\",\"caption\":\"kalem\"},\"url\":\"https:\\\/\\\/akunq.net\\\/turkish\\\/author\\\/kalem\\\/\"}]}<\/script>\n<!-- \/ Yoast SEO plugin. -->","yoast_head_json":{"title":"Entelekt\u00fcel tavr\u0131... - Bati Ermenistan Ve Bati Ermenileri Sorunlari Ara\u015ftirmalar Merkezi","robots":{"index":"index","follow":"follow","max-snippet":"max-snippet:-1","max-image-preview":"max-image-preview:large","max-video-preview":"max-video-preview:-1"},"canonical":"https:\/\/akunq.net\/turkish\/2014\/02\/20\/entelektuel-tavri\/","og_locale":"en_US","og_type":"article","og_title":"Entelekt\u00fcel tavr\u0131... - Bati Ermenistan Ve Bati Ermenileri Sorunlari Ara\u015ftirmalar Merkezi","og_description":"Av. Eren Keskin Ge\u00e7ti\u011fimiz hafta, Ayk\u0131r\u0131 Sorular program\u0131nda yazar Ay\u015fe Kulin&#8217;in, Ermeni soyk\u0131r\u0131m\u0131 hakk\u0131nda s\u00f6yledikleri, bir\u00e7ok ki\u015fi gibi beni de deh\u015fete d\u00fc\u015f\u00fcrd\u00fc. Bu b\u00fcy\u00fck su\u00e7u, bu kadar &#8220;umars\u0131zca&#8221; sahiplenen bir dil, \u00e7ok \u00e7arp\u0131c\u0131yd\u0131. Su\u00e7u, bu denli i\u00e7selle\u015ftirmi\u015f olmas\u0131, su\u00e7un toplumsal ortakl\u0131\u011f\u0131n\u0131n da bir g\u00f6stergesiydi ayn\u0131 zamanda&#8230; Ay\u015fe Kulin, &#8216;&#8230;Ben Ermenileri \u00e7ok severim, ama o bir [&hellip;]","og_url":"https:\/\/akunq.net\/turkish\/2014\/02\/20\/entelektuel-tavri\/","og_site_name":"Bati Ermenistan Ve Bati Ermenileri Sorunlari Ara\u015ftirmalar Merkezi","article_published_time":"2014-02-20T08:12:11+00:00","og_image":[{"width":200,"height":200,"url":"https:\/\/akunq.net\/turkish\/wp-content\/uploads\/sites\/5\/2014\/02\/Eren-Keskin.jpg","type":"image\/jpeg"}],"author":"kalem","twitter_card":"summary_large_image","twitter_misc":{"Written by":"kalem","Est. reading time":"3 minutes"},"schema":{"@context":"https:\/\/schema.org","@graph":[{"@type":"Article","@id":"https:\/\/akunq.net\/turkish\/2014\/02\/20\/entelektuel-tavri\/#article","isPartOf":{"@id":"https:\/\/akunq.net\/turkish\/2014\/02\/20\/entelektuel-tavri\/"},"author":{"name":"kalem","@id":"https:\/\/akunq.net\/turkish\/#\/schema\/person\/135e7923d1aeb8887890799619969a6c"},"headline":"Entelekt\u00fcel tavr\u0131&#8230;","datePublished":"2014-02-20T08:12:11+00:00","mainEntityOfPage":{"@id":"https:\/\/akunq.net\/turkish\/2014\/02\/20\/entelektuel-tavri\/"},"wordCount":581,"commentCount":0,"image":{"@id":"https:\/\/akunq.net\/turkish\/2014\/02\/20\/entelektuel-tavri\/#primaryimage"},"thumbnailUrl":"http:\/\/akunq.net\/tr\/wp-content\/uploads\/2014\/02\/Eren-Keskin.jpg","articleSection":["Ermeni Soyk\u0131r\u0131m\u0131","Haberler","Makaleler"],"inLanguage":"en-US","potentialAction":[{"@type":"CommentAction","name":"Comment","target":["https:\/\/akunq.net\/turkish\/2014\/02\/20\/entelektuel-tavri\/#respond"]}]},{"@type":"WebPage","@id":"https:\/\/akunq.net\/turkish\/2014\/02\/20\/entelektuel-tavri\/","url":"https:\/\/akunq.net\/turkish\/2014\/02\/20\/entelektuel-tavri\/","name":"Entelekt\u00fcel tavr\u0131... - Bati Ermenistan Ve Bati Ermenileri Sorunlari Ara\u015ftirmalar Merkezi","isPartOf":{"@id":"https:\/\/akunq.net\/turkish\/#website"},"primaryImageOfPage":{"@id":"https:\/\/akunq.net\/turkish\/2014\/02\/20\/entelektuel-tavri\/#primaryimage"},"image":{"@id":"https:\/\/akunq.net\/turkish\/2014\/02\/20\/entelektuel-tavri\/#primaryimage"},"thumbnailUrl":"http:\/\/akunq.net\/tr\/wp-content\/uploads\/2014\/02\/Eren-Keskin.jpg","datePublished":"2014-02-20T08:12:11+00:00","author":{"@id":"https:\/\/akunq.net\/turkish\/#\/schema\/person\/135e7923d1aeb8887890799619969a6c"},"breadcrumb":{"@id":"https:\/\/akunq.net\/turkish\/2014\/02\/20\/entelektuel-tavri\/#breadcrumb"},"inLanguage":"en-US","potentialAction":[{"@type":"ReadAction","target":["https:\/\/akunq.net\/turkish\/2014\/02\/20\/entelektuel-tavri\/"]}]},{"@type":"ImageObject","inLanguage":"en-US","@id":"https:\/\/akunq.net\/turkish\/2014\/02\/20\/entelektuel-tavri\/#primaryimage","url":"http:\/\/akunq.net\/tr\/wp-content\/uploads\/2014\/02\/Eren-Keskin.jpg","contentUrl":"http:\/\/akunq.net\/tr\/wp-content\/uploads\/2014\/02\/Eren-Keskin.jpg"},{"@type":"BreadcrumbList","@id":"https:\/\/akunq.net\/turkish\/2014\/02\/20\/entelektuel-tavri\/#breadcrumb","itemListElement":[{"@type":"ListItem","position":1,"name":"Home","item":"https:\/\/akunq.net\/turkish\/"},{"@type":"ListItem","position":2,"name":"Entelekt\u00fcel tavr\u0131&#8230;"}]},{"@type":"WebSite","@id":"https:\/\/akunq.net\/turkish\/#website","url":"https:\/\/akunq.net\/turkish\/","name":"Bati Ermenistan Ve Bati Ermenileri Sorunlari Ara\u015ftirmalar Merkezi","description":"","potentialAction":[{"@type":"SearchAction","target":{"@type":"EntryPoint","urlTemplate":"https:\/\/akunq.net\/turkish\/?s={search_term_string}"},"query-input":{"@type":"PropertyValueSpecification","valueRequired":true,"valueName":"search_term_string"}}],"inLanguage":"en-US"},{"@type":"Person","@id":"https:\/\/akunq.net\/turkish\/#\/schema\/person\/135e7923d1aeb8887890799619969a6c","name":"kalem","image":{"@type":"ImageObject","inLanguage":"en-US","@id":"https:\/\/secure.gravatar.com\/avatar\/a06875e4b25feb5674296adf8e8a7ae1e587cebce2493fe63c456109967e27d3?s=96&d=mm&r=g","url":"https:\/\/secure.gravatar.com\/avatar\/a06875e4b25feb5674296adf8e8a7ae1e587cebce2493fe63c456109967e27d3?s=96&d=mm&r=g","contentUrl":"https:\/\/secure.gravatar.com\/avatar\/a06875e4b25feb5674296adf8e8a7ae1e587cebce2493fe63c456109967e27d3?s=96&d=mm&r=g","caption":"kalem"},"url":"https:\/\/akunq.net\/turkish\/author\/kalem\/"}]}},"_links":{"self":[{"href":"https:\/\/akunq.net\/turkish\/wp-json\/wp\/v2\/posts\/28540","targetHints":{"allow":["GET"]}}],"collection":[{"href":"https:\/\/akunq.net\/turkish\/wp-json\/wp\/v2\/posts"}],"about":[{"href":"https:\/\/akunq.net\/turkish\/wp-json\/wp\/v2\/types\/post"}],"author":[{"embeddable":true,"href":"https:\/\/akunq.net\/turkish\/wp-json\/wp\/v2\/users\/3"}],"replies":[{"embeddable":true,"href":"https:\/\/akunq.net\/turkish\/wp-json\/wp\/v2\/comments?post=28540"}],"version-history":[{"count":0,"href":"https:\/\/akunq.net\/turkish\/wp-json\/wp\/v2\/posts\/28540\/revisions"}],"wp:attachment":[{"href":"https:\/\/akunq.net\/turkish\/wp-json\/wp\/v2\/media?parent=28540"}],"wp:term":[{"taxonomy":"category","embeddable":true,"href":"https:\/\/akunq.net\/turkish\/wp-json\/wp\/v2\/categories?post=28540"},{"taxonomy":"post_tag","embeddable":true,"href":"https:\/\/akunq.net\/turkish\/wp-json\/wp\/v2\/tags?post=28540"}],"curies":[{"name":"wp","href":"https:\/\/api.w.org\/{rel}","templated":true}]}}