{"id":28530,"date":"2014-02-20T02:14:15","date_gmt":"2014-02-20T07:14:15","guid":{"rendered":"http:\/\/akunq.net\/tr\/?p=28530"},"modified":"2014-02-20T02:14:15","modified_gmt":"2014-02-20T07:14:15","slug":"holokostu-inkar-edemezsiniz-ama-ermeni-soykirimini-inkar-serbest","status":"publish","type":"post","link":"https:\/\/akunq.net\/turkish\/2014\/02\/20\/holokostu-inkar-edemezsiniz-ama-ermeni-soykirimini-inkar-serbest\/","title":{"rendered":"Holokost\u2019u ink\u00e2r edemezsiniz ama Ermeni Soyk\u0131r\u0131m\u0131\u2019n\u0131 ink\u00e2r serbest"},"content":{"rendered":"<p style=\"text-align: justify\"><b><a href=\"http:\/\/akunq.net\/tr\/?attachment_id=28531\" rel=\"attachment wp-att-28531\"><img loading=\"lazy\" decoding=\"async\" class=\"alignright size-full wp-image-28531\" alt=\"Taner Ak\u00e7am\" src=\"http:\/\/akunq.net\/tr\/wp-content\/uploads\/2014\/02\/Taner-Ak\u00e7am.jpg\" width=\"150\" height=\"214\" \/><\/a>Taner Ak\u00e7am<\/b><\/p>\n<p style=\"text-align: justify\"><b><i>Avrupa \u0130nsan Haklar\u0131 Mahkemesi\u2019nin (A\u0130HM) Do\u011fu Perin\u00e7ek hakk\u0131nda verdi\u011fi karar ve d\u00fc\u015f\u00fcnd\u00fcrd\u00fckleri. \u201cOsmanl\u0131 \u0130mparatorlu\u011funun soyk\u0131r\u0131m politikalar\u0131 ile Ermenilere \u00e7ektirdi\u011fi ac\u0131lar, Nazilerin soyk\u0131r\u0131m politikas\u0131 ile Yahudilere \u00e7ektirdi\u011fi ac\u0131lardan daha az de\u011ferli de\u011fildir.\u201d<\/i><\/b> *<\/p>\n<p style=\"text-align: justify\">Bilindi\u011fi gibi, A\u0130HM, \u0130svi\u00e7re\u2019nin Do\u011fu Perin\u00e7ek\u2019e verdi\u011fi cezay\u0131, Avrupa \u0130nsan Haklar\u0131 S\u00f6zle\u015fmesi\u2019nin 10. maddesine d\u00fc\u015f\u00fcnce \u00f6zg\u00fcrl\u00fc\u011f\u00fcne ayk\u0131r\u0131 oldu\u011fu gerek\u00e7esiyle bozdu. Her ne kadar mesele T\u00fcrkiye\u2019de, \u201csoyk\u0131r\u0131m ink\u00e2r\u0131 bir su\u00e7 say\u0131lmal\u0131 m\u0131\u201d genel \u00e7er\u00e7evesi i\u00e7inde tart\u0131\u015f\u0131l\u0131yor olsa da sorun bununla s\u0131n\u0131rl\u0131 de\u011fil. Karar, \u00f6zellikle gerek\u00e7eleri itibar\u0131yla, fikir \u00f6zg\u00fcrl\u00fc\u011f\u00fc meselesinin \u00e7ok \u00f6tesinde boyutlara sahip ve ama maalesef ciddi hatalar i\u00e7eriyor.<\/p>\n<p style=\"text-align: justify\">\u201cSoyk\u0131r\u0131m\u0131 ink\u00e2r su\u00e7 say\u0131lmal\u0131 m\u0131d\u0131r\u201d konusunda ortada iki u\u00e7 g\u00f6r\u00fc\u015f\u00fcn var oldu\u011fu biliniyor. Birinci g\u00f6r\u00fc\u015fe g\u00f6re, \u201csoyk\u0131r\u0131m ink\u00e2r\u0131\u201d yeni bir su\u00e7 kategorisi olarak ortaya \u00e7\u0131km\u0131\u015ft\u0131r ve cezaland\u0131r\u0131lmas\u0131 gerekir. \u201c\u0130nk\u00e2r\u0131 yasaklayan\u201d bir kanun ile d\u00fc\u015f\u00fcnce \u00f6zg\u00fcrl\u00fc\u011f\u00fcn\u00fcn s\u0131n\u0131rland\u0131r\u0131lm\u0131\u015f olabilece\u011fi kabul ediliyor ama demokrasilerde d\u00fc\u015f\u00fcnce \u00f6zg\u00fcrl\u00fc\u011f\u00fcn\u00fcn \u201ckamu yarar\u0131na\u201d s\u0131n\u0131rland\u0131r\u0131lmas\u0131n\u0131n normal oldu\u011fu s\u00f6yleniyor. Nitekim, A\u0130H S\u00f6zle\u015fmesinin d\u00fc\u015f\u00fcnce \u00f6zg\u00fcrl\u00fc\u011f\u00fcn\u00fc garanti alt\u0131na alan, 10. maddesinin 2. \u015f\u0131kk\u0131 bu \u00f6zg\u00fcrl\u00fc\u011fe belli s\u0131n\u0131rlamalar getirmektedir.<\/p>\n<p style=\"text-align: justify\">Buna kar\u015f\u0131 \u00e7\u0131kan d\u00fc\u015f\u00fcnce ise, \u201cink\u00e2r\u0131\u201d tarih konusunda farkl\u0131 d\u00fc\u015f\u00fcnme olarak telakki ediyor ve tarih \u00fczerine konu\u015fmaya s\u0131n\u0131rlama getirmenin yanl\u0131\u015f ve tehlikeli oldu\u011fu fikrini ileri s\u00fcr\u00fcyor. Buna g\u00f6re, soyk\u0131r\u0131m\u0131 ink\u00e2r etmek hi\u00e7bir bi\u00e7imde yasal s\u0131n\u0131rlamaya tabi olmamal\u0131, ve serbest olmal\u0131d\u0131r. Tarihe yasak koymak anlam\u0131na gelecek bu tutumun do\u011furaca\u011f\u0131 sonu\u00e7lar ger\u00e7ekten \u00fcrk\u00fct\u00fcc\u00fcd\u00fcr, deniyor.<\/p>\n<p style=\"text-align: justify\">\u015e\u00fcphesiz bu iki u\u00e7 g\u00f6r\u00fc\u015f\u00fcn aras\u0131nda daha n\u00fcansl\u0131, farkl\u0131 d\u00fc\u015f\u00fcnceler de var. \u00d6rne\u011fin, ink\u00e2r\u0131 yasaklaman\u0131n, s\u0131radan bir fikir a\u00e7\u0131klama durumunda de\u011fil, ancak ve ancak ink\u00e2r\u0131n kamu d\u00fczeni i\u00e7in bir tehdit olu\u015fturdu\u011fu durumlarda ve\/veya ancak bir nefret su\u00e7u olarak \u0131rk\u00e7\u0131 s\u00f6ylem bi\u00e7iminde g\u00fcndeme gelmesi durumunda yasaklanmas\u0131 gerekti\u011fi fikrini savunanlar vard\u0131r. Yani, \u201cink\u00e2r yasalar\u0131\u201d ile, d\u00fc\u015f\u00fcnce \u00f6zg\u00fcrl\u00fc\u011f\u00fcn\u00fcn s\u0131n\u0131rlar\u0131n\u0131n daralt\u0131lmamas\u0131 i\u00e7in, \u201ckamu yarar\u0131\u201d; \u201ckamu d\u00fczenini koruma\u201d ya da \u201cnefret su\u00e7u\u201d gibi ek kategoriler getirilmektedir.<\/p>\n<p style=\"text-align: justify\">\u00d6zetle, tart\u0131\u015fma bir anlamda, soyk\u0131r\u0131m ink\u00e2r\u0131n\u0131n hangi ko\u015fullarda, A\u0130H S\u00f6zle\u015fmesi\u2019nin 10. maddesinin ikinci \u015f\u0131kk\u0131nda belirlenen k\u0131s\u0131tlamalar kapsam\u0131na sokulup sokulmayaca\u011f\u0131d\u0131r. Bir grup dereceleri farkl\u0131 olmakla birlikte sokulmas\u0131 gerekti\u011fini savunurken, di\u011fer bir grup asla sokulmamal\u0131d\u0131r demektedir.<\/p>\n<p style=\"text-align: justify\"><b>AB VE KANUNDA B\u0130RL\u0130K ARAYI\u015eI<\/b><\/p>\n<p style=\"text-align: justify\">Avrupa\u2019n\u0131n bir\u00e7ok \u00fclkesinde, \u00f6zellikle Holokost\u2019u ink\u00e2r etmeyi yasaklayan kanunlar\u0131n var oldu\u011fu biliniyor. Bu kanunlar\u0131 iki ayr\u0131 kategoriye ay\u0131rmak m\u00fcmk\u00fcn. Bir tarafta, Fransa ve Almanya \u00f6rneklerinde oldu\u011fu gibi, do\u011frudan Holokost\u2019u ink\u00e2r etmeyi yasaklayan yasalar vard\u0131r. \u00d6b\u00fcr tarafta \u0130svi\u00e7re gibi, do\u011frudan Holokost\u2019u ink\u00e2r\u0131 yasaklamayan, fakat bunu \u201c\u0131rk\u00e7\u0131, nefret su\u00e7lar\u0131\u201d kapsam\u0131nda de\u011ferlendiren \u00fclkeler vard\u0131r.<\/p>\n<p style=\"text-align: justify\">Avrupa Birli\u011fi, konuya ili\u015fkin cezalar aras\u0131nda uzun zamandan beri belli bir uyum aray\u0131\u015f\u0131 i\u00e7indedir. Bu do\u011frultuda, \u0131rk\u00e7\u0131l\u0131k ve yabanc\u0131 d\u00fc\u015fmanl\u0131\u011f\u0131 ile ilgili cezalardaki farkl\u0131l\u0131klar\u0131n giderilmesi i\u00e7in 1996 y\u0131l\u0131nda bir karar al\u0131nm\u0131\u015f idi. Bunu takiben, 28 Nisan 2008 tarihinde \u00e7\u0131kart\u0131lan \u00e7er\u00e7eve karar ile \u00e7ok \u00f6nemli bir ad\u0131m daha at\u0131ld\u0131. Karar\u0131n amac\u0131, AB \u00fcyesi \u00fclkelerin kanunlar\u0131 aras\u0131nda bir yak\u0131nla\u015fma sa\u011flamak ve \u0131rk\u00e7\u0131l\u0131k ve yabanc\u0131 d\u00fc\u015fmanl\u0131\u011f\u0131 ile daha etkin m\u00fccadele edebilmektir.<\/p>\n<p style=\"text-align: justify\">Karar \u00fcye \u00fclkelerden, a\u015fa\u011f\u0131daki su\u00e7lar\u0131 \u0131rk\u00e7\u0131l\u0131k ve yabanc\u0131 d\u00fc\u015fmanl\u0131\u011f\u0131 \u00e7er\u00e7evesinde de\u011ferlendirmelerini ve bu su\u00e7lar\u0131 i\u015fleyenlerin cezaland\u0131r\u0131lmas\u0131n\u0131 istemektedir; A) \u201c\u00c7e\u015fitli kitap, resim veya di\u011fer malzemeleri da\u011f\u0131tarak kamuoyunu \u015fiddet veya nefrete te\u015fvik etmek\u201d; B) \u201c8 A\u011fustos 1945 tarihli Londra antla\u015fmas\u0131na ek Uluslararas\u0131 Askeri Mahkeme S\u00f6zle\u015fmesinin 6\u2019\u0131nc\u0131 maddesinde tan\u0131mlanm\u0131\u015f su\u00e7lar ile; Uluslararas\u0131 Ceza Mahkemesi Stat\u00fcs\u00fcn\u00fcn 6, 7 ve 8\u2019inci maddelerinde tan\u0131mlanan, soyk\u0131r\u0131m, insanl\u0131\u011fa kar\u015f\u0131 su\u00e7 ve sava\u015f su\u00e7una, bir grup veya \u00fcyelerine kar\u015f\u0131 \u015fiddeti veya nefreti te\u015fvik amac\u0131yla, alenen g\u00f6z yummak, ink\u00e2r etmek veya b\u00fcy\u00fck \u00f6l\u00e7\u00fcde de\u011fersizle\u015ftirmek.\u201d<\/p>\n<p style=\"text-align: justify\">Avrupa\u2019daki genel e\u011filimin, \u201cink\u00e2r\u0131n\u201d yasaklanmas\u0131 do\u011frultusunda oldu\u011funu s\u00f6yleyebiliriz. Ama dikkat edilirse, ink\u00e2r su\u00e7u, \u0131rk\u00e7\u0131l\u0131k ve yabanc\u0131 d\u00fc\u015fmanl\u0131\u011f\u0131n\u0131n bir unsuru olarak ele al\u0131nmakta ve ancak a\u00e7\u0131k \u015fiddete davet veya nefret s\u00f6ylemi bi\u00e7iminde olursa yasaklanmas\u0131 istenmektedir. \u0130kincisi AB, \u015fu veya bu soyk\u0131r\u0131mla s\u0131n\u0131rl\u0131 olmayan, daha geni\u015f bir ink\u00e2r\u0131 yasaklama pe\u015findedir; bir tek Holokost de\u011fil, genel olarak soyk\u0131r\u0131m, insanl\u0131k su\u00e7u ve sava\u015f su\u00e7lar\u0131n\u0131n ink\u00e2r\u0131n\u0131n, (elbette kamu d\u00fczenini bozmak, nefret su\u00e7u i\u015flemek gibi) di\u011fer ko\u015fullar\u0131n yerine getirilmesi ile birlikte yasaklanmas\u0131n\u0131 istemektedir.<\/p>\n<p style=\"text-align: justify\">\u0130svi\u00e7re\u2019de Do\u011fu Perin\u00e7ek\u2019in ceza ald\u0131\u011f\u0131 261. Madde, AB\u2019nin yerle\u015ftirmeye \u00e7al\u0131\u015ft\u0131\u011f\u0131 standart ile uyum h\u00e2lindedir. Ceza maddesi, soyk\u0131r\u0131m ve insanl\u0131k su\u00e7lar\u0131n\u0131n, bir ba\u015fka gruba kar\u015f\u0131 nefret ve d\u00fc\u015fmanl\u0131k yaymak amac\u0131yla ink\u00e2r edilmesinin su\u00e7 oldu\u011funu s\u00f6ylemektedir. Do\u011fu Perin\u00e7ek ve grubunun Talat Pa\u015fa Komitesi ba\u015fta olmak \u00fczere, t\u00fcm ekibi ile yapt\u0131\u011f\u0131 da zaten bundan ba\u015fka bir \u015fey de\u011fildi.<\/p>\n<p style=\"text-align: justify\"><b>\u00c7\u0130FTE STANDART DO\u011eRU MU?<\/b><\/p>\n<p style=\"text-align: justify\">Asl\u0131na bak\u0131l\u0131rsa, Do\u011fu Perin\u00e7ek\u2019in eylem ve s\u00f6zlerini, Avrupa\u2019daki Neo-Nazi gruplar\u0131n s\u00f6z ve eylemleri gibi d\u00fc\u015f\u00fcnce \u00f6zg\u00fcrl\u00fc\u011f\u00fc i\u00e7inde de\u011ferlendirmek m\u00fcmk\u00fcnd\u00fcr. Bu \u00e7er\u00e7eveden bak\u0131ld\u0131\u011f\u0131nda, mahkemenin \u201cErmeni soyk\u0131r\u0131m\u0131n\u0131 ink\u00e2r\u0131 cezaland\u0131rmak d\u00fc\u015f\u00fcnce \u00f6zg\u00fcrl\u00fc\u011f\u00fcne darbe vurur\u201d karar\u0131n\u0131 do\u011fru bulabiliriz. Karar bu y\u00f6n\u00fcyle \u0130ngiliz-Amerikan hukuk anlay\u0131\u015f\u0131na yak\u0131n bir yerde duruyor gibidir. Bilindi\u011fi gibi, Amerika\u2019da Holokost da d\u00e2hil, t\u00fcm soyk\u0131r\u0131mlar\u0131 ink\u00e2r etme \u00f6zg\u00fcrl\u00fc\u011f\u00fc vard\u0131r. Yeter ki \u201cnefret su\u00e7u\u201d bi\u00e7iminde g\u00fcndeme getirilmesin; ama bunun da s\u0131n\u0131rlar\u0131n\u0131 tespit edebilmek olduk\u00e7a sorunludur.<\/p>\n<p style=\"text-align: justify\">Fakat A\u0130HM b\u00f6ylesi bir genel ilkeden hareket etmiyor. Aksine, soyk\u0131r\u0131mlar aras\u0131nda bir ay\u0131r\u0131m yap\u0131yor ve a\u00e7\u0131k bir \u00e7ifte standart uyguluyor. Ermeni soyk\u0131r\u0131m\u0131n\u0131 ink\u00e2r etmek yasaklanmamal\u0131d\u0131r, yasaklan\u0131rsa A\u0130H S\u00f6zle\u015fmesi\u2019nin 10. maddesi ihlal edilir, derken, Holokost\u2019u ink\u00e2r etmek cezaya tabidir ve bu, 10. maddeye ters d\u00fc\u015fmez, demektedir. Zaten A\u0130HM\u2019in bu do\u011frultuda daha \u00f6nce ald\u0131\u011f\u0131 baz\u0131 kararlar da vard\u0131. \u00d6rne\u011fin Garaudy vs. Fransa (2003) davas\u0131nda mahkeme Garaudy\u2019nin Holokost\u2019u ink\u00e2rdan Fransa\u2019da ald\u0131\u011f\u0131 cezay\u0131 uygun bulunmu\u015ftur. Gerek\u00e7e \u015fudur: Holokost ink\u00e2r\u0131, A\u0130H S\u00f6zle\u015fmesi\u2019nin giri\u015f b\u00f6l\u00fcm\u00fcnde dile getirilen adalet ve bar\u0131\u015f fikrini ihlal etmek; \u0131rk\u00e7\u0131l\u0131k ve kurbanlara yalan s\u00f6yledikleri su\u00e7lamas\u0131 yaparak onlar\u0131 a\u015fa\u011f\u0131lamak anlam\u0131na gelir ve bu nedenle yasaklanmas\u0131 gerekir.<\/p>\n<p style=\"text-align: justify\">Yani,<\/p>\n<p style=\"text-align: justify\">\u201c\u00c7ifte standart\u201d uygulamas\u0131n\u0131n b\u00f6ylesi bir d\u00fc\u015f\u00fcnsel arka plan\u0131 oldu\u011fu ve yanl\u0131\u015fl\u0131\u011f\u0131 savunulsa bile, farkl\u0131 soyk\u0131r\u0131m ink\u00e2rlar\u0131 aras\u0131nda hukuken ay\u0131r\u0131m yapmak m\u00fcmk\u00fcnd\u00fcr. \u00c7\u00fcnk\u00fc, genel olarak herhangi bir soyk\u0131r\u0131m\u0131 ink\u00e2r etmek ahlaken ay\u0131p ve yanl\u0131\u015f olsa bile, bunun cezay\u0131 gerektirecek bir su\u00e7 say\u0131lmas\u0131 gerekmeyebilir. Hukuk, \u201cahlaki su\u00e7\u201d (kabahat) ile \u201ccezay\u0131 gerektiren su\u00e7\u201d aras\u0131nda ay\u0131r\u0131m yapar. Ahlaken yanl\u0131\u015f bir davran\u0131\u015f\u0131n, burada soyk\u0131r\u0131m ink\u00e2r\u0131n\u0131n, su\u00e7 say\u0131larak cezai bir m\u00fceyyidenin konusu h\u00e2line gelebilmesi ba\u015fka ko\u015fullar\u0131n olu\u015fmas\u0131na ba\u011fl\u0131d\u0131r. \u00d6rne\u011fin, ink\u00e2r\u0131n kamu d\u00fczenini bozucu bir niteli\u011fi olmas\u0131 veya nefret su\u00e7u kapsam\u0131nda g\u00fcndeme gelmesi gibi \u015fartlar aran\u0131r. Diyelim ki, Avrupa\u2019n\u0131n herhangi bir \u00fclkesinde, Uzak Do\u011fu\u2019daki bir soyk\u0131r\u0131m\u0131 ink\u00e2r edip etmemenin, kamu d\u00fczenini bozma a\u00e7\u0131s\u0131ndan hi\u00e7bir anlam\u0131 olmayabilir. Bu nedenle, bu t\u00fcr bir ink\u00e2r, ahlaken yanl\u0131\u015f olsa bile ceza hukukunun konusu olmayabilir.<\/p>\n<p style=\"text-align: justify\">Nitekim A\u0130HM Do\u011fu Perin\u00e7ek ile ilgili karar\u0131nda bu anlama gelebilecek bol say\u0131da arg\u00fcman kullanm\u0131\u015ft\u0131r. Ermeni soyk\u0131r\u0131m\u0131n\u0131 kabul eden \u00fclkelerin, bu soyk\u0131r\u0131m\u0131 ink\u00e2r\u0131 yasaklayan \u00f6zel bir yasa \u00e7\u0131kartmam\u0131\u015f olmalar\u0131; Fransa ve \u0130spanya Anayasa Mahkemelerinin, soyk\u0131r\u0131m olarak kabul edilen bir ger\u00e7ekli\u011fin ink\u00e2r edilmesinin ille de cezai kovu\u015fturma konusu olmas\u0131 gerekmedi\u011fi yolundaki kararlar\u0131; ya da \u0130svi\u00e7re h\u00fck\u00fcmetinin, Ermeni Soyk\u0131r\u0131m\u0131\u2019n\u0131 ink\u00e2r etmeyi cezaland\u0131rman\u0131n sosyal nedenleri konusunda ikna edici bir arg\u00fcman ileri s\u00fcremedi\u011fi mahkemenin ileri s\u00fcrd\u00fc\u011f\u00fc tezlerden baz\u0131lar\u0131d\u0131r.<\/p>\n<p style=\"text-align: justify\">Mahkeme\u2019nin, Do\u011fu Perin\u00e7ek\u2019in, A\u0130H S\u00f6zle\u015fmesi\u2019nin 17. maddesini ihlal etmedi\u011fi yolunda ald\u0131\u011f\u0131 karar da bu \u00e7er\u00e7evede de\u011ferlendirilebilir. Bilindi\u011fi gibi, 17. Madde, d\u00fc\u015f\u00fcnce \u00f6zg\u00fcrl\u00fc\u011f\u00fc ba\u015fta olmak \u00fczere tan\u0131nm\u0131\u015f haklar\u0131n, bu hak ve \u00f6zg\u00fcrl\u00fckleri ortadan kald\u0131rmak amac\u0131yla kullan\u0131lmas\u0131n\u0131 yasaklar. Mahkeme, Do\u011fu Perin\u00e7ek\u2019in, A\u0130H S\u00f6zle\u015fmesi\u2019nin ana ruhunu ortadan kald\u0131rmaya y\u00f6nelik bir eylem i\u00e7inde olmad\u0131\u011f\u0131 karar\u0131n\u0131 vererek, kamu d\u00fczeni a\u00e7\u0131s\u0131ndan bir tehdit durumunun olu\u015fmad\u0131\u011f\u0131 kanaatindedir.<\/p>\n<p style=\"text-align: justify\">\u00d6zetle, bir eylemin soyk\u0131r\u0131m olarak say\u0131lmas\u0131 ile onun ceza hukukunun konusu olmas\u0131 aras\u0131nda bir fark vard\u0131r. Yani Avrupa\u2019da \u00e7e\u015fitli devletler Ermeni Soyk\u0131r\u0131m\u0131\u2019n\u0131 tan\u0131yor olsalar bile, onun ink\u00e2r\u0131, ille de ceza hukukunun konusu olmayabilir. Dolay\u0131s\u0131yla, Avrupa\u2019da Holokost\u2019u ink\u00e2r etmek su\u00e7 say\u0131lacaksa, t\u00fcm di\u011fer soyk\u0131r\u0131mlar\u0131n ink\u00e2r edilmesi de su\u00e7 say\u0131lmal\u0131d\u0131r, tezi ahlaken kula\u011fa ho\u015f gelse de, ceza hukuku a\u00e7\u0131s\u0131nda \u00f6nemli bir arg\u00fcman olmayabilir.<\/p>\n<p style=\"text-align: justify\"><b>KARAR DE\u011e\u0130L, GEREK\u00c7ELEND\u0130RMELER BAR\u0130Z HATALAR \u0130\u00c7ER\u0130YOR<\/b><\/p>\n<p style=\"text-align: justify\">E\u011fer konuya yukar\u0131daki genel \u00e7er\u00e7eveden yakla\u015f\u0131rsak, mahkemenin ald\u0131\u011f\u0131 karar\u0131n anla\u015f\u0131labilir bir karar oldu\u011fu dahi ileri s\u00fcr\u00fclebilir. Fakat as\u0131l sorun, mahkemenin ald\u0131\u011f\u0131 karar\u0131 nas\u0131l gerek\u00e7elendirdi\u011fidir. Gerek\u00e7elerde hem son derece \u00f6nemli, bariz bilgi hatalar\u0131 yap\u0131lm\u0131\u015f, hem de a\u00e7\u0131ktan T\u00fcrk h\u00fck\u00fcmetinin ink\u00e2rc\u0131 tezlerine sahip \u00e7\u0131k\u0131lm\u0131\u015ft\u0131r. A\u0130HM gibi ciddi bir kurulu\u015f a\u00e7\u0131s\u0131ndan kabul edilemeyecek hatalard\u0131r bunlar.<\/p>\n<p style=\"text-align: justify\">Hatalar\u0131n ba\u015f\u0131nda mahkemenin, Do\u011fu Perin\u00e7ek\u2019in \u201ckatliamlar\u0131 kabul etti\u011fi ama hukuken soyk\u0131r\u0131m demeyi kabul etmedi\u011fini\u201d iddia etmesidir. \u0130nan\u0131lmas\u0131 zor ama durum bu. Mahkemenin \u00e7izdi\u011fi tabloya g\u00f6re, ortada \u201c1915\u2019te Ermenilere y\u00f6nelik cinayetler i\u015flenmi\u015ftir, ama ben buna soyk\u0131r\u0131m demiyorum\u201d diyen \u201cmasum\u201d bir bilim adam\u0131 vard\u0131r.<\/p>\n<p style=\"text-align: justify\">Asl\u0131nda t\u00fcm tart\u0131\u015fman\u0131n \u00f6z\u00fc bu c\u00fcmlede gizlidir, diyebiliriz. Mahkemeye g\u00f6re, yarg\u0131laman\u0131n konusu 1915\u2019e hukuken soyk\u0131r\u0131m denip denmeyece\u011fidir. Oysa, ne verilen ceza ne de tart\u0131\u015fma konusu, bir eylemin hukuken \u201csoyk\u0131r\u0131m\u201d olarak tan\u0131mlan\u0131p tan\u0131mlanmayaca\u011f\u0131d\u0131r. Esas tart\u0131\u015fma konusu, \u0130svi\u00e7re kanunlar\u0131na g\u00f6re, 1915\u2019te ya\u015fananlar\u0131n (soyk\u0131r\u0131m veya insanl\u0131\u011fa kar\u015f\u0131 i\u015flenmi\u015f) bir su\u00e7 te\u015fkil edip etmedi\u011fi ve bu su\u00e7un, Ermenilere y\u00f6nelik \u0131rk\u00e7\u0131, nefret s\u00f6ylemi olarak g\u00fcndeme getirilip getirilmedi\u011fidir.<\/p>\n<p style=\"text-align: justify\">Mahkemenin \u00e7izdi\u011fi Do\u011fu Perin\u00e7ek resmi yanl\u0131\u015ft\u0131r. Perin\u00e7ek, 1915\u2019te olanlar\u0131n bir su\u00e7 te\u015fkil etmedi\u011fini savunmaktad\u0131r. Perin\u00e7ek, 1915 s\u00fcrg\u00fcn ve katliamlar\u0131n\u0131 k\u0131namamaktad\u0131r. Tam aksine, ortada bir \u201cvatan savunmas\u0131\u201d oldu\u011funu ileri s\u00fcrerek katliamlar\u0131 hakl\u0131 g\u00f6stermekte ve do\u011fru bulmaktad\u0131r.<\/p>\n<p style=\"text-align: justify\">Bu nedenle Perin\u00e7ek, 1915 s\u00fcrg\u00fcn ve katliamlar\u0131n\u0131 planlayan ve d\u00fczenleyenleri \u00f6vm\u00fc\u015f bunlar\u0131n an\u0131s\u0131n\u0131 ya\u015fatmak i\u00e7in yo\u011fun bir siyasi faaliyet i\u00e7ine girmi\u015ftir. Talat Pa\u015fa Komitesi bu ama\u00e7la kurulmu\u015f; Avrupa\u2019n\u0131n hemen her b\u00fcy\u00fck \u015fehrinde Talat Pa\u015fa\u2019n\u0131n yapt\u0131klar\u0131n\u0131 onaylama ve anma y\u00fcr\u00fcy\u00fc\u015fleri bu nedenle yap\u0131lm\u0131\u015f; Veli K\u00fc\u00e7\u00fck\u2019le birlikte Yozgat-Bo\u011fazlayan kaymakam\u0131 katil Kemal i\u00e7in anma toplant\u0131lar\u0131 bu ama\u00e7la d\u00fczenlenmi\u015ftir. Yani Do\u011fu Perin\u00e7ek\u2019in t\u00fcm s\u00f6z ve eylemleri 1915 cinayetlerini savunmaya y\u00f6neliktir.<\/p>\n<p style=\"text-align: justify\">Perin\u00e7ek ve ekibi, y\u00fcr\u00fctt\u00fckleri siyasi kampanya boyunca, Ermenilere kar\u015f\u0131 a\u00e7\u0131ktan nefret su\u00e7u i\u015flemi\u015flerdir. Hrant Dink cinayeti ba\u015fta olmak \u00fczere, bir dizi cinayete yol a\u00e7an geli\u015fmelerde bu \u00e7evrenin siyasi faaliyetleri \u00f6nemli bir rol\u00fc oynam\u0131\u015ft\u0131r. G\u00f6r\u00fclmesi gereken ger\u00e7ek \u015fudur ki, Perin\u00e7ek ve ekibi ile, Almanya\u2019daki Neo-Nazi \u00e7evreler aras\u0131nda hi\u00e7 bir fark yoktur. Onlar\u0131n Hitler\u2019i destekleyen y\u00fcr\u00fcy\u00fc\u015fleri ile Perin\u00e7ek ekibinin Talat Pa\u015fa y\u00fcr\u00fcy\u00fc\u015fleri bir ve ayn\u0131 \u015feydir.<\/p>\n<p style=\"text-align: justify\">Yani ortada, mahkemenin iddia etti\u011fi gibi, \u201ckatliamlar\u0131 kabul eden ama sadece bunun hukuken soyk\u0131r\u0131m say\u0131lamayaca\u011f\u0131n\u0131\u201d s\u00f6yleyen, fikirlerini a\u00e7\u0131klamakla kifayet eden bir ki\u015fi yoktur. A\u00e7\u0131ktan Ermeni d\u00fc\u015fmanl\u0131\u011f\u0131 ve nefreti temelinde, ge\u00e7mi\u015f katliamlar\u0131 ink\u00e2r ederek, bug\u00fcn ve gelecekteki katliamlar\u0131n ideolojik altyap\u0131s\u0131n\u0131 olu\u015fturan sald\u0131rgan \u0131rk\u00e7\u0131-milliyet\u00e7i bir ki\u015fi s\u00f6zkonusudur. Dolay\u0131s\u0131yla, sorun, bunlar\u0131 yapan bir ki\u015finin \u0130svi\u00e7re Ceza hukukuna g\u00f6re cezaland\u0131r\u0131lmas\u0131n\u0131n do\u011fru olup olmad\u0131\u011f\u0131 ve ilgili maddenin A\u0130H S\u00f6zle\u015fmesi\u2019nin 10. maddesi ile \u00e7eli\u015fip \u00e7eli\u015fmedi\u011fidir.<\/p>\n<p style=\"text-align: justify\">E\u011fer \u0130svi\u00e7re h\u00fck\u00fcmeti karara itiraz ederse, Do\u011fu Perin\u00e7ek\u2019in Talat Pa\u015fa\u2019y\u0131 ve eylemlerini \u00f6ven s\u00f6ylem ve eylemleri son derece \u00f6nemli rol oynayacakt\u0131r.<\/p>\n<p style=\"text-align: justify\">A\u0130HM karar\u0131 ba\u015fka ciddi hatalar\u0131 da i\u00e7eriyor. Bunlar\u0131n ba\u015f\u0131nda, Holokost ile Ermeni Soyk\u0131r\u0131m\u0131 aras\u0131nda yapt\u0131\u011f\u0131 kategorik ayr\u0131m geliyor. Holokost ile Ermeni Soyk\u0131r\u0131m\u0131 aras\u0131nda ayr\u0131m yapmak ni\u00e7in do\u011fru de\u011fildir ve mahkemenin hatas\u0131 nedir, bunu da yar\u0131n tart\u0131\u015fal\u0131m.<\/p>\n<p style=\"text-align: justify\"><i>(1) H\u00e2kim Neboj\u0161a Vu\u010dini\u0107 ve Paulo Pinto de Albuquerque\u2019nin Do\u011fu Perin\u00e7ek karar\u0131na itiraz metninden.<\/i><\/p>\n<p style=\"text-align: justify\"><b><i>tanerakcam@gmail.com<\/i><\/b><\/p>\n<p style=\"text-align: justify\"><b><i><a href=\"http:\/\/www.taraf.com.tr\/taner-akcam\/makale-holokost-u-inkar-edemezsiniz-ama-ermeni-soykirimi.htm\">http:\/\/www.taraf.com.tr\/taner-akcam\/makale-holokost-u-inkar-edemezsiniz-ama-ermeni-soykirimi.htm<\/a><\/i><\/b><\/p>\n","protected":false},"excerpt":{"rendered":"<p>Taner Ak\u00e7am Avrupa \u0130nsan Haklar\u0131 Mahkemesi\u2019nin (A\u0130HM) Do\u011fu Perin\u00e7ek hakk\u0131nda verdi\u011fi karar ve d\u00fc\u015f\u00fcnd\u00fcrd\u00fckleri. \u201cOsmanl\u0131 \u0130mparatorlu\u011funun soyk\u0131r\u0131m politikalar\u0131 ile Ermenilere \u00e7ektirdi\u011fi ac\u0131lar, Nazilerin soyk\u0131r\u0131m politikas\u0131 ile Yahudilere \u00e7ektirdi\u011fi ac\u0131lardan daha az de\u011ferli de\u011fildir.\u201d * Bilindi\u011fi gibi, A\u0130HM, \u0130svi\u00e7re\u2019nin Do\u011fu Perin\u00e7ek\u2019e verdi\u011fi cezay\u0131, Avrupa \u0130nsan Haklar\u0131 S\u00f6zle\u015fmesi\u2019nin 10. maddesine d\u00fc\u015f\u00fcnce \u00f6zg\u00fcrl\u00fc\u011f\u00fcne ayk\u0131r\u0131 oldu\u011fu gerek\u00e7esiyle bozdu. Her [&hellip;]<\/p>\n","protected":false},"author":3,"featured_media":0,"comment_status":"open","ping_status":"open","sticky":false,"template":"","format":"standard","meta":{"footnotes":""},"categories":[6,14,26],"tags":[],"class_list":["post-28530","post","type-post","status-publish","format-standard","hentry","category-ermeni-soykirimi","category-haberler","category-makaleler"],"yoast_head":"<!-- This site is optimized with the Yoast SEO plugin v27.4 - https:\/\/yoast.com\/product\/yoast-seo-wordpress\/ -->\n<title>Holokost\u2019u ink\u00e2r edemezsiniz ama Ermeni Soyk\u0131r\u0131m\u0131\u2019n\u0131 ink\u00e2r serbest - Bati Ermenistan Ve Bati Ermenileri Sorunlari Ara\u015ftirmalar Merkezi<\/title>\n<meta name=\"robots\" content=\"index, follow, max-snippet:-1, max-image-preview:large, max-video-preview:-1\" \/>\n<link rel=\"canonical\" href=\"https:\/\/akunq.net\/turkish\/2014\/02\/20\/holokostu-inkar-edemezsiniz-ama-ermeni-soykirimini-inkar-serbest\/\" \/>\n<meta property=\"og:locale\" content=\"en_US\" \/>\n<meta property=\"og:type\" content=\"article\" \/>\n<meta property=\"og:title\" content=\"Holokost\u2019u ink\u00e2r edemezsiniz ama Ermeni Soyk\u0131r\u0131m\u0131\u2019n\u0131 ink\u00e2r serbest - Bati Ermenistan Ve Bati Ermenileri Sorunlari Ara\u015ftirmalar Merkezi\" \/>\n<meta property=\"og:description\" content=\"Taner Ak\u00e7am Avrupa \u0130nsan Haklar\u0131 Mahkemesi\u2019nin (A\u0130HM) Do\u011fu Perin\u00e7ek hakk\u0131nda verdi\u011fi karar ve d\u00fc\u015f\u00fcnd\u00fcrd\u00fckleri. \u201cOsmanl\u0131 \u0130mparatorlu\u011funun soyk\u0131r\u0131m politikalar\u0131 ile Ermenilere \u00e7ektirdi\u011fi ac\u0131lar, Nazilerin soyk\u0131r\u0131m politikas\u0131 ile Yahudilere \u00e7ektirdi\u011fi ac\u0131lardan daha az de\u011ferli de\u011fildir.\u201d * Bilindi\u011fi gibi, A\u0130HM, \u0130svi\u00e7re\u2019nin Do\u011fu Perin\u00e7ek\u2019e verdi\u011fi cezay\u0131, Avrupa \u0130nsan Haklar\u0131 S\u00f6zle\u015fmesi\u2019nin 10. maddesine d\u00fc\u015f\u00fcnce \u00f6zg\u00fcrl\u00fc\u011f\u00fcne ayk\u0131r\u0131 oldu\u011fu gerek\u00e7esiyle bozdu. Her [&hellip;]\" \/>\n<meta property=\"og:url\" content=\"https:\/\/akunq.net\/turkish\/2014\/02\/20\/holokostu-inkar-edemezsiniz-ama-ermeni-soykirimini-inkar-serbest\/\" \/>\n<meta property=\"og:site_name\" content=\"Bati Ermenistan Ve Bati Ermenileri Sorunlari Ara\u015ftirmalar Merkezi\" \/>\n<meta property=\"article:published_time\" content=\"2014-02-20T07:14:15+00:00\" \/>\n<meta name=\"author\" content=\"kalem\" \/>\n<meta name=\"twitter:card\" content=\"summary_large_image\" \/>\n<meta name=\"twitter:label1\" content=\"Written by\" \/>\n\t<meta name=\"twitter:data1\" content=\"kalem\" \/>\n\t<meta name=\"twitter:label2\" content=\"Est. reading time\" \/>\n\t<meta name=\"twitter:data2\" content=\"12 minutes\" \/>\n<script type=\"application\/ld+json\" class=\"yoast-schema-graph\">{\"@context\":\"https:\\\/\\\/schema.org\",\"@graph\":[{\"@type\":\"Article\",\"@id\":\"https:\\\/\\\/akunq.net\\\/turkish\\\/2014\\\/02\\\/20\\\/holokostu-inkar-edemezsiniz-ama-ermeni-soykirimini-inkar-serbest\\\/#article\",\"isPartOf\":{\"@id\":\"https:\\\/\\\/akunq.net\\\/turkish\\\/2014\\\/02\\\/20\\\/holokostu-inkar-edemezsiniz-ama-ermeni-soykirimini-inkar-serbest\\\/\"},\"author\":{\"name\":\"kalem\",\"@id\":\"https:\\\/\\\/akunq.net\\\/turkish\\\/#\\\/schema\\\/person\\\/135e7923d1aeb8887890799619969a6c\"},\"headline\":\"Holokost\u2019u ink\u00e2r edemezsiniz ama Ermeni Soyk\u0131r\u0131m\u0131\u2019n\u0131 ink\u00e2r serbest\",\"datePublished\":\"2014-02-20T07:14:15+00:00\",\"mainEntityOfPage\":{\"@id\":\"https:\\\/\\\/akunq.net\\\/turkish\\\/2014\\\/02\\\/20\\\/holokostu-inkar-edemezsiniz-ama-ermeni-soykirimini-inkar-serbest\\\/\"},\"wordCount\":2503,\"commentCount\":1,\"articleSection\":[\"Ermeni Soyk\u0131r\u0131m\u0131\",\"Haberler\",\"Makaleler\"],\"inLanguage\":\"en-US\",\"potentialAction\":[{\"@type\":\"CommentAction\",\"name\":\"Comment\",\"target\":[\"https:\\\/\\\/akunq.net\\\/turkish\\\/2014\\\/02\\\/20\\\/holokostu-inkar-edemezsiniz-ama-ermeni-soykirimini-inkar-serbest\\\/#respond\"]}]},{\"@type\":\"WebPage\",\"@id\":\"https:\\\/\\\/akunq.net\\\/turkish\\\/2014\\\/02\\\/20\\\/holokostu-inkar-edemezsiniz-ama-ermeni-soykirimini-inkar-serbest\\\/\",\"url\":\"https:\\\/\\\/akunq.net\\\/turkish\\\/2014\\\/02\\\/20\\\/holokostu-inkar-edemezsiniz-ama-ermeni-soykirimini-inkar-serbest\\\/\",\"name\":\"Holokost\u2019u ink\u00e2r edemezsiniz ama Ermeni Soyk\u0131r\u0131m\u0131\u2019n\u0131 ink\u00e2r serbest - Bati Ermenistan Ve Bati Ermenileri Sorunlari Ara\u015ftirmalar Merkezi\",\"isPartOf\":{\"@id\":\"https:\\\/\\\/akunq.net\\\/turkish\\\/#website\"},\"datePublished\":\"2014-02-20T07:14:15+00:00\",\"author\":{\"@id\":\"https:\\\/\\\/akunq.net\\\/turkish\\\/#\\\/schema\\\/person\\\/135e7923d1aeb8887890799619969a6c\"},\"breadcrumb\":{\"@id\":\"https:\\\/\\\/akunq.net\\\/turkish\\\/2014\\\/02\\\/20\\\/holokostu-inkar-edemezsiniz-ama-ermeni-soykirimini-inkar-serbest\\\/#breadcrumb\"},\"inLanguage\":\"en-US\",\"potentialAction\":[{\"@type\":\"ReadAction\",\"target\":[\"https:\\\/\\\/akunq.net\\\/turkish\\\/2014\\\/02\\\/20\\\/holokostu-inkar-edemezsiniz-ama-ermeni-soykirimini-inkar-serbest\\\/\"]}]},{\"@type\":\"BreadcrumbList\",\"@id\":\"https:\\\/\\\/akunq.net\\\/turkish\\\/2014\\\/02\\\/20\\\/holokostu-inkar-edemezsiniz-ama-ermeni-soykirimini-inkar-serbest\\\/#breadcrumb\",\"itemListElement\":[{\"@type\":\"ListItem\",\"position\":1,\"name\":\"Home\",\"item\":\"https:\\\/\\\/akunq.net\\\/turkish\\\/\"},{\"@type\":\"ListItem\",\"position\":2,\"name\":\"Holokost\u2019u ink\u00e2r edemezsiniz ama Ermeni Soyk\u0131r\u0131m\u0131\u2019n\u0131 ink\u00e2r serbest\"}]},{\"@type\":\"WebSite\",\"@id\":\"https:\\\/\\\/akunq.net\\\/turkish\\\/#website\",\"url\":\"https:\\\/\\\/akunq.net\\\/turkish\\\/\",\"name\":\"Bati Ermenistan Ve Bati Ermenileri Sorunlari Ara\u015ftirmalar Merkezi\",\"description\":\"\",\"potentialAction\":[{\"@type\":\"SearchAction\",\"target\":{\"@type\":\"EntryPoint\",\"urlTemplate\":\"https:\\\/\\\/akunq.net\\\/turkish\\\/?s={search_term_string}\"},\"query-input\":{\"@type\":\"PropertyValueSpecification\",\"valueRequired\":true,\"valueName\":\"search_term_string\"}}],\"inLanguage\":\"en-US\"},{\"@type\":\"Person\",\"@id\":\"https:\\\/\\\/akunq.net\\\/turkish\\\/#\\\/schema\\\/person\\\/135e7923d1aeb8887890799619969a6c\",\"name\":\"kalem\",\"image\":{\"@type\":\"ImageObject\",\"inLanguage\":\"en-US\",\"@id\":\"https:\\\/\\\/secure.gravatar.com\\\/avatar\\\/a06875e4b25feb5674296adf8e8a7ae1e587cebce2493fe63c456109967e27d3?s=96&d=mm&r=g\",\"url\":\"https:\\\/\\\/secure.gravatar.com\\\/avatar\\\/a06875e4b25feb5674296adf8e8a7ae1e587cebce2493fe63c456109967e27d3?s=96&d=mm&r=g\",\"contentUrl\":\"https:\\\/\\\/secure.gravatar.com\\\/avatar\\\/a06875e4b25feb5674296adf8e8a7ae1e587cebce2493fe63c456109967e27d3?s=96&d=mm&r=g\",\"caption\":\"kalem\"},\"url\":\"https:\\\/\\\/akunq.net\\\/turkish\\\/author\\\/kalem\\\/\"}]}<\/script>\n<!-- \/ Yoast SEO plugin. -->","yoast_head_json":{"title":"Holokost\u2019u ink\u00e2r edemezsiniz ama Ermeni Soyk\u0131r\u0131m\u0131\u2019n\u0131 ink\u00e2r serbest - Bati Ermenistan Ve Bati Ermenileri Sorunlari Ara\u015ftirmalar Merkezi","robots":{"index":"index","follow":"follow","max-snippet":"max-snippet:-1","max-image-preview":"max-image-preview:large","max-video-preview":"max-video-preview:-1"},"canonical":"https:\/\/akunq.net\/turkish\/2014\/02\/20\/holokostu-inkar-edemezsiniz-ama-ermeni-soykirimini-inkar-serbest\/","og_locale":"en_US","og_type":"article","og_title":"Holokost\u2019u ink\u00e2r edemezsiniz ama Ermeni Soyk\u0131r\u0131m\u0131\u2019n\u0131 ink\u00e2r serbest - Bati Ermenistan Ve Bati Ermenileri Sorunlari Ara\u015ftirmalar Merkezi","og_description":"Taner Ak\u00e7am Avrupa \u0130nsan Haklar\u0131 Mahkemesi\u2019nin (A\u0130HM) Do\u011fu Perin\u00e7ek hakk\u0131nda verdi\u011fi karar ve d\u00fc\u015f\u00fcnd\u00fcrd\u00fckleri. \u201cOsmanl\u0131 \u0130mparatorlu\u011funun soyk\u0131r\u0131m politikalar\u0131 ile Ermenilere \u00e7ektirdi\u011fi ac\u0131lar, Nazilerin soyk\u0131r\u0131m politikas\u0131 ile Yahudilere \u00e7ektirdi\u011fi ac\u0131lardan daha az de\u011ferli de\u011fildir.\u201d * Bilindi\u011fi gibi, A\u0130HM, \u0130svi\u00e7re\u2019nin Do\u011fu Perin\u00e7ek\u2019e verdi\u011fi cezay\u0131, Avrupa \u0130nsan Haklar\u0131 S\u00f6zle\u015fmesi\u2019nin 10. maddesine d\u00fc\u015f\u00fcnce \u00f6zg\u00fcrl\u00fc\u011f\u00fcne ayk\u0131r\u0131 oldu\u011fu gerek\u00e7esiyle bozdu. Her [&hellip;]","og_url":"https:\/\/akunq.net\/turkish\/2014\/02\/20\/holokostu-inkar-edemezsiniz-ama-ermeni-soykirimini-inkar-serbest\/","og_site_name":"Bati Ermenistan Ve Bati Ermenileri Sorunlari Ara\u015ftirmalar Merkezi","article_published_time":"2014-02-20T07:14:15+00:00","author":"kalem","twitter_card":"summary_large_image","twitter_misc":{"Written by":"kalem","Est. reading time":"12 minutes"},"schema":{"@context":"https:\/\/schema.org","@graph":[{"@type":"Article","@id":"https:\/\/akunq.net\/turkish\/2014\/02\/20\/holokostu-inkar-edemezsiniz-ama-ermeni-soykirimini-inkar-serbest\/#article","isPartOf":{"@id":"https:\/\/akunq.net\/turkish\/2014\/02\/20\/holokostu-inkar-edemezsiniz-ama-ermeni-soykirimini-inkar-serbest\/"},"author":{"name":"kalem","@id":"https:\/\/akunq.net\/turkish\/#\/schema\/person\/135e7923d1aeb8887890799619969a6c"},"headline":"Holokost\u2019u ink\u00e2r edemezsiniz ama Ermeni Soyk\u0131r\u0131m\u0131\u2019n\u0131 ink\u00e2r serbest","datePublished":"2014-02-20T07:14:15+00:00","mainEntityOfPage":{"@id":"https:\/\/akunq.net\/turkish\/2014\/02\/20\/holokostu-inkar-edemezsiniz-ama-ermeni-soykirimini-inkar-serbest\/"},"wordCount":2503,"commentCount":1,"articleSection":["Ermeni Soyk\u0131r\u0131m\u0131","Haberler","Makaleler"],"inLanguage":"en-US","potentialAction":[{"@type":"CommentAction","name":"Comment","target":["https:\/\/akunq.net\/turkish\/2014\/02\/20\/holokostu-inkar-edemezsiniz-ama-ermeni-soykirimini-inkar-serbest\/#respond"]}]},{"@type":"WebPage","@id":"https:\/\/akunq.net\/turkish\/2014\/02\/20\/holokostu-inkar-edemezsiniz-ama-ermeni-soykirimini-inkar-serbest\/","url":"https:\/\/akunq.net\/turkish\/2014\/02\/20\/holokostu-inkar-edemezsiniz-ama-ermeni-soykirimini-inkar-serbest\/","name":"Holokost\u2019u ink\u00e2r edemezsiniz ama Ermeni Soyk\u0131r\u0131m\u0131\u2019n\u0131 ink\u00e2r serbest - Bati Ermenistan Ve Bati Ermenileri Sorunlari Ara\u015ftirmalar Merkezi","isPartOf":{"@id":"https:\/\/akunq.net\/turkish\/#website"},"datePublished":"2014-02-20T07:14:15+00:00","author":{"@id":"https:\/\/akunq.net\/turkish\/#\/schema\/person\/135e7923d1aeb8887890799619969a6c"},"breadcrumb":{"@id":"https:\/\/akunq.net\/turkish\/2014\/02\/20\/holokostu-inkar-edemezsiniz-ama-ermeni-soykirimini-inkar-serbest\/#breadcrumb"},"inLanguage":"en-US","potentialAction":[{"@type":"ReadAction","target":["https:\/\/akunq.net\/turkish\/2014\/02\/20\/holokostu-inkar-edemezsiniz-ama-ermeni-soykirimini-inkar-serbest\/"]}]},{"@type":"BreadcrumbList","@id":"https:\/\/akunq.net\/turkish\/2014\/02\/20\/holokostu-inkar-edemezsiniz-ama-ermeni-soykirimini-inkar-serbest\/#breadcrumb","itemListElement":[{"@type":"ListItem","position":1,"name":"Home","item":"https:\/\/akunq.net\/turkish\/"},{"@type":"ListItem","position":2,"name":"Holokost\u2019u ink\u00e2r edemezsiniz ama Ermeni Soyk\u0131r\u0131m\u0131\u2019n\u0131 ink\u00e2r serbest"}]},{"@type":"WebSite","@id":"https:\/\/akunq.net\/turkish\/#website","url":"https:\/\/akunq.net\/turkish\/","name":"Bati Ermenistan Ve Bati Ermenileri Sorunlari Ara\u015ftirmalar Merkezi","description":"","potentialAction":[{"@type":"SearchAction","target":{"@type":"EntryPoint","urlTemplate":"https:\/\/akunq.net\/turkish\/?s={search_term_string}"},"query-input":{"@type":"PropertyValueSpecification","valueRequired":true,"valueName":"search_term_string"}}],"inLanguage":"en-US"},{"@type":"Person","@id":"https:\/\/akunq.net\/turkish\/#\/schema\/person\/135e7923d1aeb8887890799619969a6c","name":"kalem","image":{"@type":"ImageObject","inLanguage":"en-US","@id":"https:\/\/secure.gravatar.com\/avatar\/a06875e4b25feb5674296adf8e8a7ae1e587cebce2493fe63c456109967e27d3?s=96&d=mm&r=g","url":"https:\/\/secure.gravatar.com\/avatar\/a06875e4b25feb5674296adf8e8a7ae1e587cebce2493fe63c456109967e27d3?s=96&d=mm&r=g","contentUrl":"https:\/\/secure.gravatar.com\/avatar\/a06875e4b25feb5674296adf8e8a7ae1e587cebce2493fe63c456109967e27d3?s=96&d=mm&r=g","caption":"kalem"},"url":"https:\/\/akunq.net\/turkish\/author\/kalem\/"}]}},"_links":{"self":[{"href":"https:\/\/akunq.net\/turkish\/wp-json\/wp\/v2\/posts\/28530","targetHints":{"allow":["GET"]}}],"collection":[{"href":"https:\/\/akunq.net\/turkish\/wp-json\/wp\/v2\/posts"}],"about":[{"href":"https:\/\/akunq.net\/turkish\/wp-json\/wp\/v2\/types\/post"}],"author":[{"embeddable":true,"href":"https:\/\/akunq.net\/turkish\/wp-json\/wp\/v2\/users\/3"}],"replies":[{"embeddable":true,"href":"https:\/\/akunq.net\/turkish\/wp-json\/wp\/v2\/comments?post=28530"}],"version-history":[{"count":0,"href":"https:\/\/akunq.net\/turkish\/wp-json\/wp\/v2\/posts\/28530\/revisions"}],"wp:attachment":[{"href":"https:\/\/akunq.net\/turkish\/wp-json\/wp\/v2\/media?parent=28530"}],"wp:term":[{"taxonomy":"category","embeddable":true,"href":"https:\/\/akunq.net\/turkish\/wp-json\/wp\/v2\/categories?post=28530"},{"taxonomy":"post_tag","embeddable":true,"href":"https:\/\/akunq.net\/turkish\/wp-json\/wp\/v2\/tags?post=28530"}],"curies":[{"name":"wp","href":"https:\/\/api.w.org\/{rel}","templated":true}]}}