{"id":28509,"date":"2014-02-19T02:48:48","date_gmt":"2014-02-19T07:48:48","guid":{"rendered":"http:\/\/akunq.net\/tr\/?p=28509"},"modified":"2014-02-19T02:48:48","modified_gmt":"2014-02-19T07:48:48","slug":"holokostu-inkar-edemezsiniz-ama-ermeni-soykirimini-inkar-serbest-2","status":"publish","type":"post","link":"https:\/\/akunq.net\/turkish\/2014\/02\/19\/holokostu-inkar-edemezsiniz-ama-ermeni-soykirimini-inkar-serbest-2\/","title":{"rendered":"Holokost\u2019u ink\u00e2r edemezsiniz ama Ermeni Soyk\u0131r\u0131m\u0131\u2019n\u0131 ink\u00e2r serbest (2)"},"content":{"rendered":"<p style=\"text-align: justify\"><b><a href=\"http:\/\/akunq.net\/tr\/?attachment_id=28510\" rel=\"attachment wp-att-28510\"><img loading=\"lazy\" decoding=\"async\" class=\"alignright size-full wp-image-28510\" alt=\"TANER AK\u00c7AM\" src=\"http:\/\/akunq.net\/tr\/wp-content\/uploads\/2014\/02\/TANER-AK\u00c7AM.jpg\" width=\"150\" height=\"214\" \/><\/a>TANER AK\u00c7AM<\/b><\/p>\n<p style=\"text-align: justify\"><b><i>Ermeni Soyk\u0131r\u0131m\u0131\u2019n\u0131n tan\u0131mas\u0131 do\u011frultusunda Bat\u0131 parlamentolar\u0131nda oynanan tiyatrolar\u0131n nedeni, soyk\u0131r\u0131ma inanmalar\u0131 ama T\u00fcrkiye\u2019yi \u00fczmekten korkmalar\u0131d\u0131r.<\/i><\/b><\/p>\n<p style=\"text-align: justify\"><b>ERMEN\u0130 SOYKIRIMI \u201cTARTI\u015eMALI\u201d, HOLOKOST DE\u011e\u0130L!<\/b><br \/>\nD\u00fcnk\u00fc yaz\u0131mda, soyk\u0131r\u0131m, insanl\u0131k su\u00e7u ve sava\u015f su\u00e7u gibi kitlesel cinayetlerin ink\u00e2r edilmesi yasaklanmal\u0131 m\u0131d\u0131r sorusunun ciddi bir hukuki tart\u0131\u015fma konusu oldu\u011funu s\u00f6ylemi\u015ftim. AB\u2019nin ald\u0131\u011f\u0131 \u00e7e\u015fitli \u00e7er\u00e7eve kararlardan, Avrupa\u2019daki genel e\u011filim bu su\u00e7lar\u0131n ink\u00e2r\u0131n\u0131n yasaklanmas\u0131 y\u00f6n\u00fcnde oldu\u011funu belirtmi\u015ftim.\u00a0<b>Do\u011fu Perin\u00e7ek<\/b>hakk\u0131nda verilen karar bu \u00e7er\u00e7eve a\u00e7\u0131s\u0131ndan da \u00e7ok anlaml\u0131 ve ama ciddi hatalar i\u00e7eriyor.<br \/>\nBu hatalar\u0131n ba\u015f\u0131nda Holokost ile Ermeni Soyk\u0131r\u0131m\u0131 aras\u0131nda niteliksel bir ay\u0131r\u0131m yapmak geliyor. A\u0130HM karar\u0131nda, Holokost ile Ermeni Soyk\u0131r\u0131m\u0131 aras\u0131ndaki esasa ili\u015fkin fark oldu\u011fu fikir merkez\u00ee bir rol oynamaktad\u0131r. Bu, sadece Holokost\u2019u kitlesel katliam olarak sayan, onun d\u0131\u015f\u0131ndaki soyk\u0131r\u0131mlar\u0131 k\u00fc\u00e7\u00fcmseyen Beyaz Adam\u2019\u0131n Avrupa-merkezli d\u00fc\u015f\u00fcncesinin bir yans\u0131mas\u0131d\u0131r.<br \/>\nMahkeme Holokost ile Ermeni Soyk\u0131r\u0131m\u0131 aras\u0131ndaki fark\u0131 iki d\u00fczeyde kurmaktad\u0131r. Birincisi, Holokost\u2019u herkes kabul ediyor ama Ermeni Soyk\u0131r\u0131m\u0131\u2019n\u0131 de\u011fil, diyor. \u0130kincisi, Holokost konusunda al\u0131nm\u0131\u015f mahkeme karar\u0131 vard\u0131r; Ermeni Soyk\u0131r\u0131m\u0131 konusunda b\u00f6yle bir mahkeme karar\u0131 yoktur, diyor.<br \/>\nBirinci iddia, Ermeni Soyk\u0131r\u0131m\u0131\u2019n\u0131n, hen\u00fcz ispatlanmam\u0131\u015f \u201c<b>ate\u015fli bir tart\u0131\u015fma<\/b>\u201d konusu oldu\u011fudur. Bu iddian\u0131n \u00fczerinde durmak asl\u0131nda gereksizdir. \u00c7\u00fcnk\u00fc bu iddia, bir mahkemeye yak\u0131\u015fmayacak d\u00fczeyde politik ve ideolojik bir tezdir. Ne hukuki a\u00e7\u0131dan ne de bilgi a\u00e7\u0131s\u0131ndan do\u011frudur. Bu tezi ileri s\u00fcrmek, sadece ink\u00e2rc\u0131 bir devletin (T\u00fcrkiye\u2019nin) politik g\u00fcc\u00fcn\u00fc g\u00f6stermekten ba\u015fka bir anlama gelmiyor.<br \/>\nBilinmesinde fayda var, Holokost\u2019u ink\u00e2r ile Ermeni Soyk\u0131r\u0131m\u0131\u2019n\u0131 ink\u00e2r aras\u0131nda, esasta hi\u00e7 bir fark yoktur, tek fark Almanya\u2019n\u0131n su\u00e7u kabul etmi\u015f olmas\u0131, T\u00fcrkiye\u2019nin ise ink\u00e2ra devam ediyor olmas\u0131d\u0131r. Ayr\u0131ca Bat\u0131l\u0131 devletler ve kamuoyu, Holokost Avrupa\u2019da ya\u015fand\u0131\u011f\u0131 i\u00e7in konuya daha fazla duyarl\u0131d\u0131rlar. Yoksa, Ermeni Soyk\u0131r\u0131m\u0131\u2019n\u0131 ink\u00e2rda g\u00f6zlenen her olgu, Holokost\u2019ta da mevcuttur. E\u011fer istenirse, Ermeni Soyk\u0131r\u0131m\u0131\u2019n\u0131 ink\u00e2r edenden daha fazla, Holokost\u2019u ink\u00e2r eden bilim insan\u0131 bulunabilir ve konunun h\u00e2l\u00e2 tart\u0131\u015f\u0131lmakta oldu\u011fu ileri s\u00fcr\u00fclebilir. Fakat Bat\u0131, politik ve ideolojik nedenlerle Holokost\u2019u ink\u00e2r edenlere itibar etmiyor, b\u00fct\u00fcn mesele bu.<br \/>\nEklenmesi gereken bir husus da \u015fudur: T\u00fcrkiye d\u0131\u015f\u0131nda uluslararas\u0131 kamuoyunda da Ermeni Soyk\u0131r\u0131m\u0131 art\u0131k bir ger\u00e7eklik olarak kabul edilmekte ve \u00f6yle muamele g\u00f6rmektedir. Fakat Bat\u0131l\u0131 devletler, politik nedenlerle Holokost ink\u00e2r\u0131 ile Ermeni Soyk\u0131r\u0131m\u0131 ink\u00e2r\u0131 aras\u0131nda ayr\u0131m yapmay\u0131 tercih ediyorlar. Nedeni de basittir; T\u00fcrkiye \u00f6zellikle Ortado\u011fu\u2019da \u00f6nemli bir g\u00fc\u00e7t\u00fcr. Bat\u0131l\u0131 devletler, b\u00f6lgesel \u00e7\u0131karlar\u0131 gere\u011fi T\u00fcrkiye ile olan ili\u015fkilerini bozmak istemiyor; bu nedenle, Ermeni Soyk\u0131r\u0131m\u0131\u2019na inansalar bile, T\u00fcrkiye\u2019nin ink\u00e2r siyasetine g\u00f6z yumuyorlar. Amerikan ve Frans\u0131z parlamentolar\u0131nda oynanan tiyatrolar\u0131n tek nedeni budur.<br \/>\nSonu\u00e7 itibar\u0131yla, A\u0130HM\u2019in, Holokost ile Ermeni Soyk\u0131r\u0131m\u0131 aras\u0131nda yapt\u0131\u011f\u0131, birinin kabul edilen bir ger\u00e7eklik, di\u011ferinin tart\u0131\u015fmal\u0131 oldu\u011fu ay\u0131r\u0131m\u0131 son derece ideolojik ve politik bir ay\u0131r\u0131md\u0131r ve hukuken hi\u00e7bir anlam\u0131 yoktur.<\/p>\n<p style=\"text-align: justify\">\u00a0<b><br \/>\n<\/b><b>HOLOKOST, ERMEN\u0130 SOYKIRIMI VE MAHKEME KARARI MESELES\u0130<\/b><br \/>\nA\u0130HM karar\u0131n\u0131n, Holokost ve Ermeni Soyk\u0131r\u0131m\u0131 aras\u0131nda yapt\u0131\u011f\u0131 \u00f6nemli di\u011fer ay\u0131r\u0131m, bu olaylara ili\u015fkin al\u0131nm\u0131\u015f mahkeme kararlar\u0131n\u0131n olup olmad\u0131\u011f\u0131 meselesidir. A\u0130HM\u2019e g\u00f6re, Holokost\u2019taki su\u00e7 uluslararas\u0131 mahkemece kabul edilmi\u015ftir ama Ermenilere y\u00f6nelik yap\u0131lanlar konusunda al\u0131nm\u0131\u015f benzeri bir mahkeme karar\u0131 yoktur. A\u0130HM\u2019in b\u00f6yle bir fikre nas\u0131l ula\u015fm\u0131\u015f oldu\u011funu anlayabilmi\u015f de\u011filim. \u00c7\u00fcnk\u00fc, uluslararas\u0131 ceza hukuku a\u00e7\u0131s\u0131ndan Holokost ile Ermeni Soyk\u0131r\u0131m\u0131 aras\u0131nda esasa ili\u015fkin hi\u00e7bir fark yoktur.<br \/>\nKonuya a\u00e7\u0131kl\u0131k getirmeden \u00f6nce, T\u00fcrkiye\u2019de egemen olan bir hurafeye son vermek gerekir. Bu hurafeye g\u00f6re, \u201c<i>Uluslararas\u0131 bir mahkeme Holokost i\u00e7in soyk\u0131r\u0131m karar\u0131 alm\u0131\u015ft\u0131r. Bu nedenle Holokost soyk\u0131r\u0131m say\u0131l\u0131r ve ink\u00e2r\u0131 yasakt\u0131r. Oysa Ermenilere yap\u0131lanlar konusunda b\u00f6yle bir mahkeme karar\u0131 yoktur, bu nedenle soyk\u0131r\u0131m olarak kabul edilemez ve ink\u00e2ra yasak getirilemez. Nitekim, A\u0130HM Do\u011fu Perin\u00e7ek davas\u0131nda, Ermenilere yap\u0131lan soyk\u0131r\u0131m de\u011fildir, diye karar alm\u0131\u015ft\u0131r.<\/i>\u201d<br \/>\nBu tezlerin her birisi, s\u0131radan ve ilkel bir hurafeden ibarettir. Birincisi, Holokost\u2019un soyk\u0131r\u0131m oldu\u011funa dair al\u0131nm\u0131\u015f herhangi bir uluslararas\u0131 mahkeme karar\u0131 yoktur. N\u00fcrnberg yarg\u0131lamalar\u0131nda soyk\u0131r\u0131m su\u00e7u bir rol oynamad\u0131. Holokost nedeniyle, soyk\u0131r\u0131m su\u00e7undan ceza alm\u0131\u015f tek bir Nazi bile yoktur. N\u00fcrnberg\u2019de Naziler, soyk\u0131r\u0131m su\u00e7undan de\u011fil ba\u015fka su\u00e7lar i\u015flemi\u015f olmaktan dolay\u0131 (insanl\u0131k su\u00e7u, bar\u0131\u015fa kar\u015f\u0131 su\u00e7 ve sava\u015f su\u00e7lar\u0131ndan) yarg\u0131land\u0131lar.<br \/>\nEk bir bilgi olarak s\u00f6ylemek gerekir ki, bug\u00fcn d\u00fcnyada, uluslararas\u0131 bir mahkeme taraf\u0131ndan hakk\u0131nda soyk\u0131r\u0131m karar\u0131 al\u0131nm\u0131\u015f sadece iki olay vard\u0131r: Ruanda ve Srebrenitsa-Yugoslavya. E\u011fer, soyk\u0131r\u0131m i\u00e7in uluslararas\u0131 bir mahkeme karar\u0131 \u015fartt\u0131r tezini ileri s\u00fcrmek isteyen varsa, bilmelidir ki, bu teze g\u00f6re d\u00fcnyada iki tane d\u0131\u015f\u0131nda soyk\u0131r\u0131m olmam\u0131\u015ft\u0131r.<br \/>\nBu nedenle A\u0130HM, bu ger\u00e7ekli\u011fin bilincinde olarak, Do\u011fu Perin\u00e7ek ile ilgili ald\u0131\u011f\u0131 kararda, Avrupa \u00fclkelerinin Holokost\u2019u ink\u00e2r\u0131 yasaklad\u0131klar\u0131n\u0131 ama genel olarak soyk\u0131r\u0131m\u0131 ink\u00e2r\u0131 yasaklamad\u0131klar\u0131n\u0131 s\u00f6yler. Mahkeme, \u0130svi\u00e7re\u2019yi, genel olarak soyk\u0131r\u0131m\u0131 ink\u00e2r etmenin \u0130svi\u00e7re \u00f6zelinde ni\u00e7in bir su\u00e7 say\u0131lmas\u0131 gerekti\u011fini yeteri kadar g\u00f6sterememekle ele\u015ftirir.<br \/>\nZaten Holokost\u2019u ink\u00e2r\u0131 yasaklayan \u00fclkelerin kanunlar\u0131na bak\u0131l\u0131rsa bu durum a\u00e7\u0131k\u00e7a g\u00f6r\u00fcl\u00fcr; ilgili kanunlarda, \u201c<b>Holokost bir soyk\u0131r\u0131md\u0131r ve bu nedenle ink\u00e2r\u0131 yasaklanmal\u0131d\u0131r<\/b>\u201d denmez; 1945 Londra Antla\u015fmas\u0131 ve N\u00fcrnberg yarg\u0131lamalar\u0131na a\u00e7\u0131k referans verilerek, yasaklaman\u0131n\u00a0<b><i>insanl\u0131\u011fa kar\u015f\u0131 su\u00e7<\/i><\/b>\u00a0temelinde yap\u0131ld\u0131\u011f\u0131 a\u00e7\u0131k\u00e7a belirtilir. Ve ilgili su\u00e7 hakk\u0131nda verilmi\u015f mahkeme kararlar\u0131 (N\u00fcrnberg) esas al\u0131n\u0131r. Nitekim A\u0130HM, 2003 y\u0131l\u0131nda Garaudy\u2019in Holokost\u2019u ink\u00e2r etmekten dolay\u0131 ald\u0131\u011f\u0131 cezay\u0131, \u201c<b>insanl\u0131\u011fa kar\u015f\u0131 i\u015flenmi\u015f su\u00e7u ink\u00e2r etmek, Yahudilere kar\u015f\u0131 en ciddi \u0131rk\u00e7\u0131 hakaret ve onlara kar\u015f\u0131 nefreti te\u015fvik etmek anlam\u0131na gelir<\/b>\u201d, diyerek onaylam\u0131\u015ft\u0131r.<br \/>\n\u0130kincisi, A\u0130HM Ermeni Soyk\u0131r\u0131m\u0131 olmam\u0131\u015ft\u0131r, gibi bir karar almad\u0131. Sadece, bu konuda al\u0131nm\u0131\u015f bir mahkeme karar\u0131 yoktur ve soyk\u0131r\u0131m olup olmad\u0131\u011f\u0131n\u0131 kararla\u015ft\u0131rmak mahkemenin g\u00f6revi de\u011fildir, dedi. Mahkeme, 1 Nisan 2011 tarihinde Arjantin Federal Mahkemesi\u2019nin, Osmanl\u0131 H\u00fck\u00fcmeti\u2019nin Ermenilere y\u00f6nelik g\u00fcndeme getirdi\u011fi politikalar\u0131n soyk\u0131r\u0131m oldu\u011fu yolunda alm\u0131\u015f oldu\u011fu karara itibar etmemi\u015f g\u00f6z\u00fck\u00fcyor.<\/p>\n<p style=\"text-align: justify\"><b>\u00a0<\/b><b><br \/>\n<\/b><b>HOLOKOST VE ERMEN\u0130 SOYKIRIMI: HUKUK\u0130 BENZERL\u0130K VE FARK<\/b><br \/>\n\u015eimdi, A\u0130HM\u2019in, Holokost\u2019a ili\u015fkin al\u0131nm\u0131\u015f mahkeme karar\u0131 vard\u0131r ve ama Ermeni Soyk\u0131r\u0131m\u0131 konusunda al\u0131nm\u0131\u015f mahkeme karar\u0131 yoktur k\u0131yaslamas\u0131na daha yak\u0131ndan bakabiliriz:<b><br \/>\n<\/b><b>1)<\/b>\u00a0Hem Holokost hem de Ermeni Soyk\u0131r\u0131m\u0131 i\u00e7in, \u201c<b>bu soyk\u0131r\u0131md\u0131r<\/b>\u201d diye al\u0131nm\u0131\u015f bir mahkeme karar\u0131 yoktur (Ermeni soyk\u0131r\u0131m\u0131 i\u00e7in Arjantin Mahkemesi\u2019nin ald\u0131\u011f\u0131 karar hari\u00e7). Yukarda s\u00f6yledi\u011fim gibi, hi\u00e7bir uluslararas\u0131 mahkeme Holokost nedeniyle soyk\u0131r\u0131m su\u00e7undan dolay\u0131 yarg\u0131lama yapmad\u0131; \u201c<b>bu bir soyk\u0131r\u0131md\u0131r<\/b>\u201d diye karar almad\u0131. Naziler, insanl\u0131k su\u00e7u, sava\u015f su\u00e7u ve bar\u0131\u015fa kar\u015f\u0131 su\u00e7 gibi nedenlerle yarg\u0131land\u0131 ve ceza ald\u0131lar.<b><br \/>\n<\/b><b>2)<\/b>\u00a0Hem Holokost hem de Ermeni Soyk\u0131r\u0131m\u0131 uluslararas\u0131 hukuk taraf\u0131ndan \u201c<b>insanl\u0131k su\u00e7u<\/b>\u201d olarak tan\u0131mland\u0131lar. Holokost yarg\u0131lanmalar\u0131n\u0131n esas\u0131n\u0131 te\u015fkil eden \u201c<b><i>insanl\u0131\u011fa kar\u015f\u0131 su\u00e7<\/i><\/b>\u201d kavram\u0131 ilk defa 1915\u2019te Ermeni Soyk\u0131r\u0131m\u0131 nedeniyle kullan\u0131ld\u0131. M\u00fcttefik Kuvvetler, 24 May\u0131s 1915 tarihinde yapt\u0131klar\u0131 ortak bir a\u00e7\u0131klamada, Osmanl\u0131 H\u00fck\u00fcmeti\u2019nin i\u015fledi\u011fi su\u00e7 i\u00e7in, bu kavram\u0131 kullanm\u0131\u015flar ve bu tarihten itibaren \u201c<b>insanl\u0131\u011fa kar\u015f\u0131 su\u00e7<\/b>\u201d uluslararas\u0131 bir hukuk normu olmu\u015ftur.<b><br \/>\n<\/b><b>3)<\/b>\u00a0Birinci D\u00fcnya Sava\u015f\u0131 sonunda, 1919 y\u0131l\u0131 boyunca s\u00fcren Paris Bar\u0131\u015f G\u00f6r\u00fc\u015fmelerinde, sava\u015f s\u0131ras\u0131nda i\u015flenmi\u015f su\u00e7lar\u0131 tespit etmek amac\u0131yla bir komisyon kurulmu\u015ftur. Kurulan komisyon, Osmanl\u0131lar\u0131n \u201c<b>insanl\u0131k su\u00e7u<\/b>\u201d i\u015flediklerini karara ba\u011flam\u0131\u015ft\u0131r. \u0130stanbul yarg\u0131lanmalar\u0131 s\u0131ras\u0131nda da, Ermeni katliamlar\u0131n\u0131 d\u00fczenleyenler, Osmanl\u0131 ceza hukukuna g\u00f6re yarg\u0131lan\u0131rlarken, Mahkeme i\u015flenen cinayetlerin insanl\u0131\u011fa kar\u015f\u0131 bir su\u00e7 oldu\u011funu de\u011fi\u015fik bi\u00e7imlerde de olsa ifade etmi\u015ftir.<b><br \/>\n<\/b><b>4)\u00a0<\/b>E\u011fer Holokost ile Ermeni Soyk\u0131r\u0131m\u0131 aras\u0131nda hukuksal bir fark aran\u0131yorsa, birincisinde uluslararas\u0131 asker\u00ee bir mahkemenin insanl\u0131k su\u00e7u nedeniyle yarg\u0131lama yapm\u0131\u015f olmas\u0131d\u0131r. Ermeni Soyk\u0131r\u0131m\u0131\u2019nda yarg\u0131lama ulusal d\u00fczeyde yap\u0131lm\u0131\u015f; uluslararas\u0131 d\u00fczeyde su\u00e7 \u201c<b>insanl\u0131k su\u00e7u<\/b>\u201d olarak karara al\u0131nm\u0131\u015f ama politik nedenlerle yarg\u0131lama a\u015famas\u0131na ge\u00e7ilememi\u015ftir.<br \/>\n\u00d6zetle, kolayca iddia edilebilir ki, Holokost ile Ermeni Soyk\u0131r\u0131m\u0131 aras\u0131nda, uluslararas\u0131 hukuk a\u00e7\u0131s\u0131ndan herhangi bir fark yoktur. Her ikisi de a\u00e7\u0131k olarak<b><i>insanl\u0131\u011fa kar\u015f\u0131 su\u00e7<\/i><\/b>\u00a0olarak tan\u0131mlanm\u0131\u015ft\u0131r. Mahkeme, Holokost\u2019u, mahkemelerce karara ba\u011flanm\u0131\u015f bir husus, Ermeni Soyk\u0131r\u0131m\u0131\u2019n\u0131 \u201c<b>hen\u00fcz tart\u0131\u015f\u0131l\u0131yor<\/b>\u201d diye tasnif ederek, b\u0131rak\u0131n ger\u00e7eklik a\u00e7\u0131s\u0131ndan, hukuki a\u00e7\u0131dan bile b\u00fcy\u00fck bir yanl\u0131\u015f\u0131n alt\u0131na imza atm\u0131\u015ft\u0131r.<\/p>\n<p style=\"text-align: justify\"><b><br \/>\n<\/b><b>SOYKIRIM VE \u0130NSANLIK SU\u00c7U ARASINDA B\u00dcY\u00dcK FARK YOK<\/b><br \/>\nSonu\u00e7 olarak s\u00f6ylenecek \u015fudur ki, A\u0130HM ideolojik dar g\u00f6r\u00fc\u015fl\u00fcl\u00fck ile Holokost ve Ermeni Soyk\u0131r\u0131m\u0131 aras\u0131nda ne olgu olarak ne hukuki olarak var olmayan ay\u0131r\u0131mlar yaratm\u0131\u015ft\u0131r. Mahkemenin ni\u00e7in Holokost ile Ermeni Soyk\u0131r\u0131m\u0131 aras\u0131nda bu t\u00fcr bir kategorik ayr\u0131m yapt\u0131\u011f\u0131 sorusuna verilecek bir cevap vard\u0131r: Mahkeme Avrupa merkezli bir d\u00fc\u015f\u00fcncenin etkisindedir. Ve Holokost ile di\u011fer soyk\u0131r\u0131mlar aras\u0131nda kategorik bir fark oldu\u011funa inanmaktad\u0131r. T\u00fcrkiye\u2019de de Ermeni Soyk\u0131r\u0131m\u0131\u2019na soyk\u0131r\u0131m demeyen ve bunun nedenini de Ermenilere yap\u0131lanlar\u0131n Holokost\u2019a benzemedi\u011fi ile a\u00e7\u0131klayan \u00e7ok say\u0131da insan bulunmaktad\u0131r.<br \/>\nOysa elimizdeki konu itibar\u0131yla, Holokost ile Ermeni Soyk\u0131r\u0131m\u0131 aras\u0131nda kategorik herhangi bir ay\u0131r\u0131m s\u00f6zkonusu de\u011fildir. Ayr\u0131ca, Do\u011fu Perin\u00e7ek\u2019in i\u015fledi\u011fi su\u00e7un niteli\u011fi itibar\u0131yla, Ermeni Soyk\u0131r\u0131m\u0131\u2019n\u0131n soyk\u0131r\u0131m m\u0131, insanl\u0131k su\u00e7u mu say\u0131lmas\u0131 gerekti\u011fi tart\u0131\u015fmas\u0131 anlams\u0131zd\u0131r.<br \/>\nE\u011fer dikkat edilirse, hem Avrupa Birli\u011fi 2008 \u00e7er\u00e7eve karar\u0131nda, hem de \u0130svi\u00e7re Ceza Kanunu\u2019nda, ink\u00e2r su\u00e7u bir tek soyk\u0131r\u0131m ile s\u0131n\u0131rl\u0131 de\u011fildir. Su\u00e7 kategorisi olarak, soyk\u0131r\u0131m ve insanl\u0131\u011fa kar\u015f\u0131 su\u00e7 birlikte say\u0131lmaktad\u0131r. Bu nedenle, Do\u011fu Perin\u00e7ek\u2019in 1915\u2019i soyk\u0131r\u0131m olarak telakki etmiyor olmas\u0131, nefret su\u00e7unu i\u015fleyip i\u015flemedi\u011fi noktas\u0131nda \u00f6nemli olmayan bir husustur. \u00c7\u00fcnk\u00fc Perin\u00e7ek esas olarak 1915\u2019te bir su\u00e7 i\u015flenmedi\u011fini savunmaktad\u0131r. Ya\u015fanan\u0131n insanl\u0131\u011fa kar\u015f\u0131 bir su\u00e7 oldu\u011funu ink\u00e2r etmektedir.<br \/>\nE\u011fer karara itiraz ederse, \u0130svi\u00e7re\u2019nin savunmas\u0131n\u0131, Perin\u00e7ek\u2019in i\u015fledi\u011fi nefret su\u00e7unun olu\u015fmas\u0131 i\u00e7in, soyk\u0131r\u0131m ile insanl\u0131k su\u00e7u aras\u0131ndaki ay\u0131r\u0131m\u0131n anlams\u0131z oldu\u011fu noktas\u0131nda yapaca\u011f\u0131n\u0131 tahmin ediyorum. Sorun ge\u00e7mi\u015fte i\u015flenmi\u015f cinayetleri, bu cinayetin kurban\u0131 olmu\u015f bir toplulu\u011fa y\u00f6nelik nefreti k\u00f6r\u00fckleyen bir bi\u00e7imde ink\u00e2r edenlerin cezaland\u0131r\u0131l\u0131p cezaland\u0131r\u0131lmayacaklar\u0131d\u0131r.<b><br \/>\n<\/b><\/p>\n<p style=\"text-align: justify\"><b>SON B\u0130R HUSUS<\/b><br \/>\nDo\u011fu Perin\u00e7ek karar\u0131n\u0131n T\u00fcrkiye\u2019de ele al\u0131n\u0131\u015f ve tart\u0131\u015f\u0131l\u0131\u015f\u0131 \u00e7ok sorunludur. Bunun bir nedeni, T\u00fcrkiye\u2019de bir ink\u00e2r rejiminin var olmas\u0131d\u0131r. Bu nedenle sorun, \u201c<b>bir eyleme soyk\u0131r\u0131m de\u011fildir deme \u00f6zg\u00fcrl\u00fc\u011f\u00fc olmal\u0131d\u0131r<\/b>\u201d boyutunda tart\u0131\u015f\u0131lmaktad\u0131r. Elbette T\u00fcrkiye gibi bir \u00fclkenin \u00f6zel ko\u015fullar\u0131 da d\u00fc\u015f\u00fcn\u00fcl\u00fcrse, bu \u00f6zg\u00fcrl\u00fc\u011f\u00fcn ka\u00e7\u0131n\u0131lmaz bir zorunluluk oldu\u011funu kabul etmek gerekir. Fakat \u0130svi\u00e7re ve Avrupa \u00fclkelerinde tart\u0131\u015f\u0131lan konu, nefret ve \u0131rk\u00e7\u0131l\u0131k su\u00e7lar\u0131na, AB\u2019nin 2008 \u00e7er\u00e7eve karar\u0131nda dile getirdi\u011fi su\u00e7lar\u0131n da d\u00e2hil edilip edilmemesi gerekti\u011fidir. Avrupa \u00fclkeleri kendi ihtiya\u00e7lar\u0131ndan hareketle bu t\u00fcr su\u00e7lar\u0131 ink\u00e2r etmeyi, nefret ve \u0131rk\u00e7\u0131l\u0131k su\u00e7lar\u0131 kapsam\u0131nda g\u00fcndeme getirebilirler. Bu \u00fclkelerin ihtiya\u00e7lar\u0131n\u0131, T\u00fcrkiye\u2019de bizim ihtiyac\u0131m\u0131z olan \u015feyden hareketle tart\u0131\u015fmak do\u011fru de\u011fildir.<br \/>\nAvrupa\u2019da konunun bir hukuk sorunu olarak tart\u0131\u015f\u0131lmas\u0131 anla\u015f\u0131labilir bir durumdur. Ama T\u00fcrkiye\u2019de hen\u00fcz bu d\u00fczeyde de\u011filiz ve konunun bir hukuk sorunu olarak ele al\u0131nmas\u0131 ciddi sak\u0131ncalar i\u00e7ermektedir. T\u00fcrkiye h\u00e2l\u00e2 soyk\u0131r\u0131m rejiminin egemenli\u011fini s\u00fcrd\u00fcrd\u00fc\u011f\u00fc bir \u00fclkedir. Ge\u00e7mi\u015fte katliama u\u011fram\u0131\u015f (Ermeni, S\u00fcryani ve Rumlar) H\u0131ristiyan topluluklara y\u00f6nelik ciddi nefret su\u00e7lar\u0131 ba\u015fta h\u00fck\u00fcmet partisi \u00fczere, geni\u015f bir kesim taraf\u0131ndan \u00e7ok s\u0131k\u00e7a i\u015flenmektedir.\u00a0<b>Ay\u015fe Kulin<\/b>\u00a0gibi tan\u0131nm\u0131\u015f yazarlar\u0131n, \u201c<b>dilim s\u00fcr\u00e7t\u00fc<\/b>\u201d diye i\u015fin i\u00e7inden \u00e7\u0131kmaya \u00e7al\u0131\u015ft\u0131\u011f\u0131, \u201c<b><i>Ermenileri durduk yerde kesmedik<\/i><\/b>\u201d s\u00f6zlerinin edilebildi\u011fi bir \u00fclkede ya\u015f\u0131yoruz. Sadece, H\u0131ristiyanlara y\u00f6nelik \u0131rk\u00e7\u0131 s\u00f6ylem veya nefret su\u00e7unu i\u015fleyenlerin cezaland\u0131r\u0131lmas\u0131n\u0131 istersek, \u00fclkenin \u00f6nemli bir n\u00fcfusunu hapse t\u0131kmam\u0131z gerekir.<br \/>\nBu nedenle bizim, hukuk de\u011fil, vicdan \u00fczerinden a\u00e7\u0131k bir hesapla\u015fma yapmam\u0131z gerekiyor. Hukuki yasak tart\u0131\u015fmalar\u0131 bize fazla l\u00fcks, yan\u0131l\u0131yor muyum?<b><br \/>\n<\/b><a href=\"mailto:tanerakcam@gmail.com\"><b><i>tanerakcam@gmail.com<\/i><\/b><\/a><\/p>\n<p style=\"text-align: justify\"><b><i>http:\/\/www.taraf.com.tr\/haber\/holokost-u-inkar-edemezsiniz-ama-ermeni-soykirimi-2.htm<\/i><\/b><\/p>\n","protected":false},"excerpt":{"rendered":"<p>TANER AK\u00c7AM Ermeni Soyk\u0131r\u0131m\u0131\u2019n\u0131n tan\u0131mas\u0131 do\u011frultusunda Bat\u0131 parlamentolar\u0131nda oynanan tiyatrolar\u0131n nedeni, soyk\u0131r\u0131ma inanmalar\u0131 ama T\u00fcrkiye\u2019yi \u00fczmekten korkmalar\u0131d\u0131r. ERMEN\u0130 SOYKIRIMI \u201cTARTI\u015eMALI\u201d, HOLOKOST DE\u011e\u0130L! D\u00fcnk\u00fc yaz\u0131mda, soyk\u0131r\u0131m, insanl\u0131k su\u00e7u ve sava\u015f su\u00e7u gibi kitlesel cinayetlerin ink\u00e2r edilmesi yasaklanmal\u0131 m\u0131d\u0131r sorusunun ciddi bir hukuki tart\u0131\u015fma konusu oldu\u011funu s\u00f6ylemi\u015ftim. AB\u2019nin ald\u0131\u011f\u0131 \u00e7e\u015fitli \u00e7er\u00e7eve kararlardan, Avrupa\u2019daki genel e\u011filim bu su\u00e7lar\u0131n [&hellip;]<\/p>\n","protected":false},"author":3,"featured_media":0,"comment_status":"open","ping_status":"open","sticky":false,"template":"","format":"standard","meta":{"footnotes":""},"categories":[6,14,26],"tags":[],"class_list":["post-28509","post","type-post","status-publish","format-standard","hentry","category-ermeni-soykirimi","category-haberler","category-makaleler"],"yoast_head":"<!-- This site is optimized with the Yoast SEO plugin v27.4 - https:\/\/yoast.com\/product\/yoast-seo-wordpress\/ -->\n<title>Holokost\u2019u ink\u00e2r edemezsiniz ama Ermeni Soyk\u0131r\u0131m\u0131\u2019n\u0131 ink\u00e2r serbest (2) - Bati Ermenistan Ve Bati Ermenileri Sorunlari Ara\u015ftirmalar Merkezi<\/title>\n<meta name=\"robots\" content=\"index, follow, max-snippet:-1, max-image-preview:large, max-video-preview:-1\" \/>\n<link rel=\"canonical\" href=\"https:\/\/akunq.net\/turkish\/2014\/02\/19\/holokostu-inkar-edemezsiniz-ama-ermeni-soykirimini-inkar-serbest-2\/\" \/>\n<meta property=\"og:locale\" content=\"en_US\" \/>\n<meta property=\"og:type\" content=\"article\" \/>\n<meta property=\"og:title\" content=\"Holokost\u2019u ink\u00e2r edemezsiniz ama Ermeni Soyk\u0131r\u0131m\u0131\u2019n\u0131 ink\u00e2r serbest (2) - Bati Ermenistan Ve Bati Ermenileri Sorunlari Ara\u015ftirmalar Merkezi\" \/>\n<meta property=\"og:description\" content=\"TANER AK\u00c7AM Ermeni Soyk\u0131r\u0131m\u0131\u2019n\u0131n tan\u0131mas\u0131 do\u011frultusunda Bat\u0131 parlamentolar\u0131nda oynanan tiyatrolar\u0131n nedeni, soyk\u0131r\u0131ma inanmalar\u0131 ama T\u00fcrkiye\u2019yi \u00fczmekten korkmalar\u0131d\u0131r. ERMEN\u0130 SOYKIRIMI \u201cTARTI\u015eMALI\u201d, HOLOKOST DE\u011e\u0130L! D\u00fcnk\u00fc yaz\u0131mda, soyk\u0131r\u0131m, insanl\u0131k su\u00e7u ve sava\u015f su\u00e7u gibi kitlesel cinayetlerin ink\u00e2r edilmesi yasaklanmal\u0131 m\u0131d\u0131r sorusunun ciddi bir hukuki tart\u0131\u015fma konusu oldu\u011funu s\u00f6ylemi\u015ftim. AB\u2019nin ald\u0131\u011f\u0131 \u00e7e\u015fitli \u00e7er\u00e7eve kararlardan, Avrupa\u2019daki genel e\u011filim bu su\u00e7lar\u0131n [&hellip;]\" \/>\n<meta property=\"og:url\" content=\"https:\/\/akunq.net\/turkish\/2014\/02\/19\/holokostu-inkar-edemezsiniz-ama-ermeni-soykirimini-inkar-serbest-2\/\" \/>\n<meta property=\"og:site_name\" content=\"Bati Ermenistan Ve Bati Ermenileri Sorunlari Ara\u015ftirmalar Merkezi\" \/>\n<meta property=\"article:published_time\" content=\"2014-02-19T07:48:48+00:00\" \/>\n<meta name=\"author\" content=\"kalem\" \/>\n<meta name=\"twitter:card\" content=\"summary_large_image\" \/>\n<meta name=\"twitter:label1\" content=\"Written by\" \/>\n\t<meta name=\"twitter:data1\" content=\"kalem\" \/>\n\t<meta name=\"twitter:label2\" content=\"Est. reading time\" \/>\n\t<meta name=\"twitter:data2\" content=\"12 minutes\" \/>\n<script type=\"application\/ld+json\" class=\"yoast-schema-graph\">{\"@context\":\"https:\\\/\\\/schema.org\",\"@graph\":[{\"@type\":\"Article\",\"@id\":\"https:\\\/\\\/akunq.net\\\/turkish\\\/2014\\\/02\\\/19\\\/holokostu-inkar-edemezsiniz-ama-ermeni-soykirimini-inkar-serbest-2\\\/#article\",\"isPartOf\":{\"@id\":\"https:\\\/\\\/akunq.net\\\/turkish\\\/2014\\\/02\\\/19\\\/holokostu-inkar-edemezsiniz-ama-ermeni-soykirimini-inkar-serbest-2\\\/\"},\"author\":{\"name\":\"kalem\",\"@id\":\"https:\\\/\\\/akunq.net\\\/turkish\\\/#\\\/schema\\\/person\\\/135e7923d1aeb8887890799619969a6c\"},\"headline\":\"Holokost\u2019u ink\u00e2r edemezsiniz ama Ermeni Soyk\u0131r\u0131m\u0131\u2019n\u0131 ink\u00e2r serbest (2)\",\"datePublished\":\"2014-02-19T07:48:48+00:00\",\"mainEntityOfPage\":{\"@id\":\"https:\\\/\\\/akunq.net\\\/turkish\\\/2014\\\/02\\\/19\\\/holokostu-inkar-edemezsiniz-ama-ermeni-soykirimini-inkar-serbest-2\\\/\"},\"wordCount\":2445,\"commentCount\":0,\"articleSection\":[\"Ermeni Soyk\u0131r\u0131m\u0131\",\"Haberler\",\"Makaleler\"],\"inLanguage\":\"en-US\",\"potentialAction\":[{\"@type\":\"CommentAction\",\"name\":\"Comment\",\"target\":[\"https:\\\/\\\/akunq.net\\\/turkish\\\/2014\\\/02\\\/19\\\/holokostu-inkar-edemezsiniz-ama-ermeni-soykirimini-inkar-serbest-2\\\/#respond\"]}]},{\"@type\":\"WebPage\",\"@id\":\"https:\\\/\\\/akunq.net\\\/turkish\\\/2014\\\/02\\\/19\\\/holokostu-inkar-edemezsiniz-ama-ermeni-soykirimini-inkar-serbest-2\\\/\",\"url\":\"https:\\\/\\\/akunq.net\\\/turkish\\\/2014\\\/02\\\/19\\\/holokostu-inkar-edemezsiniz-ama-ermeni-soykirimini-inkar-serbest-2\\\/\",\"name\":\"Holokost\u2019u ink\u00e2r edemezsiniz ama Ermeni Soyk\u0131r\u0131m\u0131\u2019n\u0131 ink\u00e2r serbest (2) - Bati Ermenistan Ve Bati Ermenileri Sorunlari Ara\u015ftirmalar Merkezi\",\"isPartOf\":{\"@id\":\"https:\\\/\\\/akunq.net\\\/turkish\\\/#website\"},\"datePublished\":\"2014-02-19T07:48:48+00:00\",\"author\":{\"@id\":\"https:\\\/\\\/akunq.net\\\/turkish\\\/#\\\/schema\\\/person\\\/135e7923d1aeb8887890799619969a6c\"},\"breadcrumb\":{\"@id\":\"https:\\\/\\\/akunq.net\\\/turkish\\\/2014\\\/02\\\/19\\\/holokostu-inkar-edemezsiniz-ama-ermeni-soykirimini-inkar-serbest-2\\\/#breadcrumb\"},\"inLanguage\":\"en-US\",\"potentialAction\":[{\"@type\":\"ReadAction\",\"target\":[\"https:\\\/\\\/akunq.net\\\/turkish\\\/2014\\\/02\\\/19\\\/holokostu-inkar-edemezsiniz-ama-ermeni-soykirimini-inkar-serbest-2\\\/\"]}]},{\"@type\":\"BreadcrumbList\",\"@id\":\"https:\\\/\\\/akunq.net\\\/turkish\\\/2014\\\/02\\\/19\\\/holokostu-inkar-edemezsiniz-ama-ermeni-soykirimini-inkar-serbest-2\\\/#breadcrumb\",\"itemListElement\":[{\"@type\":\"ListItem\",\"position\":1,\"name\":\"Home\",\"item\":\"https:\\\/\\\/akunq.net\\\/turkish\\\/\"},{\"@type\":\"ListItem\",\"position\":2,\"name\":\"Holokost\u2019u ink\u00e2r edemezsiniz ama Ermeni Soyk\u0131r\u0131m\u0131\u2019n\u0131 ink\u00e2r serbest (2)\"}]},{\"@type\":\"WebSite\",\"@id\":\"https:\\\/\\\/akunq.net\\\/turkish\\\/#website\",\"url\":\"https:\\\/\\\/akunq.net\\\/turkish\\\/\",\"name\":\"Bati Ermenistan Ve Bati Ermenileri Sorunlari Ara\u015ftirmalar Merkezi\",\"description\":\"\",\"potentialAction\":[{\"@type\":\"SearchAction\",\"target\":{\"@type\":\"EntryPoint\",\"urlTemplate\":\"https:\\\/\\\/akunq.net\\\/turkish\\\/?s={search_term_string}\"},\"query-input\":{\"@type\":\"PropertyValueSpecification\",\"valueRequired\":true,\"valueName\":\"search_term_string\"}}],\"inLanguage\":\"en-US\"},{\"@type\":\"Person\",\"@id\":\"https:\\\/\\\/akunq.net\\\/turkish\\\/#\\\/schema\\\/person\\\/135e7923d1aeb8887890799619969a6c\",\"name\":\"kalem\",\"image\":{\"@type\":\"ImageObject\",\"inLanguage\":\"en-US\",\"@id\":\"https:\\\/\\\/secure.gravatar.com\\\/avatar\\\/a06875e4b25feb5674296adf8e8a7ae1e587cebce2493fe63c456109967e27d3?s=96&d=mm&r=g\",\"url\":\"https:\\\/\\\/secure.gravatar.com\\\/avatar\\\/a06875e4b25feb5674296adf8e8a7ae1e587cebce2493fe63c456109967e27d3?s=96&d=mm&r=g\",\"contentUrl\":\"https:\\\/\\\/secure.gravatar.com\\\/avatar\\\/a06875e4b25feb5674296adf8e8a7ae1e587cebce2493fe63c456109967e27d3?s=96&d=mm&r=g\",\"caption\":\"kalem\"},\"url\":\"https:\\\/\\\/akunq.net\\\/turkish\\\/author\\\/kalem\\\/\"}]}<\/script>\n<!-- \/ Yoast SEO plugin. -->","yoast_head_json":{"title":"Holokost\u2019u ink\u00e2r edemezsiniz ama Ermeni Soyk\u0131r\u0131m\u0131\u2019n\u0131 ink\u00e2r serbest (2) - Bati Ermenistan Ve Bati Ermenileri Sorunlari Ara\u015ftirmalar Merkezi","robots":{"index":"index","follow":"follow","max-snippet":"max-snippet:-1","max-image-preview":"max-image-preview:large","max-video-preview":"max-video-preview:-1"},"canonical":"https:\/\/akunq.net\/turkish\/2014\/02\/19\/holokostu-inkar-edemezsiniz-ama-ermeni-soykirimini-inkar-serbest-2\/","og_locale":"en_US","og_type":"article","og_title":"Holokost\u2019u ink\u00e2r edemezsiniz ama Ermeni Soyk\u0131r\u0131m\u0131\u2019n\u0131 ink\u00e2r serbest (2) - Bati Ermenistan Ve Bati Ermenileri Sorunlari Ara\u015ftirmalar Merkezi","og_description":"TANER AK\u00c7AM Ermeni Soyk\u0131r\u0131m\u0131\u2019n\u0131n tan\u0131mas\u0131 do\u011frultusunda Bat\u0131 parlamentolar\u0131nda oynanan tiyatrolar\u0131n nedeni, soyk\u0131r\u0131ma inanmalar\u0131 ama T\u00fcrkiye\u2019yi \u00fczmekten korkmalar\u0131d\u0131r. ERMEN\u0130 SOYKIRIMI \u201cTARTI\u015eMALI\u201d, HOLOKOST DE\u011e\u0130L! D\u00fcnk\u00fc yaz\u0131mda, soyk\u0131r\u0131m, insanl\u0131k su\u00e7u ve sava\u015f su\u00e7u gibi kitlesel cinayetlerin ink\u00e2r edilmesi yasaklanmal\u0131 m\u0131d\u0131r sorusunun ciddi bir hukuki tart\u0131\u015fma konusu oldu\u011funu s\u00f6ylemi\u015ftim. AB\u2019nin ald\u0131\u011f\u0131 \u00e7e\u015fitli \u00e7er\u00e7eve kararlardan, Avrupa\u2019daki genel e\u011filim bu su\u00e7lar\u0131n [&hellip;]","og_url":"https:\/\/akunq.net\/turkish\/2014\/02\/19\/holokostu-inkar-edemezsiniz-ama-ermeni-soykirimini-inkar-serbest-2\/","og_site_name":"Bati Ermenistan Ve Bati Ermenileri Sorunlari Ara\u015ftirmalar Merkezi","article_published_time":"2014-02-19T07:48:48+00:00","author":"kalem","twitter_card":"summary_large_image","twitter_misc":{"Written by":"kalem","Est. reading time":"12 minutes"},"schema":{"@context":"https:\/\/schema.org","@graph":[{"@type":"Article","@id":"https:\/\/akunq.net\/turkish\/2014\/02\/19\/holokostu-inkar-edemezsiniz-ama-ermeni-soykirimini-inkar-serbest-2\/#article","isPartOf":{"@id":"https:\/\/akunq.net\/turkish\/2014\/02\/19\/holokostu-inkar-edemezsiniz-ama-ermeni-soykirimini-inkar-serbest-2\/"},"author":{"name":"kalem","@id":"https:\/\/akunq.net\/turkish\/#\/schema\/person\/135e7923d1aeb8887890799619969a6c"},"headline":"Holokost\u2019u ink\u00e2r edemezsiniz ama Ermeni Soyk\u0131r\u0131m\u0131\u2019n\u0131 ink\u00e2r serbest (2)","datePublished":"2014-02-19T07:48:48+00:00","mainEntityOfPage":{"@id":"https:\/\/akunq.net\/turkish\/2014\/02\/19\/holokostu-inkar-edemezsiniz-ama-ermeni-soykirimini-inkar-serbest-2\/"},"wordCount":2445,"commentCount":0,"articleSection":["Ermeni Soyk\u0131r\u0131m\u0131","Haberler","Makaleler"],"inLanguage":"en-US","potentialAction":[{"@type":"CommentAction","name":"Comment","target":["https:\/\/akunq.net\/turkish\/2014\/02\/19\/holokostu-inkar-edemezsiniz-ama-ermeni-soykirimini-inkar-serbest-2\/#respond"]}]},{"@type":"WebPage","@id":"https:\/\/akunq.net\/turkish\/2014\/02\/19\/holokostu-inkar-edemezsiniz-ama-ermeni-soykirimini-inkar-serbest-2\/","url":"https:\/\/akunq.net\/turkish\/2014\/02\/19\/holokostu-inkar-edemezsiniz-ama-ermeni-soykirimini-inkar-serbest-2\/","name":"Holokost\u2019u ink\u00e2r edemezsiniz ama Ermeni Soyk\u0131r\u0131m\u0131\u2019n\u0131 ink\u00e2r serbest (2) - Bati Ermenistan Ve Bati Ermenileri Sorunlari Ara\u015ftirmalar Merkezi","isPartOf":{"@id":"https:\/\/akunq.net\/turkish\/#website"},"datePublished":"2014-02-19T07:48:48+00:00","author":{"@id":"https:\/\/akunq.net\/turkish\/#\/schema\/person\/135e7923d1aeb8887890799619969a6c"},"breadcrumb":{"@id":"https:\/\/akunq.net\/turkish\/2014\/02\/19\/holokostu-inkar-edemezsiniz-ama-ermeni-soykirimini-inkar-serbest-2\/#breadcrumb"},"inLanguage":"en-US","potentialAction":[{"@type":"ReadAction","target":["https:\/\/akunq.net\/turkish\/2014\/02\/19\/holokostu-inkar-edemezsiniz-ama-ermeni-soykirimini-inkar-serbest-2\/"]}]},{"@type":"BreadcrumbList","@id":"https:\/\/akunq.net\/turkish\/2014\/02\/19\/holokostu-inkar-edemezsiniz-ama-ermeni-soykirimini-inkar-serbest-2\/#breadcrumb","itemListElement":[{"@type":"ListItem","position":1,"name":"Home","item":"https:\/\/akunq.net\/turkish\/"},{"@type":"ListItem","position":2,"name":"Holokost\u2019u ink\u00e2r edemezsiniz ama Ermeni Soyk\u0131r\u0131m\u0131\u2019n\u0131 ink\u00e2r serbest (2)"}]},{"@type":"WebSite","@id":"https:\/\/akunq.net\/turkish\/#website","url":"https:\/\/akunq.net\/turkish\/","name":"Bati Ermenistan Ve Bati Ermenileri Sorunlari Ara\u015ftirmalar Merkezi","description":"","potentialAction":[{"@type":"SearchAction","target":{"@type":"EntryPoint","urlTemplate":"https:\/\/akunq.net\/turkish\/?s={search_term_string}"},"query-input":{"@type":"PropertyValueSpecification","valueRequired":true,"valueName":"search_term_string"}}],"inLanguage":"en-US"},{"@type":"Person","@id":"https:\/\/akunq.net\/turkish\/#\/schema\/person\/135e7923d1aeb8887890799619969a6c","name":"kalem","image":{"@type":"ImageObject","inLanguage":"en-US","@id":"https:\/\/secure.gravatar.com\/avatar\/a06875e4b25feb5674296adf8e8a7ae1e587cebce2493fe63c456109967e27d3?s=96&d=mm&r=g","url":"https:\/\/secure.gravatar.com\/avatar\/a06875e4b25feb5674296adf8e8a7ae1e587cebce2493fe63c456109967e27d3?s=96&d=mm&r=g","contentUrl":"https:\/\/secure.gravatar.com\/avatar\/a06875e4b25feb5674296adf8e8a7ae1e587cebce2493fe63c456109967e27d3?s=96&d=mm&r=g","caption":"kalem"},"url":"https:\/\/akunq.net\/turkish\/author\/kalem\/"}]}},"_links":{"self":[{"href":"https:\/\/akunq.net\/turkish\/wp-json\/wp\/v2\/posts\/28509","targetHints":{"allow":["GET"]}}],"collection":[{"href":"https:\/\/akunq.net\/turkish\/wp-json\/wp\/v2\/posts"}],"about":[{"href":"https:\/\/akunq.net\/turkish\/wp-json\/wp\/v2\/types\/post"}],"author":[{"embeddable":true,"href":"https:\/\/akunq.net\/turkish\/wp-json\/wp\/v2\/users\/3"}],"replies":[{"embeddable":true,"href":"https:\/\/akunq.net\/turkish\/wp-json\/wp\/v2\/comments?post=28509"}],"version-history":[{"count":0,"href":"https:\/\/akunq.net\/turkish\/wp-json\/wp\/v2\/posts\/28509\/revisions"}],"wp:attachment":[{"href":"https:\/\/akunq.net\/turkish\/wp-json\/wp\/v2\/media?parent=28509"}],"wp:term":[{"taxonomy":"category","embeddable":true,"href":"https:\/\/akunq.net\/turkish\/wp-json\/wp\/v2\/categories?post=28509"},{"taxonomy":"post_tag","embeddable":true,"href":"https:\/\/akunq.net\/turkish\/wp-json\/wp\/v2\/tags?post=28509"}],"curies":[{"name":"wp","href":"https:\/\/api.w.org\/{rel}","templated":true}]}}