{"id":28493,"date":"2014-02-18T01:49:28","date_gmt":"2014-02-18T06:49:28","guid":{"rendered":"http:\/\/akunq.net\/tr\/?p=28493"},"modified":"2014-02-18T01:49:28","modified_gmt":"2014-02-18T06:49:28","slug":"murat-belgenin-dedesi-asaf-bey","status":"publish","type":"post","link":"https:\/\/akunq.net\/turkish\/2014\/02\/18\/murat-belgenin-dedesi-asaf-bey\/","title":{"rendered":"Murat Belge\u2019nin dedesi Asaf Bey"},"content":{"rendered":"<p style=\"text-align: justify\"><b><a href=\"http:\/\/akunq.net\/tr\/?attachment_id=28494\" rel=\"attachment wp-att-28494\"><img loading=\"lazy\" decoding=\"async\" class=\"alignright size-medium wp-image-28494\" alt=\"Grigoris Balakian\" src=\"http:\/\/akunq.net\/tr\/wp-content\/uploads\/2014\/02\/Grigoris-Balakian-300x201.jpg\" width=\"300\" height=\"201\" srcset=\"https:\/\/akunq.net\/turkish\/wp-content\/uploads\/sites\/5\/2014\/02\/Grigoris-Balakian-300x201.jpg 300w, https:\/\/akunq.net\/turkish\/wp-content\/uploads\/sites\/5\/2014\/02\/Grigoris-Balakian.jpg 380w\" sizes=\"auto, (max-width: 300px) 100vw, 300px\" \/><\/a>RAGIP ZARAKOLU <\/b><\/p>\n<p style=\"text-align: justify\"><b>Asaf, \u201cKelegyan Efendi, siz benim hocams\u0131n\u0131z, sizi severim. \u015eu telgraf\u0131 al\u0131n okuyun\u201d diyerek masas\u0131n\u0131n \u00e7ekmecesinden resm\u00ee antetli \u015fifreli bir telgraf \u00e7\u0131kard\u0131. \u015eifre ayr\u0131 bir k\u00e2\u011f\u0131tta \u00e7\u00f6z\u00fclm\u00fc\u015ft\u00fc: \u201c\u015eimdiye kadar ka\u00e7 Ermeni\u2019nin \u00f6ld\u00fc\u011f\u00fcn\u00fc, ka\u00e7\u0131n\u0131n sa\u011f kald\u0131\u011f\u0131n\u0131 derhal telgrafla bildirin. Talat.\u201d Kelegyan, \u201cNe demek oluyor bu?\u201d dedi. Asaf: \u201cEn basit \u015fekliyle, bunun anlam\u0131 \u015fu: \u2018\u015eimdiye kadar ka\u00e7\u0131n\u0131 katlettiniz, ka\u00e7\u0131 h\u00e2l\u00e2 sa\u011f?\u2019 Halk\u0131n topluca \u00f6lece\u011fi ne deprem, ne sel, ne de herhangi bir do\u011fal afet olmad\u0131 ki!\u201d<\/b><\/p>\n<p style=\"text-align: justify\">Ermeni ayd\u0131nlar\u0131 ve siyaset\u00e7ileri 24 Nisan 1915\u2019te toplu bir tevk\u0131fat ile y\u00fcz y\u00fcze kald\u0131klar\u0131nda, bunun ge\u00e7ici bir \u201c<b>\u00f6nlem<\/b>\u201d oldu\u011funu d\u00fc\u015f\u00fcnm\u00fc\u015flerdi. Bunlar aras\u0131nda sa\u011f kalmay\u0131 ba\u015faran ender ki\u015filerden biri olan <b>Krikor Balakian<\/b>, <i>Ermeni Golgathas\u0131<\/i><b>*<\/b> adl\u0131 an\u0131lar\u0131nda, geleneksel Osmanl\u0131 b\u00fcrokrasisinin, \u201c<b>\u0130ttihat\u00e7\u0131 \u00e7\u0131lg\u0131nl\u0131\u011f\u0131<\/b>\u201d kar\u015f\u0131s\u0131nda i\u00e7ine d\u00fc\u015ft\u00fckleri a\u00e7maz duruma i\u015faret ediyor.<br \/>\nT\u00fcrkiye Gazeteciler Cemiyeti, yapt\u0131\u011f\u0131m\u0131z \u00e7a\u011fr\u0131 \u00fczerine, Bas\u0131n M\u00fczesi\u2019nin <b>Katledilen Gazeteciler<\/b> b\u00f6l\u00fcm\u00fcnde ge\u00e7en y\u0131l <b><i>Sabah<\/i><\/b> gazetesi ba\u015fyazar\u0131 <b>Diran Kelegyan<\/b>\u2019a yer verdi. Kelegyan, ayn\u0131 zamanda o d\u00f6nemin \u00fcniversitesi Dar\u00fclf\u00fcnun\u2019da hocayd\u0131. Ve <b>Murat Belge<\/b>\u2019nin dedesi <b>Asaf Bey<\/b>, onun talebelerinden biriydi. \u00c7ank\u0131r\u0131\u2019da, hoca ile talebesi zor bir durumda kar\u015f\u0131la\u015ft\u0131lar.<br \/>\nBundan sonras\u0131n\u0131 <b>Krikor Balakian<\/b> anlats\u0131n:<br \/>\n\u201cYukar\u0131dan emredilen ola\u011fan\u00fcst\u00fc gizlilik nedeniyle, \u00e7evremizde olup bitenlerden tamamen habersizdik. Ancak eski Osmaniye Kaymakam\u0131 Asaf Bey\u2019le kar\u015f\u0131la\u015ft\u0131\u011f\u0131m\u0131zda, bir ulusu imha etme plan\u0131n\u0131n s\u00f6zkonusu oldu\u011funu, bir par\u00e7a olsun anlayabildik. Kaymakam Asaf Bey, Adana Osmaniye\u2019de, 1909 k\u0131y\u0131m\u0131n\u0131 engellemedi\u011fi gerek\u00e7esiyle yarg\u0131lanm\u0131\u015f, \u0130ttihat y\u00f6neticileri taraf\u0131ndan \u2018<b>kurbanl\u0131k<\/b>\u2019 se\u00e7ilmi\u015f, bu y\u00fczden h\u00fck\u00fcm giymi\u015f ve dara\u011fac\u0131ndan k\u0131l pay\u0131 kurtulmu\u015ftu. \u015eimdi ise, \u00c7ank\u0131r\u0131 mutasarr\u0131fl\u0131\u011f\u0131na atanm\u0131\u015ft\u0131.<br \/>\nAsaf, Osmanl\u0131 M\u00fclkiye Mektebi\u2019nde \u00f6\u011frencisi oldu\u011fu <b><i>Sabah<\/i><\/b> gazetesinin ba\u015fyazar\u0131 <b>Diran Kelegyan<\/b>\u2019a b\u00fcy\u00fck sayg\u0131 g\u00f6steriyordu. Kelegyan da arada s\u0131rada Asaf\u2019\u0131 ziyaret ediyordu. Ermeni <b>Ramgavar<\/b> (Liberal Demokrat) <b>Partisi<\/b>\u2019nin lideri de olan Kelegyan, bir g\u00fcn <i>Mutasarr\u0131f<\/i> Asaf\u2019\u0131 ziyarete giderken yan\u0131nda olmam\u0131 istedi. \u201c<b><i>\u0130\u00e7ine d\u00fc\u015ft\u00fc\u011f\u00fcm\u00fcz bu tuzaktan kurtulmam\u0131z i\u00e7in, bakal\u0131m bize ne tavsiye edecek<\/i><\/b>\u201d dedi.<br \/>\nYetkililerin g\u00f6z\u00fcne ne kadar az g\u00f6z\u00fck\u00fcrsek bizim i\u00e7in o kadar ak\u0131ll\u0131ca olur diyerek itiraz ettim. Fakat Kelegyan \u0131srarl\u0131yd\u0131. Asaf\u2019\u0131n \u00f6\u011frencisi oldu\u011fundan, ona \u00e7ok sayg\u0131l\u0131 davrand\u0131\u011f\u0131ndan beni ikna etmeye \u00e7al\u0131\u015ft\u0131. Beni cesaretlendirmek i\u00e7in, Asaf\u2019\u0131n minnettar bir \u00f6\u011frencisi olarak elini \u00f6pt\u00fc\u011f\u00fcn\u00fc de ekledi. O zaman istemeye istemeye Kelegyan\u2019la beraber Asaf\u2019\u0131 resm\u00ee dairesinde ziyarete gittim. Ger\u00e7ekten de s\u00fcrg\u00fcnde de\u011filmi\u015fiz gibi bize izzet ikramda bulundu.<br \/>\nKelegyan, Asaf\u2019a \u0130stanbul\u2019a d\u00f6nmemiz i\u00e7in ne gibi yeni yollar tavsiye edece\u011fini sordu, \u00e7\u00fcnk\u00fc \u015fimdiye kadar hi\u00e7bir \u015fey i\u015fe yaramam\u0131\u015ft\u0131. Asaf, \u201c<b><i>Kelegyan Efendi, ne yaparsan\u0131z yap\u0131n kendinizi bir an \u00f6nce \u0130stanbul\u2019a at\u0131n\u0131z, \u00e7\u00fcnk\u00fc sonra sizin i\u00e7in \u00e7ok ge\u00e7 olacak<\/i><\/b>\u201d diye cevap verdi. Tabii ki endi\u015feyle, \u201c<b>Bizim i\u00e7in neden \u00e7ok ge\u00e7 olacak. Ne olacak<\/b>\u201d diye sorduk. \u00c7evremizde gizli bir plan\u0131n uygulanmaya ba\u015flad\u0131\u011f\u0131ndan pek haberimiz yoktu. Asaf \u015f\u00f6yle cevap verdi: \u201c<b><i>H\u00fck\u00fcmetin Ermeni politikas\u0131n\u0131 iyi g\u00f6rm\u00fcyorum. Yeniden bir \u015feyler d\u00f6n\u00fcyor. Bir an \u00f6nce \u0130stanbul\u2019a d\u00f6nmeye bak\u0131n, ne kadar erken d\u00f6nerseniz o kadar iyi. Yeni f\u0131rt\u0131nalar\u0131n emarelerini g\u00f6r\u00fcyorum.<\/i><\/b>\u201d<br \/>\nBu cevap kar\u015f\u0131s\u0131nda endi\u015felenen Kelegyan konunun a\u00e7\u0131lmas\u0131n\u0131 istedi. Israr etmemiz \u00fczerine Asaf, \u201c<b><i>Kelegyan Efendi, siz benim hocams\u0131n\u0131z, sizi severim. \u015eu telgraf\u0131 al\u0131n okuyun<\/i><\/b>\u201d diyerek masas\u0131n\u0131n \u00e7ekmecesinden resm\u00ee antetli \u015fifreli bir telgraf \u00e7\u0131kard\u0131. \u015eifre ayr\u0131 bir k\u00e2\u011f\u0131tta \u00e7\u00f6z\u00fclm\u00fc\u015ft\u00fc: \u201c<b><i>\u015eimdiye kadar ka\u00e7 Ermeni\u2019nin \u00f6ld\u00fc\u011f\u00fcn\u00fc, ka\u00e7\u0131n\u0131n sa\u011f kald\u0131\u011f\u0131n\u0131 derhal telgrafla bildirin Talat.<\/i><\/b>\u201d<br \/>\nKelegyan, \u201c<b>Ne demek oluyor bu?<\/b>\u201d dedi. Asaf y\u00fcz\u00fcnde alayc\u0131 bir g\u00fcl\u00fcmsemeyle cevap verdi: \u201c<b><i>Siz o kadar zeki oldu\u011funuz h\u00e2lde mi anlamad\u0131n\u0131z?<\/i><\/b>\u201d Ben, \u201c<b>Bizi \u00f6yle bir duruma soktular ki ne ak\u0131l kald\u0131 ne moral<\/b>\u201d diye cevaplad\u0131m. Asaf ise, \u201c<b><i>En basit \u015fekliyle, bunun anlam\u0131 \u015fu: <\/i><\/b><i>\u2018\u015eimdiye kadar ka\u00e7\u0131n\u0131 katlettiniz, ka\u00e7\u0131 h\u00e2l\u00e2 sa\u011f?\u2019<b> Halk\u0131n topluca \u00f6lece\u011fi ne deprem, ne sel, ne de herhangi bir do\u011fal afet olmad\u0131 ki!<\/b><\/i>\u201d dedi.<br \/>\nA\u011flamaya ba\u015flayan Kelegyan: \u201c<b>Daha evlatlar\u0131m\u0131n gelece\u011fini garantiye almadan \u00f6lece\u011fimden utan\u0131yorum.<\/b>\u201d Biraz teselli edici ve cesaret verici s\u00f6zlerden sonra Asaf \u015f\u00f6yle devam etti:<br \/>\n\u201c<b><i>On be\u015f g\u00fcn sonra g\u00f6revimden istifa edece\u011fim. \u0130stanbul\u2019da oturanlar b\u00fct\u00fcn pis i\u015flerini bize g\u00f6rd\u00fcr\u00fcyor. Ama g\u00fcn\u00fcn birinde ka\u00e7acak delik kalmad\u0131\u011f\u0131nda, hesap g\u00fcn\u00fc gelip \u00e7att\u0131\u011f\u0131nda, onlar t\u00fcyecek. Kabak biz k\u00fc\u00e7\u00fck memurlar\u0131n ba\u015f\u0131na patlayacak. 1909 Adana katliam\u0131 s\u0131ras\u0131nda Osmaniye kaymakam\u0131yd\u0131m. Az kals\u0131n as\u0131lacakt\u0131m, kelleyi zor kurtard\u0131m. Durumu iyi g\u00f6rm\u00fcyorum. Ba\u015fkalar\u0131n\u0131n ma\u015fas\u0131 olmak istemiyorum. Bir iki hafta i\u00e7inde \u0130stanbul\u2019a gidece\u011fim. Devlet memurlu\u011funu b\u0131rakarak, eski mesle\u011fime, avukatl\u0131\u011fa d\u00f6nece\u011fim.<\/i><\/b>\u201d<br \/>\nGer\u00e7ekten de Asaf on be\u015f g\u00fcn sonra istifa edip \u0130stanbul\u2019a d\u00f6necekti.<br \/>\n1918\u2019de M\u00fctareke sonras\u0131nda, tam da onun \u00f6ng\u00f6rd\u00fc\u011f\u00fc gibi \u0130ttihat\u00e7\u0131 klik bu su\u00e7u birlikte i\u015fledi\u011fi su\u00e7 ortaklar\u0131 olan alt ve \u00fcst kademedeki memurlar\u0131 kendi kaderlerine terk ederek yurtd\u0131\u015f\u0131na ka\u00e7t\u0131.\u201d<br \/>\n*<br \/>\n90\u2019l\u0131 y\u0131llarda kirli sava\u015f d\u00f6neminde nice idareci, kaymakam, vali, nahiye m\u00fcd\u00fcr\u00fc benzeri durumlarla kar\u015f\u0131la\u015ft\u0131lar. Acaba ka\u00e7 tanesi istifa etti diye merak ediyorum.<br \/>\n\u0130lahi Asaf Bey, bo\u015funa istifa etmi\u015fsiniz. En fazla Malta\u2019ya 1. s\u0131n\u0131f s\u00fcrg\u00fcn olarak yollan\u0131r ve oradan \u201c<b>kahraman<\/b>\u201d olarak d\u00f6ner; bakan, hatta Meclis Ba\u015fkan\u0131 bile olurdunuz. <b>Abd\u00fclhalik Renda<\/b> Hazretleri gibi.<i><br \/>\n(*) Yak\u0131nda Belge Yay\u0131nlar\u0131 taraf\u0131ndan yay\u0131mlanacak.<\/i><\/p>\n<p style=\"text-align: justify\"><b><i>http:\/\/www.taraf.com.tr\/haber\/murat-belge-nin-dedesi-asaf-bey.htm<\/i><\/b><\/p>\n","protected":false},"excerpt":{"rendered":"<p>RAGIP ZARAKOLU Asaf, \u201cKelegyan Efendi, siz benim hocams\u0131n\u0131z, sizi severim. \u015eu telgraf\u0131 al\u0131n okuyun\u201d diyerek masas\u0131n\u0131n \u00e7ekmecesinden resm\u00ee antetli \u015fifreli bir telgraf \u00e7\u0131kard\u0131. \u015eifre ayr\u0131 bir k\u00e2\u011f\u0131tta \u00e7\u00f6z\u00fclm\u00fc\u015ft\u00fc: \u201c\u015eimdiye kadar ka\u00e7 Ermeni\u2019nin \u00f6ld\u00fc\u011f\u00fcn\u00fc, ka\u00e7\u0131n\u0131n sa\u011f kald\u0131\u011f\u0131n\u0131 derhal telgrafla bildirin. Talat.\u201d Kelegyan, \u201cNe demek oluyor bu?\u201d dedi. Asaf: \u201cEn basit \u015fekliyle, bunun anlam\u0131 \u015fu: \u2018\u015eimdiye kadar [&hellip;]<\/p>\n","protected":false},"author":3,"featured_media":0,"comment_status":"open","ping_status":"open","sticky":false,"template":"","format":"standard","meta":{"footnotes":""},"categories":[6,14,26],"tags":[],"class_list":["post-28493","post","type-post","status-publish","format-standard","hentry","category-ermeni-soykirimi","category-haberler","category-makaleler"],"yoast_head":"<!-- This site is optimized with the Yoast SEO plugin v27.4 - https:\/\/yoast.com\/product\/yoast-seo-wordpress\/ -->\n<title>Murat Belge\u2019nin dedesi Asaf Bey - Bati Ermenistan Ve Bati Ermenileri Sorunlari Ara\u015ftirmalar Merkezi<\/title>\n<meta name=\"robots\" content=\"index, follow, max-snippet:-1, max-image-preview:large, max-video-preview:-1\" \/>\n<link rel=\"canonical\" href=\"https:\/\/akunq.net\/turkish\/2014\/02\/18\/murat-belgenin-dedesi-asaf-bey\/\" \/>\n<meta property=\"og:locale\" content=\"en_US\" \/>\n<meta property=\"og:type\" content=\"article\" \/>\n<meta property=\"og:title\" content=\"Murat Belge\u2019nin dedesi Asaf Bey - Bati Ermenistan Ve Bati Ermenileri Sorunlari Ara\u015ftirmalar Merkezi\" \/>\n<meta property=\"og:description\" content=\"RAGIP ZARAKOLU Asaf, \u201cKelegyan Efendi, siz benim hocams\u0131n\u0131z, sizi severim. \u015eu telgraf\u0131 al\u0131n okuyun\u201d diyerek masas\u0131n\u0131n \u00e7ekmecesinden resm\u00ee antetli \u015fifreli bir telgraf \u00e7\u0131kard\u0131. \u015eifre ayr\u0131 bir k\u00e2\u011f\u0131tta \u00e7\u00f6z\u00fclm\u00fc\u015ft\u00fc: \u201c\u015eimdiye kadar ka\u00e7 Ermeni\u2019nin \u00f6ld\u00fc\u011f\u00fcn\u00fc, ka\u00e7\u0131n\u0131n sa\u011f kald\u0131\u011f\u0131n\u0131 derhal telgrafla bildirin. Talat.\u201d Kelegyan, \u201cNe demek oluyor bu?\u201d dedi. Asaf: \u201cEn basit \u015fekliyle, bunun anlam\u0131 \u015fu: \u2018\u015eimdiye kadar [&hellip;]\" \/>\n<meta property=\"og:url\" content=\"https:\/\/akunq.net\/turkish\/2014\/02\/18\/murat-belgenin-dedesi-asaf-bey\/\" \/>\n<meta property=\"og:site_name\" content=\"Bati Ermenistan Ve Bati Ermenileri Sorunlari Ara\u015ftirmalar Merkezi\" \/>\n<meta property=\"article:published_time\" content=\"2014-02-18T06:49:28+00:00\" \/>\n<meta property=\"og:image\" content=\"https:\/\/akunq.net\/turkish\/wp-content\/uploads\/sites\/5\/2014\/02\/Grigoris-Balakian.jpg\" \/>\n\t<meta property=\"og:image:width\" content=\"380\" \/>\n\t<meta property=\"og:image:height\" content=\"255\" \/>\n\t<meta property=\"og:image:type\" content=\"image\/jpeg\" \/>\n<meta name=\"author\" content=\"kalem\" \/>\n<meta name=\"twitter:card\" content=\"summary_large_image\" \/>\n<meta name=\"twitter:label1\" content=\"Written by\" \/>\n\t<meta name=\"twitter:data1\" content=\"kalem\" \/>\n\t<meta name=\"twitter:label2\" content=\"Est. reading time\" \/>\n\t<meta name=\"twitter:data2\" content=\"5 minutes\" \/>\n<script type=\"application\/ld+json\" class=\"yoast-schema-graph\">{\"@context\":\"https:\\\/\\\/schema.org\",\"@graph\":[{\"@type\":\"Article\",\"@id\":\"https:\\\/\\\/akunq.net\\\/turkish\\\/2014\\\/02\\\/18\\\/murat-belgenin-dedesi-asaf-bey\\\/#article\",\"isPartOf\":{\"@id\":\"https:\\\/\\\/akunq.net\\\/turkish\\\/2014\\\/02\\\/18\\\/murat-belgenin-dedesi-asaf-bey\\\/\"},\"author\":{\"name\":\"kalem\",\"@id\":\"https:\\\/\\\/akunq.net\\\/turkish\\\/#\\\/schema\\\/person\\\/135e7923d1aeb8887890799619969a6c\"},\"headline\":\"Murat Belge\u2019nin dedesi Asaf Bey\",\"datePublished\":\"2014-02-18T06:49:28+00:00\",\"mainEntityOfPage\":{\"@id\":\"https:\\\/\\\/akunq.net\\\/turkish\\\/2014\\\/02\\\/18\\\/murat-belgenin-dedesi-asaf-bey\\\/\"},\"wordCount\":1039,\"commentCount\":0,\"image\":{\"@id\":\"https:\\\/\\\/akunq.net\\\/turkish\\\/2014\\\/02\\\/18\\\/murat-belgenin-dedesi-asaf-bey\\\/#primaryimage\"},\"thumbnailUrl\":\"http:\\\/\\\/akunq.net\\\/tr\\\/wp-content\\\/uploads\\\/2014\\\/02\\\/Grigoris-Balakian-300x201.jpg\",\"articleSection\":[\"Ermeni Soyk\u0131r\u0131m\u0131\",\"Haberler\",\"Makaleler\"],\"inLanguage\":\"en-US\",\"potentialAction\":[{\"@type\":\"CommentAction\",\"name\":\"Comment\",\"target\":[\"https:\\\/\\\/akunq.net\\\/turkish\\\/2014\\\/02\\\/18\\\/murat-belgenin-dedesi-asaf-bey\\\/#respond\"]}]},{\"@type\":\"WebPage\",\"@id\":\"https:\\\/\\\/akunq.net\\\/turkish\\\/2014\\\/02\\\/18\\\/murat-belgenin-dedesi-asaf-bey\\\/\",\"url\":\"https:\\\/\\\/akunq.net\\\/turkish\\\/2014\\\/02\\\/18\\\/murat-belgenin-dedesi-asaf-bey\\\/\",\"name\":\"Murat Belge\u2019nin dedesi Asaf Bey - Bati Ermenistan Ve Bati Ermenileri Sorunlari Ara\u015ftirmalar Merkezi\",\"isPartOf\":{\"@id\":\"https:\\\/\\\/akunq.net\\\/turkish\\\/#website\"},\"primaryImageOfPage\":{\"@id\":\"https:\\\/\\\/akunq.net\\\/turkish\\\/2014\\\/02\\\/18\\\/murat-belgenin-dedesi-asaf-bey\\\/#primaryimage\"},\"image\":{\"@id\":\"https:\\\/\\\/akunq.net\\\/turkish\\\/2014\\\/02\\\/18\\\/murat-belgenin-dedesi-asaf-bey\\\/#primaryimage\"},\"thumbnailUrl\":\"http:\\\/\\\/akunq.net\\\/tr\\\/wp-content\\\/uploads\\\/2014\\\/02\\\/Grigoris-Balakian-300x201.jpg\",\"datePublished\":\"2014-02-18T06:49:28+00:00\",\"author\":{\"@id\":\"https:\\\/\\\/akunq.net\\\/turkish\\\/#\\\/schema\\\/person\\\/135e7923d1aeb8887890799619969a6c\"},\"breadcrumb\":{\"@id\":\"https:\\\/\\\/akunq.net\\\/turkish\\\/2014\\\/02\\\/18\\\/murat-belgenin-dedesi-asaf-bey\\\/#breadcrumb\"},\"inLanguage\":\"en-US\",\"potentialAction\":[{\"@type\":\"ReadAction\",\"target\":[\"https:\\\/\\\/akunq.net\\\/turkish\\\/2014\\\/02\\\/18\\\/murat-belgenin-dedesi-asaf-bey\\\/\"]}]},{\"@type\":\"ImageObject\",\"inLanguage\":\"en-US\",\"@id\":\"https:\\\/\\\/akunq.net\\\/turkish\\\/2014\\\/02\\\/18\\\/murat-belgenin-dedesi-asaf-bey\\\/#primaryimage\",\"url\":\"http:\\\/\\\/akunq.net\\\/tr\\\/wp-content\\\/uploads\\\/2014\\\/02\\\/Grigoris-Balakian-300x201.jpg\",\"contentUrl\":\"http:\\\/\\\/akunq.net\\\/tr\\\/wp-content\\\/uploads\\\/2014\\\/02\\\/Grigoris-Balakian-300x201.jpg\"},{\"@type\":\"BreadcrumbList\",\"@id\":\"https:\\\/\\\/akunq.net\\\/turkish\\\/2014\\\/02\\\/18\\\/murat-belgenin-dedesi-asaf-bey\\\/#breadcrumb\",\"itemListElement\":[{\"@type\":\"ListItem\",\"position\":1,\"name\":\"Home\",\"item\":\"https:\\\/\\\/akunq.net\\\/turkish\\\/\"},{\"@type\":\"ListItem\",\"position\":2,\"name\":\"Murat Belge\u2019nin dedesi Asaf Bey\"}]},{\"@type\":\"WebSite\",\"@id\":\"https:\\\/\\\/akunq.net\\\/turkish\\\/#website\",\"url\":\"https:\\\/\\\/akunq.net\\\/turkish\\\/\",\"name\":\"Bati Ermenistan Ve Bati Ermenileri Sorunlari Ara\u015ftirmalar Merkezi\",\"description\":\"\",\"potentialAction\":[{\"@type\":\"SearchAction\",\"target\":{\"@type\":\"EntryPoint\",\"urlTemplate\":\"https:\\\/\\\/akunq.net\\\/turkish\\\/?s={search_term_string}\"},\"query-input\":{\"@type\":\"PropertyValueSpecification\",\"valueRequired\":true,\"valueName\":\"search_term_string\"}}],\"inLanguage\":\"en-US\"},{\"@type\":\"Person\",\"@id\":\"https:\\\/\\\/akunq.net\\\/turkish\\\/#\\\/schema\\\/person\\\/135e7923d1aeb8887890799619969a6c\",\"name\":\"kalem\",\"image\":{\"@type\":\"ImageObject\",\"inLanguage\":\"en-US\",\"@id\":\"https:\\\/\\\/secure.gravatar.com\\\/avatar\\\/a06875e4b25feb5674296adf8e8a7ae1e587cebce2493fe63c456109967e27d3?s=96&d=mm&r=g\",\"url\":\"https:\\\/\\\/secure.gravatar.com\\\/avatar\\\/a06875e4b25feb5674296adf8e8a7ae1e587cebce2493fe63c456109967e27d3?s=96&d=mm&r=g\",\"contentUrl\":\"https:\\\/\\\/secure.gravatar.com\\\/avatar\\\/a06875e4b25feb5674296adf8e8a7ae1e587cebce2493fe63c456109967e27d3?s=96&d=mm&r=g\",\"caption\":\"kalem\"},\"url\":\"https:\\\/\\\/akunq.net\\\/turkish\\\/author\\\/kalem\\\/\"}]}<\/script>\n<!-- \/ Yoast SEO plugin. -->","yoast_head_json":{"title":"Murat Belge\u2019nin dedesi Asaf Bey - Bati Ermenistan Ve Bati Ermenileri Sorunlari Ara\u015ftirmalar Merkezi","robots":{"index":"index","follow":"follow","max-snippet":"max-snippet:-1","max-image-preview":"max-image-preview:large","max-video-preview":"max-video-preview:-1"},"canonical":"https:\/\/akunq.net\/turkish\/2014\/02\/18\/murat-belgenin-dedesi-asaf-bey\/","og_locale":"en_US","og_type":"article","og_title":"Murat Belge\u2019nin dedesi Asaf Bey - Bati Ermenistan Ve Bati Ermenileri Sorunlari Ara\u015ftirmalar Merkezi","og_description":"RAGIP ZARAKOLU Asaf, \u201cKelegyan Efendi, siz benim hocams\u0131n\u0131z, sizi severim. \u015eu telgraf\u0131 al\u0131n okuyun\u201d diyerek masas\u0131n\u0131n \u00e7ekmecesinden resm\u00ee antetli \u015fifreli bir telgraf \u00e7\u0131kard\u0131. \u015eifre ayr\u0131 bir k\u00e2\u011f\u0131tta \u00e7\u00f6z\u00fclm\u00fc\u015ft\u00fc: \u201c\u015eimdiye kadar ka\u00e7 Ermeni\u2019nin \u00f6ld\u00fc\u011f\u00fcn\u00fc, ka\u00e7\u0131n\u0131n sa\u011f kald\u0131\u011f\u0131n\u0131 derhal telgrafla bildirin. Talat.\u201d Kelegyan, \u201cNe demek oluyor bu?\u201d dedi. Asaf: \u201cEn basit \u015fekliyle, bunun anlam\u0131 \u015fu: \u2018\u015eimdiye kadar [&hellip;]","og_url":"https:\/\/akunq.net\/turkish\/2014\/02\/18\/murat-belgenin-dedesi-asaf-bey\/","og_site_name":"Bati Ermenistan Ve Bati Ermenileri Sorunlari Ara\u015ftirmalar Merkezi","article_published_time":"2014-02-18T06:49:28+00:00","og_image":[{"width":380,"height":255,"url":"https:\/\/akunq.net\/turkish\/wp-content\/uploads\/sites\/5\/2014\/02\/Grigoris-Balakian.jpg","type":"image\/jpeg"}],"author":"kalem","twitter_card":"summary_large_image","twitter_misc":{"Written by":"kalem","Est. reading time":"5 minutes"},"schema":{"@context":"https:\/\/schema.org","@graph":[{"@type":"Article","@id":"https:\/\/akunq.net\/turkish\/2014\/02\/18\/murat-belgenin-dedesi-asaf-bey\/#article","isPartOf":{"@id":"https:\/\/akunq.net\/turkish\/2014\/02\/18\/murat-belgenin-dedesi-asaf-bey\/"},"author":{"name":"kalem","@id":"https:\/\/akunq.net\/turkish\/#\/schema\/person\/135e7923d1aeb8887890799619969a6c"},"headline":"Murat Belge\u2019nin dedesi Asaf Bey","datePublished":"2014-02-18T06:49:28+00:00","mainEntityOfPage":{"@id":"https:\/\/akunq.net\/turkish\/2014\/02\/18\/murat-belgenin-dedesi-asaf-bey\/"},"wordCount":1039,"commentCount":0,"image":{"@id":"https:\/\/akunq.net\/turkish\/2014\/02\/18\/murat-belgenin-dedesi-asaf-bey\/#primaryimage"},"thumbnailUrl":"http:\/\/akunq.net\/tr\/wp-content\/uploads\/2014\/02\/Grigoris-Balakian-300x201.jpg","articleSection":["Ermeni Soyk\u0131r\u0131m\u0131","Haberler","Makaleler"],"inLanguage":"en-US","potentialAction":[{"@type":"CommentAction","name":"Comment","target":["https:\/\/akunq.net\/turkish\/2014\/02\/18\/murat-belgenin-dedesi-asaf-bey\/#respond"]}]},{"@type":"WebPage","@id":"https:\/\/akunq.net\/turkish\/2014\/02\/18\/murat-belgenin-dedesi-asaf-bey\/","url":"https:\/\/akunq.net\/turkish\/2014\/02\/18\/murat-belgenin-dedesi-asaf-bey\/","name":"Murat Belge\u2019nin dedesi Asaf Bey - Bati Ermenistan Ve Bati Ermenileri Sorunlari Ara\u015ftirmalar Merkezi","isPartOf":{"@id":"https:\/\/akunq.net\/turkish\/#website"},"primaryImageOfPage":{"@id":"https:\/\/akunq.net\/turkish\/2014\/02\/18\/murat-belgenin-dedesi-asaf-bey\/#primaryimage"},"image":{"@id":"https:\/\/akunq.net\/turkish\/2014\/02\/18\/murat-belgenin-dedesi-asaf-bey\/#primaryimage"},"thumbnailUrl":"http:\/\/akunq.net\/tr\/wp-content\/uploads\/2014\/02\/Grigoris-Balakian-300x201.jpg","datePublished":"2014-02-18T06:49:28+00:00","author":{"@id":"https:\/\/akunq.net\/turkish\/#\/schema\/person\/135e7923d1aeb8887890799619969a6c"},"breadcrumb":{"@id":"https:\/\/akunq.net\/turkish\/2014\/02\/18\/murat-belgenin-dedesi-asaf-bey\/#breadcrumb"},"inLanguage":"en-US","potentialAction":[{"@type":"ReadAction","target":["https:\/\/akunq.net\/turkish\/2014\/02\/18\/murat-belgenin-dedesi-asaf-bey\/"]}]},{"@type":"ImageObject","inLanguage":"en-US","@id":"https:\/\/akunq.net\/turkish\/2014\/02\/18\/murat-belgenin-dedesi-asaf-bey\/#primaryimage","url":"http:\/\/akunq.net\/tr\/wp-content\/uploads\/2014\/02\/Grigoris-Balakian-300x201.jpg","contentUrl":"http:\/\/akunq.net\/tr\/wp-content\/uploads\/2014\/02\/Grigoris-Balakian-300x201.jpg"},{"@type":"BreadcrumbList","@id":"https:\/\/akunq.net\/turkish\/2014\/02\/18\/murat-belgenin-dedesi-asaf-bey\/#breadcrumb","itemListElement":[{"@type":"ListItem","position":1,"name":"Home","item":"https:\/\/akunq.net\/turkish\/"},{"@type":"ListItem","position":2,"name":"Murat Belge\u2019nin dedesi Asaf Bey"}]},{"@type":"WebSite","@id":"https:\/\/akunq.net\/turkish\/#website","url":"https:\/\/akunq.net\/turkish\/","name":"Bati Ermenistan Ve Bati Ermenileri Sorunlari Ara\u015ftirmalar Merkezi","description":"","potentialAction":[{"@type":"SearchAction","target":{"@type":"EntryPoint","urlTemplate":"https:\/\/akunq.net\/turkish\/?s={search_term_string}"},"query-input":{"@type":"PropertyValueSpecification","valueRequired":true,"valueName":"search_term_string"}}],"inLanguage":"en-US"},{"@type":"Person","@id":"https:\/\/akunq.net\/turkish\/#\/schema\/person\/135e7923d1aeb8887890799619969a6c","name":"kalem","image":{"@type":"ImageObject","inLanguage":"en-US","@id":"https:\/\/secure.gravatar.com\/avatar\/a06875e4b25feb5674296adf8e8a7ae1e587cebce2493fe63c456109967e27d3?s=96&d=mm&r=g","url":"https:\/\/secure.gravatar.com\/avatar\/a06875e4b25feb5674296adf8e8a7ae1e587cebce2493fe63c456109967e27d3?s=96&d=mm&r=g","contentUrl":"https:\/\/secure.gravatar.com\/avatar\/a06875e4b25feb5674296adf8e8a7ae1e587cebce2493fe63c456109967e27d3?s=96&d=mm&r=g","caption":"kalem"},"url":"https:\/\/akunq.net\/turkish\/author\/kalem\/"}]}},"_links":{"self":[{"href":"https:\/\/akunq.net\/turkish\/wp-json\/wp\/v2\/posts\/28493","targetHints":{"allow":["GET"]}}],"collection":[{"href":"https:\/\/akunq.net\/turkish\/wp-json\/wp\/v2\/posts"}],"about":[{"href":"https:\/\/akunq.net\/turkish\/wp-json\/wp\/v2\/types\/post"}],"author":[{"embeddable":true,"href":"https:\/\/akunq.net\/turkish\/wp-json\/wp\/v2\/users\/3"}],"replies":[{"embeddable":true,"href":"https:\/\/akunq.net\/turkish\/wp-json\/wp\/v2\/comments?post=28493"}],"version-history":[{"count":0,"href":"https:\/\/akunq.net\/turkish\/wp-json\/wp\/v2\/posts\/28493\/revisions"}],"wp:attachment":[{"href":"https:\/\/akunq.net\/turkish\/wp-json\/wp\/v2\/media?parent=28493"}],"wp:term":[{"taxonomy":"category","embeddable":true,"href":"https:\/\/akunq.net\/turkish\/wp-json\/wp\/v2\/categories?post=28493"},{"taxonomy":"post_tag","embeddable":true,"href":"https:\/\/akunq.net\/turkish\/wp-json\/wp\/v2\/tags?post=28493"}],"curies":[{"name":"wp","href":"https:\/\/api.w.org\/{rel}","templated":true}]}}