{"id":28411,"date":"2014-02-13T02:27:18","date_gmt":"2014-02-13T07:27:18","guid":{"rendered":"http:\/\/akunq.net\/tr\/?p=28411"},"modified":"2014-02-13T02:27:18","modified_gmt":"2014-02-13T07:27:18","slug":"bese-hozatin-attigi-tas","status":"publish","type":"post","link":"https:\/\/akunq.net\/turkish\/2014\/02\/13\/bese-hozatin-attigi-tas\/","title":{"rendered":"Bese Hozat\u2019\u0131n att\u0131\u011f\u0131 ta\u015f"},"content":{"rendered":"<p style=\"text-align: justify\"><b><a href=\"http:\/\/akunq.net\/tr\/?attachment_id=28412\" rel=\"attachment wp-att-28412\"><img decoding=\"async\" class=\"alignright size-medium wp-image-28412\" alt=\"Diran Lokmag\u00f6zyan\" src=\"http:\/\/akunq.net\/tr\/wp-content\/uploads\/2014\/02\/Diran-Lokmag\u00f6zyan.bmp\" \/><\/a>Diran Lokmag\u00f6zyan<\/b><\/p>\n<p style=\"text-align: justify\"><b><i>\u00d6calan taraf\u0131ndan ilan edilen ve sab\u0131rs\u0131zl\u0131kla beklenen \u201cmektup\u201d nihayet a\u00e7\u0131kland\u0131. Bese Hozat\u2019\u0131n s\u00f6zlerinden sonra, g\u00f6zlerimizi \u00d6calan\u2019\u0131n bu a\u00e7\u0131klamas\u0131na \u00e7evirmi\u015f halde, \u201ckim ne diyor ve kim ne anl\u0131yor\u201d diye bir sonuca varmay\u0131 beklemekteydik. <\/i><\/b><\/p>\n<p style=\"text-align: justify\">Ancak\u2026 Bu \u201cmektup\u201d yeteri kadar net bir s\u00f6ylem bar\u0131nd\u0131rmad\u0131\u011f\u0131ndan dolay\u0131, bulanan zihinleri berrakla\u015ft\u0131rman\u0131n aksine, sadece daha da bulan\u0131kla\u015fmas\u0131na vesile olmakla kalmam\u0131\u015f (veya anlatmak istedi\u011fini a\u00e7\u0131k\u00e7a ifade etmekten \u00e7ekinip, \u00fcst\u00fc kapal\u0131 bir \u015fekilde derdini anlatmaya \u00e7al\u0131\u015fm\u0131\u015f), ayn\u0131 zamanda bir\u00e7ok yeni sorular\u0131 da beraberinde getirmi\u015ftir.<\/p>\n<p style=\"text-align: justify\">Bu yaz\u0131da, \u00d6calan\u2019\u0131n s\u00f6zlerinden baz\u0131 al\u0131nt\u0131lar sunup bu s\u00f6zleri a\u00e7\u0131klamaya \u00e7al\u0131\u015farak, bunlarla ilgili d\u00fc\u015f\u00fcncelerimizi aktaracak, ard\u0131ndan da bu s\u00fcre\u00e7te farkl\u0131 ki\u015fi ve kurulu\u015flar\u0131n konuyla ilgili yaz\u0131lar\u0131ndan baz\u0131 pasajlar\u0131 ele alaca\u011f\u0131z.<\/p>\n<p style=\"text-align: justify\">\u00d6calan\u2019dan ba\u015flayal\u0131m.<\/p>\n<p style=\"text-align: justify\">\u00d6rne\u011fin PKK \u201cliderli\u011fi\u201d, \u201cErmenilere y\u00f6nelik\u201d \u00fcnl\u00fc mektubunda, <b><i>\u00d6zellikle kapitalist modernite ve onun tap\u0131na\u011f\u0131 ulus devletlerin sa\u00e7t\u0131\u011f\u0131 zehir nedeniyle bu topraklar adeta halklar ve k\u00fclt\u00fcrler mezarl\u0131\u011f\u0131na d\u00f6nm\u00fc\u015ft\u00fcr<\/i><\/b> derken, nedense K\u00fcrtlerin <b>toplu olarak<\/b>, \u201ckapitalist modernite ve onun tap\u0131na\u011f\u0131 ulus devletlerin\u201d i\u015fbirlik\u00e7isi ve orta\u011f\u0131 rol\u00fcnde, <b>bilfiil<\/b> Ermeni Soyk\u0131r\u0131m\u0131\u2019n\u0131 uygulayan ba\u015fl\u0131ca g\u00fc\u00e7 olduklar\u0131 ve \u201cbirlikte kan d\u00f6kt\u00fck\u201d \u015fiar\u0131yla bunu devlete (veya T\u00fcrk milliyet\u00e7ilerine) yaranma amac\u0131yla s\u00fcrekli dillendirdiklerini g\u00f6rmezden gelmektedir.<\/p>\n<p style=\"text-align: justify\">Son on y\u0131llarda \u00e7ok moda olan ve herkes taraf\u0131ndan kullan\u0131lan demokrasi, bar\u0131\u015f, karde\u015flik (kendilerinin), milliyet\u00e7ilik, \u0131rk\u00e7\u0131l\u0131k, lobizm (di\u011ferlerinin) benzeri ilgin\u00e7, fakat sadece s\u00f6yleyenlerin ger\u00e7ek niyetlerini saklayan birer paravan olarak kullan\u0131lan kelimeler, \u00d6calan ve \u015f\u00fcrek\u00e2s\u0131 taraf\u0131ndan da bol-bol kullan\u0131lmaktad\u0131r. Bu ba\u011flamda \u00d6calan\u2019\u0131n, <b><i>Halklar\u0131m\u0131z aras\u0131na han\u00e7er gibi sokulan \u0131rk\u00e7\u0131-milliyet\u00e7i ak\u0131mlar<\/i><\/b> c\u00fcmlesi kar\u015f\u0131s\u0131nda 1915 mazlumu Ermenilerin, ge\u00e7mi\u015fin zalimi ve bug\u00fcn\u00fcn mazlumu K\u00fcrt halk\u0131 ve y\u00f6neticilerinden, ancak halklar\u0131m\u0131z aras\u0131na sokulan bu \u0131rk\u00e7\u0131-milliyet\u00e7i han\u00e7erin 1915\u2019te kimin elinde bulunmu\u015f oldu\u011funu d\u00fc\u015f\u00fcnd\u00fckten sonra, Ermenilere <b><i>na\u00e7izane<\/i> <\/b>olarak,<b> <i>milliyet\u00e7i tuzaklara d\u00fc\u015fmeden, halklar\u0131m\u0131z\u0131 daha y\u00fczy\u0131llar boyunca \u00e7at\u0131\u015ft\u0131rmay\u0131 hedefleyen uluslararas\u0131 sermaye g\u00fc\u00e7lerinin ve lobilerinin sinsi ama\u00e7lar\u0131ndan uzak durarak m\u00fccadelesini s\u00fcrd\u00fcrmesini \u00f6nermesini<\/i><\/b> bekleme hakk\u0131 vard\u0131r.<\/p>\n<p style=\"text-align: justify\">\u00d6zellikle devlete biat edip, durup dururken, <b><i>Ara\u00e7 olarak da b\u00fcy\u00fck sermaye lobilerini ve son d\u00f6nemlerde de cemaat t\u00fcr\u00fc yap\u0131lar\u0131 kulland\u0131lar<\/i><\/b> c\u00fcmlesiyle G\u00fclen cemaatine kar\u015f\u0131 duru\u015f sergileyerek, i\u00e7 siyaset m\u00fccadelesinde Erdo\u011fan\u2019\u0131n taraftarl\u0131\u011f\u0131na soyunmas\u0131, ayr\u0131ca Ermeni ve Rum lobilerinden bahsetmesi ile daha \u00f6nceki <b><i>medya ve\u00a0i\u015f adamlar\u0131na da s\u0131zm\u0131\u015flar. Sadece MIT kalm\u0131\u015f<\/i><\/b> \u015feklindeki a\u00e7\u0131k ifadesiyle, bir zamanlar\u0131n can d\u00fc\u015fman\u0131 ve g\u00fcn\u00fcm\u00fczdeki orta\u011f\u0131 M\u0130T\u2019e yaranmaya \u00e7al\u0131\u015fmas\u0131ndan sonra, art\u0131k <b><i>Bizler, bu \u00e7er\u00e7eveden bak\u0131ld\u0131\u011f\u0131nda sadece K\u00fcrt halk\u0131n\u0131n de\u011fil; bu kadim co\u011frafyan\u0131n b\u00fct\u00fcn halklar\u0131n\u0131n ve inan\u00e7lar\u0131n\u0131n \u00f6zg\u00fcrl\u00fc\u011f\u00fc i\u00e7in m\u00fccadele ediyoruz, diyebiliriz,<\/i><\/b> s\u00f6z\u00fcne ne derece itibar edilebilece\u011fi netle\u015fmektedir. \u00d6zellikle de, tersine faaliyetleri gayet belirgin okudu\u011fumuz durumunda.<\/p>\n<p style=\"text-align: justify\">Bu arada, <b><i>bu topraklarda ya\u015fayan b\u00fct\u00fcn kadim halklar bu topraklar\u0131n sahibidir ve payla\u015famayacaklar\u0131 hi\u00e7bir \u015fey yoktur <\/i><\/b>diyen \u00d6calan, bu topraklar\u0131n \u201ckadim halklar\u0131\u201d olarak <b><i>K\u00fcrt, T\u00fcrk, Arap, Fars, Ermeni<\/i><\/b> halklar\u0131n\u0131 sayarak, kendisinin \u201cbu topraklar\u201d olarak kastetti\u011fi b\u00f6lgenin neresi oldu\u011fu konusunda soru i\u015faretleri yaratmaktad\u0131r. S\u00f6z konusu olan, g\u00fcn\u00fcm\u00fcz T\u00fcrkiye Cumhuriyeti b\u00f6lgesiyse, \u201cArap ve Fars\u201d halk\u0131n\u0131 \u201cbu topraklar\u0131n kadim halklar\u0131\u201d aras\u0131nda saymak ne anlama gelmektedir? Aksi durumda, \u201cbu topraklarla\u201d neyin ifade edildi\u011fi konusunda bizi bilgilendirme durumundad\u0131r. Sadece bu konuda de\u011fil, \u00f6rne\u011fin, <b><i>Bu da ancak ger\u00e7ek bir adalet \u00fczerine in\u015fa edilmi\u015f tarihi bir bar\u0131\u015fla olur<\/i><\/b> diye a\u00e7\u0131klamada bulunan \u00d6calan\u2019\u0131n haricinde, Bese Hozat ile daha ba\u015fkalar\u0131 taraf\u0131ndan da son zamanlarda ortaya s\u00fcr\u00fclenlerin \u0131\u015f\u0131\u011f\u0131nda bu bar\u0131\u015fa giden yolu kendisinin nas\u0131l tasavvur etti\u011fini de a\u00e7\u0131k\u00e7a ortaya koyma zorunlulu\u011fu do\u011fmaktad\u0131r.<\/p>\n<p style=\"text-align: justify\">Bese Hozat\u2019\u0131n s\u00f6zlerinden sonra, Ermeniler aras\u0131nda olu\u015fan infial dalgas\u0131n\u0131, K\u00fcrt cephesinden baz\u0131 ki\u015filer hayret, hatta baz\u0131lar\u0131 \u00f6fkeyle kar\u015f\u0131lam\u0131\u015f, Hozat\u2019a y\u00f6nelik tepkinin, ayn\u0131 s\u00f6zleri dile getirmi\u015f olan \u00d6calan\u2019a g\u00f6sterilmedi\u011fini belirtip hepimizi ikiy\u00fczl\u00fcl\u00fckle damgalayarak, Hozat\u2019\u0131n kad\u0131n kimli\u011finin bu yakla\u015f\u0131mda etkili olabilece\u011fi gibi g\u00fcl\u00fcn\u00e7 yakla\u015f\u0131mlar sergileyecek kadar ileri gitmi\u015flerdir.<\/p>\n<p style=\"text-align: justify\">Bu tenkitlerden baz\u0131lar\u0131n\u0131, \u00f6rne\u011fin \u00d6calan\u2019\u0131n<b> <i>T\u00fcrk halk\u0131 bilmeli ki K\u00fcrtlerin bin y\u0131la yak\u0131n \u0130slam bayra\u011f\u0131 alt\u0131ndaki ortak ya\u015famlar\u0131 karde\u015flik ve dayan\u0131\u015fma hukukuna dayanmaktad\u0131r<\/i><\/b> a\u00e7\u0131klamas\u0131ndan rahats\u0131z olan Alevilerle ilgili, <b><i>Alevilerin o s\u00fcre\u00e7teki \u00e7\u0131\u011fl\u0131\u011f\u0131n\u0131, Rumlar ve Ermeniler duymu\u015f olsayd\u0131, HDP ve benzerleri bizzat meselenin \u00fcst\u00fcn\u00fc \u00f6rtmeye \u00e7al\u0131\u015fmasayd\u0131, bug\u00fcn \u00d6calan belki de bu kadar rahat Ermenileri ve Rumlar\u0131 \u00f6tekile\u015ftirecek a\u00e7\u0131klamalarda bulunamayacakt\u0131<\/i><\/b> s\u00f6zlerinde oldu\u011fu gibi (Mehmet Ali Do\u011fan), gayet hakl\u0131 buldu\u011fumuzu da eklemek gerekir.<\/p>\n<p style=\"text-align: justify\">H\u00e2lbuki baz\u0131 \u201cdestek\u00e7iler\u201d kabul edilmezi kabul edilir k\u0131lmaya \u00e7al\u0131\u015farak bir\u00e7ok yerde kendi kendilerine, bir\u00e7ok yerde ise e\u015fyan\u0131n tabiat\u0131na ayk\u0131r\u0131 d\u00fc\u015fmektedir. \u00d6rne\u011fin <b><i>K\u00fcrt Hareketi halklar ve inan\u00e7lar konusunda her zaman devlete ve egemen d\u00fczene kar\u015f\u0131 ko\u015fulsuz olarak halklar ve inan\u00e7larla beraber olmay\u0131 en \u00f6nemli g\u00f6revlerinden bildi. Bu Ermeniler, Rumlar ve Yahudiler i\u00e7in de ge\u00e7erlidir<\/i><\/b> diyen Muhammed Cihad Ebrari gibileri, \u00d6calan ve Hozat\u2019\u0131n s\u00f6zlerinin tam da bunun kar\u015f\u0131t\u0131n\u0131 ifade edip, K\u00fcrt hareketinin devlet ve egemen d\u00fczenle kolkola, halklar ve inan\u00e7lara kar\u015f\u0131 hareket etmeye ba\u015flad\u0131\u011f\u0131n\u0131 g\u00f6sterdi\u011finin \u00fcst\u00fcn\u00fc \u00f6rtmeye \u00e7al\u0131\u015fmakta, <b><i>Yakalan\u0131\u015f\u0131 bile bu lobilerin ve paralel devletlerin i\u00e7inde oldu\u011fu Gladio operasyonudur bunu da bu \u015fekilde ifade etti<\/i><\/b> sav\u0131n\u0131 \u00f6ne s\u00fcr\u00fcp, ger\u00e7ekte bir M\u0130T, MOSSAD, C\u0130A i\u015fbirli\u011fi sonucunda ger\u00e7ekle\u015fmi\u015f olan \u00d6calan\u2019\u0131n yakalan\u0131\u015f\u0131n\u0131 da \u201cErmeni ve Rum lobilerine\u201d ba\u011flayacak kadar ileri gitmekte, t\u00fcm bunlardan sonra h\u00e2l\u00e2 <b><i>Ermeni, Rum, Yahudi kimli\u011fiyle bir ilgisi yok bu ifadelerin, bu kimlikleri itham edici hi\u00e7bir \u015fey yok<\/i><\/b> diyebilecek kadar insanlar\u0131 aptal yerine koymay\u0131 s\u00fcrd\u00fcrmektedir. Asl\u0131nda bu \u201cilgi\u201d o denli bariz ki, \u201citham edici bir \u015fey yok demek\u201d d\u00fcped\u00fcz dans\u00f6zl\u00fck etmek anlam\u0131na gelmektedir. Ard\u0131ndan da, \u201cen iyi savunma, sald\u0131r\u0131d\u0131r\u201d d\u00fc\u015f\u00fcncesiyle, <b><i>Siz bu tepki veren \u00e7evreler nas\u0131l ki T\u00fcrkiye\u2019den KCK\u2019yi, Bese\u2019yi ele\u015ftirebiliyor, itham edebiliyorsan\u0131z Ermeni Lobisi de ele\u015ftiriye, ithama bu kadar a\u00e7\u0131kt\u0131r<\/i><\/b> s\u00f6z\u00fcyle kar\u015f\u0131 sald\u0131r\u0131ya ge\u00e7mekte, ortal\u0131\u011f\u0131 kar\u0131\u015ft\u0131ran\u0131n ger\u00e7ekte \u201cErmeni lobisi\u201d olmay\u0131p, \u00d6calan ve Bese Hozat\u2019\u0131n a\u00e7\u0131klamalar\u0131 oldu\u011funu bo\u011funtuya getirmek istemekte, dahas\u0131, <b><i>Bar\u0131\u015f\u0131 istemeyen milliyet\u00e7i K\u00fcrt lobisi oluyor da bar\u0131\u015f\u0131 istemeyen milliyet\u00e7i Ermeni lobisi olamaz m\u0131? <\/i><\/b>sorusunu ortaya atarken de, bar\u0131\u015f isteyen t\u00fcm K\u00fcrtlerin \u00d6calan yakalanana kadar \u201chain\u201d olarak damgaland\u0131klar\u0131, yakalanmas\u0131ndan sonra ise neden birdenbire hakl\u0131 ilan edildiklerinin cevab\u0131n\u0131 vermemektedir. Say\u0131n Ebrari bu arada, devletten gayet a\u015fina oldu\u011fumuz politikay\u0131 s\u00fcrd\u00fcrerek, <b><i>Hrant\u2019\u0131n Ermeni Cemaati ve lobisiyle olan derin kavgas\u0131n\u0131 da bilenler biliyor<\/i>,<\/b>s\u00f6zleriyle Ermeniler aras\u0131na \u201c\u00e7omak sokmay\u0131\u201d da ihmal etmiyor. Aman\u0131n da ne \u00e7ok \u015fey bilirmi\u015f bizim Ebrari dostumuz. Kendisi bilirmi\u015f de biz bilmezmi\u015fiz. Bu arada, Hrant hangi cemaate mensuptu da Ermeni cemaati ve lobisiyle (?) derin kavgalar i\u00e7indeydi acaba? Hrant\u2019\u0131n kavgas\u0131, tabii ki ne \u201ccemaatle\u201d ne de \u201clobiyleydi\u201d. Hrant\u2019\u0131n kendisi de bu cemaatin bir par\u00e7as\u0131 olup, haliyle cemaatteki baz\u0131 ki\u015filerle anla\u015fmazl\u0131\u011f\u0131 olmu\u015ftur. T\u00fcrkiye topraklar\u0131nda bir \u201cErmeni lobisinden\u201d bahsedenin ise ya akli dengesinden ya da T\u00fcrk\u00e7e bilgisinden \u015f\u00fcphe etmek gerekir. Say\u0131n Ebrari, <b><i>Biraz siyaset, biraz feraset<\/i> <\/b>arzusuyla s\u00f6zlerini sonland\u0131rmas\u0131na ra\u011fmen, burnumuza daha ziyade \u201cbiraz siyaset ve bolca fesat\u201d kokusu gelmektedir.<\/p>\n<p style=\"text-align: justify\">Yanl\u0131\u015f\u0131 do\u011fru olarak bize kabul ettirme \u00e7abas\u0131 i\u00e7inde olan nemac\u0131lar haricinde, Ermenilerin d\u0131\u015f\u0131nda, do\u011frular\u0131 yanl\u0131\u015flar\u0131 g\u00f6ren ba\u015fkalar\u0131 da var ve \u201cDevrimci Karadeniz\u2019in\u201d 9-1-2014 n\u00fcshas\u0131nda belirtildi\u011fi gibi, <b><i>K\u00fcrt ulusuna \u00f6nderlik eden insanlar\u0131n resmi ideolojinin a\u011fz\u0131yla, resmi ideolojinin d\u00fc\u015fman g\u00f6rd\u00fc\u011f\u00fc bizleri a\u015fa\u011f\u0131lamalar\u0131 kabul edebilece\u011fimiz bir durum de\u011fildir.<\/i><\/b><\/p>\n<p style=\"text-align: justify\">H\u00e2lbuki <b><i>kendi dillerini ilk kez 1995\u2032te, Avrupa\u2019da kurulan Med TV ve Roj TV\u2019de duyan K\u00fcrtler. Daha \u00f6nce sadece Erivan Radyosu\u2019ndan dinleyebiliyordu.<\/i><\/b> (Freie Universit\u00e4t Berlin \u00f6\u011fretim g\u00f6revlilerinden\u00a0Bilgin Ayata).<\/p>\n<p style=\"text-align: justify\">\u0130\u015fte, hain \u201cErmeni lobisinin\u201d, 1915\u2019te oynam\u0131\u015f olduklar\u0131 role ra\u011fmen K\u00fcrtlere reva g\u00f6rd\u00fc\u011f\u00fc budur.<\/p>\n<p style=\"text-align: justify\">\u00d6calan\u2019\u0131n s\u00f6zleri her ne kadar \u201canla\u015f\u0131lmayan anla\u015f\u0131l\u0131rl\u0131k\u201d s\u0131n\u0131rlar\u0131 i\u00e7inde olsa da, baz\u0131 ki\u015filer s\u00f6zlerini a\u00e7\u0131k\u00e7a ifade etmede bir beis g\u00f6rmediklerinden, \u201cK\u00fcrt cephesinin\u201d ger\u00e7ek fikri konusunda daha net bilgi sahibi olmaktay\u0131z.<\/p>\n<p style=\"text-align: justify\">\u00d6rne\u011fin Nimetullah Atal, \u201cErmeniler y\u00fcr\u00fct\u00fclen bu s\u00fcre\u00e7te K\u00fcrtlerden yana olmal\u0131d\u0131r\u201d (?) ba\u015fl\u0131kl\u0131 yaz\u0131s\u0131nda, <b><i>Ermeni ayd\u0131nlardan taraf\u0131ndan imal\u0131 bir sekilde ger\u00e7eklestirilen sald\u0131r\u0131lar hazmedilecek d\u00fczeyde degil<\/i><\/b> demekte ve \u015f\u00f6yle devam etmektedir <b><i>Bese Hozat \u00fczerinden geli\u015ftirilmek istenilen lin\u00e7 k\u00fclt\u00fcr\u00fc Ermeni \u00e7evrelerin irk\u00e7\u0131l\u0131\u011fa varacak s\u00f6ylemleri K\u00fcrtlere bak\u0131\u015f a\u00e7\u0131s\u0131n\u0131n d\u0131\u015fa vurumudur.<\/i><\/b> \u00d6yle ya, Ermeniler katledilmeyi hazmettikten sonra, \u015fimdi de her t\u00fcrl\u00fc hakareti hazmedecekler. Devlet de, bir-iki yerde kendilerini katliamdan koruyan, savunan Ermenileri isyanc\u0131lar olarak damgalanm\u0131yor muydu? \u201cBirlikte kan d\u00f6kenler\u201d nas\u0131l da ayn\u0131 a\u011f\u0131zdan konu\u015fuyor? Aynen, <b><i>katliam dayatmas\u0131 ile kar\u015f\u0131 kar\u015f\u0131ya birak\u0131lmas\u0131na K\u00fcrt milleti asla izin vermeyecektir<\/i>, <\/b>s\u00f6zlerinin, \u201csoyk\u0131r\u0131mc\u0131 olmaya izin verilmeyecektir\u201d diyen devletle son derece uyumlu olmas\u0131 gibi! Dahas\u0131, bu bay, <b><i>Ortadogu ve T\u00fcrkiye&#8217;de K\u00fcrtler&#8217;in istikrarl\u0131 bir \u015fekilde geli\u015fmesi ve b\u00fcy\u00fcmesi s\u00f6z konusu iken s\u0131k s\u0131k bu konunun \u0131s\u0131t\u0131l\u0131arak K\u00fcrtler&#8217;in \u00f6n\u00fcne b\u0131rak\u0131lmas\u0131n\u0131 art niyetli buldu\u011funu ifade etmek <\/i><\/b>istemektedir. Hani neredeyse \u00d6calan ile Bese\u2019nin s\u00f6zlerinden Ermeniler su\u00e7luymu\u015f, bu laflar\u0131 ortaya atanlar kendileri de\u011filmi\u015f gibi.<\/p>\n<p style=\"text-align: justify\">Nihayetinde sadede gelinmekte ve as\u0131l niyet ortaya \u00e7\u0131kmaktad\u0131r. <b><i>S\u00f6z konusu konular Ermenilerin tekrar geri d\u00f6nmesine y\u00f6nelik d\u0131\u015fa vuran d\u00fcs\u00fcncelerse K\u00fcrdistan ve K\u00fcrt milleti\u011finin toplumsal ger\u00e7e\u011fi bunu reddeder. Varolani di\u015flamad\u0131klar\u0131 gibi yeniden geri d\u00f6n\u00fc\u015flere toplumun hi\u00e7 bir zaman si\u00e7ak bakmayaca\u011f\u0131n\u0131 hepimiz iyi bilmekteyiz. Karde\u015fin kardese toprak vermedi\u011fi b\u00f6ylesi bir \u00e7a\u011fda var olan topra\u011fi baskas\u0131yla payla\u015fmak hayal \u00fcr\u00fcn\u00fcd\u00fcr ger\u00e7ekle alakas\u0131 yoktur. <\/i><\/b>\u0130\u015fte t\u00fcm d\u00fc\u015f\u00fcnce bu bir paragrafta yo\u011funla\u015fm\u0131\u015f durumdad\u0131r. \u201cPayla\u015fman\u0131n\u201d olamayaca\u011f\u0131n\u0131 biz \u201c\u0131rk\u00e7\u0131lara\u201d a\u00e7\u0131klayan bu \u201chalklar\u0131n kurtar\u0131c\u0131lar\u0131n\u0131n\u201d, a\u00e7\u0131k\u00e7a \u201cgeri d\u00f6n\u00fc\u015ften\u201d bahsetmeleri enteresand\u0131r. Burada Ermenilerin, \u201c<b>geri d\u00f6n\u00fc\u015flerine<\/b> s\u0131cak bak\u0131lmayaca\u011f\u0131\u201d c\u00fcmlesiyle, o topraklardan \u201cgitmi\u015f-g\u00f6nderilmi\u015f-kovulmu\u015f\u201d olduklar\u0131 resmen tasdik edilmekte ve bunda hi\u00e7bir sorun g\u00f6r\u00fclmemektedir. Ard\u0131ndan da hemen, <b><i>Demografik yapi \u00fczerine ciddi bir ara\u015ft\u0131rma bug\u00fcne kadar yap\u0131lmad\u0131 fakat Kuzey Kurdistan&#8217;da T\u00fcrkmen, K\u0131rg\u0131z, Romen, Ermeni bunlar\u0131n toplam\u0131 n\u00fcfus olarak \u00e7ok c\u0131l\u0131z say\u0131dad\u0131r. Varolan milletlerle K\u00fcrtler&#8217;in aras\u0131 bozulmam\u0131\u015ft\u0131r. K\u00fcrtler kimsenin topra\u011f\u0131n\u0131 i\u015fgal etmedi\u011fi gibi herhangi bir milleti s\u00f6m\u00fcrmemi\u015ftir \u00e7\u00fcnk\u00fc K\u00fcrtler&#8217;in kendisi mazlumdur<\/i><\/b> incilerini yumurtlamaktad\u0131r. A\u00e7\u0131k\u00e7as\u0131, yukar\u0131da itiraf edildi\u011fi gibi topraklar\u0131ndan s\u00f6k\u00fcl\u00fcp at\u0131lan, s\u00fcr\u00fclen Ermenilerin, sadece geri gelmeleri kabul edilmez olarak kalm\u0131yor (hani m\u00fccadelelerinde Ermenilerin de davas\u0131n\u0131 s\u00fcrd\u00fcr\u00fcyorlard\u0131?), say\u0131s\u0131 \u201c\u00e7ok c\u0131l\u0131z\u201d olarak kabul edilen, kalan Ermeniler, nedense \u201cbu topraklarla\u201d hi\u00e7 ilgisi olmayan K\u0131rg\u0131z, Romen ve T\u00fcrkmenlerle an\u0131lmaktad\u0131r. Bu arada, K\u00fcrtlerin aras\u0131n\u0131n hangi \u201cvarolan\u201d milletlerle bozulmam\u0131\u015f oldu\u011fu da bir di\u011fer muamma, daha do\u011frusu s\u0131radaki bo\u015f s\u00f6ylem. En ilgin\u00e7 s\u00f6ylem de \u201chaklar\u0131 i\u00e7in m\u00fccadele ettikleri\u201d halklar\u0131n, \u201cgeri gelmesine\u201d m\u00fcsaade etmeyen K\u00fcrtler \u201ckimsenin topra\u011f\u0131n\u0131 i\u015fgal etmemi\u015f\u201d \u00fcstelik de \u201ckendileri mazlum\u201d oluyor. Zaten \u201ci\u015fgal etmemi\u015f olduklar\u0131 topraklar\u201d da \u201cKuzey K\u00fcrdistan\u201d olunca, haliyle ne Bat\u0131 Ermenistan\u2019\u0131 i\u015fgal etmi\u015f oluyorlar, ne Ermenilerin m\u00fclk\u00fcnde ikamet ediyorlar, ne de bo\u011fazlar\u0131nda Ermeni lokmas\u0131 olmu\u015f oluyor kendilerince.<\/p>\n<p style=\"text-align: justify\">Yaz\u0131ya Ayd\u0131n Engin\u2019in konuyla ilgili yaz\u0131s\u0131ndan bir al\u0131nt\u0131yla son vermek istiyoruz.<\/p>\n<p style=\"text-align: justify\"><b><i>Siyaset yap. Ama b\u00f6yle yapma\u2026 Bir K\u00fcrtsen e\u011fer T\u00fcrk, Ermeni, S\u00fcryani, Zaza, Rum, Yahudi, Laz, Bo\u015fnak\u2026 Has\u0131l\u0131 bu topra\u011f\u0131n \u00e7ocuklar\u0131n\u0131 sak\u0131n incitme, \u00f6tekile\u015ftirme, ba\u011fr\u0131na bas\u2026<\/i><\/b><\/p>\n<p style=\"text-align: justify\">T\u00fcm bunlar\u0131n en olumlu yan\u0131n\u0131n ise, art\u0131k takkenin d\u00fc\u015f\u00fcp kelin g\u00f6r\u00fcnm\u00fc\u015f olmas\u0131d\u0131r.<\/p>\n<p style=\"text-align: justify\">K\u00fcrt hareketine y\u0131llar boyunca destek vermi\u015f olan Ermenilere ithaf edilir\u2026<\/p>\n<p style=\"text-align: justify\"><b><i>Akunq.net <\/i><\/b><\/p>\n","protected":false},"excerpt":{"rendered":"<p>Diran Lokmag\u00f6zyan \u00d6calan taraf\u0131ndan ilan edilen ve sab\u0131rs\u0131zl\u0131kla beklenen \u201cmektup\u201d nihayet a\u00e7\u0131kland\u0131. Bese Hozat\u2019\u0131n s\u00f6zlerinden sonra, g\u00f6zlerimizi \u00d6calan\u2019\u0131n bu a\u00e7\u0131klamas\u0131na \u00e7evirmi\u015f halde, \u201ckim ne diyor ve kim ne anl\u0131yor\u201d diye bir sonuca varmay\u0131 beklemekteydik. Ancak\u2026 Bu \u201cmektup\u201d yeteri kadar net bir s\u00f6ylem bar\u0131nd\u0131rmad\u0131\u011f\u0131ndan dolay\u0131, bulanan zihinleri berrakla\u015ft\u0131rman\u0131n aksine, sadece daha da bulan\u0131kla\u015fmas\u0131na vesile olmakla kalmam\u0131\u015f [&hellip;]<\/p>\n","protected":false},"author":3,"featured_media":0,"comment_status":"open","ping_status":"open","sticky":false,"template":"","format":"standard","meta":{"footnotes":""},"categories":[14,26],"tags":[],"class_list":["post-28411","post","type-post","status-publish","format-standard","hentry","category-haberler","category-makaleler"],"yoast_head":"<!-- This site is optimized with the Yoast SEO plugin v27.4 - https:\/\/yoast.com\/product\/yoast-seo-wordpress\/ -->\n<title>Bese Hozat\u2019\u0131n att\u0131\u011f\u0131 ta\u015f - Bati Ermenistan Ve Bati Ermenileri Sorunlari Ara\u015ftirmalar Merkezi<\/title>\n<meta name=\"robots\" content=\"index, follow, max-snippet:-1, max-image-preview:large, max-video-preview:-1\" \/>\n<link rel=\"canonical\" href=\"https:\/\/akunq.net\/turkish\/2014\/02\/13\/bese-hozatin-attigi-tas\/\" \/>\n<meta property=\"og:locale\" content=\"en_US\" \/>\n<meta property=\"og:type\" content=\"article\" \/>\n<meta property=\"og:title\" content=\"Bese Hozat\u2019\u0131n att\u0131\u011f\u0131 ta\u015f - Bati Ermenistan Ve Bati Ermenileri Sorunlari Ara\u015ftirmalar Merkezi\" \/>\n<meta property=\"og:description\" content=\"Diran Lokmag\u00f6zyan \u00d6calan taraf\u0131ndan ilan edilen ve sab\u0131rs\u0131zl\u0131kla beklenen \u201cmektup\u201d nihayet a\u00e7\u0131kland\u0131. Bese Hozat\u2019\u0131n s\u00f6zlerinden sonra, g\u00f6zlerimizi \u00d6calan\u2019\u0131n bu a\u00e7\u0131klamas\u0131na \u00e7evirmi\u015f halde, \u201ckim ne diyor ve kim ne anl\u0131yor\u201d diye bir sonuca varmay\u0131 beklemekteydik. Ancak\u2026 Bu \u201cmektup\u201d yeteri kadar net bir s\u00f6ylem bar\u0131nd\u0131rmad\u0131\u011f\u0131ndan dolay\u0131, bulanan zihinleri berrakla\u015ft\u0131rman\u0131n aksine, sadece daha da bulan\u0131kla\u015fmas\u0131na vesile olmakla kalmam\u0131\u015f [&hellip;]\" \/>\n<meta property=\"og:url\" content=\"https:\/\/akunq.net\/turkish\/2014\/02\/13\/bese-hozatin-attigi-tas\/\" \/>\n<meta property=\"og:site_name\" content=\"Bati Ermenistan Ve Bati Ermenileri Sorunlari Ara\u015ftirmalar Merkezi\" \/>\n<meta property=\"article:published_time\" content=\"2014-02-13T07:27:18+00:00\" \/>\n<meta name=\"author\" content=\"kalem\" \/>\n<meta name=\"twitter:card\" content=\"summary_large_image\" \/>\n<meta name=\"twitter:label1\" content=\"Written by\" \/>\n\t<meta name=\"twitter:data1\" content=\"kalem\" \/>\n\t<meta name=\"twitter:label2\" content=\"Est. reading time\" \/>\n\t<meta name=\"twitter:data2\" content=\"11 minutes\" \/>\n<script type=\"application\/ld+json\" class=\"yoast-schema-graph\">{\"@context\":\"https:\\\/\\\/schema.org\",\"@graph\":[{\"@type\":\"Article\",\"@id\":\"https:\\\/\\\/akunq.net\\\/turkish\\\/2014\\\/02\\\/13\\\/bese-hozatin-attigi-tas\\\/#article\",\"isPartOf\":{\"@id\":\"https:\\\/\\\/akunq.net\\\/turkish\\\/2014\\\/02\\\/13\\\/bese-hozatin-attigi-tas\\\/\"},\"author\":{\"name\":\"kalem\",\"@id\":\"https:\\\/\\\/akunq.net\\\/turkish\\\/#\\\/schema\\\/person\\\/135e7923d1aeb8887890799619969a6c\"},\"headline\":\"Bese Hozat\u2019\u0131n att\u0131\u011f\u0131 ta\u015f\",\"datePublished\":\"2014-02-13T07:27:18+00:00\",\"mainEntityOfPage\":{\"@id\":\"https:\\\/\\\/akunq.net\\\/turkish\\\/2014\\\/02\\\/13\\\/bese-hozatin-attigi-tas\\\/\"},\"wordCount\":2268,\"commentCount\":0,\"articleSection\":[\"Haberler\",\"Makaleler\"],\"inLanguage\":\"en-US\",\"potentialAction\":[{\"@type\":\"CommentAction\",\"name\":\"Comment\",\"target\":[\"https:\\\/\\\/akunq.net\\\/turkish\\\/2014\\\/02\\\/13\\\/bese-hozatin-attigi-tas\\\/#respond\"]}]},{\"@type\":\"WebPage\",\"@id\":\"https:\\\/\\\/akunq.net\\\/turkish\\\/2014\\\/02\\\/13\\\/bese-hozatin-attigi-tas\\\/\",\"url\":\"https:\\\/\\\/akunq.net\\\/turkish\\\/2014\\\/02\\\/13\\\/bese-hozatin-attigi-tas\\\/\",\"name\":\"Bese Hozat\u2019\u0131n att\u0131\u011f\u0131 ta\u015f - Bati Ermenistan Ve Bati Ermenileri Sorunlari Ara\u015ftirmalar Merkezi\",\"isPartOf\":{\"@id\":\"https:\\\/\\\/akunq.net\\\/turkish\\\/#website\"},\"datePublished\":\"2014-02-13T07:27:18+00:00\",\"author\":{\"@id\":\"https:\\\/\\\/akunq.net\\\/turkish\\\/#\\\/schema\\\/person\\\/135e7923d1aeb8887890799619969a6c\"},\"breadcrumb\":{\"@id\":\"https:\\\/\\\/akunq.net\\\/turkish\\\/2014\\\/02\\\/13\\\/bese-hozatin-attigi-tas\\\/#breadcrumb\"},\"inLanguage\":\"en-US\",\"potentialAction\":[{\"@type\":\"ReadAction\",\"target\":[\"https:\\\/\\\/akunq.net\\\/turkish\\\/2014\\\/02\\\/13\\\/bese-hozatin-attigi-tas\\\/\"]}]},{\"@type\":\"BreadcrumbList\",\"@id\":\"https:\\\/\\\/akunq.net\\\/turkish\\\/2014\\\/02\\\/13\\\/bese-hozatin-attigi-tas\\\/#breadcrumb\",\"itemListElement\":[{\"@type\":\"ListItem\",\"position\":1,\"name\":\"Home\",\"item\":\"https:\\\/\\\/akunq.net\\\/turkish\\\/\"},{\"@type\":\"ListItem\",\"position\":2,\"name\":\"Bese Hozat\u2019\u0131n att\u0131\u011f\u0131 ta\u015f\"}]},{\"@type\":\"WebSite\",\"@id\":\"https:\\\/\\\/akunq.net\\\/turkish\\\/#website\",\"url\":\"https:\\\/\\\/akunq.net\\\/turkish\\\/\",\"name\":\"Bati Ermenistan Ve Bati Ermenileri Sorunlari Ara\u015ftirmalar Merkezi\",\"description\":\"\",\"potentialAction\":[{\"@type\":\"SearchAction\",\"target\":{\"@type\":\"EntryPoint\",\"urlTemplate\":\"https:\\\/\\\/akunq.net\\\/turkish\\\/?s={search_term_string}\"},\"query-input\":{\"@type\":\"PropertyValueSpecification\",\"valueRequired\":true,\"valueName\":\"search_term_string\"}}],\"inLanguage\":\"en-US\"},{\"@type\":\"Person\",\"@id\":\"https:\\\/\\\/akunq.net\\\/turkish\\\/#\\\/schema\\\/person\\\/135e7923d1aeb8887890799619969a6c\",\"name\":\"kalem\",\"image\":{\"@type\":\"ImageObject\",\"inLanguage\":\"en-US\",\"@id\":\"https:\\\/\\\/secure.gravatar.com\\\/avatar\\\/a06875e4b25feb5674296adf8e8a7ae1e587cebce2493fe63c456109967e27d3?s=96&d=mm&r=g\",\"url\":\"https:\\\/\\\/secure.gravatar.com\\\/avatar\\\/a06875e4b25feb5674296adf8e8a7ae1e587cebce2493fe63c456109967e27d3?s=96&d=mm&r=g\",\"contentUrl\":\"https:\\\/\\\/secure.gravatar.com\\\/avatar\\\/a06875e4b25feb5674296adf8e8a7ae1e587cebce2493fe63c456109967e27d3?s=96&d=mm&r=g\",\"caption\":\"kalem\"},\"url\":\"https:\\\/\\\/akunq.net\\\/turkish\\\/author\\\/kalem\\\/\"}]}<\/script>\n<!-- \/ Yoast SEO plugin. -->","yoast_head_json":{"title":"Bese Hozat\u2019\u0131n att\u0131\u011f\u0131 ta\u015f - Bati Ermenistan Ve Bati Ermenileri Sorunlari Ara\u015ftirmalar Merkezi","robots":{"index":"index","follow":"follow","max-snippet":"max-snippet:-1","max-image-preview":"max-image-preview:large","max-video-preview":"max-video-preview:-1"},"canonical":"https:\/\/akunq.net\/turkish\/2014\/02\/13\/bese-hozatin-attigi-tas\/","og_locale":"en_US","og_type":"article","og_title":"Bese Hozat\u2019\u0131n att\u0131\u011f\u0131 ta\u015f - Bati Ermenistan Ve Bati Ermenileri Sorunlari Ara\u015ftirmalar Merkezi","og_description":"Diran Lokmag\u00f6zyan \u00d6calan taraf\u0131ndan ilan edilen ve sab\u0131rs\u0131zl\u0131kla beklenen \u201cmektup\u201d nihayet a\u00e7\u0131kland\u0131. Bese Hozat\u2019\u0131n s\u00f6zlerinden sonra, g\u00f6zlerimizi \u00d6calan\u2019\u0131n bu a\u00e7\u0131klamas\u0131na \u00e7evirmi\u015f halde, \u201ckim ne diyor ve kim ne anl\u0131yor\u201d diye bir sonuca varmay\u0131 beklemekteydik. Ancak\u2026 Bu \u201cmektup\u201d yeteri kadar net bir s\u00f6ylem bar\u0131nd\u0131rmad\u0131\u011f\u0131ndan dolay\u0131, bulanan zihinleri berrakla\u015ft\u0131rman\u0131n aksine, sadece daha da bulan\u0131kla\u015fmas\u0131na vesile olmakla kalmam\u0131\u015f [&hellip;]","og_url":"https:\/\/akunq.net\/turkish\/2014\/02\/13\/bese-hozatin-attigi-tas\/","og_site_name":"Bati Ermenistan Ve Bati Ermenileri Sorunlari Ara\u015ftirmalar Merkezi","article_published_time":"2014-02-13T07:27:18+00:00","author":"kalem","twitter_card":"summary_large_image","twitter_misc":{"Written by":"kalem","Est. reading time":"11 minutes"},"schema":{"@context":"https:\/\/schema.org","@graph":[{"@type":"Article","@id":"https:\/\/akunq.net\/turkish\/2014\/02\/13\/bese-hozatin-attigi-tas\/#article","isPartOf":{"@id":"https:\/\/akunq.net\/turkish\/2014\/02\/13\/bese-hozatin-attigi-tas\/"},"author":{"name":"kalem","@id":"https:\/\/akunq.net\/turkish\/#\/schema\/person\/135e7923d1aeb8887890799619969a6c"},"headline":"Bese Hozat\u2019\u0131n att\u0131\u011f\u0131 ta\u015f","datePublished":"2014-02-13T07:27:18+00:00","mainEntityOfPage":{"@id":"https:\/\/akunq.net\/turkish\/2014\/02\/13\/bese-hozatin-attigi-tas\/"},"wordCount":2268,"commentCount":0,"articleSection":["Haberler","Makaleler"],"inLanguage":"en-US","potentialAction":[{"@type":"CommentAction","name":"Comment","target":["https:\/\/akunq.net\/turkish\/2014\/02\/13\/bese-hozatin-attigi-tas\/#respond"]}]},{"@type":"WebPage","@id":"https:\/\/akunq.net\/turkish\/2014\/02\/13\/bese-hozatin-attigi-tas\/","url":"https:\/\/akunq.net\/turkish\/2014\/02\/13\/bese-hozatin-attigi-tas\/","name":"Bese Hozat\u2019\u0131n att\u0131\u011f\u0131 ta\u015f - Bati Ermenistan Ve Bati Ermenileri Sorunlari Ara\u015ftirmalar Merkezi","isPartOf":{"@id":"https:\/\/akunq.net\/turkish\/#website"},"datePublished":"2014-02-13T07:27:18+00:00","author":{"@id":"https:\/\/akunq.net\/turkish\/#\/schema\/person\/135e7923d1aeb8887890799619969a6c"},"breadcrumb":{"@id":"https:\/\/akunq.net\/turkish\/2014\/02\/13\/bese-hozatin-attigi-tas\/#breadcrumb"},"inLanguage":"en-US","potentialAction":[{"@type":"ReadAction","target":["https:\/\/akunq.net\/turkish\/2014\/02\/13\/bese-hozatin-attigi-tas\/"]}]},{"@type":"BreadcrumbList","@id":"https:\/\/akunq.net\/turkish\/2014\/02\/13\/bese-hozatin-attigi-tas\/#breadcrumb","itemListElement":[{"@type":"ListItem","position":1,"name":"Home","item":"https:\/\/akunq.net\/turkish\/"},{"@type":"ListItem","position":2,"name":"Bese Hozat\u2019\u0131n att\u0131\u011f\u0131 ta\u015f"}]},{"@type":"WebSite","@id":"https:\/\/akunq.net\/turkish\/#website","url":"https:\/\/akunq.net\/turkish\/","name":"Bati Ermenistan Ve Bati Ermenileri Sorunlari Ara\u015ftirmalar Merkezi","description":"","potentialAction":[{"@type":"SearchAction","target":{"@type":"EntryPoint","urlTemplate":"https:\/\/akunq.net\/turkish\/?s={search_term_string}"},"query-input":{"@type":"PropertyValueSpecification","valueRequired":true,"valueName":"search_term_string"}}],"inLanguage":"en-US"},{"@type":"Person","@id":"https:\/\/akunq.net\/turkish\/#\/schema\/person\/135e7923d1aeb8887890799619969a6c","name":"kalem","image":{"@type":"ImageObject","inLanguage":"en-US","@id":"https:\/\/secure.gravatar.com\/avatar\/a06875e4b25feb5674296adf8e8a7ae1e587cebce2493fe63c456109967e27d3?s=96&d=mm&r=g","url":"https:\/\/secure.gravatar.com\/avatar\/a06875e4b25feb5674296adf8e8a7ae1e587cebce2493fe63c456109967e27d3?s=96&d=mm&r=g","contentUrl":"https:\/\/secure.gravatar.com\/avatar\/a06875e4b25feb5674296adf8e8a7ae1e587cebce2493fe63c456109967e27d3?s=96&d=mm&r=g","caption":"kalem"},"url":"https:\/\/akunq.net\/turkish\/author\/kalem\/"}]}},"_links":{"self":[{"href":"https:\/\/akunq.net\/turkish\/wp-json\/wp\/v2\/posts\/28411","targetHints":{"allow":["GET"]}}],"collection":[{"href":"https:\/\/akunq.net\/turkish\/wp-json\/wp\/v2\/posts"}],"about":[{"href":"https:\/\/akunq.net\/turkish\/wp-json\/wp\/v2\/types\/post"}],"author":[{"embeddable":true,"href":"https:\/\/akunq.net\/turkish\/wp-json\/wp\/v2\/users\/3"}],"replies":[{"embeddable":true,"href":"https:\/\/akunq.net\/turkish\/wp-json\/wp\/v2\/comments?post=28411"}],"version-history":[{"count":0,"href":"https:\/\/akunq.net\/turkish\/wp-json\/wp\/v2\/posts\/28411\/revisions"}],"wp:attachment":[{"href":"https:\/\/akunq.net\/turkish\/wp-json\/wp\/v2\/media?parent=28411"}],"wp:term":[{"taxonomy":"category","embeddable":true,"href":"https:\/\/akunq.net\/turkish\/wp-json\/wp\/v2\/categories?post=28411"},{"taxonomy":"post_tag","embeddable":true,"href":"https:\/\/akunq.net\/turkish\/wp-json\/wp\/v2\/tags?post=28411"}],"curies":[{"name":"wp","href":"https:\/\/api.w.org\/{rel}","templated":true}]}}