{"id":28400,"date":"2014-02-12T02:53:49","date_gmt":"2014-02-12T07:53:49","guid":{"rendered":"http:\/\/akunq.net\/tr\/?p=28400"},"modified":"2014-02-12T02:53:49","modified_gmt":"2014-02-12T07:53:49","slug":"dinleyin-kemikler-topragin-altindan-bize-ne-diyor","status":"publish","type":"post","link":"https:\/\/akunq.net\/turkish\/2014\/02\/12\/dinleyin-kemikler-topragin-altindan-bize-ne-diyor\/","title":{"rendered":"Dinleyin: Kemikler topra\u011f\u0131n alt\u0131ndan bize ne diyor"},"content":{"rendered":"<p style=\"text-align: justify\"><b>Ay\u015fe G\u00dcNAYSU<\/b><\/p>\n<p style=\"text-align: justify\">Ayn\u0131 topra\u011f\u0131n alt\u0131nda yat\u0131yorlar. Ermenilerden ve K\u00fcrtlerden bahsediyorum. Asl\u0131na bakarsan\u0131z, Ermenilerin yan\u0131na Rumlar, S\u00fcryaniler, Ezidiler, t\u00fcm M\u00fcsl\u00fcman olmayan K\u00fc\u00e7\u00fck Asya halklar\u0131n\u0131 eklemem gerek. Ama bug\u00fcnlerde Ermeni-K\u00fcrt ili\u015fkileri g\u00fcndemde. Soyk\u0131r\u0131m, tan\u0131ma, ink\u00e2r, unutma, hat\u0131rlama ba\u011flam\u0131nda Ermeniler ile K\u00fcrtler aras\u0131nda bir yandan artan temaslar, bir yandan y\u00fckselen gerilim \u00f6nem kazand\u0131. Mesele apa\u00e7\u0131k \u00f6n\u00fcm\u00fczde duruyor: \u0130li\u015fkilerin mi, gerilimin mi artmas\u0131 zalimlerin i\u015fine gelir?<\/p>\n<p style=\"text-align: justify\">Gazetede okudum: Diyarbak\u0131r-Mardin karayolunda Roma d\u00f6nemine ait Zerzevan Kalesi kal\u0131nt\u0131lar\u0131n\u0131 kazan defineciler\u00a0derin bir su sarn\u0131c\u0131nda \u00e7ok say\u0131da insana ait kafatas\u0131 ve kemik par\u00e7alar\u0131 bulmu\u015f. Kafataslar\u0131n\u0131 \u00e7\u0131karm\u0131\u015flar. 20 ki\u015fiye aitmi\u015f. B\u00f6lge 1990\u2019l\u0131 y\u0131llarda J\u0130TEM\u2019in cirit att\u0131\u011f\u0131, OHAL d\u00f6neminde askeri yasak alanm\u0131\u015f.\u00a0 \u00a0<\/p>\n<p style=\"text-align: justify\">Okudu\u011fum gazeteler aras\u0131nda yaln\u0131zca Taraf\u2019\u0131n konuyla ilgili haberinde bir alt ba\u015fl\u0131k vard\u0131: \u201cERMEN\u0130LERE A\u0130T OLAB\u0130L\u0130R\u201d. Bu k\u0131sm\u0131 oldu\u011fu gibi al\u0131yorum: \u201cTaraf\u2019a konu\u015fan \u00c7\u0131nar Yukar\u0131 Konar k\u00f6y\u00fc [A\u015fa\u011f\u0131konak olmas\u0131 gerek, yukar\u0131 konar diye bir k\u00f6y yok Diyarbak\u0131r\u2019da \u00f1 not bana ait] Muhtar\u0131 Bedirhan Balta, b\u00f6lgenin 1990 y\u0131llarda J\u0130TEM\u2019in cirit att\u0131\u011f\u0131 b\u00f6lge oldu\u011funu do\u011frulad\u0131. Balta, kemiklerin Ermeni\u2019lere ait olabilece\u011fi g\u00f6r\u00fc\u015f\u00fcnde. Balta, \u00ebKemikler bence Ermenilere ait. Dedelerimiz s\u00fcrekli anlat\u0131yordu. Ermeniler 20-30\u2019ar guruplar halinde toplan\u0131p \u00f6ld\u00fcr\u00fcl\u00fcyor, kuyulara at\u0131l\u0131yordu. Ermeni katliam\u0131 d\u00f6neminde \u00f6ld\u00fcr\u00fclen Ermenilere ait olabilir kemikler\u2019 dedi.\u201d<\/p>\n<p style=\"text-align: justify\">Muhtar, dedesinden dinlemi\u015f bunlar\u0131. Bunlar\u0131 dinleyen daha \u00e7ok insan var oralarda. Ama Muhtar gibi konu\u015fan az. Hayrettir biz nedense en \u00e7ok \u201cbilmiyorlar, halk bilmiyor, anlat\u0131lmam\u0131\u015f, duymam\u0131\u015flar\u201d laflar\u0131n\u0131 duyar\u0131z.\u00a0 Bu \u201cbilmeme\u201d meselesi gayet kar\u0131\u015f\u0131kt\u0131r.\u00a0 Bilmezden gelme ya da i\u015fine geleni bilme, gelmeyeni bilmeme diye bir \u015fey var. Hatta, bildi\u011fini kendi kendine unutturmak ve sonunda ger\u00e7ekten \u201cbilmeme\u201d durumuna gelmek var.\u00a0 \u00c7\u00fcnk\u00fc ink\u00e2r \u00e7ok karma\u015f\u0131k bir mekanizma. Bir savunma mekanizmas\u0131. Hem devlet politikas\u0131 ba\u011flam\u0131nda, hem bireysel ba\u011flamda. Soyk\u0131r\u0131m ink\u00e2r\u0131nda devlet politikas\u0131 ile bireysel ba\u011flam i\u00e7 i\u00e7e ge\u00e7iyor, birbirini besliyor, birbirini g\u00fc\u00e7lendiriyor.<\/p>\n<p style=\"text-align: justify\">Bireysel d\u00fczlemde ink\u00e2r psikolojinin ba\u015fl\u0131ca konular\u0131ndan birir. Ki\u015fi kendini su\u00e7luluk duygusundan, bir kayb\u0131n sars\u0131nt\u0131s\u0131ndan, ac\u0131dan ve endi\u015feden korumak i\u00e7in ya\u015fad\u0131\u011f\u0131 ya da yapt\u0131\u011f\u0131 bir \u015feyi ink\u00e2r eder. Yaln\u0131zca d\u0131\u015far\u0131 kar\u015f\u0131 de\u011fil, i\u00e7e y\u00f6nelik bir ink\u00e2rdan bahsediyorum. Ama mesele ki\u015fisel ya\u015fam\u0131n da \u00f6tesinde, soyk\u0131r\u0131m ise, sadece su\u00e7luluk duygusu, vicdan azab\u0131 de\u011fil, bir de el konulan mallar, kad\u0131nlar, k\u0131zlar vard\u0131r \u00fcst\u00fcne \u00fcstl\u00fck.<\/p>\n<p style=\"text-align: justify\">Devlet politikalar\u0131 ba\u011flam\u0131nda da ayn\u0131 \u015fekilde bir savunma mekanizmas\u0131.\u00a0 Bireysel ba\u011flamda oldu\u011fu gibi hem gayr\u0131-maddi, hem maddi nedenleri var.\u00a0 Devlet ink\u00e2r eder,\u00a0\u00a0 toplumu bir arada tutan \u201culusal bilinci\u201d korumak, da\u011f\u0131lmas\u0131n\u0131 \u00f6nlemek, insanlar\u0131 birbirine yap\u0131\u015ft\u0131rmak i\u00e7in. Ama bir de i\u015fin t\u0131pk\u0131 bireysel d\u00fczleminde oldu\u011fu gibi, mal-m\u00fclk boyutu var. \u00c7\u00fcnk\u00fc devlet kay\u0131plar\u0131 tazmin etmemek, bedelini \u00f6dememek\u00a0i\u00e7in ink\u00e2r eder. \u00a0<\/p>\n<p style=\"text-align: justify\">Ba\u015fa d\u00f6nelim. Ya\u015fad\u0131\u011f\u0131m\u0131z memlekette topraktan kemikler f\u0131\u015fk\u0131r\u0131yor. \u0130nsanlar kafa kafaya verip, kemikler K\u00fcrtlere mi, Ermenilere mi ait diye merak ediyorlar.\u00a0 Bunun anlam\u0131n\u0131 ta i\u00e7imizde, en derinlerimizde hissedebiliyor muyuz?<\/p>\n<p style=\"text-align: justify\">M\u00fcsl\u00fcman karde\u015fli\u011fi bayra\u011f\u0131 alt\u0131nda K\u00fc\u00e7\u00fck Asya\u2019n\u0131n H\u0131ristiyan halklar\u0131 imha edildi, mallar\u0131 payla\u015f\u0131ld\u0131, ya\u011fmaland\u0131. H\u0131ristiyan halklar yok edildikten sonra, zalimin esas derdinin M\u00fcsl\u00fcman karde\u015fli\u011fi olmad\u0131\u011f\u0131 meselenin T\u00fcrkle\u015ftirme oldu\u011funu art\u0131k saklamaya gerek yoktu. Bu defa g\u00f6\u011f ekin gibi bi\u00e7ilen K\u00fcrtler oldu. \u015eimdi ayn\u0131 topra\u011f\u0131n alt\u0131nda yat\u0131yorlar. Zalim \u015fimdi yine, sanki hi\u00e7bir \u015fey olmam\u0131\u015f gibi, H\u0131ristiyanlar\u0131 d\u00fc\u015fmanla\u015ft\u0131r\u0131p, \u0130slam bayra\u011f\u0131 alt\u0131nda M\u00fcsl\u00fcmanlar\u0131 birle\u015ftirme \u00e7abas\u0131nda. \u0130ktidar\u0131n\u0131 ve ink\u00e2r\u0131 s\u00fcrd\u00fcrmek i\u00e7in. Susun. Dinleyin. Duyacaks\u0131n\u0131z: Kemikler f\u0131s\u0131ld\u0131yor, sesleri birbirine kar\u0131\u015f\u0131yor, K\u00fcrt\u00e7e ve Ermenice, \u201chay\u0131r\u201d diyorlar. \u201cHay\u0131r&#8230;\u201d<\/p>\n<p style=\"text-align: justify\"><b><i>\u00a0http:\/\/www.ozgur-gundem.com\/index.php?haberID=97734&amp;haberBaslik=Dinleyin:%20Kemikler%20topra%C4%9F%C4%B1n%20alt%C4%B1ndan%20bize%20ne%20diyor&amp;action=haber_detay&amp;module=nuce&amp;authorName=Ay%C5%9Fe%20%20G%C3%9CNAYSU&amp;authorID=222<\/i><\/b><\/p>\n","protected":false},"excerpt":{"rendered":"<p>Ay\u015fe G\u00dcNAYSU Ayn\u0131 topra\u011f\u0131n alt\u0131nda yat\u0131yorlar. Ermenilerden ve K\u00fcrtlerden bahsediyorum. Asl\u0131na bakarsan\u0131z, Ermenilerin yan\u0131na Rumlar, S\u00fcryaniler, Ezidiler, t\u00fcm M\u00fcsl\u00fcman olmayan K\u00fc\u00e7\u00fck Asya halklar\u0131n\u0131 eklemem gerek. Ama bug\u00fcnlerde Ermeni-K\u00fcrt ili\u015fkileri g\u00fcndemde. Soyk\u0131r\u0131m, tan\u0131ma, ink\u00e2r, unutma, hat\u0131rlama ba\u011flam\u0131nda Ermeniler ile K\u00fcrtler aras\u0131nda bir yandan artan temaslar, bir yandan y\u00fckselen gerilim \u00f6nem kazand\u0131. Mesele apa\u00e7\u0131k \u00f6n\u00fcm\u00fczde duruyor: \u0130li\u015fkilerin [&hellip;]<\/p>\n","protected":false},"author":3,"featured_media":0,"comment_status":"open","ping_status":"open","sticky":false,"template":"","format":"standard","meta":{"footnotes":""},"categories":[6,14,26],"tags":[],"class_list":["post-28400","post","type-post","status-publish","format-standard","hentry","category-ermeni-soykirimi","category-haberler","category-makaleler"],"yoast_head":"<!-- This site is optimized with the Yoast SEO plugin v27.4 - https:\/\/yoast.com\/product\/yoast-seo-wordpress\/ -->\n<title>Dinleyin: Kemikler topra\u011f\u0131n alt\u0131ndan bize ne diyor - Bati Ermenistan Ve Bati Ermenileri Sorunlari Ara\u015ftirmalar Merkezi<\/title>\n<meta name=\"robots\" content=\"index, follow, max-snippet:-1, max-image-preview:large, max-video-preview:-1\" \/>\n<link rel=\"canonical\" href=\"https:\/\/akunq.net\/turkish\/2014\/02\/12\/dinleyin-kemikler-topragin-altindan-bize-ne-diyor\/\" \/>\n<meta property=\"og:locale\" content=\"en_US\" \/>\n<meta property=\"og:type\" content=\"article\" \/>\n<meta property=\"og:title\" content=\"Dinleyin: Kemikler topra\u011f\u0131n alt\u0131ndan bize ne diyor - Bati Ermenistan Ve Bati Ermenileri Sorunlari Ara\u015ftirmalar Merkezi\" \/>\n<meta property=\"og:description\" content=\"Ay\u015fe G\u00dcNAYSU Ayn\u0131 topra\u011f\u0131n alt\u0131nda yat\u0131yorlar. Ermenilerden ve K\u00fcrtlerden bahsediyorum. Asl\u0131na bakarsan\u0131z, Ermenilerin yan\u0131na Rumlar, S\u00fcryaniler, Ezidiler, t\u00fcm M\u00fcsl\u00fcman olmayan K\u00fc\u00e7\u00fck Asya halklar\u0131n\u0131 eklemem gerek. Ama bug\u00fcnlerde Ermeni-K\u00fcrt ili\u015fkileri g\u00fcndemde. Soyk\u0131r\u0131m, tan\u0131ma, ink\u00e2r, unutma, hat\u0131rlama ba\u011flam\u0131nda Ermeniler ile K\u00fcrtler aras\u0131nda bir yandan artan temaslar, bir yandan y\u00fckselen gerilim \u00f6nem kazand\u0131. Mesele apa\u00e7\u0131k \u00f6n\u00fcm\u00fczde duruyor: \u0130li\u015fkilerin [&hellip;]\" \/>\n<meta property=\"og:url\" content=\"https:\/\/akunq.net\/turkish\/2014\/02\/12\/dinleyin-kemikler-topragin-altindan-bize-ne-diyor\/\" \/>\n<meta property=\"og:site_name\" content=\"Bati Ermenistan Ve Bati Ermenileri Sorunlari Ara\u015ftirmalar Merkezi\" \/>\n<meta property=\"article:published_time\" content=\"2014-02-12T07:53:49+00:00\" \/>\n<meta name=\"author\" content=\"kalem\" \/>\n<meta name=\"twitter:card\" content=\"summary_large_image\" \/>\n<meta name=\"twitter:label1\" content=\"Written by\" \/>\n\t<meta name=\"twitter:data1\" content=\"kalem\" \/>\n\t<meta name=\"twitter:label2\" content=\"Est. reading time\" \/>\n\t<meta name=\"twitter:data2\" content=\"4 minutes\" \/>\n<script type=\"application\/ld+json\" class=\"yoast-schema-graph\">{\"@context\":\"https:\\\/\\\/schema.org\",\"@graph\":[{\"@type\":\"Article\",\"@id\":\"https:\\\/\\\/akunq.net\\\/turkish\\\/2014\\\/02\\\/12\\\/dinleyin-kemikler-topragin-altindan-bize-ne-diyor\\\/#article\",\"isPartOf\":{\"@id\":\"https:\\\/\\\/akunq.net\\\/turkish\\\/2014\\\/02\\\/12\\\/dinleyin-kemikler-topragin-altindan-bize-ne-diyor\\\/\"},\"author\":{\"name\":\"kalem\",\"@id\":\"https:\\\/\\\/akunq.net\\\/turkish\\\/#\\\/schema\\\/person\\\/135e7923d1aeb8887890799619969a6c\"},\"headline\":\"Dinleyin: Kemikler topra\u011f\u0131n alt\u0131ndan bize ne diyor\",\"datePublished\":\"2014-02-12T07:53:49+00:00\",\"mainEntityOfPage\":{\"@id\":\"https:\\\/\\\/akunq.net\\\/turkish\\\/2014\\\/02\\\/12\\\/dinleyin-kemikler-topragin-altindan-bize-ne-diyor\\\/\"},\"wordCount\":778,\"commentCount\":0,\"articleSection\":[\"Ermeni Soyk\u0131r\u0131m\u0131\",\"Haberler\",\"Makaleler\"],\"inLanguage\":\"en-US\",\"potentialAction\":[{\"@type\":\"CommentAction\",\"name\":\"Comment\",\"target\":[\"https:\\\/\\\/akunq.net\\\/turkish\\\/2014\\\/02\\\/12\\\/dinleyin-kemikler-topragin-altindan-bize-ne-diyor\\\/#respond\"]}]},{\"@type\":\"WebPage\",\"@id\":\"https:\\\/\\\/akunq.net\\\/turkish\\\/2014\\\/02\\\/12\\\/dinleyin-kemikler-topragin-altindan-bize-ne-diyor\\\/\",\"url\":\"https:\\\/\\\/akunq.net\\\/turkish\\\/2014\\\/02\\\/12\\\/dinleyin-kemikler-topragin-altindan-bize-ne-diyor\\\/\",\"name\":\"Dinleyin: Kemikler topra\u011f\u0131n alt\u0131ndan bize ne diyor - Bati Ermenistan Ve Bati Ermenileri Sorunlari Ara\u015ftirmalar Merkezi\",\"isPartOf\":{\"@id\":\"https:\\\/\\\/akunq.net\\\/turkish\\\/#website\"},\"datePublished\":\"2014-02-12T07:53:49+00:00\",\"author\":{\"@id\":\"https:\\\/\\\/akunq.net\\\/turkish\\\/#\\\/schema\\\/person\\\/135e7923d1aeb8887890799619969a6c\"},\"breadcrumb\":{\"@id\":\"https:\\\/\\\/akunq.net\\\/turkish\\\/2014\\\/02\\\/12\\\/dinleyin-kemikler-topragin-altindan-bize-ne-diyor\\\/#breadcrumb\"},\"inLanguage\":\"en-US\",\"potentialAction\":[{\"@type\":\"ReadAction\",\"target\":[\"https:\\\/\\\/akunq.net\\\/turkish\\\/2014\\\/02\\\/12\\\/dinleyin-kemikler-topragin-altindan-bize-ne-diyor\\\/\"]}]},{\"@type\":\"BreadcrumbList\",\"@id\":\"https:\\\/\\\/akunq.net\\\/turkish\\\/2014\\\/02\\\/12\\\/dinleyin-kemikler-topragin-altindan-bize-ne-diyor\\\/#breadcrumb\",\"itemListElement\":[{\"@type\":\"ListItem\",\"position\":1,\"name\":\"Home\",\"item\":\"https:\\\/\\\/akunq.net\\\/turkish\\\/\"},{\"@type\":\"ListItem\",\"position\":2,\"name\":\"Dinleyin: Kemikler topra\u011f\u0131n alt\u0131ndan bize ne diyor\"}]},{\"@type\":\"WebSite\",\"@id\":\"https:\\\/\\\/akunq.net\\\/turkish\\\/#website\",\"url\":\"https:\\\/\\\/akunq.net\\\/turkish\\\/\",\"name\":\"Bati Ermenistan Ve Bati Ermenileri Sorunlari Ara\u015ftirmalar Merkezi\",\"description\":\"\",\"potentialAction\":[{\"@type\":\"SearchAction\",\"target\":{\"@type\":\"EntryPoint\",\"urlTemplate\":\"https:\\\/\\\/akunq.net\\\/turkish\\\/?s={search_term_string}\"},\"query-input\":{\"@type\":\"PropertyValueSpecification\",\"valueRequired\":true,\"valueName\":\"search_term_string\"}}],\"inLanguage\":\"en-US\"},{\"@type\":\"Person\",\"@id\":\"https:\\\/\\\/akunq.net\\\/turkish\\\/#\\\/schema\\\/person\\\/135e7923d1aeb8887890799619969a6c\",\"name\":\"kalem\",\"image\":{\"@type\":\"ImageObject\",\"inLanguage\":\"en-US\",\"@id\":\"https:\\\/\\\/secure.gravatar.com\\\/avatar\\\/a06875e4b25feb5674296adf8e8a7ae1e587cebce2493fe63c456109967e27d3?s=96&d=mm&r=g\",\"url\":\"https:\\\/\\\/secure.gravatar.com\\\/avatar\\\/a06875e4b25feb5674296adf8e8a7ae1e587cebce2493fe63c456109967e27d3?s=96&d=mm&r=g\",\"contentUrl\":\"https:\\\/\\\/secure.gravatar.com\\\/avatar\\\/a06875e4b25feb5674296adf8e8a7ae1e587cebce2493fe63c456109967e27d3?s=96&d=mm&r=g\",\"caption\":\"kalem\"},\"url\":\"https:\\\/\\\/akunq.net\\\/turkish\\\/author\\\/kalem\\\/\"}]}<\/script>\n<!-- \/ Yoast SEO plugin. -->","yoast_head_json":{"title":"Dinleyin: Kemikler topra\u011f\u0131n alt\u0131ndan bize ne diyor - Bati Ermenistan Ve Bati Ermenileri Sorunlari Ara\u015ftirmalar Merkezi","robots":{"index":"index","follow":"follow","max-snippet":"max-snippet:-1","max-image-preview":"max-image-preview:large","max-video-preview":"max-video-preview:-1"},"canonical":"https:\/\/akunq.net\/turkish\/2014\/02\/12\/dinleyin-kemikler-topragin-altindan-bize-ne-diyor\/","og_locale":"en_US","og_type":"article","og_title":"Dinleyin: Kemikler topra\u011f\u0131n alt\u0131ndan bize ne diyor - Bati Ermenistan Ve Bati Ermenileri Sorunlari Ara\u015ftirmalar Merkezi","og_description":"Ay\u015fe G\u00dcNAYSU Ayn\u0131 topra\u011f\u0131n alt\u0131nda yat\u0131yorlar. Ermenilerden ve K\u00fcrtlerden bahsediyorum. Asl\u0131na bakarsan\u0131z, Ermenilerin yan\u0131na Rumlar, S\u00fcryaniler, Ezidiler, t\u00fcm M\u00fcsl\u00fcman olmayan K\u00fc\u00e7\u00fck Asya halklar\u0131n\u0131 eklemem gerek. Ama bug\u00fcnlerde Ermeni-K\u00fcrt ili\u015fkileri g\u00fcndemde. Soyk\u0131r\u0131m, tan\u0131ma, ink\u00e2r, unutma, hat\u0131rlama ba\u011flam\u0131nda Ermeniler ile K\u00fcrtler aras\u0131nda bir yandan artan temaslar, bir yandan y\u00fckselen gerilim \u00f6nem kazand\u0131. Mesele apa\u00e7\u0131k \u00f6n\u00fcm\u00fczde duruyor: \u0130li\u015fkilerin [&hellip;]","og_url":"https:\/\/akunq.net\/turkish\/2014\/02\/12\/dinleyin-kemikler-topragin-altindan-bize-ne-diyor\/","og_site_name":"Bati Ermenistan Ve Bati Ermenileri Sorunlari Ara\u015ftirmalar Merkezi","article_published_time":"2014-02-12T07:53:49+00:00","author":"kalem","twitter_card":"summary_large_image","twitter_misc":{"Written by":"kalem","Est. reading time":"4 minutes"},"schema":{"@context":"https:\/\/schema.org","@graph":[{"@type":"Article","@id":"https:\/\/akunq.net\/turkish\/2014\/02\/12\/dinleyin-kemikler-topragin-altindan-bize-ne-diyor\/#article","isPartOf":{"@id":"https:\/\/akunq.net\/turkish\/2014\/02\/12\/dinleyin-kemikler-topragin-altindan-bize-ne-diyor\/"},"author":{"name":"kalem","@id":"https:\/\/akunq.net\/turkish\/#\/schema\/person\/135e7923d1aeb8887890799619969a6c"},"headline":"Dinleyin: Kemikler topra\u011f\u0131n alt\u0131ndan bize ne diyor","datePublished":"2014-02-12T07:53:49+00:00","mainEntityOfPage":{"@id":"https:\/\/akunq.net\/turkish\/2014\/02\/12\/dinleyin-kemikler-topragin-altindan-bize-ne-diyor\/"},"wordCount":778,"commentCount":0,"articleSection":["Ermeni Soyk\u0131r\u0131m\u0131","Haberler","Makaleler"],"inLanguage":"en-US","potentialAction":[{"@type":"CommentAction","name":"Comment","target":["https:\/\/akunq.net\/turkish\/2014\/02\/12\/dinleyin-kemikler-topragin-altindan-bize-ne-diyor\/#respond"]}]},{"@type":"WebPage","@id":"https:\/\/akunq.net\/turkish\/2014\/02\/12\/dinleyin-kemikler-topragin-altindan-bize-ne-diyor\/","url":"https:\/\/akunq.net\/turkish\/2014\/02\/12\/dinleyin-kemikler-topragin-altindan-bize-ne-diyor\/","name":"Dinleyin: Kemikler topra\u011f\u0131n alt\u0131ndan bize ne diyor - Bati Ermenistan Ve Bati Ermenileri Sorunlari Ara\u015ftirmalar Merkezi","isPartOf":{"@id":"https:\/\/akunq.net\/turkish\/#website"},"datePublished":"2014-02-12T07:53:49+00:00","author":{"@id":"https:\/\/akunq.net\/turkish\/#\/schema\/person\/135e7923d1aeb8887890799619969a6c"},"breadcrumb":{"@id":"https:\/\/akunq.net\/turkish\/2014\/02\/12\/dinleyin-kemikler-topragin-altindan-bize-ne-diyor\/#breadcrumb"},"inLanguage":"en-US","potentialAction":[{"@type":"ReadAction","target":["https:\/\/akunq.net\/turkish\/2014\/02\/12\/dinleyin-kemikler-topragin-altindan-bize-ne-diyor\/"]}]},{"@type":"BreadcrumbList","@id":"https:\/\/akunq.net\/turkish\/2014\/02\/12\/dinleyin-kemikler-topragin-altindan-bize-ne-diyor\/#breadcrumb","itemListElement":[{"@type":"ListItem","position":1,"name":"Home","item":"https:\/\/akunq.net\/turkish\/"},{"@type":"ListItem","position":2,"name":"Dinleyin: Kemikler topra\u011f\u0131n alt\u0131ndan bize ne diyor"}]},{"@type":"WebSite","@id":"https:\/\/akunq.net\/turkish\/#website","url":"https:\/\/akunq.net\/turkish\/","name":"Bati Ermenistan Ve Bati Ermenileri Sorunlari Ara\u015ftirmalar Merkezi","description":"","potentialAction":[{"@type":"SearchAction","target":{"@type":"EntryPoint","urlTemplate":"https:\/\/akunq.net\/turkish\/?s={search_term_string}"},"query-input":{"@type":"PropertyValueSpecification","valueRequired":true,"valueName":"search_term_string"}}],"inLanguage":"en-US"},{"@type":"Person","@id":"https:\/\/akunq.net\/turkish\/#\/schema\/person\/135e7923d1aeb8887890799619969a6c","name":"kalem","image":{"@type":"ImageObject","inLanguage":"en-US","@id":"https:\/\/secure.gravatar.com\/avatar\/a06875e4b25feb5674296adf8e8a7ae1e587cebce2493fe63c456109967e27d3?s=96&d=mm&r=g","url":"https:\/\/secure.gravatar.com\/avatar\/a06875e4b25feb5674296adf8e8a7ae1e587cebce2493fe63c456109967e27d3?s=96&d=mm&r=g","contentUrl":"https:\/\/secure.gravatar.com\/avatar\/a06875e4b25feb5674296adf8e8a7ae1e587cebce2493fe63c456109967e27d3?s=96&d=mm&r=g","caption":"kalem"},"url":"https:\/\/akunq.net\/turkish\/author\/kalem\/"}]}},"_links":{"self":[{"href":"https:\/\/akunq.net\/turkish\/wp-json\/wp\/v2\/posts\/28400","targetHints":{"allow":["GET"]}}],"collection":[{"href":"https:\/\/akunq.net\/turkish\/wp-json\/wp\/v2\/posts"}],"about":[{"href":"https:\/\/akunq.net\/turkish\/wp-json\/wp\/v2\/types\/post"}],"author":[{"embeddable":true,"href":"https:\/\/akunq.net\/turkish\/wp-json\/wp\/v2\/users\/3"}],"replies":[{"embeddable":true,"href":"https:\/\/akunq.net\/turkish\/wp-json\/wp\/v2\/comments?post=28400"}],"version-history":[{"count":0,"href":"https:\/\/akunq.net\/turkish\/wp-json\/wp\/v2\/posts\/28400\/revisions"}],"wp:attachment":[{"href":"https:\/\/akunq.net\/turkish\/wp-json\/wp\/v2\/media?parent=28400"}],"wp:term":[{"taxonomy":"category","embeddable":true,"href":"https:\/\/akunq.net\/turkish\/wp-json\/wp\/v2\/categories?post=28400"},{"taxonomy":"post_tag","embeddable":true,"href":"https:\/\/akunq.net\/turkish\/wp-json\/wp\/v2\/tags?post=28400"}],"curies":[{"name":"wp","href":"https:\/\/api.w.org\/{rel}","templated":true}]}}