{"id":28372,"date":"2014-02-11T03:34:40","date_gmt":"2014-02-11T08:34:40","guid":{"rendered":"http:\/\/akunq.net\/tr\/?p=28372"},"modified":"2014-02-11T03:34:40","modified_gmt":"2014-02-11T08:34:40","slug":"karin-karakasli-yazdi-gizli-ozne-olarak-soykirim","status":"publish","type":"post","link":"https:\/\/akunq.net\/turkish\/2014\/02\/11\/karin-karakasli-yazdi-gizli-ozne-olarak-soykirim\/","title":{"rendered":"Karin Karaka\u015fl\u0131 yazd\u0131: Gizli \u00f6zne olarak soyk\u0131r\u0131m"},"content":{"rendered":"<p style=\"text-align: justify\"><b><i><a href=\"http:\/\/akunq.net\/tr\/?attachment_id=28373\" rel=\"attachment wp-att-28373\"><img loading=\"lazy\" decoding=\"async\" class=\"alignright size-medium wp-image-28373\" alt=\"\u053f\u0561\u0580\u056b\u0576 \u0554\u0561\u0580\u0561\u0584\u0561\u0577\u056c\u056b\" src=\"http:\/\/akunq.net\/tr\/wp-content\/uploads\/2014\/02\/\u053f\u0561\u0580\u056b\u0576-\u0554\u0561\u0580\u0561\u0584\u0561\u0577\u056c\u056b-300x161.jpg\" width=\"300\" height=\"161\" \/><\/a>Karin Karaka\u015fl\u0131, Agos\u2019taki k\u00f6\u015fesinde Ay\u015fe Kulin\u2019in Ermeni Soyk\u0131r\u0131m\u0131\u2019yla ilgili olarak sarf etti\u011fi skandal s\u00f6zleri de\u011ferlendirdi: Edebiyat \u00f6ncelikle insan hik\u00e2yesidir ve resmi tarihin yalan ile riyaya buland\u0131\u011f\u0131 co\u011frafyalarda, yazar\u0131n hayalg\u00fcc\u00fcn\u00fcn \u00fcr\u00fcn\u00fc olman\u0131n \u00f6tesinde gayr\u0131resmi tarih kayd\u0131 i\u015flevini de \u00fcstlenir<\/i><\/b><i>.<\/i><\/p>\n<p style=\"text-align: justify\"><strong>KAR\u0130N KARAKA\u015eLI<\/strong><\/p>\n<p style=\"text-align: justify\">Edebiyat, do\u011fas\u0131 gere\u011fi muhalif, tan\u0131m\u0131 gere\u011fi kapsay\u0131c\u0131d\u0131r. \u00d6yle ya, bir kitap yazmak ya da okumak i\u00e7in akmakta olan hayat\u0131n d\u0131\u015f\u0131na \u00e7\u0131kman\u0131z gerekir. Kurulu d\u00fczenle bir derdiniz yoksa, \u00e7ark\u0131n di\u015flileri sizi her seferinde t\u00fck\u00fcrm\u00fcyorsa, niye yazas\u0131n\u0131z?..G\u00fcndelik hayat ger\u00e7eklerine bo\u011fulduk\u00e7a hakikatinizden olmak a\u011fr\u0131n\u0131za gitmiyorsa, varl\u0131\u011f\u0131n\u0131z\u0131n kudret ve aczi nefesinizi kesmiyorsa niye yaratas\u0131n\u0131z?..<\/p>\n<p style=\"text-align: justify\">Ha tabii, &#8216;projeci yazarl\u0131k&#8217; yolunu se\u00e7ebilir, y\u0131ll\u0131k ajandada g\u00fcndem maddelerini belirleyip m\u00fcnasip eserlerinizi zamanlama harikas\u0131 duygulan\u0131mlar e\u015fli\u011finde yumurtlayabilirsiniz. Haliyle dar alanda iki boyutlu tipler yarat\u0131r, a\u011f\u0131zlar\u0131na haz\u0131r replikler koyars\u0131n\u0131z. Herkes ve her \u015fey nesnele\u015fir.<\/p>\n<p style=\"text-align: justify\">Oysa edebiyat \u00f6ncelikle insan hik\u00e2yesidir ve\u00a0 resmi tarihin yalan ile riyaya buland\u0131\u011f\u0131 co\u011frafyalarda, yazar\u0131n hayalg\u00fcc\u00fcn\u00fcn \u00fcr\u00fcn\u00fc olman\u0131n \u00f6tesinde gayr\u0131resmi tarih kayd\u0131 i\u015flevini de \u00fcstlenir. Suya ak\u0131t\u0131lan, r\u00fczg\u00e2ra f\u0131s\u0131ldanan s\u0131rlar\u0131n sesidir o. Derinden dip dalga olarak gelir, mum \u0131\u015f\u0131\u011f\u0131nda titre\u015fir.<\/p>\n<p style=\"text-align: justify\">O y\u00fczden \u00e7\u0131k\u0131p da bir yazar, co\u011frafyas\u0131n\u0131n en b\u00fcy\u00fck ac\u0131lar\u0131ndan birine radikal sa\u011f parti siyaset\u00e7isi \u00fcslubuyla bodoslama dalarsa, bu s\u00f6zlerle halel gelmeyecek ac\u0131y\u0131 bir yana b\u0131rak\u0131p bu ruh fukaral\u0131\u011f\u0131na \u00fcz\u00fclesiniz tutar.\u00a0<\/p>\n<p style=\"text-align: justify\">Yeni kitab\u0131n\u0131n\u0131n tan\u0131t\u0131m\u0131 i\u00e7in kat\u0131ld\u0131\u011f\u0131 Enver Aysever&#8217;in &#8216;Ayk\u0131r\u0131 Sorular&#8217; program\u0131nda Ay\u015fe Kulin&#8217;in d\u00fc\u015f\u00fcnd\u00fcrd\u00fc\u011f\u00fc tam da buydu.\u00a0 \u0130breti alemlik c\u00fcmlesini vurgular g\u00f6z\u00fcme s\u0131\u00e7rad\u0131\u011f\u0131 i\u00e7in \u00f6zel yaz\u0131m e\u015fli\u011finde payla\u015fmak durumunday\u0131m: \u201cBen ErmeniLER\u0130 \u00e7ok severim AMA o bir tehcir olay\u0131d\u0131r. Sava\u015fta ya\u015fanm\u0131\u015f bir olayd\u0131r. SAVA\u015eTA ya\u015fananlara SOYKIRIM DEMEK ZOR&#8230; YahudiLER\u0130NK\u0130 gibi gidip DURUP DURURKEN B\u0130Z onlar\u0131 KESMEYE ba\u015flamad\u0131k.\u201d<\/p>\n<p style=\"text-align: justify\">T\u00fcrk\u00e7e dilbilgisinde gizli \u00f6zne diye bir \u015fey vard\u0131r ya, bu c\u00fcmlede sakl\u0131 &#8216;aleni soyk\u0131r\u0131m&#8217;\u0131 bulma oyunu oynayabiliriz birlikte.\u00d6nce \u015fu a\u011f\u0131z dolusu f\u0131\u015fk\u0131r\u0131veren \u00e7o\u011ful tak\u0131lar\u0131ndan ba\u015flayabiliriz misal. Ben Ermeni olarak &#8216;Ermenileri&#8217; \u00e7ok sevmiyorum. Hi\u00e7bir halk\u0131 \u00e7o\u011ful olarak sevmem m\u00fcmk\u00fcn de\u011fil \u00e7\u00fcnk\u00fc bunun tersinde c\u00fcmlesinden nefret de edebilmem gerekir.<\/p>\n<p style=\"text-align: justify\">Ge\u00e7tim tak\u0131lar\u0131, geldim \u015fu kendinden \u00f6nceki her \u015feyi itibars\u0131zla\u015ft\u0131ran &#8216;ama&#8217; ba\u011flac\u0131na&#8230;\u00a0 Nitekim i\u015fte \u00f6\u011freniyoruz ki sava\u015fta ya\u015fananlara soyk\u0131r\u0131m demek zor. \u00d6yle ya bir halk\u0131n k\u00f6k\u00fc kaz\u0131n\u0131rken hangi tan\u0131m e\u015fli\u011finde katledildi\u011fi \u00e7ok \u00f6nemli bir \u00f6ncelik. Kar\u015f\u0131la\u015ft\u0131rmal\u0131 soyk\u0131r\u0131m okumalar\u0131 e\u015fli\u011finde Ermenilerin Yahudiler gibi &#8216;durup dururken&#8217; kesilmediklerini \u00f6\u011freniyoruz. Kesildilerse bir sebebi, bir gerek\u00e7esi var. Muhtemelen bu da \u201cDo\u011fu b\u00f6lgelerinde Ruslarla i\u015fbirli\u011fi ederek bizi arkadan vuran Ermeniler\u201d resmi anlat\u0131s\u0131 olmal\u0131 ki, yazar da zaten rahatl\u0131kla bir &#8216;biz&#8217;den bahsediveriyor. Bu biz de \u015f\u00f6yle tan\u0131mlan\u0131yor ortaya kar\u0131\u015f\u0131k: \u201cOsmanl\u0131 da biziz.Osmanl\u0131\u2019n\u0131n devam\u0131y\u0131z. Hay\u0131r, ben Cumhuriyet T\u00fcrk\u00fcy\u00fcm ama bir ku\u015fak var yani ben Osmanl\u0131 dedemin kuca\u011f\u0131nda b\u00fcy\u00fcd\u00fcm. Bir anda makasla kesemezsiniz ge\u00e7mi\u015finizi.\u201d<\/p>\n<p style=\"text-align: justify\">Diyalo\u011fun buralara geli\u015f hik\u00e2yesi ise bug\u00fcn\u00fcm\u00fczden ba\u015fl\u0131yor. Kulin \u201cBen kendimi bir T\u00fcrk olarak Hrant\u2019\u0131n katillerinin bulunamam\u0131\u015f olmas\u0131ndan dolay\u0131 sorumlu ve \u0131zd\u0131rap i\u00e7inde hissediyorum\u201d diyor ve ekliyor: \u201cErmeni k\u0131y\u0131m\u0131 yap\u0131ld\u0131\u011f\u0131 zaman yoktum, annem bile do\u011fmam\u0131\u015ft\u0131. Oradan kendimi sorumlu hissetmiyorum ama i\u00e7inde ya\u015fad\u0131\u011f\u0131m T\u00fcrkiye\u2019nin ay\u0131plar\u0131ndan\u2026\u201d<\/p>\n<p style=\"text-align: justify\">O ay\u0131plar\u0131 birlikte biraz hat\u0131rlayal\u0131m m\u0131? Hrant Dink, Atat\u00fcrk&#8217;\u00fcn manevi k\u0131z\u0131 ve T\u00fcrkiye&#8217;nin ilk kad\u0131n sava\u015f pilotu Sabiha G\u00f6k\u00e7en&#8217;in 1915&#8217;in evlat edinilen Ermeni yetimlerinden olabilece\u011fine ili\u015fkin haberle hedef g\u00f6sterilmeye ba\u015flanm\u0131\u015f, sistematik bir bas\u0131n ve yarg\u0131 kampanyas\u0131yla &#8216;T\u00fcrk d\u00fc\u015fman\u0131&#8217; Ermeni gazeteci olarak yaftalanm\u0131\u015f, \u00f6ld\u00fcr\u00fclmeden bir s\u00fcre \u00f6nce de Reuters&#8217;e 1915&#8217;in soyk\u0131r\u0131m oldu\u011fu y\u00f6n\u00fcndeki beyanat\u0131 \u00fczerinden ayr\u0131ca yarg\u0131lanmaya ba\u015flanm\u0131\u015ft\u0131. Bunca veri e\u015fli\u011finde Hrant Dink&#8217;in \u00f6ld\u00fcr\u00fcl\u00fc\u015f\u00fc ile ink\u00e2r edilen Ermeni Soyk\u0131r\u0131m\u0131 aras\u0131nda illiyet g\u00f6rmemek ancak \u00f6zel \u00e7aba ile a\u00e7\u0131klanabilir.<\/p>\n<p style=\"text-align: justify\">O \u00f6zel \u00e7abay\u0131 Ay\u015fe Kulin Ermeni eni\u015ftesini konu edinen 2006 tarihli yaz\u0131s\u0131nda da g\u00f6stermi\u015fti: \u201cE\u011fer Ermenileri Do\u011fu illerimizi i\u015fgal etmi\u015f olan Rus askerlerine yatakl\u0131k yapmalar\u0131n\u0131, Rus \u00fcniformalar\u0131 giyerek bize kar\u015f\u0131 sava\u015fmalar\u0131n\u0131 \u00f6nlemek i\u00e7in s\u00fcrg\u00fcne yollayaca\u011f\u0131m\u0131za \u00f6ld\u00fcrm\u00fc\u015f olayd\u0131k, ben, sevgili eni\u015ftemi hi\u00e7 tan\u0131mayacakt\u0131m. E\u011fer \u00fczerimize yap\u0131\u015ft\u0131r\u0131lmak istenen \u2019soyk\u0131r\u0131m\u2019 yaftas\u0131 do\u011fru olayd\u0131, eni\u015ftem \u00e7oktan \u00f6ld\u00fcr\u00fclm\u00fc\u015f olaca\u011f\u0131 i\u00e7in, anneannemin babas\u0131 Re\u015fat dedem, k\u0131z\u0131 bir Ermeni\u2019yi sevdi\u011finden dolay\u0131 intihara te\u015febb\u00fcs etmeyecek, aile bir skandalla sars\u0131lmayacak, teyzem K\u0131br\u0131s\u2019a s\u00fcrg\u00fcne yollanmayacakt\u0131.\u201d<\/p>\n<p style=\"text-align: justify\">Bu tersten okumal\u0131 mant\u0131k ne kadar i\u00e7imi rahatlatt\u0131, bilemezsiniz. D\u00fc\u015f\u00fcnsenize e\u011fer soyk\u0131r\u0131m\u00a0 olsayd\u0131, bu yaz\u0131y\u0131 yazamayacakt\u0131m \u00e7\u00fcnk\u00fc ana babamdan do\u011famayacakt\u0131m.\u00a0 Soyk\u0131r\u0131m\u0131n Cumhuriyet idelojisi ile b\u00fct\u00fcnle\u015fen bu zihniyetin aleni gizli \u00f6znesi oldu\u011funu anlatamayacakt\u0131m. Do\u011fabildiysem, can meram\u0131m\u0131 anlatabildi\u011fimi ummak isterim. Yoksa hakikaten, ya\u015famasam da olur.<\/p>\n<p style=\"text-align: justify\"><b><i>http:\/\/www.agos.com.tr\/haber.php?seo=karin-karakasli-yazdi-gizli-ozne-olarak-soykirim&amp;haberid=6542<\/i><\/b><\/p>\n","protected":false},"excerpt":{"rendered":"<p>Karin Karaka\u015fl\u0131, Agos\u2019taki k\u00f6\u015fesinde Ay\u015fe Kulin\u2019in Ermeni Soyk\u0131r\u0131m\u0131\u2019yla ilgili olarak sarf etti\u011fi skandal s\u00f6zleri de\u011ferlendirdi: Edebiyat \u00f6ncelikle insan hik\u00e2yesidir ve resmi tarihin yalan ile riyaya buland\u0131\u011f\u0131 co\u011frafyalarda, yazar\u0131n hayalg\u00fcc\u00fcn\u00fcn \u00fcr\u00fcn\u00fc olman\u0131n \u00f6tesinde gayr\u0131resmi tarih kayd\u0131 i\u015flevini de \u00fcstlenir. KAR\u0130N KARAKA\u015eLI Edebiyat, do\u011fas\u0131 gere\u011fi muhalif, tan\u0131m\u0131 gere\u011fi kapsay\u0131c\u0131d\u0131r. \u00d6yle ya, bir kitap yazmak ya da okumak [&hellip;]<\/p>\n","protected":false},"author":3,"featured_media":0,"comment_status":"open","ping_status":"open","sticky":false,"template":"","format":"standard","meta":{"footnotes":""},"categories":[6,14,26],"tags":[],"class_list":["post-28372","post","type-post","status-publish","format-standard","hentry","category-ermeni-soykirimi","category-haberler","category-makaleler"],"yoast_head":"<!-- This site is optimized with the Yoast SEO plugin v27.4 - https:\/\/yoast.com\/product\/yoast-seo-wordpress\/ -->\n<title>Karin Karaka\u015fl\u0131 yazd\u0131: Gizli \u00f6zne olarak soyk\u0131r\u0131m - Bati Ermenistan Ve Bati Ermenileri Sorunlari Ara\u015ftirmalar Merkezi<\/title>\n<meta name=\"robots\" content=\"index, follow, max-snippet:-1, max-image-preview:large, max-video-preview:-1\" \/>\n<link rel=\"canonical\" href=\"https:\/\/akunq.net\/turkish\/2014\/02\/11\/karin-karakasli-yazdi-gizli-ozne-olarak-soykirim\/\" \/>\n<meta property=\"og:locale\" content=\"en_US\" \/>\n<meta property=\"og:type\" content=\"article\" \/>\n<meta property=\"og:title\" content=\"Karin Karaka\u015fl\u0131 yazd\u0131: Gizli \u00f6zne olarak soyk\u0131r\u0131m - Bati Ermenistan Ve Bati Ermenileri Sorunlari Ara\u015ftirmalar Merkezi\" \/>\n<meta property=\"og:description\" content=\"Karin Karaka\u015fl\u0131, Agos\u2019taki k\u00f6\u015fesinde Ay\u015fe Kulin\u2019in Ermeni Soyk\u0131r\u0131m\u0131\u2019yla ilgili olarak sarf etti\u011fi skandal s\u00f6zleri de\u011ferlendirdi: Edebiyat \u00f6ncelikle insan hik\u00e2yesidir ve resmi tarihin yalan ile riyaya buland\u0131\u011f\u0131 co\u011frafyalarda, yazar\u0131n hayalg\u00fcc\u00fcn\u00fcn \u00fcr\u00fcn\u00fc olman\u0131n \u00f6tesinde gayr\u0131resmi tarih kayd\u0131 i\u015flevini de \u00fcstlenir. KAR\u0130N KARAKA\u015eLI Edebiyat, do\u011fas\u0131 gere\u011fi muhalif, tan\u0131m\u0131 gere\u011fi kapsay\u0131c\u0131d\u0131r. \u00d6yle ya, bir kitap yazmak ya da okumak [&hellip;]\" \/>\n<meta property=\"og:url\" content=\"https:\/\/akunq.net\/turkish\/2014\/02\/11\/karin-karakasli-yazdi-gizli-ozne-olarak-soykirim\/\" \/>\n<meta property=\"og:site_name\" content=\"Bati Ermenistan Ve Bati Ermenileri Sorunlari Ara\u015ftirmalar Merkezi\" \/>\n<meta property=\"article:published_time\" content=\"2014-02-11T08:34:40+00:00\" \/>\n<meta name=\"author\" content=\"kalem\" \/>\n<meta name=\"twitter:card\" content=\"summary_large_image\" \/>\n<meta name=\"twitter:label1\" content=\"Written by\" \/>\n\t<meta name=\"twitter:data1\" content=\"kalem\" \/>\n\t<meta name=\"twitter:label2\" content=\"Est. reading time\" \/>\n\t<meta name=\"twitter:data2\" content=\"5 minutes\" \/>\n<script type=\"application\/ld+json\" class=\"yoast-schema-graph\">{\"@context\":\"https:\\\/\\\/schema.org\",\"@graph\":[{\"@type\":\"Article\",\"@id\":\"https:\\\/\\\/akunq.net\\\/turkish\\\/2014\\\/02\\\/11\\\/karin-karakasli-yazdi-gizli-ozne-olarak-soykirim\\\/#article\",\"isPartOf\":{\"@id\":\"https:\\\/\\\/akunq.net\\\/turkish\\\/2014\\\/02\\\/11\\\/karin-karakasli-yazdi-gizli-ozne-olarak-soykirim\\\/\"},\"author\":{\"name\":\"kalem\",\"@id\":\"https:\\\/\\\/akunq.net\\\/turkish\\\/#\\\/schema\\\/person\\\/135e7923d1aeb8887890799619969a6c\"},\"headline\":\"Karin Karaka\u015fl\u0131 yazd\u0131: Gizli \u00f6zne olarak soyk\u0131r\u0131m\",\"datePublished\":\"2014-02-11T08:34:40+00:00\",\"mainEntityOfPage\":{\"@id\":\"https:\\\/\\\/akunq.net\\\/turkish\\\/2014\\\/02\\\/11\\\/karin-karakasli-yazdi-gizli-ozne-olarak-soykirim\\\/\"},\"wordCount\":1003,\"commentCount\":0,\"articleSection\":[\"Ermeni Soyk\u0131r\u0131m\u0131\",\"Haberler\",\"Makaleler\"],\"inLanguage\":\"en-US\",\"potentialAction\":[{\"@type\":\"CommentAction\",\"name\":\"Comment\",\"target\":[\"https:\\\/\\\/akunq.net\\\/turkish\\\/2014\\\/02\\\/11\\\/karin-karakasli-yazdi-gizli-ozne-olarak-soykirim\\\/#respond\"]}]},{\"@type\":\"WebPage\",\"@id\":\"https:\\\/\\\/akunq.net\\\/turkish\\\/2014\\\/02\\\/11\\\/karin-karakasli-yazdi-gizli-ozne-olarak-soykirim\\\/\",\"url\":\"https:\\\/\\\/akunq.net\\\/turkish\\\/2014\\\/02\\\/11\\\/karin-karakasli-yazdi-gizli-ozne-olarak-soykirim\\\/\",\"name\":\"Karin Karaka\u015fl\u0131 yazd\u0131: Gizli \u00f6zne olarak soyk\u0131r\u0131m - Bati Ermenistan Ve Bati Ermenileri Sorunlari Ara\u015ftirmalar Merkezi\",\"isPartOf\":{\"@id\":\"https:\\\/\\\/akunq.net\\\/turkish\\\/#website\"},\"datePublished\":\"2014-02-11T08:34:40+00:00\",\"author\":{\"@id\":\"https:\\\/\\\/akunq.net\\\/turkish\\\/#\\\/schema\\\/person\\\/135e7923d1aeb8887890799619969a6c\"},\"breadcrumb\":{\"@id\":\"https:\\\/\\\/akunq.net\\\/turkish\\\/2014\\\/02\\\/11\\\/karin-karakasli-yazdi-gizli-ozne-olarak-soykirim\\\/#breadcrumb\"},\"inLanguage\":\"en-US\",\"potentialAction\":[{\"@type\":\"ReadAction\",\"target\":[\"https:\\\/\\\/akunq.net\\\/turkish\\\/2014\\\/02\\\/11\\\/karin-karakasli-yazdi-gizli-ozne-olarak-soykirim\\\/\"]}]},{\"@type\":\"BreadcrumbList\",\"@id\":\"https:\\\/\\\/akunq.net\\\/turkish\\\/2014\\\/02\\\/11\\\/karin-karakasli-yazdi-gizli-ozne-olarak-soykirim\\\/#breadcrumb\",\"itemListElement\":[{\"@type\":\"ListItem\",\"position\":1,\"name\":\"Home\",\"item\":\"https:\\\/\\\/akunq.net\\\/turkish\\\/\"},{\"@type\":\"ListItem\",\"position\":2,\"name\":\"Karin Karaka\u015fl\u0131 yazd\u0131: Gizli \u00f6zne olarak soyk\u0131r\u0131m\"}]},{\"@type\":\"WebSite\",\"@id\":\"https:\\\/\\\/akunq.net\\\/turkish\\\/#website\",\"url\":\"https:\\\/\\\/akunq.net\\\/turkish\\\/\",\"name\":\"Bati Ermenistan Ve Bati Ermenileri Sorunlari Ara\u015ftirmalar Merkezi\",\"description\":\"\",\"potentialAction\":[{\"@type\":\"SearchAction\",\"target\":{\"@type\":\"EntryPoint\",\"urlTemplate\":\"https:\\\/\\\/akunq.net\\\/turkish\\\/?s={search_term_string}\"},\"query-input\":{\"@type\":\"PropertyValueSpecification\",\"valueRequired\":true,\"valueName\":\"search_term_string\"}}],\"inLanguage\":\"en-US\"},{\"@type\":\"Person\",\"@id\":\"https:\\\/\\\/akunq.net\\\/turkish\\\/#\\\/schema\\\/person\\\/135e7923d1aeb8887890799619969a6c\",\"name\":\"kalem\",\"image\":{\"@type\":\"ImageObject\",\"inLanguage\":\"en-US\",\"@id\":\"https:\\\/\\\/secure.gravatar.com\\\/avatar\\\/a06875e4b25feb5674296adf8e8a7ae1e587cebce2493fe63c456109967e27d3?s=96&d=mm&r=g\",\"url\":\"https:\\\/\\\/secure.gravatar.com\\\/avatar\\\/a06875e4b25feb5674296adf8e8a7ae1e587cebce2493fe63c456109967e27d3?s=96&d=mm&r=g\",\"contentUrl\":\"https:\\\/\\\/secure.gravatar.com\\\/avatar\\\/a06875e4b25feb5674296adf8e8a7ae1e587cebce2493fe63c456109967e27d3?s=96&d=mm&r=g\",\"caption\":\"kalem\"},\"url\":\"https:\\\/\\\/akunq.net\\\/turkish\\\/author\\\/kalem\\\/\"}]}<\/script>\n<!-- \/ Yoast SEO plugin. -->","yoast_head_json":{"title":"Karin Karaka\u015fl\u0131 yazd\u0131: Gizli \u00f6zne olarak soyk\u0131r\u0131m - Bati Ermenistan Ve Bati Ermenileri Sorunlari Ara\u015ftirmalar Merkezi","robots":{"index":"index","follow":"follow","max-snippet":"max-snippet:-1","max-image-preview":"max-image-preview:large","max-video-preview":"max-video-preview:-1"},"canonical":"https:\/\/akunq.net\/turkish\/2014\/02\/11\/karin-karakasli-yazdi-gizli-ozne-olarak-soykirim\/","og_locale":"en_US","og_type":"article","og_title":"Karin Karaka\u015fl\u0131 yazd\u0131: Gizli \u00f6zne olarak soyk\u0131r\u0131m - Bati Ermenistan Ve Bati Ermenileri Sorunlari Ara\u015ftirmalar Merkezi","og_description":"Karin Karaka\u015fl\u0131, Agos\u2019taki k\u00f6\u015fesinde Ay\u015fe Kulin\u2019in Ermeni Soyk\u0131r\u0131m\u0131\u2019yla ilgili olarak sarf etti\u011fi skandal s\u00f6zleri de\u011ferlendirdi: Edebiyat \u00f6ncelikle insan hik\u00e2yesidir ve resmi tarihin yalan ile riyaya buland\u0131\u011f\u0131 co\u011frafyalarda, yazar\u0131n hayalg\u00fcc\u00fcn\u00fcn \u00fcr\u00fcn\u00fc olman\u0131n \u00f6tesinde gayr\u0131resmi tarih kayd\u0131 i\u015flevini de \u00fcstlenir. KAR\u0130N KARAKA\u015eLI Edebiyat, do\u011fas\u0131 gere\u011fi muhalif, tan\u0131m\u0131 gere\u011fi kapsay\u0131c\u0131d\u0131r. \u00d6yle ya, bir kitap yazmak ya da okumak [&hellip;]","og_url":"https:\/\/akunq.net\/turkish\/2014\/02\/11\/karin-karakasli-yazdi-gizli-ozne-olarak-soykirim\/","og_site_name":"Bati Ermenistan Ve Bati Ermenileri Sorunlari Ara\u015ftirmalar Merkezi","article_published_time":"2014-02-11T08:34:40+00:00","author":"kalem","twitter_card":"summary_large_image","twitter_misc":{"Written by":"kalem","Est. reading time":"5 minutes"},"schema":{"@context":"https:\/\/schema.org","@graph":[{"@type":"Article","@id":"https:\/\/akunq.net\/turkish\/2014\/02\/11\/karin-karakasli-yazdi-gizli-ozne-olarak-soykirim\/#article","isPartOf":{"@id":"https:\/\/akunq.net\/turkish\/2014\/02\/11\/karin-karakasli-yazdi-gizli-ozne-olarak-soykirim\/"},"author":{"name":"kalem","@id":"https:\/\/akunq.net\/turkish\/#\/schema\/person\/135e7923d1aeb8887890799619969a6c"},"headline":"Karin Karaka\u015fl\u0131 yazd\u0131: Gizli \u00f6zne olarak soyk\u0131r\u0131m","datePublished":"2014-02-11T08:34:40+00:00","mainEntityOfPage":{"@id":"https:\/\/akunq.net\/turkish\/2014\/02\/11\/karin-karakasli-yazdi-gizli-ozne-olarak-soykirim\/"},"wordCount":1003,"commentCount":0,"articleSection":["Ermeni Soyk\u0131r\u0131m\u0131","Haberler","Makaleler"],"inLanguage":"en-US","potentialAction":[{"@type":"CommentAction","name":"Comment","target":["https:\/\/akunq.net\/turkish\/2014\/02\/11\/karin-karakasli-yazdi-gizli-ozne-olarak-soykirim\/#respond"]}]},{"@type":"WebPage","@id":"https:\/\/akunq.net\/turkish\/2014\/02\/11\/karin-karakasli-yazdi-gizli-ozne-olarak-soykirim\/","url":"https:\/\/akunq.net\/turkish\/2014\/02\/11\/karin-karakasli-yazdi-gizli-ozne-olarak-soykirim\/","name":"Karin Karaka\u015fl\u0131 yazd\u0131: Gizli \u00f6zne olarak soyk\u0131r\u0131m - Bati Ermenistan Ve Bati Ermenileri Sorunlari Ara\u015ftirmalar Merkezi","isPartOf":{"@id":"https:\/\/akunq.net\/turkish\/#website"},"datePublished":"2014-02-11T08:34:40+00:00","author":{"@id":"https:\/\/akunq.net\/turkish\/#\/schema\/person\/135e7923d1aeb8887890799619969a6c"},"breadcrumb":{"@id":"https:\/\/akunq.net\/turkish\/2014\/02\/11\/karin-karakasli-yazdi-gizli-ozne-olarak-soykirim\/#breadcrumb"},"inLanguage":"en-US","potentialAction":[{"@type":"ReadAction","target":["https:\/\/akunq.net\/turkish\/2014\/02\/11\/karin-karakasli-yazdi-gizli-ozne-olarak-soykirim\/"]}]},{"@type":"BreadcrumbList","@id":"https:\/\/akunq.net\/turkish\/2014\/02\/11\/karin-karakasli-yazdi-gizli-ozne-olarak-soykirim\/#breadcrumb","itemListElement":[{"@type":"ListItem","position":1,"name":"Home","item":"https:\/\/akunq.net\/turkish\/"},{"@type":"ListItem","position":2,"name":"Karin Karaka\u015fl\u0131 yazd\u0131: Gizli \u00f6zne olarak soyk\u0131r\u0131m"}]},{"@type":"WebSite","@id":"https:\/\/akunq.net\/turkish\/#website","url":"https:\/\/akunq.net\/turkish\/","name":"Bati Ermenistan Ve Bati Ermenileri Sorunlari Ara\u015ftirmalar Merkezi","description":"","potentialAction":[{"@type":"SearchAction","target":{"@type":"EntryPoint","urlTemplate":"https:\/\/akunq.net\/turkish\/?s={search_term_string}"},"query-input":{"@type":"PropertyValueSpecification","valueRequired":true,"valueName":"search_term_string"}}],"inLanguage":"en-US"},{"@type":"Person","@id":"https:\/\/akunq.net\/turkish\/#\/schema\/person\/135e7923d1aeb8887890799619969a6c","name":"kalem","image":{"@type":"ImageObject","inLanguage":"en-US","@id":"https:\/\/secure.gravatar.com\/avatar\/a06875e4b25feb5674296adf8e8a7ae1e587cebce2493fe63c456109967e27d3?s=96&d=mm&r=g","url":"https:\/\/secure.gravatar.com\/avatar\/a06875e4b25feb5674296adf8e8a7ae1e587cebce2493fe63c456109967e27d3?s=96&d=mm&r=g","contentUrl":"https:\/\/secure.gravatar.com\/avatar\/a06875e4b25feb5674296adf8e8a7ae1e587cebce2493fe63c456109967e27d3?s=96&d=mm&r=g","caption":"kalem"},"url":"https:\/\/akunq.net\/turkish\/author\/kalem\/"}]}},"_links":{"self":[{"href":"https:\/\/akunq.net\/turkish\/wp-json\/wp\/v2\/posts\/28372","targetHints":{"allow":["GET"]}}],"collection":[{"href":"https:\/\/akunq.net\/turkish\/wp-json\/wp\/v2\/posts"}],"about":[{"href":"https:\/\/akunq.net\/turkish\/wp-json\/wp\/v2\/types\/post"}],"author":[{"embeddable":true,"href":"https:\/\/akunq.net\/turkish\/wp-json\/wp\/v2\/users\/3"}],"replies":[{"embeddable":true,"href":"https:\/\/akunq.net\/turkish\/wp-json\/wp\/v2\/comments?post=28372"}],"version-history":[{"count":0,"href":"https:\/\/akunq.net\/turkish\/wp-json\/wp\/v2\/posts\/28372\/revisions"}],"wp:attachment":[{"href":"https:\/\/akunq.net\/turkish\/wp-json\/wp\/v2\/media?parent=28372"}],"wp:term":[{"taxonomy":"category","embeddable":true,"href":"https:\/\/akunq.net\/turkish\/wp-json\/wp\/v2\/categories?post=28372"},{"taxonomy":"post_tag","embeddable":true,"href":"https:\/\/akunq.net\/turkish\/wp-json\/wp\/v2\/tags?post=28372"}],"curies":[{"name":"wp","href":"https:\/\/api.w.org\/{rel}","templated":true}]}}