{"id":28271,"date":"2014-02-04T02:48:37","date_gmt":"2014-02-04T07:48:37","guid":{"rendered":"http:\/\/akunq.net\/tr\/?p=28271"},"modified":"2014-02-04T02:48:37","modified_gmt":"2014-02-04T07:48:37","slug":"otoriterlesen-bir-turkiyede-kurtler-ozgur-olabilir-mi","status":"publish","type":"post","link":"https:\/\/akunq.net\/turkish\/2014\/02\/04\/otoriterlesen-bir-turkiyede-kurtler-ozgur-olabilir-mi\/","title":{"rendered":"Otoriterle\u015fen bir T\u00fcrkiye\u2019de K\u00fcrtler \u00f6zg\u00fcr olabilir mi?"},"content":{"rendered":"<h5 style=\"text-align: justify\"><b><a href=\"http:\/\/akunq.net\/tr\/?attachment_id=28272\" rel=\"attachment wp-att-28272\"><img loading=\"lazy\" decoding=\"async\" class=\"alignright size-full wp-image-28272\" alt=\"\u0130hsan Da\u011f\u0131\" src=\"http:\/\/akunq.net\/tr\/wp-content\/uploads\/2014\/02\/\u0130hsan-Da\u011f\u0131.png\" width=\"130\" height=\"80\" \/><\/a>\u0130hsan Da\u011f\u0131<\/b><\/h5>\n<p style=\"text-align: justify\">Gezi Park\u0131 olaylar\u0131ndan bu yana K\u00fcrt siyasal hareketinin iktidara verdi\u011fi destek dikkat \u00e7ekiyor. AKP ile PKK-BDP aras\u0131nda ilgin\u00e7 bir \u2018paralel s\u00f6ylem\u2019 geli\u015fmi\u015f durumda.<\/p>\n<p style=\"text-align: justify\">En son BDP milletvekili S\u0131rr\u0131 Sak\u0131k, \u2018B\u00fct\u00fcn yolsuzluklar\u0131n \u00fczerine gidilsin ama \u00e7ok da umurumuzda de\u011fil\u2019 deyiverdi. \u00d6calan da Bay\u0131k da h\u00fck\u00fcmetin dilini konu\u015fuyorlar. KCK\u2019dan Bese Hozat \u2018Ermeni ve Rum lobileri de paralel devlet\u2019 diyerek devlete destek tela\u015f\u0131n\u0131 abs\u00fcrd\u00fcte seviyesine \u00e7\u0131kard\u0131.<\/p>\n<p style=\"text-align: justify\">PKK ve BDP, son d\u00f6nemde baz\u0131 kritik konularda AKP\u2019ye neden destek veriyor?<\/p>\n<p style=\"text-align: justify\">H\u00fck\u00fcmetin \u00d6calan\u2019la y\u00fcr\u00fctt\u00fc\u011f\u00fc m\u00fczakerelerin devam etmesini sa\u011flama arzusu ilk akla gelen neden. BDP \u2018bar\u0131\u015f s\u00fcreci\u2019nin kesilmesini istemiyor ve bunun \u015fart\u0131n\u0131n AKP\u2019nin iktidarda kalmas\u0131 oldu\u011funu d\u00fc\u015f\u00fcn\u00fcyor. Gezi g\u00f6sterilerini de yolsuzluk operasyonlar\u0131n\u0131 da \u2018asl\u0131nda \u00e7\u00f6z\u00fcm s\u00fcrecine kar\u015f\u0131\u2019 giri\u015fimler olarak niteleyenler AKP\u2019siz \u00e7\u00f6z\u00fcm s\u00fcreci olamayaca\u011f\u0131n\u0131, dolay\u0131s\u0131yla AKP\u2019yi zay\u0131flatacak her giri\u015fimin \u00e7\u00f6z\u00fcm s\u00fcrecini de tehdit etti\u011fini varsay\u0131yorlar.<\/p>\n<p style=\"text-align: justify\">K\u00fcrt sorununa duyarl\u0131 pek \u00e7ok ki\u015fi, sorunun \u00e7\u00f6z\u00fcm\u00fcn\u00fcn \u2018daha \u00e7ok demokrasi, daha \u00e7ok \u00f6zg\u00fcrl\u00fck ve \u00e7o\u011fulculuk\u2019tan ge\u00e7ti\u011fini s\u00f6yl\u00fcyorlar, ki hakl\u0131lar. Peki, Gezi\u2019den beri her krizde biraz daha otoriterle\u015fen, kendi yapt\u0131\u011f\u0131 demokratikle\u015fme reformlar\u0131n\u0131 bile geri \u00e7evirmekten ka\u00e7\u0131nmayan, eski model ulusalc\u0131 komplo teorilerine savrulan bir AKP, K\u00fcrt sorununu nas\u0131l \u2018daha \u00e7ok demokrasi, daha \u00e7ok \u00f6zg\u00fcrl\u00fck ve \u00e7o\u011fulculuk\u2019la \u00e7\u00f6zebilecek? Mevcut e\u011filim devam ederse geriye bunlardan bir \u015fey kalacak m\u0131 ki? Otoriterle\u015fen bir T\u00fcrkiye\u2019de K\u00fcrtler \u00f6zg\u00fcr olabilecek mi?<\/p>\n<p style=\"text-align: justify\">Demokrasisiz, hukuksuz, zorba bir devlet K\u00fcrt sorununu \u00e7\u00f6zecek, \u00f6yle mi? Ya K\u00fcrt siyasal hareketi saf ya da ba\u015fka bir stratejik ak\u0131l i\u015fliyor.<\/p>\n<p style=\"text-align: justify\">Bu a\u015famadan sonra demokrasisi, hukuk devleti, insan haklar\u0131, d\u00fcnyayla ili\u015fkileri duvara \u00e7arpan, otoriter ve bask\u0131c\u0131 bir T\u00fcrkiye\u2019de K\u00fcrtleri kimsenin tutamayaca\u011f\u0131 belli. PKK-BDP T\u00fcrkiye\u2019nin duvara \u00e7arpmas\u0131n\u0131 m\u0131 bekliyor? Rojava\u2019da y\u00f6netimini kuran, T\u00fcrkiye\u2019de siyasal ve silahl\u0131 \u00f6rg\u00fct\u00fcn\u00fc muhafaza eden PKK-BDP otoriterle\u015fen bir T\u00fcrkiye\u2019ye kar\u015f\u0131 isyan bayra\u011f\u0131n\u0131 a\u00e7t\u0131\u011f\u0131nda bu isyan\u0131n art\u0131k b\u00fct\u00fcn d\u00fcnya taraf\u0131ndan \u2018me\u015fru\u2019 g\u00f6r\u00fclece\u011fini ve destek bulaca\u011f\u0131n\u0131 m\u0131 d\u00fc\u015f\u00fcn\u00fcyor? Derin bir kriz an\u0131nda \u2018\u00e7\u0131k\u0131\u015f hakk\u0131\u2019n\u0131 kullanabilece\u011fini mi hesap ediyor?<\/p>\n<p style=\"text-align: justify\">Umar\u0131m bu \u00fclkede T\u00fcrklerin ve K\u00fcrtlerin ayn\u0131 gemide oldu\u011fu unutulmuyordur. Y\u0131llard\u0131r devlete yerle\u015fen \u2018K\u00fcrtler i\u00e7in iyi olan her \u015fey T\u00fcrkler i\u00e7in k\u00f6t\u00fcd\u00fcr\u2019 mant\u0131\u011f\u0131 nas\u0131l yanl\u0131\u015fsa, \u2018T\u00fcrkler i\u00e7in k\u00f6t\u00fc olan her \u015fey K\u00fcrtler i\u00e7in f\u0131rsatt\u0131r\u2019 anlay\u0131\u015f\u0131 da o kadar rezildir. Otoriterle\u015fen bir T\u00fcrkiye\u2019nin kurbanlar\u0131 sadece T\u00fcrkler de\u011fil, K\u00fcrtler de olacak&#8230;<\/p>\n<p style=\"text-align: justify\">Ge\u00e7en hafta T24\u2019te yazan Nuray Mert, K\u00fcrt, demokratikle\u015fme ve \u00e7\u00f6z\u00fcm s\u00fcrecinin iktidar partisi taraf\u0131ndan \u2018rehin\u2019 al\u0131nd\u0131\u011f\u0131n\u0131 belirtip K\u00fcrt siyasal hareketine \u00f6nemli sorular y\u00f6neltiyordu. \u0130ktidar partisinin, \u2018Daha da g\u00fc\u00e7l\u00fc olmal\u0131y\u0131m ki, demokratikle\u015fme s\u00fcrecini y\u00fcr\u00fctebileyim\u2019 \u015fantaj\u0131 bug\u00fcne kadar \u2018ba\u015far\u0131l\u0131\u2019 oldu&#8230; Bu oyuna daha fazla devam etmek, ger\u00e7ek bir felakete yelken a\u00e7mak olacak&#8230; \u00d6calan, iktidar\u0131 demokratikle\u015fmeye zorlamak i\u00e7in siyasi krizi bir f\u0131rsata d\u00f6n\u00fc\u015ft\u00fcrmek gerekti\u011fini d\u00fc\u015f\u00fcn\u00fcyor ve ona g\u00f6re tav\u0131r tak\u0131n\u0131yor&#8230; Ancak iktidar\u0131n demokrasi sicili bir yana, son olarak yarg\u0131y\u0131 do\u011frudan kendine ba\u011flama gayreti i\u00e7inde bir anlay\u0131\u015f, nas\u0131l ve ne zaman demokratikle\u015fmeye zorlanacak belli de\u011fil&#8230; B\u00fcy\u00fck strateji ise \u015fu: G\u00fcya eli daha da g\u00fc\u00e7lenen iktidar, milliyet\u00e7i bask\u0131lar\u0131 bertaraf edip, K\u00fcrtlerin \u00f6zg\u00fcrl\u00fc\u011f\u00fcn\u00fcn yolunu a\u00e7acak. Mesela, yarg\u0131y\u0131 do\u011frudan kendine ba\u011flay\u0131p, hapishaneleri bo\u015faltacak. S\u00f6yleyin Allah a\u015fk\u0131na, b\u00f6ylesi bir \u2018\u00e7\u00f6z\u00fcm\u2019, \u00e7\u00f6z\u00fcm olabilir mi?.. Bir \u00fclkeyi otoriterle\u015fme \u00fczerinden derin bir krize s\u00fcr\u00fckleyen bir siyasi akt\u00f6r, bu saatten sonra bar\u0131\u015f\u0131n, \u00e7\u00f6z\u00fcm\u00fcn akt\u00f6r\u00fc olabilir mi?\u2019<\/p>\n<p style=\"text-align: justify\">PKK\u2019n\u0131n \u2018d\u00fc\u015fmanlar\u0131\u2019n\u0131 yiyerek canavarla\u015fan devlet a\u00e7l\u0131\u011fa tahamm\u00fcl edemez, yiyecek yeni kurbanlar bulmakta da zorlanmaz&#8230;<\/p>\n<p style=\"text-align: justify\"><b><i>i.dagi@zaman.com.tr<\/i><\/b><\/p>\n<p style=\"text-align: justify\"><b><i><a href=\"http:\/\/www.zaman.com.tr\/gundem\/otoriterlesen-bir-turkiyede-kurtler-ozgur-olabilir-mi_2197466.html\">http:\/\/www.zaman.com.tr\/gundem\/otoriterlesen-bir-turkiyede-kurtler-ozgur-olabilir-mi_2197466.html<\/a><\/i><\/b><\/p>\n","protected":false},"excerpt":{"rendered":"<p>\u0130hsan Da\u011f\u0131 Gezi Park\u0131 olaylar\u0131ndan bu yana K\u00fcrt siyasal hareketinin iktidara verdi\u011fi destek dikkat \u00e7ekiyor. AKP ile PKK-BDP aras\u0131nda ilgin\u00e7 bir \u2018paralel s\u00f6ylem\u2019 geli\u015fmi\u015f durumda. En son BDP milletvekili S\u0131rr\u0131 Sak\u0131k, \u2018B\u00fct\u00fcn yolsuzluklar\u0131n \u00fczerine gidilsin ama \u00e7ok da umurumuzda de\u011fil\u2019 deyiverdi. \u00d6calan da Bay\u0131k da h\u00fck\u00fcmetin dilini konu\u015fuyorlar. KCK\u2019dan Bese Hozat \u2018Ermeni ve Rum lobileri [&hellip;]<\/p>\n","protected":false},"author":3,"featured_media":0,"comment_status":"open","ping_status":"open","sticky":false,"template":"","format":"standard","meta":{"footnotes":""},"categories":[14,26,42],"tags":[],"class_list":["post-28271","post","type-post","status-publish","format-standard","hentry","category-haberler","category-makaleler","category-turkiyede-azinliklar"],"yoast_head":"<!-- This site is optimized with the Yoast SEO plugin v27.4 - https:\/\/yoast.com\/product\/yoast-seo-wordpress\/ -->\n<title>Otoriterle\u015fen bir T\u00fcrkiye\u2019de K\u00fcrtler \u00f6zg\u00fcr olabilir mi? - Bati Ermenistan Ve Bati Ermenileri Sorunlari Ara\u015ftirmalar Merkezi<\/title>\n<meta name=\"robots\" content=\"index, follow, max-snippet:-1, max-image-preview:large, max-video-preview:-1\" \/>\n<link rel=\"canonical\" href=\"https:\/\/akunq.net\/turkish\/2014\/02\/04\/otoriterlesen-bir-turkiyede-kurtler-ozgur-olabilir-mi\/\" \/>\n<meta property=\"og:locale\" content=\"en_US\" \/>\n<meta property=\"og:type\" content=\"article\" \/>\n<meta property=\"og:title\" content=\"Otoriterle\u015fen bir T\u00fcrkiye\u2019de K\u00fcrtler \u00f6zg\u00fcr olabilir mi? - Bati Ermenistan Ve Bati Ermenileri Sorunlari Ara\u015ftirmalar Merkezi\" \/>\n<meta property=\"og:description\" content=\"\u0130hsan Da\u011f\u0131 Gezi Park\u0131 olaylar\u0131ndan bu yana K\u00fcrt siyasal hareketinin iktidara verdi\u011fi destek dikkat \u00e7ekiyor. AKP ile PKK-BDP aras\u0131nda ilgin\u00e7 bir \u2018paralel s\u00f6ylem\u2019 geli\u015fmi\u015f durumda. En son BDP milletvekili S\u0131rr\u0131 Sak\u0131k, \u2018B\u00fct\u00fcn yolsuzluklar\u0131n \u00fczerine gidilsin ama \u00e7ok da umurumuzda de\u011fil\u2019 deyiverdi. \u00d6calan da Bay\u0131k da h\u00fck\u00fcmetin dilini konu\u015fuyorlar. KCK\u2019dan Bese Hozat \u2018Ermeni ve Rum lobileri [&hellip;]\" \/>\n<meta property=\"og:url\" content=\"https:\/\/akunq.net\/turkish\/2014\/02\/04\/otoriterlesen-bir-turkiyede-kurtler-ozgur-olabilir-mi\/\" \/>\n<meta property=\"og:site_name\" content=\"Bati Ermenistan Ve Bati Ermenileri Sorunlari Ara\u015ftirmalar Merkezi\" \/>\n<meta property=\"article:published_time\" content=\"2014-02-04T07:48:37+00:00\" \/>\n<meta name=\"author\" content=\"kalem\" \/>\n<meta name=\"twitter:card\" content=\"summary_large_image\" \/>\n<meta name=\"twitter:label1\" content=\"Written by\" \/>\n\t<meta name=\"twitter:data1\" content=\"kalem\" \/>\n\t<meta name=\"twitter:label2\" content=\"Est. reading time\" \/>\n\t<meta name=\"twitter:data2\" content=\"4 minutes\" \/>\n<script type=\"application\/ld+json\" class=\"yoast-schema-graph\">{\"@context\":\"https:\\\/\\\/schema.org\",\"@graph\":[{\"@type\":\"Article\",\"@id\":\"https:\\\/\\\/akunq.net\\\/turkish\\\/2014\\\/02\\\/04\\\/otoriterlesen-bir-turkiyede-kurtler-ozgur-olabilir-mi\\\/#article\",\"isPartOf\":{\"@id\":\"https:\\\/\\\/akunq.net\\\/turkish\\\/2014\\\/02\\\/04\\\/otoriterlesen-bir-turkiyede-kurtler-ozgur-olabilir-mi\\\/\"},\"author\":{\"name\":\"kalem\",\"@id\":\"https:\\\/\\\/akunq.net\\\/turkish\\\/#\\\/schema\\\/person\\\/135e7923d1aeb8887890799619969a6c\"},\"headline\":\"Otoriterle\u015fen bir T\u00fcrkiye\u2019de K\u00fcrtler \u00f6zg\u00fcr olabilir mi?\",\"datePublished\":\"2014-02-04T07:48:37+00:00\",\"mainEntityOfPage\":{\"@id\":\"https:\\\/\\\/akunq.net\\\/turkish\\\/2014\\\/02\\\/04\\\/otoriterlesen-bir-turkiyede-kurtler-ozgur-olabilir-mi\\\/\"},\"wordCount\":767,\"commentCount\":0,\"articleSection\":[\"Haberler\",\"Makaleler\",\"T\u00fcrkiye\u2019de Az\u0131nl\u0131klar\"],\"inLanguage\":\"en-US\",\"potentialAction\":[{\"@type\":\"CommentAction\",\"name\":\"Comment\",\"target\":[\"https:\\\/\\\/akunq.net\\\/turkish\\\/2014\\\/02\\\/04\\\/otoriterlesen-bir-turkiyede-kurtler-ozgur-olabilir-mi\\\/#respond\"]}]},{\"@type\":\"WebPage\",\"@id\":\"https:\\\/\\\/akunq.net\\\/turkish\\\/2014\\\/02\\\/04\\\/otoriterlesen-bir-turkiyede-kurtler-ozgur-olabilir-mi\\\/\",\"url\":\"https:\\\/\\\/akunq.net\\\/turkish\\\/2014\\\/02\\\/04\\\/otoriterlesen-bir-turkiyede-kurtler-ozgur-olabilir-mi\\\/\",\"name\":\"Otoriterle\u015fen bir T\u00fcrkiye\u2019de K\u00fcrtler \u00f6zg\u00fcr olabilir mi? - Bati Ermenistan Ve Bati Ermenileri Sorunlari Ara\u015ftirmalar Merkezi\",\"isPartOf\":{\"@id\":\"https:\\\/\\\/akunq.net\\\/turkish\\\/#website\"},\"datePublished\":\"2014-02-04T07:48:37+00:00\",\"author\":{\"@id\":\"https:\\\/\\\/akunq.net\\\/turkish\\\/#\\\/schema\\\/person\\\/135e7923d1aeb8887890799619969a6c\"},\"breadcrumb\":{\"@id\":\"https:\\\/\\\/akunq.net\\\/turkish\\\/2014\\\/02\\\/04\\\/otoriterlesen-bir-turkiyede-kurtler-ozgur-olabilir-mi\\\/#breadcrumb\"},\"inLanguage\":\"en-US\",\"potentialAction\":[{\"@type\":\"ReadAction\",\"target\":[\"https:\\\/\\\/akunq.net\\\/turkish\\\/2014\\\/02\\\/04\\\/otoriterlesen-bir-turkiyede-kurtler-ozgur-olabilir-mi\\\/\"]}]},{\"@type\":\"BreadcrumbList\",\"@id\":\"https:\\\/\\\/akunq.net\\\/turkish\\\/2014\\\/02\\\/04\\\/otoriterlesen-bir-turkiyede-kurtler-ozgur-olabilir-mi\\\/#breadcrumb\",\"itemListElement\":[{\"@type\":\"ListItem\",\"position\":1,\"name\":\"Home\",\"item\":\"https:\\\/\\\/akunq.net\\\/turkish\\\/\"},{\"@type\":\"ListItem\",\"position\":2,\"name\":\"Otoriterle\u015fen bir T\u00fcrkiye\u2019de K\u00fcrtler \u00f6zg\u00fcr olabilir mi?\"}]},{\"@type\":\"WebSite\",\"@id\":\"https:\\\/\\\/akunq.net\\\/turkish\\\/#website\",\"url\":\"https:\\\/\\\/akunq.net\\\/turkish\\\/\",\"name\":\"Bati Ermenistan Ve Bati Ermenileri Sorunlari Ara\u015ftirmalar Merkezi\",\"description\":\"\",\"potentialAction\":[{\"@type\":\"SearchAction\",\"target\":{\"@type\":\"EntryPoint\",\"urlTemplate\":\"https:\\\/\\\/akunq.net\\\/turkish\\\/?s={search_term_string}\"},\"query-input\":{\"@type\":\"PropertyValueSpecification\",\"valueRequired\":true,\"valueName\":\"search_term_string\"}}],\"inLanguage\":\"en-US\"},{\"@type\":\"Person\",\"@id\":\"https:\\\/\\\/akunq.net\\\/turkish\\\/#\\\/schema\\\/person\\\/135e7923d1aeb8887890799619969a6c\",\"name\":\"kalem\",\"image\":{\"@type\":\"ImageObject\",\"inLanguage\":\"en-US\",\"@id\":\"https:\\\/\\\/secure.gravatar.com\\\/avatar\\\/a06875e4b25feb5674296adf8e8a7ae1e587cebce2493fe63c456109967e27d3?s=96&d=mm&r=g\",\"url\":\"https:\\\/\\\/secure.gravatar.com\\\/avatar\\\/a06875e4b25feb5674296adf8e8a7ae1e587cebce2493fe63c456109967e27d3?s=96&d=mm&r=g\",\"contentUrl\":\"https:\\\/\\\/secure.gravatar.com\\\/avatar\\\/a06875e4b25feb5674296adf8e8a7ae1e587cebce2493fe63c456109967e27d3?s=96&d=mm&r=g\",\"caption\":\"kalem\"},\"url\":\"https:\\\/\\\/akunq.net\\\/turkish\\\/author\\\/kalem\\\/\"}]}<\/script>\n<!-- \/ Yoast SEO plugin. -->","yoast_head_json":{"title":"Otoriterle\u015fen bir T\u00fcrkiye\u2019de K\u00fcrtler \u00f6zg\u00fcr olabilir mi? - Bati Ermenistan Ve Bati Ermenileri Sorunlari Ara\u015ftirmalar Merkezi","robots":{"index":"index","follow":"follow","max-snippet":"max-snippet:-1","max-image-preview":"max-image-preview:large","max-video-preview":"max-video-preview:-1"},"canonical":"https:\/\/akunq.net\/turkish\/2014\/02\/04\/otoriterlesen-bir-turkiyede-kurtler-ozgur-olabilir-mi\/","og_locale":"en_US","og_type":"article","og_title":"Otoriterle\u015fen bir T\u00fcrkiye\u2019de K\u00fcrtler \u00f6zg\u00fcr olabilir mi? - Bati Ermenistan Ve Bati Ermenileri Sorunlari Ara\u015ftirmalar Merkezi","og_description":"\u0130hsan Da\u011f\u0131 Gezi Park\u0131 olaylar\u0131ndan bu yana K\u00fcrt siyasal hareketinin iktidara verdi\u011fi destek dikkat \u00e7ekiyor. AKP ile PKK-BDP aras\u0131nda ilgin\u00e7 bir \u2018paralel s\u00f6ylem\u2019 geli\u015fmi\u015f durumda. En son BDP milletvekili S\u0131rr\u0131 Sak\u0131k, \u2018B\u00fct\u00fcn yolsuzluklar\u0131n \u00fczerine gidilsin ama \u00e7ok da umurumuzda de\u011fil\u2019 deyiverdi. \u00d6calan da Bay\u0131k da h\u00fck\u00fcmetin dilini konu\u015fuyorlar. KCK\u2019dan Bese Hozat \u2018Ermeni ve Rum lobileri [&hellip;]","og_url":"https:\/\/akunq.net\/turkish\/2014\/02\/04\/otoriterlesen-bir-turkiyede-kurtler-ozgur-olabilir-mi\/","og_site_name":"Bati Ermenistan Ve Bati Ermenileri Sorunlari Ara\u015ftirmalar Merkezi","article_published_time":"2014-02-04T07:48:37+00:00","author":"kalem","twitter_card":"summary_large_image","twitter_misc":{"Written by":"kalem","Est. reading time":"4 minutes"},"schema":{"@context":"https:\/\/schema.org","@graph":[{"@type":"Article","@id":"https:\/\/akunq.net\/turkish\/2014\/02\/04\/otoriterlesen-bir-turkiyede-kurtler-ozgur-olabilir-mi\/#article","isPartOf":{"@id":"https:\/\/akunq.net\/turkish\/2014\/02\/04\/otoriterlesen-bir-turkiyede-kurtler-ozgur-olabilir-mi\/"},"author":{"name":"kalem","@id":"https:\/\/akunq.net\/turkish\/#\/schema\/person\/135e7923d1aeb8887890799619969a6c"},"headline":"Otoriterle\u015fen bir T\u00fcrkiye\u2019de K\u00fcrtler \u00f6zg\u00fcr olabilir mi?","datePublished":"2014-02-04T07:48:37+00:00","mainEntityOfPage":{"@id":"https:\/\/akunq.net\/turkish\/2014\/02\/04\/otoriterlesen-bir-turkiyede-kurtler-ozgur-olabilir-mi\/"},"wordCount":767,"commentCount":0,"articleSection":["Haberler","Makaleler","T\u00fcrkiye\u2019de Az\u0131nl\u0131klar"],"inLanguage":"en-US","potentialAction":[{"@type":"CommentAction","name":"Comment","target":["https:\/\/akunq.net\/turkish\/2014\/02\/04\/otoriterlesen-bir-turkiyede-kurtler-ozgur-olabilir-mi\/#respond"]}]},{"@type":"WebPage","@id":"https:\/\/akunq.net\/turkish\/2014\/02\/04\/otoriterlesen-bir-turkiyede-kurtler-ozgur-olabilir-mi\/","url":"https:\/\/akunq.net\/turkish\/2014\/02\/04\/otoriterlesen-bir-turkiyede-kurtler-ozgur-olabilir-mi\/","name":"Otoriterle\u015fen bir T\u00fcrkiye\u2019de K\u00fcrtler \u00f6zg\u00fcr olabilir mi? - Bati Ermenistan Ve Bati Ermenileri Sorunlari Ara\u015ftirmalar Merkezi","isPartOf":{"@id":"https:\/\/akunq.net\/turkish\/#website"},"datePublished":"2014-02-04T07:48:37+00:00","author":{"@id":"https:\/\/akunq.net\/turkish\/#\/schema\/person\/135e7923d1aeb8887890799619969a6c"},"breadcrumb":{"@id":"https:\/\/akunq.net\/turkish\/2014\/02\/04\/otoriterlesen-bir-turkiyede-kurtler-ozgur-olabilir-mi\/#breadcrumb"},"inLanguage":"en-US","potentialAction":[{"@type":"ReadAction","target":["https:\/\/akunq.net\/turkish\/2014\/02\/04\/otoriterlesen-bir-turkiyede-kurtler-ozgur-olabilir-mi\/"]}]},{"@type":"BreadcrumbList","@id":"https:\/\/akunq.net\/turkish\/2014\/02\/04\/otoriterlesen-bir-turkiyede-kurtler-ozgur-olabilir-mi\/#breadcrumb","itemListElement":[{"@type":"ListItem","position":1,"name":"Home","item":"https:\/\/akunq.net\/turkish\/"},{"@type":"ListItem","position":2,"name":"Otoriterle\u015fen bir T\u00fcrkiye\u2019de K\u00fcrtler \u00f6zg\u00fcr olabilir mi?"}]},{"@type":"WebSite","@id":"https:\/\/akunq.net\/turkish\/#website","url":"https:\/\/akunq.net\/turkish\/","name":"Bati Ermenistan Ve Bati Ermenileri Sorunlari Ara\u015ftirmalar Merkezi","description":"","potentialAction":[{"@type":"SearchAction","target":{"@type":"EntryPoint","urlTemplate":"https:\/\/akunq.net\/turkish\/?s={search_term_string}"},"query-input":{"@type":"PropertyValueSpecification","valueRequired":true,"valueName":"search_term_string"}}],"inLanguage":"en-US"},{"@type":"Person","@id":"https:\/\/akunq.net\/turkish\/#\/schema\/person\/135e7923d1aeb8887890799619969a6c","name":"kalem","image":{"@type":"ImageObject","inLanguage":"en-US","@id":"https:\/\/secure.gravatar.com\/avatar\/a06875e4b25feb5674296adf8e8a7ae1e587cebce2493fe63c456109967e27d3?s=96&d=mm&r=g","url":"https:\/\/secure.gravatar.com\/avatar\/a06875e4b25feb5674296adf8e8a7ae1e587cebce2493fe63c456109967e27d3?s=96&d=mm&r=g","contentUrl":"https:\/\/secure.gravatar.com\/avatar\/a06875e4b25feb5674296adf8e8a7ae1e587cebce2493fe63c456109967e27d3?s=96&d=mm&r=g","caption":"kalem"},"url":"https:\/\/akunq.net\/turkish\/author\/kalem\/"}]}},"_links":{"self":[{"href":"https:\/\/akunq.net\/turkish\/wp-json\/wp\/v2\/posts\/28271","targetHints":{"allow":["GET"]}}],"collection":[{"href":"https:\/\/akunq.net\/turkish\/wp-json\/wp\/v2\/posts"}],"about":[{"href":"https:\/\/akunq.net\/turkish\/wp-json\/wp\/v2\/types\/post"}],"author":[{"embeddable":true,"href":"https:\/\/akunq.net\/turkish\/wp-json\/wp\/v2\/users\/3"}],"replies":[{"embeddable":true,"href":"https:\/\/akunq.net\/turkish\/wp-json\/wp\/v2\/comments?post=28271"}],"version-history":[{"count":0,"href":"https:\/\/akunq.net\/turkish\/wp-json\/wp\/v2\/posts\/28271\/revisions"}],"wp:attachment":[{"href":"https:\/\/akunq.net\/turkish\/wp-json\/wp\/v2\/media?parent=28271"}],"wp:term":[{"taxonomy":"category","embeddable":true,"href":"https:\/\/akunq.net\/turkish\/wp-json\/wp\/v2\/categories?post=28271"},{"taxonomy":"post_tag","embeddable":true,"href":"https:\/\/akunq.net\/turkish\/wp-json\/wp\/v2\/tags?post=28271"}],"curies":[{"name":"wp","href":"https:\/\/api.w.org\/{rel}","templated":true}]}}