{"id":28259,"date":"2014-02-04T01:33:26","date_gmt":"2014-02-04T06:33:26","guid":{"rendered":"http:\/\/akunq.net\/tr\/?p=28259"},"modified":"2014-02-04T01:33:26","modified_gmt":"2014-02-04T06:33:26","slug":"gelecek-yil-2015-ermeni-soykiriminin-100-yildonumu","status":"publish","type":"post","link":"https:\/\/akunq.net\/turkish\/2014\/02\/04\/gelecek-yil-2015-ermeni-soykiriminin-100-yildonumu\/","title":{"rendered":"Gelecek y\u0131l 2015. Ermeni soyk\u0131r\u0131m\u0131n\u0131n 100. y\u0131ld\u00f6n\u00fcm\u00fc&#8230;"},"content":{"rendered":"<p style=\"text-align: justify\"><b><a href=\"http:\/\/akunq.net\/tr\/?attachment_id=28260\" rel=\"attachment wp-att-28260\"><img loading=\"lazy\" decoding=\"async\" class=\"alignright size-medium wp-image-28260\" alt=\"Mikail Aslan\" src=\"http:\/\/akunq.net\/tr\/wp-content\/uploads\/2014\/02\/Mikail-Aslan-300x168.jpg\" width=\"300\" height=\"168\" \/><\/a>Mikail Aslan\u00a0 <\/b><\/p>\n<p style=\"text-align: justify\">\u00c7ocukluk y\u0131llar\u0131mda Halam Ese\u2019nin Ermeni Soyk\u0131r\u0131m\u0131 ve Dersim Soyk\u0131r\u0131m\u0131 \u00fczerine anlatt\u0131\u011f\u0131 ac\u0131 dolu olaylar\u0131 hi\u00e7 unutamad\u0131m. 10 ya\u015f\u0131ndayken Xozat\u2019daki k\u00f6y\u00fcm\u00fczden kopar\u0131ld\u0131k. Kayseri\u2019de ortaokulu okurken anneme \u201ebir g\u00fcn Xozat\u2019a d\u00f6n\u00fcp Ese\u2019nin anlatt\u0131klar\u0131n\u0131 yazaca\u011f\u0131m\u201c demi\u015ftim. Maalesef bir daha d\u00f6nemedik, ben Ese\u2019yi bir daha g\u00f6rmedim.<\/p>\n<p style=\"text-align: justify\">Nereye gidersem gideyim bu anlat\u0131lar\u0131n a\u011f\u0131r h\u00fczn\u00fc pe\u015fimi b\u0131rakmad\u0131. Almanya\u2019ya m\u00fclteci olarak geldi\u011fim y\u0131llarda Frankfurt\u2019ta \u201cSoyk\u0131r\u0131m Kar\u015f\u0131tlar\u0131 Derne\u011fi (SKD)\u201d ad\u0131nda bir dernekle sonra da onun ba\u015fkanl\u0131\u011f\u0131n\u0131 yapan Sevgili Ali Ertem ile tan\u0131\u015ft\u0131m. Siyasal baz\u0131 hareketlerin re\u00e7etelerinde derdime merhem bulamad\u0131m. Onlar\u0131n bu konular \u00fczerindeki y\u00fczeysel- k\u0131t d\u00fc\u015f\u00fcnceleri beni huzursuz etmi\u015fti ve bu konuda bireysel bir ayd\u0131nlanmaya ihtiya\u00e7 duyuyordum.<\/p>\n<p style=\"text-align: justify\">Bu ihtiyaca cevap aray\u0131\u015f\u0131 i\u00e7inde derne\u011fe \u00fcye oldum. Gerek dernek taraf\u0131ndan, gerekse Ermeni kurulu\u015flar\u0131 taraf\u0131ndan organize edilen \u00e7e\u015fitli etkinliklere kat\u0131ld\u0131m.\u00a0 Kat\u0131ld\u0131k\u00e7a ve yeni yeni \u015feyler \u00f6\u011frendik\u00e7e soyk\u0131r\u0131ma u\u011fram\u0131\u015f bir halk\u0131n \u00e7ocu\u011fu olarak kendimden ve cehaletimden utand\u0131m. Dernekle beraber 2001 y\u0131l\u0131nda Erivan\u2019da yap\u0131lan soyk\u0131r\u0131m anmas\u0131na kat\u0131lmaya karar verdim. 24 Nisan\u2019a bir ka\u00e7 g\u00fcn kala Erivan belediyesinin park\u0131nda oturuyordum. Belediyenin hoparl\u00f6r\u00fcnden yas g\u00fcn\u00fcn\u00fcn yakla\u015fmas\u0131ndan dolay\u0131 ac\u0131 Duduk melodileri b\u00fct\u00fcn benli\u011fimi sar\u0131yordu. Banklarda oturanlar gibi ben de bir anda putla\u015fm\u0131\u015ft\u0131m. Uzun y\u0131llard\u0131r efnedilmeyen bir cenaze duruyordu \u00f6n\u00fcmde. Kendime yap\u0131lan\u0131n ve kom\u015fuma yap\u0131lan\u0131n yas\u0131n\u0131 tutman\u0131n zaman\u0131 gelmi\u015fti. Ararat\u0131n iki y\u00fcz\u00fcn\u00fc g\u00f6rd\u00fcm, bir ara Ararat bulutlar aras\u0131nda kayb oldu. Bir an annesinin elini yitiren k\u00fc\u00e7\u00fck bir \u00e7ocu\u011fun y\u00f6n\u00fcn\u00fc yitirmesi gibi..simdi biliyorum hemen yan\u0131ba\u015f\u0131mda y\u00fckselen Ararat a dokunamaman\u0131n ac\u0131s\u0131n\u0131.. Bir taraftan da Dersim soyk\u0131r\u0131m\u0131 i\u00e7in halen bir yas g\u00fcn\u00fcm\u00fcz\u00fcn olmad\u0131\u011f\u0131na ve bir soyk\u0131r\u0131m an\u0131t\u0131m\u0131z\u0131n bile olmad\u0131\u011f\u0131na hay\u0131flanm\u0131\u015ft\u0131m\u2026<\/p>\n<p style=\"text-align: justify\">24 Nisan\u2019da kad\u0131nl\u0131 erkekli her ya\u015ftan mah\u015feri bir kalabal\u0131k, h\u00fcz\u00fcnl\u00fc insan kitleleri ellerinde \u00e7i\u00e7eklerle soyk\u0131r\u0131m an\u0131t\u0131na ak\u0131n ediyorlard\u0131. Bende SKD delegasyonu ile birlikte o g\u00fcn i\u00e7in haz\u0131rlanm\u0131\u015f \u00e7elengi An\u0131t\u0131\u2019na b\u0131rakarak Soyk\u0131r\u0131m Kurbanlar\u0131 an\u0131s\u0131na sayg\u0131da bulundum. \u00a0Ard\u0131ndan delegasyona \u00f6zel olarak refakat eden \u00f6zel rehberimiz ve terc\u00fcman\u0131m\u0131zla birlikte Soyk\u0131r\u0131m m\u00fczesini gezdim. Soyk\u0131r\u0131m M\u00fczesindeki defteri a\u00e7\u0131p yazd\u0131m \u201ekendi halk\u0131m\u0131n bir b\u00f6l\u00fcm\u00fcn\u00fcn bilin\u00e7li veya bilin\u00e7siz olarak Ermeni soyk\u0131r\u0131m\u0131na kat\u0131lmas\u0131ndan utan\u00e7 duyuyorum. Bir daha b\u00f6yle ac\u0131lar\u0131n ya\u015fanmamas\u0131 i\u00e7in kendi ad\u0131ma tarihten ve ermeni halk\u0131ndan \u00f6z\u00fcr diliyorum&#8230;\u201c Mikail Aslan (Dersim). Ben bunlar\u0131 yazarken biraz uzakta durup beni izleyen m\u00fcze yetkilisi yan\u0131ma yakla\u015ft\u0131 ve nereden geldi\u011fimi sordu. Ben de terc\u00fcman\u0131m\u0131z arac\u0131l\u0131\u011f\u0131 ile \u201em\u00fclteci oldu\u011fumu, Almanya\u2019dan geldi\u011fimi\u201c s\u00f6yledim. O anda elini bana uzatt\u0131: \u201c Senden \u00f6nce Y\u0131lmaz G\u00fcney de gelip bu deftere yazm\u0131\u015ft\u0131\u201c dedi. T\u00fcylerim diken diken oldu\u2026<\/p>\n<p style=\"text-align: justify\">Dersimlilerin soyk\u0131r\u0131m ile ilgili tavr\u0131 bilinen bir ger\u00e7ek, g\u00fcn\u00fcm\u00fczde bu konuda yeteri kadar kaynaklar mevcut. Lakin benim yak\u0131n k\u00f6ylerimde aksi durumlar da var bunu da y\u00f6re halk\u0131ndan ya\u015fl\u0131lar\u0131m\u0131z anlat\u0131yor. Bunlar\u0131 dinledi\u011fimde ve toplum i\u00e7inde Ermeniler ile ilgili k\u00fcf\u00fcrl\u00fc konu\u015fmalar\u0131 g\u00f6zden ge\u00e7irdi\u011fim de bu konu da anlat\u0131ld\u0131\u011f\u0131 kadar masum olmad\u0131\u011f\u0131m\u0131z\u0131 d\u00fc\u015f\u00fcn\u00fcyorum&#8230;<\/p>\n<p style=\"text-align: justify\">Ermeni soyk\u0131r\u0131m\u0131n\u0131n 100. y\u0131la girmesinin arifesinde konunun\u00a0\u00a0g\u00fcndemle\u015ftirilmesi,\u00a0\u00a0dikkatlerin bu noktaya \u00e7evrilmesi\u00a0\u00a0\u00e7ok sevindiricidir. Ancak bildi\u011fim tek ger\u00e7ek \u015fudur ki 1915 soyk\u0131r\u0131m\u0131 halklar\u0131m\u0131z\u0131n ayd\u0131nl\u0131k gelece\u011fi i\u00e7in \u00f6yle tayin edici a\u011f\u0131rl\u0131\u011fa ve \u00f6neme sahiptir ki hi\u00e7 bir\u00a0\u00a0siyasal hareketin, grubun, \u00e7evrenin\u00a0\u00a0\u00a0politik \u00e7\u0131kar\u0131na malzeme edilemeyecek kadar, \u00f6zen ve itinay\u0131 gerektirmektir.\u00a0\u00a0Bu konuda yak\u0131n zamana kadar\u00a0\u00a0\u00fczerimize d\u00fc\u015fen y\u00fczle\u015fme ve\u00a0\u00a0hesapla\u015fma g\u00f6revini\u00a0\u00a0yerine getirmedi\u011fizi de g\u00f6z \u00f6n\u00fcnde buludurursak, s\u00f6yleyecegimiz her s\u00f6z\u00fc, ataca\u011f\u0131m\u0131z her ad\u0131m\u0131 deyim yerindeyse \u2018\u2018yedi \u00f6l\u00e7\u00fcp bir kesmeliyiz\u2018\u2018.<\/p>\n<p style=\"text-align: justify\">Her bireyin kendisince y\u00fczle\u015fmesi gerekiyor&#8230; Soyk\u0131r\u0131ma kat\u0131lmam\u0131\u015f bilin\u00e7siz y\u0131\u011f\u0131nlar\u0131n soyk\u0131r\u0131ma kat\u0131lm\u0131\u015f olan bilin\u00e7li y\u0131\u011f\u0131nlardan daha masum oldu\u011funu s\u00f6yleyebilir miyiz? Soyk\u0131r\u0131ma kat\u0131lan rant ve ganimet i\u00e7in bunu yaparken \u201cbilin\u00e7siz\u201d olarak kat\u0131lanlar da kendi \u00f6nyarg\u0131lar\u0131n\u0131n ve cehaletinin \u201ckurban\u0131d\u0131rlar\u201d ki, iki durumda insanl\u0131k a\u00e7\u0131s\u0131ndan y\u00fcz k\u0131zart\u0131c\u0131d\u0131r\u2026 \u00d6rne\u011fin yak\u0131n zaman da Sivas Mad\u0131mak pogromu oldu. Orada bu katliam\u0131 bilin\u00e7li olarak\u00a0 tezgahlayanlar\u0131 sorgularken \u201eAlevi ve K\u0131z\u0131ba\u015flara\u201c kar\u015f\u0131 \u00f6nyarg\u0131lar\u0131na yenik d\u00fc\u015f\u00fcp ma\u015fa olan olan bu y\u0131\u011f\u0131nlara ne diyece\u011fiz, onlar da su\u00e7lu de\u011fil mi?<\/p>\n<p style=\"text-align: justify\">Diyelim h\u00fck\u00fcmet Kayseri\u2019de bir hafta boyunca Amed\u2019i hedef g\u00f6stersin, manip\u00fcle etsin. Kayserililer de vicdan terazisinden ge\u00e7irmeden toplu bir \u015fekilde Amed\u2019e sald\u0131rs\u0131nlar, \u00a0o zaman Kayseri halk\u0131n\u0131n bu tavr\u0131n\u0131 nereye koyaca\u011f\u0131z? Burada katliam\u0131 pilanl\u0131yanlar\u0131n ad\u0131 cellatl\u0131k, manip\u00fcle edilenin ad\u0131 cehalet, ikisinin birliginden do\u011fan da faciad\u0131r, soyk\u0131r\u0131md\u0131r. B\u00fct\u00fcn katliamlar\u0131n arkas\u0131nda bu tipde \u201cbirlik\u201dler mevcut.<\/p>\n<p style=\"text-align: justify\">Sonu\u00e7 olarak bilin\u00e7li veya bilin\u00e7siz yap\u0131lan bu soyk\u0131r\u0131m hepimizin ortak g\u00fcnah\u0131d\u0131r bununla y\u00fczle\u015fmenin zaman\u0131 geldi ge\u00e7iyor. As\u0131l olan y\u00fczy\u0131llardan beridir yerle\u015fen, yerle\u015ftirilen bir zihniyeti de\u015fifre etmektir. Bu zihniyet \u015fudur: Herkesin eline ta\u015f verilmi\u015f, herkesin elinde ta\u015f\u0131 haz\u0131r duruyor. Bir hedef g\u00f6sterilince kimse neden sald\u0131r\u0131yoruz diye sormuyor, \u00f6teki de ta\u015f\u0131n\u0131 al\u0131p hedefe sall\u0131yor. Iran da bir kad\u0131n\u0131n tasland\u0131\u011f\u0131n\u0131 tv-lerde g\u00f6r\u00fcyoruz. Sokaktan ge\u00e7en o kad\u0131n\u0131n neden ta\u015fland\u0131\u011f\u0131n\u0131, su\u00e7unun ne oldu\u011funu bilmiyor, ama o da hemen ta\u015f\u0131n\u0131 al\u0131p at\u0131yor.<\/p>\n<p style=\"text-align: justify\">Hey cehalet, elindeki ta\u015f\u0131 b\u0131rak ve bir d\u00fc\u015f\u00fcn. Ermeni\u2019ye att\u0131\u011f\u0131n ta\u015f\u0131n sadece elinde bir a\u011f\u0131rl\u0131k oldu\u011funu sanma. Masuma inen her darbenin boynumuzu nas\u0131l b\u00fckt\u00fc\u011f\u00fcn\u00fc, bu co\u011frafyam\u0131z\u0131 nas\u0131l kana bulad\u0131\u011f\u0131n\u0131 g\u00f6r art\u0131k. Ya\u015fan\u0131lan b\u00fct\u00fcn bu ac\u0131lar\u0131n ba\u015flang\u0131c\u0131n\u0131n kadim kom\u015fular\u0131m\u0131z\u0131n katliam\u0131yla ba\u015flad\u0131\u011f\u0131n\u0131 g\u00f6r ve \u00e7ocuklar\u0131na anlat ki, sonraki ku\u015faklar\u0131n boynu tarih ve vicdan \u00f6n\u00fcnde b\u00fck\u00fck kalmas\u0131n. Halklar\u0131n ulu divan\u0131nda vicdan bir g\u00fcn galip gelecektir.<\/p>\n<p style=\"text-align: justify\"><b><i>Akunq.net<\/i><\/b><\/p>\n","protected":false},"excerpt":{"rendered":"<p>Mikail Aslan\u00a0 \u00c7ocukluk y\u0131llar\u0131mda Halam Ese\u2019nin Ermeni Soyk\u0131r\u0131m\u0131 ve Dersim Soyk\u0131r\u0131m\u0131 \u00fczerine anlatt\u0131\u011f\u0131 ac\u0131 dolu olaylar\u0131 hi\u00e7 unutamad\u0131m. 10 ya\u015f\u0131ndayken Xozat\u2019daki k\u00f6y\u00fcm\u00fczden kopar\u0131ld\u0131k. Kayseri\u2019de ortaokulu okurken anneme \u201ebir g\u00fcn Xozat\u2019a d\u00f6n\u00fcp Ese\u2019nin anlatt\u0131klar\u0131n\u0131 yazaca\u011f\u0131m\u201c demi\u015ftim. Maalesef bir daha d\u00f6nemedik, ben Ese\u2019yi bir daha g\u00f6rmedim. Nereye gidersem gideyim bu anlat\u0131lar\u0131n a\u011f\u0131r h\u00fczn\u00fc pe\u015fimi b\u0131rakmad\u0131. Almanya\u2019ya m\u00fclteci [&hellip;]<\/p>\n","protected":false},"author":3,"featured_media":0,"comment_status":"open","ping_status":"open","sticky":false,"template":"","format":"standard","meta":{"footnotes":""},"categories":[6,14,26],"tags":[],"class_list":["post-28259","post","type-post","status-publish","format-standard","hentry","category-ermeni-soykirimi","category-haberler","category-makaleler"],"yoast_head":"<!-- This site is optimized with the Yoast SEO plugin v27.4 - https:\/\/yoast.com\/product\/yoast-seo-wordpress\/ -->\n<title>Gelecek y\u0131l 2015. Ermeni soyk\u0131r\u0131m\u0131n\u0131n 100. y\u0131ld\u00f6n\u00fcm\u00fc... - Bati Ermenistan Ve Bati Ermenileri Sorunlari Ara\u015ftirmalar Merkezi<\/title>\n<meta name=\"robots\" content=\"index, follow, max-snippet:-1, max-image-preview:large, max-video-preview:-1\" \/>\n<link rel=\"canonical\" href=\"https:\/\/akunq.net\/turkish\/2014\/02\/04\/gelecek-yil-2015-ermeni-soykiriminin-100-yildonumu\/\" \/>\n<meta property=\"og:locale\" content=\"en_US\" \/>\n<meta property=\"og:type\" content=\"article\" \/>\n<meta property=\"og:title\" content=\"Gelecek y\u0131l 2015. Ermeni soyk\u0131r\u0131m\u0131n\u0131n 100. y\u0131ld\u00f6n\u00fcm\u00fc... - Bati Ermenistan Ve Bati Ermenileri Sorunlari Ara\u015ftirmalar Merkezi\" \/>\n<meta property=\"og:description\" content=\"Mikail Aslan\u00a0 \u00c7ocukluk y\u0131llar\u0131mda Halam Ese\u2019nin Ermeni Soyk\u0131r\u0131m\u0131 ve Dersim Soyk\u0131r\u0131m\u0131 \u00fczerine anlatt\u0131\u011f\u0131 ac\u0131 dolu olaylar\u0131 hi\u00e7 unutamad\u0131m. 10 ya\u015f\u0131ndayken Xozat\u2019daki k\u00f6y\u00fcm\u00fczden kopar\u0131ld\u0131k. Kayseri\u2019de ortaokulu okurken anneme \u201ebir g\u00fcn Xozat\u2019a d\u00f6n\u00fcp Ese\u2019nin anlatt\u0131klar\u0131n\u0131 yazaca\u011f\u0131m\u201c demi\u015ftim. Maalesef bir daha d\u00f6nemedik, ben Ese\u2019yi bir daha g\u00f6rmedim. Nereye gidersem gideyim bu anlat\u0131lar\u0131n a\u011f\u0131r h\u00fczn\u00fc pe\u015fimi b\u0131rakmad\u0131. Almanya\u2019ya m\u00fclteci [&hellip;]\" \/>\n<meta property=\"og:url\" content=\"https:\/\/akunq.net\/turkish\/2014\/02\/04\/gelecek-yil-2015-ermeni-soykiriminin-100-yildonumu\/\" \/>\n<meta property=\"og:site_name\" content=\"Bati Ermenistan Ve Bati Ermenileri Sorunlari Ara\u015ftirmalar Merkezi\" \/>\n<meta property=\"article:published_time\" content=\"2014-02-04T06:33:26+00:00\" \/>\n<meta property=\"og:image\" content=\"https:\/\/akunq.net\/turkish\/wp-content\/uploads\/sites\/5\/2014\/02\/Mikail-Aslan.jpg\" \/>\n\t<meta property=\"og:image:width\" content=\"640\" \/>\n\t<meta property=\"og:image:height\" content=\"360\" \/>\n\t<meta property=\"og:image:type\" content=\"image\/jpeg\" \/>\n<meta name=\"author\" content=\"kalem\" \/>\n<meta name=\"twitter:card\" content=\"summary_large_image\" \/>\n<meta name=\"twitter:label1\" content=\"Written by\" \/>\n\t<meta name=\"twitter:data1\" content=\"kalem\" \/>\n\t<meta name=\"twitter:label2\" content=\"Est. reading time\" \/>\n\t<meta name=\"twitter:data2\" content=\"6 minutes\" \/>\n<script type=\"application\/ld+json\" class=\"yoast-schema-graph\">{\"@context\":\"https:\\\/\\\/schema.org\",\"@graph\":[{\"@type\":\"Article\",\"@id\":\"https:\\\/\\\/akunq.net\\\/turkish\\\/2014\\\/02\\\/04\\\/gelecek-yil-2015-ermeni-soykiriminin-100-yildonumu\\\/#article\",\"isPartOf\":{\"@id\":\"https:\\\/\\\/akunq.net\\\/turkish\\\/2014\\\/02\\\/04\\\/gelecek-yil-2015-ermeni-soykiriminin-100-yildonumu\\\/\"},\"author\":{\"name\":\"kalem\",\"@id\":\"https:\\\/\\\/akunq.net\\\/turkish\\\/#\\\/schema\\\/person\\\/135e7923d1aeb8887890799619969a6c\"},\"headline\":\"Gelecek y\u0131l 2015. Ermeni soyk\u0131r\u0131m\u0131n\u0131n 100. y\u0131ld\u00f6n\u00fcm\u00fc&#8230;\",\"datePublished\":\"2014-02-04T06:33:26+00:00\",\"mainEntityOfPage\":{\"@id\":\"https:\\\/\\\/akunq.net\\\/turkish\\\/2014\\\/02\\\/04\\\/gelecek-yil-2015-ermeni-soykiriminin-100-yildonumu\\\/\"},\"wordCount\":1218,\"commentCount\":0,\"image\":{\"@id\":\"https:\\\/\\\/akunq.net\\\/turkish\\\/2014\\\/02\\\/04\\\/gelecek-yil-2015-ermeni-soykiriminin-100-yildonumu\\\/#primaryimage\"},\"thumbnailUrl\":\"http:\\\/\\\/akunq.net\\\/tr\\\/wp-content\\\/uploads\\\/2014\\\/02\\\/Mikail-Aslan-300x168.jpg\",\"articleSection\":[\"Ermeni Soyk\u0131r\u0131m\u0131\",\"Haberler\",\"Makaleler\"],\"inLanguage\":\"en-US\",\"potentialAction\":[{\"@type\":\"CommentAction\",\"name\":\"Comment\",\"target\":[\"https:\\\/\\\/akunq.net\\\/turkish\\\/2014\\\/02\\\/04\\\/gelecek-yil-2015-ermeni-soykiriminin-100-yildonumu\\\/#respond\"]}]},{\"@type\":\"WebPage\",\"@id\":\"https:\\\/\\\/akunq.net\\\/turkish\\\/2014\\\/02\\\/04\\\/gelecek-yil-2015-ermeni-soykiriminin-100-yildonumu\\\/\",\"url\":\"https:\\\/\\\/akunq.net\\\/turkish\\\/2014\\\/02\\\/04\\\/gelecek-yil-2015-ermeni-soykiriminin-100-yildonumu\\\/\",\"name\":\"Gelecek y\u0131l 2015. Ermeni soyk\u0131r\u0131m\u0131n\u0131n 100. y\u0131ld\u00f6n\u00fcm\u00fc... - Bati Ermenistan Ve Bati Ermenileri Sorunlari Ara\u015ftirmalar Merkezi\",\"isPartOf\":{\"@id\":\"https:\\\/\\\/akunq.net\\\/turkish\\\/#website\"},\"primaryImageOfPage\":{\"@id\":\"https:\\\/\\\/akunq.net\\\/turkish\\\/2014\\\/02\\\/04\\\/gelecek-yil-2015-ermeni-soykiriminin-100-yildonumu\\\/#primaryimage\"},\"image\":{\"@id\":\"https:\\\/\\\/akunq.net\\\/turkish\\\/2014\\\/02\\\/04\\\/gelecek-yil-2015-ermeni-soykiriminin-100-yildonumu\\\/#primaryimage\"},\"thumbnailUrl\":\"http:\\\/\\\/akunq.net\\\/tr\\\/wp-content\\\/uploads\\\/2014\\\/02\\\/Mikail-Aslan-300x168.jpg\",\"datePublished\":\"2014-02-04T06:33:26+00:00\",\"author\":{\"@id\":\"https:\\\/\\\/akunq.net\\\/turkish\\\/#\\\/schema\\\/person\\\/135e7923d1aeb8887890799619969a6c\"},\"breadcrumb\":{\"@id\":\"https:\\\/\\\/akunq.net\\\/turkish\\\/2014\\\/02\\\/04\\\/gelecek-yil-2015-ermeni-soykiriminin-100-yildonumu\\\/#breadcrumb\"},\"inLanguage\":\"en-US\",\"potentialAction\":[{\"@type\":\"ReadAction\",\"target\":[\"https:\\\/\\\/akunq.net\\\/turkish\\\/2014\\\/02\\\/04\\\/gelecek-yil-2015-ermeni-soykiriminin-100-yildonumu\\\/\"]}]},{\"@type\":\"ImageObject\",\"inLanguage\":\"en-US\",\"@id\":\"https:\\\/\\\/akunq.net\\\/turkish\\\/2014\\\/02\\\/04\\\/gelecek-yil-2015-ermeni-soykiriminin-100-yildonumu\\\/#primaryimage\",\"url\":\"http:\\\/\\\/akunq.net\\\/tr\\\/wp-content\\\/uploads\\\/2014\\\/02\\\/Mikail-Aslan-300x168.jpg\",\"contentUrl\":\"http:\\\/\\\/akunq.net\\\/tr\\\/wp-content\\\/uploads\\\/2014\\\/02\\\/Mikail-Aslan-300x168.jpg\"},{\"@type\":\"BreadcrumbList\",\"@id\":\"https:\\\/\\\/akunq.net\\\/turkish\\\/2014\\\/02\\\/04\\\/gelecek-yil-2015-ermeni-soykiriminin-100-yildonumu\\\/#breadcrumb\",\"itemListElement\":[{\"@type\":\"ListItem\",\"position\":1,\"name\":\"Home\",\"item\":\"https:\\\/\\\/akunq.net\\\/turkish\\\/\"},{\"@type\":\"ListItem\",\"position\":2,\"name\":\"Gelecek y\u0131l 2015. Ermeni soyk\u0131r\u0131m\u0131n\u0131n 100. y\u0131ld\u00f6n\u00fcm\u00fc&#8230;\"}]},{\"@type\":\"WebSite\",\"@id\":\"https:\\\/\\\/akunq.net\\\/turkish\\\/#website\",\"url\":\"https:\\\/\\\/akunq.net\\\/turkish\\\/\",\"name\":\"Bati Ermenistan Ve Bati Ermenileri Sorunlari Ara\u015ftirmalar Merkezi\",\"description\":\"\",\"potentialAction\":[{\"@type\":\"SearchAction\",\"target\":{\"@type\":\"EntryPoint\",\"urlTemplate\":\"https:\\\/\\\/akunq.net\\\/turkish\\\/?s={search_term_string}\"},\"query-input\":{\"@type\":\"PropertyValueSpecification\",\"valueRequired\":true,\"valueName\":\"search_term_string\"}}],\"inLanguage\":\"en-US\"},{\"@type\":\"Person\",\"@id\":\"https:\\\/\\\/akunq.net\\\/turkish\\\/#\\\/schema\\\/person\\\/135e7923d1aeb8887890799619969a6c\",\"name\":\"kalem\",\"image\":{\"@type\":\"ImageObject\",\"inLanguage\":\"en-US\",\"@id\":\"https:\\\/\\\/secure.gravatar.com\\\/avatar\\\/a06875e4b25feb5674296adf8e8a7ae1e587cebce2493fe63c456109967e27d3?s=96&d=mm&r=g\",\"url\":\"https:\\\/\\\/secure.gravatar.com\\\/avatar\\\/a06875e4b25feb5674296adf8e8a7ae1e587cebce2493fe63c456109967e27d3?s=96&d=mm&r=g\",\"contentUrl\":\"https:\\\/\\\/secure.gravatar.com\\\/avatar\\\/a06875e4b25feb5674296adf8e8a7ae1e587cebce2493fe63c456109967e27d3?s=96&d=mm&r=g\",\"caption\":\"kalem\"},\"url\":\"https:\\\/\\\/akunq.net\\\/turkish\\\/author\\\/kalem\\\/\"}]}<\/script>\n<!-- \/ Yoast SEO plugin. -->","yoast_head_json":{"title":"Gelecek y\u0131l 2015. Ermeni soyk\u0131r\u0131m\u0131n\u0131n 100. y\u0131ld\u00f6n\u00fcm\u00fc... - Bati Ermenistan Ve Bati Ermenileri Sorunlari Ara\u015ftirmalar Merkezi","robots":{"index":"index","follow":"follow","max-snippet":"max-snippet:-1","max-image-preview":"max-image-preview:large","max-video-preview":"max-video-preview:-1"},"canonical":"https:\/\/akunq.net\/turkish\/2014\/02\/04\/gelecek-yil-2015-ermeni-soykiriminin-100-yildonumu\/","og_locale":"en_US","og_type":"article","og_title":"Gelecek y\u0131l 2015. Ermeni soyk\u0131r\u0131m\u0131n\u0131n 100. y\u0131ld\u00f6n\u00fcm\u00fc... - Bati Ermenistan Ve Bati Ermenileri Sorunlari Ara\u015ftirmalar Merkezi","og_description":"Mikail Aslan\u00a0 \u00c7ocukluk y\u0131llar\u0131mda Halam Ese\u2019nin Ermeni Soyk\u0131r\u0131m\u0131 ve Dersim Soyk\u0131r\u0131m\u0131 \u00fczerine anlatt\u0131\u011f\u0131 ac\u0131 dolu olaylar\u0131 hi\u00e7 unutamad\u0131m. 10 ya\u015f\u0131ndayken Xozat\u2019daki k\u00f6y\u00fcm\u00fczden kopar\u0131ld\u0131k. Kayseri\u2019de ortaokulu okurken anneme \u201ebir g\u00fcn Xozat\u2019a d\u00f6n\u00fcp Ese\u2019nin anlatt\u0131klar\u0131n\u0131 yazaca\u011f\u0131m\u201c demi\u015ftim. Maalesef bir daha d\u00f6nemedik, ben Ese\u2019yi bir daha g\u00f6rmedim. Nereye gidersem gideyim bu anlat\u0131lar\u0131n a\u011f\u0131r h\u00fczn\u00fc pe\u015fimi b\u0131rakmad\u0131. Almanya\u2019ya m\u00fclteci [&hellip;]","og_url":"https:\/\/akunq.net\/turkish\/2014\/02\/04\/gelecek-yil-2015-ermeni-soykiriminin-100-yildonumu\/","og_site_name":"Bati Ermenistan Ve Bati Ermenileri Sorunlari Ara\u015ftirmalar Merkezi","article_published_time":"2014-02-04T06:33:26+00:00","og_image":[{"width":640,"height":360,"url":"https:\/\/akunq.net\/turkish\/wp-content\/uploads\/sites\/5\/2014\/02\/Mikail-Aslan.jpg","type":"image\/jpeg"}],"author":"kalem","twitter_card":"summary_large_image","twitter_misc":{"Written by":"kalem","Est. reading time":"6 minutes"},"schema":{"@context":"https:\/\/schema.org","@graph":[{"@type":"Article","@id":"https:\/\/akunq.net\/turkish\/2014\/02\/04\/gelecek-yil-2015-ermeni-soykiriminin-100-yildonumu\/#article","isPartOf":{"@id":"https:\/\/akunq.net\/turkish\/2014\/02\/04\/gelecek-yil-2015-ermeni-soykiriminin-100-yildonumu\/"},"author":{"name":"kalem","@id":"https:\/\/akunq.net\/turkish\/#\/schema\/person\/135e7923d1aeb8887890799619969a6c"},"headline":"Gelecek y\u0131l 2015. Ermeni soyk\u0131r\u0131m\u0131n\u0131n 100. y\u0131ld\u00f6n\u00fcm\u00fc&#8230;","datePublished":"2014-02-04T06:33:26+00:00","mainEntityOfPage":{"@id":"https:\/\/akunq.net\/turkish\/2014\/02\/04\/gelecek-yil-2015-ermeni-soykiriminin-100-yildonumu\/"},"wordCount":1218,"commentCount":0,"image":{"@id":"https:\/\/akunq.net\/turkish\/2014\/02\/04\/gelecek-yil-2015-ermeni-soykiriminin-100-yildonumu\/#primaryimage"},"thumbnailUrl":"http:\/\/akunq.net\/tr\/wp-content\/uploads\/2014\/02\/Mikail-Aslan-300x168.jpg","articleSection":["Ermeni Soyk\u0131r\u0131m\u0131","Haberler","Makaleler"],"inLanguage":"en-US","potentialAction":[{"@type":"CommentAction","name":"Comment","target":["https:\/\/akunq.net\/turkish\/2014\/02\/04\/gelecek-yil-2015-ermeni-soykiriminin-100-yildonumu\/#respond"]}]},{"@type":"WebPage","@id":"https:\/\/akunq.net\/turkish\/2014\/02\/04\/gelecek-yil-2015-ermeni-soykiriminin-100-yildonumu\/","url":"https:\/\/akunq.net\/turkish\/2014\/02\/04\/gelecek-yil-2015-ermeni-soykiriminin-100-yildonumu\/","name":"Gelecek y\u0131l 2015. Ermeni soyk\u0131r\u0131m\u0131n\u0131n 100. y\u0131ld\u00f6n\u00fcm\u00fc... - Bati Ermenistan Ve Bati Ermenileri Sorunlari Ara\u015ftirmalar Merkezi","isPartOf":{"@id":"https:\/\/akunq.net\/turkish\/#website"},"primaryImageOfPage":{"@id":"https:\/\/akunq.net\/turkish\/2014\/02\/04\/gelecek-yil-2015-ermeni-soykiriminin-100-yildonumu\/#primaryimage"},"image":{"@id":"https:\/\/akunq.net\/turkish\/2014\/02\/04\/gelecek-yil-2015-ermeni-soykiriminin-100-yildonumu\/#primaryimage"},"thumbnailUrl":"http:\/\/akunq.net\/tr\/wp-content\/uploads\/2014\/02\/Mikail-Aslan-300x168.jpg","datePublished":"2014-02-04T06:33:26+00:00","author":{"@id":"https:\/\/akunq.net\/turkish\/#\/schema\/person\/135e7923d1aeb8887890799619969a6c"},"breadcrumb":{"@id":"https:\/\/akunq.net\/turkish\/2014\/02\/04\/gelecek-yil-2015-ermeni-soykiriminin-100-yildonumu\/#breadcrumb"},"inLanguage":"en-US","potentialAction":[{"@type":"ReadAction","target":["https:\/\/akunq.net\/turkish\/2014\/02\/04\/gelecek-yil-2015-ermeni-soykiriminin-100-yildonumu\/"]}]},{"@type":"ImageObject","inLanguage":"en-US","@id":"https:\/\/akunq.net\/turkish\/2014\/02\/04\/gelecek-yil-2015-ermeni-soykiriminin-100-yildonumu\/#primaryimage","url":"http:\/\/akunq.net\/tr\/wp-content\/uploads\/2014\/02\/Mikail-Aslan-300x168.jpg","contentUrl":"http:\/\/akunq.net\/tr\/wp-content\/uploads\/2014\/02\/Mikail-Aslan-300x168.jpg"},{"@type":"BreadcrumbList","@id":"https:\/\/akunq.net\/turkish\/2014\/02\/04\/gelecek-yil-2015-ermeni-soykiriminin-100-yildonumu\/#breadcrumb","itemListElement":[{"@type":"ListItem","position":1,"name":"Home","item":"https:\/\/akunq.net\/turkish\/"},{"@type":"ListItem","position":2,"name":"Gelecek y\u0131l 2015. Ermeni soyk\u0131r\u0131m\u0131n\u0131n 100. y\u0131ld\u00f6n\u00fcm\u00fc&#8230;"}]},{"@type":"WebSite","@id":"https:\/\/akunq.net\/turkish\/#website","url":"https:\/\/akunq.net\/turkish\/","name":"Bati Ermenistan Ve Bati Ermenileri Sorunlari Ara\u015ftirmalar Merkezi","description":"","potentialAction":[{"@type":"SearchAction","target":{"@type":"EntryPoint","urlTemplate":"https:\/\/akunq.net\/turkish\/?s={search_term_string}"},"query-input":{"@type":"PropertyValueSpecification","valueRequired":true,"valueName":"search_term_string"}}],"inLanguage":"en-US"},{"@type":"Person","@id":"https:\/\/akunq.net\/turkish\/#\/schema\/person\/135e7923d1aeb8887890799619969a6c","name":"kalem","image":{"@type":"ImageObject","inLanguage":"en-US","@id":"https:\/\/secure.gravatar.com\/avatar\/a06875e4b25feb5674296adf8e8a7ae1e587cebce2493fe63c456109967e27d3?s=96&d=mm&r=g","url":"https:\/\/secure.gravatar.com\/avatar\/a06875e4b25feb5674296adf8e8a7ae1e587cebce2493fe63c456109967e27d3?s=96&d=mm&r=g","contentUrl":"https:\/\/secure.gravatar.com\/avatar\/a06875e4b25feb5674296adf8e8a7ae1e587cebce2493fe63c456109967e27d3?s=96&d=mm&r=g","caption":"kalem"},"url":"https:\/\/akunq.net\/turkish\/author\/kalem\/"}]}},"_links":{"self":[{"href":"https:\/\/akunq.net\/turkish\/wp-json\/wp\/v2\/posts\/28259","targetHints":{"allow":["GET"]}}],"collection":[{"href":"https:\/\/akunq.net\/turkish\/wp-json\/wp\/v2\/posts"}],"about":[{"href":"https:\/\/akunq.net\/turkish\/wp-json\/wp\/v2\/types\/post"}],"author":[{"embeddable":true,"href":"https:\/\/akunq.net\/turkish\/wp-json\/wp\/v2\/users\/3"}],"replies":[{"embeddable":true,"href":"https:\/\/akunq.net\/turkish\/wp-json\/wp\/v2\/comments?post=28259"}],"version-history":[{"count":0,"href":"https:\/\/akunq.net\/turkish\/wp-json\/wp\/v2\/posts\/28259\/revisions"}],"wp:attachment":[{"href":"https:\/\/akunq.net\/turkish\/wp-json\/wp\/v2\/media?parent=28259"}],"wp:term":[{"taxonomy":"category","embeddable":true,"href":"https:\/\/akunq.net\/turkish\/wp-json\/wp\/v2\/categories?post=28259"},{"taxonomy":"post_tag","embeddable":true,"href":"https:\/\/akunq.net\/turkish\/wp-json\/wp\/v2\/tags?post=28259"}],"curies":[{"name":"wp","href":"https:\/\/api.w.org\/{rel}","templated":true}]}}