{"id":28252,"date":"2014-02-04T01:01:31","date_gmt":"2014-02-04T06:01:31","guid":{"rendered":"http:\/\/akunq.net\/tr\/?p=28252"},"modified":"2014-02-04T01:01:31","modified_gmt":"2014-02-04T06:01:31","slug":"ocalani-elestirirken-egri-oturup-egri-konusanlar","status":"publish","type":"post","link":"https:\/\/akunq.net\/turkish\/2014\/02\/04\/ocalani-elestirirken-egri-oturup-egri-konusanlar\/","title":{"rendered":"\u00d6calan\u2019\u0131 ele\u015ftirirken e\u011fri oturup e\u011fri konu\u015fanlar"},"content":{"rendered":"<p style=\"text-align: justify\" align=\"left\"><a href=\"http:\/\/akunq.net\/tr\/?attachment_id=28256\" rel=\"attachment wp-att-28256\"><img loading=\"lazy\" decoding=\"async\" class=\"alignright size-thumbnail wp-image-28256\" alt=\"Ay\u015fe G\u00dcNAYSU\" src=\"http:\/\/akunq.net\/tr\/wp-content\/uploads\/2014\/02\/Ay\u015fe-G\u00dcNAYSU1-150x150.jpg\" width=\"150\" height=\"150\" \/><\/a>\u00a0<b>Ay\u015fe G\u00dcNAYSU<\/b><\/p>\n<p style=\"text-align: justify\" align=\"left\"><i>G\u00fcncellenme : <\/i>04.02.2014 04<\/p>\n<p style=\"text-align: justify\" align=\"left\">Abdullah \u00d6calan\u2019\u0131 Ermenilere hitap eden mektubunda Bes\u00ea Hozat\u2019\u0131n s\u00f6zlerine sahip \u00e7\u0131kt\u0131\u011f\u0131 i\u00e7in en sert ele\u015ftirenler aras\u0131nda, kendini y\u00f6netmek isteyen K\u00fcrtlere \u201cK\u00fcrt milliyet\u00e7isi\u201d, soyk\u0131r\u0131m\u0131n tan\u0131nmas\u0131nda ve tazmininde \u0131srarc\u0131 olan Ermenilere \u201cErmeni milliyet\u00e7isi\u201d diyen, her iki milliyet\u00e7ili\u011fin de \u201ck\u00f6t\u00fc\u201dl\u00fck a\u00e7\u0131s\u0131ndan T\u00fcrk milliyet\u00e7ili\u011finden farks\u0131z oldu\u011funu savunan bir T\u00fcrk muhalif ayd\u0131n profili de bulunuyor. Bu memleketin demokrasi, insan haklar\u0131, d\u00fc\u015f\u00fcnce \u00f6zg\u00fcrl\u00fc\u011f\u00fc y\u00f6n\u00fcnde d\u00f6n\u00fc\u015f\u00fcm\u00fcnde \u00f6nemli rol oynad\u0131\u011f\u0131na inand\u0131\u011f\u0131m bu T\u00fcrk ayd\u0131n profili, evet, bir yandan d\u00f6n\u00fc\u015f\u00fcme omuz verirken, ayn\u0131 anda da s\u0131k s\u0131k frene basma i\u015flevini \u00fcstlenmi\u015f durumda.<\/p>\n<p style=\"text-align: justify\">Mesela Ermenilere yap\u0131lan \u201cmezalim\u201di, \u201ck\u0131r\u0131m\u201d\u0131, \u201cb\u00fcy\u00fck felaket\u201di g\u00f6relim, anlayal\u0131m, ac\u0131lar\u0131n\u0131 payla\u015fal\u0131m, bunu g\u00f6rmeyecek kadar geri zihniyet yap\u0131s\u0131n\u0131 terk edelim, ilerleyelim, ama bir yere kadar. Orada frene basal\u0131m: Soyk\u0131r\u0131m s\u00f6zc\u00fc\u011f\u00fcn\u00fc kullanmayal\u0131m. Soyk\u0131r\u0131m\u0131n ink\u00e2r\u0131na kar\u015f\u0131 m\u00fccadele etmeyelim. Yabanc\u0131 \u00fclkeler soyk\u0131r\u0131m\u0131n inkar\u0131n\u0131 yasaklamas\u0131nlar. Buradan soyk\u0131r\u0131m\u0131n inkar\u0131n\u0131n yasaklanmas\u0131n\u0131 isteyen sesler \u00e7\u0131kmas\u0131n. Ermeni diasporas\u0131 T\u00fcrkiye aleyhine \u00e7al\u0131\u015fmas\u0131n. Buradaki \u201ciyi\u201d Ermenilere kar\u015f\u0131l\u0131k diasporadaki \u201ck\u00f6t\u00fc\u201d Ermeniler T\u00fcrkiye\u2019deki demokrasi m\u00fccadelesine zarar vermesinler. \u00a0<\/p>\n<p style=\"text-align: justify\">\u00d6rne\u011fin Bask\u0131n Oran, \u00d6calan\u2019\u0131n mektubu \u00fczerine yazd\u0131\u011f\u0131 ele\u015ftiri yaz\u0131s\u0131nda, Erdo\u011fan\u2019la \u00d6calan aras\u0131nda bir paralellik kuruyor: \u201cBunu Erdo\u011fan daha \u00f6nce Diyarbak\u0131r\u2019da yapm\u0131\u015ft\u0131. \u00d6calan\u2019\u0131n Yukar\u0131 Mezopotamya ve Suriye\u2019de siyasal rakibi Barzani\u2019yi davet ederek \u2018s\u00fcre\u00e7\u2019teki partnerinin, \u00d6calan\u2019\u0131n kar\u015f\u0131s\u0131na \u00e7\u0131kart\u0131rken, K\u00fcrtlerin muhtemel tepkisini yat\u0131\u015ft\u0131racak tedbiri de alm\u0131\u015ft\u0131: \u2018K\u00fcrdistan\u2019 kelimesini telaffuz etmi\u015fti. Bunca y\u0131l bir yandan maddi ko\u015fullar\u0131 ama esas olarak kimlik ink\u00e2r\u0131n\u0131, \u2018Da\u011f T\u00fcrkleri\u2019ni sineye \u00e7eken K\u00fcrtlerin i\u00e7ini birazc\u0131k so\u011futan tek kelime. \u2018K\u00fcrdistan\u2019.\u201d<\/p>\n<p style=\"text-align: justify\">Bask\u0131n Oran, \u00d6calan\u2019\u0131n da ayn\u0131 \u015feyi yapt\u0131\u011f\u0131n\u0131, \u201csoyk\u0131r\u0131m\u201d s\u00f6zc\u00fc\u011f\u00fcn\u00fc kullanarak Ermenilerin \u201cy\u00fcre\u011fini so\u011futtu\u011fu\u201dnu s\u00f6yl\u00fcyor. B\u00f6yle f\u0131rsat\u00e7\u0131, oport\u00fcnist bir taktik olarak sundu\u011fu \u015fey asl\u0131nda, Agos y\u00f6neticisi Rober Kopta\u015f\u2019\u0131n dedi\u011fi gibi, T\u00fcrkiye\u2019de ba\u015fka bir siyaset\u00e7iden duymay\u0131 hayal bile edemeyece\u011fimiz \u015feydi: \u00d6calan T\u00fcrkiye\u2019yi soyk\u0131r\u0131m\u0131 tan\u0131maya davet etmi\u015fti.\u00a0\u00a0\u00a0\u00a0 \u00a0<\/p>\n<p style=\"text-align: justify\">Ayn\u0131 Bask\u0131n Oran bu yaz\u0131y\u0131 yazmadan iki hafta kadar \u00f6nce, 18 Ocak 2014 tarihinde Ankara D\u00fc\u015f\u00fcnceye \u00d6zg\u00fcrl\u00fck Giri\u015fimi ve Bat\u0131 Ermenileri Ulusal Kongresi\u2019nin giri\u015fimiyle d\u00fczenlenen \u201c2015 perspektifinden Hrant Dink suikast\u0131na bakmak\u201d ba\u015fl\u0131kl\u0131 toplant\u0131da 1915\u2019in \u201csoyk\u0131r\u0131m\u201d olarak tan\u0131mlanmas\u0131na kar\u015f\u0131 \u00e7\u0131km\u0131\u015f ki\u015fiydi. Soyk\u0131r\u0131m s\u00f6zc\u00fc\u011f\u00fcn\u00fcn yan\u0131na \u201ck\u0131r\u0131m\u201d s\u00f6zc\u00fc\u011f\u00fcn\u00fcn eklenmesini talep etmi\u015fti. Sonu\u00e7 bildirgesi olarak yay\u0131nlanmas\u0131 d\u00fc\u015f\u00fcn\u00fclen talepler metninin ilk iki maddesini \u201cfazla radikal\u201d bulmu\u015f, bunun i\u00e7in ayr\u0131 toplant\u0131 yap\u0131lmas\u0131 gerekti\u011fini savunmu\u015f, b\u00f6ylece taleplerin, s\u00f6z konusu forumun \u201csonu\u00e7 bildirgesi\u201d olarak yay\u0131nlanmas\u0131n\u0131 engellemi\u015f, metin Ankara D\u00fc\u015f\u00fcnceye \u00d6zg\u00fcrl\u00fck Giri\u015fimi\u2019nin bir bildirisi olarak yay\u0131nlanmak zorunda kalm\u0131\u015ft\u0131. \u201cFazla radikal\u201d bulunan iki talep \u00f6zetle \u015f\u00f6yle: 1. Tan\u0131ma, \u00f6z\u00fcr ve tazmin: Tan\u0131man\u0131n ard\u0131ndan samimi \u00f6z\u00fcr ve faillerin if\u015fas\u0131. \u00d6rne\u011fin Cumhurba\u015fkanl\u0131\u011f\u0131 k\u00f6\u015fk\u00fc olarak kullan\u0131lan Kasapyan ailesinin ba\u011f evinin ailenin bug\u00fcnk\u00fc varislerine iadesi. 2. \u0130nk\u00e2ra y\u00f6nelik faaliyetlere son verilmesi: Ba\u015fbakanl\u0131k \u201cAs\u0131ls\u0131z Soyk\u0131r\u0131m \u0130ddialar\u0131yla M\u00fccadele Koordinasyon Kurulu\u201dnun la\u011fvedilmesi.<\/p>\n<p style=\"text-align: justify\">Yani k\u0131saca \u015f\u00f6yle bir durumla kar\u015f\u0131 kar\u015f\u0131yay\u0131z: Soyk\u0131r\u0131m s\u00f6zc\u00fc\u011f\u00fcn\u00fc kullanmamak gerekti\u011fine inanan, soyk\u0131r\u0131m\u0131n ink\u00e2r\u0131na kar\u015f\u0131 m\u00fccadele etmeyi \u201cfazla\u201d radikal bulan, ink\u00e2rla m\u00fccadeleye y\u00f6nelik bir toplant\u0131y\u0131 bir anlamda sabote eden Bask\u0131n Oran, d\u00f6n\u00fcyor bu kez, \u00d6calan\u2019\u0131n ink\u00e2ra kar\u015f\u0131 \u00e7\u0131kan, soyk\u0131r\u0131m\u0131n tan\u0131nmas\u0131n\u0131 isteyen s\u00f6zlerini Erdo\u011fan\u2019\u0131n ucuz kurnazl\u0131\u011f\u0131 ile e\u015f tutuyor ve k\u00fc\u00e7\u00fcms\u00fcyor.<\/p>\n<p style=\"text-align: justify\">\u00d6calan\u2019\u0131n ve K\u00fcrt \u00d6zg\u00fcrl\u00fck Hareketi liderli\u011finin T\u00fcrk-K\u00fcrt M\u00fcsl\u00fcman karde\u015fli\u011fini \u00e7a\u011fr\u0131\u015ft\u0131ran s\u00f6zlerini, Ermeni meselesine bak\u0131\u015f\u0131n\u0131 bu s\u00fctunlarda bir\u00e7ok kez ele\u015ftirmi\u015f bulunan bu sat\u0131rlar\u0131n yazar\u0131 olarak bendeniz, \u00d6calan\u2019\u0131 ele\u015ftirirken herkesi e\u011fri oturup do\u011fru konu\u015fmaya davet ediyorum.<\/p>\n<p style=\"text-align: justify\" align=\"left\"><a href=\"http:\/\/www.ozgur-gundem.com\/index.php?haberID=96973&amp;haberBaslik=%C3%96calan%E2%80%99%C4%B1%20ele%C5%9Ftirirken%20e%C4%9Fri%20oturup%20e%C4%9Fri%20konu%C5%9Fanlar&amp;action=haber_detay&amp;module=nuce&amp;authorName=Ay%C5%9Fe%20%20G%C3%9CNAYSU&amp;authorID=222\">http:\/\/www.ozgur-gundem.com\/index.php?haberID=96973&amp;haberBaslik=%C3%96calan%E2%80%99%C4%B1%20ele%C5%9Ftirirken%20e%C4%9Fri%20oturup%20e%C4%9Fri%20konu%C5%9Fanlar&amp;action=haber_detay&amp;module=nuce&amp;authorName=Ay%C5%9Fe%20%20G%C3%9CNAYSU&amp;authorID=222<\/a><\/p>\n","protected":false},"excerpt":{"rendered":"<p>\u00a0Ay\u015fe G\u00dcNAYSU G\u00fcncellenme : 04.02.2014 04 Abdullah \u00d6calan\u2019\u0131 Ermenilere hitap eden mektubunda Bes\u00ea Hozat\u2019\u0131n s\u00f6zlerine sahip \u00e7\u0131kt\u0131\u011f\u0131 i\u00e7in en sert ele\u015ftirenler aras\u0131nda, kendini y\u00f6netmek isteyen K\u00fcrtlere \u201cK\u00fcrt milliyet\u00e7isi\u201d, soyk\u0131r\u0131m\u0131n tan\u0131nmas\u0131nda ve tazmininde \u0131srarc\u0131 olan Ermenilere \u201cErmeni milliyet\u00e7isi\u201d diyen, her iki milliyet\u00e7ili\u011fin de \u201ck\u00f6t\u00fc\u201dl\u00fck a\u00e7\u0131s\u0131ndan T\u00fcrk milliyet\u00e7ili\u011finden farks\u0131z oldu\u011funu savunan bir T\u00fcrk muhalif ayd\u0131n profili de [&hellip;]<\/p>\n","protected":false},"author":3,"featured_media":0,"comment_status":"open","ping_status":"open","sticky":false,"template":"","format":"standard","meta":{"footnotes":""},"categories":[6,14,26,42],"tags":[],"class_list":["post-28252","post","type-post","status-publish","format-standard","hentry","category-ermeni-soykirimi","category-haberler","category-makaleler","category-turkiyede-azinliklar"],"yoast_head":"<!-- This site is optimized with the Yoast SEO plugin v27.4 - https:\/\/yoast.com\/product\/yoast-seo-wordpress\/ -->\n<title>\u00d6calan\u2019\u0131 ele\u015ftirirken e\u011fri oturup e\u011fri konu\u015fanlar - Bati Ermenistan Ve Bati Ermenileri Sorunlari Ara\u015ftirmalar Merkezi<\/title>\n<meta name=\"robots\" content=\"index, follow, max-snippet:-1, max-image-preview:large, max-video-preview:-1\" \/>\n<link rel=\"canonical\" href=\"https:\/\/akunq.net\/turkish\/2014\/02\/04\/ocalani-elestirirken-egri-oturup-egri-konusanlar\/\" \/>\n<meta property=\"og:locale\" content=\"en_US\" \/>\n<meta property=\"og:type\" content=\"article\" \/>\n<meta property=\"og:title\" content=\"\u00d6calan\u2019\u0131 ele\u015ftirirken e\u011fri oturup e\u011fri konu\u015fanlar - Bati Ermenistan Ve Bati Ermenileri Sorunlari Ara\u015ftirmalar Merkezi\" \/>\n<meta property=\"og:description\" content=\"\u00a0Ay\u015fe G\u00dcNAYSU G\u00fcncellenme : 04.02.2014 04 Abdullah \u00d6calan\u2019\u0131 Ermenilere hitap eden mektubunda Bes\u00ea Hozat\u2019\u0131n s\u00f6zlerine sahip \u00e7\u0131kt\u0131\u011f\u0131 i\u00e7in en sert ele\u015ftirenler aras\u0131nda, kendini y\u00f6netmek isteyen K\u00fcrtlere \u201cK\u00fcrt milliyet\u00e7isi\u201d, soyk\u0131r\u0131m\u0131n tan\u0131nmas\u0131nda ve tazmininde \u0131srarc\u0131 olan Ermenilere \u201cErmeni milliyet\u00e7isi\u201d diyen, her iki milliyet\u00e7ili\u011fin de \u201ck\u00f6t\u00fc\u201dl\u00fck a\u00e7\u0131s\u0131ndan T\u00fcrk milliyet\u00e7ili\u011finden farks\u0131z oldu\u011funu savunan bir T\u00fcrk muhalif ayd\u0131n profili de [&hellip;]\" \/>\n<meta property=\"og:url\" content=\"https:\/\/akunq.net\/turkish\/2014\/02\/04\/ocalani-elestirirken-egri-oturup-egri-konusanlar\/\" \/>\n<meta property=\"og:site_name\" content=\"Bati Ermenistan Ve Bati Ermenileri Sorunlari Ara\u015ftirmalar Merkezi\" \/>\n<meta property=\"article:published_time\" content=\"2014-02-04T06:01:31+00:00\" \/>\n<meta name=\"author\" content=\"kalem\" \/>\n<meta name=\"twitter:card\" content=\"summary_large_image\" \/>\n<meta name=\"twitter:label1\" content=\"Written by\" \/>\n\t<meta name=\"twitter:data1\" content=\"kalem\" \/>\n\t<meta name=\"twitter:label2\" content=\"Est. reading time\" \/>\n\t<meta name=\"twitter:data2\" content=\"4 minutes\" \/>\n<script type=\"application\/ld+json\" class=\"yoast-schema-graph\">{\"@context\":\"https:\\\/\\\/schema.org\",\"@graph\":[{\"@type\":\"Article\",\"@id\":\"https:\\\/\\\/akunq.net\\\/turkish\\\/2014\\\/02\\\/04\\\/ocalani-elestirirken-egri-oturup-egri-konusanlar\\\/#article\",\"isPartOf\":{\"@id\":\"https:\\\/\\\/akunq.net\\\/turkish\\\/2014\\\/02\\\/04\\\/ocalani-elestirirken-egri-oturup-egri-konusanlar\\\/\"},\"author\":{\"name\":\"kalem\",\"@id\":\"https:\\\/\\\/akunq.net\\\/turkish\\\/#\\\/schema\\\/person\\\/135e7923d1aeb8887890799619969a6c\"},\"headline\":\"\u00d6calan\u2019\u0131 ele\u015ftirirken e\u011fri oturup e\u011fri konu\u015fanlar\",\"datePublished\":\"2014-02-04T06:01:31+00:00\",\"mainEntityOfPage\":{\"@id\":\"https:\\\/\\\/akunq.net\\\/turkish\\\/2014\\\/02\\\/04\\\/ocalani-elestirirken-egri-oturup-egri-konusanlar\\\/\"},\"wordCount\":829,\"commentCount\":0,\"articleSection\":[\"Ermeni Soyk\u0131r\u0131m\u0131\",\"Haberler\",\"Makaleler\",\"T\u00fcrkiye\u2019de Az\u0131nl\u0131klar\"],\"inLanguage\":\"en-US\",\"potentialAction\":[{\"@type\":\"CommentAction\",\"name\":\"Comment\",\"target\":[\"https:\\\/\\\/akunq.net\\\/turkish\\\/2014\\\/02\\\/04\\\/ocalani-elestirirken-egri-oturup-egri-konusanlar\\\/#respond\"]}]},{\"@type\":\"WebPage\",\"@id\":\"https:\\\/\\\/akunq.net\\\/turkish\\\/2014\\\/02\\\/04\\\/ocalani-elestirirken-egri-oturup-egri-konusanlar\\\/\",\"url\":\"https:\\\/\\\/akunq.net\\\/turkish\\\/2014\\\/02\\\/04\\\/ocalani-elestirirken-egri-oturup-egri-konusanlar\\\/\",\"name\":\"\u00d6calan\u2019\u0131 ele\u015ftirirken e\u011fri oturup e\u011fri konu\u015fanlar - Bati Ermenistan Ve Bati Ermenileri Sorunlari Ara\u015ftirmalar Merkezi\",\"isPartOf\":{\"@id\":\"https:\\\/\\\/akunq.net\\\/turkish\\\/#website\"},\"datePublished\":\"2014-02-04T06:01:31+00:00\",\"author\":{\"@id\":\"https:\\\/\\\/akunq.net\\\/turkish\\\/#\\\/schema\\\/person\\\/135e7923d1aeb8887890799619969a6c\"},\"breadcrumb\":{\"@id\":\"https:\\\/\\\/akunq.net\\\/turkish\\\/2014\\\/02\\\/04\\\/ocalani-elestirirken-egri-oturup-egri-konusanlar\\\/#breadcrumb\"},\"inLanguage\":\"en-US\",\"potentialAction\":[{\"@type\":\"ReadAction\",\"target\":[\"https:\\\/\\\/akunq.net\\\/turkish\\\/2014\\\/02\\\/04\\\/ocalani-elestirirken-egri-oturup-egri-konusanlar\\\/\"]}]},{\"@type\":\"BreadcrumbList\",\"@id\":\"https:\\\/\\\/akunq.net\\\/turkish\\\/2014\\\/02\\\/04\\\/ocalani-elestirirken-egri-oturup-egri-konusanlar\\\/#breadcrumb\",\"itemListElement\":[{\"@type\":\"ListItem\",\"position\":1,\"name\":\"Home\",\"item\":\"https:\\\/\\\/akunq.net\\\/turkish\\\/\"},{\"@type\":\"ListItem\",\"position\":2,\"name\":\"\u00d6calan\u2019\u0131 ele\u015ftirirken e\u011fri oturup e\u011fri konu\u015fanlar\"}]},{\"@type\":\"WebSite\",\"@id\":\"https:\\\/\\\/akunq.net\\\/turkish\\\/#website\",\"url\":\"https:\\\/\\\/akunq.net\\\/turkish\\\/\",\"name\":\"Bati Ermenistan Ve Bati Ermenileri Sorunlari Ara\u015ftirmalar Merkezi\",\"description\":\"\",\"potentialAction\":[{\"@type\":\"SearchAction\",\"target\":{\"@type\":\"EntryPoint\",\"urlTemplate\":\"https:\\\/\\\/akunq.net\\\/turkish\\\/?s={search_term_string}\"},\"query-input\":{\"@type\":\"PropertyValueSpecification\",\"valueRequired\":true,\"valueName\":\"search_term_string\"}}],\"inLanguage\":\"en-US\"},{\"@type\":\"Person\",\"@id\":\"https:\\\/\\\/akunq.net\\\/turkish\\\/#\\\/schema\\\/person\\\/135e7923d1aeb8887890799619969a6c\",\"name\":\"kalem\",\"image\":{\"@type\":\"ImageObject\",\"inLanguage\":\"en-US\",\"@id\":\"https:\\\/\\\/secure.gravatar.com\\\/avatar\\\/a06875e4b25feb5674296adf8e8a7ae1e587cebce2493fe63c456109967e27d3?s=96&d=mm&r=g\",\"url\":\"https:\\\/\\\/secure.gravatar.com\\\/avatar\\\/a06875e4b25feb5674296adf8e8a7ae1e587cebce2493fe63c456109967e27d3?s=96&d=mm&r=g\",\"contentUrl\":\"https:\\\/\\\/secure.gravatar.com\\\/avatar\\\/a06875e4b25feb5674296adf8e8a7ae1e587cebce2493fe63c456109967e27d3?s=96&d=mm&r=g\",\"caption\":\"kalem\"},\"url\":\"https:\\\/\\\/akunq.net\\\/turkish\\\/author\\\/kalem\\\/\"}]}<\/script>\n<!-- \/ Yoast SEO plugin. -->","yoast_head_json":{"title":"\u00d6calan\u2019\u0131 ele\u015ftirirken e\u011fri oturup e\u011fri konu\u015fanlar - Bati Ermenistan Ve Bati Ermenileri Sorunlari Ara\u015ftirmalar Merkezi","robots":{"index":"index","follow":"follow","max-snippet":"max-snippet:-1","max-image-preview":"max-image-preview:large","max-video-preview":"max-video-preview:-1"},"canonical":"https:\/\/akunq.net\/turkish\/2014\/02\/04\/ocalani-elestirirken-egri-oturup-egri-konusanlar\/","og_locale":"en_US","og_type":"article","og_title":"\u00d6calan\u2019\u0131 ele\u015ftirirken e\u011fri oturup e\u011fri konu\u015fanlar - Bati Ermenistan Ve Bati Ermenileri Sorunlari Ara\u015ftirmalar Merkezi","og_description":"\u00a0Ay\u015fe G\u00dcNAYSU G\u00fcncellenme : 04.02.2014 04 Abdullah \u00d6calan\u2019\u0131 Ermenilere hitap eden mektubunda Bes\u00ea Hozat\u2019\u0131n s\u00f6zlerine sahip \u00e7\u0131kt\u0131\u011f\u0131 i\u00e7in en sert ele\u015ftirenler aras\u0131nda, kendini y\u00f6netmek isteyen K\u00fcrtlere \u201cK\u00fcrt milliyet\u00e7isi\u201d, soyk\u0131r\u0131m\u0131n tan\u0131nmas\u0131nda ve tazmininde \u0131srarc\u0131 olan Ermenilere \u201cErmeni milliyet\u00e7isi\u201d diyen, her iki milliyet\u00e7ili\u011fin de \u201ck\u00f6t\u00fc\u201dl\u00fck a\u00e7\u0131s\u0131ndan T\u00fcrk milliyet\u00e7ili\u011finden farks\u0131z oldu\u011funu savunan bir T\u00fcrk muhalif ayd\u0131n profili de [&hellip;]","og_url":"https:\/\/akunq.net\/turkish\/2014\/02\/04\/ocalani-elestirirken-egri-oturup-egri-konusanlar\/","og_site_name":"Bati Ermenistan Ve Bati Ermenileri Sorunlari Ara\u015ftirmalar Merkezi","article_published_time":"2014-02-04T06:01:31+00:00","author":"kalem","twitter_card":"summary_large_image","twitter_misc":{"Written by":"kalem","Est. reading time":"4 minutes"},"schema":{"@context":"https:\/\/schema.org","@graph":[{"@type":"Article","@id":"https:\/\/akunq.net\/turkish\/2014\/02\/04\/ocalani-elestirirken-egri-oturup-egri-konusanlar\/#article","isPartOf":{"@id":"https:\/\/akunq.net\/turkish\/2014\/02\/04\/ocalani-elestirirken-egri-oturup-egri-konusanlar\/"},"author":{"name":"kalem","@id":"https:\/\/akunq.net\/turkish\/#\/schema\/person\/135e7923d1aeb8887890799619969a6c"},"headline":"\u00d6calan\u2019\u0131 ele\u015ftirirken e\u011fri oturup e\u011fri konu\u015fanlar","datePublished":"2014-02-04T06:01:31+00:00","mainEntityOfPage":{"@id":"https:\/\/akunq.net\/turkish\/2014\/02\/04\/ocalani-elestirirken-egri-oturup-egri-konusanlar\/"},"wordCount":829,"commentCount":0,"articleSection":["Ermeni Soyk\u0131r\u0131m\u0131","Haberler","Makaleler","T\u00fcrkiye\u2019de Az\u0131nl\u0131klar"],"inLanguage":"en-US","potentialAction":[{"@type":"CommentAction","name":"Comment","target":["https:\/\/akunq.net\/turkish\/2014\/02\/04\/ocalani-elestirirken-egri-oturup-egri-konusanlar\/#respond"]}]},{"@type":"WebPage","@id":"https:\/\/akunq.net\/turkish\/2014\/02\/04\/ocalani-elestirirken-egri-oturup-egri-konusanlar\/","url":"https:\/\/akunq.net\/turkish\/2014\/02\/04\/ocalani-elestirirken-egri-oturup-egri-konusanlar\/","name":"\u00d6calan\u2019\u0131 ele\u015ftirirken e\u011fri oturup e\u011fri konu\u015fanlar - Bati Ermenistan Ve Bati Ermenileri Sorunlari Ara\u015ftirmalar Merkezi","isPartOf":{"@id":"https:\/\/akunq.net\/turkish\/#website"},"datePublished":"2014-02-04T06:01:31+00:00","author":{"@id":"https:\/\/akunq.net\/turkish\/#\/schema\/person\/135e7923d1aeb8887890799619969a6c"},"breadcrumb":{"@id":"https:\/\/akunq.net\/turkish\/2014\/02\/04\/ocalani-elestirirken-egri-oturup-egri-konusanlar\/#breadcrumb"},"inLanguage":"en-US","potentialAction":[{"@type":"ReadAction","target":["https:\/\/akunq.net\/turkish\/2014\/02\/04\/ocalani-elestirirken-egri-oturup-egri-konusanlar\/"]}]},{"@type":"BreadcrumbList","@id":"https:\/\/akunq.net\/turkish\/2014\/02\/04\/ocalani-elestirirken-egri-oturup-egri-konusanlar\/#breadcrumb","itemListElement":[{"@type":"ListItem","position":1,"name":"Home","item":"https:\/\/akunq.net\/turkish\/"},{"@type":"ListItem","position":2,"name":"\u00d6calan\u2019\u0131 ele\u015ftirirken e\u011fri oturup e\u011fri konu\u015fanlar"}]},{"@type":"WebSite","@id":"https:\/\/akunq.net\/turkish\/#website","url":"https:\/\/akunq.net\/turkish\/","name":"Bati Ermenistan Ve Bati Ermenileri Sorunlari Ara\u015ftirmalar Merkezi","description":"","potentialAction":[{"@type":"SearchAction","target":{"@type":"EntryPoint","urlTemplate":"https:\/\/akunq.net\/turkish\/?s={search_term_string}"},"query-input":{"@type":"PropertyValueSpecification","valueRequired":true,"valueName":"search_term_string"}}],"inLanguage":"en-US"},{"@type":"Person","@id":"https:\/\/akunq.net\/turkish\/#\/schema\/person\/135e7923d1aeb8887890799619969a6c","name":"kalem","image":{"@type":"ImageObject","inLanguage":"en-US","@id":"https:\/\/secure.gravatar.com\/avatar\/a06875e4b25feb5674296adf8e8a7ae1e587cebce2493fe63c456109967e27d3?s=96&d=mm&r=g","url":"https:\/\/secure.gravatar.com\/avatar\/a06875e4b25feb5674296adf8e8a7ae1e587cebce2493fe63c456109967e27d3?s=96&d=mm&r=g","contentUrl":"https:\/\/secure.gravatar.com\/avatar\/a06875e4b25feb5674296adf8e8a7ae1e587cebce2493fe63c456109967e27d3?s=96&d=mm&r=g","caption":"kalem"},"url":"https:\/\/akunq.net\/turkish\/author\/kalem\/"}]}},"_links":{"self":[{"href":"https:\/\/akunq.net\/turkish\/wp-json\/wp\/v2\/posts\/28252","targetHints":{"allow":["GET"]}}],"collection":[{"href":"https:\/\/akunq.net\/turkish\/wp-json\/wp\/v2\/posts"}],"about":[{"href":"https:\/\/akunq.net\/turkish\/wp-json\/wp\/v2\/types\/post"}],"author":[{"embeddable":true,"href":"https:\/\/akunq.net\/turkish\/wp-json\/wp\/v2\/users\/3"}],"replies":[{"embeddable":true,"href":"https:\/\/akunq.net\/turkish\/wp-json\/wp\/v2\/comments?post=28252"}],"version-history":[{"count":0,"href":"https:\/\/akunq.net\/turkish\/wp-json\/wp\/v2\/posts\/28252\/revisions"}],"wp:attachment":[{"href":"https:\/\/akunq.net\/turkish\/wp-json\/wp\/v2\/media?parent=28252"}],"wp:term":[{"taxonomy":"category","embeddable":true,"href":"https:\/\/akunq.net\/turkish\/wp-json\/wp\/v2\/categories?post=28252"},{"taxonomy":"post_tag","embeddable":true,"href":"https:\/\/akunq.net\/turkish\/wp-json\/wp\/v2\/tags?post=28252"}],"curies":[{"name":"wp","href":"https:\/\/api.w.org\/{rel}","templated":true}]}}