{"id":28134,"date":"2014-01-29T03:20:19","date_gmt":"2014-01-29T08:20:19","guid":{"rendered":"http:\/\/akunq.net\/tr\/?p=28134"},"modified":"2014-01-29T03:20:19","modified_gmt":"2014-01-29T08:20:19","slug":"kurt-cephesindeki-gelismeler","status":"publish","type":"post","link":"https:\/\/akunq.net\/turkish\/2014\/01\/29\/kurt-cephesindeki-gelismeler\/","title":{"rendered":"K\u00fcrt cephesindeki geli\u015fmeler"},"content":{"rendered":"<p><strong><img decoding=\"async\" class=\"alignright\" alt=\"Diran Lokmagozyan\" src=\"http:\/\/akunq.net\/am\/wp-content\/uploads\/2013\/04\/Diran-Lokmagozyan.bmp\" \/>Diran lokmag\u00f6zyan<\/strong><\/p>\n<p style=\"text-align: justify\">KCK (Koma Civak\u00ean Kurdistan) e\u015f ba\u015fkan\u0131 Bese Hozat\u2019\u0131n geni\u015f yank\u0131lara yol a\u00e7an a\u00e7\u0131klamas\u0131, suya at\u0131lan ta\u015f\u0131n halkalar\u0131 gibi geni\u015fleyerek b\u00fcy\u00fcyor.<\/p>\n<p style=\"text-align: justify\">Bese Hozat herhangi biri, s\u0131radan bir \u00f6rg\u00fct mensubu, bir partili olsayd\u0131, bu tepkilerin onda biri dahi olmayacakt\u0131.<\/p>\n<p style=\"text-align: justify\">Lakin Bese Hozat K\u00fcrt hareketinin g\u00fcn\u00fcm\u00fczdeki liderlerinden biri olup, a\u00e7\u0131klamas\u0131n\u0131 da bu s\u0131fat\u0131yla yapm\u0131\u015ft\u0131r.<\/p>\n<p style=\"text-align: justify\">Hareketin lideri ve \u00f6m\u00fcr boyu hapis cezas\u0131n\u0131 \u0130mral\u0131\u2019daki \u00f6zel hapishanesinde ge\u00e7iren Abdullah \u00d6calan\u2019\u0131n da \u201cErmeni, Rum ve Yahudi lobisinden\u201d bahsetmi\u015f oldu\u011fundan dolay\u0131, bu durum baz\u0131 K\u00fcrt yazarlar taraf\u0131ndan kullan\u0131l\u0131p, Hozat\u2019\u0131n kad\u0131n olmas\u0131ndan dolay\u0131 tenkit edildi\u011fi ve benzer gayricidd\u00ee \u201csavunmalara\u201d gidilerek, baz\u0131 ayr\u0131nt\u0131lar g\u00f6z ard\u0131 edilmeye \u00e7al\u0131\u015f\u0131lm\u0131\u015ft\u0131r.<\/p>\n<p style=\"text-align: justify\">\u00d6calan hapiste olup, s\u00f6zleri, sadece kendisiyle g\u00f6r\u00fc\u015fen avukatlar\u0131n haf\u0131zalar\u0131na yer etti\u011fi miktar ve \u015fekil oran\u0131nda d\u0131\u015far\u0131ya ula\u015ft\u0131\u011f\u0131, bu durumda da her c\u00fcmle ve kelimenin tam olarak yans\u0131t\u0131lamad\u0131\u011f\u0131 kesindir. \u00d6calan\u2019a kar\u015f\u0131 bir tepkinin olu\u015fmu\u015f olmad\u0131\u011f\u0131 ise do\u011fru de\u011fildir. \u00d6calan da tenkit edilmi\u015f ve ard\u0131ndan kem-k\u00fcmlerle durumdan bir \u015fekilde s\u0131yr\u0131lmaya \u00e7al\u0131\u015fm\u0131\u015ft\u0131r.<\/p>\n<p style=\"text-align: justify\">Bese Hozat ise, net bir \u015fekilde konu\u015fmu\u015f ve gelen tepkiler \u00fczerine s\u00f6zlerinin yanl\u0131\u015f anla\u015f\u0131ld\u0131\u011f\u0131na dair herhangi bir a\u00e7\u0131klama da yapmaya gerek g\u00f6rmemi\u015ftir. Dahas\u0131, Bese Hozat\u2019tan birka\u00e7 g\u00fcn sonra ayn\u0131 yakla\u015f\u0131m, art\u0131k hi\u00e7bir \u015f\u00fcpheye yer b\u0131rakmayacak \u015fekilde, KCK y\u00fcr\u00fctme komitesi \u00fcyesi R\u0131za Altun taraf\u0131ndan ve tepki g\u00f6steren Ermenileri aptal yerine koyarcas\u0131na Bese\u2019nin s\u00f6zlerini \u00e7e\u015fitli \u015fekillerde \u201ca\u00e7\u0131klamaya\u201d \u00e7al\u0131\u015fan (Amerika\u2019daki Ermeni lobiler) \u015fah\u0131slara nispet eder misali, \u201cbizzat devlet i\u00e7inde, T\u00fcrkiye\u2019de yuvalanm\u0131\u015f\u201d lobilerden bahsederek, Ermenilerin hi\u00e7 de aptal olmad\u0131\u011f\u0131 ve her \u015feyi oldu\u011fu gibi anlam\u0131\u015f olduklar\u0131n\u0131 kan\u0131tlam\u0131\u015ft\u0131r.<\/p>\n<p style=\"text-align: justify\">Nedir t\u00fcm bunlar\u0131n manas\u0131?<\/p>\n<p style=\"text-align: justify\">Suriye\u2019de g\u00fcvenli bir \u015fekilde oturup halk\u0131n\u0131n gen\u00e7lerini \u00f6l\u00fcme g\u00f6nderirken bir aslan g\u00f6r\u00fcnt\u00fcs\u00fc sunan \u201cliderlik\u201d, herkesin televizyonlardan net bir \u015fekilde g\u00f6rd\u00fc\u011f\u00fc gibi, yakaland\u0131ktan sonra s\u00fct d\u00f6km\u00fc\u015f kedi misali \u201cT\u00fcrkleri ne kadar \u00e7ok sevdi\u011fini\u201d ve \u201cdevlete hizmet etmeye haz\u0131r oldu\u011funu\u201d defaten tekrarlamaktayd\u0131.<\/p>\n<p style=\"text-align: justify\">Daha son zamanlara kadar \u201cbenden yararlan\u0131n, beni kullan\u0131n\u201d diye devlete \u00e7a\u011fr\u0131da bulunan \u00d6calan i\u00e7in nihayet \u201ckullan\u0131lma\u201d zaman\u0131n\u0131n gelmi\u015f oldu\u011fu g\u00f6z\u00fckmektedir.<\/p>\n<p style=\"text-align: justify\">On binlerce gencin hayat\u0131n\u0131 vermi\u015f oldu\u011fu \u201cdavas\u0131n\u0131\u201d, kendi postunu kurtarmak i\u00e7in feda edip, tek tarafl\u0131 tavizlerle \u201cbar\u0131\u015f s\u00fcreci\u201d oynayan \u00d6calan, devlete \u201chizmetlerini\u201d s\u00fcrd\u00fcrmekte, 2015\u2019i \u201catlatmak\u201d i\u00e7in \u00e7e\u015fitli kollardan \u00e7al\u0131\u015fmalar\u0131n\u0131 s\u00fcrd\u00fcren farkl\u0131 devlet kurulu\u015flar\u0131, \u00d6calan\u2019a da bir rol bi\u00e7mi\u015f gibi g\u00f6z\u00fckmektedir.<\/p>\n<p style=\"text-align: justify\">K\u00fcrtler (eser miktarda istisnalar haricinde) tam 100 y\u0131l \u00f6nce, devletin kendilerine bah\u015fetti\u011fi \u201cErmenileri k\u0131r\u0131p, onlar\u0131n mal\u0131na-m\u00fclk\u00fcne, k\u0131zlar\u0131na-\u00e7ocuklar\u0131na el koyma\u201d izniyle, as\u0131rlar boyu faydalanm\u0131\u015f olduklar\u0131 kom\u015fular\u0131n\u0131 sadist bir \u015fekilde katlettikten sonra, \u201cbilemi\u015f olduklar\u0131 k\u0131l\u0131\u00e7lar\u201d bu sefer kendilerini bi\u00e7meye ba\u015flad\u0131\u011f\u0131nda vaveyla kopar\u0131p ba\u015flar\u0131n\u0131 ta\u015fa vurarak, devletin \u00f6nlerine atm\u0131\u015f oldu\u011fu bir kemik u\u011fruna dostlar\u0131na kastetmi\u015f olduklar\u0131n\u0131 dile getirmi\u015f olmalar\u0131na kar\u015f\u0131n, \u201ctarih tekerr\u00fcrden ibarettir\u201d \u00f6zdeyi\u015fini do\u011frular nitelikte, tam 100 y\u0131l sonra ayn\u0131 oyunun, ayn\u0131 oyuncularla tekrar sahnelenmekte oldu\u011funu g\u00f6rmekteyiz.<\/p>\n<p style=\"text-align: justify\">Ac\u0131 olan\u0131n, tarihten hi\u00e7 kimsenin bir ders almamas\u0131d\u0131r. \u00d6calan, bu \u00fclkenin kendine has siyasi geleneklerinin as\u0131rlard\u0131r de\u011fi\u015fime u\u011framam\u0131\u015f oldu\u011fu ve yapm\u0131\u015f oldu\u011fu hizmetler kar\u015f\u0131l\u0131\u011f\u0131nda Mithat Pa\u015fa\u2019dan daha farkl\u0131 bir m\u00fck\u00e2fat alamayaca\u011f\u0131n\u0131 \u00f6\u011frenememi\u015f g\u00f6z\u00fckmektedir.<\/p>\n<p style=\"text-align: justify\">Bir di\u011fer ac\u0131l\u0131 nokta ise, tekrar bu \u00fclkenin gelenekleriyle ilgili olan \u201cyeni\u00e7eri zihniyetidir\u201d.<\/p>\n<p style=\"text-align: justify\">Ailelerinden kopart\u0131lan k\u00fc\u00e7\u00fck \u00e7ocuklar\u0131n, kimlikleri unutturularak, t\u00fcm ahl\u00e2ki de\u011ferlerden ar\u0131nd\u0131r\u0131lm\u0131\u015f birer \u00f6l\u00fcm makinesi haline sokulup kendi halklar\u0131n\u0131n \u00fczerine sal\u0131nmas\u0131 teknolojisi g\u00fcn\u00fcm\u00fczde de s\u00fcrd\u00fcr\u00fclmektedir.<\/p>\n<p style=\"text-align: justify\">Bese Hozat\u2019\u0131n do\u011fum yeri olan Dersim b\u00f6lgesi, son y\u0131llarda \u00e7ok\u00e7a konu\u015fulan ve etnik aidiyetlerin unutturulup harmanlanarak, yeniden ve farkl\u0131 bir \u015fekilde meydana getirilmesi prensibine dayal\u0131 \u201cetnik m\u00fchendislik\u201d fikrinin en ilgin\u00e7 alanlar\u0131ndan birini, tipik bir \u201casimilasyon b\u00f6lgesini\u201d olu\u015fturmaktad\u0131r.<\/p>\n<p style=\"text-align: justify\">Bese Hozat\u2019\u0131n Ermeni k\u00f6keni hakk\u0131ndaki s\u00f6ylentiler (\u015fayet do\u011fruysa) kar\u015f\u0131m\u0131za \u00e7ok ilgin\u00e7 bir tablo \u00e7\u0131karmaktad\u0131r.<\/p>\n<p style=\"text-align: justify\">1915 sonras\u0131nda Dersim\u2019e s\u0131\u011f\u0131n\u0131p can\u0131n\u0131 kurtard\u0131ktan sonra dinini kaybedip Alevile\u015fen, dilini kaybedip Zazala\u015fan, fakat Alevilerin de bask\u0131 alt\u0131nda kendilerini \u201c\u015eiilerin bir kolu\u201d, Zazalar\u0131n ise \u201cK\u00fcrt\u201d olarak g\u00f6stermelerinden \u00f6t\u00fcr\u00fc, H\u0131ristiyan-Ermeni k\u00f6kenli, Alevile\u015fip-Zazala\u015farak, sol-ateist cenaha yana\u015f\u0131p K\u00fcrt hareketine kat\u0131larak, \u201c\u00f6nderli\u011finin\u201d emri uyar\u0131nca, yeni kimli\u011fi i\u00e7in kendi asl\u0131na-k\u00f6klerine kar\u015f\u0131 m\u00fccadele eden bir ki\u015fi kar\u015f\u0131m\u0131za \u00e7\u0131kmaktad\u0131r.<\/p>\n<p style=\"text-align: justify\">\u0130nsan d\u00f6ne-d\u00f6ne ne hallere d\u00fc\u015f\u00fcyor, ne ac\u0131 bir kader\u2026<\/p>\n<p style=\"text-align: justify\">Bu durumda gayriihtiyar\u00ee d\u00fc\u015f\u00fcnmeden edemiyoruz. Acaba R\u0131za Altun\u2019un, inan\u00e7lar\u0131 ve do\u011fruculu\u011fu a\u00e7\u0131s\u0131ndan \u00f6ve-\u00f6ve bitiremedi\u011fi (\u00f6l\u00fcm\u00fcnden sonra) ve onun bu do\u011fruculu\u011fu sebebiyle kendisiyle s\u0131k-s\u0131k tart\u0131\u015fmalar ya\u015fand\u0131\u011f\u0131n\u0131 belirtti\u011fi Sakine Cans\u0131z, Bese Hozat\u2019l\u0131k yapmak istemeyip \u201cyeni politikaya\u201d muhalefet etti\u011finden dolay\u0131, ger\u00e7ekten de bir i\u00e7 hesapla\u015fmaya (bir zamanlar ortaya at\u0131lm\u0131\u015f oldu\u011fu \u00fczere) m\u0131 kurban gitmi\u015ftir?<\/p>\n<p style=\"text-align: justify\">\u0130lgin\u00e7 bir \u201ctesad\u00fcf\u201d eseri (siyasette tesad\u00fcfler olmamas\u0131na ra\u011fmen), \u201cErmeni lobisi\u201d ile ilgili s\u00f6zleri, tam da Paris katliam\u0131n\u0131n y\u0131ld\u00f6n\u00fcm\u00fcnde vermi\u015f oldu\u011fu bir m\u00fclakatta R\u0131za Altun taraf\u0131ndan dile getirilmi\u015ftir<\/p>\n<p style=\"text-align: justify\">Olaylar geli\u015ftik\u00e7e baz\u0131 konular giderek daha \u00e7ok birbirleriyle ili\u015fkili g\u00f6z\u00fckmektedir.<\/p>\n<p style=\"text-align: justify\">Bu arada, benzer iddialarla ortaya \u00e7\u0131kan \u015feref ve haysiyete sahip ki\u015filer, bu ithamlar\u0131n\u0131 kesin kan\u0131tlar ve isimlerle ortaya koymal\u0131, aksi takdirde adi bir yalanc\u0131 yaftas\u0131n\u0131 \u00fczerlerinden atamayacaklar\u0131n\u0131n bilincinde olmal\u0131d\u0131r.<\/p>\n","protected":false},"excerpt":{"rendered":"<p>Diran lokmag\u00f6zyan KCK (Koma Civak\u00ean Kurdistan) e\u015f ba\u015fkan\u0131 Bese Hozat\u2019\u0131n geni\u015f yank\u0131lara yol a\u00e7an a\u00e7\u0131klamas\u0131, suya at\u0131lan ta\u015f\u0131n halkalar\u0131 gibi geni\u015fleyerek b\u00fcy\u00fcyor. Bese Hozat herhangi biri, s\u0131radan bir \u00f6rg\u00fct mensubu, bir partili olsayd\u0131, bu tepkilerin onda biri dahi olmayacakt\u0131. Lakin Bese Hozat K\u00fcrt hareketinin g\u00fcn\u00fcm\u00fczdeki liderlerinden biri olup, a\u00e7\u0131klamas\u0131n\u0131 da bu s\u0131fat\u0131yla yapm\u0131\u015ft\u0131r. Hareketin lideri [&hellip;]<\/p>\n","protected":false},"author":3,"featured_media":0,"comment_status":"open","ping_status":"open","sticky":false,"template":"","format":"standard","meta":{"footnotes":""},"categories":[6,14,26,42],"tags":[],"class_list":["post-28134","post","type-post","status-publish","format-standard","hentry","category-ermeni-soykirimi","category-haberler","category-makaleler","category-turkiyede-azinliklar"],"yoast_head":"<!-- This site is optimized with the Yoast SEO plugin v27.4 - https:\/\/yoast.com\/product\/yoast-seo-wordpress\/ -->\n<title>K\u00fcrt cephesindeki geli\u015fmeler - Bati Ermenistan Ve Bati Ermenileri Sorunlari Ara\u015ftirmalar Merkezi<\/title>\n<meta name=\"robots\" content=\"index, follow, max-snippet:-1, max-image-preview:large, max-video-preview:-1\" \/>\n<link rel=\"canonical\" href=\"https:\/\/akunq.net\/turkish\/2014\/01\/29\/kurt-cephesindeki-gelismeler\/\" \/>\n<meta property=\"og:locale\" content=\"en_US\" \/>\n<meta property=\"og:type\" content=\"article\" \/>\n<meta property=\"og:title\" content=\"K\u00fcrt cephesindeki geli\u015fmeler - Bati Ermenistan Ve Bati Ermenileri Sorunlari Ara\u015ftirmalar Merkezi\" \/>\n<meta property=\"og:description\" content=\"Diran lokmag\u00f6zyan KCK (Koma Civak\u00ean Kurdistan) e\u015f ba\u015fkan\u0131 Bese Hozat\u2019\u0131n geni\u015f yank\u0131lara yol a\u00e7an a\u00e7\u0131klamas\u0131, suya at\u0131lan ta\u015f\u0131n halkalar\u0131 gibi geni\u015fleyerek b\u00fcy\u00fcyor. Bese Hozat herhangi biri, s\u0131radan bir \u00f6rg\u00fct mensubu, bir partili olsayd\u0131, bu tepkilerin onda biri dahi olmayacakt\u0131. Lakin Bese Hozat K\u00fcrt hareketinin g\u00fcn\u00fcm\u00fczdeki liderlerinden biri olup, a\u00e7\u0131klamas\u0131n\u0131 da bu s\u0131fat\u0131yla yapm\u0131\u015ft\u0131r. Hareketin lideri [&hellip;]\" \/>\n<meta property=\"og:url\" content=\"https:\/\/akunq.net\/turkish\/2014\/01\/29\/kurt-cephesindeki-gelismeler\/\" \/>\n<meta property=\"og:site_name\" content=\"Bati Ermenistan Ve Bati Ermenileri Sorunlari Ara\u015ftirmalar Merkezi\" \/>\n<meta property=\"article:published_time\" content=\"2014-01-29T08:20:19+00:00\" \/>\n<meta property=\"og:image\" content=\"http:\/\/akunq.net\/am\/wp-content\/uploads\/2013\/04\/Diran-Lokmagozyan.bmp\" \/>\n<meta name=\"author\" content=\"kalem\" \/>\n<meta name=\"twitter:card\" content=\"summary_large_image\" \/>\n<meta name=\"twitter:label1\" content=\"Written by\" \/>\n\t<meta name=\"twitter:data1\" content=\"kalem\" \/>\n\t<meta name=\"twitter:label2\" content=\"Est. reading time\" \/>\n\t<meta name=\"twitter:data2\" content=\"5 minutes\" \/>\n<script type=\"application\/ld+json\" class=\"yoast-schema-graph\">{\"@context\":\"https:\\\/\\\/schema.org\",\"@graph\":[{\"@type\":\"Article\",\"@id\":\"https:\\\/\\\/akunq.net\\\/turkish\\\/2014\\\/01\\\/29\\\/kurt-cephesindeki-gelismeler\\\/#article\",\"isPartOf\":{\"@id\":\"https:\\\/\\\/akunq.net\\\/turkish\\\/2014\\\/01\\\/29\\\/kurt-cephesindeki-gelismeler\\\/\"},\"author\":{\"name\":\"kalem\",\"@id\":\"https:\\\/\\\/akunq.net\\\/turkish\\\/#\\\/schema\\\/person\\\/135e7923d1aeb8887890799619969a6c\"},\"headline\":\"K\u00fcrt cephesindeki geli\u015fmeler\",\"datePublished\":\"2014-01-29T08:20:19+00:00\",\"mainEntityOfPage\":{\"@id\":\"https:\\\/\\\/akunq.net\\\/turkish\\\/2014\\\/01\\\/29\\\/kurt-cephesindeki-gelismeler\\\/\"},\"wordCount\":1052,\"commentCount\":0,\"image\":{\"@id\":\"https:\\\/\\\/akunq.net\\\/turkish\\\/2014\\\/01\\\/29\\\/kurt-cephesindeki-gelismeler\\\/#primaryimage\"},\"thumbnailUrl\":\"http:\\\/\\\/akunq.net\\\/am\\\/wp-content\\\/uploads\\\/2013\\\/04\\\/Diran-Lokmagozyan.bmp\",\"articleSection\":[\"Ermeni Soyk\u0131r\u0131m\u0131\",\"Haberler\",\"Makaleler\",\"T\u00fcrkiye\u2019de Az\u0131nl\u0131klar\"],\"inLanguage\":\"en-US\",\"potentialAction\":[{\"@type\":\"CommentAction\",\"name\":\"Comment\",\"target\":[\"https:\\\/\\\/akunq.net\\\/turkish\\\/2014\\\/01\\\/29\\\/kurt-cephesindeki-gelismeler\\\/#respond\"]}]},{\"@type\":\"WebPage\",\"@id\":\"https:\\\/\\\/akunq.net\\\/turkish\\\/2014\\\/01\\\/29\\\/kurt-cephesindeki-gelismeler\\\/\",\"url\":\"https:\\\/\\\/akunq.net\\\/turkish\\\/2014\\\/01\\\/29\\\/kurt-cephesindeki-gelismeler\\\/\",\"name\":\"K\u00fcrt cephesindeki geli\u015fmeler - Bati Ermenistan Ve Bati Ermenileri Sorunlari Ara\u015ftirmalar Merkezi\",\"isPartOf\":{\"@id\":\"https:\\\/\\\/akunq.net\\\/turkish\\\/#website\"},\"primaryImageOfPage\":{\"@id\":\"https:\\\/\\\/akunq.net\\\/turkish\\\/2014\\\/01\\\/29\\\/kurt-cephesindeki-gelismeler\\\/#primaryimage\"},\"image\":{\"@id\":\"https:\\\/\\\/akunq.net\\\/turkish\\\/2014\\\/01\\\/29\\\/kurt-cephesindeki-gelismeler\\\/#primaryimage\"},\"thumbnailUrl\":\"http:\\\/\\\/akunq.net\\\/am\\\/wp-content\\\/uploads\\\/2013\\\/04\\\/Diran-Lokmagozyan.bmp\",\"datePublished\":\"2014-01-29T08:20:19+00:00\",\"author\":{\"@id\":\"https:\\\/\\\/akunq.net\\\/turkish\\\/#\\\/schema\\\/person\\\/135e7923d1aeb8887890799619969a6c\"},\"breadcrumb\":{\"@id\":\"https:\\\/\\\/akunq.net\\\/turkish\\\/2014\\\/01\\\/29\\\/kurt-cephesindeki-gelismeler\\\/#breadcrumb\"},\"inLanguage\":\"en-US\",\"potentialAction\":[{\"@type\":\"ReadAction\",\"target\":[\"https:\\\/\\\/akunq.net\\\/turkish\\\/2014\\\/01\\\/29\\\/kurt-cephesindeki-gelismeler\\\/\"]}]},{\"@type\":\"ImageObject\",\"inLanguage\":\"en-US\",\"@id\":\"https:\\\/\\\/akunq.net\\\/turkish\\\/2014\\\/01\\\/29\\\/kurt-cephesindeki-gelismeler\\\/#primaryimage\",\"url\":\"http:\\\/\\\/akunq.net\\\/am\\\/wp-content\\\/uploads\\\/2013\\\/04\\\/Diran-Lokmagozyan.bmp\",\"contentUrl\":\"http:\\\/\\\/akunq.net\\\/am\\\/wp-content\\\/uploads\\\/2013\\\/04\\\/Diran-Lokmagozyan.bmp\"},{\"@type\":\"BreadcrumbList\",\"@id\":\"https:\\\/\\\/akunq.net\\\/turkish\\\/2014\\\/01\\\/29\\\/kurt-cephesindeki-gelismeler\\\/#breadcrumb\",\"itemListElement\":[{\"@type\":\"ListItem\",\"position\":1,\"name\":\"Home\",\"item\":\"https:\\\/\\\/akunq.net\\\/turkish\\\/\"},{\"@type\":\"ListItem\",\"position\":2,\"name\":\"K\u00fcrt cephesindeki geli\u015fmeler\"}]},{\"@type\":\"WebSite\",\"@id\":\"https:\\\/\\\/akunq.net\\\/turkish\\\/#website\",\"url\":\"https:\\\/\\\/akunq.net\\\/turkish\\\/\",\"name\":\"Bati Ermenistan Ve Bati Ermenileri Sorunlari Ara\u015ftirmalar Merkezi\",\"description\":\"\",\"potentialAction\":[{\"@type\":\"SearchAction\",\"target\":{\"@type\":\"EntryPoint\",\"urlTemplate\":\"https:\\\/\\\/akunq.net\\\/turkish\\\/?s={search_term_string}\"},\"query-input\":{\"@type\":\"PropertyValueSpecification\",\"valueRequired\":true,\"valueName\":\"search_term_string\"}}],\"inLanguage\":\"en-US\"},{\"@type\":\"Person\",\"@id\":\"https:\\\/\\\/akunq.net\\\/turkish\\\/#\\\/schema\\\/person\\\/135e7923d1aeb8887890799619969a6c\",\"name\":\"kalem\",\"image\":{\"@type\":\"ImageObject\",\"inLanguage\":\"en-US\",\"@id\":\"https:\\\/\\\/secure.gravatar.com\\\/avatar\\\/a06875e4b25feb5674296adf8e8a7ae1e587cebce2493fe63c456109967e27d3?s=96&d=mm&r=g\",\"url\":\"https:\\\/\\\/secure.gravatar.com\\\/avatar\\\/a06875e4b25feb5674296adf8e8a7ae1e587cebce2493fe63c456109967e27d3?s=96&d=mm&r=g\",\"contentUrl\":\"https:\\\/\\\/secure.gravatar.com\\\/avatar\\\/a06875e4b25feb5674296adf8e8a7ae1e587cebce2493fe63c456109967e27d3?s=96&d=mm&r=g\",\"caption\":\"kalem\"},\"url\":\"https:\\\/\\\/akunq.net\\\/turkish\\\/author\\\/kalem\\\/\"}]}<\/script>\n<!-- \/ Yoast SEO plugin. -->","yoast_head_json":{"title":"K\u00fcrt cephesindeki geli\u015fmeler - Bati Ermenistan Ve Bati Ermenileri Sorunlari Ara\u015ftirmalar Merkezi","robots":{"index":"index","follow":"follow","max-snippet":"max-snippet:-1","max-image-preview":"max-image-preview:large","max-video-preview":"max-video-preview:-1"},"canonical":"https:\/\/akunq.net\/turkish\/2014\/01\/29\/kurt-cephesindeki-gelismeler\/","og_locale":"en_US","og_type":"article","og_title":"K\u00fcrt cephesindeki geli\u015fmeler - Bati Ermenistan Ve Bati Ermenileri Sorunlari Ara\u015ftirmalar Merkezi","og_description":"Diran lokmag\u00f6zyan KCK (Koma Civak\u00ean Kurdistan) e\u015f ba\u015fkan\u0131 Bese Hozat\u2019\u0131n geni\u015f yank\u0131lara yol a\u00e7an a\u00e7\u0131klamas\u0131, suya at\u0131lan ta\u015f\u0131n halkalar\u0131 gibi geni\u015fleyerek b\u00fcy\u00fcyor. Bese Hozat herhangi biri, s\u0131radan bir \u00f6rg\u00fct mensubu, bir partili olsayd\u0131, bu tepkilerin onda biri dahi olmayacakt\u0131. Lakin Bese Hozat K\u00fcrt hareketinin g\u00fcn\u00fcm\u00fczdeki liderlerinden biri olup, a\u00e7\u0131klamas\u0131n\u0131 da bu s\u0131fat\u0131yla yapm\u0131\u015ft\u0131r. Hareketin lideri [&hellip;]","og_url":"https:\/\/akunq.net\/turkish\/2014\/01\/29\/kurt-cephesindeki-gelismeler\/","og_site_name":"Bati Ermenistan Ve Bati Ermenileri Sorunlari Ara\u015ftirmalar Merkezi","article_published_time":"2014-01-29T08:20:19+00:00","og_image":[{"url":"http:\/\/akunq.net\/am\/wp-content\/uploads\/2013\/04\/Diran-Lokmagozyan.bmp","type":"","width":"","height":""}],"author":"kalem","twitter_card":"summary_large_image","twitter_misc":{"Written by":"kalem","Est. reading time":"5 minutes"},"schema":{"@context":"https:\/\/schema.org","@graph":[{"@type":"Article","@id":"https:\/\/akunq.net\/turkish\/2014\/01\/29\/kurt-cephesindeki-gelismeler\/#article","isPartOf":{"@id":"https:\/\/akunq.net\/turkish\/2014\/01\/29\/kurt-cephesindeki-gelismeler\/"},"author":{"name":"kalem","@id":"https:\/\/akunq.net\/turkish\/#\/schema\/person\/135e7923d1aeb8887890799619969a6c"},"headline":"K\u00fcrt cephesindeki geli\u015fmeler","datePublished":"2014-01-29T08:20:19+00:00","mainEntityOfPage":{"@id":"https:\/\/akunq.net\/turkish\/2014\/01\/29\/kurt-cephesindeki-gelismeler\/"},"wordCount":1052,"commentCount":0,"image":{"@id":"https:\/\/akunq.net\/turkish\/2014\/01\/29\/kurt-cephesindeki-gelismeler\/#primaryimage"},"thumbnailUrl":"http:\/\/akunq.net\/am\/wp-content\/uploads\/2013\/04\/Diran-Lokmagozyan.bmp","articleSection":["Ermeni Soyk\u0131r\u0131m\u0131","Haberler","Makaleler","T\u00fcrkiye\u2019de Az\u0131nl\u0131klar"],"inLanguage":"en-US","potentialAction":[{"@type":"CommentAction","name":"Comment","target":["https:\/\/akunq.net\/turkish\/2014\/01\/29\/kurt-cephesindeki-gelismeler\/#respond"]}]},{"@type":"WebPage","@id":"https:\/\/akunq.net\/turkish\/2014\/01\/29\/kurt-cephesindeki-gelismeler\/","url":"https:\/\/akunq.net\/turkish\/2014\/01\/29\/kurt-cephesindeki-gelismeler\/","name":"K\u00fcrt cephesindeki geli\u015fmeler - Bati Ermenistan Ve Bati Ermenileri Sorunlari Ara\u015ftirmalar Merkezi","isPartOf":{"@id":"https:\/\/akunq.net\/turkish\/#website"},"primaryImageOfPage":{"@id":"https:\/\/akunq.net\/turkish\/2014\/01\/29\/kurt-cephesindeki-gelismeler\/#primaryimage"},"image":{"@id":"https:\/\/akunq.net\/turkish\/2014\/01\/29\/kurt-cephesindeki-gelismeler\/#primaryimage"},"thumbnailUrl":"http:\/\/akunq.net\/am\/wp-content\/uploads\/2013\/04\/Diran-Lokmagozyan.bmp","datePublished":"2014-01-29T08:20:19+00:00","author":{"@id":"https:\/\/akunq.net\/turkish\/#\/schema\/person\/135e7923d1aeb8887890799619969a6c"},"breadcrumb":{"@id":"https:\/\/akunq.net\/turkish\/2014\/01\/29\/kurt-cephesindeki-gelismeler\/#breadcrumb"},"inLanguage":"en-US","potentialAction":[{"@type":"ReadAction","target":["https:\/\/akunq.net\/turkish\/2014\/01\/29\/kurt-cephesindeki-gelismeler\/"]}]},{"@type":"ImageObject","inLanguage":"en-US","@id":"https:\/\/akunq.net\/turkish\/2014\/01\/29\/kurt-cephesindeki-gelismeler\/#primaryimage","url":"http:\/\/akunq.net\/am\/wp-content\/uploads\/2013\/04\/Diran-Lokmagozyan.bmp","contentUrl":"http:\/\/akunq.net\/am\/wp-content\/uploads\/2013\/04\/Diran-Lokmagozyan.bmp"},{"@type":"BreadcrumbList","@id":"https:\/\/akunq.net\/turkish\/2014\/01\/29\/kurt-cephesindeki-gelismeler\/#breadcrumb","itemListElement":[{"@type":"ListItem","position":1,"name":"Home","item":"https:\/\/akunq.net\/turkish\/"},{"@type":"ListItem","position":2,"name":"K\u00fcrt cephesindeki geli\u015fmeler"}]},{"@type":"WebSite","@id":"https:\/\/akunq.net\/turkish\/#website","url":"https:\/\/akunq.net\/turkish\/","name":"Bati Ermenistan Ve Bati Ermenileri Sorunlari Ara\u015ftirmalar Merkezi","description":"","potentialAction":[{"@type":"SearchAction","target":{"@type":"EntryPoint","urlTemplate":"https:\/\/akunq.net\/turkish\/?s={search_term_string}"},"query-input":{"@type":"PropertyValueSpecification","valueRequired":true,"valueName":"search_term_string"}}],"inLanguage":"en-US"},{"@type":"Person","@id":"https:\/\/akunq.net\/turkish\/#\/schema\/person\/135e7923d1aeb8887890799619969a6c","name":"kalem","image":{"@type":"ImageObject","inLanguage":"en-US","@id":"https:\/\/secure.gravatar.com\/avatar\/a06875e4b25feb5674296adf8e8a7ae1e587cebce2493fe63c456109967e27d3?s=96&d=mm&r=g","url":"https:\/\/secure.gravatar.com\/avatar\/a06875e4b25feb5674296adf8e8a7ae1e587cebce2493fe63c456109967e27d3?s=96&d=mm&r=g","contentUrl":"https:\/\/secure.gravatar.com\/avatar\/a06875e4b25feb5674296adf8e8a7ae1e587cebce2493fe63c456109967e27d3?s=96&d=mm&r=g","caption":"kalem"},"url":"https:\/\/akunq.net\/turkish\/author\/kalem\/"}]}},"_links":{"self":[{"href":"https:\/\/akunq.net\/turkish\/wp-json\/wp\/v2\/posts\/28134","targetHints":{"allow":["GET"]}}],"collection":[{"href":"https:\/\/akunq.net\/turkish\/wp-json\/wp\/v2\/posts"}],"about":[{"href":"https:\/\/akunq.net\/turkish\/wp-json\/wp\/v2\/types\/post"}],"author":[{"embeddable":true,"href":"https:\/\/akunq.net\/turkish\/wp-json\/wp\/v2\/users\/3"}],"replies":[{"embeddable":true,"href":"https:\/\/akunq.net\/turkish\/wp-json\/wp\/v2\/comments?post=28134"}],"version-history":[{"count":0,"href":"https:\/\/akunq.net\/turkish\/wp-json\/wp\/v2\/posts\/28134\/revisions"}],"wp:attachment":[{"href":"https:\/\/akunq.net\/turkish\/wp-json\/wp\/v2\/media?parent=28134"}],"wp:term":[{"taxonomy":"category","embeddable":true,"href":"https:\/\/akunq.net\/turkish\/wp-json\/wp\/v2\/categories?post=28134"},{"taxonomy":"post_tag","embeddable":true,"href":"https:\/\/akunq.net\/turkish\/wp-json\/wp\/v2\/tags?post=28134"}],"curies":[{"name":"wp","href":"https:\/\/api.w.org\/{rel}","templated":true}]}}