{"id":27982,"date":"2014-01-18T03:25:30","date_gmt":"2014-01-18T08:25:30","guid":{"rendered":"http:\/\/akunq.net\/tr\/?p=27982"},"modified":"2014-01-18T03:25:30","modified_gmt":"2014-01-18T08:25:30","slug":"muammer-guler-ve-dr-resit-ya-da-erdogan-ve-talat","status":"publish","type":"post","link":"https:\/\/akunq.net\/turkish\/2014\/01\/18\/muammer-guler-ve-dr-resit-ya-da-erdogan-ve-talat\/","title":{"rendered":"Muammer G\u00fcler ve Dr. Re\u015fit; ya da Erdo\u011fan ve Talat"},"content":{"rendered":"<p style=\"text-align: justify\"><b><a href=\"http:\/\/akunq.net\/tr\/wp-content\/uploads\/2014\/01\/Taner-Akcam.jpg\"><img loading=\"lazy\" decoding=\"async\" class=\"alignright size-full wp-image-27983\" alt=\"Taner Akcam\" src=\"http:\/\/akunq.net\/tr\/wp-content\/uploads\/2014\/01\/Taner-Akcam.jpg\" width=\"225\" height=\"225\" srcset=\"https:\/\/akunq.net\/turkish\/wp-content\/uploads\/sites\/5\/2014\/01\/Taner-Akcam.jpg 225w, https:\/\/akunq.net\/turkish\/wp-content\/uploads\/sites\/5\/2014\/01\/Taner-Akcam-150x150.jpg 150w\" sizes=\"auto, (max-width: 225px) 100vw, 225px\" \/><\/a>Taner Ak\u00e7am<\/b><\/p>\n<p style=\"text-align: justify\"><b>Hrant<\/b>\u2019\u0131n \u00f6ld\u00fcr\u00fclmesinin \u00fczerinden tam yedi y\u0131l ge\u00e7ti; cinayetin planlay\u0131c\u0131lar\u0131 ger\u00e7ek su\u00e7lular h\u00e2l\u00e2 d\u0131\u015far\u0131da, dava ise s\u00fcr\u00fcyor. Yarg\u0131lamalarda birinci raunt bitti; ikinci raunt ba\u015flad\u0131, tam da <b>Karl Marx<\/b>\u2019\u0131n me\u015fhur s\u00f6zlerine uygun bir tarzda, ilki bir trajedi idi, ikincisi ise tam bir komedi&#8230;<\/p>\n<p style=\"text-align: justify\">\u00c7o\u011fumuz mutlaka \u015fa\u015f\u0131r\u0131yoruz, ni\u00e7in ger\u00e7ek katiller h\u00e2l\u00e2 saklan\u0131yor; ni\u00e7in bu dava bu kadar uzun s\u00fcrd\u00fc diye! Asl\u0131nda cevab\u0131 \u00e7ok basit; Ba\u015fbakanl\u0131k M\u00fc\u015faviri <b>Hamdi K\u0131l\u0131\u00e7<\/b> 2 Ocak 2014\u2019te att\u0131\u011f\u0131 bir tweetle verdi: \u201c<b><i>Bu \u00fclkede devlet gelene\u011fi diye bir \u015fey h\u00e2l\u00e2 var. Bunun ne oldu\u011funu anlamak i\u00e7in biraz tarih okumak yeter. Devlet gelene\u011fimizin kendini korumak i\u00e7in tarih boyunca geli\u015ftirdi\u011fi reflekslerin bir k\u0131sm\u0131 epeyce \u00fcrpertici, benden hat\u0131rlatmas\u0131!<\/i><\/b>\u201d<\/p>\n<p style=\"text-align: justify\">M\u00fc\u015favir hakl\u0131; Hrant Dink cinayeti de, devletin geli\u015ftirdi\u011fi bu \u00fcrk\u00fct\u00fcc\u00fc reflekslerden sadece bir tanesi. E\u011fer biraz tarih okumu\u015f olsayd\u0131k Hrant davas\u0131nda nelerin olup bitti\u011fini anlar ve bu kadar \u015fa\u015f\u0131rmazd\u0131k.<\/p>\n<p style=\"text-align: justify\">Bu asl\u0131nda bize bir \u00f6zele\u015ftiri vesilesi de olmal\u0131d\u0131r. \u00c7\u00fcnk\u00fc T\u00fcrkiye\u2019de Hrant i\u00e7in sokaklara d\u00f6k\u00fclenlerin bir\u00e7o\u011fu, uzun zaman 1915 soyk\u0131r\u0131m\u0131 ile Hrant\u2019\u0131n \u00f6ld\u00fcr\u00fclmesi aras\u0131nda ba\u011f kurmad\u0131. Hatta ba\u011f kuran insanlara k\u0131zanlar bile oldu. Oysa Hrant Dink\u2019i \u00f6ld\u00fcrenler bu ba\u011f\u0131 biliyorlard\u0131 ve Hrant\u2019\u0131 bu ba\u011f nedeniyle \u00f6ld\u00fcrd\u00fcler. Bug\u00fcn ger\u00e7ek katillerin h\u00e2l\u00e2 elini kolunu sallayarak dola\u015fmalar\u0131 da bu nedenledir.<\/p>\n<p style=\"text-align: justify\">Hrant, bu devletin kurulu\u015fundan tu\u011fla \u00e7ekmek istedi ve bu nedenle \u00f6ld\u00fcr\u00fcld\u00fc; ger\u00e7ek katiller de bu nedenle bulunmuyor. Cinayet ve katillerin ellerini kollar\u0131n\u0131 sallayarak dola\u015fmas\u0131, M\u00fc\u015favirin s\u00f6z\u00fcn\u00fc etti\u011fi, devletin geleneksel \u00fcrk\u00fct\u00fcc\u00fc refleksidir. Bunu size iki \u00f6rnekle anlatmak istiyorum.<\/p>\n<p style=\"text-align: justify\">Birincisi, Hrant\u2019\u0131n \u00f6ld\u00fcr\u00fclmesinin kendisidir. Ge\u00e7en y\u0131l <b>T<i>araf<\/i><\/b>\u2019ta yazm\u0131\u015ft\u0131m, tekrar etmek isterim: Art\u0131k kafam\u0131z\u0131n i\u00e7ine kaz\u0131yal\u0131m ve ona g\u00f6re davranal\u0131m: <b>Hrant Dink, Talat Pa\u015fa\u2019n\u0131n intikam\u0131n\u0131 almak i\u00e7in \u00f6ld\u00fcr\u00fcld\u00fc.<\/b> Her \u015fey, ama her \u015fey, 1921 y\u0131l\u0131nda i\u015flenmi\u015f suikast\u0131n intikam\u0131n\u0131 almaya uygun \u015fekilde \u00f6rg\u00fctlendi.<\/p>\n<p style=\"text-align: justify\">Size bir sorum var; <b>Hrant Dink ni\u00e7in evinin \u00f6n\u00fcnde \u00f6ld\u00fcr\u00fclmedi?<\/b> Ya da <b>ni\u00e7in di\u011fer faili me\u00e7hullerde yapt\u0131klar\u0131 gibi, ka\u00e7\u0131r\u0131p \u00f6ld\u00fcr\u00fcp cesedini bir yere atmad\u0131lar?<\/b> Bunlar\u0131n her birisini isteselerdi yaparlard\u0131. Ama b\u00f6yle yapmak yerine, <b>Agos\u2019un \u00f6n\u00fcnde, cadde ortas\u0131nda, herkesin g\u00f6z\u00fc \u00f6n\u00fcnde, hem de kafas\u0131na arkadan s\u0131karak \u00f6ld\u00fcrd\u00fcler!<\/b> Ni\u00e7in? <b>\u00c7\u00fcnk\u00fc Talat Pa\u015fa da b\u00f6yle \u00f6ld\u00fcr\u00fclm\u00fc\u015ft\u00fc.<\/b> Unutmay\u0131n! Hrant nezdinde Ermenilerden Talat Pa\u015fa\u2019n\u0131n intikam\u0131n\u0131 almak istediler.<\/p>\n<p style=\"text-align: justify\">Talat Pa\u015fa, 15 Mart 1921\u2019de, Berlin\u2019de, soyk\u0131r\u0131mdan sa\u011f olarak <b>kurtulan Soghomon Tehlirian<\/b> taraf\u0131ndan, cadde ortas\u0131nda, herkesin g\u00f6z\u00fc \u00f6n\u00fcnde \u00f6ld\u00fcr\u00fcld\u00fc. Tehlirian, Talat Pa\u015fa\u2019ya arkadan yakla\u015ft\u0131 ve kafas\u0131na s\u0131karak \u00f6ld\u00fcrd\u00fc. Ka\u00e7arken yakaland\u0131. 2-3 Haziran tarihlerinden g\u00f6r\u00fclen dava sonucunda da beraat etti. Hrant\u2019\u0131 da aynen b\u00f6yle \u00f6ld\u00fcrd\u00fcler.<\/p>\n<p style=\"text-align: justify\">Cinayetin, bilmedi\u011finiz bir ba\u015fka benzerli\u011fi daha var: Tehlirian olay yerinden ka\u00e7mak isterken yakalanm\u0131\u015ft\u0131 ama asl\u0131nda suikast plan\u0131n\u0131 yapanlar\u0131n ald\u0131klar\u0131 karara g\u00f6re ka\u00e7mamas\u0131, oldu\u011fu yerde durmas\u0131 ve teslim olmas\u0131 gerekiyordu. Hrant Dink soru\u015fturmalar\u0131nda var olan baz\u0131 kay\u0131tlardan asl\u0131nda <b>Og\u00fcn Samast<\/b>\u2019\u0131n da ka\u00e7mamas\u0131 ve olay yerinde yakalanmas\u0131 gerekti\u011finin planland\u0131\u011f\u0131 anla\u015f\u0131l\u0131yor. Her \u015fey, 1921\u2019deki gibi olmal\u0131yd\u0131. Ama\u00e7 hem Talat Pa\u015fa\u2019n\u0131n intikam\u0131n\u0131 almakt\u0131 hem de Ermenilere 1915 soyk\u0131r\u0131m\u0131n\u0131, onlar\u0131n sesini bo\u011fmak i\u00e7in yapt\u0131klar\u0131n\u0131 hat\u0131rlatmakt\u0131. \u201c<b>Biz bu Cumhuriyet\u2019i Ermenilerin imhas\u0131 \u00fczerine kurduk ve bu topraklarda bir Ermeni\u2019ye, 1915\u2019den sonra \u00f6zg\u00fcrce konu\u015fma imk\u00e2n\u0131 vermeyiz<\/b>\u201d, demek istiyorlard\u0131.<\/p>\n<p style=\"text-align: justify\">1915 soyk\u0131r\u0131m\u0131 ile Hrant Dink\u2019in \u00f6ld\u00fcr\u00fclmesi aras\u0131ndaki ba\u011f\u0131 g\u00f6remeyen, g\u00f6rmek istemeyenlere anlatmak istedi\u011fim ikinci tarih\u00ee \u00f6rnek <b>Diyarbak\u0131r Valisi Dr. Re\u015fit<\/b>\u2019in \u00f6yk\u00fcs\u00fcd\u00fcr.<\/p>\n<p style=\"text-align: justify\"><b><br \/>\nOnbinlerce Ermeni\u2019nin katili Dr. Re\u015fit\u2019i, Hrant\u2019\u0131n cinayetin giden yolun haz\u0131rlay\u0131c\u0131lar\u0131ndan \u0130stanbul Valisi Muammer G\u00fcler ile k\u0131yaslamak istiyorum. Asl\u0131nda bu biraz da Tayyip Erdo\u011fan ile Talat Pa\u015fa\u2019y\u0131 k\u0131yaslama olacak.<\/b><\/p>\n<p style=\"text-align: justify\">Biliyorum, \u00e7o\u011funuz, s\u0131rf CHP\u2019ye sata\u015f\u0131p prim toplamak amac\u0131yla yar\u0131m a\u011f\u0131z da olsa Dersim katliam\u0131 konusunda \u00f6z\u00fcr dilemi\u015f, K\u00fcrt sorununu bar\u0131\u015f\u00e7\u0131 yollarla \u00e7\u00f6zmek isteyen bir ba\u015fbakan\u0131 Talat Pa\u015fa ile k\u0131yaslamam\u0131n haks\u0131zl\u0131k oldu\u011funu d\u00fc\u015f\u00fcneceksinizdir. Karar i\u00e7in ya isterseniz \u201c<b>te\u015fbihte hata olmazm\u0131\u015f<\/b>\u201d deyin ya da hik\u00e2yenin sonunu bekleyin.<\/p>\n<p style=\"text-align: justify\"><b><br \/>\n\u0130K\u0130 VAL\u0130: DR. RE\u015e\u0130T, MUAMMER G\u00dcLER&#8230;<\/b><\/p>\n<p style=\"text-align: justify\">1915 Temmuz ay\u0131nda Musul Alman konsolosu, Mardin ve Diyarbak\u0131r\u2019da \u00e7o\u011fu Ermeni 2000\u2019nin \u00fczerinde H\u0131ristiyan\u2019\u0131n, geceleri \u015fehir d\u0131\u015f\u0131na \u00e7\u0131kart\u0131l\u0131p, \u201c<b>koyun gibi bo\u011fazlanmakta oldu\u011funu<\/b>\u201d bildirir. Bu bilgileri Mardin Mutasarr\u0131f\u0131\u2019ndan ald\u0131\u011f\u0131n\u0131 s\u00f6yleyen konsolos, cinayetlere engel olmak i\u00e7in tedbir al\u0131nmas\u0131n\u0131 ister.<\/p>\n<p style=\"text-align: justify\">Alman el\u00e7ili\u011fi Talat Pa\u015fay\u0131 durumdan haberdar eder. Talat bunun \u00fczerine Vali Re\u015fit\u2019e telgraf \u00e7eker ve Alman telgraf\u0131ndaki \u201c<b>koyun gibi bo\u011fazlanmak<\/b>\u201d ifadesi de d\u00e2hil oradaki bilgileri aynen tekrar ettikten sonra \u015fu emri yollar; \u201c<b><i>Ermeniler hakk\u0131nda g\u00fcndeme getirilen inzibati tedbirlerin di\u011fer H\u0131ristiyanlara da uygulanmas\u0131 kesinlikle do\u011fru de\u011fildir<\/i><\/b>\u201d. Talat \u201c<b>geli\u015fig\u00fczel H\u0131ristiyanlar\u0131n can\u0131n\u0131 tehdit edecek<\/b>\u201d bu t\u00fcr uygulamalara derhal son verilmesini ister.<\/p>\n<p style=\"text-align: justify\">Fakat bu telgrafa ra\u011fmen Diyarbak\u0131r\u2019da H\u0131ristiyanlara y\u00f6nelik katliamlar ayr\u0131m yapmadan devam eder. Bunun \u00fczerine Talat, 10 g\u00fcn sonra, 22 Temmuz 1915\u2019te Dr. Re\u015fit\u2019e, \u201c<b>mahremdir bizzat halli<\/b>\u201d \u00f6zel notunu d\u00fc\u015ft\u00fc\u011f\u00fc ikinci bir telgraf daha yollar ve imha politikas\u0131n\u0131n sadece Ermenilere uygulanmas\u0131, di\u011fer H\u0131ristiyanlar\u0131 kapsamamas\u0131 gerekti\u011finin yeniden alt\u0131n\u0131 \u00e7izer. \u201c<b><i>\u015eik\u00e2yetler geliyor<\/i><\/b>\u201d diyerek, Valiye emir verir: \u201c<b><i>Bizi zor durumda b\u0131rakacak bu t\u00fcr uygulamalara son ver.<\/i><\/b>\u201d<\/p>\n<p style=\"text-align: justify\">Bu ikinci telgrafa ra\u011fmen de durumda \u00e7ok fazla bir de\u011fi\u015fiklik olmaz. Diyarbak\u0131r valisi, Ermenilerle di\u011fer H\u0131ristiyanlar aras\u0131nda ayr\u0131m yapmadan katliamlara devam eder. Bunu \u00fczerine Talat, yine 10 g\u00fcn sonra, 2 A\u011fustos 1915 tarihinde \u00fc\u00e7\u00fcnc\u00fc bir telgraf daha \u00e7eker. \u201c<b><i>Defalarca telgraf \u00e7ekmemize ra\u011fmen vilayet d\u00e2hilinde H\u0131ristiyanlar\u0131n katledilmeye devam edilmekte oldu\u011fu haberleri gelmeye devam ediyor,<\/i><\/b>\u201d diyerek, bu h\u00e2lin tasvip edilmedi\u011fini tekrar eder. Talat telgraf\u0131nda, Re\u015fit\u2019e onun bir devlet memuru oldu\u011funu, ve \u201c<b>bir memur olarak verilecek emirlere ko\u015fulsuz uymak zorunda bulundu\u011funu<\/b>\u201d hat\u0131rlat\u0131r. Ve Re\u015fit\u2019i \u00e7ok a\u00e7\u0131k bir bi\u00e7imde uyar\u0131r; \u201c<b>E\u015fk\u0131ya ve \u00e7etelere isnat olunacak her fiil ve vakadan<\/b>\u201d do\u011frudan Dr. Re\u015fit mesul tutulacakt\u0131r.<\/p>\n<p style=\"text-align: justify\">Sizlere aktard\u0131\u011f\u0131m bu telgraflar, gizli ve \u015fifreli telgraflard\u0131r. Muhtevas\u0131n\u0131 Talat, Dr. Re\u015fit ve \u015fifreli telgraflar\u0131 g\u00f6nderen ve \u00e7\u00f6zen bir ka\u00e7 g\u00f6revli d\u0131\u015f\u0131nda kimse bilmemektedir. Peki, aktard\u0131\u011f\u0131m bu gizli telgraflarda H\u00fck\u00fcmet emirlerine kar\u015f\u0131 gelmekle su\u00e7lanan, 2000 ki\u015finin \u00fcst\u00fcnde insan\u0131 \u201c<b>koyun gibi bo\u011fazlatan<\/b>\u201d Dr. Re\u015fit hakk\u0131nda herhangi bir soru\u015fturma a\u00e7\u0131l\u0131r m\u0131? Hay\u0131r! Ama ba\u015fka \u015feyler olur; Re\u015fit\u2019in cinayetlerine muhalefet eden ve olaylar\u0131 Alman konsolosuna aktaran <b>Mardin Kaymakam\u0131 Hilmi<\/b>\u2019ye g\u00f6revden el \u00e7ektirilir. Bundan daha da \u00f6nemlisi, Diyarbak\u0131r\u2019da Ermenilere y\u00f6nelik politikalar\u0131 uygulamadaki ba\u015far\u0131lar\u0131 nedeniyle Re\u015fit\u2019in emrinde \u00e7al\u0131\u015fan g\u00fcvenlik g\u00f6revlileri \u00f6d\u00fcllendirilirler. 28 Temmuz 1915\u2019te \u00e7ekilen bir telgrafla Diyarbak\u0131r vil\u00e2yetinde Ermeni komite liderleri ve mensuplar\u0131n\u0131n yakalanmas\u0131nda faydal\u0131 olan polis ve komiserlerden baz\u0131lar\u0131 \u201c<b>terfi<\/b>\u201d ettirilir, baz\u0131lar\u0131 \u201c<b>nakdi m\u00fck\u00e2fat<\/b>\u201d baz\u0131lar\u0131 da \u201c<b>ni\u015fanla<\/b>\u201d \u00f6d\u00fcllendirilirler.<\/p>\n<p style=\"text-align: justify\">Hik\u00e2yem burada bitmedi. Diyarbak\u0131r ve y\u00f6resinden S\u00fcryani ve Ermenileri s\u00fcren ve imha eden Dr. Re\u015fit\u2019ten, daha sonra i\u015fledi\u011fi cinayetlerin de\u011fil, bu cinayetler s\u0131ras\u0131nda \u201c<b>merkeze yollayaca\u011f\u0131m<\/b>\u201d diyerek el koydu\u011fu Ermenilere ait m\u00fccevher ve e\u015fyalar\u0131n hesab\u0131 sorulur. Yollanan resm\u00ee bir yaz\u0131yla kendisinden bu el koydu\u011fu m\u00fccevherler istenir. 6 Ekim 1915\u2019te Vali Re\u015fit\u2019e \u201c<b>bizzat hal edilecektir<\/b>\u201d \u00f6zel notu ile yollanan telgrafta \u201c<b><i>Sevk olunup yolda du\u00e7ar olunan Ermenilere<\/i><\/b><i> ait nakit para m\u00fccevherat ve e\u015fyalara, merkeze g\u00f6nderilmek \u00fczere taraf\u0131n\u0131zdan el konuldu\u011funun haberini ald\u0131k<\/i>\u201d denerek, bu alt\u0131n ve m\u00fccevherat\u0131n miktar\u0131 ve kayd\u0131n\u0131n nas\u0131l tutuldu\u011fu hakk\u0131nda bilgi istenir. G\u00f6rd\u00fc\u011f\u00fcn\u00fcz gibi, Talat\u2019\u0131 ilgilendiren tek konu vard\u0131r ve bu da H\u0131ristiyanlar\u0131n imha edilmi\u015f olmas\u0131 de\u011fil, onlar\u0131n el konulan m\u00fccevherlerine ne oldu\u011fudur.<\/p>\n<p style=\"text-align: justify\">Daha durun, hik\u00e2yenin sonuna gelmedik. <b>Dr. Re\u015fit daha sonra Ankara\u2019ya, bir \u00f6d\u00fcl say\u0131lacak \u015fekilde vali olarak atan\u0131r. Ama burada g\u00f6revinden el \u00e7ektirilir. A\u00e7\u0131\u011fa al\u0131n\u0131r ve hakk\u0131nda soru\u015fturma a\u00e7\u0131l\u0131r.<\/b> Bilin bakal\u0131m, Dr. Re\u015fit hakk\u0131nda soru\u015fturma a\u00e7\u0131lmas\u0131n\u0131n nedeni nedir? Belki do\u011fru tahmin ettiniz. <b>Soru\u015fturma nedeni, Re\u015fit\u2019in i\u015fledi\u011fi cinayetler de\u011fil, Ermeni m\u00fccevher ve mallar\u0131n\u0131 zimmetine ge\u00e7irmesidir.<\/b> Yani h\u0131rs\u0131zl\u0131kla ilgilidir. Re\u015fit, el koydu\u011fu Ermeni m\u00fccevherleri ile \u0130stanbul\u2019da bir yal\u0131 almak istemi\u015f ve olaydan haberdar olan Talat onu g\u00f6revden alm\u0131\u015ft\u0131r. Gazeteci <b>S\u00fcleyman Nazif<\/b> bu durumu \u00e7ok veciz s\u00f6zlerle dile getirir: \u201c<b><i>Talat Pa\u015fa&#8230; katil s\u0131fat\u0131yla takdir etti\u011fi Re\u015fit\u2019i h\u0131rs\u0131z oldu\u011fu i\u00e7in azletmi\u015ftir.<\/i><\/b>\u201d<\/p>\n<p style=\"text-align: justify\">\u015eimdi anlad\u0131n\u0131z m\u0131 Ba\u015fbakanl\u0131k M\u00fc\u015faviri Hamdi K\u0131l\u0131\u00e7\u2019\u0131n s\u00f6ylediklerini; ne demi\u015fti m\u00fc\u015favir, \u201c<b><i>bu \u00fclkede devlet gelene\u011fi diye bir \u015fey vard\u0131r; h\u00e2l\u00e2<\/i><\/b> [da] <b><i>var. Bunun ne oldu\u011funu anlamak i\u00e7in biraz tarih okumak<\/i><\/b> <b><i>yeter<\/i><\/b>li\u201d. Tarih okuduk ve g\u00f6rd\u00fck ki, devlet, soyk\u0131r\u0131m s\u0131ras\u0131nda Dr. Re\u015fit ve adamlar\u0131n\u0131 H\u0131ristiyanlar\u0131 \u00f6ld\u00fcrd\u00fckleri, yani cinayet i\u015fledikleri i\u00e7in \u00f6d\u00fcllendirmi\u015f ama Re\u015fit\u2019i h\u0131rs\u0131zl\u0131k nedeniyle a\u00e7\u0131\u011fa alm\u0131\u015ft\u0131r.<\/p>\n<p style=\"text-align: justify\">Bug\u00fcne gelelim, Hrant Dink cinayetine bula\u015ft\u0131\u011f\u0131 art\u0131k sa\u011f\u0131r sultan taraf\u0131ndan bile duyulmu\u015f olan <b>\u0130stanbul Valisi Muammer G\u00fcler\u2019in ba\u015f\u0131na gelenler ile Dr. Re\u015fit\u2019in ba\u015f\u0131na gelenler aras\u0131ndaki benzerlik \u00e7ok \u00e7arp\u0131c\u0131d\u0131r. Dr. Re\u015fit gibi, G\u00fcler\u2019den de cinayetin hesab\u0131 sorulmad\u0131. \u00d6nce Milletvekili sonra \u0130\u00e7i\u015fleri Bakan\u0131 yap\u0131larak \u00f6d\u00fcllendirildi. Ama daha sonra r\u00fc\u015fvet ve yolsuzluk nedeniyle g\u00f6revden azledildi.<\/b> Di\u011fer polis g\u00f6revlileri i\u00e7in de durum farkl\u0131 olmad\u0131. Hepsi cinayet sonras\u0131nda \u00fcst g\u00f6revlere getirildiler. Mesele bu kadar basit asl\u0131nda&#8230;<\/p>\n<p style=\"text-align: justify\">\u015eimdi anlad\u0131n\u0131z m\u0131 Hrant Dink\u2019in cinayetinin ger\u00e7ek katilleri ni\u00e7in bulunamad\u0131 ve dava ni\u00e7in h\u00e2l\u00e2 s\u00fcr\u00fcyor. Ha Talat ha Erdo\u011fan \u00e7ok fark etmiyor! Devlet gelene\u011fi bu&#8230;<b><br \/>\n<\/b><\/p>\n<p style=\"text-align: justify\"><b><i>tanerakcam@gmail.com<\/i><\/b><\/p>\n<p style=\"text-align: justify\"><!--[if gte mso 9]&gt;--><\/p>\n<p style=\"text-align: justify\"><!--[if gte mso 9]&gt;--><\/p>\n<p>Normal<br \/>\n0<\/p>\n<p>false<br \/>\nfalse<br \/>\nfalse<\/p>\n<p>RU<br \/>\nX-NONE<br \/>\nX-NONE<\/p>\n<p><!--[if gte mso 9]&gt;--><\/p>\n<p><!--[if gte mso 10]&gt;--><\/p>\n<p> \/* Style Definitions *\/<br \/>\n table.MsoNormalTable<br \/>\n\t{mso-style-name:&#8221;Table Normal&#8221;;<br \/>\n\tmso-tstyle-rowband-size:0;<br \/>\n\tmso-tstyle-colband-size:0;<br \/>\n\tmso-style-noshow:yes;<br \/>\n\tmso-style-priority:99;<br \/>\n\tmso-style-qformat:yes;<br \/>\n\tmso-style-parent:&#8221;&#8221;;<br \/>\n\tmso-padding-alt:0cm 5.4pt 0cm 5.4pt;<br \/>\n\tmso-para-margin-top:0cm;<br \/>\n\tmso-para-margin-right:0cm;<br \/>\n\tmso-para-margin-bottom:10.0pt;<br \/>\n\tmso-para-margin-left:0cm;<br \/>\n\tline-height:115%;<br \/>\n\tmso-pagination:widow-orphan;<br \/>\n\tfont-size:11.0pt;<br \/>\n\tfont-family:&#8221;Calibri&#8221;,&#8221;sans-serif&#8221;;<br \/>\n\tmso-ascii-font-family:Calibri;<br \/>\n\tmso-ascii-theme-font:minor-latin;<br \/>\n\tmso-fareast-font-family:&#8221;Times New Roman&#8221;;<br \/>\n\tmso-fareast-theme-font:minor-fareast;<br \/>\n\tmso-hansi-font-family:Calibri;<br \/>\n\tmso-hansi-theme-font:minor-latin;<br \/>\n\tmso-bidi-font-family:&#8221;Times New Roman&#8221;;<br \/>\n\tmso-bidi-theme-font:minor-bidi;}<\/p>\n<p class=\"MsoNormal\" style=\"text-align: justify;line-height: normal\"><b><i><span lang=\"EN-US\" style=\"font-family: 'Sylfaen','serif'\">http:\/\/www.taraf.com.tr\/taner-akcam\/makale-muammer-guler-ve-dr-resit-ya-da-erdogan-ve-talat.htm<\/span><\/i><\/b><\/p>\n","protected":false},"excerpt":{"rendered":"<p>Taner Ak\u00e7am Hrant\u2019\u0131n \u00f6ld\u00fcr\u00fclmesinin \u00fczerinden tam yedi y\u0131l ge\u00e7ti; cinayetin planlay\u0131c\u0131lar\u0131 ger\u00e7ek su\u00e7lular h\u00e2l\u00e2 d\u0131\u015far\u0131da, dava ise s\u00fcr\u00fcyor. Yarg\u0131lamalarda birinci raunt bitti; ikinci raunt ba\u015flad\u0131, tam da Karl Marx\u2019\u0131n me\u015fhur s\u00f6zlerine uygun bir tarzda, ilki bir trajedi idi, ikincisi ise tam bir komedi&#8230; \u00c7o\u011fumuz mutlaka \u015fa\u015f\u0131r\u0131yoruz, ni\u00e7in ger\u00e7ek katiller h\u00e2l\u00e2 saklan\u0131yor; ni\u00e7in bu dava bu [&hellip;]<\/p>\n","protected":false},"author":3,"featured_media":0,"comment_status":"open","ping_status":"open","sticky":false,"template":"","format":"standard","meta":{"footnotes":""},"categories":[6,14,26],"tags":[],"class_list":["post-27982","post","type-post","status-publish","format-standard","hentry","category-ermeni-soykirimi","category-haberler","category-makaleler"],"yoast_head":"<!-- This site is optimized with the Yoast SEO plugin v27.4 - https:\/\/yoast.com\/product\/yoast-seo-wordpress\/ -->\n<title>Muammer G\u00fcler ve Dr. Re\u015fit; ya da Erdo\u011fan ve Talat - Bati Ermenistan Ve Bati Ermenileri Sorunlari Ara\u015ftirmalar Merkezi<\/title>\n<meta name=\"robots\" content=\"index, follow, max-snippet:-1, max-image-preview:large, max-video-preview:-1\" \/>\n<link rel=\"canonical\" href=\"https:\/\/akunq.net\/turkish\/2014\/01\/18\/muammer-guler-ve-dr-resit-ya-da-erdogan-ve-talat\/\" \/>\n<meta property=\"og:locale\" content=\"en_US\" \/>\n<meta property=\"og:type\" content=\"article\" \/>\n<meta property=\"og:title\" content=\"Muammer G\u00fcler ve Dr. Re\u015fit; ya da Erdo\u011fan ve Talat - Bati Ermenistan Ve Bati Ermenileri Sorunlari Ara\u015ftirmalar Merkezi\" \/>\n<meta property=\"og:description\" content=\"Taner Ak\u00e7am Hrant\u2019\u0131n \u00f6ld\u00fcr\u00fclmesinin \u00fczerinden tam yedi y\u0131l ge\u00e7ti; cinayetin planlay\u0131c\u0131lar\u0131 ger\u00e7ek su\u00e7lular h\u00e2l\u00e2 d\u0131\u015far\u0131da, dava ise s\u00fcr\u00fcyor. Yarg\u0131lamalarda birinci raunt bitti; ikinci raunt ba\u015flad\u0131, tam da Karl Marx\u2019\u0131n me\u015fhur s\u00f6zlerine uygun bir tarzda, ilki bir trajedi idi, ikincisi ise tam bir komedi&#8230; \u00c7o\u011fumuz mutlaka \u015fa\u015f\u0131r\u0131yoruz, ni\u00e7in ger\u00e7ek katiller h\u00e2l\u00e2 saklan\u0131yor; ni\u00e7in bu dava bu [&hellip;]\" \/>\n<meta property=\"og:url\" content=\"https:\/\/akunq.net\/turkish\/2014\/01\/18\/muammer-guler-ve-dr-resit-ya-da-erdogan-ve-talat\/\" \/>\n<meta property=\"og:site_name\" content=\"Bati Ermenistan Ve Bati Ermenileri Sorunlari Ara\u015ftirmalar Merkezi\" \/>\n<meta property=\"article:published_time\" content=\"2014-01-18T08:25:30+00:00\" \/>\n<meta property=\"og:image\" content=\"https:\/\/akunq.net\/turkish\/wp-content\/uploads\/sites\/5\/2014\/01\/Taner-Akcam.jpg\" \/>\n\t<meta property=\"og:image:width\" content=\"225\" \/>\n\t<meta property=\"og:image:height\" content=\"225\" \/>\n\t<meta property=\"og:image:type\" content=\"image\/jpeg\" \/>\n<meta name=\"author\" content=\"kalem\" \/>\n<meta name=\"twitter:card\" content=\"summary_large_image\" \/>\n<meta name=\"twitter:label1\" content=\"Written by\" \/>\n\t<meta name=\"twitter:data1\" content=\"kalem\" \/>\n\t<meta name=\"twitter:label2\" content=\"Est. reading time\" \/>\n\t<meta name=\"twitter:data2\" content=\"10 minutes\" \/>\n<script type=\"application\/ld+json\" class=\"yoast-schema-graph\">{\"@context\":\"https:\\\/\\\/schema.org\",\"@graph\":[{\"@type\":\"Article\",\"@id\":\"https:\\\/\\\/akunq.net\\\/turkish\\\/2014\\\/01\\\/18\\\/muammer-guler-ve-dr-resit-ya-da-erdogan-ve-talat\\\/#article\",\"isPartOf\":{\"@id\":\"https:\\\/\\\/akunq.net\\\/turkish\\\/2014\\\/01\\\/18\\\/muammer-guler-ve-dr-resit-ya-da-erdogan-ve-talat\\\/\"},\"author\":{\"name\":\"kalem\",\"@id\":\"https:\\\/\\\/akunq.net\\\/turkish\\\/#\\\/schema\\\/person\\\/135e7923d1aeb8887890799619969a6c\"},\"headline\":\"Muammer G\u00fcler ve Dr. Re\u015fit; ya da Erdo\u011fan ve Talat\",\"datePublished\":\"2014-01-18T08:25:30+00:00\",\"mainEntityOfPage\":{\"@id\":\"https:\\\/\\\/akunq.net\\\/turkish\\\/2014\\\/01\\\/18\\\/muammer-guler-ve-dr-resit-ya-da-erdogan-ve-talat\\\/\"},\"wordCount\":1963,\"commentCount\":0,\"image\":{\"@id\":\"https:\\\/\\\/akunq.net\\\/turkish\\\/2014\\\/01\\\/18\\\/muammer-guler-ve-dr-resit-ya-da-erdogan-ve-talat\\\/#primaryimage\"},\"thumbnailUrl\":\"http:\\\/\\\/akunq.net\\\/tr\\\/wp-content\\\/uploads\\\/2014\\\/01\\\/Taner-Akcam.jpg\",\"articleSection\":[\"Ermeni Soyk\u0131r\u0131m\u0131\",\"Haberler\",\"Makaleler\"],\"inLanguage\":\"en-US\",\"potentialAction\":[{\"@type\":\"CommentAction\",\"name\":\"Comment\",\"target\":[\"https:\\\/\\\/akunq.net\\\/turkish\\\/2014\\\/01\\\/18\\\/muammer-guler-ve-dr-resit-ya-da-erdogan-ve-talat\\\/#respond\"]}]},{\"@type\":\"WebPage\",\"@id\":\"https:\\\/\\\/akunq.net\\\/turkish\\\/2014\\\/01\\\/18\\\/muammer-guler-ve-dr-resit-ya-da-erdogan-ve-talat\\\/\",\"url\":\"https:\\\/\\\/akunq.net\\\/turkish\\\/2014\\\/01\\\/18\\\/muammer-guler-ve-dr-resit-ya-da-erdogan-ve-talat\\\/\",\"name\":\"Muammer G\u00fcler ve Dr. Re\u015fit; ya da Erdo\u011fan ve Talat - Bati Ermenistan Ve Bati Ermenileri Sorunlari Ara\u015ftirmalar Merkezi\",\"isPartOf\":{\"@id\":\"https:\\\/\\\/akunq.net\\\/turkish\\\/#website\"},\"primaryImageOfPage\":{\"@id\":\"https:\\\/\\\/akunq.net\\\/turkish\\\/2014\\\/01\\\/18\\\/muammer-guler-ve-dr-resit-ya-da-erdogan-ve-talat\\\/#primaryimage\"},\"image\":{\"@id\":\"https:\\\/\\\/akunq.net\\\/turkish\\\/2014\\\/01\\\/18\\\/muammer-guler-ve-dr-resit-ya-da-erdogan-ve-talat\\\/#primaryimage\"},\"thumbnailUrl\":\"http:\\\/\\\/akunq.net\\\/tr\\\/wp-content\\\/uploads\\\/2014\\\/01\\\/Taner-Akcam.jpg\",\"datePublished\":\"2014-01-18T08:25:30+00:00\",\"author\":{\"@id\":\"https:\\\/\\\/akunq.net\\\/turkish\\\/#\\\/schema\\\/person\\\/135e7923d1aeb8887890799619969a6c\"},\"breadcrumb\":{\"@id\":\"https:\\\/\\\/akunq.net\\\/turkish\\\/2014\\\/01\\\/18\\\/muammer-guler-ve-dr-resit-ya-da-erdogan-ve-talat\\\/#breadcrumb\"},\"inLanguage\":\"en-US\",\"potentialAction\":[{\"@type\":\"ReadAction\",\"target\":[\"https:\\\/\\\/akunq.net\\\/turkish\\\/2014\\\/01\\\/18\\\/muammer-guler-ve-dr-resit-ya-da-erdogan-ve-talat\\\/\"]}]},{\"@type\":\"ImageObject\",\"inLanguage\":\"en-US\",\"@id\":\"https:\\\/\\\/akunq.net\\\/turkish\\\/2014\\\/01\\\/18\\\/muammer-guler-ve-dr-resit-ya-da-erdogan-ve-talat\\\/#primaryimage\",\"url\":\"http:\\\/\\\/akunq.net\\\/tr\\\/wp-content\\\/uploads\\\/2014\\\/01\\\/Taner-Akcam.jpg\",\"contentUrl\":\"http:\\\/\\\/akunq.net\\\/tr\\\/wp-content\\\/uploads\\\/2014\\\/01\\\/Taner-Akcam.jpg\"},{\"@type\":\"BreadcrumbList\",\"@id\":\"https:\\\/\\\/akunq.net\\\/turkish\\\/2014\\\/01\\\/18\\\/muammer-guler-ve-dr-resit-ya-da-erdogan-ve-talat\\\/#breadcrumb\",\"itemListElement\":[{\"@type\":\"ListItem\",\"position\":1,\"name\":\"Home\",\"item\":\"https:\\\/\\\/akunq.net\\\/turkish\\\/\"},{\"@type\":\"ListItem\",\"position\":2,\"name\":\"Muammer G\u00fcler ve Dr. Re\u015fit; ya da Erdo\u011fan ve Talat\"}]},{\"@type\":\"WebSite\",\"@id\":\"https:\\\/\\\/akunq.net\\\/turkish\\\/#website\",\"url\":\"https:\\\/\\\/akunq.net\\\/turkish\\\/\",\"name\":\"Bati Ermenistan Ve Bati Ermenileri Sorunlari Ara\u015ftirmalar Merkezi\",\"description\":\"\",\"potentialAction\":[{\"@type\":\"SearchAction\",\"target\":{\"@type\":\"EntryPoint\",\"urlTemplate\":\"https:\\\/\\\/akunq.net\\\/turkish\\\/?s={search_term_string}\"},\"query-input\":{\"@type\":\"PropertyValueSpecification\",\"valueRequired\":true,\"valueName\":\"search_term_string\"}}],\"inLanguage\":\"en-US\"},{\"@type\":\"Person\",\"@id\":\"https:\\\/\\\/akunq.net\\\/turkish\\\/#\\\/schema\\\/person\\\/135e7923d1aeb8887890799619969a6c\",\"name\":\"kalem\",\"image\":{\"@type\":\"ImageObject\",\"inLanguage\":\"en-US\",\"@id\":\"https:\\\/\\\/secure.gravatar.com\\\/avatar\\\/a06875e4b25feb5674296adf8e8a7ae1e587cebce2493fe63c456109967e27d3?s=96&d=mm&r=g\",\"url\":\"https:\\\/\\\/secure.gravatar.com\\\/avatar\\\/a06875e4b25feb5674296adf8e8a7ae1e587cebce2493fe63c456109967e27d3?s=96&d=mm&r=g\",\"contentUrl\":\"https:\\\/\\\/secure.gravatar.com\\\/avatar\\\/a06875e4b25feb5674296adf8e8a7ae1e587cebce2493fe63c456109967e27d3?s=96&d=mm&r=g\",\"caption\":\"kalem\"},\"url\":\"https:\\\/\\\/akunq.net\\\/turkish\\\/author\\\/kalem\\\/\"}]}<\/script>\n<!-- \/ Yoast SEO plugin. -->","yoast_head_json":{"title":"Muammer G\u00fcler ve Dr. Re\u015fit; ya da Erdo\u011fan ve Talat - Bati Ermenistan Ve Bati Ermenileri Sorunlari Ara\u015ftirmalar Merkezi","robots":{"index":"index","follow":"follow","max-snippet":"max-snippet:-1","max-image-preview":"max-image-preview:large","max-video-preview":"max-video-preview:-1"},"canonical":"https:\/\/akunq.net\/turkish\/2014\/01\/18\/muammer-guler-ve-dr-resit-ya-da-erdogan-ve-talat\/","og_locale":"en_US","og_type":"article","og_title":"Muammer G\u00fcler ve Dr. Re\u015fit; ya da Erdo\u011fan ve Talat - Bati Ermenistan Ve Bati Ermenileri Sorunlari Ara\u015ftirmalar Merkezi","og_description":"Taner Ak\u00e7am Hrant\u2019\u0131n \u00f6ld\u00fcr\u00fclmesinin \u00fczerinden tam yedi y\u0131l ge\u00e7ti; cinayetin planlay\u0131c\u0131lar\u0131 ger\u00e7ek su\u00e7lular h\u00e2l\u00e2 d\u0131\u015far\u0131da, dava ise s\u00fcr\u00fcyor. Yarg\u0131lamalarda birinci raunt bitti; ikinci raunt ba\u015flad\u0131, tam da Karl Marx\u2019\u0131n me\u015fhur s\u00f6zlerine uygun bir tarzda, ilki bir trajedi idi, ikincisi ise tam bir komedi&#8230; \u00c7o\u011fumuz mutlaka \u015fa\u015f\u0131r\u0131yoruz, ni\u00e7in ger\u00e7ek katiller h\u00e2l\u00e2 saklan\u0131yor; ni\u00e7in bu dava bu [&hellip;]","og_url":"https:\/\/akunq.net\/turkish\/2014\/01\/18\/muammer-guler-ve-dr-resit-ya-da-erdogan-ve-talat\/","og_site_name":"Bati Ermenistan Ve Bati Ermenileri Sorunlari Ara\u015ftirmalar Merkezi","article_published_time":"2014-01-18T08:25:30+00:00","og_image":[{"width":225,"height":225,"url":"https:\/\/akunq.net\/turkish\/wp-content\/uploads\/sites\/5\/2014\/01\/Taner-Akcam.jpg","type":"image\/jpeg"}],"author":"kalem","twitter_card":"summary_large_image","twitter_misc":{"Written by":"kalem","Est. reading time":"10 minutes"},"schema":{"@context":"https:\/\/schema.org","@graph":[{"@type":"Article","@id":"https:\/\/akunq.net\/turkish\/2014\/01\/18\/muammer-guler-ve-dr-resit-ya-da-erdogan-ve-talat\/#article","isPartOf":{"@id":"https:\/\/akunq.net\/turkish\/2014\/01\/18\/muammer-guler-ve-dr-resit-ya-da-erdogan-ve-talat\/"},"author":{"name":"kalem","@id":"https:\/\/akunq.net\/turkish\/#\/schema\/person\/135e7923d1aeb8887890799619969a6c"},"headline":"Muammer G\u00fcler ve Dr. Re\u015fit; ya da Erdo\u011fan ve Talat","datePublished":"2014-01-18T08:25:30+00:00","mainEntityOfPage":{"@id":"https:\/\/akunq.net\/turkish\/2014\/01\/18\/muammer-guler-ve-dr-resit-ya-da-erdogan-ve-talat\/"},"wordCount":1963,"commentCount":0,"image":{"@id":"https:\/\/akunq.net\/turkish\/2014\/01\/18\/muammer-guler-ve-dr-resit-ya-da-erdogan-ve-talat\/#primaryimage"},"thumbnailUrl":"http:\/\/akunq.net\/tr\/wp-content\/uploads\/2014\/01\/Taner-Akcam.jpg","articleSection":["Ermeni Soyk\u0131r\u0131m\u0131","Haberler","Makaleler"],"inLanguage":"en-US","potentialAction":[{"@type":"CommentAction","name":"Comment","target":["https:\/\/akunq.net\/turkish\/2014\/01\/18\/muammer-guler-ve-dr-resit-ya-da-erdogan-ve-talat\/#respond"]}]},{"@type":"WebPage","@id":"https:\/\/akunq.net\/turkish\/2014\/01\/18\/muammer-guler-ve-dr-resit-ya-da-erdogan-ve-talat\/","url":"https:\/\/akunq.net\/turkish\/2014\/01\/18\/muammer-guler-ve-dr-resit-ya-da-erdogan-ve-talat\/","name":"Muammer G\u00fcler ve Dr. Re\u015fit; ya da Erdo\u011fan ve Talat - Bati Ermenistan Ve Bati Ermenileri Sorunlari Ara\u015ftirmalar Merkezi","isPartOf":{"@id":"https:\/\/akunq.net\/turkish\/#website"},"primaryImageOfPage":{"@id":"https:\/\/akunq.net\/turkish\/2014\/01\/18\/muammer-guler-ve-dr-resit-ya-da-erdogan-ve-talat\/#primaryimage"},"image":{"@id":"https:\/\/akunq.net\/turkish\/2014\/01\/18\/muammer-guler-ve-dr-resit-ya-da-erdogan-ve-talat\/#primaryimage"},"thumbnailUrl":"http:\/\/akunq.net\/tr\/wp-content\/uploads\/2014\/01\/Taner-Akcam.jpg","datePublished":"2014-01-18T08:25:30+00:00","author":{"@id":"https:\/\/akunq.net\/turkish\/#\/schema\/person\/135e7923d1aeb8887890799619969a6c"},"breadcrumb":{"@id":"https:\/\/akunq.net\/turkish\/2014\/01\/18\/muammer-guler-ve-dr-resit-ya-da-erdogan-ve-talat\/#breadcrumb"},"inLanguage":"en-US","potentialAction":[{"@type":"ReadAction","target":["https:\/\/akunq.net\/turkish\/2014\/01\/18\/muammer-guler-ve-dr-resit-ya-da-erdogan-ve-talat\/"]}]},{"@type":"ImageObject","inLanguage":"en-US","@id":"https:\/\/akunq.net\/turkish\/2014\/01\/18\/muammer-guler-ve-dr-resit-ya-da-erdogan-ve-talat\/#primaryimage","url":"http:\/\/akunq.net\/tr\/wp-content\/uploads\/2014\/01\/Taner-Akcam.jpg","contentUrl":"http:\/\/akunq.net\/tr\/wp-content\/uploads\/2014\/01\/Taner-Akcam.jpg"},{"@type":"BreadcrumbList","@id":"https:\/\/akunq.net\/turkish\/2014\/01\/18\/muammer-guler-ve-dr-resit-ya-da-erdogan-ve-talat\/#breadcrumb","itemListElement":[{"@type":"ListItem","position":1,"name":"Home","item":"https:\/\/akunq.net\/turkish\/"},{"@type":"ListItem","position":2,"name":"Muammer G\u00fcler ve Dr. Re\u015fit; ya da Erdo\u011fan ve Talat"}]},{"@type":"WebSite","@id":"https:\/\/akunq.net\/turkish\/#website","url":"https:\/\/akunq.net\/turkish\/","name":"Bati Ermenistan Ve Bati Ermenileri Sorunlari Ara\u015ftirmalar Merkezi","description":"","potentialAction":[{"@type":"SearchAction","target":{"@type":"EntryPoint","urlTemplate":"https:\/\/akunq.net\/turkish\/?s={search_term_string}"},"query-input":{"@type":"PropertyValueSpecification","valueRequired":true,"valueName":"search_term_string"}}],"inLanguage":"en-US"},{"@type":"Person","@id":"https:\/\/akunq.net\/turkish\/#\/schema\/person\/135e7923d1aeb8887890799619969a6c","name":"kalem","image":{"@type":"ImageObject","inLanguage":"en-US","@id":"https:\/\/secure.gravatar.com\/avatar\/a06875e4b25feb5674296adf8e8a7ae1e587cebce2493fe63c456109967e27d3?s=96&d=mm&r=g","url":"https:\/\/secure.gravatar.com\/avatar\/a06875e4b25feb5674296adf8e8a7ae1e587cebce2493fe63c456109967e27d3?s=96&d=mm&r=g","contentUrl":"https:\/\/secure.gravatar.com\/avatar\/a06875e4b25feb5674296adf8e8a7ae1e587cebce2493fe63c456109967e27d3?s=96&d=mm&r=g","caption":"kalem"},"url":"https:\/\/akunq.net\/turkish\/author\/kalem\/"}]}},"_links":{"self":[{"href":"https:\/\/akunq.net\/turkish\/wp-json\/wp\/v2\/posts\/27982","targetHints":{"allow":["GET"]}}],"collection":[{"href":"https:\/\/akunq.net\/turkish\/wp-json\/wp\/v2\/posts"}],"about":[{"href":"https:\/\/akunq.net\/turkish\/wp-json\/wp\/v2\/types\/post"}],"author":[{"embeddable":true,"href":"https:\/\/akunq.net\/turkish\/wp-json\/wp\/v2\/users\/3"}],"replies":[{"embeddable":true,"href":"https:\/\/akunq.net\/turkish\/wp-json\/wp\/v2\/comments?post=27982"}],"version-history":[{"count":0,"href":"https:\/\/akunq.net\/turkish\/wp-json\/wp\/v2\/posts\/27982\/revisions"}],"wp:attachment":[{"href":"https:\/\/akunq.net\/turkish\/wp-json\/wp\/v2\/media?parent=27982"}],"wp:term":[{"taxonomy":"category","embeddable":true,"href":"https:\/\/akunq.net\/turkish\/wp-json\/wp\/v2\/categories?post=27982"},{"taxonomy":"post_tag","embeddable":true,"href":"https:\/\/akunq.net\/turkish\/wp-json\/wp\/v2\/tags?post=27982"}],"curies":[{"name":"wp","href":"https:\/\/api.w.org\/{rel}","templated":true}]}}