{"id":27925,"date":"2014-01-16T04:37:33","date_gmt":"2014-01-16T09:37:33","guid":{"rendered":"http:\/\/akunq.net\/tr\/?p=27925"},"modified":"2014-01-16T04:37:33","modified_gmt":"2014-01-16T09:37:33","slug":"bese-hozatin-aciklamasiyla-ilgili","status":"publish","type":"post","link":"https:\/\/akunq.net\/turkish\/2014\/01\/16\/bese-hozatin-aciklamasiyla-ilgili\/","title":{"rendered":"Bese Hozat\u2019\u0131n a\u00e7\u0131klamas\u0131yla ilgili"},"content":{"rendered":"<p><b><img decoding=\"async\" class=\"alignright\" alt=\"Diran Lokmagozyan\" src=\"http:\/\/akunq.net\/am\/wp-content\/uploads\/2013\/04\/Diran-Lokmagozyan.bmp\" \/>Diran Lokmag\u00f6zyan<\/b><\/p>\n<p style=\"text-align: justify\">PKK lideri Abdullah \u00d6calan\u2019\u0131n, T\u00fcrk devletiyle yapm\u0131\u015f oldu\u011fu g\u00f6r\u00fc\u015fmeler ile bu g\u00f6r\u00fc\u015fmelerin nihayetinde elde edilmi\u015f olan mutabakat\u0131n bas\u0131na s\u0131zan ve i\u00e7inde Ermenilere y\u00f6nelik \u201cdevlet a\u011f\u0131zl\u0131\u201d iftira ile k\u0131\u015fk\u0131rtmalar\u0131n da bulundu\u011fu s\u00f6zlerinin ge\u00e7enlerde, KCK e\u015f ba\u015fkan\u0131 Bese Hozat taraf\u0131ndan resmi bir \u015fekilde bir defa daha dillendirilmesi, Ermeniler aras\u0131nda hakl\u0131 bir infial uyand\u0131rm\u0131\u015ft\u0131r.<\/p>\n<p style=\"text-align: justify\">Bir zamanlar devletin i\u015fbirlik\u00e7ili\u011fine soyunup, y\u00fczy\u0131llar boyu faydalanm\u0131\u015f olduklar\u0131 kom\u015fular\u0131n\u0131 katlederek topraklar\u0131na, mallar\u0131na ve hatta k\u0131zlar\u0131na-\u00e7ocuklar\u0131na el koymakta bir beis g\u00f6rmeyen K\u00fcrt a\u015firetleri, 1915 sonras\u0131nda devletin \u0131rk\u00e7\u0131 darbelerinin kendilerine y\u00f6nelmesi \u00fczerine uzun s\u00fcredir ki Ermenilerle dost g\u00f6z\u00fck\u00fcp karde\u015fliklerini ilan etmekteydi.<\/p>\n<p style=\"text-align: justify\">Ermeni halk\u0131 ise her zamanki safl\u0131\u011f\u0131 ve h\u00fcsn\u00fcniyetiyle, daha d\u00fcn kendisine her t\u00fcrl\u00fc canavarl\u0131\u011f\u0131 reva g\u00f6rm\u00fc\u015f olan eski kom\u015fular\u0131na tekrar inan\u0131p ge\u00e7mi\u015fi unutarak, dostluk eli uzatm\u0131\u015ft\u0131r.<\/p>\n<p style=\"text-align: justify\">Lakin \u201cyalanc\u0131n\u0131n mumu yats\u0131ya kadar yanar\u201d deyiminin do\u011frulu\u011fu bir defa daha kan\u0131tlanm\u0131\u015f, eski Soyk\u0131r\u0131m i\u015fbirlik\u00e7isi as\u0131l y\u00fcz\u00fcn\u00fc tekrar g\u00f6sterip i\u015fkence edilen, katledilen ve bask\u0131 g\u00f6ren kendi gen\u00e7lerinin cesetleri \u00fczerinden halk\u0131n\u0131n katiliyle anla\u015farak, as\u0131l y\u00fcz\u00fcn\u00fc tekrar g\u00f6stermi\u015ftir.<\/p>\n<p style=\"text-align: justify\">K\u00fcrt halk\u0131 aras\u0131nda tabii ki ge\u00e7mi\u015fte atalar\u0131n\u0131n yapt\u0131\u011f\u0131n\u0131 tasvip etmeyen, yap\u0131lanlardan utan\u00e7 duyan, kendisini soyk\u0131r\u0131mc\u0131 atalar\u0131ndan net bir \u015fekilde soyutlayan \u015fah\u0131slar az de\u011fildir, fakat yukar\u0131da belirtilen a\u00e7\u0131klamalar\u0131n sahiplerinin, K\u00fcrt halk\u0131n\u0131n g\u00fcn\u00fcm\u00fczdeki liderleri oldu\u011funu g\u00f6z \u00f6n\u00fcnde bulundurmak gerekir. Bunlar\u0131 bireysel d\u00fc\u015f\u00fcnceler ve a\u00e7\u0131klamalar olarak kabul etmek m\u00fcmk\u00fcn de\u011fildir. Bir devlet y\u00f6neticisinin s\u00f6zlerinin t\u00fcm milleti kapsad\u0131\u011f\u0131 gibi, bir halk\u0131n y\u00f6neticisinin s\u00f6zleri, d\u00fc\u015f\u00fcnceleri, planlar\u0131 da t\u00fcm halk\u0131n\u0131 kapsamaktad\u0131r. Bu durumda, bu yakla\u015f\u0131mlar\u0131 tasvip etmeyen her \u015fah\u0131s, kendisini net bir \u015fekilde bu siyasetten soyutlayabilmelidir.<\/p>\n<p style=\"text-align: justify\">Lakin bug\u00fcn, bireysel ve \u00e7ok az say\u0131da kar\u015f\u0131 \u00e7\u0131k\u0131\u015flar\u0131n haricinde genel bir sessiz mutabakat g\u00f6zlenmektedir. Dahas\u0131, bu a\u00e7\u0131klamalara tepki g\u00f6steren Ermeniler farkl\u0131 su\u00e7lamalarla kar\u015f\u0131 kar\u015f\u0131ya kalmaktad\u0131r. K\u00fcrt \u00e7evrelerin m\u00fcmk\u00fcn ve gayrim\u00fcmk\u00fcn her \u015fekilde liderlerinin bu yakla\u015f\u0131m\u0131 ile s\u00f6zlerini savunmaya \u00e7al\u0131\u015f\u0131rken, bu s\u00f6zlerden dolay\u0131 hi\u00e7bir pi\u015fmanl\u0131k g\u00f6stermemesini, kendilerinin de bu zihniyetin arkas\u0131nda durduklar\u0131n\u0131n teyidi olarak kabul etmek gerekir. Bu arada, K\u00fcrt ayd\u0131nlar\u0131ndan hemen hi\u00e7 kimsenin bu s\u00f6zleri tenkit etmemi\u015f olmas\u0131 da son derece manidar olup, genel bir mutabakat\u0131n var oldu\u011funu kan\u0131tlamaktad\u0131r.<\/p>\n<p style=\"text-align: justify\">Bug\u00fcn aniden, bir dizi soru belirmi\u015f durumdad\u0131r.<\/p>\n<p style=\"text-align: justify\">K\u00fcrt halk\u0131\u2026<\/p>\n<ol style=\"text-align: justify\">\n<li>\u201cK\u0131z\u0131l Sultan\u201d II. Abd\u00fclhamit taraf\u0131ndan kurulup Osmanl\u0131 devletinin insanl\u0131k d\u0131\u015f\u0131 siyasetinin bir ma\u015fas\u0131 olarak kendisini kulland\u0131ran fa\u015fist Hamidiye Alaylar\u0131 ve bu alaylarda g\u00f6rev yapan atalar\u0131n\u0131, Osmanl\u0131 devletinin talimatlar\u0131 do\u011frultusunda bilfiil Ermeni Soyk\u0131r\u0131m\u0131\u2019n\u0131 ger\u00e7ekle\u015ftiren K\u00fcrt a\u015firetleri ile onlar\u0131n liderlerini Ermeni halk\u0131na y\u00f6nelik ger\u00e7ekle\u015ftirmi\u015f olduklar\u0131 Soyk\u0131r\u0131m, ya\u011fma, soygun, tecav\u00fcz ve benzeri su\u00e7lardan dolay\u0131 k\u0131namakta m\u0131d\u0131r?<\/li>\n<li>Osmanl\u0131 haritalar\u0131nda dahi \u201cErmenistan\u201d olarak g\u00f6sterilen 6 Ermeni Vilayetleri\u2019ni, o topraklar\u0131n kadim halk\u0131 olan Ermenilerin vatan\u0131 olarak kabul etmekte midir?<\/li>\n<li>Atalar\u0131n\u0131n, Ermeni Soyk\u0131r\u0131m\u0131\u2019nda devletin i\u015fbirlik\u00e7isi ve su\u00e7 orta\u011f\u0131 olup, Ermeni Soyk\u0131r\u0131m\u0131\u2019n\u0131n ta\u015feronu olarak kullan\u0131lm\u0131\u015f oldu\u011funu kabul etmekte midir?<\/li>\n<li>Kendi atalar\u0131 taraf\u0131ndan Ermenilerin elinden al\u0131nan topraklar\u0131n, mal ve m\u00fclk\u00fcn ger\u00e7ek sahiplerinin Ermeniler oldu\u011funu ve oraya d\u00f6nme haklar\u0131n\u0131n bulundu\u011funu kabul etmekte midir?<\/li>\n<li>Ermenilerin vatan\u0131n\u0131n Ermenilere geri verilmesinin, bu halka yap\u0131lacak en ufak bir pi\u015fmanl\u0131k ni\u015fanesi olaca\u011f\u0131n\u0131 kabul etmekte midir?<\/li>\n<\/ol>\n<p style=\"text-align: justify\">Ancak t\u00fcm bunlar\u0131n cevab\u0131 net bir \u015fekilde verildikten, duru\u015flar kesinle\u015ftikten sonra Ermeni milleti, K\u00fcrt halk\u0131na ve liderlerine g\u00fcven duyabilecektir.<\/p>\n<p style=\"text-align: justify\">Bug\u00fcn hi\u00e7 kimse demagoji pe\u015fine d\u00fc\u015f\u00fcp bo\u011funtuya getirerek, \u201ckarde\u015fim Hrant\u201d s\u00f6ylemiyle i\u015flerini y\u00fcr\u00fctmeye kalkmas\u0131n. K\u00fcrt halk\u0131n\u0131n, \u201cDemokrasi\u201d konferanslar\u0131nda \u201cbirlikte kan d\u00f6kt\u00fck\u201d edebiyat\u0131yla yalakal\u0131k yapmaya kalkan temsilcilerine \u201cKimin kan\u0131n\u0131 d\u00f6kt\u00fcn\u00fcz? D\u00f6kt\u00fc\u011f\u00fcn\u00fcz kanlar \u00fczerinden mi bug\u00fcn T\u00fcrkiye\u2019ye demokrasi getirmek istiyorsunuz?\u201d,- diye \u00f6fkesini bildiren ki\u015fi Hrant\u2019\u0131n ta kendisiydi.<\/p>\n<p style=\"text-align: justify\">Yukar\u0131daki sorular\u0131n cevab\u0131n\u0131 beklemek Ermeni milletinin hakk\u0131 olup, bu cevaplar\u0131 alana kadar \u201cdostluk, karde\u015flik\u201d s\u00f6ylemlerini de rafa kald\u0131rma hakk\u0131na sahiptir, \u00e7\u00fcnk\u00fc art\u0131k takke d\u00fc\u015fm\u00fc\u015f ve kel g\u00f6z\u00fckm\u00fc\u015ft\u00fcr.<\/p>\n<p style=\"text-align: justify\"><i>Not:<\/i> Bese Hozat gibi, Ermeniler taraf\u0131ndan ger\u00e7ek bir karde\u015f bilinen Dersim orijinli (ad\u0131ndan anla\u015f\u0131laca\u011f\u0131 \u00fczerine) bir ki\u015finin a\u011fz\u0131ndan bu s\u00f6zleri duymak ise, Dersimlilerle ger\u00e7ek bir karde\u015flik ya\u015fam\u0131\u015f ve birlikte katliamlara maruz kalm\u0131\u015f olan Ermeni halk\u0131 \u00fczerinde bir art\u0131 ac\u0131 etkisi yapmaktad\u0131r. Kim bilir, belki bu durum da, \u00f6zel olarak d\u00fc\u015f\u00fcn\u00fclm\u00fc\u015f bir siyasettir.<\/p>\n<p style=\"text-align: justify\"><b><i>Akunq.net<\/i><\/b><\/p>\n","protected":false},"excerpt":{"rendered":"<p>Diran Lokmag\u00f6zyan PKK lideri Abdullah \u00d6calan\u2019\u0131n, T\u00fcrk devletiyle yapm\u0131\u015f oldu\u011fu g\u00f6r\u00fc\u015fmeler ile bu g\u00f6r\u00fc\u015fmelerin nihayetinde elde edilmi\u015f olan mutabakat\u0131n bas\u0131na s\u0131zan ve i\u00e7inde Ermenilere y\u00f6nelik \u201cdevlet a\u011f\u0131zl\u0131\u201d iftira ile k\u0131\u015fk\u0131rtmalar\u0131n da bulundu\u011fu s\u00f6zlerinin ge\u00e7enlerde, KCK e\u015f ba\u015fkan\u0131 Bese Hozat taraf\u0131ndan resmi bir \u015fekilde bir defa daha dillendirilmesi, Ermeniler aras\u0131nda hakl\u0131 bir infial uyand\u0131rm\u0131\u015ft\u0131r. Bir zamanlar [&hellip;]<\/p>\n","protected":false},"author":3,"featured_media":0,"comment_status":"open","ping_status":"open","sticky":false,"template":"","format":"standard","meta":{"footnotes":""},"categories":[6,14,26,42],"tags":[],"class_list":["post-27925","post","type-post","status-publish","format-standard","hentry","category-ermeni-soykirimi","category-haberler","category-makaleler","category-turkiyede-azinliklar"],"yoast_head":"<!-- This site is optimized with the Yoast SEO plugin v27.4 - https:\/\/yoast.com\/product\/yoast-seo-wordpress\/ -->\n<title>Bese Hozat\u2019\u0131n a\u00e7\u0131klamas\u0131yla ilgili - Bati Ermenistan Ve Bati Ermenileri Sorunlari Ara\u015ftirmalar Merkezi<\/title>\n<meta name=\"robots\" content=\"index, follow, max-snippet:-1, max-image-preview:large, max-video-preview:-1\" \/>\n<link rel=\"canonical\" href=\"https:\/\/akunq.net\/turkish\/2014\/01\/16\/bese-hozatin-aciklamasiyla-ilgili\/\" \/>\n<meta property=\"og:locale\" content=\"en_US\" \/>\n<meta property=\"og:type\" content=\"article\" \/>\n<meta property=\"og:title\" content=\"Bese Hozat\u2019\u0131n a\u00e7\u0131klamas\u0131yla ilgili - Bati Ermenistan Ve Bati Ermenileri Sorunlari Ara\u015ftirmalar Merkezi\" \/>\n<meta property=\"og:description\" content=\"Diran Lokmag\u00f6zyan PKK lideri Abdullah \u00d6calan\u2019\u0131n, T\u00fcrk devletiyle yapm\u0131\u015f oldu\u011fu g\u00f6r\u00fc\u015fmeler ile bu g\u00f6r\u00fc\u015fmelerin nihayetinde elde edilmi\u015f olan mutabakat\u0131n bas\u0131na s\u0131zan ve i\u00e7inde Ermenilere y\u00f6nelik \u201cdevlet a\u011f\u0131zl\u0131\u201d iftira ile k\u0131\u015fk\u0131rtmalar\u0131n da bulundu\u011fu s\u00f6zlerinin ge\u00e7enlerde, KCK e\u015f ba\u015fkan\u0131 Bese Hozat taraf\u0131ndan resmi bir \u015fekilde bir defa daha dillendirilmesi, Ermeniler aras\u0131nda hakl\u0131 bir infial uyand\u0131rm\u0131\u015ft\u0131r. Bir zamanlar [&hellip;]\" \/>\n<meta property=\"og:url\" content=\"https:\/\/akunq.net\/turkish\/2014\/01\/16\/bese-hozatin-aciklamasiyla-ilgili\/\" \/>\n<meta property=\"og:site_name\" content=\"Bati Ermenistan Ve Bati Ermenileri Sorunlari Ara\u015ftirmalar Merkezi\" \/>\n<meta property=\"article:published_time\" content=\"2014-01-16T09:37:33+00:00\" \/>\n<meta property=\"og:image\" content=\"http:\/\/akunq.net\/am\/wp-content\/uploads\/2013\/04\/Diran-Lokmagozyan.bmp\" \/>\n<meta name=\"author\" content=\"kalem\" \/>\n<meta name=\"twitter:card\" content=\"summary_large_image\" \/>\n<meta name=\"twitter:label1\" content=\"Written by\" \/>\n\t<meta name=\"twitter:data1\" content=\"kalem\" \/>\n\t<meta name=\"twitter:label2\" content=\"Est. reading time\" \/>\n\t<meta name=\"twitter:data2\" content=\"4 minutes\" \/>\n<script type=\"application\/ld+json\" class=\"yoast-schema-graph\">{\"@context\":\"https:\\\/\\\/schema.org\",\"@graph\":[{\"@type\":\"Article\",\"@id\":\"https:\\\/\\\/akunq.net\\\/turkish\\\/2014\\\/01\\\/16\\\/bese-hozatin-aciklamasiyla-ilgili\\\/#article\",\"isPartOf\":{\"@id\":\"https:\\\/\\\/akunq.net\\\/turkish\\\/2014\\\/01\\\/16\\\/bese-hozatin-aciklamasiyla-ilgili\\\/\"},\"author\":{\"name\":\"kalem\",\"@id\":\"https:\\\/\\\/akunq.net\\\/turkish\\\/#\\\/schema\\\/person\\\/135e7923d1aeb8887890799619969a6c\"},\"headline\":\"Bese Hozat\u2019\u0131n a\u00e7\u0131klamas\u0131yla ilgili\",\"datePublished\":\"2014-01-16T09:37:33+00:00\",\"mainEntityOfPage\":{\"@id\":\"https:\\\/\\\/akunq.net\\\/turkish\\\/2014\\\/01\\\/16\\\/bese-hozatin-aciklamasiyla-ilgili\\\/\"},\"wordCount\":901,\"commentCount\":0,\"image\":{\"@id\":\"https:\\\/\\\/akunq.net\\\/turkish\\\/2014\\\/01\\\/16\\\/bese-hozatin-aciklamasiyla-ilgili\\\/#primaryimage\"},\"thumbnailUrl\":\"http:\\\/\\\/akunq.net\\\/am\\\/wp-content\\\/uploads\\\/2013\\\/04\\\/Diran-Lokmagozyan.bmp\",\"articleSection\":[\"Ermeni Soyk\u0131r\u0131m\u0131\",\"Haberler\",\"Makaleler\",\"T\u00fcrkiye\u2019de Az\u0131nl\u0131klar\"],\"inLanguage\":\"en-US\",\"potentialAction\":[{\"@type\":\"CommentAction\",\"name\":\"Comment\",\"target\":[\"https:\\\/\\\/akunq.net\\\/turkish\\\/2014\\\/01\\\/16\\\/bese-hozatin-aciklamasiyla-ilgili\\\/#respond\"]}]},{\"@type\":\"WebPage\",\"@id\":\"https:\\\/\\\/akunq.net\\\/turkish\\\/2014\\\/01\\\/16\\\/bese-hozatin-aciklamasiyla-ilgili\\\/\",\"url\":\"https:\\\/\\\/akunq.net\\\/turkish\\\/2014\\\/01\\\/16\\\/bese-hozatin-aciklamasiyla-ilgili\\\/\",\"name\":\"Bese Hozat\u2019\u0131n a\u00e7\u0131klamas\u0131yla ilgili - Bati Ermenistan Ve Bati Ermenileri Sorunlari Ara\u015ftirmalar Merkezi\",\"isPartOf\":{\"@id\":\"https:\\\/\\\/akunq.net\\\/turkish\\\/#website\"},\"primaryImageOfPage\":{\"@id\":\"https:\\\/\\\/akunq.net\\\/turkish\\\/2014\\\/01\\\/16\\\/bese-hozatin-aciklamasiyla-ilgili\\\/#primaryimage\"},\"image\":{\"@id\":\"https:\\\/\\\/akunq.net\\\/turkish\\\/2014\\\/01\\\/16\\\/bese-hozatin-aciklamasiyla-ilgili\\\/#primaryimage\"},\"thumbnailUrl\":\"http:\\\/\\\/akunq.net\\\/am\\\/wp-content\\\/uploads\\\/2013\\\/04\\\/Diran-Lokmagozyan.bmp\",\"datePublished\":\"2014-01-16T09:37:33+00:00\",\"author\":{\"@id\":\"https:\\\/\\\/akunq.net\\\/turkish\\\/#\\\/schema\\\/person\\\/135e7923d1aeb8887890799619969a6c\"},\"breadcrumb\":{\"@id\":\"https:\\\/\\\/akunq.net\\\/turkish\\\/2014\\\/01\\\/16\\\/bese-hozatin-aciklamasiyla-ilgili\\\/#breadcrumb\"},\"inLanguage\":\"en-US\",\"potentialAction\":[{\"@type\":\"ReadAction\",\"target\":[\"https:\\\/\\\/akunq.net\\\/turkish\\\/2014\\\/01\\\/16\\\/bese-hozatin-aciklamasiyla-ilgili\\\/\"]}]},{\"@type\":\"ImageObject\",\"inLanguage\":\"en-US\",\"@id\":\"https:\\\/\\\/akunq.net\\\/turkish\\\/2014\\\/01\\\/16\\\/bese-hozatin-aciklamasiyla-ilgili\\\/#primaryimage\",\"url\":\"http:\\\/\\\/akunq.net\\\/am\\\/wp-content\\\/uploads\\\/2013\\\/04\\\/Diran-Lokmagozyan.bmp\",\"contentUrl\":\"http:\\\/\\\/akunq.net\\\/am\\\/wp-content\\\/uploads\\\/2013\\\/04\\\/Diran-Lokmagozyan.bmp\"},{\"@type\":\"BreadcrumbList\",\"@id\":\"https:\\\/\\\/akunq.net\\\/turkish\\\/2014\\\/01\\\/16\\\/bese-hozatin-aciklamasiyla-ilgili\\\/#breadcrumb\",\"itemListElement\":[{\"@type\":\"ListItem\",\"position\":1,\"name\":\"Home\",\"item\":\"https:\\\/\\\/akunq.net\\\/turkish\\\/\"},{\"@type\":\"ListItem\",\"position\":2,\"name\":\"Bese Hozat\u2019\u0131n a\u00e7\u0131klamas\u0131yla ilgili\"}]},{\"@type\":\"WebSite\",\"@id\":\"https:\\\/\\\/akunq.net\\\/turkish\\\/#website\",\"url\":\"https:\\\/\\\/akunq.net\\\/turkish\\\/\",\"name\":\"Bati Ermenistan Ve Bati Ermenileri Sorunlari Ara\u015ftirmalar Merkezi\",\"description\":\"\",\"potentialAction\":[{\"@type\":\"SearchAction\",\"target\":{\"@type\":\"EntryPoint\",\"urlTemplate\":\"https:\\\/\\\/akunq.net\\\/turkish\\\/?s={search_term_string}\"},\"query-input\":{\"@type\":\"PropertyValueSpecification\",\"valueRequired\":true,\"valueName\":\"search_term_string\"}}],\"inLanguage\":\"en-US\"},{\"@type\":\"Person\",\"@id\":\"https:\\\/\\\/akunq.net\\\/turkish\\\/#\\\/schema\\\/person\\\/135e7923d1aeb8887890799619969a6c\",\"name\":\"kalem\",\"image\":{\"@type\":\"ImageObject\",\"inLanguage\":\"en-US\",\"@id\":\"https:\\\/\\\/secure.gravatar.com\\\/avatar\\\/a06875e4b25feb5674296adf8e8a7ae1e587cebce2493fe63c456109967e27d3?s=96&d=mm&r=g\",\"url\":\"https:\\\/\\\/secure.gravatar.com\\\/avatar\\\/a06875e4b25feb5674296adf8e8a7ae1e587cebce2493fe63c456109967e27d3?s=96&d=mm&r=g\",\"contentUrl\":\"https:\\\/\\\/secure.gravatar.com\\\/avatar\\\/a06875e4b25feb5674296adf8e8a7ae1e587cebce2493fe63c456109967e27d3?s=96&d=mm&r=g\",\"caption\":\"kalem\"},\"url\":\"https:\\\/\\\/akunq.net\\\/turkish\\\/author\\\/kalem\\\/\"}]}<\/script>\n<!-- \/ Yoast SEO plugin. -->","yoast_head_json":{"title":"Bese Hozat\u2019\u0131n a\u00e7\u0131klamas\u0131yla ilgili - Bati Ermenistan Ve Bati Ermenileri Sorunlari Ara\u015ftirmalar Merkezi","robots":{"index":"index","follow":"follow","max-snippet":"max-snippet:-1","max-image-preview":"max-image-preview:large","max-video-preview":"max-video-preview:-1"},"canonical":"https:\/\/akunq.net\/turkish\/2014\/01\/16\/bese-hozatin-aciklamasiyla-ilgili\/","og_locale":"en_US","og_type":"article","og_title":"Bese Hozat\u2019\u0131n a\u00e7\u0131klamas\u0131yla ilgili - Bati Ermenistan Ve Bati Ermenileri Sorunlari Ara\u015ftirmalar Merkezi","og_description":"Diran Lokmag\u00f6zyan PKK lideri Abdullah \u00d6calan\u2019\u0131n, T\u00fcrk devletiyle yapm\u0131\u015f oldu\u011fu g\u00f6r\u00fc\u015fmeler ile bu g\u00f6r\u00fc\u015fmelerin nihayetinde elde edilmi\u015f olan mutabakat\u0131n bas\u0131na s\u0131zan ve i\u00e7inde Ermenilere y\u00f6nelik \u201cdevlet a\u011f\u0131zl\u0131\u201d iftira ile k\u0131\u015fk\u0131rtmalar\u0131n da bulundu\u011fu s\u00f6zlerinin ge\u00e7enlerde, KCK e\u015f ba\u015fkan\u0131 Bese Hozat taraf\u0131ndan resmi bir \u015fekilde bir defa daha dillendirilmesi, Ermeniler aras\u0131nda hakl\u0131 bir infial uyand\u0131rm\u0131\u015ft\u0131r. Bir zamanlar [&hellip;]","og_url":"https:\/\/akunq.net\/turkish\/2014\/01\/16\/bese-hozatin-aciklamasiyla-ilgili\/","og_site_name":"Bati Ermenistan Ve Bati Ermenileri Sorunlari Ara\u015ftirmalar Merkezi","article_published_time":"2014-01-16T09:37:33+00:00","og_image":[{"url":"http:\/\/akunq.net\/am\/wp-content\/uploads\/2013\/04\/Diran-Lokmagozyan.bmp","type":"","width":"","height":""}],"author":"kalem","twitter_card":"summary_large_image","twitter_misc":{"Written by":"kalem","Est. reading time":"4 minutes"},"schema":{"@context":"https:\/\/schema.org","@graph":[{"@type":"Article","@id":"https:\/\/akunq.net\/turkish\/2014\/01\/16\/bese-hozatin-aciklamasiyla-ilgili\/#article","isPartOf":{"@id":"https:\/\/akunq.net\/turkish\/2014\/01\/16\/bese-hozatin-aciklamasiyla-ilgili\/"},"author":{"name":"kalem","@id":"https:\/\/akunq.net\/turkish\/#\/schema\/person\/135e7923d1aeb8887890799619969a6c"},"headline":"Bese Hozat\u2019\u0131n a\u00e7\u0131klamas\u0131yla ilgili","datePublished":"2014-01-16T09:37:33+00:00","mainEntityOfPage":{"@id":"https:\/\/akunq.net\/turkish\/2014\/01\/16\/bese-hozatin-aciklamasiyla-ilgili\/"},"wordCount":901,"commentCount":0,"image":{"@id":"https:\/\/akunq.net\/turkish\/2014\/01\/16\/bese-hozatin-aciklamasiyla-ilgili\/#primaryimage"},"thumbnailUrl":"http:\/\/akunq.net\/am\/wp-content\/uploads\/2013\/04\/Diran-Lokmagozyan.bmp","articleSection":["Ermeni Soyk\u0131r\u0131m\u0131","Haberler","Makaleler","T\u00fcrkiye\u2019de Az\u0131nl\u0131klar"],"inLanguage":"en-US","potentialAction":[{"@type":"CommentAction","name":"Comment","target":["https:\/\/akunq.net\/turkish\/2014\/01\/16\/bese-hozatin-aciklamasiyla-ilgili\/#respond"]}]},{"@type":"WebPage","@id":"https:\/\/akunq.net\/turkish\/2014\/01\/16\/bese-hozatin-aciklamasiyla-ilgili\/","url":"https:\/\/akunq.net\/turkish\/2014\/01\/16\/bese-hozatin-aciklamasiyla-ilgili\/","name":"Bese Hozat\u2019\u0131n a\u00e7\u0131klamas\u0131yla ilgili - Bati Ermenistan Ve Bati Ermenileri Sorunlari Ara\u015ftirmalar Merkezi","isPartOf":{"@id":"https:\/\/akunq.net\/turkish\/#website"},"primaryImageOfPage":{"@id":"https:\/\/akunq.net\/turkish\/2014\/01\/16\/bese-hozatin-aciklamasiyla-ilgili\/#primaryimage"},"image":{"@id":"https:\/\/akunq.net\/turkish\/2014\/01\/16\/bese-hozatin-aciklamasiyla-ilgili\/#primaryimage"},"thumbnailUrl":"http:\/\/akunq.net\/am\/wp-content\/uploads\/2013\/04\/Diran-Lokmagozyan.bmp","datePublished":"2014-01-16T09:37:33+00:00","author":{"@id":"https:\/\/akunq.net\/turkish\/#\/schema\/person\/135e7923d1aeb8887890799619969a6c"},"breadcrumb":{"@id":"https:\/\/akunq.net\/turkish\/2014\/01\/16\/bese-hozatin-aciklamasiyla-ilgili\/#breadcrumb"},"inLanguage":"en-US","potentialAction":[{"@type":"ReadAction","target":["https:\/\/akunq.net\/turkish\/2014\/01\/16\/bese-hozatin-aciklamasiyla-ilgili\/"]}]},{"@type":"ImageObject","inLanguage":"en-US","@id":"https:\/\/akunq.net\/turkish\/2014\/01\/16\/bese-hozatin-aciklamasiyla-ilgili\/#primaryimage","url":"http:\/\/akunq.net\/am\/wp-content\/uploads\/2013\/04\/Diran-Lokmagozyan.bmp","contentUrl":"http:\/\/akunq.net\/am\/wp-content\/uploads\/2013\/04\/Diran-Lokmagozyan.bmp"},{"@type":"BreadcrumbList","@id":"https:\/\/akunq.net\/turkish\/2014\/01\/16\/bese-hozatin-aciklamasiyla-ilgili\/#breadcrumb","itemListElement":[{"@type":"ListItem","position":1,"name":"Home","item":"https:\/\/akunq.net\/turkish\/"},{"@type":"ListItem","position":2,"name":"Bese Hozat\u2019\u0131n a\u00e7\u0131klamas\u0131yla ilgili"}]},{"@type":"WebSite","@id":"https:\/\/akunq.net\/turkish\/#website","url":"https:\/\/akunq.net\/turkish\/","name":"Bati Ermenistan Ve Bati Ermenileri Sorunlari Ara\u015ftirmalar Merkezi","description":"","potentialAction":[{"@type":"SearchAction","target":{"@type":"EntryPoint","urlTemplate":"https:\/\/akunq.net\/turkish\/?s={search_term_string}"},"query-input":{"@type":"PropertyValueSpecification","valueRequired":true,"valueName":"search_term_string"}}],"inLanguage":"en-US"},{"@type":"Person","@id":"https:\/\/akunq.net\/turkish\/#\/schema\/person\/135e7923d1aeb8887890799619969a6c","name":"kalem","image":{"@type":"ImageObject","inLanguage":"en-US","@id":"https:\/\/secure.gravatar.com\/avatar\/a06875e4b25feb5674296adf8e8a7ae1e587cebce2493fe63c456109967e27d3?s=96&d=mm&r=g","url":"https:\/\/secure.gravatar.com\/avatar\/a06875e4b25feb5674296adf8e8a7ae1e587cebce2493fe63c456109967e27d3?s=96&d=mm&r=g","contentUrl":"https:\/\/secure.gravatar.com\/avatar\/a06875e4b25feb5674296adf8e8a7ae1e587cebce2493fe63c456109967e27d3?s=96&d=mm&r=g","caption":"kalem"},"url":"https:\/\/akunq.net\/turkish\/author\/kalem\/"}]}},"_links":{"self":[{"href":"https:\/\/akunq.net\/turkish\/wp-json\/wp\/v2\/posts\/27925","targetHints":{"allow":["GET"]}}],"collection":[{"href":"https:\/\/akunq.net\/turkish\/wp-json\/wp\/v2\/posts"}],"about":[{"href":"https:\/\/akunq.net\/turkish\/wp-json\/wp\/v2\/types\/post"}],"author":[{"embeddable":true,"href":"https:\/\/akunq.net\/turkish\/wp-json\/wp\/v2\/users\/3"}],"replies":[{"embeddable":true,"href":"https:\/\/akunq.net\/turkish\/wp-json\/wp\/v2\/comments?post=27925"}],"version-history":[{"count":0,"href":"https:\/\/akunq.net\/turkish\/wp-json\/wp\/v2\/posts\/27925\/revisions"}],"wp:attachment":[{"href":"https:\/\/akunq.net\/turkish\/wp-json\/wp\/v2\/media?parent=27925"}],"wp:term":[{"taxonomy":"category","embeddable":true,"href":"https:\/\/akunq.net\/turkish\/wp-json\/wp\/v2\/categories?post=27925"},{"taxonomy":"post_tag","embeddable":true,"href":"https:\/\/akunq.net\/turkish\/wp-json\/wp\/v2\/tags?post=27925"}],"curies":[{"name":"wp","href":"https:\/\/api.w.org\/{rel}","templated":true}]}}