{"id":27881,"date":"2014-01-15T02:01:04","date_gmt":"2014-01-15T07:01:04","guid":{"rendered":"http:\/\/akunq.net\/tr\/?p=27881"},"modified":"2014-01-15T02:01:04","modified_gmt":"2014-01-15T07:01:04","slug":"milliyetci-ermeni-lobisi-diyarbakirdaydi","status":"publish","type":"post","link":"https:\/\/akunq.net\/turkish\/2014\/01\/15\/milliyetci-ermeni-lobisi-diyarbakirdaydi\/","title":{"rendered":"\u2018Milliyet\u00e7i Ermeni Lobisi\u2019 Diyarbak\u0131r\u2019dayd\u0131!"},"content":{"rendered":"<p style=\"text-align: justify\"><b><a href=\"http:\/\/akunq.net\/tr\/wp-content\/uploads\/2014\/01\/Ayse-Gunaysu.jpg\"><img loading=\"lazy\" decoding=\"async\" class=\"alignright size-medium wp-image-27882\" alt=\"Ayse Gunaysu\" src=\"http:\/\/akunq.net\/tr\/wp-content\/uploads\/2014\/01\/Ayse-Gunaysu-300x386.jpg\" width=\"300\" height=\"386\" \/><\/a>Ay\u015fe G\u00dcNAYSU<\/b><\/p>\n<p style=\"text-align: justify\">KCK\u2019nin E\u015fba\u015fkan\u0131 Bes\u00ea Hozat, \u201cparalel devletleri\u201d sayarken, Yahudi lobisini, \u201cmilliyet\u00e7i\u201d Ermeni ve Rum lobilerini de saym\u0131\u015f. \u00a0<\/p>\n<p style=\"text-align: justify\">Bu s\u00f6zler \u00fczerine s\u00f6ylenecek \u015fey \u00e7ok. H\u0131ristiyan halklar\u0131 ve Yahudileri d\u00fc\u015fman g\u00f6stermenin T\u00fcrkiye Cumhuriyeti\u2019nin resmi politikas\u0131 oldu\u011fu, K\u00fcrt halk\u0131na kar\u015f\u0131 imha ve ink\u00e2r politikalar\u0131n\u0131n da bu b\u00fct\u00fcn\u00fcn bir par\u00e7as\u0131 oldu\u011fu, bizlerin daha adaletli bir \u00fclke i\u00e7in umut ba\u011flad\u0131\u011f\u0131 K\u00fcrt \u00d6zg\u00fcrl\u00fck Hareketi\u2019nin lider kadrosunun ayn\u0131 s\u00f6ylemi kullanmas\u0131n\u0131n nas\u0131l bir anlam ifade etti\u011fi uzun uzun anlat\u0131labilir. Ama ben sadece, s\u00f6ylenenin ne kadar hayattan kopuk oldu\u011funa ili\u015fkin bir \u00f6rnek vermekle yetinece\u011fim.<\/p>\n<p style=\"text-align: justify\">T\u00fcrkiye kamuoyunun alg\u0131s\u0131nda milliyet\u00e7i Ermeniler e\u015fittir \u201cTa\u015fnak\u201dlard\u0131r. Partinin esas ad\u0131 Ermeni Devrimci Federasyonu (EDF) yani Ta\u015fnaktsutyun\u2019dur. Bu partinin gen\u00e7lik \u00f6rg\u00fct\u00fcn\u00fcn iki temsilcisi Rupen Janbazian ve Sarkis Degirmenjian (soyk\u0131r\u0131m olmasayd\u0131, bu \u00e7ocuklar burada do\u011fsalard\u0131 adlar\u0131n\u0131 Canbazyan ve De\u011firmenciyan diye yazacakt\u0131k), 30 Kas\u0131m 2013\u2019te Diyarbak\u0131r\u2019a gelmi\u015f, BDP\u2019nin Gen\u00e7lik Konferans\u0131\u2019na kat\u0131lm\u0131\u015flar. \u0130\u00e7lerinden Rupen Janbazian, Diyarbak\u0131r\u2019da ya\u015fad\u0131klar\u0131 s\u0131cak kar\u015f\u0131lanmay\u0131, anlay\u0131\u015f ve duygu payla\u015f\u0131m\u0131n\u0131 Ta\u015fnaksutyun\u2019un resmi yay\u0131n organ\u0131 Armenian Weekly\u2019de anlatm\u0131\u015f.<\/p>\n<p style=\"text-align: justify\">Mesela \u015f\u00f6yle \u015feyler demi\u015f: \u201cKonukseverlik binlerce y\u0131ld\u0131r Ermenilerin en de\u011fer verdi\u011fi \u00f6zelliklerden biri olarak bilinir, ama Dikranagerd\u2019deki 6 g\u00fcn boyunca bize ya\u015fat\u0131lan, ne yaz\u0131k ki ne Ermenistan\u2019da, ne de Ermeni Diasporas\u0131nda, en az\u0131ndan bu boyutlarda g\u00f6rmedi\u011fim bir \u015feydi.\u201d \u00a0<\/p>\n<p style=\"text-align: justify\">30 bin ki\u015finin kat\u0131ld\u0131\u011f\u0131 bu toplant\u0131da iki gen\u00e7, atalar\u0131n\u0131n diliyle, Bat\u0131 Ermenicesiyle konu\u015fmu\u015flar ve bak\u0131n insanlar onlar\u0131 nas\u0131l dinlemi\u015f: \u201cK\u00fcrt dinleyicilerin bilmedikleri bir dilde yap\u0131lan konu\u015fmay\u0131 dinlerken s\u0131k\u0131laca\u011f\u0131n\u0131, dikkatinin da\u011f\u0131laca\u011f\u0131n\u0131, sonunda ilgisini t\u00fcmden kaybedece\u011fini d\u00fc\u015f\u00fcn\u00fcrs\u00fcn\u00fcz. Ama o g\u00fcn biz, bunun tam tersine tan\u0131k olduk. Ben atalar\u0131m\u0131n dili olan Bat\u0131 Ermenicesiyle konu\u015furken insanlar dikkatle dinlediler. Sanki s\u00f6yledi\u011fim her \u015feyi anl\u0131yor gibiydiler. Sanki y\u00fcz y\u0131l \u00f6nce bu kentin sokaklar\u0131nda yayg\u0131n bir \u015fekilde konu\u015fulan bu dil onlar i\u00e7in h\u00e2l\u00e2 bir anlam ifade ediyordu.\u201d<\/p>\n<p style=\"text-align: justify\">Ve en \u00f6nemlisi, siyaseten de \u015f\u00f6yle bir duru\u015f dile getirmi\u015f: \u201cOrtado\u011fu bug\u00fcn \u00e7ok \u00f6nemli bir kav\u015fak noktas\u0131nda. De\u011fi\u015fim y\u00f6n\u00fcnde bir bask\u0131 var ve K\u00fcrt halk\u0131 bu potansiyel de\u011fi\u015fimlerin merkezinde yer al\u0131yor. Bu, herkesin kabul etmesi gereken bir ger\u00e7ek. Ermeniler olarak bizim g\u00f6revimiz, nerede ya\u015f\u0131yorsak ya\u015fayal\u0131m K\u00fcrtlerin m\u00fccadelesini ortak \u00e7\u0131kar\u0131m\u0131z olarak g\u00f6rmektir. Evet, baz\u0131lar\u0131, yeni bir uluslararas\u0131 Ermeni-K\u00fcrt ittifak\u0131 i\u00e7in zaman\u0131n \u00e7ok erken oldu\u011funu d\u00fc\u015f\u00fcnebilir, ama kar\u015f\u0131l\u0131kl\u0131 anlay\u0131\u015f ve halklar\u0131m\u0131z\u0131n rasyonel i\u015fbirli\u011finin yollar\u0131n\u0131 arama s\u00fcrecini ba\u015flatmamak hata olur. En az\u0131ndan kar\u015f\u0131l\u0131kl\u0131 sayg\u0131 ve iki halk\u0131n \u00e7\u0131karlar\u0131n\u0131 g\u00f6zetme temelinde birbirimizle konu\u015fmal\u0131, y\u00fcz y\u00fcze gelmeliyiz.\u201d Bu memlekette, ulusalc\u0131lardan, AKP\u2019ye, G\u00fclen Hoca\u2019dan maalesef Bes\u00ea Hozat\u2019a kadar geni\u015f bir yelpazeye yay\u0131lan \u00e7ok b\u00fcy\u00fck bir \u00e7o\u011funlu\u011fun g\u00f6z\u00fcnde Ta\u015fnaktsutyun\u2019dan daha iyi \u201cmilliyet\u00e7i Ermeni lobisi\u201d d\u00fc\u015f\u00fcnemiyorum. Parti d\u00fcnyan\u0131n d\u00f6rt bir yan\u0131nda \u00f6rg\u00fctl\u00fcd\u00fcr ve en g\u00fc\u00e7l\u00fc, yayg\u0131n Ermeni \u00f6rg\u00fct\u00fcd\u00fcr. \u00dcstelik bu Ta\u015fnaktsutyun, \u00e7ok say\u0131da K\u00fcrt a\u015firetinin ve bir\u00e7ok b\u00f6lgede yerel K\u00fcrt halk\u0131n\u0131n soyk\u0131r\u0131ma kat\u0131ld\u0131\u011f\u0131n\u0131, Ermenilerin de\u011firmenlerine, ba\u011flar\u0131na, bah\u00e7elerine, evlerine, k\u0131zlar\u0131na, e\u015flerine el koydu\u011funu bile bile b\u00f6yle bir siyasi duru\u015f benimsemi\u015f durumda. Bes\u00ea Hozat karde\u015fimizin bundan, BDP Gen\u00e7lik Konferans\u0131\u2019na kat\u0131lan iki Ta\u015fnaktsutyun temsilcinin yapt\u0131\u011f\u0131 konu\u015fmadan, Janbazian\u2019\u0131n bu yazd\u0131klar\u0131ndan besbelli haberi olmam\u0131\u015f. Ayn\u0131 \u015fekilde, K\u00fcrt illerini ziyaret eden, incelemelerde bulunan Ermeni tarih\u00e7ilere, yazarlara bir\u00e7ok K\u00fcrd\u00fcn, atalar\u0131n\u0131n Ermeni soyk\u0131r\u0131m\u0131nda do\u011frudan rol almas\u0131ndan duyduklar\u0131 \u00fcz\u00fcnt\u00fcy\u00fc ifade ettiklerini, aile b\u00fcy\u00fcklerinin tan\u0131kl\u0131klar\u0131n\u0131 anlat\u0131p \u00f6z\u00fcr dilediklerini de bilmedi\u011fi anla\u015f\u0131l\u0131yor.<br \/>\nYoksa eminim kendi yata\u011f\u0131nda akmaya devam eden hayattan bu kadar kopuk olmak, halk\u0131n\u0131n bu kadar gerisine d\u00fc\u015fmek istemezdi.\u00a0<\/p>\n<p style=\"text-align: justify\"><b><i>\u00a0http:\/\/www.ozgur-gundem.com\/index.php?haberID=94773&amp;haberBaslik=%E2%80%98Milliyet%C3%A7i%20Ermeni%20Lobisi%E2%80%99%20Diyarbak%C4%B1r%E2%80%99dayd%C4%B1!&amp;action=haber_detay&amp;module=nuce&amp;authorName=Ay%C5%9Fe%20%20G%C3%9CNAYSU&amp;authorID=222<\/i><\/b><\/p>\n","protected":false},"excerpt":{"rendered":"<p>Ay\u015fe G\u00dcNAYSU KCK\u2019nin E\u015fba\u015fkan\u0131 Bes\u00ea Hozat, \u201cparalel devletleri\u201d sayarken, Yahudi lobisini, \u201cmilliyet\u00e7i\u201d Ermeni ve Rum lobilerini de saym\u0131\u015f. \u00a0 Bu s\u00f6zler \u00fczerine s\u00f6ylenecek \u015fey \u00e7ok. H\u0131ristiyan halklar\u0131 ve Yahudileri d\u00fc\u015fman g\u00f6stermenin T\u00fcrkiye Cumhuriyeti\u2019nin resmi politikas\u0131 oldu\u011fu, K\u00fcrt halk\u0131na kar\u015f\u0131 imha ve ink\u00e2r politikalar\u0131n\u0131n da bu b\u00fct\u00fcn\u00fcn bir par\u00e7as\u0131 oldu\u011fu, bizlerin daha adaletli bir \u00fclke i\u00e7in [&hellip;]<\/p>\n","protected":false},"author":3,"featured_media":0,"comment_status":"open","ping_status":"open","sticky":false,"template":"","format":"standard","meta":{"footnotes":""},"categories":[14,26],"tags":[],"class_list":["post-27881","post","type-post","status-publish","format-standard","hentry","category-haberler","category-makaleler"],"yoast_head":"<!-- This site is optimized with the Yoast SEO plugin v27.4 - https:\/\/yoast.com\/product\/yoast-seo-wordpress\/ -->\n<title>\u2018Milliyet\u00e7i Ermeni Lobisi\u2019 Diyarbak\u0131r\u2019dayd\u0131! - Bati Ermenistan Ve Bati Ermenileri Sorunlari Ara\u015ftirmalar Merkezi<\/title>\n<meta name=\"robots\" content=\"index, follow, max-snippet:-1, max-image-preview:large, max-video-preview:-1\" \/>\n<link rel=\"canonical\" href=\"https:\/\/akunq.net\/turkish\/2014\/01\/15\/milliyetci-ermeni-lobisi-diyarbakirdaydi\/\" \/>\n<meta property=\"og:locale\" content=\"en_US\" \/>\n<meta property=\"og:type\" content=\"article\" \/>\n<meta property=\"og:title\" content=\"\u2018Milliyet\u00e7i Ermeni Lobisi\u2019 Diyarbak\u0131r\u2019dayd\u0131! - Bati Ermenistan Ve Bati Ermenileri Sorunlari Ara\u015ftirmalar Merkezi\" \/>\n<meta property=\"og:description\" content=\"Ay\u015fe G\u00dcNAYSU KCK\u2019nin E\u015fba\u015fkan\u0131 Bes\u00ea Hozat, \u201cparalel devletleri\u201d sayarken, Yahudi lobisini, \u201cmilliyet\u00e7i\u201d Ermeni ve Rum lobilerini de saym\u0131\u015f. \u00a0 Bu s\u00f6zler \u00fczerine s\u00f6ylenecek \u015fey \u00e7ok. H\u0131ristiyan halklar\u0131 ve Yahudileri d\u00fc\u015fman g\u00f6stermenin T\u00fcrkiye Cumhuriyeti\u2019nin resmi politikas\u0131 oldu\u011fu, K\u00fcrt halk\u0131na kar\u015f\u0131 imha ve ink\u00e2r politikalar\u0131n\u0131n da bu b\u00fct\u00fcn\u00fcn bir par\u00e7as\u0131 oldu\u011fu, bizlerin daha adaletli bir \u00fclke i\u00e7in [&hellip;]\" \/>\n<meta property=\"og:url\" content=\"https:\/\/akunq.net\/turkish\/2014\/01\/15\/milliyetci-ermeni-lobisi-diyarbakirdaydi\/\" \/>\n<meta property=\"og:site_name\" content=\"Bati Ermenistan Ve Bati Ermenileri Sorunlari Ara\u015ftirmalar Merkezi\" \/>\n<meta property=\"article:published_time\" content=\"2014-01-15T07:01:04+00:00\" \/>\n<meta property=\"og:image\" content=\"https:\/\/akunq.net\/turkish\/wp-content\/uploads\/sites\/5\/2014\/01\/Ayse-Gunaysu.jpg\" \/>\n\t<meta property=\"og:image:width\" content=\"565\" \/>\n\t<meta property=\"og:image:height\" content=\"727\" \/>\n\t<meta property=\"og:image:type\" content=\"image\/jpeg\" \/>\n<meta name=\"author\" content=\"kalem\" \/>\n<meta name=\"twitter:card\" content=\"summary_large_image\" \/>\n<meta name=\"twitter:label1\" content=\"Written by\" \/>\n\t<meta name=\"twitter:data1\" content=\"kalem\" \/>\n\t<meta name=\"twitter:label2\" content=\"Est. reading time\" \/>\n\t<meta name=\"twitter:data2\" content=\"4 minutes\" \/>\n<script type=\"application\/ld+json\" class=\"yoast-schema-graph\">{\"@context\":\"https:\\\/\\\/schema.org\",\"@graph\":[{\"@type\":\"Article\",\"@id\":\"https:\\\/\\\/akunq.net\\\/turkish\\\/2014\\\/01\\\/15\\\/milliyetci-ermeni-lobisi-diyarbakirdaydi\\\/#article\",\"isPartOf\":{\"@id\":\"https:\\\/\\\/akunq.net\\\/turkish\\\/2014\\\/01\\\/15\\\/milliyetci-ermeni-lobisi-diyarbakirdaydi\\\/\"},\"author\":{\"name\":\"kalem\",\"@id\":\"https:\\\/\\\/akunq.net\\\/turkish\\\/#\\\/schema\\\/person\\\/135e7923d1aeb8887890799619969a6c\"},\"headline\":\"\u2018Milliyet\u00e7i Ermeni Lobisi\u2019 Diyarbak\u0131r\u2019dayd\u0131!\",\"datePublished\":\"2014-01-15T07:01:04+00:00\",\"mainEntityOfPage\":{\"@id\":\"https:\\\/\\\/akunq.net\\\/turkish\\\/2014\\\/01\\\/15\\\/milliyetci-ermeni-lobisi-diyarbakirdaydi\\\/\"},\"wordCount\":813,\"commentCount\":0,\"image\":{\"@id\":\"https:\\\/\\\/akunq.net\\\/turkish\\\/2014\\\/01\\\/15\\\/milliyetci-ermeni-lobisi-diyarbakirdaydi\\\/#primaryimage\"},\"thumbnailUrl\":\"http:\\\/\\\/akunq.net\\\/tr\\\/wp-content\\\/uploads\\\/2014\\\/01\\\/Ayse-Gunaysu-300x386.jpg\",\"articleSection\":[\"Haberler\",\"Makaleler\"],\"inLanguage\":\"en-US\",\"potentialAction\":[{\"@type\":\"CommentAction\",\"name\":\"Comment\",\"target\":[\"https:\\\/\\\/akunq.net\\\/turkish\\\/2014\\\/01\\\/15\\\/milliyetci-ermeni-lobisi-diyarbakirdaydi\\\/#respond\"]}]},{\"@type\":\"WebPage\",\"@id\":\"https:\\\/\\\/akunq.net\\\/turkish\\\/2014\\\/01\\\/15\\\/milliyetci-ermeni-lobisi-diyarbakirdaydi\\\/\",\"url\":\"https:\\\/\\\/akunq.net\\\/turkish\\\/2014\\\/01\\\/15\\\/milliyetci-ermeni-lobisi-diyarbakirdaydi\\\/\",\"name\":\"\u2018Milliyet\u00e7i Ermeni Lobisi\u2019 Diyarbak\u0131r\u2019dayd\u0131! - Bati Ermenistan Ve Bati Ermenileri Sorunlari Ara\u015ftirmalar Merkezi\",\"isPartOf\":{\"@id\":\"https:\\\/\\\/akunq.net\\\/turkish\\\/#website\"},\"primaryImageOfPage\":{\"@id\":\"https:\\\/\\\/akunq.net\\\/turkish\\\/2014\\\/01\\\/15\\\/milliyetci-ermeni-lobisi-diyarbakirdaydi\\\/#primaryimage\"},\"image\":{\"@id\":\"https:\\\/\\\/akunq.net\\\/turkish\\\/2014\\\/01\\\/15\\\/milliyetci-ermeni-lobisi-diyarbakirdaydi\\\/#primaryimage\"},\"thumbnailUrl\":\"http:\\\/\\\/akunq.net\\\/tr\\\/wp-content\\\/uploads\\\/2014\\\/01\\\/Ayse-Gunaysu-300x386.jpg\",\"datePublished\":\"2014-01-15T07:01:04+00:00\",\"author\":{\"@id\":\"https:\\\/\\\/akunq.net\\\/turkish\\\/#\\\/schema\\\/person\\\/135e7923d1aeb8887890799619969a6c\"},\"breadcrumb\":{\"@id\":\"https:\\\/\\\/akunq.net\\\/turkish\\\/2014\\\/01\\\/15\\\/milliyetci-ermeni-lobisi-diyarbakirdaydi\\\/#breadcrumb\"},\"inLanguage\":\"en-US\",\"potentialAction\":[{\"@type\":\"ReadAction\",\"target\":[\"https:\\\/\\\/akunq.net\\\/turkish\\\/2014\\\/01\\\/15\\\/milliyetci-ermeni-lobisi-diyarbakirdaydi\\\/\"]}]},{\"@type\":\"ImageObject\",\"inLanguage\":\"en-US\",\"@id\":\"https:\\\/\\\/akunq.net\\\/turkish\\\/2014\\\/01\\\/15\\\/milliyetci-ermeni-lobisi-diyarbakirdaydi\\\/#primaryimage\",\"url\":\"http:\\\/\\\/akunq.net\\\/tr\\\/wp-content\\\/uploads\\\/2014\\\/01\\\/Ayse-Gunaysu-300x386.jpg\",\"contentUrl\":\"http:\\\/\\\/akunq.net\\\/tr\\\/wp-content\\\/uploads\\\/2014\\\/01\\\/Ayse-Gunaysu-300x386.jpg\"},{\"@type\":\"BreadcrumbList\",\"@id\":\"https:\\\/\\\/akunq.net\\\/turkish\\\/2014\\\/01\\\/15\\\/milliyetci-ermeni-lobisi-diyarbakirdaydi\\\/#breadcrumb\",\"itemListElement\":[{\"@type\":\"ListItem\",\"position\":1,\"name\":\"Home\",\"item\":\"https:\\\/\\\/akunq.net\\\/turkish\\\/\"},{\"@type\":\"ListItem\",\"position\":2,\"name\":\"\u2018Milliyet\u00e7i Ermeni Lobisi\u2019 Diyarbak\u0131r\u2019dayd\u0131!\"}]},{\"@type\":\"WebSite\",\"@id\":\"https:\\\/\\\/akunq.net\\\/turkish\\\/#website\",\"url\":\"https:\\\/\\\/akunq.net\\\/turkish\\\/\",\"name\":\"Bati Ermenistan Ve Bati Ermenileri Sorunlari Ara\u015ftirmalar Merkezi\",\"description\":\"\",\"potentialAction\":[{\"@type\":\"SearchAction\",\"target\":{\"@type\":\"EntryPoint\",\"urlTemplate\":\"https:\\\/\\\/akunq.net\\\/turkish\\\/?s={search_term_string}\"},\"query-input\":{\"@type\":\"PropertyValueSpecification\",\"valueRequired\":true,\"valueName\":\"search_term_string\"}}],\"inLanguage\":\"en-US\"},{\"@type\":\"Person\",\"@id\":\"https:\\\/\\\/akunq.net\\\/turkish\\\/#\\\/schema\\\/person\\\/135e7923d1aeb8887890799619969a6c\",\"name\":\"kalem\",\"image\":{\"@type\":\"ImageObject\",\"inLanguage\":\"en-US\",\"@id\":\"https:\\\/\\\/secure.gravatar.com\\\/avatar\\\/a06875e4b25feb5674296adf8e8a7ae1e587cebce2493fe63c456109967e27d3?s=96&d=mm&r=g\",\"url\":\"https:\\\/\\\/secure.gravatar.com\\\/avatar\\\/a06875e4b25feb5674296adf8e8a7ae1e587cebce2493fe63c456109967e27d3?s=96&d=mm&r=g\",\"contentUrl\":\"https:\\\/\\\/secure.gravatar.com\\\/avatar\\\/a06875e4b25feb5674296adf8e8a7ae1e587cebce2493fe63c456109967e27d3?s=96&d=mm&r=g\",\"caption\":\"kalem\"},\"url\":\"https:\\\/\\\/akunq.net\\\/turkish\\\/author\\\/kalem\\\/\"}]}<\/script>\n<!-- \/ Yoast SEO plugin. -->","yoast_head_json":{"title":"\u2018Milliyet\u00e7i Ermeni Lobisi\u2019 Diyarbak\u0131r\u2019dayd\u0131! - Bati Ermenistan Ve Bati Ermenileri Sorunlari Ara\u015ftirmalar Merkezi","robots":{"index":"index","follow":"follow","max-snippet":"max-snippet:-1","max-image-preview":"max-image-preview:large","max-video-preview":"max-video-preview:-1"},"canonical":"https:\/\/akunq.net\/turkish\/2014\/01\/15\/milliyetci-ermeni-lobisi-diyarbakirdaydi\/","og_locale":"en_US","og_type":"article","og_title":"\u2018Milliyet\u00e7i Ermeni Lobisi\u2019 Diyarbak\u0131r\u2019dayd\u0131! - Bati Ermenistan Ve Bati Ermenileri Sorunlari Ara\u015ftirmalar Merkezi","og_description":"Ay\u015fe G\u00dcNAYSU KCK\u2019nin E\u015fba\u015fkan\u0131 Bes\u00ea Hozat, \u201cparalel devletleri\u201d sayarken, Yahudi lobisini, \u201cmilliyet\u00e7i\u201d Ermeni ve Rum lobilerini de saym\u0131\u015f. \u00a0 Bu s\u00f6zler \u00fczerine s\u00f6ylenecek \u015fey \u00e7ok. H\u0131ristiyan halklar\u0131 ve Yahudileri d\u00fc\u015fman g\u00f6stermenin T\u00fcrkiye Cumhuriyeti\u2019nin resmi politikas\u0131 oldu\u011fu, K\u00fcrt halk\u0131na kar\u015f\u0131 imha ve ink\u00e2r politikalar\u0131n\u0131n da bu b\u00fct\u00fcn\u00fcn bir par\u00e7as\u0131 oldu\u011fu, bizlerin daha adaletli bir \u00fclke i\u00e7in [&hellip;]","og_url":"https:\/\/akunq.net\/turkish\/2014\/01\/15\/milliyetci-ermeni-lobisi-diyarbakirdaydi\/","og_site_name":"Bati Ermenistan Ve Bati Ermenileri Sorunlari Ara\u015ftirmalar Merkezi","article_published_time":"2014-01-15T07:01:04+00:00","og_image":[{"width":565,"height":727,"url":"https:\/\/akunq.net\/turkish\/wp-content\/uploads\/sites\/5\/2014\/01\/Ayse-Gunaysu.jpg","type":"image\/jpeg"}],"author":"kalem","twitter_card":"summary_large_image","twitter_misc":{"Written by":"kalem","Est. reading time":"4 minutes"},"schema":{"@context":"https:\/\/schema.org","@graph":[{"@type":"Article","@id":"https:\/\/akunq.net\/turkish\/2014\/01\/15\/milliyetci-ermeni-lobisi-diyarbakirdaydi\/#article","isPartOf":{"@id":"https:\/\/akunq.net\/turkish\/2014\/01\/15\/milliyetci-ermeni-lobisi-diyarbakirdaydi\/"},"author":{"name":"kalem","@id":"https:\/\/akunq.net\/turkish\/#\/schema\/person\/135e7923d1aeb8887890799619969a6c"},"headline":"\u2018Milliyet\u00e7i Ermeni Lobisi\u2019 Diyarbak\u0131r\u2019dayd\u0131!","datePublished":"2014-01-15T07:01:04+00:00","mainEntityOfPage":{"@id":"https:\/\/akunq.net\/turkish\/2014\/01\/15\/milliyetci-ermeni-lobisi-diyarbakirdaydi\/"},"wordCount":813,"commentCount":0,"image":{"@id":"https:\/\/akunq.net\/turkish\/2014\/01\/15\/milliyetci-ermeni-lobisi-diyarbakirdaydi\/#primaryimage"},"thumbnailUrl":"http:\/\/akunq.net\/tr\/wp-content\/uploads\/2014\/01\/Ayse-Gunaysu-300x386.jpg","articleSection":["Haberler","Makaleler"],"inLanguage":"en-US","potentialAction":[{"@type":"CommentAction","name":"Comment","target":["https:\/\/akunq.net\/turkish\/2014\/01\/15\/milliyetci-ermeni-lobisi-diyarbakirdaydi\/#respond"]}]},{"@type":"WebPage","@id":"https:\/\/akunq.net\/turkish\/2014\/01\/15\/milliyetci-ermeni-lobisi-diyarbakirdaydi\/","url":"https:\/\/akunq.net\/turkish\/2014\/01\/15\/milliyetci-ermeni-lobisi-diyarbakirdaydi\/","name":"\u2018Milliyet\u00e7i Ermeni Lobisi\u2019 Diyarbak\u0131r\u2019dayd\u0131! - Bati Ermenistan Ve Bati Ermenileri Sorunlari Ara\u015ftirmalar Merkezi","isPartOf":{"@id":"https:\/\/akunq.net\/turkish\/#website"},"primaryImageOfPage":{"@id":"https:\/\/akunq.net\/turkish\/2014\/01\/15\/milliyetci-ermeni-lobisi-diyarbakirdaydi\/#primaryimage"},"image":{"@id":"https:\/\/akunq.net\/turkish\/2014\/01\/15\/milliyetci-ermeni-lobisi-diyarbakirdaydi\/#primaryimage"},"thumbnailUrl":"http:\/\/akunq.net\/tr\/wp-content\/uploads\/2014\/01\/Ayse-Gunaysu-300x386.jpg","datePublished":"2014-01-15T07:01:04+00:00","author":{"@id":"https:\/\/akunq.net\/turkish\/#\/schema\/person\/135e7923d1aeb8887890799619969a6c"},"breadcrumb":{"@id":"https:\/\/akunq.net\/turkish\/2014\/01\/15\/milliyetci-ermeni-lobisi-diyarbakirdaydi\/#breadcrumb"},"inLanguage":"en-US","potentialAction":[{"@type":"ReadAction","target":["https:\/\/akunq.net\/turkish\/2014\/01\/15\/milliyetci-ermeni-lobisi-diyarbakirdaydi\/"]}]},{"@type":"ImageObject","inLanguage":"en-US","@id":"https:\/\/akunq.net\/turkish\/2014\/01\/15\/milliyetci-ermeni-lobisi-diyarbakirdaydi\/#primaryimage","url":"http:\/\/akunq.net\/tr\/wp-content\/uploads\/2014\/01\/Ayse-Gunaysu-300x386.jpg","contentUrl":"http:\/\/akunq.net\/tr\/wp-content\/uploads\/2014\/01\/Ayse-Gunaysu-300x386.jpg"},{"@type":"BreadcrumbList","@id":"https:\/\/akunq.net\/turkish\/2014\/01\/15\/milliyetci-ermeni-lobisi-diyarbakirdaydi\/#breadcrumb","itemListElement":[{"@type":"ListItem","position":1,"name":"Home","item":"https:\/\/akunq.net\/turkish\/"},{"@type":"ListItem","position":2,"name":"\u2018Milliyet\u00e7i Ermeni Lobisi\u2019 Diyarbak\u0131r\u2019dayd\u0131!"}]},{"@type":"WebSite","@id":"https:\/\/akunq.net\/turkish\/#website","url":"https:\/\/akunq.net\/turkish\/","name":"Bati Ermenistan Ve Bati Ermenileri Sorunlari Ara\u015ftirmalar Merkezi","description":"","potentialAction":[{"@type":"SearchAction","target":{"@type":"EntryPoint","urlTemplate":"https:\/\/akunq.net\/turkish\/?s={search_term_string}"},"query-input":{"@type":"PropertyValueSpecification","valueRequired":true,"valueName":"search_term_string"}}],"inLanguage":"en-US"},{"@type":"Person","@id":"https:\/\/akunq.net\/turkish\/#\/schema\/person\/135e7923d1aeb8887890799619969a6c","name":"kalem","image":{"@type":"ImageObject","inLanguage":"en-US","@id":"https:\/\/secure.gravatar.com\/avatar\/a06875e4b25feb5674296adf8e8a7ae1e587cebce2493fe63c456109967e27d3?s=96&d=mm&r=g","url":"https:\/\/secure.gravatar.com\/avatar\/a06875e4b25feb5674296adf8e8a7ae1e587cebce2493fe63c456109967e27d3?s=96&d=mm&r=g","contentUrl":"https:\/\/secure.gravatar.com\/avatar\/a06875e4b25feb5674296adf8e8a7ae1e587cebce2493fe63c456109967e27d3?s=96&d=mm&r=g","caption":"kalem"},"url":"https:\/\/akunq.net\/turkish\/author\/kalem\/"}]}},"_links":{"self":[{"href":"https:\/\/akunq.net\/turkish\/wp-json\/wp\/v2\/posts\/27881","targetHints":{"allow":["GET"]}}],"collection":[{"href":"https:\/\/akunq.net\/turkish\/wp-json\/wp\/v2\/posts"}],"about":[{"href":"https:\/\/akunq.net\/turkish\/wp-json\/wp\/v2\/types\/post"}],"author":[{"embeddable":true,"href":"https:\/\/akunq.net\/turkish\/wp-json\/wp\/v2\/users\/3"}],"replies":[{"embeddable":true,"href":"https:\/\/akunq.net\/turkish\/wp-json\/wp\/v2\/comments?post=27881"}],"version-history":[{"count":0,"href":"https:\/\/akunq.net\/turkish\/wp-json\/wp\/v2\/posts\/27881\/revisions"}],"wp:attachment":[{"href":"https:\/\/akunq.net\/turkish\/wp-json\/wp\/v2\/media?parent=27881"}],"wp:term":[{"taxonomy":"category","embeddable":true,"href":"https:\/\/akunq.net\/turkish\/wp-json\/wp\/v2\/categories?post=27881"},{"taxonomy":"post_tag","embeddable":true,"href":"https:\/\/akunq.net\/turkish\/wp-json\/wp\/v2\/tags?post=27881"}],"curies":[{"name":"wp","href":"https:\/\/api.w.org\/{rel}","templated":true}]}}