{"id":27712,"date":"2013-12-28T08:16:53","date_gmt":"2013-12-28T13:16:53","guid":{"rendered":"http:\/\/akunq.net\/tr\/?p=27712"},"modified":"2013-12-28T08:16:53","modified_gmt":"2013-12-28T13:16:53","slug":"turkiye-bmt-kultur-komisyonuna-secilmistir","status":"publish","type":"post","link":"https:\/\/akunq.net\/turkish\/2013\/12\/28\/turkiye-bmt-kultur-komisyonuna-secilmistir\/","title":{"rendered":"T\u00fcrkiye BMT K\u00fclt\u00fcr Komisyonu\u2019na se\u00e7ilmi\u015ftir"},"content":{"rendered":"<p style=\"text-align: justify\"><b><a href=\"http:\/\/akunq.net\/tr\/wp-content\/uploads\/2013\/12\/Harut-Sasunyan.jpg\"><img loading=\"lazy\" decoding=\"async\" class=\"alignright size-full wp-image-27713\" alt=\"Harut Sasunyan\" src=\"http:\/\/akunq.net\/tr\/wp-content\/uploads\/2013\/12\/Harut-Sasunyan.jpg\" width=\"273\" height=\"183\" \/><\/a>Harut Sasunyan<\/b><\/p>\n<p style=\"text-align: justify\"><b><i>\u201cCalifornia Courier\u201d Gazetesi Genel Yay\u0131n Y\u00f6netmeni<\/i><\/b><\/p>\n<p style=\"text-align: justify\">Ben, bu senenin ba\u015f\u0131nda bir yaz\u0131 yazarak, T\u00fcrkiye h\u00fck\u00fcmetinin, Avrupa ve Amerika\u2019dan antika e\u015fyalar\u0131 geri almak i\u00e7in y\u00fcr\u00fctt\u00fc\u011f\u00fc sert politikay\u0131 anlatm\u0131\u015ft\u0131m. Ba\u015fka uluslar\u0131n k\u00fclt\u00fcr miras\u0131n\u0131n en b\u00fcy\u00fck ya\u011fmac\u0131lar\u0131ndan biri olan T\u00fcrkiye\u2019nin bu eski e\u015fyalar\u0131 bu suretle talep etmesi komiktir.<\/p>\n<p style=\"text-align: justify\">Tehditler yoluyla ba\u015far\u0131 kazanamayan T\u00fcrkiye, ge\u00e7en ay bir ba\u015fka metot olan r\u00fc\u015fvete ge\u00e7ti. T\u00fcrkiye Milli E\u011fitim Bakan\u0131 Nabi Avc\u0131, 10 Kas\u0131mda \u015funu beyan etti: \u201cT\u00fcrkiye, ABD ve \u0130srail\u2019in \u00fcyelik \u00fccretlerini \u00f6demediklerinden dolay\u0131 zor bir duruma d\u00fc\u015fen UNESCO\u2019ya bulundu\u011fu katk\u0131lar\u0131n\u0131 art\u0131rm\u0131\u015ft\u0131r\u201d.<\/p>\n<p style=\"text-align: justify\">Bakan Avc\u0131, T\u00fcrkiye\u2019nin bu eyleminin sebebini saklamaya bile \u00e7al\u0131\u015fmam\u0131\u015ft\u0131r. Avc\u0131\u2019n\u0131n a\u00e7\u0131klad\u0131\u011f\u0131 gibi, \u201cYap\u0131lmas\u0131 19 Kas\u0131m\u2019da planlanan UNESCO D\u00fcnya Miras\u0131 Komisyonu\u2019nun se\u00e7imlerinde T\u00fcrkiye, adayl\u0131k i\u00e7in \u00f6nemli bir ilerleme sa\u011flam\u0131\u015ft\u0131r\u201d. Ger\u00e7ekten de \u00f6yle oldu ve T\u00fcrkiye UNESCO D\u00fcnya Miras\u0131 Komisyonu 21. \u00fcyesi olarak se\u00e7ildi.<\/p>\n<p style=\"text-align: justify\">T\u00fcrkiye D\u0131\u015fi\u015fleri Bakanl\u0131\u011f\u0131 hemen \u015funu ilan etti: \u201cT\u00fcrkiye, UNESCO D\u00fcnya Miras\u0131 Komisyonu \u00fcyesi olarak uluslararas\u0131 \u00f6l\u00e7\u00fcde bilgilerini ve tecr\u00fcbesini payla\u015fmaya haz\u0131rd\u0131r\u201d.<\/p>\n<p style=\"text-align: justify\">T\u00fcrkiye\u2019nin, k\u00fclt\u00fcrel de\u011ferleri koruyan bir makamda se\u00e7ilmi\u015f olmas\u0131, kuzuyu kurta vermek gibi bir \u015feydir. T\u00fcrkiye, UNESCO yada BMT\u2019\u0131n ba\u015fka bir makam\u0131nda hizmet etme hakk\u0131na sahip olmamal\u0131d\u0131r.<\/p>\n<p style=\"text-align: justify\">Hayret verici de\u011fil ki, T\u00fcrkiye D\u0131\u015fi\u015fleri Bakanl\u0131\u011f\u0131\u2019n\u0131n yay\u0131nlad\u0131\u011f\u0131 beyanatta, T\u00fcrkiye\u2019deki \u00e7ok say\u0131da Ermeni din ve k\u00fclt\u00fcr an\u0131t\u0131ndan hi\u00e7 bir s\u00f6z edilmemektedir.<\/p>\n<p style=\"text-align: justify\">\u201cNew York Times\u201d gazetesine konu\u015fan T\u00fcrkiye K\u00fclt\u00fcr Miras\u0131 ve M\u00fczeler Genel M\u00fcd\u00fcr\u00fc Murat S\u00fcsl\u00fc \u201cBiz, sadece bize ait olan\u0131 iade etmeye \u00e7al\u0131\u015f\u0131yoruz\u2026 E\u011fer siz, evime gelip k\u0131ymetli e\u015fyalar ya\u011fmalarsan\u0131z, benim bunlar\u0131 geri alma hakk\u0131m olmaz m\u0131?\u201d diye belirtmi\u015ftir.<\/p>\n<p style=\"text-align: justify\">Say\u0131n S\u00fcsl\u00fc\u2019ye \u015funu hat\u0131rlatmam\u0131z gerekiyor: T\u00fcrkiye, sadece Alevilere, S\u00fcryanilere, Araplara, K\u0131br\u0131s Rumlar\u0131na, Ermenilere, K\u00fcrtlere ve Rumlara ait olan\u0131 onlara iade ettikten sonra herhangi bir talepte bulunabilir.<\/p>\n<p style=\"text-align: justify\">\u201cEconomist\u201de konu\u015fan T\u00fcrkiye K\u00fclt\u00fcr Bakan\u0131 Ertu\u011frul G\u00fcnay\u2019\u0131n yapt\u0131\u011f\u0131 a\u00e7\u0131klama da \u00e7ok komikti. G\u00fcnay \u015funlar\u0131 dedi: \u201cBen i\u00e7ten inan\u0131r\u0131m ki, her \u00e7e\u015fit antika, kendi vatan\u0131na d\u00f6nmeli. Bu e\u015fyalar\u0131n ta\u015ftan yap\u0131lm\u0131\u015f olmalar\u0131na ra\u011fmen, ruhlar\u0131 vard\u0131r\u201d.<\/p>\n<p style=\"text-align: justify\">T\u00fcrkiye \u00fcst d\u00fczey g\u00f6revlileri, \u00fclkelerini talan kurban\u0131 olarak tan\u0131tmak yerine T\u00fcrklerin, b\u00fcy\u00fck miktarda antika ya\u011fmalad\u0131klar\u0131n\u0131 anlamal\u0131d\u0131rlar.<\/p>\n<p style=\"text-align: justify\">Mesela, 1887 y\u0131l\u0131nda L\u00fcbnan\u2019da bulunup, II. Abd\u00fclhamid\u2019in emriyle \u0130stanbul Arkeoloji M\u00fczesi\u2019ne g\u00f6nderilen Makedonyal\u0131 \u0130skender\u2019in naa\u015f\u0131, benzer eserlerden biri olmaktad\u0131r.<\/p>\n<p style=\"text-align: justify\">T\u00fcrkiye\u2019nin UNESCO \u00fcyeli\u011fi, d\u00fcnyan\u0131n dikkatini Ermeni halk\u0131na ve ba\u015fka uluslara ait olan k\u00fclt\u00fcr eserlerine \u00e7ekmesi i\u00e7in kullan\u0131lmal\u0131d\u0131r.<\/p>\n<p style=\"text-align: justify\"><b><i>T\u00fcrk\u00e7eye \u00e7eviren: Meline Anumyan<\/i><\/b><\/p>\n<p style=\"text-align: justify\"><b><i>Akunq.net<\/i><\/b><\/p>\n","protected":false},"excerpt":{"rendered":"<p>Harut Sasunyan \u201cCalifornia Courier\u201d Gazetesi Genel Yay\u0131n Y\u00f6netmeni Ben, bu senenin ba\u015f\u0131nda bir yaz\u0131 yazarak, T\u00fcrkiye h\u00fck\u00fcmetinin, Avrupa ve Amerika\u2019dan antika e\u015fyalar\u0131 geri almak i\u00e7in y\u00fcr\u00fctt\u00fc\u011f\u00fc sert politikay\u0131 anlatm\u0131\u015ft\u0131m. Ba\u015fka uluslar\u0131n k\u00fclt\u00fcr miras\u0131n\u0131n en b\u00fcy\u00fck ya\u011fmac\u0131lar\u0131ndan biri olan T\u00fcrkiye\u2019nin bu eski e\u015fyalar\u0131 bu suretle talep etmesi komiktir. Tehditler yoluyla ba\u015far\u0131 kazanamayan T\u00fcrkiye, ge\u00e7en ay bir [&hellip;]<\/p>\n","protected":false},"author":3,"featured_media":0,"comment_status":"open","ping_status":"open","sticky":false,"template":"","format":"standard","meta":{"footnotes":""},"categories":[14,26],"tags":[],"class_list":["post-27712","post","type-post","status-publish","format-standard","hentry","category-haberler","category-makaleler"],"yoast_head":"<!-- This site is optimized with the Yoast SEO plugin v27.4 - https:\/\/yoast.com\/product\/yoast-seo-wordpress\/ -->\n<title>T\u00fcrkiye BMT K\u00fclt\u00fcr Komisyonu\u2019na se\u00e7ilmi\u015ftir - Bati Ermenistan Ve Bati Ermenileri Sorunlari Ara\u015ftirmalar Merkezi<\/title>\n<meta name=\"robots\" content=\"index, follow, max-snippet:-1, max-image-preview:large, max-video-preview:-1\" \/>\n<link rel=\"canonical\" href=\"https:\/\/akunq.net\/turkish\/2013\/12\/28\/turkiye-bmt-kultur-komisyonuna-secilmistir\/\" \/>\n<meta property=\"og:locale\" content=\"en_US\" \/>\n<meta property=\"og:type\" content=\"article\" \/>\n<meta property=\"og:title\" content=\"T\u00fcrkiye BMT K\u00fclt\u00fcr Komisyonu\u2019na se\u00e7ilmi\u015ftir - Bati Ermenistan Ve Bati Ermenileri Sorunlari Ara\u015ftirmalar Merkezi\" \/>\n<meta property=\"og:description\" content=\"Harut Sasunyan \u201cCalifornia Courier\u201d Gazetesi Genel Yay\u0131n Y\u00f6netmeni Ben, bu senenin ba\u015f\u0131nda bir yaz\u0131 yazarak, T\u00fcrkiye h\u00fck\u00fcmetinin, Avrupa ve Amerika\u2019dan antika e\u015fyalar\u0131 geri almak i\u00e7in y\u00fcr\u00fctt\u00fc\u011f\u00fc sert politikay\u0131 anlatm\u0131\u015ft\u0131m. Ba\u015fka uluslar\u0131n k\u00fclt\u00fcr miras\u0131n\u0131n en b\u00fcy\u00fck ya\u011fmac\u0131lar\u0131ndan biri olan T\u00fcrkiye\u2019nin bu eski e\u015fyalar\u0131 bu suretle talep etmesi komiktir. Tehditler yoluyla ba\u015far\u0131 kazanamayan T\u00fcrkiye, ge\u00e7en ay bir [&hellip;]\" \/>\n<meta property=\"og:url\" content=\"https:\/\/akunq.net\/turkish\/2013\/12\/28\/turkiye-bmt-kultur-komisyonuna-secilmistir\/\" \/>\n<meta property=\"og:site_name\" content=\"Bati Ermenistan Ve Bati Ermenileri Sorunlari Ara\u015ftirmalar Merkezi\" \/>\n<meta property=\"article:published_time\" content=\"2013-12-28T13:16:53+00:00\" \/>\n<meta property=\"og:image\" content=\"https:\/\/akunq.net\/turkish\/wp-content\/uploads\/sites\/5\/2013\/12\/Harut-Sasunyan.jpg\" \/>\n\t<meta property=\"og:image:width\" content=\"273\" \/>\n\t<meta property=\"og:image:height\" content=\"183\" \/>\n\t<meta property=\"og:image:type\" content=\"image\/jpeg\" \/>\n<meta name=\"author\" content=\"kalem\" \/>\n<meta name=\"twitter:card\" content=\"summary_large_image\" \/>\n<meta name=\"twitter:label1\" content=\"Written by\" \/>\n\t<meta name=\"twitter:data1\" content=\"kalem\" \/>\n\t<meta name=\"twitter:label2\" content=\"Est. reading time\" \/>\n\t<meta name=\"twitter:data2\" content=\"3 minutes\" \/>\n<script type=\"application\/ld+json\" class=\"yoast-schema-graph\">{\"@context\":\"https:\\\/\\\/schema.org\",\"@graph\":[{\"@type\":\"Article\",\"@id\":\"https:\\\/\\\/akunq.net\\\/turkish\\\/2013\\\/12\\\/28\\\/turkiye-bmt-kultur-komisyonuna-secilmistir\\\/#article\",\"isPartOf\":{\"@id\":\"https:\\\/\\\/akunq.net\\\/turkish\\\/2013\\\/12\\\/28\\\/turkiye-bmt-kultur-komisyonuna-secilmistir\\\/\"},\"author\":{\"name\":\"kalem\",\"@id\":\"https:\\\/\\\/akunq.net\\\/turkish\\\/#\\\/schema\\\/person\\\/135e7923d1aeb8887890799619969a6c\"},\"headline\":\"T\u00fcrkiye BMT K\u00fclt\u00fcr Komisyonu\u2019na se\u00e7ilmi\u015ftir\",\"datePublished\":\"2013-12-28T13:16:53+00:00\",\"mainEntityOfPage\":{\"@id\":\"https:\\\/\\\/akunq.net\\\/turkish\\\/2013\\\/12\\\/28\\\/turkiye-bmt-kultur-komisyonuna-secilmistir\\\/\"},\"wordCount\":555,\"commentCount\":0,\"image\":{\"@id\":\"https:\\\/\\\/akunq.net\\\/turkish\\\/2013\\\/12\\\/28\\\/turkiye-bmt-kultur-komisyonuna-secilmistir\\\/#primaryimage\"},\"thumbnailUrl\":\"http:\\\/\\\/akunq.net\\\/tr\\\/wp-content\\\/uploads\\\/2013\\\/12\\\/Harut-Sasunyan.jpg\",\"articleSection\":[\"Haberler\",\"Makaleler\"],\"inLanguage\":\"en-US\",\"potentialAction\":[{\"@type\":\"CommentAction\",\"name\":\"Comment\",\"target\":[\"https:\\\/\\\/akunq.net\\\/turkish\\\/2013\\\/12\\\/28\\\/turkiye-bmt-kultur-komisyonuna-secilmistir\\\/#respond\"]}]},{\"@type\":\"WebPage\",\"@id\":\"https:\\\/\\\/akunq.net\\\/turkish\\\/2013\\\/12\\\/28\\\/turkiye-bmt-kultur-komisyonuna-secilmistir\\\/\",\"url\":\"https:\\\/\\\/akunq.net\\\/turkish\\\/2013\\\/12\\\/28\\\/turkiye-bmt-kultur-komisyonuna-secilmistir\\\/\",\"name\":\"T\u00fcrkiye BMT K\u00fclt\u00fcr Komisyonu\u2019na se\u00e7ilmi\u015ftir - Bati Ermenistan Ve Bati Ermenileri Sorunlari Ara\u015ftirmalar Merkezi\",\"isPartOf\":{\"@id\":\"https:\\\/\\\/akunq.net\\\/turkish\\\/#website\"},\"primaryImageOfPage\":{\"@id\":\"https:\\\/\\\/akunq.net\\\/turkish\\\/2013\\\/12\\\/28\\\/turkiye-bmt-kultur-komisyonuna-secilmistir\\\/#primaryimage\"},\"image\":{\"@id\":\"https:\\\/\\\/akunq.net\\\/turkish\\\/2013\\\/12\\\/28\\\/turkiye-bmt-kultur-komisyonuna-secilmistir\\\/#primaryimage\"},\"thumbnailUrl\":\"http:\\\/\\\/akunq.net\\\/tr\\\/wp-content\\\/uploads\\\/2013\\\/12\\\/Harut-Sasunyan.jpg\",\"datePublished\":\"2013-12-28T13:16:53+00:00\",\"author\":{\"@id\":\"https:\\\/\\\/akunq.net\\\/turkish\\\/#\\\/schema\\\/person\\\/135e7923d1aeb8887890799619969a6c\"},\"breadcrumb\":{\"@id\":\"https:\\\/\\\/akunq.net\\\/turkish\\\/2013\\\/12\\\/28\\\/turkiye-bmt-kultur-komisyonuna-secilmistir\\\/#breadcrumb\"},\"inLanguage\":\"en-US\",\"potentialAction\":[{\"@type\":\"ReadAction\",\"target\":[\"https:\\\/\\\/akunq.net\\\/turkish\\\/2013\\\/12\\\/28\\\/turkiye-bmt-kultur-komisyonuna-secilmistir\\\/\"]}]},{\"@type\":\"ImageObject\",\"inLanguage\":\"en-US\",\"@id\":\"https:\\\/\\\/akunq.net\\\/turkish\\\/2013\\\/12\\\/28\\\/turkiye-bmt-kultur-komisyonuna-secilmistir\\\/#primaryimage\",\"url\":\"http:\\\/\\\/akunq.net\\\/tr\\\/wp-content\\\/uploads\\\/2013\\\/12\\\/Harut-Sasunyan.jpg\",\"contentUrl\":\"http:\\\/\\\/akunq.net\\\/tr\\\/wp-content\\\/uploads\\\/2013\\\/12\\\/Harut-Sasunyan.jpg\"},{\"@type\":\"BreadcrumbList\",\"@id\":\"https:\\\/\\\/akunq.net\\\/turkish\\\/2013\\\/12\\\/28\\\/turkiye-bmt-kultur-komisyonuna-secilmistir\\\/#breadcrumb\",\"itemListElement\":[{\"@type\":\"ListItem\",\"position\":1,\"name\":\"Home\",\"item\":\"https:\\\/\\\/akunq.net\\\/turkish\\\/\"},{\"@type\":\"ListItem\",\"position\":2,\"name\":\"T\u00fcrkiye BMT K\u00fclt\u00fcr Komisyonu\u2019na se\u00e7ilmi\u015ftir\"}]},{\"@type\":\"WebSite\",\"@id\":\"https:\\\/\\\/akunq.net\\\/turkish\\\/#website\",\"url\":\"https:\\\/\\\/akunq.net\\\/turkish\\\/\",\"name\":\"Bati Ermenistan Ve Bati Ermenileri Sorunlari Ara\u015ftirmalar Merkezi\",\"description\":\"\",\"potentialAction\":[{\"@type\":\"SearchAction\",\"target\":{\"@type\":\"EntryPoint\",\"urlTemplate\":\"https:\\\/\\\/akunq.net\\\/turkish\\\/?s={search_term_string}\"},\"query-input\":{\"@type\":\"PropertyValueSpecification\",\"valueRequired\":true,\"valueName\":\"search_term_string\"}}],\"inLanguage\":\"en-US\"},{\"@type\":\"Person\",\"@id\":\"https:\\\/\\\/akunq.net\\\/turkish\\\/#\\\/schema\\\/person\\\/135e7923d1aeb8887890799619969a6c\",\"name\":\"kalem\",\"image\":{\"@type\":\"ImageObject\",\"inLanguage\":\"en-US\",\"@id\":\"https:\\\/\\\/secure.gravatar.com\\\/avatar\\\/a06875e4b25feb5674296adf8e8a7ae1e587cebce2493fe63c456109967e27d3?s=96&d=mm&r=g\",\"url\":\"https:\\\/\\\/secure.gravatar.com\\\/avatar\\\/a06875e4b25feb5674296adf8e8a7ae1e587cebce2493fe63c456109967e27d3?s=96&d=mm&r=g\",\"contentUrl\":\"https:\\\/\\\/secure.gravatar.com\\\/avatar\\\/a06875e4b25feb5674296adf8e8a7ae1e587cebce2493fe63c456109967e27d3?s=96&d=mm&r=g\",\"caption\":\"kalem\"},\"url\":\"https:\\\/\\\/akunq.net\\\/turkish\\\/author\\\/kalem\\\/\"}]}<\/script>\n<!-- \/ Yoast SEO plugin. -->","yoast_head_json":{"title":"T\u00fcrkiye BMT K\u00fclt\u00fcr Komisyonu\u2019na se\u00e7ilmi\u015ftir - Bati Ermenistan Ve Bati Ermenileri Sorunlari Ara\u015ftirmalar Merkezi","robots":{"index":"index","follow":"follow","max-snippet":"max-snippet:-1","max-image-preview":"max-image-preview:large","max-video-preview":"max-video-preview:-1"},"canonical":"https:\/\/akunq.net\/turkish\/2013\/12\/28\/turkiye-bmt-kultur-komisyonuna-secilmistir\/","og_locale":"en_US","og_type":"article","og_title":"T\u00fcrkiye BMT K\u00fclt\u00fcr Komisyonu\u2019na se\u00e7ilmi\u015ftir - Bati Ermenistan Ve Bati Ermenileri Sorunlari Ara\u015ftirmalar Merkezi","og_description":"Harut Sasunyan \u201cCalifornia Courier\u201d Gazetesi Genel Yay\u0131n Y\u00f6netmeni Ben, bu senenin ba\u015f\u0131nda bir yaz\u0131 yazarak, T\u00fcrkiye h\u00fck\u00fcmetinin, Avrupa ve Amerika\u2019dan antika e\u015fyalar\u0131 geri almak i\u00e7in y\u00fcr\u00fctt\u00fc\u011f\u00fc sert politikay\u0131 anlatm\u0131\u015ft\u0131m. Ba\u015fka uluslar\u0131n k\u00fclt\u00fcr miras\u0131n\u0131n en b\u00fcy\u00fck ya\u011fmac\u0131lar\u0131ndan biri olan T\u00fcrkiye\u2019nin bu eski e\u015fyalar\u0131 bu suretle talep etmesi komiktir. Tehditler yoluyla ba\u015far\u0131 kazanamayan T\u00fcrkiye, ge\u00e7en ay bir [&hellip;]","og_url":"https:\/\/akunq.net\/turkish\/2013\/12\/28\/turkiye-bmt-kultur-komisyonuna-secilmistir\/","og_site_name":"Bati Ermenistan Ve Bati Ermenileri Sorunlari Ara\u015ftirmalar Merkezi","article_published_time":"2013-12-28T13:16:53+00:00","og_image":[{"width":273,"height":183,"url":"https:\/\/akunq.net\/turkish\/wp-content\/uploads\/sites\/5\/2013\/12\/Harut-Sasunyan.jpg","type":"image\/jpeg"}],"author":"kalem","twitter_card":"summary_large_image","twitter_misc":{"Written by":"kalem","Est. reading time":"3 minutes"},"schema":{"@context":"https:\/\/schema.org","@graph":[{"@type":"Article","@id":"https:\/\/akunq.net\/turkish\/2013\/12\/28\/turkiye-bmt-kultur-komisyonuna-secilmistir\/#article","isPartOf":{"@id":"https:\/\/akunq.net\/turkish\/2013\/12\/28\/turkiye-bmt-kultur-komisyonuna-secilmistir\/"},"author":{"name":"kalem","@id":"https:\/\/akunq.net\/turkish\/#\/schema\/person\/135e7923d1aeb8887890799619969a6c"},"headline":"T\u00fcrkiye BMT K\u00fclt\u00fcr Komisyonu\u2019na se\u00e7ilmi\u015ftir","datePublished":"2013-12-28T13:16:53+00:00","mainEntityOfPage":{"@id":"https:\/\/akunq.net\/turkish\/2013\/12\/28\/turkiye-bmt-kultur-komisyonuna-secilmistir\/"},"wordCount":555,"commentCount":0,"image":{"@id":"https:\/\/akunq.net\/turkish\/2013\/12\/28\/turkiye-bmt-kultur-komisyonuna-secilmistir\/#primaryimage"},"thumbnailUrl":"http:\/\/akunq.net\/tr\/wp-content\/uploads\/2013\/12\/Harut-Sasunyan.jpg","articleSection":["Haberler","Makaleler"],"inLanguage":"en-US","potentialAction":[{"@type":"CommentAction","name":"Comment","target":["https:\/\/akunq.net\/turkish\/2013\/12\/28\/turkiye-bmt-kultur-komisyonuna-secilmistir\/#respond"]}]},{"@type":"WebPage","@id":"https:\/\/akunq.net\/turkish\/2013\/12\/28\/turkiye-bmt-kultur-komisyonuna-secilmistir\/","url":"https:\/\/akunq.net\/turkish\/2013\/12\/28\/turkiye-bmt-kultur-komisyonuna-secilmistir\/","name":"T\u00fcrkiye BMT K\u00fclt\u00fcr Komisyonu\u2019na se\u00e7ilmi\u015ftir - Bati Ermenistan Ve Bati Ermenileri Sorunlari Ara\u015ftirmalar Merkezi","isPartOf":{"@id":"https:\/\/akunq.net\/turkish\/#website"},"primaryImageOfPage":{"@id":"https:\/\/akunq.net\/turkish\/2013\/12\/28\/turkiye-bmt-kultur-komisyonuna-secilmistir\/#primaryimage"},"image":{"@id":"https:\/\/akunq.net\/turkish\/2013\/12\/28\/turkiye-bmt-kultur-komisyonuna-secilmistir\/#primaryimage"},"thumbnailUrl":"http:\/\/akunq.net\/tr\/wp-content\/uploads\/2013\/12\/Harut-Sasunyan.jpg","datePublished":"2013-12-28T13:16:53+00:00","author":{"@id":"https:\/\/akunq.net\/turkish\/#\/schema\/person\/135e7923d1aeb8887890799619969a6c"},"breadcrumb":{"@id":"https:\/\/akunq.net\/turkish\/2013\/12\/28\/turkiye-bmt-kultur-komisyonuna-secilmistir\/#breadcrumb"},"inLanguage":"en-US","potentialAction":[{"@type":"ReadAction","target":["https:\/\/akunq.net\/turkish\/2013\/12\/28\/turkiye-bmt-kultur-komisyonuna-secilmistir\/"]}]},{"@type":"ImageObject","inLanguage":"en-US","@id":"https:\/\/akunq.net\/turkish\/2013\/12\/28\/turkiye-bmt-kultur-komisyonuna-secilmistir\/#primaryimage","url":"http:\/\/akunq.net\/tr\/wp-content\/uploads\/2013\/12\/Harut-Sasunyan.jpg","contentUrl":"http:\/\/akunq.net\/tr\/wp-content\/uploads\/2013\/12\/Harut-Sasunyan.jpg"},{"@type":"BreadcrumbList","@id":"https:\/\/akunq.net\/turkish\/2013\/12\/28\/turkiye-bmt-kultur-komisyonuna-secilmistir\/#breadcrumb","itemListElement":[{"@type":"ListItem","position":1,"name":"Home","item":"https:\/\/akunq.net\/turkish\/"},{"@type":"ListItem","position":2,"name":"T\u00fcrkiye BMT K\u00fclt\u00fcr Komisyonu\u2019na se\u00e7ilmi\u015ftir"}]},{"@type":"WebSite","@id":"https:\/\/akunq.net\/turkish\/#website","url":"https:\/\/akunq.net\/turkish\/","name":"Bati Ermenistan Ve Bati Ermenileri Sorunlari Ara\u015ftirmalar Merkezi","description":"","potentialAction":[{"@type":"SearchAction","target":{"@type":"EntryPoint","urlTemplate":"https:\/\/akunq.net\/turkish\/?s={search_term_string}"},"query-input":{"@type":"PropertyValueSpecification","valueRequired":true,"valueName":"search_term_string"}}],"inLanguage":"en-US"},{"@type":"Person","@id":"https:\/\/akunq.net\/turkish\/#\/schema\/person\/135e7923d1aeb8887890799619969a6c","name":"kalem","image":{"@type":"ImageObject","inLanguage":"en-US","@id":"https:\/\/secure.gravatar.com\/avatar\/a06875e4b25feb5674296adf8e8a7ae1e587cebce2493fe63c456109967e27d3?s=96&d=mm&r=g","url":"https:\/\/secure.gravatar.com\/avatar\/a06875e4b25feb5674296adf8e8a7ae1e587cebce2493fe63c456109967e27d3?s=96&d=mm&r=g","contentUrl":"https:\/\/secure.gravatar.com\/avatar\/a06875e4b25feb5674296adf8e8a7ae1e587cebce2493fe63c456109967e27d3?s=96&d=mm&r=g","caption":"kalem"},"url":"https:\/\/akunq.net\/turkish\/author\/kalem\/"}]}},"_links":{"self":[{"href":"https:\/\/akunq.net\/turkish\/wp-json\/wp\/v2\/posts\/27712","targetHints":{"allow":["GET"]}}],"collection":[{"href":"https:\/\/akunq.net\/turkish\/wp-json\/wp\/v2\/posts"}],"about":[{"href":"https:\/\/akunq.net\/turkish\/wp-json\/wp\/v2\/types\/post"}],"author":[{"embeddable":true,"href":"https:\/\/akunq.net\/turkish\/wp-json\/wp\/v2\/users\/3"}],"replies":[{"embeddable":true,"href":"https:\/\/akunq.net\/turkish\/wp-json\/wp\/v2\/comments?post=27712"}],"version-history":[{"count":0,"href":"https:\/\/akunq.net\/turkish\/wp-json\/wp\/v2\/posts\/27712\/revisions"}],"wp:attachment":[{"href":"https:\/\/akunq.net\/turkish\/wp-json\/wp\/v2\/media?parent=27712"}],"wp:term":[{"taxonomy":"category","embeddable":true,"href":"https:\/\/akunq.net\/turkish\/wp-json\/wp\/v2\/categories?post=27712"},{"taxonomy":"post_tag","embeddable":true,"href":"https:\/\/akunq.net\/turkish\/wp-json\/wp\/v2\/tags?post=27712"}],"curies":[{"name":"wp","href":"https:\/\/api.w.org\/{rel}","templated":true}]}}