{"id":27682,"date":"2013-12-27T02:48:40","date_gmt":"2013-12-27T07:48:40","guid":{"rendered":"http:\/\/akunq.net\/tr\/?p=27682"},"modified":"2013-12-27T02:48:40","modified_gmt":"2013-12-27T07:48:40","slug":"ruben-heryan-ya-da-bir-kurtaricinin-oykusu","status":"publish","type":"post","link":"https:\/\/akunq.net\/turkish\/2013\/12\/27\/ruben-heryan-ya-da-bir-kurtaricinin-oykusu\/","title":{"rendered":"Ruben Heryan ya da bir kurtar\u0131c\u0131n\u0131n \u00f6yk\u00fcs\u00fc"},"content":{"rendered":"<p style=\"text-align: justify\"><b><a href=\"http:\/\/akunq.net\/tr\/wp-content\/uploads\/2013\/12\/anna_aleksanyan550_01531.jpg\"><img loading=\"lazy\" decoding=\"async\" class=\"alignright size-medium wp-image-27684\" alt=\"anna_aleksanyan550_0153\" src=\"http:\/\/akunq.net\/tr\/wp-content\/uploads\/2013\/12\/anna_aleksanyan550_01531-300x219.jpg\" width=\"300\" height=\"219\" srcset=\"https:\/\/akunq.net\/turkish\/wp-content\/uploads\/sites\/5\/2013\/12\/anna_aleksanyan550_01531-300x219.jpg 300w, https:\/\/akunq.net\/turkish\/wp-content\/uploads\/sites\/5\/2013\/12\/anna_aleksanyan550_01531.jpg 547w\" sizes=\"auto, (max-width: 300px) 100vw, 300px\" \/><\/a>LORA SARI<\/b><\/p>\n<p style=\"text-align: justify\"><b><i>Ermeni Soyk\u0131r\u0131m M\u00fczesi\u2019nde uzman olarak g\u00f6rev yapan Anna Aleksanyan, &#8220;Ermeni Kad\u0131nlar\u0131n\u0131n Soyk\u0131r\u0131m Y\u0131llar\u0131ndaki Tecr\u00fcbeleri&#8221; ba\u015fl\u0131kl\u0131 doktora tezi \u00fczerinde \u00e7al\u0131\u015f\u0131yor. Aleksanyan, &#8220;Ruben Heryan: Soyk\u0131r\u0131mdan sonra Ermeni Kad\u0131nlar\u0131n ve \u00c7ocuklar\u0131n M\u00fcsl\u00fcman Ailelerden Kurtaran Adam&#8221; ba\u015fl\u0131kl\u0131 sunumunda soyk\u0131r\u0131mdan sonra \u00f6mr\u00fcn\u00fc yetim \u00e7ocuklar ve esir al\u0131nan Ermeni kad\u0131nlar\u0131 kurtarmaya adayan Ruben Haryan\u2019\u0131n hik\u00e2yesini anlatt\u0131. <\/i><\/b><\/p>\n<p style=\"text-align: justify\">M\u00fcsl\u00fcmanla\u015f(t\u0131r\u0131l)m\u0131\u015f Ermeniler Konferans\u0131\u2019n\u0131n konu\u015fmac\u0131lar\u0131ndan biri de Anna Aleksanyan\u2019d\u0131. Ermeni Soyk\u0131r\u0131m M\u00fczesi\u2019nde uzman olarak g\u00f6rev yapan Aleksanyan, \u2018Experiences of Armenian Women from the Years of Genocide\u2019 (Ermeni Kad\u0131nlar\u0131n\u0131n Soyk\u0131r\u0131m Y\u0131llar\u0131ndaki Tecr\u00fcbeleri) ba\u015fl\u0131kl\u0131 doktora tezi \u00fczerinde \u00e7al\u0131\u015f\u0131yor. Aleksanyan, \u2018Ruben Heryan: Liberator of Armenian Women and Children from Muslim Families after the Armenian Genocide\u2019 (Ruben Heryan: Soyk\u0131r\u0131mdan sonra Ermeni Kad\u0131nlar\u0131n ve \u00e7ocuklar\u0131n M\u00fcsl\u00fcman ailelerden Kurtaran Adam) ba\u015fl\u0131kl\u0131 sunumunda soyk\u0131r\u0131mdan sonra \u00f6mr\u00fcn\u00fc yetim \u00e7ocuklar ve esir al\u0131nan Ermeni kad\u0131nlar\u0131 kurtarmaya adayan Ruben Haryan\u2019\u0131n hik\u00e2yesini anlatt\u0131. Tebli\u011fin geni\u015f bir \u00f6zetini sunuyoruz.<\/p>\n<p style=\"text-align: justify\">Birinci D\u00fcnya Sava\u015f\u0131 sonunda, bir\u00e7ok Ermeni kurulu\u015fu ve uluslararas\u0131 \u00f6rg\u00fct ve ayn\u0131 zamanda \u015fah\u0131slar soyk\u0131r\u0131mdan sa\u011f kalanlara yard\u0131m etmeye odakland\u0131lar. Bu insanlar\u0131 bulup k\u00f6lelikten kurtararak onlara Ermeni kimliklerini iade etmek istediler.<\/p>\n<p style=\"text-align: justify\">Bu alanda \u00f6nc\u00fc say\u0131lan Ruben Heryan, soyk\u0131r\u0131mdan sonra Ermeni kad\u0131nlar\u0131n\u0131n ve yetim \u00e7ocuklar\u0131n kurtar\u0131c\u0131l\u0131\u011f\u0131na soyundu. 1869\u2019da Tokat\u2019ta do\u011fan Heryan, 1883\u2019te ruhban okulundan mezun olup \u0130stanbul\u2019a ta\u015f\u0131nd\u0131ktan bir s\u00fcre sonra New York\u2019a yerle\u015ferek orada kendi i\u015fini kurdu. \u0130stanbul\u2019da ya\u015fad\u0131\u011f\u0131 d\u00f6nemde \u00f6nce H\u0131n\u00e7ak Partisine \u00fcye olan Heryan, daha sonra Ermeni Demokrat Liberal Parti\u2019ye ge\u00e7ti. New York\u2019da da ayn\u0131 partiyi desteklemeye devam ederek ulusal meselelerin \u00e7\u00f6z\u00fcm\u00fcne kafa yordu. 1914\u2019te I. D\u00fcnya Sava\u015f\u0131 ba\u015flad\u0131\u011f\u0131nda, Heryan i\u015f hayat\u0131nda yeterli ba\u015far\u0131ya ve Amerikal\u0131 Ermeniler i\u00e7erisinde iyi bir itibara sahipti. Ermeni Soyk\u0131r\u0131m\u0131\u2019ndan haberdar olmas\u0131yla her \u015feyi geride b\u0131rakarak, di\u011fer Ermeni g\u00f6n\u00fcll\u00fclerle birlikte Yak\u0131ndo\u011fu\u2019ya ta\u015f\u0131nan Heryan, orada Ermeni Birli\u011fi\u2019ne kat\u0131ld\u0131. 1918 yaz\u0131nda, Ermeni Birli\u011fi g\u00f6n\u00fcll\u00fcleri b\u00f6l\u00fcmler halinde Filistin\u2019deki sava\u015fa g\u00f6nderilirken, Heryan ilerlemi\u015f ya\u015f\u0131 sebebiyle orduya al\u0131nmad\u0131 ve Kahire yak\u0131nlar\u0131nda bir hastanede g\u00f6zc\u00fc olarak g\u00f6revlendirildi. Heryan\u2019\u0131n yazd\u0131\u011f\u0131 mektuplardan, yaral\u0131 Ermeni g\u00f6n\u00fcll\u00fclerle ve Frans\u0131z askerlerle ilgilenirken bir yandan da birliktekilere kat\u0131l\u0131p, kendi insan\u0131n\u0131n ve memleketin kurtulu\u015funa destek olmak i\u00e7in daha gen\u00e7 olmay\u0131 arzulad\u0131\u011f\u0131 g\u00f6r\u00fcl\u00fcyor.<\/p>\n<p style=\"text-align: justify\"><b>\u00d6zg\u00fcrle\u015ftirme Misyonu<\/b><\/p>\n<figure id=\"attachment_27685\" aria-describedby=\"caption-attachment-27685\" style=\"width: 300px\" class=\"wp-caption alignright\"><a href=\"http:\/\/akunq.net\/tr\/wp-content\/uploads\/2013\/12\/Rupen-Heryan.jpg\"><img loading=\"lazy\" decoding=\"async\" class=\"size-full wp-image-27685\" alt=\"Rupen Heryan\" src=\"http:\/\/akunq.net\/tr\/wp-content\/uploads\/2013\/12\/Rupen-Heryan.jpg\" width=\"300\" height=\"484\" srcset=\"https:\/\/akunq.net\/turkish\/wp-content\/uploads\/sites\/5\/2013\/12\/Rupen-Heryan.jpg 300w, https:\/\/akunq.net\/turkish\/wp-content\/uploads\/sites\/5\/2013\/12\/Rupen-Heryan-186x300.jpg 186w\" sizes=\"auto, (max-width: 300px) 100vw, 300px\" \/><\/a><figcaption id=\"caption-attachment-27685\" class=\"wp-caption-text\">Rupen Heryan<\/figcaption><\/figure>\n<p style=\"text-align: justify\">\u00a0M\u00fcsl\u00fcmanla\u015ft\u0131r\u0131lm\u0131\u015f Ermenileri kurtarma harekat\u0131 \u2018Kurtarma Misyonu\u2019 veya \u2018\u00d6zg\u00fcrle\u015ftirme Misyonu\u2019 olarak adland\u0131r\u0131l\u0131yordu. Yabanc\u0131lar taraf\u0131ndan evlat edinilen, evlenen veya dinini de\u011fi\u015ftiren Ermenileri kurtarmak kolay de\u011fildi. Bazen sahipleri onlar\u0131 geri g\u00f6ndermek istemez, onlar\u0131n kimliklerini veya varl\u0131klar\u0131n\u0131 gizler, Ermenilerin Mezopotamya kavimleri aras\u0131ndaki izlerini siler, onlar\u0131 bir yerden ba\u015fka bir yere g\u00f6t\u00fcr\u00fcrlerdi. Kesin bilgilere dayanarak s\u00f6yleyebilirim ki, bazen bir Ermeni\u2019yi\u00a0 bulmaya \u00e7al\u0131\u015fmak aylar ve y\u0131llar s\u00fcrse de \u00e7o\u011fu zaman sonu\u00e7suz kal\u0131rd\u0131.<\/p>\n<p style=\"text-align: justify\">Heryan kendi halk\u0131ndan insanlar\u0131 kurtarmak i\u00e7in Ortado\u011fu\u2019ya gitti\u011finde 50 ya\u015flar\u0131ndayd\u0131. \u00a0Gri sa\u00e7lar\u0131, becerikli ve ne\u015feli yap\u0131s\u0131 dolay\u0131s\u0131yla \u2018gri sa\u00e7l\u0131 gen\u00e7 adam\u2019 rumuzunu alm\u0131\u015ft\u0131. Bir ka\u00e7 ay i\u00e7inde Heryan, \u2018Ermeni yetimlerin casusu, \u00f6zg\u00fcrle\u015ftiricisi, kurtar\u0131c\u0131s\u0131\u2019 oldu. 1919\u2019da \u2018Genel Ermeni Hay\u0131rseverler Birli\u011fi\u2019\u2018hayati \u00f6nem ta\u015f\u0131yan bu \u00f6zg\u00fcrle\u015ftirme projesinde, kay\u0131p veya \u00e7\u00f6llerin derinliklerinde esir al\u0131nm\u0131\u015f yetimler ile haremlerdeki Ermeni k\u0131zlar\u0131n\u0131\u2019 kurtarmak i\u00e7in bir fon olu\u015fturdu. Nisan 1919\u2019da Heryan\u2019a Halep, Der Zor ve \u00e7evresindeki kad\u0131nlar\u0131 ve \u00e7ocuklar\u0131 bulma g\u00f6revi verildi. Heryan \u00a0\u00f6zellikle \u2018su\u00e7un \u015fehri\u2019 olarak tan\u0131mlad\u0131\u011f\u0131 Der Zor\u2019da g\u00f6rev \u00fcstlendi\u011fi i\u00e7in di\u011fer \u00f6zg\u00fcrl\u00fck sava\u015f\u00e7\u0131lar\u0131ndan ayr\u0131l\u0131yordu.<\/p>\n<p style=\"text-align: justify\"><b>S\u00f6zde vatanseverlere uymadan<\/b><\/p>\n<p style=\"text-align: justify\">Ruben\u2019in akrabas\u0131 ve yak\u0131n arkada\u015f\u0131 olan Metaks\u2019a g\u00f6nderdi\u011fi mektup 19 Temmuz 1919 tarihli mektup bu a\u00e7\u0131dan ilgi \u00e7ekici. Mektupta, Heryan i\u00e7inde 320 ki\u015finin oldu\u011fu bir karavan\u0131 Halep\u2019e, 350 yetimi de kelekler yard\u0131m\u0131yla Ba\u011fdat\u2019a ta\u015f\u0131rken kar\u015f\u0131la\u015ft\u0131\u011f\u0131 zorluklar\u0131 anlat\u0131yor. Bu \u00e7ocuklar\u0131 k\u00f6ylerine geri g\u00f6t\u00fcrmeyi planlayan, ayn\u0131 zamanda sat\u0131n alabildi\u011fi kadar Ermeni kad\u0131n\u0131n\u0131 kurtarmak, ve ka\u00e7\u0131r\u0131lm\u0131\u015f insanlar\u0131 bulabilmek i\u00e7in u\u011fra\u015fan Heryan\u2019\u0131n kar\u015f\u0131la\u015ft\u0131\u011f\u0131 as\u0131l zorluk ise kurtard\u0131\u011f\u0131 Ermenileri, b\u00f6lgedeki Araplar\u0131n olu\u015fturdu\u011fu tehlike sebebiyle, bir g\u00fcn k\u00f6ylerine geri g\u00f6t\u00fcrmeye ikna etme noktas\u0131nda oluyordu. Kar\u015f\u0131la\u015ft\u0131\u011f\u0131 parasal zorluklar\u0131 da anlatan Heryan, Ermenileri K\u00fcrtlerden, T\u00fcrklerden, Araplardan ve di\u011fer efendilerden sat\u0131n alabilmek i\u00e7in daha fazla maddi \u00a0sahip olmay\u0131 diledi\u011fini yaz\u0131yor.<\/p>\n<p style=\"text-align: justify\">Heryan b\u00fct\u00fcn birikimini bu u\u011furda harcad\u0131\u011f\u0131 i\u00e7inde sonunda cebinde hi\u00e7 paras\u0131 kalmam\u0131\u015f: \u201cMaddi olarak y\u0131k\u0131laca\u011f\u0131m\u0131, ya\u015flanaca\u011f\u0131m\u0131, hele de amac\u0131m\u0131 ger\u00e7ekle\u015ftiremeyece\u011fimi d\u00fc\u015f\u00fcnd\u00fck\u00e7e y\u00fcre\u011fim kan\u0131yor.\u201d Ayn\u0131 mektupta yetim ve kad\u0131nlar\u0131n kurtar\u0131lmas\u0131n\u0131 temel mesele olarak g\u00f6rmeyen Ermeni aktivistlerden de s\u00f6z eden Heryan, onlar\u0131n, ba\u015fka i\u015flerle me\u015fgul olduklar\u0131n\u0131 anlat\u0131yor. Paris\u2019teki bar\u0131\u015f konferans\u0131na kat\u0131lan \u2018Ulusal Ermeni Delegasyonu\u2019 \u00fcyelerini \u2018s\u00f6zde vatanseverler\u2019 olarak tan\u0131mlayan Heryan\u2019a g\u00f6re \u00f6ncelikli olan tutsak Ermenileri \u00f6zg\u00fcrle\u015ftirmek: \u201cBen mi aptal\u0131m yoksa \u2018s\u00f6zde vatanseverler\u2019 mi ak\u0131ll\u0131 bilemiyorum ama kendi prensiplerime ayk\u0131r\u0131 hareket etmeyece\u011fim. Yetimler Ermenistan\u2019\u0131n kalbidir, bir Ermeni\u2019nin bile \u00f6zg\u00fcrle\u015fmesi bizim yarar\u0131m\u0131zad\u0131r (&#8230;) \u00c7\u00f6lde gezinirken,\u00a0 g\u00fcne\u015fin alt\u0131nda par\u0131ldayan beyaz iskeletler ve kemikler \u2018yetimlerimizi azat edin\u2019 diye hayk\u0131r\u0131rken, buna kim kay\u0131ts\u0131z kalabilir? \u00d6lene kadar \u00e7abalayaca\u011f\u0131m.\u201d<\/p>\n<p style=\"text-align: justify\"><b>\u2018Evlenin!\u2019 \u00e7a\u011fr\u0131s\u0131<\/b><\/p>\n<p style=\"text-align: justify\">\u2018\u00d6zg\u00fcrle\u015ftirme Misyonu\u2019nun en dikkate de\u011fer aktivistlerinden, Karen Jeppe\u2019nin evlatl\u0131k o\u011flu, Milletler Cemiyeti\u2019nin Yak\u0131ndo\u011fu temsilcisi Misak Melkonyan ile Heryan\u2019\u0131n birlikte \u00e7al\u0131\u015fmas\u0131, son derece \u00f6nemli bir bulu\u015fma. Misak\u2019\u0131n hem Arap hem de Ermeni ortaklarla \u00e7al\u0131\u015fmas\u0131, kurtarma harekatlar\u0131na b\u00fcy\u00fck yarar sa\u011fl\u0131yor. Misak\u2019\u0131n emrinde kendisinin olu\u015fturdu\u011fu, Ermeni yetimleri ve kad\u0131nlar\u0131 arayan ve onlar\u0131 \u00e7\u00f6ldeki bedevilerin \u00e7ad\u0131rlar\u0131ndan kurtaran bir grup atl\u0131 bulunuyordu. Bazen bu atl\u0131 grubu s\u0131n\u0131r\u0131n T\u00fcrkiye taraf\u0131na ge\u00e7erek, T\u00fcrkler ve K\u00fcrtler taraf\u0131ndan ka\u00e7\u0131r\u0131lan kad\u0131nlar\u0131 ve \u00e7ocuklar\u0131 kurtar\u0131rd\u0131. Kurtulan insanlar Halep\u2019te, \u015fehrin kuzeyinde Kuveyk Nehri\u2019nin k\u0131y\u0131s\u0131ndaki Sheik Daha diye bilinen bah\u00e7elere yerle\u015ftirilir, herkese gerekli yiyecek, sa\u011fl\u0131k hizmeti, giyecek sa\u011flan\u0131r, kimlikleri tespit edildikten sonra akrabalar\u0131n\u0131n onlar\u0131 bulabilmesi i\u00e7in gazetelere, kiliselere ve Ermeni cemaatlerine isimleri yollan\u0131rd\u0131. Ba\u015fka \u015fehirlerden gelenler bu insanlar aras\u0131nda karde\u015flerini bulmak veya akrabalar\u0131n\u0131n kaderiyle ilgili bilgi toplamak i\u00e7in kamplara gelirdi.<\/p>\n<p style=\"text-align: justify\">Ruben Heryan sadece \u00e7ocuklar\u0131n ve kad\u0131nlar\u0131n kurtar\u0131lmas\u0131 de\u011fil, almam\u0131\u015f, yerle\u015fme ve rehabilitasyon s\u00fcre\u00e7lerinin sorumlulu\u011funu da \u00fcstlenmi\u015fti. \u00d6zellikle kad\u0131nlarda, y\u0131llar s\u00fcren al\u0131konman\u0131n, fiziksel ve cinsel istismar\u0131n sebep oldu\u011fu fiziksel ve psikolojik problemler sebebiyle onlar\u0131 topluma kazand\u0131rmak i\u00e7in \u00f6zel ilgi ve tedavi gerekiyordu. Heryan\u2019la bu ba\u011flamda ortakla \u00e7al\u0131\u015fan ilk kurulu\u015f\u00a0 \u2018Halep Ermeni Kad\u0131nlar\u0131 Birli\u011fi\u2019 oldu. Bu kurulu\u015f istismar edilen Ermeni kad\u0131nlara s\u0131\u011f\u0131nma imk\u00e2n\u0131 tan\u0131yordu.<\/p>\n<p style=\"text-align: justify\">O d\u00f6nemin fazlas\u0131yla karma\u015f\u0131k meselelerinden biri de yetimlerin ve kad\u0131nlar\u0131n, \u00e7e\u015fitli sebeplerden \u00f6t\u00fcr\u00fc Ermeni kimliklerini tan\u0131may\u0131 reddetmeleriydi. Bu insanlar\u0131n \u00e7o\u011fu, Ermeni k\u00f6klerinden \u00e7ok k\u00fc\u00e7\u00fck ya\u015fta kopar\u0131lm\u0131\u015f, dillerini ve milletlerini unutmu\u015flard\u0131. Ayn\u0131 zamanda Ermeni olduklar\u0131n\u0131 hat\u0131rlad\u0131klar\u0131 h\u00e2lde bu kimli\u011fi art\u0131k reddedenler de vard\u0131.<\/p>\n<p style=\"text-align: justify\">Heryan\u2019\u0131n endi\u015felerinden biri de, haremlerden kurtar\u0131lan Ermeni k\u0131zlar\u0131n\u0131n kaderiydi. Heryan, \u00e7ok kez Ermeni yetimlerle evlenilmesi ve aile kurulmas\u0131 i\u00e7in g\u00f6n\u00fcll\u00fclere \u00e7a\u011fr\u0131da bulundu. 10 Nisan 1919\u2019da Metaks\u2019a yazd\u0131\u011f\u0131 mektupta Heryan \u015f\u00f6yle diyor: \u201cM\u00fcmk\u00fcn olan her yerde evlilik propagandas\u0131 yapmaya ba\u015flad\u0131m ve iyi sonu\u00e7lar al\u0131yorum. 350 dulun ve k\u0131z\u0131n bulundu\u011fu Adana s\u0131\u011f\u0131na\u011f\u0131nda, g\u00fcnde bir, iki bazen d\u00f6rt d\u00fc\u011f\u00fcn yap\u0131yoruz. G\u00f6n\u00fcll\u00fclerin \u00e7o\u011fu Amerika\u2019dan geliyor&#8230;\u201d<\/p>\n<p style=\"text-align: justify\"><b>Heryan\u2019\u0131n ard\u0131ndan&#8230;<\/b><\/p>\n<p style=\"text-align: justify\">Heryan para eksikli\u011finden \u00f6t\u00fcr\u00fc epey s\u0131k\u0131nt\u0131 ya\u015f\u0131yordu. Ermenilere m\u00fcmk\u00fcn oldu\u011funca \u00e7ok para toplanmas\u0131 i\u00e7in \u00e7a\u011fr\u0131da bulunuyordu. Ona g\u00f6re, tutsaklar\u0131n kurtar\u0131lmas\u0131 \u00e7ok aciliyetli bir meseleydi, \u00e7\u00fcnk\u00fc yar\u0131n \u00e7ok ge\u00e7 kal\u0131nm\u0131\u015f olabilirdi. Ekim 1919\u2019da \u0130stanbul&#8217;dan Adana&#8217;ya gelen Ruben arkada\u015flar\u0131 taraf\u0131ndan toplanm\u0131\u015f paray\u0131 al\u0131p &#8216;\u00e7\u00f6ldeki hayati g\u00f6revi&#8217;ne devam etmek i\u00e7in Der Zor&#8217;a d\u00f6nd\u00fc. Bu d\u00f6nemde \u00e7\u00f6lde tam bir karga\u015fa ortam\u0131 h\u00fck\u00fcm s\u00fcrmekteydi. Araplar aras\u0131nda ayaklanma ba\u015f g\u00f6stermi\u015fti. Can\u0131n\u0131 zor kurtarabildi. Sonraki d\u00f6nemde de Heryan &#8216;\u00d6zg\u00fcrle\u015ftirme Misyonu&#8217; i\u00e7in \u00f6nce Avrupa&#8217;da sonra da Amerika&#8217;da para toplamaktan hi\u00e7 vazge\u00e7medi. Amerika&#8217;dan d\u00f6nd\u00fc\u011f\u00fcnde Ermeni yetim bir kad\u0131nla\u00a0 evlenmek ve Mersin, Kilikya&#8217;ya yerle\u015fmek istiyordu. Ama ne yaz\u0131k ki 7 Temmuz 1921&#8217;de d\u00fc\u011f\u00fcn\u00fcne birka\u00e7 g\u00fcn kala Kahire&#8217;de kalp krizi ge\u00e7irerek hayat\u0131n\u0131 kaybetti. Heryan\u2019\u0131n arkas\u0131ndan gelenler maalesef tutsak Ermenilerin \u00f6zg\u00fcrle\u015fmesi meselesinde onun kadar ba\u015far\u0131l\u0131 olamad\u0131lar.<\/p>\n<p style=\"text-align: justify\"><b>Ermenilerin Muhtar\u0131, \u015eahane \u00c7\u00f6l Adam\u0131<\/b><\/p>\n<p style=\"text-align: justify\">6 Eyl\u00fcl 1919\u2019da Adana\u2019da bas\u0131lan \u2018Ermenilerin Sesi\u2019 gazetesinde \u015f\u00f6yle yaz\u0131yordu: \u201c\u015eahane \u00c7\u00f6l adam\u0131, muazzam Ruben Heryan, alt\u0131 ayd\u0131r geri kalan her \u015feyi unutmu\u015f bir halde b\u00fcy\u00fck bir gayretle k\u0131y\u0131mdan sa\u011f kalan Ermenileri kurtarmaktad\u0131r. A\u015firet liderleri ona \u2018Ermenilerin Muhtar\u0131\u2019 diyor. \u00c7ok az paras\u0131 kalm\u0131\u015fken ve r\u00fc\u015fvet vermeden kimseleri kurtarmak m\u00fcmk\u00fcn de\u011filken, o yine de Ermeni tutsaklar\u0131 kurtarmak i\u00e7in en k\u00fc\u00e7\u00fck f\u0131rsat\u0131 bile de\u011ferlendiriyor.\u201d<\/p>\n<p style=\"text-align: justify\"><b>D\u00f6neme ayna tutan mektuplar<\/b><\/p>\n<p style=\"text-align: justify\">Heryan\u2019\u0131n ar\u015fivinde bulunan, kendisine g\u00f6nderilmi\u015f ve Ermeni Soyk\u0131r\u0131m\u0131&#8217;n\u0131 tasvir eden k\u00fc\u00e7\u00fck insan hik\u00e2yeler anlatan \u00e7ok say\u0131da mektuptan da bahsetmek gerek. Bu mektuplar, Soyk\u0131r\u0131m s\u0131ras\u0131nda ve sonras\u0131nda Heryan&#8217;\u0131n kurtard\u0131\u011f\u0131 hayatlar\u0131n ve ya\u015fan\u0131lan zorluklar\u0131n anlat\u0131ld\u0131\u011f\u0131 b\u00fcy\u00fck bir yapbozun k\u00fc\u00e7\u00fck par\u00e7alar\u0131. Mektuplar\u0131 yollayanlar T\u00fcrkler, K\u00fcrtler, Araplar taraf\u0131ndan ka\u00e7\u0131r\u0131lm\u0131\u015f, taciz ve tecav\u00fcz edilmi\u015f, a\u015fa\u011f\u0131lanm\u0131\u015f, katledilmi\u015f karde\u015fleri, anne-babalar\u0131 ve \u00e7ocuklar\u0131n\u0131 bulmas\u0131 \u00fcmidiyle Heryan\u2019a yer bilgileri, isimler, d\u0131\u015f g\u00f6r\u00fcn\u00fc\u015f \u00f6zellikleri gibi ayr\u0131nt\u0131l\u0131 bilgiler vermi\u015fler.<\/p>\n<p style=\"text-align: justify\"><i><a href=\"mailto:lorasari@agos.com.tr\"><b>lorasari@agos.com.tr<\/b><\/a><\/i><\/p>\n<p style=\"text-align: justify\"><b><i>http:\/\/www.agos.com.tr\/haber.php?seo=ruben-heryan-ya-da-bir-kurtaricinin-oykusu&amp;haberid=6099<\/i><\/b><\/p>\n","protected":false},"excerpt":{"rendered":"<p>LORA SARI Ermeni Soyk\u0131r\u0131m M\u00fczesi\u2019nde uzman olarak g\u00f6rev yapan Anna Aleksanyan, &#8220;Ermeni Kad\u0131nlar\u0131n\u0131n Soyk\u0131r\u0131m Y\u0131llar\u0131ndaki Tecr\u00fcbeleri&#8221; ba\u015fl\u0131kl\u0131 doktora tezi \u00fczerinde \u00e7al\u0131\u015f\u0131yor. Aleksanyan, &#8220;Ruben Heryan: Soyk\u0131r\u0131mdan sonra Ermeni Kad\u0131nlar\u0131n ve \u00c7ocuklar\u0131n M\u00fcsl\u00fcman Ailelerden Kurtaran Adam&#8221; ba\u015fl\u0131kl\u0131 sunumunda soyk\u0131r\u0131mdan sonra \u00f6mr\u00fcn\u00fc yetim \u00e7ocuklar ve esir al\u0131nan Ermeni kad\u0131nlar\u0131 kurtarmaya adayan Ruben Haryan\u2019\u0131n hik\u00e2yesini anlatt\u0131. M\u00fcsl\u00fcmanla\u015f(t\u0131r\u0131l)m\u0131\u015f Ermeniler Konferans\u0131\u2019n\u0131n [&hellip;]<\/p>\n","protected":false},"author":3,"featured_media":0,"comment_status":"open","ping_status":"open","sticky":false,"template":"","format":"standard","meta":{"footnotes":""},"categories":[6,14,26],"tags":[],"class_list":["post-27682","post","type-post","status-publish","format-standard","hentry","category-ermeni-soykirimi","category-haberler","category-makaleler"],"yoast_head":"<!-- This site is optimized with the Yoast SEO plugin v27.4 - https:\/\/yoast.com\/product\/yoast-seo-wordpress\/ -->\n<title>Ruben Heryan ya da bir kurtar\u0131c\u0131n\u0131n \u00f6yk\u00fcs\u00fc - Bati Ermenistan Ve Bati Ermenileri Sorunlari Ara\u015ftirmalar Merkezi<\/title>\n<meta name=\"robots\" content=\"index, follow, max-snippet:-1, max-image-preview:large, max-video-preview:-1\" \/>\n<link rel=\"canonical\" href=\"https:\/\/akunq.net\/turkish\/2013\/12\/27\/ruben-heryan-ya-da-bir-kurtaricinin-oykusu\/\" \/>\n<meta property=\"og:locale\" content=\"en_US\" \/>\n<meta property=\"og:type\" content=\"article\" \/>\n<meta property=\"og:title\" content=\"Ruben Heryan ya da bir kurtar\u0131c\u0131n\u0131n \u00f6yk\u00fcs\u00fc - Bati Ermenistan Ve Bati Ermenileri Sorunlari Ara\u015ftirmalar Merkezi\" \/>\n<meta property=\"og:description\" content=\"LORA SARI Ermeni Soyk\u0131r\u0131m M\u00fczesi\u2019nde uzman olarak g\u00f6rev yapan Anna Aleksanyan, &#8220;Ermeni Kad\u0131nlar\u0131n\u0131n Soyk\u0131r\u0131m Y\u0131llar\u0131ndaki Tecr\u00fcbeleri&#8221; ba\u015fl\u0131kl\u0131 doktora tezi \u00fczerinde \u00e7al\u0131\u015f\u0131yor. Aleksanyan, &#8220;Ruben Heryan: Soyk\u0131r\u0131mdan sonra Ermeni Kad\u0131nlar\u0131n ve \u00c7ocuklar\u0131n M\u00fcsl\u00fcman Ailelerden Kurtaran Adam&#8221; ba\u015fl\u0131kl\u0131 sunumunda soyk\u0131r\u0131mdan sonra \u00f6mr\u00fcn\u00fc yetim \u00e7ocuklar ve esir al\u0131nan Ermeni kad\u0131nlar\u0131 kurtarmaya adayan Ruben Haryan\u2019\u0131n hik\u00e2yesini anlatt\u0131. M\u00fcsl\u00fcmanla\u015f(t\u0131r\u0131l)m\u0131\u015f Ermeniler Konferans\u0131\u2019n\u0131n [&hellip;]\" \/>\n<meta property=\"og:url\" content=\"https:\/\/akunq.net\/turkish\/2013\/12\/27\/ruben-heryan-ya-da-bir-kurtaricinin-oykusu\/\" \/>\n<meta property=\"og:site_name\" content=\"Bati Ermenistan Ve Bati Ermenileri Sorunlari Ara\u015ftirmalar Merkezi\" \/>\n<meta property=\"article:published_time\" content=\"2013-12-27T07:48:40+00:00\" \/>\n<meta property=\"og:image\" content=\"https:\/\/akunq.net\/turkish\/wp-content\/uploads\/sites\/5\/2013\/12\/anna_aleksanyan550_01531.jpg\" \/>\n\t<meta property=\"og:image:width\" content=\"547\" \/>\n\t<meta property=\"og:image:height\" content=\"400\" \/>\n\t<meta property=\"og:image:type\" content=\"image\/jpeg\" \/>\n<meta name=\"author\" content=\"kalem\" \/>\n<meta name=\"twitter:card\" content=\"summary_large_image\" \/>\n<meta name=\"twitter:label1\" content=\"Written by\" \/>\n\t<meta name=\"twitter:data1\" content=\"kalem\" \/>\n\t<meta name=\"twitter:label2\" content=\"Est. reading time\" \/>\n\t<meta name=\"twitter:data2\" content=\"9 minutes\" \/>\n<script type=\"application\/ld+json\" class=\"yoast-schema-graph\">{\"@context\":\"https:\\\/\\\/schema.org\",\"@graph\":[{\"@type\":\"Article\",\"@id\":\"https:\\\/\\\/akunq.net\\\/turkish\\\/2013\\\/12\\\/27\\\/ruben-heryan-ya-da-bir-kurtaricinin-oykusu\\\/#article\",\"isPartOf\":{\"@id\":\"https:\\\/\\\/akunq.net\\\/turkish\\\/2013\\\/12\\\/27\\\/ruben-heryan-ya-da-bir-kurtaricinin-oykusu\\\/\"},\"author\":{\"name\":\"kalem\",\"@id\":\"https:\\\/\\\/akunq.net\\\/turkish\\\/#\\\/schema\\\/person\\\/135e7923d1aeb8887890799619969a6c\"},\"headline\":\"Ruben Heryan ya da bir kurtar\u0131c\u0131n\u0131n \u00f6yk\u00fcs\u00fc\",\"datePublished\":\"2013-12-27T07:48:40+00:00\",\"mainEntityOfPage\":{\"@id\":\"https:\\\/\\\/akunq.net\\\/turkish\\\/2013\\\/12\\\/27\\\/ruben-heryan-ya-da-bir-kurtaricinin-oykusu\\\/\"},\"wordCount\":1902,\"commentCount\":0,\"image\":{\"@id\":\"https:\\\/\\\/akunq.net\\\/turkish\\\/2013\\\/12\\\/27\\\/ruben-heryan-ya-da-bir-kurtaricinin-oykusu\\\/#primaryimage\"},\"thumbnailUrl\":\"http:\\\/\\\/akunq.net\\\/tr\\\/wp-content\\\/uploads\\\/2013\\\/12\\\/anna_aleksanyan550_01531-300x219.jpg\",\"articleSection\":[\"Ermeni Soyk\u0131r\u0131m\u0131\",\"Haberler\",\"Makaleler\"],\"inLanguage\":\"en-US\",\"potentialAction\":[{\"@type\":\"CommentAction\",\"name\":\"Comment\",\"target\":[\"https:\\\/\\\/akunq.net\\\/turkish\\\/2013\\\/12\\\/27\\\/ruben-heryan-ya-da-bir-kurtaricinin-oykusu\\\/#respond\"]}]},{\"@type\":\"WebPage\",\"@id\":\"https:\\\/\\\/akunq.net\\\/turkish\\\/2013\\\/12\\\/27\\\/ruben-heryan-ya-da-bir-kurtaricinin-oykusu\\\/\",\"url\":\"https:\\\/\\\/akunq.net\\\/turkish\\\/2013\\\/12\\\/27\\\/ruben-heryan-ya-da-bir-kurtaricinin-oykusu\\\/\",\"name\":\"Ruben Heryan ya da bir kurtar\u0131c\u0131n\u0131n \u00f6yk\u00fcs\u00fc - Bati Ermenistan Ve Bati Ermenileri Sorunlari Ara\u015ftirmalar Merkezi\",\"isPartOf\":{\"@id\":\"https:\\\/\\\/akunq.net\\\/turkish\\\/#website\"},\"primaryImageOfPage\":{\"@id\":\"https:\\\/\\\/akunq.net\\\/turkish\\\/2013\\\/12\\\/27\\\/ruben-heryan-ya-da-bir-kurtaricinin-oykusu\\\/#primaryimage\"},\"image\":{\"@id\":\"https:\\\/\\\/akunq.net\\\/turkish\\\/2013\\\/12\\\/27\\\/ruben-heryan-ya-da-bir-kurtaricinin-oykusu\\\/#primaryimage\"},\"thumbnailUrl\":\"http:\\\/\\\/akunq.net\\\/tr\\\/wp-content\\\/uploads\\\/2013\\\/12\\\/anna_aleksanyan550_01531-300x219.jpg\",\"datePublished\":\"2013-12-27T07:48:40+00:00\",\"author\":{\"@id\":\"https:\\\/\\\/akunq.net\\\/turkish\\\/#\\\/schema\\\/person\\\/135e7923d1aeb8887890799619969a6c\"},\"breadcrumb\":{\"@id\":\"https:\\\/\\\/akunq.net\\\/turkish\\\/2013\\\/12\\\/27\\\/ruben-heryan-ya-da-bir-kurtaricinin-oykusu\\\/#breadcrumb\"},\"inLanguage\":\"en-US\",\"potentialAction\":[{\"@type\":\"ReadAction\",\"target\":[\"https:\\\/\\\/akunq.net\\\/turkish\\\/2013\\\/12\\\/27\\\/ruben-heryan-ya-da-bir-kurtaricinin-oykusu\\\/\"]}]},{\"@type\":\"ImageObject\",\"inLanguage\":\"en-US\",\"@id\":\"https:\\\/\\\/akunq.net\\\/turkish\\\/2013\\\/12\\\/27\\\/ruben-heryan-ya-da-bir-kurtaricinin-oykusu\\\/#primaryimage\",\"url\":\"http:\\\/\\\/akunq.net\\\/tr\\\/wp-content\\\/uploads\\\/2013\\\/12\\\/anna_aleksanyan550_01531-300x219.jpg\",\"contentUrl\":\"http:\\\/\\\/akunq.net\\\/tr\\\/wp-content\\\/uploads\\\/2013\\\/12\\\/anna_aleksanyan550_01531-300x219.jpg\"},{\"@type\":\"BreadcrumbList\",\"@id\":\"https:\\\/\\\/akunq.net\\\/turkish\\\/2013\\\/12\\\/27\\\/ruben-heryan-ya-da-bir-kurtaricinin-oykusu\\\/#breadcrumb\",\"itemListElement\":[{\"@type\":\"ListItem\",\"position\":1,\"name\":\"Home\",\"item\":\"https:\\\/\\\/akunq.net\\\/turkish\\\/\"},{\"@type\":\"ListItem\",\"position\":2,\"name\":\"Ruben Heryan ya da bir kurtar\u0131c\u0131n\u0131n \u00f6yk\u00fcs\u00fc\"}]},{\"@type\":\"WebSite\",\"@id\":\"https:\\\/\\\/akunq.net\\\/turkish\\\/#website\",\"url\":\"https:\\\/\\\/akunq.net\\\/turkish\\\/\",\"name\":\"Bati Ermenistan Ve Bati Ermenileri Sorunlari Ara\u015ftirmalar Merkezi\",\"description\":\"\",\"potentialAction\":[{\"@type\":\"SearchAction\",\"target\":{\"@type\":\"EntryPoint\",\"urlTemplate\":\"https:\\\/\\\/akunq.net\\\/turkish\\\/?s={search_term_string}\"},\"query-input\":{\"@type\":\"PropertyValueSpecification\",\"valueRequired\":true,\"valueName\":\"search_term_string\"}}],\"inLanguage\":\"en-US\"},{\"@type\":\"Person\",\"@id\":\"https:\\\/\\\/akunq.net\\\/turkish\\\/#\\\/schema\\\/person\\\/135e7923d1aeb8887890799619969a6c\",\"name\":\"kalem\",\"image\":{\"@type\":\"ImageObject\",\"inLanguage\":\"en-US\",\"@id\":\"https:\\\/\\\/secure.gravatar.com\\\/avatar\\\/a06875e4b25feb5674296adf8e8a7ae1e587cebce2493fe63c456109967e27d3?s=96&d=mm&r=g\",\"url\":\"https:\\\/\\\/secure.gravatar.com\\\/avatar\\\/a06875e4b25feb5674296adf8e8a7ae1e587cebce2493fe63c456109967e27d3?s=96&d=mm&r=g\",\"contentUrl\":\"https:\\\/\\\/secure.gravatar.com\\\/avatar\\\/a06875e4b25feb5674296adf8e8a7ae1e587cebce2493fe63c456109967e27d3?s=96&d=mm&r=g\",\"caption\":\"kalem\"},\"url\":\"https:\\\/\\\/akunq.net\\\/turkish\\\/author\\\/kalem\\\/\"}]}<\/script>\n<!-- \/ Yoast SEO plugin. -->","yoast_head_json":{"title":"Ruben Heryan ya da bir kurtar\u0131c\u0131n\u0131n \u00f6yk\u00fcs\u00fc - Bati Ermenistan Ve Bati Ermenileri Sorunlari Ara\u015ftirmalar Merkezi","robots":{"index":"index","follow":"follow","max-snippet":"max-snippet:-1","max-image-preview":"max-image-preview:large","max-video-preview":"max-video-preview:-1"},"canonical":"https:\/\/akunq.net\/turkish\/2013\/12\/27\/ruben-heryan-ya-da-bir-kurtaricinin-oykusu\/","og_locale":"en_US","og_type":"article","og_title":"Ruben Heryan ya da bir kurtar\u0131c\u0131n\u0131n \u00f6yk\u00fcs\u00fc - Bati Ermenistan Ve Bati Ermenileri Sorunlari Ara\u015ftirmalar Merkezi","og_description":"LORA SARI Ermeni Soyk\u0131r\u0131m M\u00fczesi\u2019nde uzman olarak g\u00f6rev yapan Anna Aleksanyan, &#8220;Ermeni Kad\u0131nlar\u0131n\u0131n Soyk\u0131r\u0131m Y\u0131llar\u0131ndaki Tecr\u00fcbeleri&#8221; ba\u015fl\u0131kl\u0131 doktora tezi \u00fczerinde \u00e7al\u0131\u015f\u0131yor. Aleksanyan, &#8220;Ruben Heryan: Soyk\u0131r\u0131mdan sonra Ermeni Kad\u0131nlar\u0131n ve \u00c7ocuklar\u0131n M\u00fcsl\u00fcman Ailelerden Kurtaran Adam&#8221; ba\u015fl\u0131kl\u0131 sunumunda soyk\u0131r\u0131mdan sonra \u00f6mr\u00fcn\u00fc yetim \u00e7ocuklar ve esir al\u0131nan Ermeni kad\u0131nlar\u0131 kurtarmaya adayan Ruben Haryan\u2019\u0131n hik\u00e2yesini anlatt\u0131. M\u00fcsl\u00fcmanla\u015f(t\u0131r\u0131l)m\u0131\u015f Ermeniler Konferans\u0131\u2019n\u0131n [&hellip;]","og_url":"https:\/\/akunq.net\/turkish\/2013\/12\/27\/ruben-heryan-ya-da-bir-kurtaricinin-oykusu\/","og_site_name":"Bati Ermenistan Ve Bati Ermenileri Sorunlari Ara\u015ftirmalar Merkezi","article_published_time":"2013-12-27T07:48:40+00:00","og_image":[{"width":547,"height":400,"url":"https:\/\/akunq.net\/turkish\/wp-content\/uploads\/sites\/5\/2013\/12\/anna_aleksanyan550_01531.jpg","type":"image\/jpeg"}],"author":"kalem","twitter_card":"summary_large_image","twitter_misc":{"Written by":"kalem","Est. reading time":"9 minutes"},"schema":{"@context":"https:\/\/schema.org","@graph":[{"@type":"Article","@id":"https:\/\/akunq.net\/turkish\/2013\/12\/27\/ruben-heryan-ya-da-bir-kurtaricinin-oykusu\/#article","isPartOf":{"@id":"https:\/\/akunq.net\/turkish\/2013\/12\/27\/ruben-heryan-ya-da-bir-kurtaricinin-oykusu\/"},"author":{"name":"kalem","@id":"https:\/\/akunq.net\/turkish\/#\/schema\/person\/135e7923d1aeb8887890799619969a6c"},"headline":"Ruben Heryan ya da bir kurtar\u0131c\u0131n\u0131n \u00f6yk\u00fcs\u00fc","datePublished":"2013-12-27T07:48:40+00:00","mainEntityOfPage":{"@id":"https:\/\/akunq.net\/turkish\/2013\/12\/27\/ruben-heryan-ya-da-bir-kurtaricinin-oykusu\/"},"wordCount":1902,"commentCount":0,"image":{"@id":"https:\/\/akunq.net\/turkish\/2013\/12\/27\/ruben-heryan-ya-da-bir-kurtaricinin-oykusu\/#primaryimage"},"thumbnailUrl":"http:\/\/akunq.net\/tr\/wp-content\/uploads\/2013\/12\/anna_aleksanyan550_01531-300x219.jpg","articleSection":["Ermeni Soyk\u0131r\u0131m\u0131","Haberler","Makaleler"],"inLanguage":"en-US","potentialAction":[{"@type":"CommentAction","name":"Comment","target":["https:\/\/akunq.net\/turkish\/2013\/12\/27\/ruben-heryan-ya-da-bir-kurtaricinin-oykusu\/#respond"]}]},{"@type":"WebPage","@id":"https:\/\/akunq.net\/turkish\/2013\/12\/27\/ruben-heryan-ya-da-bir-kurtaricinin-oykusu\/","url":"https:\/\/akunq.net\/turkish\/2013\/12\/27\/ruben-heryan-ya-da-bir-kurtaricinin-oykusu\/","name":"Ruben Heryan ya da bir kurtar\u0131c\u0131n\u0131n \u00f6yk\u00fcs\u00fc - Bati Ermenistan Ve Bati Ermenileri Sorunlari Ara\u015ftirmalar Merkezi","isPartOf":{"@id":"https:\/\/akunq.net\/turkish\/#website"},"primaryImageOfPage":{"@id":"https:\/\/akunq.net\/turkish\/2013\/12\/27\/ruben-heryan-ya-da-bir-kurtaricinin-oykusu\/#primaryimage"},"image":{"@id":"https:\/\/akunq.net\/turkish\/2013\/12\/27\/ruben-heryan-ya-da-bir-kurtaricinin-oykusu\/#primaryimage"},"thumbnailUrl":"http:\/\/akunq.net\/tr\/wp-content\/uploads\/2013\/12\/anna_aleksanyan550_01531-300x219.jpg","datePublished":"2013-12-27T07:48:40+00:00","author":{"@id":"https:\/\/akunq.net\/turkish\/#\/schema\/person\/135e7923d1aeb8887890799619969a6c"},"breadcrumb":{"@id":"https:\/\/akunq.net\/turkish\/2013\/12\/27\/ruben-heryan-ya-da-bir-kurtaricinin-oykusu\/#breadcrumb"},"inLanguage":"en-US","potentialAction":[{"@type":"ReadAction","target":["https:\/\/akunq.net\/turkish\/2013\/12\/27\/ruben-heryan-ya-da-bir-kurtaricinin-oykusu\/"]}]},{"@type":"ImageObject","inLanguage":"en-US","@id":"https:\/\/akunq.net\/turkish\/2013\/12\/27\/ruben-heryan-ya-da-bir-kurtaricinin-oykusu\/#primaryimage","url":"http:\/\/akunq.net\/tr\/wp-content\/uploads\/2013\/12\/anna_aleksanyan550_01531-300x219.jpg","contentUrl":"http:\/\/akunq.net\/tr\/wp-content\/uploads\/2013\/12\/anna_aleksanyan550_01531-300x219.jpg"},{"@type":"BreadcrumbList","@id":"https:\/\/akunq.net\/turkish\/2013\/12\/27\/ruben-heryan-ya-da-bir-kurtaricinin-oykusu\/#breadcrumb","itemListElement":[{"@type":"ListItem","position":1,"name":"Home","item":"https:\/\/akunq.net\/turkish\/"},{"@type":"ListItem","position":2,"name":"Ruben Heryan ya da bir kurtar\u0131c\u0131n\u0131n \u00f6yk\u00fcs\u00fc"}]},{"@type":"WebSite","@id":"https:\/\/akunq.net\/turkish\/#website","url":"https:\/\/akunq.net\/turkish\/","name":"Bati Ermenistan Ve Bati Ermenileri Sorunlari Ara\u015ftirmalar Merkezi","description":"","potentialAction":[{"@type":"SearchAction","target":{"@type":"EntryPoint","urlTemplate":"https:\/\/akunq.net\/turkish\/?s={search_term_string}"},"query-input":{"@type":"PropertyValueSpecification","valueRequired":true,"valueName":"search_term_string"}}],"inLanguage":"en-US"},{"@type":"Person","@id":"https:\/\/akunq.net\/turkish\/#\/schema\/person\/135e7923d1aeb8887890799619969a6c","name":"kalem","image":{"@type":"ImageObject","inLanguage":"en-US","@id":"https:\/\/secure.gravatar.com\/avatar\/a06875e4b25feb5674296adf8e8a7ae1e587cebce2493fe63c456109967e27d3?s=96&d=mm&r=g","url":"https:\/\/secure.gravatar.com\/avatar\/a06875e4b25feb5674296adf8e8a7ae1e587cebce2493fe63c456109967e27d3?s=96&d=mm&r=g","contentUrl":"https:\/\/secure.gravatar.com\/avatar\/a06875e4b25feb5674296adf8e8a7ae1e587cebce2493fe63c456109967e27d3?s=96&d=mm&r=g","caption":"kalem"},"url":"https:\/\/akunq.net\/turkish\/author\/kalem\/"}]}},"_links":{"self":[{"href":"https:\/\/akunq.net\/turkish\/wp-json\/wp\/v2\/posts\/27682","targetHints":{"allow":["GET"]}}],"collection":[{"href":"https:\/\/akunq.net\/turkish\/wp-json\/wp\/v2\/posts"}],"about":[{"href":"https:\/\/akunq.net\/turkish\/wp-json\/wp\/v2\/types\/post"}],"author":[{"embeddable":true,"href":"https:\/\/akunq.net\/turkish\/wp-json\/wp\/v2\/users\/3"}],"replies":[{"embeddable":true,"href":"https:\/\/akunq.net\/turkish\/wp-json\/wp\/v2\/comments?post=27682"}],"version-history":[{"count":0,"href":"https:\/\/akunq.net\/turkish\/wp-json\/wp\/v2\/posts\/27682\/revisions"}],"wp:attachment":[{"href":"https:\/\/akunq.net\/turkish\/wp-json\/wp\/v2\/media?parent=27682"}],"wp:term":[{"taxonomy":"category","embeddable":true,"href":"https:\/\/akunq.net\/turkish\/wp-json\/wp\/v2\/categories?post=27682"},{"taxonomy":"post_tag","embeddable":true,"href":"https:\/\/akunq.net\/turkish\/wp-json\/wp\/v2\/tags?post=27682"}],"curies":[{"name":"wp","href":"https:\/\/api.w.org\/{rel}","templated":true}]}}