{"id":27648,"date":"2013-12-25T06:26:31","date_gmt":"2013-12-25T11:26:31","guid":{"rendered":"http:\/\/akunq.net\/tr\/?p=27648"},"modified":"2013-12-25T06:26:31","modified_gmt":"2013-12-25T11:26:31","slug":"her-olumlu-cezaevini-tadacaktir-denmis-ust-perdeden","status":"publish","type":"post","link":"https:\/\/akunq.net\/turkish\/2013\/12\/25\/her-olumlu-cezaevini-tadacaktir-denmis-ust-perdeden\/","title":{"rendered":"\u201cHer \u00f6l\u00fcml\u00fc cezaevini tadacakt\u0131r!\u201d Denmi\u015f \u00fcst perdeden"},"content":{"rendered":"<p style=\"text-align: justify\"><b><a href=\"http:\/\/akunq.net\/tr\/wp-content\/uploads\/2013\/12\/Sevan-Nisanyan.jpg\"><img loading=\"lazy\" decoding=\"async\" class=\"alignright size-medium wp-image-27649\" alt=\"Sevan Nisanyan\" src=\"http:\/\/akunq.net\/tr\/wp-content\/uploads\/2013\/12\/Sevan-Nisanyan-300x185.jpg\" width=\"300\" height=\"185\" srcset=\"https:\/\/akunq.net\/turkish\/wp-content\/uploads\/sites\/5\/2013\/12\/Sevan-Nisanyan-300x185.jpg 300w, https:\/\/akunq.net\/turkish\/wp-content\/uploads\/sites\/5\/2013\/12\/Sevan-Nisanyan.jpg 609w\" sizes=\"auto, (max-width: 300px) 100vw, 300px\" \/><\/a>Sait \u00c7etino\u011flu<\/b><\/p>\n<p style=\"text-align: justify\">Ya\u015fad\u0131\u011f\u0131 co\u011frafyan\u0131n k\u00fclt\u00fcr\u00fcne, diline, tarihine, co\u011frafyas\u0131na ve \u00f6zg\u00fcrl\u00fck m\u00fccadelesine <i>Hodri Meydan Kulesi <\/i>gibi dik durarak \u00f6nemli katk\u0131larda bulunan d\u00fc\u015f\u00fcn insan\u0131, yazar ve aktivist SevanNi\u015fanyan, devletin tepesindekilerin \u201cbirinci dereceden yak\u0131nlar\u0131n\u0131n\u201d ba\u015f akt\u00f6r oldu\u011fu yolsuzluk skandallar\u0131n\u0131n heng\u00e2mesi aras\u0131nda <i>sessiz sedas\u0131z <\/i>demir parmakl\u0131klar arkas\u0131na yollan\u0131yor.<\/p>\n<p style=\"text-align: justify\">Sevan Ni\u015fanyan vakas\u0131na birka\u00e7 a\u00e7\u0131dan bakmak m\u00fcmk\u00fcn.<\/p>\n<ol style=\"text-align: justify\">\n<li>\u0130lk olarak D\u00dc\u015e\u00dcNCE \u00d6ZG\u00dcRL\u00dc\u011e\u00dc a\u00e7\u0131s\u0131ndan bakmak gerekiyor. \u00d6zg\u00fcr sesin d\u00fc\u015f\u00fcncelerinden dolay\u0131 cezaland\u0131r\u0131lmas\u0131 risklidir. Bir su\u00e7 uydurup cezaland\u0131rmak en iyisidir. Vaka, bir d\u00fc\u015f\u00fcn insan\u0131n\u0131n ceza hukuku alet edilerek susturulmas\u0131 ve itibars\u0131zla\u015ft\u0131r\u0131lmaya \u00e7al\u0131\u015f\u0131lmas\u0131d\u0131r. Mesele M\u00dcH\u00dcR, mesele KA\u00c7AK \u0130N\u015eAAT meselesi de\u011fildir. Son g\u00fcnlerde artan oranda yazarlar, gazeteler, dergiler ve yay\u0131nevleri bu y\u00f6ntemle cezaland\u0131r\u0131lmaktad\u0131r. Y\u00fckl\u00fc tazminat davalar\u0131 da ayn\u0131 e\u011filimin g\u00f6stergesidirler. SevanNi\u015fanyan olay\u0131, hukukun siyasi amaca alet edilmesinin a\u015fik\u00e2r bir \u00f6rne\u011fidir.<\/li>\n<li>Vakaya Ermeni mallar\u0131n\u0131n ya\u011fmas\u0131 a\u00e7\u0131s\u0131ndan bakal\u0131m. \u0130ttihat\u00e7\u0131 \u00e7etenin Ermenilerin mallar\u0131na sistemli olarak el koyma harek\u00e2t\u0131n\u0131n son noktalar\u0131ndan biri, Anayasa Mahkemesinin 1963 y\u0131l\u0131nda Ermenilerin m\u00fclk\u00fcn\u00fc devletin mal\u0131 sayan karar\u0131d\u0131r. Bu zihniyet y\u00fcz\u00fcnden Sevan\u2019\u0131n m\u00fclk\u00fcne Emval-i Metruke muamelesi yap\u0131ld\u0131, Sevan\u2019\u0131n kendi m\u00fclk\u00fc \u00fczerine yapt\u0131\u011f\u0131 g\u00fczelliklere d\u00fc\u015fman olundu, Sevan\u2019\u0131 korkutup y\u0131ld\u0131rarak bunlar ele ge\u00e7irilmeye \u00e7al\u0131\u015f\u0131ld\u0131. Sevan bu m\u00fclkleri Nesin Vakf\u0131na ba\u011f\u0131\u015flad\u0131\u011f\u0131nda ancak k\u0131sa bir s\u00fcre i\u00e7in kendini tart\u0131\u015fman\u0131n d\u0131\u015f\u0131na \u00e7ekebildi. Ba\u011f\u0131\u015flarken \u201cMademki Ermeni\u2019yim istenmeden vermeliyim!\u201d s\u00f6zleriyle muktedirleri dalgaya almas\u0131, an\u0131t mezar\u0131n a\u00e7\u0131l\u0131\u015f\u0131nda ortaparma\u011f\u0131yla dik durmas\u0131 unutulmayarak, ortam kotar\u0131ld\u0131\u011f\u0131nda art\u0131k kendi m\u00fclk\u00fc olmayan tek g\u00f6z oda k\u00f6y evi nedeniyle 4 y\u0131l hapis cezas\u0131 onand\u0131.<\/li>\n<li>Vakaya yolsuzluk a\u00e7\u0131s\u0131ndan bakal\u0131m. Yolsuzluk su\u00e7lar\u0131n\u0131n cezas\u0131 son 4. Yarg\u0131 paketi ile neredeyse kabahat d\u00fczeyine indirilmi\u015f, d\u00fcnyan\u0131n g\u00f6z\u00fc \u00f6n\u00fcnde imparatorlu\u011fun ba\u015fkenti \u0130stanbul rant \u00e7evrelerine pe\u015fke\u015f \u00e7ekilmi\u015f, \u00c7evre ve \u015eehircilik Bakanl\u0131\u011f\u0131 ortakl\u0131\u011f\u0131yla betona bo\u011fulmu\u015f, ve bunu yapan insanlara dokunulmam\u0131\u015ft\u0131r. \u00d6te yanda \u015eirince\u2019de, \u00e7ok k\u0131s\u0131tl\u0131 imk\u00e2nlarla ve al\u0131n teriyle yarat\u0131lm\u0131\u015f bir d\u00fcnya cenneti s\u00f6z konusudur. Hangi k\u00f6yde tek g\u00f6z oda k\u00f6y evi y\u00fcz\u00fcnden insanlara d\u00f6rt y\u0131l hapis cezas\u0131 verildi\u011fi g\u00f6r\u00fclm\u00fc\u015ft\u00fcr?<\/li>\n<li>Vakaya Ermenilik a\u00e7\u0131s\u0131ndan bakal\u0131m: Bir Ermeni\u2019nin dik durmas\u0131na tahamm\u00fcl edilmemi\u015ftir. Devletin muktedirlerinin g\u00f6z\u00fcnde, Sevan \u0130slami mitolojiye ayk\u0131r\u0131 s\u00f6z etti diye bakkala ekmek almaya gitmekten utanan Ermeniler makbuld\u00fcr.\u00a0 Gazetelerde her g\u00fcn H\u0131ristiyanl\u0131k aleyhine s\u00fctunlar doldurulurken, Malatya\u2019da \u201cmisyonerlik\u201d faaliyeti yap\u0131yorlar diyerek ger\u00e7ekle\u015ftirilen katliam\u0131n \u00fczerine gidilmez iken, \u0130slam mitolojisine s\u00f6yledi\u011fi iki sat\u0131rl\u0131k s\u00f6z \u00fczerine Ermeni oldu\u011fundan Sevan Ni\u015fanyan\u2019a 13,5 ay hapis cezas\u0131 kesilmi\u015ftir.<\/li>\n<li>Vakaya Soyk\u0131r\u0131m\u0131n 100. y\u0131l\u0131n\u0131 idrak etti\u011fimiz 2015 perspektifinden bakal\u0131m: Sevan Ni\u015fanyan bu co\u011frafyada s\u00f6z\u00fcn\u00fc esirgemeyen \u00e7ok az say\u0131daki Ermeni karde\u015fimizden biridir. Devletin her koldan 2015\u2019e haz\u0131rland\u0131\u011f\u0131 g\u00fcn\u00fcm\u00fczde, en \u00f6nemli ve en etkin ki\u015filerden birinin susturulmas\u0131 gerekiyordu. Bu y\u00f6ntemle mensubu oldu\u011fu halk\u0131na g\u00f6zda\u011f\u0131 verildi\u011fi gibi, Soyk\u0131r\u0131m\u0131n y\u00fcz\u00fcnc\u00fc y\u0131l\u0131nda Ermenihalk\u0131n\u0131n adalet aray\u0131\u015f\u0131nda yan\u0131nda duranlara da bir g\u00f6zda\u011f\u0131 verilmi\u015ftir.<\/li>\n<\/ol>\n<p style=\"text-align: justify\">\u0130\u00e7inde ya\u015fad\u0131\u011f\u0131m\u0131z co\u011frafyadan ge\u00e7en y\u00fczy\u0131lda bir bu\u00e7uk milyon Ermeninin k\u00f6k\u00fc kaz\u0131nd\u0131. Hala katilinin r\u00fctbesini s\u00f6ylemekten aciz oldu\u011fumuz, karde\u015fimiz Hrant\u2019\u0131n katli nas\u0131l 1.500.000+1 ise, er Sevag Bal\u0131k\u00e7\u0131\u2019n\u0131n askerlik g\u00f6revini yapt\u0131\u011f\u0131 k\u0131\u015flada bir 24 Nisan g\u00fcn\u00fc \u201c\u015faka ile\u201d\u00f6ld\u00fcr\u00fclmesi nas\u0131l 1.500.000+2 ise, SevanNi\u015fanyan\u2019\u0131n uyduruk bir gerek\u00e7eyle d\u00f6rt y\u0131la mahk\u00fbm edilmesi1.500.000+3\u2019t\u00fcr. \u0130lk ikisindeki <i>adalet aray\u0131\u015f\u0131<\/i>ndaki gibi s\u0131n\u0131fta kalmadan \u00fc\u00e7\u00fcnc\u00fcs\u00fcne dikkat etmemiz, bu adaletsizli\u011fe kar\u015f\u0131 \u2013 Hrant\u2019\u0131n cenazesinin arkas\u0131ndaki kalabal\u0131\u011f\u0131n aras\u0131nda kaybolarak vicdan\u0131m\u0131z\u0131 temizledi\u011fimizi sanmadan \u2013 sesimizi y\u00fckseltmemiz gerekir.<\/p>\n<p style=\"text-align: justify\">Mesele 1.500.000+3\u2019t\u00fcr. Mesele M\u00dcH\u00dcR, mesele KA\u00c7AK \u0130N\u015eAAT meselesi de\u011fildir. Suskun kalmamak, dik durmak ve Soyk\u0131r\u0131m\u0131n 100. Y\u0131l\u0131nda adalet arayan Ermeni halk\u0131n\u0131n yan\u0131nda durmak gerekir ki, 1.500.000+3\u2019e art\u0131k yeni ilaveler olmas\u0131n!<\/p>\n<p style=\"text-align: justify\">Hukukun zulme alet edilmesine hay\u0131r! diyoruz. Adaletsizli\u011fin ba\u015f m\u00fcsebbibine, Sevan\u2019\u0131n s\u00f6z\u00fc ile <i>Her ba\u015fbakan istifay\u0131 tadacakt\u0131r! <\/i>diyerek cevap veriyoruz.<\/p>\n<p style=\"text-align: justify\"><b>\u201cHer \u00f6l\u00fcml\u00fc cezaevini tadacakt\u0131r!\u201d demi\u015f muktedirler. Hukuku ve insanl\u0131\u011f\u0131 hi\u00e7e sayan bu \u00e7irkin istihzaya \u201cARTIK YETER\u201d diyoruz.<\/b><\/p>\n<p style=\"text-align: justify\"><b><i>Akunq.net <\/i><\/b><\/p>\n","protected":false},"excerpt":{"rendered":"<p>Sait \u00c7etino\u011flu Ya\u015fad\u0131\u011f\u0131 co\u011frafyan\u0131n k\u00fclt\u00fcr\u00fcne, diline, tarihine, co\u011frafyas\u0131na ve \u00f6zg\u00fcrl\u00fck m\u00fccadelesine Hodri Meydan Kulesi gibi dik durarak \u00f6nemli katk\u0131larda bulunan d\u00fc\u015f\u00fcn insan\u0131, yazar ve aktivist SevanNi\u015fanyan, devletin tepesindekilerin \u201cbirinci dereceden yak\u0131nlar\u0131n\u0131n\u201d ba\u015f akt\u00f6r oldu\u011fu yolsuzluk skandallar\u0131n\u0131n heng\u00e2mesi aras\u0131nda sessiz sedas\u0131z demir parmakl\u0131klar arkas\u0131na yollan\u0131yor. Sevan Ni\u015fanyan vakas\u0131na birka\u00e7 a\u00e7\u0131dan bakmak m\u00fcmk\u00fcn. \u0130lk olarak D\u00dc\u015e\u00dcNCE \u00d6ZG\u00dcRL\u00dc\u011e\u00dc [&hellip;]<\/p>\n","protected":false},"author":3,"featured_media":0,"comment_status":"open","ping_status":"open","sticky":false,"template":"","format":"standard","meta":{"footnotes":""},"categories":[14,26],"tags":[],"class_list":["post-27648","post","type-post","status-publish","format-standard","hentry","category-haberler","category-makaleler"],"yoast_head":"<!-- This site is optimized with the Yoast SEO plugin v27.4 - https:\/\/yoast.com\/product\/yoast-seo-wordpress\/ -->\n<title>\u201cHer \u00f6l\u00fcml\u00fc cezaevini tadacakt\u0131r!\u201d Denmi\u015f \u00fcst perdeden - Bati Ermenistan Ve Bati Ermenileri Sorunlari Ara\u015ftirmalar Merkezi<\/title>\n<meta name=\"robots\" content=\"index, follow, max-snippet:-1, max-image-preview:large, max-video-preview:-1\" \/>\n<link rel=\"canonical\" href=\"https:\/\/akunq.net\/turkish\/2013\/12\/25\/her-olumlu-cezaevini-tadacaktir-denmis-ust-perdeden\/\" \/>\n<meta property=\"og:locale\" content=\"en_US\" \/>\n<meta property=\"og:type\" content=\"article\" \/>\n<meta property=\"og:title\" content=\"\u201cHer \u00f6l\u00fcml\u00fc cezaevini tadacakt\u0131r!\u201d Denmi\u015f \u00fcst perdeden - Bati Ermenistan Ve Bati Ermenileri Sorunlari Ara\u015ftirmalar Merkezi\" \/>\n<meta property=\"og:description\" content=\"Sait \u00c7etino\u011flu Ya\u015fad\u0131\u011f\u0131 co\u011frafyan\u0131n k\u00fclt\u00fcr\u00fcne, diline, tarihine, co\u011frafyas\u0131na ve \u00f6zg\u00fcrl\u00fck m\u00fccadelesine Hodri Meydan Kulesi gibi dik durarak \u00f6nemli katk\u0131larda bulunan d\u00fc\u015f\u00fcn insan\u0131, yazar ve aktivist SevanNi\u015fanyan, devletin tepesindekilerin \u201cbirinci dereceden yak\u0131nlar\u0131n\u0131n\u201d ba\u015f akt\u00f6r oldu\u011fu yolsuzluk skandallar\u0131n\u0131n heng\u00e2mesi aras\u0131nda sessiz sedas\u0131z demir parmakl\u0131klar arkas\u0131na yollan\u0131yor. Sevan Ni\u015fanyan vakas\u0131na birka\u00e7 a\u00e7\u0131dan bakmak m\u00fcmk\u00fcn. \u0130lk olarak D\u00dc\u015e\u00dcNCE \u00d6ZG\u00dcRL\u00dc\u011e\u00dc [&hellip;]\" \/>\n<meta property=\"og:url\" content=\"https:\/\/akunq.net\/turkish\/2013\/12\/25\/her-olumlu-cezaevini-tadacaktir-denmis-ust-perdeden\/\" \/>\n<meta property=\"og:site_name\" content=\"Bati Ermenistan Ve Bati Ermenileri Sorunlari Ara\u015ftirmalar Merkezi\" \/>\n<meta property=\"article:published_time\" content=\"2013-12-25T11:26:31+00:00\" \/>\n<meta property=\"og:image\" content=\"https:\/\/akunq.net\/turkish\/wp-content\/uploads\/sites\/5\/2013\/12\/Sevan-Nisanyan.jpg\" \/>\n\t<meta property=\"og:image:width\" content=\"609\" \/>\n\t<meta property=\"og:image:height\" content=\"376\" \/>\n\t<meta property=\"og:image:type\" content=\"image\/jpeg\" \/>\n<meta name=\"author\" content=\"kalem\" \/>\n<meta name=\"twitter:card\" content=\"summary_large_image\" \/>\n<meta name=\"twitter:label1\" content=\"Written by\" \/>\n\t<meta name=\"twitter:data1\" content=\"kalem\" \/>\n\t<meta name=\"twitter:label2\" content=\"Est. reading time\" \/>\n\t<meta name=\"twitter:data2\" content=\"4 minutes\" \/>\n<script type=\"application\/ld+json\" class=\"yoast-schema-graph\">{\"@context\":\"https:\\\/\\\/schema.org\",\"@graph\":[{\"@type\":\"Article\",\"@id\":\"https:\\\/\\\/akunq.net\\\/turkish\\\/2013\\\/12\\\/25\\\/her-olumlu-cezaevini-tadacaktir-denmis-ust-perdeden\\\/#article\",\"isPartOf\":{\"@id\":\"https:\\\/\\\/akunq.net\\\/turkish\\\/2013\\\/12\\\/25\\\/her-olumlu-cezaevini-tadacaktir-denmis-ust-perdeden\\\/\"},\"author\":{\"name\":\"kalem\",\"@id\":\"https:\\\/\\\/akunq.net\\\/turkish\\\/#\\\/schema\\\/person\\\/135e7923d1aeb8887890799619969a6c\"},\"headline\":\"\u201cHer \u00f6l\u00fcml\u00fc cezaevini tadacakt\u0131r!\u201d Denmi\u015f \u00fcst perdeden\",\"datePublished\":\"2013-12-25T11:26:31+00:00\",\"mainEntityOfPage\":{\"@id\":\"https:\\\/\\\/akunq.net\\\/turkish\\\/2013\\\/12\\\/25\\\/her-olumlu-cezaevini-tadacaktir-denmis-ust-perdeden\\\/\"},\"wordCount\":845,\"commentCount\":1,\"image\":{\"@id\":\"https:\\\/\\\/akunq.net\\\/turkish\\\/2013\\\/12\\\/25\\\/her-olumlu-cezaevini-tadacaktir-denmis-ust-perdeden\\\/#primaryimage\"},\"thumbnailUrl\":\"http:\\\/\\\/akunq.net\\\/tr\\\/wp-content\\\/uploads\\\/2013\\\/12\\\/Sevan-Nisanyan-300x185.jpg\",\"articleSection\":[\"Haberler\",\"Makaleler\"],\"inLanguage\":\"en-US\",\"potentialAction\":[{\"@type\":\"CommentAction\",\"name\":\"Comment\",\"target\":[\"https:\\\/\\\/akunq.net\\\/turkish\\\/2013\\\/12\\\/25\\\/her-olumlu-cezaevini-tadacaktir-denmis-ust-perdeden\\\/#respond\"]}]},{\"@type\":\"WebPage\",\"@id\":\"https:\\\/\\\/akunq.net\\\/turkish\\\/2013\\\/12\\\/25\\\/her-olumlu-cezaevini-tadacaktir-denmis-ust-perdeden\\\/\",\"url\":\"https:\\\/\\\/akunq.net\\\/turkish\\\/2013\\\/12\\\/25\\\/her-olumlu-cezaevini-tadacaktir-denmis-ust-perdeden\\\/\",\"name\":\"\u201cHer \u00f6l\u00fcml\u00fc cezaevini tadacakt\u0131r!\u201d Denmi\u015f \u00fcst perdeden - Bati Ermenistan Ve Bati Ermenileri Sorunlari Ara\u015ftirmalar Merkezi\",\"isPartOf\":{\"@id\":\"https:\\\/\\\/akunq.net\\\/turkish\\\/#website\"},\"primaryImageOfPage\":{\"@id\":\"https:\\\/\\\/akunq.net\\\/turkish\\\/2013\\\/12\\\/25\\\/her-olumlu-cezaevini-tadacaktir-denmis-ust-perdeden\\\/#primaryimage\"},\"image\":{\"@id\":\"https:\\\/\\\/akunq.net\\\/turkish\\\/2013\\\/12\\\/25\\\/her-olumlu-cezaevini-tadacaktir-denmis-ust-perdeden\\\/#primaryimage\"},\"thumbnailUrl\":\"http:\\\/\\\/akunq.net\\\/tr\\\/wp-content\\\/uploads\\\/2013\\\/12\\\/Sevan-Nisanyan-300x185.jpg\",\"datePublished\":\"2013-12-25T11:26:31+00:00\",\"author\":{\"@id\":\"https:\\\/\\\/akunq.net\\\/turkish\\\/#\\\/schema\\\/person\\\/135e7923d1aeb8887890799619969a6c\"},\"breadcrumb\":{\"@id\":\"https:\\\/\\\/akunq.net\\\/turkish\\\/2013\\\/12\\\/25\\\/her-olumlu-cezaevini-tadacaktir-denmis-ust-perdeden\\\/#breadcrumb\"},\"inLanguage\":\"en-US\",\"potentialAction\":[{\"@type\":\"ReadAction\",\"target\":[\"https:\\\/\\\/akunq.net\\\/turkish\\\/2013\\\/12\\\/25\\\/her-olumlu-cezaevini-tadacaktir-denmis-ust-perdeden\\\/\"]}]},{\"@type\":\"ImageObject\",\"inLanguage\":\"en-US\",\"@id\":\"https:\\\/\\\/akunq.net\\\/turkish\\\/2013\\\/12\\\/25\\\/her-olumlu-cezaevini-tadacaktir-denmis-ust-perdeden\\\/#primaryimage\",\"url\":\"http:\\\/\\\/akunq.net\\\/tr\\\/wp-content\\\/uploads\\\/2013\\\/12\\\/Sevan-Nisanyan-300x185.jpg\",\"contentUrl\":\"http:\\\/\\\/akunq.net\\\/tr\\\/wp-content\\\/uploads\\\/2013\\\/12\\\/Sevan-Nisanyan-300x185.jpg\"},{\"@type\":\"BreadcrumbList\",\"@id\":\"https:\\\/\\\/akunq.net\\\/turkish\\\/2013\\\/12\\\/25\\\/her-olumlu-cezaevini-tadacaktir-denmis-ust-perdeden\\\/#breadcrumb\",\"itemListElement\":[{\"@type\":\"ListItem\",\"position\":1,\"name\":\"Home\",\"item\":\"https:\\\/\\\/akunq.net\\\/turkish\\\/\"},{\"@type\":\"ListItem\",\"position\":2,\"name\":\"\u201cHer \u00f6l\u00fcml\u00fc cezaevini tadacakt\u0131r!\u201d Denmi\u015f \u00fcst perdeden\"}]},{\"@type\":\"WebSite\",\"@id\":\"https:\\\/\\\/akunq.net\\\/turkish\\\/#website\",\"url\":\"https:\\\/\\\/akunq.net\\\/turkish\\\/\",\"name\":\"Bati Ermenistan Ve Bati Ermenileri Sorunlari Ara\u015ftirmalar Merkezi\",\"description\":\"\",\"potentialAction\":[{\"@type\":\"SearchAction\",\"target\":{\"@type\":\"EntryPoint\",\"urlTemplate\":\"https:\\\/\\\/akunq.net\\\/turkish\\\/?s={search_term_string}\"},\"query-input\":{\"@type\":\"PropertyValueSpecification\",\"valueRequired\":true,\"valueName\":\"search_term_string\"}}],\"inLanguage\":\"en-US\"},{\"@type\":\"Person\",\"@id\":\"https:\\\/\\\/akunq.net\\\/turkish\\\/#\\\/schema\\\/person\\\/135e7923d1aeb8887890799619969a6c\",\"name\":\"kalem\",\"image\":{\"@type\":\"ImageObject\",\"inLanguage\":\"en-US\",\"@id\":\"https:\\\/\\\/secure.gravatar.com\\\/avatar\\\/a06875e4b25feb5674296adf8e8a7ae1e587cebce2493fe63c456109967e27d3?s=96&d=mm&r=g\",\"url\":\"https:\\\/\\\/secure.gravatar.com\\\/avatar\\\/a06875e4b25feb5674296adf8e8a7ae1e587cebce2493fe63c456109967e27d3?s=96&d=mm&r=g\",\"contentUrl\":\"https:\\\/\\\/secure.gravatar.com\\\/avatar\\\/a06875e4b25feb5674296adf8e8a7ae1e587cebce2493fe63c456109967e27d3?s=96&d=mm&r=g\",\"caption\":\"kalem\"},\"url\":\"https:\\\/\\\/akunq.net\\\/turkish\\\/author\\\/kalem\\\/\"}]}<\/script>\n<!-- \/ Yoast SEO plugin. -->","yoast_head_json":{"title":"\u201cHer \u00f6l\u00fcml\u00fc cezaevini tadacakt\u0131r!\u201d Denmi\u015f \u00fcst perdeden - Bati Ermenistan Ve Bati Ermenileri Sorunlari Ara\u015ftirmalar Merkezi","robots":{"index":"index","follow":"follow","max-snippet":"max-snippet:-1","max-image-preview":"max-image-preview:large","max-video-preview":"max-video-preview:-1"},"canonical":"https:\/\/akunq.net\/turkish\/2013\/12\/25\/her-olumlu-cezaevini-tadacaktir-denmis-ust-perdeden\/","og_locale":"en_US","og_type":"article","og_title":"\u201cHer \u00f6l\u00fcml\u00fc cezaevini tadacakt\u0131r!\u201d Denmi\u015f \u00fcst perdeden - Bati Ermenistan Ve Bati Ermenileri Sorunlari Ara\u015ftirmalar Merkezi","og_description":"Sait \u00c7etino\u011flu Ya\u015fad\u0131\u011f\u0131 co\u011frafyan\u0131n k\u00fclt\u00fcr\u00fcne, diline, tarihine, co\u011frafyas\u0131na ve \u00f6zg\u00fcrl\u00fck m\u00fccadelesine Hodri Meydan Kulesi gibi dik durarak \u00f6nemli katk\u0131larda bulunan d\u00fc\u015f\u00fcn insan\u0131, yazar ve aktivist SevanNi\u015fanyan, devletin tepesindekilerin \u201cbirinci dereceden yak\u0131nlar\u0131n\u0131n\u201d ba\u015f akt\u00f6r oldu\u011fu yolsuzluk skandallar\u0131n\u0131n heng\u00e2mesi aras\u0131nda sessiz sedas\u0131z demir parmakl\u0131klar arkas\u0131na yollan\u0131yor. Sevan Ni\u015fanyan vakas\u0131na birka\u00e7 a\u00e7\u0131dan bakmak m\u00fcmk\u00fcn. \u0130lk olarak D\u00dc\u015e\u00dcNCE \u00d6ZG\u00dcRL\u00dc\u011e\u00dc [&hellip;]","og_url":"https:\/\/akunq.net\/turkish\/2013\/12\/25\/her-olumlu-cezaevini-tadacaktir-denmis-ust-perdeden\/","og_site_name":"Bati Ermenistan Ve Bati Ermenileri Sorunlari Ara\u015ftirmalar Merkezi","article_published_time":"2013-12-25T11:26:31+00:00","og_image":[{"width":609,"height":376,"url":"https:\/\/akunq.net\/turkish\/wp-content\/uploads\/sites\/5\/2013\/12\/Sevan-Nisanyan.jpg","type":"image\/jpeg"}],"author":"kalem","twitter_card":"summary_large_image","twitter_misc":{"Written by":"kalem","Est. reading time":"4 minutes"},"schema":{"@context":"https:\/\/schema.org","@graph":[{"@type":"Article","@id":"https:\/\/akunq.net\/turkish\/2013\/12\/25\/her-olumlu-cezaevini-tadacaktir-denmis-ust-perdeden\/#article","isPartOf":{"@id":"https:\/\/akunq.net\/turkish\/2013\/12\/25\/her-olumlu-cezaevini-tadacaktir-denmis-ust-perdeden\/"},"author":{"name":"kalem","@id":"https:\/\/akunq.net\/turkish\/#\/schema\/person\/135e7923d1aeb8887890799619969a6c"},"headline":"\u201cHer \u00f6l\u00fcml\u00fc cezaevini tadacakt\u0131r!\u201d Denmi\u015f \u00fcst perdeden","datePublished":"2013-12-25T11:26:31+00:00","mainEntityOfPage":{"@id":"https:\/\/akunq.net\/turkish\/2013\/12\/25\/her-olumlu-cezaevini-tadacaktir-denmis-ust-perdeden\/"},"wordCount":845,"commentCount":1,"image":{"@id":"https:\/\/akunq.net\/turkish\/2013\/12\/25\/her-olumlu-cezaevini-tadacaktir-denmis-ust-perdeden\/#primaryimage"},"thumbnailUrl":"http:\/\/akunq.net\/tr\/wp-content\/uploads\/2013\/12\/Sevan-Nisanyan-300x185.jpg","articleSection":["Haberler","Makaleler"],"inLanguage":"en-US","potentialAction":[{"@type":"CommentAction","name":"Comment","target":["https:\/\/akunq.net\/turkish\/2013\/12\/25\/her-olumlu-cezaevini-tadacaktir-denmis-ust-perdeden\/#respond"]}]},{"@type":"WebPage","@id":"https:\/\/akunq.net\/turkish\/2013\/12\/25\/her-olumlu-cezaevini-tadacaktir-denmis-ust-perdeden\/","url":"https:\/\/akunq.net\/turkish\/2013\/12\/25\/her-olumlu-cezaevini-tadacaktir-denmis-ust-perdeden\/","name":"\u201cHer \u00f6l\u00fcml\u00fc cezaevini tadacakt\u0131r!\u201d Denmi\u015f \u00fcst perdeden - Bati Ermenistan Ve Bati Ermenileri Sorunlari Ara\u015ftirmalar Merkezi","isPartOf":{"@id":"https:\/\/akunq.net\/turkish\/#website"},"primaryImageOfPage":{"@id":"https:\/\/akunq.net\/turkish\/2013\/12\/25\/her-olumlu-cezaevini-tadacaktir-denmis-ust-perdeden\/#primaryimage"},"image":{"@id":"https:\/\/akunq.net\/turkish\/2013\/12\/25\/her-olumlu-cezaevini-tadacaktir-denmis-ust-perdeden\/#primaryimage"},"thumbnailUrl":"http:\/\/akunq.net\/tr\/wp-content\/uploads\/2013\/12\/Sevan-Nisanyan-300x185.jpg","datePublished":"2013-12-25T11:26:31+00:00","author":{"@id":"https:\/\/akunq.net\/turkish\/#\/schema\/person\/135e7923d1aeb8887890799619969a6c"},"breadcrumb":{"@id":"https:\/\/akunq.net\/turkish\/2013\/12\/25\/her-olumlu-cezaevini-tadacaktir-denmis-ust-perdeden\/#breadcrumb"},"inLanguage":"en-US","potentialAction":[{"@type":"ReadAction","target":["https:\/\/akunq.net\/turkish\/2013\/12\/25\/her-olumlu-cezaevini-tadacaktir-denmis-ust-perdeden\/"]}]},{"@type":"ImageObject","inLanguage":"en-US","@id":"https:\/\/akunq.net\/turkish\/2013\/12\/25\/her-olumlu-cezaevini-tadacaktir-denmis-ust-perdeden\/#primaryimage","url":"http:\/\/akunq.net\/tr\/wp-content\/uploads\/2013\/12\/Sevan-Nisanyan-300x185.jpg","contentUrl":"http:\/\/akunq.net\/tr\/wp-content\/uploads\/2013\/12\/Sevan-Nisanyan-300x185.jpg"},{"@type":"BreadcrumbList","@id":"https:\/\/akunq.net\/turkish\/2013\/12\/25\/her-olumlu-cezaevini-tadacaktir-denmis-ust-perdeden\/#breadcrumb","itemListElement":[{"@type":"ListItem","position":1,"name":"Home","item":"https:\/\/akunq.net\/turkish\/"},{"@type":"ListItem","position":2,"name":"\u201cHer \u00f6l\u00fcml\u00fc cezaevini tadacakt\u0131r!\u201d Denmi\u015f \u00fcst perdeden"}]},{"@type":"WebSite","@id":"https:\/\/akunq.net\/turkish\/#website","url":"https:\/\/akunq.net\/turkish\/","name":"Bati Ermenistan Ve Bati Ermenileri Sorunlari Ara\u015ftirmalar Merkezi","description":"","potentialAction":[{"@type":"SearchAction","target":{"@type":"EntryPoint","urlTemplate":"https:\/\/akunq.net\/turkish\/?s={search_term_string}"},"query-input":{"@type":"PropertyValueSpecification","valueRequired":true,"valueName":"search_term_string"}}],"inLanguage":"en-US"},{"@type":"Person","@id":"https:\/\/akunq.net\/turkish\/#\/schema\/person\/135e7923d1aeb8887890799619969a6c","name":"kalem","image":{"@type":"ImageObject","inLanguage":"en-US","@id":"https:\/\/secure.gravatar.com\/avatar\/a06875e4b25feb5674296adf8e8a7ae1e587cebce2493fe63c456109967e27d3?s=96&d=mm&r=g","url":"https:\/\/secure.gravatar.com\/avatar\/a06875e4b25feb5674296adf8e8a7ae1e587cebce2493fe63c456109967e27d3?s=96&d=mm&r=g","contentUrl":"https:\/\/secure.gravatar.com\/avatar\/a06875e4b25feb5674296adf8e8a7ae1e587cebce2493fe63c456109967e27d3?s=96&d=mm&r=g","caption":"kalem"},"url":"https:\/\/akunq.net\/turkish\/author\/kalem\/"}]}},"_links":{"self":[{"href":"https:\/\/akunq.net\/turkish\/wp-json\/wp\/v2\/posts\/27648","targetHints":{"allow":["GET"]}}],"collection":[{"href":"https:\/\/akunq.net\/turkish\/wp-json\/wp\/v2\/posts"}],"about":[{"href":"https:\/\/akunq.net\/turkish\/wp-json\/wp\/v2\/types\/post"}],"author":[{"embeddable":true,"href":"https:\/\/akunq.net\/turkish\/wp-json\/wp\/v2\/users\/3"}],"replies":[{"embeddable":true,"href":"https:\/\/akunq.net\/turkish\/wp-json\/wp\/v2\/comments?post=27648"}],"version-history":[{"count":0,"href":"https:\/\/akunq.net\/turkish\/wp-json\/wp\/v2\/posts\/27648\/revisions"}],"wp:attachment":[{"href":"https:\/\/akunq.net\/turkish\/wp-json\/wp\/v2\/media?parent=27648"}],"wp:term":[{"taxonomy":"category","embeddable":true,"href":"https:\/\/akunq.net\/turkish\/wp-json\/wp\/v2\/categories?post=27648"},{"taxonomy":"post_tag","embeddable":true,"href":"https:\/\/akunq.net\/turkish\/wp-json\/wp\/v2\/tags?post=27648"}],"curies":[{"name":"wp","href":"https:\/\/api.w.org\/{rel}","templated":true}]}}