{"id":27603,"date":"2013-12-23T06:21:59","date_gmt":"2013-12-23T11:21:59","guid":{"rendered":"http:\/\/akunq.net\/tr\/?p=27603"},"modified":"2013-12-23T06:21:59","modified_gmt":"2013-12-23T11:21:59","slug":"ali-kemal-durustler-bahcesinde-yerini-almali","status":"publish","type":"post","link":"https:\/\/akunq.net\/turkish\/2013\/12\/23\/ali-kemal-durustler-bahcesinde-yerini-almali\/","title":{"rendered":"Ali Kemal d\u00fcr\u00fcstler bah\u00e7esinde yerini almal\u0131"},"content":{"rendered":"<p style=\"text-align: justify\"><b><a href=\"http:\/\/akunq.net\/tr\/wp-content\/uploads\/2013\/12\/Ali-Kemal.jpg\"><img loading=\"lazy\" decoding=\"async\" class=\"alignright size-medium wp-image-27604\" alt=\"Ali Kemal\" src=\"http:\/\/akunq.net\/tr\/wp-content\/uploads\/2013\/12\/Ali-Kemal-300x137.jpg\" width=\"300\" height=\"137\" \/><\/a>RAGIP ZARAKOLU <\/b><\/p>\n<p style=\"text-align: justify\"><b><i>Kimi liberal tarih\u00e7iler, 1915\u2019te ya\u015fanan olgunun bir soyk\u0131r\u0131m oldu\u011fu noktas\u0131na geldiler sonunda.<\/i><\/b><\/p>\n<p style=\"text-align: justify\">Kimi liberal tarih\u00e7iler, 1915\u2019te ya\u015fanan olgunun bir soyk\u0131r\u0131m oldu\u011fu noktas\u0131na geldiler sonunda. \u0130nsanl\u0131\u011fa kar\u015f\u0131 i\u015flenen su\u00e7u, bir \u015fekilde Osmanl\u0131\u2019n\u0131n \u00fcst\u00fcne y\u0131karak, su\u00e7un sorumlulu\u011funu ve bu \u201ckirli i\u015f\u201dten modern Cumhuriyeti ar\u0131nd\u0131rmak olarak da anlayabiliriz bunu.<br \/>\nBunu yapmak, asl\u0131nda 1918 M\u00fctarekesi ile 19 May\u0131s 1919 tarihleri aras\u0131nda m\u00fcmk\u00fcnd\u00fc. Osmanl\u0131 Parlamentosu buna ili\u015fkin bir soru\u015fturma ba\u015flatm\u0131\u015ft\u0131. \u00d6te yandan sava\u015f y\u0131llar\u0131n\u0131 hapis ve s\u00fcrg\u00fcnde ge\u00e7iren, m\u00fctareke d\u00f6nemi kabinelerinde K\u00fclt\u00fcr ve \u0130\u00e7i\u015fleri bakanl\u0131klar\u0131nda bulunan Ali Kemal, daha da ileri giderek, Ermeni Patrikli\u011fi\u2019nin yapt\u0131\u011f\u0131 su\u00e7 duyurusundan sonra, 1915 soyk\u0131r\u0131m\u0131n\u0131 bilfiil \u00f6rg\u00fctleyen zanl\u0131lar\u0131n tutuklanmas\u0131 karar\u0131n\u0131n alt\u0131na imzas\u0131n\u0131 atm\u0131\u015ft\u0131.<br \/>\nParlak bir gazeteci olan Ali Kemal, gazeteci arkada\u015flar\u0131 \u0130ttihat\u00e7\u0131lar taraf\u0131ndan vuruldu\u011funda, \u0130ttihat\u00e7\u0131 anlay\u0131\u015f ile sonuna kadar m\u00fccadele edece\u011fine ant i\u00e7mi\u015fti. \u0130ttihat\u00e7\u0131lar\u0131n gittik\u00e7e daha yo\u011fun bi\u00e7imde Ankara\u2019da toplanmas\u0131, onu \u00fclkenin gelece\u011fi konusunda daha da endi\u015feli k\u0131l\u0131yordu. Ona g\u00f6re, e\u011fer \u0130ttihat\u00e7\u0131lar\u0131n macerac\u0131 politikalar\u0131 devam ederse, T\u00fcrk i\u00e7in vatan diye bir \u015fey kalmayacakt\u0131.<br \/>\nAli Kemal\u2019e d\u00f6necek olursak; 2000\u2019li y\u0131llar\u0131n ikinci yar\u0131s\u0131nda hareketlenen \u201ckaos\u201d planlar\u0131, Hrant Dink suikast\u0131yla zirveye t\u0131rman\u0131rken, boy hedeflerinden birinin de gazeteci kimli\u011fi ile Bas\u0131n M\u00fczesi\u2019nde \u201cBas\u0131n \u015eehitleri\u201d galerisinde hak etti\u011fi yeri \u00e7oktan alm\u0131\u015f olan Ali Kemal\u2019in de hedef se\u00e7ilmesi tesad\u00fcf de\u011fildi.<br \/>\nErmeni soyk\u0131r\u0131m\u0131 zanl\u0131lar\u0131n\u0131 tutuklatt\u0131\u011f\u0131 i\u00e7in \u201cArtin Kemal\u201d diye an\u0131lan Ali Kemal, Beyo\u011flu\u2019nda g\u00fcn ortas\u0131nda ka\u00e7\u0131r\u0131ld\u0131 ve \u0130zmit\u2019te Sakall\u0131 Nurettin Pa\u015fa taraf\u0131ndan sokak \u00e7etelerine lin\u00e7 ettirildi.<br \/>\n\u0130stanbul\u2019un geleneksel T\u00fcrk semti S\u00fcleymaniye\u2019de do\u011fan Ali Kemal, \u00c7ank\u0131r\u0131l\u0131 Mumcular K\u00e2hyas\u0131 Balmumcu Ahmed Efendi\u2019nin o\u011fluydu. 1882\u2019de Mekteb-i M\u00fclkiye\u2019ye girdi ve burada okurken dergi \u00e7\u0131kard\u0131. As\u0131l ismi Ali R\u0131za iken yazd\u0131\u011f\u0131 yaz\u0131lar ve \u015fiirlerinde Ali Kemal ad\u0131n\u0131 kulland\u0131\u011f\u0131ndan bu isimle tan\u0131nd\u0131. Frans\u0131zcas\u0131n\u0131 ilerletmek i\u00e7in 1887\u2019de Fransa\u2019ya gitti. Paris\u2019te II. Abd\u00fclhamid\u2019in muhalifleriyle temas kurdu. 1888 bahar\u0131nda \u0130stanbul\u2019a d\u00f6nd\u00fc. Bir \u00f6\u011frenci derne\u011fi kurduysa da (bu devrimci gen\u00e7lik hareketi tarihi bak\u0131m\u0131ndan \u00f6nemli ilklerden), bu y\u00fczden dokuz ay hapis yatt\u0131. Hapisten \u00e7\u0131kt\u0131ktan sonra 1889\u2019da Halep\u2019e bir \u00e7e\u015fit s\u00fcrg\u00fcn memur olarak tayin edildi. 1895\u2019te Paris\u2019e ka\u00e7t\u0131. Orada \u0130kdam gazetesinde muhabirlik yapt\u0131. J\u00f6n T\u00fcrk hareketine kat\u0131ld\u0131. Mizanc\u0131 Murad\u2019la birlikte hareketten ayr\u0131ld\u0131. 1903\u2019te Londra\u2019da bir \u0130ngiliz\u2019le evlendi. Me\u015frutiyetin il\u00e2n\u0131ndan k\u0131sa bir s\u00fcre \u00f6nce 1908\u2019de \u0130stanbul\u2019a d\u00f6nd\u00fc ve\u0130kdam gazetesinin ba\u015fyazarl\u0131\u011f\u0131n\u0131 yapmaya ba\u015flad\u0131. M\u00fclkiye\u2019de Siyasi Tarih, \u00fcniversitede ise Osmanl\u0131 Tarihi dersleri verdi. Partilerin kurulmaya ba\u015flamas\u0131yla ilk kurulan parti olan Ahrar Partisi\u2019ne girdi.<br \/>\nAli Kemal, \u0130kdam\u2019da otoriterle\u015fmeye ba\u015flayan \u0130ttihat ve Terakki Cemiyeti\u2019ni ele\u015ftiren yaz\u0131lar kaleme ald\u0131. Liberal e\u011filimliSerbesti gazetesi ba\u015fyazar\u0131 Hasan Fehmi Bey\u2019in Galata K\u00f6pr\u00fcs\u00fc\u2019nde \u00f6ld\u00fcr\u00fclmesi \u00fczerine, \u0130ttihat\u00e7\u0131lar aleyhine daha da a\u011f\u0131r yaz\u0131lar yazd\u0131, derslerinde yapt\u0131\u011f\u0131 konu\u015fmalarla \u00fcniversite \u00f6\u011frencilerini hareketlendirdi. Bir s\u00fcre sonra \u00f6l\u00fcm tehditleri nedeniyle Londra\u2019ya yerle\u015fti. Orada muhalif bir dergi \u00e7\u0131kard\u0131, ancak dergisi T\u00fcrkiye\u2019de yasakland\u0131. 1912\u2019de \u0130ttihat\u00e7\u0131lar iktidardan uzakla\u015f\u0131nca \u0130stanbul\u2019a d\u00f6n\u00fcp, yeniden \u0130kdam\u2019da ba\u015fyazar olarak yazmaya devam etti. Fakat alt\u0131 ay sonra \u0130ttihat\u00e7\u0131lar\u0131n h\u00fck\u00fcmet darbesinden sonra Ali Kemal Viyana\u2019ya s\u00fcr\u00fcld\u00fc. \u00dc\u00e7 ay sonra \u0130stanbul\u2019a d\u00f6nd\u00fc ve bir s\u00fcre suskun kald\u0131ktan sonraPeyam gazetesini \u00e7\u0131kar\u0131p yine muhalefete ba\u015flad\u0131. Bask\u0131lar sonucu Peyam\u2019\u0131 kapatmak zorunda kald\u0131. Ali Kemal, \u0130ttihat ve Terakki y\u00f6netiminde gazetecilik yapamad\u0131\u011f\u0131ndan, sava\u015f y\u0131llar\u0131nda \u00f6\u011fretmenlik yaparak ge\u00e7inmeye \u00e7al\u0131\u015ft\u0131. Mondros Ate\u015fkes Antla\u015fmas\u0131 sonras\u0131 yarg\u0131lanmamak i\u00e7in Almanlarla \u00fcst d\u00fczey \u0130TF y\u00f6neticilerinin yurtd\u0131\u015f\u0131na ka\u00e7mas\u0131n\u0131n ard\u0131ndan Ali Kemal siyasete at\u0131ld\u0131. H\u00fcrriyet ve \u0130til\u00e2f Partisi\u2019nin genel sekreteri oldu. \u0130kinci Damat Ferit Pa\u015fa h\u00fck\u00fcmetinde \u0130\u00e7i\u015fleri bakan\u0131 oldu. \u201cSava\u015f su\u00e7u\u201d zanl\u0131s\u0131 \u00fcst d\u00fczey \u0130TF y\u00f6neticileri onun bakanl\u0131\u011f\u0131 d\u00f6neminde tutukland\u0131. Ali Kemal, h\u00fck\u00fcmet i\u00e7inde \u00e7\u0131kan bir anla\u015fmazl\u0131k y\u00fcz\u00fcnden istifa edip,Peyam gazetesini yeniden yay\u0131mlamaya ba\u015flad\u0131. Yaz\u0131lar\u0131nda Ermeni tehcirine de yer verdi. Milli M\u00fccadele\u2019de yer alan \u0130ttihat\u00e7\u0131lar\u0131 ele\u015ftiren yaz\u0131lar\u0131 y\u00fcz\u00fcnden yanda\u015f \u00f6\u011frencilerce protesto edilince Dar\u00fclf\u00fcnun\u2019daki hocal\u0131k g\u00f6revini b\u0131rakt\u0131. Ali Kemal, Milli M\u00fccadele\u2019yi \u0130ttihat\u00e7\u0131 bir hareket olarak g\u00f6rd\u00fc\u011f\u00fcnden M\u00fccadele\u2019nin muhalefetini s\u00fcrd\u00fcrd\u00fc. Ancak 10 Eyl\u00fcl 1922\u2019de \u201cGayelerimiz Bir \u0130di ve Birdi\u201d ba\u015fl\u0131kl\u0131 bir yaz\u0131 yazarak yan\u0131ld\u0131\u011f\u0131n\u0131 s\u00f6yledi. Ama bu, hakk\u0131nda verilmi\u015f olan yarg\u0131s\u0131z infaz karar\u0131n\u0131n uygulanmas\u0131n\u0131 engellemedi.<br \/>\nD\u00fcnyada soyk\u0131r\u0131m kurbanlar\u0131na sahip \u00e7\u0131kan vicdanl\u0131 insanlar i\u00e7in olu\u015fturulan d\u00fcr\u00fcstler bah\u00e7esinde Ali Kemal\u2019in de yerinin olmas\u0131 gerekli. Hatta onun ad\u0131, Ermenistan\u2019\u0131n ba\u015fkenti Yerevan\u2019daki Soyk\u0131r\u0131m M\u00fczesi\u2019nde, Anatole France\u2019\u0131n, Arnim Wegner\u2019in, Morgenthau\u2019n\u0131n isimlerinin yer ald\u0131\u011f\u0131 duvara konulmal\u0131.<br \/>\nAli Kemal, d\u00fc\u015f\u00fcncelerini ve ele\u015ftirilerini hi\u00e7 \u00e7ekinmeden cesaretle yaz\u0131ya d\u00f6kt\u00fc. \u0130lkeli ve d\u00fcr\u00fcst bir insand\u0131. Bedelini hayat\u0131 ile \u00f6deyecek kadar&#8230;<\/p>\n<p><b><i>szarakolu@yahoo.com<\/i><\/b><\/p>\n<p style=\"text-align: justify\"><b><i>http:\/\/www.taraf.com.tr\/haber\/ali-kemal-durustler-bahcesinde-yerini-almali.htm<\/i><\/b><\/p>\n","protected":false},"excerpt":{"rendered":"<p>RAGIP ZARAKOLU Kimi liberal tarih\u00e7iler, 1915\u2019te ya\u015fanan olgunun bir soyk\u0131r\u0131m oldu\u011fu noktas\u0131na geldiler sonunda. Kimi liberal tarih\u00e7iler, 1915\u2019te ya\u015fanan olgunun bir soyk\u0131r\u0131m oldu\u011fu noktas\u0131na geldiler sonunda. \u0130nsanl\u0131\u011fa kar\u015f\u0131 i\u015flenen su\u00e7u, bir \u015fekilde Osmanl\u0131\u2019n\u0131n \u00fcst\u00fcne y\u0131karak, su\u00e7un sorumlulu\u011funu ve bu \u201ckirli i\u015f\u201dten modern Cumhuriyeti ar\u0131nd\u0131rmak olarak da anlayabiliriz bunu. Bunu yapmak, asl\u0131nda 1918 M\u00fctarekesi ile 19 [&hellip;]<\/p>\n","protected":false},"author":3,"featured_media":0,"comment_status":"open","ping_status":"open","sticky":false,"template":"","format":"standard","meta":{"footnotes":""},"categories":[6,14,26],"tags":[],"class_list":["post-27603","post","type-post","status-publish","format-standard","hentry","category-ermeni-soykirimi","category-haberler","category-makaleler"],"yoast_head":"<!-- This site is optimized with the Yoast SEO plugin v27.4 - https:\/\/yoast.com\/product\/yoast-seo-wordpress\/ -->\n<title>Ali Kemal d\u00fcr\u00fcstler bah\u00e7esinde yerini almal\u0131 - Bati Ermenistan Ve Bati Ermenileri Sorunlari Ara\u015ftirmalar Merkezi<\/title>\n<meta name=\"robots\" content=\"index, follow, max-snippet:-1, max-image-preview:large, max-video-preview:-1\" \/>\n<link rel=\"canonical\" href=\"https:\/\/akunq.net\/turkish\/2013\/12\/23\/ali-kemal-durustler-bahcesinde-yerini-almali\/\" \/>\n<meta property=\"og:locale\" content=\"en_US\" \/>\n<meta property=\"og:type\" content=\"article\" \/>\n<meta property=\"og:title\" content=\"Ali Kemal d\u00fcr\u00fcstler bah\u00e7esinde yerini almal\u0131 - Bati Ermenistan Ve Bati Ermenileri Sorunlari Ara\u015ftirmalar Merkezi\" \/>\n<meta property=\"og:description\" content=\"RAGIP ZARAKOLU Kimi liberal tarih\u00e7iler, 1915\u2019te ya\u015fanan olgunun bir soyk\u0131r\u0131m oldu\u011fu noktas\u0131na geldiler sonunda. Kimi liberal tarih\u00e7iler, 1915\u2019te ya\u015fanan olgunun bir soyk\u0131r\u0131m oldu\u011fu noktas\u0131na geldiler sonunda. \u0130nsanl\u0131\u011fa kar\u015f\u0131 i\u015flenen su\u00e7u, bir \u015fekilde Osmanl\u0131\u2019n\u0131n \u00fcst\u00fcne y\u0131karak, su\u00e7un sorumlulu\u011funu ve bu \u201ckirli i\u015f\u201dten modern Cumhuriyeti ar\u0131nd\u0131rmak olarak da anlayabiliriz bunu. Bunu yapmak, asl\u0131nda 1918 M\u00fctarekesi ile 19 [&hellip;]\" \/>\n<meta property=\"og:url\" content=\"https:\/\/akunq.net\/turkish\/2013\/12\/23\/ali-kemal-durustler-bahcesinde-yerini-almali\/\" \/>\n<meta property=\"og:site_name\" content=\"Bati Ermenistan Ve Bati Ermenileri Sorunlari Ara\u015ftirmalar Merkezi\" \/>\n<meta property=\"article:published_time\" content=\"2013-12-23T11:21:59+00:00\" \/>\n<meta property=\"og:image\" content=\"https:\/\/akunq.net\/turkish\/wp-content\/uploads\/sites\/5\/2013\/12\/Ali-Kemal.jpg\" \/>\n\t<meta property=\"og:image:width\" content=\"320\" \/>\n\t<meta property=\"og:image:height\" content=\"147\" \/>\n\t<meta property=\"og:image:type\" content=\"image\/jpeg\" \/>\n<meta name=\"author\" content=\"kalem\" \/>\n<meta name=\"twitter:card\" content=\"summary_large_image\" \/>\n<meta name=\"twitter:label1\" content=\"Written by\" \/>\n\t<meta name=\"twitter:data1\" content=\"kalem\" \/>\n\t<meta name=\"twitter:label2\" content=\"Est. reading time\" \/>\n\t<meta name=\"twitter:data2\" content=\"5 minutes\" \/>\n<script type=\"application\/ld+json\" class=\"yoast-schema-graph\">{\"@context\":\"https:\\\/\\\/schema.org\",\"@graph\":[{\"@type\":\"Article\",\"@id\":\"https:\\\/\\\/akunq.net\\\/turkish\\\/2013\\\/12\\\/23\\\/ali-kemal-durustler-bahcesinde-yerini-almali\\\/#article\",\"isPartOf\":{\"@id\":\"https:\\\/\\\/akunq.net\\\/turkish\\\/2013\\\/12\\\/23\\\/ali-kemal-durustler-bahcesinde-yerini-almali\\\/\"},\"author\":{\"name\":\"kalem\",\"@id\":\"https:\\\/\\\/akunq.net\\\/turkish\\\/#\\\/schema\\\/person\\\/135e7923d1aeb8887890799619969a6c\"},\"headline\":\"Ali Kemal d\u00fcr\u00fcstler bah\u00e7esinde yerini almal\u0131\",\"datePublished\":\"2013-12-23T11:21:59+00:00\",\"mainEntityOfPage\":{\"@id\":\"https:\\\/\\\/akunq.net\\\/turkish\\\/2013\\\/12\\\/23\\\/ali-kemal-durustler-bahcesinde-yerini-almali\\\/\"},\"wordCount\":990,\"commentCount\":0,\"image\":{\"@id\":\"https:\\\/\\\/akunq.net\\\/turkish\\\/2013\\\/12\\\/23\\\/ali-kemal-durustler-bahcesinde-yerini-almali\\\/#primaryimage\"},\"thumbnailUrl\":\"http:\\\/\\\/akunq.net\\\/tr\\\/wp-content\\\/uploads\\\/2013\\\/12\\\/Ali-Kemal-300x137.jpg\",\"articleSection\":[\"Ermeni Soyk\u0131r\u0131m\u0131\",\"Haberler\",\"Makaleler\"],\"inLanguage\":\"en-US\",\"potentialAction\":[{\"@type\":\"CommentAction\",\"name\":\"Comment\",\"target\":[\"https:\\\/\\\/akunq.net\\\/turkish\\\/2013\\\/12\\\/23\\\/ali-kemal-durustler-bahcesinde-yerini-almali\\\/#respond\"]}]},{\"@type\":\"WebPage\",\"@id\":\"https:\\\/\\\/akunq.net\\\/turkish\\\/2013\\\/12\\\/23\\\/ali-kemal-durustler-bahcesinde-yerini-almali\\\/\",\"url\":\"https:\\\/\\\/akunq.net\\\/turkish\\\/2013\\\/12\\\/23\\\/ali-kemal-durustler-bahcesinde-yerini-almali\\\/\",\"name\":\"Ali Kemal d\u00fcr\u00fcstler bah\u00e7esinde yerini almal\u0131 - Bati Ermenistan Ve Bati Ermenileri Sorunlari Ara\u015ftirmalar Merkezi\",\"isPartOf\":{\"@id\":\"https:\\\/\\\/akunq.net\\\/turkish\\\/#website\"},\"primaryImageOfPage\":{\"@id\":\"https:\\\/\\\/akunq.net\\\/turkish\\\/2013\\\/12\\\/23\\\/ali-kemal-durustler-bahcesinde-yerini-almali\\\/#primaryimage\"},\"image\":{\"@id\":\"https:\\\/\\\/akunq.net\\\/turkish\\\/2013\\\/12\\\/23\\\/ali-kemal-durustler-bahcesinde-yerini-almali\\\/#primaryimage\"},\"thumbnailUrl\":\"http:\\\/\\\/akunq.net\\\/tr\\\/wp-content\\\/uploads\\\/2013\\\/12\\\/Ali-Kemal-300x137.jpg\",\"datePublished\":\"2013-12-23T11:21:59+00:00\",\"author\":{\"@id\":\"https:\\\/\\\/akunq.net\\\/turkish\\\/#\\\/schema\\\/person\\\/135e7923d1aeb8887890799619969a6c\"},\"breadcrumb\":{\"@id\":\"https:\\\/\\\/akunq.net\\\/turkish\\\/2013\\\/12\\\/23\\\/ali-kemal-durustler-bahcesinde-yerini-almali\\\/#breadcrumb\"},\"inLanguage\":\"en-US\",\"potentialAction\":[{\"@type\":\"ReadAction\",\"target\":[\"https:\\\/\\\/akunq.net\\\/turkish\\\/2013\\\/12\\\/23\\\/ali-kemal-durustler-bahcesinde-yerini-almali\\\/\"]}]},{\"@type\":\"ImageObject\",\"inLanguage\":\"en-US\",\"@id\":\"https:\\\/\\\/akunq.net\\\/turkish\\\/2013\\\/12\\\/23\\\/ali-kemal-durustler-bahcesinde-yerini-almali\\\/#primaryimage\",\"url\":\"http:\\\/\\\/akunq.net\\\/tr\\\/wp-content\\\/uploads\\\/2013\\\/12\\\/Ali-Kemal-300x137.jpg\",\"contentUrl\":\"http:\\\/\\\/akunq.net\\\/tr\\\/wp-content\\\/uploads\\\/2013\\\/12\\\/Ali-Kemal-300x137.jpg\"},{\"@type\":\"BreadcrumbList\",\"@id\":\"https:\\\/\\\/akunq.net\\\/turkish\\\/2013\\\/12\\\/23\\\/ali-kemal-durustler-bahcesinde-yerini-almali\\\/#breadcrumb\",\"itemListElement\":[{\"@type\":\"ListItem\",\"position\":1,\"name\":\"Home\",\"item\":\"https:\\\/\\\/akunq.net\\\/turkish\\\/\"},{\"@type\":\"ListItem\",\"position\":2,\"name\":\"Ali Kemal d\u00fcr\u00fcstler bah\u00e7esinde yerini almal\u0131\"}]},{\"@type\":\"WebSite\",\"@id\":\"https:\\\/\\\/akunq.net\\\/turkish\\\/#website\",\"url\":\"https:\\\/\\\/akunq.net\\\/turkish\\\/\",\"name\":\"Bati Ermenistan Ve Bati Ermenileri Sorunlari Ara\u015ftirmalar Merkezi\",\"description\":\"\",\"potentialAction\":[{\"@type\":\"SearchAction\",\"target\":{\"@type\":\"EntryPoint\",\"urlTemplate\":\"https:\\\/\\\/akunq.net\\\/turkish\\\/?s={search_term_string}\"},\"query-input\":{\"@type\":\"PropertyValueSpecification\",\"valueRequired\":true,\"valueName\":\"search_term_string\"}}],\"inLanguage\":\"en-US\"},{\"@type\":\"Person\",\"@id\":\"https:\\\/\\\/akunq.net\\\/turkish\\\/#\\\/schema\\\/person\\\/135e7923d1aeb8887890799619969a6c\",\"name\":\"kalem\",\"image\":{\"@type\":\"ImageObject\",\"inLanguage\":\"en-US\",\"@id\":\"https:\\\/\\\/secure.gravatar.com\\\/avatar\\\/a06875e4b25feb5674296adf8e8a7ae1e587cebce2493fe63c456109967e27d3?s=96&d=mm&r=g\",\"url\":\"https:\\\/\\\/secure.gravatar.com\\\/avatar\\\/a06875e4b25feb5674296adf8e8a7ae1e587cebce2493fe63c456109967e27d3?s=96&d=mm&r=g\",\"contentUrl\":\"https:\\\/\\\/secure.gravatar.com\\\/avatar\\\/a06875e4b25feb5674296adf8e8a7ae1e587cebce2493fe63c456109967e27d3?s=96&d=mm&r=g\",\"caption\":\"kalem\"},\"url\":\"https:\\\/\\\/akunq.net\\\/turkish\\\/author\\\/kalem\\\/\"}]}<\/script>\n<!-- \/ Yoast SEO plugin. -->","yoast_head_json":{"title":"Ali Kemal d\u00fcr\u00fcstler bah\u00e7esinde yerini almal\u0131 - Bati Ermenistan Ve Bati Ermenileri Sorunlari Ara\u015ftirmalar Merkezi","robots":{"index":"index","follow":"follow","max-snippet":"max-snippet:-1","max-image-preview":"max-image-preview:large","max-video-preview":"max-video-preview:-1"},"canonical":"https:\/\/akunq.net\/turkish\/2013\/12\/23\/ali-kemal-durustler-bahcesinde-yerini-almali\/","og_locale":"en_US","og_type":"article","og_title":"Ali Kemal d\u00fcr\u00fcstler bah\u00e7esinde yerini almal\u0131 - Bati Ermenistan Ve Bati Ermenileri Sorunlari Ara\u015ftirmalar Merkezi","og_description":"RAGIP ZARAKOLU Kimi liberal tarih\u00e7iler, 1915\u2019te ya\u015fanan olgunun bir soyk\u0131r\u0131m oldu\u011fu noktas\u0131na geldiler sonunda. Kimi liberal tarih\u00e7iler, 1915\u2019te ya\u015fanan olgunun bir soyk\u0131r\u0131m oldu\u011fu noktas\u0131na geldiler sonunda. \u0130nsanl\u0131\u011fa kar\u015f\u0131 i\u015flenen su\u00e7u, bir \u015fekilde Osmanl\u0131\u2019n\u0131n \u00fcst\u00fcne y\u0131karak, su\u00e7un sorumlulu\u011funu ve bu \u201ckirli i\u015f\u201dten modern Cumhuriyeti ar\u0131nd\u0131rmak olarak da anlayabiliriz bunu. Bunu yapmak, asl\u0131nda 1918 M\u00fctarekesi ile 19 [&hellip;]","og_url":"https:\/\/akunq.net\/turkish\/2013\/12\/23\/ali-kemal-durustler-bahcesinde-yerini-almali\/","og_site_name":"Bati Ermenistan Ve Bati Ermenileri Sorunlari Ara\u015ftirmalar Merkezi","article_published_time":"2013-12-23T11:21:59+00:00","og_image":[{"width":320,"height":147,"url":"https:\/\/akunq.net\/turkish\/wp-content\/uploads\/sites\/5\/2013\/12\/Ali-Kemal.jpg","type":"image\/jpeg"}],"author":"kalem","twitter_card":"summary_large_image","twitter_misc":{"Written by":"kalem","Est. reading time":"5 minutes"},"schema":{"@context":"https:\/\/schema.org","@graph":[{"@type":"Article","@id":"https:\/\/akunq.net\/turkish\/2013\/12\/23\/ali-kemal-durustler-bahcesinde-yerini-almali\/#article","isPartOf":{"@id":"https:\/\/akunq.net\/turkish\/2013\/12\/23\/ali-kemal-durustler-bahcesinde-yerini-almali\/"},"author":{"name":"kalem","@id":"https:\/\/akunq.net\/turkish\/#\/schema\/person\/135e7923d1aeb8887890799619969a6c"},"headline":"Ali Kemal d\u00fcr\u00fcstler bah\u00e7esinde yerini almal\u0131","datePublished":"2013-12-23T11:21:59+00:00","mainEntityOfPage":{"@id":"https:\/\/akunq.net\/turkish\/2013\/12\/23\/ali-kemal-durustler-bahcesinde-yerini-almali\/"},"wordCount":990,"commentCount":0,"image":{"@id":"https:\/\/akunq.net\/turkish\/2013\/12\/23\/ali-kemal-durustler-bahcesinde-yerini-almali\/#primaryimage"},"thumbnailUrl":"http:\/\/akunq.net\/tr\/wp-content\/uploads\/2013\/12\/Ali-Kemal-300x137.jpg","articleSection":["Ermeni Soyk\u0131r\u0131m\u0131","Haberler","Makaleler"],"inLanguage":"en-US","potentialAction":[{"@type":"CommentAction","name":"Comment","target":["https:\/\/akunq.net\/turkish\/2013\/12\/23\/ali-kemal-durustler-bahcesinde-yerini-almali\/#respond"]}]},{"@type":"WebPage","@id":"https:\/\/akunq.net\/turkish\/2013\/12\/23\/ali-kemal-durustler-bahcesinde-yerini-almali\/","url":"https:\/\/akunq.net\/turkish\/2013\/12\/23\/ali-kemal-durustler-bahcesinde-yerini-almali\/","name":"Ali Kemal d\u00fcr\u00fcstler bah\u00e7esinde yerini almal\u0131 - Bati Ermenistan Ve Bati Ermenileri Sorunlari Ara\u015ftirmalar Merkezi","isPartOf":{"@id":"https:\/\/akunq.net\/turkish\/#website"},"primaryImageOfPage":{"@id":"https:\/\/akunq.net\/turkish\/2013\/12\/23\/ali-kemal-durustler-bahcesinde-yerini-almali\/#primaryimage"},"image":{"@id":"https:\/\/akunq.net\/turkish\/2013\/12\/23\/ali-kemal-durustler-bahcesinde-yerini-almali\/#primaryimage"},"thumbnailUrl":"http:\/\/akunq.net\/tr\/wp-content\/uploads\/2013\/12\/Ali-Kemal-300x137.jpg","datePublished":"2013-12-23T11:21:59+00:00","author":{"@id":"https:\/\/akunq.net\/turkish\/#\/schema\/person\/135e7923d1aeb8887890799619969a6c"},"breadcrumb":{"@id":"https:\/\/akunq.net\/turkish\/2013\/12\/23\/ali-kemal-durustler-bahcesinde-yerini-almali\/#breadcrumb"},"inLanguage":"en-US","potentialAction":[{"@type":"ReadAction","target":["https:\/\/akunq.net\/turkish\/2013\/12\/23\/ali-kemal-durustler-bahcesinde-yerini-almali\/"]}]},{"@type":"ImageObject","inLanguage":"en-US","@id":"https:\/\/akunq.net\/turkish\/2013\/12\/23\/ali-kemal-durustler-bahcesinde-yerini-almali\/#primaryimage","url":"http:\/\/akunq.net\/tr\/wp-content\/uploads\/2013\/12\/Ali-Kemal-300x137.jpg","contentUrl":"http:\/\/akunq.net\/tr\/wp-content\/uploads\/2013\/12\/Ali-Kemal-300x137.jpg"},{"@type":"BreadcrumbList","@id":"https:\/\/akunq.net\/turkish\/2013\/12\/23\/ali-kemal-durustler-bahcesinde-yerini-almali\/#breadcrumb","itemListElement":[{"@type":"ListItem","position":1,"name":"Home","item":"https:\/\/akunq.net\/turkish\/"},{"@type":"ListItem","position":2,"name":"Ali Kemal d\u00fcr\u00fcstler bah\u00e7esinde yerini almal\u0131"}]},{"@type":"WebSite","@id":"https:\/\/akunq.net\/turkish\/#website","url":"https:\/\/akunq.net\/turkish\/","name":"Bati Ermenistan Ve Bati Ermenileri Sorunlari Ara\u015ftirmalar Merkezi","description":"","potentialAction":[{"@type":"SearchAction","target":{"@type":"EntryPoint","urlTemplate":"https:\/\/akunq.net\/turkish\/?s={search_term_string}"},"query-input":{"@type":"PropertyValueSpecification","valueRequired":true,"valueName":"search_term_string"}}],"inLanguage":"en-US"},{"@type":"Person","@id":"https:\/\/akunq.net\/turkish\/#\/schema\/person\/135e7923d1aeb8887890799619969a6c","name":"kalem","image":{"@type":"ImageObject","inLanguage":"en-US","@id":"https:\/\/secure.gravatar.com\/avatar\/a06875e4b25feb5674296adf8e8a7ae1e587cebce2493fe63c456109967e27d3?s=96&d=mm&r=g","url":"https:\/\/secure.gravatar.com\/avatar\/a06875e4b25feb5674296adf8e8a7ae1e587cebce2493fe63c456109967e27d3?s=96&d=mm&r=g","contentUrl":"https:\/\/secure.gravatar.com\/avatar\/a06875e4b25feb5674296adf8e8a7ae1e587cebce2493fe63c456109967e27d3?s=96&d=mm&r=g","caption":"kalem"},"url":"https:\/\/akunq.net\/turkish\/author\/kalem\/"}]}},"_links":{"self":[{"href":"https:\/\/akunq.net\/turkish\/wp-json\/wp\/v2\/posts\/27603","targetHints":{"allow":["GET"]}}],"collection":[{"href":"https:\/\/akunq.net\/turkish\/wp-json\/wp\/v2\/posts"}],"about":[{"href":"https:\/\/akunq.net\/turkish\/wp-json\/wp\/v2\/types\/post"}],"author":[{"embeddable":true,"href":"https:\/\/akunq.net\/turkish\/wp-json\/wp\/v2\/users\/3"}],"replies":[{"embeddable":true,"href":"https:\/\/akunq.net\/turkish\/wp-json\/wp\/v2\/comments?post=27603"}],"version-history":[{"count":0,"href":"https:\/\/akunq.net\/turkish\/wp-json\/wp\/v2\/posts\/27603\/revisions"}],"wp:attachment":[{"href":"https:\/\/akunq.net\/turkish\/wp-json\/wp\/v2\/media?parent=27603"}],"wp:term":[{"taxonomy":"category","embeddable":true,"href":"https:\/\/akunq.net\/turkish\/wp-json\/wp\/v2\/categories?post=27603"},{"taxonomy":"post_tag","embeddable":true,"href":"https:\/\/akunq.net\/turkish\/wp-json\/wp\/v2\/tags?post=27603"}],"curies":[{"name":"wp","href":"https:\/\/api.w.org\/{rel}","templated":true}]}}