{"id":27584,"date":"2013-12-23T02:23:31","date_gmt":"2013-12-23T07:23:31","guid":{"rendered":"http:\/\/akunq.net\/tr\/?p=27584"},"modified":"2013-12-23T02:23:31","modified_gmt":"2013-12-23T07:23:31","slug":"turkiyede-din-ozgurlugu-sorunu","status":"publish","type":"post","link":"https:\/\/akunq.net\/turkish\/2013\/12\/23\/turkiyede-din-ozgurlugu-sorunu\/","title":{"rendered":"T\u00fcrkiye\u2019de din \u00f6zg\u00fcrl\u00fc\u011f\u00fc sorunu"},"content":{"rendered":"<p style=\"text-align: justify\"><b><a href=\"http:\/\/akunq.net\/tr\/wp-content\/uploads\/2013\/12\/din-\u00f6zg\u00fcrl\u00fc\u011f\u00fc.jpg\"><img loading=\"lazy\" decoding=\"async\" class=\"alignright size-full wp-image-27585\" alt=\"din \u00f6zg\u00fcrl\u00fc\u011f\u00fc\" src=\"http:\/\/akunq.net\/tr\/wp-content\/uploads\/2013\/12\/din-\u00f6zg\u00fcrl\u00fc\u011f\u00fc.jpg\" width=\"243\" height=\"300\" \/><\/a>LEVENT K\u00d6KER <\/b><\/p>\n<p style=\"text-align: justify\"><b><i>On dokuzuncu y\u00fczy\u0131l pozitivizminin iddi\u00e2s\u0131 hil\u00e2f\u0131na, din toplumsal hay\u00e2t\u0131n en \u00f6nemli bile\u015fenlerinden biri olmay\u0131 s\u00fcrd\u00fcr\u00fcyor.<\/i><\/b><\/p>\n<p style=\"text-align: justify\">Modernle\u015fme ile birlikte i\u00e7inde dinin merkez\u00ee bir yere s\u00e2hip bulundu\u011fu gelenekselli\u011fin gerileyece\u011fi tezi de epeydir ge\u00e7ersiz. Yirminci y\u00fczy\u0131l\u0131n son \u00e7eyre\u011finde iyiden iyiye g\u00f6r\u00fcn\u00fcr h\u00e2le gelip g\u00fcn\u00fcm\u00fczde etkisini artarak s\u00fcrd\u00fcren din vey\u00e2 inan\u00e7 temelli hayat tarz\u0131 farkl\u0131l\u0131klar\u0131na sayg\u0131 g\u00f6sterilmesi gerekti\u011fi y\u00f6n\u00fcndeki talepler, bunun en somut g\u00f6stergeleri. Bu ba\u011flamda, en temel insan hak ve \u00f6zg\u00fcrl\u00fckleri belgelerinde, \u00f6zellikle de Avrupa \u0130nsan Haklar\u0131 S\u00f6zle\u015fmesi\u2019nde din vey\u00e2 inan\u00e7 \u00f6zg\u00fcrl\u00fc\u011f\u00fcn\u00fcn g\u00fcvence alt\u0131na al\u0131nmas\u0131 da \u015fa\u015f\u0131rt\u0131c\u0131 de\u011fil. Acaba, on bir y\u0131l\u0131 a\u015fk\u0131n bir s\u00fcredir din\u00ee (\u0130sl\u00e2m\u00ee) referanslar\u0131 son derece g\u00fc\u00e7l\u00fc ve alen\u00ee bir bi\u00e7imde ortada olan bir siyas\u00ee parti taraf\u0131ndan y\u00f6netilen T\u00fcrkiye\u2019de din \u00f6zg\u00fcrl\u00fc\u011f\u00fcn\u00fcn durumu nedir?<\/p>\n<p style=\"text-align: justify\">Bu sorunun cevab\u0131n\u0131 verebilmek i\u00e7in \u00f6ncelikle \u201cdin \u00f6zg\u00fcrl\u00fc\u011f\u00fc\u201d kavram\u0131n\u0131n i\u00e7eri\u011fini ortaya koymak gerekmektedir. Bu konuda uluslararas\u0131 akademik ve yarg\u0131sal \u00e7evrelerin benimsedi\u011fi ortak bir \u00e7ekirdek \u015f\u00f6yle belirlenmi\u015ftir: (1) Herkesin din vey\u00e2 inan\u00e7 s\u00e2hibi olmaya hakk\u0131 vard\u0131r ve bu hak, din vey\u00e2 inanc\u0131n de\u011fi\u015ftirilmesini vey\u00e2 inanmama \u00f6zg\u00fcrl\u00fc\u011f\u00fcn\u00fc de i\u00e7erir. (2) Herkes, tek ba\u015f\u0131na vey\u00e2 toplu h\u00e2lde, kamusal vey\u00e2 \u00f6zel alanda, din vey\u00e2 inanc\u0131n\u0131 \u00f6\u011fretebilir, ya\u015fayabilir ve ib\u00e2det edebilir. (3) Hi\u00e7 kimse kendi se\u00e7ti\u011fi din vey\u00e2 inanc\u0131na ters d\u00fc\u015fen bir zorlamaya t\u00e2bi k\u0131l\u0131namaz. (4) Devletler, kendi \u00fclkelerindeki bireylerin din vey\u00e2 inan\u00e7 \u00f6zg\u00fcrl\u00fckleri konusunda, \u0131rk, cinsiyet, dil vey\u00e2 din y\u00e2hut inan\u00e7 temelinde ayr\u0131mc\u0131l\u0131k yapamazlar. (5) Devletler, \u00e7ocuklar\u0131n e\u011fitiminde ebeveynin vey\u00e2 kanun\u00ee temsilcilerin din vey\u00e2 inan\u00e7 tercihlerine sayg\u0131 g\u00f6stermek zorundad\u0131rlar. (6) Din vey\u00e2 inan\u00e7 \u00f6zg\u00fcrl\u00fc\u011f\u00fcn\u00fcn en hayat\u00ee \u00f6nem ta\u015f\u0131yan bile\u015fenlerinden biri, din\u00ee cemaatlerin ve inan\u00e7 topluluklar\u0131n\u0131n t\u00fczel ki\u015filik s\u00e2hibi olmalar\u0131d\u0131r. (7) Din vey\u00e2 inan\u00e7 \u00f6zg\u00fcrl\u00fc\u011f\u00fcn\u00fc ask\u0131ya alan vey\u00e2 imk\u00e2ns\u0131zla\u015ft\u0131racak \u00f6l\u00e7\u00fcde k\u0131s\u0131tlayan istisn\u00e2lar getirilemez.<\/p>\n<p style=\"text-align: justify\">Din vey\u00e2 inan\u00e7 \u00f6zg\u00fcrl\u00fc\u011f\u00fcn\u00fcn bu yedi noktada \u00f6zetlenen i\u00e7eri\u011fi a\u00e7\u0131s\u0131ndan T\u00fcrkiye\u2019ye bakt\u0131\u011f\u0131m\u0131zda, durumun hi\u00e7 de i\u00e7 a\u00e7\u0131c\u0131 olmad\u0131\u011f\u0131 g\u00f6r\u00fclmektedir. Osmanl\u0131 Devleti\u2019nin k\u00f6kl\u00fc kl\u00e2sik ayr\u0131m\u0131n\u0131 s\u00fcrd\u00fcren T\u00fcrkiye, din veya inan\u00e7 \u00f6zg\u00fcrl\u00fc\u011f\u00fc ile ilgili sorunlara M\u00fcsl\u00fcman-M\u00fcsl\u00fcman olmayan vatanda\u015flar ayr\u0131m\u0131na g\u00f6re yakla\u015fmaktad\u0131r. Bu ba\u011flamda, M\u00fcsl\u00fcman olmayan vatanda\u015flar\u0131n din \u00f6zg\u00fcrl\u00fc\u011f\u00fc ile ilgili konular Lozan Bar\u0131\u015f Andla\u015fmas\u0131 (LBA) h\u00fck\u00fcmlerine g\u00f6re de\u011ferlendirilmek istenmekte ve pek \u00e7ok da yanl\u0131\u015f yap\u0131lmaktad\u0131r.<\/p>\n<p style=\"text-align: justify\">LBA ile ilgili birinci yanl\u0131\u015f bu andla\u015fma h\u00fck\u00fcmlerinin hukuk\u00ee stat\u00fcs\u00fc ile ilgilidir. Andla\u015fma\u2019n\u0131n din \u00f6zg\u00fcrl\u00fc\u011f\u00fcn\u00fc ilgilendiren h\u00fck\u00fcmleri \u201cAz\u0131nl\u0131klar\u0131n Korunmas\u0131\u201d ba\u015fl\u0131kl\u0131 k\u0131sm\u0131nda yer almaktad\u0131r. Buradaki 37. maddeye g\u00f6re \u201cT\u00fcrkiye, 38\u2019inci maddeden 44\u2019\u00fcnc\u00fc maddeye kadar olan maddelerin kapsad\u0131\u011f\u0131 h\u00fck\u00fcmlerin temel k\u00e2nunlar olarak tan\u0131nmas\u0131n\u0131 ve hi\u00e7bir k\u00e2nunun, hi\u00e7bir y\u00f6netmeli\u011fin (t\u00fcz\u00fc\u011f\u00fcn) ve hi\u00e7bir resm\u00ee i\u015flemin bu h\u00fck\u00fcmlere ayk\u0131r\u0131 ya da bunlarla \u00e7eli\u015fir olmamas\u0131n\u0131 ve hi\u00e7bir kanun, hi\u00e7bir y\u00f6netmelik (t\u00fcz\u00fck) ve hi\u00e7bir resm\u00ee i\u015flemin s\u00f6z konusu h\u00fck\u00fcmlerden \u00fcst\u00fcn say\u0131lmamas\u0131n\u0131 taahh\u00fct eder.\u201d Buradan \u00e7\u0131kar\u0131lmas\u0131 gereken sonu\u00e7, LBA\u2019n\u0131n 38-44. madde h\u00fck\u00fcmlerinin \u201cAnayasa \u00fcst\u00fc\u201d oldu\u011fudur ki, T\u00fcrkiye 1924, 1961 ve 1982 anayasalar\u0131nda \u201cmilletleraras\u0131 andla\u015fma h\u00fck\u00fcmleri sakl\u0131d\u0131r\u201d t\u00fcr\u00fc ib\u00e2relerle bu \u00fcst\u00fcnl\u00fc\u011f\u00fc asl\u0131nda kab\u00fbl etmi\u015f bulunmaktad\u0131r. H\u00e2l b\u00f6yle iken, M\u00fcsl\u00fcman olmayan vatanda\u015flar\u0131n s\u00e2dece Ermeni, Rum ve Musev\u00ee cemaatlerinden olu\u015ftu\u011fu, bunun d\u0131\u015f\u0131nda kalan S\u00fcryan\u00ee, Keldan\u00ee, Nastur\u00ee kad\u00eem H\u0131ristiyan cemaatlerin ve daha yak\u0131n zamanlarda ortaya \u00e7\u0131kan, b\u00fcy\u00fck b\u00f6l\u00fcm\u00fc H\u0131ristiyanl\u0131\u011fa intis\u00e2b etmi\u015f vatanda\u015flardan olu\u015fan yeni cemaatlerin LBA kapsam\u0131nda de\u011ferlendirilmedikleri bilinmektedir.<\/p>\n<p style=\"text-align: justify\">Ayr\u0131ca, LBA\u2019nda a\u00e7\u0131k\u00e7a ib\u00e2det, dil, e\u011fitim ve \u201ct\u00fczel ki\u015filik\u201d olarak hukuk\u00ee varl\u0131klar\u0131 tan\u0131nm\u0131\u015f olan cemaatlerin de, el konulan ta\u015f\u0131nmaz mal varl\u0131klar\u0131, ib\u00e2det k\u0131s\u0131tlamalar\u0131 ve \u201ct\u00fczel ki\u015filikleri\u201dnin tan\u0131nmamas\u0131 ve e\u011fitim haklar\u0131n\u0131n ihl\u00e2li gibi \u00e7ok hayat\u00ee sorunlarla kar\u015f\u0131 kar\u015f\u0131ya bulunduklar\u0131n\u0131 bilmekteyiz. M\u00fcsl\u00fcman olmayan cemaat vak\u0131flar\u0131n\u0131n el konulan ta\u015f\u0131nmazlar\u0131yla ilgili son d\u00f6nemlerde ger\u00e7ekle\u015ftirilen iyile\u015ftirmeler din \u00f6zg\u00fcrl\u00fc\u011f\u00fc y\u00f6n\u00fcnde olumlu ad\u0131mlar gibi g\u00f6r\u00fcnse de \u00e7ok yetersizdir. Konunun, t\u00fcm haks\u0131z el koymalar\u0131 ortadan kald\u0131racak bi\u00e7imde ve geriye d\u00f6n\u00fck olarak u\u011fran\u0131lan ma\u011fduriyetleri giderecek tarzda \u00e7\u00f6z\u00fclmesi \u015fartt\u0131r.<\/p>\n<p style=\"text-align: justify\">LBA\u2019n\u0131n yanl\u0131\u015f yorumundan ve uygulanmas\u0131ndan kaynaklanan b\u00e2z\u0131 noktalar, T\u00fcrkiye\u2019nin din \u00f6zg\u00fcrl\u00fc\u011f\u00fc konusundaki yanl\u0131\u015f yakla\u015f\u0131m\u0131n\u0131n s\u00e2dece M\u00fcsl\u00fcman olmayan vatanda\u015flarla s\u0131n\u0131rl\u0131 olmad\u0131\u011f\u0131n\u0131 g\u00f6stermesi bak\u0131m\u0131ndan \u00f6nemlidir. Bunlardan ilki, Fener Rum Patrikli\u011fi\u2019nin \u201cek\u00fcmenik s\u0131fat\u0131n\u0131n tan\u0131nmamas\u0131\u201d ile ilgilidir. Yerle\u015fik iddi\u00e2n\u0131n aksine, LBA\u2019nda bu konuyla ilgili hi\u00e7bir d\u00fczenleme yoktur. Dolay\u0131s\u0131yla, tam\u00e2men Ortodoks Kilisesi\u2019nin bir i\u00e7 konusu olan Fener Rum Patrikli\u011fi\u2019nin \u201cek\u00fcmenik oldu\u011funun kab\u00fbl\u00fc vey\u00e2 reddi\u201d devletin yetkisinde olan bir husus de\u011fildir. Bu a\u00e7\u0131dan m\u00e2n\u00e2s\u0131z gibi g\u00f6r\u00fcnen bu sorun, patrik olacak ki\u015finin ve Kilise Meclisi \u00fcyelerinin T\u00fcrkiye Cumhuriyeti vatanda\u015f\u0131 olmalar\u0131 zorunlulu\u011funun ileri s\u00fcr\u00fclmesiyle anlam kazanmaktad\u0131r. \u00c7ok alt seviyede bir id\u00e2r\u00ee i\u015flemle olu\u015fturulmu\u015f bu zorunlulu\u011fun \u201cAnayasa \u00fcst\u00fc\u201d LBA kar\u015f\u0131s\u0131nda hi\u00e7bir ge\u00e7erlili\u011finin olmad\u0131\u011f\u0131 a\u00e7\u0131kt\u0131r. Buna 1971\u2019den beri kapal\u0131 olan Heybeliada Ruhban Okulu\u2019nun durumu da eklenmelidir. Din \u00f6zg\u00fcrl\u00fc\u011f\u00fcn\u00fcn en \u00f6nemli bile\u015fenlerinden olan e\u011fitim hakk\u0131n\u0131n da ihl\u00e2li anlam\u0131na gelen bu konu, hem LBA\u2019n\u0131n hem de \u00e7a\u011fda\u015f insan haklar\u0131 hukukunun (\u00f6zellikle de A\u0130HS\u2019nin) gereklerine g\u00f6re \u00e7\u00f6z\u00fclmeli ve okul derhal a\u00e7\u0131lmal\u0131d\u0131r. Din \u00f6zg\u00fcrl\u00fc\u011f\u00fcn\u00fcn bir gere\u011fi olan bu husus s\u00e2dece Heybeliada i\u00e7in ve s\u00e2dece Rum Ortodoks cemaati i\u00e7in de\u011fil, di\u011fer t\u00fcm M\u00fcsl\u00fcman olmayan vatanda\u015flar\u0131n din e\u011fitimi ile ilgili olarak da ge\u00e7erlidir.<\/p>\n<p style=\"text-align: justify\">Tabi\u00ee, din \u00f6zg\u00fcrl\u00fc\u011f\u00fcn\u00fcn bu boyutlar\u0131 ile ilgili olarak ya\u015fanan sorunlar s\u00e2dece M\u00fcsl\u00fcman olmayanlar i\u00e7in ge\u00e7erli de\u011fildir. T\u00fcrkiye\u2019nin M\u00fcsl\u00fcman vatanda\u015flar\u0131n\u0131n kendi aralar\u0131ndaki farkl\u0131l\u0131klar\u0131, Alev\u00eeli\u011fin \u00f6zg\u00fcn yerini, \u00f6rne\u011fin, cemevlerinin ib\u00e2deth\u00e2ne stat\u00fcs\u00fcn\u00fc g\u00f6rmeyen, g\u00f6rmek istemeyen, kendi uygun g\u00f6rd\u00fc\u011f\u00fc \u0130sl\u00e2m yorumunu Diy\u00e2net \u00fczerinden t\u00fcm topluma \u201czorunlu\u201d olarak zerketmeye devam etmekte olan Kemalizm bakiyesi otoriterli\u011fin kurumsal yap\u0131lar\u0131na da son vermek gerekmektedir. Bunun iki gere\u011finden biri din ve inan\u00e7 topluluklar\u0131na t\u00fczel ki\u015filik tan\u0131ma yolunun a\u00e7\u0131lmas\u0131 ise di\u011feri de din e\u011fitiminde devlet tekelinin kald\u0131r\u0131lmas\u0131d\u0131r. Bu y\u00f6nde, tekke ve zaviyeleri kapatan, tevhid-i tedrisat \u00f6ng\u00f6ren \u201cdevrim k\u00e2nunlar\u0131\u201d engel olarak g\u00f6r\u00fclebilir ve do\u011frusu bunlar\u0131 i\u00e7ermeyen yeni bir anayasa yap\u0131lmas\u0131d\u0131r. Bu olmad\u0131\u011f\u0131na g\u00f6re, din veya inan\u00e7 \u00f6zg\u00fcrl\u00fc\u011f\u00fc sorunu LBA ile A\u0130HS esas al\u0131narak a\u015f\u0131labilir. Ama t\u00fcm bunlar i\u00e7in de din \u00f6zg\u00fcrl\u00fc\u011f\u00fcn\u00fc ilkesel d\u00fczeyde cidd\u00eeye alan \u00e7ok k\u00f6kl\u00fc bir zihniyet d\u00f6n\u00fc\u015f\u00fcm\u00fc gerekti\u011fi de a\u00e7\u0131kt\u0131r.<\/p>\n<p style=\"text-align: justify\"><b><i>http:\/\/www.zaman.com.tr\/yorum_turkiyede-din-ozgurlugu-sorunu_2181614.html<\/i><\/b><\/p>\n","protected":false},"excerpt":{"rendered":"<p>LEVENT K\u00d6KER On dokuzuncu y\u00fczy\u0131l pozitivizminin iddi\u00e2s\u0131 hil\u00e2f\u0131na, din toplumsal hay\u00e2t\u0131n en \u00f6nemli bile\u015fenlerinden biri olmay\u0131 s\u00fcrd\u00fcr\u00fcyor. Modernle\u015fme ile birlikte i\u00e7inde dinin merkez\u00ee bir yere s\u00e2hip bulundu\u011fu gelenekselli\u011fin gerileyece\u011fi tezi de epeydir ge\u00e7ersiz. Yirminci y\u00fczy\u0131l\u0131n son \u00e7eyre\u011finde iyiden iyiye g\u00f6r\u00fcn\u00fcr h\u00e2le gelip g\u00fcn\u00fcm\u00fczde etkisini artarak s\u00fcrd\u00fcren din vey\u00e2 inan\u00e7 temelli hayat tarz\u0131 farkl\u0131l\u0131klar\u0131na sayg\u0131 g\u00f6sterilmesi [&hellip;]<\/p>\n","protected":false},"author":3,"featured_media":0,"comment_status":"open","ping_status":"open","sticky":false,"template":"","format":"standard","meta":{"footnotes":""},"categories":[14,26,42],"tags":[],"class_list":["post-27584","post","type-post","status-publish","format-standard","hentry","category-haberler","category-makaleler","category-turkiyede-azinliklar"],"yoast_head":"<!-- This site is optimized with the Yoast SEO plugin v27.4 - https:\/\/yoast.com\/product\/yoast-seo-wordpress\/ -->\n<title>T\u00fcrkiye\u2019de din \u00f6zg\u00fcrl\u00fc\u011f\u00fc sorunu - Bati Ermenistan Ve Bati Ermenileri Sorunlari Ara\u015ftirmalar Merkezi<\/title>\n<meta name=\"robots\" content=\"index, follow, max-snippet:-1, max-image-preview:large, max-video-preview:-1\" \/>\n<link rel=\"canonical\" href=\"https:\/\/akunq.net\/turkish\/2013\/12\/23\/turkiyede-din-ozgurlugu-sorunu\/\" \/>\n<meta property=\"og:locale\" content=\"en_US\" \/>\n<meta property=\"og:type\" content=\"article\" \/>\n<meta property=\"og:title\" content=\"T\u00fcrkiye\u2019de din \u00f6zg\u00fcrl\u00fc\u011f\u00fc sorunu - Bati Ermenistan Ve Bati Ermenileri Sorunlari Ara\u015ftirmalar Merkezi\" \/>\n<meta property=\"og:description\" content=\"LEVENT K\u00d6KER On dokuzuncu y\u00fczy\u0131l pozitivizminin iddi\u00e2s\u0131 hil\u00e2f\u0131na, din toplumsal hay\u00e2t\u0131n en \u00f6nemli bile\u015fenlerinden biri olmay\u0131 s\u00fcrd\u00fcr\u00fcyor. Modernle\u015fme ile birlikte i\u00e7inde dinin merkez\u00ee bir yere s\u00e2hip bulundu\u011fu gelenekselli\u011fin gerileyece\u011fi tezi de epeydir ge\u00e7ersiz. Yirminci y\u00fczy\u0131l\u0131n son \u00e7eyre\u011finde iyiden iyiye g\u00f6r\u00fcn\u00fcr h\u00e2le gelip g\u00fcn\u00fcm\u00fczde etkisini artarak s\u00fcrd\u00fcren din vey\u00e2 inan\u00e7 temelli hayat tarz\u0131 farkl\u0131l\u0131klar\u0131na sayg\u0131 g\u00f6sterilmesi [&hellip;]\" \/>\n<meta property=\"og:url\" content=\"https:\/\/akunq.net\/turkish\/2013\/12\/23\/turkiyede-din-ozgurlugu-sorunu\/\" \/>\n<meta property=\"og:site_name\" content=\"Bati Ermenistan Ve Bati Ermenileri Sorunlari Ara\u015ftirmalar Merkezi\" \/>\n<meta property=\"article:published_time\" content=\"2013-12-23T07:23:31+00:00\" \/>\n<meta name=\"author\" content=\"kalem\" \/>\n<meta name=\"twitter:card\" content=\"summary_large_image\" \/>\n<meta name=\"twitter:label1\" content=\"Written by\" \/>\n\t<meta name=\"twitter:data1\" content=\"kalem\" \/>\n\t<meta name=\"twitter:label2\" content=\"Est. reading time\" \/>\n\t<meta name=\"twitter:data2\" content=\"7 minutes\" \/>\n<script type=\"application\/ld+json\" class=\"yoast-schema-graph\">{\"@context\":\"https:\\\/\\\/schema.org\",\"@graph\":[{\"@type\":\"Article\",\"@id\":\"https:\\\/\\\/akunq.net\\\/turkish\\\/2013\\\/12\\\/23\\\/turkiyede-din-ozgurlugu-sorunu\\\/#article\",\"isPartOf\":{\"@id\":\"https:\\\/\\\/akunq.net\\\/turkish\\\/2013\\\/12\\\/23\\\/turkiyede-din-ozgurlugu-sorunu\\\/\"},\"author\":{\"name\":\"kalem\",\"@id\":\"https:\\\/\\\/akunq.net\\\/turkish\\\/#\\\/schema\\\/person\\\/135e7923d1aeb8887890799619969a6c\"},\"headline\":\"T\u00fcrkiye\u2019de din \u00f6zg\u00fcrl\u00fc\u011f\u00fc sorunu\",\"datePublished\":\"2013-12-23T07:23:31+00:00\",\"mainEntityOfPage\":{\"@id\":\"https:\\\/\\\/akunq.net\\\/turkish\\\/2013\\\/12\\\/23\\\/turkiyede-din-ozgurlugu-sorunu\\\/\"},\"wordCount\":1375,\"commentCount\":0,\"articleSection\":[\"Haberler\",\"Makaleler\",\"T\u00fcrkiye\u2019de Az\u0131nl\u0131klar\"],\"inLanguage\":\"en-US\",\"potentialAction\":[{\"@type\":\"CommentAction\",\"name\":\"Comment\",\"target\":[\"https:\\\/\\\/akunq.net\\\/turkish\\\/2013\\\/12\\\/23\\\/turkiyede-din-ozgurlugu-sorunu\\\/#respond\"]}]},{\"@type\":\"WebPage\",\"@id\":\"https:\\\/\\\/akunq.net\\\/turkish\\\/2013\\\/12\\\/23\\\/turkiyede-din-ozgurlugu-sorunu\\\/\",\"url\":\"https:\\\/\\\/akunq.net\\\/turkish\\\/2013\\\/12\\\/23\\\/turkiyede-din-ozgurlugu-sorunu\\\/\",\"name\":\"T\u00fcrkiye\u2019de din \u00f6zg\u00fcrl\u00fc\u011f\u00fc sorunu - Bati Ermenistan Ve Bati Ermenileri Sorunlari Ara\u015ftirmalar Merkezi\",\"isPartOf\":{\"@id\":\"https:\\\/\\\/akunq.net\\\/turkish\\\/#website\"},\"datePublished\":\"2013-12-23T07:23:31+00:00\",\"author\":{\"@id\":\"https:\\\/\\\/akunq.net\\\/turkish\\\/#\\\/schema\\\/person\\\/135e7923d1aeb8887890799619969a6c\"},\"breadcrumb\":{\"@id\":\"https:\\\/\\\/akunq.net\\\/turkish\\\/2013\\\/12\\\/23\\\/turkiyede-din-ozgurlugu-sorunu\\\/#breadcrumb\"},\"inLanguage\":\"en-US\",\"potentialAction\":[{\"@type\":\"ReadAction\",\"target\":[\"https:\\\/\\\/akunq.net\\\/turkish\\\/2013\\\/12\\\/23\\\/turkiyede-din-ozgurlugu-sorunu\\\/\"]}]},{\"@type\":\"BreadcrumbList\",\"@id\":\"https:\\\/\\\/akunq.net\\\/turkish\\\/2013\\\/12\\\/23\\\/turkiyede-din-ozgurlugu-sorunu\\\/#breadcrumb\",\"itemListElement\":[{\"@type\":\"ListItem\",\"position\":1,\"name\":\"Home\",\"item\":\"https:\\\/\\\/akunq.net\\\/turkish\\\/\"},{\"@type\":\"ListItem\",\"position\":2,\"name\":\"T\u00fcrkiye\u2019de din \u00f6zg\u00fcrl\u00fc\u011f\u00fc sorunu\"}]},{\"@type\":\"WebSite\",\"@id\":\"https:\\\/\\\/akunq.net\\\/turkish\\\/#website\",\"url\":\"https:\\\/\\\/akunq.net\\\/turkish\\\/\",\"name\":\"Bati Ermenistan Ve Bati Ermenileri Sorunlari Ara\u015ftirmalar Merkezi\",\"description\":\"\",\"potentialAction\":[{\"@type\":\"SearchAction\",\"target\":{\"@type\":\"EntryPoint\",\"urlTemplate\":\"https:\\\/\\\/akunq.net\\\/turkish\\\/?s={search_term_string}\"},\"query-input\":{\"@type\":\"PropertyValueSpecification\",\"valueRequired\":true,\"valueName\":\"search_term_string\"}}],\"inLanguage\":\"en-US\"},{\"@type\":\"Person\",\"@id\":\"https:\\\/\\\/akunq.net\\\/turkish\\\/#\\\/schema\\\/person\\\/135e7923d1aeb8887890799619969a6c\",\"name\":\"kalem\",\"image\":{\"@type\":\"ImageObject\",\"inLanguage\":\"en-US\",\"@id\":\"https:\\\/\\\/secure.gravatar.com\\\/avatar\\\/a06875e4b25feb5674296adf8e8a7ae1e587cebce2493fe63c456109967e27d3?s=96&d=mm&r=g\",\"url\":\"https:\\\/\\\/secure.gravatar.com\\\/avatar\\\/a06875e4b25feb5674296adf8e8a7ae1e587cebce2493fe63c456109967e27d3?s=96&d=mm&r=g\",\"contentUrl\":\"https:\\\/\\\/secure.gravatar.com\\\/avatar\\\/a06875e4b25feb5674296adf8e8a7ae1e587cebce2493fe63c456109967e27d3?s=96&d=mm&r=g\",\"caption\":\"kalem\"},\"url\":\"https:\\\/\\\/akunq.net\\\/turkish\\\/author\\\/kalem\\\/\"}]}<\/script>\n<!-- \/ Yoast SEO plugin. -->","yoast_head_json":{"title":"T\u00fcrkiye\u2019de din \u00f6zg\u00fcrl\u00fc\u011f\u00fc sorunu - Bati Ermenistan Ve Bati Ermenileri Sorunlari Ara\u015ftirmalar Merkezi","robots":{"index":"index","follow":"follow","max-snippet":"max-snippet:-1","max-image-preview":"max-image-preview:large","max-video-preview":"max-video-preview:-1"},"canonical":"https:\/\/akunq.net\/turkish\/2013\/12\/23\/turkiyede-din-ozgurlugu-sorunu\/","og_locale":"en_US","og_type":"article","og_title":"T\u00fcrkiye\u2019de din \u00f6zg\u00fcrl\u00fc\u011f\u00fc sorunu - Bati Ermenistan Ve Bati Ermenileri Sorunlari Ara\u015ftirmalar Merkezi","og_description":"LEVENT K\u00d6KER On dokuzuncu y\u00fczy\u0131l pozitivizminin iddi\u00e2s\u0131 hil\u00e2f\u0131na, din toplumsal hay\u00e2t\u0131n en \u00f6nemli bile\u015fenlerinden biri olmay\u0131 s\u00fcrd\u00fcr\u00fcyor. Modernle\u015fme ile birlikte i\u00e7inde dinin merkez\u00ee bir yere s\u00e2hip bulundu\u011fu gelenekselli\u011fin gerileyece\u011fi tezi de epeydir ge\u00e7ersiz. Yirminci y\u00fczy\u0131l\u0131n son \u00e7eyre\u011finde iyiden iyiye g\u00f6r\u00fcn\u00fcr h\u00e2le gelip g\u00fcn\u00fcm\u00fczde etkisini artarak s\u00fcrd\u00fcren din vey\u00e2 inan\u00e7 temelli hayat tarz\u0131 farkl\u0131l\u0131klar\u0131na sayg\u0131 g\u00f6sterilmesi [&hellip;]","og_url":"https:\/\/akunq.net\/turkish\/2013\/12\/23\/turkiyede-din-ozgurlugu-sorunu\/","og_site_name":"Bati Ermenistan Ve Bati Ermenileri Sorunlari Ara\u015ftirmalar Merkezi","article_published_time":"2013-12-23T07:23:31+00:00","author":"kalem","twitter_card":"summary_large_image","twitter_misc":{"Written by":"kalem","Est. reading time":"7 minutes"},"schema":{"@context":"https:\/\/schema.org","@graph":[{"@type":"Article","@id":"https:\/\/akunq.net\/turkish\/2013\/12\/23\/turkiyede-din-ozgurlugu-sorunu\/#article","isPartOf":{"@id":"https:\/\/akunq.net\/turkish\/2013\/12\/23\/turkiyede-din-ozgurlugu-sorunu\/"},"author":{"name":"kalem","@id":"https:\/\/akunq.net\/turkish\/#\/schema\/person\/135e7923d1aeb8887890799619969a6c"},"headline":"T\u00fcrkiye\u2019de din \u00f6zg\u00fcrl\u00fc\u011f\u00fc sorunu","datePublished":"2013-12-23T07:23:31+00:00","mainEntityOfPage":{"@id":"https:\/\/akunq.net\/turkish\/2013\/12\/23\/turkiyede-din-ozgurlugu-sorunu\/"},"wordCount":1375,"commentCount":0,"articleSection":["Haberler","Makaleler","T\u00fcrkiye\u2019de Az\u0131nl\u0131klar"],"inLanguage":"en-US","potentialAction":[{"@type":"CommentAction","name":"Comment","target":["https:\/\/akunq.net\/turkish\/2013\/12\/23\/turkiyede-din-ozgurlugu-sorunu\/#respond"]}]},{"@type":"WebPage","@id":"https:\/\/akunq.net\/turkish\/2013\/12\/23\/turkiyede-din-ozgurlugu-sorunu\/","url":"https:\/\/akunq.net\/turkish\/2013\/12\/23\/turkiyede-din-ozgurlugu-sorunu\/","name":"T\u00fcrkiye\u2019de din \u00f6zg\u00fcrl\u00fc\u011f\u00fc sorunu - Bati Ermenistan Ve Bati Ermenileri Sorunlari Ara\u015ftirmalar Merkezi","isPartOf":{"@id":"https:\/\/akunq.net\/turkish\/#website"},"datePublished":"2013-12-23T07:23:31+00:00","author":{"@id":"https:\/\/akunq.net\/turkish\/#\/schema\/person\/135e7923d1aeb8887890799619969a6c"},"breadcrumb":{"@id":"https:\/\/akunq.net\/turkish\/2013\/12\/23\/turkiyede-din-ozgurlugu-sorunu\/#breadcrumb"},"inLanguage":"en-US","potentialAction":[{"@type":"ReadAction","target":["https:\/\/akunq.net\/turkish\/2013\/12\/23\/turkiyede-din-ozgurlugu-sorunu\/"]}]},{"@type":"BreadcrumbList","@id":"https:\/\/akunq.net\/turkish\/2013\/12\/23\/turkiyede-din-ozgurlugu-sorunu\/#breadcrumb","itemListElement":[{"@type":"ListItem","position":1,"name":"Home","item":"https:\/\/akunq.net\/turkish\/"},{"@type":"ListItem","position":2,"name":"T\u00fcrkiye\u2019de din \u00f6zg\u00fcrl\u00fc\u011f\u00fc sorunu"}]},{"@type":"WebSite","@id":"https:\/\/akunq.net\/turkish\/#website","url":"https:\/\/akunq.net\/turkish\/","name":"Bati Ermenistan Ve Bati Ermenileri Sorunlari Ara\u015ftirmalar Merkezi","description":"","potentialAction":[{"@type":"SearchAction","target":{"@type":"EntryPoint","urlTemplate":"https:\/\/akunq.net\/turkish\/?s={search_term_string}"},"query-input":{"@type":"PropertyValueSpecification","valueRequired":true,"valueName":"search_term_string"}}],"inLanguage":"en-US"},{"@type":"Person","@id":"https:\/\/akunq.net\/turkish\/#\/schema\/person\/135e7923d1aeb8887890799619969a6c","name":"kalem","image":{"@type":"ImageObject","inLanguage":"en-US","@id":"https:\/\/secure.gravatar.com\/avatar\/a06875e4b25feb5674296adf8e8a7ae1e587cebce2493fe63c456109967e27d3?s=96&d=mm&r=g","url":"https:\/\/secure.gravatar.com\/avatar\/a06875e4b25feb5674296adf8e8a7ae1e587cebce2493fe63c456109967e27d3?s=96&d=mm&r=g","contentUrl":"https:\/\/secure.gravatar.com\/avatar\/a06875e4b25feb5674296adf8e8a7ae1e587cebce2493fe63c456109967e27d3?s=96&d=mm&r=g","caption":"kalem"},"url":"https:\/\/akunq.net\/turkish\/author\/kalem\/"}]}},"_links":{"self":[{"href":"https:\/\/akunq.net\/turkish\/wp-json\/wp\/v2\/posts\/27584","targetHints":{"allow":["GET"]}}],"collection":[{"href":"https:\/\/akunq.net\/turkish\/wp-json\/wp\/v2\/posts"}],"about":[{"href":"https:\/\/akunq.net\/turkish\/wp-json\/wp\/v2\/types\/post"}],"author":[{"embeddable":true,"href":"https:\/\/akunq.net\/turkish\/wp-json\/wp\/v2\/users\/3"}],"replies":[{"embeddable":true,"href":"https:\/\/akunq.net\/turkish\/wp-json\/wp\/v2\/comments?post=27584"}],"version-history":[{"count":0,"href":"https:\/\/akunq.net\/turkish\/wp-json\/wp\/v2\/posts\/27584\/revisions"}],"wp:attachment":[{"href":"https:\/\/akunq.net\/turkish\/wp-json\/wp\/v2\/media?parent=27584"}],"wp:term":[{"taxonomy":"category","embeddable":true,"href":"https:\/\/akunq.net\/turkish\/wp-json\/wp\/v2\/categories?post=27584"},{"taxonomy":"post_tag","embeddable":true,"href":"https:\/\/akunq.net\/turkish\/wp-json\/wp\/v2\/tags?post=27584"}],"curies":[{"name":"wp","href":"https:\/\/api.w.org\/{rel}","templated":true}]}}