{"id":27493,"date":"2013-12-18T02:02:33","date_gmt":"2013-12-18T07:02:33","guid":{"rendered":"http:\/\/akunq.net\/tr\/?p=27493"},"modified":"2013-12-18T02:02:33","modified_gmt":"2013-12-18T07:02:33","slug":"bakude-azerbaycan-turkiye-yuksek-duzeyli-askeri-diyalog-toplantisi-yapilacak","status":"publish","type":"post","link":"https:\/\/akunq.net\/turkish\/2013\/12\/18\/bakude-azerbaycan-turkiye-yuksek-duzeyli-askeri-diyalog-toplantisi-yapilacak\/","title":{"rendered":"Bak\u00fc\u2019de Azerbaycan-T\u00fcrkiye Y\u00fcksek D\u00fczeyli Askeri Diyalog Toplant\u0131s\u0131 yap\u0131lacak"},"content":{"rendered":"<p style=\"text-align: justify\"><b><i><a href=\"http:\/\/akunq.net\/tr\/wp-content\/uploads\/2013\/12\/\u0531\u0564\u0580\u0562\u0565\u057b\u0561\u0576-\u0587-\u0539\u0578\u0582\u0580\u0584\u056b\u0561.jpg\"><img loading=\"lazy\" decoding=\"async\" class=\"alignright size-medium wp-image-27494\" alt=\"\u0531\u0564\u0580\u0562\u0565\u057b\u0561\u0576 \u0587 \u0539\u0578\u0582\u0580\u0584\u056b\u0561\" src=\"http:\/\/akunq.net\/tr\/wp-content\/uploads\/2013\/12\/\u0531\u0564\u0580\u0562\u0565\u057b\u0561\u0576-\u0587-\u0539\u0578\u0582\u0580\u0584\u056b\u0561-300x206.jpg\" width=\"300\" height=\"206\" srcset=\"https:\/\/akunq.net\/turkish\/wp-content\/uploads\/sites\/5\/2013\/12\/\u0531\u0564\u0580\u0562\u0565\u057b\u0561\u0576-\u0587-\u0539\u0578\u0582\u0580\u0584\u056b\u0561-300x206.jpg 300w, https:\/\/akunq.net\/turkish\/wp-content\/uploads\/sites\/5\/2013\/12\/\u0531\u0564\u0580\u0562\u0565\u057b\u0561\u0576-\u0587-\u0539\u0578\u0582\u0580\u0584\u056b\u0561.jpg 307w\" sizes=\"auto, (max-width: 300px) 100vw, 300px\" \/><\/a>18-20 Aral\u0131k tarihlerinde Bak\u00fc\u2019de Azerbaycan-T\u00fcrkiye Y\u00fcksek D\u00fczeyli Askeri Diyalog Toplant\u0131s\u0131 yap\u0131lacak.<\/i><\/b><\/p>\n<p style=\"text-align: justify\">Savunma Bakanl\u0131\u011f\u0131 bas\u0131n hizmetinden verilen bilgiye g\u00f6re, toplant\u0131 Azerbaycan-T\u00fcrkiye ikili i\u015fbirli\u011fi plan\u0131 \u00e7er\u00e7evesinde ger\u00e7ekle\u015ftirilecektir.<\/p>\n<p style=\"text-align: justify\"><b><i>http:\/\/www.1news.com.tr\/azerbaycan\/siyaset\/20131216012229471.html<\/i><\/b><\/p>\n","protected":false},"excerpt":{"rendered":"<p>18-20 Aral\u0131k tarihlerinde Bak\u00fc\u2019de Azerbaycan-T\u00fcrkiye Y\u00fcksek D\u00fczeyli Askeri Diyalog Toplant\u0131s\u0131 yap\u0131lacak. Savunma Bakanl\u0131\u011f\u0131 bas\u0131n hizmetinden verilen bilgiye g\u00f6re, toplant\u0131 Azerbaycan-T\u00fcrkiye ikili i\u015fbirli\u011fi plan\u0131 \u00e7er\u00e7evesinde ger\u00e7ekle\u015ftirilecektir. http:\/\/www.1news.com.tr\/azerbaycan\/siyaset\/20131216012229471.html<\/p>\n","protected":false},"author":3,"featured_media":0,"comment_status":"open","ping_status":"open","sticky":false,"template":"","format":"standard","meta":{"footnotes":""},"categories":[14,41],"tags":[],"class_list":["post-27493","post","type-post","status-publish","format-standard","hentry","category-haberler","category-turkiye-azerbaycan"],"yoast_head":"<!-- This site is optimized with the Yoast SEO plugin v27.4 - https:\/\/yoast.com\/product\/yoast-seo-wordpress\/ -->\n<title>Bak\u00fc\u2019de Azerbaycan-T\u00fcrkiye Y\u00fcksek D\u00fczeyli Askeri Diyalog Toplant\u0131s\u0131 yap\u0131lacak - Bati Ermenistan Ve Bati Ermenileri Sorunlari Ara\u015ftirmalar Merkezi<\/title>\n<meta name=\"robots\" content=\"index, follow, max-snippet:-1, max-image-preview:large, max-video-preview:-1\" \/>\n<link rel=\"canonical\" href=\"https:\/\/akunq.net\/turkish\/2013\/12\/18\/bakude-azerbaycan-turkiye-yuksek-duzeyli-askeri-diyalog-toplantisi-yapilacak\/\" \/>\n<meta property=\"og:locale\" content=\"en_US\" \/>\n<meta property=\"og:type\" content=\"article\" \/>\n<meta property=\"og:title\" content=\"Bak\u00fc\u2019de Azerbaycan-T\u00fcrkiye Y\u00fcksek D\u00fczeyli Askeri Diyalog Toplant\u0131s\u0131 yap\u0131lacak - Bati Ermenistan Ve Bati Ermenileri Sorunlari Ara\u015ftirmalar Merkezi\" \/>\n<meta property=\"og:description\" content=\"18-20 Aral\u0131k tarihlerinde Bak\u00fc\u2019de Azerbaycan-T\u00fcrkiye Y\u00fcksek D\u00fczeyli Askeri Diyalog Toplant\u0131s\u0131 yap\u0131lacak. Savunma Bakanl\u0131\u011f\u0131 bas\u0131n hizmetinden verilen bilgiye g\u00f6re, toplant\u0131 Azerbaycan-T\u00fcrkiye ikili i\u015fbirli\u011fi plan\u0131 \u00e7er\u00e7evesinde ger\u00e7ekle\u015ftirilecektir. http:\/\/www.1news.com.tr\/azerbaycan\/siyaset\/20131216012229471.html\" \/>\n<meta property=\"og:url\" content=\"https:\/\/akunq.net\/turkish\/2013\/12\/18\/bakude-azerbaycan-turkiye-yuksek-duzeyli-askeri-diyalog-toplantisi-yapilacak\/\" \/>\n<meta property=\"og:site_name\" content=\"Bati Ermenistan Ve Bati Ermenileri Sorunlari Ara\u015ftirmalar Merkezi\" \/>\n<meta property=\"article:published_time\" content=\"2013-12-18T07:02:33+00:00\" \/>\n<meta name=\"author\" content=\"kalem\" \/>\n<meta name=\"twitter:card\" content=\"summary_large_image\" \/>\n<meta name=\"twitter:label1\" content=\"Written by\" \/>\n\t<meta name=\"twitter:data1\" content=\"kalem\" \/>\n<script type=\"application\/ld+json\" class=\"yoast-schema-graph\">{\"@context\":\"https:\\\/\\\/schema.org\",\"@graph\":[{\"@type\":\"Article\",\"@id\":\"https:\\\/\\\/akunq.net\\\/turkish\\\/2013\\\/12\\\/18\\\/bakude-azerbaycan-turkiye-yuksek-duzeyli-askeri-diyalog-toplantisi-yapilacak\\\/#article\",\"isPartOf\":{\"@id\":\"https:\\\/\\\/akunq.net\\\/turkish\\\/2013\\\/12\\\/18\\\/bakude-azerbaycan-turkiye-yuksek-duzeyli-askeri-diyalog-toplantisi-yapilacak\\\/\"},\"author\":{\"name\":\"kalem\",\"@id\":\"https:\\\/\\\/akunq.net\\\/turkish\\\/#\\\/schema\\\/person\\\/135e7923d1aeb8887890799619969a6c\"},\"headline\":\"Bak\u00fc\u2019de Azerbaycan-T\u00fcrkiye Y\u00fcksek D\u00fczeyli Askeri Diyalog Toplant\u0131s\u0131 yap\u0131lacak\",\"datePublished\":\"2013-12-18T07:02:33+00:00\",\"mainEntityOfPage\":{\"@id\":\"https:\\\/\\\/akunq.net\\\/turkish\\\/2013\\\/12\\\/18\\\/bakude-azerbaycan-turkiye-yuksek-duzeyli-askeri-diyalog-toplantisi-yapilacak\\\/\"},\"wordCount\":62,\"commentCount\":0,\"articleSection\":[\"Haberler\",\"T\u00fcrkiye-Azerbaycan\"],\"inLanguage\":\"en-US\",\"potentialAction\":[{\"@type\":\"CommentAction\",\"name\":\"Comment\",\"target\":[\"https:\\\/\\\/akunq.net\\\/turkish\\\/2013\\\/12\\\/18\\\/bakude-azerbaycan-turkiye-yuksek-duzeyli-askeri-diyalog-toplantisi-yapilacak\\\/#respond\"]}]},{\"@type\":\"WebPage\",\"@id\":\"https:\\\/\\\/akunq.net\\\/turkish\\\/2013\\\/12\\\/18\\\/bakude-azerbaycan-turkiye-yuksek-duzeyli-askeri-diyalog-toplantisi-yapilacak\\\/\",\"url\":\"https:\\\/\\\/akunq.net\\\/turkish\\\/2013\\\/12\\\/18\\\/bakude-azerbaycan-turkiye-yuksek-duzeyli-askeri-diyalog-toplantisi-yapilacak\\\/\",\"name\":\"Bak\u00fc\u2019de Azerbaycan-T\u00fcrkiye Y\u00fcksek D\u00fczeyli Askeri Diyalog Toplant\u0131s\u0131 yap\u0131lacak - Bati Ermenistan Ve Bati Ermenileri Sorunlari Ara\u015ftirmalar Merkezi\",\"isPartOf\":{\"@id\":\"https:\\\/\\\/akunq.net\\\/turkish\\\/#website\"},\"datePublished\":\"2013-12-18T07:02:33+00:00\",\"author\":{\"@id\":\"https:\\\/\\\/akunq.net\\\/turkish\\\/#\\\/schema\\\/person\\\/135e7923d1aeb8887890799619969a6c\"},\"breadcrumb\":{\"@id\":\"https:\\\/\\\/akunq.net\\\/turkish\\\/2013\\\/12\\\/18\\\/bakude-azerbaycan-turkiye-yuksek-duzeyli-askeri-diyalog-toplantisi-yapilacak\\\/#breadcrumb\"},\"inLanguage\":\"en-US\",\"potentialAction\":[{\"@type\":\"ReadAction\",\"target\":[\"https:\\\/\\\/akunq.net\\\/turkish\\\/2013\\\/12\\\/18\\\/bakude-azerbaycan-turkiye-yuksek-duzeyli-askeri-diyalog-toplantisi-yapilacak\\\/\"]}]},{\"@type\":\"BreadcrumbList\",\"@id\":\"https:\\\/\\\/akunq.net\\\/turkish\\\/2013\\\/12\\\/18\\\/bakude-azerbaycan-turkiye-yuksek-duzeyli-askeri-diyalog-toplantisi-yapilacak\\\/#breadcrumb\",\"itemListElement\":[{\"@type\":\"ListItem\",\"position\":1,\"name\":\"Home\",\"item\":\"https:\\\/\\\/akunq.net\\\/turkish\\\/\"},{\"@type\":\"ListItem\",\"position\":2,\"name\":\"Bak\u00fc\u2019de Azerbaycan-T\u00fcrkiye Y\u00fcksek D\u00fczeyli Askeri Diyalog Toplant\u0131s\u0131 yap\u0131lacak\"}]},{\"@type\":\"WebSite\",\"@id\":\"https:\\\/\\\/akunq.net\\\/turkish\\\/#website\",\"url\":\"https:\\\/\\\/akunq.net\\\/turkish\\\/\",\"name\":\"Bati Ermenistan Ve Bati Ermenileri Sorunlari Ara\u015ftirmalar Merkezi\",\"description\":\"\",\"potentialAction\":[{\"@type\":\"SearchAction\",\"target\":{\"@type\":\"EntryPoint\",\"urlTemplate\":\"https:\\\/\\\/akunq.net\\\/turkish\\\/?s={search_term_string}\"},\"query-input\":{\"@type\":\"PropertyValueSpecification\",\"valueRequired\":true,\"valueName\":\"search_term_string\"}}],\"inLanguage\":\"en-US\"},{\"@type\":\"Person\",\"@id\":\"https:\\\/\\\/akunq.net\\\/turkish\\\/#\\\/schema\\\/person\\\/135e7923d1aeb8887890799619969a6c\",\"name\":\"kalem\",\"image\":{\"@type\":\"ImageObject\",\"inLanguage\":\"en-US\",\"@id\":\"https:\\\/\\\/secure.gravatar.com\\\/avatar\\\/a06875e4b25feb5674296adf8e8a7ae1e587cebce2493fe63c456109967e27d3?s=96&d=mm&r=g\",\"url\":\"https:\\\/\\\/secure.gravatar.com\\\/avatar\\\/a06875e4b25feb5674296adf8e8a7ae1e587cebce2493fe63c456109967e27d3?s=96&d=mm&r=g\",\"contentUrl\":\"https:\\\/\\\/secure.gravatar.com\\\/avatar\\\/a06875e4b25feb5674296adf8e8a7ae1e587cebce2493fe63c456109967e27d3?s=96&d=mm&r=g\",\"caption\":\"kalem\"},\"url\":\"https:\\\/\\\/akunq.net\\\/turkish\\\/author\\\/kalem\\\/\"}]}<\/script>\n<!-- \/ Yoast SEO plugin. -->","yoast_head_json":{"title":"Bak\u00fc\u2019de Azerbaycan-T\u00fcrkiye Y\u00fcksek D\u00fczeyli Askeri Diyalog Toplant\u0131s\u0131 yap\u0131lacak - Bati Ermenistan Ve Bati Ermenileri Sorunlari Ara\u015ftirmalar Merkezi","robots":{"index":"index","follow":"follow","max-snippet":"max-snippet:-1","max-image-preview":"max-image-preview:large","max-video-preview":"max-video-preview:-1"},"canonical":"https:\/\/akunq.net\/turkish\/2013\/12\/18\/bakude-azerbaycan-turkiye-yuksek-duzeyli-askeri-diyalog-toplantisi-yapilacak\/","og_locale":"en_US","og_type":"article","og_title":"Bak\u00fc\u2019de Azerbaycan-T\u00fcrkiye Y\u00fcksek D\u00fczeyli Askeri Diyalog Toplant\u0131s\u0131 yap\u0131lacak - Bati Ermenistan Ve Bati Ermenileri Sorunlari Ara\u015ftirmalar Merkezi","og_description":"18-20 Aral\u0131k tarihlerinde Bak\u00fc\u2019de Azerbaycan-T\u00fcrkiye Y\u00fcksek D\u00fczeyli Askeri Diyalog Toplant\u0131s\u0131 yap\u0131lacak. Savunma Bakanl\u0131\u011f\u0131 bas\u0131n hizmetinden verilen bilgiye g\u00f6re, toplant\u0131 Azerbaycan-T\u00fcrkiye ikili i\u015fbirli\u011fi plan\u0131 \u00e7er\u00e7evesinde ger\u00e7ekle\u015ftirilecektir. http:\/\/www.1news.com.tr\/azerbaycan\/siyaset\/20131216012229471.html","og_url":"https:\/\/akunq.net\/turkish\/2013\/12\/18\/bakude-azerbaycan-turkiye-yuksek-duzeyli-askeri-diyalog-toplantisi-yapilacak\/","og_site_name":"Bati Ermenistan Ve Bati Ermenileri Sorunlari Ara\u015ftirmalar Merkezi","article_published_time":"2013-12-18T07:02:33+00:00","author":"kalem","twitter_card":"summary_large_image","twitter_misc":{"Written by":"kalem"},"schema":{"@context":"https:\/\/schema.org","@graph":[{"@type":"Article","@id":"https:\/\/akunq.net\/turkish\/2013\/12\/18\/bakude-azerbaycan-turkiye-yuksek-duzeyli-askeri-diyalog-toplantisi-yapilacak\/#article","isPartOf":{"@id":"https:\/\/akunq.net\/turkish\/2013\/12\/18\/bakude-azerbaycan-turkiye-yuksek-duzeyli-askeri-diyalog-toplantisi-yapilacak\/"},"author":{"name":"kalem","@id":"https:\/\/akunq.net\/turkish\/#\/schema\/person\/135e7923d1aeb8887890799619969a6c"},"headline":"Bak\u00fc\u2019de Azerbaycan-T\u00fcrkiye Y\u00fcksek D\u00fczeyli Askeri Diyalog Toplant\u0131s\u0131 yap\u0131lacak","datePublished":"2013-12-18T07:02:33+00:00","mainEntityOfPage":{"@id":"https:\/\/akunq.net\/turkish\/2013\/12\/18\/bakude-azerbaycan-turkiye-yuksek-duzeyli-askeri-diyalog-toplantisi-yapilacak\/"},"wordCount":62,"commentCount":0,"articleSection":["Haberler","T\u00fcrkiye-Azerbaycan"],"inLanguage":"en-US","potentialAction":[{"@type":"CommentAction","name":"Comment","target":["https:\/\/akunq.net\/turkish\/2013\/12\/18\/bakude-azerbaycan-turkiye-yuksek-duzeyli-askeri-diyalog-toplantisi-yapilacak\/#respond"]}]},{"@type":"WebPage","@id":"https:\/\/akunq.net\/turkish\/2013\/12\/18\/bakude-azerbaycan-turkiye-yuksek-duzeyli-askeri-diyalog-toplantisi-yapilacak\/","url":"https:\/\/akunq.net\/turkish\/2013\/12\/18\/bakude-azerbaycan-turkiye-yuksek-duzeyli-askeri-diyalog-toplantisi-yapilacak\/","name":"Bak\u00fc\u2019de Azerbaycan-T\u00fcrkiye Y\u00fcksek D\u00fczeyli Askeri Diyalog Toplant\u0131s\u0131 yap\u0131lacak - Bati Ermenistan Ve Bati Ermenileri Sorunlari Ara\u015ftirmalar Merkezi","isPartOf":{"@id":"https:\/\/akunq.net\/turkish\/#website"},"datePublished":"2013-12-18T07:02:33+00:00","author":{"@id":"https:\/\/akunq.net\/turkish\/#\/schema\/person\/135e7923d1aeb8887890799619969a6c"},"breadcrumb":{"@id":"https:\/\/akunq.net\/turkish\/2013\/12\/18\/bakude-azerbaycan-turkiye-yuksek-duzeyli-askeri-diyalog-toplantisi-yapilacak\/#breadcrumb"},"inLanguage":"en-US","potentialAction":[{"@type":"ReadAction","target":["https:\/\/akunq.net\/turkish\/2013\/12\/18\/bakude-azerbaycan-turkiye-yuksek-duzeyli-askeri-diyalog-toplantisi-yapilacak\/"]}]},{"@type":"BreadcrumbList","@id":"https:\/\/akunq.net\/turkish\/2013\/12\/18\/bakude-azerbaycan-turkiye-yuksek-duzeyli-askeri-diyalog-toplantisi-yapilacak\/#breadcrumb","itemListElement":[{"@type":"ListItem","position":1,"name":"Home","item":"https:\/\/akunq.net\/turkish\/"},{"@type":"ListItem","position":2,"name":"Bak\u00fc\u2019de Azerbaycan-T\u00fcrkiye Y\u00fcksek D\u00fczeyli Askeri Diyalog Toplant\u0131s\u0131 yap\u0131lacak"}]},{"@type":"WebSite","@id":"https:\/\/akunq.net\/turkish\/#website","url":"https:\/\/akunq.net\/turkish\/","name":"Bati Ermenistan Ve Bati Ermenileri Sorunlari Ara\u015ftirmalar Merkezi","description":"","potentialAction":[{"@type":"SearchAction","target":{"@type":"EntryPoint","urlTemplate":"https:\/\/akunq.net\/turkish\/?s={search_term_string}"},"query-input":{"@type":"PropertyValueSpecification","valueRequired":true,"valueName":"search_term_string"}}],"inLanguage":"en-US"},{"@type":"Person","@id":"https:\/\/akunq.net\/turkish\/#\/schema\/person\/135e7923d1aeb8887890799619969a6c","name":"kalem","image":{"@type":"ImageObject","inLanguage":"en-US","@id":"https:\/\/secure.gravatar.com\/avatar\/a06875e4b25feb5674296adf8e8a7ae1e587cebce2493fe63c456109967e27d3?s=96&d=mm&r=g","url":"https:\/\/secure.gravatar.com\/avatar\/a06875e4b25feb5674296adf8e8a7ae1e587cebce2493fe63c456109967e27d3?s=96&d=mm&r=g","contentUrl":"https:\/\/secure.gravatar.com\/avatar\/a06875e4b25feb5674296adf8e8a7ae1e587cebce2493fe63c456109967e27d3?s=96&d=mm&r=g","caption":"kalem"},"url":"https:\/\/akunq.net\/turkish\/author\/kalem\/"}]}},"_links":{"self":[{"href":"https:\/\/akunq.net\/turkish\/wp-json\/wp\/v2\/posts\/27493","targetHints":{"allow":["GET"]}}],"collection":[{"href":"https:\/\/akunq.net\/turkish\/wp-json\/wp\/v2\/posts"}],"about":[{"href":"https:\/\/akunq.net\/turkish\/wp-json\/wp\/v2\/types\/post"}],"author":[{"embeddable":true,"href":"https:\/\/akunq.net\/turkish\/wp-json\/wp\/v2\/users\/3"}],"replies":[{"embeddable":true,"href":"https:\/\/akunq.net\/turkish\/wp-json\/wp\/v2\/comments?post=27493"}],"version-history":[{"count":0,"href":"https:\/\/akunq.net\/turkish\/wp-json\/wp\/v2\/posts\/27493\/revisions"}],"wp:attachment":[{"href":"https:\/\/akunq.net\/turkish\/wp-json\/wp\/v2\/media?parent=27493"}],"wp:term":[{"taxonomy":"category","embeddable":true,"href":"https:\/\/akunq.net\/turkish\/wp-json\/wp\/v2\/categories?post=27493"},{"taxonomy":"post_tag","embeddable":true,"href":"https:\/\/akunq.net\/turkish\/wp-json\/wp\/v2\/tags?post=27493"}],"curies":[{"name":"wp","href":"https:\/\/api.w.org\/{rel}","templated":true}]}}