{"id":27467,"date":"2013-12-17T01:54:24","date_gmt":"2013-12-17T06:54:24","guid":{"rendered":"http:\/\/akunq.net\/tr\/?p=27467"},"modified":"2013-12-17T01:54:24","modified_gmt":"2013-12-17T06:54:24","slug":"2015-yaklasirken-inkar-ceteleri-is-basinda","status":"publish","type":"post","link":"https:\/\/akunq.net\/turkish\/2013\/12\/17\/2015-yaklasirken-inkar-ceteleri-is-basinda\/","title":{"rendered":"2015 Yakla\u015f\u0131rken \u0130nk\u00e2r \u00c7eteleri \u0130\u015f Ba\u015f\u0131nda!"},"content":{"rendered":"<p style=\"text-align: justify\"><b><a href=\"http:\/\/akunq.net\/tr\/wp-content\/uploads\/2013\/12\/Nadya-Uygun.jpg\"><img loading=\"lazy\" decoding=\"async\" class=\"alignright size-medium wp-image-27468\" alt=\"Nadya Uygun\" src=\"http:\/\/akunq.net\/tr\/wp-content\/uploads\/2013\/12\/Nadya-Uygun-300x389.jpg\" width=\"300\" height=\"389\" \/><\/a>Nadya UYGUN<\/b><\/p>\n<p style=\"text-align: justify\"><b><i>Ermeni Soyk\u0131r\u0131m\u0131n\u0131n y\u00fcz\u00fcnc\u00fc y\u0131l\u0131 yakla\u015f\u0131rken malum kesimin etekleri de tutu\u015fmu\u015f vaziyette! G\u00fcn ge\u00e7miyor ki yeni bir i\u011fren\u00e7 uygulama ortaya \u00e7\u0131kmas\u0131n. Herkes el birli\u011fi ile bu b\u00fcy\u00fck g\u00fcnah\u0131n, bu insanl\u0131k su\u00e7unun \u00fcst\u00fcn\u00fc \u00f6rtmeye ve inkarda \u0131srarc\u0131 olmaya devam ediyor.<\/i><\/b><\/p>\n<p style=\"text-align: justify\">Ermeni Soyk\u0131r\u0131m\u0131n\u0131n y\u00fcz\u00fcnc\u00fc y\u0131l\u0131 yakla\u015f\u0131rken malum kesimin etekleri de tutu\u015fmu\u015f vaziyette! G\u00fcn ge\u00e7miyor ki yeni bir i\u011fren\u00e7 uygulama ortaya \u00e7\u0131kmas\u0131n. Herkes el birli\u011fi ile bu b\u00fcy\u00fck g\u00fcnah\u0131n, bu insanl\u0131k su\u00e7unun \u00fcst\u00fcn\u00fc \u00f6rtmeye\u00a0ve inkarda \u0131srarc\u0131 olmaya devam ediyor.<\/p>\n<p style=\"text-align: justify\">Bir yandan, bir s\u00fcre \u00f6nce tamamen tesad\u00fcf eseri, T\u00fcrkiye\u2019de ya\u015fayan gayrim\u00fcslim az\u0131nl\u0131\u011f\u0131n, Ermenilerin \u00e7ok uzun zamand\u0131r fi\u015flenmi\u015f oldu\u011funu \u00f6\u011frendik&#8230; Daha bunun \u00f6fkesi ge\u00e7meden, iki g\u00fcn \u00f6nce, Ermeni Soyk\u0131r\u0131m\u0131 ile ilgili akademik \u00e7al\u0131\u015fma yapanlar\u0131n da fi\u015flendi\u011fini \u00f6\u011frendik&#8230; Ama\u00e7 \u00a0\u00e7ok a\u00e7\u0131k tabi, bu insanlara tehdit, \u015fantaj ve bask\u0131 yoluyla engel olu\u015fturmak ve hatta &#8220;ikna&#8221; ederek, tamamen resmi tezi destekleyici g\u00f6r\u00fc\u015fler yazd\u0131rmak&#8230;<\/p>\n<p style=\"text-align: justify\">20 k\u00fcsur y\u0131l \u00f6nce TRT\u2019nin yap\u0131m\u0131 bir i\u011fren\u00e7 dizi vard\u0131, Duvardaki Kan.. Nefret ve kin sa\u00e7arak Ermenilerin ne kadar k\u00f6t\u00fc olduklar\u0131n\u0131 ve ba\u015flar\u0131na gelenleri nas\u0131l hakettiklerini anlatan bir i\u011fren\u00e7 yap\u0131t! Hi\u00e7 utanmadan kalk\u0131p eski diziyi, b\u00f6l\u00fcmleri yap\u0131\u015ft\u0131rmak suretiyle bir TV filmi haline getirip, televizyonda g\u00f6stermeye ba\u015flad\u0131lar ki yeni nesle de nefret tohumlar\u0131 sa\u00e7s\u0131nlar ve bu, sadece kendilerinin inand\u0131klar\u0131 b\u00fcy\u00fck yalan s\u00fcrs\u00fcn!<\/p>\n<p style=\"text-align: justify\">\u00d6te yandan yurtd\u0131\u015f\u0131ndaki temsilciliklerde ulusal kanattan yazarlar, i\u015fadamlar\u0131, akademisyenler, politikac\u0131lar, hi\u00e7 bir vesileyi ka\u00e7r\u0131madan, her durumda bunu bir inkar g\u00f6sterisi haline getiriyorlar.. Aman da bayraklar, Atat\u00fcrk posterleri, T\u00fcrk T\u00fcrk diye inleyen \u015fark\u0131lar, t\u00fcrk\u00fcler&#8230; Ne kadar \u00e7a\u011fda\u015f, ne kadar modern ve ne kadar laik oldu\u011funu g\u00f6steren &#8220;\u00f6rnek T\u00fcrk insan&#8221;lar\u0131 boy g\u00f6steriyor.. Miyonlarca para harcan\u0131yor.. Gayet ho\u015f k\u0131yafetler i\u00e7inde cici beyler, a\u011f\u0131r makyajl\u0131 \u015firinlik muskas\u0131 han\u0131mlar, T\u00fcrk insan\u0131n\u0131n hi\u00e7 korkulacak birileri olamad\u0131klar\u0131n\u0131, bilakis ne kadar \u015feker \u00e7ocuklar olduklar\u0131n\u0131 sergileyip, arkadan hemen bayraklar\u0131 \u00e7\u0131kar\u0131p Ermenilerin ne kadar tu, kaka olduklar\u0131n\u0131 anlatmaya ba\u015fl\u0131yorlar&#8230; Bu \u00f6yle bir g\u00f6rsel kurgu ki, direkler aras\u0131 e\u011flencelerine ta\u015f \u00e7\u0131kart\u0131r! Bunlara kim inan\u0131yor peki? \u00c7ok az ki\u015fi.. Bu \u00e7ok az ki\u015fiden bir ka\u00e7\u0131 da maa\u015fl\u0131 memuru oluyor inkar lobisinin! Kendi aralar\u0131nda \u00e7al\u0131p, s\u00f6yleyip, d\u00fcnyan\u0131n paras\u0131n\u0131 da harcay\u0131p evlerine d\u00f6n\u00fcyorlar.. Ertesi sabah ilk rastlad\u0131klar\u0131 yabanc\u0131 yay\u0131nda &#8220;Armenian genocide..&#8221; diye ba\u015flayan c\u00fcmleleri g\u00f6rd\u00fck\u00e7e, daha da \u00e7\u0131ld\u0131r\u0131p tekrar yeni bir g\u00f6steriye haz\u0131rlan\u0131yorlar!<\/p>\n<p style=\"text-align: justify\">Sosyal medya da ise, Ermenilerin \u00fcst\u00fcne sald\u0131rtmak, sitelerini hack etmek, sinirlerini bozmak ve a\u011f\u0131r hakaret etmek i\u00e7in, din karde\u015fleri Azerileri kullan\u0131yorlar&#8230; Bu nefret sa\u00e7an Azeri siteler resmi g\u00f6revli, hi\u00e7 ku\u015fku g\u00f6t\u00fcrmez; \u00e7\u00fcnk\u00fc bir avu\u00e7 insan bu i\u015fle u\u011fra\u015fmaya, bunu durdurmaya \u00e7al\u0131\u015ft\u0131k\u00e7a, s\u00f6z konusu sosyal medyan\u0131n y\u00f6netimleri, bunlar\u0131n s\u00fcrmesi i\u00e7in elinden geleni ard\u0131na koymuyor.. Su\u00e7 duyurusu filan da hi\u00e7 para etmiyor.. Din karde\u015fleri ittifak\u0131!<\/p>\n<p style=\"text-align: justify\">Gelelim di\u011fer din karde\u015flerine.. Yani K\u00fcrtlere.. Onlar da bu konuda \u00fc\u00e7 maymunu oynamakla me\u015fguller.. Birka\u00e7 vicdan sahibi g\u00fczel insan\u0131n \u00e7abas\u0131 d\u0131\u015f\u0131nda, derin bir sessizlik var.. Daha hi\u00e7bir \u015fekilde resmi bir \u00f6zre, bir partiden veya bir kurulu\u015ftan gelen, \u015fahit olmad\u0131k.. Tek tek insanlardan duyduk ama BDP\u2019den resmen duymad\u0131k.. \u00dcstelik bir kap\u0131 da a\u00e7\u0131k b\u0131rak\u0131l\u0131yor ki, duruma g\u00f6re eski su\u00e7 ortaklar\u0131 ve din karde\u015fleri ile olas\u0131 bir ittifak\u0131n yolu kapanmas\u0131n! Adlar\u0131n\u0131 tek tek s\u0131ralamak yersiz ama, o kadar \u00e7ok say\u0131da Ermeni mal\u0131n\u0131, m\u00fclk\u00fcn\u00fc, kar\u0131s\u0131n\u0131, k\u0131z\u0131n\u0131 gaspedip, bu saltanat\u0131n\u0131 hala g\u00fcn\u00fcm\u00fcze kadar s\u00fcrd\u00fcr\u00fcp, ya\u015fayan y\u00f6neticiler var hem BDP i\u00e7inde, hem de K\u00fcrt \u00f6zg\u00fcrl\u00fck hareketi i\u00e7inde.. A\u011fz\u0131m\u0131z\u0131 a\u00e7\u0131p ele\u015ftirecek olsak, aman BDP\u2019ye dil uzatmay\u0131n deniyor.. Yok karde\u015fiz biz filan.. Biz nereden karde\u015f oluyoruz, onu da hi\u00e7 anlayabilmi\u015f de\u011filim ya, neyse!<\/p>\n<p style=\"text-align: justify\">En son olarak da, HDP\u2019den \u00e7ok \u00fcz\u00fcc\u00fc bir hareket g\u00f6rd\u00fck:\u00a0 yapt\u0131klar\u0131 bir afi\u015fte, Ermenileri ve Rumlar\u0131 koymam\u0131\u015flar, adlar\u0131 bile ge\u00e7miyor&#8230; Bu topraklarda en \u00e7ok zul\u00fcm g\u00f6renlerden, iki kadim halk\u0131n ad\u0131 yok! Sebep? Unutmu\u015f olabilirler mi? Sanmam, m\u00fcmk\u00fcn m\u00fc unutmak bu iki halk\u0131? O halde sebep nedir? Sorduk kendilerine , hala cevap bekliyoruz. Cevap vermemeleri halinde onlar\u0131n da samimiyetinden ku\u015fku duymaya ba\u015flayaca\u011f\u0131m.. Ya da bu bir laubali \u00f6zensiz \u00e7al\u0131\u015fma sonucu bir hata ise, o daha da vahim \u00e7\u00fcnk\u00fc bu i\u015f, o partinin kalitesini g\u00f6sterir, maalesef!<\/p>\n<p style=\"text-align: justify\">\u0130\u015fte 2015\u2019e bu kadar az vakit kala, T\u00fcrkiye&#8217;den insan manzararalar\u0131 bu kadar utanmaz, bu kadar ac\u0131nacak haldedir!<\/p>\n<p style=\"text-align: justify\">\u0130nkara devam edin bakal\u0131m, nereye kadar! Bizim vaktimiz bol, haf\u0131za da silinmedi, bir as\u0131r nedir ki, yine bekleriz\u2026 Yeter ki adalet yerini bulsun!<\/p>\n<p style=\"text-align: justify\"><a href=\"http:\/\/www.alevizyon.com\/haberler\/2015-yaklasirken-ink-r-ceteleri-is-basinda.html\"><b><i>http:\/\/www.alevizyon.com\/haberler\/2015-yaklasirken-ink-r-ceteleri-is-basinda.html<\/i><\/b><\/a><\/p>\n","protected":false},"excerpt":{"rendered":"<p>Nadya UYGUN Ermeni Soyk\u0131r\u0131m\u0131n\u0131n y\u00fcz\u00fcnc\u00fc y\u0131l\u0131 yakla\u015f\u0131rken malum kesimin etekleri de tutu\u015fmu\u015f vaziyette! G\u00fcn ge\u00e7miyor ki yeni bir i\u011fren\u00e7 uygulama ortaya \u00e7\u0131kmas\u0131n. Herkes el birli\u011fi ile bu b\u00fcy\u00fck g\u00fcnah\u0131n, bu insanl\u0131k su\u00e7unun \u00fcst\u00fcn\u00fc \u00f6rtmeye ve inkarda \u0131srarc\u0131 olmaya devam ediyor. Ermeni Soyk\u0131r\u0131m\u0131n\u0131n y\u00fcz\u00fcnc\u00fc y\u0131l\u0131 yakla\u015f\u0131rken malum kesimin etekleri de tutu\u015fmu\u015f vaziyette! G\u00fcn ge\u00e7miyor ki yeni [&hellip;]<\/p>\n","protected":false},"author":3,"featured_media":0,"comment_status":"open","ping_status":"open","sticky":false,"template":"","format":"standard","meta":{"footnotes":""},"categories":[6,14,26],"tags":[],"class_list":["post-27467","post","type-post","status-publish","format-standard","hentry","category-ermeni-soykirimi","category-haberler","category-makaleler"],"yoast_head":"<!-- This site is optimized with the Yoast SEO plugin v27.4 - https:\/\/yoast.com\/product\/yoast-seo-wordpress\/ -->\n<title>2015 Yakla\u015f\u0131rken \u0130nk\u00e2r \u00c7eteleri \u0130\u015f Ba\u015f\u0131nda! - Bati Ermenistan Ve Bati Ermenileri Sorunlari Ara\u015ftirmalar Merkezi<\/title>\n<meta name=\"robots\" content=\"index, follow, max-snippet:-1, max-image-preview:large, max-video-preview:-1\" \/>\n<link rel=\"canonical\" href=\"https:\/\/akunq.net\/turkish\/2013\/12\/17\/2015-yaklasirken-inkar-ceteleri-is-basinda\/\" \/>\n<meta property=\"og:locale\" content=\"en_US\" \/>\n<meta property=\"og:type\" content=\"article\" \/>\n<meta property=\"og:title\" content=\"2015 Yakla\u015f\u0131rken \u0130nk\u00e2r \u00c7eteleri \u0130\u015f Ba\u015f\u0131nda! - Bati Ermenistan Ve Bati Ermenileri Sorunlari Ara\u015ftirmalar Merkezi\" \/>\n<meta property=\"og:description\" content=\"Nadya UYGUN Ermeni Soyk\u0131r\u0131m\u0131n\u0131n y\u00fcz\u00fcnc\u00fc y\u0131l\u0131 yakla\u015f\u0131rken malum kesimin etekleri de tutu\u015fmu\u015f vaziyette! G\u00fcn ge\u00e7miyor ki yeni bir i\u011fren\u00e7 uygulama ortaya \u00e7\u0131kmas\u0131n. Herkes el birli\u011fi ile bu b\u00fcy\u00fck g\u00fcnah\u0131n, bu insanl\u0131k su\u00e7unun \u00fcst\u00fcn\u00fc \u00f6rtmeye ve inkarda \u0131srarc\u0131 olmaya devam ediyor. Ermeni Soyk\u0131r\u0131m\u0131n\u0131n y\u00fcz\u00fcnc\u00fc y\u0131l\u0131 yakla\u015f\u0131rken malum kesimin etekleri de tutu\u015fmu\u015f vaziyette! G\u00fcn ge\u00e7miyor ki yeni [&hellip;]\" \/>\n<meta property=\"og:url\" content=\"https:\/\/akunq.net\/turkish\/2013\/12\/17\/2015-yaklasirken-inkar-ceteleri-is-basinda\/\" \/>\n<meta property=\"og:site_name\" content=\"Bati Ermenistan Ve Bati Ermenileri Sorunlari Ara\u015ftirmalar Merkezi\" \/>\n<meta property=\"article:published_time\" content=\"2013-12-17T06:54:24+00:00\" \/>\n<meta property=\"og:image\" content=\"https:\/\/akunq.net\/turkish\/wp-content\/uploads\/sites\/5\/2013\/12\/Nadya-Uygun.jpg\" \/>\n\t<meta property=\"og:image:width\" content=\"321\" \/>\n\t<meta property=\"og:image:height\" content=\"417\" \/>\n\t<meta property=\"og:image:type\" content=\"image\/jpeg\" \/>\n<meta name=\"author\" content=\"kalem\" \/>\n<meta name=\"twitter:card\" content=\"summary_large_image\" \/>\n<meta name=\"twitter:label1\" content=\"Written by\" \/>\n\t<meta name=\"twitter:data1\" content=\"kalem\" \/>\n\t<meta name=\"twitter:label2\" content=\"Est. reading time\" \/>\n\t<meta name=\"twitter:data2\" content=\"5 minutes\" \/>\n<script type=\"application\/ld+json\" class=\"yoast-schema-graph\">{\"@context\":\"https:\\\/\\\/schema.org\",\"@graph\":[{\"@type\":\"Article\",\"@id\":\"https:\\\/\\\/akunq.net\\\/turkish\\\/2013\\\/12\\\/17\\\/2015-yaklasirken-inkar-ceteleri-is-basinda\\\/#article\",\"isPartOf\":{\"@id\":\"https:\\\/\\\/akunq.net\\\/turkish\\\/2013\\\/12\\\/17\\\/2015-yaklasirken-inkar-ceteleri-is-basinda\\\/\"},\"author\":{\"name\":\"kalem\",\"@id\":\"https:\\\/\\\/akunq.net\\\/turkish\\\/#\\\/schema\\\/person\\\/135e7923d1aeb8887890799619969a6c\"},\"headline\":\"2015 Yakla\u015f\u0131rken \u0130nk\u00e2r \u00c7eteleri \u0130\u015f Ba\u015f\u0131nda!\",\"datePublished\":\"2013-12-17T06:54:24+00:00\",\"mainEntityOfPage\":{\"@id\":\"https:\\\/\\\/akunq.net\\\/turkish\\\/2013\\\/12\\\/17\\\/2015-yaklasirken-inkar-ceteleri-is-basinda\\\/\"},\"wordCount\":928,\"commentCount\":0,\"image\":{\"@id\":\"https:\\\/\\\/akunq.net\\\/turkish\\\/2013\\\/12\\\/17\\\/2015-yaklasirken-inkar-ceteleri-is-basinda\\\/#primaryimage\"},\"thumbnailUrl\":\"http:\\\/\\\/akunq.net\\\/tr\\\/wp-content\\\/uploads\\\/2013\\\/12\\\/Nadya-Uygun-300x389.jpg\",\"articleSection\":[\"Ermeni Soyk\u0131r\u0131m\u0131\",\"Haberler\",\"Makaleler\"],\"inLanguage\":\"en-US\",\"potentialAction\":[{\"@type\":\"CommentAction\",\"name\":\"Comment\",\"target\":[\"https:\\\/\\\/akunq.net\\\/turkish\\\/2013\\\/12\\\/17\\\/2015-yaklasirken-inkar-ceteleri-is-basinda\\\/#respond\"]}]},{\"@type\":\"WebPage\",\"@id\":\"https:\\\/\\\/akunq.net\\\/turkish\\\/2013\\\/12\\\/17\\\/2015-yaklasirken-inkar-ceteleri-is-basinda\\\/\",\"url\":\"https:\\\/\\\/akunq.net\\\/turkish\\\/2013\\\/12\\\/17\\\/2015-yaklasirken-inkar-ceteleri-is-basinda\\\/\",\"name\":\"2015 Yakla\u015f\u0131rken \u0130nk\u00e2r \u00c7eteleri \u0130\u015f Ba\u015f\u0131nda! - Bati Ermenistan Ve Bati Ermenileri Sorunlari Ara\u015ftirmalar Merkezi\",\"isPartOf\":{\"@id\":\"https:\\\/\\\/akunq.net\\\/turkish\\\/#website\"},\"primaryImageOfPage\":{\"@id\":\"https:\\\/\\\/akunq.net\\\/turkish\\\/2013\\\/12\\\/17\\\/2015-yaklasirken-inkar-ceteleri-is-basinda\\\/#primaryimage\"},\"image\":{\"@id\":\"https:\\\/\\\/akunq.net\\\/turkish\\\/2013\\\/12\\\/17\\\/2015-yaklasirken-inkar-ceteleri-is-basinda\\\/#primaryimage\"},\"thumbnailUrl\":\"http:\\\/\\\/akunq.net\\\/tr\\\/wp-content\\\/uploads\\\/2013\\\/12\\\/Nadya-Uygun-300x389.jpg\",\"datePublished\":\"2013-12-17T06:54:24+00:00\",\"author\":{\"@id\":\"https:\\\/\\\/akunq.net\\\/turkish\\\/#\\\/schema\\\/person\\\/135e7923d1aeb8887890799619969a6c\"},\"breadcrumb\":{\"@id\":\"https:\\\/\\\/akunq.net\\\/turkish\\\/2013\\\/12\\\/17\\\/2015-yaklasirken-inkar-ceteleri-is-basinda\\\/#breadcrumb\"},\"inLanguage\":\"en-US\",\"potentialAction\":[{\"@type\":\"ReadAction\",\"target\":[\"https:\\\/\\\/akunq.net\\\/turkish\\\/2013\\\/12\\\/17\\\/2015-yaklasirken-inkar-ceteleri-is-basinda\\\/\"]}]},{\"@type\":\"ImageObject\",\"inLanguage\":\"en-US\",\"@id\":\"https:\\\/\\\/akunq.net\\\/turkish\\\/2013\\\/12\\\/17\\\/2015-yaklasirken-inkar-ceteleri-is-basinda\\\/#primaryimage\",\"url\":\"http:\\\/\\\/akunq.net\\\/tr\\\/wp-content\\\/uploads\\\/2013\\\/12\\\/Nadya-Uygun-300x389.jpg\",\"contentUrl\":\"http:\\\/\\\/akunq.net\\\/tr\\\/wp-content\\\/uploads\\\/2013\\\/12\\\/Nadya-Uygun-300x389.jpg\"},{\"@type\":\"BreadcrumbList\",\"@id\":\"https:\\\/\\\/akunq.net\\\/turkish\\\/2013\\\/12\\\/17\\\/2015-yaklasirken-inkar-ceteleri-is-basinda\\\/#breadcrumb\",\"itemListElement\":[{\"@type\":\"ListItem\",\"position\":1,\"name\":\"Home\",\"item\":\"https:\\\/\\\/akunq.net\\\/turkish\\\/\"},{\"@type\":\"ListItem\",\"position\":2,\"name\":\"2015 Yakla\u015f\u0131rken \u0130nk\u00e2r \u00c7eteleri \u0130\u015f Ba\u015f\u0131nda!\"}]},{\"@type\":\"WebSite\",\"@id\":\"https:\\\/\\\/akunq.net\\\/turkish\\\/#website\",\"url\":\"https:\\\/\\\/akunq.net\\\/turkish\\\/\",\"name\":\"Bati Ermenistan Ve Bati Ermenileri Sorunlari Ara\u015ftirmalar Merkezi\",\"description\":\"\",\"potentialAction\":[{\"@type\":\"SearchAction\",\"target\":{\"@type\":\"EntryPoint\",\"urlTemplate\":\"https:\\\/\\\/akunq.net\\\/turkish\\\/?s={search_term_string}\"},\"query-input\":{\"@type\":\"PropertyValueSpecification\",\"valueRequired\":true,\"valueName\":\"search_term_string\"}}],\"inLanguage\":\"en-US\"},{\"@type\":\"Person\",\"@id\":\"https:\\\/\\\/akunq.net\\\/turkish\\\/#\\\/schema\\\/person\\\/135e7923d1aeb8887890799619969a6c\",\"name\":\"kalem\",\"image\":{\"@type\":\"ImageObject\",\"inLanguage\":\"en-US\",\"@id\":\"https:\\\/\\\/secure.gravatar.com\\\/avatar\\\/a06875e4b25feb5674296adf8e8a7ae1e587cebce2493fe63c456109967e27d3?s=96&d=mm&r=g\",\"url\":\"https:\\\/\\\/secure.gravatar.com\\\/avatar\\\/a06875e4b25feb5674296adf8e8a7ae1e587cebce2493fe63c456109967e27d3?s=96&d=mm&r=g\",\"contentUrl\":\"https:\\\/\\\/secure.gravatar.com\\\/avatar\\\/a06875e4b25feb5674296adf8e8a7ae1e587cebce2493fe63c456109967e27d3?s=96&d=mm&r=g\",\"caption\":\"kalem\"},\"url\":\"https:\\\/\\\/akunq.net\\\/turkish\\\/author\\\/kalem\\\/\"}]}<\/script>\n<!-- \/ Yoast SEO plugin. -->","yoast_head_json":{"title":"2015 Yakla\u015f\u0131rken \u0130nk\u00e2r \u00c7eteleri \u0130\u015f Ba\u015f\u0131nda! - Bati Ermenistan Ve Bati Ermenileri Sorunlari Ara\u015ftirmalar Merkezi","robots":{"index":"index","follow":"follow","max-snippet":"max-snippet:-1","max-image-preview":"max-image-preview:large","max-video-preview":"max-video-preview:-1"},"canonical":"https:\/\/akunq.net\/turkish\/2013\/12\/17\/2015-yaklasirken-inkar-ceteleri-is-basinda\/","og_locale":"en_US","og_type":"article","og_title":"2015 Yakla\u015f\u0131rken \u0130nk\u00e2r \u00c7eteleri \u0130\u015f Ba\u015f\u0131nda! - Bati Ermenistan Ve Bati Ermenileri Sorunlari Ara\u015ftirmalar Merkezi","og_description":"Nadya UYGUN Ermeni Soyk\u0131r\u0131m\u0131n\u0131n y\u00fcz\u00fcnc\u00fc y\u0131l\u0131 yakla\u015f\u0131rken malum kesimin etekleri de tutu\u015fmu\u015f vaziyette! G\u00fcn ge\u00e7miyor ki yeni bir i\u011fren\u00e7 uygulama ortaya \u00e7\u0131kmas\u0131n. Herkes el birli\u011fi ile bu b\u00fcy\u00fck g\u00fcnah\u0131n, bu insanl\u0131k su\u00e7unun \u00fcst\u00fcn\u00fc \u00f6rtmeye ve inkarda \u0131srarc\u0131 olmaya devam ediyor. Ermeni Soyk\u0131r\u0131m\u0131n\u0131n y\u00fcz\u00fcnc\u00fc y\u0131l\u0131 yakla\u015f\u0131rken malum kesimin etekleri de tutu\u015fmu\u015f vaziyette! G\u00fcn ge\u00e7miyor ki yeni [&hellip;]","og_url":"https:\/\/akunq.net\/turkish\/2013\/12\/17\/2015-yaklasirken-inkar-ceteleri-is-basinda\/","og_site_name":"Bati Ermenistan Ve Bati Ermenileri Sorunlari Ara\u015ftirmalar Merkezi","article_published_time":"2013-12-17T06:54:24+00:00","og_image":[{"width":321,"height":417,"url":"https:\/\/akunq.net\/turkish\/wp-content\/uploads\/sites\/5\/2013\/12\/Nadya-Uygun.jpg","type":"image\/jpeg"}],"author":"kalem","twitter_card":"summary_large_image","twitter_misc":{"Written by":"kalem","Est. reading time":"5 minutes"},"schema":{"@context":"https:\/\/schema.org","@graph":[{"@type":"Article","@id":"https:\/\/akunq.net\/turkish\/2013\/12\/17\/2015-yaklasirken-inkar-ceteleri-is-basinda\/#article","isPartOf":{"@id":"https:\/\/akunq.net\/turkish\/2013\/12\/17\/2015-yaklasirken-inkar-ceteleri-is-basinda\/"},"author":{"name":"kalem","@id":"https:\/\/akunq.net\/turkish\/#\/schema\/person\/135e7923d1aeb8887890799619969a6c"},"headline":"2015 Yakla\u015f\u0131rken \u0130nk\u00e2r \u00c7eteleri \u0130\u015f Ba\u015f\u0131nda!","datePublished":"2013-12-17T06:54:24+00:00","mainEntityOfPage":{"@id":"https:\/\/akunq.net\/turkish\/2013\/12\/17\/2015-yaklasirken-inkar-ceteleri-is-basinda\/"},"wordCount":928,"commentCount":0,"image":{"@id":"https:\/\/akunq.net\/turkish\/2013\/12\/17\/2015-yaklasirken-inkar-ceteleri-is-basinda\/#primaryimage"},"thumbnailUrl":"http:\/\/akunq.net\/tr\/wp-content\/uploads\/2013\/12\/Nadya-Uygun-300x389.jpg","articleSection":["Ermeni Soyk\u0131r\u0131m\u0131","Haberler","Makaleler"],"inLanguage":"en-US","potentialAction":[{"@type":"CommentAction","name":"Comment","target":["https:\/\/akunq.net\/turkish\/2013\/12\/17\/2015-yaklasirken-inkar-ceteleri-is-basinda\/#respond"]}]},{"@type":"WebPage","@id":"https:\/\/akunq.net\/turkish\/2013\/12\/17\/2015-yaklasirken-inkar-ceteleri-is-basinda\/","url":"https:\/\/akunq.net\/turkish\/2013\/12\/17\/2015-yaklasirken-inkar-ceteleri-is-basinda\/","name":"2015 Yakla\u015f\u0131rken \u0130nk\u00e2r \u00c7eteleri \u0130\u015f Ba\u015f\u0131nda! - Bati Ermenistan Ve Bati Ermenileri Sorunlari Ara\u015ftirmalar Merkezi","isPartOf":{"@id":"https:\/\/akunq.net\/turkish\/#website"},"primaryImageOfPage":{"@id":"https:\/\/akunq.net\/turkish\/2013\/12\/17\/2015-yaklasirken-inkar-ceteleri-is-basinda\/#primaryimage"},"image":{"@id":"https:\/\/akunq.net\/turkish\/2013\/12\/17\/2015-yaklasirken-inkar-ceteleri-is-basinda\/#primaryimage"},"thumbnailUrl":"http:\/\/akunq.net\/tr\/wp-content\/uploads\/2013\/12\/Nadya-Uygun-300x389.jpg","datePublished":"2013-12-17T06:54:24+00:00","author":{"@id":"https:\/\/akunq.net\/turkish\/#\/schema\/person\/135e7923d1aeb8887890799619969a6c"},"breadcrumb":{"@id":"https:\/\/akunq.net\/turkish\/2013\/12\/17\/2015-yaklasirken-inkar-ceteleri-is-basinda\/#breadcrumb"},"inLanguage":"en-US","potentialAction":[{"@type":"ReadAction","target":["https:\/\/akunq.net\/turkish\/2013\/12\/17\/2015-yaklasirken-inkar-ceteleri-is-basinda\/"]}]},{"@type":"ImageObject","inLanguage":"en-US","@id":"https:\/\/akunq.net\/turkish\/2013\/12\/17\/2015-yaklasirken-inkar-ceteleri-is-basinda\/#primaryimage","url":"http:\/\/akunq.net\/tr\/wp-content\/uploads\/2013\/12\/Nadya-Uygun-300x389.jpg","contentUrl":"http:\/\/akunq.net\/tr\/wp-content\/uploads\/2013\/12\/Nadya-Uygun-300x389.jpg"},{"@type":"BreadcrumbList","@id":"https:\/\/akunq.net\/turkish\/2013\/12\/17\/2015-yaklasirken-inkar-ceteleri-is-basinda\/#breadcrumb","itemListElement":[{"@type":"ListItem","position":1,"name":"Home","item":"https:\/\/akunq.net\/turkish\/"},{"@type":"ListItem","position":2,"name":"2015 Yakla\u015f\u0131rken \u0130nk\u00e2r \u00c7eteleri \u0130\u015f Ba\u015f\u0131nda!"}]},{"@type":"WebSite","@id":"https:\/\/akunq.net\/turkish\/#website","url":"https:\/\/akunq.net\/turkish\/","name":"Bati Ermenistan Ve Bati Ermenileri Sorunlari Ara\u015ftirmalar Merkezi","description":"","potentialAction":[{"@type":"SearchAction","target":{"@type":"EntryPoint","urlTemplate":"https:\/\/akunq.net\/turkish\/?s={search_term_string}"},"query-input":{"@type":"PropertyValueSpecification","valueRequired":true,"valueName":"search_term_string"}}],"inLanguage":"en-US"},{"@type":"Person","@id":"https:\/\/akunq.net\/turkish\/#\/schema\/person\/135e7923d1aeb8887890799619969a6c","name":"kalem","image":{"@type":"ImageObject","inLanguage":"en-US","@id":"https:\/\/secure.gravatar.com\/avatar\/a06875e4b25feb5674296adf8e8a7ae1e587cebce2493fe63c456109967e27d3?s=96&d=mm&r=g","url":"https:\/\/secure.gravatar.com\/avatar\/a06875e4b25feb5674296adf8e8a7ae1e587cebce2493fe63c456109967e27d3?s=96&d=mm&r=g","contentUrl":"https:\/\/secure.gravatar.com\/avatar\/a06875e4b25feb5674296adf8e8a7ae1e587cebce2493fe63c456109967e27d3?s=96&d=mm&r=g","caption":"kalem"},"url":"https:\/\/akunq.net\/turkish\/author\/kalem\/"}]}},"_links":{"self":[{"href":"https:\/\/akunq.net\/turkish\/wp-json\/wp\/v2\/posts\/27467","targetHints":{"allow":["GET"]}}],"collection":[{"href":"https:\/\/akunq.net\/turkish\/wp-json\/wp\/v2\/posts"}],"about":[{"href":"https:\/\/akunq.net\/turkish\/wp-json\/wp\/v2\/types\/post"}],"author":[{"embeddable":true,"href":"https:\/\/akunq.net\/turkish\/wp-json\/wp\/v2\/users\/3"}],"replies":[{"embeddable":true,"href":"https:\/\/akunq.net\/turkish\/wp-json\/wp\/v2\/comments?post=27467"}],"version-history":[{"count":0,"href":"https:\/\/akunq.net\/turkish\/wp-json\/wp\/v2\/posts\/27467\/revisions"}],"wp:attachment":[{"href":"https:\/\/akunq.net\/turkish\/wp-json\/wp\/v2\/media?parent=27467"}],"wp:term":[{"taxonomy":"category","embeddable":true,"href":"https:\/\/akunq.net\/turkish\/wp-json\/wp\/v2\/categories?post=27467"},{"taxonomy":"post_tag","embeddable":true,"href":"https:\/\/akunq.net\/turkish\/wp-json\/wp\/v2\/tags?post=27467"}],"curies":[{"name":"wp","href":"https:\/\/api.w.org\/{rel}","templated":true}]}}