{"id":27459,"date":"2013-12-16T09:34:37","date_gmt":"2013-12-16T14:34:37","guid":{"rendered":"http:\/\/akunq.net\/tr\/?p=27459"},"modified":"2013-12-16T09:34:37","modified_gmt":"2013-12-16T14:34:37","slug":"eski-tas-eski-hamam","status":"publish","type":"post","link":"https:\/\/akunq.net\/turkish\/2013\/12\/16\/eski-tas-eski-hamam\/","title":{"rendered":"Eski tas eski hamam"},"content":{"rendered":"<p style=\"text-align: justify\"><b><a href=\"http:\/\/akunq.net\/tr\/wp-content\/uploads\/2013\/12\/Taner-Akcam.jpg\"><img loading=\"lazy\" decoding=\"async\" class=\"alignright size-full wp-image-27460\" alt=\"Taner Akcam\" src=\"http:\/\/akunq.net\/tr\/wp-content\/uploads\/2013\/12\/Taner-Akcam.jpg\" width=\"260\" height=\"194\" \/><\/a>Taner Ak\u00e7am<\/b><\/p>\n<p style=\"text-align: justify\">Davuto\u011flu, Ermenistan ziyaretinde, bir grup gazeteci ile yapt\u0131\u011f\u0131 g\u00f6r\u00fc\u015fmede, 1915 y\u0131l\u0131 i\u00e7in \u0130ngilizce inhumane \u201cinsanl\u0131k d\u0131\u015f\u0131\u201d ifadesini kullanm\u0131\u015f. Ayr\u0131ca tehcir i\u00e7in \u201cb\u00fct\u00fcn\u00fcyle yanl\u0131\u015f bir uygulama\u201d da demi\u015f. Haberi H\u00fcrriyet Daily News d\u0131\u015f\u0131nda bir yerde g\u00f6remedim; bu nedenle ifadeler ne kadar Davuto\u011flu\u2019na ait ne kadar haber veren gazetecinin \u00f6zeti anlamak zor.<br \/>\nT\u00fcrk bas\u0131n\u0131n\u0131n konuya hemen hi\u00e7 de\u011finmemi\u015f olmas\u0131 da \u00e7ok ilgin\u00e7 ama bunu \u015fimdilik bir kenara b\u0131rakal\u0131m.<br \/>\nBence Davuto\u011flu\u2019nun \u00f6zellikle \u201cinsanl\u0131k d\u0131\u015f\u0131\u201d kavram\u0131n\u0131 kullanm\u0131\u015f olmas\u0131 takdir edilecek bir ad\u0131m.<br \/>\nHani biraz daha gayret etse, \u201cinsanl\u0131k su\u00e7u\u201d bile diyebilecek. Bunu elbette T\u00fcrk h\u00fck\u00fcmeti ad\u0131na olumlu bir ad\u0131m olarak telakki etmek gerekir.<br \/>\nBizleri, acaba arkas\u0131ndan ne gelecek diye bir beklentiye soktu\u011fu da kesin.<br \/>\nFakat e\u011fri oturup do\u011fru konu\u015fal\u0131m ve kendimizi kand\u0131rmayal\u0131m.<br \/>\nKonuya ili\u015fkin devlet politikalar\u0131nda insan\u0131 \u00fcrk\u00fcten bir s\u00fcreklilik s\u00f6zkonusu.<br \/>\nD\u0131\u015f d\u00fcnyaya verilen mesajlar ile i\u00e7eride yap\u0131lanlar aras\u0131nda hep b\u00fcy\u00fck bir u\u00e7urum olmu\u015f.<br \/>\nH\u00fck\u00fcmetlerimizin son derece k\u00f6t\u00fc sicilleri var.<br \/>\n\u00dc\u00e7 \u00f6rnek verece\u011fim.<br \/>\nBirincisi, iki haftad\u0131r M. Kemal\u2019e ait aktard\u0131\u011f\u0131m 1915\u2019i k\u0131nayan s\u00f6zleri.<br \/>\nBir taraftan, 1926 ve 1927 Los Angeles Examiner gazetesine verdi\u011fi r\u00f6portaj \u00f6rne\u011finde oldu\u011fu gibi, Osmanl\u0131 H\u0131ristiyanlar\u0131na y\u00f6nelik cinayetleri k\u0131n\u0131yor ve \u0130ttihat\u00e7\u0131lar\u0131n bu nedenle hesap vermeleri gerekti\u011fi s\u00f6yl\u00fcyor.<br \/>\nAma ayn\u0131 zamanda Haziran 1926\u2019da \u00e7\u0131kart\u0131lan bir kanun ile \u00f6ld\u00fcr\u00fclen ve idam edilen \u0130ttihat\u00e7\u0131lar vatan kahraman\u0131 telakki ediliyor ve kendilerine Ermenilerden el konulan mallar da\u011f\u0131t\u0131l\u0131yor.<br \/>\n31 May\u0131s 1926\u2019da kabul edilen ve sonra 27 Haziran 1926\u2019da Resmi Gazete\u2018de yay\u0131mlanan bu 405 say\u0131l\u0131 kanun \u00fczerine \u00e7ok yaz\u0131ld\u0131, \u00e7izildi. \u0130\u00e7lerinde Tal\u00e2t, Cemal, Cemal Azmi, Bahattin \u015eakir ve Sait Halim Pa\u015fa ve idam edilen Mu\u015f Mutasarr\u0131f\u0131 Servet, Urfa Mutasarr\u0131f\u0131 Nusret, Bo\u011fazl\u0131yan Kaymakam\u0131 Kemal, Diyarbak\u0131r Valisi Doktor Re\u015fit ve Erzincanl\u0131 Haf\u0131z Abdullah\u2018\u0131n bulundu\u011fu ki\u015filere 20.000 lira de\u011ferinde emlak verilmesi kararla\u015ft\u0131r\u0131lm\u0131\u015ft\u0131.<\/p>\n<p style=\"text-align: justify\">\u0130kinci \u00f6rnek, k\u0131sa ad\u0131 TARC olarak bilinen T\u00fcrk Ermeni Bar\u0131\u015f Komisyonu.<br \/>\nT\u00fcrkiye ve Ermenistan aras\u0131nda, tarihten kaynaklanan sorunlar\u0131 \u00e7\u00f6zmek hedefi ile 2001 y\u0131l\u0131nda kurulan bir komisyon idi bu.<br \/>\nT\u00fcrk taraf\u0131n\u0131n \u00fcyeleri emekli asker sivil \u00fcst d\u00fczey b\u00fcrokratlar idi.<br \/>\nYurtd\u0131\u015f\u0131nda, komisyon sayesinde T\u00fcrkiye b\u00fcy\u00fck a\u00e7\u0131l\u0131m yap\u0131yor; soyk\u0131r\u0131m meselesinde tutum de\u011fi\u015ftiriyor vb. bi\u00e7iminde epey g\u00fcr\u00fclt\u00fc kopart\u0131ld\u0131.<br \/>\n\u0130\u00e7eride ise bu komisyon ve faaliyetleri T\u00fcrk kamuoyundan bilerek sakland\u0131 ve gizlendi. Onun i\u00e7in de hi\u00e7 kimsenin haberi bile olmad\u0131 b\u00f6yle bir komisyon kuruldu\u011fundan.<br \/>\nSonra, komisyon \u00fcyesi \u00d6zden Sanberk T\u00fcrk taraf\u0131n\u0131n ger\u00e7ek niyetini a\u011fz\u0131ndan ka\u00e7\u0131r\u0131verdi. 2001 y\u0131l\u0131nda verdi\u011fi bir r\u00f6portajda, T\u00fcrk taraf\u0131n\u0131n amac\u0131n\u0131n Soyk\u0131r\u0131m\u2019\u0131n kabul edilmesi y\u00f6n\u00fcndeki uluslararas\u0131 bask\u0131y\u0131 azaltmak oldu\u011funu s\u00f6yledi.<br \/>\nTARC giri\u015fimi ger\u00e7ekten i\u015fe yarad\u0131. Gerek Avrupa Parlamentosu gerek ABD h\u00fck\u00fcmeti TARC giri\u015fimini kutlayan a\u00e7\u0131klamalar yapt\u0131lar.<br \/>\n\u00dc\u00e7\u00fcnc\u00fc \u00f6rnek g\u00fcn\u00fcm\u00fczden; Davuto\u011flu Erivan\u2019da 1915\u2019i \u201cinsanl\u0131\u011fa ayk\u0131r\u0131\u201d bir eylem olarak ilan ederken, T\u00fcrk h\u00fck\u00fcmeti, \u201cas\u0131ls\u0131z Ermeni soyk\u0131r\u0131m iddialar\u0131 ile m\u00fccadele\u201d do\u011frultusunda stratejik planlar haz\u0131rl\u0131yor.<br \/>\n14 \u015eubat 2013 tarihinde Ba\u015fbakan Yard\u0131mc\u0131s\u0131 B\u00fclent Ar\u0131n\u00e7, Manisa Milletvekili Erkan Ak\u00e7ay\u2018\u0131n yaz\u0131l\u0131 soru \u00f6nergesine verdi\u011fi cevapta, \u201cT\u00fcrk Tarih Kurumu 2013-2017 Stratejik Plan\u0131 do\u011frultusunda as\u0131ls\u0131z Ermeni soyk\u0131r\u0131m\u0131 iddialar\u0131yla ilgili \u00e7al\u0131\u015fmalara devam etmektedir\u201d demektedir.<br \/>\nT\u00fcrk Tarih Kurumu\u2019nun Ermeni konusunda \u00e7al\u0131\u015fan \u00f6\u011frencileri fi\u015flemesi de bu stratejik plan\u0131n bir par\u00e7as\u0131 olsa gerek.<br \/>\nD\u0131\u015far\u0131ya ba\u015fka deme\u00e7, i\u00e7eride ise bildi\u011fini okumak&#8230; Anla\u015f\u0131lan 1920\u2019lerden bu yana de\u011fi\u015fen pek bir \u015fey yok.<\/p>\n<p style=\"text-align: justify\"><b><i>tanerakcam@gmail.com<\/i><\/b><\/p>\n<p style=\"text-align: justify\"><b><i><a href=\"http:\/\/www.taraf.com.tr\/taner-akcam\/makale-eski-tas-eski-hamam.htm\">http:\/\/www.taraf.com.tr\/taner-akcam\/makale-eski-tas-eski-hamam.htm<\/a><\/i><\/b><\/p>\n","protected":false},"excerpt":{"rendered":"<p>Taner Ak\u00e7am Davuto\u011flu, Ermenistan ziyaretinde, bir grup gazeteci ile yapt\u0131\u011f\u0131 g\u00f6r\u00fc\u015fmede, 1915 y\u0131l\u0131 i\u00e7in \u0130ngilizce inhumane \u201cinsanl\u0131k d\u0131\u015f\u0131\u201d ifadesini kullanm\u0131\u015f. Ayr\u0131ca tehcir i\u00e7in \u201cb\u00fct\u00fcn\u00fcyle yanl\u0131\u015f bir uygulama\u201d da demi\u015f. Haberi H\u00fcrriyet Daily News d\u0131\u015f\u0131nda bir yerde g\u00f6remedim; bu nedenle ifadeler ne kadar Davuto\u011flu\u2019na ait ne kadar haber veren gazetecinin \u00f6zeti anlamak zor. T\u00fcrk bas\u0131n\u0131n\u0131n konuya [&hellip;]<\/p>\n","protected":false},"author":3,"featured_media":0,"comment_status":"open","ping_status":"open","sticky":false,"template":"","format":"standard","meta":{"footnotes":""},"categories":[6,14,26],"tags":[],"class_list":["post-27459","post","type-post","status-publish","format-standard","hentry","category-ermeni-soykirimi","category-haberler","category-makaleler"],"yoast_head":"<!-- This site is optimized with the Yoast SEO plugin v27.4 - https:\/\/yoast.com\/product\/yoast-seo-wordpress\/ -->\n<title>Eski tas eski hamam - Bati Ermenistan Ve Bati Ermenileri Sorunlari Ara\u015ftirmalar Merkezi<\/title>\n<meta name=\"robots\" content=\"index, follow, max-snippet:-1, max-image-preview:large, max-video-preview:-1\" \/>\n<link rel=\"canonical\" href=\"https:\/\/akunq.net\/turkish\/2013\/12\/16\/eski-tas-eski-hamam\/\" \/>\n<meta property=\"og:locale\" content=\"en_US\" \/>\n<meta property=\"og:type\" content=\"article\" \/>\n<meta property=\"og:title\" content=\"Eski tas eski hamam - Bati Ermenistan Ve Bati Ermenileri Sorunlari Ara\u015ftirmalar Merkezi\" \/>\n<meta property=\"og:description\" content=\"Taner Ak\u00e7am Davuto\u011flu, Ermenistan ziyaretinde, bir grup gazeteci ile yapt\u0131\u011f\u0131 g\u00f6r\u00fc\u015fmede, 1915 y\u0131l\u0131 i\u00e7in \u0130ngilizce inhumane \u201cinsanl\u0131k d\u0131\u015f\u0131\u201d ifadesini kullanm\u0131\u015f. Ayr\u0131ca tehcir i\u00e7in \u201cb\u00fct\u00fcn\u00fcyle yanl\u0131\u015f bir uygulama\u201d da demi\u015f. Haberi H\u00fcrriyet Daily News d\u0131\u015f\u0131nda bir yerde g\u00f6remedim; bu nedenle ifadeler ne kadar Davuto\u011flu\u2019na ait ne kadar haber veren gazetecinin \u00f6zeti anlamak zor. T\u00fcrk bas\u0131n\u0131n\u0131n konuya [&hellip;]\" \/>\n<meta property=\"og:url\" content=\"https:\/\/akunq.net\/turkish\/2013\/12\/16\/eski-tas-eski-hamam\/\" \/>\n<meta property=\"og:site_name\" content=\"Bati Ermenistan Ve Bati Ermenileri Sorunlari Ara\u015ftirmalar Merkezi\" \/>\n<meta property=\"article:published_time\" content=\"2013-12-16T14:34:37+00:00\" \/>\n<meta property=\"og:image\" content=\"https:\/\/akunq.net\/turkish\/wp-content\/uploads\/sites\/5\/2013\/12\/Taner-Akcam.jpg\" \/>\n\t<meta property=\"og:image:width\" content=\"260\" \/>\n\t<meta property=\"og:image:height\" content=\"194\" \/>\n\t<meta property=\"og:image:type\" content=\"image\/jpeg\" \/>\n<meta name=\"author\" content=\"kalem\" \/>\n<meta name=\"twitter:card\" content=\"summary_large_image\" \/>\n<meta name=\"twitter:label1\" content=\"Written by\" \/>\n\t<meta name=\"twitter:data1\" content=\"kalem\" \/>\n\t<meta name=\"twitter:label2\" content=\"Est. reading time\" \/>\n\t<meta name=\"twitter:data2\" content=\"4 minutes\" \/>\n<script type=\"application\/ld+json\" class=\"yoast-schema-graph\">{\"@context\":\"https:\\\/\\\/schema.org\",\"@graph\":[{\"@type\":\"Article\",\"@id\":\"https:\\\/\\\/akunq.net\\\/turkish\\\/2013\\\/12\\\/16\\\/eski-tas-eski-hamam\\\/#article\",\"isPartOf\":{\"@id\":\"https:\\\/\\\/akunq.net\\\/turkish\\\/2013\\\/12\\\/16\\\/eski-tas-eski-hamam\\\/\"},\"author\":{\"name\":\"kalem\",\"@id\":\"https:\\\/\\\/akunq.net\\\/turkish\\\/#\\\/schema\\\/person\\\/135e7923d1aeb8887890799619969a6c\"},\"headline\":\"Eski tas eski hamam\",\"datePublished\":\"2013-12-16T14:34:37+00:00\",\"mainEntityOfPage\":{\"@id\":\"https:\\\/\\\/akunq.net\\\/turkish\\\/2013\\\/12\\\/16\\\/eski-tas-eski-hamam\\\/\"},\"wordCount\":708,\"commentCount\":0,\"image\":{\"@id\":\"https:\\\/\\\/akunq.net\\\/turkish\\\/2013\\\/12\\\/16\\\/eski-tas-eski-hamam\\\/#primaryimage\"},\"thumbnailUrl\":\"http:\\\/\\\/akunq.net\\\/tr\\\/wp-content\\\/uploads\\\/2013\\\/12\\\/Taner-Akcam.jpg\",\"articleSection\":[\"Ermeni Soyk\u0131r\u0131m\u0131\",\"Haberler\",\"Makaleler\"],\"inLanguage\":\"en-US\",\"potentialAction\":[{\"@type\":\"CommentAction\",\"name\":\"Comment\",\"target\":[\"https:\\\/\\\/akunq.net\\\/turkish\\\/2013\\\/12\\\/16\\\/eski-tas-eski-hamam\\\/#respond\"]}]},{\"@type\":\"WebPage\",\"@id\":\"https:\\\/\\\/akunq.net\\\/turkish\\\/2013\\\/12\\\/16\\\/eski-tas-eski-hamam\\\/\",\"url\":\"https:\\\/\\\/akunq.net\\\/turkish\\\/2013\\\/12\\\/16\\\/eski-tas-eski-hamam\\\/\",\"name\":\"Eski tas eski hamam - Bati Ermenistan Ve Bati Ermenileri Sorunlari Ara\u015ftirmalar Merkezi\",\"isPartOf\":{\"@id\":\"https:\\\/\\\/akunq.net\\\/turkish\\\/#website\"},\"primaryImageOfPage\":{\"@id\":\"https:\\\/\\\/akunq.net\\\/turkish\\\/2013\\\/12\\\/16\\\/eski-tas-eski-hamam\\\/#primaryimage\"},\"image\":{\"@id\":\"https:\\\/\\\/akunq.net\\\/turkish\\\/2013\\\/12\\\/16\\\/eski-tas-eski-hamam\\\/#primaryimage\"},\"thumbnailUrl\":\"http:\\\/\\\/akunq.net\\\/tr\\\/wp-content\\\/uploads\\\/2013\\\/12\\\/Taner-Akcam.jpg\",\"datePublished\":\"2013-12-16T14:34:37+00:00\",\"author\":{\"@id\":\"https:\\\/\\\/akunq.net\\\/turkish\\\/#\\\/schema\\\/person\\\/135e7923d1aeb8887890799619969a6c\"},\"breadcrumb\":{\"@id\":\"https:\\\/\\\/akunq.net\\\/turkish\\\/2013\\\/12\\\/16\\\/eski-tas-eski-hamam\\\/#breadcrumb\"},\"inLanguage\":\"en-US\",\"potentialAction\":[{\"@type\":\"ReadAction\",\"target\":[\"https:\\\/\\\/akunq.net\\\/turkish\\\/2013\\\/12\\\/16\\\/eski-tas-eski-hamam\\\/\"]}]},{\"@type\":\"ImageObject\",\"inLanguage\":\"en-US\",\"@id\":\"https:\\\/\\\/akunq.net\\\/turkish\\\/2013\\\/12\\\/16\\\/eski-tas-eski-hamam\\\/#primaryimage\",\"url\":\"http:\\\/\\\/akunq.net\\\/tr\\\/wp-content\\\/uploads\\\/2013\\\/12\\\/Taner-Akcam.jpg\",\"contentUrl\":\"http:\\\/\\\/akunq.net\\\/tr\\\/wp-content\\\/uploads\\\/2013\\\/12\\\/Taner-Akcam.jpg\"},{\"@type\":\"BreadcrumbList\",\"@id\":\"https:\\\/\\\/akunq.net\\\/turkish\\\/2013\\\/12\\\/16\\\/eski-tas-eski-hamam\\\/#breadcrumb\",\"itemListElement\":[{\"@type\":\"ListItem\",\"position\":1,\"name\":\"Home\",\"item\":\"https:\\\/\\\/akunq.net\\\/turkish\\\/\"},{\"@type\":\"ListItem\",\"position\":2,\"name\":\"Eski tas eski hamam\"}]},{\"@type\":\"WebSite\",\"@id\":\"https:\\\/\\\/akunq.net\\\/turkish\\\/#website\",\"url\":\"https:\\\/\\\/akunq.net\\\/turkish\\\/\",\"name\":\"Bati Ermenistan Ve Bati Ermenileri Sorunlari Ara\u015ftirmalar Merkezi\",\"description\":\"\",\"potentialAction\":[{\"@type\":\"SearchAction\",\"target\":{\"@type\":\"EntryPoint\",\"urlTemplate\":\"https:\\\/\\\/akunq.net\\\/turkish\\\/?s={search_term_string}\"},\"query-input\":{\"@type\":\"PropertyValueSpecification\",\"valueRequired\":true,\"valueName\":\"search_term_string\"}}],\"inLanguage\":\"en-US\"},{\"@type\":\"Person\",\"@id\":\"https:\\\/\\\/akunq.net\\\/turkish\\\/#\\\/schema\\\/person\\\/135e7923d1aeb8887890799619969a6c\",\"name\":\"kalem\",\"image\":{\"@type\":\"ImageObject\",\"inLanguage\":\"en-US\",\"@id\":\"https:\\\/\\\/secure.gravatar.com\\\/avatar\\\/a06875e4b25feb5674296adf8e8a7ae1e587cebce2493fe63c456109967e27d3?s=96&d=mm&r=g\",\"url\":\"https:\\\/\\\/secure.gravatar.com\\\/avatar\\\/a06875e4b25feb5674296adf8e8a7ae1e587cebce2493fe63c456109967e27d3?s=96&d=mm&r=g\",\"contentUrl\":\"https:\\\/\\\/secure.gravatar.com\\\/avatar\\\/a06875e4b25feb5674296adf8e8a7ae1e587cebce2493fe63c456109967e27d3?s=96&d=mm&r=g\",\"caption\":\"kalem\"},\"url\":\"https:\\\/\\\/akunq.net\\\/turkish\\\/author\\\/kalem\\\/\"}]}<\/script>\n<!-- \/ Yoast SEO plugin. -->","yoast_head_json":{"title":"Eski tas eski hamam - Bati Ermenistan Ve Bati Ermenileri Sorunlari Ara\u015ftirmalar Merkezi","robots":{"index":"index","follow":"follow","max-snippet":"max-snippet:-1","max-image-preview":"max-image-preview:large","max-video-preview":"max-video-preview:-1"},"canonical":"https:\/\/akunq.net\/turkish\/2013\/12\/16\/eski-tas-eski-hamam\/","og_locale":"en_US","og_type":"article","og_title":"Eski tas eski hamam - Bati Ermenistan Ve Bati Ermenileri Sorunlari Ara\u015ftirmalar Merkezi","og_description":"Taner Ak\u00e7am Davuto\u011flu, Ermenistan ziyaretinde, bir grup gazeteci ile yapt\u0131\u011f\u0131 g\u00f6r\u00fc\u015fmede, 1915 y\u0131l\u0131 i\u00e7in \u0130ngilizce inhumane \u201cinsanl\u0131k d\u0131\u015f\u0131\u201d ifadesini kullanm\u0131\u015f. Ayr\u0131ca tehcir i\u00e7in \u201cb\u00fct\u00fcn\u00fcyle yanl\u0131\u015f bir uygulama\u201d da demi\u015f. Haberi H\u00fcrriyet Daily News d\u0131\u015f\u0131nda bir yerde g\u00f6remedim; bu nedenle ifadeler ne kadar Davuto\u011flu\u2019na ait ne kadar haber veren gazetecinin \u00f6zeti anlamak zor. T\u00fcrk bas\u0131n\u0131n\u0131n konuya [&hellip;]","og_url":"https:\/\/akunq.net\/turkish\/2013\/12\/16\/eski-tas-eski-hamam\/","og_site_name":"Bati Ermenistan Ve Bati Ermenileri Sorunlari Ara\u015ftirmalar Merkezi","article_published_time":"2013-12-16T14:34:37+00:00","og_image":[{"width":260,"height":194,"url":"https:\/\/akunq.net\/turkish\/wp-content\/uploads\/sites\/5\/2013\/12\/Taner-Akcam.jpg","type":"image\/jpeg"}],"author":"kalem","twitter_card":"summary_large_image","twitter_misc":{"Written by":"kalem","Est. reading time":"4 minutes"},"schema":{"@context":"https:\/\/schema.org","@graph":[{"@type":"Article","@id":"https:\/\/akunq.net\/turkish\/2013\/12\/16\/eski-tas-eski-hamam\/#article","isPartOf":{"@id":"https:\/\/akunq.net\/turkish\/2013\/12\/16\/eski-tas-eski-hamam\/"},"author":{"name":"kalem","@id":"https:\/\/akunq.net\/turkish\/#\/schema\/person\/135e7923d1aeb8887890799619969a6c"},"headline":"Eski tas eski hamam","datePublished":"2013-12-16T14:34:37+00:00","mainEntityOfPage":{"@id":"https:\/\/akunq.net\/turkish\/2013\/12\/16\/eski-tas-eski-hamam\/"},"wordCount":708,"commentCount":0,"image":{"@id":"https:\/\/akunq.net\/turkish\/2013\/12\/16\/eski-tas-eski-hamam\/#primaryimage"},"thumbnailUrl":"http:\/\/akunq.net\/tr\/wp-content\/uploads\/2013\/12\/Taner-Akcam.jpg","articleSection":["Ermeni Soyk\u0131r\u0131m\u0131","Haberler","Makaleler"],"inLanguage":"en-US","potentialAction":[{"@type":"CommentAction","name":"Comment","target":["https:\/\/akunq.net\/turkish\/2013\/12\/16\/eski-tas-eski-hamam\/#respond"]}]},{"@type":"WebPage","@id":"https:\/\/akunq.net\/turkish\/2013\/12\/16\/eski-tas-eski-hamam\/","url":"https:\/\/akunq.net\/turkish\/2013\/12\/16\/eski-tas-eski-hamam\/","name":"Eski tas eski hamam - Bati Ermenistan Ve Bati Ermenileri Sorunlari Ara\u015ftirmalar Merkezi","isPartOf":{"@id":"https:\/\/akunq.net\/turkish\/#website"},"primaryImageOfPage":{"@id":"https:\/\/akunq.net\/turkish\/2013\/12\/16\/eski-tas-eski-hamam\/#primaryimage"},"image":{"@id":"https:\/\/akunq.net\/turkish\/2013\/12\/16\/eski-tas-eski-hamam\/#primaryimage"},"thumbnailUrl":"http:\/\/akunq.net\/tr\/wp-content\/uploads\/2013\/12\/Taner-Akcam.jpg","datePublished":"2013-12-16T14:34:37+00:00","author":{"@id":"https:\/\/akunq.net\/turkish\/#\/schema\/person\/135e7923d1aeb8887890799619969a6c"},"breadcrumb":{"@id":"https:\/\/akunq.net\/turkish\/2013\/12\/16\/eski-tas-eski-hamam\/#breadcrumb"},"inLanguage":"en-US","potentialAction":[{"@type":"ReadAction","target":["https:\/\/akunq.net\/turkish\/2013\/12\/16\/eski-tas-eski-hamam\/"]}]},{"@type":"ImageObject","inLanguage":"en-US","@id":"https:\/\/akunq.net\/turkish\/2013\/12\/16\/eski-tas-eski-hamam\/#primaryimage","url":"http:\/\/akunq.net\/tr\/wp-content\/uploads\/2013\/12\/Taner-Akcam.jpg","contentUrl":"http:\/\/akunq.net\/tr\/wp-content\/uploads\/2013\/12\/Taner-Akcam.jpg"},{"@type":"BreadcrumbList","@id":"https:\/\/akunq.net\/turkish\/2013\/12\/16\/eski-tas-eski-hamam\/#breadcrumb","itemListElement":[{"@type":"ListItem","position":1,"name":"Home","item":"https:\/\/akunq.net\/turkish\/"},{"@type":"ListItem","position":2,"name":"Eski tas eski hamam"}]},{"@type":"WebSite","@id":"https:\/\/akunq.net\/turkish\/#website","url":"https:\/\/akunq.net\/turkish\/","name":"Bati Ermenistan Ve Bati Ermenileri Sorunlari Ara\u015ftirmalar Merkezi","description":"","potentialAction":[{"@type":"SearchAction","target":{"@type":"EntryPoint","urlTemplate":"https:\/\/akunq.net\/turkish\/?s={search_term_string}"},"query-input":{"@type":"PropertyValueSpecification","valueRequired":true,"valueName":"search_term_string"}}],"inLanguage":"en-US"},{"@type":"Person","@id":"https:\/\/akunq.net\/turkish\/#\/schema\/person\/135e7923d1aeb8887890799619969a6c","name":"kalem","image":{"@type":"ImageObject","inLanguage":"en-US","@id":"https:\/\/secure.gravatar.com\/avatar\/a06875e4b25feb5674296adf8e8a7ae1e587cebce2493fe63c456109967e27d3?s=96&d=mm&r=g","url":"https:\/\/secure.gravatar.com\/avatar\/a06875e4b25feb5674296adf8e8a7ae1e587cebce2493fe63c456109967e27d3?s=96&d=mm&r=g","contentUrl":"https:\/\/secure.gravatar.com\/avatar\/a06875e4b25feb5674296adf8e8a7ae1e587cebce2493fe63c456109967e27d3?s=96&d=mm&r=g","caption":"kalem"},"url":"https:\/\/akunq.net\/turkish\/author\/kalem\/"}]}},"_links":{"self":[{"href":"https:\/\/akunq.net\/turkish\/wp-json\/wp\/v2\/posts\/27459","targetHints":{"allow":["GET"]}}],"collection":[{"href":"https:\/\/akunq.net\/turkish\/wp-json\/wp\/v2\/posts"}],"about":[{"href":"https:\/\/akunq.net\/turkish\/wp-json\/wp\/v2\/types\/post"}],"author":[{"embeddable":true,"href":"https:\/\/akunq.net\/turkish\/wp-json\/wp\/v2\/users\/3"}],"replies":[{"embeddable":true,"href":"https:\/\/akunq.net\/turkish\/wp-json\/wp\/v2\/comments?post=27459"}],"version-history":[{"count":0,"href":"https:\/\/akunq.net\/turkish\/wp-json\/wp\/v2\/posts\/27459\/revisions"}],"wp:attachment":[{"href":"https:\/\/akunq.net\/turkish\/wp-json\/wp\/v2\/media?parent=27459"}],"wp:term":[{"taxonomy":"category","embeddable":true,"href":"https:\/\/akunq.net\/turkish\/wp-json\/wp\/v2\/categories?post=27459"},{"taxonomy":"post_tag","embeddable":true,"href":"https:\/\/akunq.net\/turkish\/wp-json\/wp\/v2\/tags?post=27459"}],"curies":[{"name":"wp","href":"https:\/\/api.w.org\/{rel}","templated":true}]}}