{"id":27315,"date":"2013-12-09T03:11:37","date_gmt":"2013-12-09T08:11:37","guid":{"rendered":"http:\/\/akunq.net\/tr\/?p=27315"},"modified":"2013-12-09T03:11:37","modified_gmt":"2013-12-09T08:11:37","slug":"modern-ermeni-edebiyati","status":"publish","type":"post","link":"https:\/\/akunq.net\/turkish\/2013\/12\/09\/modern-ermeni-edebiyati\/","title":{"rendered":"Modern Ermeni Edebiyat\u0131"},"content":{"rendered":"<p style=\"text-align: justify\"><b><a href=\"http:\/\/akunq.net\/tr\/wp-content\/uploads\/2013\/12\/\u053a\u0561\u0574\u0561\u0576\u0561\u056f\u0561\u056f\u056b\u0581-\u0570\u0561\u0575-\u0563\u0580\u0561\u056f\u0561\u0576\u0578\u0582\u0569\u0575\u0578\u0582\u0576.jpg\"><img loading=\"lazy\" decoding=\"async\" class=\"alignright size-full wp-image-27316\" alt=\"\u053a\u0561\u0574\u0561\u0576\u0561\u056f\u0561\u056f\u056b\u0581 \u0570\u0561\u0575 \u0563\u0580\u0561\u056f\u0561\u0576\u0578\u0582\u0569\u0575\u0578\u0582\u0576\" src=\"http:\/\/akunq.net\/tr\/wp-content\/uploads\/2013\/12\/\u053a\u0561\u0574\u0561\u0576\u0561\u056f\u0561\u056f\u056b\u0581-\u0570\u0561\u0575-\u0563\u0580\u0561\u056f\u0561\u0576\u0578\u0582\u0569\u0575\u0578\u0582\u0576.jpg\" width=\"150\" height=\"200\" \/><\/a><a title=\"Kevork B. Bardakjian\" href=\"http:\/\/www.arasyayincilik.com\/tr\/yazarlar\/kevork-b-bardakjian\/103\">Kevork B. Bardakjian<\/a><\/b><\/p>\n<p style=\"text-align: justify\"><strong>1993 <\/strong>y\u0131l\u0131nda yay\u0131n hayat\u0131na ba\u015flayan Aras Yay\u0131nc\u0131l\u0131k 20. y\u0131l\u0131n\u0131 kutluyor. Yirmi y\u0131ll\u0131k s\u00fcrede izledi\u011fi yay\u0131n politikas\u0131yla &#8220;Ermenice edebiyata a\u00e7\u0131lan pencere&#8221; olarak nitelenen Aras Yay\u0131nc\u0131l\u0131k&#8217;\u0131n 140. kitab\u0131 <em>Modern Ermeni Edebiyat\u0131<\/em>, yay\u0131nevinin 20. y\u0131l\u0131na \u00f6zel haz\u0131rland\u0131.<\/p>\n<p style=\"text-align: justify\"><strong>Ermeni <\/strong>edebiyat\u0131 alan\u0131nda \u00f6nde gelen akademisyenlerden Profes\u00f6r Kevork Bardakjian&#8217;\u0131n bu hacimli eseri, \u0130ngilizcede ilk yay\u0131mlan\u0131\u015f\u0131n\u0131n \u00fczerinden on \u00fc\u00e7 y\u0131l ge\u00e7mi\u015f olmas\u0131na ra\u011fmen ba\u015fl\u0131ca kaynak kitaplardan biri olma \u00f6zelli\u011fini koruyor.<\/p>\n<p style=\"text-align: justify\"><em>Modern Ermeni Edebiyat\u0131<\/em>, bin 500 y\u0131l\u0131 a\u015fk\u0131n bir yaz\u0131l\u0131 gelene\u011fe sahip olan Ermeni edebiyat\u0131n\u0131n son be\u015f y\u00fcz y\u0131l\u0131na \u0131\u015f\u0131k tutuyor. Kitap, 16&#8217;nc\u0131 y\u00fczy\u0131l\u0131n ba\u015f\u0131ndan 1990&#8217;lara dek Ermeni edebi gelene\u011finin ser\u00fcvenini sosyal, k\u00fclt\u00fcrel, dini ve politik geli\u015fmelerin e\u015flik etti\u011fi tarihsel bir arkaplan dahilinde g\u00f6zler \u00f6n\u00fcne seriyor.<\/p>\n<p style=\"text-align: justify\"><strong>\u00c7al\u0131\u015fman\u0131n <\/strong>giri\u015f k\u0131sm\u0131nda, genel edebiyat tarihinin tart\u0131\u015f\u0131ld\u0131\u011f\u0131 b\u00f6l\u00fcmlerin yan\u0131 s\u0131ra, 150&#8217;yi a\u015fk\u0131n edebiyat\u00e7\u0131n\u0131n eserleri \u00fczerine de\u011ferli analizler yer al\u0131yor. Kitab\u0131n ikinci k\u0131sm\u0131 ise, 400&#8217;e yak\u0131n edebiyat\u00e7\u0131n\u0131n biyografilerini, eserlerini, ba\u015fka dillere \u00e7evrilen kitaplar\u0131n\u0131 ve t\u00fcm bunlar \u00fczerine yaz\u0131lm\u0131\u015f ele\u015ftiri yaz\u0131lar\u0131n\u0131 bir araya getiren kapsaml\u0131 bir ba\u015fvuru kayna\u011f\u0131 niteli\u011finde.<\/p>\n<p style=\"text-align: justify\"><strong>Aras <\/strong>Yay\u0131nc\u0131l\u0131k&#8217;\u0131n 20&#8217;nci y\u0131l\u0131n\u0131 ta\u00e7land\u0131ran <em>Modern Ermeni Edebiyat\u0131<\/em>, T\u00fcrk\u00e7e literat\u00fcrdeki b\u00fcy\u00fck bir bo\u015flu\u011fu doldurmaya aday. Yay\u0131nevi olarak, bu kapsaml\u0131 \u00e7al\u0131\u015fman\u0131n konuya ilgi duyanlar\u0131 daha fazla okumaya te\u015fvik etmesini ve edebiyat\u0131n halklar\u0131n yak\u0131nla\u015fmas\u0131ndaki rol\u00fcn\u00fc kuvvetlendirmesini \u00fcmit ediyoruz.<\/p>\n<p style=\"text-align: justify\">\u201cModern Ermeni Edebiyat\u0131<em>, alan\u0131nda \u00f6nc\u00fc bir yap\u0131t. Do\u011fu ve Bat\u0131 Ermeni edebiyat\u0131 ve soyk\u0131r\u0131m sonras\u0131 edebiyat \u00fczerine her d\u00fczeyde yap\u0131lacak derinlikli ara\u015ft\u0131rma ve incelemelere son derece faydal\u0131 bir kaynak olu\u015fturacak.\u201d<\/em><\/p>\n<p style=\"text-align: justify\"><em>Vahe Oshagan<\/em><\/p>\n<p style=\"text-align: justify\"><em>&#8220;<\/em>Modern Ermeni Edebiyat\u0131<em>, ara\u015ft\u0131rmac\u0131lar\u0131n bug\u00fcne de\u011fin ki\u015fisel notlar\u0131na ve fi\u015f kataloglar\u0131na g\u00fcvenmek zorunda kald\u0131\u011f\u0131 birikime kaynak olu\u015fturarak b\u00fcy\u00fck bir hizmet ger\u00e7ekle\u015ftiriyor. Kevork Bardakjian son derece titiz bir ara\u015ft\u0131rmac\u0131. Kitap, sundu\u011fu tarihsel d\u00f6k\u00fcm ve ba\u015fka dillere \u00e7evrilmi\u015f eserleri bir araya getirmesiyle genel okuyucuya b\u00fcy\u00fck fayda sa\u011flayacak nitelikte.&#8221;<\/em><\/p>\n<p style=\"text-align: justify\"><em>Krikor H. Maksoudian<\/em><\/p>\n<p style=\"text-align: justify\"><i>Yay\u0131na Haz\u0131rlayan: Ararat \u015eekeryan &#8211; Arda\u015fes Margosyan<\/i><\/p>\n<p style=\"text-align: justify\"><i>Redaksiyon: Naz\u0131m Dikba\u015f &#8211; Ararat \u015eekeryan<\/i><\/p>\n<p style=\"text-align: justify\"><i>Kapak G\u00f6rseli: Seeroon Yer\u00e9tzian, &#8220;Splendor of Aypupen&#8221;<\/i><\/p>\n<p style=\"text-align: justify\"><i>Kapak Tasar\u0131m\u0131: Aret G\u0131c\u0131r<\/i><\/p>\n<h2 style=\"text-align: justify\">Kitap \u00d6zellikleri:<\/h2>\n<p style=\"text-align: justify\"><i>Kitap Dili: T\u00fcrk\u00e7e<\/i><\/p>\n<p style=\"text-align: justify\"><i>\u00c7evirmen: (\u0130ngilizceden) Fatma \u00dcnal (I.k\u0131s\u0131m) &#8211; Maral Aktokmakyan (II.k\u0131s\u0131m)<\/i><\/p>\n<p style=\"text-align: justify\"><i>Bas\u0131m Bilgisi: 1. Bask\u0131, Ekim 2013<\/i><\/p>\n<p style=\"text-align: justify\"><i>Kitap \u00d6zellikler: 776 sayfa, 16&#215;24 cm<\/i><\/p>\n<p style=\"text-align: justify\"><i>ISBN: 978-605-5753-40-5<\/i><\/p>\n<p style=\"text-align: justify\"><b><i>http:\/\/www.arasyayincilik.com\/tr\/kitaplar\/modern-ermeni-edebiyati\/147<\/i><\/b><\/p>\n","protected":false},"excerpt":{"rendered":"<p>Kevork B. Bardakjian 1993 y\u0131l\u0131nda yay\u0131n hayat\u0131na ba\u015flayan Aras Yay\u0131nc\u0131l\u0131k 20. y\u0131l\u0131n\u0131 kutluyor. Yirmi y\u0131ll\u0131k s\u00fcrede izledi\u011fi yay\u0131n politikas\u0131yla &#8220;Ermenice edebiyata a\u00e7\u0131lan pencere&#8221; olarak nitelenen Aras Yay\u0131nc\u0131l\u0131k&#8217;\u0131n 140. kitab\u0131 Modern Ermeni Edebiyat\u0131, yay\u0131nevinin 20. y\u0131l\u0131na \u00f6zel haz\u0131rland\u0131. Ermeni edebiyat\u0131 alan\u0131nda \u00f6nde gelen akademisyenlerden Profes\u00f6r Kevork Bardakjian&#8217;\u0131n bu hacimli eseri, \u0130ngilizcede ilk yay\u0131mlan\u0131\u015f\u0131n\u0131n \u00fczerinden on \u00fc\u00e7 [&hellip;]<\/p>\n","protected":false},"author":3,"featured_media":0,"comment_status":"open","ping_status":"open","sticky":false,"template":"","format":"standard","meta":{"footnotes":""},"categories":[14,22],"tags":[],"class_list":["post-27315","post","type-post","status-publish","format-standard","hentry","category-haberler","category-kitaplar-elestiriler"],"yoast_head":"<!-- This site is optimized with the Yoast SEO plugin v27.4 - https:\/\/yoast.com\/product\/yoast-seo-wordpress\/ -->\n<title>Modern Ermeni Edebiyat\u0131 - Bati Ermenistan Ve Bati Ermenileri Sorunlari Ara\u015ftirmalar Merkezi<\/title>\n<meta name=\"robots\" content=\"index, follow, max-snippet:-1, max-image-preview:large, max-video-preview:-1\" \/>\n<link rel=\"canonical\" href=\"https:\/\/akunq.net\/turkish\/2013\/12\/09\/modern-ermeni-edebiyati\/\" \/>\n<meta property=\"og:locale\" content=\"en_US\" \/>\n<meta property=\"og:type\" content=\"article\" \/>\n<meta property=\"og:title\" content=\"Modern Ermeni Edebiyat\u0131 - Bati Ermenistan Ve Bati Ermenileri Sorunlari Ara\u015ftirmalar Merkezi\" \/>\n<meta property=\"og:description\" content=\"Kevork B. Bardakjian 1993 y\u0131l\u0131nda yay\u0131n hayat\u0131na ba\u015flayan Aras Yay\u0131nc\u0131l\u0131k 20. y\u0131l\u0131n\u0131 kutluyor. Yirmi y\u0131ll\u0131k s\u00fcrede izledi\u011fi yay\u0131n politikas\u0131yla &#8220;Ermenice edebiyata a\u00e7\u0131lan pencere&#8221; olarak nitelenen Aras Yay\u0131nc\u0131l\u0131k&#8217;\u0131n 140. kitab\u0131 Modern Ermeni Edebiyat\u0131, yay\u0131nevinin 20. y\u0131l\u0131na \u00f6zel haz\u0131rland\u0131. Ermeni edebiyat\u0131 alan\u0131nda \u00f6nde gelen akademisyenlerden Profes\u00f6r Kevork Bardakjian&#8217;\u0131n bu hacimli eseri, \u0130ngilizcede ilk yay\u0131mlan\u0131\u015f\u0131n\u0131n \u00fczerinden on \u00fc\u00e7 [&hellip;]\" \/>\n<meta property=\"og:url\" content=\"https:\/\/akunq.net\/turkish\/2013\/12\/09\/modern-ermeni-edebiyati\/\" \/>\n<meta property=\"og:site_name\" content=\"Bati Ermenistan Ve Bati Ermenileri Sorunlari Ara\u015ftirmalar Merkezi\" \/>\n<meta property=\"article:published_time\" content=\"2013-12-09T08:11:37+00:00\" \/>\n<meta name=\"author\" content=\"kalem\" \/>\n<meta name=\"twitter:card\" content=\"summary_large_image\" \/>\n<meta name=\"twitter:label1\" content=\"Written by\" \/>\n\t<meta name=\"twitter:data1\" content=\"kalem\" \/>\n\t<meta name=\"twitter:label2\" content=\"Est. reading time\" \/>\n\t<meta name=\"twitter:data2\" content=\"2 minutes\" \/>\n<script type=\"application\/ld+json\" class=\"yoast-schema-graph\">{\"@context\":\"https:\\\/\\\/schema.org\",\"@graph\":[{\"@type\":\"Article\",\"@id\":\"https:\\\/\\\/akunq.net\\\/turkish\\\/2013\\\/12\\\/09\\\/modern-ermeni-edebiyati\\\/#article\",\"isPartOf\":{\"@id\":\"https:\\\/\\\/akunq.net\\\/turkish\\\/2013\\\/12\\\/09\\\/modern-ermeni-edebiyati\\\/\"},\"author\":{\"name\":\"kalem\",\"@id\":\"https:\\\/\\\/akunq.net\\\/turkish\\\/#\\\/schema\\\/person\\\/135e7923d1aeb8887890799619969a6c\"},\"headline\":\"Modern Ermeni Edebiyat\u0131\",\"datePublished\":\"2013-12-09T08:11:37+00:00\",\"mainEntityOfPage\":{\"@id\":\"https:\\\/\\\/akunq.net\\\/turkish\\\/2013\\\/12\\\/09\\\/modern-ermeni-edebiyati\\\/\"},\"wordCount\":497,\"commentCount\":0,\"articleSection\":[\"Haberler\",\"Kitaplar-Ele\u015ftiriler\"],\"inLanguage\":\"en-US\",\"potentialAction\":[{\"@type\":\"CommentAction\",\"name\":\"Comment\",\"target\":[\"https:\\\/\\\/akunq.net\\\/turkish\\\/2013\\\/12\\\/09\\\/modern-ermeni-edebiyati\\\/#respond\"]}]},{\"@type\":\"WebPage\",\"@id\":\"https:\\\/\\\/akunq.net\\\/turkish\\\/2013\\\/12\\\/09\\\/modern-ermeni-edebiyati\\\/\",\"url\":\"https:\\\/\\\/akunq.net\\\/turkish\\\/2013\\\/12\\\/09\\\/modern-ermeni-edebiyati\\\/\",\"name\":\"Modern Ermeni Edebiyat\u0131 - Bati Ermenistan Ve Bati Ermenileri Sorunlari Ara\u015ftirmalar Merkezi\",\"isPartOf\":{\"@id\":\"https:\\\/\\\/akunq.net\\\/turkish\\\/#website\"},\"datePublished\":\"2013-12-09T08:11:37+00:00\",\"author\":{\"@id\":\"https:\\\/\\\/akunq.net\\\/turkish\\\/#\\\/schema\\\/person\\\/135e7923d1aeb8887890799619969a6c\"},\"breadcrumb\":{\"@id\":\"https:\\\/\\\/akunq.net\\\/turkish\\\/2013\\\/12\\\/09\\\/modern-ermeni-edebiyati\\\/#breadcrumb\"},\"inLanguage\":\"en-US\",\"potentialAction\":[{\"@type\":\"ReadAction\",\"target\":[\"https:\\\/\\\/akunq.net\\\/turkish\\\/2013\\\/12\\\/09\\\/modern-ermeni-edebiyati\\\/\"]}]},{\"@type\":\"BreadcrumbList\",\"@id\":\"https:\\\/\\\/akunq.net\\\/turkish\\\/2013\\\/12\\\/09\\\/modern-ermeni-edebiyati\\\/#breadcrumb\",\"itemListElement\":[{\"@type\":\"ListItem\",\"position\":1,\"name\":\"Home\",\"item\":\"https:\\\/\\\/akunq.net\\\/turkish\\\/\"},{\"@type\":\"ListItem\",\"position\":2,\"name\":\"Modern Ermeni Edebiyat\u0131\"}]},{\"@type\":\"WebSite\",\"@id\":\"https:\\\/\\\/akunq.net\\\/turkish\\\/#website\",\"url\":\"https:\\\/\\\/akunq.net\\\/turkish\\\/\",\"name\":\"Bati Ermenistan Ve Bati Ermenileri Sorunlari Ara\u015ftirmalar Merkezi\",\"description\":\"\",\"potentialAction\":[{\"@type\":\"SearchAction\",\"target\":{\"@type\":\"EntryPoint\",\"urlTemplate\":\"https:\\\/\\\/akunq.net\\\/turkish\\\/?s={search_term_string}\"},\"query-input\":{\"@type\":\"PropertyValueSpecification\",\"valueRequired\":true,\"valueName\":\"search_term_string\"}}],\"inLanguage\":\"en-US\"},{\"@type\":\"Person\",\"@id\":\"https:\\\/\\\/akunq.net\\\/turkish\\\/#\\\/schema\\\/person\\\/135e7923d1aeb8887890799619969a6c\",\"name\":\"kalem\",\"image\":{\"@type\":\"ImageObject\",\"inLanguage\":\"en-US\",\"@id\":\"https:\\\/\\\/secure.gravatar.com\\\/avatar\\\/a06875e4b25feb5674296adf8e8a7ae1e587cebce2493fe63c456109967e27d3?s=96&d=mm&r=g\",\"url\":\"https:\\\/\\\/secure.gravatar.com\\\/avatar\\\/a06875e4b25feb5674296adf8e8a7ae1e587cebce2493fe63c456109967e27d3?s=96&d=mm&r=g\",\"contentUrl\":\"https:\\\/\\\/secure.gravatar.com\\\/avatar\\\/a06875e4b25feb5674296adf8e8a7ae1e587cebce2493fe63c456109967e27d3?s=96&d=mm&r=g\",\"caption\":\"kalem\"},\"url\":\"https:\\\/\\\/akunq.net\\\/turkish\\\/author\\\/kalem\\\/\"}]}<\/script>\n<!-- \/ Yoast SEO plugin. -->","yoast_head_json":{"title":"Modern Ermeni Edebiyat\u0131 - Bati Ermenistan Ve Bati Ermenileri Sorunlari Ara\u015ftirmalar Merkezi","robots":{"index":"index","follow":"follow","max-snippet":"max-snippet:-1","max-image-preview":"max-image-preview:large","max-video-preview":"max-video-preview:-1"},"canonical":"https:\/\/akunq.net\/turkish\/2013\/12\/09\/modern-ermeni-edebiyati\/","og_locale":"en_US","og_type":"article","og_title":"Modern Ermeni Edebiyat\u0131 - Bati Ermenistan Ve Bati Ermenileri Sorunlari Ara\u015ftirmalar Merkezi","og_description":"Kevork B. Bardakjian 1993 y\u0131l\u0131nda yay\u0131n hayat\u0131na ba\u015flayan Aras Yay\u0131nc\u0131l\u0131k 20. y\u0131l\u0131n\u0131 kutluyor. Yirmi y\u0131ll\u0131k s\u00fcrede izledi\u011fi yay\u0131n politikas\u0131yla &#8220;Ermenice edebiyata a\u00e7\u0131lan pencere&#8221; olarak nitelenen Aras Yay\u0131nc\u0131l\u0131k&#8217;\u0131n 140. kitab\u0131 Modern Ermeni Edebiyat\u0131, yay\u0131nevinin 20. y\u0131l\u0131na \u00f6zel haz\u0131rland\u0131. Ermeni edebiyat\u0131 alan\u0131nda \u00f6nde gelen akademisyenlerden Profes\u00f6r Kevork Bardakjian&#8217;\u0131n bu hacimli eseri, \u0130ngilizcede ilk yay\u0131mlan\u0131\u015f\u0131n\u0131n \u00fczerinden on \u00fc\u00e7 [&hellip;]","og_url":"https:\/\/akunq.net\/turkish\/2013\/12\/09\/modern-ermeni-edebiyati\/","og_site_name":"Bati Ermenistan Ve Bati Ermenileri Sorunlari Ara\u015ftirmalar Merkezi","article_published_time":"2013-12-09T08:11:37+00:00","author":"kalem","twitter_card":"summary_large_image","twitter_misc":{"Written by":"kalem","Est. reading time":"2 minutes"},"schema":{"@context":"https:\/\/schema.org","@graph":[{"@type":"Article","@id":"https:\/\/akunq.net\/turkish\/2013\/12\/09\/modern-ermeni-edebiyati\/#article","isPartOf":{"@id":"https:\/\/akunq.net\/turkish\/2013\/12\/09\/modern-ermeni-edebiyati\/"},"author":{"name":"kalem","@id":"https:\/\/akunq.net\/turkish\/#\/schema\/person\/135e7923d1aeb8887890799619969a6c"},"headline":"Modern Ermeni Edebiyat\u0131","datePublished":"2013-12-09T08:11:37+00:00","mainEntityOfPage":{"@id":"https:\/\/akunq.net\/turkish\/2013\/12\/09\/modern-ermeni-edebiyati\/"},"wordCount":497,"commentCount":0,"articleSection":["Haberler","Kitaplar-Ele\u015ftiriler"],"inLanguage":"en-US","potentialAction":[{"@type":"CommentAction","name":"Comment","target":["https:\/\/akunq.net\/turkish\/2013\/12\/09\/modern-ermeni-edebiyati\/#respond"]}]},{"@type":"WebPage","@id":"https:\/\/akunq.net\/turkish\/2013\/12\/09\/modern-ermeni-edebiyati\/","url":"https:\/\/akunq.net\/turkish\/2013\/12\/09\/modern-ermeni-edebiyati\/","name":"Modern Ermeni Edebiyat\u0131 - Bati Ermenistan Ve Bati Ermenileri Sorunlari Ara\u015ftirmalar Merkezi","isPartOf":{"@id":"https:\/\/akunq.net\/turkish\/#website"},"datePublished":"2013-12-09T08:11:37+00:00","author":{"@id":"https:\/\/akunq.net\/turkish\/#\/schema\/person\/135e7923d1aeb8887890799619969a6c"},"breadcrumb":{"@id":"https:\/\/akunq.net\/turkish\/2013\/12\/09\/modern-ermeni-edebiyati\/#breadcrumb"},"inLanguage":"en-US","potentialAction":[{"@type":"ReadAction","target":["https:\/\/akunq.net\/turkish\/2013\/12\/09\/modern-ermeni-edebiyati\/"]}]},{"@type":"BreadcrumbList","@id":"https:\/\/akunq.net\/turkish\/2013\/12\/09\/modern-ermeni-edebiyati\/#breadcrumb","itemListElement":[{"@type":"ListItem","position":1,"name":"Home","item":"https:\/\/akunq.net\/turkish\/"},{"@type":"ListItem","position":2,"name":"Modern Ermeni Edebiyat\u0131"}]},{"@type":"WebSite","@id":"https:\/\/akunq.net\/turkish\/#website","url":"https:\/\/akunq.net\/turkish\/","name":"Bati Ermenistan Ve Bati Ermenileri Sorunlari Ara\u015ftirmalar Merkezi","description":"","potentialAction":[{"@type":"SearchAction","target":{"@type":"EntryPoint","urlTemplate":"https:\/\/akunq.net\/turkish\/?s={search_term_string}"},"query-input":{"@type":"PropertyValueSpecification","valueRequired":true,"valueName":"search_term_string"}}],"inLanguage":"en-US"},{"@type":"Person","@id":"https:\/\/akunq.net\/turkish\/#\/schema\/person\/135e7923d1aeb8887890799619969a6c","name":"kalem","image":{"@type":"ImageObject","inLanguage":"en-US","@id":"https:\/\/secure.gravatar.com\/avatar\/a06875e4b25feb5674296adf8e8a7ae1e587cebce2493fe63c456109967e27d3?s=96&d=mm&r=g","url":"https:\/\/secure.gravatar.com\/avatar\/a06875e4b25feb5674296adf8e8a7ae1e587cebce2493fe63c456109967e27d3?s=96&d=mm&r=g","contentUrl":"https:\/\/secure.gravatar.com\/avatar\/a06875e4b25feb5674296adf8e8a7ae1e587cebce2493fe63c456109967e27d3?s=96&d=mm&r=g","caption":"kalem"},"url":"https:\/\/akunq.net\/turkish\/author\/kalem\/"}]}},"_links":{"self":[{"href":"https:\/\/akunq.net\/turkish\/wp-json\/wp\/v2\/posts\/27315","targetHints":{"allow":["GET"]}}],"collection":[{"href":"https:\/\/akunq.net\/turkish\/wp-json\/wp\/v2\/posts"}],"about":[{"href":"https:\/\/akunq.net\/turkish\/wp-json\/wp\/v2\/types\/post"}],"author":[{"embeddable":true,"href":"https:\/\/akunq.net\/turkish\/wp-json\/wp\/v2\/users\/3"}],"replies":[{"embeddable":true,"href":"https:\/\/akunq.net\/turkish\/wp-json\/wp\/v2\/comments?post=27315"}],"version-history":[{"count":0,"href":"https:\/\/akunq.net\/turkish\/wp-json\/wp\/v2\/posts\/27315\/revisions"}],"wp:attachment":[{"href":"https:\/\/akunq.net\/turkish\/wp-json\/wp\/v2\/media?parent=27315"}],"wp:term":[{"taxonomy":"category","embeddable":true,"href":"https:\/\/akunq.net\/turkish\/wp-json\/wp\/v2\/categories?post=27315"},{"taxonomy":"post_tag","embeddable":true,"href":"https:\/\/akunq.net\/turkish\/wp-json\/wp\/v2\/tags?post=27315"}],"curies":[{"name":"wp","href":"https:\/\/api.w.org\/{rel}","templated":true}]}}