{"id":27312,"date":"2013-12-09T02:59:02","date_gmt":"2013-12-09T07:59:02","guid":{"rendered":"http:\/\/akunq.net\/tr\/?p=27312"},"modified":"2013-12-09T02:59:02","modified_gmt":"2013-12-09T07:59:02","slug":"tek-parti-doneminde-kapatilan-cesur-gazete-nor-or","status":"publish","type":"post","link":"https:\/\/akunq.net\/turkish\/2013\/12\/09\/tek-parti-doneminde-kapatilan-cesur-gazete-nor-or\/","title":{"rendered":"Tek parti d\u00f6neminde kapat\u0131lan cesur gazete: Nor Or"},"content":{"rendered":"<p style=\"text-align: justify\"><b><i><a href=\"http:\/\/akunq.net\/tr\/wp-content\/uploads\/2013\/12\/Nor-Or.jpg\"><img loading=\"lazy\" decoding=\"async\" class=\"alignright size-medium wp-image-27313\" alt=\"Nor Or\" src=\"http:\/\/akunq.net\/tr\/wp-content\/uploads\/2013\/12\/Nor-Or-300x218.jpg\" width=\"300\" height=\"218\" \/><\/a>Sevag Be\u015fikta\u015fl\u0131yan, Talin Suciyan\u2019la 1945-1946 aras\u0131nda, Soyk\u0131r\u0131m sonras\u0131nda Ermeni entelijansiyas\u0131n\u0131n belki de en parlak ku\u015fa\u011f\u0131n\u0131 bir araya getiren Nor Or dergisi-gazetesi \u00fczerine konu\u015ftu. <\/i><\/b><\/p>\n<p style=\"text-align: justify\"><b>SEVAG BE\u015e\u0130KTA\u015eLIYAN<\/b><\/p>\n<p style=\"text-align: justify\">21 Temmuz 1945\u2019te haftal\u0131k olarak yay\u0131n hayat\u0131na ba\u015flayan Nor Or (Yeni G\u00fcn) dergisi, yakla\u015f\u0131k 1,5 y\u0131l sonra Aral\u0131k 1946\u2019da s\u0131k\u0131y\u00f6netim karar\u0131yla taraf\u0131ndan kapat\u0131l\u0131r. Soyk\u0131r\u0131m sonras\u0131nda Ermeni entelijansiyas\u0131n\u0131n belki de en parlak ku\u015fa\u011f\u0131n\u0131 bir araya getiren dergiyi, ya\u015fad\u0131klar\u0131 zorluklar\u0131 ve miras\u0131n\u0131, M\u00fcnih\u2019teki Ludwig-Maximilian \u00dcniversitesi T\u00fcrkiye \u00c7al\u0131\u015fmalar\u0131 B\u00f6l\u00fcm\u00fc\u2019nde \u00f6\u011fretim \u00fcyesi olarak g\u00f6rev yapan Talin Suciyan\u2019la konu\u015ftuk.<\/p>\n<ul style=\"text-align: justify\">\n<li><b><i>Nor Or<\/i><\/b><b>, politik bir dergi. Siyasi olarak genel e\u011filimi nedir derginin?<\/b><\/li>\n<\/ul>\n<p style=\"text-align: justify\"><i>Nor Or<\/i>, hi\u00e7 \u015f\u00fcphesiz Cumhuriyet tarihinin en cesur gazetelerinden biridir. \u00d6nce haftal\u0131k olarak \u00e7\u0131kmaya ba\u015flam\u0131\u015f, sonra g\u00fcnl\u00fck gazete olmu\u015f. Genel yay\u0131n y\u00f6netmenleri Avedis Aliksanyan (\u0130stanbul 1910 \u2013 1984 Paris), Aram Pehlivanyan (A. \u015eavar\u015f ismini kullan\u0131r, TKP kendisini sadece Ahmet Saydan ismiyle hat\u0131rlar<b><sup>1<\/sup><\/b>, \u0130stanbul 1917\u2013Leipzig 1979) ve Sarkis Ke\u00e7yan (S. K. Zanku, \u0130stanbul 1917 \u2013 Paris 2004) olmu\u015flar. Gazete, Ermeni-d\u00fc\u015fmanl\u0131\u011f\u0131 kampanyalar\u0131na \u00e7ok a\u00e7\u0131k bir bi\u00e7imde cevap verir. Zaven Biberyan\u2019\u0131n yaz\u0131lar\u0131, gerek <i>Nor Or<\/i>\u2019da, gerekse <i>Nor Lur<\/i>\u2019da, Ermeni d\u00fc\u015fmanl\u0131\u011f\u0131na verdi\u011fi cevaplar neticesinde s\u0131kl\u0131kla Ba\u015fbakanl\u0131k \u00d6zel Kalem M\u00fcd\u00fcrl\u00fc\u011f\u00fc\u2019ne ya da Bas\u0131n ve Yay\u0131n Genel M\u00fcd\u00fcrl\u00fc\u011f\u00fc\u2019ne \u201cErmenice M\u00fctercimi\u201d (uzun bir s\u00fcre bu ki\u015fi Mithat Akdora\u2019d\u0131r) taraf\u0131ndan rapor edilir. Her iki gazetede de yazan Biberyan, T\u00fcrkiyeli Ermenilerin Sovyet Ermenistan\u0131\u2019na g\u00f6\u00e7\u00fcn\u00fc destekleyen yaz\u0131lar yazar. Mevcut Sovyet d\u00fc\u015fman\u0131 atmosfer d\u00fc\u015f\u00fcn\u00fcld\u00fc\u011f\u00fcnde bu, \u00e7ok ciddi bir meseledir. Bu raport\u00f6rlerin g\u00f6z\u00fcnden ka\u00e7maz. <i>Nor Or<\/i>, Ermeni cemaatinin mevcut sorunlar\u0131 konusunda hassasiyet g\u00f6sterir, demokratik se\u00e7im s\u00fcre\u00e7lerinin \u00f6nemine dikkat \u00e7eker, kat\u0131l\u0131mc\u0131 bir cemaat y\u00f6netiminin gereklili\u011fine vurgu yapar. Edebiyat ve sanata \u00f6nem verir, Jak \u0130hmalyan\u2019\u0131n resimlerini, Zahrad\u2019\u0131n \u015fiirlerini yay\u0131mlar, Krikor Zohrab, Hovannes Tumanyan portrelerini yay\u0131mlar, Sovyet Ermenistan\u0131\u2019ndan haberlere yer verir. Bunlar\u0131n d\u0131\u015f\u0131nda Avrupa\u2019da olan biteni yak\u0131ndan takip eder; N\u00fcrnberg mahkemeleri, \u0131rk\u00e7\u0131l\u0131k kar\u015f\u0131tl\u0131\u011f\u0131, fa\u015fizm kar\u015f\u0131tl\u0131\u011f\u0131, i\u015f\u00e7i haklar\u0131, sendikala\u015fma da \u00f6nemli konulard\u0131r.\u00a0 Bunun yan\u0131nda <i>Nor Or<\/i>\u2019da Anadolu\u2019da ve Kuzey Mezopotamya\u2019da ya\u015famakta olan Ermenilere dair, <i>Nor Lur<\/i> ve <i>Marmara<\/i>\u2019ya k\u0131yasla daha az bilgi bulabiliyoruz.<\/p>\n<ul style=\"text-align: justify\">\n<li><b>Tek parti rejimi alt\u0131nda, \u00f6zellikle de \u2018az\u0131nl\u0131k\u2019 politikalar\u0131n\u0131n \u00e7ok sert oldu\u011fu bir d\u00f6nemde \u00e7\u0131k\u0131yor <i>Nor Or<\/i>. Dergi, b\u00f6yle bir siyasi atmosferde ne t\u00fcr tepkiler y\u00fckseltiyor?<\/b><\/li>\n<\/ul>\n<p style=\"text-align: justify\"><i>Nor Or<\/i>\u2019un yay\u0131n hayat\u0131na ba\u015flamas\u0131 benim anlayabildi\u011fim kadar\u0131yla daha \u00e7ok II. D\u00fcnya Sava\u015f\u0131\u2019n\u0131n bitimi ile ortaya \u00e7\u0131kan konjonkt\u00fcrle ilgilidir. Bir taraftan muhalefet hareketi \u015fekillenmeye ba\u015flam\u0131\u015ft\u0131r. Tek parti sisteminin sona erece\u011fi tahmin edilebiliyordu \u00e7\u00fcnk\u00fc sava\u015f\u0131n bitiminde Avrupa iyi bir \u00f6rnek olmu\u015ftu bu rejimlerin s\u00fcrd\u00fcr\u00fclemeyece\u011fine ili\u015fkin. Bununla birlikte T\u00fcrkiye\u2019de Ermeniler a\u00e7\u0131s\u0131ndan bir \u00f6zg\u00fcrl\u00fck ortam\u0131ndan bahsetmiyoruz, sadece de\u011fi\u015fen bir konjonkt\u00fcr s\u00f6z konusu o kadar.<\/p>\n<ul style=\"text-align: justify\">\n<li><b>Peki, bu d\u00f6nemde <i>Nor Or<\/i> ne gibi bask\u0131larla kar\u015f\u0131la\u015f\u0131yor?<\/b><\/li>\n<\/ul>\n<p style=\"text-align: justify\">Belki genel olarak da Tan Bask\u0131n\u0131\u2019n\u0131n ya\u015fand\u0131\u011f\u0131 ortamdan bahsetmekte fayda var. Tan Bask\u0131n\u0131\u2019n\u0131n ya\u015fand\u0131\u011f\u0131 Aral\u0131k 1945, San Francisco Konferans\u0131\u2019nda ABD\u2019deki Ermeni \u00f6rg\u00fctlerinin T\u00fcrkiye\u2019den toprak talep etti\u011fi, Stalin\u2019in bu talebi \u00fcstlendi\u011fi ve yine Stalin\u2019in t\u00fcm d\u00fcnya Ermenilerine Ermenistan\u2019a gitme \u00e7a\u011fr\u0131s\u0131 yapt\u0131\u011f\u0131 bir zaman. Yani T\u00fcrkiye\u2019de kom\u00fcnizm d\u00fc\u015fmanl\u0131\u011f\u0131n\u0131n Ermeni d\u00fc\u015fmanl\u0131\u011f\u0131 \u00fczerinden de k\u00f6r\u00fcklendi\u011fi bir d\u00f6nem. 18 Aral\u0131k 1945 itibar\u0131 ile T\u00fcrk\u00e7e gazeteler kom\u00fcnizm kar\u015f\u0131tl\u0131\u011f\u0131nda Ermeni d\u00fc\u015fmanl\u0131\u011f\u0131n\u0131 \u00f6ne \u00e7\u0131karacaklar ve T\u00fcrkiye\u2019deki Ermenileri \u00fclkeyi b\u00f6lmek istemekle su\u00e7layacaklard\u0131r. O tarihlerde, Biberyan, hem <i>Nor Lur<\/i> gazetesine hem de <i>Nor Or<\/i>\u2019a yaz\u0131 vermektedir ve \u201cAl G\u0131 Pave\u201d (\u201cArt\u0131k Yeter\u201d, 5.1.1946) ba\u015fl\u0131kl\u0131 me\u015fhur yaz\u0131s\u0131n\u0131 bu k\u00f6r\u00fcklenen Ermeni d\u00fc\u015fman\u0131 ortama cevaben yazar. Bu yaz\u0131n\u0131n ard\u0131ndan Biberyan, bir dizi kaleme alm\u0131\u015ft\u0131r. Bunlar\u0131n sonucunda, <i>Nor Lur<\/i> gazetesi 15 Mart 1946\u2019da Biberyan\u2019\u0131n yaz\u0131lar\u0131 nedeniyle bir tehdit mektubu al\u0131r ve mektupta \u00fcniversite \u00f6\u011frencilerinin <i>Nor Lur<\/i> matbaas\u0131na da Tan\u2019a yapt\u0131klar\u0131n\u0131n ayn\u0131n\u0131 yapacaklar\u0131n\u0131 yaz\u0131l\u0131d\u0131r.<b><sup>2<\/sup><\/b> Ayn\u0131 d\u00f6nemde <i>Nor Lur<\/i> ve <i>Nor Or<\/i> h\u00fck\u00fcmetin en yak\u0131ndan takip etti\u011fi Ermenice gazetelerdir ve haklar\u0131nda arka arkaya raporlar tutulmaktad\u0131r.<\/p>\n<ul style=\"text-align: justify\">\n<li><b>B\u00f6yle bir ortamda, Ermenice siyaset yapmaya \u00e7al\u0131\u015fmak \u00f6nemli bir cesaret de\u011fil midir?<\/b><\/li>\n<\/ul>\n<p style=\"text-align: justify\">Burada s\u00f6yledi\u011finiz \u00f6nemli. Ermenice siyaset yapmak&#8230; <i>Nor Or<\/i> etraf\u0131nda toplanan insanlar [Aliksanyan, Pehlivanyan, Ke\u00e7yan, Vartan \u0130hmalyan (Konya 1913- 1987 Moskova), Jak \u0130hmalyan (Istanbul 1922- Moskova 1978)], aktif bir siyaset hayat\u0131na sahiptir. Dr. Hayk A\u00e7\u0131kg\u00f6z an\u0131lar\u0131nda, 1941\u2019den ba\u015flayarak sol siyaset literat\u00fcr\u00fc ile ilgilenen bir grup Ermeni gen\u00e7 ile tan\u0131\u015ft\u0131\u011f\u0131n\u0131 yazar. <i>Nor Or<\/i>\u2019un yay\u0131n hayat\u0131na ba\u015flamas\u0131, siyaseten aktif olan bu insanlar\u0131n s\u00f6zlerini ba\u015fka yerde duyuramad\u0131klar\u0131yla da ilgili olsa gerektir ve bu notun d\u00fc\u015f\u00fclmesi \u00f6nemlidir. Ve sorunuzun ikinci k\u0131sm\u0131na gelirsek, tabii ki b\u00f6yle bir gazete \u00e7\u0131karmak cesarettir. Devletin haklar\u0131nda tutturdu\u011fu raporlar\u0131, di\u011fer Ermenice gazetelerle girdikleri tart\u0131\u015fmalar\u0131 [\u00f6zellikle de <i>Marmara<\/i>\u2019n\u0131n o zamanki genel yay\u0131n y\u00f6netmeni Suren \u015eaml\u0131yan ile], 1946 Aral\u0131k ay\u0131nda S\u0131k\u0131y\u00f6netim karar\u0131yla toptan kapat\u0131lan tek Ermenice gazete oldu\u011funu da d\u00fc\u015f\u00fcn\u00fcrsek, <i>Nor Or<\/i>\u2019un nas\u0131l bir cesaret \u00fcr\u00fcn\u00fc oldu\u011funu daha iyi anlar\u0131z. \u00d6zellikle de Aram Pehlivanyan\u2019\u0131n yaz\u0131lar\u0131 <i>Nor Or<\/i>\u2019da \u00e7ok dikkat \u00e7ekicidir.1947 y\u0131l\u0131nda Avedis Aliksanyan, <i>Aysor<\/i> gazetesini \u00e7\u0131karmaya ba\u015flad\u0131\u011f\u0131nda, ilk edit\u00f6ryal yaz\u0131s\u0131nda <i>Nor Or<\/i>\u2019un kapat\u0131lmas\u0131yla ilgili \u201cmecburi sessizli\u011fe\u201d dair maalesef bir \u015fey yazamayaca\u011f\u0131n\u0131 yazd\u0131. Buna ra\u011fmen bir gazete \u00e7\u0131karmaya devam ettiyse de, bu da ancak bir y\u0131l s\u00fcrebildi. Bu gazete de Biberyan\u2019\u0131n, Zahrad\u2019\u0131n, Haygazun Kalustyan\u2019\u0131n, Hermon Araks\u2019\u0131n, Yervant Gobelyan\u2019\u0131n ismini g\u00f6r\u00fcyoruz, Pehlivanyan\u2019\u0131n ise sadece \u015fiirleri yay\u0131mlan\u0131yor. \u00d6rne\u011fin <i>Aysor<\/i>\u2019da Zaven Biberyan, Fransa\u2019da Nazilere kar\u015f\u0131 direni\u015fin \u00f6rg\u00fctleyicilerinden Misak Manu\u015fyan an\u0131s\u0131na bir yaz\u0131 yay\u0131mlam\u0131\u015ft\u0131r.<b><sup>3<\/sup><\/b><\/p>\n<ul style=\"text-align: justify\">\n<li><b>Ermeni toplumunun genel olarak gazeteye bak\u0131\u015f a\u00e7\u0131s\u0131 nas\u0131l?<\/b><\/li>\n<\/ul>\n<p style=\"text-align: justify\">Say\u0131sal verilere maalesef ula\u015famad\u0131m. Ancak \u015funu varsayabiliriz, bir haftal\u0131k gazete, bir y\u0131l i\u00e7inde g\u00fcnl\u00fck gazete olmaya karar veriyorsa, bunun en az\u0131ndan okunurlukla bir ilgisi olmal\u0131d\u0131r. Sava\u015f sonras\u0131 T\u00fcrkiyesi\u2019nde b\u00f6yle bir cemaat gazetesinin b\u00fcy\u00fck b\u00fct\u00e7eleri olamayaca\u011f\u0131n\u0131 da varsayarsak&#8230; Tabii dil meselesi de \u00f6nemli, \u00e7\u00fcnk\u00fc \u0130stanbullu cemaat o tarihlerde g\u00fcndemi \u00e7o\u011funlukla Ermenice gazeteler \u00fczerinden takip ediyordu. Bir de, s\u00f6zl\u00fc tarih g\u00f6r\u00fc\u015fmelerinde insanlar\u0131n <i>Nor Or<\/i>\u2019u hat\u0131rlad\u0131klar\u0131na tan\u0131k oldum.<\/p>\n<ul style=\"text-align: justify\">\n<li><b><i>Nor Or<\/i><\/b><b>, sonraki d\u00f6neme de ilham veren bir tecr\u00fcbedir diyebilir miyiz?<\/b><\/li>\n<\/ul>\n<p style=\"text-align: justify\"><i>Nor Or<\/i>, soyk\u0131r\u0131m sonras\u0131nda ilk nesil Ermeni entelekt\u00fcellerinin bir araya geldi\u011fi ve fikirlerinin berrakl\u0131k kazand\u0131\u011f\u0131 bir okul olmu\u015ftu. <i>Aysor<\/i>\u2019un (Bug\u00fcn) da kapanmas\u0131ndan sonra Ermeni entelekt\u00fcellerinin i\u00e7inde yeti\u015ftikleri toplumla ba\u011flant\u0131s\u0131 yeniden kesildi. Hapse at\u0131lmalar\u0131, siyasi aktiviteleri, gazetelerinin kapat\u0131lmas\u0131 sonucu 1950\u2019li y\u0131llarda bu insanlar\u0131n \u00e7o\u011fu \u00fclkeyi terk etti. Aralar\u0131ndan sadece Zaven Biberyan geri d\u00f6nd\u00fc. 1915\u2019den sonra 1950\u2019ye gelindi\u011finde ikinci kez Ermeni toplumu entelekt\u00fcellerinin \u00f6nemli bir b\u00f6l\u00fcm\u00fcn\u00fc kaybetmi\u015fti ve asl\u0131nda bu 1990\u2019l\u0131 y\u0131llara kadar da bu t\u00fcr bir ekol\u00fcn yeniden olu\u015famad\u0131\u011f\u0131n\u0131 g\u00f6r\u00fcyoruz. <i>Nor Or<\/i> ku\u015fa\u011f\u0131, o zamanlar da pek moda olan \u201ckarde\u015flik\u201d meselesiyle s\u0131nav\u0131n\u0131 vermi\u015fti. Ancak \u00f6denen bedeller ve o fikirsel miras, ne yaz\u0131k ki, bizlere pek ula\u015famad\u0131, bu bizler i\u00e7in \u00f6nemli bir kay\u0131pt\u0131r.<\/p>\n<p style=\"text-align: justify\">________________________________________________________________________________<\/p>\n<p style=\"text-align: justify\"><em><b><sup>1<\/sup><\/b> Ay\u015fe G\u00fcnaysu\u2019nun yaz\u0131s\u0131, bu durumun en u\u00e7 \u00f6rne\u011fini verir. T\u00fcrkiye Kom\u00fcnist Partisi\u2019nin Politb\u00fcro \u00fcyesi, TKP\u2019lilerin o zaman \u201cAhmet Saydan Yolda\u015f\u201d olarak tan\u0131d\u0131\u011f\u0131 Ermeni \u015fair, gazeteci, yazar Aram Pehlivanyan\u2019\u0131n \u00f6l\u00fcm\u00fc \u00fczerine TKP Merkez Komitesi\u2019nin 13 Aral\u0131k 1979 tarihli \u201cDuyuru\u201dsudur. \u201cTKP Leninci sava\u015f erlerinden birini yitirdi. T\u00fcrkiye i\u015f\u00e7i s\u0131n\u0131f\u0131n\u0131n yi\u011fit evlad\u0131, TKP MK politik B\u00fcro \u00fcyesi Ahmet Saydan yolda\u015f, a\u011f\u0131r bir hastal\u0131ktan sonra 62 ya\u015f\u0131nda g\u00f6zlerini d\u00fcnyaya yumdu\u201d, diye ba\u015flayan duyuruda, ne onun ger\u00e7ek isminin Aram Pehlivanyan oldu\u011fundan, ne zaman\u0131n\u0131n \u00f6nde gelen Ermeni edebiyat\u00e7\u0131 ve ayd\u0131nlar\u0131 aras\u0131nda yer ald\u0131\u011f\u0131ndan, yay\u0131nlanan Ermenice \u015fiir kitab\u0131ndan, Ermenice siyasi gazete ve dergi yay\u0131nc\u0131s\u0131 ve yazar\u0131 oldu\u011fundan bahsediliyordu. \u00dcstelik ne de bu gazetelerde kimi T\u00fcrk bas\u0131n\u0131ndaki Ermeni kar\u015f\u0131t\u0131 milliyet\u00e7i tutuma kar\u015f\u0131 m\u00fccadele eden yaz\u0131lar\u0131 da nedeniyle hapse girdi\u011finden s\u00f6z ediliyordu. \u201cAhmet Saydan Yolda\u015f\u201d\u0131n \u201cMarksizm-Leninizme, proletarya enternasyonalizmine\u201d ba\u011fl\u0131l\u0131\u011f\u0131n\u0131n bol bol \u00f6v\u00fcld\u00fc\u011f\u00fc, \u201cb\u00fct\u00fcn partili yolda\u015flara, ailesine ve yak\u0131nlar\u0131na ba\u015f sa\u011fl\u0131\u011f\u0131\u201d dilendi\u011fi ve \u201cderin ac\u0131lar\u0131\u201dn\u0131n payla\u015f\u0131ld\u0131\u011f\u0131 duyuru, belli ki, Aram Pehlivanyan\u2019\u0131n an\u0131s\u0131na de\u011fil, Ahmet Saydan Yolda\u015f\u2019\u0131n \u00f6l\u00fcm\u00fc vesilesiyle T\u00fcrkiye\u2019de o d\u00f6nemde kitleselle\u015fme hamlesi i\u00e7inde olan TKP kadro ve sempatizanlar\u0131na y\u00f6nelik ajitasyon amac\u0131 ile yaz\u0131lm\u0131\u015ft\u0131. Bunu anlayabilmek i\u00e7in, Aras Yay\u0131nc\u0131l\u0131k taraf\u0131ndan yay\u0131nlanan \u201c\u00d6zg\u00fcrl\u00fck \u0130ki Ad\u0131m \u00d6tede De\u011fil \u2013 Aram Pehlivanyan, \u015eiirleri ve Ya\u015fam\u0131\u201d adl\u0131 kitab\u0131n 104-105. sayfalar\u0131ndaki duyurunun tam metnine bir g\u00f6z atmak yeter.<\/em><\/p>\n<p style=\"text-align: justify\"><em>Bkz. <a href=\"http:\/\/www.hyetert.com\/yazi3.asp?Id=203&amp;DilId=1\">http:\/\/www.hyetert.com\/yazi3.asp?Id=203&amp;DilId=1<\/a><\/em><\/p>\n<p style=\"text-align: justify\"><em><b><sup>2<\/sup><\/b> Nor Lur, 19.3.1946<\/em><\/p>\n<p style=\"text-align: justify\"><em><b><sup>3 <\/sup><\/b>Zaven Biberyan, \u201cHaghtanagen Yergu Kayl Heru: Manu\u015fyani Hishadagin\u201d (Zafere \u0130ki Ad\u0131m Kala: Manu\u015fyan\u2019\u0131n An\u0131s\u0131na), Aysor, 2.8.1947<\/em><\/p>\n<p style=\"text-align: justify\"><em><a href=\"mailto:besiktasliyan@agos.com.tr\"><b>besiktasliyan@agos.com.tr<\/b><\/a><\/em><\/p>\n<p style=\"text-align: justify\"><b><i><a href=\"http:\/\/www.agos.com.tr\/haber.php?seo=tek-parti-doneminde-kapatilan-cesur-gazete-nor-or&amp;haberid=6249\">http:\/\/www.agos.com.tr\/haber.php?seo=tek-parti-doneminde-kapatilan-cesur-gazete-nor-or&amp;haberid=6249<\/a><\/i><\/b><\/p>\n","protected":false},"excerpt":{"rendered":"<p>Sevag Be\u015fikta\u015fl\u0131yan, Talin Suciyan\u2019la 1945-1946 aras\u0131nda, Soyk\u0131r\u0131m sonras\u0131nda Ermeni entelijansiyas\u0131n\u0131n belki de en parlak ku\u015fa\u011f\u0131n\u0131 bir araya getiren Nor Or dergisi-gazetesi \u00fczerine konu\u015ftu. SEVAG BE\u015e\u0130KTA\u015eLIYAN 21 Temmuz 1945\u2019te haftal\u0131k olarak yay\u0131n hayat\u0131na ba\u015flayan Nor Or (Yeni G\u00fcn) dergisi, yakla\u015f\u0131k 1,5 y\u0131l sonra Aral\u0131k 1946\u2019da s\u0131k\u0131y\u00f6netim karar\u0131yla taraf\u0131ndan kapat\u0131l\u0131r. Soyk\u0131r\u0131m sonras\u0131nda Ermeni entelijansiyas\u0131n\u0131n belki de en [&hellip;]<\/p>\n","protected":false},"author":3,"featured_media":0,"comment_status":"open","ping_status":"open","sticky":false,"template":"","format":"standard","meta":{"footnotes":""},"categories":[14,29],"tags":[],"class_list":["post-27312","post","type-post","status-publish","format-standard","hentry","category-haberler","category-mulakatlar"],"yoast_head":"<!-- This site is optimized with the Yoast SEO plugin v27.4 - https:\/\/yoast.com\/product\/yoast-seo-wordpress\/ -->\n<title>Tek parti d\u00f6neminde kapat\u0131lan cesur gazete: Nor Or - Bati Ermenistan Ve Bati Ermenileri Sorunlari Ara\u015ftirmalar Merkezi<\/title>\n<meta name=\"robots\" content=\"index, follow, max-snippet:-1, max-image-preview:large, max-video-preview:-1\" \/>\n<link rel=\"canonical\" href=\"https:\/\/akunq.net\/turkish\/2013\/12\/09\/tek-parti-doneminde-kapatilan-cesur-gazete-nor-or\/\" \/>\n<meta property=\"og:locale\" content=\"en_US\" \/>\n<meta property=\"og:type\" content=\"article\" \/>\n<meta property=\"og:title\" content=\"Tek parti d\u00f6neminde kapat\u0131lan cesur gazete: Nor Or - Bati Ermenistan Ve Bati Ermenileri Sorunlari Ara\u015ftirmalar Merkezi\" \/>\n<meta property=\"og:description\" content=\"Sevag Be\u015fikta\u015fl\u0131yan, Talin Suciyan\u2019la 1945-1946 aras\u0131nda, Soyk\u0131r\u0131m sonras\u0131nda Ermeni entelijansiyas\u0131n\u0131n belki de en parlak ku\u015fa\u011f\u0131n\u0131 bir araya getiren Nor Or dergisi-gazetesi \u00fczerine konu\u015ftu. SEVAG BE\u015e\u0130KTA\u015eLIYAN 21 Temmuz 1945\u2019te haftal\u0131k olarak yay\u0131n hayat\u0131na ba\u015flayan Nor Or (Yeni G\u00fcn) dergisi, yakla\u015f\u0131k 1,5 y\u0131l sonra Aral\u0131k 1946\u2019da s\u0131k\u0131y\u00f6netim karar\u0131yla taraf\u0131ndan kapat\u0131l\u0131r. Soyk\u0131r\u0131m sonras\u0131nda Ermeni entelijansiyas\u0131n\u0131n belki de en [&hellip;]\" \/>\n<meta property=\"og:url\" content=\"https:\/\/akunq.net\/turkish\/2013\/12\/09\/tek-parti-doneminde-kapatilan-cesur-gazete-nor-or\/\" \/>\n<meta property=\"og:site_name\" content=\"Bati Ermenistan Ve Bati Ermenileri Sorunlari Ara\u015ftirmalar Merkezi\" \/>\n<meta property=\"article:published_time\" content=\"2013-12-09T07:59:02+00:00\" \/>\n<meta property=\"og:image\" content=\"https:\/\/akunq.net\/turkish\/wp-content\/uploads\/sites\/5\/2013\/12\/Nor-Or.jpg\" \/>\n\t<meta property=\"og:image:width\" content=\"550\" \/>\n\t<meta property=\"og:image:height\" content=\"401\" \/>\n\t<meta property=\"og:image:type\" content=\"image\/jpeg\" \/>\n<meta name=\"author\" content=\"kalem\" \/>\n<meta name=\"twitter:card\" content=\"summary_large_image\" \/>\n<meta name=\"twitter:label1\" content=\"Written by\" \/>\n\t<meta name=\"twitter:data1\" content=\"kalem\" \/>\n\t<meta name=\"twitter:label2\" content=\"Est. reading time\" \/>\n\t<meta name=\"twitter:data2\" content=\"9 minutes\" \/>\n<script type=\"application\/ld+json\" class=\"yoast-schema-graph\">{\"@context\":\"https:\\\/\\\/schema.org\",\"@graph\":[{\"@type\":\"Article\",\"@id\":\"https:\\\/\\\/akunq.net\\\/turkish\\\/2013\\\/12\\\/09\\\/tek-parti-doneminde-kapatilan-cesur-gazete-nor-or\\\/#article\",\"isPartOf\":{\"@id\":\"https:\\\/\\\/akunq.net\\\/turkish\\\/2013\\\/12\\\/09\\\/tek-parti-doneminde-kapatilan-cesur-gazete-nor-or\\\/\"},\"author\":{\"name\":\"kalem\",\"@id\":\"https:\\\/\\\/akunq.net\\\/turkish\\\/#\\\/schema\\\/person\\\/135e7923d1aeb8887890799619969a6c\"},\"headline\":\"Tek parti d\u00f6neminde kapat\u0131lan cesur gazete: Nor Or\",\"datePublished\":\"2013-12-09T07:59:02+00:00\",\"mainEntityOfPage\":{\"@id\":\"https:\\\/\\\/akunq.net\\\/turkish\\\/2013\\\/12\\\/09\\\/tek-parti-doneminde-kapatilan-cesur-gazete-nor-or\\\/\"},\"wordCount\":1748,\"commentCount\":0,\"image\":{\"@id\":\"https:\\\/\\\/akunq.net\\\/turkish\\\/2013\\\/12\\\/09\\\/tek-parti-doneminde-kapatilan-cesur-gazete-nor-or\\\/#primaryimage\"},\"thumbnailUrl\":\"http:\\\/\\\/akunq.net\\\/tr\\\/wp-content\\\/uploads\\\/2013\\\/12\\\/Nor-Or-300x218.jpg\",\"articleSection\":[\"Haberler\",\"M\u00fclakatlar\"],\"inLanguage\":\"en-US\",\"potentialAction\":[{\"@type\":\"CommentAction\",\"name\":\"Comment\",\"target\":[\"https:\\\/\\\/akunq.net\\\/turkish\\\/2013\\\/12\\\/09\\\/tek-parti-doneminde-kapatilan-cesur-gazete-nor-or\\\/#respond\"]}]},{\"@type\":\"WebPage\",\"@id\":\"https:\\\/\\\/akunq.net\\\/turkish\\\/2013\\\/12\\\/09\\\/tek-parti-doneminde-kapatilan-cesur-gazete-nor-or\\\/\",\"url\":\"https:\\\/\\\/akunq.net\\\/turkish\\\/2013\\\/12\\\/09\\\/tek-parti-doneminde-kapatilan-cesur-gazete-nor-or\\\/\",\"name\":\"Tek parti d\u00f6neminde kapat\u0131lan cesur gazete: Nor Or - Bati Ermenistan Ve Bati Ermenileri Sorunlari Ara\u015ftirmalar Merkezi\",\"isPartOf\":{\"@id\":\"https:\\\/\\\/akunq.net\\\/turkish\\\/#website\"},\"primaryImageOfPage\":{\"@id\":\"https:\\\/\\\/akunq.net\\\/turkish\\\/2013\\\/12\\\/09\\\/tek-parti-doneminde-kapatilan-cesur-gazete-nor-or\\\/#primaryimage\"},\"image\":{\"@id\":\"https:\\\/\\\/akunq.net\\\/turkish\\\/2013\\\/12\\\/09\\\/tek-parti-doneminde-kapatilan-cesur-gazete-nor-or\\\/#primaryimage\"},\"thumbnailUrl\":\"http:\\\/\\\/akunq.net\\\/tr\\\/wp-content\\\/uploads\\\/2013\\\/12\\\/Nor-Or-300x218.jpg\",\"datePublished\":\"2013-12-09T07:59:02+00:00\",\"author\":{\"@id\":\"https:\\\/\\\/akunq.net\\\/turkish\\\/#\\\/schema\\\/person\\\/135e7923d1aeb8887890799619969a6c\"},\"breadcrumb\":{\"@id\":\"https:\\\/\\\/akunq.net\\\/turkish\\\/2013\\\/12\\\/09\\\/tek-parti-doneminde-kapatilan-cesur-gazete-nor-or\\\/#breadcrumb\"},\"inLanguage\":\"en-US\",\"potentialAction\":[{\"@type\":\"ReadAction\",\"target\":[\"https:\\\/\\\/akunq.net\\\/turkish\\\/2013\\\/12\\\/09\\\/tek-parti-doneminde-kapatilan-cesur-gazete-nor-or\\\/\"]}]},{\"@type\":\"ImageObject\",\"inLanguage\":\"en-US\",\"@id\":\"https:\\\/\\\/akunq.net\\\/turkish\\\/2013\\\/12\\\/09\\\/tek-parti-doneminde-kapatilan-cesur-gazete-nor-or\\\/#primaryimage\",\"url\":\"http:\\\/\\\/akunq.net\\\/tr\\\/wp-content\\\/uploads\\\/2013\\\/12\\\/Nor-Or-300x218.jpg\",\"contentUrl\":\"http:\\\/\\\/akunq.net\\\/tr\\\/wp-content\\\/uploads\\\/2013\\\/12\\\/Nor-Or-300x218.jpg\"},{\"@type\":\"BreadcrumbList\",\"@id\":\"https:\\\/\\\/akunq.net\\\/turkish\\\/2013\\\/12\\\/09\\\/tek-parti-doneminde-kapatilan-cesur-gazete-nor-or\\\/#breadcrumb\",\"itemListElement\":[{\"@type\":\"ListItem\",\"position\":1,\"name\":\"Home\",\"item\":\"https:\\\/\\\/akunq.net\\\/turkish\\\/\"},{\"@type\":\"ListItem\",\"position\":2,\"name\":\"Tek parti d\u00f6neminde kapat\u0131lan cesur gazete: Nor Or\"}]},{\"@type\":\"WebSite\",\"@id\":\"https:\\\/\\\/akunq.net\\\/turkish\\\/#website\",\"url\":\"https:\\\/\\\/akunq.net\\\/turkish\\\/\",\"name\":\"Bati Ermenistan Ve Bati Ermenileri Sorunlari Ara\u015ftirmalar Merkezi\",\"description\":\"\",\"potentialAction\":[{\"@type\":\"SearchAction\",\"target\":{\"@type\":\"EntryPoint\",\"urlTemplate\":\"https:\\\/\\\/akunq.net\\\/turkish\\\/?s={search_term_string}\"},\"query-input\":{\"@type\":\"PropertyValueSpecification\",\"valueRequired\":true,\"valueName\":\"search_term_string\"}}],\"inLanguage\":\"en-US\"},{\"@type\":\"Person\",\"@id\":\"https:\\\/\\\/akunq.net\\\/turkish\\\/#\\\/schema\\\/person\\\/135e7923d1aeb8887890799619969a6c\",\"name\":\"kalem\",\"image\":{\"@type\":\"ImageObject\",\"inLanguage\":\"en-US\",\"@id\":\"https:\\\/\\\/secure.gravatar.com\\\/avatar\\\/a06875e4b25feb5674296adf8e8a7ae1e587cebce2493fe63c456109967e27d3?s=96&d=mm&r=g\",\"url\":\"https:\\\/\\\/secure.gravatar.com\\\/avatar\\\/a06875e4b25feb5674296adf8e8a7ae1e587cebce2493fe63c456109967e27d3?s=96&d=mm&r=g\",\"contentUrl\":\"https:\\\/\\\/secure.gravatar.com\\\/avatar\\\/a06875e4b25feb5674296adf8e8a7ae1e587cebce2493fe63c456109967e27d3?s=96&d=mm&r=g\",\"caption\":\"kalem\"},\"url\":\"https:\\\/\\\/akunq.net\\\/turkish\\\/author\\\/kalem\\\/\"}]}<\/script>\n<!-- \/ Yoast SEO plugin. -->","yoast_head_json":{"title":"Tek parti d\u00f6neminde kapat\u0131lan cesur gazete: Nor Or - Bati Ermenistan Ve Bati Ermenileri Sorunlari Ara\u015ftirmalar Merkezi","robots":{"index":"index","follow":"follow","max-snippet":"max-snippet:-1","max-image-preview":"max-image-preview:large","max-video-preview":"max-video-preview:-1"},"canonical":"https:\/\/akunq.net\/turkish\/2013\/12\/09\/tek-parti-doneminde-kapatilan-cesur-gazete-nor-or\/","og_locale":"en_US","og_type":"article","og_title":"Tek parti d\u00f6neminde kapat\u0131lan cesur gazete: Nor Or - Bati Ermenistan Ve Bati Ermenileri Sorunlari Ara\u015ftirmalar Merkezi","og_description":"Sevag Be\u015fikta\u015fl\u0131yan, Talin Suciyan\u2019la 1945-1946 aras\u0131nda, Soyk\u0131r\u0131m sonras\u0131nda Ermeni entelijansiyas\u0131n\u0131n belki de en parlak ku\u015fa\u011f\u0131n\u0131 bir araya getiren Nor Or dergisi-gazetesi \u00fczerine konu\u015ftu. SEVAG BE\u015e\u0130KTA\u015eLIYAN 21 Temmuz 1945\u2019te haftal\u0131k olarak yay\u0131n hayat\u0131na ba\u015flayan Nor Or (Yeni G\u00fcn) dergisi, yakla\u015f\u0131k 1,5 y\u0131l sonra Aral\u0131k 1946\u2019da s\u0131k\u0131y\u00f6netim karar\u0131yla taraf\u0131ndan kapat\u0131l\u0131r. Soyk\u0131r\u0131m sonras\u0131nda Ermeni entelijansiyas\u0131n\u0131n belki de en [&hellip;]","og_url":"https:\/\/akunq.net\/turkish\/2013\/12\/09\/tek-parti-doneminde-kapatilan-cesur-gazete-nor-or\/","og_site_name":"Bati Ermenistan Ve Bati Ermenileri Sorunlari Ara\u015ftirmalar Merkezi","article_published_time":"2013-12-09T07:59:02+00:00","og_image":[{"width":550,"height":401,"url":"https:\/\/akunq.net\/turkish\/wp-content\/uploads\/sites\/5\/2013\/12\/Nor-Or.jpg","type":"image\/jpeg"}],"author":"kalem","twitter_card":"summary_large_image","twitter_misc":{"Written by":"kalem","Est. reading time":"9 minutes"},"schema":{"@context":"https:\/\/schema.org","@graph":[{"@type":"Article","@id":"https:\/\/akunq.net\/turkish\/2013\/12\/09\/tek-parti-doneminde-kapatilan-cesur-gazete-nor-or\/#article","isPartOf":{"@id":"https:\/\/akunq.net\/turkish\/2013\/12\/09\/tek-parti-doneminde-kapatilan-cesur-gazete-nor-or\/"},"author":{"name":"kalem","@id":"https:\/\/akunq.net\/turkish\/#\/schema\/person\/135e7923d1aeb8887890799619969a6c"},"headline":"Tek parti d\u00f6neminde kapat\u0131lan cesur gazete: Nor Or","datePublished":"2013-12-09T07:59:02+00:00","mainEntityOfPage":{"@id":"https:\/\/akunq.net\/turkish\/2013\/12\/09\/tek-parti-doneminde-kapatilan-cesur-gazete-nor-or\/"},"wordCount":1748,"commentCount":0,"image":{"@id":"https:\/\/akunq.net\/turkish\/2013\/12\/09\/tek-parti-doneminde-kapatilan-cesur-gazete-nor-or\/#primaryimage"},"thumbnailUrl":"http:\/\/akunq.net\/tr\/wp-content\/uploads\/2013\/12\/Nor-Or-300x218.jpg","articleSection":["Haberler","M\u00fclakatlar"],"inLanguage":"en-US","potentialAction":[{"@type":"CommentAction","name":"Comment","target":["https:\/\/akunq.net\/turkish\/2013\/12\/09\/tek-parti-doneminde-kapatilan-cesur-gazete-nor-or\/#respond"]}]},{"@type":"WebPage","@id":"https:\/\/akunq.net\/turkish\/2013\/12\/09\/tek-parti-doneminde-kapatilan-cesur-gazete-nor-or\/","url":"https:\/\/akunq.net\/turkish\/2013\/12\/09\/tek-parti-doneminde-kapatilan-cesur-gazete-nor-or\/","name":"Tek parti d\u00f6neminde kapat\u0131lan cesur gazete: Nor Or - Bati Ermenistan Ve Bati Ermenileri Sorunlari Ara\u015ftirmalar Merkezi","isPartOf":{"@id":"https:\/\/akunq.net\/turkish\/#website"},"primaryImageOfPage":{"@id":"https:\/\/akunq.net\/turkish\/2013\/12\/09\/tek-parti-doneminde-kapatilan-cesur-gazete-nor-or\/#primaryimage"},"image":{"@id":"https:\/\/akunq.net\/turkish\/2013\/12\/09\/tek-parti-doneminde-kapatilan-cesur-gazete-nor-or\/#primaryimage"},"thumbnailUrl":"http:\/\/akunq.net\/tr\/wp-content\/uploads\/2013\/12\/Nor-Or-300x218.jpg","datePublished":"2013-12-09T07:59:02+00:00","author":{"@id":"https:\/\/akunq.net\/turkish\/#\/schema\/person\/135e7923d1aeb8887890799619969a6c"},"breadcrumb":{"@id":"https:\/\/akunq.net\/turkish\/2013\/12\/09\/tek-parti-doneminde-kapatilan-cesur-gazete-nor-or\/#breadcrumb"},"inLanguage":"en-US","potentialAction":[{"@type":"ReadAction","target":["https:\/\/akunq.net\/turkish\/2013\/12\/09\/tek-parti-doneminde-kapatilan-cesur-gazete-nor-or\/"]}]},{"@type":"ImageObject","inLanguage":"en-US","@id":"https:\/\/akunq.net\/turkish\/2013\/12\/09\/tek-parti-doneminde-kapatilan-cesur-gazete-nor-or\/#primaryimage","url":"http:\/\/akunq.net\/tr\/wp-content\/uploads\/2013\/12\/Nor-Or-300x218.jpg","contentUrl":"http:\/\/akunq.net\/tr\/wp-content\/uploads\/2013\/12\/Nor-Or-300x218.jpg"},{"@type":"BreadcrumbList","@id":"https:\/\/akunq.net\/turkish\/2013\/12\/09\/tek-parti-doneminde-kapatilan-cesur-gazete-nor-or\/#breadcrumb","itemListElement":[{"@type":"ListItem","position":1,"name":"Home","item":"https:\/\/akunq.net\/turkish\/"},{"@type":"ListItem","position":2,"name":"Tek parti d\u00f6neminde kapat\u0131lan cesur gazete: Nor Or"}]},{"@type":"WebSite","@id":"https:\/\/akunq.net\/turkish\/#website","url":"https:\/\/akunq.net\/turkish\/","name":"Bati Ermenistan Ve Bati Ermenileri Sorunlari Ara\u015ftirmalar Merkezi","description":"","potentialAction":[{"@type":"SearchAction","target":{"@type":"EntryPoint","urlTemplate":"https:\/\/akunq.net\/turkish\/?s={search_term_string}"},"query-input":{"@type":"PropertyValueSpecification","valueRequired":true,"valueName":"search_term_string"}}],"inLanguage":"en-US"},{"@type":"Person","@id":"https:\/\/akunq.net\/turkish\/#\/schema\/person\/135e7923d1aeb8887890799619969a6c","name":"kalem","image":{"@type":"ImageObject","inLanguage":"en-US","@id":"https:\/\/secure.gravatar.com\/avatar\/a06875e4b25feb5674296adf8e8a7ae1e587cebce2493fe63c456109967e27d3?s=96&d=mm&r=g","url":"https:\/\/secure.gravatar.com\/avatar\/a06875e4b25feb5674296adf8e8a7ae1e587cebce2493fe63c456109967e27d3?s=96&d=mm&r=g","contentUrl":"https:\/\/secure.gravatar.com\/avatar\/a06875e4b25feb5674296adf8e8a7ae1e587cebce2493fe63c456109967e27d3?s=96&d=mm&r=g","caption":"kalem"},"url":"https:\/\/akunq.net\/turkish\/author\/kalem\/"}]}},"_links":{"self":[{"href":"https:\/\/akunq.net\/turkish\/wp-json\/wp\/v2\/posts\/27312","targetHints":{"allow":["GET"]}}],"collection":[{"href":"https:\/\/akunq.net\/turkish\/wp-json\/wp\/v2\/posts"}],"about":[{"href":"https:\/\/akunq.net\/turkish\/wp-json\/wp\/v2\/types\/post"}],"author":[{"embeddable":true,"href":"https:\/\/akunq.net\/turkish\/wp-json\/wp\/v2\/users\/3"}],"replies":[{"embeddable":true,"href":"https:\/\/akunq.net\/turkish\/wp-json\/wp\/v2\/comments?post=27312"}],"version-history":[{"count":0,"href":"https:\/\/akunq.net\/turkish\/wp-json\/wp\/v2\/posts\/27312\/revisions"}],"wp:attachment":[{"href":"https:\/\/akunq.net\/turkish\/wp-json\/wp\/v2\/media?parent=27312"}],"wp:term":[{"taxonomy":"category","embeddable":true,"href":"https:\/\/akunq.net\/turkish\/wp-json\/wp\/v2\/categories?post=27312"},{"taxonomy":"post_tag","embeddable":true,"href":"https:\/\/akunq.net\/turkish\/wp-json\/wp\/v2\/tags?post=27312"}],"curies":[{"name":"wp","href":"https:\/\/api.w.org\/{rel}","templated":true}]}}