{"id":27263,"date":"2013-12-06T01:55:35","date_gmt":"2013-12-06T06:55:35","guid":{"rendered":"http:\/\/akunq.net\/tr\/?p=27263"},"modified":"2013-12-06T01:55:35","modified_gmt":"2013-12-06T06:55:35","slug":"m-kemal-ve-2015-2","status":"publish","type":"post","link":"https:\/\/akunq.net\/turkish\/2013\/12\/06\/m-kemal-ve-2015-2\/","title":{"rendered":"M. Kemal ve 2015 (2)"},"content":{"rendered":"<p><a title=\"Taner Ak\u00e7am\" href=\"http:\/\/www.taraf.com.tr\/taner-akcam\/\"><img decoding=\"async\" class=\"alignright\" alt=\"Taner Ak\u00e7am\" src=\"http:\/\/www.taraf.com.tr\/fotoraflar\/yazarlar\/taner-akcam_1465_b.jpg\" width=\"65\" border=\"0\" hspace=\"10\" vspace=\"5\" \/>Taner Ak\u00e7am<\/a><\/p>\n<p style=\"text-align: justify\">\u201c<i>Ermeniler, Osmanl\u0131\u2019n\u0131n yasal zemininde b\u00fct\u00fcn isteklerine kavu\u015facaklar ve emin olsunlar ki fazla olarak Osmanl\u0131 tarihinde de daima okunacak bir \u015f\u00fckran sayfas\u0131nda yer alacaklard\u0131r.<\/i>\u201d <b><i>Minber<\/i><\/b> gazetesindeki yaz\u0131 bu c\u00fcmle ile bitiyordu.<\/p>\n<p style=\"text-align: justify\">Ermenilere kar\u015f\u0131 i\u015flenen cinayetler \u00fczerine s\u00f6ylenen bu s\u00f6zler, e\u011fer istenirse bug\u00fcn sorunun \u00e7\u00f6z\u00fcm\u00fc i\u00e7in bir ba\u015flang\u0131\u00e7 noktas\u0131 olarak bile kabul edebilir. \u201c<b>Yasal zeminde b\u00fct\u00fcn isteklerine kavu\u015fma<\/b>\u201dy\u0131, Ermenilerin u\u011fram\u0131\u015f olduklar\u0131 zararlar\u0131 tazmin edilmesi, \u201c<b>tarihte okunacak bir \u015f\u00fckran sayfas\u0131nda yer alma<\/b>\u201dy\u0131 da, Ermenilerin bu toplumda hak ettikleri yerin tan\u0131nmas\u0131 olarak okuyabilirsiniz.<\/p>\n<p style=\"text-align: justify\">Say\u0131n Erdo\u011fan\u2019a kullanabilece\u011fi kaynaklar\u0131 sunmaya devam edeyim.<\/p>\n<p style=\"text-align: justify\">\u00d6nemli bir kaynak <b>Amasya Protokolleri<\/b> ve bu protokollerin imzalanmas\u0131ndan \u00f6nce yap\u0131lan baz\u0131 yaz\u0131\u015fmalard\u0131r.<\/p>\n<p style=\"text-align: justify\">Bilindi\u011fi gibi Protokoller 20-22 Ekim 1919\u2019da \u0130stanbul\u2019daki Ali R\u0131za Pa\u015fa H\u00fck\u00fcmeti ile M. Kemal \u00f6nderli\u011findeki Heyet-i Temsiliye aras\u0131nda imzalan\u0131r. Konu esas olarak, hem Osmanl\u0131 Anayasa\u2019s\u0131na g\u00f6re yap\u0131lmas\u0131 gereken parlamento se\u00e7imleri, hem de Paris Bar\u0131\u015f G\u00f6r\u00fc\u015fmeleri\u2019dir.<\/p>\n<p style=\"text-align: justify\">Amasya g\u00f6r\u00fc\u015fmeleri ba\u015flamadan \u00f6nce, 9 Ekim 1919\u2019da, \u0130stanbul\u2019a \u00e7ekti\u011fi bir telgrafta Mustafa Kemal, \u0130ttihat\u00e7\u0131 y\u00f6neticilerin sava\u015f s\u0131ras\u0131ndaki su\u00e7lar\u0131 nedeniyle cezaland\u0131r\u0131lmas\u0131 gerekti\u011fini savunur.<\/p>\n<p style=\"text-align: justify\">\u00dcstelik, ona g\u00f6re, cezaland\u0131rma k\u00e2\u011f\u0131t \u00fcst\u00fcnde kalmamal\u0131, dosta d\u00fc\u015fmana g\u00f6sterecek tarzda do\u011frudan eylem bi\u00e7iminde olmal\u0131d\u0131r.<\/p>\n<p style=\"text-align: justify\">Kendi ifadesiyle: \u201c<i>Sava\u015f s\u0131ras\u0131ndaki k\u00f6t\u00fc y\u00f6netimleri ortaya \u00e7\u0131kar\u0131p cezaland\u0131rmak, vatan\u0131m\u0131zda sorumlulu\u011fun b\u00fcy\u00fck ve k\u00fc\u00e7\u00fcklere e\u015fit y\u00fcklendi\u011fini, kanun d\u00f6neminin tam yans\u0131zl\u0131k, adalet ve hak d\u00fc\u015f\u00fcncesiyle ba\u015flad\u0131\u011f\u0131n\u0131 g\u00f6rmek en i\u00e7ten dile\u011fimizdir. Ama biz bunu bir\u00e7ok tart\u0131\u015fmalara neden olacak k\u00e2\u011f\u0131t \u00fczerinde reklam bi\u00e7iminde yay\u0131nlardan \u00e7ok do\u011frudan tatbik edilen uygulamalarla dosta d\u00fc\u015fman g\u00f6sterilmesini daha uygun ve yararl\u0131 g\u00f6r\u00fcyoruz.<\/i>\u201d<\/p>\n<p style=\"text-align: justify\">20 Ekim 1919\u2019da ba\u015flayan Amasya g\u00f6r\u00fc\u015fmeleri 22 Ekim\u2019de biter. M. Kemal\u2019in s\u00f6zleriyle, \u201c<b>\u00fc\u00e7 g\u00fcn s\u00fcren g\u00f6r\u00fc\u015fmeler sonunda iki\u015fer n\u00fcsha olmak \u00fczere be\u015f tane protokol<\/b>\u201d d\u00fczenlenir. \u201c<b>Bu be\u015f protokolden \u00fc\u00e7\u00fc \u2013Salih Pa\u015fada kalanlar bizim taraf\u0131m\u0131zdan ve bizde kalanlar Salih Pa\u015fa taraf\u0131ndan\u2013 imza<\/b>\u201d edilir. \u201c<b>\u0130ki tane protokol gizli say\u0131larak imza edilme(z).<\/b>\u201d<\/p>\n<p style=\"text-align: justify\">21 Ekim 1919 tarihinde imzalanan birinci protokol\u00fcn bir ve d\u00f6rd\u00fcnc\u00fc maddeleri konumuzla ilgilidir:<\/p>\n<p style=\"text-align: justify\">\u201c<b><i>1- \u0130ttihat\u00e7\u0131l\u0131\u011f\u0131n, \u0130ttihat ve Terakki fikrinin memlekette tekrar uyanmas\u0131, hatta baz\u0131 bir tak\u0131m belirtilerinin g\u00f6r\u00fclmesi siyaseten zararl\u0131d\u0131r. <\/i><\/b>(&#8230;) <b><i>4- Tehcir dolay\u0131s\u0131yla su\u00e7 i\u015flemi\u015f olanlar\u0131n kanunen cezaland\u0131r\u0131lmalar\u0131 adalet ve siyaset a\u00e7\u0131s\u0131ndan ka\u00e7\u0131n\u0131lmazd\u0131r.<\/i><\/b>\u201d<\/p>\n<p style=\"text-align: justify\">M. Kemal\u2019e ait aktar\u0131lacak bir ba\u015fka ifade, 24 Nisan 1920\u2019de Meclis\u2019in a\u00e7\u0131lmas\u0131 meselesiyle yapt\u0131\u011f\u0131 uzun konu\u015fmada s\u00f6yledikleridir. Ermeni k\u0131r\u0131m\u0131ndan \u201c<b>fazahat<\/b>\u201d (utan\u0131lacak bir eylem) olarak s\u00f6z eder.<\/p>\n<p style=\"text-align: justify\">Hat\u0131rlayan hat\u0131rlar, 2006 y\u0131l\u0131nda <b>Ertu\u011frul \u00d6zk\u00f6k<\/b>, Atat\u00fcrk\u2019\u00fcn b\u00f6yle bir s\u00f6z\u00fc yoktur diye bana sald\u0131rm\u0131\u015f, olmad\u0131k hakaretlerde bulunmu\u015ftu. Sonra t\u00fck\u00fcrd\u00fc\u011f\u00fcn\u00fc yalamak zorunda kalm\u0131\u015ft\u0131.<\/p>\n<p style=\"text-align: justify\">Mustafa Kemal\u2019in, 1915\u2019de Ermenilere yap\u0131lanlar\u0131 k\u0131nad\u0131\u011f\u0131 daha \u00e7uval dolusu ba\u015fka s\u00f6z\u00fc daha var.<\/p>\n<p style=\"text-align: justify\">Bir dahaki yaz\u0131da onlardan bir demet daha sunay\u0131m.<\/p>\n<p style=\"text-align: justify\">Dedim ya, 1915\u2019e ili\u015fkin a\u00e7\u0131l\u0131m yapmak isteyip de, durumlar\u0131n\u0131 s\u0131k\u0131\u015f\u0131k g\u00f6renleri rahatlatmak amac\u0131m.<\/p>\n<p style=\"text-align: justify\">tanerakcam@gmail.com<\/p>\n<p style=\"text-align: justify\"><a href=\"http:\/\/www.taraf.com.tr\/taner-akcam\/makale-m-kemal-ve-2015-2.htm\">http:\/\/www.taraf.com.tr\/taner-akcam\/makale-m-kemal-ve-2015-2.htm<\/a><\/p>\n","protected":false},"excerpt":{"rendered":"<p>Taner Ak\u00e7am \u201cErmeniler, Osmanl\u0131\u2019n\u0131n yasal zemininde b\u00fct\u00fcn isteklerine kavu\u015facaklar ve emin olsunlar ki fazla olarak Osmanl\u0131 tarihinde de daima okunacak bir \u015f\u00fckran sayfas\u0131nda yer alacaklard\u0131r.\u201d Minber gazetesindeki yaz\u0131 bu c\u00fcmle ile bitiyordu. Ermenilere kar\u015f\u0131 i\u015flenen cinayetler \u00fczerine s\u00f6ylenen bu s\u00f6zler, e\u011fer istenirse bug\u00fcn sorunun \u00e7\u00f6z\u00fcm\u00fc i\u00e7in bir ba\u015flang\u0131\u00e7 noktas\u0131 olarak bile kabul edebilir. \u201cYasal zeminde [&hellip;]<\/p>\n","protected":false},"author":3,"featured_media":0,"comment_status":"open","ping_status":"open","sticky":false,"template":"","format":"standard","meta":{"footnotes":""},"categories":[6,14,26],"tags":[],"class_list":["post-27263","post","type-post","status-publish","format-standard","hentry","category-ermeni-soykirimi","category-haberler","category-makaleler"],"yoast_head":"<!-- This site is optimized with the Yoast SEO plugin v27.4 - https:\/\/yoast.com\/product\/yoast-seo-wordpress\/ -->\n<title>M. Kemal ve 2015 (2) - Bati Ermenistan Ve Bati Ermenileri Sorunlari Ara\u015ftirmalar Merkezi<\/title>\n<meta name=\"robots\" content=\"index, follow, max-snippet:-1, max-image-preview:large, max-video-preview:-1\" \/>\n<link rel=\"canonical\" href=\"https:\/\/akunq.net\/turkish\/2013\/12\/06\/m-kemal-ve-2015-2\/\" \/>\n<meta property=\"og:locale\" content=\"en_US\" \/>\n<meta property=\"og:type\" content=\"article\" \/>\n<meta property=\"og:title\" content=\"M. Kemal ve 2015 (2) - Bati Ermenistan Ve Bati Ermenileri Sorunlari Ara\u015ftirmalar Merkezi\" \/>\n<meta property=\"og:description\" content=\"Taner Ak\u00e7am \u201cErmeniler, Osmanl\u0131\u2019n\u0131n yasal zemininde b\u00fct\u00fcn isteklerine kavu\u015facaklar ve emin olsunlar ki fazla olarak Osmanl\u0131 tarihinde de daima okunacak bir \u015f\u00fckran sayfas\u0131nda yer alacaklard\u0131r.\u201d Minber gazetesindeki yaz\u0131 bu c\u00fcmle ile bitiyordu. Ermenilere kar\u015f\u0131 i\u015flenen cinayetler \u00fczerine s\u00f6ylenen bu s\u00f6zler, e\u011fer istenirse bug\u00fcn sorunun \u00e7\u00f6z\u00fcm\u00fc i\u00e7in bir ba\u015flang\u0131\u00e7 noktas\u0131 olarak bile kabul edebilir. \u201cYasal zeminde [&hellip;]\" \/>\n<meta property=\"og:url\" content=\"https:\/\/akunq.net\/turkish\/2013\/12\/06\/m-kemal-ve-2015-2\/\" \/>\n<meta property=\"og:site_name\" content=\"Bati Ermenistan Ve Bati Ermenileri Sorunlari Ara\u015ftirmalar Merkezi\" \/>\n<meta property=\"article:published_time\" content=\"2013-12-06T06:55:35+00:00\" \/>\n<meta property=\"og:image\" content=\"http:\/\/www.taraf.com.tr\/fotoraflar\/yazarlar\/taner-akcam_1465_b.jpg\" \/>\n<meta name=\"author\" content=\"kalem\" \/>\n<meta name=\"twitter:card\" content=\"summary_large_image\" \/>\n<meta name=\"twitter:label1\" content=\"Written by\" \/>\n\t<meta name=\"twitter:data1\" content=\"kalem\" \/>\n\t<meta name=\"twitter:label2\" content=\"Est. reading time\" \/>\n\t<meta name=\"twitter:data2\" content=\"3 minutes\" \/>\n<script type=\"application\/ld+json\" class=\"yoast-schema-graph\">{\"@context\":\"https:\\\/\\\/schema.org\",\"@graph\":[{\"@type\":\"Article\",\"@id\":\"https:\\\/\\\/akunq.net\\\/turkish\\\/2013\\\/12\\\/06\\\/m-kemal-ve-2015-2\\\/#article\",\"isPartOf\":{\"@id\":\"https:\\\/\\\/akunq.net\\\/turkish\\\/2013\\\/12\\\/06\\\/m-kemal-ve-2015-2\\\/\"},\"author\":{\"name\":\"kalem\",\"@id\":\"https:\\\/\\\/akunq.net\\\/turkish\\\/#\\\/schema\\\/person\\\/135e7923d1aeb8887890799619969a6c\"},\"headline\":\"M. Kemal ve 2015 (2)\",\"datePublished\":\"2013-12-06T06:55:35+00:00\",\"mainEntityOfPage\":{\"@id\":\"https:\\\/\\\/akunq.net\\\/turkish\\\/2013\\\/12\\\/06\\\/m-kemal-ve-2015-2\\\/\"},\"wordCount\":598,\"commentCount\":0,\"image\":{\"@id\":\"https:\\\/\\\/akunq.net\\\/turkish\\\/2013\\\/12\\\/06\\\/m-kemal-ve-2015-2\\\/#primaryimage\"},\"thumbnailUrl\":\"http:\\\/\\\/www.taraf.com.tr\\\/fotoraflar\\\/yazarlar\\\/taner-akcam_1465_b.jpg\",\"articleSection\":[\"Ermeni Soyk\u0131r\u0131m\u0131\",\"Haberler\",\"Makaleler\"],\"inLanguage\":\"en-US\",\"potentialAction\":[{\"@type\":\"CommentAction\",\"name\":\"Comment\",\"target\":[\"https:\\\/\\\/akunq.net\\\/turkish\\\/2013\\\/12\\\/06\\\/m-kemal-ve-2015-2\\\/#respond\"]}]},{\"@type\":\"WebPage\",\"@id\":\"https:\\\/\\\/akunq.net\\\/turkish\\\/2013\\\/12\\\/06\\\/m-kemal-ve-2015-2\\\/\",\"url\":\"https:\\\/\\\/akunq.net\\\/turkish\\\/2013\\\/12\\\/06\\\/m-kemal-ve-2015-2\\\/\",\"name\":\"M. Kemal ve 2015 (2) - Bati Ermenistan Ve Bati Ermenileri Sorunlari Ara\u015ftirmalar Merkezi\",\"isPartOf\":{\"@id\":\"https:\\\/\\\/akunq.net\\\/turkish\\\/#website\"},\"primaryImageOfPage\":{\"@id\":\"https:\\\/\\\/akunq.net\\\/turkish\\\/2013\\\/12\\\/06\\\/m-kemal-ve-2015-2\\\/#primaryimage\"},\"image\":{\"@id\":\"https:\\\/\\\/akunq.net\\\/turkish\\\/2013\\\/12\\\/06\\\/m-kemal-ve-2015-2\\\/#primaryimage\"},\"thumbnailUrl\":\"http:\\\/\\\/www.taraf.com.tr\\\/fotoraflar\\\/yazarlar\\\/taner-akcam_1465_b.jpg\",\"datePublished\":\"2013-12-06T06:55:35+00:00\",\"author\":{\"@id\":\"https:\\\/\\\/akunq.net\\\/turkish\\\/#\\\/schema\\\/person\\\/135e7923d1aeb8887890799619969a6c\"},\"breadcrumb\":{\"@id\":\"https:\\\/\\\/akunq.net\\\/turkish\\\/2013\\\/12\\\/06\\\/m-kemal-ve-2015-2\\\/#breadcrumb\"},\"inLanguage\":\"en-US\",\"potentialAction\":[{\"@type\":\"ReadAction\",\"target\":[\"https:\\\/\\\/akunq.net\\\/turkish\\\/2013\\\/12\\\/06\\\/m-kemal-ve-2015-2\\\/\"]}]},{\"@type\":\"ImageObject\",\"inLanguage\":\"en-US\",\"@id\":\"https:\\\/\\\/akunq.net\\\/turkish\\\/2013\\\/12\\\/06\\\/m-kemal-ve-2015-2\\\/#primaryimage\",\"url\":\"http:\\\/\\\/www.taraf.com.tr\\\/fotoraflar\\\/yazarlar\\\/taner-akcam_1465_b.jpg\",\"contentUrl\":\"http:\\\/\\\/www.taraf.com.tr\\\/fotoraflar\\\/yazarlar\\\/taner-akcam_1465_b.jpg\"},{\"@type\":\"BreadcrumbList\",\"@id\":\"https:\\\/\\\/akunq.net\\\/turkish\\\/2013\\\/12\\\/06\\\/m-kemal-ve-2015-2\\\/#breadcrumb\",\"itemListElement\":[{\"@type\":\"ListItem\",\"position\":1,\"name\":\"Home\",\"item\":\"https:\\\/\\\/akunq.net\\\/turkish\\\/\"},{\"@type\":\"ListItem\",\"position\":2,\"name\":\"M. Kemal ve 2015 (2)\"}]},{\"@type\":\"WebSite\",\"@id\":\"https:\\\/\\\/akunq.net\\\/turkish\\\/#website\",\"url\":\"https:\\\/\\\/akunq.net\\\/turkish\\\/\",\"name\":\"Bati Ermenistan Ve Bati Ermenileri Sorunlari Ara\u015ftirmalar Merkezi\",\"description\":\"\",\"potentialAction\":[{\"@type\":\"SearchAction\",\"target\":{\"@type\":\"EntryPoint\",\"urlTemplate\":\"https:\\\/\\\/akunq.net\\\/turkish\\\/?s={search_term_string}\"},\"query-input\":{\"@type\":\"PropertyValueSpecification\",\"valueRequired\":true,\"valueName\":\"search_term_string\"}}],\"inLanguage\":\"en-US\"},{\"@type\":\"Person\",\"@id\":\"https:\\\/\\\/akunq.net\\\/turkish\\\/#\\\/schema\\\/person\\\/135e7923d1aeb8887890799619969a6c\",\"name\":\"kalem\",\"image\":{\"@type\":\"ImageObject\",\"inLanguage\":\"en-US\",\"@id\":\"https:\\\/\\\/secure.gravatar.com\\\/avatar\\\/a06875e4b25feb5674296adf8e8a7ae1e587cebce2493fe63c456109967e27d3?s=96&d=mm&r=g\",\"url\":\"https:\\\/\\\/secure.gravatar.com\\\/avatar\\\/a06875e4b25feb5674296adf8e8a7ae1e587cebce2493fe63c456109967e27d3?s=96&d=mm&r=g\",\"contentUrl\":\"https:\\\/\\\/secure.gravatar.com\\\/avatar\\\/a06875e4b25feb5674296adf8e8a7ae1e587cebce2493fe63c456109967e27d3?s=96&d=mm&r=g\",\"caption\":\"kalem\"},\"url\":\"https:\\\/\\\/akunq.net\\\/turkish\\\/author\\\/kalem\\\/\"}]}<\/script>\n<!-- \/ Yoast SEO plugin. -->","yoast_head_json":{"title":"M. Kemal ve 2015 (2) - Bati Ermenistan Ve Bati Ermenileri Sorunlari Ara\u015ftirmalar Merkezi","robots":{"index":"index","follow":"follow","max-snippet":"max-snippet:-1","max-image-preview":"max-image-preview:large","max-video-preview":"max-video-preview:-1"},"canonical":"https:\/\/akunq.net\/turkish\/2013\/12\/06\/m-kemal-ve-2015-2\/","og_locale":"en_US","og_type":"article","og_title":"M. Kemal ve 2015 (2) - Bati Ermenistan Ve Bati Ermenileri Sorunlari Ara\u015ftirmalar Merkezi","og_description":"Taner Ak\u00e7am \u201cErmeniler, Osmanl\u0131\u2019n\u0131n yasal zemininde b\u00fct\u00fcn isteklerine kavu\u015facaklar ve emin olsunlar ki fazla olarak Osmanl\u0131 tarihinde de daima okunacak bir \u015f\u00fckran sayfas\u0131nda yer alacaklard\u0131r.\u201d Minber gazetesindeki yaz\u0131 bu c\u00fcmle ile bitiyordu. Ermenilere kar\u015f\u0131 i\u015flenen cinayetler \u00fczerine s\u00f6ylenen bu s\u00f6zler, e\u011fer istenirse bug\u00fcn sorunun \u00e7\u00f6z\u00fcm\u00fc i\u00e7in bir ba\u015flang\u0131\u00e7 noktas\u0131 olarak bile kabul edebilir. \u201cYasal zeminde [&hellip;]","og_url":"https:\/\/akunq.net\/turkish\/2013\/12\/06\/m-kemal-ve-2015-2\/","og_site_name":"Bati Ermenistan Ve Bati Ermenileri Sorunlari Ara\u015ftirmalar Merkezi","article_published_time":"2013-12-06T06:55:35+00:00","og_image":[{"url":"http:\/\/www.taraf.com.tr\/fotoraflar\/yazarlar\/taner-akcam_1465_b.jpg","type":"","width":"","height":""}],"author":"kalem","twitter_card":"summary_large_image","twitter_misc":{"Written by":"kalem","Est. reading time":"3 minutes"},"schema":{"@context":"https:\/\/schema.org","@graph":[{"@type":"Article","@id":"https:\/\/akunq.net\/turkish\/2013\/12\/06\/m-kemal-ve-2015-2\/#article","isPartOf":{"@id":"https:\/\/akunq.net\/turkish\/2013\/12\/06\/m-kemal-ve-2015-2\/"},"author":{"name":"kalem","@id":"https:\/\/akunq.net\/turkish\/#\/schema\/person\/135e7923d1aeb8887890799619969a6c"},"headline":"M. Kemal ve 2015 (2)","datePublished":"2013-12-06T06:55:35+00:00","mainEntityOfPage":{"@id":"https:\/\/akunq.net\/turkish\/2013\/12\/06\/m-kemal-ve-2015-2\/"},"wordCount":598,"commentCount":0,"image":{"@id":"https:\/\/akunq.net\/turkish\/2013\/12\/06\/m-kemal-ve-2015-2\/#primaryimage"},"thumbnailUrl":"http:\/\/www.taraf.com.tr\/fotoraflar\/yazarlar\/taner-akcam_1465_b.jpg","articleSection":["Ermeni Soyk\u0131r\u0131m\u0131","Haberler","Makaleler"],"inLanguage":"en-US","potentialAction":[{"@type":"CommentAction","name":"Comment","target":["https:\/\/akunq.net\/turkish\/2013\/12\/06\/m-kemal-ve-2015-2\/#respond"]}]},{"@type":"WebPage","@id":"https:\/\/akunq.net\/turkish\/2013\/12\/06\/m-kemal-ve-2015-2\/","url":"https:\/\/akunq.net\/turkish\/2013\/12\/06\/m-kemal-ve-2015-2\/","name":"M. Kemal ve 2015 (2) - Bati Ermenistan Ve Bati Ermenileri Sorunlari Ara\u015ftirmalar Merkezi","isPartOf":{"@id":"https:\/\/akunq.net\/turkish\/#website"},"primaryImageOfPage":{"@id":"https:\/\/akunq.net\/turkish\/2013\/12\/06\/m-kemal-ve-2015-2\/#primaryimage"},"image":{"@id":"https:\/\/akunq.net\/turkish\/2013\/12\/06\/m-kemal-ve-2015-2\/#primaryimage"},"thumbnailUrl":"http:\/\/www.taraf.com.tr\/fotoraflar\/yazarlar\/taner-akcam_1465_b.jpg","datePublished":"2013-12-06T06:55:35+00:00","author":{"@id":"https:\/\/akunq.net\/turkish\/#\/schema\/person\/135e7923d1aeb8887890799619969a6c"},"breadcrumb":{"@id":"https:\/\/akunq.net\/turkish\/2013\/12\/06\/m-kemal-ve-2015-2\/#breadcrumb"},"inLanguage":"en-US","potentialAction":[{"@type":"ReadAction","target":["https:\/\/akunq.net\/turkish\/2013\/12\/06\/m-kemal-ve-2015-2\/"]}]},{"@type":"ImageObject","inLanguage":"en-US","@id":"https:\/\/akunq.net\/turkish\/2013\/12\/06\/m-kemal-ve-2015-2\/#primaryimage","url":"http:\/\/www.taraf.com.tr\/fotoraflar\/yazarlar\/taner-akcam_1465_b.jpg","contentUrl":"http:\/\/www.taraf.com.tr\/fotoraflar\/yazarlar\/taner-akcam_1465_b.jpg"},{"@type":"BreadcrumbList","@id":"https:\/\/akunq.net\/turkish\/2013\/12\/06\/m-kemal-ve-2015-2\/#breadcrumb","itemListElement":[{"@type":"ListItem","position":1,"name":"Home","item":"https:\/\/akunq.net\/turkish\/"},{"@type":"ListItem","position":2,"name":"M. Kemal ve 2015 (2)"}]},{"@type":"WebSite","@id":"https:\/\/akunq.net\/turkish\/#website","url":"https:\/\/akunq.net\/turkish\/","name":"Bati Ermenistan Ve Bati Ermenileri Sorunlari Ara\u015ftirmalar Merkezi","description":"","potentialAction":[{"@type":"SearchAction","target":{"@type":"EntryPoint","urlTemplate":"https:\/\/akunq.net\/turkish\/?s={search_term_string}"},"query-input":{"@type":"PropertyValueSpecification","valueRequired":true,"valueName":"search_term_string"}}],"inLanguage":"en-US"},{"@type":"Person","@id":"https:\/\/akunq.net\/turkish\/#\/schema\/person\/135e7923d1aeb8887890799619969a6c","name":"kalem","image":{"@type":"ImageObject","inLanguage":"en-US","@id":"https:\/\/secure.gravatar.com\/avatar\/a06875e4b25feb5674296adf8e8a7ae1e587cebce2493fe63c456109967e27d3?s=96&d=mm&r=g","url":"https:\/\/secure.gravatar.com\/avatar\/a06875e4b25feb5674296adf8e8a7ae1e587cebce2493fe63c456109967e27d3?s=96&d=mm&r=g","contentUrl":"https:\/\/secure.gravatar.com\/avatar\/a06875e4b25feb5674296adf8e8a7ae1e587cebce2493fe63c456109967e27d3?s=96&d=mm&r=g","caption":"kalem"},"url":"https:\/\/akunq.net\/turkish\/author\/kalem\/"}]}},"_links":{"self":[{"href":"https:\/\/akunq.net\/turkish\/wp-json\/wp\/v2\/posts\/27263","targetHints":{"allow":["GET"]}}],"collection":[{"href":"https:\/\/akunq.net\/turkish\/wp-json\/wp\/v2\/posts"}],"about":[{"href":"https:\/\/akunq.net\/turkish\/wp-json\/wp\/v2\/types\/post"}],"author":[{"embeddable":true,"href":"https:\/\/akunq.net\/turkish\/wp-json\/wp\/v2\/users\/3"}],"replies":[{"embeddable":true,"href":"https:\/\/akunq.net\/turkish\/wp-json\/wp\/v2\/comments?post=27263"}],"version-history":[{"count":0,"href":"https:\/\/akunq.net\/turkish\/wp-json\/wp\/v2\/posts\/27263\/revisions"}],"wp:attachment":[{"href":"https:\/\/akunq.net\/turkish\/wp-json\/wp\/v2\/media?parent=27263"}],"wp:term":[{"taxonomy":"category","embeddable":true,"href":"https:\/\/akunq.net\/turkish\/wp-json\/wp\/v2\/categories?post=27263"},{"taxonomy":"post_tag","embeddable":true,"href":"https:\/\/akunq.net\/turkish\/wp-json\/wp\/v2\/tags?post=27263"}],"curies":[{"name":"wp","href":"https:\/\/api.w.org\/{rel}","templated":true}]}}