{"id":27257,"date":"2013-12-06T00:44:02","date_gmt":"2013-12-06T05:44:02","guid":{"rendered":"http:\/\/akunq.net\/tr\/?p=27257"},"modified":"2013-12-06T00:44:02","modified_gmt":"2013-12-06T05:44:02","slug":"soz-biterse","status":"publish","type":"post","link":"https:\/\/akunq.net\/turkish\/2013\/12\/06\/soz-biterse\/","title":{"rendered":"\u0130\u00e7 i\u00e7e ge\u00e7mi\u015f i\u00e7 ve d\u0131\u015f politika!"},"content":{"rendered":"<div>\n<p style=\"text-align: justify\"><a title=\"Erdal Do\u011fan\" href=\"http:\/\/www.taraf.com.tr\/erdal-dogan\/\">Erdal Do\u011fan<\/a><\/p>\n<p style=\"text-align: justify\"><a title=\"Erdal Do\u011fan\" href=\"http:\/\/www.taraf.com.tr\/erdal-dogan\/\"><img decoding=\"async\" class=\"alignright\" alt=\"Erdal Do\u011fan\" src=\"http:\/\/www.taraf.com.tr\/fotoraflar\/yazarlar\/erdal-dogan_7442_b.jpg\" width=\"65\" border=\"0\" hspace=\"10\" vspace=\"5\" \/><\/a>Devletler, d\u0131\u015f politikalar\u0131nda uluslararas\u0131 hukukun gerektirdi\u011fi hassas denge ve diplomasiyi g\u00f6zeterek \u00e7\u0131karlar\u0131na en uygun politikay\u0131 se\u00e7ip ger\u00e7ekle\u015ftirirler. T\u00fcrkiye ise kurulu\u015fundan beri \u00e7\u00f6z\u00fcmlemeyi bekleyen iki temel meselesini d\u0131\u015f politikada ya yok say\u0131p has\u0131ralt\u0131 etmi\u015f ya da ink\u00e2r edip d\u00fc\u015fmanla\u015ft\u0131r\u0131c\u0131 kampa sokarak s\u00fcrd\u00fcregelmi\u015ftir.<\/p>\n<p style=\"text-align: justify\">Bu iki temel \u00e7\u00f6z\u00fclmeyi bekleyen mesele tahmin edilece\u011fi \u00fczere <b>24 Nisan 1915 trajedisinden sonra Osmanl\u0131 Ermenilerinin can, mal ve vatanda\u015fl\u0131k ma\u011fduriyetlerinin giderilmesi<\/b> ve yine ayn\u0131 d\u00f6nemlerde g\u00fcndeme gelmeye ba\u015flayan <b>K\u00fcrtlerin hukuki stat\u00fcs\u00fc<\/b>d\u00fcr. Son y\u0131llarda bu g\u00fczerg\u00e2hta baz\u0131 de\u011fi\u015fimlere tan\u0131k olunsa da ne yaz\u0131k ki h\u00e2len k\u0131sa d\u00f6nemli iktidar hesaplar\u0131 t\u00fcm bu de\u011fi\u015fimi bir anda tarumar edebilecek g\u00fc\u00e7tedir! \u00c7\u00fcnk\u00fc milliyet\u00e7i savunma refleksleri h\u00e2len iktidar hesaplar\u0131nda birer cankurtaran i\u015flevi g\u00f6rmeye devam ediyor. Yakla\u015f\u0131k yar\u0131m as\u0131r \u00f6nce ya\u015fanm\u0131\u015f a\u015fa\u011f\u0131daki \u00f6yk\u00fc ise T\u00fcrk i\u00e7\/d\u0131\u015f politikas\u0131n\u0131 \u00f6zetler gibidir.<\/p>\n<p style=\"text-align: justify\"><b>Celal Talabani<\/b>\u2019nin hat\u0131ralar\u0131nda yer alan bu \u00f6yk\u00fcde; T\u00fcrk yetkililerinin, 1957 y\u0131l\u0131nda M\u0131s\u0131r\u2019da Cumhurba\u015fkan\u0131 <b>Cemal Abdulnas\u0131r<\/b> zaman\u0131nda ba\u015flanan K\u00fcrt\u00e7e radyo yay\u0131n\u0131na kar\u015f\u0131 giri\u015fimleri anlat\u0131l\u0131yor. O g\u00fcnlerin birinde Abdulnas\u0131r, Celal Talabani\u2019yi ba\u015fkanl\u0131k makam\u0131na davet eder, o da davete icabet ederek erkenden gider. Makam\u0131nda ba\u015fka misafirleri oldu\u011fu gerek\u00e7esiyle beklemesi istenir. \u00c7ok ge\u00e7meden Abdulnas\u0131r Talabani\u2019yi \u00e7a\u011f\u0131r\u0131r. G\u00f6r\u00fc\u015fmede Abdulnas\u0131r Talabani\u2019ye\u00a0\u201c<b><i>Senden \u00f6nceki misafirlerim kimlerdi, biliyor musun<\/i><\/b>\u201d\u00a0diye sorar. Talabani bilmedi\u011fini s\u00f6yler. <b>Abdulnas\u0131r<\/b>, T\u00fcrkiye\u2019nin M\u0131s\u0131r\u2019daki el\u00e7ilik g\u00f6revlileri ve T\u00fcrkiye\u2019den gelen bir heyet oldu\u011funu s\u00f6yler: \u201c<i>Benden M\u0131s\u0131r\u2019da yay\u0131n yapan K\u00fcrt\u00e7e radyonun kapat\u0131lmas\u0131n\u0131 istediler. Sebebini sordu\u011fumda, \u2018<b>Bizim K\u00fcrtleri etkileyecek yay\u0131nlar yap\u0131l\u0131yor. Bu, sorunlara sebep olur<\/b>\u2019 dediler. Ben de bildi\u011fim kadar\u0131yla T\u00fcrkiye\u2019de resm\u00ee olarak K\u00fcrtler yok. \u00d6nlerine beyaz bir k\u00e2\u011f\u0131t koydum. \u2018<b>Resm\u00ee olarak K\u00fcrtlerin T\u00fcrkiye\u2019de oldu\u011funu kabul edin. Ben de hemen radyoyu kapatay\u0131m<\/b>\u2019 dedim. Bunun \u00fczerine k\u0131zan T\u00fcrk heyeti b\u00f6yle bir k\u00e2\u011f\u0131d\u0131 imzalayamayacaklar\u0131n\u0131 ve K\u00fcrtleri resm\u00ee olarak kabul etmeyeceklerini s\u00f6yleyerek \u00e7\u0131kt\u0131lar.<\/i>\u201d<\/p>\n<p style=\"text-align: justify\">O g\u00fcnden bug\u00fcne bak\u0131ld\u0131\u011f\u0131nda K\u00fcrt ve Ermeni meselesinde tak\u0131n\u0131lan tutumda \u00e7ok ciddi bir de\u011fi\u015fiklik yok! <b>T\u00fcrkiye\u2019de K\u00fcrtler h\u00e2len yoklar ve hukuksal stat\u00fcden yoksunlar.<\/b> Suriye\u2019de hukuki stat\u00fcs\u00fcn\u00fc yaratan K\u00fcrtlere kar\u015f\u0131 ise T\u00fcrk y\u00f6netimi bir d\u00f6nem (h\u00e2len devam edip etmedi\u011fi tam belli olmayan) cihat\u00e7\u0131 kelle avc\u0131lar\u0131na deste\u011fini sunmaktan \u00e7ekinmedi!<\/p>\n<p style=\"text-align: justify\">19 ve 20.y\u00fczy\u0131l\u0131n Panislamizm ve Pant\u00fcrkizm\u2019in alt\u00fcst edici trajik etkilerinden ar\u0131namam\u0131\u015f ve y\u00fczle\u015fememi\u015f bir T\u00fcrkiye\u2019nin, sanki t\u00fcm bu olup bitenler kaderiymi\u015f\u00e7esine i\u00e7te ve d\u0131\u015fta bu politikalar\u0131 s\u00fcrd\u00fcrmeye devam etmesi bug\u00fcn\u00fcn de temel sorunudur. Bir t\u00fcrl\u00fc vazge\u00e7ilemeyen bu temel vizyona \u201c<b>Yurtta Sulh, D\u00fcnyada Sulh<\/b>\u201d elbisesi giydirilse de fayda etmiyor. Slogan olmaktan \u00f6teye gidemeyen bu s\u00f6ylem, s\u00fcregiden politik stat\u00fckoyu bir taraftan s\u00fcrd\u00fcr\u00fcrken \u00f6te taraftan i\u00e7 ve d\u0131\u015f politikay\u0131 i\u00e7 i\u00e7e ge\u00e7irerek i\u00e7inden \u00e7\u0131k\u0131lmaz \u00f6l\u00fcmc\u00fcl bir girdaba s\u00fcr\u00fcklemektedir.<\/p>\n<p style=\"text-align: justify\">1923 Lozan m\u00fczekkerelerinde T\u00fcrk yetkililer, bahsi ge\u00e7en bu iki konunun \u00e7\u00f6z\u00fcm\u00fc i\u00e7in ald\u0131klar\u0131 y\u00fck\u00fcml\u00fcl\u00fckleri \u00f6nce unutturmaya, sonra ink\u00e2ra ve daha sonra da d\u00fc\u015fmanla\u015ft\u0131r\u0131c\u0131 bir siyasete malzeme yapm\u0131\u015flard\u0131r. \u0130ttihat Terakki gelene\u011fini bilenler i\u00e7in bu \u015fa\u015f\u0131rt\u0131c\u0131 de\u011fildir.<\/p>\n<p style=\"text-align: justify\">Ve bug\u00fcn\u00fcn h\u00e2len \u00e7\u00f6z\u00fcmlenmesi beklenen acil meselesi; 24 Nisan 1915\u2019in 100. y\u0131l meselesinden \u00e7ok 24 Nisan 1915\u2019ten sonra hayatta kalabilmi\u015flerin \u00e7ocuklar\u0131n\u0131n t\u00fcm d\u00fcnyaya da\u011f\u0131lm\u0131\u015f, n\u00fcfusu alt\u0131 yedi milyonu bulmu\u015f Anadolu Ermenilerinin \u00e7\u00f6z\u00fcm bekleyen meselesi ve K\u00fcrtlerin stat\u00fcs\u00fcd\u00fcr.<\/p>\n<p style=\"text-align: justify\">\u0130ran\u2019\u0131n bile mevcut i\u00e7 politik ger\u00e7ekli\u011finin \u00f6tesine ge\u00e7erek somut durum ger\u00e7ekli\u011fi \u00fczerinden diyalog arac\u0131n\u0131 s\u00fcrd\u00fcr\u00fcp kendisine uygulanan ambargoyu kald\u0131rmay\u0131 ba\u015farabilmi\u015f olmas\u0131 T\u00fcrkiye\u2019ye \u00e7ok \u015feyler anlatmas\u0131\u00a0gerekir. \u00d6yle ki \u0130srail ve Suudi Arabistan\u2019\u0131n \u015fiddetli direncine ra\u011fmen \u0130ran\u2019\u0131n Bat\u0131 ile kurdu\u011fu \u0131srarl\u0131 k\u00f6pr\u00fc gelecekte bir\u00e7ok kilit noktada daha aktif bir rol \u00fcstlenece\u011finin de i\u015faretidir. Bunlar T\u00fcrkiye\u2019nin yan\u0131 ba\u015f\u0131nda olup biterken \u201c<b>kom\u015fularla s\u0131f\u0131r sorun<\/b>\u201d ile yola \u00e7\u0131k\u0131p \u00e7ok sorun edinmeyi ba\u015farm\u0131\u015f T\u00fcrkiye ise h\u00e2len 19 ve 20. y\u00fczy\u0131l\u0131n politik arg\u00fcmanlar\u0131 ile hareket edip AB\u2019ye s\u0131rt\u0131n\u0131 d\u00f6nmeyi d\u00fc\u015f\u00fcnecek noktaya gelebilmektedir!<\/p>\n<p style=\"text-align: justify\">\u00d6te yandan; Ortado\u011fu\u2019da, Kafkaslar\u2019da ve Asya\u2019da kartlar\u0131n yeniden kar\u0131laca\u011f\u0131 bu yeni d\u00f6nemde T\u00fcrkiye\u2019nin dondurucuya att\u0131\u011f\u0131 T\u00fcrkiye- Ermenistan ili\u015fkileri ise tahmin edilenin de \u00e7ok \u00f6tesinde \u00f6nemli olmu\u015ftur. T\u00fcrkiye art\u0131k bu y\u00f6nde \u00e7\u00f6z\u00fcm bekleyen meseleleri daha fazla \u00f6teleme ve ge\u00e7i\u015ftirme l\u00fcks\u00fcne sahip de\u011fildir! Bu nedenle de Azerbaycan- Ermenistan aras\u0131ndaki Karaba\u011f meselesi, T\u00fcrkiye- Ermenistan ve T\u00fcrkiye- Diaspora Ermenileri aras\u0131ndaki sorunlar\u0131n \u00e7\u00f6z\u00fcm\u00fcnde bir t\u0131ka\u00e7 veya \u015fart olarak ileri s\u00fcr\u00fclemeyecek kadar dayanaks\u0131z birer mazeret olarak kar\u015f\u0131m\u0131za \u00e7\u0131k\u0131yor. \u00d6zellikle de Karaba\u011f meselesinin bar\u0131\u015f i\u00e7inde \u00e7\u00f6z\u00fcmlemesi i\u00e7in kurulan AG\u0130T Minsk Grubu mevcut iken; Karaba\u011f meselesini \u201c<b>iki ayr\u0131 devlet, tek millet<\/b>\u201d d\u00fcsturu ile \u00f6ne s\u00fcrmek ne ak\u0131l i\u015fidir ne de siyaset ve hukuk. \u00d6n\u00fcm\u00fczdeki g\u00fcnlerde, 12 Aral\u0131k\u2019ta Erivan\u2019da ger\u00e7ekle\u015fecek Karadeniz Ekonomik \u0130\u015fbirli\u011fi Toplant\u0131s\u0131\u2019na kat\u0131lacak T\u00fcrkiye, belki de t\u00fcm bunlar\u0131 a\u015farak elindeki kartlar\u0131 yeniden karar ve bu iki temel meselede yol al\u0131r. Yeter ki kumdan ba\u015f\u0131n\u0131 \u00e7\u0131karts\u0131n!<\/p>\n<p style=\"text-align: justify\">erdaldoga@gmail.com<\/p>\n<p style=\"text-align: justify\"><a href=\"http:\/\/www.taraf.com.tr\/erdal-dogan\/makale-ic-ice-gecmis-ic-ve-dis-politika.htm\">http:\/\/www.taraf.com.tr\/erdal-dogan\/makale-ic-ice-gecmis-ic-ve-dis-politika.htm<\/a><\/p>\n<\/div>\n","protected":false},"excerpt":{"rendered":"<p>Erdal Do\u011fan Devletler, d\u0131\u015f politikalar\u0131nda uluslararas\u0131 hukukun gerektirdi\u011fi hassas denge ve diplomasiyi g\u00f6zeterek \u00e7\u0131karlar\u0131na en uygun politikay\u0131 se\u00e7ip ger\u00e7ekle\u015ftirirler. T\u00fcrkiye ise kurulu\u015fundan beri \u00e7\u00f6z\u00fcmlemeyi bekleyen iki temel meselesini d\u0131\u015f politikada ya yok say\u0131p has\u0131ralt\u0131 etmi\u015f ya da ink\u00e2r edip d\u00fc\u015fmanla\u015ft\u0131r\u0131c\u0131 kampa sokarak s\u00fcrd\u00fcregelmi\u015ftir. Bu iki temel \u00e7\u00f6z\u00fclmeyi bekleyen mesele tahmin edilece\u011fi \u00fczere 24 Nisan 1915 [&hellip;]<\/p>\n","protected":false},"author":3,"featured_media":0,"comment_status":"open","ping_status":"open","sticky":false,"template":"","format":"standard","meta":{"footnotes":""},"categories":[6,14,26,42],"tags":[],"class_list":["post-27257","post","type-post","status-publish","format-standard","hentry","category-ermeni-soykirimi","category-haberler","category-makaleler","category-turkiyede-azinliklar"],"yoast_head":"<!-- This site is optimized with the Yoast SEO plugin v27.4 - https:\/\/yoast.com\/product\/yoast-seo-wordpress\/ -->\n<title>\u0130\u00e7 i\u00e7e ge\u00e7mi\u015f i\u00e7 ve d\u0131\u015f politika! - Bati Ermenistan Ve Bati Ermenileri Sorunlari Ara\u015ftirmalar Merkezi<\/title>\n<meta name=\"robots\" content=\"index, follow, max-snippet:-1, max-image-preview:large, max-video-preview:-1\" \/>\n<link rel=\"canonical\" href=\"https:\/\/akunq.net\/turkish\/2013\/12\/06\/soz-biterse\/\" \/>\n<meta property=\"og:locale\" content=\"en_US\" \/>\n<meta property=\"og:type\" content=\"article\" \/>\n<meta property=\"og:title\" content=\"\u0130\u00e7 i\u00e7e ge\u00e7mi\u015f i\u00e7 ve d\u0131\u015f politika! - Bati Ermenistan Ve Bati Ermenileri Sorunlari Ara\u015ftirmalar Merkezi\" \/>\n<meta property=\"og:description\" content=\"Erdal Do\u011fan Devletler, d\u0131\u015f politikalar\u0131nda uluslararas\u0131 hukukun gerektirdi\u011fi hassas denge ve diplomasiyi g\u00f6zeterek \u00e7\u0131karlar\u0131na en uygun politikay\u0131 se\u00e7ip ger\u00e7ekle\u015ftirirler. T\u00fcrkiye ise kurulu\u015fundan beri \u00e7\u00f6z\u00fcmlemeyi bekleyen iki temel meselesini d\u0131\u015f politikada ya yok say\u0131p has\u0131ralt\u0131 etmi\u015f ya da ink\u00e2r edip d\u00fc\u015fmanla\u015ft\u0131r\u0131c\u0131 kampa sokarak s\u00fcrd\u00fcregelmi\u015ftir. Bu iki temel \u00e7\u00f6z\u00fclmeyi bekleyen mesele tahmin edilece\u011fi \u00fczere 24 Nisan 1915 [&hellip;]\" \/>\n<meta property=\"og:url\" content=\"https:\/\/akunq.net\/turkish\/2013\/12\/06\/soz-biterse\/\" \/>\n<meta property=\"og:site_name\" content=\"Bati Ermenistan Ve Bati Ermenileri Sorunlari Ara\u015ftirmalar Merkezi\" \/>\n<meta property=\"article:published_time\" content=\"2013-12-06T05:44:02+00:00\" \/>\n<meta property=\"og:image\" content=\"http:\/\/www.taraf.com.tr\/fotoraflar\/yazarlar\/erdal-dogan_7442_b.jpg\" \/>\n<meta name=\"author\" content=\"kalem\" \/>\n<meta name=\"twitter:card\" content=\"summary_large_image\" \/>\n<meta name=\"twitter:label1\" content=\"Written by\" \/>\n\t<meta name=\"twitter:data1\" content=\"kalem\" \/>\n\t<meta name=\"twitter:label2\" content=\"Est. reading time\" \/>\n\t<meta name=\"twitter:data2\" content=\"5 minutes\" \/>\n<script type=\"application\/ld+json\" class=\"yoast-schema-graph\">{\"@context\":\"https:\\\/\\\/schema.org\",\"@graph\":[{\"@type\":\"Article\",\"@id\":\"https:\\\/\\\/akunq.net\\\/turkish\\\/2013\\\/12\\\/06\\\/soz-biterse\\\/#article\",\"isPartOf\":{\"@id\":\"https:\\\/\\\/akunq.net\\\/turkish\\\/2013\\\/12\\\/06\\\/soz-biterse\\\/\"},\"author\":{\"name\":\"kalem\",\"@id\":\"https:\\\/\\\/akunq.net\\\/turkish\\\/#\\\/schema\\\/person\\\/135e7923d1aeb8887890799619969a6c\"},\"headline\":\"\u0130\u00e7 i\u00e7e ge\u00e7mi\u015f i\u00e7 ve d\u0131\u015f politika!\",\"datePublished\":\"2013-12-06T05:44:02+00:00\",\"mainEntityOfPage\":{\"@id\":\"https:\\\/\\\/akunq.net\\\/turkish\\\/2013\\\/12\\\/06\\\/soz-biterse\\\/\"},\"wordCount\":1044,\"commentCount\":0,\"image\":{\"@id\":\"https:\\\/\\\/akunq.net\\\/turkish\\\/2013\\\/12\\\/06\\\/soz-biterse\\\/#primaryimage\"},\"thumbnailUrl\":\"http:\\\/\\\/www.taraf.com.tr\\\/fotoraflar\\\/yazarlar\\\/erdal-dogan_7442_b.jpg\",\"articleSection\":[\"Ermeni Soyk\u0131r\u0131m\u0131\",\"Haberler\",\"Makaleler\",\"T\u00fcrkiye\u2019de Az\u0131nl\u0131klar\"],\"inLanguage\":\"en-US\",\"potentialAction\":[{\"@type\":\"CommentAction\",\"name\":\"Comment\",\"target\":[\"https:\\\/\\\/akunq.net\\\/turkish\\\/2013\\\/12\\\/06\\\/soz-biterse\\\/#respond\"]}]},{\"@type\":\"WebPage\",\"@id\":\"https:\\\/\\\/akunq.net\\\/turkish\\\/2013\\\/12\\\/06\\\/soz-biterse\\\/\",\"url\":\"https:\\\/\\\/akunq.net\\\/turkish\\\/2013\\\/12\\\/06\\\/soz-biterse\\\/\",\"name\":\"\u0130\u00e7 i\u00e7e ge\u00e7mi\u015f i\u00e7 ve d\u0131\u015f politika! - Bati Ermenistan Ve Bati Ermenileri Sorunlari Ara\u015ftirmalar Merkezi\",\"isPartOf\":{\"@id\":\"https:\\\/\\\/akunq.net\\\/turkish\\\/#website\"},\"primaryImageOfPage\":{\"@id\":\"https:\\\/\\\/akunq.net\\\/turkish\\\/2013\\\/12\\\/06\\\/soz-biterse\\\/#primaryimage\"},\"image\":{\"@id\":\"https:\\\/\\\/akunq.net\\\/turkish\\\/2013\\\/12\\\/06\\\/soz-biterse\\\/#primaryimage\"},\"thumbnailUrl\":\"http:\\\/\\\/www.taraf.com.tr\\\/fotoraflar\\\/yazarlar\\\/erdal-dogan_7442_b.jpg\",\"datePublished\":\"2013-12-06T05:44:02+00:00\",\"author\":{\"@id\":\"https:\\\/\\\/akunq.net\\\/turkish\\\/#\\\/schema\\\/person\\\/135e7923d1aeb8887890799619969a6c\"},\"breadcrumb\":{\"@id\":\"https:\\\/\\\/akunq.net\\\/turkish\\\/2013\\\/12\\\/06\\\/soz-biterse\\\/#breadcrumb\"},\"inLanguage\":\"en-US\",\"potentialAction\":[{\"@type\":\"ReadAction\",\"target\":[\"https:\\\/\\\/akunq.net\\\/turkish\\\/2013\\\/12\\\/06\\\/soz-biterse\\\/\"]}]},{\"@type\":\"ImageObject\",\"inLanguage\":\"en-US\",\"@id\":\"https:\\\/\\\/akunq.net\\\/turkish\\\/2013\\\/12\\\/06\\\/soz-biterse\\\/#primaryimage\",\"url\":\"http:\\\/\\\/www.taraf.com.tr\\\/fotoraflar\\\/yazarlar\\\/erdal-dogan_7442_b.jpg\",\"contentUrl\":\"http:\\\/\\\/www.taraf.com.tr\\\/fotoraflar\\\/yazarlar\\\/erdal-dogan_7442_b.jpg\"},{\"@type\":\"BreadcrumbList\",\"@id\":\"https:\\\/\\\/akunq.net\\\/turkish\\\/2013\\\/12\\\/06\\\/soz-biterse\\\/#breadcrumb\",\"itemListElement\":[{\"@type\":\"ListItem\",\"position\":1,\"name\":\"Home\",\"item\":\"https:\\\/\\\/akunq.net\\\/turkish\\\/\"},{\"@type\":\"ListItem\",\"position\":2,\"name\":\"\u0130\u00e7 i\u00e7e ge\u00e7mi\u015f i\u00e7 ve d\u0131\u015f politika!\"}]},{\"@type\":\"WebSite\",\"@id\":\"https:\\\/\\\/akunq.net\\\/turkish\\\/#website\",\"url\":\"https:\\\/\\\/akunq.net\\\/turkish\\\/\",\"name\":\"Bati Ermenistan Ve Bati Ermenileri Sorunlari Ara\u015ftirmalar Merkezi\",\"description\":\"\",\"potentialAction\":[{\"@type\":\"SearchAction\",\"target\":{\"@type\":\"EntryPoint\",\"urlTemplate\":\"https:\\\/\\\/akunq.net\\\/turkish\\\/?s={search_term_string}\"},\"query-input\":{\"@type\":\"PropertyValueSpecification\",\"valueRequired\":true,\"valueName\":\"search_term_string\"}}],\"inLanguage\":\"en-US\"},{\"@type\":\"Person\",\"@id\":\"https:\\\/\\\/akunq.net\\\/turkish\\\/#\\\/schema\\\/person\\\/135e7923d1aeb8887890799619969a6c\",\"name\":\"kalem\",\"image\":{\"@type\":\"ImageObject\",\"inLanguage\":\"en-US\",\"@id\":\"https:\\\/\\\/secure.gravatar.com\\\/avatar\\\/a06875e4b25feb5674296adf8e8a7ae1e587cebce2493fe63c456109967e27d3?s=96&d=mm&r=g\",\"url\":\"https:\\\/\\\/secure.gravatar.com\\\/avatar\\\/a06875e4b25feb5674296adf8e8a7ae1e587cebce2493fe63c456109967e27d3?s=96&d=mm&r=g\",\"contentUrl\":\"https:\\\/\\\/secure.gravatar.com\\\/avatar\\\/a06875e4b25feb5674296adf8e8a7ae1e587cebce2493fe63c456109967e27d3?s=96&d=mm&r=g\",\"caption\":\"kalem\"},\"url\":\"https:\\\/\\\/akunq.net\\\/turkish\\\/author\\\/kalem\\\/\"}]}<\/script>\n<!-- \/ Yoast SEO plugin. -->","yoast_head_json":{"title":"\u0130\u00e7 i\u00e7e ge\u00e7mi\u015f i\u00e7 ve d\u0131\u015f politika! - Bati Ermenistan Ve Bati Ermenileri Sorunlari Ara\u015ftirmalar Merkezi","robots":{"index":"index","follow":"follow","max-snippet":"max-snippet:-1","max-image-preview":"max-image-preview:large","max-video-preview":"max-video-preview:-1"},"canonical":"https:\/\/akunq.net\/turkish\/2013\/12\/06\/soz-biterse\/","og_locale":"en_US","og_type":"article","og_title":"\u0130\u00e7 i\u00e7e ge\u00e7mi\u015f i\u00e7 ve d\u0131\u015f politika! - Bati Ermenistan Ve Bati Ermenileri Sorunlari Ara\u015ftirmalar Merkezi","og_description":"Erdal Do\u011fan Devletler, d\u0131\u015f politikalar\u0131nda uluslararas\u0131 hukukun gerektirdi\u011fi hassas denge ve diplomasiyi g\u00f6zeterek \u00e7\u0131karlar\u0131na en uygun politikay\u0131 se\u00e7ip ger\u00e7ekle\u015ftirirler. T\u00fcrkiye ise kurulu\u015fundan beri \u00e7\u00f6z\u00fcmlemeyi bekleyen iki temel meselesini d\u0131\u015f politikada ya yok say\u0131p has\u0131ralt\u0131 etmi\u015f ya da ink\u00e2r edip d\u00fc\u015fmanla\u015ft\u0131r\u0131c\u0131 kampa sokarak s\u00fcrd\u00fcregelmi\u015ftir. Bu iki temel \u00e7\u00f6z\u00fclmeyi bekleyen mesele tahmin edilece\u011fi \u00fczere 24 Nisan 1915 [&hellip;]","og_url":"https:\/\/akunq.net\/turkish\/2013\/12\/06\/soz-biterse\/","og_site_name":"Bati Ermenistan Ve Bati Ermenileri Sorunlari Ara\u015ftirmalar Merkezi","article_published_time":"2013-12-06T05:44:02+00:00","og_image":[{"url":"http:\/\/www.taraf.com.tr\/fotoraflar\/yazarlar\/erdal-dogan_7442_b.jpg","type":"","width":"","height":""}],"author":"kalem","twitter_card":"summary_large_image","twitter_misc":{"Written by":"kalem","Est. reading time":"5 minutes"},"schema":{"@context":"https:\/\/schema.org","@graph":[{"@type":"Article","@id":"https:\/\/akunq.net\/turkish\/2013\/12\/06\/soz-biterse\/#article","isPartOf":{"@id":"https:\/\/akunq.net\/turkish\/2013\/12\/06\/soz-biterse\/"},"author":{"name":"kalem","@id":"https:\/\/akunq.net\/turkish\/#\/schema\/person\/135e7923d1aeb8887890799619969a6c"},"headline":"\u0130\u00e7 i\u00e7e ge\u00e7mi\u015f i\u00e7 ve d\u0131\u015f politika!","datePublished":"2013-12-06T05:44:02+00:00","mainEntityOfPage":{"@id":"https:\/\/akunq.net\/turkish\/2013\/12\/06\/soz-biterse\/"},"wordCount":1044,"commentCount":0,"image":{"@id":"https:\/\/akunq.net\/turkish\/2013\/12\/06\/soz-biterse\/#primaryimage"},"thumbnailUrl":"http:\/\/www.taraf.com.tr\/fotoraflar\/yazarlar\/erdal-dogan_7442_b.jpg","articleSection":["Ermeni Soyk\u0131r\u0131m\u0131","Haberler","Makaleler","T\u00fcrkiye\u2019de Az\u0131nl\u0131klar"],"inLanguage":"en-US","potentialAction":[{"@type":"CommentAction","name":"Comment","target":["https:\/\/akunq.net\/turkish\/2013\/12\/06\/soz-biterse\/#respond"]}]},{"@type":"WebPage","@id":"https:\/\/akunq.net\/turkish\/2013\/12\/06\/soz-biterse\/","url":"https:\/\/akunq.net\/turkish\/2013\/12\/06\/soz-biterse\/","name":"\u0130\u00e7 i\u00e7e ge\u00e7mi\u015f i\u00e7 ve d\u0131\u015f politika! - Bati Ermenistan Ve Bati Ermenileri Sorunlari Ara\u015ftirmalar Merkezi","isPartOf":{"@id":"https:\/\/akunq.net\/turkish\/#website"},"primaryImageOfPage":{"@id":"https:\/\/akunq.net\/turkish\/2013\/12\/06\/soz-biterse\/#primaryimage"},"image":{"@id":"https:\/\/akunq.net\/turkish\/2013\/12\/06\/soz-biterse\/#primaryimage"},"thumbnailUrl":"http:\/\/www.taraf.com.tr\/fotoraflar\/yazarlar\/erdal-dogan_7442_b.jpg","datePublished":"2013-12-06T05:44:02+00:00","author":{"@id":"https:\/\/akunq.net\/turkish\/#\/schema\/person\/135e7923d1aeb8887890799619969a6c"},"breadcrumb":{"@id":"https:\/\/akunq.net\/turkish\/2013\/12\/06\/soz-biterse\/#breadcrumb"},"inLanguage":"en-US","potentialAction":[{"@type":"ReadAction","target":["https:\/\/akunq.net\/turkish\/2013\/12\/06\/soz-biterse\/"]}]},{"@type":"ImageObject","inLanguage":"en-US","@id":"https:\/\/akunq.net\/turkish\/2013\/12\/06\/soz-biterse\/#primaryimage","url":"http:\/\/www.taraf.com.tr\/fotoraflar\/yazarlar\/erdal-dogan_7442_b.jpg","contentUrl":"http:\/\/www.taraf.com.tr\/fotoraflar\/yazarlar\/erdal-dogan_7442_b.jpg"},{"@type":"BreadcrumbList","@id":"https:\/\/akunq.net\/turkish\/2013\/12\/06\/soz-biterse\/#breadcrumb","itemListElement":[{"@type":"ListItem","position":1,"name":"Home","item":"https:\/\/akunq.net\/turkish\/"},{"@type":"ListItem","position":2,"name":"\u0130\u00e7 i\u00e7e ge\u00e7mi\u015f i\u00e7 ve d\u0131\u015f politika!"}]},{"@type":"WebSite","@id":"https:\/\/akunq.net\/turkish\/#website","url":"https:\/\/akunq.net\/turkish\/","name":"Bati Ermenistan Ve Bati Ermenileri Sorunlari Ara\u015ftirmalar Merkezi","description":"","potentialAction":[{"@type":"SearchAction","target":{"@type":"EntryPoint","urlTemplate":"https:\/\/akunq.net\/turkish\/?s={search_term_string}"},"query-input":{"@type":"PropertyValueSpecification","valueRequired":true,"valueName":"search_term_string"}}],"inLanguage":"en-US"},{"@type":"Person","@id":"https:\/\/akunq.net\/turkish\/#\/schema\/person\/135e7923d1aeb8887890799619969a6c","name":"kalem","image":{"@type":"ImageObject","inLanguage":"en-US","@id":"https:\/\/secure.gravatar.com\/avatar\/a06875e4b25feb5674296adf8e8a7ae1e587cebce2493fe63c456109967e27d3?s=96&d=mm&r=g","url":"https:\/\/secure.gravatar.com\/avatar\/a06875e4b25feb5674296adf8e8a7ae1e587cebce2493fe63c456109967e27d3?s=96&d=mm&r=g","contentUrl":"https:\/\/secure.gravatar.com\/avatar\/a06875e4b25feb5674296adf8e8a7ae1e587cebce2493fe63c456109967e27d3?s=96&d=mm&r=g","caption":"kalem"},"url":"https:\/\/akunq.net\/turkish\/author\/kalem\/"}]}},"_links":{"self":[{"href":"https:\/\/akunq.net\/turkish\/wp-json\/wp\/v2\/posts\/27257","targetHints":{"allow":["GET"]}}],"collection":[{"href":"https:\/\/akunq.net\/turkish\/wp-json\/wp\/v2\/posts"}],"about":[{"href":"https:\/\/akunq.net\/turkish\/wp-json\/wp\/v2\/types\/post"}],"author":[{"embeddable":true,"href":"https:\/\/akunq.net\/turkish\/wp-json\/wp\/v2\/users\/3"}],"replies":[{"embeddable":true,"href":"https:\/\/akunq.net\/turkish\/wp-json\/wp\/v2\/comments?post=27257"}],"version-history":[{"count":0,"href":"https:\/\/akunq.net\/turkish\/wp-json\/wp\/v2\/posts\/27257\/revisions"}],"wp:attachment":[{"href":"https:\/\/akunq.net\/turkish\/wp-json\/wp\/v2\/media?parent=27257"}],"wp:term":[{"taxonomy":"category","embeddable":true,"href":"https:\/\/akunq.net\/turkish\/wp-json\/wp\/v2\/categories?post=27257"},{"taxonomy":"post_tag","embeddable":true,"href":"https:\/\/akunq.net\/turkish\/wp-json\/wp\/v2\/tags?post=27257"}],"curies":[{"name":"wp","href":"https:\/\/api.w.org\/{rel}","templated":true}]}}