{"id":27250,"date":"2013-12-05T02:39:33","date_gmt":"2013-12-05T07:39:33","guid":{"rendered":"http:\/\/akunq.net\/tr\/?p=27250"},"modified":"2013-12-05T02:39:33","modified_gmt":"2013-12-05T07:39:33","slug":"avukat-cetin-bu-davada-toplumun-yargiya-guveni-yara-aldi","status":"publish","type":"post","link":"https:\/\/akunq.net\/turkish\/2013\/12\/05\/avukat-cetin-bu-davada-toplumun-yargiya-guveni-yara-aldi\/","title":{"rendered":"Avukat \u00c7etin: Bu Davada Toplumun Yarg\u0131ya G\u00fcveni Yara Ald\u0131"},"content":{"rendered":"<div>\n<div style=\"text-align: justify\">\u00a0<a href=\"http:\/\/akunq.net\/tr\/wp-content\/uploads\/2013\/12\/490-368.jpg\"><img loading=\"lazy\" decoding=\"async\" class=\"alignright size-medium wp-image-27251\" alt=\"490-368\" src=\"http:\/\/akunq.net\/tr\/wp-content\/uploads\/2013\/12\/490-368-300x225.jpg\" width=\"300\" height=\"225\" srcset=\"https:\/\/akunq.net\/turkish\/wp-content\/uploads\/sites\/5\/2013\/12\/490-368-300x225.jpg 300w, https:\/\/akunq.net\/turkish\/wp-content\/uploads\/sites\/5\/2013\/12\/490-368.jpg 490w\" sizes=\"auto, (max-width: 300px) 100vw, 300px\" \/><\/a>\u0130stanbul 14. A\u011f\u0131r Ceza Mahkemesi&#8217;nde yeniden g\u00f6r\u00fclen Dink davas\u0131n\u0131n 2. duru\u015fmas\u0131nda san\u0131k Tuncel cinayetten &#8220;Aky\u00fcrek ve \u00e7etesinin&#8221; sorumlu oldu\u011funu s\u00f6yledi. Mahkeme san\u0131k \u0130skender hakk\u0131nda yakalama karar\u0131 \u00e7\u0131kard\u0131.<\/div>\n<div style=\"text-align: justify\">\n<div>Elif <a href=\"http:\/\/www.bianet.org\/yazar\/elif-akgul\">AKG\u00dcL <a href=\"http:\/\/www.bianet.org\/yazar\/elif-akgul\"><a href=\"http:\/\/www.bianet.org\/yazar\/elif-akgul\"><a href=\"mailto:elif@bianet.org\">elif@bianet.org<\/a><\/a><\/a><\/a><\/div>\n<\/div>\n<div style=\"text-align: justify\">\u00a0<\/div>\n<div style=\"text-align: justify\">\n<div>Deniz Bar\u0131\u015f <a href=\"http:\/\/www.bianet.org\/yazar\/deniz-baris-narli\">NARLI <a href=\"http:\/\/www.bianet.org\/yazar\/deniz-baris-narli\"><a href=\"http:\/\/www.bianet.org\/yazar\/deniz-baris-narli\"><a href=\"mailto:narlibaris@gmail.com\">narlibaris@gmail.com<\/a><\/a><\/a><\/a><\/div>\n<\/div>\n<div style=\"text-align: justify\">\u00a0<\/div>\n<div style=\"text-align: justify\">\u00a0<\/div>\n<div style=\"text-align: justify\">\n<div>\u0130stanbul &#8211; B\u0130A Haber Merkezi<\/div>\n<div>03 Aral\u0131k 2013, Sal\u0131 16:00<\/div>\n<div>BU HABER\u0130N UZANTILARI<\/div>\n<\/div>\n<div style=\"text-align: justify\">\u00a0<\/div>\n<div style=\"text-align: justify\"><a href=\"http:\/\/www.bianet.org\/bianet\/toplum\/151766-cinayete-iliskin-ipuclarini-yargi-degerlendirmiyor\">HRANT&#8217;IN ARKADA\u015eLARI: &#8220;Cinayete \u0130li\u015fkin \u0130pu\u00e7lar\u0131n\u0131 Yarg\u0131 De\u011ferlendirmiyor&#8221;<\/a><\/div>\n<div style=\"text-align: justify\">\u00a0<\/div>\n<div style=\"text-align: justify\">Agos Gazetesi Genel Yay\u0131n Y\u00f6netmeni <strong>Hrant Dink<\/strong>&#8216;in \u00f6ld\u00fcr\u00fclmesine ili\u015fkin yeniden g\u00f6r\u00fclen davan\u0131n ikinci duru\u015fmas\u0131 \u00c7a\u011flayan\u2019da bulunan \u0130stanbul Adalet Saray\u0131\u2019ndaki 14. A\u011f\u0131r Ceza Mahkemesi\u2019nde g\u00f6r\u00fcld\u00fc.<\/div>\n<div style=\"text-align: justify\">\n<p>Duru\u015fmaya tutuklu san\u0131klar<strong> Erhan Tuncel, Yasin Hayal<\/strong> ve <strong>Ersin Yolcu<\/strong> ile tutuksuz san\u0131klar <strong>Osman Hayal, Zeynel Abidin Yavuz<\/strong> ve <strong>Tuncay Uzundal<\/strong> kat\u0131ld\u0131. San\u0131klardan sadece Tuncel\u2019in avukat\u0131 <strong>Erdo\u011fan Soruklu<\/strong> ile Dink ailesi avukatlar\u0131 duru\u015fmada bulundu.<\/p>\n<p>Savunmas\u0131 al\u0131nan Tuncel, Dink cinayetini i\u015fleyen organizasyon taraf\u0131ndan y\u00f6nlendirildi\u011fi \u015f\u00fcphesi ta\u015f\u0131d\u0131\u011f\u0131n\u0131 belirterek, &#8220;Bu organizasyonun ad\u0131 ne bilmiyorum. Bu yap\u0131 kendilerini yarg\u0131latmamak i\u00e7in mahkemenizi fig\u00fcran olarak kullanmaktad\u0131r&#8221; dedi.<\/p>\n<h2>Tuncel: Sorumlu Aky\u00fcrek ve \u00e7etesi<\/h2>\n<p>Tuncel, d\u00f6nemin \u0130stanbul Emniyet M\u00fcd\u00fcr\u00fc <strong>Celalettin Cerrah<\/strong>\u2019\u0131n Dink\u2019in katili<strong> Og\u00fcn Samast<\/strong>\u2019\u0131 konu\u015fturdu\u011funu ancak d\u00f6nemin Trabzon Emniyet M\u00fcd\u00fcr\u00fc<strong> Ramazan Aky\u00fcrek<\/strong>\u2019in kay\u0131tlar\u0131 sildi\u011fini s\u00f6yledi.<\/p>\n<p>\u201cRamazan Aky\u00fcrek soru\u015fturman\u0131n geni\u015flemesini engelledi. D\u00f6nemin \u0130stanbul Valisi <strong>Muammer G\u00fcler<\/strong> ise delillerin karart\u0131ld\u0131\u011f\u0131 s\u0131rada milletvekiliydi. Bir milletvekili bu organizasyonu karartamaz.&#8221;<\/p>\n<p>Tuncel, Dink cinayetinin \u201cRamazan Aky\u00fcrek&#8217;in \u00e7etesi ve Trabzon Jandarmas\u0131&#8217;n\u0131n yapt\u0131\u011f\u0131 bir operasyon\u201d oldu\u011funu ifade etti.<\/p>\n<p>\u201cPolis toplumun g\u00fcvenli\u011fini sa\u011flamas\u0131 gereken bir yap\u0131 olmas\u0131na ra\u011fmen bir cinayet \u015febekesi gibi \u00e7al\u0131\u015fmaktad\u0131r. Ben hepsine iyilik ettim ama bana kaypakl\u0131k etti.<\/p>\n<p>\u201cRamazan Aky\u00fcrek\u2019in tek ba\u015f\u0131na bu organizasyonu kurup y\u00f6netecek yetene\u011fi bulunmaktad\u0131r. \u0130stanbul Emniyeti yan\u0131lt\u0131lm\u0131\u015ft\u0131r. Cinayeti engelleyebilecek ve ayd\u0131nlatabilecek durumdad\u0131r.<strong> Ali Fuat Y\u0131lmazer<\/strong> ise kay\u0131tlar\u0131 silerek kendisine ula\u015f\u0131lmamas\u0131n\u0131 engellemi\u015ftir.<\/p>\n<p>&#8220;Bu iki ki\u015fi cemaatin \u00fcst\u00fcndedir. Bunlar\u0131n AKP&#8217;li olduklar\u0131 s\u00f6ylenmektedir. Ancak, Dink cinayetinin ortaya \u00e7\u0131kmas\u0131 i\u00e7in ba\u015fbakan\u0131n gayreti ortadad\u0131r. Ba\u015fbakanl\u0131k tefti\u015f kurulu raporunu haz\u0131rlanm\u0131\u015ft\u0131r. Oslo g\u00f6r\u00fc\u015fmelerini a\u00e7\u0131\u011fa \u00e7\u0131karan, \u015fike, Redhack, Ergenekon ve Balyoz gibi davalarda da bu iki \u015fahs\u0131n imzas\u0131 vard\u0131r. KCK operasyonlar\u0131n\u0131 yaparak on binlerce ki\u015fiyi tutuklam\u0131\u015flard\u0131r.\u201d<\/p>\n<p>Tuncel &#8220;Ben cinayetin engellenmesi i\u00e7in elimden geleni yapt\u0131m. Yasin&#8217;e yapmamas\u0131 gerekti\u011fini s\u00f6yledim&#8221; dedi.<\/p>\n<h2>\u00c7etin: Trabzon Emniyeti su\u00e7a do\u011frudan i\u015ftirak etti<\/h2>\n<p>Dink ailesi avukatlar\u0131ndan <strong>Fethiye \u00c7etin<\/strong>, Tuncel\u2019in ifadelerini hat\u0131rlatarak \u015f\u00f6yle konu\u015ftu:<\/p>\n<p>\u201cTrabzon Emniyet\u2019i 2004\u2019ten bu yana do\u011frudan su\u00e7a i\u015ftirak ettiler, cinayette do\u011frudan rol ald\u0131lar. Bu durum yarg\u0131 boyutu da vard\u0131r. Mahkemeniz d\u00f6nemin Trabzon Emniyet M\u00fcd\u00fcr\u00fc <strong>Ali \u00d6z<\/strong>\u2019\u00fcn davas\u0131n\u0131n birle\u015ftirilmesini reddetmi\u015ftir. Bu davada as\u0131l zarar g\u00f6ren yarg\u0131 sistemi ve toplumun adalete olan g\u00fcvenidir.\u201d<\/p>\n<h2>\u201cCinayetten \u00f6nce cinayetin haberi yay\u0131nland\u0131\u201d<\/h2>\n<p>\u00c7etin, Dink \u00f6ld\u00fcr\u00fclmeden birka\u00e7 saat \u00f6nce <a href=\"http:\/\/acikistihbarat.com\/\" target=\"_blank\">acikistihbarat.com<\/a> adresinde cinayet ile ilgili bir haber yer ald\u0131\u011f\u0131n\u0131, Dink \u00f6ld\u00fcr\u00fcld\u00fckten sonra bu haberin kald\u0131r\u0131ld\u0131\u011f\u0131n\u0131 belirterek bu habere ili\u015fkin soru\u015fturma ba\u015flat\u0131lmas\u0131n\u0131, ayr\u0131ca Milli \u0130stihbarat Te\u015fkilat\u0131\u2019ndan Dink ve Dink cinayeti ile ilgili t\u00fcm belgelerin ve Jandarma Genel Komutanl\u0131\u011f\u0131\u2019ndan davada ad\u0131 ge\u00e7en t\u00fcm ki\u015filere dair ellerindeki t\u00fcm bilgilerin istenmesini talep etti.<\/p>\n<h2>\u0130skender hakk\u0131nda yakalama karar\u0131<\/h2>\n<p>Dink ailesi avukatlar\u0131ndan <strong>Hakan Bak\u0131rc\u0131o\u011flu<\/strong> ise Trabzon \u0130l Emniyet M\u00fcd\u00fcrl\u00fc\u011f\u00fc ve Jandarma Komutanl\u0131\u011f\u0131\u2019n\u0131n cinayetin nas\u0131l i\u015flenece\u011fini bildi\u011fini, cinayetin i\u015flenmesinde sorumlulu\u011fu oldu\u011funu s\u00f6yledi.<\/p>\n<p>Mahkeme tutuklu san\u0131klar\u0131n t\u00fcm\u00fcn\u00fcn tutuklulu\u011funun devam\u0131na, san\u0131k <strong>Ahmet \u0130skender<\/strong> hakk\u0131nda yakalama karar\u0131 \u00e7\u0131kar\u0131lmas\u0131na karar verdi. Davaya 7 Ocak\u2019ta devam edilecek. (EA)<\/p>\n<p><a href=\"http:\/\/www.bianet.org\/bianet\/insan-haklari\/151781-avukat-cetin-bu-davada-toplumun-yargiya-guveni-yara-aldi?bia_source=rss\">http:\/\/www.bianet.org\/bianet\/insan-haklari\/151781-avukat-cetin-bu-davada-toplumun-yargiya-guveni-yara-aldi?bia_source=rss<\/a><\/div>\n<\/div>\n","protected":false},"excerpt":{"rendered":"<p>\u00a0\u0130stanbul 14. A\u011f\u0131r Ceza Mahkemesi&#8217;nde yeniden g\u00f6r\u00fclen Dink davas\u0131n\u0131n 2. duru\u015fmas\u0131nda san\u0131k Tuncel cinayetten &#8220;Aky\u00fcrek ve \u00e7etesinin&#8221; sorumlu oldu\u011funu s\u00f6yledi. Mahkeme san\u0131k \u0130skender hakk\u0131nda yakalama karar\u0131 \u00e7\u0131kard\u0131. Elif AKG\u00dcL elif@bianet.org \u00a0 Deniz Bar\u0131\u015f NARLI narlibaris@gmail.com \u00a0 \u00a0 \u0130stanbul &#8211; B\u0130A Haber Merkezi 03 Aral\u0131k 2013, Sal\u0131 16:00 BU HABER\u0130N UZANTILARI \u00a0 HRANT&#8217;IN ARKADA\u015eLARI: &#8220;Cinayete \u0130li\u015fkin [&hellip;]<\/p>\n","protected":false},"author":3,"featured_media":0,"comment_status":"open","ping_status":"open","sticky":false,"template":"","format":"standard","meta":{"footnotes":""},"categories":[14,26],"tags":[],"class_list":["post-27250","post","type-post","status-publish","format-standard","hentry","category-haberler","category-makaleler"],"yoast_head":"<!-- This site is optimized with the Yoast SEO plugin v27.4 - https:\/\/yoast.com\/product\/yoast-seo-wordpress\/ -->\n<title>Avukat \u00c7etin: Bu Davada Toplumun Yarg\u0131ya G\u00fcveni Yara Ald\u0131 - Bati Ermenistan Ve Bati Ermenileri Sorunlari Ara\u015ftirmalar Merkezi<\/title>\n<meta name=\"robots\" content=\"index, follow, max-snippet:-1, max-image-preview:large, max-video-preview:-1\" \/>\n<link rel=\"canonical\" href=\"https:\/\/akunq.net\/turkish\/2013\/12\/05\/avukat-cetin-bu-davada-toplumun-yargiya-guveni-yara-aldi\/\" \/>\n<meta property=\"og:locale\" content=\"en_US\" \/>\n<meta property=\"og:type\" content=\"article\" \/>\n<meta property=\"og:title\" content=\"Avukat \u00c7etin: Bu Davada Toplumun Yarg\u0131ya G\u00fcveni Yara Ald\u0131 - Bati Ermenistan Ve Bati Ermenileri Sorunlari Ara\u015ftirmalar Merkezi\" \/>\n<meta property=\"og:description\" content=\"\u00a0\u0130stanbul 14. A\u011f\u0131r Ceza Mahkemesi&#8217;nde yeniden g\u00f6r\u00fclen Dink davas\u0131n\u0131n 2. duru\u015fmas\u0131nda san\u0131k Tuncel cinayetten &#8220;Aky\u00fcrek ve \u00e7etesinin&#8221; sorumlu oldu\u011funu s\u00f6yledi. Mahkeme san\u0131k \u0130skender hakk\u0131nda yakalama karar\u0131 \u00e7\u0131kard\u0131. Elif AKG\u00dcL elif@bianet.org \u00a0 Deniz Bar\u0131\u015f NARLI narlibaris@gmail.com \u00a0 \u00a0 \u0130stanbul &#8211; B\u0130A Haber Merkezi 03 Aral\u0131k 2013, Sal\u0131 16:00 BU HABER\u0130N UZANTILARI \u00a0 HRANT&#8217;IN ARKADA\u015eLARI: &#8220;Cinayete \u0130li\u015fkin [&hellip;]\" \/>\n<meta property=\"og:url\" content=\"https:\/\/akunq.net\/turkish\/2013\/12\/05\/avukat-cetin-bu-davada-toplumun-yargiya-guveni-yara-aldi\/\" \/>\n<meta property=\"og:site_name\" content=\"Bati Ermenistan Ve Bati Ermenileri Sorunlari Ara\u015ftirmalar Merkezi\" \/>\n<meta property=\"article:published_time\" content=\"2013-12-05T07:39:33+00:00\" \/>\n<meta property=\"og:image\" content=\"https:\/\/akunq.net\/turkish\/wp-content\/uploads\/sites\/5\/2013\/12\/490-368.jpg\" \/>\n\t<meta property=\"og:image:width\" content=\"490\" \/>\n\t<meta property=\"og:image:height\" content=\"368\" \/>\n\t<meta property=\"og:image:type\" content=\"image\/jpeg\" \/>\n<meta name=\"author\" content=\"kalem\" \/>\n<meta name=\"twitter:card\" content=\"summary_large_image\" \/>\n<meta name=\"twitter:label1\" content=\"Written by\" \/>\n\t<meta name=\"twitter:data1\" content=\"kalem\" \/>\n\t<meta name=\"twitter:label2\" content=\"Est. reading time\" \/>\n\t<meta name=\"twitter:data2\" content=\"3 minutes\" \/>\n<script type=\"application\/ld+json\" class=\"yoast-schema-graph\">{\"@context\":\"https:\\\/\\\/schema.org\",\"@graph\":[{\"@type\":\"Article\",\"@id\":\"https:\\\/\\\/akunq.net\\\/turkish\\\/2013\\\/12\\\/05\\\/avukat-cetin-bu-davada-toplumun-yargiya-guveni-yara-aldi\\\/#article\",\"isPartOf\":{\"@id\":\"https:\\\/\\\/akunq.net\\\/turkish\\\/2013\\\/12\\\/05\\\/avukat-cetin-bu-davada-toplumun-yargiya-guveni-yara-aldi\\\/\"},\"author\":{\"name\":\"kalem\",\"@id\":\"https:\\\/\\\/akunq.net\\\/turkish\\\/#\\\/schema\\\/person\\\/135e7923d1aeb8887890799619969a6c\"},\"headline\":\"Avukat \u00c7etin: Bu Davada Toplumun Yarg\u0131ya G\u00fcveni Yara Ald\u0131\",\"datePublished\":\"2013-12-05T07:39:33+00:00\",\"mainEntityOfPage\":{\"@id\":\"https:\\\/\\\/akunq.net\\\/turkish\\\/2013\\\/12\\\/05\\\/avukat-cetin-bu-davada-toplumun-yargiya-guveni-yara-aldi\\\/\"},\"wordCount\":709,\"commentCount\":0,\"image\":{\"@id\":\"https:\\\/\\\/akunq.net\\\/turkish\\\/2013\\\/12\\\/05\\\/avukat-cetin-bu-davada-toplumun-yargiya-guveni-yara-aldi\\\/#primaryimage\"},\"thumbnailUrl\":\"http:\\\/\\\/akunq.net\\\/tr\\\/wp-content\\\/uploads\\\/2013\\\/12\\\/490-368-300x225.jpg\",\"articleSection\":[\"Haberler\",\"Makaleler\"],\"inLanguage\":\"en-US\",\"potentialAction\":[{\"@type\":\"CommentAction\",\"name\":\"Comment\",\"target\":[\"https:\\\/\\\/akunq.net\\\/turkish\\\/2013\\\/12\\\/05\\\/avukat-cetin-bu-davada-toplumun-yargiya-guveni-yara-aldi\\\/#respond\"]}]},{\"@type\":\"WebPage\",\"@id\":\"https:\\\/\\\/akunq.net\\\/turkish\\\/2013\\\/12\\\/05\\\/avukat-cetin-bu-davada-toplumun-yargiya-guveni-yara-aldi\\\/\",\"url\":\"https:\\\/\\\/akunq.net\\\/turkish\\\/2013\\\/12\\\/05\\\/avukat-cetin-bu-davada-toplumun-yargiya-guveni-yara-aldi\\\/\",\"name\":\"Avukat \u00c7etin: Bu Davada Toplumun Yarg\u0131ya G\u00fcveni Yara Ald\u0131 - Bati Ermenistan Ve Bati Ermenileri Sorunlari Ara\u015ftirmalar Merkezi\",\"isPartOf\":{\"@id\":\"https:\\\/\\\/akunq.net\\\/turkish\\\/#website\"},\"primaryImageOfPage\":{\"@id\":\"https:\\\/\\\/akunq.net\\\/turkish\\\/2013\\\/12\\\/05\\\/avukat-cetin-bu-davada-toplumun-yargiya-guveni-yara-aldi\\\/#primaryimage\"},\"image\":{\"@id\":\"https:\\\/\\\/akunq.net\\\/turkish\\\/2013\\\/12\\\/05\\\/avukat-cetin-bu-davada-toplumun-yargiya-guveni-yara-aldi\\\/#primaryimage\"},\"thumbnailUrl\":\"http:\\\/\\\/akunq.net\\\/tr\\\/wp-content\\\/uploads\\\/2013\\\/12\\\/490-368-300x225.jpg\",\"datePublished\":\"2013-12-05T07:39:33+00:00\",\"author\":{\"@id\":\"https:\\\/\\\/akunq.net\\\/turkish\\\/#\\\/schema\\\/person\\\/135e7923d1aeb8887890799619969a6c\"},\"breadcrumb\":{\"@id\":\"https:\\\/\\\/akunq.net\\\/turkish\\\/2013\\\/12\\\/05\\\/avukat-cetin-bu-davada-toplumun-yargiya-guveni-yara-aldi\\\/#breadcrumb\"},\"inLanguage\":\"en-US\",\"potentialAction\":[{\"@type\":\"ReadAction\",\"target\":[\"https:\\\/\\\/akunq.net\\\/turkish\\\/2013\\\/12\\\/05\\\/avukat-cetin-bu-davada-toplumun-yargiya-guveni-yara-aldi\\\/\"]}]},{\"@type\":\"ImageObject\",\"inLanguage\":\"en-US\",\"@id\":\"https:\\\/\\\/akunq.net\\\/turkish\\\/2013\\\/12\\\/05\\\/avukat-cetin-bu-davada-toplumun-yargiya-guveni-yara-aldi\\\/#primaryimage\",\"url\":\"http:\\\/\\\/akunq.net\\\/tr\\\/wp-content\\\/uploads\\\/2013\\\/12\\\/490-368-300x225.jpg\",\"contentUrl\":\"http:\\\/\\\/akunq.net\\\/tr\\\/wp-content\\\/uploads\\\/2013\\\/12\\\/490-368-300x225.jpg\"},{\"@type\":\"BreadcrumbList\",\"@id\":\"https:\\\/\\\/akunq.net\\\/turkish\\\/2013\\\/12\\\/05\\\/avukat-cetin-bu-davada-toplumun-yargiya-guveni-yara-aldi\\\/#breadcrumb\",\"itemListElement\":[{\"@type\":\"ListItem\",\"position\":1,\"name\":\"Home\",\"item\":\"https:\\\/\\\/akunq.net\\\/turkish\\\/\"},{\"@type\":\"ListItem\",\"position\":2,\"name\":\"Avukat \u00c7etin: Bu Davada Toplumun Yarg\u0131ya G\u00fcveni Yara Ald\u0131\"}]},{\"@type\":\"WebSite\",\"@id\":\"https:\\\/\\\/akunq.net\\\/turkish\\\/#website\",\"url\":\"https:\\\/\\\/akunq.net\\\/turkish\\\/\",\"name\":\"Bati Ermenistan Ve Bati Ermenileri Sorunlari Ara\u015ftirmalar Merkezi\",\"description\":\"\",\"potentialAction\":[{\"@type\":\"SearchAction\",\"target\":{\"@type\":\"EntryPoint\",\"urlTemplate\":\"https:\\\/\\\/akunq.net\\\/turkish\\\/?s={search_term_string}\"},\"query-input\":{\"@type\":\"PropertyValueSpecification\",\"valueRequired\":true,\"valueName\":\"search_term_string\"}}],\"inLanguage\":\"en-US\"},{\"@type\":\"Person\",\"@id\":\"https:\\\/\\\/akunq.net\\\/turkish\\\/#\\\/schema\\\/person\\\/135e7923d1aeb8887890799619969a6c\",\"name\":\"kalem\",\"image\":{\"@type\":\"ImageObject\",\"inLanguage\":\"en-US\",\"@id\":\"https:\\\/\\\/secure.gravatar.com\\\/avatar\\\/a06875e4b25feb5674296adf8e8a7ae1e587cebce2493fe63c456109967e27d3?s=96&d=mm&r=g\",\"url\":\"https:\\\/\\\/secure.gravatar.com\\\/avatar\\\/a06875e4b25feb5674296adf8e8a7ae1e587cebce2493fe63c456109967e27d3?s=96&d=mm&r=g\",\"contentUrl\":\"https:\\\/\\\/secure.gravatar.com\\\/avatar\\\/a06875e4b25feb5674296adf8e8a7ae1e587cebce2493fe63c456109967e27d3?s=96&d=mm&r=g\",\"caption\":\"kalem\"},\"url\":\"https:\\\/\\\/akunq.net\\\/turkish\\\/author\\\/kalem\\\/\"}]}<\/script>\n<!-- \/ Yoast SEO plugin. -->","yoast_head_json":{"title":"Avukat \u00c7etin: Bu Davada Toplumun Yarg\u0131ya G\u00fcveni Yara Ald\u0131 - Bati Ermenistan Ve Bati Ermenileri Sorunlari Ara\u015ftirmalar Merkezi","robots":{"index":"index","follow":"follow","max-snippet":"max-snippet:-1","max-image-preview":"max-image-preview:large","max-video-preview":"max-video-preview:-1"},"canonical":"https:\/\/akunq.net\/turkish\/2013\/12\/05\/avukat-cetin-bu-davada-toplumun-yargiya-guveni-yara-aldi\/","og_locale":"en_US","og_type":"article","og_title":"Avukat \u00c7etin: Bu Davada Toplumun Yarg\u0131ya G\u00fcveni Yara Ald\u0131 - Bati Ermenistan Ve Bati Ermenileri Sorunlari Ara\u015ftirmalar Merkezi","og_description":"\u00a0\u0130stanbul 14. A\u011f\u0131r Ceza Mahkemesi&#8217;nde yeniden g\u00f6r\u00fclen Dink davas\u0131n\u0131n 2. duru\u015fmas\u0131nda san\u0131k Tuncel cinayetten &#8220;Aky\u00fcrek ve \u00e7etesinin&#8221; sorumlu oldu\u011funu s\u00f6yledi. Mahkeme san\u0131k \u0130skender hakk\u0131nda yakalama karar\u0131 \u00e7\u0131kard\u0131. Elif AKG\u00dcL elif@bianet.org \u00a0 Deniz Bar\u0131\u015f NARLI narlibaris@gmail.com \u00a0 \u00a0 \u0130stanbul &#8211; B\u0130A Haber Merkezi 03 Aral\u0131k 2013, Sal\u0131 16:00 BU HABER\u0130N UZANTILARI \u00a0 HRANT&#8217;IN ARKADA\u015eLARI: &#8220;Cinayete \u0130li\u015fkin [&hellip;]","og_url":"https:\/\/akunq.net\/turkish\/2013\/12\/05\/avukat-cetin-bu-davada-toplumun-yargiya-guveni-yara-aldi\/","og_site_name":"Bati Ermenistan Ve Bati Ermenileri Sorunlari Ara\u015ftirmalar Merkezi","article_published_time":"2013-12-05T07:39:33+00:00","og_image":[{"width":490,"height":368,"url":"https:\/\/akunq.net\/turkish\/wp-content\/uploads\/sites\/5\/2013\/12\/490-368.jpg","type":"image\/jpeg"}],"author":"kalem","twitter_card":"summary_large_image","twitter_misc":{"Written by":"kalem","Est. reading time":"3 minutes"},"schema":{"@context":"https:\/\/schema.org","@graph":[{"@type":"Article","@id":"https:\/\/akunq.net\/turkish\/2013\/12\/05\/avukat-cetin-bu-davada-toplumun-yargiya-guveni-yara-aldi\/#article","isPartOf":{"@id":"https:\/\/akunq.net\/turkish\/2013\/12\/05\/avukat-cetin-bu-davada-toplumun-yargiya-guveni-yara-aldi\/"},"author":{"name":"kalem","@id":"https:\/\/akunq.net\/turkish\/#\/schema\/person\/135e7923d1aeb8887890799619969a6c"},"headline":"Avukat \u00c7etin: Bu Davada Toplumun Yarg\u0131ya G\u00fcveni Yara Ald\u0131","datePublished":"2013-12-05T07:39:33+00:00","mainEntityOfPage":{"@id":"https:\/\/akunq.net\/turkish\/2013\/12\/05\/avukat-cetin-bu-davada-toplumun-yargiya-guveni-yara-aldi\/"},"wordCount":709,"commentCount":0,"image":{"@id":"https:\/\/akunq.net\/turkish\/2013\/12\/05\/avukat-cetin-bu-davada-toplumun-yargiya-guveni-yara-aldi\/#primaryimage"},"thumbnailUrl":"http:\/\/akunq.net\/tr\/wp-content\/uploads\/2013\/12\/490-368-300x225.jpg","articleSection":["Haberler","Makaleler"],"inLanguage":"en-US","potentialAction":[{"@type":"CommentAction","name":"Comment","target":["https:\/\/akunq.net\/turkish\/2013\/12\/05\/avukat-cetin-bu-davada-toplumun-yargiya-guveni-yara-aldi\/#respond"]}]},{"@type":"WebPage","@id":"https:\/\/akunq.net\/turkish\/2013\/12\/05\/avukat-cetin-bu-davada-toplumun-yargiya-guveni-yara-aldi\/","url":"https:\/\/akunq.net\/turkish\/2013\/12\/05\/avukat-cetin-bu-davada-toplumun-yargiya-guveni-yara-aldi\/","name":"Avukat \u00c7etin: Bu Davada Toplumun Yarg\u0131ya G\u00fcveni Yara Ald\u0131 - Bati Ermenistan Ve Bati Ermenileri Sorunlari Ara\u015ftirmalar Merkezi","isPartOf":{"@id":"https:\/\/akunq.net\/turkish\/#website"},"primaryImageOfPage":{"@id":"https:\/\/akunq.net\/turkish\/2013\/12\/05\/avukat-cetin-bu-davada-toplumun-yargiya-guveni-yara-aldi\/#primaryimage"},"image":{"@id":"https:\/\/akunq.net\/turkish\/2013\/12\/05\/avukat-cetin-bu-davada-toplumun-yargiya-guveni-yara-aldi\/#primaryimage"},"thumbnailUrl":"http:\/\/akunq.net\/tr\/wp-content\/uploads\/2013\/12\/490-368-300x225.jpg","datePublished":"2013-12-05T07:39:33+00:00","author":{"@id":"https:\/\/akunq.net\/turkish\/#\/schema\/person\/135e7923d1aeb8887890799619969a6c"},"breadcrumb":{"@id":"https:\/\/akunq.net\/turkish\/2013\/12\/05\/avukat-cetin-bu-davada-toplumun-yargiya-guveni-yara-aldi\/#breadcrumb"},"inLanguage":"en-US","potentialAction":[{"@type":"ReadAction","target":["https:\/\/akunq.net\/turkish\/2013\/12\/05\/avukat-cetin-bu-davada-toplumun-yargiya-guveni-yara-aldi\/"]}]},{"@type":"ImageObject","inLanguage":"en-US","@id":"https:\/\/akunq.net\/turkish\/2013\/12\/05\/avukat-cetin-bu-davada-toplumun-yargiya-guveni-yara-aldi\/#primaryimage","url":"http:\/\/akunq.net\/tr\/wp-content\/uploads\/2013\/12\/490-368-300x225.jpg","contentUrl":"http:\/\/akunq.net\/tr\/wp-content\/uploads\/2013\/12\/490-368-300x225.jpg"},{"@type":"BreadcrumbList","@id":"https:\/\/akunq.net\/turkish\/2013\/12\/05\/avukat-cetin-bu-davada-toplumun-yargiya-guveni-yara-aldi\/#breadcrumb","itemListElement":[{"@type":"ListItem","position":1,"name":"Home","item":"https:\/\/akunq.net\/turkish\/"},{"@type":"ListItem","position":2,"name":"Avukat \u00c7etin: Bu Davada Toplumun Yarg\u0131ya G\u00fcveni Yara Ald\u0131"}]},{"@type":"WebSite","@id":"https:\/\/akunq.net\/turkish\/#website","url":"https:\/\/akunq.net\/turkish\/","name":"Bati Ermenistan Ve Bati Ermenileri Sorunlari Ara\u015ftirmalar Merkezi","description":"","potentialAction":[{"@type":"SearchAction","target":{"@type":"EntryPoint","urlTemplate":"https:\/\/akunq.net\/turkish\/?s={search_term_string}"},"query-input":{"@type":"PropertyValueSpecification","valueRequired":true,"valueName":"search_term_string"}}],"inLanguage":"en-US"},{"@type":"Person","@id":"https:\/\/akunq.net\/turkish\/#\/schema\/person\/135e7923d1aeb8887890799619969a6c","name":"kalem","image":{"@type":"ImageObject","inLanguage":"en-US","@id":"https:\/\/secure.gravatar.com\/avatar\/a06875e4b25feb5674296adf8e8a7ae1e587cebce2493fe63c456109967e27d3?s=96&d=mm&r=g","url":"https:\/\/secure.gravatar.com\/avatar\/a06875e4b25feb5674296adf8e8a7ae1e587cebce2493fe63c456109967e27d3?s=96&d=mm&r=g","contentUrl":"https:\/\/secure.gravatar.com\/avatar\/a06875e4b25feb5674296adf8e8a7ae1e587cebce2493fe63c456109967e27d3?s=96&d=mm&r=g","caption":"kalem"},"url":"https:\/\/akunq.net\/turkish\/author\/kalem\/"}]}},"_links":{"self":[{"href":"https:\/\/akunq.net\/turkish\/wp-json\/wp\/v2\/posts\/27250","targetHints":{"allow":["GET"]}}],"collection":[{"href":"https:\/\/akunq.net\/turkish\/wp-json\/wp\/v2\/posts"}],"about":[{"href":"https:\/\/akunq.net\/turkish\/wp-json\/wp\/v2\/types\/post"}],"author":[{"embeddable":true,"href":"https:\/\/akunq.net\/turkish\/wp-json\/wp\/v2\/users\/3"}],"replies":[{"embeddable":true,"href":"https:\/\/akunq.net\/turkish\/wp-json\/wp\/v2\/comments?post=27250"}],"version-history":[{"count":0,"href":"https:\/\/akunq.net\/turkish\/wp-json\/wp\/v2\/posts\/27250\/revisions"}],"wp:attachment":[{"href":"https:\/\/akunq.net\/turkish\/wp-json\/wp\/v2\/media?parent=27250"}],"wp:term":[{"taxonomy":"category","embeddable":true,"href":"https:\/\/akunq.net\/turkish\/wp-json\/wp\/v2\/categories?post=27250"},{"taxonomy":"post_tag","embeddable":true,"href":"https:\/\/akunq.net\/turkish\/wp-json\/wp\/v2\/tags?post=27250"}],"curies":[{"name":"wp","href":"https:\/\/api.w.org\/{rel}","templated":true}]}}