{"id":27247,"date":"2013-12-05T02:27:17","date_gmt":"2013-12-05T07:27:17","guid":{"rendered":"http:\/\/akunq.net\/tr\/?p=27247"},"modified":"2013-12-05T02:27:17","modified_gmt":"2013-12-05T07:27:17","slug":"turkiyenin-halleri-kiyimdan-kiyima","status":"publish","type":"post","link":"https:\/\/akunq.net\/turkish\/2013\/12\/05\/turkiyenin-halleri-kiyimdan-kiyima\/","title":{"rendered":"T\u00dcRK\u0130YE&#8217;N\u0130N HALLER\u0130: K\u0131y\u0131mdan k\u0131y\u0131ma"},"content":{"rendered":"<div>\n<div><strong><img decoding=\"async\" class=\"alignright\" alt=\"Murat Belge\" src=\"http:\/\/www.taraf.com.tr\/fotoraflar\/yazarlar\/murat-belge_682_b.jpg\" width=\"65\" border=\"0\" hspace=\"10\" vspace=\"5\" \/>Murat Belge<\/strong><\/div>\n<div style=\"text-align: justify\">\u00a0<\/div>\n<div style=\"text-align: justify\">\u00a0Pazartesi sabah\u0131n\u0131n Taraf\u2019\u0131nda bir sayfada Dersim K\u0131y\u0131m\u0131 \u00fcst\u00fcne yap\u0131lan belgeselin haberi, bir sayfada Taner Ak\u00e7am\u2019\u0131n Ermeni K\u0131y\u0131m\u0131 \u00fcst\u00fcne Minber\u2019de \u00e7\u0131km\u0131\u015f makaleyi aktaran yaz\u0131s\u0131. Yani sa\u011fa baksan k\u0131y\u0131m, sola baksan k\u0131y\u0131m.Gazetenin b\u00fcy\u00fck, man\u015fetlik haberi de, \u201cfi\u015fleme\u201d! Bu soylu etkinli\u011fin \u015fimdiki h\u00fck\u00fcmet zaman\u0131nda da devam etti\u011fi bildiriliyor. \u201cFi\u015fleme\u201d denilen \u015feyin \u201ck\u0131y\u0131m\u201d denilen \u015feyin bir erken a\u015famas\u0131, hatta bir haz\u0131rl\u0131\u011f\u0131 oldu\u011funu da s\u00f6yleyebiliriz. Demek ki, o g\u00fcn, bug\u00fcn, ayn\u0131 zihniyet, ayn\u0131 faaliyet, s\u00fcr\u00fcp gidiyor.<\/div>\n<div style=\"text-align: justify\">Dersim belgeselini yapanlar, k\u0131y\u0131mda yer alm\u0131\u015f askerlerden d\u00f6rt tanesini bulup konu\u015fturmu\u015flar. Bunlardan birinin s\u00f6yledikleri aras\u0131nda \u015funlar da var: \u201c\u00d6lenin say\u0131s\u0131n\u0131 m\u0131 bilece\u011fim? Ne \u00fcz\u00fcnt\u00fc duyan \u00f6lenlerden dolay\u0131? \u00d6ld\u00fcrmeye gidiyoruz, \u00fcz\u00fcnt\u00fc m\u00fc duyaca\u011f\u0131m?\u201d<\/div>\n<div style=\"text-align: justify\">\u00a0<\/div>\n<div style=\"text-align: justify\">Bunca y\u0131l sonra bu k\u00f6yl\u00fc bu \u015fekilde konu\u015fabiliyorsa, \u201cayn\u0131 zihniyet, ayn\u0131 faaliyet\u201d s\u00fcr\u00fcp gider elbette. Bu ki\u015fi, askerlikte, gerekli \u201cvazife bilinci\u201dni edinmi\u015f, i\u015fin do\u011frusunu \u00f6\u011frenmi\u015f. Hayata ayn\u0131 felsefeyle bakan \u00e7ok ki\u015fi var bu \u00fclkede.<\/div>\n<div style=\"text-align: justify\">\u00a0<\/div>\n<div style=\"text-align: justify\">Ama bu d\u00f6rt ki\u015finin \u00f6b\u00fcr \u00fc\u00e7\u00fc b\u00f6yle konu\u015fmuyor. Asl\u0131nda bu oran\u0131n do\u011fru oran oldu\u011funu san\u0131yorum. Bu k\u00f6yl\u00fc gibi net ve kesin bir \u015fekilde vurmay\u0131 k\u0131rmay\u0131 onaylayanlar, d\u00f6rtte biri \u00e7ok ge\u00e7mez.<\/div>\n<div style=\"text-align: justify\">\u00a0<\/div>\n<div style=\"text-align: justify\">Buna kar\u015f\u0131l\u0131k, \u201colmamal\u0131yd\u0131\u201d diyen d\u00f6rtte \u00fc\u00e7, sonu\u00e7ta olayda rol alm\u0131\u015f. Emir vermi\u015fler, onlar da yapm\u0131\u015f.<\/div>\n<div style=\"text-align: justify\">\u00a0<\/div>\n<div style=\"text-align: justify\">Taner Ak\u00e7am\u2019\u0131n aktard\u0131\u011f\u0131 Minber\u2019de yay\u0131mlanm\u0131\u015f imzas\u0131z makalede K\u0131y\u0131m\u2019\u0131 planlayan ve y\u00fcr\u00fctenler su\u00e7lan\u0131yor. Belli ki Mustafa Kemal kendisi (makaleyi o da yazm\u0131\u015f olabilir) bu d\u00fc\u015f\u00fcncelere kat\u0131l\u0131yor. Ama burada da, Ermeniler\u2019in dostumuz oldu\u011fu vurgulan\u0131yor, \u201cErmeni demek, H\u0131ristiyan T\u00fcrk demektir\u201d s\u00f6z\u00fc s\u00f6yleniyor, hatt\u00e2 K\u0131y\u0131m\u2019dan \u00f6t\u00fcr\u00fc u\u011frad\u0131\u011f\u0131m\u0131z maddi zarardan dem vuruluyor. Yani, b\u00fct\u00fcn bu gibi kayg\u0131lar bu yana, \u201cK\u0131y\u0131m yapmak al\u00e7akl\u0131kt\u0131r\u201d denilmiyor, denilemiyor.<\/div>\n<div style=\"text-align: justify\">\u00a0<\/div>\n<div style=\"text-align: justify\">Taner Ak\u00e7am bu bilgileri veriyor, herhalde daha da verecek Ba\u015fbakan\u2019a \u201cyard\u0131mc\u0131 olmak\u201d i\u00e7in. Yani, \u201cK\u00fcrdistan\u201d dedi, \u201cNeden diyorsun?\u201d diye cel\u00e2llenenlere de \u201cAtat\u00fcrk demi\u015fti\u201d diye cevap verdi; \u015fimdi, \u201cErmeni K\u0131y\u0131m\u0131\u201d i\u00e7in de ayn\u0131 takti\u011fi kullans\u0131n&#8230; Kullanaca\u011f\u0131n\u0131 hi\u00e7 sanm\u0131yorum, herhalde Taner\u2019in de b\u00f6yle bir beklentisi yok.<\/div>\n<div style=\"text-align: justify\">\u00a0<\/div>\n<div style=\"text-align: justify\">Ama tabii ki ara\u015ft\u0131r\u0131p bulaca\u011f\u0131z, yazaca\u011f\u0131z, s\u00f6yleyece\u011fiz.<\/div>\n<div style=\"text-align: justify\">\u00a0<\/div>\n<div style=\"text-align: justify\">Pandora\u2019n\u0131n kutusu a\u00e7\u0131ld\u0131 bir kere.<\/div>\n<div style=\"text-align: justify\">\u00a0<\/div>\n<div style=\"text-align: justify\">A\u00e7\u0131ld\u0131\u011f\u0131 i\u00e7in, gazetenin bir sayfas\u0131nda Dersim K\u0131y\u0131m, \u00f6b\u00fcr sayfas\u0131nda Ermeni K\u0131y\u0131m\u0131&#8230;<\/div>\n<div style=\"text-align: justify\">\u00a0<\/div>\n<div style=\"text-align: justify\">Bunlar\u0131n hepsinin \u00f6rt\u00fcld\u00fc\u011f\u00fc, gizlendi\u011fi, her sabah kalk\u0131p \u201cT\u00fcrk\u00fcm do\u011fruyum\u201d diye ba\u011f\u0131rd\u0131\u011f\u0131m\u0131z, \u00e7evremize bakt\u0131\u011f\u0131m\u0131zda \u201cT\u00fcrk \u00f6\u011f\u00fcn&#8230;\u201d s\u00f6zlerini g\u00f6rd\u00fc\u011f\u00fcm\u00fcz bir d\u00fcnyada ya\u015f\u0131yorduk. Bunun ad\u0131 \u201cBeyin y\u0131kama\u201d ise, evet, tertemizdi beyinlerimiz; her g\u00fcn yeniden y\u0131kan\u0131yordu, p\u0131r\u0131l p\u0131r\u0131ld\u0131.<\/div>\n<div style=\"text-align: justify\">\u00a0<\/div>\n<div style=\"text-align: justify\">Ama, g\u00f6r\u00fcyorsunuz i\u015fte, olmuyor. Ger\u00e7eklik b\u00fcsb\u00fct\u00fcn gizlenemiyor. Bir yerden bir delik a\u00e7\u0131l\u0131yor, bir yerden bir ses i\u015fitiliyor, derken arkas\u0131 geliyor.<\/div>\n<div style=\"text-align: justify\">\u00a0<\/div>\n<div style=\"text-align: justify\">T\u00fcrkiye\u2019nin de saati geldi \u00e7att\u0131. Bizler i\u00e7in bu kadar zahmet ve \u00f6zenle haz\u0131rlanm\u0131\u015f bu yald\u0131zl\u0131 yalan- tarihi bir kenara f\u0131rlat\u0131p nereden nas\u0131l ge\u00e7erek bug\u00fcn durdu\u011fumuz yere geldi\u011fimizin ger\u00e7ek hik\u00e2yesini \u00f6\u011frenmeye ba\u015fl\u0131yoruz. Bir yaz g\u00fcn\u00fc bulutlar\u0131n da\u011f\u0131l\u0131p g\u00fcne\u015fin parlamas\u0131 s\u00fcrecini and\u0131ran bir durum bu.<\/div>\n<div style=\"text-align: justify\">\u00a0<\/div>\n<div style=\"text-align: justify\">D\u00fcnyaya g\u00fcn\u0131\u015f\u0131\u011f\u0131nda bakmay\u0131 \u00f6\u011frendik\u00e7e, buna kendimizi al\u0131\u015ft\u0131rd\u0131k\u00e7a, \u201c\u00f6ld\u00fcrmeye gidiyoruz, \u00fcz\u00fcnt\u00fc m\u00fc duyaca\u011f\u0131m?\u201d diyenlerin, bunu diyebilenlerin say\u0131s\u0131 da azalacak.<\/div>\n<div style=\"text-align: justify\">\u00a0<\/div>\n<div style=\"text-align: justify\">Yani normal insanlar olaca\u011f\u0131z.<\/div>\n<div style=\"text-align: justify\">\u00a0<\/div>\n<div style=\"text-align: justify\">\u015eimdilik, arada bir noktaday\u0131z.<\/div>\n<div style=\"text-align: justify\">\u00a0<\/div>\n<div style=\"text-align: justify\"><a href=\"http:\/\/www.taraf.com.tr\/murat-belge\/makale-kiyimdan-kiyima.htm\">http:\/\/www.taraf.com.tr\/murat-belge\/makale-kiyimdan-kiyima.htm<\/a><\/div>\n<\/div>\n","protected":false},"excerpt":{"rendered":"<p>Murat Belge \u00a0 \u00a0Pazartesi sabah\u0131n\u0131n Taraf\u2019\u0131nda bir sayfada Dersim K\u0131y\u0131m\u0131 \u00fcst\u00fcne yap\u0131lan belgeselin haberi, bir sayfada Taner Ak\u00e7am\u2019\u0131n Ermeni K\u0131y\u0131m\u0131 \u00fcst\u00fcne Minber\u2019de \u00e7\u0131km\u0131\u015f makaleyi aktaran yaz\u0131s\u0131. Yani sa\u011fa baksan k\u0131y\u0131m, sola baksan k\u0131y\u0131m.Gazetenin b\u00fcy\u00fck, man\u015fetlik haberi de, \u201cfi\u015fleme\u201d! Bu soylu etkinli\u011fin \u015fimdiki h\u00fck\u00fcmet zaman\u0131nda da devam etti\u011fi bildiriliyor. \u201cFi\u015fleme\u201d denilen \u015feyin \u201ck\u0131y\u0131m\u201d denilen \u015feyin bir [&hellip;]<\/p>\n","protected":false},"author":3,"featured_media":0,"comment_status":"open","ping_status":"open","sticky":false,"template":"","format":"standard","meta":{"footnotes":""},"categories":[6,14,26,42],"tags":[],"class_list":["post-27247","post","type-post","status-publish","format-standard","hentry","category-ermeni-soykirimi","category-haberler","category-makaleler","category-turkiyede-azinliklar"],"yoast_head":"<!-- This site is optimized with the Yoast SEO plugin v27.4 - https:\/\/yoast.com\/product\/yoast-seo-wordpress\/ -->\n<title>T\u00dcRK\u0130YE&#039;N\u0130N HALLER\u0130: K\u0131y\u0131mdan k\u0131y\u0131ma - Bati Ermenistan Ve Bati Ermenileri Sorunlari Ara\u015ftirmalar Merkezi<\/title>\n<meta name=\"robots\" content=\"index, follow, max-snippet:-1, max-image-preview:large, max-video-preview:-1\" \/>\n<link rel=\"canonical\" href=\"https:\/\/akunq.net\/turkish\/2013\/12\/05\/turkiyenin-halleri-kiyimdan-kiyima\/\" \/>\n<meta property=\"og:locale\" content=\"en_US\" \/>\n<meta property=\"og:type\" content=\"article\" \/>\n<meta property=\"og:title\" content=\"T\u00dcRK\u0130YE&#039;N\u0130N HALLER\u0130: K\u0131y\u0131mdan k\u0131y\u0131ma - Bati Ermenistan Ve Bati Ermenileri Sorunlari Ara\u015ftirmalar Merkezi\" \/>\n<meta property=\"og:description\" content=\"Murat Belge \u00a0 \u00a0Pazartesi sabah\u0131n\u0131n Taraf\u2019\u0131nda bir sayfada Dersim K\u0131y\u0131m\u0131 \u00fcst\u00fcne yap\u0131lan belgeselin haberi, bir sayfada Taner Ak\u00e7am\u2019\u0131n Ermeni K\u0131y\u0131m\u0131 \u00fcst\u00fcne Minber\u2019de \u00e7\u0131km\u0131\u015f makaleyi aktaran yaz\u0131s\u0131. Yani sa\u011fa baksan k\u0131y\u0131m, sola baksan k\u0131y\u0131m.Gazetenin b\u00fcy\u00fck, man\u015fetlik haberi de, \u201cfi\u015fleme\u201d! Bu soylu etkinli\u011fin \u015fimdiki h\u00fck\u00fcmet zaman\u0131nda da devam etti\u011fi bildiriliyor. \u201cFi\u015fleme\u201d denilen \u015feyin \u201ck\u0131y\u0131m\u201d denilen \u015feyin bir [&hellip;]\" \/>\n<meta property=\"og:url\" content=\"https:\/\/akunq.net\/turkish\/2013\/12\/05\/turkiyenin-halleri-kiyimdan-kiyima\/\" \/>\n<meta property=\"og:site_name\" content=\"Bati Ermenistan Ve Bati Ermenileri Sorunlari Ara\u015ftirmalar Merkezi\" \/>\n<meta property=\"article:published_time\" content=\"2013-12-05T07:27:17+00:00\" \/>\n<meta property=\"og:image\" content=\"http:\/\/www.taraf.com.tr\/fotoraflar\/yazarlar\/murat-belge_682_b.jpg\" \/>\n<meta name=\"author\" content=\"kalem\" \/>\n<meta name=\"twitter:card\" content=\"summary_large_image\" \/>\n<meta name=\"twitter:label1\" content=\"Written by\" \/>\n\t<meta name=\"twitter:data1\" content=\"kalem\" \/>\n\t<meta name=\"twitter:label2\" content=\"Est. reading time\" \/>\n\t<meta name=\"twitter:data2\" content=\"3 minutes\" \/>\n<script type=\"application\/ld+json\" class=\"yoast-schema-graph\">{\"@context\":\"https:\\\/\\\/schema.org\",\"@graph\":[{\"@type\":\"Article\",\"@id\":\"https:\\\/\\\/akunq.net\\\/turkish\\\/2013\\\/12\\\/05\\\/turkiyenin-halleri-kiyimdan-kiyima\\\/#article\",\"isPartOf\":{\"@id\":\"https:\\\/\\\/akunq.net\\\/turkish\\\/2013\\\/12\\\/05\\\/turkiyenin-halleri-kiyimdan-kiyima\\\/\"},\"author\":{\"name\":\"kalem\",\"@id\":\"https:\\\/\\\/akunq.net\\\/turkish\\\/#\\\/schema\\\/person\\\/135e7923d1aeb8887890799619969a6c\"},\"headline\":\"T\u00dcRK\u0130YE&#8217;N\u0130N HALLER\u0130: K\u0131y\u0131mdan k\u0131y\u0131ma\",\"datePublished\":\"2013-12-05T07:27:17+00:00\",\"mainEntityOfPage\":{\"@id\":\"https:\\\/\\\/akunq.net\\\/turkish\\\/2013\\\/12\\\/05\\\/turkiyenin-halleri-kiyimdan-kiyima\\\/\"},\"wordCount\":682,\"commentCount\":0,\"image\":{\"@id\":\"https:\\\/\\\/akunq.net\\\/turkish\\\/2013\\\/12\\\/05\\\/turkiyenin-halleri-kiyimdan-kiyima\\\/#primaryimage\"},\"thumbnailUrl\":\"http:\\\/\\\/www.taraf.com.tr\\\/fotoraflar\\\/yazarlar\\\/murat-belge_682_b.jpg\",\"articleSection\":[\"Ermeni Soyk\u0131r\u0131m\u0131\",\"Haberler\",\"Makaleler\",\"T\u00fcrkiye\u2019de Az\u0131nl\u0131klar\"],\"inLanguage\":\"en-US\",\"potentialAction\":[{\"@type\":\"CommentAction\",\"name\":\"Comment\",\"target\":[\"https:\\\/\\\/akunq.net\\\/turkish\\\/2013\\\/12\\\/05\\\/turkiyenin-halleri-kiyimdan-kiyima\\\/#respond\"]}]},{\"@type\":\"WebPage\",\"@id\":\"https:\\\/\\\/akunq.net\\\/turkish\\\/2013\\\/12\\\/05\\\/turkiyenin-halleri-kiyimdan-kiyima\\\/\",\"url\":\"https:\\\/\\\/akunq.net\\\/turkish\\\/2013\\\/12\\\/05\\\/turkiyenin-halleri-kiyimdan-kiyima\\\/\",\"name\":\"T\u00dcRK\u0130YE'N\u0130N HALLER\u0130: K\u0131y\u0131mdan k\u0131y\u0131ma - Bati Ermenistan Ve Bati Ermenileri Sorunlari Ara\u015ftirmalar Merkezi\",\"isPartOf\":{\"@id\":\"https:\\\/\\\/akunq.net\\\/turkish\\\/#website\"},\"primaryImageOfPage\":{\"@id\":\"https:\\\/\\\/akunq.net\\\/turkish\\\/2013\\\/12\\\/05\\\/turkiyenin-halleri-kiyimdan-kiyima\\\/#primaryimage\"},\"image\":{\"@id\":\"https:\\\/\\\/akunq.net\\\/turkish\\\/2013\\\/12\\\/05\\\/turkiyenin-halleri-kiyimdan-kiyima\\\/#primaryimage\"},\"thumbnailUrl\":\"http:\\\/\\\/www.taraf.com.tr\\\/fotoraflar\\\/yazarlar\\\/murat-belge_682_b.jpg\",\"datePublished\":\"2013-12-05T07:27:17+00:00\",\"author\":{\"@id\":\"https:\\\/\\\/akunq.net\\\/turkish\\\/#\\\/schema\\\/person\\\/135e7923d1aeb8887890799619969a6c\"},\"breadcrumb\":{\"@id\":\"https:\\\/\\\/akunq.net\\\/turkish\\\/2013\\\/12\\\/05\\\/turkiyenin-halleri-kiyimdan-kiyima\\\/#breadcrumb\"},\"inLanguage\":\"en-US\",\"potentialAction\":[{\"@type\":\"ReadAction\",\"target\":[\"https:\\\/\\\/akunq.net\\\/turkish\\\/2013\\\/12\\\/05\\\/turkiyenin-halleri-kiyimdan-kiyima\\\/\"]}]},{\"@type\":\"ImageObject\",\"inLanguage\":\"en-US\",\"@id\":\"https:\\\/\\\/akunq.net\\\/turkish\\\/2013\\\/12\\\/05\\\/turkiyenin-halleri-kiyimdan-kiyima\\\/#primaryimage\",\"url\":\"http:\\\/\\\/www.taraf.com.tr\\\/fotoraflar\\\/yazarlar\\\/murat-belge_682_b.jpg\",\"contentUrl\":\"http:\\\/\\\/www.taraf.com.tr\\\/fotoraflar\\\/yazarlar\\\/murat-belge_682_b.jpg\"},{\"@type\":\"BreadcrumbList\",\"@id\":\"https:\\\/\\\/akunq.net\\\/turkish\\\/2013\\\/12\\\/05\\\/turkiyenin-halleri-kiyimdan-kiyima\\\/#breadcrumb\",\"itemListElement\":[{\"@type\":\"ListItem\",\"position\":1,\"name\":\"Home\",\"item\":\"https:\\\/\\\/akunq.net\\\/turkish\\\/\"},{\"@type\":\"ListItem\",\"position\":2,\"name\":\"T\u00dcRK\u0130YE&#8217;N\u0130N HALLER\u0130: K\u0131y\u0131mdan k\u0131y\u0131ma\"}]},{\"@type\":\"WebSite\",\"@id\":\"https:\\\/\\\/akunq.net\\\/turkish\\\/#website\",\"url\":\"https:\\\/\\\/akunq.net\\\/turkish\\\/\",\"name\":\"Bati Ermenistan Ve Bati Ermenileri Sorunlari Ara\u015ftirmalar Merkezi\",\"description\":\"\",\"potentialAction\":[{\"@type\":\"SearchAction\",\"target\":{\"@type\":\"EntryPoint\",\"urlTemplate\":\"https:\\\/\\\/akunq.net\\\/turkish\\\/?s={search_term_string}\"},\"query-input\":{\"@type\":\"PropertyValueSpecification\",\"valueRequired\":true,\"valueName\":\"search_term_string\"}}],\"inLanguage\":\"en-US\"},{\"@type\":\"Person\",\"@id\":\"https:\\\/\\\/akunq.net\\\/turkish\\\/#\\\/schema\\\/person\\\/135e7923d1aeb8887890799619969a6c\",\"name\":\"kalem\",\"image\":{\"@type\":\"ImageObject\",\"inLanguage\":\"en-US\",\"@id\":\"https:\\\/\\\/secure.gravatar.com\\\/avatar\\\/a06875e4b25feb5674296adf8e8a7ae1e587cebce2493fe63c456109967e27d3?s=96&d=mm&r=g\",\"url\":\"https:\\\/\\\/secure.gravatar.com\\\/avatar\\\/a06875e4b25feb5674296adf8e8a7ae1e587cebce2493fe63c456109967e27d3?s=96&d=mm&r=g\",\"contentUrl\":\"https:\\\/\\\/secure.gravatar.com\\\/avatar\\\/a06875e4b25feb5674296adf8e8a7ae1e587cebce2493fe63c456109967e27d3?s=96&d=mm&r=g\",\"caption\":\"kalem\"},\"url\":\"https:\\\/\\\/akunq.net\\\/turkish\\\/author\\\/kalem\\\/\"}]}<\/script>\n<!-- \/ Yoast SEO plugin. -->","yoast_head_json":{"title":"T\u00dcRK\u0130YE'N\u0130N HALLER\u0130: K\u0131y\u0131mdan k\u0131y\u0131ma - Bati Ermenistan Ve Bati Ermenileri Sorunlari Ara\u015ftirmalar Merkezi","robots":{"index":"index","follow":"follow","max-snippet":"max-snippet:-1","max-image-preview":"max-image-preview:large","max-video-preview":"max-video-preview:-1"},"canonical":"https:\/\/akunq.net\/turkish\/2013\/12\/05\/turkiyenin-halleri-kiyimdan-kiyima\/","og_locale":"en_US","og_type":"article","og_title":"T\u00dcRK\u0130YE'N\u0130N HALLER\u0130: K\u0131y\u0131mdan k\u0131y\u0131ma - Bati Ermenistan Ve Bati Ermenileri Sorunlari Ara\u015ftirmalar Merkezi","og_description":"Murat Belge \u00a0 \u00a0Pazartesi sabah\u0131n\u0131n Taraf\u2019\u0131nda bir sayfada Dersim K\u0131y\u0131m\u0131 \u00fcst\u00fcne yap\u0131lan belgeselin haberi, bir sayfada Taner Ak\u00e7am\u2019\u0131n Ermeni K\u0131y\u0131m\u0131 \u00fcst\u00fcne Minber\u2019de \u00e7\u0131km\u0131\u015f makaleyi aktaran yaz\u0131s\u0131. Yani sa\u011fa baksan k\u0131y\u0131m, sola baksan k\u0131y\u0131m.Gazetenin b\u00fcy\u00fck, man\u015fetlik haberi de, \u201cfi\u015fleme\u201d! Bu soylu etkinli\u011fin \u015fimdiki h\u00fck\u00fcmet zaman\u0131nda da devam etti\u011fi bildiriliyor. \u201cFi\u015fleme\u201d denilen \u015feyin \u201ck\u0131y\u0131m\u201d denilen \u015feyin bir [&hellip;]","og_url":"https:\/\/akunq.net\/turkish\/2013\/12\/05\/turkiyenin-halleri-kiyimdan-kiyima\/","og_site_name":"Bati Ermenistan Ve Bati Ermenileri Sorunlari Ara\u015ftirmalar Merkezi","article_published_time":"2013-12-05T07:27:17+00:00","og_image":[{"url":"http:\/\/www.taraf.com.tr\/fotoraflar\/yazarlar\/murat-belge_682_b.jpg","type":"","width":"","height":""}],"author":"kalem","twitter_card":"summary_large_image","twitter_misc":{"Written by":"kalem","Est. reading time":"3 minutes"},"schema":{"@context":"https:\/\/schema.org","@graph":[{"@type":"Article","@id":"https:\/\/akunq.net\/turkish\/2013\/12\/05\/turkiyenin-halleri-kiyimdan-kiyima\/#article","isPartOf":{"@id":"https:\/\/akunq.net\/turkish\/2013\/12\/05\/turkiyenin-halleri-kiyimdan-kiyima\/"},"author":{"name":"kalem","@id":"https:\/\/akunq.net\/turkish\/#\/schema\/person\/135e7923d1aeb8887890799619969a6c"},"headline":"T\u00dcRK\u0130YE&#8217;N\u0130N HALLER\u0130: K\u0131y\u0131mdan k\u0131y\u0131ma","datePublished":"2013-12-05T07:27:17+00:00","mainEntityOfPage":{"@id":"https:\/\/akunq.net\/turkish\/2013\/12\/05\/turkiyenin-halleri-kiyimdan-kiyima\/"},"wordCount":682,"commentCount":0,"image":{"@id":"https:\/\/akunq.net\/turkish\/2013\/12\/05\/turkiyenin-halleri-kiyimdan-kiyima\/#primaryimage"},"thumbnailUrl":"http:\/\/www.taraf.com.tr\/fotoraflar\/yazarlar\/murat-belge_682_b.jpg","articleSection":["Ermeni Soyk\u0131r\u0131m\u0131","Haberler","Makaleler","T\u00fcrkiye\u2019de Az\u0131nl\u0131klar"],"inLanguage":"en-US","potentialAction":[{"@type":"CommentAction","name":"Comment","target":["https:\/\/akunq.net\/turkish\/2013\/12\/05\/turkiyenin-halleri-kiyimdan-kiyima\/#respond"]}]},{"@type":"WebPage","@id":"https:\/\/akunq.net\/turkish\/2013\/12\/05\/turkiyenin-halleri-kiyimdan-kiyima\/","url":"https:\/\/akunq.net\/turkish\/2013\/12\/05\/turkiyenin-halleri-kiyimdan-kiyima\/","name":"T\u00dcRK\u0130YE'N\u0130N HALLER\u0130: K\u0131y\u0131mdan k\u0131y\u0131ma - Bati Ermenistan Ve Bati Ermenileri Sorunlari Ara\u015ftirmalar Merkezi","isPartOf":{"@id":"https:\/\/akunq.net\/turkish\/#website"},"primaryImageOfPage":{"@id":"https:\/\/akunq.net\/turkish\/2013\/12\/05\/turkiyenin-halleri-kiyimdan-kiyima\/#primaryimage"},"image":{"@id":"https:\/\/akunq.net\/turkish\/2013\/12\/05\/turkiyenin-halleri-kiyimdan-kiyima\/#primaryimage"},"thumbnailUrl":"http:\/\/www.taraf.com.tr\/fotoraflar\/yazarlar\/murat-belge_682_b.jpg","datePublished":"2013-12-05T07:27:17+00:00","author":{"@id":"https:\/\/akunq.net\/turkish\/#\/schema\/person\/135e7923d1aeb8887890799619969a6c"},"breadcrumb":{"@id":"https:\/\/akunq.net\/turkish\/2013\/12\/05\/turkiyenin-halleri-kiyimdan-kiyima\/#breadcrumb"},"inLanguage":"en-US","potentialAction":[{"@type":"ReadAction","target":["https:\/\/akunq.net\/turkish\/2013\/12\/05\/turkiyenin-halleri-kiyimdan-kiyima\/"]}]},{"@type":"ImageObject","inLanguage":"en-US","@id":"https:\/\/akunq.net\/turkish\/2013\/12\/05\/turkiyenin-halleri-kiyimdan-kiyima\/#primaryimage","url":"http:\/\/www.taraf.com.tr\/fotoraflar\/yazarlar\/murat-belge_682_b.jpg","contentUrl":"http:\/\/www.taraf.com.tr\/fotoraflar\/yazarlar\/murat-belge_682_b.jpg"},{"@type":"BreadcrumbList","@id":"https:\/\/akunq.net\/turkish\/2013\/12\/05\/turkiyenin-halleri-kiyimdan-kiyima\/#breadcrumb","itemListElement":[{"@type":"ListItem","position":1,"name":"Home","item":"https:\/\/akunq.net\/turkish\/"},{"@type":"ListItem","position":2,"name":"T\u00dcRK\u0130YE&#8217;N\u0130N HALLER\u0130: K\u0131y\u0131mdan k\u0131y\u0131ma"}]},{"@type":"WebSite","@id":"https:\/\/akunq.net\/turkish\/#website","url":"https:\/\/akunq.net\/turkish\/","name":"Bati Ermenistan Ve Bati Ermenileri Sorunlari Ara\u015ftirmalar Merkezi","description":"","potentialAction":[{"@type":"SearchAction","target":{"@type":"EntryPoint","urlTemplate":"https:\/\/akunq.net\/turkish\/?s={search_term_string}"},"query-input":{"@type":"PropertyValueSpecification","valueRequired":true,"valueName":"search_term_string"}}],"inLanguage":"en-US"},{"@type":"Person","@id":"https:\/\/akunq.net\/turkish\/#\/schema\/person\/135e7923d1aeb8887890799619969a6c","name":"kalem","image":{"@type":"ImageObject","inLanguage":"en-US","@id":"https:\/\/secure.gravatar.com\/avatar\/a06875e4b25feb5674296adf8e8a7ae1e587cebce2493fe63c456109967e27d3?s=96&d=mm&r=g","url":"https:\/\/secure.gravatar.com\/avatar\/a06875e4b25feb5674296adf8e8a7ae1e587cebce2493fe63c456109967e27d3?s=96&d=mm&r=g","contentUrl":"https:\/\/secure.gravatar.com\/avatar\/a06875e4b25feb5674296adf8e8a7ae1e587cebce2493fe63c456109967e27d3?s=96&d=mm&r=g","caption":"kalem"},"url":"https:\/\/akunq.net\/turkish\/author\/kalem\/"}]}},"_links":{"self":[{"href":"https:\/\/akunq.net\/turkish\/wp-json\/wp\/v2\/posts\/27247","targetHints":{"allow":["GET"]}}],"collection":[{"href":"https:\/\/akunq.net\/turkish\/wp-json\/wp\/v2\/posts"}],"about":[{"href":"https:\/\/akunq.net\/turkish\/wp-json\/wp\/v2\/types\/post"}],"author":[{"embeddable":true,"href":"https:\/\/akunq.net\/turkish\/wp-json\/wp\/v2\/users\/3"}],"replies":[{"embeddable":true,"href":"https:\/\/akunq.net\/turkish\/wp-json\/wp\/v2\/comments?post=27247"}],"version-history":[{"count":0,"href":"https:\/\/akunq.net\/turkish\/wp-json\/wp\/v2\/posts\/27247\/revisions"}],"wp:attachment":[{"href":"https:\/\/akunq.net\/turkish\/wp-json\/wp\/v2\/media?parent=27247"}],"wp:term":[{"taxonomy":"category","embeddable":true,"href":"https:\/\/akunq.net\/turkish\/wp-json\/wp\/v2\/categories?post=27247"},{"taxonomy":"post_tag","embeddable":true,"href":"https:\/\/akunq.net\/turkish\/wp-json\/wp\/v2\/tags?post=27247"}],"curies":[{"name":"wp","href":"https:\/\/api.w.org\/{rel}","templated":true}]}}