{"id":27244,"date":"2013-12-05T02:15:39","date_gmt":"2013-12-05T07:15:39","guid":{"rendered":"http:\/\/akunq.net\/tr\/?p=27244"},"modified":"2013-12-05T02:15:39","modified_gmt":"2013-12-05T07:15:39","slug":"turkiyeye-soykirim-gondermesi","status":"publish","type":"post","link":"https:\/\/akunq.net\/turkish\/2013\/12\/05\/turkiyeye-soykirim-gondermesi\/","title":{"rendered":"T\u00fcrkiye&#8217;ye &#8216;soyk\u0131r\u0131m&#8217; g\u00f6ndermesi!"},"content":{"rendered":"<div>\n<div style=\"text-align: justify\"><img loading=\"lazy\" decoding=\"async\" class=\"alignright\" title=\"T\u00fcrkiye'ye 'soyk\u0131r\u0131m' g\u00f6ndermesi!\" alt=\"T\u00fcrkiye'ye 'soyk\u0131r\u0131m' g\u00f6ndermesi!\" src=\"http:\/\/fotocdncube.gazetevatan.com\/newpics\/news\/021220130923404816889_2.jpg\" width=\"220\" height=\"183\" \/>Financial Times gazetesinde Abigail Fielding-Smith imzal\u0131 bir haberde Suriye\u2019de \u2018sava\u015f ekonomisi\u2019 ele al\u0131n\u0131yor. Suriye\u2019deki sava\u015f\u0131n ve yapt\u0131r\u0131mlar\u0131n ekonomik darbe vurmas\u0131na kar\u015f\u0131n, \u00e7at\u0131\u015fmalardan kazan\u00e7 elde edenler oldu\u011funa da dikkat \u00e7ekilen haberde, moloz toplamak, ithalat ve ka\u00e7ak d\u00f6vizlerden b\u00fcy\u00fck gelir sa\u011fland\u0131\u011f\u0131 belirtiliyor&#8230; Suriye\u2019deki sava\u015fa ili\u015fkin bir di\u011fer haber de Independent gazetesi yazar\u0131 Robert Fisk imzas\u0131 ta\u015f\u0131yor. Fisk, Suriye\u2019de \u00f6len Ermenileri yazd\u0131\u011f\u0131 haberinde 1915-1916 olaylar\u0131n\u0131 \u2018soyk\u0131r\u0131m\u2019 olarak niteleyip \u201cErmeni soyk\u0131r\u0131m\u0131ndan yakla\u015f\u0131k bir as\u0131r sonra bu insanlar hala Suriye\u2019de katlediliyor ve kutsal mekanlar\u0131na hakaret ediliyor\u201d diyor.<\/div>\n<div style=\"text-align: justify\">***<\/div>\n<div style=\"text-align: justify\">Financial Times gazetesinde Abigail Fielding-Smith imzal\u0131 bir haberde Suriye\u2019de \u2018sava\u015f ekonomisi\u2019 ele al\u0131n\u0131yor.<\/div>\n<div style=\"text-align: justify\">\u00a0<\/div>\n<div style=\"text-align: justify\">Suriye\u2019deki sava\u015f\u0131n ve yapt\u0131r\u0131mlar\u0131n ekonomik darbe vurmas\u0131na kar\u015f\u0131n, \u00e7at\u0131\u015fmalardan kazan\u00e7 elde edenler oldu\u011funa da dikkat \u00e7ekilen haberde, moloz toplamak, ithalat ve ka\u00e7ak d\u00f6vizlerden b\u00fcy\u00fck gelir sa\u011fland\u0131\u011f\u0131 belirtiliyor.<\/div>\n<div style=\"text-align: justify\">\u00a0<\/div>\n<div style=\"text-align: justify\">Suriye\u2019de b\u00fcy\u00fck bir sanayi firmas\u0131na \u2018y\u0131k\u0131lan kentlerdeki binalardan hurda metaller toplamak i\u00e7in ruhsat verildi\u011fine\u2019 dair haberler oldu\u011funu yazan gazete, h\u00fck\u00fcmet yanl\u0131s\u0131 bir i\u015fadam\u0131n\u0131n \u015fu s\u00f6zlerine yer veriyor:<\/div>\n<div style=\"text-align: justify\">\u00a0<\/div>\n<div style=\"text-align: justify\">\u201cE\u011fer halk\u0131, sava\u015f\u0131n bitmesini isteyenler ve kazan\u00e7 sa\u011flad\u0131klar\u0131 i\u00e7in sava\u015f\u0131n bitmemesini isteyenler diye ikiye ay\u0131r\u0131rsan\u0131z, \u00e7o\u011funlu\u011fun sava\u015f\u0131n bitmemesinden yana olaca\u011f\u0131n\u0131 tahmin ediyorum.\u201d<\/div>\n<div style=\"text-align: justify\">\u00a0<\/div>\n<div style=\"text-align: justify\">Moloz ve hurda toplaman\u0131n yan\u0131 s\u0131ra en b\u00fcy\u00fck gelirin \u2018ithalattan\u2019 sa\u011fland\u0131\u011f\u0131 ifade ediliyor.<\/div>\n<div style=\"text-align: justify\">\u00a0<\/div>\n<div style=\"text-align: justify\">5 M\u0130LYAR DOLARLIK \u0130THALAT<\/div>\n<div style=\"text-align: justify\">\u00a0<\/div>\n<div style=\"text-align: justify\">Financial Times, h\u00fck\u00fcmetin yapt\u0131r\u0131mlar nedeniyle \u00f6demekte zorland\u0131\u011f\u0131 \u00fcr\u00fcnleri \u00f6zel firmalar\u0131n \u00fclkeye getirdi\u011fini, her ne kadar ithalat oranlar\u0131 d\u00fc\u015fse de h\u00fck\u00fcmetin s\u00fcbvanse etti\u011fi tah\u0131l, \u015feker ve ila\u00e7 gibi temel malzemelerin ithalat\u0131na ihtiya\u00e7 duydu\u011funu yaz\u0131yor.<\/div>\n<div style=\"text-align: justify\">\u00a0<\/div>\n<div style=\"text-align: justify\">Gazeteye konu\u015fan \u015eaml\u0131 bir bankac\u0131, son birka\u00e7 ayda Ukrayna gibi \u00fclkelerden, \u00fc\u00e7te biri \u00f6zel sekt\u00f6r taraf\u0131ndan olmak \u00fczere yakla\u015f\u0131k 4-5 milyar dolar de\u011ferinde g\u0131da ve ila\u00e7 ithal edildi\u011fini s\u00f6yl\u00fcyor.<\/div>\n<div style=\"text-align: justify\">\u00a0<\/div>\n<div style=\"text-align: justify\">G\u0131da ve ila\u00e7lar yapt\u0131r\u0131m kapsam\u0131 d\u0131\u015f\u0131nda tutuluyor fakat bankalara uygulanan yapt\u0131r\u0131mlar nedeniyle L\u00fcbnan gibi kom\u015fu \u00fclkelerden ithalat yapanlar genellikle \u00f6zel \u015firketler oluyor.<\/div>\n<div style=\"text-align: justify\">\u00a0<\/div>\n<div style=\"text-align: justify\">Financial Times, Suriye\u2019de d\u00f6viz ka\u00e7ak\u00e7\u0131l\u0131\u011f\u0131n\u0131n da b\u00fcy\u00fck bir gelir kap\u0131s\u0131 olu\u015fturmaya ba\u015flad\u0131\u011f\u0131na dikkat \u00e7ekiyor.<\/div>\n<div style=\"text-align: justify\">\u00a0<\/div>\n<div style=\"text-align: justify\">Haberde ayr\u0131ca rejim birlikleri ve silahl\u0131 muhaliflerin \u00e7at\u0131\u015fmalar\u0131 nedeniyle yak\u0131t ka\u00e7ak\u00e7\u0131l\u0131\u011f\u0131n\u0131n da azald\u0131\u011f\u0131, dolay\u0131s\u0131yla fiyatlar\u0131n da artt\u0131\u011f\u0131 belirtiliyor.<\/div>\n<div style=\"text-align: justify\">\u00a0<\/div>\n<div style=\"text-align: justify\">&#8216;ERMEN\u0130 SOYKIRIMI&#8217;NDAN B\u0130R ASIR SONRA&#8230;<\/div>\n<div style=\"text-align: justify\">\u00a0<\/div>\n<div><img loading=\"lazy\" decoding=\"async\" class=\"alignright\" title=\"\" alt=\"\" src=\"http:\/\/ads.milliyet.cubecdn.net\/iframe\/milliyet\/gorsel\/220x98_haberdetay_2.jpg\" width=\"220\" height=\"98\" border=\"0\" \/>Suriye\u2019deki sava\u015fa ili\u015fkin bir di\u011fer haber de Independent gazetesi yazar\u0131 Robert Fisk imzas\u0131 ta\u015f\u0131yor.<\/div>\n<div style=\"text-align: justify\">\u00a0<\/div>\n<div style=\"text-align: justify\">Fisk, Suriye\u2019de \u00f6len Ermenileri yazd\u0131\u011f\u0131 haberinde 1915-1916 olaylar\u0131n\u0131 \u2018soyk\u0131r\u0131m\u2019 olarak niteleyip \u201cErmeni soyk\u0131r\u0131m\u0131ndan yakla\u015f\u0131k bir as\u0131r sonra bu insanlar hala Suriye\u2019de katlediliyor ve kutsal mekanlar\u0131na hakaret ediliyor\u201d diyor.<\/div>\n<div style=\"text-align: justify\">\u00a0<\/div>\n<div style=\"text-align: justify\">Suriye\u2019deki Ermenilerin \u2018yeniden L\u00fcbnan\u2019a, Avrupa\u2019ya ve Amerika\u2019ya ka\u00e7mak zorunda kald\u0131klar\u0131n\u0131\u2019 ifade eden Fisk, kiliselerinin de tahrip edildi\u011fini belirtiyor.<\/div>\n<div style=\"text-align: justify\">\u00a0<\/div>\n<div style=\"text-align: justify\"><a href=\"http:\/\/haber.gazetevatan.com\/turkiyeye-soykirim-gondermesi\/588742\/30\/dunya\">http:\/\/haber.gazetevatan.com\/turkiyeye-soykirim-gondermesi\/588742\/30\/dunya<\/a><\/div>\n<\/div>\n","protected":false},"excerpt":{"rendered":"<p>Financial Times gazetesinde Abigail Fielding-Smith imzal\u0131 bir haberde Suriye\u2019de \u2018sava\u015f ekonomisi\u2019 ele al\u0131n\u0131yor. Suriye\u2019deki sava\u015f\u0131n ve yapt\u0131r\u0131mlar\u0131n ekonomik darbe vurmas\u0131na kar\u015f\u0131n, \u00e7at\u0131\u015fmalardan kazan\u00e7 elde edenler oldu\u011funa da dikkat \u00e7ekilen haberde, moloz toplamak, ithalat ve ka\u00e7ak d\u00f6vizlerden b\u00fcy\u00fck gelir sa\u011fland\u0131\u011f\u0131 belirtiliyor&#8230; Suriye\u2019deki sava\u015fa ili\u015fkin bir di\u011fer haber de Independent gazetesi yazar\u0131 Robert Fisk imzas\u0131 ta\u015f\u0131yor. Fisk, [&hellip;]<\/p>\n","protected":false},"author":3,"featured_media":0,"comment_status":"open","ping_status":"open","sticky":false,"template":"","format":"standard","meta":{"footnotes":""},"categories":[6,14,26],"tags":[],"class_list":["post-27244","post","type-post","status-publish","format-standard","hentry","category-ermeni-soykirimi","category-haberler","category-makaleler"],"yoast_head":"<!-- This site is optimized with the Yoast SEO plugin v27.4 - https:\/\/yoast.com\/product\/yoast-seo-wordpress\/ -->\n<title>T\u00fcrkiye&#039;ye &#039;soyk\u0131r\u0131m&#039; g\u00f6ndermesi! - Bati Ermenistan Ve Bati Ermenileri Sorunlari Ara\u015ftirmalar Merkezi<\/title>\n<meta name=\"robots\" content=\"index, follow, max-snippet:-1, max-image-preview:large, max-video-preview:-1\" \/>\n<link rel=\"canonical\" href=\"https:\/\/akunq.net\/turkish\/2013\/12\/05\/turkiyeye-soykirim-gondermesi\/\" \/>\n<meta property=\"og:locale\" content=\"en_US\" \/>\n<meta property=\"og:type\" content=\"article\" \/>\n<meta property=\"og:title\" content=\"T\u00fcrkiye&#039;ye &#039;soyk\u0131r\u0131m&#039; g\u00f6ndermesi! - Bati Ermenistan Ve Bati Ermenileri Sorunlari Ara\u015ftirmalar Merkezi\" \/>\n<meta property=\"og:description\" content=\"Financial Times gazetesinde Abigail Fielding-Smith imzal\u0131 bir haberde Suriye\u2019de \u2018sava\u015f ekonomisi\u2019 ele al\u0131n\u0131yor. Suriye\u2019deki sava\u015f\u0131n ve yapt\u0131r\u0131mlar\u0131n ekonomik darbe vurmas\u0131na kar\u015f\u0131n, \u00e7at\u0131\u015fmalardan kazan\u00e7 elde edenler oldu\u011funa da dikkat \u00e7ekilen haberde, moloz toplamak, ithalat ve ka\u00e7ak d\u00f6vizlerden b\u00fcy\u00fck gelir sa\u011fland\u0131\u011f\u0131 belirtiliyor&#8230; Suriye\u2019deki sava\u015fa ili\u015fkin bir di\u011fer haber de Independent gazetesi yazar\u0131 Robert Fisk imzas\u0131 ta\u015f\u0131yor. Fisk, [&hellip;]\" \/>\n<meta property=\"og:url\" content=\"https:\/\/akunq.net\/turkish\/2013\/12\/05\/turkiyeye-soykirim-gondermesi\/\" \/>\n<meta property=\"og:site_name\" content=\"Bati Ermenistan Ve Bati Ermenileri Sorunlari Ara\u015ftirmalar Merkezi\" \/>\n<meta property=\"article:published_time\" content=\"2013-12-05T07:15:39+00:00\" \/>\n<meta property=\"og:image\" content=\"http:\/\/fotocdncube.gazetevatan.com\/newpics\/news\/021220130923404816889_2.jpg\" \/>\n<meta name=\"author\" content=\"kalem\" \/>\n<meta name=\"twitter:card\" content=\"summary_large_image\" \/>\n<meta name=\"twitter:label1\" content=\"Written by\" \/>\n\t<meta name=\"twitter:data1\" content=\"kalem\" \/>\n\t<meta name=\"twitter:label2\" content=\"Est. reading time\" \/>\n\t<meta name=\"twitter:data2\" content=\"3 minutes\" \/>\n<script type=\"application\/ld+json\" class=\"yoast-schema-graph\">{\"@context\":\"https:\\\/\\\/schema.org\",\"@graph\":[{\"@type\":\"Article\",\"@id\":\"https:\\\/\\\/akunq.net\\\/turkish\\\/2013\\\/12\\\/05\\\/turkiyeye-soykirim-gondermesi\\\/#article\",\"isPartOf\":{\"@id\":\"https:\\\/\\\/akunq.net\\\/turkish\\\/2013\\\/12\\\/05\\\/turkiyeye-soykirim-gondermesi\\\/\"},\"author\":{\"name\":\"kalem\",\"@id\":\"https:\\\/\\\/akunq.net\\\/turkish\\\/#\\\/schema\\\/person\\\/135e7923d1aeb8887890799619969a6c\"},\"headline\":\"T\u00fcrkiye&#8217;ye &#8216;soyk\u0131r\u0131m&#8217; g\u00f6ndermesi!\",\"datePublished\":\"2013-12-05T07:15:39+00:00\",\"mainEntityOfPage\":{\"@id\":\"https:\\\/\\\/akunq.net\\\/turkish\\\/2013\\\/12\\\/05\\\/turkiyeye-soykirim-gondermesi\\\/\"},\"wordCount\":548,\"commentCount\":0,\"image\":{\"@id\":\"https:\\\/\\\/akunq.net\\\/turkish\\\/2013\\\/12\\\/05\\\/turkiyeye-soykirim-gondermesi\\\/#primaryimage\"},\"thumbnailUrl\":\"http:\\\/\\\/fotocdncube.gazetevatan.com\\\/newpics\\\/news\\\/021220130923404816889_2.jpg\",\"articleSection\":[\"Ermeni Soyk\u0131r\u0131m\u0131\",\"Haberler\",\"Makaleler\"],\"inLanguage\":\"en-US\",\"potentialAction\":[{\"@type\":\"CommentAction\",\"name\":\"Comment\",\"target\":[\"https:\\\/\\\/akunq.net\\\/turkish\\\/2013\\\/12\\\/05\\\/turkiyeye-soykirim-gondermesi\\\/#respond\"]}]},{\"@type\":\"WebPage\",\"@id\":\"https:\\\/\\\/akunq.net\\\/turkish\\\/2013\\\/12\\\/05\\\/turkiyeye-soykirim-gondermesi\\\/\",\"url\":\"https:\\\/\\\/akunq.net\\\/turkish\\\/2013\\\/12\\\/05\\\/turkiyeye-soykirim-gondermesi\\\/\",\"name\":\"T\u00fcrkiye'ye 'soyk\u0131r\u0131m' g\u00f6ndermesi! - Bati Ermenistan Ve Bati Ermenileri Sorunlari Ara\u015ftirmalar Merkezi\",\"isPartOf\":{\"@id\":\"https:\\\/\\\/akunq.net\\\/turkish\\\/#website\"},\"primaryImageOfPage\":{\"@id\":\"https:\\\/\\\/akunq.net\\\/turkish\\\/2013\\\/12\\\/05\\\/turkiyeye-soykirim-gondermesi\\\/#primaryimage\"},\"image\":{\"@id\":\"https:\\\/\\\/akunq.net\\\/turkish\\\/2013\\\/12\\\/05\\\/turkiyeye-soykirim-gondermesi\\\/#primaryimage\"},\"thumbnailUrl\":\"http:\\\/\\\/fotocdncube.gazetevatan.com\\\/newpics\\\/news\\\/021220130923404816889_2.jpg\",\"datePublished\":\"2013-12-05T07:15:39+00:00\",\"author\":{\"@id\":\"https:\\\/\\\/akunq.net\\\/turkish\\\/#\\\/schema\\\/person\\\/135e7923d1aeb8887890799619969a6c\"},\"breadcrumb\":{\"@id\":\"https:\\\/\\\/akunq.net\\\/turkish\\\/2013\\\/12\\\/05\\\/turkiyeye-soykirim-gondermesi\\\/#breadcrumb\"},\"inLanguage\":\"en-US\",\"potentialAction\":[{\"@type\":\"ReadAction\",\"target\":[\"https:\\\/\\\/akunq.net\\\/turkish\\\/2013\\\/12\\\/05\\\/turkiyeye-soykirim-gondermesi\\\/\"]}]},{\"@type\":\"ImageObject\",\"inLanguage\":\"en-US\",\"@id\":\"https:\\\/\\\/akunq.net\\\/turkish\\\/2013\\\/12\\\/05\\\/turkiyeye-soykirim-gondermesi\\\/#primaryimage\",\"url\":\"http:\\\/\\\/fotocdncube.gazetevatan.com\\\/newpics\\\/news\\\/021220130923404816889_2.jpg\",\"contentUrl\":\"http:\\\/\\\/fotocdncube.gazetevatan.com\\\/newpics\\\/news\\\/021220130923404816889_2.jpg\"},{\"@type\":\"BreadcrumbList\",\"@id\":\"https:\\\/\\\/akunq.net\\\/turkish\\\/2013\\\/12\\\/05\\\/turkiyeye-soykirim-gondermesi\\\/#breadcrumb\",\"itemListElement\":[{\"@type\":\"ListItem\",\"position\":1,\"name\":\"Home\",\"item\":\"https:\\\/\\\/akunq.net\\\/turkish\\\/\"},{\"@type\":\"ListItem\",\"position\":2,\"name\":\"T\u00fcrkiye&#8217;ye &#8216;soyk\u0131r\u0131m&#8217; g\u00f6ndermesi!\"}]},{\"@type\":\"WebSite\",\"@id\":\"https:\\\/\\\/akunq.net\\\/turkish\\\/#website\",\"url\":\"https:\\\/\\\/akunq.net\\\/turkish\\\/\",\"name\":\"Bati Ermenistan Ve Bati Ermenileri Sorunlari Ara\u015ftirmalar Merkezi\",\"description\":\"\",\"potentialAction\":[{\"@type\":\"SearchAction\",\"target\":{\"@type\":\"EntryPoint\",\"urlTemplate\":\"https:\\\/\\\/akunq.net\\\/turkish\\\/?s={search_term_string}\"},\"query-input\":{\"@type\":\"PropertyValueSpecification\",\"valueRequired\":true,\"valueName\":\"search_term_string\"}}],\"inLanguage\":\"en-US\"},{\"@type\":\"Person\",\"@id\":\"https:\\\/\\\/akunq.net\\\/turkish\\\/#\\\/schema\\\/person\\\/135e7923d1aeb8887890799619969a6c\",\"name\":\"kalem\",\"image\":{\"@type\":\"ImageObject\",\"inLanguage\":\"en-US\",\"@id\":\"https:\\\/\\\/secure.gravatar.com\\\/avatar\\\/a06875e4b25feb5674296adf8e8a7ae1e587cebce2493fe63c456109967e27d3?s=96&d=mm&r=g\",\"url\":\"https:\\\/\\\/secure.gravatar.com\\\/avatar\\\/a06875e4b25feb5674296adf8e8a7ae1e587cebce2493fe63c456109967e27d3?s=96&d=mm&r=g\",\"contentUrl\":\"https:\\\/\\\/secure.gravatar.com\\\/avatar\\\/a06875e4b25feb5674296adf8e8a7ae1e587cebce2493fe63c456109967e27d3?s=96&d=mm&r=g\",\"caption\":\"kalem\"},\"url\":\"https:\\\/\\\/akunq.net\\\/turkish\\\/author\\\/kalem\\\/\"}]}<\/script>\n<!-- \/ Yoast SEO plugin. -->","yoast_head_json":{"title":"T\u00fcrkiye'ye 'soyk\u0131r\u0131m' g\u00f6ndermesi! - Bati Ermenistan Ve Bati Ermenileri Sorunlari Ara\u015ftirmalar Merkezi","robots":{"index":"index","follow":"follow","max-snippet":"max-snippet:-1","max-image-preview":"max-image-preview:large","max-video-preview":"max-video-preview:-1"},"canonical":"https:\/\/akunq.net\/turkish\/2013\/12\/05\/turkiyeye-soykirim-gondermesi\/","og_locale":"en_US","og_type":"article","og_title":"T\u00fcrkiye'ye 'soyk\u0131r\u0131m' g\u00f6ndermesi! - Bati Ermenistan Ve Bati Ermenileri Sorunlari Ara\u015ftirmalar Merkezi","og_description":"Financial Times gazetesinde Abigail Fielding-Smith imzal\u0131 bir haberde Suriye\u2019de \u2018sava\u015f ekonomisi\u2019 ele al\u0131n\u0131yor. Suriye\u2019deki sava\u015f\u0131n ve yapt\u0131r\u0131mlar\u0131n ekonomik darbe vurmas\u0131na kar\u015f\u0131n, \u00e7at\u0131\u015fmalardan kazan\u00e7 elde edenler oldu\u011funa da dikkat \u00e7ekilen haberde, moloz toplamak, ithalat ve ka\u00e7ak d\u00f6vizlerden b\u00fcy\u00fck gelir sa\u011fland\u0131\u011f\u0131 belirtiliyor&#8230; Suriye\u2019deki sava\u015fa ili\u015fkin bir di\u011fer haber de Independent gazetesi yazar\u0131 Robert Fisk imzas\u0131 ta\u015f\u0131yor. Fisk, [&hellip;]","og_url":"https:\/\/akunq.net\/turkish\/2013\/12\/05\/turkiyeye-soykirim-gondermesi\/","og_site_name":"Bati Ermenistan Ve Bati Ermenileri Sorunlari Ara\u015ftirmalar Merkezi","article_published_time":"2013-12-05T07:15:39+00:00","og_image":[{"url":"http:\/\/fotocdncube.gazetevatan.com\/newpics\/news\/021220130923404816889_2.jpg","type":"","width":"","height":""}],"author":"kalem","twitter_card":"summary_large_image","twitter_misc":{"Written by":"kalem","Est. reading time":"3 minutes"},"schema":{"@context":"https:\/\/schema.org","@graph":[{"@type":"Article","@id":"https:\/\/akunq.net\/turkish\/2013\/12\/05\/turkiyeye-soykirim-gondermesi\/#article","isPartOf":{"@id":"https:\/\/akunq.net\/turkish\/2013\/12\/05\/turkiyeye-soykirim-gondermesi\/"},"author":{"name":"kalem","@id":"https:\/\/akunq.net\/turkish\/#\/schema\/person\/135e7923d1aeb8887890799619969a6c"},"headline":"T\u00fcrkiye&#8217;ye &#8216;soyk\u0131r\u0131m&#8217; g\u00f6ndermesi!","datePublished":"2013-12-05T07:15:39+00:00","mainEntityOfPage":{"@id":"https:\/\/akunq.net\/turkish\/2013\/12\/05\/turkiyeye-soykirim-gondermesi\/"},"wordCount":548,"commentCount":0,"image":{"@id":"https:\/\/akunq.net\/turkish\/2013\/12\/05\/turkiyeye-soykirim-gondermesi\/#primaryimage"},"thumbnailUrl":"http:\/\/fotocdncube.gazetevatan.com\/newpics\/news\/021220130923404816889_2.jpg","articleSection":["Ermeni Soyk\u0131r\u0131m\u0131","Haberler","Makaleler"],"inLanguage":"en-US","potentialAction":[{"@type":"CommentAction","name":"Comment","target":["https:\/\/akunq.net\/turkish\/2013\/12\/05\/turkiyeye-soykirim-gondermesi\/#respond"]}]},{"@type":"WebPage","@id":"https:\/\/akunq.net\/turkish\/2013\/12\/05\/turkiyeye-soykirim-gondermesi\/","url":"https:\/\/akunq.net\/turkish\/2013\/12\/05\/turkiyeye-soykirim-gondermesi\/","name":"T\u00fcrkiye'ye 'soyk\u0131r\u0131m' g\u00f6ndermesi! - Bati Ermenistan Ve Bati Ermenileri Sorunlari Ara\u015ftirmalar Merkezi","isPartOf":{"@id":"https:\/\/akunq.net\/turkish\/#website"},"primaryImageOfPage":{"@id":"https:\/\/akunq.net\/turkish\/2013\/12\/05\/turkiyeye-soykirim-gondermesi\/#primaryimage"},"image":{"@id":"https:\/\/akunq.net\/turkish\/2013\/12\/05\/turkiyeye-soykirim-gondermesi\/#primaryimage"},"thumbnailUrl":"http:\/\/fotocdncube.gazetevatan.com\/newpics\/news\/021220130923404816889_2.jpg","datePublished":"2013-12-05T07:15:39+00:00","author":{"@id":"https:\/\/akunq.net\/turkish\/#\/schema\/person\/135e7923d1aeb8887890799619969a6c"},"breadcrumb":{"@id":"https:\/\/akunq.net\/turkish\/2013\/12\/05\/turkiyeye-soykirim-gondermesi\/#breadcrumb"},"inLanguage":"en-US","potentialAction":[{"@type":"ReadAction","target":["https:\/\/akunq.net\/turkish\/2013\/12\/05\/turkiyeye-soykirim-gondermesi\/"]}]},{"@type":"ImageObject","inLanguage":"en-US","@id":"https:\/\/akunq.net\/turkish\/2013\/12\/05\/turkiyeye-soykirim-gondermesi\/#primaryimage","url":"http:\/\/fotocdncube.gazetevatan.com\/newpics\/news\/021220130923404816889_2.jpg","contentUrl":"http:\/\/fotocdncube.gazetevatan.com\/newpics\/news\/021220130923404816889_2.jpg"},{"@type":"BreadcrumbList","@id":"https:\/\/akunq.net\/turkish\/2013\/12\/05\/turkiyeye-soykirim-gondermesi\/#breadcrumb","itemListElement":[{"@type":"ListItem","position":1,"name":"Home","item":"https:\/\/akunq.net\/turkish\/"},{"@type":"ListItem","position":2,"name":"T\u00fcrkiye&#8217;ye &#8216;soyk\u0131r\u0131m&#8217; g\u00f6ndermesi!"}]},{"@type":"WebSite","@id":"https:\/\/akunq.net\/turkish\/#website","url":"https:\/\/akunq.net\/turkish\/","name":"Bati Ermenistan Ve Bati Ermenileri Sorunlari Ara\u015ftirmalar Merkezi","description":"","potentialAction":[{"@type":"SearchAction","target":{"@type":"EntryPoint","urlTemplate":"https:\/\/akunq.net\/turkish\/?s={search_term_string}"},"query-input":{"@type":"PropertyValueSpecification","valueRequired":true,"valueName":"search_term_string"}}],"inLanguage":"en-US"},{"@type":"Person","@id":"https:\/\/akunq.net\/turkish\/#\/schema\/person\/135e7923d1aeb8887890799619969a6c","name":"kalem","image":{"@type":"ImageObject","inLanguage":"en-US","@id":"https:\/\/secure.gravatar.com\/avatar\/a06875e4b25feb5674296adf8e8a7ae1e587cebce2493fe63c456109967e27d3?s=96&d=mm&r=g","url":"https:\/\/secure.gravatar.com\/avatar\/a06875e4b25feb5674296adf8e8a7ae1e587cebce2493fe63c456109967e27d3?s=96&d=mm&r=g","contentUrl":"https:\/\/secure.gravatar.com\/avatar\/a06875e4b25feb5674296adf8e8a7ae1e587cebce2493fe63c456109967e27d3?s=96&d=mm&r=g","caption":"kalem"},"url":"https:\/\/akunq.net\/turkish\/author\/kalem\/"}]}},"_links":{"self":[{"href":"https:\/\/akunq.net\/turkish\/wp-json\/wp\/v2\/posts\/27244","targetHints":{"allow":["GET"]}}],"collection":[{"href":"https:\/\/akunq.net\/turkish\/wp-json\/wp\/v2\/posts"}],"about":[{"href":"https:\/\/akunq.net\/turkish\/wp-json\/wp\/v2\/types\/post"}],"author":[{"embeddable":true,"href":"https:\/\/akunq.net\/turkish\/wp-json\/wp\/v2\/users\/3"}],"replies":[{"embeddable":true,"href":"https:\/\/akunq.net\/turkish\/wp-json\/wp\/v2\/comments?post=27244"}],"version-history":[{"count":0,"href":"https:\/\/akunq.net\/turkish\/wp-json\/wp\/v2\/posts\/27244\/revisions"}],"wp:attachment":[{"href":"https:\/\/akunq.net\/turkish\/wp-json\/wp\/v2\/media?parent=27244"}],"wp:term":[{"taxonomy":"category","embeddable":true,"href":"https:\/\/akunq.net\/turkish\/wp-json\/wp\/v2\/categories?post=27244"},{"taxonomy":"post_tag","embeddable":true,"href":"https:\/\/akunq.net\/turkish\/wp-json\/wp\/v2\/tags?post=27244"}],"curies":[{"name":"wp","href":"https:\/\/api.w.org\/{rel}","templated":true}]}}