{"id":27241,"date":"2013-12-04T02:46:42","date_gmt":"2013-12-04T07:46:42","guid":{"rendered":"http:\/\/akunq.net\/tr\/?p=27241"},"modified":"2013-12-04T02:46:42","modified_gmt":"2013-12-04T07:46:42","slug":"siyasi-gundem-ve-hristiyan-misyonerligi","status":"publish","type":"post","link":"https:\/\/akunq.net\/turkish\/2013\/12\/04\/siyasi-gundem-ve-hristiyan-misyonerligi\/","title":{"rendered":"Siyasi g\u00fcndem ve Hristiyan Misyonerli\u011fi"},"content":{"rendered":"<div><strong><img decoding=\"async\" class=\"alignright\" alt=\"Siyasi g\u00fcndem ve Hristiyan Misyonerli&amp;gbreve;i\" src=\"http:\/\/www.demokrathaber.net\/images\/yazarlar\/cem-ercin.jpg\" \/>Cem Ercin \/ <a href=\"mailto:cemercin75@hotmail.com\">cemercin75@hotmail.com<\/a><\/strong><\/div>\n<div style=\"text-align: justify\">\u00a0<\/div>\n<div style=\"text-align: justify\">Tahminim \u015fu ki, bu kavga k\u0131z\u0131\u015f\u0131rsa birileri AKP\u2019yi s\u0131k\u0131\u015ft\u0131rmak ad\u0131na mevcut iktidar\u0131 H\u0131ristiyan misyonerli\u011finin \u00f6n\u00fcn\u00fc a\u00e7\u0131yor propagandas\u0131yla y\u0131pratmak isteyecek. Bu birileri daha \u00f6nce Ergenekon zihniyetiydi \u015fimdiyse cemaat\u00e7i zihniyet. Yani AKP H\u0131ristiyan tebli\u011fci (hizmet) hareketini destekliyor propagandas\u0131n\u0131 yaparak mevcut h\u00fck\u00fcmeti kendi se\u00e7meninin g\u00f6z\u00fcnde y\u0131pratmaya \u00e7al\u0131\u015facak. Bu toplum ayn\u0131 yalanlar\u0131 bir daha yutar m\u0131 bilmem. Ama bilinmesi gereken \u015fu ki m\u00fcjdeci H\u0131ristiyan harekette en ufak bir tedirginlik yok. Bunun birka\u00e7 nedeni var. Birincisi ya\u015fad\u0131klar\u0131 \u00e7ok taze ve bu ya\u015fad\u0131klar\u0131ndan sonra bu hareket iyice pi\u015fti. Deneyimledi\u011fi olaylar silsilesi onlara \u00e7ok tecr\u00fcbe katt\u0131. \u0130kincisi bunun hizmetlerine katk\u0131s\u0131 olaca\u011f\u0131n\u0131, dolay\u0131s\u0131yla Tanr\u0131n\u0131n buna izin verdi\u011fine inan\u0131yorlar.<\/div>\n<div>\n<div style=\"text-align: justify\">***<\/div>\n<div style=\"text-align: justify\">Son g\u00fcnlerde en \u00f6nemli i\u00e7 siyasi g\u00fcndem Cemaat-AKP ayr\u0131\u015fmas\u0131. Bir\u00e7ok yazan-\u00e7izen bu konu \u00fczerine yorum getirirken benim gibi bir\u00e7o\u011funun da kendi g\u00fcndemleri var. Protestan din adam\u0131 kimli\u011fiyle hat\u0131rlanmak isteyen birisi olarak benim genelde yazma amac\u0131m biraz da uhreviyata dair bir bak\u0131\u015f a\u00e7\u0131s\u0131 ve belki insanlara bu yolla bilindik d\u00fcnyevi de\u011ferlemelerden farkl\u0131 sebep sonu\u00e7 ili\u015fkileri sunmak. Ama mevcut g\u00fcndem beni ve kuvvetli bir g\u00f6n\u00fcl ba\u011f\u0131m\u0131n oldu\u011fu T\u00fcrkiye hristiyanlar\u0131 misyoner hareketini ilgilendiriyor. Ortada T\u00fcrkiye\u2019deki en organize ve g\u00fc\u00e7l\u00fc \u0130slami bir cemaat ve bununla kavgal\u0131 olan AKP iktidar\u0131 var. Ve bu kavga b\u00fcy\u00fcrse korkum odur ki s\u0131k\u0131nt\u0131 \u00e7ekecek baz\u0131 guruplar olaca\u011f\u0131 gibi m\u00fcjdeci Hristiyanlar\u0131n da can\u0131 yanacak. Yan\u0131l\u0131yor olabilirim ama kula\u011f\u0131m\u0131za gelen birtak\u0131m haberler, hristiyan m\u00fcjde hareketi i\u00e7in \u00f6nceden g\u00f6rd\u00fc\u011f\u00fcm\u00fcz bir filmin ikinci bir versiyonunu izleyece\u011fimizi hissettiriyor bana.<\/div>\n<div style=\"text-align: justify\">\u00a0<\/div>\n<div style=\"text-align: justify\">K\u0131saca hat\u0131rlamak gerekirse 2000-2008 d\u00f6neminde devlet i\u00e7inden bir damar taraf\u0131ndan desteklendi\u011fini sonradan \u00f6\u011frendi\u011fimiz birtak\u0131m insanlar Avrasyac\u0131l\u0131k teziyle ortaya \u00e7\u0131kt\u0131. Ki bunlar bildi\u011fimiz Rus\u00e7uydu ama b\u00f6yle s\u00f6ylerseler taraftar toplayamayacaklar\u0131ndan kendilerini bu \u015fekilde adland\u0131rd\u0131lar.<\/div>\n<div style=\"text-align: justify\">\u00a0<\/div>\n<div style=\"text-align: justify\">Bunlar\u0131n birinci hedefi T\u00fcrkiye\u2019yi bat\u0131 ekseninden \u00e7\u0131kar\u0131p Rusya, \u0130ran, \u00c7in birlikteli\u011fine sokmakt\u0131. Bunun i\u00e7in s\u00f6ylemler belli; bat\u0131 k\u00f6t\u00fc, Amerika T\u00fckiye\u2019yi b\u00f6lmek istiyor. Bunlar\u0131n i\u00e7eride i\u015fbirlik\u00e7ileri var.<\/div>\n<div style=\"text-align: justify\">\u00a0<\/div>\n<div style=\"text-align: justify\">\u0130\u00e7eride birtak\u0131m kolay lokma d\u00fc\u015fmanlar \u00e7\u0131kartt\u0131lar, bunlardan bir tanesi de hristiyan misyoner (hizmet) hareketiydi. Hatta o derce ileri gittiler ki sahte bir tak\u0131m kiliseler kurup ba\u015flar\u0131na kendi adamlar\u0131n\u0131 past\u00f6r olarak getirmek suretiyle bu kesimi lekeleyecek eylemlere giri\u015ftiler. Sonradan bu pis tezgah ortaya \u00e7\u0131kt\u0131, hatta kulland\u0131klar\u0131 bu adamlardan bir tanesi daha sonra Ergenekon davas\u0131nda gizli tan\u0131k oldu. Ancak o d\u00f6nemde bu kesim i\u00e7in Tanr\u0131sal hizmet \u015fimdi burada yazamayaca\u011f\u0131m kadar zor ve tehlikeli bir hal alm\u0131\u015ft\u0131. Zaten finalde Malatya\u2019da \u00fc\u00e7 Tanr\u0131 hizmetkar\u0131n\u0131 orta\u00e7a\u011f metodlar\u0131yla hunharca ac\u0131 \u00e7ektire \u00e7ektire \u00f6ld\u00fcrd\u00fcler.<\/div>\n<div style=\"text-align: justify\">\u00a0<\/div>\n<div style=\"text-align: justify\">Bu t\u00fcr siyasi kavgalarda bir tak\u0131m kurbanlar se\u00e7ilir. Ve taraflar bu kurbanlar\u0131 tenis topu gibi birbirlerinin alanlar\u0131na atarlar. Nitekim \u015fimdilerde baz\u0131 internet siteleri baz\u0131 k\u00fc\u00e7\u00fck kiliselerimiz hakk\u0131nda masaba\u015f\u0131 karalama haber yapmaya ba\u015flad\u0131lar. Yine bildik gazete Yeni Akit ge\u00e7ti\u011fimiz hafta \u201c\u0130ncilin i\u00e7ine on lira koyuyorlar\u201d gibi y\u0131llanm\u0131\u015f bir yalan\u0131 haber diye \u00f6n\u00fcm\u00fcze koydu. Ayn\u0131 hafta Samsun kilisesinin past\u00f6r\u00fc olabilecek en sa\u00e7ma ve en mant\u0131ks\u0131z iftira ile i\u00e7eri al\u0131nd\u0131. Ayn\u0131 g\u00fcn serbest kald\u0131 ama haber oldu.<\/div>\n<div style=\"text-align: justify\">\u00a0<\/div>\n<div style=\"text-align: justify\">Tahminim \u015fu ki, bu kavga k\u0131z\u0131\u015f\u0131rsa birileri AKP\u2019yi s\u0131k\u0131\u015ft\u0131rmak ad\u0131na mevcut iktidar\u0131 hristiyan misyonerli\u011finin \u00f6n\u00fcn\u00fc a\u00e7\u0131yor propagandas\u0131yla y\u0131pratmak isteyecek. Bu birileri daha \u00f6nce Ergenekon zihniyetiydi \u015fimdiyse cemaatci zihniyet. Yani AKP hristiyan tebli\u011fci (hizmet)hareketini destekliyor propagandas\u0131n\u0131 yaparak mevcut h\u00fck\u00fcmeti kendi se\u00e7meninin g\u00f6z\u00fcnde y\u0131pratmaya \u00e7al\u0131\u015facak.<\/div>\n<div style=\"text-align: justify\">\u00a0<\/div>\n<div style=\"text-align: justify\">Bu toplum ayn\u0131 yalanlar\u0131 bir daha yutar m\u0131 bilmem. Ama bilinmesi gereken \u015fu ki m\u00fcjdeci Hristiyan harekette en ufak bir tedirginlik yok. Bunun birka\u00e7 nedeni var. Birincisi ya\u015fad\u0131klar\u0131 \u00e7ok taze ve bu ya\u015fad\u0131klar\u0131ndan sonra bu hareket iyice pi\u015fti. Deneyimledi\u011fi olaylar silsilesi onlara \u00e7ok tecr\u00fcbe katt\u0131. \u0130kincisi bunun hizmetlerine katk\u0131s\u0131 olaca\u011f\u0131n\u0131, dolay\u0131s\u0131yla Tanr\u0131n\u0131n buna izin verdi\u011fine inan\u0131yorlar.<\/div>\n<div style=\"text-align: justify\">\u00a0<\/div>\n<div style=\"text-align: justify\">Bir\u00e7ok ki\u015finin kula\u011f\u0131na tuhaf gelebilir ama malum uhrevi bir hareket ve daima Tanr\u0131 odakl\u0131 d\u00fc\u015f\u00fcn\u00fcyorlar.<\/div>\n<div style=\"text-align: justify\">\u00a0<\/div>\n<div style=\"text-align: justify\">Ve bu cesaret kayna\u011f\u0131 onlar i\u00e7in.<\/div>\n<div style=\"text-align: justify\">\u00a0<\/div>\n<div style=\"text-align: justify\">Anla\u015f\u0131lan o ki internet siteleri daha \u00e7ok ziyaret ediliyor, kiliseleri daha \u00e7ok dolu, onlara ba\u011fl\u0131 televizyon ve radyolar te\u015fvik edici rayting rakamlar\u0131na eri\u015fiyorlar. Bunun sebebi ortam\u0131n hararetli olmas\u0131. \u00c7\u00fcnk\u00fc insanlar merak ediyor. Bu da tebli\u011fcilerin aray\u0131p da bulamad\u0131\u011f\u0131 hizmet f\u0131rsat\u0131.<\/div>\n<div style=\"text-align: justify\">\u00a0<\/div>\n<div style=\"text-align: justify\">Yukar\u0131da yaz\u0131lanlar sadece basit bir paronaya da olabilir. Umar\u0131m \u00f6yledir!<\/div>\n<div style=\"text-align: justify\">\u00a0<\/div>\n<div style=\"text-align: justify\">Bir \u015fey var ki bu \u00fclkede son on y\u0131lda \u00e7ok h\u0131zl\u0131 de\u011fi\u015fimler ya\u015fand\u0131. Kim derdi ki bu \u00fclkenin \u201csahipleri\u201d yanlar\u0131na yakla\u015famayaca\u011f\u0131m\u0131z koca koca generaller hapisleri boylayacaklar. Bu olaylar\u0131n b\u00f6yle neticelenmesi kimilerine g\u00f6re bu halk\u0131n bilin\u00e7lenmesinden, kimilerine g\u00f6re Amerika\u2019n\u0131n etkisinden, kimilerine g\u00f6reyse mevcut iktidar\u0131n eseri. Ancak m\u00fcjdeci hristiyanlara sorarsan\u0131z uhrevi merkezli bir operasyon. Onlara g\u00f6re bu i\u015fin arkas\u0131nda Tanr\u0131sal bir dokunu\u015f var.<\/div>\n<div style=\"text-align: justify\">\u00a0<\/div>\n<div style=\"text-align: justify\">Demokrat Haber\u2019in takip\u00e7ilerinin Tanr\u0131 inanc\u0131n\u0131n derinli\u011fi nedir bilinmez. Ama e\u011fer hissetiklerim do\u011fruysa yak\u0131n zamanda Tanr\u0131ya hizmet etti\u011fini iddia eden iki hareket kar\u015f\u0131 kar\u015f\u0131ya gelebilir ve e\u011fer Tanr\u0131 tarafsa sadece birinin taraf\u0131ndad\u0131r. Ama dedim ya in\u015fallah bu sadece benim sa\u00e7ma paranoyamd\u0131r.<\/div>\n<div style=\"text-align: justify\">\u00a0<\/div>\n<div style=\"text-align: justify\">Tanr\u0131 bu \u00fclkeyi korusun.<\/div>\n<div style=\"text-align: justify\"><a href=\"http:\/\/www.demokrathaber.net\/siyasi-gundem-ve-hristiyan-misyonerligi-makale,7386.html\">http:\/\/www.demokrathaber.net\/siyasi-gundem-ve-hristiyan-misyonerligi-makale,7386.html<\/a><\/div>\n<\/div>\n","protected":false},"excerpt":{"rendered":"<p>Cem Ercin \/ cemercin75@hotmail.com \u00a0 Tahminim \u015fu ki, bu kavga k\u0131z\u0131\u015f\u0131rsa birileri AKP\u2019yi s\u0131k\u0131\u015ft\u0131rmak ad\u0131na mevcut iktidar\u0131 H\u0131ristiyan misyonerli\u011finin \u00f6n\u00fcn\u00fc a\u00e7\u0131yor propagandas\u0131yla y\u0131pratmak isteyecek. Bu birileri daha \u00f6nce Ergenekon zihniyetiydi \u015fimdiyse cemaat\u00e7i zihniyet. Yani AKP H\u0131ristiyan tebli\u011fci (hizmet) hareketini destekliyor propagandas\u0131n\u0131 yaparak mevcut h\u00fck\u00fcmeti kendi se\u00e7meninin g\u00f6z\u00fcnde y\u0131pratmaya \u00e7al\u0131\u015facak. Bu toplum ayn\u0131 yalanlar\u0131 bir daha [&hellip;]<\/p>\n","protected":false},"author":3,"featured_media":0,"comment_status":"open","ping_status":"open","sticky":false,"template":"","format":"standard","meta":{"footnotes":""},"categories":[14,26,42],"tags":[],"class_list":["post-27241","post","type-post","status-publish","format-standard","hentry","category-haberler","category-makaleler","category-turkiyede-azinliklar"],"yoast_head":"<!-- This site is optimized with the Yoast SEO plugin v27.4 - https:\/\/yoast.com\/product\/yoast-seo-wordpress\/ -->\n<title>Siyasi g\u00fcndem ve Hristiyan Misyonerli\u011fi - Bati Ermenistan Ve Bati Ermenileri Sorunlari Ara\u015ftirmalar Merkezi<\/title>\n<meta name=\"robots\" content=\"index, follow, max-snippet:-1, max-image-preview:large, max-video-preview:-1\" \/>\n<link rel=\"canonical\" href=\"https:\/\/akunq.net\/turkish\/2013\/12\/04\/siyasi-gundem-ve-hristiyan-misyonerligi\/\" \/>\n<meta property=\"og:locale\" content=\"en_US\" \/>\n<meta property=\"og:type\" content=\"article\" \/>\n<meta property=\"og:title\" content=\"Siyasi g\u00fcndem ve Hristiyan Misyonerli\u011fi - Bati Ermenistan Ve Bati Ermenileri Sorunlari Ara\u015ftirmalar Merkezi\" \/>\n<meta property=\"og:description\" content=\"Cem Ercin \/ cemercin75@hotmail.com \u00a0 Tahminim \u015fu ki, bu kavga k\u0131z\u0131\u015f\u0131rsa birileri AKP\u2019yi s\u0131k\u0131\u015ft\u0131rmak ad\u0131na mevcut iktidar\u0131 H\u0131ristiyan misyonerli\u011finin \u00f6n\u00fcn\u00fc a\u00e7\u0131yor propagandas\u0131yla y\u0131pratmak isteyecek. Bu birileri daha \u00f6nce Ergenekon zihniyetiydi \u015fimdiyse cemaat\u00e7i zihniyet. Yani AKP H\u0131ristiyan tebli\u011fci (hizmet) hareketini destekliyor propagandas\u0131n\u0131 yaparak mevcut h\u00fck\u00fcmeti kendi se\u00e7meninin g\u00f6z\u00fcnde y\u0131pratmaya \u00e7al\u0131\u015facak. Bu toplum ayn\u0131 yalanlar\u0131 bir daha [&hellip;]\" \/>\n<meta property=\"og:url\" content=\"https:\/\/akunq.net\/turkish\/2013\/12\/04\/siyasi-gundem-ve-hristiyan-misyonerligi\/\" \/>\n<meta property=\"og:site_name\" content=\"Bati Ermenistan Ve Bati Ermenileri Sorunlari Ara\u015ftirmalar Merkezi\" \/>\n<meta property=\"article:published_time\" content=\"2013-12-04T07:46:42+00:00\" \/>\n<meta property=\"og:image\" content=\"http:\/\/www.demokrathaber.net\/images\/yazarlar\/cem-ercin.jpg\" \/>\n<meta name=\"author\" content=\"kalem\" \/>\n<meta name=\"twitter:card\" content=\"summary_large_image\" \/>\n<meta name=\"twitter:label1\" content=\"Written by\" \/>\n\t<meta name=\"twitter:data1\" content=\"kalem\" \/>\n\t<meta name=\"twitter:label2\" content=\"Est. reading time\" \/>\n\t<meta name=\"twitter:data2\" content=\"5 minutes\" \/>\n<script type=\"application\/ld+json\" class=\"yoast-schema-graph\">{\"@context\":\"https:\\\/\\\/schema.org\",\"@graph\":[{\"@type\":\"Article\",\"@id\":\"https:\\\/\\\/akunq.net\\\/turkish\\\/2013\\\/12\\\/04\\\/siyasi-gundem-ve-hristiyan-misyonerligi\\\/#article\",\"isPartOf\":{\"@id\":\"https:\\\/\\\/akunq.net\\\/turkish\\\/2013\\\/12\\\/04\\\/siyasi-gundem-ve-hristiyan-misyonerligi\\\/\"},\"author\":{\"name\":\"kalem\",\"@id\":\"https:\\\/\\\/akunq.net\\\/turkish\\\/#\\\/schema\\\/person\\\/135e7923d1aeb8887890799619969a6c\"},\"headline\":\"Siyasi g\u00fcndem ve Hristiyan Misyonerli\u011fi\",\"datePublished\":\"2013-12-04T07:46:42+00:00\",\"mainEntityOfPage\":{\"@id\":\"https:\\\/\\\/akunq.net\\\/turkish\\\/2013\\\/12\\\/04\\\/siyasi-gundem-ve-hristiyan-misyonerligi\\\/\"},\"wordCount\":995,\"commentCount\":0,\"image\":{\"@id\":\"https:\\\/\\\/akunq.net\\\/turkish\\\/2013\\\/12\\\/04\\\/siyasi-gundem-ve-hristiyan-misyonerligi\\\/#primaryimage\"},\"thumbnailUrl\":\"http:\\\/\\\/www.demokrathaber.net\\\/images\\\/yazarlar\\\/cem-ercin.jpg\",\"articleSection\":[\"Haberler\",\"Makaleler\",\"T\u00fcrkiye\u2019de Az\u0131nl\u0131klar\"],\"inLanguage\":\"en-US\",\"potentialAction\":[{\"@type\":\"CommentAction\",\"name\":\"Comment\",\"target\":[\"https:\\\/\\\/akunq.net\\\/turkish\\\/2013\\\/12\\\/04\\\/siyasi-gundem-ve-hristiyan-misyonerligi\\\/#respond\"]}]},{\"@type\":\"WebPage\",\"@id\":\"https:\\\/\\\/akunq.net\\\/turkish\\\/2013\\\/12\\\/04\\\/siyasi-gundem-ve-hristiyan-misyonerligi\\\/\",\"url\":\"https:\\\/\\\/akunq.net\\\/turkish\\\/2013\\\/12\\\/04\\\/siyasi-gundem-ve-hristiyan-misyonerligi\\\/\",\"name\":\"Siyasi g\u00fcndem ve Hristiyan Misyonerli\u011fi - Bati Ermenistan Ve Bati Ermenileri Sorunlari Ara\u015ftirmalar Merkezi\",\"isPartOf\":{\"@id\":\"https:\\\/\\\/akunq.net\\\/turkish\\\/#website\"},\"primaryImageOfPage\":{\"@id\":\"https:\\\/\\\/akunq.net\\\/turkish\\\/2013\\\/12\\\/04\\\/siyasi-gundem-ve-hristiyan-misyonerligi\\\/#primaryimage\"},\"image\":{\"@id\":\"https:\\\/\\\/akunq.net\\\/turkish\\\/2013\\\/12\\\/04\\\/siyasi-gundem-ve-hristiyan-misyonerligi\\\/#primaryimage\"},\"thumbnailUrl\":\"http:\\\/\\\/www.demokrathaber.net\\\/images\\\/yazarlar\\\/cem-ercin.jpg\",\"datePublished\":\"2013-12-04T07:46:42+00:00\",\"author\":{\"@id\":\"https:\\\/\\\/akunq.net\\\/turkish\\\/#\\\/schema\\\/person\\\/135e7923d1aeb8887890799619969a6c\"},\"breadcrumb\":{\"@id\":\"https:\\\/\\\/akunq.net\\\/turkish\\\/2013\\\/12\\\/04\\\/siyasi-gundem-ve-hristiyan-misyonerligi\\\/#breadcrumb\"},\"inLanguage\":\"en-US\",\"potentialAction\":[{\"@type\":\"ReadAction\",\"target\":[\"https:\\\/\\\/akunq.net\\\/turkish\\\/2013\\\/12\\\/04\\\/siyasi-gundem-ve-hristiyan-misyonerligi\\\/\"]}]},{\"@type\":\"ImageObject\",\"inLanguage\":\"en-US\",\"@id\":\"https:\\\/\\\/akunq.net\\\/turkish\\\/2013\\\/12\\\/04\\\/siyasi-gundem-ve-hristiyan-misyonerligi\\\/#primaryimage\",\"url\":\"http:\\\/\\\/www.demokrathaber.net\\\/images\\\/yazarlar\\\/cem-ercin.jpg\",\"contentUrl\":\"http:\\\/\\\/www.demokrathaber.net\\\/images\\\/yazarlar\\\/cem-ercin.jpg\"},{\"@type\":\"BreadcrumbList\",\"@id\":\"https:\\\/\\\/akunq.net\\\/turkish\\\/2013\\\/12\\\/04\\\/siyasi-gundem-ve-hristiyan-misyonerligi\\\/#breadcrumb\",\"itemListElement\":[{\"@type\":\"ListItem\",\"position\":1,\"name\":\"Home\",\"item\":\"https:\\\/\\\/akunq.net\\\/turkish\\\/\"},{\"@type\":\"ListItem\",\"position\":2,\"name\":\"Siyasi g\u00fcndem ve Hristiyan Misyonerli\u011fi\"}]},{\"@type\":\"WebSite\",\"@id\":\"https:\\\/\\\/akunq.net\\\/turkish\\\/#website\",\"url\":\"https:\\\/\\\/akunq.net\\\/turkish\\\/\",\"name\":\"Bati Ermenistan Ve Bati Ermenileri Sorunlari Ara\u015ftirmalar Merkezi\",\"description\":\"\",\"potentialAction\":[{\"@type\":\"SearchAction\",\"target\":{\"@type\":\"EntryPoint\",\"urlTemplate\":\"https:\\\/\\\/akunq.net\\\/turkish\\\/?s={search_term_string}\"},\"query-input\":{\"@type\":\"PropertyValueSpecification\",\"valueRequired\":true,\"valueName\":\"search_term_string\"}}],\"inLanguage\":\"en-US\"},{\"@type\":\"Person\",\"@id\":\"https:\\\/\\\/akunq.net\\\/turkish\\\/#\\\/schema\\\/person\\\/135e7923d1aeb8887890799619969a6c\",\"name\":\"kalem\",\"image\":{\"@type\":\"ImageObject\",\"inLanguage\":\"en-US\",\"@id\":\"https:\\\/\\\/secure.gravatar.com\\\/avatar\\\/a06875e4b25feb5674296adf8e8a7ae1e587cebce2493fe63c456109967e27d3?s=96&d=mm&r=g\",\"url\":\"https:\\\/\\\/secure.gravatar.com\\\/avatar\\\/a06875e4b25feb5674296adf8e8a7ae1e587cebce2493fe63c456109967e27d3?s=96&d=mm&r=g\",\"contentUrl\":\"https:\\\/\\\/secure.gravatar.com\\\/avatar\\\/a06875e4b25feb5674296adf8e8a7ae1e587cebce2493fe63c456109967e27d3?s=96&d=mm&r=g\",\"caption\":\"kalem\"},\"url\":\"https:\\\/\\\/akunq.net\\\/turkish\\\/author\\\/kalem\\\/\"}]}<\/script>\n<!-- \/ Yoast SEO plugin. -->","yoast_head_json":{"title":"Siyasi g\u00fcndem ve Hristiyan Misyonerli\u011fi - Bati Ermenistan Ve Bati Ermenileri Sorunlari Ara\u015ftirmalar Merkezi","robots":{"index":"index","follow":"follow","max-snippet":"max-snippet:-1","max-image-preview":"max-image-preview:large","max-video-preview":"max-video-preview:-1"},"canonical":"https:\/\/akunq.net\/turkish\/2013\/12\/04\/siyasi-gundem-ve-hristiyan-misyonerligi\/","og_locale":"en_US","og_type":"article","og_title":"Siyasi g\u00fcndem ve Hristiyan Misyonerli\u011fi - Bati Ermenistan Ve Bati Ermenileri Sorunlari Ara\u015ftirmalar Merkezi","og_description":"Cem Ercin \/ cemercin75@hotmail.com \u00a0 Tahminim \u015fu ki, bu kavga k\u0131z\u0131\u015f\u0131rsa birileri AKP\u2019yi s\u0131k\u0131\u015ft\u0131rmak ad\u0131na mevcut iktidar\u0131 H\u0131ristiyan misyonerli\u011finin \u00f6n\u00fcn\u00fc a\u00e7\u0131yor propagandas\u0131yla y\u0131pratmak isteyecek. Bu birileri daha \u00f6nce Ergenekon zihniyetiydi \u015fimdiyse cemaat\u00e7i zihniyet. Yani AKP H\u0131ristiyan tebli\u011fci (hizmet) hareketini destekliyor propagandas\u0131n\u0131 yaparak mevcut h\u00fck\u00fcmeti kendi se\u00e7meninin g\u00f6z\u00fcnde y\u0131pratmaya \u00e7al\u0131\u015facak. Bu toplum ayn\u0131 yalanlar\u0131 bir daha [&hellip;]","og_url":"https:\/\/akunq.net\/turkish\/2013\/12\/04\/siyasi-gundem-ve-hristiyan-misyonerligi\/","og_site_name":"Bati Ermenistan Ve Bati Ermenileri Sorunlari Ara\u015ftirmalar Merkezi","article_published_time":"2013-12-04T07:46:42+00:00","og_image":[{"url":"http:\/\/www.demokrathaber.net\/images\/yazarlar\/cem-ercin.jpg","type":"","width":"","height":""}],"author":"kalem","twitter_card":"summary_large_image","twitter_misc":{"Written by":"kalem","Est. reading time":"5 minutes"},"schema":{"@context":"https:\/\/schema.org","@graph":[{"@type":"Article","@id":"https:\/\/akunq.net\/turkish\/2013\/12\/04\/siyasi-gundem-ve-hristiyan-misyonerligi\/#article","isPartOf":{"@id":"https:\/\/akunq.net\/turkish\/2013\/12\/04\/siyasi-gundem-ve-hristiyan-misyonerligi\/"},"author":{"name":"kalem","@id":"https:\/\/akunq.net\/turkish\/#\/schema\/person\/135e7923d1aeb8887890799619969a6c"},"headline":"Siyasi g\u00fcndem ve Hristiyan Misyonerli\u011fi","datePublished":"2013-12-04T07:46:42+00:00","mainEntityOfPage":{"@id":"https:\/\/akunq.net\/turkish\/2013\/12\/04\/siyasi-gundem-ve-hristiyan-misyonerligi\/"},"wordCount":995,"commentCount":0,"image":{"@id":"https:\/\/akunq.net\/turkish\/2013\/12\/04\/siyasi-gundem-ve-hristiyan-misyonerligi\/#primaryimage"},"thumbnailUrl":"http:\/\/www.demokrathaber.net\/images\/yazarlar\/cem-ercin.jpg","articleSection":["Haberler","Makaleler","T\u00fcrkiye\u2019de Az\u0131nl\u0131klar"],"inLanguage":"en-US","potentialAction":[{"@type":"CommentAction","name":"Comment","target":["https:\/\/akunq.net\/turkish\/2013\/12\/04\/siyasi-gundem-ve-hristiyan-misyonerligi\/#respond"]}]},{"@type":"WebPage","@id":"https:\/\/akunq.net\/turkish\/2013\/12\/04\/siyasi-gundem-ve-hristiyan-misyonerligi\/","url":"https:\/\/akunq.net\/turkish\/2013\/12\/04\/siyasi-gundem-ve-hristiyan-misyonerligi\/","name":"Siyasi g\u00fcndem ve Hristiyan Misyonerli\u011fi - Bati Ermenistan Ve Bati Ermenileri Sorunlari Ara\u015ftirmalar Merkezi","isPartOf":{"@id":"https:\/\/akunq.net\/turkish\/#website"},"primaryImageOfPage":{"@id":"https:\/\/akunq.net\/turkish\/2013\/12\/04\/siyasi-gundem-ve-hristiyan-misyonerligi\/#primaryimage"},"image":{"@id":"https:\/\/akunq.net\/turkish\/2013\/12\/04\/siyasi-gundem-ve-hristiyan-misyonerligi\/#primaryimage"},"thumbnailUrl":"http:\/\/www.demokrathaber.net\/images\/yazarlar\/cem-ercin.jpg","datePublished":"2013-12-04T07:46:42+00:00","author":{"@id":"https:\/\/akunq.net\/turkish\/#\/schema\/person\/135e7923d1aeb8887890799619969a6c"},"breadcrumb":{"@id":"https:\/\/akunq.net\/turkish\/2013\/12\/04\/siyasi-gundem-ve-hristiyan-misyonerligi\/#breadcrumb"},"inLanguage":"en-US","potentialAction":[{"@type":"ReadAction","target":["https:\/\/akunq.net\/turkish\/2013\/12\/04\/siyasi-gundem-ve-hristiyan-misyonerligi\/"]}]},{"@type":"ImageObject","inLanguage":"en-US","@id":"https:\/\/akunq.net\/turkish\/2013\/12\/04\/siyasi-gundem-ve-hristiyan-misyonerligi\/#primaryimage","url":"http:\/\/www.demokrathaber.net\/images\/yazarlar\/cem-ercin.jpg","contentUrl":"http:\/\/www.demokrathaber.net\/images\/yazarlar\/cem-ercin.jpg"},{"@type":"BreadcrumbList","@id":"https:\/\/akunq.net\/turkish\/2013\/12\/04\/siyasi-gundem-ve-hristiyan-misyonerligi\/#breadcrumb","itemListElement":[{"@type":"ListItem","position":1,"name":"Home","item":"https:\/\/akunq.net\/turkish\/"},{"@type":"ListItem","position":2,"name":"Siyasi g\u00fcndem ve Hristiyan Misyonerli\u011fi"}]},{"@type":"WebSite","@id":"https:\/\/akunq.net\/turkish\/#website","url":"https:\/\/akunq.net\/turkish\/","name":"Bati Ermenistan Ve Bati Ermenileri Sorunlari Ara\u015ftirmalar Merkezi","description":"","potentialAction":[{"@type":"SearchAction","target":{"@type":"EntryPoint","urlTemplate":"https:\/\/akunq.net\/turkish\/?s={search_term_string}"},"query-input":{"@type":"PropertyValueSpecification","valueRequired":true,"valueName":"search_term_string"}}],"inLanguage":"en-US"},{"@type":"Person","@id":"https:\/\/akunq.net\/turkish\/#\/schema\/person\/135e7923d1aeb8887890799619969a6c","name":"kalem","image":{"@type":"ImageObject","inLanguage":"en-US","@id":"https:\/\/secure.gravatar.com\/avatar\/a06875e4b25feb5674296adf8e8a7ae1e587cebce2493fe63c456109967e27d3?s=96&d=mm&r=g","url":"https:\/\/secure.gravatar.com\/avatar\/a06875e4b25feb5674296adf8e8a7ae1e587cebce2493fe63c456109967e27d3?s=96&d=mm&r=g","contentUrl":"https:\/\/secure.gravatar.com\/avatar\/a06875e4b25feb5674296adf8e8a7ae1e587cebce2493fe63c456109967e27d3?s=96&d=mm&r=g","caption":"kalem"},"url":"https:\/\/akunq.net\/turkish\/author\/kalem\/"}]}},"_links":{"self":[{"href":"https:\/\/akunq.net\/turkish\/wp-json\/wp\/v2\/posts\/27241","targetHints":{"allow":["GET"]}}],"collection":[{"href":"https:\/\/akunq.net\/turkish\/wp-json\/wp\/v2\/posts"}],"about":[{"href":"https:\/\/akunq.net\/turkish\/wp-json\/wp\/v2\/types\/post"}],"author":[{"embeddable":true,"href":"https:\/\/akunq.net\/turkish\/wp-json\/wp\/v2\/users\/3"}],"replies":[{"embeddable":true,"href":"https:\/\/akunq.net\/turkish\/wp-json\/wp\/v2\/comments?post=27241"}],"version-history":[{"count":0,"href":"https:\/\/akunq.net\/turkish\/wp-json\/wp\/v2\/posts\/27241\/revisions"}],"wp:attachment":[{"href":"https:\/\/akunq.net\/turkish\/wp-json\/wp\/v2\/media?parent=27241"}],"wp:term":[{"taxonomy":"category","embeddable":true,"href":"https:\/\/akunq.net\/turkish\/wp-json\/wp\/v2\/categories?post=27241"},{"taxonomy":"post_tag","embeddable":true,"href":"https:\/\/akunq.net\/turkish\/wp-json\/wp\/v2\/tags?post=27241"}],"curies":[{"name":"wp","href":"https:\/\/api.w.org\/{rel}","templated":true}]}}