{"id":27220,"date":"2013-12-03T02:02:53","date_gmt":"2013-12-03T07:02:53","guid":{"rendered":"http:\/\/akunq.net\/tr\/?p=27220"},"modified":"2013-12-03T02:02:53","modified_gmt":"2013-12-03T07:02:53","slug":"orhan-cengiz-turkiyenin-soykirim-anitina-giden-basbakan-olacak-mi","status":"publish","type":"post","link":"https:\/\/akunq.net\/turkish\/2013\/12\/03\/orhan-cengiz-turkiyenin-soykirim-anitina-giden-basbakan-olacak-mi\/","title":{"rendered":"Orhan Cengiz: T\u00fcrkiye\u2019nin Soyk\u0131r\u0131m an\u0131t\u0131na giden Ba\u015fbakan olacak m\u0131?"},"content":{"rendered":"<p style=\"text-align: justify\"><span style=\"font-family: Arial, Helvetica, sans-serif;font-size: small\"><i><a href=\"http:\/\/akunq.net\/tr\/wp-content\/uploads\/2013\/12\/Orhan-Kemal-Cengiz.jpg\"><img loading=\"lazy\" decoding=\"async\" class=\"alignright size-medium wp-image-27221\" alt=\"Orhan-Kemal-Cengiz\" src=\"http:\/\/akunq.net\/tr\/wp-content\/uploads\/2013\/12\/Orhan-Kemal-Cengiz-300x173.jpg\" width=\"300\" height=\"173\" \/><\/a>Radikal gazetesinin yazar\u0131 Orhan Kemal Cengiz \u201cErdo\u011fan soyk\u0131r\u0131m an\u0131t\u0131na gitmeyecekse\u201d ba\u015fl\u0131kl\u0131 yaz\u0131s\u0131nda Ermeni Soyk\u0131r\u0131m\u0131 ile ilgili T\u00fcrkiye makamlar\u0131n\u0131n y\u00fcr\u00fctt\u00fc\u011f\u00fc politikas\u0131na de\u011findi. <\/i><\/span><\/p>\n<p style=\"text-align: justify\"><span style=\"font-family: Arial, Helvetica, sans-serif;font-size: small\">Geceden ya\u011fmur ya\u011fm\u0131\u015f olmal\u0131. Yar\u0131 \u0131slakt\u0131 merdivenler. Hava kur\u015fun rengi bulutlarla kapal\u0131. Sanki Var\u015fova tarihe not d\u00fc\u015f\u00fclecek o g\u00fcne haz\u0131rlanm\u0131\u015ft\u0131. 7 Aral\u0131k 1970. Polonya\u2019y\u0131 ziyaret etmekte olan Alman Ba\u015fbakan\u0131 Willy Brandt, Polonyal\u0131 Yahudi kurbanlar\u0131n an\u0131s\u0131na dikilmi\u015f olan an\u0131ta beyaz karanfiller b\u0131rakt\u0131 \u00f6nce. Karanfilleri b\u0131rakt\u0131ktan sonra, \u00fczerlerindeki kurdeleyi d\u00fczeltti. Bir-iki ad\u0131m att\u0131 geriye. Ve sonra tarihin ak\u0131\u015f\u0131n\u0131 de\u011fi\u015ftirecek o hareketi yapt\u0131. Yava\u015f yava\u015f yava\u015f dizlerinin \u00fczerine \u00e7\u00f6kt\u00fc \u0131slak merdivenlerin \u00fczerinde&#8230; Ellerini \u00f6n\u00fcnde birle\u015ftirdi. Bir tek kelime bile s\u00f6ylemeden, \u00e7\u0131t \u00e7\u0131karmadan \u00f6ylece durdu orada. Bir tek kelime bile s\u00f6ylemeden, k\u00fct\u00fcphaneler dolusu kitab\u0131n s\u00f6yleyemeyece\u011fi \u015feyleri s\u00f6yledi. Yere \u00e7\u00f6kerken kendi ulusunu y\u00fcceltti; Yahudi kurbanlar\u0131n ruhlar\u0131n\u0131 \u015fad etti.\u00a0<\/p>\n<p>Bizim de bir g\u00fcn Brandt \u00e7ap\u0131nda, onun kadar cesur bir ba\u015fbakan\u0131m\u0131z olacak m\u0131? Bir g\u00fcn T\u00fcrkiye de, Ermeni soyk\u0131r\u0131m\u0131n\u0131 ink\u00e2r etmenin lekesini bu milletin aln\u0131ndan silecek bir lider \u00e7\u0131karabilecek mi?\u00a0<\/p>\n<p>2009\u2019da Erdo\u011fan\u2019\u0131n o s\u00f6zlerini duyunca y\u00fcre\u011fim p\u0131r p\u0131r etmi\u015fti. Ben dindar insanlar\u0131n vicdan\u0131na g\u00fcvenirim. Erdo\u011fan\u2019\u0131n dindar taraf\u0131n\u0131n konu\u015ftu\u011funu ve i\u015fte tam da o taraf\u0131n y\u00fcz y\u0131ll\u0131k bu d\u00fc\u011f\u00fcm\u00fc \u00e7\u00f6zece\u011fini d\u00fc\u015f\u00fcnm\u00fc\u015ft\u00fcm. \u201cFarkl\u0131 etnik kimlikte olanlar \u00fclkemizden kovuldu. Bu asl\u0131nda fa\u015fizan bir yakla\u015f\u0131m\u0131n neticesiydi\u201d demi\u015fti Erdo\u011fan. Bu milletin idrak ve vicdan\u0131ndaki kire\u00e7lenmeyi eliyle siliyordu Ba\u015fbakan. Ama maalesef o laflar orada kald\u0131. Bug\u00fcn Erdo\u011fan, T\u00fcrkiye vatanda\u015flar\u0131ndan bahsederken gayrim\u00fcslimleri a\u011fz\u0131na bile alm\u0131yor.\u00a0<\/p>\n<p>Ve medyaya s\u0131zan haberlerden anl\u0131yoruz ki h\u00fck\u00fcmet bu \u00fclkenin y\u00fcz y\u0131ll\u0131k ezberlerine s\u0131ms\u0131k\u0131 sar\u0131lma konusunda hi\u00e7 kimseden geri kalmak istemiyor.\u00a0<\/p>\n<p>Davuto\u011flu bir taraftan \u0130svi\u00e7re\u2019den Ermenistan\u2019la sorunlar\u0131n giderilmesi i\u00e7in perde arkas\u0131nda arabuluculuk yapmas\u0131n\u0131 istiyor ama \u00f6b\u00fcr taraftan da diplomatik maharetlerini Ermenilerin Cenevre\u2019de dikmek istedikleri bir an\u0131t\u0131 engellemek i\u00e7in kullan\u0131yor.\u00a0<\/p>\n<p>B\u00fclent Ar\u0131n\u00e7 Meclis\u2019te yapt\u0131\u011f\u0131 bir konu\u015fmada Ermeni soyk\u0131r\u0131m\u0131n\u0131n 100. y\u0131l\u0131 olan 2015 i\u00e7in \u2018b\u00fct\u00fcn d\u00fcnya \u00fclkelerini kamu diplomasisi a\u00e7\u0131s\u0131ndan etkileyebilecek \u00e7ok \u00f6zel \u00e7al\u0131\u015fmalar\u2019 yapt\u0131klar\u0131ndan bahsediyor. Sanki \u00e7ok matah bir i\u015fmi\u015f gibi&#8230;\u00a0<\/p>\n<p>T\u00fcrk Tarih Kurumu 2015\u2019i kar\u015f\u0131lamak i\u00e7in kitaplar \u00e7\u0131karacakm\u0131\u015f. Ba\u015fbakanl\u0131k ve D\u0131\u015fi\u015fleri Bakanl\u0131\u011f\u0131 b\u00fcnyesinde b\u00fct\u00fcn d\u00fcnyaya \u2018T\u00fcrk tezlerini\u2019 anlatmak i\u00e7in birimler kurulmu\u015f&#8230;\u00a0<\/p>\n<p>Hi\u00e7bir konuda bir araya gelemeyen siyasi partilerimiz, konu 1915 olunca bir araya gelmi\u015fler, CHP, MHP ve AK Partili vekiller Meclis\u2019te T\u00fcrkiye\u2019nin \u20182015 stratejisi\u2019ni tart\u0131\u015fm\u0131\u015flar&#8230;\u00a0<\/p>\n<p>Bu \u00fclkede canlar\u0131n\u0131 kaybetmi\u015f, tecav\u00fcze u\u011fram\u0131\u015f, ruhlar\u0131 say\u0131s\u0131z i\u015fkenceden ge\u00e7mi\u015f ma\u011fdurlar \u00f6n\u00fcnde sayg\u0131yla e\u011filme y\u00fcreklili\u011fini g\u00f6steremiyorsak e\u011fer, bari susmay\u0131, hareketsiz kalmay\u0131 becerebilsek&#8230;\u00a0<\/p>\n<p>Brandt gibi, dizlerinin \u00fczerine \u00e7\u00f6kerek ulusunun k\u0131r\u0131lan onurunu onarmay\u0131 ba\u015farabilen bir lider \u00e7\u0131karam\u0131yorsak e\u011fer, hi\u00e7 olmazsa, ink\u00e2r etmek i\u00e7in d\u00fcnya \u00e7ap\u0131nda yapt\u0131\u011f\u0131m\u0131z giri\u015fimlerle \u00f6v\u00fcnmekten vazge\u00e7sek&#8230;\u00a0<\/p>\n<p>Hareket etme, ger\u00e7ek bir \u015fey yapma cesareti g\u00f6steremiyorsak e\u011fer, bari susmay\u0131, hi\u00e7bir \u015fey yapmamay\u0131 becerebilsek&#8230;\u00a0<br \/>\nBiraz tefekk\u00fcr etsek&#8230;<\/span><\/p>\n<p style=\"text-align: justify\"><span style=\"font-family: Arial, Helvetica, sans-serif;font-size: small\"><b>Ermenihaber.am<\/b><\/span><\/p>\n","protected":false},"excerpt":{"rendered":"<p>Radikal gazetesinin yazar\u0131 Orhan Kemal Cengiz \u201cErdo\u011fan soyk\u0131r\u0131m an\u0131t\u0131na gitmeyecekse\u201d ba\u015fl\u0131kl\u0131 yaz\u0131s\u0131nda Ermeni Soyk\u0131r\u0131m\u0131 ile ilgili T\u00fcrkiye makamlar\u0131n\u0131n y\u00fcr\u00fctt\u00fc\u011f\u00fc politikas\u0131na de\u011findi. Geceden ya\u011fmur ya\u011fm\u0131\u015f olmal\u0131. Yar\u0131 \u0131slakt\u0131 merdivenler. Hava kur\u015fun rengi bulutlarla kapal\u0131. Sanki Var\u015fova tarihe not d\u00fc\u015f\u00fclecek o g\u00fcne haz\u0131rlanm\u0131\u015ft\u0131. 7 Aral\u0131k 1970. Polonya\u2019y\u0131 ziyaret etmekte olan Alman Ba\u015fbakan\u0131 Willy Brandt, Polonyal\u0131 Yahudi kurbanlar\u0131n [&hellip;]<\/p>\n","protected":false},"author":3,"featured_media":0,"comment_status":"open","ping_status":"open","sticky":false,"template":"","format":"standard","meta":{"footnotes":""},"categories":[6,14,26],"tags":[],"class_list":["post-27220","post","type-post","status-publish","format-standard","hentry","category-ermeni-soykirimi","category-haberler","category-makaleler"],"yoast_head":"<!-- This site is optimized with the Yoast SEO plugin v27.4 - https:\/\/yoast.com\/product\/yoast-seo-wordpress\/ -->\n<title>Orhan Cengiz: T\u00fcrkiye\u2019nin Soyk\u0131r\u0131m an\u0131t\u0131na giden Ba\u015fbakan olacak m\u0131? - Bati Ermenistan Ve Bati Ermenileri Sorunlari Ara\u015ftirmalar Merkezi<\/title>\n<meta name=\"robots\" content=\"index, follow, max-snippet:-1, max-image-preview:large, max-video-preview:-1\" \/>\n<link rel=\"canonical\" href=\"https:\/\/akunq.net\/turkish\/2013\/12\/03\/orhan-cengiz-turkiyenin-soykirim-anitina-giden-basbakan-olacak-mi\/\" \/>\n<meta property=\"og:locale\" content=\"en_US\" \/>\n<meta property=\"og:type\" content=\"article\" \/>\n<meta property=\"og:title\" content=\"Orhan Cengiz: T\u00fcrkiye\u2019nin Soyk\u0131r\u0131m an\u0131t\u0131na giden Ba\u015fbakan olacak m\u0131? - Bati Ermenistan Ve Bati Ermenileri Sorunlari Ara\u015ftirmalar Merkezi\" \/>\n<meta property=\"og:description\" content=\"Radikal gazetesinin yazar\u0131 Orhan Kemal Cengiz \u201cErdo\u011fan soyk\u0131r\u0131m an\u0131t\u0131na gitmeyecekse\u201d ba\u015fl\u0131kl\u0131 yaz\u0131s\u0131nda Ermeni Soyk\u0131r\u0131m\u0131 ile ilgili T\u00fcrkiye makamlar\u0131n\u0131n y\u00fcr\u00fctt\u00fc\u011f\u00fc politikas\u0131na de\u011findi. Geceden ya\u011fmur ya\u011fm\u0131\u015f olmal\u0131. Yar\u0131 \u0131slakt\u0131 merdivenler. Hava kur\u015fun rengi bulutlarla kapal\u0131. Sanki Var\u015fova tarihe not d\u00fc\u015f\u00fclecek o g\u00fcne haz\u0131rlanm\u0131\u015ft\u0131. 7 Aral\u0131k 1970. Polonya\u2019y\u0131 ziyaret etmekte olan Alman Ba\u015fbakan\u0131 Willy Brandt, Polonyal\u0131 Yahudi kurbanlar\u0131n [&hellip;]\" \/>\n<meta property=\"og:url\" content=\"https:\/\/akunq.net\/turkish\/2013\/12\/03\/orhan-cengiz-turkiyenin-soykirim-anitina-giden-basbakan-olacak-mi\/\" \/>\n<meta property=\"og:site_name\" content=\"Bati Ermenistan Ve Bati Ermenileri Sorunlari Ara\u015ftirmalar Merkezi\" \/>\n<meta property=\"article:published_time\" content=\"2013-12-03T07:02:53+00:00\" \/>\n<meta property=\"og:image\" content=\"https:\/\/akunq.net\/turkish\/wp-content\/uploads\/sites\/5\/2013\/12\/Orhan-Kemal-Cengiz.jpg\" \/>\n\t<meta property=\"og:image:width\" content=\"420\" \/>\n\t<meta property=\"og:image:height\" content=\"243\" \/>\n\t<meta property=\"og:image:type\" content=\"image\/jpeg\" \/>\n<meta name=\"author\" content=\"kalem\" \/>\n<meta name=\"twitter:card\" content=\"summary_large_image\" \/>\n<meta name=\"twitter:label1\" content=\"Written by\" \/>\n\t<meta name=\"twitter:data1\" content=\"kalem\" \/>\n\t<meta name=\"twitter:label2\" content=\"Est. reading time\" \/>\n\t<meta name=\"twitter:data2\" content=\"3 minutes\" \/>\n<script type=\"application\/ld+json\" class=\"yoast-schema-graph\">{\"@context\":\"https:\\\/\\\/schema.org\",\"@graph\":[{\"@type\":\"Article\",\"@id\":\"https:\\\/\\\/akunq.net\\\/turkish\\\/2013\\\/12\\\/03\\\/orhan-cengiz-turkiyenin-soykirim-anitina-giden-basbakan-olacak-mi\\\/#article\",\"isPartOf\":{\"@id\":\"https:\\\/\\\/akunq.net\\\/turkish\\\/2013\\\/12\\\/03\\\/orhan-cengiz-turkiyenin-soykirim-anitina-giden-basbakan-olacak-mi\\\/\"},\"author\":{\"name\":\"kalem\",\"@id\":\"https:\\\/\\\/akunq.net\\\/turkish\\\/#\\\/schema\\\/person\\\/135e7923d1aeb8887890799619969a6c\"},\"headline\":\"Orhan Cengiz: T\u00fcrkiye\u2019nin Soyk\u0131r\u0131m an\u0131t\u0131na giden Ba\u015fbakan olacak m\u0131?\",\"datePublished\":\"2013-12-03T07:02:53+00:00\",\"mainEntityOfPage\":{\"@id\":\"https:\\\/\\\/akunq.net\\\/turkish\\\/2013\\\/12\\\/03\\\/orhan-cengiz-turkiyenin-soykirim-anitina-giden-basbakan-olacak-mi\\\/\"},\"wordCount\":631,\"commentCount\":0,\"image\":{\"@id\":\"https:\\\/\\\/akunq.net\\\/turkish\\\/2013\\\/12\\\/03\\\/orhan-cengiz-turkiyenin-soykirim-anitina-giden-basbakan-olacak-mi\\\/#primaryimage\"},\"thumbnailUrl\":\"http:\\\/\\\/akunq.net\\\/tr\\\/wp-content\\\/uploads\\\/2013\\\/12\\\/Orhan-Kemal-Cengiz-300x173.jpg\",\"articleSection\":[\"Ermeni Soyk\u0131r\u0131m\u0131\",\"Haberler\",\"Makaleler\"],\"inLanguage\":\"en-US\",\"potentialAction\":[{\"@type\":\"CommentAction\",\"name\":\"Comment\",\"target\":[\"https:\\\/\\\/akunq.net\\\/turkish\\\/2013\\\/12\\\/03\\\/orhan-cengiz-turkiyenin-soykirim-anitina-giden-basbakan-olacak-mi\\\/#respond\"]}]},{\"@type\":\"WebPage\",\"@id\":\"https:\\\/\\\/akunq.net\\\/turkish\\\/2013\\\/12\\\/03\\\/orhan-cengiz-turkiyenin-soykirim-anitina-giden-basbakan-olacak-mi\\\/\",\"url\":\"https:\\\/\\\/akunq.net\\\/turkish\\\/2013\\\/12\\\/03\\\/orhan-cengiz-turkiyenin-soykirim-anitina-giden-basbakan-olacak-mi\\\/\",\"name\":\"Orhan Cengiz: T\u00fcrkiye\u2019nin Soyk\u0131r\u0131m an\u0131t\u0131na giden Ba\u015fbakan olacak m\u0131? - Bati Ermenistan Ve Bati Ermenileri Sorunlari Ara\u015ftirmalar Merkezi\",\"isPartOf\":{\"@id\":\"https:\\\/\\\/akunq.net\\\/turkish\\\/#website\"},\"primaryImageOfPage\":{\"@id\":\"https:\\\/\\\/akunq.net\\\/turkish\\\/2013\\\/12\\\/03\\\/orhan-cengiz-turkiyenin-soykirim-anitina-giden-basbakan-olacak-mi\\\/#primaryimage\"},\"image\":{\"@id\":\"https:\\\/\\\/akunq.net\\\/turkish\\\/2013\\\/12\\\/03\\\/orhan-cengiz-turkiyenin-soykirim-anitina-giden-basbakan-olacak-mi\\\/#primaryimage\"},\"thumbnailUrl\":\"http:\\\/\\\/akunq.net\\\/tr\\\/wp-content\\\/uploads\\\/2013\\\/12\\\/Orhan-Kemal-Cengiz-300x173.jpg\",\"datePublished\":\"2013-12-03T07:02:53+00:00\",\"author\":{\"@id\":\"https:\\\/\\\/akunq.net\\\/turkish\\\/#\\\/schema\\\/person\\\/135e7923d1aeb8887890799619969a6c\"},\"breadcrumb\":{\"@id\":\"https:\\\/\\\/akunq.net\\\/turkish\\\/2013\\\/12\\\/03\\\/orhan-cengiz-turkiyenin-soykirim-anitina-giden-basbakan-olacak-mi\\\/#breadcrumb\"},\"inLanguage\":\"en-US\",\"potentialAction\":[{\"@type\":\"ReadAction\",\"target\":[\"https:\\\/\\\/akunq.net\\\/turkish\\\/2013\\\/12\\\/03\\\/orhan-cengiz-turkiyenin-soykirim-anitina-giden-basbakan-olacak-mi\\\/\"]}]},{\"@type\":\"ImageObject\",\"inLanguage\":\"en-US\",\"@id\":\"https:\\\/\\\/akunq.net\\\/turkish\\\/2013\\\/12\\\/03\\\/orhan-cengiz-turkiyenin-soykirim-anitina-giden-basbakan-olacak-mi\\\/#primaryimage\",\"url\":\"http:\\\/\\\/akunq.net\\\/tr\\\/wp-content\\\/uploads\\\/2013\\\/12\\\/Orhan-Kemal-Cengiz-300x173.jpg\",\"contentUrl\":\"http:\\\/\\\/akunq.net\\\/tr\\\/wp-content\\\/uploads\\\/2013\\\/12\\\/Orhan-Kemal-Cengiz-300x173.jpg\"},{\"@type\":\"BreadcrumbList\",\"@id\":\"https:\\\/\\\/akunq.net\\\/turkish\\\/2013\\\/12\\\/03\\\/orhan-cengiz-turkiyenin-soykirim-anitina-giden-basbakan-olacak-mi\\\/#breadcrumb\",\"itemListElement\":[{\"@type\":\"ListItem\",\"position\":1,\"name\":\"Home\",\"item\":\"https:\\\/\\\/akunq.net\\\/turkish\\\/\"},{\"@type\":\"ListItem\",\"position\":2,\"name\":\"Orhan Cengiz: T\u00fcrkiye\u2019nin Soyk\u0131r\u0131m an\u0131t\u0131na giden Ba\u015fbakan olacak m\u0131?\"}]},{\"@type\":\"WebSite\",\"@id\":\"https:\\\/\\\/akunq.net\\\/turkish\\\/#website\",\"url\":\"https:\\\/\\\/akunq.net\\\/turkish\\\/\",\"name\":\"Bati Ermenistan Ve Bati Ermenileri Sorunlari Ara\u015ftirmalar Merkezi\",\"description\":\"\",\"potentialAction\":[{\"@type\":\"SearchAction\",\"target\":{\"@type\":\"EntryPoint\",\"urlTemplate\":\"https:\\\/\\\/akunq.net\\\/turkish\\\/?s={search_term_string}\"},\"query-input\":{\"@type\":\"PropertyValueSpecification\",\"valueRequired\":true,\"valueName\":\"search_term_string\"}}],\"inLanguage\":\"en-US\"},{\"@type\":\"Person\",\"@id\":\"https:\\\/\\\/akunq.net\\\/turkish\\\/#\\\/schema\\\/person\\\/135e7923d1aeb8887890799619969a6c\",\"name\":\"kalem\",\"image\":{\"@type\":\"ImageObject\",\"inLanguage\":\"en-US\",\"@id\":\"https:\\\/\\\/secure.gravatar.com\\\/avatar\\\/a06875e4b25feb5674296adf8e8a7ae1e587cebce2493fe63c456109967e27d3?s=96&d=mm&r=g\",\"url\":\"https:\\\/\\\/secure.gravatar.com\\\/avatar\\\/a06875e4b25feb5674296adf8e8a7ae1e587cebce2493fe63c456109967e27d3?s=96&d=mm&r=g\",\"contentUrl\":\"https:\\\/\\\/secure.gravatar.com\\\/avatar\\\/a06875e4b25feb5674296adf8e8a7ae1e587cebce2493fe63c456109967e27d3?s=96&d=mm&r=g\",\"caption\":\"kalem\"},\"url\":\"https:\\\/\\\/akunq.net\\\/turkish\\\/author\\\/kalem\\\/\"}]}<\/script>\n<!-- \/ Yoast SEO plugin. -->","yoast_head_json":{"title":"Orhan Cengiz: T\u00fcrkiye\u2019nin Soyk\u0131r\u0131m an\u0131t\u0131na giden Ba\u015fbakan olacak m\u0131? - Bati Ermenistan Ve Bati Ermenileri Sorunlari Ara\u015ftirmalar Merkezi","robots":{"index":"index","follow":"follow","max-snippet":"max-snippet:-1","max-image-preview":"max-image-preview:large","max-video-preview":"max-video-preview:-1"},"canonical":"https:\/\/akunq.net\/turkish\/2013\/12\/03\/orhan-cengiz-turkiyenin-soykirim-anitina-giden-basbakan-olacak-mi\/","og_locale":"en_US","og_type":"article","og_title":"Orhan Cengiz: T\u00fcrkiye\u2019nin Soyk\u0131r\u0131m an\u0131t\u0131na giden Ba\u015fbakan olacak m\u0131? - Bati Ermenistan Ve Bati Ermenileri Sorunlari Ara\u015ftirmalar Merkezi","og_description":"Radikal gazetesinin yazar\u0131 Orhan Kemal Cengiz \u201cErdo\u011fan soyk\u0131r\u0131m an\u0131t\u0131na gitmeyecekse\u201d ba\u015fl\u0131kl\u0131 yaz\u0131s\u0131nda Ermeni Soyk\u0131r\u0131m\u0131 ile ilgili T\u00fcrkiye makamlar\u0131n\u0131n y\u00fcr\u00fctt\u00fc\u011f\u00fc politikas\u0131na de\u011findi. Geceden ya\u011fmur ya\u011fm\u0131\u015f olmal\u0131. Yar\u0131 \u0131slakt\u0131 merdivenler. Hava kur\u015fun rengi bulutlarla kapal\u0131. Sanki Var\u015fova tarihe not d\u00fc\u015f\u00fclecek o g\u00fcne haz\u0131rlanm\u0131\u015ft\u0131. 7 Aral\u0131k 1970. Polonya\u2019y\u0131 ziyaret etmekte olan Alman Ba\u015fbakan\u0131 Willy Brandt, Polonyal\u0131 Yahudi kurbanlar\u0131n [&hellip;]","og_url":"https:\/\/akunq.net\/turkish\/2013\/12\/03\/orhan-cengiz-turkiyenin-soykirim-anitina-giden-basbakan-olacak-mi\/","og_site_name":"Bati Ermenistan Ve Bati Ermenileri Sorunlari Ara\u015ftirmalar Merkezi","article_published_time":"2013-12-03T07:02:53+00:00","og_image":[{"width":420,"height":243,"url":"https:\/\/akunq.net\/turkish\/wp-content\/uploads\/sites\/5\/2013\/12\/Orhan-Kemal-Cengiz.jpg","type":"image\/jpeg"}],"author":"kalem","twitter_card":"summary_large_image","twitter_misc":{"Written by":"kalem","Est. reading time":"3 minutes"},"schema":{"@context":"https:\/\/schema.org","@graph":[{"@type":"Article","@id":"https:\/\/akunq.net\/turkish\/2013\/12\/03\/orhan-cengiz-turkiyenin-soykirim-anitina-giden-basbakan-olacak-mi\/#article","isPartOf":{"@id":"https:\/\/akunq.net\/turkish\/2013\/12\/03\/orhan-cengiz-turkiyenin-soykirim-anitina-giden-basbakan-olacak-mi\/"},"author":{"name":"kalem","@id":"https:\/\/akunq.net\/turkish\/#\/schema\/person\/135e7923d1aeb8887890799619969a6c"},"headline":"Orhan Cengiz: T\u00fcrkiye\u2019nin Soyk\u0131r\u0131m an\u0131t\u0131na giden Ba\u015fbakan olacak m\u0131?","datePublished":"2013-12-03T07:02:53+00:00","mainEntityOfPage":{"@id":"https:\/\/akunq.net\/turkish\/2013\/12\/03\/orhan-cengiz-turkiyenin-soykirim-anitina-giden-basbakan-olacak-mi\/"},"wordCount":631,"commentCount":0,"image":{"@id":"https:\/\/akunq.net\/turkish\/2013\/12\/03\/orhan-cengiz-turkiyenin-soykirim-anitina-giden-basbakan-olacak-mi\/#primaryimage"},"thumbnailUrl":"http:\/\/akunq.net\/tr\/wp-content\/uploads\/2013\/12\/Orhan-Kemal-Cengiz-300x173.jpg","articleSection":["Ermeni Soyk\u0131r\u0131m\u0131","Haberler","Makaleler"],"inLanguage":"en-US","potentialAction":[{"@type":"CommentAction","name":"Comment","target":["https:\/\/akunq.net\/turkish\/2013\/12\/03\/orhan-cengiz-turkiyenin-soykirim-anitina-giden-basbakan-olacak-mi\/#respond"]}]},{"@type":"WebPage","@id":"https:\/\/akunq.net\/turkish\/2013\/12\/03\/orhan-cengiz-turkiyenin-soykirim-anitina-giden-basbakan-olacak-mi\/","url":"https:\/\/akunq.net\/turkish\/2013\/12\/03\/orhan-cengiz-turkiyenin-soykirim-anitina-giden-basbakan-olacak-mi\/","name":"Orhan Cengiz: T\u00fcrkiye\u2019nin Soyk\u0131r\u0131m an\u0131t\u0131na giden Ba\u015fbakan olacak m\u0131? - Bati Ermenistan Ve Bati Ermenileri Sorunlari Ara\u015ftirmalar Merkezi","isPartOf":{"@id":"https:\/\/akunq.net\/turkish\/#website"},"primaryImageOfPage":{"@id":"https:\/\/akunq.net\/turkish\/2013\/12\/03\/orhan-cengiz-turkiyenin-soykirim-anitina-giden-basbakan-olacak-mi\/#primaryimage"},"image":{"@id":"https:\/\/akunq.net\/turkish\/2013\/12\/03\/orhan-cengiz-turkiyenin-soykirim-anitina-giden-basbakan-olacak-mi\/#primaryimage"},"thumbnailUrl":"http:\/\/akunq.net\/tr\/wp-content\/uploads\/2013\/12\/Orhan-Kemal-Cengiz-300x173.jpg","datePublished":"2013-12-03T07:02:53+00:00","author":{"@id":"https:\/\/akunq.net\/turkish\/#\/schema\/person\/135e7923d1aeb8887890799619969a6c"},"breadcrumb":{"@id":"https:\/\/akunq.net\/turkish\/2013\/12\/03\/orhan-cengiz-turkiyenin-soykirim-anitina-giden-basbakan-olacak-mi\/#breadcrumb"},"inLanguage":"en-US","potentialAction":[{"@type":"ReadAction","target":["https:\/\/akunq.net\/turkish\/2013\/12\/03\/orhan-cengiz-turkiyenin-soykirim-anitina-giden-basbakan-olacak-mi\/"]}]},{"@type":"ImageObject","inLanguage":"en-US","@id":"https:\/\/akunq.net\/turkish\/2013\/12\/03\/orhan-cengiz-turkiyenin-soykirim-anitina-giden-basbakan-olacak-mi\/#primaryimage","url":"http:\/\/akunq.net\/tr\/wp-content\/uploads\/2013\/12\/Orhan-Kemal-Cengiz-300x173.jpg","contentUrl":"http:\/\/akunq.net\/tr\/wp-content\/uploads\/2013\/12\/Orhan-Kemal-Cengiz-300x173.jpg"},{"@type":"BreadcrumbList","@id":"https:\/\/akunq.net\/turkish\/2013\/12\/03\/orhan-cengiz-turkiyenin-soykirim-anitina-giden-basbakan-olacak-mi\/#breadcrumb","itemListElement":[{"@type":"ListItem","position":1,"name":"Home","item":"https:\/\/akunq.net\/turkish\/"},{"@type":"ListItem","position":2,"name":"Orhan Cengiz: T\u00fcrkiye\u2019nin Soyk\u0131r\u0131m an\u0131t\u0131na giden Ba\u015fbakan olacak m\u0131?"}]},{"@type":"WebSite","@id":"https:\/\/akunq.net\/turkish\/#website","url":"https:\/\/akunq.net\/turkish\/","name":"Bati Ermenistan Ve Bati Ermenileri Sorunlari Ara\u015ftirmalar Merkezi","description":"","potentialAction":[{"@type":"SearchAction","target":{"@type":"EntryPoint","urlTemplate":"https:\/\/akunq.net\/turkish\/?s={search_term_string}"},"query-input":{"@type":"PropertyValueSpecification","valueRequired":true,"valueName":"search_term_string"}}],"inLanguage":"en-US"},{"@type":"Person","@id":"https:\/\/akunq.net\/turkish\/#\/schema\/person\/135e7923d1aeb8887890799619969a6c","name":"kalem","image":{"@type":"ImageObject","inLanguage":"en-US","@id":"https:\/\/secure.gravatar.com\/avatar\/a06875e4b25feb5674296adf8e8a7ae1e587cebce2493fe63c456109967e27d3?s=96&d=mm&r=g","url":"https:\/\/secure.gravatar.com\/avatar\/a06875e4b25feb5674296adf8e8a7ae1e587cebce2493fe63c456109967e27d3?s=96&d=mm&r=g","contentUrl":"https:\/\/secure.gravatar.com\/avatar\/a06875e4b25feb5674296adf8e8a7ae1e587cebce2493fe63c456109967e27d3?s=96&d=mm&r=g","caption":"kalem"},"url":"https:\/\/akunq.net\/turkish\/author\/kalem\/"}]}},"_links":{"self":[{"href":"https:\/\/akunq.net\/turkish\/wp-json\/wp\/v2\/posts\/27220","targetHints":{"allow":["GET"]}}],"collection":[{"href":"https:\/\/akunq.net\/turkish\/wp-json\/wp\/v2\/posts"}],"about":[{"href":"https:\/\/akunq.net\/turkish\/wp-json\/wp\/v2\/types\/post"}],"author":[{"embeddable":true,"href":"https:\/\/akunq.net\/turkish\/wp-json\/wp\/v2\/users\/3"}],"replies":[{"embeddable":true,"href":"https:\/\/akunq.net\/turkish\/wp-json\/wp\/v2\/comments?post=27220"}],"version-history":[{"count":0,"href":"https:\/\/akunq.net\/turkish\/wp-json\/wp\/v2\/posts\/27220\/revisions"}],"wp:attachment":[{"href":"https:\/\/akunq.net\/turkish\/wp-json\/wp\/v2\/media?parent=27220"}],"wp:term":[{"taxonomy":"category","embeddable":true,"href":"https:\/\/akunq.net\/turkish\/wp-json\/wp\/v2\/categories?post=27220"},{"taxonomy":"post_tag","embeddable":true,"href":"https:\/\/akunq.net\/turkish\/wp-json\/wp\/v2\/tags?post=27220"}],"curies":[{"name":"wp","href":"https:\/\/api.w.org\/{rel}","templated":true}]}}