{"id":27202,"date":"2013-12-02T01:32:05","date_gmt":"2013-12-02T06:32:05","guid":{"rendered":"http:\/\/akunq.net\/tr\/?p=27202"},"modified":"2013-12-02T01:32:05","modified_gmt":"2013-12-02T06:32:05","slug":"kilic-artiklari-yayimlandi","status":"publish","type":"post","link":"https:\/\/akunq.net\/turkish\/2013\/12\/02\/kilic-artiklari-yayimlandi\/","title":{"rendered":"&#8216;K\u0131l\u0131\u00e7 Art\u0131klar\u0131&#8217; Yay\u0131mland\u0131"},"content":{"rendered":"<p style=\"text-align: justify\"><b><i><a href=\"http:\/\/akunq.net\/tr\/wp-content\/uploads\/2013\/12\/K\u0131l\u0131\u00e7-Art\u0131klar\u0131.jpg\"><img loading=\"lazy\" decoding=\"async\" class=\"alignright size-full wp-image-27203\" alt=\"'K\u0131l\u0131\u00e7 Art\u0131klar\u0131'\" src=\"http:\/\/akunq.net\/tr\/wp-content\/uploads\/2013\/12\/K\u0131l\u0131\u00e7-Art\u0131klar\u0131.jpg\" width=\"200\" height=\"195\" \/><\/a>Osmanl\u0131 \u0130mparatorlu\u011fu\u2019nda Ermeni n\u00fcfusunun b\u00fcy\u00fck bir k\u0131sm\u0131n\u0131n yok edildi\u011fi 1915 tarihinden yakla\u015f\u0131k y\u00fcz y\u0131l sonra, gazeteci-sosyolog Laurence Ritter ile foto\u011fraf\u00e7\u0131 Max Sivaslian, yok edilenlerin hayatta kalan torunlar\u0131n\u0131 ara\u015ft\u0131rmak \u00fczere, Anadolu\u2019nun do\u011fu ve g\u00fcneydo\u011fusunda, \u0130stanbul\u2019da ve Avrupa\u2019da onlarca ki\u015fiyle g\u00f6r\u00fc\u015ft\u00fc.<\/i><\/b><\/p>\n<p style=\"text-align: justify\">Hrant Dink\u2019in dedi\u011fi gibi, \u201cBu memlekette ya\u015fayanlarla ilgili konu\u015fmak, \u00f6l\u00fcler hakk\u0131nda konu\u015fmaktan daha zor.\u201d M\u00fcsl\u00fcmanla\u015ft\u0131r\u0131lm\u0131\u015f veya gizli Ermeniler, \u00e7ok yak\u0131n zamana dek, T\u00fcrkler, K\u00fcrtler ve de Ermeniler aras\u0131nda, \u00fczeri \u00f6rt\u00fclen, hakk\u0131nda konu\u015fulmayan bir tabuydu. Bu konu hakk\u0131nda konu\u015fanlar belki de yaln\u0131zca, onlar\u0131 gizli siyasi komplolar\u0131n par\u00e7as\u0131 olarak g\u00f6stermeye \u00e7al\u0131\u015fan a\u015f\u0131r\u0131 milliyet\u00e7ilerdi. Geride kalan ve baz\u0131 ara\u015ft\u0131rmac\u0131lara g\u00f6re say\u0131lar\u0131 bug\u00fcn milyonlar\u0131 bulan insanlar\u0131n, T\u00fcrk\u00e7edeki o irkiltici ifadeyle \u2018k\u0131l\u0131\u00e7 art\u0131klar\u0131\u2019n\u0131n ger\u00e7ek hik\u00e2yesi ise neredeyse hi\u00e7 ke\u015ffedilmemi\u015fti.<\/p>\n<p style=\"text-align: justify\">Kimdir bu insanlar? Nas\u0131l ya\u015f\u0131yorlar? Ne t\u00fcr zorluklardan ge\u00e7iyor, neler hissediyor, kendilerini nas\u0131l tan\u0131ml\u0131yorlar? Bu kitap, onlar\u0131n bu sorulara birinci a\u011f\u0131zdan verdikleri yan\u0131tlar\u0131 ar\u0131yor. Kesin olan bir \u015fey var: Onlar bazen Ermeni, bazen T\u00fcrk, bazen K\u00fcrt, bazen H\u0131ristiyan, bazen M\u00fcsl\u00fcman, bazen de bunlar\u0131n hepsi veya hi\u00e7biriler.<\/p>\n<p style=\"text-align: justify\"><i>K\u0131l\u0131\u00e7 Art\u0131klar\u0131<\/i>, sars\u0131lmaya ba\u015flayan suskunluk duvar\u0131nda bir gedik daha a\u00e7\u0131yor.<\/p>\n<p style=\"text-align: justify\"><!--[if gte mso 9]&gt;--><\/p>\n<p>  Normal<br \/>\n  0<\/p>\n<p>  false<br \/>\n  false<br \/>\n  false<\/p>\n<p>  RU<br \/>\n  X-NONE<br \/>\n  X-NONE<\/p>\n<p style=\"text-align: justify\"><!--[if gte mso 9]&gt;--><\/p>\n<p><!--[if gte mso 10]&gt;--><\/p>\n<p> \/* Style Definitions *\/<br \/>\n table.MsoNormalTable<br \/>\n\t{mso-style-name:&#8221;Table Normal&#8221;;<br \/>\n\tmso-tstyle-rowband-size:0;<br \/>\n\tmso-tstyle-colband-size:0;<br \/>\n\tmso-style-noshow:yes;<br \/>\n\tmso-style-priority:99;<br \/>\n\tmso-style-qformat:yes;<br \/>\n\tmso-style-parent:&#8221;&#8221;;<br \/>\n\tmso-padding-alt:0cm 5.4pt 0cm 5.4pt;<br \/>\n\tmso-para-margin-top:0cm;<br \/>\n\tmso-para-margin-right:0cm;<br \/>\n\tmso-para-margin-bottom:10.0pt;<br \/>\n\tmso-para-margin-left:0cm;<br \/>\n\tline-height:115%;<br \/>\n\tmso-pagination:widow-orphan;<br \/>\n\tfont-size:11.0pt;<br \/>\n\tfont-family:&#8221;Calibri&#8221;,&#8221;sans-serif&#8221;;<br \/>\n\tmso-ascii-font-family:Calibri;<br \/>\n\tmso-ascii-theme-font:minor-latin;<br \/>\n\tmso-fareast-font-family:&#8221;Times New Roman&#8221;;<br \/>\n\tmso-fareast-theme-font:minor-fareast;<br \/>\n\tmso-hansi-font-family:Calibri;<br \/>\n\tmso-hansi-theme-font:minor-latin;<br \/>\n\tmso-bidi-font-family:&#8221;Times New Roman&#8221;;<br \/>\n\tmso-bidi-theme-font:minor-bidi;}<\/p>\n<p class=\"MsoNormal\" style=\"text-align: justify;line-height: normal\"><b><i><span lang=\"EN-US\" style=\"font-family: 'Sylfaen','serif'\">http:\/\/www.hrantdink.org\/?Detail=802<\/span><\/i><\/b><\/p>\n","protected":false},"excerpt":{"rendered":"<p>Osmanl\u0131 \u0130mparatorlu\u011fu\u2019nda Ermeni n\u00fcfusunun b\u00fcy\u00fck bir k\u0131sm\u0131n\u0131n yok edildi\u011fi 1915 tarihinden yakla\u015f\u0131k y\u00fcz y\u0131l sonra, gazeteci-sosyolog Laurence Ritter ile foto\u011fraf\u00e7\u0131 Max Sivaslian, yok edilenlerin hayatta kalan torunlar\u0131n\u0131 ara\u015ft\u0131rmak \u00fczere, Anadolu\u2019nun do\u011fu ve g\u00fcneydo\u011fusunda, \u0130stanbul\u2019da ve Avrupa\u2019da onlarca ki\u015fiyle g\u00f6r\u00fc\u015ft\u00fc. Hrant Dink\u2019in dedi\u011fi gibi, \u201cBu memlekette ya\u015fayanlarla ilgili konu\u015fmak, \u00f6l\u00fcler hakk\u0131nda konu\u015fmaktan daha zor.\u201d M\u00fcsl\u00fcmanla\u015ft\u0131r\u0131lm\u0131\u015f veya [&hellip;]<\/p>\n","protected":false},"author":3,"featured_media":0,"comment_status":"open","ping_status":"open","sticky":false,"template":"","format":"standard","meta":{"footnotes":""},"categories":[14,22],"tags":[],"class_list":["post-27202","post","type-post","status-publish","format-standard","hentry","category-haberler","category-kitaplar-elestiriler"],"yoast_head":"<!-- This site is optimized with the Yoast SEO plugin v27.4 - https:\/\/yoast.com\/product\/yoast-seo-wordpress\/ -->\n<title>&#039;K\u0131l\u0131\u00e7 Art\u0131klar\u0131&#039; Yay\u0131mland\u0131 - Bati Ermenistan Ve Bati Ermenileri Sorunlari Ara\u015ftirmalar Merkezi<\/title>\n<meta name=\"robots\" content=\"index, follow, max-snippet:-1, max-image-preview:large, max-video-preview:-1\" \/>\n<link rel=\"canonical\" href=\"https:\/\/akunq.net\/turkish\/2013\/12\/02\/kilic-artiklari-yayimlandi\/\" \/>\n<meta property=\"og:locale\" content=\"en_US\" \/>\n<meta property=\"og:type\" content=\"article\" \/>\n<meta property=\"og:title\" content=\"&#039;K\u0131l\u0131\u00e7 Art\u0131klar\u0131&#039; Yay\u0131mland\u0131 - Bati Ermenistan Ve Bati Ermenileri Sorunlari Ara\u015ftirmalar Merkezi\" \/>\n<meta property=\"og:description\" content=\"Osmanl\u0131 \u0130mparatorlu\u011fu\u2019nda Ermeni n\u00fcfusunun b\u00fcy\u00fck bir k\u0131sm\u0131n\u0131n yok edildi\u011fi 1915 tarihinden yakla\u015f\u0131k y\u00fcz y\u0131l sonra, gazeteci-sosyolog Laurence Ritter ile foto\u011fraf\u00e7\u0131 Max Sivaslian, yok edilenlerin hayatta kalan torunlar\u0131n\u0131 ara\u015ft\u0131rmak \u00fczere, Anadolu\u2019nun do\u011fu ve g\u00fcneydo\u011fusunda, \u0130stanbul\u2019da ve Avrupa\u2019da onlarca ki\u015fiyle g\u00f6r\u00fc\u015ft\u00fc. Hrant Dink\u2019in dedi\u011fi gibi, \u201cBu memlekette ya\u015fayanlarla ilgili konu\u015fmak, \u00f6l\u00fcler hakk\u0131nda konu\u015fmaktan daha zor.\u201d M\u00fcsl\u00fcmanla\u015ft\u0131r\u0131lm\u0131\u015f veya [&hellip;]\" \/>\n<meta property=\"og:url\" content=\"https:\/\/akunq.net\/turkish\/2013\/12\/02\/kilic-artiklari-yayimlandi\/\" \/>\n<meta property=\"og:site_name\" content=\"Bati Ermenistan Ve Bati Ermenileri Sorunlari Ara\u015ftirmalar Merkezi\" \/>\n<meta property=\"article:published_time\" content=\"2013-12-02T06:32:05+00:00\" \/>\n<meta name=\"author\" content=\"kalem\" \/>\n<meta name=\"twitter:card\" content=\"summary_large_image\" \/>\n<meta name=\"twitter:label1\" content=\"Written by\" \/>\n\t<meta name=\"twitter:data1\" content=\"kalem\" \/>\n\t<meta name=\"twitter:label2\" content=\"Est. reading time\" \/>\n\t<meta name=\"twitter:data2\" content=\"2 minutes\" \/>\n<script type=\"application\/ld+json\" class=\"yoast-schema-graph\">{\"@context\":\"https:\\\/\\\/schema.org\",\"@graph\":[{\"@type\":\"Article\",\"@id\":\"https:\\\/\\\/akunq.net\\\/turkish\\\/2013\\\/12\\\/02\\\/kilic-artiklari-yayimlandi\\\/#article\",\"isPartOf\":{\"@id\":\"https:\\\/\\\/akunq.net\\\/turkish\\\/2013\\\/12\\\/02\\\/kilic-artiklari-yayimlandi\\\/\"},\"author\":{\"name\":\"kalem\",\"@id\":\"https:\\\/\\\/akunq.net\\\/turkish\\\/#\\\/schema\\\/person\\\/135e7923d1aeb8887890799619969a6c\"},\"headline\":\"&#8216;K\u0131l\u0131\u00e7 Art\u0131klar\u0131&#8217; Yay\u0131mland\u0131\",\"datePublished\":\"2013-12-02T06:32:05+00:00\",\"mainEntityOfPage\":{\"@id\":\"https:\\\/\\\/akunq.net\\\/turkish\\\/2013\\\/12\\\/02\\\/kilic-artiklari-yayimlandi\\\/\"},\"wordCount\":337,\"commentCount\":0,\"articleSection\":[\"Haberler\",\"Kitaplar-Ele\u015ftiriler\"],\"inLanguage\":\"en-US\",\"potentialAction\":[{\"@type\":\"CommentAction\",\"name\":\"Comment\",\"target\":[\"https:\\\/\\\/akunq.net\\\/turkish\\\/2013\\\/12\\\/02\\\/kilic-artiklari-yayimlandi\\\/#respond\"]}]},{\"@type\":\"WebPage\",\"@id\":\"https:\\\/\\\/akunq.net\\\/turkish\\\/2013\\\/12\\\/02\\\/kilic-artiklari-yayimlandi\\\/\",\"url\":\"https:\\\/\\\/akunq.net\\\/turkish\\\/2013\\\/12\\\/02\\\/kilic-artiklari-yayimlandi\\\/\",\"name\":\"'K\u0131l\u0131\u00e7 Art\u0131klar\u0131' Yay\u0131mland\u0131 - Bati Ermenistan Ve Bati Ermenileri Sorunlari Ara\u015ftirmalar Merkezi\",\"isPartOf\":{\"@id\":\"https:\\\/\\\/akunq.net\\\/turkish\\\/#website\"},\"datePublished\":\"2013-12-02T06:32:05+00:00\",\"author\":{\"@id\":\"https:\\\/\\\/akunq.net\\\/turkish\\\/#\\\/schema\\\/person\\\/135e7923d1aeb8887890799619969a6c\"},\"breadcrumb\":{\"@id\":\"https:\\\/\\\/akunq.net\\\/turkish\\\/2013\\\/12\\\/02\\\/kilic-artiklari-yayimlandi\\\/#breadcrumb\"},\"inLanguage\":\"en-US\",\"potentialAction\":[{\"@type\":\"ReadAction\",\"target\":[\"https:\\\/\\\/akunq.net\\\/turkish\\\/2013\\\/12\\\/02\\\/kilic-artiklari-yayimlandi\\\/\"]}]},{\"@type\":\"BreadcrumbList\",\"@id\":\"https:\\\/\\\/akunq.net\\\/turkish\\\/2013\\\/12\\\/02\\\/kilic-artiklari-yayimlandi\\\/#breadcrumb\",\"itemListElement\":[{\"@type\":\"ListItem\",\"position\":1,\"name\":\"Home\",\"item\":\"https:\\\/\\\/akunq.net\\\/turkish\\\/\"},{\"@type\":\"ListItem\",\"position\":2,\"name\":\"&#8216;K\u0131l\u0131\u00e7 Art\u0131klar\u0131&#8217; Yay\u0131mland\u0131\"}]},{\"@type\":\"WebSite\",\"@id\":\"https:\\\/\\\/akunq.net\\\/turkish\\\/#website\",\"url\":\"https:\\\/\\\/akunq.net\\\/turkish\\\/\",\"name\":\"Bati Ermenistan Ve Bati Ermenileri Sorunlari Ara\u015ftirmalar Merkezi\",\"description\":\"\",\"potentialAction\":[{\"@type\":\"SearchAction\",\"target\":{\"@type\":\"EntryPoint\",\"urlTemplate\":\"https:\\\/\\\/akunq.net\\\/turkish\\\/?s={search_term_string}\"},\"query-input\":{\"@type\":\"PropertyValueSpecification\",\"valueRequired\":true,\"valueName\":\"search_term_string\"}}],\"inLanguage\":\"en-US\"},{\"@type\":\"Person\",\"@id\":\"https:\\\/\\\/akunq.net\\\/turkish\\\/#\\\/schema\\\/person\\\/135e7923d1aeb8887890799619969a6c\",\"name\":\"kalem\",\"image\":{\"@type\":\"ImageObject\",\"inLanguage\":\"en-US\",\"@id\":\"https:\\\/\\\/secure.gravatar.com\\\/avatar\\\/a06875e4b25feb5674296adf8e8a7ae1e587cebce2493fe63c456109967e27d3?s=96&d=mm&r=g\",\"url\":\"https:\\\/\\\/secure.gravatar.com\\\/avatar\\\/a06875e4b25feb5674296adf8e8a7ae1e587cebce2493fe63c456109967e27d3?s=96&d=mm&r=g\",\"contentUrl\":\"https:\\\/\\\/secure.gravatar.com\\\/avatar\\\/a06875e4b25feb5674296adf8e8a7ae1e587cebce2493fe63c456109967e27d3?s=96&d=mm&r=g\",\"caption\":\"kalem\"},\"url\":\"https:\\\/\\\/akunq.net\\\/turkish\\\/author\\\/kalem\\\/\"}]}<\/script>\n<!-- \/ Yoast SEO plugin. -->","yoast_head_json":{"title":"'K\u0131l\u0131\u00e7 Art\u0131klar\u0131' Yay\u0131mland\u0131 - Bati Ermenistan Ve Bati Ermenileri Sorunlari Ara\u015ftirmalar Merkezi","robots":{"index":"index","follow":"follow","max-snippet":"max-snippet:-1","max-image-preview":"max-image-preview:large","max-video-preview":"max-video-preview:-1"},"canonical":"https:\/\/akunq.net\/turkish\/2013\/12\/02\/kilic-artiklari-yayimlandi\/","og_locale":"en_US","og_type":"article","og_title":"'K\u0131l\u0131\u00e7 Art\u0131klar\u0131' Yay\u0131mland\u0131 - Bati Ermenistan Ve Bati Ermenileri Sorunlari Ara\u015ftirmalar Merkezi","og_description":"Osmanl\u0131 \u0130mparatorlu\u011fu\u2019nda Ermeni n\u00fcfusunun b\u00fcy\u00fck bir k\u0131sm\u0131n\u0131n yok edildi\u011fi 1915 tarihinden yakla\u015f\u0131k y\u00fcz y\u0131l sonra, gazeteci-sosyolog Laurence Ritter ile foto\u011fraf\u00e7\u0131 Max Sivaslian, yok edilenlerin hayatta kalan torunlar\u0131n\u0131 ara\u015ft\u0131rmak \u00fczere, Anadolu\u2019nun do\u011fu ve g\u00fcneydo\u011fusunda, \u0130stanbul\u2019da ve Avrupa\u2019da onlarca ki\u015fiyle g\u00f6r\u00fc\u015ft\u00fc. Hrant Dink\u2019in dedi\u011fi gibi, \u201cBu memlekette ya\u015fayanlarla ilgili konu\u015fmak, \u00f6l\u00fcler hakk\u0131nda konu\u015fmaktan daha zor.\u201d M\u00fcsl\u00fcmanla\u015ft\u0131r\u0131lm\u0131\u015f veya [&hellip;]","og_url":"https:\/\/akunq.net\/turkish\/2013\/12\/02\/kilic-artiklari-yayimlandi\/","og_site_name":"Bati Ermenistan Ve Bati Ermenileri Sorunlari Ara\u015ftirmalar Merkezi","article_published_time":"2013-12-02T06:32:05+00:00","author":"kalem","twitter_card":"summary_large_image","twitter_misc":{"Written by":"kalem","Est. reading time":"2 minutes"},"schema":{"@context":"https:\/\/schema.org","@graph":[{"@type":"Article","@id":"https:\/\/akunq.net\/turkish\/2013\/12\/02\/kilic-artiklari-yayimlandi\/#article","isPartOf":{"@id":"https:\/\/akunq.net\/turkish\/2013\/12\/02\/kilic-artiklari-yayimlandi\/"},"author":{"name":"kalem","@id":"https:\/\/akunq.net\/turkish\/#\/schema\/person\/135e7923d1aeb8887890799619969a6c"},"headline":"&#8216;K\u0131l\u0131\u00e7 Art\u0131klar\u0131&#8217; Yay\u0131mland\u0131","datePublished":"2013-12-02T06:32:05+00:00","mainEntityOfPage":{"@id":"https:\/\/akunq.net\/turkish\/2013\/12\/02\/kilic-artiklari-yayimlandi\/"},"wordCount":337,"commentCount":0,"articleSection":["Haberler","Kitaplar-Ele\u015ftiriler"],"inLanguage":"en-US","potentialAction":[{"@type":"CommentAction","name":"Comment","target":["https:\/\/akunq.net\/turkish\/2013\/12\/02\/kilic-artiklari-yayimlandi\/#respond"]}]},{"@type":"WebPage","@id":"https:\/\/akunq.net\/turkish\/2013\/12\/02\/kilic-artiklari-yayimlandi\/","url":"https:\/\/akunq.net\/turkish\/2013\/12\/02\/kilic-artiklari-yayimlandi\/","name":"'K\u0131l\u0131\u00e7 Art\u0131klar\u0131' Yay\u0131mland\u0131 - Bati Ermenistan Ve Bati Ermenileri Sorunlari Ara\u015ftirmalar Merkezi","isPartOf":{"@id":"https:\/\/akunq.net\/turkish\/#website"},"datePublished":"2013-12-02T06:32:05+00:00","author":{"@id":"https:\/\/akunq.net\/turkish\/#\/schema\/person\/135e7923d1aeb8887890799619969a6c"},"breadcrumb":{"@id":"https:\/\/akunq.net\/turkish\/2013\/12\/02\/kilic-artiklari-yayimlandi\/#breadcrumb"},"inLanguage":"en-US","potentialAction":[{"@type":"ReadAction","target":["https:\/\/akunq.net\/turkish\/2013\/12\/02\/kilic-artiklari-yayimlandi\/"]}]},{"@type":"BreadcrumbList","@id":"https:\/\/akunq.net\/turkish\/2013\/12\/02\/kilic-artiklari-yayimlandi\/#breadcrumb","itemListElement":[{"@type":"ListItem","position":1,"name":"Home","item":"https:\/\/akunq.net\/turkish\/"},{"@type":"ListItem","position":2,"name":"&#8216;K\u0131l\u0131\u00e7 Art\u0131klar\u0131&#8217; Yay\u0131mland\u0131"}]},{"@type":"WebSite","@id":"https:\/\/akunq.net\/turkish\/#website","url":"https:\/\/akunq.net\/turkish\/","name":"Bati Ermenistan Ve Bati Ermenileri Sorunlari Ara\u015ftirmalar Merkezi","description":"","potentialAction":[{"@type":"SearchAction","target":{"@type":"EntryPoint","urlTemplate":"https:\/\/akunq.net\/turkish\/?s={search_term_string}"},"query-input":{"@type":"PropertyValueSpecification","valueRequired":true,"valueName":"search_term_string"}}],"inLanguage":"en-US"},{"@type":"Person","@id":"https:\/\/akunq.net\/turkish\/#\/schema\/person\/135e7923d1aeb8887890799619969a6c","name":"kalem","image":{"@type":"ImageObject","inLanguage":"en-US","@id":"https:\/\/secure.gravatar.com\/avatar\/a06875e4b25feb5674296adf8e8a7ae1e587cebce2493fe63c456109967e27d3?s=96&d=mm&r=g","url":"https:\/\/secure.gravatar.com\/avatar\/a06875e4b25feb5674296adf8e8a7ae1e587cebce2493fe63c456109967e27d3?s=96&d=mm&r=g","contentUrl":"https:\/\/secure.gravatar.com\/avatar\/a06875e4b25feb5674296adf8e8a7ae1e587cebce2493fe63c456109967e27d3?s=96&d=mm&r=g","caption":"kalem"},"url":"https:\/\/akunq.net\/turkish\/author\/kalem\/"}]}},"_links":{"self":[{"href":"https:\/\/akunq.net\/turkish\/wp-json\/wp\/v2\/posts\/27202","targetHints":{"allow":["GET"]}}],"collection":[{"href":"https:\/\/akunq.net\/turkish\/wp-json\/wp\/v2\/posts"}],"about":[{"href":"https:\/\/akunq.net\/turkish\/wp-json\/wp\/v2\/types\/post"}],"author":[{"embeddable":true,"href":"https:\/\/akunq.net\/turkish\/wp-json\/wp\/v2\/users\/3"}],"replies":[{"embeddable":true,"href":"https:\/\/akunq.net\/turkish\/wp-json\/wp\/v2\/comments?post=27202"}],"version-history":[{"count":0,"href":"https:\/\/akunq.net\/turkish\/wp-json\/wp\/v2\/posts\/27202\/revisions"}],"wp:attachment":[{"href":"https:\/\/akunq.net\/turkish\/wp-json\/wp\/v2\/media?parent=27202"}],"wp:term":[{"taxonomy":"category","embeddable":true,"href":"https:\/\/akunq.net\/turkish\/wp-json\/wp\/v2\/categories?post=27202"},{"taxonomy":"post_tag","embeddable":true,"href":"https:\/\/akunq.net\/turkish\/wp-json\/wp\/v2\/tags?post=27202"}],"curies":[{"name":"wp","href":"https:\/\/api.w.org\/{rel}","templated":true}]}}