{"id":27193,"date":"2013-11-30T03:21:21","date_gmt":"2013-11-30T08:21:21","guid":{"rendered":"http:\/\/akunq.net\/tr\/?p=27193"},"modified":"2013-11-30T03:21:21","modified_gmt":"2013-11-30T08:21:21","slug":"cocuklar-musluman-ailelerin-yanina-verilerek-asimile-edildi","status":"publish","type":"post","link":"https:\/\/akunq.net\/turkish\/2013\/11\/30\/cocuklar-musluman-ailelerin-yanina-verilerek-asimile-edildi\/","title":{"rendered":"\u00c7ocuklar M\u00fcsl\u00fcman ailelerin yan\u0131na verilerek asimile edildi"},"content":{"rendered":"<p style=\"text-align: justify\"><b><a href=\"http:\/\/akunq.net\/tr\/wp-content\/uploads\/2013\/11\/Hilmar-Kaiser.jpg\"><img loading=\"lazy\" decoding=\"async\" class=\"alignright size-medium wp-image-27194\" alt=\"Hilmar Kaiser\" src=\"http:\/\/akunq.net\/tr\/wp-content\/uploads\/2013\/11\/Hilmar-Kaiser-300x217.jpg\" width=\"300\" height=\"217\" srcset=\"https:\/\/akunq.net\/turkish\/wp-content\/uploads\/sites\/5\/2013\/11\/Hilmar-Kaiser-300x217.jpg 300w, https:\/\/akunq.net\/turkish\/wp-content\/uploads\/sites\/5\/2013\/11\/Hilmar-Kaiser.jpg 552w\" sizes=\"auto, (max-width: 300px) 100vw, 300px\" \/><\/a>FAT\u0130H G\u00d6KHAN D\u0130LER<\/b><\/p>\n<p style=\"text-align: justify\"><b><i>\u00a0\u201c20 Haziran 1915\u2019te \u0130\u00e7i\u015fleri Bakanl\u0131\u011f\u0131 tehciri b\u00fct\u00fcn \u00dc\u00e7\u00fcnc\u00fc Ordu b\u00f6lgesine geni\u015fletti. \u0130ki g\u00fcn sonra ise tehcirden muaf tutulacak ilk Ermeni grubunu belirledi ve b\u00f6lgedeki valilere M\u00fcsl\u00fcmanl\u0131\u011fa ge\u00e7en Ermenilerin yerlerinde kalabilece\u011fini bildirdi. Din de\u011fi\u015ftirme ba\u015fvurular\u0131n\u0131n \u2018samimi\u2019 olmas\u0131 ve yetkililerin inanc\u0131 esast\u0131. Yetkililer \u2018sak\u0131ncal\u0131 ki\u015filerin\u2019, \u00f6rne\u011fin politik ya da di\u011fer \u00f6rg\u00fctlerle ba\u011flant\u0131s\u0131 oldu\u011fundan \u015f\u00fcphelenilen Ermenilerin, din de\u011fi\u015ftirmediklerinden emin olmal\u0131yd\u0131lar. Dahas\u0131, din de\u011fi\u015ftirenlerin belli bir b\u00f6lgede yo\u011funla\u015fmas\u0131na asla izin verilmemeliydi. Bu nedenle, toplu olarak din de\u011fi\u015ftirenler o vilayetteki ya da b\u00f6lgedeki M\u00fcsl\u00fcman k\u00f6ylerine da\u011f\u0131t\u0131lacaklard\u0131.\u201d M\u00fcsl\u00fcmanla\u015f(t\u0131r\u0131l)m\u0131\u015f Ermeniler Konferans\u0131\u2019n\u0131n ikinci g\u00fcn\u00fc \u20181915\u2019te M\u00fcsl\u00fcmanla\u015f(t\u0131r\u0131l)ma: Tarih ve Tan\u0131kl\u0131k\u2019 oturumunda \u20181915-1917\u2019de Ermeni S\u00fcrg\u00fcnlerin Asimilasyonu\u2019 ba\u015fl\u0131kl\u0131 bir konu\u015fma yapan tarih\u00e7i Hilmar Kaiser, M\u00fcsl\u00fcmanla\u015ft\u0131rma ve asimilasyon politikalar\u0131n\u0131n mahiyetine \u0131\u015f\u0131k tutmaya bu s\u00f6zlerle ba\u015flad\u0131.<\/i><\/b><\/p>\n<p style=\"text-align: justify\"><b><i>Asimilasyon politikalar\u0131, soyk\u0131r\u0131mdan bir \u015fekilde kurtulmay\u0131 ba\u015faran Ermenilerin say\u0131s\u0131n\u0131 azaltman\u0131n etkili bir yolu olarak g\u00f6r\u00fcl\u00fcyordu. Ancak, bir yandan soyk\u0131r\u0131m\u0131n devam\u0131 olarak kullan\u0131lan bir ara\u00e7 ve di\u011fer yandan d\u00f6nemin y\u00f6netim kademelerinde tart\u0131\u015fmalara ve kutupla\u015fmalara neden olan bir devlet politikas\u0131 olman\u0131n d\u0131\u015f\u0131nda, bug\u00fcn, uzun bir s\u00fcredir \u00fczerinde bir sessizlik bulutunun dola\u015ft\u0131\u011f\u0131 M\u00fcsl\u00fcman Ermeniler ger\u00e7e\u011fine \u0131\u015f\u0131k tutacak, anla\u015f\u0131lmas\u0131 ve bilinmesi gereken \u00f6nemli bir mesele.<\/i><\/b><\/p>\n<ul style=\"text-align: justify\">\n<li><b>Ermeni \u00e7ocuklar\u0131n asimilasyonu esas olarak nerelerde, hangi y\u00f6ntemlerle ger\u00e7ekle\u015fti? Yetimhanelerin i\u015flevi neydi? <\/b><\/li>\n<\/ul>\n<p style=\"text-align: justify\">Osmanl\u0131 y\u00f6neticileri s\u0131kl\u0131kla b\u00f6lgesel y\u00f6netimlerin giri\u015fimiyle Amerikal\u0131lar ve Almanlar taraf\u0131ndan kurulmu\u015f yetimhaneleri kapat\u0131yorlard\u0131 ve bu \u00e7ocuklar\u0131 h\u00fck\u00fcmet taraf\u0131ndan kontrol edilen T\u00fcrk h\u00fck\u00fcmeti yetimhanelerine yerle\u015ftiriyorlard\u0131. Ama bu \u00e7ok pahal\u0131yd\u0131, yiyecek, giyecek&#8230; Bu, yabanc\u0131 etkisi alt\u0131nda kalm\u0131\u015f \u00e7ocuklar\u0131n asimilasyonu i\u00e7in pahal\u0131 bir form\u00fcld\u00fc. \u00d6zellikle Halep, Kayseri ve Sivas, ayr\u0131ca Harput b\u00f6lgelerindeydi. Genellikle asimilasyon h\u00fck\u00fcmet yetimhanelerinde ger\u00e7ekle\u015fmedi, \u00e7\u00fcnk\u00fc Osmanl\u0131 h\u00fck\u00fcmetinin paras\u0131 yoktu. Asl\u0131nda yetimhanelerin rol\u00fcn\u00fc fazla abart\u0131yoruz. Ermeni \u00e7ocuklar\u0131 dev\u015firmek i\u00e7in asl\u0131nda kullan\u0131lan kurum, onlar\u0131 M\u00fcsl\u00fcman ailelerin yan\u0131na vermekti, \u00e7\u00fcnk\u00fc daha ucuzdu.<\/p>\n<ul style=\"text-align: justify\">\n<li><b>Birtak\u0131m vilayetlerde valilerin Talat Pa\u015fa\u2019n\u0131n emirlerine kar\u015f\u0131 geldi\u011fini s\u00f6yl\u00fcyorsunuz.<\/b><\/li>\n<\/ul>\n<p style=\"text-align: justify\">G\u00f6r\u00fc\u015f farkl\u0131l\u0131klar\u0131 vard\u0131 ama bu durum ayn\u0131 zamanda Talat Pa\u015fa\u2019n\u0131nkinden daha radikal bir yakla\u015f\u0131m\u0131 da ifade edebilir. Baz\u0131lar\u0131 daha agresif y\u00f6ntemleri savunuyordu, Talat Pa\u015fa\u2019ya kar\u015f\u0131t olanlar\u0131n illa Ermenileri korudu\u011fu s\u00f6ylenemez, olabilir de ama daha k\u00f6t\u00fcs\u00fc de olabilir. Mesela Kavalal\u0131 Ra\u015fit Bey Ermeni \u00e7ocuklar\u0131n\u0131n asimile edilmesine kesinlikle kar\u015f\u0131 \u00e7\u0131k\u0131yordu. Trabzon Valisi Cemal Azmi Bey ve Harput Valisi Sabit Bey i\u00e7in de ayn\u0131s\u0131 ge\u00e7erli. Bu insanlar Talat Pa\u015fa\u2019ya bunun iyi bir fikir olmad\u0131\u011f\u0131n\u0131 s\u00f6ylediler. Yani bunlar sadece emirleri yerine getirmeye kar\u015f\u0131 \u00e7\u0131kmad\u0131lar, h\u00fck\u00fcmet politikas\u0131n\u0131 da de\u011fi\u015ftirmek istediler.<\/p>\n<p style=\"text-align: justify\">Vali Sabit Bey terk edilen pek \u00e7ok Ermeni \u00e7ocu\u011fun Harput\u2019taki Amerikal\u0131, Alman ve \u0130talyan ailelerde ya da kurumlarda oldu\u011funu rapor etti. Ancak, bu \u00e7ocuklar\u0131n kentte kalmas\u0131n\u0131 onaylam\u0131yor ve gelecekte bunlar\u0131n zarar getirece\u011fi uyar\u0131s\u0131nda bulunuyordu. Bu nedenle de Vali bu \u00e7ocuklar\u0131n Urfa\u2019ya g\u00f6nderilmesi i\u00e7in izin istiyordu. Trabzon Valisi Cemal Azmi Bey de Harputlu meslekta\u015f\u0131n\u0131n kayg\u0131lar\u0131n\u0131 ta\u015f\u0131yordu. Ermeni \u00e7ocuklar\u0131n k\u00f6ylerdeki M\u00fcsl\u00fcman ailelere yollanmas\u0131na alenen kar\u015f\u0131 \u00e7\u0131k\u0131yordu. Ayr\u0131ca, 1890\u2019lardaki katliamdan sonra din de\u011fi\u015ftirenlerin kendi cemaatlerine geri d\u00f6nd\u00fc\u011f\u00fcn\u00fc ve \u00fclke i\u00e7in sorun yaratt\u0131klar\u0131n\u0131 \u00fcstlerine hat\u0131rlatt\u0131. Daha da k\u00f6t\u00fcs\u00fc, M\u00fcsl\u00fcman olarak kalanlar\u0131n yeni muhitlerinde \u00f6nemli konumlara geldiklerini s\u00f6yledi. Bir ba\u015fka deyi\u015fle, Vali Ermenilerin din de\u011fi\u015ftirebileceklerine inanm\u0131yordu ve h\u00fck\u00fcmetin plan\u0131na kar\u015f\u0131 \u00e7\u0131k\u0131yordu. Diyarbak\u0131r Valisi Re\u015fit Bey de \u00f6nceki din de\u011fi\u015ftirmelerin sonu\u00e7lar\u0131n\u0131n tatmin edici olmad\u0131\u011f\u0131n\u0131n alt\u0131n\u0131 \u00e7izdi. \u00dcstelik \u00e7ocuklar\u0131n ve k\u0131zlar\u0131n belli ailelere verilmesi halk\u0131n dikkatini \u00e7ekiyordu. Vali bu din de\u011fi\u015fimlerinin gelecekte yaln\u0131zca zarar getirece\u011finden de emindi ve \u00fcstlerine din de\u011fi\u015ftirmelere hi\u00e7bir \u015feklide izin verilmemesini telkin ediyordu. Valilerin bu tepkileri, \u0130ttihat ve Terakki Cemiyeti i\u00e7inde merkezi h\u00fck\u00fcmetteki \u00fcyelere k\u0131yasla daha radikal Ermeni kar\u015f\u0131t\u0131 politikalar g\u00fcden bir grubun oldu\u011funu g\u00f6steriyor. Partinin ileri gelen \u00fcyeleri olarak bu ele\u015ftirilerini a\u00e7\u0131k\u00e7a dile getiriyor ve h\u00fck\u00fcmet politikalar\u0131nda de\u011fi\u015fim istiyorlard\u0131. Buradan da anla\u015f\u0131laca\u011f\u0131 gibi sadece emirleri yerine getiren memurlar de\u011fillerdi, ayn\u0131 zamanda h\u00fck\u00fcmet politikalar\u0131na \u015fekil vermeye de \u00e7al\u0131\u015f\u0131yorlard\u0131. Sonu\u00e7 olarak ise Talat Pa\u015fa onlar\u0131 dinlemedi, raz\u0131 gelmelerini s\u00f6yledi ve onlar da \u00f6yle yapt\u0131. Zaten asimile edilen \u00e7ocuklar\u0131n ger\u00e7ek say\u0131s\u0131na bakt\u0131\u011f\u0131m\u0131zda \u00e7ok da boyun e\u011fmediklerini, istediklerini yapt\u0131klar\u0131n\u0131 g\u00f6r\u00fcyoruz.<\/p>\n<p style=\"text-align: justify\">Ayr\u0131ca bu isimlere ek olarak, \u00e7ok muhafazak\u00e2r bir \u0130slamc\u0131l\u0131\u011f\u0131 olan Yozgat b\u00f6lgesi ulemas\u0131 mesela, onlar dev\u015firme yanl\u0131s\u0131, katliama kar\u015f\u0131lar. \u00c7ocuklar dev\u015firildikten sonra \u00fcmmetten say\u0131l\u0131yorlard\u0131. Ama Talat Pa\u015fa onlar\u0131n \u00fcmmetten olmad\u0131klar\u0131n\u0131 s\u00f6yledi\u011finde muhafazak\u00e2r \u0130slamc\u0131lar bu yeni M\u00fcsl\u00fcmanlar\u0131 destekleme kararlar\u0131yla Talat Pa\u015fa&#8217;ya kar\u015f\u0131 geldiler. \u0130slamc\u0131lar Talat Pa\u015fa&#8217;ya \u015feriata uymad\u0131\u011f\u0131n\u0131 s\u00f6ylediler, yani asl\u0131nda g\u00e2vur olan Talat Pa\u015fa&#8217;yd\u0131.<\/p>\n<ul style=\"text-align: justify\">\n<li><b>Baz\u0131 b\u00f6lgelerde din de\u011fi\u015ftirmeehcir politikalar\u0131n\u0131n bir uzant\u0131s\u0131 olarak kullan\u0131lm\u0131\u015f. Ancak asimilasyon konusunda \u0130ttihat Terakki i\u00e7inde g\u00f6r\u00fc\u015f ayr\u0131l\u0131klar\u0131, bu konuda bir kutupla\u015fman\u0131n da oldu\u011fu g\u00f6r\u00fcl\u00fcyor. Konu\u015fman\u0131zda da bu konuyla ba\u011flant\u0131l\u0131 ilgin\u00e7 bir \u015fey s\u00f6ylediniz: \u201cEn b\u00fcy\u00fck kurtar\u0131c\u0131 Cemal Pa\u015fa\u2019d\u0131r.\u201d Biraz a\u00e7abilir misiniz? <\/b><\/li>\n<\/ul>\n<p style=\"text-align: justify\">Politikalar\u0131n uygulanmas\u0131 a\u015famas\u0131nda farkl\u0131l\u0131klar olu\u015ftu. Mart 1917\u2019ye ait n\u00fcfus verileri, Ermeni s\u00fcrg\u00fcnlerin en \u00e7ok hayatta kald\u0131klar\u0131 b\u00f6lgenin D\u00f6rd\u00fcnc\u00fc Ordu b\u00f6lgesi oldu\u011funu g\u00f6steriyordu. Orada hayatta kalanlar\u0131n say\u0131s\u0131 tehcir b\u00f6lgesi i\u00e7inde hayatta kalanlardan y\u00fczde otuz daha fazlayd\u0131.<\/p>\n<p style=\"text-align: justify\">\u00a0Diyarbak\u0131r ve Bitlis vilayetleri \u00e7evresindeki Ermeni toplumun b\u00f6lgeden neredeyse tamamen silindi\u011fi ger\u00e7e\u011fi ile k\u0131yasland\u0131\u011f\u0131nda, bu veriler \u0130ttihat Terakki y\u00f6netimi i\u00e7inde bir \u00e7atlak oldu\u011funu g\u00f6steriyor. Mara\u015f, Halep ve Diyarbak\u0131r gibi yerlerdeki valiler Ermenileri \u2018mikrop\u2019 tarz\u0131nda a\u015fa\u011f\u0131lay\u0131c\u0131 bir dille tan\u0131ml\u0131yorlard\u0131. Ancak, eylemlerinde birbirlerinden \u00e7ok farkl\u0131yd\u0131lar. Diyarbak\u0131r\u2019da Re\u015fit Bey kitle katliam\u0131 yaparken, Bekir Sami Bey bu t\u00fcrden politikalara kar\u015f\u0131yd\u0131. Mara\u015f Valisi Kemal Bey kendi b\u00f6lgesini Ermenilerden tamamen temizlemek isterken, ayn\u0131 fikirdeki Konya Valisi Sami R\u0131fat Bey, vilayetinin \u2018T\u00fcrk\u00e7\u00fcl\u00fc\u011f\u00fcn Merkezi\u2019 olmas\u0131 gerekti\u011fini d\u00fc\u015f\u00fcn\u00fcyordu. Ancak her iki vali de katliam yolunu se\u00e7mediler. \u0130ttihat Terakki\u2019deki a\u015f\u0131r\u0131lar, tehcir politikas\u0131 hakk\u0131nda kendi fikirlerine sahiplerdi ve Talat Pa\u015fa\u2019n\u0131n talimatlar\u0131ndan \u00e7ok daha sert \u00f6nlemler almak istiyorlard\u0131. Kendi b\u00f6lgelerindeki \u00f6l\u00fcm oranlar\u0131 savunduklar\u0131 fikirleri \u00e7ok iyi g\u00f6steriyor.<\/p>\n<p style=\"text-align: justify\">Cemal Pa\u015fa ve onun \u00e7evresindeki bu \u0130ttihat Terakki kutupla\u015fmas\u0131 Ermenilerin kurtulu\u015funu sa\u011flad\u0131. Evet, baz\u0131lar\u0131na delice gelebilir ama biliyoruz ki bir\u00e7ok Ermeni atalar\u0131n\u0131n kurtulu\u015funu Cemal Pa\u015fa\u2019ya bor\u00e7lu.<\/p>\n<p style=\"text-align: justify\"><b>Halide Edip Ad\u0131var Ermenileri \u00f6ld\u00fcrmeye kar\u015f\u0131 olan bir milliyet\u00e7iydi<\/b><\/p>\n<p style=\"text-align: justify\">\u201cAd\u0131var, toplu katliam fikirlerinin \u00f6nc\u00fclerinden olan Ziya G\u00f6kalp\u2019la tart\u0131\u015f\u0131yordu. Ayr\u0131ca Ad\u0131var Ermenileri \u0130ttihat ve Terakkicilerin \u00f6ld\u00fcrd\u00fc\u011f\u00fc konusunda \u00e7ok emindi. Ermeni sorunu olarak kabul edilen \u015feyin \u00e7\u00f6z\u00fcm\u00fcn\u00fc cinayette de\u011fil asimilasyonda g\u00f6r\u00fcyordu. Evet, \u00e7ocuklar\u0131 asimile etti ve ileriki zamanlarda kabul edece\u011finden \u00e7ok daha milliyet\u00e7iydi. Ama Cemal Pa\u015fa gibi onun da elleri kanl\u0131 de\u011fildi. Cemal Pa\u015fa \u00e7ok da asimilasyon yanl\u0131s\u0131 de\u011fildi ve Ermenileri hayatta tutmak istiyordu. Yani \u0130ttihat ve Terakki&#8217;nin i\u00e7inde cinayete kar\u015f\u0131 olan ve bu politikalar\u0131n\u0131 Suriye ve Halep b\u00f6lgelerinde uygulayabilenler vard\u0131. Ve bunlar Falih R\u0131fk\u0131 Atay, Ali Fuat Erden, Mustafa Kemal ve Halide Edip gibi daha sonra cumhuriyet devrinde de \u00f6nemli olan insanlard\u0131. \u0130ttihat ve Terakki&#8217;den cumhuriyete ge\u00e7en J\u00f6n T\u00fcrkler ba\u011flant\u0131s\u0131 \u0130ttihat\u00e7\u0131lar\u0131n az\u0131nl\u0131k bir fraksiyonuydu. 1. D\u00fcnya Sava\u015f\u0131 s\u00fcrecinde katiller bask\u0131n \u00e7\u0131k\u0131yordu ama ma\u011flubiyet sonras\u0131 Halide Edip, Mustafa Kemal gibi insanlar \u00f6ne \u00e7\u0131kt\u0131.\u201d<\/p>\n<p style=\"text-align: justify\"><b>Akrabalar\u0131 olmayan kad\u0131nlar\u0131n dinleri de\u011fi\u015ftirildi<\/b><\/p>\n<p style=\"text-align: justify\">\u201cMerkezi h\u00fck\u00fcmetin t\u00fcm planlar\u0131na ra\u011fmen sorunlar ba\u015f g\u00f6sterdi. Erzurum\u2019dan tehcir edilen ve yola devam edemeyecek kadar peri\u015fan durumdaki bir\u00e7oklar\u0131 gibi, ba\u015flar\u0131nda onlara bakacak bir erkek olmayan pek \u00e7ok kad\u0131n ve \u00e7ocuk da din de\u011fi\u015ftirmek istiyordu. Vali Sabit Bey, bu insanlar\u0131 her k\u00f6ye iki ya da \u00fc\u00e7 tane olmak \u00fczere, M\u00fcsl\u00fcman k\u00f6ylerine da\u011f\u0131t\u0131p M\u00fcsl\u00fcmanlarla evlendirmeyi d\u00fc\u015f\u00fcn\u00fcyordu. Ancak, bu kad\u0131n ve \u00e7ocuklar\u0131n ABD\u2019de ya\u015fayan Ermeni akrabalar\u0131 bu din de\u011fi\u015ftirtmelere itiraz edebilirlerdi, bunun da daha sonra politik sorunlar yaratabilece\u011finden endi\u015feleniyordu. Trabzon\u2019da, Vali Cemal Azmi Bey tehcirden ge\u00e7ici olarak ya da uzun vadeli muafiyetler i\u00e7in baz\u0131 kategoriler tan\u0131mlad\u0131. Sa\u011fl\u0131klar\u0131 tehcire elvermeyen Ermeniler, yak\u0131n zamanda g\u00f6revden al\u0131nan ya da hala devlet memuriyetinde olan Ermeniler ve aileleri, hala kentte bulunan yerel Ermeni Katolikler, yerlerinin doldurulmas\u0131 m\u00fcmk\u00fcn olmayan zanaatk\u00e2rlar, fakirler ile aileleri olmayan kad\u0131n ve \u00e7ocuklar kalabilirlerdi. Ancak vilayetin baz\u0131 yerlerinde Ermeniler tehcirden kurtulabilmek i\u00e7in toplu halde din de\u011fi\u015ftirmek \u00fczere organize olmaya ba\u015flad\u0131lar. Bu nedenle de din de\u011fi\u015ftirenlere g\u00fcvenilmedi ve din de\u011fi\u015ftirenler yine de tehcir edildi. Cemal Azmi Bey bu din de\u011fi\u015ftirenlerin ileride bar\u0131\u015f g\u00f6r\u00fc\u015fmelerinde \u00fclkeye siyasi zararlar verece\u011fi konusunda uyar\u0131da bulundu. 24 Temmuz 1915 tarihinde kadar 1,400 Ermeni \u00e7ocuktan sadece y\u00fcz kadar\u0131 Trabzon\u2019da kald\u0131. Sivas\u2019ta, yetkililer M\u00fcsl\u00fcman olmak zorunda kalan pek \u00e7ok Ermeni esnaf\u0131 b\u0131rakt\u0131lar. \u00c7ocuklar yetimhanelere g\u00f6nderilirken, akrabalar\u0131 olmayan gen\u00e7 k\u0131zlar ve kad\u0131nlar\u0131n dinleri de\u011fi\u015ftirildi ve k\u00f6ylerdeki g\u00fcvenilir insanlara verildiler. Vali Muammer Bey ba\u015fka b\u00f6lgelerde din de\u011fi\u015ftiren Ermenilerin kendi evlerinde kald\u0131klar\u0131n\u0131 s\u00f6yleyerek h\u00fck\u00fcmeti uyard\u0131. Bu t\u00fcr iddialar Talat Bey\u2019in \u2018sahte\u2019 din de\u011fi\u015fimlerine kar\u015f\u0131 uyar\u0131lar\u0131n\u0131 ve talimatlar\u0131n\u0131 tekrarlamas\u0131na sebep oldu. Cemal Azmi Bey ise hala din de\u011fi\u015fimine kar\u015f\u0131 tutumunu devam ettiriyordu. Din de\u011fi\u015ftiren kad\u0131nlar\u0131n kar\u0131\u015ft\u0131\u011f\u0131 aile i\u00e7i \u015fiddet vakalar\u0131nda, M\u00fcsl\u00fcmanlar\u0131n mal ve can g\u00fcvenliklerini tehlikeye att\u0131klar\u0131 gerek\u00e7esiyle kurbanlar\u0131 su\u00e7luyordu.\u201d<\/p>\n<p style=\"text-align: justify\"><b><i>http:\/\/www.agos.com.tr\/haber.php?seo=cocuklar-musluman-ailelerin-yanina-verilerek-asimile-edildi&amp;haberid=6103<\/i><\/b><\/p>\n","protected":false},"excerpt":{"rendered":"<p>FAT\u0130H G\u00d6KHAN D\u0130LER \u00a0\u201c20 Haziran 1915\u2019te \u0130\u00e7i\u015fleri Bakanl\u0131\u011f\u0131 tehciri b\u00fct\u00fcn \u00dc\u00e7\u00fcnc\u00fc Ordu b\u00f6lgesine geni\u015fletti. \u0130ki g\u00fcn sonra ise tehcirden muaf tutulacak ilk Ermeni grubunu belirledi ve b\u00f6lgedeki valilere M\u00fcsl\u00fcmanl\u0131\u011fa ge\u00e7en Ermenilerin yerlerinde kalabilece\u011fini bildirdi. Din de\u011fi\u015ftirme ba\u015fvurular\u0131n\u0131n \u2018samimi\u2019 olmas\u0131 ve yetkililerin inanc\u0131 esast\u0131. Yetkililer \u2018sak\u0131ncal\u0131 ki\u015filerin\u2019, \u00f6rne\u011fin politik ya da di\u011fer \u00f6rg\u00fctlerle ba\u011flant\u0131s\u0131 oldu\u011fundan \u015f\u00fcphelenilen [&hellip;]<\/p>\n","protected":false},"author":3,"featured_media":0,"comment_status":"open","ping_status":"open","sticky":false,"template":"","format":"standard","meta":{"footnotes":""},"categories":[6,14,29],"tags":[],"class_list":["post-27193","post","type-post","status-publish","format-standard","hentry","category-ermeni-soykirimi","category-haberler","category-mulakatlar"],"yoast_head":"<!-- This site is optimized with the Yoast SEO plugin v27.4 - https:\/\/yoast.com\/product\/yoast-seo-wordpress\/ -->\n<title>\u00c7ocuklar M\u00fcsl\u00fcman ailelerin yan\u0131na verilerek asimile edildi - Bati Ermenistan Ve Bati Ermenileri Sorunlari Ara\u015ftirmalar Merkezi<\/title>\n<meta name=\"robots\" content=\"index, follow, max-snippet:-1, max-image-preview:large, max-video-preview:-1\" \/>\n<link rel=\"canonical\" href=\"https:\/\/akunq.net\/turkish\/2013\/11\/30\/cocuklar-musluman-ailelerin-yanina-verilerek-asimile-edildi\/\" \/>\n<meta property=\"og:locale\" content=\"en_US\" \/>\n<meta property=\"og:type\" content=\"article\" \/>\n<meta property=\"og:title\" content=\"\u00c7ocuklar M\u00fcsl\u00fcman ailelerin yan\u0131na verilerek asimile edildi - Bati Ermenistan Ve Bati Ermenileri Sorunlari Ara\u015ftirmalar Merkezi\" \/>\n<meta property=\"og:description\" content=\"FAT\u0130H G\u00d6KHAN D\u0130LER \u00a0\u201c20 Haziran 1915\u2019te \u0130\u00e7i\u015fleri Bakanl\u0131\u011f\u0131 tehciri b\u00fct\u00fcn \u00dc\u00e7\u00fcnc\u00fc Ordu b\u00f6lgesine geni\u015fletti. \u0130ki g\u00fcn sonra ise tehcirden muaf tutulacak ilk Ermeni grubunu belirledi ve b\u00f6lgedeki valilere M\u00fcsl\u00fcmanl\u0131\u011fa ge\u00e7en Ermenilerin yerlerinde kalabilece\u011fini bildirdi. Din de\u011fi\u015ftirme ba\u015fvurular\u0131n\u0131n \u2018samimi\u2019 olmas\u0131 ve yetkililerin inanc\u0131 esast\u0131. Yetkililer \u2018sak\u0131ncal\u0131 ki\u015filerin\u2019, \u00f6rne\u011fin politik ya da di\u011fer \u00f6rg\u00fctlerle ba\u011flant\u0131s\u0131 oldu\u011fundan \u015f\u00fcphelenilen [&hellip;]\" \/>\n<meta property=\"og:url\" content=\"https:\/\/akunq.net\/turkish\/2013\/11\/30\/cocuklar-musluman-ailelerin-yanina-verilerek-asimile-edildi\/\" \/>\n<meta property=\"og:site_name\" content=\"Bati Ermenistan Ve Bati Ermenileri Sorunlari Ara\u015ftirmalar Merkezi\" \/>\n<meta property=\"article:published_time\" content=\"2013-11-30T08:21:21+00:00\" \/>\n<meta property=\"og:image\" content=\"https:\/\/akunq.net\/turkish\/wp-content\/uploads\/sites\/5\/2013\/11\/Hilmar-Kaiser.jpg\" \/>\n\t<meta property=\"og:image:width\" content=\"552\" \/>\n\t<meta property=\"og:image:height\" content=\"400\" \/>\n\t<meta property=\"og:image:type\" content=\"image\/jpeg\" \/>\n<meta name=\"author\" content=\"kalem\" \/>\n<meta name=\"twitter:card\" content=\"summary_large_image\" \/>\n<meta name=\"twitter:label1\" content=\"Written by\" \/>\n\t<meta name=\"twitter:data1\" content=\"kalem\" \/>\n\t<meta name=\"twitter:label2\" content=\"Est. reading time\" \/>\n\t<meta name=\"twitter:data2\" content=\"9 minutes\" \/>\n<script type=\"application\/ld+json\" class=\"yoast-schema-graph\">{\"@context\":\"https:\\\/\\\/schema.org\",\"@graph\":[{\"@type\":\"Article\",\"@id\":\"https:\\\/\\\/akunq.net\\\/turkish\\\/2013\\\/11\\\/30\\\/cocuklar-musluman-ailelerin-yanina-verilerek-asimile-edildi\\\/#article\",\"isPartOf\":{\"@id\":\"https:\\\/\\\/akunq.net\\\/turkish\\\/2013\\\/11\\\/30\\\/cocuklar-musluman-ailelerin-yanina-verilerek-asimile-edildi\\\/\"},\"author\":{\"name\":\"kalem\",\"@id\":\"https:\\\/\\\/akunq.net\\\/turkish\\\/#\\\/schema\\\/person\\\/135e7923d1aeb8887890799619969a6c\"},\"headline\":\"\u00c7ocuklar M\u00fcsl\u00fcman ailelerin yan\u0131na verilerek asimile edildi\",\"datePublished\":\"2013-11-30T08:21:21+00:00\",\"mainEntityOfPage\":{\"@id\":\"https:\\\/\\\/akunq.net\\\/turkish\\\/2013\\\/11\\\/30\\\/cocuklar-musluman-ailelerin-yanina-verilerek-asimile-edildi\\\/\"},\"wordCount\":1888,\"commentCount\":0,\"image\":{\"@id\":\"https:\\\/\\\/akunq.net\\\/turkish\\\/2013\\\/11\\\/30\\\/cocuklar-musluman-ailelerin-yanina-verilerek-asimile-edildi\\\/#primaryimage\"},\"thumbnailUrl\":\"http:\\\/\\\/akunq.net\\\/tr\\\/wp-content\\\/uploads\\\/2013\\\/11\\\/Hilmar-Kaiser-300x217.jpg\",\"articleSection\":[\"Ermeni Soyk\u0131r\u0131m\u0131\",\"Haberler\",\"M\u00fclakatlar\"],\"inLanguage\":\"en-US\",\"potentialAction\":[{\"@type\":\"CommentAction\",\"name\":\"Comment\",\"target\":[\"https:\\\/\\\/akunq.net\\\/turkish\\\/2013\\\/11\\\/30\\\/cocuklar-musluman-ailelerin-yanina-verilerek-asimile-edildi\\\/#respond\"]}]},{\"@type\":\"WebPage\",\"@id\":\"https:\\\/\\\/akunq.net\\\/turkish\\\/2013\\\/11\\\/30\\\/cocuklar-musluman-ailelerin-yanina-verilerek-asimile-edildi\\\/\",\"url\":\"https:\\\/\\\/akunq.net\\\/turkish\\\/2013\\\/11\\\/30\\\/cocuklar-musluman-ailelerin-yanina-verilerek-asimile-edildi\\\/\",\"name\":\"\u00c7ocuklar M\u00fcsl\u00fcman ailelerin yan\u0131na verilerek asimile edildi - Bati Ermenistan Ve Bati Ermenileri Sorunlari Ara\u015ftirmalar Merkezi\",\"isPartOf\":{\"@id\":\"https:\\\/\\\/akunq.net\\\/turkish\\\/#website\"},\"primaryImageOfPage\":{\"@id\":\"https:\\\/\\\/akunq.net\\\/turkish\\\/2013\\\/11\\\/30\\\/cocuklar-musluman-ailelerin-yanina-verilerek-asimile-edildi\\\/#primaryimage\"},\"image\":{\"@id\":\"https:\\\/\\\/akunq.net\\\/turkish\\\/2013\\\/11\\\/30\\\/cocuklar-musluman-ailelerin-yanina-verilerek-asimile-edildi\\\/#primaryimage\"},\"thumbnailUrl\":\"http:\\\/\\\/akunq.net\\\/tr\\\/wp-content\\\/uploads\\\/2013\\\/11\\\/Hilmar-Kaiser-300x217.jpg\",\"datePublished\":\"2013-11-30T08:21:21+00:00\",\"author\":{\"@id\":\"https:\\\/\\\/akunq.net\\\/turkish\\\/#\\\/schema\\\/person\\\/135e7923d1aeb8887890799619969a6c\"},\"breadcrumb\":{\"@id\":\"https:\\\/\\\/akunq.net\\\/turkish\\\/2013\\\/11\\\/30\\\/cocuklar-musluman-ailelerin-yanina-verilerek-asimile-edildi\\\/#breadcrumb\"},\"inLanguage\":\"en-US\",\"potentialAction\":[{\"@type\":\"ReadAction\",\"target\":[\"https:\\\/\\\/akunq.net\\\/turkish\\\/2013\\\/11\\\/30\\\/cocuklar-musluman-ailelerin-yanina-verilerek-asimile-edildi\\\/\"]}]},{\"@type\":\"ImageObject\",\"inLanguage\":\"en-US\",\"@id\":\"https:\\\/\\\/akunq.net\\\/turkish\\\/2013\\\/11\\\/30\\\/cocuklar-musluman-ailelerin-yanina-verilerek-asimile-edildi\\\/#primaryimage\",\"url\":\"http:\\\/\\\/akunq.net\\\/tr\\\/wp-content\\\/uploads\\\/2013\\\/11\\\/Hilmar-Kaiser-300x217.jpg\",\"contentUrl\":\"http:\\\/\\\/akunq.net\\\/tr\\\/wp-content\\\/uploads\\\/2013\\\/11\\\/Hilmar-Kaiser-300x217.jpg\"},{\"@type\":\"BreadcrumbList\",\"@id\":\"https:\\\/\\\/akunq.net\\\/turkish\\\/2013\\\/11\\\/30\\\/cocuklar-musluman-ailelerin-yanina-verilerek-asimile-edildi\\\/#breadcrumb\",\"itemListElement\":[{\"@type\":\"ListItem\",\"position\":1,\"name\":\"Home\",\"item\":\"https:\\\/\\\/akunq.net\\\/turkish\\\/\"},{\"@type\":\"ListItem\",\"position\":2,\"name\":\"\u00c7ocuklar M\u00fcsl\u00fcman ailelerin yan\u0131na verilerek asimile edildi\"}]},{\"@type\":\"WebSite\",\"@id\":\"https:\\\/\\\/akunq.net\\\/turkish\\\/#website\",\"url\":\"https:\\\/\\\/akunq.net\\\/turkish\\\/\",\"name\":\"Bati Ermenistan Ve Bati Ermenileri Sorunlari Ara\u015ftirmalar Merkezi\",\"description\":\"\",\"potentialAction\":[{\"@type\":\"SearchAction\",\"target\":{\"@type\":\"EntryPoint\",\"urlTemplate\":\"https:\\\/\\\/akunq.net\\\/turkish\\\/?s={search_term_string}\"},\"query-input\":{\"@type\":\"PropertyValueSpecification\",\"valueRequired\":true,\"valueName\":\"search_term_string\"}}],\"inLanguage\":\"en-US\"},{\"@type\":\"Person\",\"@id\":\"https:\\\/\\\/akunq.net\\\/turkish\\\/#\\\/schema\\\/person\\\/135e7923d1aeb8887890799619969a6c\",\"name\":\"kalem\",\"image\":{\"@type\":\"ImageObject\",\"inLanguage\":\"en-US\",\"@id\":\"https:\\\/\\\/secure.gravatar.com\\\/avatar\\\/a06875e4b25feb5674296adf8e8a7ae1e587cebce2493fe63c456109967e27d3?s=96&d=mm&r=g\",\"url\":\"https:\\\/\\\/secure.gravatar.com\\\/avatar\\\/a06875e4b25feb5674296adf8e8a7ae1e587cebce2493fe63c456109967e27d3?s=96&d=mm&r=g\",\"contentUrl\":\"https:\\\/\\\/secure.gravatar.com\\\/avatar\\\/a06875e4b25feb5674296adf8e8a7ae1e587cebce2493fe63c456109967e27d3?s=96&d=mm&r=g\",\"caption\":\"kalem\"},\"url\":\"https:\\\/\\\/akunq.net\\\/turkish\\\/author\\\/kalem\\\/\"}]}<\/script>\n<!-- \/ Yoast SEO plugin. -->","yoast_head_json":{"title":"\u00c7ocuklar M\u00fcsl\u00fcman ailelerin yan\u0131na verilerek asimile edildi - Bati Ermenistan Ve Bati Ermenileri Sorunlari Ara\u015ftirmalar Merkezi","robots":{"index":"index","follow":"follow","max-snippet":"max-snippet:-1","max-image-preview":"max-image-preview:large","max-video-preview":"max-video-preview:-1"},"canonical":"https:\/\/akunq.net\/turkish\/2013\/11\/30\/cocuklar-musluman-ailelerin-yanina-verilerek-asimile-edildi\/","og_locale":"en_US","og_type":"article","og_title":"\u00c7ocuklar M\u00fcsl\u00fcman ailelerin yan\u0131na verilerek asimile edildi - Bati Ermenistan Ve Bati Ermenileri Sorunlari Ara\u015ftirmalar Merkezi","og_description":"FAT\u0130H G\u00d6KHAN D\u0130LER \u00a0\u201c20 Haziran 1915\u2019te \u0130\u00e7i\u015fleri Bakanl\u0131\u011f\u0131 tehciri b\u00fct\u00fcn \u00dc\u00e7\u00fcnc\u00fc Ordu b\u00f6lgesine geni\u015fletti. \u0130ki g\u00fcn sonra ise tehcirden muaf tutulacak ilk Ermeni grubunu belirledi ve b\u00f6lgedeki valilere M\u00fcsl\u00fcmanl\u0131\u011fa ge\u00e7en Ermenilerin yerlerinde kalabilece\u011fini bildirdi. Din de\u011fi\u015ftirme ba\u015fvurular\u0131n\u0131n \u2018samimi\u2019 olmas\u0131 ve yetkililerin inanc\u0131 esast\u0131. Yetkililer \u2018sak\u0131ncal\u0131 ki\u015filerin\u2019, \u00f6rne\u011fin politik ya da di\u011fer \u00f6rg\u00fctlerle ba\u011flant\u0131s\u0131 oldu\u011fundan \u015f\u00fcphelenilen [&hellip;]","og_url":"https:\/\/akunq.net\/turkish\/2013\/11\/30\/cocuklar-musluman-ailelerin-yanina-verilerek-asimile-edildi\/","og_site_name":"Bati Ermenistan Ve Bati Ermenileri Sorunlari Ara\u015ftirmalar Merkezi","article_published_time":"2013-11-30T08:21:21+00:00","og_image":[{"width":552,"height":400,"url":"https:\/\/akunq.net\/turkish\/wp-content\/uploads\/sites\/5\/2013\/11\/Hilmar-Kaiser.jpg","type":"image\/jpeg"}],"author":"kalem","twitter_card":"summary_large_image","twitter_misc":{"Written by":"kalem","Est. reading time":"9 minutes"},"schema":{"@context":"https:\/\/schema.org","@graph":[{"@type":"Article","@id":"https:\/\/akunq.net\/turkish\/2013\/11\/30\/cocuklar-musluman-ailelerin-yanina-verilerek-asimile-edildi\/#article","isPartOf":{"@id":"https:\/\/akunq.net\/turkish\/2013\/11\/30\/cocuklar-musluman-ailelerin-yanina-verilerek-asimile-edildi\/"},"author":{"name":"kalem","@id":"https:\/\/akunq.net\/turkish\/#\/schema\/person\/135e7923d1aeb8887890799619969a6c"},"headline":"\u00c7ocuklar M\u00fcsl\u00fcman ailelerin yan\u0131na verilerek asimile edildi","datePublished":"2013-11-30T08:21:21+00:00","mainEntityOfPage":{"@id":"https:\/\/akunq.net\/turkish\/2013\/11\/30\/cocuklar-musluman-ailelerin-yanina-verilerek-asimile-edildi\/"},"wordCount":1888,"commentCount":0,"image":{"@id":"https:\/\/akunq.net\/turkish\/2013\/11\/30\/cocuklar-musluman-ailelerin-yanina-verilerek-asimile-edildi\/#primaryimage"},"thumbnailUrl":"http:\/\/akunq.net\/tr\/wp-content\/uploads\/2013\/11\/Hilmar-Kaiser-300x217.jpg","articleSection":["Ermeni Soyk\u0131r\u0131m\u0131","Haberler","M\u00fclakatlar"],"inLanguage":"en-US","potentialAction":[{"@type":"CommentAction","name":"Comment","target":["https:\/\/akunq.net\/turkish\/2013\/11\/30\/cocuklar-musluman-ailelerin-yanina-verilerek-asimile-edildi\/#respond"]}]},{"@type":"WebPage","@id":"https:\/\/akunq.net\/turkish\/2013\/11\/30\/cocuklar-musluman-ailelerin-yanina-verilerek-asimile-edildi\/","url":"https:\/\/akunq.net\/turkish\/2013\/11\/30\/cocuklar-musluman-ailelerin-yanina-verilerek-asimile-edildi\/","name":"\u00c7ocuklar M\u00fcsl\u00fcman ailelerin yan\u0131na verilerek asimile edildi - Bati Ermenistan Ve Bati Ermenileri Sorunlari Ara\u015ftirmalar Merkezi","isPartOf":{"@id":"https:\/\/akunq.net\/turkish\/#website"},"primaryImageOfPage":{"@id":"https:\/\/akunq.net\/turkish\/2013\/11\/30\/cocuklar-musluman-ailelerin-yanina-verilerek-asimile-edildi\/#primaryimage"},"image":{"@id":"https:\/\/akunq.net\/turkish\/2013\/11\/30\/cocuklar-musluman-ailelerin-yanina-verilerek-asimile-edildi\/#primaryimage"},"thumbnailUrl":"http:\/\/akunq.net\/tr\/wp-content\/uploads\/2013\/11\/Hilmar-Kaiser-300x217.jpg","datePublished":"2013-11-30T08:21:21+00:00","author":{"@id":"https:\/\/akunq.net\/turkish\/#\/schema\/person\/135e7923d1aeb8887890799619969a6c"},"breadcrumb":{"@id":"https:\/\/akunq.net\/turkish\/2013\/11\/30\/cocuklar-musluman-ailelerin-yanina-verilerek-asimile-edildi\/#breadcrumb"},"inLanguage":"en-US","potentialAction":[{"@type":"ReadAction","target":["https:\/\/akunq.net\/turkish\/2013\/11\/30\/cocuklar-musluman-ailelerin-yanina-verilerek-asimile-edildi\/"]}]},{"@type":"ImageObject","inLanguage":"en-US","@id":"https:\/\/akunq.net\/turkish\/2013\/11\/30\/cocuklar-musluman-ailelerin-yanina-verilerek-asimile-edildi\/#primaryimage","url":"http:\/\/akunq.net\/tr\/wp-content\/uploads\/2013\/11\/Hilmar-Kaiser-300x217.jpg","contentUrl":"http:\/\/akunq.net\/tr\/wp-content\/uploads\/2013\/11\/Hilmar-Kaiser-300x217.jpg"},{"@type":"BreadcrumbList","@id":"https:\/\/akunq.net\/turkish\/2013\/11\/30\/cocuklar-musluman-ailelerin-yanina-verilerek-asimile-edildi\/#breadcrumb","itemListElement":[{"@type":"ListItem","position":1,"name":"Home","item":"https:\/\/akunq.net\/turkish\/"},{"@type":"ListItem","position":2,"name":"\u00c7ocuklar M\u00fcsl\u00fcman ailelerin yan\u0131na verilerek asimile edildi"}]},{"@type":"WebSite","@id":"https:\/\/akunq.net\/turkish\/#website","url":"https:\/\/akunq.net\/turkish\/","name":"Bati Ermenistan Ve Bati Ermenileri Sorunlari Ara\u015ftirmalar Merkezi","description":"","potentialAction":[{"@type":"SearchAction","target":{"@type":"EntryPoint","urlTemplate":"https:\/\/akunq.net\/turkish\/?s={search_term_string}"},"query-input":{"@type":"PropertyValueSpecification","valueRequired":true,"valueName":"search_term_string"}}],"inLanguage":"en-US"},{"@type":"Person","@id":"https:\/\/akunq.net\/turkish\/#\/schema\/person\/135e7923d1aeb8887890799619969a6c","name":"kalem","image":{"@type":"ImageObject","inLanguage":"en-US","@id":"https:\/\/secure.gravatar.com\/avatar\/a06875e4b25feb5674296adf8e8a7ae1e587cebce2493fe63c456109967e27d3?s=96&d=mm&r=g","url":"https:\/\/secure.gravatar.com\/avatar\/a06875e4b25feb5674296adf8e8a7ae1e587cebce2493fe63c456109967e27d3?s=96&d=mm&r=g","contentUrl":"https:\/\/secure.gravatar.com\/avatar\/a06875e4b25feb5674296adf8e8a7ae1e587cebce2493fe63c456109967e27d3?s=96&d=mm&r=g","caption":"kalem"},"url":"https:\/\/akunq.net\/turkish\/author\/kalem\/"}]}},"_links":{"self":[{"href":"https:\/\/akunq.net\/turkish\/wp-json\/wp\/v2\/posts\/27193","targetHints":{"allow":["GET"]}}],"collection":[{"href":"https:\/\/akunq.net\/turkish\/wp-json\/wp\/v2\/posts"}],"about":[{"href":"https:\/\/akunq.net\/turkish\/wp-json\/wp\/v2\/types\/post"}],"author":[{"embeddable":true,"href":"https:\/\/akunq.net\/turkish\/wp-json\/wp\/v2\/users\/3"}],"replies":[{"embeddable":true,"href":"https:\/\/akunq.net\/turkish\/wp-json\/wp\/v2\/comments?post=27193"}],"version-history":[{"count":0,"href":"https:\/\/akunq.net\/turkish\/wp-json\/wp\/v2\/posts\/27193\/revisions"}],"wp:attachment":[{"href":"https:\/\/akunq.net\/turkish\/wp-json\/wp\/v2\/media?parent=27193"}],"wp:term":[{"taxonomy":"category","embeddable":true,"href":"https:\/\/akunq.net\/turkish\/wp-json\/wp\/v2\/categories?post=27193"},{"taxonomy":"post_tag","embeddable":true,"href":"https:\/\/akunq.net\/turkish\/wp-json\/wp\/v2\/tags?post=27193"}],"curies":[{"name":"wp","href":"https:\/\/api.w.org\/{rel}","templated":true}]}}