{"id":27148,"date":"2013-11-28T03:58:10","date_gmt":"2013-11-28T08:58:10","guid":{"rendered":"http:\/\/akunq.net\/tr\/?p=27148"},"modified":"2013-11-28T03:58:10","modified_gmt":"2013-11-28T08:58:10","slug":"1920-ruhu-ve-2015","status":"publish","type":"post","link":"https:\/\/akunq.net\/turkish\/2013\/11\/28\/1920-ruhu-ve-2015\/","title":{"rendered":"1920 Ruhu ve 2015"},"content":{"rendered":"<p style=\"text-align: justify\"><b><a href=\"http:\/\/akunq.net\/tr\/wp-content\/uploads\/2013\/11\/Taner-Akcam2.jpg\"><img loading=\"lazy\" decoding=\"async\" class=\"alignright size-full wp-image-27149\" alt=\"Taner Akcam\" src=\"http:\/\/akunq.net\/tr\/wp-content\/uploads\/2013\/11\/Taner-Akcam2.jpg\" width=\"285\" height=\"177\" \/><\/a>Taner Ak\u00e7am<\/b><\/p>\n<p style=\"text-align: justify\"><b><i>Ba\u015fbakan\u2019\u0131n Diyarbak\u0131r konu\u015fmas\u0131ndaki en \u00f6nemli hususlardan birisi, yeni bir T\u00fcrkiye\u2019nin kurulmakta oldu\u011funu ilan etmesi idi.<\/i><\/b><\/p>\n<p style=\"text-align: justify\">Ba\u015fbakan\u2019a g\u00f6re yeni T\u00fcrkiye, 1920 Ruhu \u00fczerine in\u015fa edilecek. K\u00fcrdistan kelimesini kullanmas\u0131n\u0131n s\u0131rr\u0131 da burada. Ba\u015fbakan, bu kelimeyi kulland\u0131\u011f\u0131 i\u00e7in y\u00f6neltilen ele\u015ftirilere ise,\u00a0<b>Mustafa Kemal<\/b>\u2019den al\u0131nt\u0131larla cevap verdi.<\/p>\n<p style=\"text-align: justify\">M. Kemal\u2019in \u00f6zellikle 24 Nisan 1920 tarihinde, Ankara\u2019da yeni Meclis\u2019in a\u00e7\u0131l\u0131\u015f konu\u015fmas\u0131ndaki ifadelerine at\u0131fta bulundu.<\/p>\n<p style=\"text-align: justify\">Ger\u00e7ekten \u00f6nemli bir konu\u015fmad\u0131r o&#8230;<\/p>\n<p style=\"text-align: justify\">Yeni T\u00fcrkiye, 1920 ruhuna uygun olarak, o d\u00f6nemde kullan\u0131lan kavramlarla yeniden tan\u0131mlanmak durumunda&#8230; Erdo\u011fan\u2019\u0131n s\u00f6yledi\u011fi bu.<\/p>\n<p style=\"text-align: justify\">Asl\u0131nda, at\u0131lan her yeni ad\u0131m\u0131n, otoritesi tart\u0131\u015f\u0131lmayan ki\u015filere at\u0131fta bulunularak savunulmas\u0131 fena bir strateji de\u011fildir.<\/p>\n<p style=\"text-align: justify\">Bizim d\u00f6nem solcular\u0131 pek g\u00fczel yapard\u0131k bunu. Herhangi bir tart\u0131\u015fmada, bir\u00a0<b>Karl Marx<\/b>, bir\u00a0<b>Lenin <\/b>al\u0131nt\u0131s\u0131 hallederdi t\u00fcm meseleyi. Bazen kitab\u0131 karn\u0131m\u0131zda da ta\u015f\u0131rd\u0131k. Hele bir de ezberinizden sayfa numaras\u0131n\u0131 falan da verirseniz, \u201c<b>yeme de yan\u0131nda yat<\/b>\u201d durumlar\u0131 olur ve tart\u0131\u015fmay\u0131 kesin galip bitirirdiniz.<\/p>\n<p style=\"text-align: justify\">Tabii bu stratejinin riskli bir taraf\u0131 da var. Kar\u015f\u0131 taraf, sizin ba\u015fvurdu\u011funuz ayn\u0131 ki\u015filere ba\u015fvurarak ba\u015fka al\u0131nt\u0131lar yapabilir. O zaman i\u015fin i\u00e7inden \u00e7\u0131k\u0131lmaz olurdu; ayn\u0131 ki\u015fiye ait bir al\u0131nt\u0131 \u00f6teki al\u0131nt\u0131ya kar\u015f\u0131&#8230;<\/p>\n<p style=\"text-align: justify\">Hele hele bu tarih\u00ee ki\u015filik\u00a0<b>Mustafa Kemal<\/b>\u00a0olunca durum kar\u0131\u015f\u0131k ve \u00e7ok riskli. \u00c7\u00fcnk\u00fc onun bir birine y\u00fczde y\u00fcz z\u0131t s\u00f6zlerini bulmak \u00e7ok zor de\u011fil.<\/p>\n<p style=\"text-align: justify\">Erdo\u011fan\u2019\u0131n K\u00fcrdistan kelimesini Mustafa Kemal\u2019e ba\u011flamas\u0131 hen\u00fcz b\u00f6yle bir s\u0131k\u0131nt\u0131ya yol a\u00e7mad\u0131. A\u00e7mamas\u0131 i\u00e7in de duac\u0131 olmakta fayda var.<\/p>\n<p style=\"text-align: justify\">Sonu\u00e7ta ama, ta\u015f\u0131d\u0131\u011f\u0131 t\u00fcm risklerine ra\u011fmen Erdo\u011fan\u2019\u0131n bu stratejisini be\u011fendi\u011fimi itiraf etmek zorunday\u0131m.<\/p>\n<p style=\"text-align: justify\">Stratejinin ana hatlar\u0131 \u015fu: Yeni bir T\u00fcrkiye; bu yeni T\u00fcrkiye 1920 Ruhu esas\u0131na g\u00f6re kurulacak. Yap\u0131lmas\u0131 gereken bu ruha uygun bir zihniyet de\u011fi\u015fimini yaratabilmek ve buna uygun kavramlar kullanmak.<\/p>\n<p style=\"text-align: justify\"><b>2015, Ermeni soyk\u0131r\u0131m\u0131n\u0131n 100. y\u00fczy\u0131l\u0131 yakla\u015f\u0131yor.<br \/>\nAcaba Erdo\u011fan\u2019\u0131n bu stratejisini 2015 i\u00e7in de kullansak nas\u0131l olur?<\/b><\/p>\n<p style=\"text-align: justify\">Mademki, yeni bir T\u00fcrkiye\u2019den, 1920 Ruhu\u2019ndan s\u00f6z ediyor ve Mustafa Kemal\u2019in \u00f6zellikle 1920 civar\u0131nda s\u00f6yledi\u011fi s\u00f6zlere \u00f6zel bir \u00f6nem atfediyor, acaba, bu d\u00f6nemde\u00a0<b>Mustafa Kemal\u2019in Ermenilerin s\u00fcrg\u00fcn ve imhalar\u0131 konusunda s\u00f6ylediklerini Erdo\u011fan i\u00e7in biraraya toplasak nas\u0131l olur?<\/b><\/p>\n<p style=\"text-align: justify\">Acaba Erdo\u011fan, yakla\u015fmakta olan 2015\u2019i Mustafa Kemal\u2019e ait birtak\u0131m s\u00f6zlerle kar\u015f\u0131lamak istemez mi?<\/p>\n<p style=\"text-align: justify\">Bence fena bir strateji de\u011fil bu.<b><br \/>\nMustafa Kemal\u2019in s\u00f6zleri, t\u0131pk\u0131 K\u00fcrt meselesinde oldu\u011fu gibi, Ermeni meselesinde de yeni \u015feylerin s\u00f6ylenmesine zemin te\u015fkil eder.<\/b><\/p>\n<p style=\"text-align: justify\"><b><br \/>\nH\u00fck\u00fcmetin yeni a\u00e7\u0131l\u0131mlar yapmas\u0131na yard\u0131mc\u0131 olur.<\/b><\/p>\n<p style=\"text-align: justify\">\u00c7\u00fcnk\u00fc 1919-1920\u2019li y\u0131llarda Mustafa Kemal\u2019in Ermeni imhalar\u0131 konusunda tak\u0131nd\u0131\u011f\u0131 tutum, bug\u00fcnk\u00fc devlet politikalar\u0131ndan epey farkl\u0131.<\/p>\n<p style=\"text-align: justify\">Bug\u00fcnk\u00fc devlet politikas\u0131 esas olarak ink\u00e2ra dayan\u0131r.<\/p>\n<p style=\"text-align: justify\">\u0130nk\u00e2r politikas\u0131 bir c\u00fcmle ile \u00f6zetlenebilir: \u201c<b>1915\u2019te hi\u00e7bir \u015fey olmam\u0131\u015ft\u0131r; bir \u015fey olmu\u015fsa da bundan zaten Ermeniler sorumludur.<\/b>\u201d<b><br \/>\nOysa 1918-1920 d\u00f6neminde, Mustafa Kemal\u2019in tutumu b\u00f6yle de\u011fildir.<br \/>\nA\u00e7\u0131k bir ink\u00e2r yoktur.<br \/>\nAksine Mustafa Kemal cinayetlerin i\u015flendi\u011fini kabul eder ve su\u00e7lular\u0131n yarg\u0131lanmas\u0131 ve cezaland\u0131r\u0131lmas\u0131n\u0131 savunur.<\/b><\/p>\n<p style=\"text-align: justify\">Mademki yeni bir T\u00fcrkiye ve 1920 Ruhu&#8230; Bu i\u015fi ciddiye almakta fayda var.<b><br \/>\nBa\u015fbakan Erdo\u011fan i\u00e7in, bir el kitab\u0131 haz\u0131rlamaya karar verdim.<br \/>\nMustafa Kemal\u2019in, 1915 Ermeni s\u00fcrg\u00fcn ve katliamlar\u0131 konusunda s\u00f6ylediklerini biraraya getirece\u011fim. Buna, Mustafa Kemal\u2019in \u00e7\u0131kartt\u0131\u011f\u0131 gazete olan\u00a0<\/b><i>Minber<\/i><b>\u2019de konuya ili\u015fkin yaz\u0131lanlar\u0131 aktarmakla ba\u015flamak istiyorum.<\/p>\n<p><\/b><\/p>\n<p style=\"text-align: justify\"><b><i>tanerakcam@gmail.com<\/i><\/b><\/p>\n<p style=\"text-align: justify\"><a href=\"http:\/\/www.taraf.com.tr\/taner-akcam\/makale-1920-ruhu-ve-2015.htm\"><b><i>http:\/\/www.taraf.com.tr\/taner-akcam\/makale-1920-ruhu-ve-2015.htm<\/i><\/b><\/a><\/p>\n","protected":false},"excerpt":{"rendered":"<p>Taner Ak\u00e7am Ba\u015fbakan\u2019\u0131n Diyarbak\u0131r konu\u015fmas\u0131ndaki en \u00f6nemli hususlardan birisi, yeni bir T\u00fcrkiye\u2019nin kurulmakta oldu\u011funu ilan etmesi idi. Ba\u015fbakan\u2019a g\u00f6re yeni T\u00fcrkiye, 1920 Ruhu \u00fczerine in\u015fa edilecek. K\u00fcrdistan kelimesini kullanmas\u0131n\u0131n s\u0131rr\u0131 da burada. Ba\u015fbakan, bu kelimeyi kulland\u0131\u011f\u0131 i\u00e7in y\u00f6neltilen ele\u015ftirilere ise,\u00a0Mustafa Kemal\u2019den al\u0131nt\u0131larla cevap verdi. M. Kemal\u2019in \u00f6zellikle 24 Nisan 1920 tarihinde, Ankara\u2019da yeni Meclis\u2019in a\u00e7\u0131l\u0131\u015f [&hellip;]<\/p>\n","protected":false},"author":3,"featured_media":0,"comment_status":"open","ping_status":"open","sticky":false,"template":"","format":"standard","meta":{"footnotes":""},"categories":[6,14,26],"tags":[],"class_list":["post-27148","post","type-post","status-publish","format-standard","hentry","category-ermeni-soykirimi","category-haberler","category-makaleler"],"yoast_head":"<!-- This site is optimized with the Yoast SEO plugin v27.4 - https:\/\/yoast.com\/product\/yoast-seo-wordpress\/ -->\n<title>1920 Ruhu ve 2015 - Bati Ermenistan Ve Bati Ermenileri Sorunlari Ara\u015ftirmalar Merkezi<\/title>\n<meta name=\"robots\" content=\"index, follow, max-snippet:-1, max-image-preview:large, max-video-preview:-1\" \/>\n<link rel=\"canonical\" href=\"https:\/\/akunq.net\/turkish\/2013\/11\/28\/1920-ruhu-ve-2015\/\" \/>\n<meta property=\"og:locale\" content=\"en_US\" \/>\n<meta property=\"og:type\" content=\"article\" \/>\n<meta property=\"og:title\" content=\"1920 Ruhu ve 2015 - Bati Ermenistan Ve Bati Ermenileri Sorunlari Ara\u015ftirmalar Merkezi\" \/>\n<meta property=\"og:description\" content=\"Taner Ak\u00e7am Ba\u015fbakan\u2019\u0131n Diyarbak\u0131r konu\u015fmas\u0131ndaki en \u00f6nemli hususlardan birisi, yeni bir T\u00fcrkiye\u2019nin kurulmakta oldu\u011funu ilan etmesi idi. Ba\u015fbakan\u2019a g\u00f6re yeni T\u00fcrkiye, 1920 Ruhu \u00fczerine in\u015fa edilecek. K\u00fcrdistan kelimesini kullanmas\u0131n\u0131n s\u0131rr\u0131 da burada. Ba\u015fbakan, bu kelimeyi kulland\u0131\u011f\u0131 i\u00e7in y\u00f6neltilen ele\u015ftirilere ise,\u00a0Mustafa Kemal\u2019den al\u0131nt\u0131larla cevap verdi. M. Kemal\u2019in \u00f6zellikle 24 Nisan 1920 tarihinde, Ankara\u2019da yeni Meclis\u2019in a\u00e7\u0131l\u0131\u015f [&hellip;]\" \/>\n<meta property=\"og:url\" content=\"https:\/\/akunq.net\/turkish\/2013\/11\/28\/1920-ruhu-ve-2015\/\" \/>\n<meta property=\"og:site_name\" content=\"Bati Ermenistan Ve Bati Ermenileri Sorunlari Ara\u015ftirmalar Merkezi\" \/>\n<meta property=\"article:published_time\" content=\"2013-11-28T08:58:10+00:00\" \/>\n<meta property=\"og:image\" content=\"https:\/\/akunq.net\/turkish\/wp-content\/uploads\/sites\/5\/2013\/11\/Taner-Akcam2.jpg\" \/>\n\t<meta property=\"og:image:width\" content=\"285\" \/>\n\t<meta property=\"og:image:height\" content=\"177\" \/>\n\t<meta property=\"og:image:type\" content=\"image\/jpeg\" \/>\n<meta name=\"author\" content=\"kalem\" \/>\n<meta name=\"twitter:card\" content=\"summary_large_image\" \/>\n<meta name=\"twitter:label1\" content=\"Written by\" \/>\n\t<meta name=\"twitter:data1\" content=\"kalem\" \/>\n\t<meta name=\"twitter:label2\" content=\"Est. reading time\" \/>\n\t<meta name=\"twitter:data2\" content=\"3 minutes\" \/>\n<script type=\"application\/ld+json\" class=\"yoast-schema-graph\">{\"@context\":\"https:\\\/\\\/schema.org\",\"@graph\":[{\"@type\":\"Article\",\"@id\":\"https:\\\/\\\/akunq.net\\\/turkish\\\/2013\\\/11\\\/28\\\/1920-ruhu-ve-2015\\\/#article\",\"isPartOf\":{\"@id\":\"https:\\\/\\\/akunq.net\\\/turkish\\\/2013\\\/11\\\/28\\\/1920-ruhu-ve-2015\\\/\"},\"author\":{\"name\":\"kalem\",\"@id\":\"https:\\\/\\\/akunq.net\\\/turkish\\\/#\\\/schema\\\/person\\\/135e7923d1aeb8887890799619969a6c\"},\"headline\":\"1920 Ruhu ve 2015\",\"datePublished\":\"2013-11-28T08:58:10+00:00\",\"mainEntityOfPage\":{\"@id\":\"https:\\\/\\\/akunq.net\\\/turkish\\\/2013\\\/11\\\/28\\\/1920-ruhu-ve-2015\\\/\"},\"wordCount\":674,\"commentCount\":0,\"image\":{\"@id\":\"https:\\\/\\\/akunq.net\\\/turkish\\\/2013\\\/11\\\/28\\\/1920-ruhu-ve-2015\\\/#primaryimage\"},\"thumbnailUrl\":\"http:\\\/\\\/akunq.net\\\/tr\\\/wp-content\\\/uploads\\\/2013\\\/11\\\/Taner-Akcam2.jpg\",\"articleSection\":[\"Ermeni Soyk\u0131r\u0131m\u0131\",\"Haberler\",\"Makaleler\"],\"inLanguage\":\"en-US\",\"potentialAction\":[{\"@type\":\"CommentAction\",\"name\":\"Comment\",\"target\":[\"https:\\\/\\\/akunq.net\\\/turkish\\\/2013\\\/11\\\/28\\\/1920-ruhu-ve-2015\\\/#respond\"]}]},{\"@type\":\"WebPage\",\"@id\":\"https:\\\/\\\/akunq.net\\\/turkish\\\/2013\\\/11\\\/28\\\/1920-ruhu-ve-2015\\\/\",\"url\":\"https:\\\/\\\/akunq.net\\\/turkish\\\/2013\\\/11\\\/28\\\/1920-ruhu-ve-2015\\\/\",\"name\":\"1920 Ruhu ve 2015 - Bati Ermenistan Ve Bati Ermenileri Sorunlari Ara\u015ftirmalar Merkezi\",\"isPartOf\":{\"@id\":\"https:\\\/\\\/akunq.net\\\/turkish\\\/#website\"},\"primaryImageOfPage\":{\"@id\":\"https:\\\/\\\/akunq.net\\\/turkish\\\/2013\\\/11\\\/28\\\/1920-ruhu-ve-2015\\\/#primaryimage\"},\"image\":{\"@id\":\"https:\\\/\\\/akunq.net\\\/turkish\\\/2013\\\/11\\\/28\\\/1920-ruhu-ve-2015\\\/#primaryimage\"},\"thumbnailUrl\":\"http:\\\/\\\/akunq.net\\\/tr\\\/wp-content\\\/uploads\\\/2013\\\/11\\\/Taner-Akcam2.jpg\",\"datePublished\":\"2013-11-28T08:58:10+00:00\",\"author\":{\"@id\":\"https:\\\/\\\/akunq.net\\\/turkish\\\/#\\\/schema\\\/person\\\/135e7923d1aeb8887890799619969a6c\"},\"breadcrumb\":{\"@id\":\"https:\\\/\\\/akunq.net\\\/turkish\\\/2013\\\/11\\\/28\\\/1920-ruhu-ve-2015\\\/#breadcrumb\"},\"inLanguage\":\"en-US\",\"potentialAction\":[{\"@type\":\"ReadAction\",\"target\":[\"https:\\\/\\\/akunq.net\\\/turkish\\\/2013\\\/11\\\/28\\\/1920-ruhu-ve-2015\\\/\"]}]},{\"@type\":\"ImageObject\",\"inLanguage\":\"en-US\",\"@id\":\"https:\\\/\\\/akunq.net\\\/turkish\\\/2013\\\/11\\\/28\\\/1920-ruhu-ve-2015\\\/#primaryimage\",\"url\":\"http:\\\/\\\/akunq.net\\\/tr\\\/wp-content\\\/uploads\\\/2013\\\/11\\\/Taner-Akcam2.jpg\",\"contentUrl\":\"http:\\\/\\\/akunq.net\\\/tr\\\/wp-content\\\/uploads\\\/2013\\\/11\\\/Taner-Akcam2.jpg\"},{\"@type\":\"BreadcrumbList\",\"@id\":\"https:\\\/\\\/akunq.net\\\/turkish\\\/2013\\\/11\\\/28\\\/1920-ruhu-ve-2015\\\/#breadcrumb\",\"itemListElement\":[{\"@type\":\"ListItem\",\"position\":1,\"name\":\"Home\",\"item\":\"https:\\\/\\\/akunq.net\\\/turkish\\\/\"},{\"@type\":\"ListItem\",\"position\":2,\"name\":\"1920 Ruhu ve 2015\"}]},{\"@type\":\"WebSite\",\"@id\":\"https:\\\/\\\/akunq.net\\\/turkish\\\/#website\",\"url\":\"https:\\\/\\\/akunq.net\\\/turkish\\\/\",\"name\":\"Bati Ermenistan Ve Bati Ermenileri Sorunlari Ara\u015ftirmalar Merkezi\",\"description\":\"\",\"potentialAction\":[{\"@type\":\"SearchAction\",\"target\":{\"@type\":\"EntryPoint\",\"urlTemplate\":\"https:\\\/\\\/akunq.net\\\/turkish\\\/?s={search_term_string}\"},\"query-input\":{\"@type\":\"PropertyValueSpecification\",\"valueRequired\":true,\"valueName\":\"search_term_string\"}}],\"inLanguage\":\"en-US\"},{\"@type\":\"Person\",\"@id\":\"https:\\\/\\\/akunq.net\\\/turkish\\\/#\\\/schema\\\/person\\\/135e7923d1aeb8887890799619969a6c\",\"name\":\"kalem\",\"image\":{\"@type\":\"ImageObject\",\"inLanguage\":\"en-US\",\"@id\":\"https:\\\/\\\/secure.gravatar.com\\\/avatar\\\/a06875e4b25feb5674296adf8e8a7ae1e587cebce2493fe63c456109967e27d3?s=96&d=mm&r=g\",\"url\":\"https:\\\/\\\/secure.gravatar.com\\\/avatar\\\/a06875e4b25feb5674296adf8e8a7ae1e587cebce2493fe63c456109967e27d3?s=96&d=mm&r=g\",\"contentUrl\":\"https:\\\/\\\/secure.gravatar.com\\\/avatar\\\/a06875e4b25feb5674296adf8e8a7ae1e587cebce2493fe63c456109967e27d3?s=96&d=mm&r=g\",\"caption\":\"kalem\"},\"url\":\"https:\\\/\\\/akunq.net\\\/turkish\\\/author\\\/kalem\\\/\"}]}<\/script>\n<!-- \/ Yoast SEO plugin. -->","yoast_head_json":{"title":"1920 Ruhu ve 2015 - Bati Ermenistan Ve Bati Ermenileri Sorunlari Ara\u015ftirmalar Merkezi","robots":{"index":"index","follow":"follow","max-snippet":"max-snippet:-1","max-image-preview":"max-image-preview:large","max-video-preview":"max-video-preview:-1"},"canonical":"https:\/\/akunq.net\/turkish\/2013\/11\/28\/1920-ruhu-ve-2015\/","og_locale":"en_US","og_type":"article","og_title":"1920 Ruhu ve 2015 - Bati Ermenistan Ve Bati Ermenileri Sorunlari Ara\u015ftirmalar Merkezi","og_description":"Taner Ak\u00e7am Ba\u015fbakan\u2019\u0131n Diyarbak\u0131r konu\u015fmas\u0131ndaki en \u00f6nemli hususlardan birisi, yeni bir T\u00fcrkiye\u2019nin kurulmakta oldu\u011funu ilan etmesi idi. Ba\u015fbakan\u2019a g\u00f6re yeni T\u00fcrkiye, 1920 Ruhu \u00fczerine in\u015fa edilecek. K\u00fcrdistan kelimesini kullanmas\u0131n\u0131n s\u0131rr\u0131 da burada. Ba\u015fbakan, bu kelimeyi kulland\u0131\u011f\u0131 i\u00e7in y\u00f6neltilen ele\u015ftirilere ise,\u00a0Mustafa Kemal\u2019den al\u0131nt\u0131larla cevap verdi. M. Kemal\u2019in \u00f6zellikle 24 Nisan 1920 tarihinde, Ankara\u2019da yeni Meclis\u2019in a\u00e7\u0131l\u0131\u015f [&hellip;]","og_url":"https:\/\/akunq.net\/turkish\/2013\/11\/28\/1920-ruhu-ve-2015\/","og_site_name":"Bati Ermenistan Ve Bati Ermenileri Sorunlari Ara\u015ftirmalar Merkezi","article_published_time":"2013-11-28T08:58:10+00:00","og_image":[{"width":285,"height":177,"url":"https:\/\/akunq.net\/turkish\/wp-content\/uploads\/sites\/5\/2013\/11\/Taner-Akcam2.jpg","type":"image\/jpeg"}],"author":"kalem","twitter_card":"summary_large_image","twitter_misc":{"Written by":"kalem","Est. reading time":"3 minutes"},"schema":{"@context":"https:\/\/schema.org","@graph":[{"@type":"Article","@id":"https:\/\/akunq.net\/turkish\/2013\/11\/28\/1920-ruhu-ve-2015\/#article","isPartOf":{"@id":"https:\/\/akunq.net\/turkish\/2013\/11\/28\/1920-ruhu-ve-2015\/"},"author":{"name":"kalem","@id":"https:\/\/akunq.net\/turkish\/#\/schema\/person\/135e7923d1aeb8887890799619969a6c"},"headline":"1920 Ruhu ve 2015","datePublished":"2013-11-28T08:58:10+00:00","mainEntityOfPage":{"@id":"https:\/\/akunq.net\/turkish\/2013\/11\/28\/1920-ruhu-ve-2015\/"},"wordCount":674,"commentCount":0,"image":{"@id":"https:\/\/akunq.net\/turkish\/2013\/11\/28\/1920-ruhu-ve-2015\/#primaryimage"},"thumbnailUrl":"http:\/\/akunq.net\/tr\/wp-content\/uploads\/2013\/11\/Taner-Akcam2.jpg","articleSection":["Ermeni Soyk\u0131r\u0131m\u0131","Haberler","Makaleler"],"inLanguage":"en-US","potentialAction":[{"@type":"CommentAction","name":"Comment","target":["https:\/\/akunq.net\/turkish\/2013\/11\/28\/1920-ruhu-ve-2015\/#respond"]}]},{"@type":"WebPage","@id":"https:\/\/akunq.net\/turkish\/2013\/11\/28\/1920-ruhu-ve-2015\/","url":"https:\/\/akunq.net\/turkish\/2013\/11\/28\/1920-ruhu-ve-2015\/","name":"1920 Ruhu ve 2015 - Bati Ermenistan Ve Bati Ermenileri Sorunlari Ara\u015ftirmalar Merkezi","isPartOf":{"@id":"https:\/\/akunq.net\/turkish\/#website"},"primaryImageOfPage":{"@id":"https:\/\/akunq.net\/turkish\/2013\/11\/28\/1920-ruhu-ve-2015\/#primaryimage"},"image":{"@id":"https:\/\/akunq.net\/turkish\/2013\/11\/28\/1920-ruhu-ve-2015\/#primaryimage"},"thumbnailUrl":"http:\/\/akunq.net\/tr\/wp-content\/uploads\/2013\/11\/Taner-Akcam2.jpg","datePublished":"2013-11-28T08:58:10+00:00","author":{"@id":"https:\/\/akunq.net\/turkish\/#\/schema\/person\/135e7923d1aeb8887890799619969a6c"},"breadcrumb":{"@id":"https:\/\/akunq.net\/turkish\/2013\/11\/28\/1920-ruhu-ve-2015\/#breadcrumb"},"inLanguage":"en-US","potentialAction":[{"@type":"ReadAction","target":["https:\/\/akunq.net\/turkish\/2013\/11\/28\/1920-ruhu-ve-2015\/"]}]},{"@type":"ImageObject","inLanguage":"en-US","@id":"https:\/\/akunq.net\/turkish\/2013\/11\/28\/1920-ruhu-ve-2015\/#primaryimage","url":"http:\/\/akunq.net\/tr\/wp-content\/uploads\/2013\/11\/Taner-Akcam2.jpg","contentUrl":"http:\/\/akunq.net\/tr\/wp-content\/uploads\/2013\/11\/Taner-Akcam2.jpg"},{"@type":"BreadcrumbList","@id":"https:\/\/akunq.net\/turkish\/2013\/11\/28\/1920-ruhu-ve-2015\/#breadcrumb","itemListElement":[{"@type":"ListItem","position":1,"name":"Home","item":"https:\/\/akunq.net\/turkish\/"},{"@type":"ListItem","position":2,"name":"1920 Ruhu ve 2015"}]},{"@type":"WebSite","@id":"https:\/\/akunq.net\/turkish\/#website","url":"https:\/\/akunq.net\/turkish\/","name":"Bati Ermenistan Ve Bati Ermenileri Sorunlari Ara\u015ftirmalar Merkezi","description":"","potentialAction":[{"@type":"SearchAction","target":{"@type":"EntryPoint","urlTemplate":"https:\/\/akunq.net\/turkish\/?s={search_term_string}"},"query-input":{"@type":"PropertyValueSpecification","valueRequired":true,"valueName":"search_term_string"}}],"inLanguage":"en-US"},{"@type":"Person","@id":"https:\/\/akunq.net\/turkish\/#\/schema\/person\/135e7923d1aeb8887890799619969a6c","name":"kalem","image":{"@type":"ImageObject","inLanguage":"en-US","@id":"https:\/\/secure.gravatar.com\/avatar\/a06875e4b25feb5674296adf8e8a7ae1e587cebce2493fe63c456109967e27d3?s=96&d=mm&r=g","url":"https:\/\/secure.gravatar.com\/avatar\/a06875e4b25feb5674296adf8e8a7ae1e587cebce2493fe63c456109967e27d3?s=96&d=mm&r=g","contentUrl":"https:\/\/secure.gravatar.com\/avatar\/a06875e4b25feb5674296adf8e8a7ae1e587cebce2493fe63c456109967e27d3?s=96&d=mm&r=g","caption":"kalem"},"url":"https:\/\/akunq.net\/turkish\/author\/kalem\/"}]}},"_links":{"self":[{"href":"https:\/\/akunq.net\/turkish\/wp-json\/wp\/v2\/posts\/27148","targetHints":{"allow":["GET"]}}],"collection":[{"href":"https:\/\/akunq.net\/turkish\/wp-json\/wp\/v2\/posts"}],"about":[{"href":"https:\/\/akunq.net\/turkish\/wp-json\/wp\/v2\/types\/post"}],"author":[{"embeddable":true,"href":"https:\/\/akunq.net\/turkish\/wp-json\/wp\/v2\/users\/3"}],"replies":[{"embeddable":true,"href":"https:\/\/akunq.net\/turkish\/wp-json\/wp\/v2\/comments?post=27148"}],"version-history":[{"count":0,"href":"https:\/\/akunq.net\/turkish\/wp-json\/wp\/v2\/posts\/27148\/revisions"}],"wp:attachment":[{"href":"https:\/\/akunq.net\/turkish\/wp-json\/wp\/v2\/media?parent=27148"}],"wp:term":[{"taxonomy":"category","embeddable":true,"href":"https:\/\/akunq.net\/turkish\/wp-json\/wp\/v2\/categories?post=27148"},{"taxonomy":"post_tag","embeddable":true,"href":"https:\/\/akunq.net\/turkish\/wp-json\/wp\/v2\/tags?post=27148"}],"curies":[{"name":"wp","href":"https:\/\/api.w.org\/{rel}","templated":true}]}}