{"id":27100,"date":"2013-11-26T03:29:14","date_gmt":"2013-11-26T08:29:14","guid":{"rendered":"http:\/\/akunq.net\/tr\/?p=27100"},"modified":"2013-11-26T03:29:14","modified_gmt":"2013-11-26T08:29:14","slug":"turk-sirketleri-azerbaycanda-yeni-askeri-havaalani-insa-ediyor","status":"publish","type":"post","link":"https:\/\/akunq.net\/turkish\/2013\/11\/26\/turk-sirketleri-azerbaycanda-yeni-askeri-havaalani-insa-ediyor\/","title":{"rendered":"T\u00fcrk \u015firketleri Azerbaycan\u2019da yeni askeri havaalan\u0131 in\u015fa ediyor"},"content":{"rendered":"<p style=\"text-align: justify\"><strong><i><a href=\"http:\/\/akunq.net\/tr\/wp-content\/uploads\/2013\/11\/HAVELSAN.jpg\"><img loading=\"lazy\" decoding=\"async\" class=\"alignright size-full wp-image-27101\" alt=\"HAVELSAN\" src=\"http:\/\/akunq.net\/tr\/wp-content\/uploads\/2013\/11\/HAVELSAN.jpg\" width=\"300\" height=\"224\" \/><\/a>T\u00fcrkiye\u2019nin \u201cHAVELSAN\u201d \u015firketi Azerbaycan\u2019\u0131n askeri havaalan\u0131 in\u015fas\u0131 projesine kat\u0131ld\u0131.<\/i><\/strong><\/p>\n<p style=\"text-align: justify\">\u201cHAVELSAN\u201d \u015firketi Genel M\u00fcd\u00fcr\u00fc Sad\u0131k Yama\u00e7 yapt\u0131\u011f\u0131 a\u00e7\u0131klamada, Azerbaycan h\u00fck\u00fcmetinin ba\u015flang\u0131\u00e7ta Sital\u00e7ay Havaalan\u0131\u2019n\u0131n modernle\u015ftirme projesini ilan etse de, sonradan planlar\u0131n de\u011fi\u015fti\u011fini, yeni havaalan\u0131n\u0131n in\u015fas\u0131n\u0131n ba\u015flat\u0131ld\u0131\u011f\u0131n\u0131 ifade etti.<\/p>\n<p style=\"text-align: justify\">Yeni havaalan\u0131n\u0131n in\u015faat i\u015flerini T\u00fcrkiye\u2019nin Koza Savunma \u015firketi \u00fcstlenirken, elektron sistemlerin donan\u0131m\u0131, entegrasyonu ve programlama i\u015flerinin \u201cHAVELSAN\u201d \u015firketine havale edildi\u011fi kaydedildi.<br \/>\n\u201cHAVELSAN\u201d \u015firketi havaalan\u0131nda mevcut bilgi teknolojileri sistemlerinin tamam\u0131n\u0131, radarlar\u0131n \u201cbelle\u011fi\u201d program\u0131n\u0131n yaz\u0131l\u0131m\u0131n\u0131 yapacak.<\/p>\n<p style=\"text-align: justify\">Bak\u00fc yak\u0131nlar\u0131nda in\u015fa edilen havaalan\u0131n\u0131n yeri gizli tutuluyor.<\/p>\n<p style=\"text-align: justify\"><b><i>http:\/\/www.1news.com.tr\/azerbaycan\/kulturyasham\/20131125095245007.html<\/i><\/b><\/p>\n","protected":false},"excerpt":{"rendered":"<p>T\u00fcrkiye\u2019nin \u201cHAVELSAN\u201d \u015firketi Azerbaycan\u2019\u0131n askeri havaalan\u0131 in\u015fas\u0131 projesine kat\u0131ld\u0131. \u201cHAVELSAN\u201d \u015firketi Genel M\u00fcd\u00fcr\u00fc Sad\u0131k Yama\u00e7 yapt\u0131\u011f\u0131 a\u00e7\u0131klamada, Azerbaycan h\u00fck\u00fcmetinin ba\u015flang\u0131\u00e7ta Sital\u00e7ay Havaalan\u0131\u2019n\u0131n modernle\u015ftirme projesini ilan etse de, sonradan planlar\u0131n de\u011fi\u015fti\u011fini, yeni havaalan\u0131n\u0131n in\u015fas\u0131n\u0131n ba\u015flat\u0131ld\u0131\u011f\u0131n\u0131 ifade etti. Yeni havaalan\u0131n\u0131n in\u015faat i\u015flerini T\u00fcrkiye\u2019nin Koza Savunma \u015firketi \u00fcstlenirken, elektron sistemlerin donan\u0131m\u0131, entegrasyonu ve programlama i\u015flerinin \u201cHAVELSAN\u201d \u015firketine havale [&hellip;]<\/p>\n","protected":false},"author":3,"featured_media":0,"comment_status":"open","ping_status":"open","sticky":false,"template":"","format":"standard","meta":{"footnotes":""},"categories":[14,41],"tags":[],"class_list":["post-27100","post","type-post","status-publish","format-standard","hentry","category-haberler","category-turkiye-azerbaycan"],"yoast_head":"<!-- This site is optimized with the Yoast SEO plugin v27.4 - https:\/\/yoast.com\/product\/yoast-seo-wordpress\/ -->\n<title>T\u00fcrk \u015firketleri Azerbaycan\u2019da yeni askeri havaalan\u0131 in\u015fa ediyor - Bati Ermenistan Ve Bati Ermenileri Sorunlari Ara\u015ftirmalar Merkezi<\/title>\n<meta name=\"robots\" content=\"index, follow, max-snippet:-1, max-image-preview:large, max-video-preview:-1\" \/>\n<link rel=\"canonical\" href=\"https:\/\/akunq.net\/turkish\/2013\/11\/26\/turk-sirketleri-azerbaycanda-yeni-askeri-havaalani-insa-ediyor\/\" \/>\n<meta property=\"og:locale\" content=\"en_US\" \/>\n<meta property=\"og:type\" content=\"article\" \/>\n<meta property=\"og:title\" content=\"T\u00fcrk \u015firketleri Azerbaycan\u2019da yeni askeri havaalan\u0131 in\u015fa ediyor - Bati Ermenistan Ve Bati Ermenileri Sorunlari Ara\u015ftirmalar Merkezi\" \/>\n<meta property=\"og:description\" content=\"T\u00fcrkiye\u2019nin \u201cHAVELSAN\u201d \u015firketi Azerbaycan\u2019\u0131n askeri havaalan\u0131 in\u015fas\u0131 projesine kat\u0131ld\u0131. \u201cHAVELSAN\u201d \u015firketi Genel M\u00fcd\u00fcr\u00fc Sad\u0131k Yama\u00e7 yapt\u0131\u011f\u0131 a\u00e7\u0131klamada, Azerbaycan h\u00fck\u00fcmetinin ba\u015flang\u0131\u00e7ta Sital\u00e7ay Havaalan\u0131\u2019n\u0131n modernle\u015ftirme projesini ilan etse de, sonradan planlar\u0131n de\u011fi\u015fti\u011fini, yeni havaalan\u0131n\u0131n in\u015fas\u0131n\u0131n ba\u015flat\u0131ld\u0131\u011f\u0131n\u0131 ifade etti. Yeni havaalan\u0131n\u0131n in\u015faat i\u015flerini T\u00fcrkiye\u2019nin Koza Savunma \u015firketi \u00fcstlenirken, elektron sistemlerin donan\u0131m\u0131, entegrasyonu ve programlama i\u015flerinin \u201cHAVELSAN\u201d \u015firketine havale [&hellip;]\" \/>\n<meta property=\"og:url\" content=\"https:\/\/akunq.net\/turkish\/2013\/11\/26\/turk-sirketleri-azerbaycanda-yeni-askeri-havaalani-insa-ediyor\/\" \/>\n<meta property=\"og:site_name\" content=\"Bati Ermenistan Ve Bati Ermenileri Sorunlari Ara\u015ftirmalar Merkezi\" \/>\n<meta property=\"article:published_time\" content=\"2013-11-26T08:29:14+00:00\" \/>\n<meta property=\"og:image\" content=\"https:\/\/akunq.net\/turkish\/wp-content\/uploads\/sites\/5\/2013\/11\/HAVELSAN.jpg\" \/>\n\t<meta property=\"og:image:width\" content=\"300\" \/>\n\t<meta property=\"og:image:height\" content=\"224\" \/>\n\t<meta property=\"og:image:type\" content=\"image\/jpeg\" \/>\n<meta name=\"author\" content=\"kalem\" \/>\n<meta name=\"twitter:card\" content=\"summary_large_image\" \/>\n<meta name=\"twitter:label1\" content=\"Written by\" \/>\n\t<meta name=\"twitter:data1\" content=\"kalem\" \/>\n\t<meta name=\"twitter:label2\" content=\"Est. reading time\" \/>\n\t<meta name=\"twitter:data2\" content=\"1 minute\" \/>\n<script type=\"application\/ld+json\" class=\"yoast-schema-graph\">{\"@context\":\"https:\\\/\\\/schema.org\",\"@graph\":[{\"@type\":\"Article\",\"@id\":\"https:\\\/\\\/akunq.net\\\/turkish\\\/2013\\\/11\\\/26\\\/turk-sirketleri-azerbaycanda-yeni-askeri-havaalani-insa-ediyor\\\/#article\",\"isPartOf\":{\"@id\":\"https:\\\/\\\/akunq.net\\\/turkish\\\/2013\\\/11\\\/26\\\/turk-sirketleri-azerbaycanda-yeni-askeri-havaalani-insa-ediyor\\\/\"},\"author\":{\"name\":\"kalem\",\"@id\":\"https:\\\/\\\/akunq.net\\\/turkish\\\/#\\\/schema\\\/person\\\/135e7923d1aeb8887890799619969a6c\"},\"headline\":\"T\u00fcrk \u015firketleri Azerbaycan\u2019da yeni askeri havaalan\u0131 in\u015fa ediyor\",\"datePublished\":\"2013-11-26T08:29:14+00:00\",\"mainEntityOfPage\":{\"@id\":\"https:\\\/\\\/akunq.net\\\/turkish\\\/2013\\\/11\\\/26\\\/turk-sirketleri-azerbaycanda-yeni-askeri-havaalani-insa-ediyor\\\/\"},\"wordCount\":149,\"commentCount\":0,\"image\":{\"@id\":\"https:\\\/\\\/akunq.net\\\/turkish\\\/2013\\\/11\\\/26\\\/turk-sirketleri-azerbaycanda-yeni-askeri-havaalani-insa-ediyor\\\/#primaryimage\"},\"thumbnailUrl\":\"http:\\\/\\\/akunq.net\\\/tr\\\/wp-content\\\/uploads\\\/2013\\\/11\\\/HAVELSAN.jpg\",\"articleSection\":[\"Haberler\",\"T\u00fcrkiye-Azerbaycan\"],\"inLanguage\":\"en-US\",\"potentialAction\":[{\"@type\":\"CommentAction\",\"name\":\"Comment\",\"target\":[\"https:\\\/\\\/akunq.net\\\/turkish\\\/2013\\\/11\\\/26\\\/turk-sirketleri-azerbaycanda-yeni-askeri-havaalani-insa-ediyor\\\/#respond\"]}]},{\"@type\":\"WebPage\",\"@id\":\"https:\\\/\\\/akunq.net\\\/turkish\\\/2013\\\/11\\\/26\\\/turk-sirketleri-azerbaycanda-yeni-askeri-havaalani-insa-ediyor\\\/\",\"url\":\"https:\\\/\\\/akunq.net\\\/turkish\\\/2013\\\/11\\\/26\\\/turk-sirketleri-azerbaycanda-yeni-askeri-havaalani-insa-ediyor\\\/\",\"name\":\"T\u00fcrk \u015firketleri Azerbaycan\u2019da yeni askeri havaalan\u0131 in\u015fa ediyor - Bati Ermenistan Ve Bati Ermenileri Sorunlari Ara\u015ftirmalar Merkezi\",\"isPartOf\":{\"@id\":\"https:\\\/\\\/akunq.net\\\/turkish\\\/#website\"},\"primaryImageOfPage\":{\"@id\":\"https:\\\/\\\/akunq.net\\\/turkish\\\/2013\\\/11\\\/26\\\/turk-sirketleri-azerbaycanda-yeni-askeri-havaalani-insa-ediyor\\\/#primaryimage\"},\"image\":{\"@id\":\"https:\\\/\\\/akunq.net\\\/turkish\\\/2013\\\/11\\\/26\\\/turk-sirketleri-azerbaycanda-yeni-askeri-havaalani-insa-ediyor\\\/#primaryimage\"},\"thumbnailUrl\":\"http:\\\/\\\/akunq.net\\\/tr\\\/wp-content\\\/uploads\\\/2013\\\/11\\\/HAVELSAN.jpg\",\"datePublished\":\"2013-11-26T08:29:14+00:00\",\"author\":{\"@id\":\"https:\\\/\\\/akunq.net\\\/turkish\\\/#\\\/schema\\\/person\\\/135e7923d1aeb8887890799619969a6c\"},\"breadcrumb\":{\"@id\":\"https:\\\/\\\/akunq.net\\\/turkish\\\/2013\\\/11\\\/26\\\/turk-sirketleri-azerbaycanda-yeni-askeri-havaalani-insa-ediyor\\\/#breadcrumb\"},\"inLanguage\":\"en-US\",\"potentialAction\":[{\"@type\":\"ReadAction\",\"target\":[\"https:\\\/\\\/akunq.net\\\/turkish\\\/2013\\\/11\\\/26\\\/turk-sirketleri-azerbaycanda-yeni-askeri-havaalani-insa-ediyor\\\/\"]}]},{\"@type\":\"ImageObject\",\"inLanguage\":\"en-US\",\"@id\":\"https:\\\/\\\/akunq.net\\\/turkish\\\/2013\\\/11\\\/26\\\/turk-sirketleri-azerbaycanda-yeni-askeri-havaalani-insa-ediyor\\\/#primaryimage\",\"url\":\"http:\\\/\\\/akunq.net\\\/tr\\\/wp-content\\\/uploads\\\/2013\\\/11\\\/HAVELSAN.jpg\",\"contentUrl\":\"http:\\\/\\\/akunq.net\\\/tr\\\/wp-content\\\/uploads\\\/2013\\\/11\\\/HAVELSAN.jpg\"},{\"@type\":\"BreadcrumbList\",\"@id\":\"https:\\\/\\\/akunq.net\\\/turkish\\\/2013\\\/11\\\/26\\\/turk-sirketleri-azerbaycanda-yeni-askeri-havaalani-insa-ediyor\\\/#breadcrumb\",\"itemListElement\":[{\"@type\":\"ListItem\",\"position\":1,\"name\":\"Home\",\"item\":\"https:\\\/\\\/akunq.net\\\/turkish\\\/\"},{\"@type\":\"ListItem\",\"position\":2,\"name\":\"T\u00fcrk \u015firketleri Azerbaycan\u2019da yeni askeri havaalan\u0131 in\u015fa ediyor\"}]},{\"@type\":\"WebSite\",\"@id\":\"https:\\\/\\\/akunq.net\\\/turkish\\\/#website\",\"url\":\"https:\\\/\\\/akunq.net\\\/turkish\\\/\",\"name\":\"Bati Ermenistan Ve Bati Ermenileri Sorunlari Ara\u015ftirmalar Merkezi\",\"description\":\"\",\"potentialAction\":[{\"@type\":\"SearchAction\",\"target\":{\"@type\":\"EntryPoint\",\"urlTemplate\":\"https:\\\/\\\/akunq.net\\\/turkish\\\/?s={search_term_string}\"},\"query-input\":{\"@type\":\"PropertyValueSpecification\",\"valueRequired\":true,\"valueName\":\"search_term_string\"}}],\"inLanguage\":\"en-US\"},{\"@type\":\"Person\",\"@id\":\"https:\\\/\\\/akunq.net\\\/turkish\\\/#\\\/schema\\\/person\\\/135e7923d1aeb8887890799619969a6c\",\"name\":\"kalem\",\"image\":{\"@type\":\"ImageObject\",\"inLanguage\":\"en-US\",\"@id\":\"https:\\\/\\\/secure.gravatar.com\\\/avatar\\\/a06875e4b25feb5674296adf8e8a7ae1e587cebce2493fe63c456109967e27d3?s=96&d=mm&r=g\",\"url\":\"https:\\\/\\\/secure.gravatar.com\\\/avatar\\\/a06875e4b25feb5674296adf8e8a7ae1e587cebce2493fe63c456109967e27d3?s=96&d=mm&r=g\",\"contentUrl\":\"https:\\\/\\\/secure.gravatar.com\\\/avatar\\\/a06875e4b25feb5674296adf8e8a7ae1e587cebce2493fe63c456109967e27d3?s=96&d=mm&r=g\",\"caption\":\"kalem\"},\"url\":\"https:\\\/\\\/akunq.net\\\/turkish\\\/author\\\/kalem\\\/\"}]}<\/script>\n<!-- \/ Yoast SEO plugin. -->","yoast_head_json":{"title":"T\u00fcrk \u015firketleri Azerbaycan\u2019da yeni askeri havaalan\u0131 in\u015fa ediyor - Bati Ermenistan Ve Bati Ermenileri Sorunlari Ara\u015ftirmalar Merkezi","robots":{"index":"index","follow":"follow","max-snippet":"max-snippet:-1","max-image-preview":"max-image-preview:large","max-video-preview":"max-video-preview:-1"},"canonical":"https:\/\/akunq.net\/turkish\/2013\/11\/26\/turk-sirketleri-azerbaycanda-yeni-askeri-havaalani-insa-ediyor\/","og_locale":"en_US","og_type":"article","og_title":"T\u00fcrk \u015firketleri Azerbaycan\u2019da yeni askeri havaalan\u0131 in\u015fa ediyor - Bati Ermenistan Ve Bati Ermenileri Sorunlari Ara\u015ftirmalar Merkezi","og_description":"T\u00fcrkiye\u2019nin \u201cHAVELSAN\u201d \u015firketi Azerbaycan\u2019\u0131n askeri havaalan\u0131 in\u015fas\u0131 projesine kat\u0131ld\u0131. \u201cHAVELSAN\u201d \u015firketi Genel M\u00fcd\u00fcr\u00fc Sad\u0131k Yama\u00e7 yapt\u0131\u011f\u0131 a\u00e7\u0131klamada, Azerbaycan h\u00fck\u00fcmetinin ba\u015flang\u0131\u00e7ta Sital\u00e7ay Havaalan\u0131\u2019n\u0131n modernle\u015ftirme projesini ilan etse de, sonradan planlar\u0131n de\u011fi\u015fti\u011fini, yeni havaalan\u0131n\u0131n in\u015fas\u0131n\u0131n ba\u015flat\u0131ld\u0131\u011f\u0131n\u0131 ifade etti. Yeni havaalan\u0131n\u0131n in\u015faat i\u015flerini T\u00fcrkiye\u2019nin Koza Savunma \u015firketi \u00fcstlenirken, elektron sistemlerin donan\u0131m\u0131, entegrasyonu ve programlama i\u015flerinin \u201cHAVELSAN\u201d \u015firketine havale [&hellip;]","og_url":"https:\/\/akunq.net\/turkish\/2013\/11\/26\/turk-sirketleri-azerbaycanda-yeni-askeri-havaalani-insa-ediyor\/","og_site_name":"Bati Ermenistan Ve Bati Ermenileri Sorunlari Ara\u015ftirmalar Merkezi","article_published_time":"2013-11-26T08:29:14+00:00","og_image":[{"width":300,"height":224,"url":"https:\/\/akunq.net\/turkish\/wp-content\/uploads\/sites\/5\/2013\/11\/HAVELSAN.jpg","type":"image\/jpeg"}],"author":"kalem","twitter_card":"summary_large_image","twitter_misc":{"Written by":"kalem","Est. reading time":"1 minute"},"schema":{"@context":"https:\/\/schema.org","@graph":[{"@type":"Article","@id":"https:\/\/akunq.net\/turkish\/2013\/11\/26\/turk-sirketleri-azerbaycanda-yeni-askeri-havaalani-insa-ediyor\/#article","isPartOf":{"@id":"https:\/\/akunq.net\/turkish\/2013\/11\/26\/turk-sirketleri-azerbaycanda-yeni-askeri-havaalani-insa-ediyor\/"},"author":{"name":"kalem","@id":"https:\/\/akunq.net\/turkish\/#\/schema\/person\/135e7923d1aeb8887890799619969a6c"},"headline":"T\u00fcrk \u015firketleri Azerbaycan\u2019da yeni askeri havaalan\u0131 in\u015fa ediyor","datePublished":"2013-11-26T08:29:14+00:00","mainEntityOfPage":{"@id":"https:\/\/akunq.net\/turkish\/2013\/11\/26\/turk-sirketleri-azerbaycanda-yeni-askeri-havaalani-insa-ediyor\/"},"wordCount":149,"commentCount":0,"image":{"@id":"https:\/\/akunq.net\/turkish\/2013\/11\/26\/turk-sirketleri-azerbaycanda-yeni-askeri-havaalani-insa-ediyor\/#primaryimage"},"thumbnailUrl":"http:\/\/akunq.net\/tr\/wp-content\/uploads\/2013\/11\/HAVELSAN.jpg","articleSection":["Haberler","T\u00fcrkiye-Azerbaycan"],"inLanguage":"en-US","potentialAction":[{"@type":"CommentAction","name":"Comment","target":["https:\/\/akunq.net\/turkish\/2013\/11\/26\/turk-sirketleri-azerbaycanda-yeni-askeri-havaalani-insa-ediyor\/#respond"]}]},{"@type":"WebPage","@id":"https:\/\/akunq.net\/turkish\/2013\/11\/26\/turk-sirketleri-azerbaycanda-yeni-askeri-havaalani-insa-ediyor\/","url":"https:\/\/akunq.net\/turkish\/2013\/11\/26\/turk-sirketleri-azerbaycanda-yeni-askeri-havaalani-insa-ediyor\/","name":"T\u00fcrk \u015firketleri Azerbaycan\u2019da yeni askeri havaalan\u0131 in\u015fa ediyor - Bati Ermenistan Ve Bati Ermenileri Sorunlari Ara\u015ftirmalar Merkezi","isPartOf":{"@id":"https:\/\/akunq.net\/turkish\/#website"},"primaryImageOfPage":{"@id":"https:\/\/akunq.net\/turkish\/2013\/11\/26\/turk-sirketleri-azerbaycanda-yeni-askeri-havaalani-insa-ediyor\/#primaryimage"},"image":{"@id":"https:\/\/akunq.net\/turkish\/2013\/11\/26\/turk-sirketleri-azerbaycanda-yeni-askeri-havaalani-insa-ediyor\/#primaryimage"},"thumbnailUrl":"http:\/\/akunq.net\/tr\/wp-content\/uploads\/2013\/11\/HAVELSAN.jpg","datePublished":"2013-11-26T08:29:14+00:00","author":{"@id":"https:\/\/akunq.net\/turkish\/#\/schema\/person\/135e7923d1aeb8887890799619969a6c"},"breadcrumb":{"@id":"https:\/\/akunq.net\/turkish\/2013\/11\/26\/turk-sirketleri-azerbaycanda-yeni-askeri-havaalani-insa-ediyor\/#breadcrumb"},"inLanguage":"en-US","potentialAction":[{"@type":"ReadAction","target":["https:\/\/akunq.net\/turkish\/2013\/11\/26\/turk-sirketleri-azerbaycanda-yeni-askeri-havaalani-insa-ediyor\/"]}]},{"@type":"ImageObject","inLanguage":"en-US","@id":"https:\/\/akunq.net\/turkish\/2013\/11\/26\/turk-sirketleri-azerbaycanda-yeni-askeri-havaalani-insa-ediyor\/#primaryimage","url":"http:\/\/akunq.net\/tr\/wp-content\/uploads\/2013\/11\/HAVELSAN.jpg","contentUrl":"http:\/\/akunq.net\/tr\/wp-content\/uploads\/2013\/11\/HAVELSAN.jpg"},{"@type":"BreadcrumbList","@id":"https:\/\/akunq.net\/turkish\/2013\/11\/26\/turk-sirketleri-azerbaycanda-yeni-askeri-havaalani-insa-ediyor\/#breadcrumb","itemListElement":[{"@type":"ListItem","position":1,"name":"Home","item":"https:\/\/akunq.net\/turkish\/"},{"@type":"ListItem","position":2,"name":"T\u00fcrk \u015firketleri Azerbaycan\u2019da yeni askeri havaalan\u0131 in\u015fa ediyor"}]},{"@type":"WebSite","@id":"https:\/\/akunq.net\/turkish\/#website","url":"https:\/\/akunq.net\/turkish\/","name":"Bati Ermenistan Ve Bati Ermenileri Sorunlari Ara\u015ftirmalar Merkezi","description":"","potentialAction":[{"@type":"SearchAction","target":{"@type":"EntryPoint","urlTemplate":"https:\/\/akunq.net\/turkish\/?s={search_term_string}"},"query-input":{"@type":"PropertyValueSpecification","valueRequired":true,"valueName":"search_term_string"}}],"inLanguage":"en-US"},{"@type":"Person","@id":"https:\/\/akunq.net\/turkish\/#\/schema\/person\/135e7923d1aeb8887890799619969a6c","name":"kalem","image":{"@type":"ImageObject","inLanguage":"en-US","@id":"https:\/\/secure.gravatar.com\/avatar\/a06875e4b25feb5674296adf8e8a7ae1e587cebce2493fe63c456109967e27d3?s=96&d=mm&r=g","url":"https:\/\/secure.gravatar.com\/avatar\/a06875e4b25feb5674296adf8e8a7ae1e587cebce2493fe63c456109967e27d3?s=96&d=mm&r=g","contentUrl":"https:\/\/secure.gravatar.com\/avatar\/a06875e4b25feb5674296adf8e8a7ae1e587cebce2493fe63c456109967e27d3?s=96&d=mm&r=g","caption":"kalem"},"url":"https:\/\/akunq.net\/turkish\/author\/kalem\/"}]}},"_links":{"self":[{"href":"https:\/\/akunq.net\/turkish\/wp-json\/wp\/v2\/posts\/27100","targetHints":{"allow":["GET"]}}],"collection":[{"href":"https:\/\/akunq.net\/turkish\/wp-json\/wp\/v2\/posts"}],"about":[{"href":"https:\/\/akunq.net\/turkish\/wp-json\/wp\/v2\/types\/post"}],"author":[{"embeddable":true,"href":"https:\/\/akunq.net\/turkish\/wp-json\/wp\/v2\/users\/3"}],"replies":[{"embeddable":true,"href":"https:\/\/akunq.net\/turkish\/wp-json\/wp\/v2\/comments?post=27100"}],"version-history":[{"count":0,"href":"https:\/\/akunq.net\/turkish\/wp-json\/wp\/v2\/posts\/27100\/revisions"}],"wp:attachment":[{"href":"https:\/\/akunq.net\/turkish\/wp-json\/wp\/v2\/media?parent=27100"}],"wp:term":[{"taxonomy":"category","embeddable":true,"href":"https:\/\/akunq.net\/turkish\/wp-json\/wp\/v2\/categories?post=27100"},{"taxonomy":"post_tag","embeddable":true,"href":"https:\/\/akunq.net\/turkish\/wp-json\/wp\/v2\/tags?post=27100"}],"curies":[{"name":"wp","href":"https:\/\/api.w.org\/{rel}","templated":true}]}}