{"id":27059,"date":"2013-11-25T01:06:50","date_gmt":"2013-11-25T06:06:50","guid":{"rendered":"http:\/\/akunq.net\/tr\/?p=27059"},"modified":"2013-11-25T01:06:50","modified_gmt":"2013-11-25T06:06:50","slug":"cumhurbaskanligi-yetkilisi-aslanov-turk-medyasina-azerbaycan-turkiye-iliskilerinin-gelecegini-degerlendirdi","status":"publish","type":"post","link":"https:\/\/akunq.net\/turkish\/2013\/11\/25\/cumhurbaskanligi-yetkilisi-aslanov-turk-medyasina-azerbaycan-turkiye-iliskilerinin-gelecegini-degerlendirdi\/","title":{"rendered":"Cumhurba\u015fkanl\u0131\u011f\u0131 yetkilisi Aslanov, T\u00fcrk medyas\u0131na Azerbaycan-T\u00fcrkiye ili\u015fkilerinin gelece\u011fini de\u011ferlendirdi"},"content":{"rendered":"<p style=\"text-align: justify\"><strong><i><img loading=\"lazy\" decoding=\"async\" class=\"alignright\" alt=\"\u0561\u057d\u056c\u0561\u0576\u0578\u057e\" src=\"http:\/\/ankakh.com\/wp-content\/uploads\/2013\/11\/aslanov.jpg\" width=\"300\" height=\"225\" \/>Azerbaycan Cumhurba\u015fkanl\u0131\u011f\u0131 \u0130daresi Politik Analiz ve Enformasyon Daire Ba\u015fkan\u0131 Dr. Elnur Aslanov T\u00fcrkiye`deki \u00fcnl\u00fc gazetelerden Milliyet`in bug\u00fcnk\u00fc say\u0131s\u0131nda T\u00fcrkiye-Azerbaycan ili\u015fkilerini ve Azerbaycan Cumhurba\u015fkan\u0131 \u0130lham Aliyev\u2019in T\u00fcrkiye ziyaretini de\u011ferlendirdi.<\/i><\/strong><\/p>\n<p style=\"text-align: justify\"><strong>Gazetenin ilgili k\u00f6\u015fesinde \u00f6nce yazarla ilgili \u015fu bilgilere yer verildi:<\/strong><\/p>\n<p style=\"text-align: justify\">\u201cDr. Elnur Aslanov, Azerbaycan Cumhurba\u015fkanl\u0131\u011f\u0131 \u0130daresi Politik Analiz ve Enformasyon Daire Ba\u015fkan\u0131 olarak, devletin siyasi stratejisinin analizini yapmakta ve \u00e7ok say\u0131da uluslararas\u0131 konferansta konu\u015fmac\u0131 olarak kat\u0131lmaktad\u0131r. Ulusal ve uluslararas\u0131 bas\u0131nda uluslararas\u0131 g\u00fcvenlik, uluslararas\u0131 ili\u015fkiler, d\u0131\u015f politika, modernle\u015fme ve milli ideoloji konular\u0131nda 200\u2019den fazla makalesi yay\u0131nlanm\u0131\u015ft\u0131r. Doktoras\u0131n\u0131 siyaset bilimi alan\u0131nda yapm\u0131\u015f, bildi\u011fi yabanc\u0131 diller Rusca ve \u0130ngilizcedir. Dr. Aslanov, 2006 y\u0131l\u0131nda yay\u0131nlanan \u201cYeni D\u00fcnya D\u00fczeni ve Ulusal Kalk\u0131nma Stratejisi\u201d gibi bir\u00e7ok kitab\u0131n yazar\u0131d\u0131r.\u201d<\/p>\n<p style=\"text-align: justify\"><strong>Cumhurba\u015fkanl\u0131\u011f\u0131 yetkilisinin bug\u00fcnk\u00fc yaz\u0131s\u0131nda \u015funlar kaydedildi:<\/strong><\/p>\n<p style=\"text-align: justify\">\u201cAzerbaycan Cumhurba\u015fkan\u0131 say\u0131n \u0130lham Aliyev\u2019in se\u00e7imlerin ard\u0131ndan ilk resmi ziyaretini T\u00fcrkiye\u2019ye yapm\u0131\u015f olmas\u0131 ikili ili\u015fkilerimizde ula\u015f\u0131lm\u0131\u015f yak\u0131nl\u0131k seviyesini a\u00e7\u0131k\u00e7a g\u00f6steriyor.<\/p>\n<p style=\"text-align: justify\">Azerbaycan ve T\u00fcrkiye ili\u015fkilerinin d\u00fcnyada e\u015fi benzeri yok. Bu sadece stratejik ortakl\u0131k olarak tan\u0131mlanamaz, ondan \u00e7ok daha \u00f6te bir dost ili\u015fkisidir; ortak de\u011ferlere, tarihe, k\u00fclt\u00fcre, dine, dile, co\u011frafyaya dayal\u0131 bir karde\u015fliktir. Bir kader ortakl\u0131\u011f\u0131d\u0131r. T\u00fcrkiye\u2019nin geli\u015fmesi Azerbaycan\u2019\u0131n oldu\u011fu kadar Azerbaycan\u2019\u0131n geli\u015fmesi de T\u00fcrkiye\u2019nin geli\u015fmesi demektir. Biz Azerbaycanl\u0131lar bunu aynen b\u00f6yle kabul ederiz.<\/p>\n<p style=\"text-align: justify\">En zor ve kritik anlarda bu iki devlet ortak bir misyonla hareket ederek ulu \u00f6nder Haydar Aliyev\u2019in ifade etti\u011fi \u00fczere \u201cbir millet-iki devlet\u201d olduklar\u0131n\u0131 defalarca kan\u0131tlad\u0131. Mustafa Kemal Atat\u00fcrk\u2019\u00fcn \u201cAzerbaycan\u2019\u0131n sevinci bizim sevincimiz, kederi bizim kederimizdir\u201d s\u00f6zleri de bu karde\u015fli\u011fin en g\u00fczel kan\u0131t\u0131d\u0131r.<\/p>\n<p style=\"text-align: justify\"><strong>KARABA\u011e SORUNU<\/strong><\/p>\n<p style=\"text-align: justify\">Bug\u00fcn g\u00fcvenle ifade edebiliriz ki tarihin t\u00fcm s\u0131navlar\u0131ndan ba\u015far\u0131yla \u00e7\u0131km\u0131\u015f Azerbaycan- T\u00fcrkiye dostlu\u011fu, karde\u015fli\u011fi ve ortakl\u0131\u011f\u0131 halklar\u0131m\u0131z\u0131n iradesinden kaynaklan\u0131yor. \u0130li\u015fkilerimizin temelinde iki \u00fclke halklar\u0131n\u0131n birbirlerini karde\u015f bilmeleri yat\u0131yor.<\/p>\n<p style=\"text-align: justify\">Ermenistan ve Azerbaycan aras\u0131ndaki Da\u011fl\u0131k Karaba\u011f sorununun \u00e7\u00f6z\u00fcm\u00fcnde T\u00fcrkiye her zaman \u00f6zg\u00fcven i\u00e7erisinde ve hakl\u0131 taraf\u0131n Azerbaycan oldu\u011funu savunarak Azerbaycan\u2019\u0131n yan\u0131nda olmu\u015f, onu uluslararas\u0131 ve b\u00f6lgesel kurulu\u015flarda her daim desteklemi\u015ftir. Bu minvalde, T\u00fcrkiye\u2019nin Ermenistan ile s\u0131n\u0131rlar\u0131n a\u00e7\u0131lmas\u0131 g\u00f6r\u00fc\u015fmelerinde Karaba\u011f i\u015fgalinin sonland\u0131r\u0131lmas\u0131n\u0131 \u00f6n \u015fart olarak ko\u015fmas\u0131 T\u00fcrkiye\u2019nin ilkeli ve kararl\u0131 politikas\u0131n\u0131n g\u00f6stergesi olmu\u015ftur. Taraf\u0131m\u0131zca da takdirle kar\u015f\u0131lanm\u0131\u015ft\u0131r.<\/p>\n<p style=\"text-align: justify\"><strong>TOPRAK B\u00dcT\u00dcNL\u00dc\u011e\u00dc<\/strong><\/p>\n<p style=\"text-align: justify\">Azerbaycan Cumhurba\u015fkan\u0131, say\u0131n \u0130lham Aliyev defalarca ve kararl\u0131l\u0131kla beyanda bulunmu\u015flard\u0131r ki Azerbaycan devleti hi\u00e7bir \u015fart ve ko\u015fulda ve hi\u00e7bir zaman kendi topraklar\u0131nda ikinci bir Ermeni devletinin kurulmas\u0131na m\u00fcsaade etmeyecektir. Bu y\u00f6ndeki kararl\u0131l\u0131\u011f\u0131m\u0131z adaletin tesisine olan mutlak inanc\u0131m\u0131za ve ba\u011fl\u0131l\u0131\u011f\u0131m\u0131za ve uluslararas\u0131 hukuk kurallar\u0131na olan g\u00fcvenimize dayan\u0131yor. Da\u011fl\u0131k Karaba\u011f\u2019\u0131n Azerbaycan\u2019\u0131n ayr\u0131lmaz bir par\u00e7as\u0131 oldu\u011fu ku\u015fku g\u00f6t\u00fcrmez bir ger\u00e7ektir ve toprak b\u00fct\u00fcnl\u00fc\u011f\u00fc ilkesi bu \u00e7at\u0131\u015fman\u0131n \u00e7\u00f6z\u00fclebilece\u011fi tek ve ger\u00e7ek zemindir.<\/p>\n<p style=\"text-align: justify\">Azerbaycan, bug\u00fcne kadar oldu\u011fu gibi bundan sonra da adalet tesis edilene kadar Ermenistan\u2019\u0131n tecrit edilmesi politikas\u0131na devam edecek, bask\u0131lar\u0131n\u0131 daha da art\u0131racakt\u0131r. Karaba\u011f\u2019\u0131n hukuksuzca i\u015fgal alt\u0131nda ge\u00e7irdi\u011fi her bir g\u00fcn Ermenistan\u2019\u0131n kaybetti\u011fi ve kendi halk\u0131n\u0131n gelece\u011finden \u00e7ald\u0131\u011f\u0131 bir g\u00fcn olmaktad\u0131r. Bu i\u015fgal uzun s\u00fcre devam edemez. Biz kararl\u0131l\u0131\u011f\u0131m\u0131zla bu hukuksuz durumun sonunu getirece\u011fiz.<\/p>\n<p style=\"text-align: justify\"><strong>\u0130\u015eGALC\u0130 ERMEN\u0130STAN<\/strong><\/p>\n<p style=\"text-align: justify\">Maalesef i\u015fgalci Ermenistan\u2019\u0131 \u015fimdilik sadece Azerbaycan ve T\u00fcrkiye cezaland\u0131r\u0131yor. \u00dcmit ediyoruz ki, gelecekte di\u011fer devletler de bu hakl\u0131 tepki saf\u0131na kat\u0131lacaklard\u0131r. Ermenistan\u2019a \u201cDUR\u201d demenin zaman\u0131 gelmi\u015ftir.<br \/>\nErmenistan lobisi d\u00fcnyay\u0131 kand\u0131rmak i\u00e7in yine i\u015fba\u015f\u0131ndayken ve 2015 y\u0131l\u0131n\u0131n haf\u0131zalarda \u00c7anakkale cephesinde verilen kahramanca m\u00fccadelenin de\u011fil de s\u00f6zde \u2018Ermeni soyk\u0131r\u0131m\u0131\u2019n\u0131n 100. y\u0131l d\u00f6n\u00fcm\u00fcym\u00fc\u015f gibi dillendirilmesi \u00e7al\u0131\u015fmalar\u0131na ba\u015flam\u0131\u015fken, bunun kar\u015f\u0131s\u0131nda daha \u00e7ok m\u00fccadele etmemiz gerekmektedir. \u00c7anakkale\u2019de 3 bin Azerbaycanl\u0131\u2019n\u0131n T\u00fcrkiyeli Mehmet\u00e7ik karde\u015fleriyle omuz omuza verdikleri kahramanca m\u00fccadele, bizlerin s\u00f6zde soyk\u0131r\u0131ma kar\u015f\u0131 verece\u011fimiz m\u00fccadeleye ilham olmal\u0131d\u0131r.<\/p>\n<p style=\"text-align: justify\">Azerbaycan ve T\u00fcrkiye, Avrupa ve Asya\u2019y\u0131 birbirine ba\u011flayan iki \u00f6nemli \u00fclkedir. Ger\u00e7ekle\u015ftirece\u011fimiz tarihi projeler bizi daha da birle\u015ftirecektir. Trans-Anadolu Boru Hatt\u0131 (TANAP) projesinin imzalanmas\u0131 ve projelendirilmesi planlanan Trans-Adriyatik Boru Hatt\u0131 (TAP) gelecek nesillere on y\u0131llar sonra da hizmet edecek, halklar\u0131m\u0131za ve karde\u015fli\u011fimize b\u0131rakaca\u011f\u0131m\u0131z en g\u00fczel hediye olacakt\u0131r.<\/p>\n<p style=\"text-align: justify\">Azerbaycan T\u00fcrkiye\u2019ye yapt\u0131\u011f\u0131 sermaye yat\u0131r\u0131mlar\u0131n\u0131 daha da art\u0131rmaya haz\u0131rlan\u0131yor. 2020 y\u0131l\u0131na kadar toplamda 20 milyar dolara yak\u0131n Azerbaycan sermayesi T\u00fcrkiye\u2019nin ekonomisine eklemlenecek ve Azerbaycan T\u00fcrkiye tarihinin en b\u00fcy\u00fck d\u0131\u015f yat\u0131r\u0131mc\u0131lardan biri olacakt\u0131r.<\/p>\n<p style=\"text-align: justify\"><strong>\u0130L\u0130\u015eK\u0130LER GEL\u0130\u015eECEK<\/strong><\/p>\n<p style=\"text-align: justify\">G\u00f6r\u00fcld\u00fc\u011f\u00fc \u00fczere geli\u015ftirdi\u011fimiz karde\u015flik ili\u015fkilerimiz daha da b\u00fcy\u00fck bir gelecek vaat ediyor. Yak\u0131n zaman \u00f6nce Azerbaycan\u2019da yap\u0131lan \u2018T\u00fcrk Dili Konu\u015fan \u00dclkeler Zirvesi\u2019 bu gelece\u011fi haz\u0131rlamam\u0131zda bize yol g\u00f6sterici oluyor. \u0130\u015fbirli\u011fimizi daha da geni\u015fletmek i\u00e7in t\u00fcm platformlar\u0131 ve olanaklar\u0131 kullan\u0131yoruz, kullanmaya da devam edece\u011fiz.<\/p>\n<p style=\"text-align: justify\">Azerbaycan-T\u00fcrkiye ili\u015fkilerine g\u00f6lge d\u00fc\u015f\u00fcrmek isteyenler her daim ba\u015far\u0131s\u0131z olacaklard\u0131r. Hi\u00e7 ku\u015fkumuz yok ki, Azerbaycan her zaman T\u00fcrkiye\u2019nin \u00e7\u0131karlar\u0131n\u0131 kendi \u00e7\u0131kar\u0131 gibi korurken, T\u00fcrkiye de Azerbaycan\u2019\u0131n ulusal \u00e7\u0131karlar\u0131n\u0131 kendi \u00e7\u0131karlar\u0131 gibi muhafaza edecektir. Yolumuz, hedeflerimiz birdir.<\/p>\n<p style=\"text-align: justify\">En y\u00fcksek seviyede olan ili\u015fkilerimizi daha da geni\u015fletecek olman\u0131n onulmaz heyecan\u0131 i\u00e7indeyiz.\u201d<\/p>\n<p style=\"text-align: justify\"><strong>(<\/strong><strong>AA<\/strong><strong>)<\/strong><\/p>\n<p style=\"text-align: justify\"><b><i>http<\/i><\/b><b><i>:\/\/<\/i><\/b><b><i>www<\/i><\/b><b><i>.1<\/i><\/b><b><i>news<\/i><\/b><b><i>.<\/i><\/b><b><i>com<\/i><\/b><b><i>.<\/i><\/b><b><i>tr<\/i><\/b><b><i>\/<\/i><\/b><b><i>roportajveyorumlar<\/i><\/b><b><i>\/20131114043147055.<\/i><\/b><b><i>html<\/i><\/b><\/p>\n","protected":false},"excerpt":{"rendered":"<p>Azerbaycan Cumhurba\u015fkanl\u0131\u011f\u0131 \u0130daresi Politik Analiz ve Enformasyon Daire Ba\u015fkan\u0131 Dr. Elnur Aslanov T\u00fcrkiye`deki \u00fcnl\u00fc gazetelerden Milliyet`in bug\u00fcnk\u00fc say\u0131s\u0131nda T\u00fcrkiye-Azerbaycan ili\u015fkilerini ve Azerbaycan Cumhurba\u015fkan\u0131 \u0130lham Aliyev\u2019in T\u00fcrkiye ziyaretini de\u011ferlendirdi. Gazetenin ilgili k\u00f6\u015fesinde \u00f6nce yazarla ilgili \u015fu bilgilere yer verildi: \u201cDr. Elnur Aslanov, Azerbaycan Cumhurba\u015fkanl\u0131\u011f\u0131 \u0130daresi Politik Analiz ve Enformasyon Daire Ba\u015fkan\u0131 olarak, devletin siyasi stratejisinin analizini [&hellip;]<\/p>\n","protected":false},"author":3,"featured_media":0,"comment_status":"open","ping_status":"open","sticky":false,"template":"","format":"standard","meta":{"footnotes":""},"categories":[14,41],"tags":[],"class_list":["post-27059","post","type-post","status-publish","format-standard","hentry","category-haberler","category-turkiye-azerbaycan"],"yoast_head":"<!-- This site is optimized with the Yoast SEO plugin v27.4 - https:\/\/yoast.com\/product\/yoast-seo-wordpress\/ -->\n<title>Cumhurba\u015fkanl\u0131\u011f\u0131 yetkilisi Aslanov, T\u00fcrk medyas\u0131na Azerbaycan-T\u00fcrkiye ili\u015fkilerinin gelece\u011fini de\u011ferlendirdi - Bati Ermenistan Ve Bati Ermenileri Sorunlari Ara\u015ftirmalar Merkezi<\/title>\n<meta name=\"robots\" content=\"index, follow, max-snippet:-1, max-image-preview:large, max-video-preview:-1\" \/>\n<link rel=\"canonical\" href=\"https:\/\/akunq.net\/turkish\/2013\/11\/25\/cumhurbaskanligi-yetkilisi-aslanov-turk-medyasina-azerbaycan-turkiye-iliskilerinin-gelecegini-degerlendirdi\/\" \/>\n<meta property=\"og:locale\" content=\"en_US\" \/>\n<meta property=\"og:type\" content=\"article\" \/>\n<meta property=\"og:title\" content=\"Cumhurba\u015fkanl\u0131\u011f\u0131 yetkilisi Aslanov, T\u00fcrk medyas\u0131na Azerbaycan-T\u00fcrkiye ili\u015fkilerinin gelece\u011fini de\u011ferlendirdi - Bati Ermenistan Ve Bati Ermenileri Sorunlari Ara\u015ftirmalar Merkezi\" \/>\n<meta property=\"og:description\" content=\"Azerbaycan Cumhurba\u015fkanl\u0131\u011f\u0131 \u0130daresi Politik Analiz ve Enformasyon Daire Ba\u015fkan\u0131 Dr. Elnur Aslanov T\u00fcrkiye`deki \u00fcnl\u00fc gazetelerden Milliyet`in bug\u00fcnk\u00fc say\u0131s\u0131nda T\u00fcrkiye-Azerbaycan ili\u015fkilerini ve Azerbaycan Cumhurba\u015fkan\u0131 \u0130lham Aliyev\u2019in T\u00fcrkiye ziyaretini de\u011ferlendirdi. Gazetenin ilgili k\u00f6\u015fesinde \u00f6nce yazarla ilgili \u015fu bilgilere yer verildi: \u201cDr. Elnur Aslanov, Azerbaycan Cumhurba\u015fkanl\u0131\u011f\u0131 \u0130daresi Politik Analiz ve Enformasyon Daire Ba\u015fkan\u0131 olarak, devletin siyasi stratejisinin analizini [&hellip;]\" \/>\n<meta property=\"og:url\" content=\"https:\/\/akunq.net\/turkish\/2013\/11\/25\/cumhurbaskanligi-yetkilisi-aslanov-turk-medyasina-azerbaycan-turkiye-iliskilerinin-gelecegini-degerlendirdi\/\" \/>\n<meta property=\"og:site_name\" content=\"Bati Ermenistan Ve Bati Ermenileri Sorunlari Ara\u015ftirmalar Merkezi\" \/>\n<meta property=\"article:published_time\" content=\"2013-11-25T06:06:50+00:00\" \/>\n<meta property=\"og:image\" content=\"http:\/\/ankakh.com\/wp-content\/uploads\/2013\/11\/aslanov.jpg\" \/>\n<meta name=\"author\" content=\"kalem\" \/>\n<meta name=\"twitter:card\" content=\"summary_large_image\" \/>\n<meta name=\"twitter:label1\" content=\"Written by\" \/>\n\t<meta name=\"twitter:data1\" content=\"kalem\" \/>\n\t<meta name=\"twitter:label2\" content=\"Est. reading time\" \/>\n\t<meta name=\"twitter:data2\" content=\"5 minutes\" \/>\n<script type=\"application\/ld+json\" class=\"yoast-schema-graph\">{\"@context\":\"https:\\\/\\\/schema.org\",\"@graph\":[{\"@type\":\"Article\",\"@id\":\"https:\\\/\\\/akunq.net\\\/turkish\\\/2013\\\/11\\\/25\\\/cumhurbaskanligi-yetkilisi-aslanov-turk-medyasina-azerbaycan-turkiye-iliskilerinin-gelecegini-degerlendirdi\\\/#article\",\"isPartOf\":{\"@id\":\"https:\\\/\\\/akunq.net\\\/turkish\\\/2013\\\/11\\\/25\\\/cumhurbaskanligi-yetkilisi-aslanov-turk-medyasina-azerbaycan-turkiye-iliskilerinin-gelecegini-degerlendirdi\\\/\"},\"author\":{\"name\":\"kalem\",\"@id\":\"https:\\\/\\\/akunq.net\\\/turkish\\\/#\\\/schema\\\/person\\\/135e7923d1aeb8887890799619969a6c\"},\"headline\":\"Cumhurba\u015fkanl\u0131\u011f\u0131 yetkilisi Aslanov, T\u00fcrk medyas\u0131na Azerbaycan-T\u00fcrkiye ili\u015fkilerinin gelece\u011fini de\u011ferlendirdi\",\"datePublished\":\"2013-11-25T06:06:50+00:00\",\"mainEntityOfPage\":{\"@id\":\"https:\\\/\\\/akunq.net\\\/turkish\\\/2013\\\/11\\\/25\\\/cumhurbaskanligi-yetkilisi-aslanov-turk-medyasina-azerbaycan-turkiye-iliskilerinin-gelecegini-degerlendirdi\\\/\"},\"wordCount\":1077,\"commentCount\":0,\"image\":{\"@id\":\"https:\\\/\\\/akunq.net\\\/turkish\\\/2013\\\/11\\\/25\\\/cumhurbaskanligi-yetkilisi-aslanov-turk-medyasina-azerbaycan-turkiye-iliskilerinin-gelecegini-degerlendirdi\\\/#primaryimage\"},\"thumbnailUrl\":\"http:\\\/\\\/ankakh.com\\\/wp-content\\\/uploads\\\/2013\\\/11\\\/aslanov.jpg\",\"articleSection\":[\"Haberler\",\"T\u00fcrkiye-Azerbaycan\"],\"inLanguage\":\"en-US\",\"potentialAction\":[{\"@type\":\"CommentAction\",\"name\":\"Comment\",\"target\":[\"https:\\\/\\\/akunq.net\\\/turkish\\\/2013\\\/11\\\/25\\\/cumhurbaskanligi-yetkilisi-aslanov-turk-medyasina-azerbaycan-turkiye-iliskilerinin-gelecegini-degerlendirdi\\\/#respond\"]}]},{\"@type\":\"WebPage\",\"@id\":\"https:\\\/\\\/akunq.net\\\/turkish\\\/2013\\\/11\\\/25\\\/cumhurbaskanligi-yetkilisi-aslanov-turk-medyasina-azerbaycan-turkiye-iliskilerinin-gelecegini-degerlendirdi\\\/\",\"url\":\"https:\\\/\\\/akunq.net\\\/turkish\\\/2013\\\/11\\\/25\\\/cumhurbaskanligi-yetkilisi-aslanov-turk-medyasina-azerbaycan-turkiye-iliskilerinin-gelecegini-degerlendirdi\\\/\",\"name\":\"Cumhurba\u015fkanl\u0131\u011f\u0131 yetkilisi Aslanov, T\u00fcrk medyas\u0131na Azerbaycan-T\u00fcrkiye ili\u015fkilerinin gelece\u011fini de\u011ferlendirdi - Bati Ermenistan Ve Bati Ermenileri Sorunlari Ara\u015ftirmalar Merkezi\",\"isPartOf\":{\"@id\":\"https:\\\/\\\/akunq.net\\\/turkish\\\/#website\"},\"primaryImageOfPage\":{\"@id\":\"https:\\\/\\\/akunq.net\\\/turkish\\\/2013\\\/11\\\/25\\\/cumhurbaskanligi-yetkilisi-aslanov-turk-medyasina-azerbaycan-turkiye-iliskilerinin-gelecegini-degerlendirdi\\\/#primaryimage\"},\"image\":{\"@id\":\"https:\\\/\\\/akunq.net\\\/turkish\\\/2013\\\/11\\\/25\\\/cumhurbaskanligi-yetkilisi-aslanov-turk-medyasina-azerbaycan-turkiye-iliskilerinin-gelecegini-degerlendirdi\\\/#primaryimage\"},\"thumbnailUrl\":\"http:\\\/\\\/ankakh.com\\\/wp-content\\\/uploads\\\/2013\\\/11\\\/aslanov.jpg\",\"datePublished\":\"2013-11-25T06:06:50+00:00\",\"author\":{\"@id\":\"https:\\\/\\\/akunq.net\\\/turkish\\\/#\\\/schema\\\/person\\\/135e7923d1aeb8887890799619969a6c\"},\"breadcrumb\":{\"@id\":\"https:\\\/\\\/akunq.net\\\/turkish\\\/2013\\\/11\\\/25\\\/cumhurbaskanligi-yetkilisi-aslanov-turk-medyasina-azerbaycan-turkiye-iliskilerinin-gelecegini-degerlendirdi\\\/#breadcrumb\"},\"inLanguage\":\"en-US\",\"potentialAction\":[{\"@type\":\"ReadAction\",\"target\":[\"https:\\\/\\\/akunq.net\\\/turkish\\\/2013\\\/11\\\/25\\\/cumhurbaskanligi-yetkilisi-aslanov-turk-medyasina-azerbaycan-turkiye-iliskilerinin-gelecegini-degerlendirdi\\\/\"]}]},{\"@type\":\"ImageObject\",\"inLanguage\":\"en-US\",\"@id\":\"https:\\\/\\\/akunq.net\\\/turkish\\\/2013\\\/11\\\/25\\\/cumhurbaskanligi-yetkilisi-aslanov-turk-medyasina-azerbaycan-turkiye-iliskilerinin-gelecegini-degerlendirdi\\\/#primaryimage\",\"url\":\"http:\\\/\\\/ankakh.com\\\/wp-content\\\/uploads\\\/2013\\\/11\\\/aslanov.jpg\",\"contentUrl\":\"http:\\\/\\\/ankakh.com\\\/wp-content\\\/uploads\\\/2013\\\/11\\\/aslanov.jpg\"},{\"@type\":\"BreadcrumbList\",\"@id\":\"https:\\\/\\\/akunq.net\\\/turkish\\\/2013\\\/11\\\/25\\\/cumhurbaskanligi-yetkilisi-aslanov-turk-medyasina-azerbaycan-turkiye-iliskilerinin-gelecegini-degerlendirdi\\\/#breadcrumb\",\"itemListElement\":[{\"@type\":\"ListItem\",\"position\":1,\"name\":\"Home\",\"item\":\"https:\\\/\\\/akunq.net\\\/turkish\\\/\"},{\"@type\":\"ListItem\",\"position\":2,\"name\":\"Cumhurba\u015fkanl\u0131\u011f\u0131 yetkilisi Aslanov, T\u00fcrk medyas\u0131na Azerbaycan-T\u00fcrkiye ili\u015fkilerinin gelece\u011fini de\u011ferlendirdi\"}]},{\"@type\":\"WebSite\",\"@id\":\"https:\\\/\\\/akunq.net\\\/turkish\\\/#website\",\"url\":\"https:\\\/\\\/akunq.net\\\/turkish\\\/\",\"name\":\"Bati Ermenistan Ve Bati Ermenileri Sorunlari Ara\u015ftirmalar Merkezi\",\"description\":\"\",\"potentialAction\":[{\"@type\":\"SearchAction\",\"target\":{\"@type\":\"EntryPoint\",\"urlTemplate\":\"https:\\\/\\\/akunq.net\\\/turkish\\\/?s={search_term_string}\"},\"query-input\":{\"@type\":\"PropertyValueSpecification\",\"valueRequired\":true,\"valueName\":\"search_term_string\"}}],\"inLanguage\":\"en-US\"},{\"@type\":\"Person\",\"@id\":\"https:\\\/\\\/akunq.net\\\/turkish\\\/#\\\/schema\\\/person\\\/135e7923d1aeb8887890799619969a6c\",\"name\":\"kalem\",\"image\":{\"@type\":\"ImageObject\",\"inLanguage\":\"en-US\",\"@id\":\"https:\\\/\\\/secure.gravatar.com\\\/avatar\\\/a06875e4b25feb5674296adf8e8a7ae1e587cebce2493fe63c456109967e27d3?s=96&d=mm&r=g\",\"url\":\"https:\\\/\\\/secure.gravatar.com\\\/avatar\\\/a06875e4b25feb5674296adf8e8a7ae1e587cebce2493fe63c456109967e27d3?s=96&d=mm&r=g\",\"contentUrl\":\"https:\\\/\\\/secure.gravatar.com\\\/avatar\\\/a06875e4b25feb5674296adf8e8a7ae1e587cebce2493fe63c456109967e27d3?s=96&d=mm&r=g\",\"caption\":\"kalem\"},\"url\":\"https:\\\/\\\/akunq.net\\\/turkish\\\/author\\\/kalem\\\/\"}]}<\/script>\n<!-- \/ Yoast SEO plugin. -->","yoast_head_json":{"title":"Cumhurba\u015fkanl\u0131\u011f\u0131 yetkilisi Aslanov, T\u00fcrk medyas\u0131na Azerbaycan-T\u00fcrkiye ili\u015fkilerinin gelece\u011fini de\u011ferlendirdi - Bati Ermenistan Ve Bati Ermenileri Sorunlari Ara\u015ftirmalar Merkezi","robots":{"index":"index","follow":"follow","max-snippet":"max-snippet:-1","max-image-preview":"max-image-preview:large","max-video-preview":"max-video-preview:-1"},"canonical":"https:\/\/akunq.net\/turkish\/2013\/11\/25\/cumhurbaskanligi-yetkilisi-aslanov-turk-medyasina-azerbaycan-turkiye-iliskilerinin-gelecegini-degerlendirdi\/","og_locale":"en_US","og_type":"article","og_title":"Cumhurba\u015fkanl\u0131\u011f\u0131 yetkilisi Aslanov, T\u00fcrk medyas\u0131na Azerbaycan-T\u00fcrkiye ili\u015fkilerinin gelece\u011fini de\u011ferlendirdi - Bati Ermenistan Ve Bati Ermenileri Sorunlari Ara\u015ftirmalar Merkezi","og_description":"Azerbaycan Cumhurba\u015fkanl\u0131\u011f\u0131 \u0130daresi Politik Analiz ve Enformasyon Daire Ba\u015fkan\u0131 Dr. Elnur Aslanov T\u00fcrkiye`deki \u00fcnl\u00fc gazetelerden Milliyet`in bug\u00fcnk\u00fc say\u0131s\u0131nda T\u00fcrkiye-Azerbaycan ili\u015fkilerini ve Azerbaycan Cumhurba\u015fkan\u0131 \u0130lham Aliyev\u2019in T\u00fcrkiye ziyaretini de\u011ferlendirdi. Gazetenin ilgili k\u00f6\u015fesinde \u00f6nce yazarla ilgili \u015fu bilgilere yer verildi: \u201cDr. Elnur Aslanov, Azerbaycan Cumhurba\u015fkanl\u0131\u011f\u0131 \u0130daresi Politik Analiz ve Enformasyon Daire Ba\u015fkan\u0131 olarak, devletin siyasi stratejisinin analizini [&hellip;]","og_url":"https:\/\/akunq.net\/turkish\/2013\/11\/25\/cumhurbaskanligi-yetkilisi-aslanov-turk-medyasina-azerbaycan-turkiye-iliskilerinin-gelecegini-degerlendirdi\/","og_site_name":"Bati Ermenistan Ve Bati Ermenileri Sorunlari Ara\u015ftirmalar Merkezi","article_published_time":"2013-11-25T06:06:50+00:00","og_image":[{"url":"http:\/\/ankakh.com\/wp-content\/uploads\/2013\/11\/aslanov.jpg","type":"","width":"","height":""}],"author":"kalem","twitter_card":"summary_large_image","twitter_misc":{"Written by":"kalem","Est. reading time":"5 minutes"},"schema":{"@context":"https:\/\/schema.org","@graph":[{"@type":"Article","@id":"https:\/\/akunq.net\/turkish\/2013\/11\/25\/cumhurbaskanligi-yetkilisi-aslanov-turk-medyasina-azerbaycan-turkiye-iliskilerinin-gelecegini-degerlendirdi\/#article","isPartOf":{"@id":"https:\/\/akunq.net\/turkish\/2013\/11\/25\/cumhurbaskanligi-yetkilisi-aslanov-turk-medyasina-azerbaycan-turkiye-iliskilerinin-gelecegini-degerlendirdi\/"},"author":{"name":"kalem","@id":"https:\/\/akunq.net\/turkish\/#\/schema\/person\/135e7923d1aeb8887890799619969a6c"},"headline":"Cumhurba\u015fkanl\u0131\u011f\u0131 yetkilisi Aslanov, T\u00fcrk medyas\u0131na Azerbaycan-T\u00fcrkiye ili\u015fkilerinin gelece\u011fini de\u011ferlendirdi","datePublished":"2013-11-25T06:06:50+00:00","mainEntityOfPage":{"@id":"https:\/\/akunq.net\/turkish\/2013\/11\/25\/cumhurbaskanligi-yetkilisi-aslanov-turk-medyasina-azerbaycan-turkiye-iliskilerinin-gelecegini-degerlendirdi\/"},"wordCount":1077,"commentCount":0,"image":{"@id":"https:\/\/akunq.net\/turkish\/2013\/11\/25\/cumhurbaskanligi-yetkilisi-aslanov-turk-medyasina-azerbaycan-turkiye-iliskilerinin-gelecegini-degerlendirdi\/#primaryimage"},"thumbnailUrl":"http:\/\/ankakh.com\/wp-content\/uploads\/2013\/11\/aslanov.jpg","articleSection":["Haberler","T\u00fcrkiye-Azerbaycan"],"inLanguage":"en-US","potentialAction":[{"@type":"CommentAction","name":"Comment","target":["https:\/\/akunq.net\/turkish\/2013\/11\/25\/cumhurbaskanligi-yetkilisi-aslanov-turk-medyasina-azerbaycan-turkiye-iliskilerinin-gelecegini-degerlendirdi\/#respond"]}]},{"@type":"WebPage","@id":"https:\/\/akunq.net\/turkish\/2013\/11\/25\/cumhurbaskanligi-yetkilisi-aslanov-turk-medyasina-azerbaycan-turkiye-iliskilerinin-gelecegini-degerlendirdi\/","url":"https:\/\/akunq.net\/turkish\/2013\/11\/25\/cumhurbaskanligi-yetkilisi-aslanov-turk-medyasina-azerbaycan-turkiye-iliskilerinin-gelecegini-degerlendirdi\/","name":"Cumhurba\u015fkanl\u0131\u011f\u0131 yetkilisi Aslanov, T\u00fcrk medyas\u0131na Azerbaycan-T\u00fcrkiye ili\u015fkilerinin gelece\u011fini de\u011ferlendirdi - Bati Ermenistan Ve Bati Ermenileri Sorunlari Ara\u015ftirmalar Merkezi","isPartOf":{"@id":"https:\/\/akunq.net\/turkish\/#website"},"primaryImageOfPage":{"@id":"https:\/\/akunq.net\/turkish\/2013\/11\/25\/cumhurbaskanligi-yetkilisi-aslanov-turk-medyasina-azerbaycan-turkiye-iliskilerinin-gelecegini-degerlendirdi\/#primaryimage"},"image":{"@id":"https:\/\/akunq.net\/turkish\/2013\/11\/25\/cumhurbaskanligi-yetkilisi-aslanov-turk-medyasina-azerbaycan-turkiye-iliskilerinin-gelecegini-degerlendirdi\/#primaryimage"},"thumbnailUrl":"http:\/\/ankakh.com\/wp-content\/uploads\/2013\/11\/aslanov.jpg","datePublished":"2013-11-25T06:06:50+00:00","author":{"@id":"https:\/\/akunq.net\/turkish\/#\/schema\/person\/135e7923d1aeb8887890799619969a6c"},"breadcrumb":{"@id":"https:\/\/akunq.net\/turkish\/2013\/11\/25\/cumhurbaskanligi-yetkilisi-aslanov-turk-medyasina-azerbaycan-turkiye-iliskilerinin-gelecegini-degerlendirdi\/#breadcrumb"},"inLanguage":"en-US","potentialAction":[{"@type":"ReadAction","target":["https:\/\/akunq.net\/turkish\/2013\/11\/25\/cumhurbaskanligi-yetkilisi-aslanov-turk-medyasina-azerbaycan-turkiye-iliskilerinin-gelecegini-degerlendirdi\/"]}]},{"@type":"ImageObject","inLanguage":"en-US","@id":"https:\/\/akunq.net\/turkish\/2013\/11\/25\/cumhurbaskanligi-yetkilisi-aslanov-turk-medyasina-azerbaycan-turkiye-iliskilerinin-gelecegini-degerlendirdi\/#primaryimage","url":"http:\/\/ankakh.com\/wp-content\/uploads\/2013\/11\/aslanov.jpg","contentUrl":"http:\/\/ankakh.com\/wp-content\/uploads\/2013\/11\/aslanov.jpg"},{"@type":"BreadcrumbList","@id":"https:\/\/akunq.net\/turkish\/2013\/11\/25\/cumhurbaskanligi-yetkilisi-aslanov-turk-medyasina-azerbaycan-turkiye-iliskilerinin-gelecegini-degerlendirdi\/#breadcrumb","itemListElement":[{"@type":"ListItem","position":1,"name":"Home","item":"https:\/\/akunq.net\/turkish\/"},{"@type":"ListItem","position":2,"name":"Cumhurba\u015fkanl\u0131\u011f\u0131 yetkilisi Aslanov, T\u00fcrk medyas\u0131na Azerbaycan-T\u00fcrkiye ili\u015fkilerinin gelece\u011fini de\u011ferlendirdi"}]},{"@type":"WebSite","@id":"https:\/\/akunq.net\/turkish\/#website","url":"https:\/\/akunq.net\/turkish\/","name":"Bati Ermenistan Ve Bati Ermenileri Sorunlari Ara\u015ftirmalar Merkezi","description":"","potentialAction":[{"@type":"SearchAction","target":{"@type":"EntryPoint","urlTemplate":"https:\/\/akunq.net\/turkish\/?s={search_term_string}"},"query-input":{"@type":"PropertyValueSpecification","valueRequired":true,"valueName":"search_term_string"}}],"inLanguage":"en-US"},{"@type":"Person","@id":"https:\/\/akunq.net\/turkish\/#\/schema\/person\/135e7923d1aeb8887890799619969a6c","name":"kalem","image":{"@type":"ImageObject","inLanguage":"en-US","@id":"https:\/\/secure.gravatar.com\/avatar\/a06875e4b25feb5674296adf8e8a7ae1e587cebce2493fe63c456109967e27d3?s=96&d=mm&r=g","url":"https:\/\/secure.gravatar.com\/avatar\/a06875e4b25feb5674296adf8e8a7ae1e587cebce2493fe63c456109967e27d3?s=96&d=mm&r=g","contentUrl":"https:\/\/secure.gravatar.com\/avatar\/a06875e4b25feb5674296adf8e8a7ae1e587cebce2493fe63c456109967e27d3?s=96&d=mm&r=g","caption":"kalem"},"url":"https:\/\/akunq.net\/turkish\/author\/kalem\/"}]}},"_links":{"self":[{"href":"https:\/\/akunq.net\/turkish\/wp-json\/wp\/v2\/posts\/27059","targetHints":{"allow":["GET"]}}],"collection":[{"href":"https:\/\/akunq.net\/turkish\/wp-json\/wp\/v2\/posts"}],"about":[{"href":"https:\/\/akunq.net\/turkish\/wp-json\/wp\/v2\/types\/post"}],"author":[{"embeddable":true,"href":"https:\/\/akunq.net\/turkish\/wp-json\/wp\/v2\/users\/3"}],"replies":[{"embeddable":true,"href":"https:\/\/akunq.net\/turkish\/wp-json\/wp\/v2\/comments?post=27059"}],"version-history":[{"count":0,"href":"https:\/\/akunq.net\/turkish\/wp-json\/wp\/v2\/posts\/27059\/revisions"}],"wp:attachment":[{"href":"https:\/\/akunq.net\/turkish\/wp-json\/wp\/v2\/media?parent=27059"}],"wp:term":[{"taxonomy":"category","embeddable":true,"href":"https:\/\/akunq.net\/turkish\/wp-json\/wp\/v2\/categories?post=27059"},{"taxonomy":"post_tag","embeddable":true,"href":"https:\/\/akunq.net\/turkish\/wp-json\/wp\/v2\/tags?post=27059"}],"curies":[{"name":"wp","href":"https:\/\/api.w.org\/{rel}","templated":true}]}}