{"id":26965,"date":"2013-11-20T04:36:25","date_gmt":"2013-11-20T09:36:25","guid":{"rendered":"http:\/\/akunq.net\/tr\/?p=26965"},"modified":"2013-11-20T04:36:25","modified_gmt":"2013-11-20T09:36:25","slug":"despota-devlet-nisani","status":"publish","type":"post","link":"https:\/\/akunq.net\/turkish\/2013\/11\/20\/despota-devlet-nisani\/","title":{"rendered":"Despota devlet ni\u015fan\u0131"},"content":{"rendered":"<p style=\"text-align: justify\"><b><a href=\"http:\/\/akunq.net\/tr\/wp-content\/uploads\/2013\/11\/\u0562\u057c\u0576\u0561\u057a\u0565\u057f-\u0531\u056c\u056b\u0587\u056b\u0576-\u057a\u0565\u057f\u0561\u056f\u0561\u0576-\u0577\u0584\u0561\u0576\u0577\u0561\u0576.jpg\"><img loading=\"lazy\" decoding=\"async\" class=\"alignright size-full wp-image-26966\" alt=\"\u0562\u057c\u0576\u0561\u057a\u0565\u057f \u0531\u056c\u056b\u0587\u056b\u0576 \u057a\u0565\u057f\u0561\u056f\u0561\u0576 \u0577\u0584\u0561\u0576\u0577\u0561\u0576\" src=\"http:\/\/akunq.net\/tr\/wp-content\/uploads\/2013\/11\/\u0562\u057c\u0576\u0561\u057a\u0565\u057f-\u0531\u056c\u056b\u0587\u056b\u0576-\u057a\u0565\u057f\u0561\u056f\u0561\u0576-\u0577\u0584\u0561\u0576\u0577\u0561\u0576.jpg\" width=\"380\" height=\"285\" srcset=\"https:\/\/akunq.net\/turkish\/wp-content\/uploads\/sites\/5\/2013\/11\/\u0562\u057c\u0576\u0561\u057a\u0565\u057f-\u0531\u056c\u056b\u0587\u056b\u0576-\u057a\u0565\u057f\u0561\u056f\u0561\u0576-\u0577\u0584\u0561\u0576\u0577\u0561\u0576.jpg 380w, https:\/\/akunq.net\/turkish\/wp-content\/uploads\/sites\/5\/2013\/11\/\u0562\u057c\u0576\u0561\u057a\u0565\u057f-\u0531\u056c\u056b\u0587\u056b\u0576-\u057a\u0565\u057f\u0561\u056f\u0561\u0576-\u0577\u0584\u0561\u0576\u0577\u0561\u0576-300x225.jpg 300w\" sizes=\"auto, (max-width: 380px) 100vw, 380px\" \/><\/a><a title=\"Erdal G\u00fcven\" href=\"http:\/\/www.taraf.com.tr\/erdal-guven\/\">Erdal G\u00fcven<\/a><\/b><\/p>\n<p style=\"text-align: justify\">\u00d6yle bir \u00fclke ki <b>Demokrasi Endeksi<\/b>\u2019nin dibinde: 148 \u00fclke i\u00e7inde 139\u2019uncu&#8230; Yani <b>insan haklar\u0131, hukuk devleti falan hik\u00e2ye<\/b>.<\/p>\n<p style=\"text-align: justify\">\u00d6yle bir \u00fclke ki <b>D\u00fcnya \u00d6zg\u00fcrl\u00fck Haritas\u0131<\/b>\u2019n\u0131n karanl\u0131k ku\u015fa\u011f\u0131nda: En k\u00f6t\u00fcye 7 puan verilen endeksteki notu, 5,5. Yani, <b>siyasi haklar ve bireysel \u00f6zg\u00fcrl\u00fckler hak getire<\/b>.<\/p>\n<p style=\"text-align: justify\">\u00d6yle bir \u00fclke ki\u00a0<b>Bas\u0131n \u00d6zg\u00fcrl\u00fc\u011f\u00fc \u0130ndeksi<\/b>\u2019ne g\u00f6re 179 \u00fclke i\u00e7inde 156\u2019nc\u0131&#8230; Yani, <b>sans\u00fcr, tehdit, sindirme g\u0131rla<\/b>.<\/p>\n<p style=\"text-align: justify\">\u00d6yle bir \u00fclke ki <b>Uluslararas\u0131 Af \u00d6rg\u00fct\u00fc<\/b>\u2019n\u00fcn son raporunda bir dikta olarak resmediliyor. Yani, <b>muhalefete bask\u0131, polis \u015fiddeti, keyf\u00ee tutuklamalar, k\u00f6t\u00fc muamele, i\u015fkence vakay\u0131 adiyeden<\/b>.<\/p>\n<p style=\"text-align: justify\">\u00d6yle bir \u00fclke ki <b>\u015eeffafl\u0131k Endeksi<\/b>\u2019nde yerlerde s\u00fcr\u00fcn\u00fcyor: 176 \u00fclke i\u00e7inde 139\u2019uncu. Yani <b>r\u00fc\u015fvet, usuls\u00fczl\u00fck, yolsuzluk diz boyu<\/b>&#8230;<\/p>\n<p style=\"text-align: justify\">O \u00fclkenin ad\u0131 Azerbaycan. Ba\u015f\u0131ndaki despotun ad\u0131 da <b>\u0130lham Aliyev<\/b>&#8230;<\/p>\n<p style=\"text-align: justify\">\u0130\u015fte o Aliyev \u2018<b>se\u00e7im zaferi<\/b>\u2019nin (\u00f6yle yazm\u0131\u015ft\u0131 bizim bir k\u0131s\u0131m saftirik medya) ard\u0131ndan hafta i\u00e7inde Ankara\u2019dayd\u0131. \u2018<b>Se\u00e7im zaferi<\/b>\u2019ni herkeslerden \u00f6nce kutlayan Cumhurba\u015fkan\u0131 G\u00fcl\u2019\u00fcn konu\u011fu olarak&#8230;<\/p>\n<p style=\"text-align: justify\">Ve kendisine, T\u00fcrkiye Cumhuriyeti\u2019nin en prestijli madalyas\u0131, <b>Devlet Ni\u015fan\u0131<\/b> verildi. Neyse ki bir insan haklar\u0131, demokrasi, adalet ve \u00f6zg\u00fcrl\u00fck timsali oldu\u011fu i\u00e7in de\u011fil&#8230; <b>\u0130ki \u00fclke aras\u0131ndaki ili\u015fkilerin geli\u015fmesine yapt\u0131\u011f\u0131 katk\u0131<\/b> i\u00e7in.<\/p>\n<p style=\"text-align: justify\">Yani, <b>petrol, do\u011falgaz, boru hatt\u0131 falan<\/b>. \u00c7\u0131karlar k\u0131sacas\u0131.<\/p>\n<p style=\"text-align: justify\">O y\u00fczden vicdan siyasetiymi\u015f, etik d\u0131\u015f politikaym\u0131\u015f, halk me\u015fruiyetiymi\u015f kar\u0131\u015ft\u0131rmay\u0131n \u015fimdi. Ne yeri ne zaman\u0131. Mevzu Suriye ya da M\u0131s\u0131r, \u015fah\u0131s Sisi ya da Esad de\u011fil.<\/p>\n<p style=\"text-align: justify\">Mevzu \u2018<b>Can<\/b>\u2019 Azerbaycan\u2019. \u015eah\u0131s da \u2018<b>aziz karde\u015f<\/b>\u2019imiz Aliyev.<b><br \/>\nDespot mespot ama karde\u015f i\u015fte. <\/b><\/p>\n<p style=\"text-align: justify\">***<b><br \/>\nBir Hatay haberi<\/b><\/p>\n<p style=\"text-align: justify\">\u201c\u0130\u015fadamlar\u0131n\u0131n y\u00fczy\u0131llard\u0131r bildi\u011fi gibi sava\u015flar \u00e7ok k\u00e2rl\u0131 olabilir.<\/p>\n<p style=\"text-align: justify\">\u0130nanmayanlar Hatay\u2019a buyursun. Suriye s\u0131n\u0131r\u0131ndaki \u015fehrin merkezindeki alt\u0131 asker\u00ee malzeme ma\u011fazas\u0131, Ortado\u011fu\u2019nun d\u00f6rt bir yan\u0131ndan gelen m\u00fc\u015fterilerle dolup ta\u015f\u0131yor. M\u00fc\u015fterilerin tam olarak nereli olduklar\u0131, ma\u011faza sahiplerinin umurunda de\u011fil.<\/p>\n<p style=\"text-align: justify\">Kendi ad\u0131n\u0131 ta\u015f\u0131yan d\u00fckk\u00e2n\u0131n sahibi <b>Tayfur Bereketo\u011flu<\/b>, \u2018<b><i>M\u00fc\u015fterilerimize nereli olduklar\u0131n\u0131 sormay\u0131z. Ama uzun sakall\u0131lar. T\u00fcrk\u00e7e bilmiyorlar. Ve tabii yan\u0131 ba\u015f\u0131m\u0131zda bir sava\u015f var<\/i><\/b>\u2019 diyor.<\/p>\n<p style=\"text-align: justify\">Buradaki \u00e7o\u011fu ki\u015fi biliyor ki yeni m\u00fc\u015fteri profili, yabanc\u0131 cihat\u00e7\u0131lardan olu\u015fuyor. \u00c7o\u011fu, Suriye\u2019nin \u015eii merkezli h\u00fck\u00fcmetine kar\u015f\u0131 sava\u015fmaya giden radikal S\u00fcnniler. Sakallar\u0131n\u0131n ele verdi\u011fi yabanc\u0131 sava\u015f\u00e7\u0131lar, T\u00fcrkiye\u2019ye \u0130stanbul\u2019dan giri\u015f yap\u0131yor. Hatay Havaliman\u0131\u2019na iniyor. Ve kapa\u011f\u0131 Suriye\u2019ye at\u0131yor. Tabii Hatay\u2019da al\u0131\u015fveri\u015f yapmay\u0131 ihmal etmeden&#8230;<\/p>\n<p style=\"text-align: justify\">Asker yele\u011fi, kamuflaj, b\u0131\u00e7ak, gaz maskesi, tespih, flama, mini jenerat\u00f6r, teleskop, d\u00fcrb\u00fcn, fener&#8230; ate\u015fli silah hari\u00e7 hemen her \u015fey sat\u0131l\u0131yor d\u00fckkanlarda. Bir d\u00fckk\u00e2n sahibine g\u00f6re hem \u00e7e\u015fit hem kalite a\u00e7\u0131s\u0131ndan \u00fcr\u00fcn yelpazesi son aylarda g\u00f6zle g\u00f6r\u00fcl\u00fcr bi\u00e7imde artm\u0131\u015f. Suudi Arabistan ve Katar\u2019dan akan paralar sayesinde.<\/p>\n<p style=\"text-align: justify\">Ma\u011faza sahipleri ve tezg\u00e2htarlar, aksanlar\u0131 itibariyle m\u00fc\u015fterilerin \u00e7o\u011funun Irak, M\u0131s\u0131r, \u00dcrd\u00fcn Libya ve Sudan k\u00f6kenli oldu\u011fu g\u00f6r\u00fc\u015f\u00fcnde. Bir de \u00c7e\u00e7enler&#8230; <b>Nizamettin Askar<\/b>, 10 y\u0131ld\u0131r hi\u00e7 bu kadar iyi i\u015f yapmad\u0131klar\u0131n\u0131 s\u00f6yl\u00fcyor.<\/p>\n<p style=\"text-align: justify\">Bereketo\u011flu\u2019na g\u00f6re otel, restoran, al\u0131\u015fveri\u015f merkezi ve bankalar\u0131n da i\u015fi t\u0131k\u0131r\u0131nda. \u2018<b><i>Sava\u015f bitmesin diye dua eden o kadar \u00e7ok insan var ki&#8230; Ben de\u011fil tabii..<\/i><\/b>\u2019\u201d<\/p>\n<p style=\"text-align: justify\">(<b><i>The New York Times<\/i><\/b>\u2019ta ge\u00e7en hafta \u00e7\u0131kan bir haberden)<\/p>\n<p style=\"text-align: justify\">***<\/p>\n<p style=\"text-align: justify\"><b><br \/>\n\u2018Glafko&#8230; Glafko&#8230;\u2019<br \/>\nGlafkos Klerides<\/b>\u2019in uykusu ka\u00e7ar bir gece. Soka\u011fa atar kendini. Tam Ba\u015fpiskopos <b>Makarios<\/b>\u2019un devasa heykelinin \u00f6n\u00fcnden ge\u00e7erken bir f\u0131s\u0131lt\u0131 duyar: \u201c<b><i>Glafko&#8230;Glafko&#8230;<\/i><\/b>\u201d Heykel dile gelmi\u015ftir. Klerides \u015fa\u015fk\u0131nl\u0131\u011f\u0131n\u0131 \u00fcst\u00fcnden atamadan, \u201c<b><i>Glafko, ata binmeyi \u00e7ok \u00f6zledim, ne yap ne et bana bir at getir<\/i><\/b>\u201d der Makarios.<\/p>\n<p style=\"text-align: justify\">Klerides, <b>Spiros Kiprianu<\/b>\u2019nun yan\u0131nda al\u0131r solu\u011fu. Olup biteni anlat\u0131r. Kiprianu tabii ki inanmaz. \u201c<b><i>Y\u00fcr\u00fc<\/i><\/b>\u201d der Klerides, \u201c<b><i>Gidiyoruz.<\/i><\/b>\u201d<\/p>\n<p style=\"text-align: justify\">Heykelin \u00f6n\u00fcne gelirler. Klerides\u2019in yan\u0131nda Kiprianu\u2019yu g\u00f6ren Makarios k\u00fcplere biner: \u201c<b><i>Glafko, sana bir at getirmeni s\u00f6yledim, e\u015fek de\u011fil!<\/i><\/b>\u201d<\/p>\n<p style=\"text-align: justify\">Klerides, bir k\u00f6\u015fe kutusuna s\u0131\u011fd\u0131r\u0131labilecek, s\u0131radan politikac\u0131lardan de\u011fildi. Belki de K\u0131br\u0131s\u2019\u0131n tek \u2018<b>devlet adam\u0131<\/b>\u2019yd\u0131. Bir yandan K\u0131br\u0131s\u2019\u0131n tarihini yazar, bir yandan da yukar\u0131daki gibi, ama \u00e7o\u011fu bel alt\u0131 f\u0131kralar uydururdu.<\/p>\n<p style=\"text-align: justify\">Son 20 y\u0131lda s\u00f6yle\u015fi yapmad\u0131\u011f\u0131m K\u0131br\u0131sl\u0131 lider yoktur herhalde. Klerides bir ba\u015fkayd\u0131.<\/p>\n<p style=\"text-align: justify\">Gen\u00e7li\u011finde Makarios\u2019un has adam\u0131yd\u0131. Enosis\u00e7iydi. EOKA \u00fcyesiydi.<\/p>\n<p style=\"text-align: justify\">Kemale erince ge\u00e7mi\u015fiyle hesapla\u015fmay\u0131, g\u00fcnah \u00e7\u0131karmay\u0131, \u00f6z\u00fcr dilemeyi bildi. Annan Plan\u0131\u2019n\u0131n kabul\u00fc i\u00e7in az u\u011fra\u015fmad\u0131. Ge\u00e7 kald\u0131, o ayr\u0131 mesele.<\/p>\n<p style=\"text-align: justify\">F\u0131kras\u0131yla ba\u015flad\u0131m, esprisiyle bitireyim.<b><br \/>\nRauf Denkta\u015f<\/b> a\u011f\u0131r bir ameliyat ge\u00e7irmi\u015ftir. \u0130lk arayanlardan biri Klerides\u2019tir.<\/p>\n<p style=\"text-align: justify\">Ge\u00e7mi\u015f olsun fasl\u0131n\u0131n ard\u0131ndan \u201c<b><i>\u00c7ok a\u011fr\u0131n s\u0131z\u0131n var m\u0131<\/i><\/b>\u201d diye sorar Klerides. Denkta\u015f da, \u201c<b><i>Sorma Glafko, \u00f6yle beter bir a\u011fr\u0131 ki Allah en belal\u0131 d\u00fc\u015fman\u0131ma bile vermesin<\/i><\/b>\u201d der. Klerides\u2019in yan\u0131t\u0131 Denkta\u015f\u2019\u0131n ameliyat diki\u015flerini zorlayacak cinstendir: \u201c<b><i>Eksik olma Rauf, \u00e7ok naziksin.<\/i><\/b>\u201d<\/p>\n<p style=\"text-align: justify\"><b><i>rdlgvn69@gmail.com<\/i><\/b><\/p>\n<p style=\"text-align: justify\"><b><i>http:\/\/www.taraf.com.tr\/erdal-guven\/makale-despota-devlet-nisani.htm<\/i><\/b><\/p>\n","protected":false},"excerpt":{"rendered":"<p>Erdal G\u00fcven \u00d6yle bir \u00fclke ki Demokrasi Endeksi\u2019nin dibinde: 148 \u00fclke i\u00e7inde 139\u2019uncu&#8230; Yani insan haklar\u0131, hukuk devleti falan hik\u00e2ye. \u00d6yle bir \u00fclke ki D\u00fcnya \u00d6zg\u00fcrl\u00fck Haritas\u0131\u2019n\u0131n karanl\u0131k ku\u015fa\u011f\u0131nda: En k\u00f6t\u00fcye 7 puan verilen endeksteki notu, 5,5. Yani, siyasi haklar ve bireysel \u00f6zg\u00fcrl\u00fckler hak getire. \u00d6yle bir \u00fclke ki\u00a0Bas\u0131n \u00d6zg\u00fcrl\u00fc\u011f\u00fc \u0130ndeksi\u2019ne g\u00f6re 179 \u00fclke i\u00e7inde [&hellip;]<\/p>\n","protected":false},"author":3,"featured_media":0,"comment_status":"open","ping_status":"open","sticky":false,"template":"","format":"standard","meta":{"footnotes":""},"categories":[14,41],"tags":[],"class_list":["post-26965","post","type-post","status-publish","format-standard","hentry","category-haberler","category-turkiye-azerbaycan"],"yoast_head":"<!-- This site is optimized with the Yoast SEO plugin v27.4 - https:\/\/yoast.com\/product\/yoast-seo-wordpress\/ -->\n<title>Despota devlet ni\u015fan\u0131 - Bati Ermenistan Ve Bati Ermenileri Sorunlari Ara\u015ftirmalar Merkezi<\/title>\n<meta name=\"robots\" content=\"index, follow, max-snippet:-1, max-image-preview:large, max-video-preview:-1\" \/>\n<link rel=\"canonical\" href=\"https:\/\/akunq.net\/turkish\/2013\/11\/20\/despota-devlet-nisani\/\" \/>\n<meta property=\"og:locale\" content=\"en_US\" \/>\n<meta property=\"og:type\" content=\"article\" \/>\n<meta property=\"og:title\" content=\"Despota devlet ni\u015fan\u0131 - Bati Ermenistan Ve Bati Ermenileri Sorunlari Ara\u015ftirmalar Merkezi\" \/>\n<meta property=\"og:description\" content=\"Erdal G\u00fcven \u00d6yle bir \u00fclke ki Demokrasi Endeksi\u2019nin dibinde: 148 \u00fclke i\u00e7inde 139\u2019uncu&#8230; Yani insan haklar\u0131, hukuk devleti falan hik\u00e2ye. \u00d6yle bir \u00fclke ki D\u00fcnya \u00d6zg\u00fcrl\u00fck Haritas\u0131\u2019n\u0131n karanl\u0131k ku\u015fa\u011f\u0131nda: En k\u00f6t\u00fcye 7 puan verilen endeksteki notu, 5,5. Yani, siyasi haklar ve bireysel \u00f6zg\u00fcrl\u00fckler hak getire. \u00d6yle bir \u00fclke ki\u00a0Bas\u0131n \u00d6zg\u00fcrl\u00fc\u011f\u00fc \u0130ndeksi\u2019ne g\u00f6re 179 \u00fclke i\u00e7inde [&hellip;]\" \/>\n<meta property=\"og:url\" content=\"https:\/\/akunq.net\/turkish\/2013\/11\/20\/despota-devlet-nisani\/\" \/>\n<meta property=\"og:site_name\" content=\"Bati Ermenistan Ve Bati Ermenileri Sorunlari Ara\u015ftirmalar Merkezi\" \/>\n<meta property=\"article:published_time\" content=\"2013-11-20T09:36:25+00:00\" \/>\n<meta name=\"author\" content=\"kalem\" \/>\n<meta name=\"twitter:card\" content=\"summary_large_image\" \/>\n<meta name=\"twitter:label1\" content=\"Written by\" \/>\n\t<meta name=\"twitter:data1\" content=\"kalem\" \/>\n\t<meta name=\"twitter:label2\" content=\"Est. reading time\" \/>\n\t<meta name=\"twitter:data2\" content=\"5 minutes\" \/>\n<script type=\"application\/ld+json\" class=\"yoast-schema-graph\">{\"@context\":\"https:\\\/\\\/schema.org\",\"@graph\":[{\"@type\":\"Article\",\"@id\":\"https:\\\/\\\/akunq.net\\\/turkish\\\/2013\\\/11\\\/20\\\/despota-devlet-nisani\\\/#article\",\"isPartOf\":{\"@id\":\"https:\\\/\\\/akunq.net\\\/turkish\\\/2013\\\/11\\\/20\\\/despota-devlet-nisani\\\/\"},\"author\":{\"name\":\"kalem\",\"@id\":\"https:\\\/\\\/akunq.net\\\/turkish\\\/#\\\/schema\\\/person\\\/135e7923d1aeb8887890799619969a6c\"},\"headline\":\"Despota devlet ni\u015fan\u0131\",\"datePublished\":\"2013-11-20T09:36:25+00:00\",\"mainEntityOfPage\":{\"@id\":\"https:\\\/\\\/akunq.net\\\/turkish\\\/2013\\\/11\\\/20\\\/despota-devlet-nisani\\\/\"},\"wordCount\":926,\"commentCount\":0,\"articleSection\":[\"Haberler\",\"T\u00fcrkiye-Azerbaycan\"],\"inLanguage\":\"en-US\",\"potentialAction\":[{\"@type\":\"CommentAction\",\"name\":\"Comment\",\"target\":[\"https:\\\/\\\/akunq.net\\\/turkish\\\/2013\\\/11\\\/20\\\/despota-devlet-nisani\\\/#respond\"]}]},{\"@type\":\"WebPage\",\"@id\":\"https:\\\/\\\/akunq.net\\\/turkish\\\/2013\\\/11\\\/20\\\/despota-devlet-nisani\\\/\",\"url\":\"https:\\\/\\\/akunq.net\\\/turkish\\\/2013\\\/11\\\/20\\\/despota-devlet-nisani\\\/\",\"name\":\"Despota devlet ni\u015fan\u0131 - Bati Ermenistan Ve Bati Ermenileri Sorunlari Ara\u015ftirmalar Merkezi\",\"isPartOf\":{\"@id\":\"https:\\\/\\\/akunq.net\\\/turkish\\\/#website\"},\"datePublished\":\"2013-11-20T09:36:25+00:00\",\"author\":{\"@id\":\"https:\\\/\\\/akunq.net\\\/turkish\\\/#\\\/schema\\\/person\\\/135e7923d1aeb8887890799619969a6c\"},\"breadcrumb\":{\"@id\":\"https:\\\/\\\/akunq.net\\\/turkish\\\/2013\\\/11\\\/20\\\/despota-devlet-nisani\\\/#breadcrumb\"},\"inLanguage\":\"en-US\",\"potentialAction\":[{\"@type\":\"ReadAction\",\"target\":[\"https:\\\/\\\/akunq.net\\\/turkish\\\/2013\\\/11\\\/20\\\/despota-devlet-nisani\\\/\"]}]},{\"@type\":\"BreadcrumbList\",\"@id\":\"https:\\\/\\\/akunq.net\\\/turkish\\\/2013\\\/11\\\/20\\\/despota-devlet-nisani\\\/#breadcrumb\",\"itemListElement\":[{\"@type\":\"ListItem\",\"position\":1,\"name\":\"Home\",\"item\":\"https:\\\/\\\/akunq.net\\\/turkish\\\/\"},{\"@type\":\"ListItem\",\"position\":2,\"name\":\"Despota devlet ni\u015fan\u0131\"}]},{\"@type\":\"WebSite\",\"@id\":\"https:\\\/\\\/akunq.net\\\/turkish\\\/#website\",\"url\":\"https:\\\/\\\/akunq.net\\\/turkish\\\/\",\"name\":\"Bati Ermenistan Ve Bati Ermenileri Sorunlari Ara\u015ftirmalar Merkezi\",\"description\":\"\",\"potentialAction\":[{\"@type\":\"SearchAction\",\"target\":{\"@type\":\"EntryPoint\",\"urlTemplate\":\"https:\\\/\\\/akunq.net\\\/turkish\\\/?s={search_term_string}\"},\"query-input\":{\"@type\":\"PropertyValueSpecification\",\"valueRequired\":true,\"valueName\":\"search_term_string\"}}],\"inLanguage\":\"en-US\"},{\"@type\":\"Person\",\"@id\":\"https:\\\/\\\/akunq.net\\\/turkish\\\/#\\\/schema\\\/person\\\/135e7923d1aeb8887890799619969a6c\",\"name\":\"kalem\",\"image\":{\"@type\":\"ImageObject\",\"inLanguage\":\"en-US\",\"@id\":\"https:\\\/\\\/secure.gravatar.com\\\/avatar\\\/a06875e4b25feb5674296adf8e8a7ae1e587cebce2493fe63c456109967e27d3?s=96&d=mm&r=g\",\"url\":\"https:\\\/\\\/secure.gravatar.com\\\/avatar\\\/a06875e4b25feb5674296adf8e8a7ae1e587cebce2493fe63c456109967e27d3?s=96&d=mm&r=g\",\"contentUrl\":\"https:\\\/\\\/secure.gravatar.com\\\/avatar\\\/a06875e4b25feb5674296adf8e8a7ae1e587cebce2493fe63c456109967e27d3?s=96&d=mm&r=g\",\"caption\":\"kalem\"},\"url\":\"https:\\\/\\\/akunq.net\\\/turkish\\\/author\\\/kalem\\\/\"}]}<\/script>\n<!-- \/ Yoast SEO plugin. -->","yoast_head_json":{"title":"Despota devlet ni\u015fan\u0131 - Bati Ermenistan Ve Bati Ermenileri Sorunlari Ara\u015ftirmalar Merkezi","robots":{"index":"index","follow":"follow","max-snippet":"max-snippet:-1","max-image-preview":"max-image-preview:large","max-video-preview":"max-video-preview:-1"},"canonical":"https:\/\/akunq.net\/turkish\/2013\/11\/20\/despota-devlet-nisani\/","og_locale":"en_US","og_type":"article","og_title":"Despota devlet ni\u015fan\u0131 - Bati Ermenistan Ve Bati Ermenileri Sorunlari Ara\u015ftirmalar Merkezi","og_description":"Erdal G\u00fcven \u00d6yle bir \u00fclke ki Demokrasi Endeksi\u2019nin dibinde: 148 \u00fclke i\u00e7inde 139\u2019uncu&#8230; Yani insan haklar\u0131, hukuk devleti falan hik\u00e2ye. \u00d6yle bir \u00fclke ki D\u00fcnya \u00d6zg\u00fcrl\u00fck Haritas\u0131\u2019n\u0131n karanl\u0131k ku\u015fa\u011f\u0131nda: En k\u00f6t\u00fcye 7 puan verilen endeksteki notu, 5,5. Yani, siyasi haklar ve bireysel \u00f6zg\u00fcrl\u00fckler hak getire. \u00d6yle bir \u00fclke ki\u00a0Bas\u0131n \u00d6zg\u00fcrl\u00fc\u011f\u00fc \u0130ndeksi\u2019ne g\u00f6re 179 \u00fclke i\u00e7inde [&hellip;]","og_url":"https:\/\/akunq.net\/turkish\/2013\/11\/20\/despota-devlet-nisani\/","og_site_name":"Bati Ermenistan Ve Bati Ermenileri Sorunlari Ara\u015ftirmalar Merkezi","article_published_time":"2013-11-20T09:36:25+00:00","author":"kalem","twitter_card":"summary_large_image","twitter_misc":{"Written by":"kalem","Est. reading time":"5 minutes"},"schema":{"@context":"https:\/\/schema.org","@graph":[{"@type":"Article","@id":"https:\/\/akunq.net\/turkish\/2013\/11\/20\/despota-devlet-nisani\/#article","isPartOf":{"@id":"https:\/\/akunq.net\/turkish\/2013\/11\/20\/despota-devlet-nisani\/"},"author":{"name":"kalem","@id":"https:\/\/akunq.net\/turkish\/#\/schema\/person\/135e7923d1aeb8887890799619969a6c"},"headline":"Despota devlet ni\u015fan\u0131","datePublished":"2013-11-20T09:36:25+00:00","mainEntityOfPage":{"@id":"https:\/\/akunq.net\/turkish\/2013\/11\/20\/despota-devlet-nisani\/"},"wordCount":926,"commentCount":0,"articleSection":["Haberler","T\u00fcrkiye-Azerbaycan"],"inLanguage":"en-US","potentialAction":[{"@type":"CommentAction","name":"Comment","target":["https:\/\/akunq.net\/turkish\/2013\/11\/20\/despota-devlet-nisani\/#respond"]}]},{"@type":"WebPage","@id":"https:\/\/akunq.net\/turkish\/2013\/11\/20\/despota-devlet-nisani\/","url":"https:\/\/akunq.net\/turkish\/2013\/11\/20\/despota-devlet-nisani\/","name":"Despota devlet ni\u015fan\u0131 - Bati Ermenistan Ve Bati Ermenileri Sorunlari Ara\u015ftirmalar Merkezi","isPartOf":{"@id":"https:\/\/akunq.net\/turkish\/#website"},"datePublished":"2013-11-20T09:36:25+00:00","author":{"@id":"https:\/\/akunq.net\/turkish\/#\/schema\/person\/135e7923d1aeb8887890799619969a6c"},"breadcrumb":{"@id":"https:\/\/akunq.net\/turkish\/2013\/11\/20\/despota-devlet-nisani\/#breadcrumb"},"inLanguage":"en-US","potentialAction":[{"@type":"ReadAction","target":["https:\/\/akunq.net\/turkish\/2013\/11\/20\/despota-devlet-nisani\/"]}]},{"@type":"BreadcrumbList","@id":"https:\/\/akunq.net\/turkish\/2013\/11\/20\/despota-devlet-nisani\/#breadcrumb","itemListElement":[{"@type":"ListItem","position":1,"name":"Home","item":"https:\/\/akunq.net\/turkish\/"},{"@type":"ListItem","position":2,"name":"Despota devlet ni\u015fan\u0131"}]},{"@type":"WebSite","@id":"https:\/\/akunq.net\/turkish\/#website","url":"https:\/\/akunq.net\/turkish\/","name":"Bati Ermenistan Ve Bati Ermenileri Sorunlari Ara\u015ftirmalar Merkezi","description":"","potentialAction":[{"@type":"SearchAction","target":{"@type":"EntryPoint","urlTemplate":"https:\/\/akunq.net\/turkish\/?s={search_term_string}"},"query-input":{"@type":"PropertyValueSpecification","valueRequired":true,"valueName":"search_term_string"}}],"inLanguage":"en-US"},{"@type":"Person","@id":"https:\/\/akunq.net\/turkish\/#\/schema\/person\/135e7923d1aeb8887890799619969a6c","name":"kalem","image":{"@type":"ImageObject","inLanguage":"en-US","@id":"https:\/\/secure.gravatar.com\/avatar\/a06875e4b25feb5674296adf8e8a7ae1e587cebce2493fe63c456109967e27d3?s=96&d=mm&r=g","url":"https:\/\/secure.gravatar.com\/avatar\/a06875e4b25feb5674296adf8e8a7ae1e587cebce2493fe63c456109967e27d3?s=96&d=mm&r=g","contentUrl":"https:\/\/secure.gravatar.com\/avatar\/a06875e4b25feb5674296adf8e8a7ae1e587cebce2493fe63c456109967e27d3?s=96&d=mm&r=g","caption":"kalem"},"url":"https:\/\/akunq.net\/turkish\/author\/kalem\/"}]}},"_links":{"self":[{"href":"https:\/\/akunq.net\/turkish\/wp-json\/wp\/v2\/posts\/26965","targetHints":{"allow":["GET"]}}],"collection":[{"href":"https:\/\/akunq.net\/turkish\/wp-json\/wp\/v2\/posts"}],"about":[{"href":"https:\/\/akunq.net\/turkish\/wp-json\/wp\/v2\/types\/post"}],"author":[{"embeddable":true,"href":"https:\/\/akunq.net\/turkish\/wp-json\/wp\/v2\/users\/3"}],"replies":[{"embeddable":true,"href":"https:\/\/akunq.net\/turkish\/wp-json\/wp\/v2\/comments?post=26965"}],"version-history":[{"count":0,"href":"https:\/\/akunq.net\/turkish\/wp-json\/wp\/v2\/posts\/26965\/revisions"}],"wp:attachment":[{"href":"https:\/\/akunq.net\/turkish\/wp-json\/wp\/v2\/media?parent=26965"}],"wp:term":[{"taxonomy":"category","embeddable":true,"href":"https:\/\/akunq.net\/turkish\/wp-json\/wp\/v2\/categories?post=26965"},{"taxonomy":"post_tag","embeddable":true,"href":"https:\/\/akunq.net\/turkish\/wp-json\/wp\/v2\/tags?post=26965"}],"curies":[{"name":"wp","href":"https:\/\/api.w.org\/{rel}","templated":true}]}}