{"id":26933,"date":"2013-11-19T02:35:12","date_gmt":"2013-11-19T07:35:12","guid":{"rendered":"http:\/\/akunq.net\/tr\/?p=26933"},"modified":"2013-11-19T02:35:12","modified_gmt":"2013-11-19T07:35:12","slug":"alevi-dedeleri-devletin-maasli-memurlari-haline-gelmemeli","status":"publish","type":"post","link":"https:\/\/akunq.net\/turkish\/2013\/11\/19\/alevi-dedeleri-devletin-maasli-memurlari-haline-gelmemeli\/","title":{"rendered":"\u2018Alevi dedeleri devletin maa\u015fl\u0131 memurlar\u0131 haline gelmemeli\u2019"},"content":{"rendered":"<p style=\"text-align: justify\"><b><a href=\"http:\/\/akunq.net\/tr\/wp-content\/uploads\/2013\/11\/Mansur-Yal\u00e7\u0131n.jpg\"><img loading=\"lazy\" decoding=\"async\" class=\"alignright size-medium wp-image-26934\" alt=\"Mansur Yal\u00e7\u0131n\" src=\"http:\/\/akunq.net\/tr\/wp-content\/uploads\/2013\/11\/Mansur-Yal\u00e7\u0131n-300x218.jpg\" width=\"300\" height=\"218\" \/><\/a>FERDA BALANCAR<\/b><\/p>\n<p style=\"text-align: justify\"><b><i>Mansur Yal\u00e7\u0131n, aslen Dersimli olup, \u0130stanbul\u2019da do\u011fup b\u00fcy\u00fcm\u00fc\u015f bir Alevi dedesi. 20 y\u0131ld\u0131r \u0130stanbul\u2019un en tan\u0131nm\u0131\u015f cemevlerinden biri olan Merdivenk\u00f6y\u2019deki \u015eahkulu Sultan Vakf\u0131\u2019na devam eden Yal\u00e7\u0131n, bundan sekiz y\u0131l \u00f6nce burada a\u00e7\u0131lan Alevilik temel e\u011fitimi okulunda g\u00f6rev yapt\u0131. Yal\u00e7\u0131n ile Alevilerin sorunlar\u0131 hakk\u0131nda ya\u015fanan g\u00fcncel geli\u015fmeleri konu\u015ftuk. <\/i><\/b><\/p>\n<p style=\"text-align: justify\">Mansur Yal\u00e7\u0131n, aslen Dersimli olup, \u0130stanbul\u2019da do\u011fup b\u00fcy\u00fcm\u00fc\u015f bir Alevi dedesi. 20 y\u0131ld\u0131r \u0130stanbul\u2019un en tan\u0131nm\u0131\u015f cemevlerinden biri olan Merdivenk\u00f6y\u2019deki \u015eahkulu Sultan Vakf\u0131\u2019na devam eden Yal\u00e7\u0131n, bundan sekiz y\u0131l \u00f6nce burada a\u00e7\u0131lan Alevilik temel e\u011fitimi okulunda g\u00f6rev yapt\u0131. Yal\u00e7\u0131n, bir s\u00fcre de \u0130zzeddin Do\u011fan\u2019\u0131n ba\u015f\u0131nda bulundu\u011fu Cem Vakf\u0131\u2019n\u0131n b\u00fcnyesindeki Alevi \u0130slam Din Hizmetleri Ba\u015fkanl\u0131\u011f\u0131\u2019n\u0131n merkez y\u00fcr\u00fctme kurulu ba\u015fkanl\u0131\u011f\u0131n\u0131 yapt\u0131. Kendi deyimiyle, \u201ckurumsalla\u015fma sorunlar\u0131\u201d nedeniyle Cem Vakf\u0131 b\u00fcnyesindeki yap\u0131 erozyona u\u011fray\u0131nca bu g\u00f6revden \u00e7ekildi. Mansur Yal\u00e7\u0131n ile Alevilerin sorunlar\u0131 hakk\u0131nda ya\u015fanan g\u00fcncel geli\u015fmeleri konu\u015ftuk.<\/p>\n<ul style=\"text-align: justify\">\n<li><b>Alevi toplumunun h\u00fck\u00fcmetten beklentileri ile ilgili olarak farkl\u0131 \u00f6neriler, farkl\u0131 talepler \u00f6ne s\u00fcr\u00fcl\u00fcyor. H\u00fck\u00fcmetin Alevi dedelerine maa\u015f ba\u011flayaca\u011f\u0131 bizzat h\u00fck\u00fcmete yak\u0131n medyada dile getiriliyor. Bir Alevi dedesi olarak sizin h\u00fck\u00fcmetten ne t\u00fcr beklentileriniz var?<\/b><\/li>\n<\/ul>\n<p style=\"text-align: justify\">\u00d6ncelikle Alevi gelene\u011finin korunarak bug\u00fcne ta\u015f\u0131nmas\u0131ndan yanay\u0131m. Dedelik bir hizmettir ve bu hizmet, sek\u00fcler bir memuriyete d\u00f6n\u00fc\u015f\u00fcrse, dedelik kimli\u011fi kaybolur. Alevi gelene\u011finde dedeler, \u2018el ele el hakka\u2019 denilen hizmeti verirken, hi\u00e7bir kar\u015f\u0131l\u0131k beklemezler. Sadece kul hakk\u0131 olarak bir talibin dedeye, g\u00f6nl\u00fcnden koptu\u011fu kadar verdi\u011fi bir mebla\u011f vard\u0131r. Dede talipten ald\u0131\u011f\u0131 bu bedeli kendi zimmetine ge\u00e7irmez, ihtiyac\u0131 olana verir. Bir ba\u015fka deyi\u015fle, dede zenginden al\u0131p fakire verir. Ben bu gelene\u011fin devam ettirilmesinden yanay\u0131m. Gelenekle modernite aras\u0131nda elbette g\u00fcn\u00fcm\u00fczde bir \u00e7at\u0131\u015fma var. Dedeler g\u00fcn\u00fcm\u00fcz ko\u015fullar\u0131na uyum sa\u011flamal\u0131lar ama bu hizmetin kar\u015f\u0131l\u0131ks\u0131z olmaya devam etmesinden yanay\u0131m. Dedeler devletin maa\u015fl\u0131 memurlar\u0131 haline gelmemeli.<\/p>\n<ul style=\"text-align: justify\">\n<li><b>H\u00fck\u00fcmetin d\u00fczenledi\u011fi Alevi \u00e7al\u0131\u015ftaylar\u0131na kat\u0131ld\u0131n\u0131z m\u0131?<\/b><\/li>\n<\/ul>\n<p style=\"text-align: justify\">Evet. Bu \u00e7al\u0131\u015ftaylar, bence devletin Alevili\u011fe yeni bir bi\u00e7im verme \u00e7abas\u0131d\u0131r. \u00c7al\u0131\u015ftaylarda devlet yetkilileri dedeleri bir t\u00fcr ilahiyat e\u011fitiminden ge\u00e7irip, karne ya da sertifika benzeri bir belge verme e\u011filiminde olduklar\u0131n\u0131 g\u00f6sterdiler. Ben de buna kar\u015f\u0131 \u00e7\u0131kt\u0131m. Dedelik edinilen bir haldir. Bu hal, dedenin do\u011fup b\u00fcy\u00fcd\u00fc\u011f\u00fc evden ba\u015flar. Bir dede, bir dede aday\u0131n\u0131 yeti\u015ftirir. Bu gelene\u011fin devam\u0131ndan yanay\u0131m. Devlet Alevilere hak tan\u0131yacaksa Alevili\u011fin omurgas\u0131n\u0131 ta\u015f\u0131yacak olan Alevi dedeleriyle samimi bir \u015fekilde g\u00f6r\u00fc\u015fmeli ve onlar\u0131n beklentilerine kulak vermeli.<\/p>\n<ul style=\"text-align: justify\">\n<li><b>\u00c7al\u0131\u015ftaylarda b\u00f6yle olmad\u0131 m\u0131?<\/b><\/li>\n<\/ul>\n<p style=\"text-align: justify\">\u00c7al\u0131\u015ftaylarda Alevi toplumunun dinamik yap\u0131s\u0131n\u0131n fark\u0131nda olan dedeler \u00e7ok azd\u0131. G\u00fcn\u00fcm\u00fczde ya\u015fanan h\u0131zl\u0131 toplumsal de\u011fi\u015fimin dinamiklerine h\u00e2kim, yetkin dedelerin o \u00e7al\u0131\u015ftaylara kat\u0131labilmesini<\/p>\n<p style=\"text-align: justify\">isterdim ama b\u00f6yle olmad\u0131. Yan\u0131l\u0131\u015f hat\u0131rlam\u0131yorsam, \u00e7al\u0131\u015ftaylara y\u00fcz civar\u0131nda dede kat\u0131ld\u0131. Bunlar\u0131n sadece d\u00f6rt veya be\u015fi devletin tutumunun ne oldu\u011funun fark\u0131ndayd\u0131. Di\u011ferleri ise yeterli donan\u0131ma ve birikime sahip de\u011fildi. Sonu\u00e7 olarak \u00e7al\u0131\u015ftaylarda dedeler ortak bir tav\u0131r ortaya koyamad\u0131lar. B\u00f6yle olunca da devlet yetkilileri kendi g\u00f6r\u00fc\u015flerini dayatt\u0131lar. Ortaya \u00e7\u0131kan sonu\u00e7 da kimseyi tatmin etmedi. \u00c7al\u0131\u015ftaylar daha uzun soluklu olmal\u0131yd\u0131. Ayr\u0131ca kat\u0131l\u0131m da daha geni\u015f tabanl\u0131 olabilmeliydi.<\/p>\n<ul style=\"text-align: justify\">\n<li><b>Diyanet \u0130\u015fleri Ba\u015fkanl\u0131\u011f\u0131\u2019n\u0131n i\u00e7inde dedelik kurumu olu\u015fturulmas\u0131 da h\u00fck\u00fcmetin g\u00fcndeminde. Buna da kar\u015f\u0131 m\u0131s\u0131n\u0131z?<\/b><\/li>\n<\/ul>\n<p style=\"text-align: justify\">Evet. Her gelene\u011fin i\u00e7inde farkl\u0131 dinamikler vard\u0131r. S\u00fcnni gelenek i\u00e7inde Diyanet \u0130\u015fleri\u2019nin bir yeri olabilir. Bu ayr\u0131 bir tart\u0131\u015fma. \u00d6te yandan Alevi gelene\u011fi \u00e7ok farkl\u0131 bir seyir izlemi\u015ftir. S\u00fcnni ve Alevi geleneklerinin birbirini tan\u0131mas\u0131na elbette s\u0131cak bak\u0131yorum ama her gelenek kendi i\u00e7inde \u00f6zerk kalmal\u0131.<\/p>\n<ul style=\"text-align: justify\">\n<li><b>Devletin Alevi kurumlar\u0131na maddi deste\u011fine nas\u0131l bak\u0131yorsunuz?<\/b><\/li>\n<\/ul>\n<p style=\"text-align: justify\">Devlet, kurumlara maddi destek vermeli ama bu deste\u011fi ihtiya\u00e7 duydu\u011fu zaman kurumlar talep etmeli. Devlet de bunu kar\u015f\u0131lamal\u0131. Ama bu maddi destek kar\u015f\u0131l\u0131\u011f\u0131nda devlet, bu kurumlar\u0131 tahakk\u00fcm alt\u0131na almaya kalkmamal\u0131.<\/p>\n<ul style=\"text-align: justify\">\n<li><b>Cemevlerine nas\u0131l bir stat\u00fc verilmeli?<\/b><\/li>\n<\/ul>\n<p style=\"text-align: justify\">Cemevleri bug\u00fcn\u00fcn d\u00fcnyas\u0131nda bir ger\u00e7eklik. Cemevlerinin genel stat\u00fcs\u00fcnde birtak\u0131m ilkeler olmal\u0131. Cemevi bir mabet olarak kabul edilecekse, bu mabedin i\u00e7inde k\u00fclt\u00fcr ve sanat faaliyetleri, m\u00fczik e\u011fitimi hatta birtak\u0131m zanaatlar i\u00e7in kurslar da olabilmeli. Yani cemevleri bir t\u00fcr k\u00fclt\u00fcr merkezi i\u015flevi g\u00f6ren bir yap\u0131 olarak tasarlanmal\u0131. Ancak bu \u015fekilde Alevilerin ihtiya\u00e7lar\u0131na cevap verebilirler.<\/p>\n<ul style=\"text-align: justify\">\n<li><b>Devletin buna ne t\u00fcr bir katk\u0131s\u0131 olabilir?<\/b><\/li>\n<\/ul>\n<p style=\"text-align: justify\">Dedelerin e\u011fitimi i\u00e7in gerekli olan kurumsal yap\u0131lar\u0131n olu\u015fmas\u0131nda devlet yat\u0131r\u0131m deste\u011fi vermeli. 1960\u2019lardan sonra Alevilerin k\u0131rsaldan kente g\u00f6\u00e7\u00fc h\u0131zland\u0131k\u00e7a, Alevi toplumunda da bir t\u00fcr alt\u00fcst olu\u015f ya\u015fand\u0131. Dedeler ge\u00e7im derdine d\u00fc\u015ft\u00fc. Bu da e\u011fitim sorununu beraberinde getirdi. Elbette cemevlerine ibadethane stat\u00fcs\u00fc verilmeli ama o stat\u00fc caminin alternatifi olmamal\u0131. Dedeler de cami imam\u0131n\u0131n alternatifi gibi d\u00fc\u015f\u00fcn\u00fclmemeli. Cemevi bir t\u00fcr akademi gibi olmal\u0131. Derg\u00e2h veya tekke stat\u00fcs\u00fc de cemevleri i\u00e7in uygun olabilir.<\/p>\n<ul style=\"text-align: justify\">\n<li><b>Bir AK Parti milletvekili, Tekke ve Zaviyeler Kanunu\u2019nun de\u011fi\u015ftirilmesi i\u00e7in Meclis\u2019e yasa teklifi sundu. Buna nas\u0131l bak\u0131yorsunuz?<\/b><\/li>\n<\/ul>\n<p style=\"text-align: justify\">Tekke ve zaviyelerin denetimsiz bir bi\u00e7imde kurulmas\u0131n\u0131n T\u00fcrkiye\u2019nin \u00e7a\u011fda\u015fla\u015fma s\u00fcrecine zarar verece\u011fini d\u00fc\u015f\u00fcn\u00fcyorum. Alevilerin taleplerinin kar\u015f\u0131lanmas\u0131 i\u00e7in t\u00fcm tekke ve zaviyelerin denetimsiz bi\u00e7imde a\u00e7\u0131lmas\u0131 do\u011fru de\u011fil.<\/p>\n<ul style=\"text-align: justify\">\n<li><b>Yasa\u011fa ra\u011fmen T\u00fcrkiye\u2019de faaliyet g\u00f6steren pek \u00e7ok tarikat yok mu? Bu yasa, g\u00fcn\u00fcm\u00fcz \u015fartlar\u0131nda ne kadar anlaml\u0131?<\/b><\/li>\n<\/ul>\n<p style=\"text-align: justify\">Bu yasan\u0131n yeniden g\u00f6zden ge\u00e7irilmesi ve yumu\u015fat\u0131lmas\u0131ndan yanay\u0131m. \u00d6te yandan belli bir denetim mekanizmas\u0131n\u0131n da olmas\u0131 gerekir. Bu denetim mekanizmas\u0131 elbette cemevleri ve Alevi Bekta\u015fi derg\u00e2hlar\u0131 i\u00e7in de olmal\u0131. Tarikatlar\u0131n denetimsiz ve ba\u015f\u0131bo\u015f \u015fekilde \u00e7o\u011falmas\u0131, toplumsal bar\u0131\u015f i\u00e7in tehdit olabilecek ak\u0131mlar\u0131n da g\u00fc\u00e7lenmesi sonucunu do\u011furur.<\/p>\n<ul style=\"text-align: justify\">\n<li><b>Bir s\u00fcre \u00f6nce g\u00fcndeme gelen cami-cemevi projesine nas\u0131l bak\u0131yorsunuz?<\/b><\/li>\n<\/ul>\n<p style=\"text-align: justify\">Alevi toplumunda bu projeyi g\u00fcndeme getiren kesimlere kar\u015f\u0131 bir g\u00fcvensizlik var. Bir cemaat liderinin giri\u015fimiyle bu projenin g\u00fcndeme gelmesi Alevi toplumunu \u00fcrk\u00fctt\u00fc. Bu t\u00fcr projeler i\u00e7in hen\u00fcz erken oldu\u011funu d\u00fc\u015f\u00fcn\u00fcyorum. Alevi toplumunun y\u00fczde 60 veya 70\u2019i gelene\u011fe ba\u011fl\u0131d\u0131r. Alevilerde kendini koruma refleksiyle i\u00e7e kapanmac\u0131 bir tutum h\u00e2kim. Hen\u00fcz haklar\u0131 tan\u0131nmam\u0131\u015f bir toplum i\u00e7in cami cemevi projesi gibi at\u0131l\u0131mlar ger\u00e7ek\u00e7i de\u011fil. Aksine ters etki yap\u0131yor. Bu t\u00fcr projeler kar\u015f\u0131s\u0131nda Aleviler asimile edilmek istendiklerini d\u00fc\u015f\u00fcn\u00fcyorlar.<\/p>\n<ul style=\"text-align: justify\">\n<li><b>Aleviler, Osmanl\u0131 d\u00f6neminde oldu\u011fu gibi Cumhuriyet d\u00f6neminde de pek \u00e7ok haks\u0131zl\u0131\u011fa maruz kald\u0131. Buna ra\u011fmen Alevilerde CHP\u2019ye yo\u011fun bir destek var? Bunu nas\u0131l a\u00e7\u0131kl\u0131yorsunuz?<\/b><\/li>\n<\/ul>\n<p style=\"text-align: justify\">Alevilerin CHP\u2019ye ilgisi, Atat\u00fcrk\u2019\u00fcn kurdu\u011fu parti olmas\u0131ndan geliyor. Alevi toplumunun b\u00fcy\u00fck \u00e7o\u011funlu\u011fu i\u00e7in Atat\u00fcrk sadece bir siyasi lider de\u011fil, bir tarihi \u00f6nderdir. Cumhuriyetin kurulu\u015funa kadar Alevili\u011fin \u00fcst\u00fcnde dini taassuptan kaynaklanan \u00e7ok b\u00fcy\u00fck bask\u0131lar vard\u0131. Cumhuriyetin kurulmas\u0131ndan sonra devlet kaynakl\u0131 bask\u0131lar kalkt\u0131 ve Aleviler kendilerini daha \u00f6zg\u00fcr hissettiler. Bu nedenle ku\u015faklar boyunca Aleviler, Atat\u00fcrk efsanesiyle yeti\u015fti. Atat\u00fcrk Aleviler i\u00e7in adeta bir mitoloji kahraman\u0131na d\u00f6n\u00fc\u015ft\u00fc. Bu, cumhuriyet d\u00f6neminde yeti\u015fen Alevi ku\u015faklar\u0131n\u0131n bilin\u00e7alt\u0131na yerle\u015fmi\u015f bir mittir. \u0130\u015fte bu y\u00fczden Aleviler, CHP \u00e7at\u0131s\u0131 alt\u0131nda fikirlerini sabitle\u015ftirdiler.<\/p>\n<ul style=\"text-align: justify\">\n<li><b>Buna ra\u011fmen son d\u00f6nemlerde Alevi kamuoyunda CHP\u2019ye y\u00f6nelik ele\u015ftiriler neden art\u0131yor?<\/b><\/li>\n<\/ul>\n<p style=\"text-align: justify\">Evet, bu son d\u00f6nemlerde Aleviler aras\u0131nda CHP konusu da tart\u0131\u015f\u0131lmaya ba\u015fland\u0131. Art\u0131k g\u00fcn\u00fcm\u00fczde Aleviler bir partinin simgeleri ve s\u00f6ylemleriyle harekete ge\u00e7mek yerine o partinin hem Alevilere hem de genel olarak T\u00fcrkiye toplumuna katk\u0131lar\u0131 nedeniyle tav\u0131rlar\u0131n\u0131 belirlemeli. 15-20 y\u0131ld\u0131r CHP, Alevilerin haklar\u0131yla ilgili pek bir \u015fey yapmad\u0131. CHP, Alevilere d\u00f6n\u00fck bir partiyse Alevilerin haklar\u0131 konusunda art\u0131k daha aktif olmal\u0131. Kemal K\u0131l\u0131\u00e7daro\u011flu, bu konuda hassas; kendisi de bir Alevi. Ama elbette din \u00fcst\u00fcnden siyaset yapmamak konusunda K\u0131l\u0131\u00e7daro\u011flu \u00e7ok hassas ve bunda da bence \u00e7ok hakl\u0131. CHP, Alevilerin haklar\u0131 meselesini sadece Alevilik \u00fcst\u00fcnden d\u00fc\u015f\u00fcnmemeli. T\u00fcrkiye\u2019de ya\u015fayan herkesin insan haklar\u0131n\u0131 savunmal\u0131. E\u011fer bu olursa Aleviler de bundan memnun olur. CHP\u2019nin bug\u00fcn i\u00e7in halka yabanc\u0131 gelen bir s\u00f6ylemi var. AKP taraf\u0131ndan savunulan pek \u00e7ok arg\u00fcman asl\u0131nda CHP taraf\u0131ndan savunulmal\u0131. CHP bu zaaf\u0131n\u0131 ba\u015fmal\u0131.<\/p>\n<p style=\"text-align: justify\"><b>Ermeni kom\u015fular\u0131n\u0131n an\u0131s\u0131na oru\u00e7 tutan Aleviler var \u00a0 \u00a0 \u00a0 \u00a0 \u00a0<\/b><\/p>\n<ul style=\"text-align: justify\">\n<li><b>Alevi gelene\u011finin H\u0131ristiyanl\u0131\u011fa bak\u0131\u015f\u0131 nas\u0131ld\u0131r? Baz\u0131 tarih\u00e7iler, Alevilikle H\u0131ristiyan gelene\u011fi aras\u0131nda pek \u00e7ok ortak nokta oldu\u011funu iddia ediyorlar.<\/b><\/li>\n<\/ul>\n<p style=\"text-align: justify\">Orta Asya g\u00f6\u00e7ebeli\u011fi aras\u0131nda H\u0131ristiyanl\u0131\u011f\u0131n Nasturi kolunun \u00e7ok ciddi bir etkisi oldu\u011funu biliyoruz. Alevilik \u0130mam Ali ile Hazreti \u0130sa\u2019y\u0131 \u00f6zde\u015fle\u015ftirir. K\u00fclt\u00fcrel gelenekler olarak da Alevili\u011fin ve H\u0131ristiyanl\u0131\u011f\u0131n birbirine benzer pek \u00e7ok \u00f6zelli\u011fi vard\u0131r. Mesela H\u0131ristiyanl\u0131ktaki aforoz gelene\u011finin Alevilikteki kar\u015f\u0131l\u0131\u011f\u0131 d\u00fc\u015fk\u00fcn ilan etmektir. E\u011fer bir ki\u015fi toplumun kabul edemeyece\u011fi bir su\u00e7 i\u015flemi\u015fse d\u00fc\u015fk\u00fcn ilan edilip d\u0131\u015flan\u0131r. Hatas\u0131n\u0131 anlay\u0131ncaya kadar da bu d\u0131\u015flanma s\u00fcrer.<\/p>\n<ul style=\"text-align: justify\">\n<li><b>\u0130\u00e7inde bulundu\u011fumuz Muharrem orucu d\u00f6neminde baz\u0131 y\u00f6relerdeki Alevilerin 1915\u2019te \u00f6ld\u00fcr\u00fclen Ermeni kom\u015fular\u0131n\u0131 anmak i\u00e7in de oru\u00e7 tuttuklar\u0131 s\u00f6yleniyor. Bunu duydunuz mu?<\/b><\/li>\n<\/ul>\n<p style=\"text-align: justify\">Bunu \u00e7ocuklu\u011fumdan biliyorum; \u00e7ok duydum. Dersim\u2019de ve Sivas\u2019ta Alevi k\u00f6ylerinde ya\u015fayan pek \u00e7ok Ermeni vard\u0131, h\u00e2l\u00e2 da var. Ayr\u0131ca Elaz\u0131\u011f, Bing\u00f6l, Malatya, Erzurum gibi y\u00f6relerde \u00f6ld\u00fcr\u00fclen Ermeni kom\u015fular\u0131n\u0131 anmak i\u00e7in Muharrem ay\u0131nda oru\u00e7 tutan Aleviler oldu\u011funu biliyorum. \u00c7ocuklu\u011fumda b\u00f6yle insanlararastlam\u0131\u015ft\u0131m, hat\u0131rl\u0131yorum.<\/p>\n<ul style=\"text-align: justify\">\n<li><b>G\u00fcn\u00fcm\u00fczde de s\u00fcr\u00fcyor mu?<\/b><\/li>\n<\/ul>\n<p style=\"text-align: justify\">G\u00fcn\u00fcm\u00fczde var m\u0131 bilmiyorum. O y\u00f6relerde olabilir. Ara\u015ft\u0131rmak laz\u0131m. Buna \u2018garam\u2019 orucu denir. Garam zerre, daha do\u011frusu toz zerreci\u011fi demektir. Ki\u015fi, kibirden ar\u0131nmak, kendisini bir toz zerreci\u011fi gibi hissedebilmek i\u00e7in bu orucu tutar. Bir kom\u015fusunun ya da bir yak\u0131n\u0131n\u0131n ac\u0131s\u0131 i\u00e7in garam orucu tutmak bireysel bir tercihtir. B\u00fct\u00fcn Alevileri kapsayan sabit bir oru\u00e7 de\u011fildir. Ki\u015fi niyet eder ve bu orucu tutar. Bu nedenle g\u00fcn\u00fcm\u00fczde bu orucu kimin hangi niyetle tuttu\u011fu bir ara\u015ft\u0131rma konusu olabilir.<\/p>\n<p style=\"text-align: justify\"><b><i>ferda@agos.com.tr<\/i><\/b><\/p>\n<p style=\"text-align: justify\"><b><i>http:\/\/www.agos.com.tr\/haber.php?seo=alevi-dedeleri-devletin-maasli-memurlari-haline-gelmemeli&amp;haberid=6149<\/i><\/b><\/p>\n","protected":false},"excerpt":{"rendered":"<p>FERDA BALANCAR Mansur Yal\u00e7\u0131n, aslen Dersimli olup, \u0130stanbul\u2019da do\u011fup b\u00fcy\u00fcm\u00fc\u015f bir Alevi dedesi. 20 y\u0131ld\u0131r \u0130stanbul\u2019un en tan\u0131nm\u0131\u015f cemevlerinden biri olan Merdivenk\u00f6y\u2019deki \u015eahkulu Sultan Vakf\u0131\u2019na devam eden Yal\u00e7\u0131n, bundan sekiz y\u0131l \u00f6nce burada a\u00e7\u0131lan Alevilik temel e\u011fitimi okulunda g\u00f6rev yapt\u0131. Yal\u00e7\u0131n ile Alevilerin sorunlar\u0131 hakk\u0131nda ya\u015fanan g\u00fcncel geli\u015fmeleri konu\u015ftuk. Mansur Yal\u00e7\u0131n, aslen Dersimli olup, \u0130stanbul\u2019da [&hellip;]<\/p>\n","protected":false},"author":3,"featured_media":0,"comment_status":"open","ping_status":"open","sticky":false,"template":"","format":"standard","meta":{"footnotes":""},"categories":[14,29,42],"tags":[],"class_list":["post-26933","post","type-post","status-publish","format-standard","hentry","category-haberler","category-mulakatlar","category-turkiyede-azinliklar"],"yoast_head":"<!-- This site is optimized with the Yoast SEO plugin v27.4 - https:\/\/yoast.com\/product\/yoast-seo-wordpress\/ -->\n<title>\u2018Alevi dedeleri devletin maa\u015fl\u0131 memurlar\u0131 haline gelmemeli\u2019 - Bati Ermenistan Ve Bati Ermenileri Sorunlari Ara\u015ftirmalar Merkezi<\/title>\n<meta name=\"robots\" content=\"index, follow, max-snippet:-1, max-image-preview:large, max-video-preview:-1\" \/>\n<link rel=\"canonical\" href=\"https:\/\/akunq.net\/turkish\/2013\/11\/19\/alevi-dedeleri-devletin-maasli-memurlari-haline-gelmemeli\/\" \/>\n<meta property=\"og:locale\" content=\"en_US\" \/>\n<meta property=\"og:type\" content=\"article\" \/>\n<meta property=\"og:title\" content=\"\u2018Alevi dedeleri devletin maa\u015fl\u0131 memurlar\u0131 haline gelmemeli\u2019 - Bati Ermenistan Ve Bati Ermenileri Sorunlari Ara\u015ftirmalar Merkezi\" \/>\n<meta property=\"og:description\" content=\"FERDA BALANCAR Mansur Yal\u00e7\u0131n, aslen Dersimli olup, \u0130stanbul\u2019da do\u011fup b\u00fcy\u00fcm\u00fc\u015f bir Alevi dedesi. 20 y\u0131ld\u0131r \u0130stanbul\u2019un en tan\u0131nm\u0131\u015f cemevlerinden biri olan Merdivenk\u00f6y\u2019deki \u015eahkulu Sultan Vakf\u0131\u2019na devam eden Yal\u00e7\u0131n, bundan sekiz y\u0131l \u00f6nce burada a\u00e7\u0131lan Alevilik temel e\u011fitimi okulunda g\u00f6rev yapt\u0131. Yal\u00e7\u0131n ile Alevilerin sorunlar\u0131 hakk\u0131nda ya\u015fanan g\u00fcncel geli\u015fmeleri konu\u015ftuk. Mansur Yal\u00e7\u0131n, aslen Dersimli olup, \u0130stanbul\u2019da [&hellip;]\" \/>\n<meta property=\"og:url\" content=\"https:\/\/akunq.net\/turkish\/2013\/11\/19\/alevi-dedeleri-devletin-maasli-memurlari-haline-gelmemeli\/\" \/>\n<meta property=\"og:site_name\" content=\"Bati Ermenistan Ve Bati Ermenileri Sorunlari Ara\u015ftirmalar Merkezi\" \/>\n<meta property=\"article:published_time\" content=\"2013-11-19T07:35:12+00:00\" \/>\n<meta name=\"author\" content=\"kalem\" \/>\n<meta name=\"twitter:card\" content=\"summary_large_image\" \/>\n<meta name=\"twitter:label1\" content=\"Written by\" \/>\n\t<meta name=\"twitter:data1\" content=\"kalem\" \/>\n\t<meta name=\"twitter:label2\" content=\"Est. reading time\" \/>\n\t<meta name=\"twitter:data2\" content=\"10 minutes\" \/>\n<script type=\"application\/ld+json\" class=\"yoast-schema-graph\">{\"@context\":\"https:\\\/\\\/schema.org\",\"@graph\":[{\"@type\":\"Article\",\"@id\":\"https:\\\/\\\/akunq.net\\\/turkish\\\/2013\\\/11\\\/19\\\/alevi-dedeleri-devletin-maasli-memurlari-haline-gelmemeli\\\/#article\",\"isPartOf\":{\"@id\":\"https:\\\/\\\/akunq.net\\\/turkish\\\/2013\\\/11\\\/19\\\/alevi-dedeleri-devletin-maasli-memurlari-haline-gelmemeli\\\/\"},\"author\":{\"name\":\"kalem\",\"@id\":\"https:\\\/\\\/akunq.net\\\/turkish\\\/#\\\/schema\\\/person\\\/135e7923d1aeb8887890799619969a6c\"},\"headline\":\"\u2018Alevi dedeleri devletin maa\u015fl\u0131 memurlar\u0131 haline gelmemeli\u2019\",\"datePublished\":\"2013-11-19T07:35:12+00:00\",\"mainEntityOfPage\":{\"@id\":\"https:\\\/\\\/akunq.net\\\/turkish\\\/2013\\\/11\\\/19\\\/alevi-dedeleri-devletin-maasli-memurlari-haline-gelmemeli\\\/\"},\"wordCount\":1949,\"commentCount\":0,\"articleSection\":[\"Haberler\",\"M\u00fclakatlar\",\"T\u00fcrkiye\u2019de Az\u0131nl\u0131klar\"],\"inLanguage\":\"en-US\",\"potentialAction\":[{\"@type\":\"CommentAction\",\"name\":\"Comment\",\"target\":[\"https:\\\/\\\/akunq.net\\\/turkish\\\/2013\\\/11\\\/19\\\/alevi-dedeleri-devletin-maasli-memurlari-haline-gelmemeli\\\/#respond\"]}]},{\"@type\":\"WebPage\",\"@id\":\"https:\\\/\\\/akunq.net\\\/turkish\\\/2013\\\/11\\\/19\\\/alevi-dedeleri-devletin-maasli-memurlari-haline-gelmemeli\\\/\",\"url\":\"https:\\\/\\\/akunq.net\\\/turkish\\\/2013\\\/11\\\/19\\\/alevi-dedeleri-devletin-maasli-memurlari-haline-gelmemeli\\\/\",\"name\":\"\u2018Alevi dedeleri devletin maa\u015fl\u0131 memurlar\u0131 haline gelmemeli\u2019 - Bati Ermenistan Ve Bati Ermenileri Sorunlari Ara\u015ftirmalar Merkezi\",\"isPartOf\":{\"@id\":\"https:\\\/\\\/akunq.net\\\/turkish\\\/#website\"},\"datePublished\":\"2013-11-19T07:35:12+00:00\",\"author\":{\"@id\":\"https:\\\/\\\/akunq.net\\\/turkish\\\/#\\\/schema\\\/person\\\/135e7923d1aeb8887890799619969a6c\"},\"breadcrumb\":{\"@id\":\"https:\\\/\\\/akunq.net\\\/turkish\\\/2013\\\/11\\\/19\\\/alevi-dedeleri-devletin-maasli-memurlari-haline-gelmemeli\\\/#breadcrumb\"},\"inLanguage\":\"en-US\",\"potentialAction\":[{\"@type\":\"ReadAction\",\"target\":[\"https:\\\/\\\/akunq.net\\\/turkish\\\/2013\\\/11\\\/19\\\/alevi-dedeleri-devletin-maasli-memurlari-haline-gelmemeli\\\/\"]}]},{\"@type\":\"BreadcrumbList\",\"@id\":\"https:\\\/\\\/akunq.net\\\/turkish\\\/2013\\\/11\\\/19\\\/alevi-dedeleri-devletin-maasli-memurlari-haline-gelmemeli\\\/#breadcrumb\",\"itemListElement\":[{\"@type\":\"ListItem\",\"position\":1,\"name\":\"Home\",\"item\":\"https:\\\/\\\/akunq.net\\\/turkish\\\/\"},{\"@type\":\"ListItem\",\"position\":2,\"name\":\"\u2018Alevi dedeleri devletin maa\u015fl\u0131 memurlar\u0131 haline gelmemeli\u2019\"}]},{\"@type\":\"WebSite\",\"@id\":\"https:\\\/\\\/akunq.net\\\/turkish\\\/#website\",\"url\":\"https:\\\/\\\/akunq.net\\\/turkish\\\/\",\"name\":\"Bati Ermenistan Ve Bati Ermenileri Sorunlari Ara\u015ftirmalar Merkezi\",\"description\":\"\",\"potentialAction\":[{\"@type\":\"SearchAction\",\"target\":{\"@type\":\"EntryPoint\",\"urlTemplate\":\"https:\\\/\\\/akunq.net\\\/turkish\\\/?s={search_term_string}\"},\"query-input\":{\"@type\":\"PropertyValueSpecification\",\"valueRequired\":true,\"valueName\":\"search_term_string\"}}],\"inLanguage\":\"en-US\"},{\"@type\":\"Person\",\"@id\":\"https:\\\/\\\/akunq.net\\\/turkish\\\/#\\\/schema\\\/person\\\/135e7923d1aeb8887890799619969a6c\",\"name\":\"kalem\",\"image\":{\"@type\":\"ImageObject\",\"inLanguage\":\"en-US\",\"@id\":\"https:\\\/\\\/secure.gravatar.com\\\/avatar\\\/a06875e4b25feb5674296adf8e8a7ae1e587cebce2493fe63c456109967e27d3?s=96&d=mm&r=g\",\"url\":\"https:\\\/\\\/secure.gravatar.com\\\/avatar\\\/a06875e4b25feb5674296adf8e8a7ae1e587cebce2493fe63c456109967e27d3?s=96&d=mm&r=g\",\"contentUrl\":\"https:\\\/\\\/secure.gravatar.com\\\/avatar\\\/a06875e4b25feb5674296adf8e8a7ae1e587cebce2493fe63c456109967e27d3?s=96&d=mm&r=g\",\"caption\":\"kalem\"},\"url\":\"https:\\\/\\\/akunq.net\\\/turkish\\\/author\\\/kalem\\\/\"}]}<\/script>\n<!-- \/ Yoast SEO plugin. -->","yoast_head_json":{"title":"\u2018Alevi dedeleri devletin maa\u015fl\u0131 memurlar\u0131 haline gelmemeli\u2019 - Bati Ermenistan Ve Bati Ermenileri Sorunlari Ara\u015ftirmalar Merkezi","robots":{"index":"index","follow":"follow","max-snippet":"max-snippet:-1","max-image-preview":"max-image-preview:large","max-video-preview":"max-video-preview:-1"},"canonical":"https:\/\/akunq.net\/turkish\/2013\/11\/19\/alevi-dedeleri-devletin-maasli-memurlari-haline-gelmemeli\/","og_locale":"en_US","og_type":"article","og_title":"\u2018Alevi dedeleri devletin maa\u015fl\u0131 memurlar\u0131 haline gelmemeli\u2019 - Bati Ermenistan Ve Bati Ermenileri Sorunlari Ara\u015ftirmalar Merkezi","og_description":"FERDA BALANCAR Mansur Yal\u00e7\u0131n, aslen Dersimli olup, \u0130stanbul\u2019da do\u011fup b\u00fcy\u00fcm\u00fc\u015f bir Alevi dedesi. 20 y\u0131ld\u0131r \u0130stanbul\u2019un en tan\u0131nm\u0131\u015f cemevlerinden biri olan Merdivenk\u00f6y\u2019deki \u015eahkulu Sultan Vakf\u0131\u2019na devam eden Yal\u00e7\u0131n, bundan sekiz y\u0131l \u00f6nce burada a\u00e7\u0131lan Alevilik temel e\u011fitimi okulunda g\u00f6rev yapt\u0131. Yal\u00e7\u0131n ile Alevilerin sorunlar\u0131 hakk\u0131nda ya\u015fanan g\u00fcncel geli\u015fmeleri konu\u015ftuk. Mansur Yal\u00e7\u0131n, aslen Dersimli olup, \u0130stanbul\u2019da [&hellip;]","og_url":"https:\/\/akunq.net\/turkish\/2013\/11\/19\/alevi-dedeleri-devletin-maasli-memurlari-haline-gelmemeli\/","og_site_name":"Bati Ermenistan Ve Bati Ermenileri Sorunlari Ara\u015ftirmalar Merkezi","article_published_time":"2013-11-19T07:35:12+00:00","author":"kalem","twitter_card":"summary_large_image","twitter_misc":{"Written by":"kalem","Est. reading time":"10 minutes"},"schema":{"@context":"https:\/\/schema.org","@graph":[{"@type":"Article","@id":"https:\/\/akunq.net\/turkish\/2013\/11\/19\/alevi-dedeleri-devletin-maasli-memurlari-haline-gelmemeli\/#article","isPartOf":{"@id":"https:\/\/akunq.net\/turkish\/2013\/11\/19\/alevi-dedeleri-devletin-maasli-memurlari-haline-gelmemeli\/"},"author":{"name":"kalem","@id":"https:\/\/akunq.net\/turkish\/#\/schema\/person\/135e7923d1aeb8887890799619969a6c"},"headline":"\u2018Alevi dedeleri devletin maa\u015fl\u0131 memurlar\u0131 haline gelmemeli\u2019","datePublished":"2013-11-19T07:35:12+00:00","mainEntityOfPage":{"@id":"https:\/\/akunq.net\/turkish\/2013\/11\/19\/alevi-dedeleri-devletin-maasli-memurlari-haline-gelmemeli\/"},"wordCount":1949,"commentCount":0,"articleSection":["Haberler","M\u00fclakatlar","T\u00fcrkiye\u2019de Az\u0131nl\u0131klar"],"inLanguage":"en-US","potentialAction":[{"@type":"CommentAction","name":"Comment","target":["https:\/\/akunq.net\/turkish\/2013\/11\/19\/alevi-dedeleri-devletin-maasli-memurlari-haline-gelmemeli\/#respond"]}]},{"@type":"WebPage","@id":"https:\/\/akunq.net\/turkish\/2013\/11\/19\/alevi-dedeleri-devletin-maasli-memurlari-haline-gelmemeli\/","url":"https:\/\/akunq.net\/turkish\/2013\/11\/19\/alevi-dedeleri-devletin-maasli-memurlari-haline-gelmemeli\/","name":"\u2018Alevi dedeleri devletin maa\u015fl\u0131 memurlar\u0131 haline gelmemeli\u2019 - Bati Ermenistan Ve Bati Ermenileri Sorunlari Ara\u015ftirmalar Merkezi","isPartOf":{"@id":"https:\/\/akunq.net\/turkish\/#website"},"datePublished":"2013-11-19T07:35:12+00:00","author":{"@id":"https:\/\/akunq.net\/turkish\/#\/schema\/person\/135e7923d1aeb8887890799619969a6c"},"breadcrumb":{"@id":"https:\/\/akunq.net\/turkish\/2013\/11\/19\/alevi-dedeleri-devletin-maasli-memurlari-haline-gelmemeli\/#breadcrumb"},"inLanguage":"en-US","potentialAction":[{"@type":"ReadAction","target":["https:\/\/akunq.net\/turkish\/2013\/11\/19\/alevi-dedeleri-devletin-maasli-memurlari-haline-gelmemeli\/"]}]},{"@type":"BreadcrumbList","@id":"https:\/\/akunq.net\/turkish\/2013\/11\/19\/alevi-dedeleri-devletin-maasli-memurlari-haline-gelmemeli\/#breadcrumb","itemListElement":[{"@type":"ListItem","position":1,"name":"Home","item":"https:\/\/akunq.net\/turkish\/"},{"@type":"ListItem","position":2,"name":"\u2018Alevi dedeleri devletin maa\u015fl\u0131 memurlar\u0131 haline gelmemeli\u2019"}]},{"@type":"WebSite","@id":"https:\/\/akunq.net\/turkish\/#website","url":"https:\/\/akunq.net\/turkish\/","name":"Bati Ermenistan Ve Bati Ermenileri Sorunlari Ara\u015ftirmalar Merkezi","description":"","potentialAction":[{"@type":"SearchAction","target":{"@type":"EntryPoint","urlTemplate":"https:\/\/akunq.net\/turkish\/?s={search_term_string}"},"query-input":{"@type":"PropertyValueSpecification","valueRequired":true,"valueName":"search_term_string"}}],"inLanguage":"en-US"},{"@type":"Person","@id":"https:\/\/akunq.net\/turkish\/#\/schema\/person\/135e7923d1aeb8887890799619969a6c","name":"kalem","image":{"@type":"ImageObject","inLanguage":"en-US","@id":"https:\/\/secure.gravatar.com\/avatar\/a06875e4b25feb5674296adf8e8a7ae1e587cebce2493fe63c456109967e27d3?s=96&d=mm&r=g","url":"https:\/\/secure.gravatar.com\/avatar\/a06875e4b25feb5674296adf8e8a7ae1e587cebce2493fe63c456109967e27d3?s=96&d=mm&r=g","contentUrl":"https:\/\/secure.gravatar.com\/avatar\/a06875e4b25feb5674296adf8e8a7ae1e587cebce2493fe63c456109967e27d3?s=96&d=mm&r=g","caption":"kalem"},"url":"https:\/\/akunq.net\/turkish\/author\/kalem\/"}]}},"_links":{"self":[{"href":"https:\/\/akunq.net\/turkish\/wp-json\/wp\/v2\/posts\/26933","targetHints":{"allow":["GET"]}}],"collection":[{"href":"https:\/\/akunq.net\/turkish\/wp-json\/wp\/v2\/posts"}],"about":[{"href":"https:\/\/akunq.net\/turkish\/wp-json\/wp\/v2\/types\/post"}],"author":[{"embeddable":true,"href":"https:\/\/akunq.net\/turkish\/wp-json\/wp\/v2\/users\/3"}],"replies":[{"embeddable":true,"href":"https:\/\/akunq.net\/turkish\/wp-json\/wp\/v2\/comments?post=26933"}],"version-history":[{"count":0,"href":"https:\/\/akunq.net\/turkish\/wp-json\/wp\/v2\/posts\/26933\/revisions"}],"wp:attachment":[{"href":"https:\/\/akunq.net\/turkish\/wp-json\/wp\/v2\/media?parent=26933"}],"wp:term":[{"taxonomy":"category","embeddable":true,"href":"https:\/\/akunq.net\/turkish\/wp-json\/wp\/v2\/categories?post=26933"},{"taxonomy":"post_tag","embeddable":true,"href":"https:\/\/akunq.net\/turkish\/wp-json\/wp\/v2\/tags?post=26933"}],"curies":[{"name":"wp","href":"https:\/\/api.w.org\/{rel}","templated":true}]}}